{"id":88740,"date":"2025-05-16T21:41:15","date_gmt":"2025-05-16T18:41:15","guid":{"rendered":"https:\/\/denizcankizil.tr\/uncategorized-tr\/kaleici-yangina-dayanakli-hale-getirilecek-vali-sahin-alternatif-cozumleri-acikladi\/"},"modified":"2025-05-16T21:41:15","modified_gmt":"2025-05-16T18:41:15","slug":"kaleici-yangina-dayanakli-hale-getirilecek-vali-sahin-alternatif-cozumleri-acikladi","status":"publish","type":"post","link":"https:\/\/denizcankizil.tr\/de\/haberler\/gundem\/kaleici-yangina-dayanakli-hale-getirilecek-vali-sahin-alternatif-cozumleri-acikladi\/","title":{"rendered":"Kalei\u00e7i yang\u0131na dayanakl\u0131 hale getirilecek! Vali \u015eahin alternatif \u00e7\u00f6z\u00fcmleri a\u00e7\u0131klad\u0131"},"content":{"rendered":"<p>Kalei\u00e7i Yang\u0131n Denetimleri De\u011ferlendirme toplant\u0131s\u0131, Antalya Valisi Hulusi \u015eahin ba\u015fkanl\u0131\u011f\u0131nda ger\u00e7ekle\u015ftirildi. Toplant\u0131da, Antalya&#8217;n\u0131n tarihi ve turistik de\u011feri y\u00fcksek b\u00f6lgelerinden biri olan Kalei\u00e7i b\u00f6lgesi ve Antalya genelinde bulunan tescilli binalarda hizmet veren turizm i\u015fletmelerinin yang\u0131n g\u00fcvenli\u011fi a\u00e7\u0131s\u0131ndan ta\u015f\u0131d\u0131\u011f\u0131 riskler ve bu risklere kar\u015f\u0131 al\u0131nacak \u00f6nlemler ile i\u015fletmelerin yang\u0131n y\u00f6netmeli\u011fine uygun hale getirilmesi ve ruhsatland\u0131rma s\u00fcre\u00e7leri ele al\u0131nd\u0131.<\/p>\n<p>KALE\u0130\u00c7\u0130 \u0130\u00c7\u0130N \u00d6NEML\u0130 TOPLANTI <\/p>\n<p>Muratpa\u015fa il\u00e7esinde ger\u00e7ekle\u015ftirilen toplant\u0131ya Vali Hulusi \u015eahin, Vali Yard\u0131mc\u0131 Tahsin Aksu, Muratpa\u015fa Kaymakam\u0131 \u0130hsan Kara, Muratpa\u015fa Belediye Ba\u015fkan\u0131 \u00dcmit Uysal, Antalya B\u00fcy\u00fck\u015fehir Belediyesi Genel Sekreter Yard\u0131mc\u0131lar\u0131 Serkan Timu\u00e7in ve Cemil B\u00f6cek, \u0130l K\u00fclt\u00fcr ve Turizm M\u00fcd\u00fcr\u00fc Candemir Zoro\u011flu, \u00c7evre, \u015eehircilik ve \u0130klim De\u011fi\u015fikli\u011fi M\u00fcd\u00fcr Vekili Ceyhan \u00d6\u011fren Eci\u015f, TSE Antalya B\u00f6lge Koordinat\u00f6r\u00fc Hasan Demirta\u015f, K\u00fclt\u00fcr Varl\u0131klar\u0131n\u0131 Koruma B\u00f6lge Kurulu M\u00fcd\u00fcr\u00fc Melike G\u00fcl, ATSO Ba\u015fkan\u0131 Yusuf Hac\u0131s\u00fcleyman, kamu kurum ve kurulu\u015f yetkilileri ile STK temsilcileri kat\u0131ld\u0131.<\/p>\n<p>\u201cYALNIZCA BOYA YETERL\u0130 OLMAYACAK\u201d<\/p>\n<p>Bas\u0131n mensuplar\u0131na yapt\u0131\u011f\u0131 a\u00e7\u0131klamada Antalya genelindeki tescilli binalarda faaliyet g\u00f6steren turizm i\u015fletmelerinin Yang\u0131n Y\u00f6netmeli\u011fi&#8217;ne uygun hale getirilmesi amac\u0131yla kapsaml\u0131 \u00e7al\u0131\u015fmalar\u0131n yap\u0131ld\u0131\u011f\u0131n\u0131 ifade eden Vali \u015eahin, &#8220;Yap\u0131lan de\u011ferlendirmelerde, T\u00fcrk Standartlar\u0131 Enstit\u00fcs\u00fc (TSE) B\u00f6lge M\u00fcd\u00fcrl\u00fc\u011f\u00fcm\u00fcz, yaln\u0131zca boya uygulamas\u0131yla yang\u0131n dayan\u0131kl\u0131l\u0131k belgesi al\u0131namayaca\u011f\u0131n\u0131 belirtti. Bu nedenle alternatif \u00e7\u00f6z\u00fcm \u00f6nerileri \u00fczerinde duruldu ve K\u00fclt\u00fcr Varl\u0131klar\u0131n\u0131 Koruma B\u00f6lge Kurulu&#8217;nun de\u011ferlendirmesine esas olacak se\u00e7enekler g\u00f6r\u00fc\u015f\u00fcld\u00fc&#8221; dedi.<\/p>\n<p>ALTERNAT\u0130F \u00c7\u00d6Z\u00dcMLER \u00dcRET\u0130LECEK <\/p>\n<p>Konu\u015fmas\u0131n\u0131n devam\u0131nda alternatif \u00e7\u00f6z\u00fcm y\u00f6ntemlerine de\u011finen Vali \u015eahin, \u00f6zellikle yang\u0131na dayan\u0131kl\u0131l\u0131k sertifikas\u0131na sahip ah\u015fap kap\u0131 ve ah\u015fap uygulamalar\u0131n mevcut oldu\u011fu, bu malzemelerin merdivenlerde, d\u00f6\u015femelerde ve di\u011fer yap\u0131larda kullan\u0131labilece\u011fini ifade etti. \u0130\u00e7 k\u0131s\u0131mlar\u0131n\u0131n beton ya da metal olabilece\u011fi, ancak kaplamalar\u0131n\u0131n s\u00f6z konusu sertifikal\u0131 ah\u015fapla yap\u0131labilece\u011fini belirten Vali \u015eahin, &#8220;Ancak bu uygulamalar\u0131n genelle\u015ftirilmi\u015f bir y\u00f6ntemle de\u011fil; her bir i\u015fletme i\u00e7in \u00f6zel olarak haz\u0131rlanacak mimari proje dosyalar\u0131 \u015feklinde kurula sunulmas\u0131 gerekmektedir. Bu kapsamda, dernek ba\u015fkanlar\u0131m\u0131z, ilgili turizm i\u015fletmeleriyle h\u0131zl\u0131ca ileti\u015fime ge\u00e7erek gerekli dosyalar\u0131n haz\u0131rlanmas\u0131n\u0131 sa\u011flayacaklar. Haz\u0131rlanan projeler kurula sunulacak, kurul da yo\u011fun bir mesai harcayarak bu projeleri de\u011ferlendirecek ve karara ba\u011flayacak&#8221; ifadelerine yer verdi.<\/p>\n<p>KALE\u0130\u00c7\u0130 YANGINA DAYANIKLI HALE GELECEK <\/p>\n<p>Kalei\u00e7i b\u00f6lgesi ve Antalya genelinde hizmet veren turizm i\u015fletmelerinin, tarihi dokuya uygun, ayn\u0131 zamanda yang\u0131na dayan\u0131kl\u0131 bir yap\u0131ya kavu\u015fmas\u0131n\u0131n hedeflendi\u011fini belirten Vali \u015eahin, &#8220;S\u00fcrecin t\u00fcm a\u015famalar\u0131; Antalya B\u00fcy\u00fck\u015fehir Belediyesi ve Muratpa\u015fa Belediyesi&#8217;nin ilgili birimleri ve \u0130tfaiye Daire Ba\u015fkanl\u0131\u011f\u0131, \u00c7evre, \u015eehircilik ve \u0130klim De\u011fi\u015fikli\u011fi Bakanl\u0131\u011f\u0131 ile K\u00fclt\u00fcr ve Turizm Bakanl\u0131\u011f\u0131&#8217;na ba\u011fl\u0131 birimler taraf\u0131ndan titizlikle takip edilecek. Ayr\u0131ca Ticaret ve Sanayi Odas\u0131 ile Kalei\u00e7i&#8217;nde faaliyet g\u00f6steren sivil toplum kurulu\u015flar\u0131 da bu s\u00fcrece aktif olarak katk\u0131 sa\u011flayacaklar. Bu sayede, Kalei\u00e7i&#8217;nde turizm faaliyetlerinin yang\u0131na dayan\u0131kl\u0131 \u015fartlarda kesintisiz \u015fekilde devam etmesi sa\u011flanacak&#8221; dedi.<\/p>\n<p>\u200bAntalya Valisi Hulusi \u015eahin, kentin turizm i\u00e7in son derece \u00f6nemli olan tarihi Kalei\u00e7i b\u00f6lgesini yang\u0131na dayanakl\u0131 hale getirmek i\u00e7in alternatif \u00e7\u00f6z\u00fcm y\u00f6ntemlerini a\u00e7\u0131klad\u0131. Vali \u015eahin, yang\u0131na dayan\u0131kl\u0131 ah\u015fap malzemelerin, i\u015fletmelerin merdivenlerinde, d\u00f6\u015femelerinde ve di\u011fer yap\u0131lar\u0131nda da kullan\u0131labilece\u011fini ifade etti.\u00a0<\/p>\n<p>\u200bHaberin Al\u0131nt\u0131land\u0131\u011f\u0131 Kaynak: www.antalyakorfez.com<\/p>","protected":false},"excerpt":{"rendered":"<p>Kalei\u00e7i Yang\u0131n Denetimleri De\u011ferlendirme toplant\u0131s\u0131, Antalya Valisi Hulusi \u015eahin ba\u015fkanl\u0131\u011f\u0131nda ger\u00e7ekle\u015ftirildi. Toplant\u0131da, Antalya&#8217;n\u0131n tarihi ve turistik de\u011feri y\u00fcksek b\u00f6lgelerinden biri olan Kalei\u00e7i b\u00f6lgesi ve Antalya genelinde bulunan tescilli binalarda hizmet veren turizm i\u015fletmelerinin yang\u0131n g\u00fcvenli\u011fi a\u00e7\u0131s\u0131ndan ta\u015f\u0131d\u0131\u011f\u0131 riskler ve bu risklere kar\u015f\u0131 al\u0131nacak \u00f6nlemler ile i\u015fletmelerin yang\u0131n y\u00f6netmeli\u011fine uygun hale getirilmesi ve ruhsatland\u0131rma s\u00fcre\u00e7leri ele al\u0131nd\u0131. KALE\u0130\u00c7\u0130 \u0130\u00c7\u0130N \u00d6NEML\u0130 TOPLANTI Muratpa\u015fa il\u00e7esinde ger\u00e7ekle\u015ftirilen toplant\u0131ya Vali Hulusi \u015eahin, Vali Yard\u0131mc\u0131 Tahsin Aksu, Muratpa\u015fa Kaymakam\u0131 \u0130hsan Kara, Muratpa\u015fa Belediye Ba\u015fkan\u0131 \u00dcmit Uysal, Antalya B\u00fcy\u00fck\u015fehir Belediyesi Genel Sekreter Yard\u0131mc\u0131lar\u0131 Serkan Timu\u00e7in ve Cemil B\u00f6cek, \u0130l K\u00fclt\u00fcr ve Turizm M\u00fcd\u00fcr\u00fc Candemir Zoro\u011flu, \u00c7evre, \u015eehircilik ve \u0130klim De\u011fi\u015fikli\u011fi M\u00fcd\u00fcr Vekili Ceyhan \u00d6\u011fren Eci\u015f, TSE Antalya B\u00f6lge Koordinat\u00f6r\u00fc Hasan Demirta\u015f, K\u00fclt\u00fcr Varl\u0131klar\u0131n\u0131 Koruma B\u00f6lge Kurulu M\u00fcd\u00fcr\u00fc Melike G\u00fcl, ATSO Ba\u015fkan\u0131 Yusuf Hac\u0131s\u00fcleyman, kamu kurum ve kurulu\u015f yetkilileri ile STK temsilcileri kat\u0131ld\u0131. \u201cYALNIZCA BOYA YETERL\u0130 OLMAYACAK\u201d Bas\u0131n mensuplar\u0131na yapt\u0131\u011f\u0131 a\u00e7\u0131klamada Antalya genelindeki tescilli binalarda faaliyet g\u00f6steren turizm i\u015fletmelerinin Yang\u0131n Y\u00f6netmeli\u011fi&#8217;ne uygun hale getirilmesi amac\u0131yla kapsaml\u0131 \u00e7al\u0131\u015fmalar\u0131n yap\u0131ld\u0131\u011f\u0131n\u0131 ifade eden Vali \u015eahin, &#8220;Yap\u0131lan de\u011ferlendirmelerde, T\u00fcrk Standartlar\u0131 Enstit\u00fcs\u00fc (TSE) B\u00f6lge M\u00fcd\u00fcrl\u00fc\u011f\u00fcm\u00fcz, yaln\u0131zca boya uygulamas\u0131yla yang\u0131n dayan\u0131kl\u0131l\u0131k belgesi al\u0131namayaca\u011f\u0131n\u0131 belirtti. Bu nedenle alternatif \u00e7\u00f6z\u00fcm \u00f6nerileri \u00fczerinde duruldu ve K\u00fclt\u00fcr Varl\u0131klar\u0131n\u0131 Koruma B\u00f6lge Kurulu&#8217;nun de\u011ferlendirmesine esas olacak se\u00e7enekler g\u00f6r\u00fc\u015f\u00fcld\u00fc&#8221; dedi. ALTERNAT\u0130F &hellip;<\/p>","protected":false},"author":5,"featured_media":0,"comment_status":"","ping_status":"open","sticky":false,"template":"","format":"standard","meta":{"_acf_changed":false,"footnotes":""},"categories":[24],"tags":[],"class_list":["post-88740","post","type-post","status-publish","format-standard","has-post-thumbnail","hentry","category-gundem"],"acf":[],"yoast_head":"<!-- This site is optimized with the Yoast SEO Premium plugin v26.6 (Yoast SEO v27.1.1) - https:\/\/yoast.com\/product\/yoast-seo-premium-wordpress\/ -->\n<title>Kalei\u00e7i yang\u0131na dayanakl\u0131 hale getirilecek! Vali \u015eahin alternatif \u00e7\u00f6z\u00fcmleri a\u00e7\u0131klad\u0131 - Av. Deniz Can K\u0131z\u0131l<\/title>\n<meta name=\"robots\" content=\"index, follow, max-snippet:-1, max-image-preview:large, max-video-preview:-1\" \/>\n<link rel=\"canonical\" href=\"https:\/\/denizcankizil.tr\/de\/haberler\/gundem\/kaleici-yangina-dayanakli-hale-getirilecek-vali-sahin-alternatif-cozumleri-acikladi\/\" \/>\n<meta property=\"og:locale\" content=\"de_DE\" \/>\n<meta property=\"og:type\" content=\"article\" \/>\n<meta property=\"og:title\" content=\"Kalei\u00e7i yang\u0131na dayanakl\u0131 hale getirilecek! Vali \u015eahin alternatif \u00e7\u00f6z\u00fcmleri a\u00e7\u0131klad\u0131\" \/>\n<meta property=\"og:description\" content=\"Kalei\u00e7i Yang\u0131n Denetimleri De\u011ferlendirme toplant\u0131s\u0131, Antalya Valisi Hulusi \u015eahin ba\u015fkanl\u0131\u011f\u0131nda ger\u00e7ekle\u015ftirildi. Toplant\u0131da, Antalya&#8217;n\u0131n tarihi ve turistik de\u011feri y\u00fcksek b\u00f6lgelerinden biri olan Kalei\u00e7i b\u00f6lgesi ve Antalya genelinde bulunan tescilli binalarda hizmet veren turizm i\u015fletmelerinin yang\u0131n g\u00fcvenli\u011fi a\u00e7\u0131s\u0131ndan ta\u015f\u0131d\u0131\u011f\u0131 riskler ve bu risklere kar\u015f\u0131 al\u0131nacak \u00f6nlemler ile i\u015fletmelerin yang\u0131n y\u00f6netmeli\u011fine uygun hale getirilmesi ve ruhsatland\u0131rma s\u00fcre\u00e7leri ele al\u0131nd\u0131. KALE\u0130\u00c7\u0130 \u0130\u00c7\u0130N \u00d6NEML\u0130 TOPLANTI Muratpa\u015fa il\u00e7esinde ger\u00e7ekle\u015ftirilen toplant\u0131ya Vali Hulusi \u015eahin, Vali Yard\u0131mc\u0131 Tahsin Aksu, Muratpa\u015fa Kaymakam\u0131 \u0130hsan Kara, Muratpa\u015fa Belediye Ba\u015fkan\u0131 \u00dcmit Uysal, Antalya B\u00fcy\u00fck\u015fehir Belediyesi Genel Sekreter Yard\u0131mc\u0131lar\u0131 Serkan Timu\u00e7in ve Cemil B\u00f6cek, \u0130l K\u00fclt\u00fcr ve Turizm M\u00fcd\u00fcr\u00fc Candemir Zoro\u011flu, \u00c7evre, \u015eehircilik ve \u0130klim De\u011fi\u015fikli\u011fi M\u00fcd\u00fcr Vekili Ceyhan \u00d6\u011fren Eci\u015f, TSE Antalya B\u00f6lge Koordinat\u00f6r\u00fc Hasan Demirta\u015f, K\u00fclt\u00fcr Varl\u0131klar\u0131n\u0131 Koruma B\u00f6lge Kurulu M\u00fcd\u00fcr\u00fc Melike G\u00fcl, ATSO Ba\u015fkan\u0131 Yusuf Hac\u0131s\u00fcleyman, kamu kurum ve kurulu\u015f yetkilileri ile STK temsilcileri kat\u0131ld\u0131. \u201cYALNIZCA BOYA YETERL\u0130 OLMAYACAK\u201d Bas\u0131n mensuplar\u0131na yapt\u0131\u011f\u0131 a\u00e7\u0131klamada Antalya genelindeki tescilli binalarda faaliyet g\u00f6steren turizm i\u015fletmelerinin Yang\u0131n Y\u00f6netmeli\u011fi&#8217;ne uygun hale getirilmesi amac\u0131yla kapsaml\u0131 \u00e7al\u0131\u015fmalar\u0131n yap\u0131ld\u0131\u011f\u0131n\u0131 ifade eden Vali \u015eahin, &#8220;Yap\u0131lan de\u011ferlendirmelerde, T\u00fcrk Standartlar\u0131 Enstit\u00fcs\u00fc (TSE) B\u00f6lge M\u00fcd\u00fcrl\u00fc\u011f\u00fcm\u00fcz, yaln\u0131zca boya uygulamas\u0131yla yang\u0131n dayan\u0131kl\u0131l\u0131k belgesi al\u0131namayaca\u011f\u0131n\u0131 belirtti. Bu nedenle alternatif \u00e7\u00f6z\u00fcm \u00f6nerileri \u00fczerinde duruldu ve K\u00fclt\u00fcr Varl\u0131klar\u0131n\u0131 Koruma B\u00f6lge Kurulu&#8217;nun de\u011ferlendirmesine esas olacak se\u00e7enekler g\u00f6r\u00fc\u015f\u00fcld\u00fc&#8221; dedi. ALTERNAT\u0130F &hellip;\" \/>\n<meta property=\"og:url\" content=\"https:\/\/denizcankizil.tr\/de\/haberler\/gundem\/kaleici-yangina-dayanakli-hale-getirilecek-vali-sahin-alternatif-cozumleri-acikladi\/\" \/>\n<meta property=\"og:site_name\" content=\"Av. Deniz Can K\u0131z\u0131l\" \/>\n<meta property=\"article:published_time\" content=\"2025-05-16T18:41:15+00:00\" \/>\n<meta name=\"author\" content=\"Antalya K\u00f6rfez\" \/>\n<meta name=\"twitter:card\" content=\"summary_large_image\" \/>\n<meta name=\"twitter:label1\" content=\"Verfasst von\" \/>\n\t<meta name=\"twitter:data1\" content=\"Antalya K\u00f6rfez\" \/>\n\t<meta name=\"twitter:label2\" content=\"Gesch\u00e4tzte Lesezeit\" \/>\n\t<meta name=\"twitter:data2\" content=\"3\u00a0Minuten\" \/>\n<script type=\"application\/ld+json\" class=\"yoast-schema-graph\">{\"@context\":\"https:\/\/schema.org\",\"@graph\":[{\"@type\":\"Article\",\"@id\":\"https:\/\/denizcankizil.tr\/ru\/haberler\/gundem\/kaleici-yangina-dayanakli-hale-getirilecek-vali-sahin-alternatif-cozumleri-acikladi\/#article\",\"isPartOf\":{\"@id\":\"https:\/\/denizcankizil.tr\/ru\/haberler\/gundem\/kaleici-yangina-dayanakli-hale-getirilecek-vali-sahin-alternatif-cozumleri-acikladi\/\"},\"author\":{\"name\":\"Antalya K\u00f6rfez\",\"@id\":\"https:\/\/denizcankizil.tr\/de\/#\/schema\/person\/e1eb71bb4dd684d46563f0af307e1234\"},\"headline\":\"Kalei\u00e7i yang\u0131na dayanakl\u0131 hale getirilecek! Vali \u015eahin alternatif \u00e7\u00f6z\u00fcmleri a\u00e7\u0131klad\u0131\",\"datePublished\":\"2025-05-16T18:41:15+00:00\",\"mainEntityOfPage\":{\"@id\":\"https:\/\/denizcankizil.tr\/ru\/haberler\/gundem\/kaleici-yangina-dayanakli-hale-getirilecek-vali-sahin-alternatif-cozumleri-acikladi\/\"},\"wordCount\":685,\"publisher\":{\"@id\":\"https:\/\/denizcankizil.tr\/de\/#organization\"},\"articleSection\":[\"G\u00fcndem\"],\"inLanguage\":\"de\"},{\"@type\":\"WebPage\",\"@id\":\"https:\/\/denizcankizil.tr\/ru\/haberler\/gundem\/kaleici-yangina-dayanakli-hale-getirilecek-vali-sahin-alternatif-cozumleri-acikladi\/\",\"url\":\"https:\/\/denizcankizil.tr\/ru\/haberler\/gundem\/kaleici-yangina-dayanakli-hale-getirilecek-vali-sahin-alternatif-cozumleri-acikladi\/\",\"name\":\"Kalei\u00e7i yang\u0131na dayanakl\u0131 hale getirilecek! Vali \u015eahin alternatif \u00e7\u00f6z\u00fcmleri a\u00e7\u0131klad\u0131 - Av. Deniz Can K\u0131z\u0131l\",\"isPartOf\":{\"@id\":\"https:\/\/denizcankizil.tr\/de\/#website\"},\"datePublished\":\"2025-05-16T18:41:15+00:00\",\"breadcrumb\":{\"@id\":\"https:\/\/denizcankizil.tr\/ru\/haberler\/gundem\/kaleici-yangina-dayanakli-hale-getirilecek-vali-sahin-alternatif-cozumleri-acikladi\/#breadcrumb\"},\"inLanguage\":\"de\",\"potentialAction\":[{\"@type\":\"ReadAction\",\"target\":[\"https:\/\/denizcankizil.tr\/ru\/haberler\/gundem\/kaleici-yangina-dayanakli-hale-getirilecek-vali-sahin-alternatif-cozumleri-acikladi\/\"]}]},{\"@type\":\"BreadcrumbList\",\"@id\":\"https:\/\/denizcankizil.tr\/ru\/haberler\/gundem\/kaleici-yangina-dayanakli-hale-getirilecek-vali-sahin-alternatif-cozumleri-acikladi\/#breadcrumb\",\"itemListElement\":[{\"@type\":\"ListItem\",\"position\":1,\"name\":\"Home\",\"item\":\"https:\/\/denizcankizil.tr\/de\/\"},{\"@type\":\"ListItem\",\"position\":2,\"name\":\"Kalei\u00e7i yang\u0131na dayanakl\u0131 hale getirilecek! Vali \u015eahin alternatif \u00e7\u00f6z\u00fcmleri a\u00e7\u0131klad\u0131\"}]},{\"@type\":\"WebSite\",\"@id\":\"https:\/\/denizcankizil.tr\/de\/#website\",\"url\":\"https:\/\/denizcankizil.tr\/de\/\",\"name\":\"Av. Deniz Can K\u0131z\u0131l\",\"description\":\"Avukat Deniz Can K\u0131z\u0131l Antalya Barosu\",\"publisher\":{\"@id\":\"https:\/\/denizcankizil.tr\/de\/#organization\"},\"potentialAction\":[{\"@type\":\"SearchAction\",\"target\":{\"@type\":\"EntryPoint\",\"urlTemplate\":\"https:\/\/denizcankizil.tr\/de\/?s={search_term_string}\"},\"query-input\":{\"@type\":\"PropertyValueSpecification\",\"valueRequired\":true,\"valueName\":\"search_term_string\"}}],\"inLanguage\":\"de\"},{\"@type\":\"Organization\",\"@id\":\"https:\/\/denizcankizil.tr\/de\/#organization\",\"name\":\"Av. Deniz Can K\u0131z\u0131l\",\"url\":\"https:\/\/denizcankizil.tr\/de\/\",\"logo\":{\"@type\":\"ImageObject\",\"inLanguage\":\"de\",\"@id\":\"https:\/\/denizcankizil.tr\/de\/#\/schema\/logo\/image\/\",\"url\":\"https:\/\/denizcankizil.tr\/wp-content\/uploads\/2024\/10\/siyah-logo-svg.svg\",\"contentUrl\":\"https:\/\/denizcankizil.tr\/wp-content\/uploads\/2024\/10\/siyah-logo-svg.svg\",\"width\":1080,\"height\":1080,\"caption\":\"Av. Deniz Can K\u0131z\u0131l\"},\"image\":{\"@id\":\"https:\/\/denizcankizil.tr\/de\/#\/schema\/logo\/image\/\"}},{\"@type\":\"Person\",\"@id\":\"https:\/\/denizcankizil.tr\/de\/#\/schema\/person\/e1eb71bb4dd684d46563f0af307e1234\",\"name\":\"Antalya K\u00f6rfez\",\"image\":{\"@type\":\"ImageObject\",\"inLanguage\":\"de\",\"@id\":\"https:\/\/denizcankizil.tr\/de\/#\/schema\/person\/image\/\",\"url\":\"https:\/\/secure.gravatar.com\/avatar\/42b01982558a48a0b501fdcab6a408d3717ea5919095ee2e67b0e521799c5905?s=96&d=mm&r=g\",\"contentUrl\":\"https:\/\/secure.gravatar.com\/avatar\/42b01982558a48a0b501fdcab6a408d3717ea5919095ee2e67b0e521799c5905?s=96&d=mm&r=g\",\"caption\":\"Antalya K\u00f6rfez\"},\"sameAs\":[\"http:\/\/www.antalyakorfez.com\"],\"url\":\"https:\/\/www.antalyakorfez.com\/kaleici-yangina-dayanakli-hale-getirilecek-vali-sahin-alternatif-cozumleri-acikladi\"}]}<\/script>\n<!-- \/ Yoast SEO Premium plugin. -->","yoast_head_json":{"title":"Kalei\u00e7i yang\u0131na dayanakl\u0131 hale getirilecek! Vali \u015eahin alternatif \u00e7\u00f6z\u00fcmleri a\u00e7\u0131klad\u0131 - Av. Deniz Can K\u0131z\u0131l","robots":{"index":"index","follow":"follow","max-snippet":"max-snippet:-1","max-image-preview":"max-image-preview:large","max-video-preview":"max-video-preview:-1"},"canonical":"https:\/\/denizcankizil.tr\/de\/haberler\/gundem\/kaleici-yangina-dayanakli-hale-getirilecek-vali-sahin-alternatif-cozumleri-acikladi\/","og_locale":"de_DE","og_type":"article","og_title":"Kalei\u00e7i yang\u0131na dayanakl\u0131 hale getirilecek! Vali \u015eahin alternatif \u00e7\u00f6z\u00fcmleri a\u00e7\u0131klad\u0131","og_description":"Kalei\u00e7i Yang\u0131n Denetimleri De\u011ferlendirme toplant\u0131s\u0131, Antalya Valisi Hulusi \u015eahin ba\u015fkanl\u0131\u011f\u0131nda ger\u00e7ekle\u015ftirildi. Toplant\u0131da, Antalya&#8217;n\u0131n tarihi ve turistik de\u011feri y\u00fcksek b\u00f6lgelerinden biri olan Kalei\u00e7i b\u00f6lgesi ve Antalya genelinde bulunan tescilli binalarda hizmet veren turizm i\u015fletmelerinin yang\u0131n g\u00fcvenli\u011fi a\u00e7\u0131s\u0131ndan ta\u015f\u0131d\u0131\u011f\u0131 riskler ve bu risklere kar\u015f\u0131 al\u0131nacak \u00f6nlemler ile i\u015fletmelerin yang\u0131n y\u00f6netmeli\u011fine uygun hale getirilmesi ve ruhsatland\u0131rma s\u00fcre\u00e7leri ele al\u0131nd\u0131. KALE\u0130\u00c7\u0130 \u0130\u00c7\u0130N \u00d6NEML\u0130 TOPLANTI Muratpa\u015fa il\u00e7esinde ger\u00e7ekle\u015ftirilen toplant\u0131ya Vali Hulusi \u015eahin, Vali Yard\u0131mc\u0131 Tahsin Aksu, Muratpa\u015fa Kaymakam\u0131 \u0130hsan Kara, Muratpa\u015fa Belediye Ba\u015fkan\u0131 \u00dcmit Uysal, Antalya B\u00fcy\u00fck\u015fehir Belediyesi Genel Sekreter Yard\u0131mc\u0131lar\u0131 Serkan Timu\u00e7in ve Cemil B\u00f6cek, \u0130l K\u00fclt\u00fcr ve Turizm M\u00fcd\u00fcr\u00fc Candemir Zoro\u011flu, \u00c7evre, \u015eehircilik ve \u0130klim De\u011fi\u015fikli\u011fi M\u00fcd\u00fcr Vekili Ceyhan \u00d6\u011fren Eci\u015f, TSE Antalya B\u00f6lge Koordinat\u00f6r\u00fc Hasan Demirta\u015f, K\u00fclt\u00fcr Varl\u0131klar\u0131n\u0131 Koruma B\u00f6lge Kurulu M\u00fcd\u00fcr\u00fc Melike G\u00fcl, ATSO Ba\u015fkan\u0131 Yusuf Hac\u0131s\u00fcleyman, kamu kurum ve kurulu\u015f yetkilileri ile STK temsilcileri kat\u0131ld\u0131. \u201cYALNIZCA BOYA YETERL\u0130 OLMAYACAK\u201d Bas\u0131n mensuplar\u0131na yapt\u0131\u011f\u0131 a\u00e7\u0131klamada Antalya genelindeki tescilli binalarda faaliyet g\u00f6steren turizm i\u015fletmelerinin Yang\u0131n Y\u00f6netmeli\u011fi&#8217;ne uygun hale getirilmesi amac\u0131yla kapsaml\u0131 \u00e7al\u0131\u015fmalar\u0131n yap\u0131ld\u0131\u011f\u0131n\u0131 ifade eden Vali \u015eahin, &#8220;Yap\u0131lan de\u011ferlendirmelerde, T\u00fcrk Standartlar\u0131 Enstit\u00fcs\u00fc (TSE) B\u00f6lge M\u00fcd\u00fcrl\u00fc\u011f\u00fcm\u00fcz, yaln\u0131zca boya uygulamas\u0131yla yang\u0131n dayan\u0131kl\u0131l\u0131k belgesi al\u0131namayaca\u011f\u0131n\u0131 belirtti. Bu nedenle alternatif \u00e7\u00f6z\u00fcm \u00f6nerileri \u00fczerinde duruldu ve K\u00fclt\u00fcr Varl\u0131klar\u0131n\u0131 Koruma B\u00f6lge Kurulu&#8217;nun de\u011ferlendirmesine esas olacak se\u00e7enekler g\u00f6r\u00fc\u015f\u00fcld\u00fc&#8221; dedi. ALTERNAT\u0130F &hellip;","og_url":"https:\/\/denizcankizil.tr\/de\/haberler\/gundem\/kaleici-yangina-dayanakli-hale-getirilecek-vali-sahin-alternatif-cozumleri-acikladi\/","og_site_name":"Av. Deniz Can K\u0131z\u0131l","article_published_time":"2025-05-16T18:41:15+00:00","author":"Antalya K\u00f6rfez","twitter_card":"summary_large_image","twitter_misc":{"Verfasst von":"Antalya K\u00f6rfez","Gesch\u00e4tzte Lesezeit":"3\u00a0Minuten"},"schema":{"@context":"https:\/\/schema.org","@graph":[{"@type":"Article","@id":"https:\/\/denizcankizil.tr\/ru\/haberler\/gundem\/kaleici-yangina-dayanakli-hale-getirilecek-vali-sahin-alternatif-cozumleri-acikladi\/#article","isPartOf":{"@id":"https:\/\/denizcankizil.tr\/ru\/haberler\/gundem\/kaleici-yangina-dayanakli-hale-getirilecek-vali-sahin-alternatif-cozumleri-acikladi\/"},"author":{"name":"Antalya K\u00f6rfez","@id":"https:\/\/denizcankizil.tr\/de\/#\/schema\/person\/e1eb71bb4dd684d46563f0af307e1234"},"headline":"Kalei\u00e7i yang\u0131na dayanakl\u0131 hale getirilecek! Vali \u015eahin alternatif \u00e7\u00f6z\u00fcmleri a\u00e7\u0131klad\u0131","datePublished":"2025-05-16T18:41:15+00:00","mainEntityOfPage":{"@id":"https:\/\/denizcankizil.tr\/ru\/haberler\/gundem\/kaleici-yangina-dayanakli-hale-getirilecek-vali-sahin-alternatif-cozumleri-acikladi\/"},"wordCount":685,"publisher":{"@id":"https:\/\/denizcankizil.tr\/de\/#organization"},"articleSection":["G\u00fcndem"],"inLanguage":"de"},{"@type":"WebPage","@id":"https:\/\/denizcankizil.tr\/ru\/haberler\/gundem\/kaleici-yangina-dayanakli-hale-getirilecek-vali-sahin-alternatif-cozumleri-acikladi\/","url":"https:\/\/denizcankizil.tr\/ru\/haberler\/gundem\/kaleici-yangina-dayanakli-hale-getirilecek-vali-sahin-alternatif-cozumleri-acikladi\/","name":"Kalei\u00e7i yang\u0131na dayanakl\u0131 hale getirilecek! Vali \u015eahin alternatif \u00e7\u00f6z\u00fcmleri a\u00e7\u0131klad\u0131 - Av. Deniz Can K\u0131z\u0131l","isPartOf":{"@id":"https:\/\/denizcankizil.tr\/de\/#website"},"datePublished":"2025-05-16T18:41:15+00:00","breadcrumb":{"@id":"https:\/\/denizcankizil.tr\/ru\/haberler\/gundem\/kaleici-yangina-dayanakli-hale-getirilecek-vali-sahin-alternatif-cozumleri-acikladi\/#breadcrumb"},"inLanguage":"de","potentialAction":[{"@type":"ReadAction","target":["https:\/\/denizcankizil.tr\/ru\/haberler\/gundem\/kaleici-yangina-dayanakli-hale-getirilecek-vali-sahin-alternatif-cozumleri-acikladi\/"]}]},{"@type":"BreadcrumbList","@id":"https:\/\/denizcankizil.tr\/ru\/haberler\/gundem\/kaleici-yangina-dayanakli-hale-getirilecek-vali-sahin-alternatif-cozumleri-acikladi\/#breadcrumb","itemListElement":[{"@type":"ListItem","position":1,"name":"Home","item":"https:\/\/denizcankizil.tr\/de\/"},{"@type":"ListItem","position":2,"name":"Kalei\u00e7i yang\u0131na dayanakl\u0131 hale getirilecek! Vali \u015eahin alternatif \u00e7\u00f6z\u00fcmleri a\u00e7\u0131klad\u0131"}]},{"@type":"WebSite","@id":"https:\/\/denizcankizil.tr\/de\/#website","url":"https:\/\/denizcankizil.tr\/de\/","name":"Av. Deniz Can K\u0131z\u0131l","description":"Avukat Deniz Can K\u0131z\u0131l Antalya Barosu","publisher":{"@id":"https:\/\/denizcankizil.tr\/de\/#organization"},"potentialAction":[{"@type":"SearchAction","target":{"@type":"EntryPoint","urlTemplate":"https:\/\/denizcankizil.tr\/de\/?s={search_term_string}"},"query-input":{"@type":"PropertyValueSpecification","valueRequired":true,"valueName":"search_term_string"}}],"inLanguage":"de"},{"@type":"Organization","@id":"https:\/\/denizcankizil.tr\/de\/#organization","name":"Av. Deniz Can K\u0131z\u0131l","url":"https:\/\/denizcankizil.tr\/de\/","logo":{"@type":"ImageObject","inLanguage":"de","@id":"https:\/\/denizcankizil.tr\/de\/#\/schema\/logo\/image\/","url":"https:\/\/denizcankizil.tr\/wp-content\/uploads\/2024\/10\/siyah-logo-svg.svg","contentUrl":"https:\/\/denizcankizil.tr\/wp-content\/uploads\/2024\/10\/siyah-logo-svg.svg","width":1080,"height":1080,"caption":"Av. Deniz Can K\u0131z\u0131l"},"image":{"@id":"https:\/\/denizcankizil.tr\/de\/#\/schema\/logo\/image\/"}},{"@type":"Person","@id":"https:\/\/denizcankizil.tr\/de\/#\/schema\/person\/e1eb71bb4dd684d46563f0af307e1234","name":"Antalya K\u00f6rfez","image":{"@type":"ImageObject","inLanguage":"de","@id":"https:\/\/denizcankizil.tr\/de\/#\/schema\/person\/image\/","url":"https:\/\/secure.gravatar.com\/avatar\/42b01982558a48a0b501fdcab6a408d3717ea5919095ee2e67b0e521799c5905?s=96&d=mm&r=g","contentUrl":"https:\/\/secure.gravatar.com\/avatar\/42b01982558a48a0b501fdcab6a408d3717ea5919095ee2e67b0e521799c5905?s=96&d=mm&r=g","caption":"Antalya K\u00f6rfez"},"sameAs":["http:\/\/www.antalyakorfez.com"],"url":"https:\/\/www.antalyakorfez.com\/kaleici-yangina-dayanakli-hale-getirilecek-vali-sahin-alternatif-cozumleri-acikladi"}]}},"_links":{"self":[{"href":"https:\/\/denizcankizil.tr\/de\/wp-json\/wp\/v2\/posts\/88740","targetHints":{"allow":["GET"]}}],"collection":[{"href":"https:\/\/denizcankizil.tr\/de\/wp-json\/wp\/v2\/posts"}],"about":[{"href":"https:\/\/denizcankizil.tr\/de\/wp-json\/wp\/v2\/types\/post"}],"author":[{"embeddable":true,"href":"https:\/\/denizcankizil.tr\/de\/wp-json\/wp\/v2\/users\/5"}],"replies":[{"embeddable":true,"href":"https:\/\/denizcankizil.tr\/de\/wp-json\/wp\/v2\/comments?post=88740"}],"version-history":[{"count":0,"href":"https:\/\/denizcankizil.tr\/de\/wp-json\/wp\/v2\/posts\/88740\/revisions"}],"wp:attachment":[{"href":"https:\/\/denizcankizil.tr\/de\/wp-json\/wp\/v2\/media?parent=88740"}],"wp:term":[{"taxonomy":"category","embeddable":true,"href":"https:\/\/denizcankizil.tr\/de\/wp-json\/wp\/v2\/categories?post=88740"},{"taxonomy":"post_tag","embeddable":true,"href":"https:\/\/denizcankizil.tr\/de\/wp-json\/wp\/v2\/tags?post=88740"}],"curies":[{"name":"wp","href":"https:\/\/api.w.org\/{rel}","templated":true}]}}