{"id":88290,"date":"2025-05-16T11:41:50","date_gmt":"2025-05-16T08:41:50","guid":{"rendered":"https:\/\/denizcankizil.tr\/uncategorized-tr\/safari-aracinin-altinda-kalan-turistler-kurtarildi\/"},"modified":"2025-05-16T11:41:50","modified_gmt":"2025-05-16T08:41:50","slug":"safari-aracinin-altinda-kalan-turistler-kurtarildi","status":"publish","type":"post","link":"https:\/\/denizcankizil.tr\/de\/haberler\/antalya\/safari-aracinin-altinda-kalan-turistler-kurtarildi\/","title":{"rendered":"Safari arac\u0131n\u0131n alt\u0131nda kalan turistler kurtar\u0131ld\u0131"},"content":{"rendered":"<p>Kaza, Manavgat \u00c7evreyolu Kumyolu kav\u015fa\u011f\u0131nda ya\u015fand\u0131. Edinilen bilgiye g\u00f6re, Kum mevkii istikametinden Alparslan T\u00fcrke\u015f Bulvar\u0131 istikametine seyir halindeki Ali Kara&#8217;n\u0131n kulland\u0131\u011f\u0131 07 BUZ 401 plakal\u0131 otomobil ile Alparslan T\u00fcrke\u015f Bulvar\u0131&#8217;ndan gelip \u00e7evreyolunda Alanya istikametine gitmekte olan Alman vatanda\u015f\u0131 Stefan Zirbusch&#8217;in kulland\u0131\u011f\u0131 07 NIC 35 plakal\u0131 safari ara\u00e7 kav\u015fakta \u00e7arp\u0131\u015ft\u0131.<br \/>\nK\u0131rm\u0131z\u0131 \u0131\u015f\u0131k ihlali nedeniyle meydana gelen kazada safari arac\u0131 s\u00fcr\u00fcc\u00fcs\u00fc Stefan Zirbusch ve safari arac\u0131nda yolcu olarak bulunan Alman vatanda\u015f\u0131 Minner Br\u00fcning Kerstin, ters d\u00f6nen safari arac\u0131n\u0131n alt\u0131nda kald\u0131. \u0130hbar \u00fczerine olay yerine Antalya B\u00fcy\u00fck\u015fehir Belediyesi \u0130tfaiyesi Manavgat Birimine ba\u011fl\u0131 Kurtarma, 112 sa\u011fl\u0131k ve Manavgat Emniyet M\u00fcd\u00fcrl\u00fc\u011f\u00fc Trafik Denetleme B\u00fcro Amirli\u011fi ekipleri sevk edildi.<\/p>\n<p>Kazan\u0131n meydana geldi\u011fi yerin yak\u0131n\u0131nda bulunan in\u015faat malzemesi satan i\u015fyerinin fortliftini kullanan operat\u00f6r, safari arac\u0131n\u0131n devrildi\u011fini ve alt\u0131nda insanlar\u0131n oldu\u011funu g\u00f6r\u00fcnce arac\u0131n yan\u0131na ula\u015ft\u0131. Devrilen arac\u0131n fortlift yard\u0131m\u0131yla kald\u0131r\u0131lmas\u0131n\u0131n ard\u0131ndan 2 Alman itfaiye ve sa\u011fl\u0131k ekiplerinin yard\u0131m\u0131yla \u00e7\u0131kar\u0131ld\u0131. Yaral\u0131lar, 112 sa\u011fl\u0131k ekiplerinin olay yerindeki m\u00fcdahalesinin ard\u0131ndan ambulansla hastaneye kald\u0131r\u0131ld\u0131.<\/p>\n<p>Safari arac\u0131 yak\u0131t\u0131 bo\u015falt\u0131ld\u0131<br \/>\nOlay yerindeki bir vatanda\u015f, ters d\u00f6nen ara\u00e7tan yola mazot akmas\u0131n\u0131 engellemek amac\u0131yla mazot deposunun a\u011fz\u0131na bidon dayay\u0131p mazotun bidona bo\u015falmas\u0131n\u0131 sa\u011flad\u0131.<br \/>\nYaral\u0131lar\u0131n hastaneye g\u00f6t\u00fcr\u00fclmesinin ard\u0131ndan ters d\u00f6nen ara\u00e7 fortlift yard\u0131m\u0131yla bulundu\u011fu yerden kald\u0131r\u0131larak yol kenar\u0131nda bo\u015f bir alana tekerlerinin \u00fczerine b\u0131rak\u0131ld\u0131.<\/p>\n<p>Kaynak: www.kanalv.com.tr Haber Sitesinden Al\u0131nm\u0131\u015ft\u0131r.<\/p>","protected":false},"excerpt":{"rendered":"<p>Kaza, Manavgat \u00c7evreyolu Kumyolu kav\u015fa\u011f\u0131nda ya\u015fand\u0131. Edinilen bilgiye g\u00f6re, Kum mevkii istikametinden Alparslan T\u00fcrke\u015f Bulvar\u0131 istikametine seyir halindeki Ali Kara&#8217;n\u0131n kulland\u0131\u011f\u0131 07 BUZ 401 plakal\u0131 otomobil ile Alparslan T\u00fcrke\u015f Bulvar\u0131&#8217;ndan gelip \u00e7evreyolunda Alanya istikametine gitmekte olan Alman vatanda\u015f\u0131 Stefan Zirbusch&#8217;in kulland\u0131\u011f\u0131 07 NIC 35 plakal\u0131 safari ara\u00e7 kav\u015fakta \u00e7arp\u0131\u015ft\u0131. K\u0131rm\u0131z\u0131 \u0131\u015f\u0131k ihlali nedeniyle meydana gelen kazada safari arac\u0131 s\u00fcr\u00fcc\u00fcs\u00fc Stefan Zirbusch ve safari arac\u0131nda yolcu olarak bulunan Alman vatanda\u015f\u0131 Minner Br\u00fcning Kerstin, ters d\u00f6nen safari arac\u0131n\u0131n alt\u0131nda kald\u0131. \u0130hbar \u00fczerine olay yerine Antalya B\u00fcy\u00fck\u015fehir Belediyesi \u0130tfaiyesi Manavgat Birimine ba\u011fl\u0131 Kurtarma, 112 sa\u011fl\u0131k ve Manavgat Emniyet M\u00fcd\u00fcrl\u00fc\u011f\u00fc Trafik Denetleme B\u00fcro Amirli\u011fi ekipleri sevk edildi. Kazan\u0131n meydana geldi\u011fi yerin yak\u0131n\u0131nda bulunan in\u015faat malzemesi satan i\u015fyerinin fortliftini kullanan operat\u00f6r, safari arac\u0131n\u0131n devrildi\u011fini ve alt\u0131nda insanlar\u0131n oldu\u011funu g\u00f6r\u00fcnce arac\u0131n yan\u0131na ula\u015ft\u0131. Devrilen arac\u0131n fortlift yard\u0131m\u0131yla kald\u0131r\u0131lmas\u0131n\u0131n ard\u0131ndan 2 Alman itfaiye ve sa\u011fl\u0131k ekiplerinin yard\u0131m\u0131yla \u00e7\u0131kar\u0131ld\u0131. Yaral\u0131lar, 112 sa\u011fl\u0131k ekiplerinin olay yerindeki m\u00fcdahalesinin ard\u0131ndan ambulansla hastaneye kald\u0131r\u0131ld\u0131. Safari arac\u0131 yak\u0131t\u0131 bo\u015falt\u0131ld\u0131 Olay yerindeki bir vatanda\u015f, ters d\u00f6nen ara\u00e7tan yola mazot akmas\u0131n\u0131 engellemek amac\u0131yla mazot deposunun a\u011fz\u0131na bidon dayay\u0131p mazotun bidona bo\u015falmas\u0131n\u0131 sa\u011flad\u0131. Yaral\u0131lar\u0131n hastaneye g\u00f6t\u00fcr\u00fclmesinin ard\u0131ndan ters d\u00f6nen ara\u00e7 fortlift yard\u0131m\u0131yla bulundu\u011fu yerden kald\u0131r\u0131larak yol kenar\u0131nda bo\u015f bir alana tekerlerinin \u00fczerine b\u0131rak\u0131ld\u0131. Kaynak: www.kanalv.com.tr Haber &hellip;<\/p>","protected":false},"author":4,"featured_media":88291,"comment_status":"","ping_status":"open","sticky":false,"template":"","format":"standard","meta":{"_acf_changed":false,"footnotes":""},"categories":[26],"tags":[],"class_list":["post-88290","post","type-post","status-publish","format-standard","has-post-thumbnail","hentry","category-antalya"],"acf":[],"yoast_head":"<!-- This site is optimized with the Yoast SEO Premium plugin v26.6 (Yoast SEO v27.1.1) - https:\/\/yoast.com\/product\/yoast-seo-premium-wordpress\/ -->\n<title>Safari arac\u0131n\u0131n alt\u0131nda kalan turistler kurtar\u0131ld\u0131 - Av. Deniz Can K\u0131z\u0131l<\/title>\n<meta name=\"robots\" content=\"index, follow, max-snippet:-1, max-image-preview:large, max-video-preview:-1\" \/>\n<link rel=\"canonical\" href=\"https:\/\/denizcankizil.tr\/de\/haberler\/antalya\/safari-aracinin-altinda-kalan-turistler-kurtarildi\/\" \/>\n<meta property=\"og:locale\" content=\"de_DE\" \/>\n<meta property=\"og:type\" content=\"article\" \/>\n<meta property=\"og:title\" content=\"Safari arac\u0131n\u0131n alt\u0131nda kalan turistler kurtar\u0131ld\u0131\" \/>\n<meta property=\"og:description\" content=\"Kaza, Manavgat \u00c7evreyolu Kumyolu kav\u015fa\u011f\u0131nda ya\u015fand\u0131. Edinilen bilgiye g\u00f6re, Kum mevkii istikametinden Alparslan T\u00fcrke\u015f Bulvar\u0131 istikametine seyir halindeki Ali Kara&#8217;n\u0131n kulland\u0131\u011f\u0131 07 BUZ 401 plakal\u0131 otomobil ile Alparslan T\u00fcrke\u015f Bulvar\u0131&#8217;ndan gelip \u00e7evreyolunda Alanya istikametine gitmekte olan Alman vatanda\u015f\u0131 Stefan Zirbusch&#8217;in kulland\u0131\u011f\u0131 07 NIC 35 plakal\u0131 safari ara\u00e7 kav\u015fakta \u00e7arp\u0131\u015ft\u0131. K\u0131rm\u0131z\u0131 \u0131\u015f\u0131k ihlali nedeniyle meydana gelen kazada safari arac\u0131 s\u00fcr\u00fcc\u00fcs\u00fc Stefan Zirbusch ve safari arac\u0131nda yolcu olarak bulunan Alman vatanda\u015f\u0131 Minner Br\u00fcning Kerstin, ters d\u00f6nen safari arac\u0131n\u0131n alt\u0131nda kald\u0131. \u0130hbar \u00fczerine olay yerine Antalya B\u00fcy\u00fck\u015fehir Belediyesi \u0130tfaiyesi Manavgat Birimine ba\u011fl\u0131 Kurtarma, 112 sa\u011fl\u0131k ve Manavgat Emniyet M\u00fcd\u00fcrl\u00fc\u011f\u00fc Trafik Denetleme B\u00fcro Amirli\u011fi ekipleri sevk edildi. Kazan\u0131n meydana geldi\u011fi yerin yak\u0131n\u0131nda bulunan in\u015faat malzemesi satan i\u015fyerinin fortliftini kullanan operat\u00f6r, safari arac\u0131n\u0131n devrildi\u011fini ve alt\u0131nda insanlar\u0131n oldu\u011funu g\u00f6r\u00fcnce arac\u0131n yan\u0131na ula\u015ft\u0131. Devrilen arac\u0131n fortlift yard\u0131m\u0131yla kald\u0131r\u0131lmas\u0131n\u0131n ard\u0131ndan 2 Alman itfaiye ve sa\u011fl\u0131k ekiplerinin yard\u0131m\u0131yla \u00e7\u0131kar\u0131ld\u0131. Yaral\u0131lar, 112 sa\u011fl\u0131k ekiplerinin olay yerindeki m\u00fcdahalesinin ard\u0131ndan ambulansla hastaneye kald\u0131r\u0131ld\u0131. Safari arac\u0131 yak\u0131t\u0131 bo\u015falt\u0131ld\u0131 Olay yerindeki bir vatanda\u015f, ters d\u00f6nen ara\u00e7tan yola mazot akmas\u0131n\u0131 engellemek amac\u0131yla mazot deposunun a\u011fz\u0131na bidon dayay\u0131p mazotun bidona bo\u015falmas\u0131n\u0131 sa\u011flad\u0131. Yaral\u0131lar\u0131n hastaneye g\u00f6t\u00fcr\u00fclmesinin ard\u0131ndan ters d\u00f6nen ara\u00e7 fortlift yard\u0131m\u0131yla bulundu\u011fu yerden kald\u0131r\u0131larak yol kenar\u0131nda bo\u015f bir alana tekerlerinin \u00fczerine b\u0131rak\u0131ld\u0131. Kaynak: www.kanalv.com.tr Haber &hellip;\" \/>\n<meta property=\"og:url\" content=\"https:\/\/denizcankizil.tr\/de\/haberler\/antalya\/safari-aracinin-altinda-kalan-turistler-kurtarildi\/\" \/>\n<meta property=\"og:site_name\" content=\"Av. Deniz Can K\u0131z\u0131l\" \/>\n<meta property=\"article:published_time\" content=\"2025-05-16T08:41:50+00:00\" \/>\n<meta property=\"og:image\" content=\"https:\/\/denizcankizil.tr\/wp-content\/uploads\/2025\/05\/6364-01-vJiNZk.jpg\" \/>\n\t<meta property=\"og:image:width\" content=\"1280\" \/>\n\t<meta property=\"og:image:height\" content=\"720\" \/>\n\t<meta property=\"og:image:type\" content=\"image\/jpeg\" \/>\n<meta name=\"author\" content=\"Av. Deniz Can K\u0131z\u0131l\" \/>\n<meta name=\"twitter:card\" content=\"summary_large_image\" \/>\n<meta name=\"twitter:label1\" content=\"Verfasst von\" \/>\n\t<meta name=\"twitter:data1\" content=\"Av. Deniz Can K\u0131z\u0131l\" \/>\n\t<meta name=\"twitter:label2\" content=\"Gesch\u00e4tzte Lesezeit\" \/>\n\t<meta name=\"twitter:data2\" content=\"1\u00a0Minute\" \/>\n<script type=\"application\/ld+json\" class=\"yoast-schema-graph\">{\"@context\":\"https:\/\/schema.org\",\"@graph\":[{\"@type\":\"Article\",\"@id\":\"https:\/\/denizcankizil.tr\/ru\/haberler\/antalya\/safari-aracinin-altinda-kalan-turistler-kurtarildi\/#article\",\"isPartOf\":{\"@id\":\"https:\/\/denizcankizil.tr\/ru\/haberler\/antalya\/safari-aracinin-altinda-kalan-turistler-kurtarildi\/\"},\"author\":{\"name\":\"Av. Deniz Can K\u0131z\u0131l\",\"@id\":\"https:\/\/denizcankizil.tr\/de\/#\/schema\/person\/5dc1b22991bd7ac833867c10afc9b0ff\"},\"headline\":\"Safari arac\u0131n\u0131n alt\u0131nda kalan turistler kurtar\u0131ld\u0131\",\"datePublished\":\"2025-05-16T08:41:50+00:00\",\"mainEntityOfPage\":{\"@id\":\"https:\/\/denizcankizil.tr\/ru\/haberler\/antalya\/safari-aracinin-altinda-kalan-turistler-kurtarildi\/\"},\"wordCount\":310,\"publisher\":{\"@id\":\"https:\/\/denizcankizil.tr\/de\/#organization\"},\"image\":{\"@id\":\"https:\/\/denizcankizil.tr\/ru\/haberler\/antalya\/safari-aracinin-altinda-kalan-turistler-kurtarildi\/#primaryimage\"},\"thumbnailUrl\":\"https:\/\/denizcankizil.tr\/wp-content\/uploads\/2025\/05\/6364-01-vJiNZk.jpg\",\"articleSection\":[\"Antalya\"],\"inLanguage\":\"de\"},{\"@type\":\"WebPage\",\"@id\":\"https:\/\/denizcankizil.tr\/ru\/haberler\/antalya\/safari-aracinin-altinda-kalan-turistler-kurtarildi\/\",\"url\":\"https:\/\/denizcankizil.tr\/ru\/haberler\/antalya\/safari-aracinin-altinda-kalan-turistler-kurtarildi\/\",\"name\":\"Safari arac\u0131n\u0131n alt\u0131nda kalan turistler kurtar\u0131ld\u0131 - Av. Deniz Can K\u0131z\u0131l\",\"isPartOf\":{\"@id\":\"https:\/\/denizcankizil.tr\/de\/#website\"},\"primaryImageOfPage\":{\"@id\":\"https:\/\/denizcankizil.tr\/ru\/haberler\/antalya\/safari-aracinin-altinda-kalan-turistler-kurtarildi\/#primaryimage\"},\"image\":{\"@id\":\"https:\/\/denizcankizil.tr\/ru\/haberler\/antalya\/safari-aracinin-altinda-kalan-turistler-kurtarildi\/#primaryimage\"},\"thumbnailUrl\":\"https:\/\/denizcankizil.tr\/wp-content\/uploads\/2025\/05\/6364-01-vJiNZk.jpg\",\"datePublished\":\"2025-05-16T08:41:50+00:00\",\"breadcrumb\":{\"@id\":\"https:\/\/denizcankizil.tr\/ru\/haberler\/antalya\/safari-aracinin-altinda-kalan-turistler-kurtarildi\/#breadcrumb\"},\"inLanguage\":\"de\",\"potentialAction\":[{\"@type\":\"ReadAction\",\"target\":[\"https:\/\/denizcankizil.tr\/ru\/haberler\/antalya\/safari-aracinin-altinda-kalan-turistler-kurtarildi\/\"]}]},{\"@type\":\"ImageObject\",\"inLanguage\":\"de\",\"@id\":\"https:\/\/denizcankizil.tr\/ru\/haberler\/antalya\/safari-aracinin-altinda-kalan-turistler-kurtarildi\/#primaryimage\",\"url\":\"https:\/\/denizcankizil.tr\/wp-content\/uploads\/2025\/05\/6364-01-vJiNZk.jpg\",\"contentUrl\":\"https:\/\/denizcankizil.tr\/wp-content\/uploads\/2025\/05\/6364-01-vJiNZk.jpg\",\"width\":1280,\"height\":720},{\"@type\":\"BreadcrumbList\",\"@id\":\"https:\/\/denizcankizil.tr\/ru\/haberler\/antalya\/safari-aracinin-altinda-kalan-turistler-kurtarildi\/#breadcrumb\",\"itemListElement\":[{\"@type\":\"ListItem\",\"position\":1,\"name\":\"Home\",\"item\":\"https:\/\/denizcankizil.tr\/de\/\"},{\"@type\":\"ListItem\",\"position\":2,\"name\":\"Safari arac\u0131n\u0131n alt\u0131nda kalan turistler kurtar\u0131ld\u0131\"}]},{\"@type\":\"WebSite\",\"@id\":\"https:\/\/denizcankizil.tr\/de\/#website\",\"url\":\"https:\/\/denizcankizil.tr\/de\/\",\"name\":\"Av. Deniz Can K\u0131z\u0131l\",\"description\":\"Avukat Deniz Can K\u0131z\u0131l Antalya Barosu\",\"publisher\":{\"@id\":\"https:\/\/denizcankizil.tr\/de\/#organization\"},\"potentialAction\":[{\"@type\":\"SearchAction\",\"target\":{\"@type\":\"EntryPoint\",\"urlTemplate\":\"https:\/\/denizcankizil.tr\/de\/?s={search_term_string}\"},\"query-input\":{\"@type\":\"PropertyValueSpecification\",\"valueRequired\":true,\"valueName\":\"search_term_string\"}}],\"inLanguage\":\"de\"},{\"@type\":\"Organization\",\"@id\":\"https:\/\/denizcankizil.tr\/de\/#organization\",\"name\":\"Av. Deniz Can K\u0131z\u0131l\",\"url\":\"https:\/\/denizcankizil.tr\/de\/\",\"logo\":{\"@type\":\"ImageObject\",\"inLanguage\":\"de\",\"@id\":\"https:\/\/denizcankizil.tr\/de\/#\/schema\/logo\/image\/\",\"url\":\"https:\/\/denizcankizil.tr\/wp-content\/uploads\/2024\/10\/siyah-logo-svg.svg\",\"contentUrl\":\"https:\/\/denizcankizil.tr\/wp-content\/uploads\/2024\/10\/siyah-logo-svg.svg\",\"width\":1080,\"height\":1080,\"caption\":\"Av. Deniz Can K\u0131z\u0131l\"},\"image\":{\"@id\":\"https:\/\/denizcankizil.tr\/de\/#\/schema\/logo\/image\/\"}},{\"@type\":\"Person\",\"@id\":\"https:\/\/denizcankizil.tr\/de\/#\/schema\/person\/5dc1b22991bd7ac833867c10afc9b0ff\",\"name\":\"Av. Deniz Can K\u0131z\u0131l\",\"image\":{\"@type\":\"ImageObject\",\"inLanguage\":\"de\",\"@id\":\"https:\/\/denizcankizil.tr\/de\/#\/schema\/person\/image\/\",\"url\":\"https:\/\/secure.gravatar.com\/avatar\/a0b128fb9855c79efc976d5640eedb31dc35ec297594d6016d2cf7c60e975bb6?s=96&d=mm&r=g\",\"contentUrl\":\"https:\/\/secure.gravatar.com\/avatar\/a0b128fb9855c79efc976d5640eedb31dc35ec297594d6016d2cf7c60e975bb6?s=96&d=mm&r=g\",\"caption\":\"Av. Deniz Can K\u0131z\u0131l\"},\"sameAs\":[\"http:\/\/www.denizcankizil.tr\"],\"url\":\"https:\/\/denizcankizil.tr\/de\/author\/denizcankizil\/\"}]}<\/script>\n<!-- \/ Yoast SEO Premium plugin. -->","yoast_head_json":{"title":"Safari arac\u0131n\u0131n alt\u0131nda kalan turistler kurtar\u0131ld\u0131 - Av. Deniz Can K\u0131z\u0131l","robots":{"index":"index","follow":"follow","max-snippet":"max-snippet:-1","max-image-preview":"max-image-preview:large","max-video-preview":"max-video-preview:-1"},"canonical":"https:\/\/denizcankizil.tr\/de\/haberler\/antalya\/safari-aracinin-altinda-kalan-turistler-kurtarildi\/","og_locale":"de_DE","og_type":"article","og_title":"Safari arac\u0131n\u0131n alt\u0131nda kalan turistler kurtar\u0131ld\u0131","og_description":"Kaza, Manavgat \u00c7evreyolu Kumyolu kav\u015fa\u011f\u0131nda ya\u015fand\u0131. Edinilen bilgiye g\u00f6re, Kum mevkii istikametinden Alparslan T\u00fcrke\u015f Bulvar\u0131 istikametine seyir halindeki Ali Kara&#8217;n\u0131n kulland\u0131\u011f\u0131 07 BUZ 401 plakal\u0131 otomobil ile Alparslan T\u00fcrke\u015f Bulvar\u0131&#8217;ndan gelip \u00e7evreyolunda Alanya istikametine gitmekte olan Alman vatanda\u015f\u0131 Stefan Zirbusch&#8217;in kulland\u0131\u011f\u0131 07 NIC 35 plakal\u0131 safari ara\u00e7 kav\u015fakta \u00e7arp\u0131\u015ft\u0131. K\u0131rm\u0131z\u0131 \u0131\u015f\u0131k ihlali nedeniyle meydana gelen kazada safari arac\u0131 s\u00fcr\u00fcc\u00fcs\u00fc Stefan Zirbusch ve safari arac\u0131nda yolcu olarak bulunan Alman vatanda\u015f\u0131 Minner Br\u00fcning Kerstin, ters d\u00f6nen safari arac\u0131n\u0131n alt\u0131nda kald\u0131. \u0130hbar \u00fczerine olay yerine Antalya B\u00fcy\u00fck\u015fehir Belediyesi \u0130tfaiyesi Manavgat Birimine ba\u011fl\u0131 Kurtarma, 112 sa\u011fl\u0131k ve Manavgat Emniyet M\u00fcd\u00fcrl\u00fc\u011f\u00fc Trafik Denetleme B\u00fcro Amirli\u011fi ekipleri sevk edildi. Kazan\u0131n meydana geldi\u011fi yerin yak\u0131n\u0131nda bulunan in\u015faat malzemesi satan i\u015fyerinin fortliftini kullanan operat\u00f6r, safari arac\u0131n\u0131n devrildi\u011fini ve alt\u0131nda insanlar\u0131n oldu\u011funu g\u00f6r\u00fcnce arac\u0131n yan\u0131na ula\u015ft\u0131. Devrilen arac\u0131n fortlift yard\u0131m\u0131yla kald\u0131r\u0131lmas\u0131n\u0131n ard\u0131ndan 2 Alman itfaiye ve sa\u011fl\u0131k ekiplerinin yard\u0131m\u0131yla \u00e7\u0131kar\u0131ld\u0131. Yaral\u0131lar, 112 sa\u011fl\u0131k ekiplerinin olay yerindeki m\u00fcdahalesinin ard\u0131ndan ambulansla hastaneye kald\u0131r\u0131ld\u0131. Safari arac\u0131 yak\u0131t\u0131 bo\u015falt\u0131ld\u0131 Olay yerindeki bir vatanda\u015f, ters d\u00f6nen ara\u00e7tan yola mazot akmas\u0131n\u0131 engellemek amac\u0131yla mazot deposunun a\u011fz\u0131na bidon dayay\u0131p mazotun bidona bo\u015falmas\u0131n\u0131 sa\u011flad\u0131. Yaral\u0131lar\u0131n hastaneye g\u00f6t\u00fcr\u00fclmesinin ard\u0131ndan ters d\u00f6nen ara\u00e7 fortlift yard\u0131m\u0131yla bulundu\u011fu yerden kald\u0131r\u0131larak yol kenar\u0131nda bo\u015f bir alana tekerlerinin \u00fczerine b\u0131rak\u0131ld\u0131. Kaynak: www.kanalv.com.tr Haber &hellip;","og_url":"https:\/\/denizcankizil.tr\/de\/haberler\/antalya\/safari-aracinin-altinda-kalan-turistler-kurtarildi\/","og_site_name":"Av. Deniz Can K\u0131z\u0131l","article_published_time":"2025-05-16T08:41:50+00:00","og_image":[{"width":1280,"height":720,"url":"https:\/\/denizcankizil.tr\/wp-content\/uploads\/2025\/05\/6364-01-vJiNZk.jpg","type":"image\/jpeg"}],"author":"Av. Deniz Can K\u0131z\u0131l","twitter_card":"summary_large_image","twitter_misc":{"Verfasst von":"Av. Deniz Can K\u0131z\u0131l","Gesch\u00e4tzte Lesezeit":"1\u00a0Minute"},"schema":{"@context":"https:\/\/schema.org","@graph":[{"@type":"Article","@id":"https:\/\/denizcankizil.tr\/ru\/haberler\/antalya\/safari-aracinin-altinda-kalan-turistler-kurtarildi\/#article","isPartOf":{"@id":"https:\/\/denizcankizil.tr\/ru\/haberler\/antalya\/safari-aracinin-altinda-kalan-turistler-kurtarildi\/"},"author":{"name":"Av. Deniz Can K\u0131z\u0131l","@id":"https:\/\/denizcankizil.tr\/de\/#\/schema\/person\/5dc1b22991bd7ac833867c10afc9b0ff"},"headline":"Safari arac\u0131n\u0131n alt\u0131nda kalan turistler kurtar\u0131ld\u0131","datePublished":"2025-05-16T08:41:50+00:00","mainEntityOfPage":{"@id":"https:\/\/denizcankizil.tr\/ru\/haberler\/antalya\/safari-aracinin-altinda-kalan-turistler-kurtarildi\/"},"wordCount":310,"publisher":{"@id":"https:\/\/denizcankizil.tr\/de\/#organization"},"image":{"@id":"https:\/\/denizcankizil.tr\/ru\/haberler\/antalya\/safari-aracinin-altinda-kalan-turistler-kurtarildi\/#primaryimage"},"thumbnailUrl":"https:\/\/denizcankizil.tr\/wp-content\/uploads\/2025\/05\/6364-01-vJiNZk.jpg","articleSection":["Antalya"],"inLanguage":"de"},{"@type":"WebPage","@id":"https:\/\/denizcankizil.tr\/ru\/haberler\/antalya\/safari-aracinin-altinda-kalan-turistler-kurtarildi\/","url":"https:\/\/denizcankizil.tr\/ru\/haberler\/antalya\/safari-aracinin-altinda-kalan-turistler-kurtarildi\/","name":"Safari arac\u0131n\u0131n alt\u0131nda kalan turistler kurtar\u0131ld\u0131 - Av. Deniz Can K\u0131z\u0131l","isPartOf":{"@id":"https:\/\/denizcankizil.tr\/de\/#website"},"primaryImageOfPage":{"@id":"https:\/\/denizcankizil.tr\/ru\/haberler\/antalya\/safari-aracinin-altinda-kalan-turistler-kurtarildi\/#primaryimage"},"image":{"@id":"https:\/\/denizcankizil.tr\/ru\/haberler\/antalya\/safari-aracinin-altinda-kalan-turistler-kurtarildi\/#primaryimage"},"thumbnailUrl":"https:\/\/denizcankizil.tr\/wp-content\/uploads\/2025\/05\/6364-01-vJiNZk.jpg","datePublished":"2025-05-16T08:41:50+00:00","breadcrumb":{"@id":"https:\/\/denizcankizil.tr\/ru\/haberler\/antalya\/safari-aracinin-altinda-kalan-turistler-kurtarildi\/#breadcrumb"},"inLanguage":"de","potentialAction":[{"@type":"ReadAction","target":["https:\/\/denizcankizil.tr\/ru\/haberler\/antalya\/safari-aracinin-altinda-kalan-turistler-kurtarildi\/"]}]},{"@type":"ImageObject","inLanguage":"de","@id":"https:\/\/denizcankizil.tr\/ru\/haberler\/antalya\/safari-aracinin-altinda-kalan-turistler-kurtarildi\/#primaryimage","url":"https:\/\/denizcankizil.tr\/wp-content\/uploads\/2025\/05\/6364-01-vJiNZk.jpg","contentUrl":"https:\/\/denizcankizil.tr\/wp-content\/uploads\/2025\/05\/6364-01-vJiNZk.jpg","width":1280,"height":720},{"@type":"BreadcrumbList","@id":"https:\/\/denizcankizil.tr\/ru\/haberler\/antalya\/safari-aracinin-altinda-kalan-turistler-kurtarildi\/#breadcrumb","itemListElement":[{"@type":"ListItem","position":1,"name":"Home","item":"https:\/\/denizcankizil.tr\/de\/"},{"@type":"ListItem","position":2,"name":"Safari arac\u0131n\u0131n alt\u0131nda kalan turistler kurtar\u0131ld\u0131"}]},{"@type":"WebSite","@id":"https:\/\/denizcankizil.tr\/de\/#website","url":"https:\/\/denizcankizil.tr\/de\/","name":"Av. Deniz Can K\u0131z\u0131l","description":"Avukat Deniz Can K\u0131z\u0131l Antalya Barosu","publisher":{"@id":"https:\/\/denizcankizil.tr\/de\/#organization"},"potentialAction":[{"@type":"SearchAction","target":{"@type":"EntryPoint","urlTemplate":"https:\/\/denizcankizil.tr\/de\/?s={search_term_string}"},"query-input":{"@type":"PropertyValueSpecification","valueRequired":true,"valueName":"search_term_string"}}],"inLanguage":"de"},{"@type":"Organization","@id":"https:\/\/denizcankizil.tr\/de\/#organization","name":"Av. Deniz Can K\u0131z\u0131l","url":"https:\/\/denizcankizil.tr\/de\/","logo":{"@type":"ImageObject","inLanguage":"de","@id":"https:\/\/denizcankizil.tr\/de\/#\/schema\/logo\/image\/","url":"https:\/\/denizcankizil.tr\/wp-content\/uploads\/2024\/10\/siyah-logo-svg.svg","contentUrl":"https:\/\/denizcankizil.tr\/wp-content\/uploads\/2024\/10\/siyah-logo-svg.svg","width":1080,"height":1080,"caption":"Av. Deniz Can K\u0131z\u0131l"},"image":{"@id":"https:\/\/denizcankizil.tr\/de\/#\/schema\/logo\/image\/"}},{"@type":"Person","@id":"https:\/\/denizcankizil.tr\/de\/#\/schema\/person\/5dc1b22991bd7ac833867c10afc9b0ff","name":"Av. Deniz Can K\u0131z\u0131l","image":{"@type":"ImageObject","inLanguage":"de","@id":"https:\/\/denizcankizil.tr\/de\/#\/schema\/person\/image\/","url":"https:\/\/secure.gravatar.com\/avatar\/a0b128fb9855c79efc976d5640eedb31dc35ec297594d6016d2cf7c60e975bb6?s=96&d=mm&r=g","contentUrl":"https:\/\/secure.gravatar.com\/avatar\/a0b128fb9855c79efc976d5640eedb31dc35ec297594d6016d2cf7c60e975bb6?s=96&d=mm&r=g","caption":"Av. Deniz Can K\u0131z\u0131l"},"sameAs":["http:\/\/www.denizcankizil.tr"],"url":"https:\/\/denizcankizil.tr\/de\/author\/denizcankizil\/"}]}},"_links":{"self":[{"href":"https:\/\/denizcankizil.tr\/de\/wp-json\/wp\/v2\/posts\/88290","targetHints":{"allow":["GET"]}}],"collection":[{"href":"https:\/\/denizcankizil.tr\/de\/wp-json\/wp\/v2\/posts"}],"about":[{"href":"https:\/\/denizcankizil.tr\/de\/wp-json\/wp\/v2\/types\/post"}],"author":[{"embeddable":true,"href":"https:\/\/denizcankizil.tr\/de\/wp-json\/wp\/v2\/users\/4"}],"replies":[{"embeddable":true,"href":"https:\/\/denizcankizil.tr\/de\/wp-json\/wp\/v2\/comments?post=88290"}],"version-history":[{"count":0,"href":"https:\/\/denizcankizil.tr\/de\/wp-json\/wp\/v2\/posts\/88290\/revisions"}],"wp:featuredmedia":[{"embeddable":true,"href":"https:\/\/denizcankizil.tr\/de\/wp-json\/wp\/v2\/media\/88291"}],"wp:attachment":[{"href":"https:\/\/denizcankizil.tr\/de\/wp-json\/wp\/v2\/media?parent=88290"}],"wp:term":[{"taxonomy":"category","embeddable":true,"href":"https:\/\/denizcankizil.tr\/de\/wp-json\/wp\/v2\/categories?post=88290"},{"taxonomy":"post_tag","embeddable":true,"href":"https:\/\/denizcankizil.tr\/de\/wp-json\/wp\/v2\/tags?post=88290"}],"curies":[{"name":"wp","href":"https:\/\/api.w.org\/{rel}","templated":true}]}}