{"id":88241,"date":"2025-05-16T10:41:16","date_gmt":"2025-05-16T07:41:16","guid":{"rendered":"https:\/\/denizcankizil.tr\/uncategorized-tr\/antalyada-toplum-ulasim-uyuttu-vatandas-terliklerini-cikarip-mis-gibi-dinlendi\/"},"modified":"2025-05-16T10:41:16","modified_gmt":"2025-05-16T07:41:16","slug":"antalyada-toplum-ulasim-uyuttu-vatandas-terliklerini-cikarip-mis-gibi-dinlendi","status":"publish","type":"post","link":"https:\/\/denizcankizil.tr\/de\/haberler\/gundem\/antalyada-toplum-ulasim-uyuttu-vatandas-terliklerini-cikarip-mis-gibi-dinlendi\/","title":{"rendered":"Antalya\u2019da toplum ula\u015f\u0131m uyuttu: Vatanda\u015f terliklerini \u00e7\u0131kar\u0131p mis gibi dinlendi"},"content":{"rendered":"<p>Antalya\u2019da y\u0131llard\u0131r \u00e7\u00f6z\u00fclemeyen toplu ula\u015f\u0131m sorunu nedeniyle yolcular art\u0131k otob\u00fcste uyumaya ba\u015flad\u0131. Uzun s\u00fcren yolculuklar, gelmeyen otob\u00fcsler, dolu gelen otob\u00fcsler derken \u015fehir i\u00e7inde toplu ula\u015f\u0131m\u0131 kullanmak i\u015fkence haline geldi. Antalya B\u00fcy\u00fck\u015fehir Belediyesi son ald\u0131\u011f\u0131 kararla baz\u0131 g\u00fczergahlarda otob\u00fcslerin sadece sa\u011f \u015feridi kullanmas\u0131na izin verdi.<\/p>\n<p>SA\u011e \u015eER\u0130T UYGULAMASI DEVAM ED\u0130YOR<\/p>\n<p>Yakla\u015f\u0131k 2 ayd\u0131r devam eden sa\u011f \u015ferit uygulamas\u0131ndan hem yolcular hem de otob\u00fcs \u015fof\u00f6rleri \u015fimdilik memnun g\u00f6r\u00fcn\u00fcyor. Fakat \u015fehir merkezinde yollar\u0131n yetersizli\u011fi, pik saatlerde otob\u00fcslerin azl\u0131\u011f\u0131 nedeniyle d\u00fcnya kenti Antalya\u2019da toplu ula\u015f\u0131m sorunu yarat\u0131yor.  Toplu ula\u015f\u0131mda ya\u015fanan s\u0131k\u0131nt\u0131lar bazen farkl\u0131 anlar\u0131n ya\u015fanmas\u0131na sebep oluyor.<\/p>\n<p>VATANDA\u015e OTOB\u00dcSTE UYUDU<\/p>\n<p>Antalya\u2019da Konyaalt\u0131 &#8211; Varsak g\u00fczergah\u0131nda hizmet veren VC 59 levhal\u0131 otob\u00fcste ilgin\u00e7 anlar ya\u015fand\u0131. Yolculuk s\u0131ras\u0131nda yo\u011fun trafik ve uzun g\u00fczergah\u0131n etkisiyle bitkin d\u00fc\u015fen bir vatanda\u015f, otob\u00fcste uyuyarak yorgunlu\u011funu atmaya \u00e7al\u0131\u015ft\u0131.<\/p>\n<p>UYUYAN VATANDA\u015e TEBESS\u00dcM YARATTI<\/p>\n<p>Terliklerini \u00e7\u0131kar\u0131p ayaklar\u0131n\u0131 uzatarak rahat bir pozisyonda k\u0131sa bir \u015fekerleme yapan yolcu, \u00e7evredeki di\u011fer yolcular\u0131n dikkatini \u00e7ekti. Toplu ta\u015f\u0131ma ara\u00e7lar\u0131nda uzun s\u00fcren yolculuklar\u0131n bazen beklenmedik g\u00f6r\u00fcnt\u00fclere sahne oldu\u011funu g\u00f6steren bu olay, otob\u00fcste seyahat edenler aras\u0131nda tebess\u00fcm yaratt\u0131.<\/p>\n<p>\u200bAntalya\u2019da toplu ta\u015f\u0131ma arac\u0131n\u0131 kullanan vatanda\u015f, yo\u011fun trafik ve bitmeyen yolculuktan bitkin d\u00fc\u015ferek otob\u00fcste uyudu. Konyaalt\u0131 \u00a0&#8211; Varsak g\u00fczergah\u0131nda hizmet veren VC 59 levhal\u0131 otob\u00fcste ya\u015fanan olayda vatanda\u015f, terliklerini \u00e7\u0131kar\u0131p ayaklar\u0131n\u0131 uzatarak \u015fekerleme yapt\u0131\u00a0<\/p>\n<p>\u200bHaberin Al\u0131nt\u0131land\u0131\u011f\u0131 Kaynak: www.antalyakorfez.com<\/p>","protected":false},"excerpt":{"rendered":"<p>Antalya\u2019da y\u0131llard\u0131r \u00e7\u00f6z\u00fclemeyen toplu ula\u015f\u0131m sorunu nedeniyle yolcular art\u0131k otob\u00fcste uyumaya ba\u015flad\u0131. Uzun s\u00fcren yolculuklar, gelmeyen otob\u00fcsler, dolu gelen otob\u00fcsler derken \u015fehir i\u00e7inde toplu ula\u015f\u0131m\u0131 kullanmak i\u015fkence haline geldi. Antalya B\u00fcy\u00fck\u015fehir Belediyesi son ald\u0131\u011f\u0131 kararla baz\u0131 g\u00fczergahlarda otob\u00fcslerin sadece sa\u011f \u015feridi kullanmas\u0131na izin verdi. SA\u011e \u015eER\u0130T UYGULAMASI DEVAM ED\u0130YOR Yakla\u015f\u0131k 2 ayd\u0131r devam eden sa\u011f \u015ferit uygulamas\u0131ndan hem yolcular hem de otob\u00fcs \u015fof\u00f6rleri \u015fimdilik memnun g\u00f6r\u00fcn\u00fcyor. Fakat \u015fehir merkezinde yollar\u0131n yetersizli\u011fi, pik saatlerde otob\u00fcslerin azl\u0131\u011f\u0131 nedeniyle d\u00fcnya kenti Antalya\u2019da toplu ula\u015f\u0131m sorunu yarat\u0131yor. Toplu ula\u015f\u0131mda ya\u015fanan s\u0131k\u0131nt\u0131lar bazen farkl\u0131 anlar\u0131n ya\u015fanmas\u0131na sebep oluyor. VATANDA\u015e OTOB\u00dcSTE UYUDU Antalya\u2019da Konyaalt\u0131 &#8211; Varsak g\u00fczergah\u0131nda hizmet veren VC 59 levhal\u0131 otob\u00fcste ilgin\u00e7 anlar ya\u015fand\u0131. Yolculuk s\u0131ras\u0131nda yo\u011fun trafik ve uzun g\u00fczergah\u0131n etkisiyle bitkin d\u00fc\u015fen bir vatanda\u015f, otob\u00fcste uyuyarak yorgunlu\u011funu atmaya \u00e7al\u0131\u015ft\u0131. UYUYAN VATANDA\u015e TEBESS\u00dcM YARATTI Terliklerini \u00e7\u0131kar\u0131p ayaklar\u0131n\u0131 uzatarak rahat bir pozisyonda k\u0131sa bir \u015fekerleme yapan yolcu, \u00e7evredeki di\u011fer yolcular\u0131n dikkatini \u00e7ekti. Toplu ta\u015f\u0131ma ara\u00e7lar\u0131nda uzun s\u00fcren yolculuklar\u0131n bazen beklenmedik g\u00f6r\u00fcnt\u00fclere sahne oldu\u011funu g\u00f6steren bu olay, otob\u00fcste seyahat edenler aras\u0131nda tebess\u00fcm yaratt\u0131. \u200bAntalya\u2019da toplu ta\u015f\u0131ma arac\u0131n\u0131 kullanan vatanda\u015f, yo\u011fun trafik ve bitmeyen yolculuktan bitkin d\u00fc\u015ferek otob\u00fcste uyudu. Konyaalt\u0131 \u00a0&#8211; Varsak g\u00fczergah\u0131nda hizmet veren VC 59 levhal\u0131 otob\u00fcste ya\u015fanan olayda vatanda\u015f, terliklerini \u00e7\u0131kar\u0131p ayaklar\u0131n\u0131 uzatarak &hellip;<\/p>","protected":false},"author":5,"featured_media":0,"comment_status":"","ping_status":"open","sticky":false,"template":"","format":"standard","meta":{"_acf_changed":false,"footnotes":""},"categories":[24],"tags":[],"class_list":["post-88241","post","type-post","status-publish","format-standard","has-post-thumbnail","hentry","category-gundem"],"acf":[],"yoast_head":"<!-- This site is optimized with the Yoast SEO Premium plugin v26.6 (Yoast SEO v27.1.1) - https:\/\/yoast.com\/product\/yoast-seo-premium-wordpress\/ -->\n<title>Antalya\u2019da toplum ula\u015f\u0131m uyuttu: Vatanda\u015f terliklerini \u00e7\u0131kar\u0131p mis gibi dinlendi - Av. Deniz Can K\u0131z\u0131l<\/title>\n<meta name=\"robots\" content=\"index, follow, max-snippet:-1, max-image-preview:large, max-video-preview:-1\" \/>\n<link rel=\"canonical\" href=\"https:\/\/denizcankizil.tr\/de\/haberler\/gundem\/antalyada-toplum-ulasim-uyuttu-vatandas-terliklerini-cikarip-mis-gibi-dinlendi\/\" \/>\n<meta property=\"og:locale\" content=\"de_DE\" \/>\n<meta property=\"og:type\" content=\"article\" \/>\n<meta property=\"og:title\" content=\"Antalya\u2019da toplum ula\u015f\u0131m uyuttu: Vatanda\u015f terliklerini \u00e7\u0131kar\u0131p mis gibi dinlendi\" \/>\n<meta property=\"og:description\" content=\"Antalya\u2019da y\u0131llard\u0131r \u00e7\u00f6z\u00fclemeyen toplu ula\u015f\u0131m sorunu nedeniyle yolcular art\u0131k otob\u00fcste uyumaya ba\u015flad\u0131. Uzun s\u00fcren yolculuklar, gelmeyen otob\u00fcsler, dolu gelen otob\u00fcsler derken \u015fehir i\u00e7inde toplu ula\u015f\u0131m\u0131 kullanmak i\u015fkence haline geldi. Antalya B\u00fcy\u00fck\u015fehir Belediyesi son ald\u0131\u011f\u0131 kararla baz\u0131 g\u00fczergahlarda otob\u00fcslerin sadece sa\u011f \u015feridi kullanmas\u0131na izin verdi. SA\u011e \u015eER\u0130T UYGULAMASI DEVAM ED\u0130YOR Yakla\u015f\u0131k 2 ayd\u0131r devam eden sa\u011f \u015ferit uygulamas\u0131ndan hem yolcular hem de otob\u00fcs \u015fof\u00f6rleri \u015fimdilik memnun g\u00f6r\u00fcn\u00fcyor. Fakat \u015fehir merkezinde yollar\u0131n yetersizli\u011fi, pik saatlerde otob\u00fcslerin azl\u0131\u011f\u0131 nedeniyle d\u00fcnya kenti Antalya\u2019da toplu ula\u015f\u0131m sorunu yarat\u0131yor. Toplu ula\u015f\u0131mda ya\u015fanan s\u0131k\u0131nt\u0131lar bazen farkl\u0131 anlar\u0131n ya\u015fanmas\u0131na sebep oluyor. VATANDA\u015e OTOB\u00dcSTE UYUDU Antalya\u2019da Konyaalt\u0131 &#8211; Varsak g\u00fczergah\u0131nda hizmet veren VC 59 levhal\u0131 otob\u00fcste ilgin\u00e7 anlar ya\u015fand\u0131. Yolculuk s\u0131ras\u0131nda yo\u011fun trafik ve uzun g\u00fczergah\u0131n etkisiyle bitkin d\u00fc\u015fen bir vatanda\u015f, otob\u00fcste uyuyarak yorgunlu\u011funu atmaya \u00e7al\u0131\u015ft\u0131. UYUYAN VATANDA\u015e TEBESS\u00dcM YARATTI Terliklerini \u00e7\u0131kar\u0131p ayaklar\u0131n\u0131 uzatarak rahat bir pozisyonda k\u0131sa bir \u015fekerleme yapan yolcu, \u00e7evredeki di\u011fer yolcular\u0131n dikkatini \u00e7ekti. Toplu ta\u015f\u0131ma ara\u00e7lar\u0131nda uzun s\u00fcren yolculuklar\u0131n bazen beklenmedik g\u00f6r\u00fcnt\u00fclere sahne oldu\u011funu g\u00f6steren bu olay, otob\u00fcste seyahat edenler aras\u0131nda tebess\u00fcm yaratt\u0131. \u200bAntalya\u2019da toplu ta\u015f\u0131ma arac\u0131n\u0131 kullanan vatanda\u015f, yo\u011fun trafik ve bitmeyen yolculuktan bitkin d\u00fc\u015ferek otob\u00fcste uyudu. Konyaalt\u0131 \u00a0&#8211; Varsak g\u00fczergah\u0131nda hizmet veren VC 59 levhal\u0131 otob\u00fcste ya\u015fanan olayda vatanda\u015f, terliklerini \u00e7\u0131kar\u0131p ayaklar\u0131n\u0131 uzatarak &hellip;\" \/>\n<meta property=\"og:url\" content=\"https:\/\/denizcankizil.tr\/de\/haberler\/gundem\/antalyada-toplum-ulasim-uyuttu-vatandas-terliklerini-cikarip-mis-gibi-dinlendi\/\" \/>\n<meta property=\"og:site_name\" content=\"Av. Deniz Can K\u0131z\u0131l\" \/>\n<meta property=\"article:published_time\" content=\"2025-05-16T07:41:16+00:00\" \/>\n<meta name=\"author\" content=\"Antalya K\u00f6rfez\" \/>\n<meta name=\"twitter:card\" content=\"summary_large_image\" \/>\n<meta name=\"twitter:label1\" content=\"Verfasst von\" \/>\n\t<meta name=\"twitter:data1\" content=\"Antalya K\u00f6rfez\" \/>\n\t<meta name=\"twitter:label2\" content=\"Gesch\u00e4tzte Lesezeit\" \/>\n\t<meta name=\"twitter:data2\" content=\"1\u00a0Minute\" \/>\n<script type=\"application\/ld+json\" class=\"yoast-schema-graph\">{\"@context\":\"https:\/\/schema.org\",\"@graph\":[{\"@type\":\"Article\",\"@id\":\"https:\/\/denizcankizil.tr\/de\/haberler\/gundem\/antalyada-toplum-ulasim-uyuttu-vatandas-terliklerini-cikarip-mis-gibi-dinlendi\/#article\",\"isPartOf\":{\"@id\":\"https:\/\/denizcankizil.tr\/de\/haberler\/gundem\/antalyada-toplum-ulasim-uyuttu-vatandas-terliklerini-cikarip-mis-gibi-dinlendi\/\"},\"author\":{\"name\":\"Antalya K\u00f6rfez\",\"@id\":\"https:\/\/denizcankizil.tr\/#\/schema\/person\/e1eb71bb4dd684d46563f0af307e1234\"},\"headline\":\"Antalya\u2019da toplum ula\u015f\u0131m uyuttu: Vatanda\u015f terliklerini \u00e7\u0131kar\u0131p mis gibi dinlendi\",\"datePublished\":\"2025-05-16T07:41:16+00:00\",\"mainEntityOfPage\":{\"@id\":\"https:\/\/denizcankizil.tr\/de\/haberler\/gundem\/antalyada-toplum-ulasim-uyuttu-vatandas-terliklerini-cikarip-mis-gibi-dinlendi\/\"},\"wordCount\":311,\"publisher\":{\"@id\":\"https:\/\/denizcankizil.tr\/#organization\"},\"articleSection\":[\"G\u00fcndem\"],\"inLanguage\":\"de\"},{\"@type\":\"WebPage\",\"@id\":\"https:\/\/denizcankizil.tr\/de\/haberler\/gundem\/antalyada-toplum-ulasim-uyuttu-vatandas-terliklerini-cikarip-mis-gibi-dinlendi\/\",\"url\":\"https:\/\/denizcankizil.tr\/de\/haberler\/gundem\/antalyada-toplum-ulasim-uyuttu-vatandas-terliklerini-cikarip-mis-gibi-dinlendi\/\",\"name\":\"Antalya\u2019da toplum ula\u015f\u0131m uyuttu: Vatanda\u015f terliklerini \u00e7\u0131kar\u0131p mis gibi dinlendi - Av. Deniz Can K\u0131z\u0131l\",\"isPartOf\":{\"@id\":\"https:\/\/denizcankizil.tr\/#website\"},\"datePublished\":\"2025-05-16T07:41:16+00:00\",\"breadcrumb\":{\"@id\":\"https:\/\/denizcankizil.tr\/de\/haberler\/gundem\/antalyada-toplum-ulasim-uyuttu-vatandas-terliklerini-cikarip-mis-gibi-dinlendi\/#breadcrumb\"},\"inLanguage\":\"de\",\"potentialAction\":[{\"@type\":\"ReadAction\",\"target\":[\"https:\/\/denizcankizil.tr\/de\/haberler\/gundem\/antalyada-toplum-ulasim-uyuttu-vatandas-terliklerini-cikarip-mis-gibi-dinlendi\/\"]}]},{\"@type\":\"BreadcrumbList\",\"@id\":\"https:\/\/denizcankizil.tr\/de\/haberler\/gundem\/antalyada-toplum-ulasim-uyuttu-vatandas-terliklerini-cikarip-mis-gibi-dinlendi\/#breadcrumb\",\"itemListElement\":[{\"@type\":\"ListItem\",\"position\":1,\"name\":\"Home\",\"item\":\"https:\/\/denizcankizil.tr\/de\/\"},{\"@type\":\"ListItem\",\"position\":2,\"name\":\"Antalya\u2019da toplum ula\u015f\u0131m uyuttu: Vatanda\u015f terliklerini \u00e7\u0131kar\u0131p mis gibi dinlendi\"}]},{\"@type\":\"WebSite\",\"@id\":\"https:\/\/denizcankizil.tr\/#website\",\"url\":\"https:\/\/denizcankizil.tr\/\",\"name\":\"Av. Deniz Can K\u0131z\u0131l\",\"description\":\"Avukat Deniz Can K\u0131z\u0131l Antalya Barosu\",\"publisher\":{\"@id\":\"https:\/\/denizcankizil.tr\/#organization\"},\"potentialAction\":[{\"@type\":\"SearchAction\",\"target\":{\"@type\":\"EntryPoint\",\"urlTemplate\":\"https:\/\/denizcankizil.tr\/?s={search_term_string}\"},\"query-input\":{\"@type\":\"PropertyValueSpecification\",\"valueRequired\":true,\"valueName\":\"search_term_string\"}}],\"inLanguage\":\"de\"},{\"@type\":\"Organization\",\"@id\":\"https:\/\/denizcankizil.tr\/#organization\",\"name\":\"Av. Deniz Can K\u0131z\u0131l\",\"url\":\"https:\/\/denizcankizil.tr\/\",\"logo\":{\"@type\":\"ImageObject\",\"inLanguage\":\"de\",\"@id\":\"https:\/\/denizcankizil.tr\/#\/schema\/logo\/image\/\",\"url\":\"https:\/\/denizcankizil.tr\/wp-content\/uploads\/2024\/10\/siyah-logo-svg.svg\",\"contentUrl\":\"https:\/\/denizcankizil.tr\/wp-content\/uploads\/2024\/10\/siyah-logo-svg.svg\",\"width\":1080,\"height\":1080,\"caption\":\"Av. Deniz Can K\u0131z\u0131l\"},\"image\":{\"@id\":\"https:\/\/denizcankizil.tr\/#\/schema\/logo\/image\/\"}},{\"@type\":\"Person\",\"@id\":\"https:\/\/denizcankizil.tr\/#\/schema\/person\/e1eb71bb4dd684d46563f0af307e1234\",\"name\":\"Antalya K\u00f6rfez\",\"image\":{\"@type\":\"ImageObject\",\"inLanguage\":\"de\",\"@id\":\"https:\/\/denizcankizil.tr\/#\/schema\/person\/image\/\",\"url\":\"https:\/\/secure.gravatar.com\/avatar\/42b01982558a48a0b501fdcab6a408d3717ea5919095ee2e67b0e521799c5905?s=96&d=mm&r=g\",\"contentUrl\":\"https:\/\/secure.gravatar.com\/avatar\/42b01982558a48a0b501fdcab6a408d3717ea5919095ee2e67b0e521799c5905?s=96&d=mm&r=g\",\"caption\":\"Antalya K\u00f6rfez\"},\"sameAs\":[\"http:\/\/www.antalyakorfez.com\"],\"url\":\"https:\/\/www.antalyakorfez.com\/antalyada-toplum-ulasim-uyuttu-vatandas-terliklerini-cikarip-mis-gibi-dinlendi\"}]}<\/script>\n<!-- \/ Yoast SEO Premium plugin. -->","yoast_head_json":{"title":"Antalya\u2019da toplum ula\u015f\u0131m uyuttu: Vatanda\u015f terliklerini \u00e7\u0131kar\u0131p mis gibi dinlendi - Av. Deniz Can K\u0131z\u0131l","robots":{"index":"index","follow":"follow","max-snippet":"max-snippet:-1","max-image-preview":"max-image-preview:large","max-video-preview":"max-video-preview:-1"},"canonical":"https:\/\/denizcankizil.tr\/de\/haberler\/gundem\/antalyada-toplum-ulasim-uyuttu-vatandas-terliklerini-cikarip-mis-gibi-dinlendi\/","og_locale":"de_DE","og_type":"article","og_title":"Antalya\u2019da toplum ula\u015f\u0131m uyuttu: Vatanda\u015f terliklerini \u00e7\u0131kar\u0131p mis gibi dinlendi","og_description":"Antalya\u2019da y\u0131llard\u0131r \u00e7\u00f6z\u00fclemeyen toplu ula\u015f\u0131m sorunu nedeniyle yolcular art\u0131k otob\u00fcste uyumaya ba\u015flad\u0131. Uzun s\u00fcren yolculuklar, gelmeyen otob\u00fcsler, dolu gelen otob\u00fcsler derken \u015fehir i\u00e7inde toplu ula\u015f\u0131m\u0131 kullanmak i\u015fkence haline geldi. Antalya B\u00fcy\u00fck\u015fehir Belediyesi son ald\u0131\u011f\u0131 kararla baz\u0131 g\u00fczergahlarda otob\u00fcslerin sadece sa\u011f \u015feridi kullanmas\u0131na izin verdi. SA\u011e \u015eER\u0130T UYGULAMASI DEVAM ED\u0130YOR Yakla\u015f\u0131k 2 ayd\u0131r devam eden sa\u011f \u015ferit uygulamas\u0131ndan hem yolcular hem de otob\u00fcs \u015fof\u00f6rleri \u015fimdilik memnun g\u00f6r\u00fcn\u00fcyor. Fakat \u015fehir merkezinde yollar\u0131n yetersizli\u011fi, pik saatlerde otob\u00fcslerin azl\u0131\u011f\u0131 nedeniyle d\u00fcnya kenti Antalya\u2019da toplu ula\u015f\u0131m sorunu yarat\u0131yor. Toplu ula\u015f\u0131mda ya\u015fanan s\u0131k\u0131nt\u0131lar bazen farkl\u0131 anlar\u0131n ya\u015fanmas\u0131na sebep oluyor. VATANDA\u015e OTOB\u00dcSTE UYUDU Antalya\u2019da Konyaalt\u0131 &#8211; Varsak g\u00fczergah\u0131nda hizmet veren VC 59 levhal\u0131 otob\u00fcste ilgin\u00e7 anlar ya\u015fand\u0131. Yolculuk s\u0131ras\u0131nda yo\u011fun trafik ve uzun g\u00fczergah\u0131n etkisiyle bitkin d\u00fc\u015fen bir vatanda\u015f, otob\u00fcste uyuyarak yorgunlu\u011funu atmaya \u00e7al\u0131\u015ft\u0131. UYUYAN VATANDA\u015e TEBESS\u00dcM YARATTI Terliklerini \u00e7\u0131kar\u0131p ayaklar\u0131n\u0131 uzatarak rahat bir pozisyonda k\u0131sa bir \u015fekerleme yapan yolcu, \u00e7evredeki di\u011fer yolcular\u0131n dikkatini \u00e7ekti. Toplu ta\u015f\u0131ma ara\u00e7lar\u0131nda uzun s\u00fcren yolculuklar\u0131n bazen beklenmedik g\u00f6r\u00fcnt\u00fclere sahne oldu\u011funu g\u00f6steren bu olay, otob\u00fcste seyahat edenler aras\u0131nda tebess\u00fcm yaratt\u0131. \u200bAntalya\u2019da toplu ta\u015f\u0131ma arac\u0131n\u0131 kullanan vatanda\u015f, yo\u011fun trafik ve bitmeyen yolculuktan bitkin d\u00fc\u015ferek otob\u00fcste uyudu. Konyaalt\u0131 \u00a0&#8211; Varsak g\u00fczergah\u0131nda hizmet veren VC 59 levhal\u0131 otob\u00fcste ya\u015fanan olayda vatanda\u015f, terliklerini \u00e7\u0131kar\u0131p ayaklar\u0131n\u0131 uzatarak &hellip;","og_url":"https:\/\/denizcankizil.tr\/de\/haberler\/gundem\/antalyada-toplum-ulasim-uyuttu-vatandas-terliklerini-cikarip-mis-gibi-dinlendi\/","og_site_name":"Av. Deniz Can K\u0131z\u0131l","article_published_time":"2025-05-16T07:41:16+00:00","author":"Antalya K\u00f6rfez","twitter_card":"summary_large_image","twitter_misc":{"Verfasst von":"Antalya K\u00f6rfez","Gesch\u00e4tzte Lesezeit":"1\u00a0Minute"},"schema":{"@context":"https:\/\/schema.org","@graph":[{"@type":"Article","@id":"https:\/\/denizcankizil.tr\/de\/haberler\/gundem\/antalyada-toplum-ulasim-uyuttu-vatandas-terliklerini-cikarip-mis-gibi-dinlendi\/#article","isPartOf":{"@id":"https:\/\/denizcankizil.tr\/de\/haberler\/gundem\/antalyada-toplum-ulasim-uyuttu-vatandas-terliklerini-cikarip-mis-gibi-dinlendi\/"},"author":{"name":"Antalya K\u00f6rfez","@id":"https:\/\/denizcankizil.tr\/#\/schema\/person\/e1eb71bb4dd684d46563f0af307e1234"},"headline":"Antalya\u2019da toplum ula\u015f\u0131m uyuttu: Vatanda\u015f terliklerini \u00e7\u0131kar\u0131p mis gibi dinlendi","datePublished":"2025-05-16T07:41:16+00:00","mainEntityOfPage":{"@id":"https:\/\/denizcankizil.tr\/de\/haberler\/gundem\/antalyada-toplum-ulasim-uyuttu-vatandas-terliklerini-cikarip-mis-gibi-dinlendi\/"},"wordCount":311,"publisher":{"@id":"https:\/\/denizcankizil.tr\/#organization"},"articleSection":["G\u00fcndem"],"inLanguage":"de"},{"@type":"WebPage","@id":"https:\/\/denizcankizil.tr\/de\/haberler\/gundem\/antalyada-toplum-ulasim-uyuttu-vatandas-terliklerini-cikarip-mis-gibi-dinlendi\/","url":"https:\/\/denizcankizil.tr\/de\/haberler\/gundem\/antalyada-toplum-ulasim-uyuttu-vatandas-terliklerini-cikarip-mis-gibi-dinlendi\/","name":"Antalya\u2019da toplum ula\u015f\u0131m uyuttu: Vatanda\u015f terliklerini \u00e7\u0131kar\u0131p mis gibi dinlendi - Av. Deniz Can K\u0131z\u0131l","isPartOf":{"@id":"https:\/\/denizcankizil.tr\/#website"},"datePublished":"2025-05-16T07:41:16+00:00","breadcrumb":{"@id":"https:\/\/denizcankizil.tr\/de\/haberler\/gundem\/antalyada-toplum-ulasim-uyuttu-vatandas-terliklerini-cikarip-mis-gibi-dinlendi\/#breadcrumb"},"inLanguage":"de","potentialAction":[{"@type":"ReadAction","target":["https:\/\/denizcankizil.tr\/de\/haberler\/gundem\/antalyada-toplum-ulasim-uyuttu-vatandas-terliklerini-cikarip-mis-gibi-dinlendi\/"]}]},{"@type":"BreadcrumbList","@id":"https:\/\/denizcankizil.tr\/de\/haberler\/gundem\/antalyada-toplum-ulasim-uyuttu-vatandas-terliklerini-cikarip-mis-gibi-dinlendi\/#breadcrumb","itemListElement":[{"@type":"ListItem","position":1,"name":"Home","item":"https:\/\/denizcankizil.tr\/de\/"},{"@type":"ListItem","position":2,"name":"Antalya\u2019da toplum ula\u015f\u0131m uyuttu: Vatanda\u015f terliklerini \u00e7\u0131kar\u0131p mis gibi dinlendi"}]},{"@type":"WebSite","@id":"https:\/\/denizcankizil.tr\/#website","url":"https:\/\/denizcankizil.tr\/","name":"Av. Deniz Can K\u0131z\u0131l","description":"Avukat Deniz Can K\u0131z\u0131l Antalya Barosu","publisher":{"@id":"https:\/\/denizcankizil.tr\/#organization"},"potentialAction":[{"@type":"SearchAction","target":{"@type":"EntryPoint","urlTemplate":"https:\/\/denizcankizil.tr\/?s={search_term_string}"},"query-input":{"@type":"PropertyValueSpecification","valueRequired":true,"valueName":"search_term_string"}}],"inLanguage":"de"},{"@type":"Organization","@id":"https:\/\/denizcankizil.tr\/#organization","name":"Av. Deniz Can K\u0131z\u0131l","url":"https:\/\/denizcankizil.tr\/","logo":{"@type":"ImageObject","inLanguage":"de","@id":"https:\/\/denizcankizil.tr\/#\/schema\/logo\/image\/","url":"https:\/\/denizcankizil.tr\/wp-content\/uploads\/2024\/10\/siyah-logo-svg.svg","contentUrl":"https:\/\/denizcankizil.tr\/wp-content\/uploads\/2024\/10\/siyah-logo-svg.svg","width":1080,"height":1080,"caption":"Av. Deniz Can K\u0131z\u0131l"},"image":{"@id":"https:\/\/denizcankizil.tr\/#\/schema\/logo\/image\/"}},{"@type":"Person","@id":"https:\/\/denizcankizil.tr\/#\/schema\/person\/e1eb71bb4dd684d46563f0af307e1234","name":"Antalya K\u00f6rfez","image":{"@type":"ImageObject","inLanguage":"de","@id":"https:\/\/denizcankizil.tr\/#\/schema\/person\/image\/","url":"https:\/\/secure.gravatar.com\/avatar\/42b01982558a48a0b501fdcab6a408d3717ea5919095ee2e67b0e521799c5905?s=96&d=mm&r=g","contentUrl":"https:\/\/secure.gravatar.com\/avatar\/42b01982558a48a0b501fdcab6a408d3717ea5919095ee2e67b0e521799c5905?s=96&d=mm&r=g","caption":"Antalya K\u00f6rfez"},"sameAs":["http:\/\/www.antalyakorfez.com"],"url":"https:\/\/www.antalyakorfez.com\/antalyada-toplum-ulasim-uyuttu-vatandas-terliklerini-cikarip-mis-gibi-dinlendi"}]}},"_links":{"self":[{"href":"https:\/\/denizcankizil.tr\/de\/wp-json\/wp\/v2\/posts\/88241","targetHints":{"allow":["GET"]}}],"collection":[{"href":"https:\/\/denizcankizil.tr\/de\/wp-json\/wp\/v2\/posts"}],"about":[{"href":"https:\/\/denizcankizil.tr\/de\/wp-json\/wp\/v2\/types\/post"}],"author":[{"embeddable":true,"href":"https:\/\/denizcankizil.tr\/de\/wp-json\/wp\/v2\/users\/5"}],"replies":[{"embeddable":true,"href":"https:\/\/denizcankizil.tr\/de\/wp-json\/wp\/v2\/comments?post=88241"}],"version-history":[{"count":0,"href":"https:\/\/denizcankizil.tr\/de\/wp-json\/wp\/v2\/posts\/88241\/revisions"}],"wp:attachment":[{"href":"https:\/\/denizcankizil.tr\/de\/wp-json\/wp\/v2\/media?parent=88241"}],"wp:term":[{"taxonomy":"category","embeddable":true,"href":"https:\/\/denizcankizil.tr\/de\/wp-json\/wp\/v2\/categories?post=88241"},{"taxonomy":"post_tag","embeddable":true,"href":"https:\/\/denizcankizil.tr\/de\/wp-json\/wp\/v2\/tags?post=88241"}],"curies":[{"name":"wp","href":"https:\/\/api.w.org\/{rel}","templated":true}]}}