{"id":87734,"date":"2025-05-15T22:42:10","date_gmt":"2025-05-15T19:42:10","guid":{"rendered":"https:\/\/denizcankizil.tr\/uncategorized-tr\/golcukte-engelsiz-bahar-festivali-coskusu\/"},"modified":"2025-05-15T22:42:10","modified_gmt":"2025-05-15T19:42:10","slug":"golcukte-engelsiz-bahar-festivali-coskusu","status":"publish","type":"post","link":"https:\/\/denizcankizil.tr\/de\/haberler\/gundem\/golcukte-engelsiz-bahar-festivali-coskusu\/","title":{"rendered":"G\u00f6lc\u00fck\u2019te Engelsiz Bahar Festivali Co\u015fkusu"},"content":{"rendered":"<p>Kocaeli B\u00fcy\u00fck\u015fehir Belediyesi ve G\u00f6lc\u00fck Belediyesi\u2019nin deste\u011fiyle, G\u00f6lc\u00fck Denizevler sahilinde d\u00fczenlenen \u201cEngelsiz Bahar Festivali\u201d renkli g\u00f6r\u00fcnt\u00fclere sahne oldu. Festivalde, engelli bireyler ve aileleri unutulmaz bir g\u00fcn ya\u015fad\u0131.<\/p>\n<p>\u200bKocaeli B\u00fcy\u00fck\u015fehir Belediyesi ve G\u00f6lc\u00fck Belediyesi\u2019nin deste\u011fiyle, G\u00f6lc\u00fck Denizevler sahilinde d\u00fczenlenen \u201cEngelsiz Bahar Festivali\u201d renkli g\u00f6r\u00fcnt\u00fclere sahne oldu. Festivalde, engelli bireyler ve aileleri unutulmaz bir g\u00fcn ya\u015fad\u0131.\u00a0<\/p>\n<p>\u200bHaberin Al\u0131nt\u0131land\u0131\u011f\u0131 Kaynak: www.iskenderun.org<\/p>","protected":false},"excerpt":{"rendered":"<p>Kocaeli B\u00fcy\u00fck\u015fehir Belediyesi ve G\u00f6lc\u00fck Belediyesi\u2019nin deste\u011fiyle, G\u00f6lc\u00fck Denizevler sahilinde d\u00fczenlenen \u201cEngelsiz Bahar Festivali\u201d renkli g\u00f6r\u00fcnt\u00fclere sahne oldu. Festivalde, engelli bireyler ve aileleri unutulmaz bir g\u00fcn ya\u015fad\u0131. \u200bKocaeli B\u00fcy\u00fck\u015fehir Belediyesi ve G\u00f6lc\u00fck Belediyesi\u2019nin deste\u011fiyle, G\u00f6lc\u00fck Denizevler sahilinde d\u00fczenlenen \u201cEngelsiz Bahar Festivali\u201d renkli g\u00f6r\u00fcnt\u00fclere sahne oldu. Festivalde, engelli bireyler ve aileleri unutulmaz bir g\u00fcn ya\u015fad\u0131.\u00a0 \u200bHaberin Al\u0131nt\u0131land\u0131\u011f\u0131 Kaynak: www.iskenderun.org<\/p>","protected":false},"author":1,"featured_media":0,"comment_status":"","ping_status":"open","sticky":false,"template":"","format":"standard","meta":{"_acf_changed":false,"footnotes":""},"categories":[24],"tags":[],"class_list":["post-87734","post","type-post","status-publish","format-standard","has-post-thumbnail","hentry","category-gundem"],"acf":[],"yoast_head":"<!-- This site is optimized with the Yoast SEO Premium plugin v26.6 (Yoast SEO v27.1.1) - https:\/\/yoast.com\/product\/yoast-seo-premium-wordpress\/ -->\n<title>G\u00f6lc\u00fck\u2019te Engelsiz Bahar Festivali Co\u015fkusu - Av. Deniz Can K\u0131z\u0131l<\/title>\n<meta name=\"robots\" content=\"index, follow, max-snippet:-1, max-image-preview:large, max-video-preview:-1\" \/>\n<link rel=\"canonical\" href=\"https:\/\/denizcankizil.tr\/de\/haberler\/gundem\/golcukte-engelsiz-bahar-festivali-coskusu\/\" \/>\n<meta property=\"og:locale\" content=\"de_DE\" \/>\n<meta property=\"og:type\" content=\"article\" \/>\n<meta property=\"og:title\" content=\"G\u00f6lc\u00fck\u2019te Engelsiz Bahar Festivali Co\u015fkusu\" \/>\n<meta property=\"og:description\" content=\"Kocaeli B\u00fcy\u00fck\u015fehir Belediyesi ve G\u00f6lc\u00fck Belediyesi\u2019nin deste\u011fiyle, G\u00f6lc\u00fck Denizevler sahilinde d\u00fczenlenen \u201cEngelsiz Bahar Festivali\u201d renkli g\u00f6r\u00fcnt\u00fclere sahne oldu. Festivalde, engelli bireyler ve aileleri unutulmaz bir g\u00fcn ya\u015fad\u0131. \u200bKocaeli B\u00fcy\u00fck\u015fehir Belediyesi ve G\u00f6lc\u00fck Belediyesi\u2019nin deste\u011fiyle, G\u00f6lc\u00fck Denizevler sahilinde d\u00fczenlenen \u201cEngelsiz Bahar Festivali\u201d renkli g\u00f6r\u00fcnt\u00fclere sahne oldu. Festivalde, engelli bireyler ve aileleri unutulmaz bir g\u00fcn ya\u015fad\u0131.\u00a0 \u200bHaberin Al\u0131nt\u0131land\u0131\u011f\u0131 Kaynak: www.iskenderun.org\" \/>\n<meta property=\"og:url\" content=\"https:\/\/denizcankizil.tr\/de\/haberler\/gundem\/golcukte-engelsiz-bahar-festivali-coskusu\/\" \/>\n<meta property=\"og:site_name\" content=\"Av. Deniz Can K\u0131z\u0131l\" \/>\n<meta property=\"article:published_time\" content=\"2025-05-15T19:42:10+00:00\" \/>\n<meta name=\"author\" content=\"admin\" \/>\n<meta name=\"twitter:card\" content=\"summary_large_image\" \/>\n<meta name=\"twitter:label1\" content=\"Verfasst von\" \/>\n\t<meta name=\"twitter:data1\" content=\"admin\" \/>\n<script type=\"application\/ld+json\" class=\"yoast-schema-graph\">{\"@context\":\"https:\/\/schema.org\",\"@graph\":[{\"@type\":\"Article\",\"@id\":\"https:\/\/denizcankizil.tr\/de\/haberler\/gundem\/golcukte-engelsiz-bahar-festivali-coskusu\/#article\",\"isPartOf\":{\"@id\":\"https:\/\/denizcankizil.tr\/de\/haberler\/gundem\/golcukte-engelsiz-bahar-festivali-coskusu\/\"},\"author\":{\"name\":\"admin\",\"@id\":\"https:\/\/denizcankizil.tr\/de\/#\/schema\/person\/be3c05fe6a12686905512445d8185489\"},\"headline\":\"G\u00f6lc\u00fck\u2019te Engelsiz Bahar Festivali Co\u015fkusu\",\"datePublished\":\"2025-05-15T19:42:10+00:00\",\"mainEntityOfPage\":{\"@id\":\"https:\/\/denizcankizil.tr\/de\/haberler\/gundem\/golcukte-engelsiz-bahar-festivali-coskusu\/\"},\"wordCount\":101,\"publisher\":{\"@id\":\"https:\/\/denizcankizil.tr\/de\/#organization\"},\"articleSection\":[\"G\u00fcndem\"],\"inLanguage\":\"de\"},{\"@type\":\"WebPage\",\"@id\":\"https:\/\/denizcankizil.tr\/de\/haberler\/gundem\/golcukte-engelsiz-bahar-festivali-coskusu\/\",\"url\":\"https:\/\/denizcankizil.tr\/de\/haberler\/gundem\/golcukte-engelsiz-bahar-festivali-coskusu\/\",\"name\":\"G\u00f6lc\u00fck\u2019te Engelsiz Bahar Festivali Co\u015fkusu - Av. Deniz Can K\u0131z\u0131l\",\"isPartOf\":{\"@id\":\"https:\/\/denizcankizil.tr\/de\/#website\"},\"datePublished\":\"2025-05-15T19:42:10+00:00\",\"breadcrumb\":{\"@id\":\"https:\/\/denizcankizil.tr\/de\/haberler\/gundem\/golcukte-engelsiz-bahar-festivali-coskusu\/#breadcrumb\"},\"inLanguage\":\"de\",\"potentialAction\":[{\"@type\":\"ReadAction\",\"target\":[\"https:\/\/denizcankizil.tr\/de\/haberler\/gundem\/golcukte-engelsiz-bahar-festivali-coskusu\/\"]}]},{\"@type\":\"BreadcrumbList\",\"@id\":\"https:\/\/denizcankizil.tr\/de\/haberler\/gundem\/golcukte-engelsiz-bahar-festivali-coskusu\/#breadcrumb\",\"itemListElement\":[{\"@type\":\"ListItem\",\"position\":1,\"name\":\"Home\",\"item\":\"https:\/\/denizcankizil.tr\/de\/\"},{\"@type\":\"ListItem\",\"position\":2,\"name\":\"G\u00f6lc\u00fck\u2019te Engelsiz Bahar Festivali Co\u015fkusu\"}]},{\"@type\":\"WebSite\",\"@id\":\"https:\/\/denizcankizil.tr\/de\/#website\",\"url\":\"https:\/\/denizcankizil.tr\/de\/\",\"name\":\"Av. Deniz Can K\u0131z\u0131l\",\"description\":\"Avukat Deniz Can K\u0131z\u0131l Antalya Barosu\",\"publisher\":{\"@id\":\"https:\/\/denizcankizil.tr\/de\/#organization\"},\"potentialAction\":[{\"@type\":\"SearchAction\",\"target\":{\"@type\":\"EntryPoint\",\"urlTemplate\":\"https:\/\/denizcankizil.tr\/de\/?s={search_term_string}\"},\"query-input\":{\"@type\":\"PropertyValueSpecification\",\"valueRequired\":true,\"valueName\":\"search_term_string\"}}],\"inLanguage\":\"de\"},{\"@type\":\"Organization\",\"@id\":\"https:\/\/denizcankizil.tr\/de\/#organization\",\"name\":\"Av. Deniz Can K\u0131z\u0131l\",\"url\":\"https:\/\/denizcankizil.tr\/de\/\",\"logo\":{\"@type\":\"ImageObject\",\"inLanguage\":\"de\",\"@id\":\"https:\/\/denizcankizil.tr\/de\/#\/schema\/logo\/image\/\",\"url\":\"https:\/\/denizcankizil.tr\/wp-content\/uploads\/2024\/10\/siyah-logo-svg.svg\",\"contentUrl\":\"https:\/\/denizcankizil.tr\/wp-content\/uploads\/2024\/10\/siyah-logo-svg.svg\",\"width\":1080,\"height\":1080,\"caption\":\"Av. Deniz Can K\u0131z\u0131l\"},\"image\":{\"@id\":\"https:\/\/denizcankizil.tr\/de\/#\/schema\/logo\/image\/\"}},{\"@type\":\"Person\",\"@id\":\"https:\/\/denizcankizil.tr\/de\/#\/schema\/person\/be3c05fe6a12686905512445d8185489\",\"name\":\"admin\",\"image\":{\"@type\":\"ImageObject\",\"inLanguage\":\"de\",\"@id\":\"https:\/\/denizcankizil.tr\/de\/#\/schema\/person\/image\/\",\"url\":\"https:\/\/secure.gravatar.com\/avatar\/c1fce94c830dc79107e174f890d7210541c4a63e8e5d816341794a2151c9d58c?s=96&d=mm&r=g\",\"contentUrl\":\"https:\/\/secure.gravatar.com\/avatar\/c1fce94c830dc79107e174f890d7210541c4a63e8e5d816341794a2151c9d58c?s=96&d=mm&r=g\",\"caption\":\"admin\"},\"sameAs\":[\"http:\/\/denizcankizil.tr\"],\"url\":\"https:\/\/www.iskenderun.org\/golcukte-engelsiz-bahar-festivali-coskusu\"}]}<\/script>\n<!-- \/ Yoast SEO Premium plugin. -->","yoast_head_json":{"title":"G\u00f6lc\u00fck\u2019te Engelsiz Bahar Festivali Co\u015fkusu - Av. Deniz Can K\u0131z\u0131l","robots":{"index":"index","follow":"follow","max-snippet":"max-snippet:-1","max-image-preview":"max-image-preview:large","max-video-preview":"max-video-preview:-1"},"canonical":"https:\/\/denizcankizil.tr\/de\/haberler\/gundem\/golcukte-engelsiz-bahar-festivali-coskusu\/","og_locale":"de_DE","og_type":"article","og_title":"G\u00f6lc\u00fck\u2019te Engelsiz Bahar Festivali Co\u015fkusu","og_description":"Kocaeli B\u00fcy\u00fck\u015fehir Belediyesi ve G\u00f6lc\u00fck Belediyesi\u2019nin deste\u011fiyle, G\u00f6lc\u00fck Denizevler sahilinde d\u00fczenlenen \u201cEngelsiz Bahar Festivali\u201d renkli g\u00f6r\u00fcnt\u00fclere sahne oldu. Festivalde, engelli bireyler ve aileleri unutulmaz bir g\u00fcn ya\u015fad\u0131. \u200bKocaeli B\u00fcy\u00fck\u015fehir Belediyesi ve G\u00f6lc\u00fck Belediyesi\u2019nin deste\u011fiyle, G\u00f6lc\u00fck Denizevler sahilinde d\u00fczenlenen \u201cEngelsiz Bahar Festivali\u201d renkli g\u00f6r\u00fcnt\u00fclere sahne oldu. Festivalde, engelli bireyler ve aileleri unutulmaz bir g\u00fcn ya\u015fad\u0131.\u00a0 \u200bHaberin Al\u0131nt\u0131land\u0131\u011f\u0131 Kaynak: www.iskenderun.org","og_url":"https:\/\/denizcankizil.tr\/de\/haberler\/gundem\/golcukte-engelsiz-bahar-festivali-coskusu\/","og_site_name":"Av. Deniz Can K\u0131z\u0131l","article_published_time":"2025-05-15T19:42:10+00:00","author":"admin","twitter_card":"summary_large_image","twitter_misc":{"Verfasst von":"admin"},"schema":{"@context":"https:\/\/schema.org","@graph":[{"@type":"Article","@id":"https:\/\/denizcankizil.tr\/de\/haberler\/gundem\/golcukte-engelsiz-bahar-festivali-coskusu\/#article","isPartOf":{"@id":"https:\/\/denizcankizil.tr\/de\/haberler\/gundem\/golcukte-engelsiz-bahar-festivali-coskusu\/"},"author":{"name":"admin","@id":"https:\/\/denizcankizil.tr\/de\/#\/schema\/person\/be3c05fe6a12686905512445d8185489"},"headline":"G\u00f6lc\u00fck\u2019te Engelsiz Bahar Festivali Co\u015fkusu","datePublished":"2025-05-15T19:42:10+00:00","mainEntityOfPage":{"@id":"https:\/\/denizcankizil.tr\/de\/haberler\/gundem\/golcukte-engelsiz-bahar-festivali-coskusu\/"},"wordCount":101,"publisher":{"@id":"https:\/\/denizcankizil.tr\/de\/#organization"},"articleSection":["G\u00fcndem"],"inLanguage":"de"},{"@type":"WebPage","@id":"https:\/\/denizcankizil.tr\/de\/haberler\/gundem\/golcukte-engelsiz-bahar-festivali-coskusu\/","url":"https:\/\/denizcankizil.tr\/de\/haberler\/gundem\/golcukte-engelsiz-bahar-festivali-coskusu\/","name":"G\u00f6lc\u00fck\u2019te Engelsiz Bahar Festivali Co\u015fkusu - Av. Deniz Can K\u0131z\u0131l","isPartOf":{"@id":"https:\/\/denizcankizil.tr\/de\/#website"},"datePublished":"2025-05-15T19:42:10+00:00","breadcrumb":{"@id":"https:\/\/denizcankizil.tr\/de\/haberler\/gundem\/golcukte-engelsiz-bahar-festivali-coskusu\/#breadcrumb"},"inLanguage":"de","potentialAction":[{"@type":"ReadAction","target":["https:\/\/denizcankizil.tr\/de\/haberler\/gundem\/golcukte-engelsiz-bahar-festivali-coskusu\/"]}]},{"@type":"BreadcrumbList","@id":"https:\/\/denizcankizil.tr\/de\/haberler\/gundem\/golcukte-engelsiz-bahar-festivali-coskusu\/#breadcrumb","itemListElement":[{"@type":"ListItem","position":1,"name":"Home","item":"https:\/\/denizcankizil.tr\/de\/"},{"@type":"ListItem","position":2,"name":"G\u00f6lc\u00fck\u2019te Engelsiz Bahar Festivali Co\u015fkusu"}]},{"@type":"WebSite","@id":"https:\/\/denizcankizil.tr\/de\/#website","url":"https:\/\/denizcankizil.tr\/de\/","name":"Av. Deniz Can K\u0131z\u0131l","description":"Avukat Deniz Can K\u0131z\u0131l Antalya Barosu","publisher":{"@id":"https:\/\/denizcankizil.tr\/de\/#organization"},"potentialAction":[{"@type":"SearchAction","target":{"@type":"EntryPoint","urlTemplate":"https:\/\/denizcankizil.tr\/de\/?s={search_term_string}"},"query-input":{"@type":"PropertyValueSpecification","valueRequired":true,"valueName":"search_term_string"}}],"inLanguage":"de"},{"@type":"Organization","@id":"https:\/\/denizcankizil.tr\/de\/#organization","name":"Av. Deniz Can K\u0131z\u0131l","url":"https:\/\/denizcankizil.tr\/de\/","logo":{"@type":"ImageObject","inLanguage":"de","@id":"https:\/\/denizcankizil.tr\/de\/#\/schema\/logo\/image\/","url":"https:\/\/denizcankizil.tr\/wp-content\/uploads\/2024\/10\/siyah-logo-svg.svg","contentUrl":"https:\/\/denizcankizil.tr\/wp-content\/uploads\/2024\/10\/siyah-logo-svg.svg","width":1080,"height":1080,"caption":"Av. Deniz Can K\u0131z\u0131l"},"image":{"@id":"https:\/\/denizcankizil.tr\/de\/#\/schema\/logo\/image\/"}},{"@type":"Person","@id":"https:\/\/denizcankizil.tr\/de\/#\/schema\/person\/be3c05fe6a12686905512445d8185489","name":"Administrator","image":{"@type":"ImageObject","inLanguage":"de","@id":"https:\/\/denizcankizil.tr\/de\/#\/schema\/person\/image\/","url":"https:\/\/secure.gravatar.com\/avatar\/c1fce94c830dc79107e174f890d7210541c4a63e8e5d816341794a2151c9d58c?s=96&d=mm&r=g","contentUrl":"https:\/\/secure.gravatar.com\/avatar\/c1fce94c830dc79107e174f890d7210541c4a63e8e5d816341794a2151c9d58c?s=96&d=mm&r=g","caption":"admin"},"sameAs":["http:\/\/denizcankizil.tr"],"url":"https:\/\/www.iskenderun.org\/golcukte-engelsiz-bahar-festivali-coskusu"}]}},"_links":{"self":[{"href":"https:\/\/denizcankizil.tr\/de\/wp-json\/wp\/v2\/posts\/87734","targetHints":{"allow":["GET"]}}],"collection":[{"href":"https:\/\/denizcankizil.tr\/de\/wp-json\/wp\/v2\/posts"}],"about":[{"href":"https:\/\/denizcankizil.tr\/de\/wp-json\/wp\/v2\/types\/post"}],"author":[{"embeddable":true,"href":"https:\/\/denizcankizil.tr\/de\/wp-json\/wp\/v2\/users\/1"}],"replies":[{"embeddable":true,"href":"https:\/\/denizcankizil.tr\/de\/wp-json\/wp\/v2\/comments?post=87734"}],"version-history":[{"count":0,"href":"https:\/\/denizcankizil.tr\/de\/wp-json\/wp\/v2\/posts\/87734\/revisions"}],"wp:attachment":[{"href":"https:\/\/denizcankizil.tr\/de\/wp-json\/wp\/v2\/media?parent=87734"}],"wp:term":[{"taxonomy":"category","embeddable":true,"href":"https:\/\/denizcankizil.tr\/de\/wp-json\/wp\/v2\/categories?post=87734"},{"taxonomy":"post_tag","embeddable":true,"href":"https:\/\/denizcankizil.tr\/de\/wp-json\/wp\/v2\/tags?post=87734"}],"curies":[{"name":"wp","href":"https:\/\/api.w.org\/{rel}","templated":true}]}}