{"id":87490,"date":"2025-05-15T17:36:00","date_gmt":"2025-05-15T14:36:00","guid":{"rendered":"https:\/\/denizcankizil.tr\/uncategorized-tr\/yargitay-8-ceza-dairesinin-2024-3075-e-2024-9386-k-sayili-karari\/"},"modified":"2025-05-15T17:36:00","modified_gmt":"2025-05-15T14:36:00","slug":"yargitay-8-ceza-dairesinin-2024-3075-e-2024-9386-k-sayili-karari","status":"publish","type":"post","link":"https:\/\/denizcankizil.tr\/de\/hukukihaber\/yargitay-8-ceza-dairesinin-2024-3075-e-2024-9386-k-sayili-karari\/","title":{"rendered":"Yarg\u0131tay 8. Ceza Dairesi\u2019nin 2024\/3075 E., 2024\/9386 K. say\u0131l\u0131 karar\u0131"},"content":{"rendered":"<p>T.C.<\/p>\n<p>Yarg\u0131tay <\/p>\n<p>8. Ceza Dairesi<\/p>\n<p>2024\/3075 E., 2024\/9386 K.<\/p>\n<p>&#8220;\u0130\u00e7tihat Metni&#8221;<\/p>\n<p>MAHKEMES\u0130 :Ceza Dairesi<br \/>\nSAYISI : 2023\/448 E., 2023\/532 K.<br \/>\nSU\u00c7 : Uyu\u015fturucu madde ticareti yapma<br \/>\nH\u00dcK\u00dcM : H\u00fckm\u00fcn d\u00fczeltilerek istinaf ba\u015fvurusunun esastan reddi<br \/>\nTEBL\u0130\u011eNAME G\u00d6R\u00dc\u015e\u00dc : Onama<\/p>\n<p>\u0130lk Derece Mahkemesince verilen h\u00fckme y\u00f6nelik istinaf incelemesi \u00fczerine B\u00f6lge Adliye Mahkemesi taraf\u0131ndan verilen karar\u0131n; 5271 say\u0131l\u0131 Ceza Muhakemesi Kanunu\u2019nun (5271 say\u0131l\u0131 Kanun) 286 nc\u0131 maddesinin birinci f\u0131kras\u0131 uyar\u0131nca temyiz edilebilir oldu\u011fu, 260 \u0131nc\u0131 maddesinin birinci f\u0131kras\u0131 gere\u011fi temyiz edenlerin h\u00fckm\u00fc temyize hak ve yetkilerinin bulundu\u011fu, 291 inci maddesinin birinci f\u0131kras\u0131 gere\u011fi temyiz istemlerinin s\u00fcresinde oldu\u011fu, 294 \u00fcnc\u00fc maddesinin birinci f\u0131kras\u0131 gere\u011fi temyiz dilek\u00e7elerinde temyiz sebeplerine yer verildi\u011fi, 298 inci maddesinin birinci f\u0131kras\u0131 gere\u011fi temyiz istemlerinin reddini gerektirir bir durumun bulunmad\u0131\u011f\u0131 yap\u0131lan \u00f6n inceleme neticesinde tespit edilmekle, gere\u011fi d\u00fc\u015f\u00fcn\u00fcld\u00fc:<\/p>\n<p>I.HUKUK\u0130 S\u00dcRE\u00c7<\/p>\n<p>1. Ankara Cumhuriyet Ba\u015fsavc\u0131l\u0131\u011f\u0131n\u0131n, 10.02.2022 tarihli iddianamesi ile san\u0131k hakk\u0131nda uyu\u015fturucu madde ticareti yapma su\u00e7undan, 5237 say\u0131l\u0131 T\u00fcrk Ceza Kanunu\u2019nun (5237 say\u0131l\u0131 Kanun) 188 inci maddesinin \u00fc\u00e7\u00fcnc\u00fc f\u0131kras\u0131, d\u00f6rd\u00fcnc\u00fc f\u0131kras\u0131, 43 \u00fcnc\u00fc maddesi uyar\u0131ca cezaland\u0131r\u0131lmas\u0131 istemiyle dava a\u00e7\u0131lm\u0131\u015ft\u0131r.<\/p>\n<p>2. Ankara Cumhuriyet Ba\u015fsavc\u0131l\u0131\u011f\u0131n\u0131n, 16.03.2022 tarihli iddianamesi ile san\u0131k hakk\u0131nda uyu\u015fturucu madde ticareti yapma su\u00e7undan, 5237 say\u0131l\u0131 Kanun&#8217;un 188 inci maddesinin \u00fc\u00e7\u00fcnc\u00fc f\u0131kras\u0131, d\u00f6rd\u00fcnc\u00fc f\u0131kras\u0131, d\u00f6rd\u00fcnc\u00fc f\u0131kras\u0131n\u0131n (a) bendi, uyar\u0131ca cezaland\u0131r\u0131lmas\u0131 istemiyle dava a\u00e7\u0131lm\u0131\u015ft\u0131r. Ankara 33. A\u011f\u0131r Ceza Mahkemesinin, 14.04.2022 tarihli ve 2022\/42 Esas, 2022\/118 Karar say\u0131l\u0131 karar\u0131 ile Ankara 16. A\u011f\u0131r Ceza Mahkemesinin 2022\/74 Esas say\u0131l\u0131 dosyas\u0131 ile aralar\u0131nda hukuki ve fiili irtibat bulunmas\u0131 sebebiyle her iki dosyan\u0131n birle\u015ftirilmesine, yarg\u0131lamaya Ankara 16. A\u011f\u0131r Ceza Mahkemesinin 2022\/74 Esas say\u0131l\u0131 dosyas\u0131 \u00fczerinden devam olunmas\u0131na karar verilmi\u015ftir.<\/p>\n<p>3. Ankara 16. A\u011f\u0131r Ceza Mahkemesinin, 15.12.2022 tarihli ve 2022\/74 Esas, 2022\/298 Karar say\u0131l\u0131 karar\u0131 ile san\u0131\u011f\u0131n uyu\u015fturucu madde ticareti yapma su\u00e7undan, 5237 say\u0131l\u0131 Kanun&#8217;un 188 inci maddesinin \u00fc\u00e7\u00fcnc\u00fc f\u0131kras\u0131, d\u00f6rd\u00fcnc\u00fc f\u0131kras\u0131n\u0131n (a) bendi, 43 \u00fcnc\u00fc maddesinin birinci f\u0131kras\u0131, 62 nci maddesi, 52 nci maddesinin ikinci f\u0131kras\u0131, 53 \u00fcnc\u00fc maddesinin birinci, ikinci, \u00fc\u00e7\u00fcnc\u00fc f\u0131kralar\u0131 uyar\u0131nca 15 y\u0131l 7 ay 15 g\u00fcn hapis ve 31.240,00 TL adli para cezas\u0131 ile cezaland\u0131r\u0131lmas\u0131na ve hak yoksunluklar\u0131na karar verilmi\u015ftir.<\/p>\n<p>4. Ankara B\u00f6lge Adliye Mahkemesi 3. Ceza Dairesinin, 06.04.2023 tarihli ve 2023\/448 Esas, 2023\/532 Karar say\u0131l\u0131 karar\u0131 ile, san\u0131k hakk\u0131nda \u0130lk Derece Mahkemesince kurulan ve re&#8217;sen de istinafa tabi olan h\u00fck\u00fcmdeki hukuka ayk\u0131r\u0131l\u0131k d\u00fczeltilerek, h\u00fckme y\u00f6nelik san\u0131k ve m\u00fcdafiinin istinaf ba\u015fvurular\u0131n\u0131n 5271 say\u0131l\u0131 Kanun\u2019un 280 inci maddesinin birinci f\u0131kras\u0131n\u0131n (a) bendi uyar\u0131nca esastan reddine karar verilmi\u015ftir.<\/p>\n<p>II. TEMY\u0130Z SEBEPLER\u0130<br \/>\nSan\u0131k ve m\u00fcdafiinin temyiz talepleri;<br \/>\nOlay tutana\u011f\u0131n\u0131n h\u00fckme esas al\u0131namayaca\u011f\u0131, tan\u0131\u011f\u0131n soru\u015fturma a\u015famas\u0131ndaki beyanlar\u0131na itibar edilemeyece\u011fi, eylemin kullanmak i\u00e7in uyu\u015fturucu madde bulundurma su\u00e7unu olu\u015fturaca\u011f\u0131 bu nedenle h\u00fckm\u00fcn bozulmas\u0131 gerekti\u011fi gerek\u00e7elerine ili\u015fkindir.<\/p>\n<p>III. OLAY VE OLGULAR<\/p>\n<p>Temyizin kapsam\u0131na g\u00f6re;<br \/>\n1. Dava konusu olay; 13.07.2021 tarihinde duran ara\u00e7 i\u00e7erisinde san\u0131k ve tan\u0131\u011f\u0131n g\u00f6r\u00fclmesi sonras\u0131 kaba \u00fcst yoklamas\u0131 yap\u0131lan san\u0131\u011f\u0131n \u00fczerindeki metamfetamin uyu\u015fturucu maddesini r\u0131zaen teslim etmesi ve arac\u0131n g\u00f6r\u00fcn\u00fcr k\u0131sm\u0131nda san\u0131k ve tan\u0131k taraf\u0131ndan sahiplenilmeyen metamfetamin uyu\u015fturucu maddesinin bulundu\u011funun g\u00f6r\u00fcld\u00fc\u011f\u00fc birinci olayda; 25.09.2021 tarihinde \u015f\u00fcphe \u00fczerine durdurulan san\u0131\u011f\u0131n \u00fczerineki sentetik kannabinoid, pregabalin i\u00e7eren hap, metamfetamin ve kubar esrar uyu\u015fturucu maddelerini r\u0131zaen teslim etti\u011fi ikinci olayda; 09.10.2021 tarihinde ev hapsine uymay\u0131p ikameti d\u0131\u015f\u0131nda g\u00f6r\u00fclen san\u0131\u011f\u0131n \u00fczerindeki sentetik kannabinoid ve metamfetamin uyu\u015fturucu maddelerini r\u0131zaen teslim etti\u011fi, san\u0131k ile uyu\u015fturucu madde kar\u015f\u0131l\u0131\u011f\u0131 cinsel ili\u015fkiye girdi\u011fini beyan eden tan\u0131\u011f\u0131n ise \u00fczerindeki san\u0131k taraf\u0131ndan tutmas\u0131 i\u00e7in verildi\u011fini beyan etti\u011fi sentetik kannabinoid, metamfetamin ve pregabalin i\u00e7eren haplar\u0131n r\u0131zaen teslim edildi\u011fi \u00fc\u00e7\u00fcnc\u00fc olayda; san\u0131\u011f\u0131n eyleminin uyu\u015fturucu ve uyar\u0131c\u0131 madde ticareti yapma su\u00e7unu olu\u015fturdu\u011fu iddias\u0131na ili\u015fkindir.<\/p>\n<p>2. Dava dosyas\u0131 kapsam\u0131nda, san\u0131k savunmalar\u0131, olay tutanaklar\u0131, uyu\u015fturucu maddelere ili\u015fkin uzmanl\u0131k raporlar\u0131, tan\u0131klar beyanlar\u0131, tutanak m\u00fcmzileri beyanlar\u0131 mevcuttur.<\/p>\n<p>A. \u0130lk Derece Mahkemesinin Kabul\u00fc<br \/>\n13.07.2021 tarihinde duran ara\u00e7 i\u00e7erisinde san\u0131k ve tan\u0131\u011f\u0131n g\u00f6r\u00fclmesi sonras\u0131 kaba \u00fcst yoklamas\u0131 yap\u0131lan san\u0131\u011f\u0131n \u00fczerindeki metamfetamin uyu\u015fturucu maddesini r\u0131zaen teslim etmesi ve arac\u0131n g\u00f6r\u00fcn\u00fcr k\u0131sm\u0131nda san\u0131k ve tan\u0131k taraf\u0131ndan sahiplenilmeyen metamfetamin uyu\u015fturucu maddesinin bulundu\u011funun g\u00f6r\u00fcld\u00fc\u011f\u00fc birinci olayda; 25.09.2021 tarihinde \u015f\u00fcphe \u00fczerine durdurulan san\u0131\u011f\u0131n \u00fczerineki sentetik kannabinoid, pregabalin i\u00e7eren hap, metamfetamin ve kubar esrar uyu\u015fturucu maddelerini r\u0131zaen teslim etti\u011fi ikinci olayda; 09.10.2021 tarihinde ev hapsine uymay\u0131p ikameti d\u0131\u015f\u0131nda g\u00f6r\u00fclen san\u0131\u011f\u0131n \u00fczerindeki sentetik kannabinoid ve metamfetamin uyu\u015fturucu maddelerini r\u0131zaen teslim etti\u011fi, san\u0131k ile uyu\u015fturucu madde kar\u015f\u0131l\u0131\u011f\u0131 cinsel ili\u015fkiye girdi\u011fini beyan eden tan\u0131\u011f\u0131n ise \u00fczerindeki san\u0131k taraf\u0131ndan tutmas\u0131 i\u00e7in verildi\u011fini beyan etti\u011fi sentetik kannabinoid, metamfetamin ve pregabalin i\u00e7eren haplar\u0131n r\u0131zaen teslim edildi\u011fi \u00fc\u00e7\u00fcnc\u00fc olayda; olay tutanaklar\u0131, uyu\u015fturucu maddeler hakk\u0131ndaki uzmanl\u0131k raporlar\u0131, tan\u0131k &#8230;&#8217;in soru\u015fturma a\u015famas\u0131ndaki beyanlar\u0131, tan\u0131k &#8230;&#8217;n\u0131n beyanlar\u0131, san\u0131ktan el ge\u00e7en maddelerin nitelik, nicelik miktar ve \u00e7e\u015fitlili\u011fi de nazara al\u0131nd\u0131\u011f\u0131nda san\u0131\u011f\u0131n bu \u00fc\u00e7 olay y\u00f6n\u00fcnden uyu\u015fturucu madde ticareti yapma su\u00e7unu i\u015fledi\u011fi gerek\u00e7esiyle mahkumiyetine karar verilmi\u015ftir.<\/p>\n<p>B. B\u00f6lge Adliye Mahkemesinin Kabul\u00fc<br \/>\n\u0130lk Derece Mahkemesince kabul edilen olay ve olgular konusunda, B\u00f6lge Adliye Mahkemesince san\u0131k hakk\u0131ndaki imaj delillerin iade edilmemesine ili\u015fkin hususu ele\u015ftirilip, bu konudaki hukuka ayk\u0131r\u0131l\u0131k d\u00fczeltilerek \u0130lk Derece Mahkemesi h\u00fckm\u00fcne y\u00f6nelik istinaf ba\u015fvurusunun esastan reddine karar verilmi\u015ftir.<\/p>\n<p>IV. GEREK\u00c7E<\/p>\n<p>1. 13.07.2021, 25.09.2021, 09.10.2021 tarihli eylemlerle ilgili olarak; 13.07.2021 san\u0131k hakk\u0131nda uyu\u015fturucu madde ticareti yapma su\u00e7undan soru\u015fturma ba\u015flat\u0131ld\u0131\u011f\u0131, hakk\u0131nda ifade alma, sorgu adli i\u015flemlerinin yap\u0131ld\u0131\u011f\u0131, san\u0131\u011f\u0131n bu olaylarda adli kontrol \u015fart\u0131 ile serbest b\u0131rak\u0131ld\u0131\u011f\u0131 ve bu suretle fiili kesintinin olu\u015ftu\u011fu, akabinde san\u0131\u011f\u0131n su\u00e7 i\u015fleme karar\u0131n\u0131 yenileyerek 25.09.2021 tarihinde tekrar su\u00e7 i\u015fledi\u011fi; ikinci su\u00e7 kapsam\u0131nda da san\u0131k hakk\u0131nda uyu\u015fturucu madde ticareti yapma su\u00e7undan soru\u015fturma ba\u015flat\u0131ld\u0131\u011f\u0131, hakk\u0131nda ifade alma adli i\u015flemlerinin yap\u0131ld\u0131\u011f\u0131, san\u0131\u011f\u0131n bu olayda da adli kontrol \u015fart\u0131 ile serbest b\u0131rak\u0131ld\u0131\u011f\u0131 ve bu suretle fiili kesintinin olu\u015ftu\u011fu, akabinde san\u0131\u011f\u0131n su\u00e7 i\u015fleme karar\u0131n\u0131 yenileyerek 09.10.2021 tarihinde \u00fc\u00e7\u00fcnc\u00fc kez ayn\u0131 su\u00e7u i\u015fledi\u011finin anla\u015f\u0131lmas\u0131 kar\u015f\u0131s\u0131nda; belirtilen eylemlerin ayr\u0131 ayr\u0131 su\u00e7 olu\u015fturdu\u011fu g\u00f6zetilmeden, zincirleme su\u00e7 h\u00fck\u00fcmleri uygulanmak suretiyle eksik ceza tayin edildi\u011fi anla\u015f\u0131lm\u0131\u015f ise de aleyhe temyizz olmad\u0131\u011f\u0131ndan bu husus bozma nedeni yap\u0131lmam\u0131\u015ft\u0131r.<\/p>\n<p>2. \u0130lk Derece Mahkemesinin ve B\u00f6lge Adliye Mahkemesinin, karar\u0131nda dayanak olarak g\u00f6sterilen gerek\u00e7eler \u00f6zellikle; olay tutanaklar\u0131, uyu\u015fturucu maddeler hakk\u0131ndaki uzmanl\u0131k raporlar\u0131, tan\u0131k &#8230;&#8217;in soru\u015fturma a\u015famas\u0131ndaki beyanlar\u0131, tan\u0131k &#8230;&#8217;n\u0131n beyanlar\u0131, san\u0131ktan ele ge\u00e7en maddelerin nitelik, nicelik miktar ve \u00e7e\u015fitlili\u011fi ile dava dosyas\u0131 kapsam\u0131ndaki t\u00fcm deliller birlikte de\u011ferlendirildi\u011finde, mahkemenin su\u00e7un vasf\u0131na, su\u00e7un s\u00fcbutuna, delillerin hukuka uygun olarak topland\u0131\u011f\u0131na, dava dosyas\u0131 kapsam\u0131ndaki delillerin de\u011ferlendirilmesine ili\u015fkin takdirlerinde bir hukuka ayk\u0131r\u0131l\u0131k bulunmad\u0131\u011f\u0131 oldu\u011fu anla\u015f\u0131lmakla san\u0131k ve m\u00fcdafiinin temyiz itirazlar\u0131 yerinde g\u00f6r\u00fclmemekle san\u0131k hakk\u0131nda kurulan h\u00fck\u00fcmde hukuka ayk\u0131r\u0131l\u0131k bulunmam\u0131\u015ft\u0131r.<\/p>\n<p>V. KARAR<\/p>\n<p>Gerek\u00e7e b\u00f6l\u00fcm\u00fcnde (2) numaral\u0131 bentte a\u00e7\u0131klanan nedenlerle Ankara B\u00f6lge Adliye Mahkemesi 3. Ceza Dairesinin, 06.04.2023 tarihli ve 2023\/448 Esas, 2023\/532 Karar say\u0131l\u0131 karar\u0131nda san\u0131k ve m\u00fcdafiince \u00f6ne s\u00fcr\u00fclen temyiz sebepleri ve 5271 say\u0131l\u0131 Kanun\u2019un 289 uncu maddesinin birinci f\u0131kras\u0131 ile s\u0131n\u0131rl\u0131 olarak yap\u0131lan temyiz incelemesi sonucunda hukuka ayk\u0131r\u0131l\u0131k g\u00f6r\u00fclmedi\u011finden; 5271 say\u0131l\u0131 Kanun\u2019un 302 nci maddesinin birinci f\u0131kras\u0131 gere\u011fi, Tebli\u011fname\u2019ye uygun olarak, oy birli\u011fiyle TEMY\u0130Z \u0130STEMLER\u0130N\u0130N ESASTAN REDD\u0130 \u0130LE H\u00dcKM\u00dcN ONANMASINA,<\/p>\n<p>Dava dosyas\u0131n\u0131n, 5271 say\u0131l\u0131 Kanun\u2019un 304 \u00fcnc\u00fc maddesinin birinci f\u0131kras\u0131 uyar\u0131nca Ankara 16. A\u011f\u0131r Ceza Mahkemesine, Yarg\u0131tay il\u00e2m\u0131n\u0131n bir \u00f6rne\u011finin ise Ankara B\u00f6lge Adliye Mahkemesi 3. Ceza Dairesine g\u00f6nderilmek \u00fczere Yarg\u0131tay Cumhuriyet Ba\u015fsavc\u0131l\u0131\u011f\u0131na TEVD\u0130\u0130NE, 05.12.2024 tarihinde karar verildi.<\/p>\n<p>\u200bYarg\u0131tay 8. Ceza Dairesi\u2019nin 05.12.2024 tarihli, 2024\/3075 E., 2024\/9386 K. say\u0131l\u0131 karar\u0131\u00a0Hukuki Haber<\/p>\n<p>Haberin Al\u0131nt\u0131land\u0131\u011f\u0131 Kaynak: www.hukukihaber.net<\/p>","protected":false},"excerpt":{"rendered":"<p>T.C. Yarg\u0131tay 8. Ceza Dairesi 2024\/3075 E., 2024\/9386 K. &#8220;\u0130\u00e7tihat Metni&#8221; MAHKEMES\u0130 :Ceza Dairesi SAYISI : 2023\/448 E., 2023\/532 K. SU\u00c7 : Uyu\u015fturucu madde ticareti yapma H\u00dcK\u00dcM : H\u00fckm\u00fcn d\u00fczeltilerek istinaf ba\u015fvurusunun esastan reddi TEBL\u0130\u011eNAME G\u00d6R\u00dc\u015e\u00dc : Onama \u0130lk Derece Mahkemesince verilen h\u00fckme y\u00f6nelik istinaf incelemesi \u00fczerine B\u00f6lge Adliye Mahkemesi taraf\u0131ndan verilen karar\u0131n; 5271 say\u0131l\u0131 Ceza Muhakemesi Kanunu\u2019nun (5271 say\u0131l\u0131 Kanun) 286 nc\u0131 maddesinin birinci f\u0131kras\u0131 uyar\u0131nca temyiz edilebilir oldu\u011fu, 260 \u0131nc\u0131 maddesinin birinci f\u0131kras\u0131 gere\u011fi temyiz edenlerin h\u00fckm\u00fc temyize hak ve yetkilerinin bulundu\u011fu, 291 inci maddesinin birinci f\u0131kras\u0131 gere\u011fi temyiz istemlerinin s\u00fcresinde oldu\u011fu, 294 \u00fcnc\u00fc maddesinin birinci f\u0131kras\u0131 gere\u011fi temyiz dilek\u00e7elerinde temyiz sebeplerine yer verildi\u011fi, 298 inci maddesinin birinci f\u0131kras\u0131 gere\u011fi temyiz istemlerinin reddini gerektirir bir durumun bulunmad\u0131\u011f\u0131 yap\u0131lan \u00f6n inceleme neticesinde tespit edilmekle, gere\u011fi d\u00fc\u015f\u00fcn\u00fcld\u00fc: I.HUKUK\u0130 S\u00dcRE\u00c7 1. Ankara Cumhuriyet Ba\u015fsavc\u0131l\u0131\u011f\u0131n\u0131n, 10.02.2022 tarihli iddianamesi ile san\u0131k hakk\u0131nda uyu\u015fturucu madde ticareti yapma su\u00e7undan, 5237 say\u0131l\u0131 T\u00fcrk Ceza Kanunu\u2019nun (5237 say\u0131l\u0131 Kanun) 188 inci maddesinin \u00fc\u00e7\u00fcnc\u00fc f\u0131kras\u0131, d\u00f6rd\u00fcnc\u00fc f\u0131kras\u0131, 43 \u00fcnc\u00fc maddesi uyar\u0131ca cezaland\u0131r\u0131lmas\u0131 istemiyle dava a\u00e7\u0131lm\u0131\u015ft\u0131r. 2. Ankara Cumhuriyet Ba\u015fsavc\u0131l\u0131\u011f\u0131n\u0131n, 16.03.2022 tarihli iddianamesi ile san\u0131k hakk\u0131nda uyu\u015fturucu madde ticareti yapma su\u00e7undan, 5237 say\u0131l\u0131 Kanun&#8217;un 188 inci maddesinin \u00fc\u00e7\u00fcnc\u00fc f\u0131kras\u0131, d\u00f6rd\u00fcnc\u00fc f\u0131kras\u0131, d\u00f6rd\u00fcnc\u00fc f\u0131kras\u0131n\u0131n (a) bendi, uyar\u0131ca cezaland\u0131r\u0131lmas\u0131 istemiyle dava &hellip;<\/p>","protected":false},"author":3,"featured_media":0,"comment_status":"","ping_status":"open","sticky":false,"template":"","format":"standard","meta":{"_acf_changed":false,"footnotes":""},"categories":[27],"tags":[],"class_list":["post-87490","post","type-post","status-publish","format-standard","has-post-thumbnail","hentry","category-hukukihaber"],"acf":[],"yoast_head":"<!-- This site is optimized with the Yoast SEO Premium plugin v26.6 (Yoast SEO v27.1.1) - https:\/\/yoast.com\/product\/yoast-seo-premium-wordpress\/ -->\n<title>Yarg\u0131tay 8. Ceza Dairesi\u2019nin 2024\/3075 E., 2024\/9386 K. say\u0131l\u0131 karar\u0131 - Av. Deniz Can K\u0131z\u0131l<\/title>\n<meta name=\"robots\" content=\"index, follow, max-snippet:-1, max-image-preview:large, max-video-preview:-1\" \/>\n<link rel=\"canonical\" href=\"http:\/\/denizcankizil.tr\/de\/hukukihaber\/yargitay-8-ceza-dairesinin-2024-3075-e-2024-9386-k-sayili-karari\/\" \/>\n<meta property=\"og:locale\" content=\"de_DE\" \/>\n<meta property=\"og:type\" content=\"article\" \/>\n<meta property=\"og:title\" content=\"Yarg\u0131tay 8. Ceza Dairesi\u2019nin 2024\/3075 E., 2024\/9386 K. say\u0131l\u0131 karar\u0131\" \/>\n<meta property=\"og:description\" content=\"T.C. Yarg\u0131tay 8. Ceza Dairesi 2024\/3075 E., 2024\/9386 K. &#8220;\u0130\u00e7tihat Metni&#8221; MAHKEMES\u0130 :Ceza Dairesi SAYISI : 2023\/448 E., 2023\/532 K. SU\u00c7 : Uyu\u015fturucu madde ticareti yapma H\u00dcK\u00dcM : H\u00fckm\u00fcn d\u00fczeltilerek istinaf ba\u015fvurusunun esastan reddi TEBL\u0130\u011eNAME G\u00d6R\u00dc\u015e\u00dc : Onama \u0130lk Derece Mahkemesince verilen h\u00fckme y\u00f6nelik istinaf incelemesi \u00fczerine B\u00f6lge Adliye Mahkemesi taraf\u0131ndan verilen karar\u0131n; 5271 say\u0131l\u0131 Ceza Muhakemesi Kanunu\u2019nun (5271 say\u0131l\u0131 Kanun) 286 nc\u0131 maddesinin birinci f\u0131kras\u0131 uyar\u0131nca temyiz edilebilir oldu\u011fu, 260 \u0131nc\u0131 maddesinin birinci f\u0131kras\u0131 gere\u011fi temyiz edenlerin h\u00fckm\u00fc temyize hak ve yetkilerinin bulundu\u011fu, 291 inci maddesinin birinci f\u0131kras\u0131 gere\u011fi temyiz istemlerinin s\u00fcresinde oldu\u011fu, 294 \u00fcnc\u00fc maddesinin birinci f\u0131kras\u0131 gere\u011fi temyiz dilek\u00e7elerinde temyiz sebeplerine yer verildi\u011fi, 298 inci maddesinin birinci f\u0131kras\u0131 gere\u011fi temyiz istemlerinin reddini gerektirir bir durumun bulunmad\u0131\u011f\u0131 yap\u0131lan \u00f6n inceleme neticesinde tespit edilmekle, gere\u011fi d\u00fc\u015f\u00fcn\u00fcld\u00fc: I.HUKUK\u0130 S\u00dcRE\u00c7 1. Ankara Cumhuriyet Ba\u015fsavc\u0131l\u0131\u011f\u0131n\u0131n, 10.02.2022 tarihli iddianamesi ile san\u0131k hakk\u0131nda uyu\u015fturucu madde ticareti yapma su\u00e7undan, 5237 say\u0131l\u0131 T\u00fcrk Ceza Kanunu\u2019nun (5237 say\u0131l\u0131 Kanun) 188 inci maddesinin \u00fc\u00e7\u00fcnc\u00fc f\u0131kras\u0131, d\u00f6rd\u00fcnc\u00fc f\u0131kras\u0131, 43 \u00fcnc\u00fc maddesi uyar\u0131ca cezaland\u0131r\u0131lmas\u0131 istemiyle dava a\u00e7\u0131lm\u0131\u015ft\u0131r. 2. Ankara Cumhuriyet Ba\u015fsavc\u0131l\u0131\u011f\u0131n\u0131n, 16.03.2022 tarihli iddianamesi ile san\u0131k hakk\u0131nda uyu\u015fturucu madde ticareti yapma su\u00e7undan, 5237 say\u0131l\u0131 Kanun&#8217;un 188 inci maddesinin \u00fc\u00e7\u00fcnc\u00fc f\u0131kras\u0131, d\u00f6rd\u00fcnc\u00fc f\u0131kras\u0131, d\u00f6rd\u00fcnc\u00fc f\u0131kras\u0131n\u0131n (a) bendi, uyar\u0131ca cezaland\u0131r\u0131lmas\u0131 istemiyle dava &hellip;\" \/>\n<meta property=\"og:url\" content=\"http:\/\/denizcankizil.tr\/de\/hukukihaber\/yargitay-8-ceza-dairesinin-2024-3075-e-2024-9386-k-sayili-karari\/\" \/>\n<meta property=\"og:site_name\" content=\"Av. Deniz Can K\u0131z\u0131l\" \/>\n<meta property=\"article:published_time\" content=\"2025-05-15T14:36:00+00:00\" \/>\n<meta name=\"author\" content=\"Hukuki Haber.net\" \/>\n<meta name=\"twitter:card\" content=\"summary_large_image\" \/>\n<meta name=\"twitter:label1\" content=\"Verfasst von\" \/>\n\t<meta name=\"twitter:data1\" content=\"Hukuki Haber.net\" \/>\n\t<meta name=\"twitter:label2\" content=\"Gesch\u00e4tzte Lesezeit\" \/>\n\t<meta name=\"twitter:data2\" content=\"8\u00a0Minuten\" \/>\n<script type=\"application\/ld+json\" class=\"yoast-schema-graph\">{\"@context\":\"https:\/\/schema.org\",\"@graph\":[{\"@type\":\"Article\",\"@id\":\"http:\/\/denizcankizil.tr\/en\/hukukihaber\/yargitay-8-ceza-dairesinin-2024-3075-e-2024-9386-k-sayili-karari\/#article\",\"isPartOf\":{\"@id\":\"http:\/\/denizcankizil.tr\/en\/hukukihaber\/yargitay-8-ceza-dairesinin-2024-3075-e-2024-9386-k-sayili-karari\/\"},\"author\":{\"name\":\"Hukuki Haber.net\",\"@id\":\"https:\/\/denizcankizil.tr\/de\/#\/schema\/person\/001a271de994a0aa3f90eea084424822\"},\"headline\":\"Yarg\u0131tay 8. Ceza Dairesi\u2019nin 2024\/3075 E., 2024\/9386 K. say\u0131l\u0131 karar\u0131\",\"datePublished\":\"2025-05-15T14:36:00+00:00\",\"mainEntityOfPage\":{\"@id\":\"http:\/\/denizcankizil.tr\/en\/hukukihaber\/yargitay-8-ceza-dairesinin-2024-3075-e-2024-9386-k-sayili-karari\/\"},\"wordCount\":1526,\"publisher\":{\"@id\":\"https:\/\/denizcankizil.tr\/de\/#organization\"},\"articleSection\":[\"Hukuki Haberler\"],\"inLanguage\":\"de\"},{\"@type\":\"WebPage\",\"@id\":\"http:\/\/denizcankizil.tr\/en\/hukukihaber\/yargitay-8-ceza-dairesinin-2024-3075-e-2024-9386-k-sayili-karari\/\",\"url\":\"http:\/\/denizcankizil.tr\/en\/hukukihaber\/yargitay-8-ceza-dairesinin-2024-3075-e-2024-9386-k-sayili-karari\/\",\"name\":\"Yarg\u0131tay 8. Ceza Dairesi\u2019nin 2024\/3075 E., 2024\/9386 K. say\u0131l\u0131 karar\u0131 - Av. Deniz Can K\u0131z\u0131l\",\"isPartOf\":{\"@id\":\"https:\/\/denizcankizil.tr\/de\/#website\"},\"datePublished\":\"2025-05-15T14:36:00+00:00\",\"breadcrumb\":{\"@id\":\"http:\/\/denizcankizil.tr\/en\/hukukihaber\/yargitay-8-ceza-dairesinin-2024-3075-e-2024-9386-k-sayili-karari\/#breadcrumb\"},\"inLanguage\":\"de\",\"potentialAction\":[{\"@type\":\"ReadAction\",\"target\":[\"http:\/\/denizcankizil.tr\/en\/hukukihaber\/yargitay-8-ceza-dairesinin-2024-3075-e-2024-9386-k-sayili-karari\/\"]}]},{\"@type\":\"BreadcrumbList\",\"@id\":\"http:\/\/denizcankizil.tr\/en\/hukukihaber\/yargitay-8-ceza-dairesinin-2024-3075-e-2024-9386-k-sayili-karari\/#breadcrumb\",\"itemListElement\":[{\"@type\":\"ListItem\",\"position\":1,\"name\":\"Home\",\"item\":\"https:\/\/denizcankizil.tr\/de\/\"},{\"@type\":\"ListItem\",\"position\":2,\"name\":\"Yarg\u0131tay 8. Ceza Dairesi\u2019nin 2024\/3075 E., 2024\/9386 K. say\u0131l\u0131 karar\u0131\"}]},{\"@type\":\"WebSite\",\"@id\":\"https:\/\/denizcankizil.tr\/de\/#website\",\"url\":\"https:\/\/denizcankizil.tr\/de\/\",\"name\":\"Av. Deniz Can K\u0131z\u0131l\",\"description\":\"Avukat Deniz Can K\u0131z\u0131l Antalya Barosu\",\"publisher\":{\"@id\":\"https:\/\/denizcankizil.tr\/de\/#organization\"},\"potentialAction\":[{\"@type\":\"SearchAction\",\"target\":{\"@type\":\"EntryPoint\",\"urlTemplate\":\"https:\/\/denizcankizil.tr\/de\/?s={search_term_string}\"},\"query-input\":{\"@type\":\"PropertyValueSpecification\",\"valueRequired\":true,\"valueName\":\"search_term_string\"}}],\"inLanguage\":\"de\"},{\"@type\":\"Organization\",\"@id\":\"https:\/\/denizcankizil.tr\/de\/#organization\",\"name\":\"Av. Deniz Can K\u0131z\u0131l\",\"url\":\"https:\/\/denizcankizil.tr\/de\/\",\"logo\":{\"@type\":\"ImageObject\",\"inLanguage\":\"de\",\"@id\":\"https:\/\/denizcankizil.tr\/de\/#\/schema\/logo\/image\/\",\"url\":\"https:\/\/denizcankizil.tr\/wp-content\/uploads\/2024\/10\/siyah-logo-svg.svg\",\"contentUrl\":\"https:\/\/denizcankizil.tr\/wp-content\/uploads\/2024\/10\/siyah-logo-svg.svg\",\"width\":1080,\"height\":1080,\"caption\":\"Av. Deniz Can K\u0131z\u0131l\"},\"image\":{\"@id\":\"https:\/\/denizcankizil.tr\/de\/#\/schema\/logo\/image\/\"}},{\"@type\":\"Person\",\"@id\":\"https:\/\/denizcankizil.tr\/de\/#\/schema\/person\/001a271de994a0aa3f90eea084424822\",\"name\":\"Hukuki Haber.net\",\"image\":{\"@type\":\"ImageObject\",\"inLanguage\":\"de\",\"@id\":\"https:\/\/denizcankizil.tr\/de\/#\/schema\/person\/image\/\",\"url\":\"https:\/\/secure.gravatar.com\/avatar\/57d8a49151495586611a149d29fc42865b951dc053a84709a3172ccb5abf3118?s=96&d=mm&r=g\",\"contentUrl\":\"https:\/\/secure.gravatar.com\/avatar\/57d8a49151495586611a149d29fc42865b951dc053a84709a3172ccb5abf3118?s=96&d=mm&r=g\",\"caption\":\"Hukuki Haber.net\"},\"sameAs\":[\"http:\/\/www.hukukihaber.net\"],\"url\":\"https:\/\/denizcankizil.tr\/de\/author\/hukukihabernet\/\"}]}<\/script>\n<!-- \/ Yoast SEO Premium plugin. -->","yoast_head_json":{"title":"Yarg\u0131tay 8. Ceza Dairesi\u2019nin 2024\/3075 E., 2024\/9386 K. say\u0131l\u0131 karar\u0131 - Av. Deniz Can K\u0131z\u0131l","robots":{"index":"index","follow":"follow","max-snippet":"max-snippet:-1","max-image-preview":"max-image-preview:large","max-video-preview":"max-video-preview:-1"},"canonical":"http:\/\/denizcankizil.tr\/de\/hukukihaber\/yargitay-8-ceza-dairesinin-2024-3075-e-2024-9386-k-sayili-karari\/","og_locale":"de_DE","og_type":"article","og_title":"Yarg\u0131tay 8. Ceza Dairesi\u2019nin 2024\/3075 E., 2024\/9386 K. say\u0131l\u0131 karar\u0131","og_description":"T.C. Yarg\u0131tay 8. Ceza Dairesi 2024\/3075 E., 2024\/9386 K. &#8220;\u0130\u00e7tihat Metni&#8221; MAHKEMES\u0130 :Ceza Dairesi SAYISI : 2023\/448 E., 2023\/532 K. SU\u00c7 : Uyu\u015fturucu madde ticareti yapma H\u00dcK\u00dcM : H\u00fckm\u00fcn d\u00fczeltilerek istinaf ba\u015fvurusunun esastan reddi TEBL\u0130\u011eNAME G\u00d6R\u00dc\u015e\u00dc : Onama \u0130lk Derece Mahkemesince verilen h\u00fckme y\u00f6nelik istinaf incelemesi \u00fczerine B\u00f6lge Adliye Mahkemesi taraf\u0131ndan verilen karar\u0131n; 5271 say\u0131l\u0131 Ceza Muhakemesi Kanunu\u2019nun (5271 say\u0131l\u0131 Kanun) 286 nc\u0131 maddesinin birinci f\u0131kras\u0131 uyar\u0131nca temyiz edilebilir oldu\u011fu, 260 \u0131nc\u0131 maddesinin birinci f\u0131kras\u0131 gere\u011fi temyiz edenlerin h\u00fckm\u00fc temyize hak ve yetkilerinin bulundu\u011fu, 291 inci maddesinin birinci f\u0131kras\u0131 gere\u011fi temyiz istemlerinin s\u00fcresinde oldu\u011fu, 294 \u00fcnc\u00fc maddesinin birinci f\u0131kras\u0131 gere\u011fi temyiz dilek\u00e7elerinde temyiz sebeplerine yer verildi\u011fi, 298 inci maddesinin birinci f\u0131kras\u0131 gere\u011fi temyiz istemlerinin reddini gerektirir bir durumun bulunmad\u0131\u011f\u0131 yap\u0131lan \u00f6n inceleme neticesinde tespit edilmekle, gere\u011fi d\u00fc\u015f\u00fcn\u00fcld\u00fc: I.HUKUK\u0130 S\u00dcRE\u00c7 1. Ankara Cumhuriyet Ba\u015fsavc\u0131l\u0131\u011f\u0131n\u0131n, 10.02.2022 tarihli iddianamesi ile san\u0131k hakk\u0131nda uyu\u015fturucu madde ticareti yapma su\u00e7undan, 5237 say\u0131l\u0131 T\u00fcrk Ceza Kanunu\u2019nun (5237 say\u0131l\u0131 Kanun) 188 inci maddesinin \u00fc\u00e7\u00fcnc\u00fc f\u0131kras\u0131, d\u00f6rd\u00fcnc\u00fc f\u0131kras\u0131, 43 \u00fcnc\u00fc maddesi uyar\u0131ca cezaland\u0131r\u0131lmas\u0131 istemiyle dava a\u00e7\u0131lm\u0131\u015ft\u0131r. 2. Ankara Cumhuriyet Ba\u015fsavc\u0131l\u0131\u011f\u0131n\u0131n, 16.03.2022 tarihli iddianamesi ile san\u0131k hakk\u0131nda uyu\u015fturucu madde ticareti yapma su\u00e7undan, 5237 say\u0131l\u0131 Kanun&#8217;un 188 inci maddesinin \u00fc\u00e7\u00fcnc\u00fc f\u0131kras\u0131, d\u00f6rd\u00fcnc\u00fc f\u0131kras\u0131, d\u00f6rd\u00fcnc\u00fc f\u0131kras\u0131n\u0131n (a) bendi, uyar\u0131ca cezaland\u0131r\u0131lmas\u0131 istemiyle dava &hellip;","og_url":"http:\/\/denizcankizil.tr\/de\/hukukihaber\/yargitay-8-ceza-dairesinin-2024-3075-e-2024-9386-k-sayili-karari\/","og_site_name":"Av. Deniz Can K\u0131z\u0131l","article_published_time":"2025-05-15T14:36:00+00:00","author":"Hukuki Haber.net","twitter_card":"summary_large_image","twitter_misc":{"Verfasst von":"Hukuki Haber.net","Gesch\u00e4tzte Lesezeit":"8\u00a0Minuten"},"schema":{"@context":"https:\/\/schema.org","@graph":[{"@type":"Article","@id":"http:\/\/denizcankizil.tr\/en\/hukukihaber\/yargitay-8-ceza-dairesinin-2024-3075-e-2024-9386-k-sayili-karari\/#article","isPartOf":{"@id":"http:\/\/denizcankizil.tr\/en\/hukukihaber\/yargitay-8-ceza-dairesinin-2024-3075-e-2024-9386-k-sayili-karari\/"},"author":{"name":"Hukuki Haber.net","@id":"https:\/\/denizcankizil.tr\/de\/#\/schema\/person\/001a271de994a0aa3f90eea084424822"},"headline":"Yarg\u0131tay 8. Ceza Dairesi\u2019nin 2024\/3075 E., 2024\/9386 K. say\u0131l\u0131 karar\u0131","datePublished":"2025-05-15T14:36:00+00:00","mainEntityOfPage":{"@id":"http:\/\/denizcankizil.tr\/en\/hukukihaber\/yargitay-8-ceza-dairesinin-2024-3075-e-2024-9386-k-sayili-karari\/"},"wordCount":1526,"publisher":{"@id":"https:\/\/denizcankizil.tr\/de\/#organization"},"articleSection":["Hukuki Haberler"],"inLanguage":"de"},{"@type":"WebPage","@id":"http:\/\/denizcankizil.tr\/en\/hukukihaber\/yargitay-8-ceza-dairesinin-2024-3075-e-2024-9386-k-sayili-karari\/","url":"http:\/\/denizcankizil.tr\/en\/hukukihaber\/yargitay-8-ceza-dairesinin-2024-3075-e-2024-9386-k-sayili-karari\/","name":"Yarg\u0131tay 8. Ceza Dairesi\u2019nin 2024\/3075 E., 2024\/9386 K. say\u0131l\u0131 karar\u0131 - Av. Deniz Can K\u0131z\u0131l","isPartOf":{"@id":"https:\/\/denizcankizil.tr\/de\/#website"},"datePublished":"2025-05-15T14:36:00+00:00","breadcrumb":{"@id":"http:\/\/denizcankizil.tr\/en\/hukukihaber\/yargitay-8-ceza-dairesinin-2024-3075-e-2024-9386-k-sayili-karari\/#breadcrumb"},"inLanguage":"de","potentialAction":[{"@type":"ReadAction","target":["http:\/\/denizcankizil.tr\/en\/hukukihaber\/yargitay-8-ceza-dairesinin-2024-3075-e-2024-9386-k-sayili-karari\/"]}]},{"@type":"BreadcrumbList","@id":"http:\/\/denizcankizil.tr\/en\/hukukihaber\/yargitay-8-ceza-dairesinin-2024-3075-e-2024-9386-k-sayili-karari\/#breadcrumb","itemListElement":[{"@type":"ListItem","position":1,"name":"Home","item":"https:\/\/denizcankizil.tr\/de\/"},{"@type":"ListItem","position":2,"name":"Yarg\u0131tay 8. Ceza Dairesi\u2019nin 2024\/3075 E., 2024\/9386 K. say\u0131l\u0131 karar\u0131"}]},{"@type":"WebSite","@id":"https:\/\/denizcankizil.tr\/de\/#website","url":"https:\/\/denizcankizil.tr\/de\/","name":"Av. Deniz Can K\u0131z\u0131l","description":"Avukat Deniz Can K\u0131z\u0131l Antalya Barosu","publisher":{"@id":"https:\/\/denizcankizil.tr\/de\/#organization"},"potentialAction":[{"@type":"SearchAction","target":{"@type":"EntryPoint","urlTemplate":"https:\/\/denizcankizil.tr\/de\/?s={search_term_string}"},"query-input":{"@type":"PropertyValueSpecification","valueRequired":true,"valueName":"search_term_string"}}],"inLanguage":"de"},{"@type":"Organization","@id":"https:\/\/denizcankizil.tr\/de\/#organization","name":"Av. Deniz Can K\u0131z\u0131l","url":"https:\/\/denizcankizil.tr\/de\/","logo":{"@type":"ImageObject","inLanguage":"de","@id":"https:\/\/denizcankizil.tr\/de\/#\/schema\/logo\/image\/","url":"https:\/\/denizcankizil.tr\/wp-content\/uploads\/2024\/10\/siyah-logo-svg.svg","contentUrl":"https:\/\/denizcankizil.tr\/wp-content\/uploads\/2024\/10\/siyah-logo-svg.svg","width":1080,"height":1080,"caption":"Av. Deniz Can K\u0131z\u0131l"},"image":{"@id":"https:\/\/denizcankizil.tr\/de\/#\/schema\/logo\/image\/"}},{"@type":"Person","@id":"https:\/\/denizcankizil.tr\/de\/#\/schema\/person\/001a271de994a0aa3f90eea084424822","name":"Hukuki Haber.net","image":{"@type":"ImageObject","inLanguage":"de","@id":"https:\/\/denizcankizil.tr\/de\/#\/schema\/person\/image\/","url":"https:\/\/secure.gravatar.com\/avatar\/57d8a49151495586611a149d29fc42865b951dc053a84709a3172ccb5abf3118?s=96&d=mm&r=g","contentUrl":"https:\/\/secure.gravatar.com\/avatar\/57d8a49151495586611a149d29fc42865b951dc053a84709a3172ccb5abf3118?s=96&d=mm&r=g","caption":"Hukuki Haber.net"},"sameAs":["http:\/\/www.hukukihaber.net"],"url":"https:\/\/denizcankizil.tr\/de\/author\/hukukihabernet\/"}]}},"_links":{"self":[{"href":"https:\/\/denizcankizil.tr\/de\/wp-json\/wp\/v2\/posts\/87490","targetHints":{"allow":["GET"]}}],"collection":[{"href":"https:\/\/denizcankizil.tr\/de\/wp-json\/wp\/v2\/posts"}],"about":[{"href":"https:\/\/denizcankizil.tr\/de\/wp-json\/wp\/v2\/types\/post"}],"author":[{"embeddable":true,"href":"https:\/\/denizcankizil.tr\/de\/wp-json\/wp\/v2\/users\/3"}],"replies":[{"embeddable":true,"href":"https:\/\/denizcankizil.tr\/de\/wp-json\/wp\/v2\/comments?post=87490"}],"version-history":[{"count":0,"href":"https:\/\/denizcankizil.tr\/de\/wp-json\/wp\/v2\/posts\/87490\/revisions"}],"wp:attachment":[{"href":"https:\/\/denizcankizil.tr\/de\/wp-json\/wp\/v2\/media?parent=87490"}],"wp:term":[{"taxonomy":"category","embeddable":true,"href":"https:\/\/denizcankizil.tr\/de\/wp-json\/wp\/v2\/categories?post=87490"},{"taxonomy":"post_tag","embeddable":true,"href":"https:\/\/denizcankizil.tr\/de\/wp-json\/wp\/v2\/tags?post=87490"}],"curies":[{"name":"wp","href":"https:\/\/api.w.org\/{rel}","templated":true}]}}