{"id":87358,"date":"2025-05-12T16:07:00","date_gmt":"2025-05-12T13:07:00","guid":{"rendered":"https:\/\/denizcankizil.tr\/uncategorized-tr\/is-kazasi-meslek-hastaligi-ve-13-mayis-2014-tarihli-soma-maden-faciasi\/"},"modified":"2025-05-12T16:07:00","modified_gmt":"2025-05-12T13:07:00","slug":"is-kazasi-meslek-hastaligi-ve-13-mayis-2014-tarihli-soma-maden-faciasi","status":"publish","type":"post","link":"https:\/\/denizcankizil.tr\/de\/hukukihaber\/is-kazasi-meslek-hastaligi-ve-13-mayis-2014-tarihli-soma-maden-faciasi\/","title":{"rendered":"\u0130\u015e KAZASI, MESLEK HASTALI\u011eI VE 13 MAYIS 2014 TAR\u0130HL\u0130 SOMA MADEN FAC\u0130ASI"},"content":{"rendered":"<p>1. \u0130\u015e KAZASI<\/p>\n<p>5510 say\u0131l\u0131 Sosyal Sigortalar ve Genel Sa\u011fl\u0131k Sigortas\u0131 Kanunu\u2019nun 13. maddesiyle d\u00fczenleme alan\u0131 bulan i\u015f kazas\u0131; sigortal\u0131n\u0131n i\u015f yerinde bulundu\u011fu s\u0131rada veya i\u015fveren taraf\u0131ndan y\u00fcr\u00fct\u00fclmekte olan i\u015f nedeniyle sigortal\u0131 kendi ad\u0131na ve hesab\u0131na ba\u011f\u0131ms\u0131z \u00e7al\u0131\u015f\u0131yorsa y\u00fcr\u00fctmekte oldu\u011fu i\u015f nedeniyle ya da bir i\u015fverene ba\u011fl\u0131 olarak \u00e7al\u0131\u015fan sigortal\u0131n\u0131n, g\u00f6revli olarak i\u015f yeri d\u0131\u015f\u0131nda ba\u015fka bir yere g\u00f6nderilmesi nedeniyle as\u0131l i\u015fini yapmaks\u0131z\u0131n ge\u00e7en zamanlarda yahut 5510 say\u0131l\u0131 yasan\u0131n 4 \u00fcnc\u00fc maddesinin birinci f\u0131kras\u0131n\u0131n (a) bendi kapsam\u0131ndaki emziren kad\u0131n sigortal\u0131n\u0131n, i\u015f mevzuat\u0131 gere\u011fince \u00e7ocu\u011funa s\u00fct vermek i\u00e7in ayr\u0131lan zamanlarda veya sigortal\u0131lar\u0131n, i\u015fverence sa\u011flanan bir ta\u015f\u0131tla i\u015fin yap\u0131ld\u0131\u011f\u0131 yere gidi\u015f geli\u015fi s\u0131ras\u0131nda, meydana gelen ve sigortal\u0131y\u0131 hemen veya sonradan bedenen ya da ruhen engelli h\u00e2le getiren olayd\u0131r.<\/p>\n<p>Bir kazan\u0131n i\u015f kazas\u0131 say\u0131labilmesi i\u00e7in gerekli \u015fartlar \u015funlard\u0131r:<\/p>\n<p>1.1. Sigortal\u0131n\u0131n, bedenen ya da ruhen engelli hale gelmesine neden olan bir kaza olmal\u0131d\u0131r.<\/p>\n<p>1.2. Kazaya u\u011frayan ki\u015fi, sigortal\u0131 olmal\u0131d\u0131r.<\/p>\n<p>1.3. Kaza, a\u015fa\u011f\u0131da say\u0131lan be\u015f durumdan biri kapsam\u0131nda meydana gelmelidir.<\/p>\n<p>1.3.1. Sigortal\u0131n\u0131n i\u015f yerinde bulundu\u011fu s\u0131rada,<\/p>\n<p>1.3.2. \u0130\u015fveren taraf\u0131ndan y\u00fcr\u00fct\u00fclmekte olan i\u015f nedeniyle sigortal\u0131 kendi ad\u0131na ve hesab\u0131na ba\u011f\u0131ms\u0131z \u00e7al\u0131\u015f\u0131yorsa y\u00fcr\u00fctmekte oldu\u011fu i\u015f nedeniyle,<\/p>\n<p>1.3.3. Bir i\u015fverene ba\u011fl\u0131 olarak \u00e7al\u0131\u015fan sigortal\u0131n\u0131n, g\u00f6revli olarak i\u015f yeri d\u0131\u015f\u0131nda ba\u015fka bir yere g\u00f6nderilmesi nedeniyle as\u0131l i\u015fini yapmaks\u0131z\u0131n ge\u00e7en zamanlarda,<\/p>\n<p>1.3.4. 5510 say\u0131l\u0131 yasan\u0131n 4 \u00fcnc\u00fc maddesinin birinci f\u0131kras\u0131n\u0131n (a) bendi kapsam\u0131ndaki emziren kad\u0131n sigortal\u0131n\u0131n, i\u015f mevzuat\u0131 gere\u011fince \u00e7ocu\u011funa s\u00fct vermek i\u00e7in ayr\u0131lan zamanlarda,<\/p>\n<p>1.3.5. Sigortal\u0131lar\u0131n, i\u015fverence sa\u011flanan bir ta\u015f\u0131tla i\u015fin yap\u0131ld\u0131\u011f\u0131 yere gidi\u015f geli\u015fi s\u0131ras\u0131nda.<\/p>\n<p>1.4. Sigortal\u0131n\u0131n bedenen ya da ruhen engelli hale gelmesi gereklidir.<\/p>\n<p>1.5. Kaza ile engel hal aras\u0131nda uygun illiyet ba\u011f\u0131 bulunmal\u0131d\u0131r.<\/p>\n<p>Say\u0131lan ko\u015fullar\u0131n birlikte ger\u00e7ekle\u015fmesi halinde, i\u015f kazas\u0131 meydana gelmektedir.<\/p>\n<p>\u0130\u015f kazas\u0131; \u00c7al\u0131\u015fma G\u00fcc\u00fc ve Meslekte Kazanma G\u00fcc\u00fc Kayb\u0131 Oran\u0131 Tespit \u0130\u015flemleri Y\u00f6netmeli\u011fi\u2019nde, sigortal\u0131y\u0131 hemen veya sonradan, bedenen ya da ruhen \u00f6zre u\u011fratan olaylar olarak tan\u0131mlanmaktad\u0131r.<\/p>\n<p>2. MESLEK HASTALI\u011eI<\/p>\n<p>5510 say\u0131l\u0131 Sosyal Sigortalar ve Genel Sa\u011fl\u0131k Sigortas\u0131 Kanunu\u2019nun 14. maddesiyle d\u00fczenlenen meslek hastal\u0131\u011f\u0131; sigortal\u0131n\u0131n \u00e7al\u0131\u015ft\u0131\u011f\u0131 veya yapt\u0131\u011f\u0131 i\u015fin niteli\u011finden dolay\u0131 tekrarlanan bir sebeple veya i\u015fin y\u00fcr\u00fct\u00fcm \u015fartlar\u0131 y\u00fcz\u00fcnden u\u011frad\u0131\u011f\u0131 ge\u00e7ici veya s\u00fcrekli hastal\u0131k, bedensel veya ruhsal engellilik halleridir. Bir hastal\u0131\u011f\u0131n meslek hastal\u0131\u011f\u0131 olabilmesi i\u00e7in bu hastal\u0131k ya da engelin, sigortal\u0131n\u0131n \u00e7al\u0131\u015ft\u0131\u011f\u0131 veya yapt\u0131\u011f\u0131 i\u015fin niteli\u011finden dolay\u0131 tekrarlanan bir sebeple meydana gelmesi veya i\u015fin y\u00fcr\u00fct\u00fcm \u015fartlar\u0131 y\u00fcz\u00fcnden u\u011franan hastal\u0131k veya engellilik hali olmas\u0131 gerekmektedir. Ancak say\u0131lanlar\u0131n t\u00fcm\u00fc de\u011fil, herhangi birinin ger\u00e7ekle\u015fmesi yeterli olmaktad\u0131r.<\/p>\n<p>Bir hastal\u0131k ya da engelin, meslek hastal\u0131\u011f\u0131 say\u0131labilmesi i\u00e7in gerekli \u015fartlar \u015funlard\u0131r:<\/p>\n<p>2.1. Meslek hastal\u0131\u011f\u0131na u\u011frayan ki\u015fi, sigortal\u0131 olmal\u0131d\u0131r.<\/p>\n<p>2.2. Engel ya da hastal\u0131\u011fa, a\u015fa\u011f\u0131da say\u0131lan iki durumdan biri sebebiyle u\u011franmas\u0131 gerekmektedir.<\/p>\n<p>2.2.1. Sigortal\u0131n\u0131n \u00e7al\u0131\u015ft\u0131\u011f\u0131 veya yapt\u0131\u011f\u0131 i\u015fin niteli\u011finden dolay\u0131 tekrarlanan bir sebeple,<\/p>\n<p>2.2.2. \u0130\u015fin y\u00fcr\u00fct\u00fcm \u015fartlar\u0131 y\u00fcz\u00fcnden.<\/p>\n<p>2.3. Sigortal\u0131n\u0131n say\u0131lan hallerden biri sebebiyle, ge\u00e7ici hastal\u0131\u011fa, s\u00fcrekli hastal\u0131\u011fa, bedensel engellilik haline, ruhsal engellilik haline u\u011framas\u0131 gereklidir. Meslek hastal\u0131\u011f\u0131 bak\u0131m\u0131ndan ge\u00e7ici hastal\u0131k, s\u00fcrekli hastal\u0131k, bedensel engellilik hali ya da ruhsal engellilik hallerinden birinin ger\u00e7ekle\u015fmesi yeterli olmaktad\u0131r.<\/p>\n<p>2.4. \u0130lliyet ba\u011f\u0131n\u0131n bulunmas\u0131 gereklidir.<\/p>\n<p>3. MADEN VE TA\u015e OCAKLARINDA YA\u015eANAN \u0130\u015e KAZALARI VE MESLEK HASTALIKLARI<\/p>\n<p>Yer kabu\u011funda ve su kaynaklar\u0131nda tabii olarak bulunan, ekonomik ve ticar\u00ee de\u011feri olan petrol, do\u011fal gaz, jeotermal ve su kaynaklar\u0131 d\u0131\u015f\u0131nda kalan her t\u00fcrl\u00fc madde, Maden Kanunu\u2019na g\u00f6re madendir. Maden haklar\u0131, medeni haklar\u0131 kullanmaya ehil T.C. vatanda\u015flar\u0131na, T\u00fcrkiye Cumhuriyeti Kanunlar\u0131na g\u00f6re kurulmu\u015f t\u00fczel ki\u015fili\u011fi haiz \u015firketlere, bu hususta yetkisi bulunan kamu iktisadi te\u015febb\u00fcsleri ile m\u00fcesseseleri, ba\u011fl\u0131 ortakl\u0131klar\u0131 ve i\u015ftirakleri ile di\u011fer kamu kurum, kurulu\u015f ve idarelerine ve yaln\u0131zca ger\u00e7ek veya t\u00fczel tek ki\u015fi ad\u0131na verilmektedir.<\/p>\n<p>Bu konuda 3213 say\u0131l\u0131 Maden Kanunu ve Maden Y\u00f6netmeli\u011fi uygulanmaktad\u0131r. Y\u00f6netmelik h\u00fck\u00fcmleri; T\u00fcrkiye Cumhuriyeti Devletinin h\u00fck\u00fcm ve tasarrufu alt\u0131nda olan ve i\u00e7erisinde bulunduklar\u0131 arz\u0131n m\u00fclkiyetine tabi olmay\u0131p Devletin m\u00fclkiyetinde olan maden kaynaklar\u0131n\u0131n, milli menfaatlere uygun olarak aranmas\u0131, i\u015fletilmesi, geli\u015ftirilmesi ve \u00fcretilmesi amac\u0131yla ger\u00e7ek ve t\u00fczel ki\u015filere, Bakanl\u0131k taraf\u0131ndan belli bir s\u00fcreyle hak verilmesi i\u00e7in 4\/6\/1985 tarihli ve 3213 say\u0131l\u0131 Maden Kanununun uygulanmas\u0131 ile ilgili usul ve esaslar\u0131 d\u00fczenlemektedir.<\/p>\n<p>Madenleri i\u015fletme hakk\u0131na sahip olan ki\u015filerce, bu madenlerde i\u015f s\u00f6zle\u015fmesiyle \u00e7al\u0131\u015ft\u0131r\u0131lan ki\u015filerin u\u011frad\u0131klar\u0131 i\u015f kazalar\u0131 ve ge\u00e7irdikleri meslek hastal\u0131klar\u0131 hakk\u0131nda i\u015f kazas\u0131 ve meslek hastal\u0131\u011f\u0131na dair h\u00fck\u00fcmler uygulanmaktad\u0131r. Maden ve ta\u015f ocaklar\u0131nda \u00e7al\u0131\u015fanlar\u0131n u\u011frad\u0131klar\u0131 i\u015f kazalar\u0131 ve meslek hastal\u0131klar\u0131 i\u00e7in maddi ve manevi tazminat davalar\u0131 dahil a\u00e7\u0131lacak davalarda, 7036 say\u0131l\u0131 \u0130\u015f Mahkemeleri Kanunu uyar\u0131nca; g\u00f6revli mahkeme, i\u015f mahkemeleri; yetkili mahkeme, daval\u0131 ger\u00e7ek veya t\u00fczel ki\u015finin davan\u0131n a\u00e7\u0131ld\u0131\u011f\u0131 tarihteki yerle\u015fim yeri mahkemesi ile i\u015fin veya i\u015flemin yap\u0131ld\u0131\u011f\u0131 yer mahkemesi olmaktad\u0131r. Daval\u0131 birden fazlaysa bunlardan birinin yerle\u015fim yeri mahkemesi ve i\u015f kazas\u0131ndan do\u011fan tazminat davalar\u0131nda, i\u015f kazas\u0131n\u0131n veya zarar\u0131n meydana geldi\u011fi yer ile zarar g\u00f6ren i\u015f\u00e7inin yerle\u015fim yeri mahkemesi de yetkili olmaktad\u0131r. Aksi y\u00f6nde yap\u0131lan yetki s\u00f6zle\u015fmelerinin ge\u00e7erlili\u011fi bulunmamaktad\u0131r.<\/p>\n<p>Bilindi\u011fi \u00fczere; i\u015f\u00e7i i\u015fveren ili\u015fkisinden kaynakl\u0131 uyu\u015fmazl\u0131klarda arabuluculuk, dava \u015fart\u0131 olarak kabul edilmektedir. Ancak bunun baz\u0131 istisnalar\u0131 bulunmaktad\u0131r. Bunlardan ilki, arabuluculu\u011fun uygulanmad\u0131\u011f\u0131 bir durum olup; hizmet tespiti (\u00e7al\u0131\u015fma s\u00fcresinin) tespiti davalar\u0131d\u0131r. Bir di\u011feri ise, arabuluculu\u011fa elveri\u015fli bir hukuk uyu\u015fmazl\u0131\u011f\u0131 olmas\u0131na ra\u011fmen, arabuluculu\u011fun dava \u015fart\u0131 kapsam\u0131nda yer almamas\u0131d\u0131r ki; bunlar, i\u015f kazas\u0131 ve meslek hastal\u0131\u011f\u0131nda a\u00e7\u0131lan davalar olarak kar\u015f\u0131m\u0131za \u00e7\u0131kmaktad\u0131r. Bu iki halde, taraflar dilerse arabuluculuk yoluna gitmekte ve uyu\u015fmazl\u0131klar\u0131n\u0131 arabuluculuk yoluyla \u00e7\u00f6z\u00fcme kavu\u015fturabilmektedir. Ancak bu noktada bir zorunluluk olmamakta ve dava yoluna gidilebilmesi i\u00e7in arabuluculuk ba\u015fvurusunun veya arabulucu taraf\u0131ndan d\u00fczenlenen anla\u015famama y\u00f6n\u00fcndeki son tutana\u011f\u0131n varl\u0131\u011f\u0131 aranmamaktad\u0131r. Zira bu halde arabuluculuk, ihtiyari bir yol olarak kar\u015f\u0131m\u0131za \u00e7\u0131kmaktad\u0131r. Taraflarca i\u015f kazas\u0131 ve meslek hastal\u0131\u011f\u0131 y\u00f6n\u00fcnden dava a\u00e7\u0131ld\u0131ktan sonra da ihtiyari arabuluculuk yoluna gidilerek veya sulh olunarak mali haklar y\u00f6n\u00fcnden anla\u015fma sa\u011flanmas\u0131 veya sulh olunmas\u0131 da m\u00fcmk\u00fcn bulunmaktad\u0131r.<\/p>\n<p>4. 13 MAYIS 2014 TAR\u0130H\u0130NDE MEYDANA GELEN SOMA MADEN FAC\u0130ASI HAKKINDA <\/p>\n<p>\u00dclkemizde s\u0131kl\u0131kla i\u015f kazalar\u0131 ve meslek hastal\u0131klar\u0131 ya\u015fanmakta ve \u00f6zellikle de bu tip kaza ve hastal\u0131klarla, tehlikeli i\u015flerde kar\u015f\u0131la\u015f\u0131lmaktad\u0131r. Ba\u015fta in\u015faat sekt\u00f6r\u00fc ve yer alt\u0131 madencili\u011fi olmak \u00fczere, vahim sonu\u00e7lar\u0131n g\u00f6r\u00fcld\u00fc\u011f\u00fc olaylardan birisi de, 13 May\u0131s 2014 tarihinde meydana gelen ve 301 i\u015f\u00e7inin \u00f6l\u00fcm\u00fcyle sonu\u00e7lanan Soma Maden Facias\u0131 olmaktad\u0131r. Bu tarihte Manisa\u2019n\u0131n Soma il\u00e7esinde k\u00f6m\u00fcr madeninde \u00e7\u0131kan yang\u0131n sonucunda \u00e7ok say\u0131da insan\u0131m\u0131z ya\u015fam\u0131n\u0131 yitirmi\u015f ve \u00e7ok say\u0131da ailemiz, derin \u00fcz\u00fcnt\u00fc ya\u015fam\u0131\u015ft\u0131r. \u00dclkece ulusal yas tutulmu\u015ftur. Bu olay ile \u00f6ncesi ve sonras\u0131nda ya\u015fanan t\u00fcm i\u015f kazalar\u0131 da g\u00f6stermektedir ki; hayatta baz\u0131 olaylar\u0131n ve baz\u0131 ihmallerle hatalar\u0131n geri d\u00f6n\u00fc\u015f\u00fc olmamaktad\u0131r. \u0130\u015f kazalar\u0131n\u0131n \u00e7o\u011funlu\u011fu da ne yaz\u0131k ki \u00e7ok b\u00fcy\u00fck zararlara, kay\u0131plara, ma\u011fduriyetlere, \u00e7ok say\u0131da \u00f6l\u00fcmlere ve yaralanmalara yol a\u00e7maktad\u0131r. Ya\u015fanan facian\u0131n, tam 301 i\u015f\u00e7imizin ya\u015fam\u0131na son verdi\u011fi, 301 can\u0131m\u0131z\u0131 hayattan kopard\u0131\u011f\u0131 ve geride kalanlar\u0131n yak\u0131nlar\u0131n\u0131n ya\u015famlar\u0131n\u0131 t\u00fcmden de\u011fi\u015ftirdi\u011fi ve \u00e7ok ki\u015fiyi babas\u0131z, evlats\u0131z, e\u015fsiz b\u0131rakt\u0131\u011f\u0131 g\u00f6r\u00fclmektedir. Bu sebeple ba\u015fta i\u015f sa\u011fl\u0131\u011f\u0131 ve g\u00fcvenli\u011fi y\u00f6n\u00fcnden t\u00fcm tedbirlerin al\u0131nmas\u0131 ve olas\u0131 facialar\u0131n \u00f6n g\u00f6r\u00fclmesi suretiyle \u00e7e\u015fitli zararlara yol a\u00e7\u0131lmamas\u0131 i\u00e7in gereken t\u00fcm ad\u0131mlar\u0131n \u00f6ncesinden at\u0131lmas\u0131 ve ba\u015fta tehlikeli i\u015fler olmak \u00fczere, t\u00fcm sekt\u00f6r ve i\u015flerde, hi\u00e7bir kusur ve ihmale yol a\u00e7\u0131lmamas\u0131 gerekmektedir.<\/p>\n<p>Bug\u00fcnk\u00fc yaz\u0131m\u0131z\u0131, 301 maden \u00e7al\u0131\u015fan\u0131m\u0131z\u0131n vefat\u0131 dolay\u0131s\u0131yla kaleme ald\u0131\u011f\u0131m\u0131z\u0131 belirtmek ve yaln\u0131zca bir y\u0131l de\u011fil, her y\u0131l yasta oldu\u011fumuzu ve yaln\u0131zca bir g\u00fcn de\u011fil, 365 g\u00fcn\u00fcn her bir g\u00fcn\u00fcnde her bir can\u0131m\u0131z\u0131 and\u0131\u011f\u0131m\u0131z\u0131 ifade etmek istiyoruz. Bu vesileyle vefat edenlerimize rahmet; yak\u0131nlar\u0131na, ailelerine ve \u00fclkemize yeniden ba\u015f sa\u011fl\u0131\u011f\u0131 diliyoruz.<\/p>\n<p>Unutulmamal\u0131d\u0131r ki; \u00f6nceli\u011fimiz her zaman cand\u0131r, bunun i\u00e7in de tedbirli olmak ve \u00f6nemsemek, vazge\u00e7ilmez alt\u0131n kural\u0131m\u0131zd\u0131r. T\u00fcm i\u015f\u00e7ilerimizi \u00f6nemsedi\u011fimizi ve her birisine ayr\u0131 ayr\u0131 de\u011fer verdi\u011fimizi belirterek; 301 maden i\u015f\u00e7imizin nezdinde, i\u015f kazas\u0131 sebebiyle vefat eden, yaralanan ve meslek hastal\u0131\u011f\u0131 sebebiyle \u00e7e\u015fitli sa\u011fl\u0131k sorunlar\u0131 ya\u015fayan, ge\u00e7iren di\u011fer t\u00fcm i\u015f\u00e7ilerimizi de an\u0131yor ve i\u015f hayatlar\u0131m\u0131za, ya\u015fanan t\u00fcm ac\u0131lardan ders \u00e7\u0131kart\u0131lmas\u0131 suretiyle ve tedbirli \u015fekilde devam edilmesi gereklili\u011fini \u00f6nemle tekrar tekrar belirtmekte yarar umuyoruz.<\/p>\n<p>YAZIMIZ, 13 MAYIS 2014 TAR\u0130H\u0130NDE MEYDANA GELEN MAN\u0130SA SOMA MADEN FAC\u0130ASINDA VEFAT EDEN 301 CANIMIZIN ANISINA HAZIRLANMI\u015eTIR..<\/p>\n<p>\u200b1. \u0130\u015e KAZASI<\/p>\n<p>5510 say\u0131l\u0131 Sosyal Sigortalar ve Genel Sa\u011fl\u0131k Sigortas\u0131 Kanunu\u2019nun 13. maddesiyle d\u00fczenleme alan\u0131 bulan i\u015f kazas\u0131; sigortal\u0131n\u0131n i\u015f yerinde bulundu\u011fu s\u0131rada veya i\u015fveren taraf\u0131ndan y\u00fcr\u00fct\u00fclmekte olan i\u015f nedeniyle sigortal\u0131 kendi ad\u0131na ve hesab\u0131na ba\u011f\u0131ms\u0131z \u00e7al\u0131\u015f\u0131yorsa y\u00fcr\u00fctmekte oldu\u011fu i\u015f nedeniyle ya da bir i\u015fverene ba\u011fl\u0131 olarak \u00e7al\u0131\u015fan sigortal\u0131n\u0131n, g\u00f6revli olarak i\u015f yeri d\u0131\u015f\u0131nda ba\u015fka bir yere g\u00f6nderilmesi nedeniyle as\u0131l i\u015fini yapmaks\u0131z\u0131n ge\u00e7en zamanlarda yahut 5510 say\u0131l\u0131 yasan\u0131n 4 \u00fcnc\u00fc maddesinin birinci f\u0131kras\u0131n\u0131n (a) bendi kapsam\u0131ndaki emziren kad\u0131n sigortal\u0131n\u0131n, i\u015f mevzuat\u0131 gere\u011fince \u00e7ocu\u011funa s\u00fct vermek i\u00e7in ayr\u0131lan zamanlarda veya sigortal\u0131lar\u0131n, i\u015fverence sa\u011flanan bir ta\u015f\u0131tla i\u015fin yap\u0131ld\u0131\u011f\u0131 yere gidi\u015f geli\u015fi s\u0131ras\u0131nda, meydana gelen ve sigortal\u0131y\u0131 hemen veya sonradan bedenen ya da ruhen engelli h\u00e2le getiren olayd\u0131r.<\/p>\n<p>Bir kazan\u0131n i\u015f kazas\u0131 say\u0131labilmesi i\u00e7in gerekli \u015fartlar \u015funlard\u0131r:<\/p>\n<p>1.1. Sigortal\u0131n\u0131n, bedenen ya da ruhen engelli hale gelmesine neden olan bir kaza olmal\u0131d\u0131r.<\/p>\n<p>1.2. Kazaya u\u011frayan ki\u015fi, sigortal\u0131 olmal\u0131d\u0131r.<\/p>\n<p>1.3. Kaza, a\u015fa\u011f\u0131da say\u0131lan be\u015f durumdan biri kapsam\u0131nda meydana gelmelidir.<\/p>\n<p>1.3.1. Sigortal\u0131n\u0131n i\u015f yerinde bulundu\u011fu s\u0131rada,<\/p>\n<p>1.3.2. \u0130\u015fveren taraf\u0131ndan y\u00fcr\u00fct\u00fclmekte olan i\u015f nedeniyle sigortal\u0131 kendi ad\u0131na ve hesab\u0131na ba\u011f\u0131ms\u0131z \u00e7al\u0131\u015f\u0131yorsa y\u00fcr\u00fctmekte oldu\u011fu i\u015f nedeniyle,<\/p>\n<p>1.3.3. Bir i\u015fverene ba\u011fl\u0131 olarak \u00e7al\u0131\u015fan sigortal\u0131n\u0131n, g\u00f6revli olarak i\u015f yeri d\u0131\u015f\u0131nda ba\u015fka bir yere g\u00f6nderilmesi nedeniyle as\u0131l i\u015fini yapmaks\u0131z\u0131n ge\u00e7en zamanlarda,<\/p>\n<p>1.3.4. 5510 say\u0131l\u0131 yasan\u0131n 4 \u00fcnc\u00fc maddesinin birinci f\u0131kras\u0131n\u0131n (a) bendi kapsam\u0131ndaki emziren kad\u0131n sigortal\u0131n\u0131n, i\u015f mevzuat\u0131 gere\u011fince \u00e7ocu\u011funa s\u00fct vermek i\u00e7in ayr\u0131lan zamanlarda,<\/p>\n<p>1.3.5. Sigortal\u0131lar\u0131n, i\u015fverence sa\u011flanan bir ta\u015f\u0131tla i\u015fin yap\u0131ld\u0131\u011f\u0131 yere gidi\u015f geli\u015fi s\u0131ras\u0131nda.<\/p>\n<p>1.4. Sigortal\u0131n\u0131n bedenen ya da ruhen engelli hale gelmesi gereklidir.<\/p>\n<p>1.5. Kaza ile engel hal aras\u0131nda uygun illiyet ba\u011f\u0131 bulunmal\u0131d\u0131r.<\/p>\n<p>Say\u0131lan ko\u015fullar\u0131n birlikte ger\u00e7ekle\u015fmesi halinde, i\u015f kazas\u0131 meydana gelmektedir.<\/p>\n<p>\u0130\u015f kazas\u0131; \u00c7al\u0131\u015fma G\u00fcc\u00fc ve Meslekte Kazanma G\u00fcc\u00fc Kayb\u0131 Oran\u0131 Tespit \u0130\u015flemleri Y\u00f6netmeli\u011fi\u2019nde, sigortal\u0131y\u0131 hemen veya sonradan, bedenen ya da ruhen \u00f6zre u\u011fratan olaylar olarak tan\u0131mlanmaktad\u0131r.<\/p>\n<p>2. MESLEK HASTALI\u011eI<\/p>\n<p>5510 say\u0131l\u0131 Sosyal Sigortalar ve Genel Sa\u011fl\u0131k Sigortas\u0131 Kanunu\u2019nun 14. maddesiyle d\u00fczenlenen meslek hastal\u0131\u011f\u0131; sigortal\u0131n\u0131n \u00e7al\u0131\u015ft\u0131\u011f\u0131 veya yapt\u0131\u011f\u0131 i\u015fin niteli\u011finden dolay\u0131 tekrarlanan bir sebeple veya i\u015fin y\u00fcr\u00fct\u00fcm \u015fartlar\u0131 y\u00fcz\u00fcnden u\u011frad\u0131\u011f\u0131 ge\u00e7ici veya s\u00fcrekli hastal\u0131k, bedensel veya ruhsal engellilik halleridir. Bir hastal\u0131\u011f\u0131n meslek hastal\u0131\u011f\u0131 olabilmesi i\u00e7in bu hastal\u0131k ya da engelin, sigortal\u0131n\u0131n \u00e7al\u0131\u015ft\u0131\u011f\u0131 veya yapt\u0131\u011f\u0131 i\u015fin niteli\u011finden dolay\u0131 tekrarlanan bir sebeple meydana gelmesi veya i\u015fin y\u00fcr\u00fct\u00fcm \u015fartlar\u0131 y\u00fcz\u00fcnden u\u011franan hastal\u0131k veya engellilik hali olmas\u0131 gerekmektedir. Ancak say\u0131lanlar\u0131n t\u00fcm\u00fc de\u011fil, herhangi birinin ger\u00e7ekle\u015fmesi yeterli olmaktad\u0131r.<\/p>\n<p>Bir hastal\u0131k ya da engelin, meslek hastal\u0131\u011f\u0131 say\u0131labilmesi i\u00e7in gerekli \u015fartlar \u015funlard\u0131r:<\/p>\n<p>2.1. Meslek hastal\u0131\u011f\u0131na u\u011frayan ki\u015fi, sigortal\u0131 olmal\u0131d\u0131r.<\/p>\n<p>2.2. Engel ya da hastal\u0131\u011fa, a\u015fa\u011f\u0131da say\u0131lan iki durumdan biri sebebiyle u\u011franmas\u0131 gerekmektedir.<\/p>\n<p>2.2.1. Sigortal\u0131n\u0131n \u00e7al\u0131\u015ft\u0131\u011f\u0131 veya yapt\u0131\u011f\u0131 i\u015fin niteli\u011finden dolay\u0131 tekrarlanan bir sebeple,<\/p>\n<p>2.2.2. \u0130\u015fin y\u00fcr\u00fct\u00fcm \u015fartlar\u0131 y\u00fcz\u00fcnden.<\/p>\n<p>2.3. Sigortal\u0131n\u0131n say\u0131lan hallerden biri sebebiyle, ge\u00e7ici hastal\u0131\u011fa, s\u00fcrekli hastal\u0131\u011fa, bedensel engellilik haline, ruhsal engellilik haline u\u011framas\u0131 gereklidir. Meslek hastal\u0131\u011f\u0131 bak\u0131m\u0131ndan ge\u00e7ici hastal\u0131k, s\u00fcrekli hastal\u0131k, bedensel engellilik hali ya da ruhsal engellilik hallerinden birinin ger\u00e7ekle\u015fmesi yeterli olmaktad\u0131r.<\/p>\n<p>2.4. \u0130lliyet ba\u011f\u0131n\u0131n bulunmas\u0131 gereklidir.<\/p>\n<p>3. MADEN VE TA\u015e OCAKLARINDA YA\u015eANAN \u0130\u015e KAZALARI VE MESLEK HASTALIKLARI<\/p>\n<p>Yer kabu\u011funda ve su kaynaklar\u0131nda tabii olarak bulunan, ekonomik ve ticar\u00ee de\u011feri olan petrol, do\u011fal gaz, jeotermal ve su kaynaklar\u0131 d\u0131\u015f\u0131nda kalan her t\u00fcrl\u00fc madde, Maden Kanunu\u2019na g\u00f6re madendir. Maden haklar\u0131, medeni haklar\u0131 kullanmaya ehil T.C. vatanda\u015flar\u0131na, T\u00fcrkiye Cumhuriyeti Kanunlar\u0131na g\u00f6re kurulmu\u015f t\u00fczel ki\u015fili\u011fi haiz \u015firketlere, bu hususta yetkisi bulunan kamu iktisadi te\u015febb\u00fcsleri ile m\u00fcesseseleri, ba\u011fl\u0131 ortakl\u0131klar\u0131 ve i\u015ftirakleri ile di\u011fer kamu kurum, kurulu\u015f ve idarelerine ve yaln\u0131zca ger\u00e7ek veya t\u00fczel tek ki\u015fi ad\u0131na verilmektedir.<\/p>\n<p>Bu konuda 3213 say\u0131l\u0131 Maden Kanunu ve Maden Y\u00f6netmeli\u011fi uygulanmaktad\u0131r. Y\u00f6netmelik h\u00fck\u00fcmleri; T\u00fcrkiye Cumhuriyeti Devletinin h\u00fck\u00fcm ve tasarrufu alt\u0131nda olan ve i\u00e7erisinde bulunduklar\u0131 arz\u0131n m\u00fclkiyetine tabi olmay\u0131p Devletin m\u00fclkiyetinde olan maden kaynaklar\u0131n\u0131n, milli menfaatlere uygun olarak aranmas\u0131, i\u015fletilmesi, geli\u015ftirilmesi ve \u00fcretilmesi amac\u0131yla ger\u00e7ek ve t\u00fczel ki\u015filere, Bakanl\u0131k taraf\u0131ndan belli bir s\u00fcreyle hak verilmesi i\u00e7in 4\/6\/1985 tarihli ve 3213 say\u0131l\u0131 Maden Kanununun uygulanmas\u0131 ile ilgili usul ve esaslar\u0131 d\u00fczenlemektedir.<\/p>\n<p>Madenleri i\u015fletme hakk\u0131na sahip olan ki\u015filerce, bu madenlerde i\u015f s\u00f6zle\u015fmesiyle \u00e7al\u0131\u015ft\u0131r\u0131lan ki\u015filerin u\u011frad\u0131klar\u0131 i\u015f kazalar\u0131 ve ge\u00e7irdikleri meslek hastal\u0131klar\u0131 hakk\u0131nda i\u015f kazas\u0131 ve meslek hastal\u0131\u011f\u0131na dair h\u00fck\u00fcmler uygulanmaktad\u0131r. Maden ve ta\u015f ocaklar\u0131nda \u00e7al\u0131\u015fanlar\u0131n u\u011frad\u0131klar\u0131 i\u015f kazalar\u0131 ve meslek hastal\u0131klar\u0131 i\u00e7in maddi ve manevi tazminat davalar\u0131 dahil a\u00e7\u0131lacak davalarda, 7036 say\u0131l\u0131 \u0130\u015f Mahkemeleri Kanunu uyar\u0131nca; g\u00f6revli mahkeme, i\u015f mahkemeleri; yetkili mahkeme, daval\u0131 ger\u00e7ek veya t\u00fczel ki\u015finin davan\u0131n a\u00e7\u0131ld\u0131\u011f\u0131 tarihteki yerle\u015fim yeri mahkemesi ile i\u015fin veya i\u015flemin yap\u0131ld\u0131\u011f\u0131 yer mahkemesi olmaktad\u0131r. Daval\u0131 birden fazlaysa bunlardan birinin yerle\u015fim yeri mahkemesi ve i\u015f kazas\u0131ndan do\u011fan tazminat davalar\u0131nda, i\u015f kazas\u0131n\u0131n veya zarar\u0131n meydana geldi\u011fi yer ile zarar g\u00f6ren i\u015f\u00e7inin yerle\u015fim yeri mahkemesi de yetkili olmaktad\u0131r. Aksi y\u00f6nde yap\u0131lan yetki s\u00f6zle\u015fmelerinin ge\u00e7erlili\u011fi bulunmamaktad\u0131r.<\/p>\n<p>Bilindi\u011fi \u00fczere; i\u015f\u00e7i i\u015fveren ili\u015fkisinden kaynakl\u0131 uyu\u015fmazl\u0131klarda arabuluculuk, dava \u015fart\u0131 olarak kabul edilmektedir. Ancak bunun baz\u0131 istisnalar\u0131 bulunmaktad\u0131r. Bunlardan ilki, arabuluculu\u011fun uygulanmad\u0131\u011f\u0131 bir durum olup; hizmet tespiti (\u00e7al\u0131\u015fma s\u00fcresinin) tespiti davalar\u0131d\u0131r. Bir di\u011feri ise, arabuluculu\u011fa elveri\u015fli bir hukuk uyu\u015fmazl\u0131\u011f\u0131 olmas\u0131na ra\u011fmen, arabuluculu\u011fun dava \u015fart\u0131 kapsam\u0131nda yer almamas\u0131d\u0131r ki; bunlar, i\u015f kazas\u0131 ve meslek hastal\u0131\u011f\u0131nda a\u00e7\u0131lan davalar olarak kar\u015f\u0131m\u0131za \u00e7\u0131kmaktad\u0131r. Bu iki halde, taraflar dilerse arabuluculuk yoluna gitmekte ve uyu\u015fmazl\u0131klar\u0131n\u0131 arabuluculuk yoluyla \u00e7\u00f6z\u00fcme kavu\u015fturabilmektedir. Ancak bu noktada bir zorunluluk olmamakta ve dava yoluna gidilebilmesi i\u00e7in arabuluculuk ba\u015fvurusunun veya arabulucu taraf\u0131ndan d\u00fczenlenen anla\u015famama y\u00f6n\u00fcndeki son tutana\u011f\u0131n varl\u0131\u011f\u0131 aranmamaktad\u0131r. Zira bu halde arabuluculuk, ihtiyari bir yol olarak kar\u015f\u0131m\u0131za \u00e7\u0131kmaktad\u0131r. Taraflarca i\u015f kazas\u0131 ve meslek hastal\u0131\u011f\u0131 y\u00f6n\u00fcnden dava a\u00e7\u0131ld\u0131ktan sonra da ihtiyari arabuluculuk yoluna gidilerek veya sulh olunarak mali haklar y\u00f6n\u00fcnden anla\u015fma sa\u011flanmas\u0131 veya sulh olunmas\u0131 da m\u00fcmk\u00fcn bulunmaktad\u0131r.<\/p>\n<p>4. 13 MAYIS 2014 TAR\u0130H\u0130NDE MEYDANA GELEN SOMA MADEN FAC\u0130ASI HAKKINDA <\/p>\n<p>\u00dclkemizde s\u0131kl\u0131kla i\u015f kazalar\u0131 ve meslek hastal\u0131klar\u0131 ya\u015fanmakta ve \u00f6zellikle de bu tip kaza ve hastal\u0131klarla, tehlikeli i\u015flerde kar\u015f\u0131la\u015f\u0131lmaktad\u0131r. Ba\u015fta in\u015faat sekt\u00f6r\u00fc ve yer alt\u0131 madencili\u011fi olmak \u00fczere, vahim sonu\u00e7lar\u0131n g\u00f6r\u00fcld\u00fc\u011f\u00fc olaylardan birisi de, 13 May\u0131s 2014 tarihinde meydana gelen ve 301 i\u015f\u00e7inin \u00f6l\u00fcm\u00fcyle sonu\u00e7lanan Soma Maden Facias\u0131 olmaktad\u0131r. Bu tarihte Manisa\u2019n\u0131n Soma il\u00e7esinde k\u00f6m\u00fcr madeninde \u00e7\u0131kan yang\u0131n sonucunda \u00e7ok say\u0131da insan\u0131m\u0131z ya\u015fam\u0131n\u0131 yitirmi\u015f ve \u00e7ok say\u0131da ailemiz, derin \u00fcz\u00fcnt\u00fc ya\u015fam\u0131\u015ft\u0131r. \u00dclkece ulusal yas tutulmu\u015ftur. Bu olay ile \u00f6ncesi ve sonras\u0131nda ya\u015fanan t\u00fcm i\u015f kazalar\u0131 da g\u00f6stermektedir ki; hayatta baz\u0131 olaylar\u0131n ve baz\u0131 ihmallerle hatalar\u0131n geri d\u00f6n\u00fc\u015f\u00fc olmamaktad\u0131r. \u0130\u015f kazalar\u0131n\u0131n \u00e7o\u011funlu\u011fu da ne yaz\u0131k ki \u00e7ok b\u00fcy\u00fck zararlara, kay\u0131plara, ma\u011fduriyetlere, \u00e7ok say\u0131da \u00f6l\u00fcmlere ve yaralanmalara yol a\u00e7maktad\u0131r. Ya\u015fanan facian\u0131n, tam 301 i\u015f\u00e7imizin ya\u015fam\u0131na son verdi\u011fi, 301 can\u0131m\u0131z\u0131 hayattan kopard\u0131\u011f\u0131 ve geride kalanlar\u0131n yak\u0131nlar\u0131n\u0131n ya\u015famlar\u0131n\u0131 t\u00fcmden de\u011fi\u015ftirdi\u011fi ve \u00e7ok ki\u015fiyi babas\u0131z, evlats\u0131z, e\u015fsiz b\u0131rakt\u0131\u011f\u0131 g\u00f6r\u00fclmektedir. Bu sebeple ba\u015fta i\u015f sa\u011fl\u0131\u011f\u0131 ve g\u00fcvenli\u011fi y\u00f6n\u00fcnden t\u00fcm tedbirlerin al\u0131nmas\u0131 ve olas\u0131 facialar\u0131n \u00f6n g\u00f6r\u00fclmesi suretiyle \u00e7e\u015fitli zararlara yol a\u00e7\u0131lmamas\u0131 i\u00e7in gereken t\u00fcm ad\u0131mlar\u0131n \u00f6ncesinden at\u0131lmas\u0131 ve ba\u015fta tehlikeli i\u015fler olmak \u00fczere, t\u00fcm sekt\u00f6r ve i\u015flerde, hi\u00e7bir kusur ve ihmale yol a\u00e7\u0131lmamas\u0131 gerekmektedir.<\/p>\n<p>Bug\u00fcnk\u00fc yaz\u0131m\u0131z\u0131, 301 maden \u00e7al\u0131\u015fan\u0131m\u0131z\u0131n vefat\u0131 dolay\u0131s\u0131yla kaleme ald\u0131\u011f\u0131m\u0131z\u0131 belirtmek ve yaln\u0131zca bir y\u0131l de\u011fil, her y\u0131l yasta oldu\u011fumuzu ve yaln\u0131zca bir g\u00fcn de\u011fil, 365 g\u00fcn\u00fcn her bir g\u00fcn\u00fcnde her bir can\u0131m\u0131z\u0131 and\u0131\u011f\u0131m\u0131z\u0131 ifade etmek istiyoruz. Bu vesileyle vefat edenlerimize rahmet; yak\u0131nlar\u0131na, ailelerine ve \u00fclkemize yeniden ba\u015f sa\u011fl\u0131\u011f\u0131 diliyoruz.<\/p>\n<p>Unutulmamal\u0131d\u0131r ki; \u00f6nceli\u011fimiz her zaman cand\u0131r, bunun i\u00e7in de tedbirli olmak ve \u00f6nemsemek, vazge\u00e7ilmez alt\u0131n kural\u0131m\u0131zd\u0131r. T\u00fcm i\u015f\u00e7ilerimizi \u00f6nemsedi\u011fimizi ve her birisine ayr\u0131 ayr\u0131 de\u011fer verdi\u011fimizi belirterek; 301 maden i\u015f\u00e7imizin nezdinde, i\u015f kazas\u0131 sebebiyle vefat eden, yaralanan ve meslek hastal\u0131\u011f\u0131 sebebiyle \u00e7e\u015fitli sa\u011fl\u0131k sorunlar\u0131 ya\u015fayan, ge\u00e7iren di\u011fer t\u00fcm i\u015f\u00e7ilerimizi de an\u0131yor ve i\u015f hayatlar\u0131m\u0131za, ya\u015fanan t\u00fcm ac\u0131lardan ders \u00e7\u0131kart\u0131lmas\u0131 suretiyle ve tedbirli \u015fekilde devam edilmesi gereklili\u011fini \u00f6nemle tekrar tekrar belirtmekte yarar umuyoruz.<\/p>\n<p>YAZIMIZ, 13 MAYIS 2014 TAR\u0130H\u0130NDE MEYDANA GELEN MAN\u0130SA SOMA MADEN FAC\u0130ASINDA VEFAT EDEN 301 CANIMIZIN ANISINA HAZIRLANMI\u015eTIR..\u00a0Hukuki Haber<\/p>\n<p>Haberin Al\u0131nt\u0131land\u0131\u011f\u0131 Kaynak: www.hukukihaber.net<\/p>","protected":false},"excerpt":{"rendered":"<p>1. \u0130\u015e KAZASI 5510 say\u0131l\u0131 Sosyal Sigortalar ve Genel Sa\u011fl\u0131k Sigortas\u0131 Kanunu\u2019nun 13. maddesiyle d\u00fczenleme alan\u0131 bulan i\u015f kazas\u0131; sigortal\u0131n\u0131n i\u015f yerinde bulundu\u011fu s\u0131rada veya i\u015fveren taraf\u0131ndan y\u00fcr\u00fct\u00fclmekte olan i\u015f nedeniyle sigortal\u0131 kendi ad\u0131na ve hesab\u0131na ba\u011f\u0131ms\u0131z \u00e7al\u0131\u015f\u0131yorsa y\u00fcr\u00fctmekte oldu\u011fu i\u015f nedeniyle ya da bir i\u015fverene ba\u011fl\u0131 olarak \u00e7al\u0131\u015fan sigortal\u0131n\u0131n, g\u00f6revli olarak i\u015f yeri d\u0131\u015f\u0131nda ba\u015fka bir yere g\u00f6nderilmesi nedeniyle as\u0131l i\u015fini yapmaks\u0131z\u0131n ge\u00e7en zamanlarda yahut 5510 say\u0131l\u0131 yasan\u0131n 4 \u00fcnc\u00fc maddesinin birinci f\u0131kras\u0131n\u0131n (a) bendi kapsam\u0131ndaki emziren kad\u0131n sigortal\u0131n\u0131n, i\u015f mevzuat\u0131 gere\u011fince \u00e7ocu\u011funa s\u00fct vermek i\u00e7in ayr\u0131lan zamanlarda veya sigortal\u0131lar\u0131n, i\u015fverence sa\u011flanan bir ta\u015f\u0131tla i\u015fin yap\u0131ld\u0131\u011f\u0131 yere gidi\u015f geli\u015fi s\u0131ras\u0131nda, meydana gelen ve sigortal\u0131y\u0131 hemen veya sonradan bedenen ya da ruhen engelli h\u00e2le getiren olayd\u0131r. Bir kazan\u0131n i\u015f kazas\u0131 say\u0131labilmesi i\u00e7in gerekli \u015fartlar \u015funlard\u0131r: 1.1. Sigortal\u0131n\u0131n, bedenen ya da ruhen engelli hale gelmesine neden olan bir kaza olmal\u0131d\u0131r. 1.2. Kazaya u\u011frayan ki\u015fi, sigortal\u0131 olmal\u0131d\u0131r. 1.3. Kaza, a\u015fa\u011f\u0131da say\u0131lan be\u015f durumdan biri kapsam\u0131nda meydana gelmelidir. 1.3.1. Sigortal\u0131n\u0131n i\u015f yerinde bulundu\u011fu s\u0131rada, 1.3.2. \u0130\u015fveren taraf\u0131ndan y\u00fcr\u00fct\u00fclmekte olan i\u015f nedeniyle sigortal\u0131 kendi ad\u0131na ve hesab\u0131na ba\u011f\u0131ms\u0131z \u00e7al\u0131\u015f\u0131yorsa y\u00fcr\u00fctmekte oldu\u011fu i\u015f nedeniyle, 1.3.3. Bir i\u015fverene ba\u011fl\u0131 olarak \u00e7al\u0131\u015fan sigortal\u0131n\u0131n, g\u00f6revli olarak i\u015f yeri d\u0131\u015f\u0131nda ba\u015fka bir yere g\u00f6nderilmesi nedeniyle as\u0131l i\u015fini yapmaks\u0131z\u0131n ge\u00e7en &hellip;<\/p>","protected":false},"author":3,"featured_media":0,"comment_status":"","ping_status":"open","sticky":false,"template":"","format":"standard","meta":{"_acf_changed":false,"footnotes":""},"categories":[27],"tags":[],"class_list":["post-87358","post","type-post","status-publish","format-standard","has-post-thumbnail","hentry","category-hukukihaber"],"acf":[],"yoast_head":"<!-- This site is optimized with the Yoast SEO Premium plugin v26.6 (Yoast SEO v27.1.1) - https:\/\/yoast.com\/product\/yoast-seo-premium-wordpress\/ -->\n<title>\u0130\u015e KAZASI, MESLEK HASTALI\u011eI VE 13 MAYIS 2014 TAR\u0130HL\u0130 SOMA MADEN FAC\u0130ASI - Av. Deniz Can K\u0131z\u0131l<\/title>\n<meta name=\"robots\" content=\"index, follow, max-snippet:-1, max-image-preview:large, max-video-preview:-1\" \/>\n<link rel=\"canonical\" href=\"https:\/\/denizcankizil.tr\/de\/hukukihaber\/is-kazasi-meslek-hastaligi-ve-13-mayis-2014-tarihli-soma-maden-faciasi\/\" \/>\n<meta property=\"og:locale\" content=\"de_DE\" \/>\n<meta property=\"og:type\" content=\"article\" \/>\n<meta property=\"og:title\" content=\"\u0130\u015e KAZASI, MESLEK HASTALI\u011eI VE 13 MAYIS 2014 TAR\u0130HL\u0130 SOMA MADEN FAC\u0130ASI\" \/>\n<meta property=\"og:description\" content=\"1. \u0130\u015e KAZASI 5510 say\u0131l\u0131 Sosyal Sigortalar ve Genel Sa\u011fl\u0131k Sigortas\u0131 Kanunu\u2019nun 13. maddesiyle d\u00fczenleme alan\u0131 bulan i\u015f kazas\u0131; sigortal\u0131n\u0131n i\u015f yerinde bulundu\u011fu s\u0131rada veya i\u015fveren taraf\u0131ndan y\u00fcr\u00fct\u00fclmekte olan i\u015f nedeniyle sigortal\u0131 kendi ad\u0131na ve hesab\u0131na ba\u011f\u0131ms\u0131z \u00e7al\u0131\u015f\u0131yorsa y\u00fcr\u00fctmekte oldu\u011fu i\u015f nedeniyle ya da bir i\u015fverene ba\u011fl\u0131 olarak \u00e7al\u0131\u015fan sigortal\u0131n\u0131n, g\u00f6revli olarak i\u015f yeri d\u0131\u015f\u0131nda ba\u015fka bir yere g\u00f6nderilmesi nedeniyle as\u0131l i\u015fini yapmaks\u0131z\u0131n ge\u00e7en zamanlarda yahut 5510 say\u0131l\u0131 yasan\u0131n 4 \u00fcnc\u00fc maddesinin birinci f\u0131kras\u0131n\u0131n (a) bendi kapsam\u0131ndaki emziren kad\u0131n sigortal\u0131n\u0131n, i\u015f mevzuat\u0131 gere\u011fince \u00e7ocu\u011funa s\u00fct vermek i\u00e7in ayr\u0131lan zamanlarda veya sigortal\u0131lar\u0131n, i\u015fverence sa\u011flanan bir ta\u015f\u0131tla i\u015fin yap\u0131ld\u0131\u011f\u0131 yere gidi\u015f geli\u015fi s\u0131ras\u0131nda, meydana gelen ve sigortal\u0131y\u0131 hemen veya sonradan bedenen ya da ruhen engelli h\u00e2le getiren olayd\u0131r. Bir kazan\u0131n i\u015f kazas\u0131 say\u0131labilmesi i\u00e7in gerekli \u015fartlar \u015funlard\u0131r: 1.1. Sigortal\u0131n\u0131n, bedenen ya da ruhen engelli hale gelmesine neden olan bir kaza olmal\u0131d\u0131r. 1.2. Kazaya u\u011frayan ki\u015fi, sigortal\u0131 olmal\u0131d\u0131r. 1.3. Kaza, a\u015fa\u011f\u0131da say\u0131lan be\u015f durumdan biri kapsam\u0131nda meydana gelmelidir. 1.3.1. Sigortal\u0131n\u0131n i\u015f yerinde bulundu\u011fu s\u0131rada, 1.3.2. \u0130\u015fveren taraf\u0131ndan y\u00fcr\u00fct\u00fclmekte olan i\u015f nedeniyle sigortal\u0131 kendi ad\u0131na ve hesab\u0131na ba\u011f\u0131ms\u0131z \u00e7al\u0131\u015f\u0131yorsa y\u00fcr\u00fctmekte oldu\u011fu i\u015f nedeniyle, 1.3.3. Bir i\u015fverene ba\u011fl\u0131 olarak \u00e7al\u0131\u015fan sigortal\u0131n\u0131n, g\u00f6revli olarak i\u015f yeri d\u0131\u015f\u0131nda ba\u015fka bir yere g\u00f6nderilmesi nedeniyle as\u0131l i\u015fini yapmaks\u0131z\u0131n ge\u00e7en &hellip;\" \/>\n<meta property=\"og:url\" content=\"https:\/\/denizcankizil.tr\/de\/hukukihaber\/is-kazasi-meslek-hastaligi-ve-13-mayis-2014-tarihli-soma-maden-faciasi\/\" \/>\n<meta property=\"og:site_name\" content=\"Av. Deniz Can K\u0131z\u0131l\" \/>\n<meta property=\"article:published_time\" content=\"2025-05-12T13:07:00+00:00\" \/>\n<meta name=\"author\" content=\"Hukuki Haber.net\" \/>\n<meta name=\"twitter:card\" content=\"summary_large_image\" \/>\n<meta name=\"twitter:label1\" content=\"Verfasst von\" \/>\n\t<meta name=\"twitter:data1\" content=\"Hukuki Haber.net\" \/>\n\t<meta name=\"twitter:label2\" content=\"Gesch\u00e4tzte Lesezeit\" \/>\n\t<meta name=\"twitter:data2\" content=\"18\u00a0Minuten\" \/>\n<script type=\"application\/ld+json\" class=\"yoast-schema-graph\">{\"@context\":\"https:\/\/schema.org\",\"@graph\":[{\"@type\":\"Article\",\"@id\":\"https:\/\/denizcankizil.tr\/en\/hukukihaber\/is-kazasi-meslek-hastaligi-ve-13-mayis-2014-tarihli-soma-maden-faciasi\/#article\",\"isPartOf\":{\"@id\":\"https:\/\/denizcankizil.tr\/en\/hukukihaber\/is-kazasi-meslek-hastaligi-ve-13-mayis-2014-tarihli-soma-maden-faciasi\/\"},\"author\":{\"name\":\"Hukuki Haber.net\",\"@id\":\"https:\/\/denizcankizil.tr\/#\/schema\/person\/001a271de994a0aa3f90eea084424822\"},\"headline\":\"\u0130\u015e KAZASI, MESLEK HASTALI\u011eI VE 13 MAYIS 2014 TAR\u0130HL\u0130 SOMA MADEN FAC\u0130ASI\",\"datePublished\":\"2025-05-12T13:07:00+00:00\",\"mainEntityOfPage\":{\"@id\":\"https:\/\/denizcankizil.tr\/en\/hukukihaber\/is-kazasi-meslek-hastaligi-ve-13-mayis-2014-tarihli-soma-maden-faciasi\/\"},\"wordCount\":3532,\"publisher\":{\"@id\":\"https:\/\/denizcankizil.tr\/#organization\"},\"articleSection\":[\"Hukuki Haberler\"],\"inLanguage\":\"de\"},{\"@type\":\"WebPage\",\"@id\":\"https:\/\/denizcankizil.tr\/en\/hukukihaber\/is-kazasi-meslek-hastaligi-ve-13-mayis-2014-tarihli-soma-maden-faciasi\/\",\"url\":\"https:\/\/denizcankizil.tr\/en\/hukukihaber\/is-kazasi-meslek-hastaligi-ve-13-mayis-2014-tarihli-soma-maden-faciasi\/\",\"name\":\"\u0130\u015e KAZASI, MESLEK HASTALI\u011eI VE 13 MAYIS 2014 TAR\u0130HL\u0130 SOMA MADEN FAC\u0130ASI - Av. Deniz Can K\u0131z\u0131l\",\"isPartOf\":{\"@id\":\"https:\/\/denizcankizil.tr\/#website\"},\"datePublished\":\"2025-05-12T13:07:00+00:00\",\"breadcrumb\":{\"@id\":\"https:\/\/denizcankizil.tr\/en\/hukukihaber\/is-kazasi-meslek-hastaligi-ve-13-mayis-2014-tarihli-soma-maden-faciasi\/#breadcrumb\"},\"inLanguage\":\"de\",\"potentialAction\":[{\"@type\":\"ReadAction\",\"target\":[\"https:\/\/denizcankizil.tr\/en\/hukukihaber\/is-kazasi-meslek-hastaligi-ve-13-mayis-2014-tarihli-soma-maden-faciasi\/\"]}]},{\"@type\":\"BreadcrumbList\",\"@id\":\"https:\/\/denizcankizil.tr\/en\/hukukihaber\/is-kazasi-meslek-hastaligi-ve-13-mayis-2014-tarihli-soma-maden-faciasi\/#breadcrumb\",\"itemListElement\":[{\"@type\":\"ListItem\",\"position\":1,\"name\":\"Home\",\"item\":\"https:\/\/denizcankizil.tr\/uk\/\"},{\"@type\":\"ListItem\",\"position\":2,\"name\":\"\u0130\u015e KAZASI, MESLEK HASTALI\u011eI VE 13 MAYIS 2014 TAR\u0130HL\u0130 SOMA MADEN FAC\u0130ASI\"}]},{\"@type\":\"WebSite\",\"@id\":\"https:\/\/denizcankizil.tr\/#website\",\"url\":\"https:\/\/denizcankizil.tr\/\",\"name\":\"Av. Deniz Can K\u0131z\u0131l\",\"description\":\"Avukat Deniz Can K\u0131z\u0131l Antalya Barosu\",\"publisher\":{\"@id\":\"https:\/\/denizcankizil.tr\/#organization\"},\"potentialAction\":[{\"@type\":\"SearchAction\",\"target\":{\"@type\":\"EntryPoint\",\"urlTemplate\":\"https:\/\/denizcankizil.tr\/?s={search_term_string}\"},\"query-input\":{\"@type\":\"PropertyValueSpecification\",\"valueRequired\":true,\"valueName\":\"search_term_string\"}}],\"inLanguage\":\"de\"},{\"@type\":\"Organization\",\"@id\":\"https:\/\/denizcankizil.tr\/#organization\",\"name\":\"Av. Deniz Can K\u0131z\u0131l\",\"url\":\"https:\/\/denizcankizil.tr\/\",\"logo\":{\"@type\":\"ImageObject\",\"inLanguage\":\"de\",\"@id\":\"https:\/\/denizcankizil.tr\/#\/schema\/logo\/image\/\",\"url\":\"https:\/\/denizcankizil.tr\/wp-content\/uploads\/2024\/10\/siyah-logo-svg.svg\",\"contentUrl\":\"https:\/\/denizcankizil.tr\/wp-content\/uploads\/2024\/10\/siyah-logo-svg.svg\",\"width\":1080,\"height\":1080,\"caption\":\"Av. Deniz Can K\u0131z\u0131l\"},\"image\":{\"@id\":\"https:\/\/denizcankizil.tr\/#\/schema\/logo\/image\/\"}},{\"@type\":\"Person\",\"@id\":\"https:\/\/denizcankizil.tr\/#\/schema\/person\/001a271de994a0aa3f90eea084424822\",\"name\":\"Hukuki Haber.net\",\"image\":{\"@type\":\"ImageObject\",\"inLanguage\":\"de\",\"@id\":\"https:\/\/denizcankizil.tr\/#\/schema\/person\/image\/\",\"url\":\"https:\/\/secure.gravatar.com\/avatar\/57d8a49151495586611a149d29fc42865b951dc053a84709a3172ccb5abf3118?s=96&d=mm&r=g\",\"contentUrl\":\"https:\/\/secure.gravatar.com\/avatar\/57d8a49151495586611a149d29fc42865b951dc053a84709a3172ccb5abf3118?s=96&d=mm&r=g\",\"caption\":\"Hukuki Haber.net\"},\"sameAs\":[\"http:\/\/www.hukukihaber.net\"],\"url\":\"https:\/\/www.hukukihaber.net\/is-kazasi-meslek-hastaligi-ve-13-mayis-2014-tarihli-soma-maden-faciasi\"}]}<\/script>\n<!-- \/ Yoast SEO Premium plugin. -->","yoast_head_json":{"title":"\u0130\u015e KAZASI, MESLEK HASTALI\u011eI VE 13 MAYIS 2014 TAR\u0130HL\u0130 SOMA MADEN FAC\u0130ASI - Av. Deniz Can K\u0131z\u0131l","robots":{"index":"index","follow":"follow","max-snippet":"max-snippet:-1","max-image-preview":"max-image-preview:large","max-video-preview":"max-video-preview:-1"},"canonical":"https:\/\/denizcankizil.tr\/de\/hukukihaber\/is-kazasi-meslek-hastaligi-ve-13-mayis-2014-tarihli-soma-maden-faciasi\/","og_locale":"de_DE","og_type":"article","og_title":"\u0130\u015e KAZASI, MESLEK HASTALI\u011eI VE 13 MAYIS 2014 TAR\u0130HL\u0130 SOMA MADEN FAC\u0130ASI","og_description":"1. \u0130\u015e KAZASI 5510 say\u0131l\u0131 Sosyal Sigortalar ve Genel Sa\u011fl\u0131k Sigortas\u0131 Kanunu\u2019nun 13. maddesiyle d\u00fczenleme alan\u0131 bulan i\u015f kazas\u0131; sigortal\u0131n\u0131n i\u015f yerinde bulundu\u011fu s\u0131rada veya i\u015fveren taraf\u0131ndan y\u00fcr\u00fct\u00fclmekte olan i\u015f nedeniyle sigortal\u0131 kendi ad\u0131na ve hesab\u0131na ba\u011f\u0131ms\u0131z \u00e7al\u0131\u015f\u0131yorsa y\u00fcr\u00fctmekte oldu\u011fu i\u015f nedeniyle ya da bir i\u015fverene ba\u011fl\u0131 olarak \u00e7al\u0131\u015fan sigortal\u0131n\u0131n, g\u00f6revli olarak i\u015f yeri d\u0131\u015f\u0131nda ba\u015fka bir yere g\u00f6nderilmesi nedeniyle as\u0131l i\u015fini yapmaks\u0131z\u0131n ge\u00e7en zamanlarda yahut 5510 say\u0131l\u0131 yasan\u0131n 4 \u00fcnc\u00fc maddesinin birinci f\u0131kras\u0131n\u0131n (a) bendi kapsam\u0131ndaki emziren kad\u0131n sigortal\u0131n\u0131n, i\u015f mevzuat\u0131 gere\u011fince \u00e7ocu\u011funa s\u00fct vermek i\u00e7in ayr\u0131lan zamanlarda veya sigortal\u0131lar\u0131n, i\u015fverence sa\u011flanan bir ta\u015f\u0131tla i\u015fin yap\u0131ld\u0131\u011f\u0131 yere gidi\u015f geli\u015fi s\u0131ras\u0131nda, meydana gelen ve sigortal\u0131y\u0131 hemen veya sonradan bedenen ya da ruhen engelli h\u00e2le getiren olayd\u0131r. Bir kazan\u0131n i\u015f kazas\u0131 say\u0131labilmesi i\u00e7in gerekli \u015fartlar \u015funlard\u0131r: 1.1. Sigortal\u0131n\u0131n, bedenen ya da ruhen engelli hale gelmesine neden olan bir kaza olmal\u0131d\u0131r. 1.2. Kazaya u\u011frayan ki\u015fi, sigortal\u0131 olmal\u0131d\u0131r. 1.3. Kaza, a\u015fa\u011f\u0131da say\u0131lan be\u015f durumdan biri kapsam\u0131nda meydana gelmelidir. 1.3.1. Sigortal\u0131n\u0131n i\u015f yerinde bulundu\u011fu s\u0131rada, 1.3.2. \u0130\u015fveren taraf\u0131ndan y\u00fcr\u00fct\u00fclmekte olan i\u015f nedeniyle sigortal\u0131 kendi ad\u0131na ve hesab\u0131na ba\u011f\u0131ms\u0131z \u00e7al\u0131\u015f\u0131yorsa y\u00fcr\u00fctmekte oldu\u011fu i\u015f nedeniyle, 1.3.3. Bir i\u015fverene ba\u011fl\u0131 olarak \u00e7al\u0131\u015fan sigortal\u0131n\u0131n, g\u00f6revli olarak i\u015f yeri d\u0131\u015f\u0131nda ba\u015fka bir yere g\u00f6nderilmesi nedeniyle as\u0131l i\u015fini yapmaks\u0131z\u0131n ge\u00e7en &hellip;","og_url":"https:\/\/denizcankizil.tr\/de\/hukukihaber\/is-kazasi-meslek-hastaligi-ve-13-mayis-2014-tarihli-soma-maden-faciasi\/","og_site_name":"Av. Deniz Can K\u0131z\u0131l","article_published_time":"2025-05-12T13:07:00+00:00","author":"Hukuki Haber.net","twitter_card":"summary_large_image","twitter_misc":{"Verfasst von":"Hukuki Haber.net","Gesch\u00e4tzte Lesezeit":"18\u00a0Minuten"},"schema":{"@context":"https:\/\/schema.org","@graph":[{"@type":"Article","@id":"https:\/\/denizcankizil.tr\/en\/hukukihaber\/is-kazasi-meslek-hastaligi-ve-13-mayis-2014-tarihli-soma-maden-faciasi\/#article","isPartOf":{"@id":"https:\/\/denizcankizil.tr\/en\/hukukihaber\/is-kazasi-meslek-hastaligi-ve-13-mayis-2014-tarihli-soma-maden-faciasi\/"},"author":{"name":"Hukuki Haber.net","@id":"https:\/\/denizcankizil.tr\/#\/schema\/person\/001a271de994a0aa3f90eea084424822"},"headline":"\u0130\u015e KAZASI, MESLEK HASTALI\u011eI VE 13 MAYIS 2014 TAR\u0130HL\u0130 SOMA MADEN FAC\u0130ASI","datePublished":"2025-05-12T13:07:00+00:00","mainEntityOfPage":{"@id":"https:\/\/denizcankizil.tr\/en\/hukukihaber\/is-kazasi-meslek-hastaligi-ve-13-mayis-2014-tarihli-soma-maden-faciasi\/"},"wordCount":3532,"publisher":{"@id":"https:\/\/denizcankizil.tr\/#organization"},"articleSection":["Hukuki Haberler"],"inLanguage":"de"},{"@type":"WebPage","@id":"https:\/\/denizcankizil.tr\/en\/hukukihaber\/is-kazasi-meslek-hastaligi-ve-13-mayis-2014-tarihli-soma-maden-faciasi\/","url":"https:\/\/denizcankizil.tr\/en\/hukukihaber\/is-kazasi-meslek-hastaligi-ve-13-mayis-2014-tarihli-soma-maden-faciasi\/","name":"\u0130\u015e KAZASI, MESLEK HASTALI\u011eI VE 13 MAYIS 2014 TAR\u0130HL\u0130 SOMA MADEN FAC\u0130ASI - Av. Deniz Can K\u0131z\u0131l","isPartOf":{"@id":"https:\/\/denizcankizil.tr\/#website"},"datePublished":"2025-05-12T13:07:00+00:00","breadcrumb":{"@id":"https:\/\/denizcankizil.tr\/en\/hukukihaber\/is-kazasi-meslek-hastaligi-ve-13-mayis-2014-tarihli-soma-maden-faciasi\/#breadcrumb"},"inLanguage":"de","potentialAction":[{"@type":"ReadAction","target":["https:\/\/denizcankizil.tr\/en\/hukukihaber\/is-kazasi-meslek-hastaligi-ve-13-mayis-2014-tarihli-soma-maden-faciasi\/"]}]},{"@type":"BreadcrumbList","@id":"https:\/\/denizcankizil.tr\/en\/hukukihaber\/is-kazasi-meslek-hastaligi-ve-13-mayis-2014-tarihli-soma-maden-faciasi\/#breadcrumb","itemListElement":[{"@type":"ListItem","position":1,"name":"Home","item":"https:\/\/denizcankizil.tr\/uk\/"},{"@type":"ListItem","position":2,"name":"\u0130\u015e KAZASI, MESLEK HASTALI\u011eI VE 13 MAYIS 2014 TAR\u0130HL\u0130 SOMA MADEN FAC\u0130ASI"}]},{"@type":"WebSite","@id":"https:\/\/denizcankizil.tr\/#website","url":"https:\/\/denizcankizil.tr\/","name":"Av. Deniz Can K\u0131z\u0131l","description":"Avukat Deniz Can K\u0131z\u0131l Antalya Barosu","publisher":{"@id":"https:\/\/denizcankizil.tr\/#organization"},"potentialAction":[{"@type":"SearchAction","target":{"@type":"EntryPoint","urlTemplate":"https:\/\/denizcankizil.tr\/?s={search_term_string}"},"query-input":{"@type":"PropertyValueSpecification","valueRequired":true,"valueName":"search_term_string"}}],"inLanguage":"de"},{"@type":"Organization","@id":"https:\/\/denizcankizil.tr\/#organization","name":"Av. Deniz Can K\u0131z\u0131l","url":"https:\/\/denizcankizil.tr\/","logo":{"@type":"ImageObject","inLanguage":"de","@id":"https:\/\/denizcankizil.tr\/#\/schema\/logo\/image\/","url":"https:\/\/denizcankizil.tr\/wp-content\/uploads\/2024\/10\/siyah-logo-svg.svg","contentUrl":"https:\/\/denizcankizil.tr\/wp-content\/uploads\/2024\/10\/siyah-logo-svg.svg","width":1080,"height":1080,"caption":"Av. Deniz Can K\u0131z\u0131l"},"image":{"@id":"https:\/\/denizcankizil.tr\/#\/schema\/logo\/image\/"}},{"@type":"Person","@id":"https:\/\/denizcankizil.tr\/#\/schema\/person\/001a271de994a0aa3f90eea084424822","name":"Hukuki Haber.net","image":{"@type":"ImageObject","inLanguage":"de","@id":"https:\/\/denizcankizil.tr\/#\/schema\/person\/image\/","url":"https:\/\/secure.gravatar.com\/avatar\/57d8a49151495586611a149d29fc42865b951dc053a84709a3172ccb5abf3118?s=96&d=mm&r=g","contentUrl":"https:\/\/secure.gravatar.com\/avatar\/57d8a49151495586611a149d29fc42865b951dc053a84709a3172ccb5abf3118?s=96&d=mm&r=g","caption":"Hukuki Haber.net"},"sameAs":["http:\/\/www.hukukihaber.net"],"url":"https:\/\/www.hukukihaber.net\/is-kazasi-meslek-hastaligi-ve-13-mayis-2014-tarihli-soma-maden-faciasi"}]}},"_links":{"self":[{"href":"https:\/\/denizcankizil.tr\/de\/wp-json\/wp\/v2\/posts\/87358","targetHints":{"allow":["GET"]}}],"collection":[{"href":"https:\/\/denizcankizil.tr\/de\/wp-json\/wp\/v2\/posts"}],"about":[{"href":"https:\/\/denizcankizil.tr\/de\/wp-json\/wp\/v2\/types\/post"}],"author":[{"embeddable":true,"href":"https:\/\/denizcankizil.tr\/de\/wp-json\/wp\/v2\/users\/3"}],"replies":[{"embeddable":true,"href":"https:\/\/denizcankizil.tr\/de\/wp-json\/wp\/v2\/comments?post=87358"}],"version-history":[{"count":0,"href":"https:\/\/denizcankizil.tr\/de\/wp-json\/wp\/v2\/posts\/87358\/revisions"}],"wp:attachment":[{"href":"https:\/\/denizcankizil.tr\/de\/wp-json\/wp\/v2\/media?parent=87358"}],"wp:term":[{"taxonomy":"category","embeddable":true,"href":"https:\/\/denizcankizil.tr\/de\/wp-json\/wp\/v2\/categories?post=87358"},{"taxonomy":"post_tag","embeddable":true,"href":"https:\/\/denizcankizil.tr\/de\/wp-json\/wp\/v2\/tags?post=87358"}],"curies":[{"name":"wp","href":"https:\/\/api.w.org\/{rel}","templated":true}]}}