{"id":86437,"date":"2025-05-14T16:43:00","date_gmt":"2025-05-14T13:43:00","guid":{"rendered":"https:\/\/denizcankizil.tr\/uncategorized-tr\/manisada-kent-lokantasi-ve-halk-mandira-akhisarda-hizmete-acildi\/"},"modified":"2025-05-14T16:43:00","modified_gmt":"2025-05-14T13:43:00","slug":"manisada-kent-lokantasi-ve-halk-mandira-akhisarda-hizmete-acildi","status":"publish","type":"post","link":"https:\/\/denizcankizil.tr\/de\/haberler\/gundem\/manisada-kent-lokantasi-ve-halk-mandira-akhisarda-hizmete-acildi\/","title":{"rendered":"Manisa&#8217;da Kent Lokantas\u0131 ve Halk Mand\u0131ra Akhisar\u2019da hizmete a\u00e7\u0131ld\u0131"},"content":{"rendered":"<p>Manisa\u2019da halk\u0131n ucuz ve sa\u011fl\u0131kl\u0131 g\u0131daya ula\u015fmas\u0131n\u0131 ama\u00e7layan Manisa B\u00fcy\u00fck\u015fehir Belediyesi, Akhisar Belediyesi i\u015f birli\u011fiyle Kent Lokantas\u0131\u2019n\u0131n 4\u2019\u00fcnc\u00fc, Halk Mand\u0131ra\u2019n\u0131n ise 5\u2019inci \u015fubesini Akhisar\u2019da hizmete sundu.MAN\u0130SA (\u0130GFA) &#8211; Se\u00e7im boyunca halk\u0131n paras\u0131n\u0131 halka harcayaca\u011f\u0131n\u0131, ranta de\u011fil, halka hizmet edece\u011fini s\u00f6yledi\u011fini hat\u0131rlatan B\u00fcy\u00fck\u015fehir Belediye Ba\u015fkan\u0131 Ferdi Zeyrek, \u201cHem hizmetleri yapt\u0131k hem altyap\u0131ya dokunduk hem de vatanda\u015f\u0131m\u0131z\u0131n yan\u0131nda olduk. Bunun yan\u0131nda da ge\u00e7en y\u0131l yakla\u015f\u0131k 1 milyar lira b\u00fct\u00e7e fazlas\u0131 verdik\u201d dedi.<br \/>\nManisa B\u00fcy\u00fck\u015fehir Belediyesi\u2019nin, vatanda\u015flar\u0131n ucuz ve sa\u011fl\u0131kl\u0131 yeme\u011fe ula\u015fmas\u0131n\u0131 sa\u011flamak amac\u0131yla hayata ge\u00e7irdi\u011fi Kent Lokantas\u0131 ile sa\u011fl\u0131kl\u0131 s\u00fct ve s\u00fct \u00fcr\u00fcnlerine uygun fiyatla eri\u015fimini sa\u011flayan Halk Mand\u0131ralar\u0131n say\u0131s\u0131 artmaya devam ediyor. Kent Lokantas\u0131\u2019n\u0131n 4\u2019\u00fcnc\u00fc, Halk Mand\u0131ra\u2019n\u0131n ise 5\u2019inci \u015fubesi, Manisa B\u00fcy\u00fck\u015fehir Belediye Ba\u015fkan\u0131 Mimar Ferdi Zeyrek\u2019in kat\u0131l\u0131m\u0131yla Akhisar\u2019da d\u00fczenlenen t\u00f6renle yurtta\u015flar\u0131n hizmetine girdi. A\u00e7\u0131l\u0131\u015f t\u00f6renine, Ba\u015fkan Zeyrek\u2019in yan\u0131 s\u0131ra CHP Manisa \u0130l Ba\u015fkan\u0131 \u0130lksen \u00d6zalper, CHP Manisa Milletvekili Ahmet Vehbi Bak\u0131rl\u0131o\u011flu, Akhisar Belediye Ba\u015fkan\u0131 Besim Dutlulu, Soma Belediye Ba\u015fkan\u0131 Sercan Okur, K\u0131rka\u011fa\u00e7 Belediye Ba\u015fkan\u0131 \u00dcst\u00fcn D\u00f6nmez, G\u00f6rdes Belediye Ba\u015fkan\u0131 \u0130brahim B\u00fcke, G\u00f6lmarmara Belediye Ba\u015fkan\u0131 Cem Aykan, CHP \u0130l\u00e7e Ba\u015fkan\u0131 Hayriye Hacet, sivil toplum \u00f6rg\u00fctlerinin temsilcileri, mahalle muhtarlar\u0131 ile vatanda\u015flar kat\u0131ld\u0131.<\/p>\n<p>4 \u00c7E\u015e\u0130T YEMEK 50 TL<br \/>\nAkhisar\u2019a verdi\u011fi bir s\u00f6z\u00fc daha yerine getirmenin mutlulu\u011funu ya\u015fad\u0131\u011f\u0131n\u0131 dile getiren B\u00fcy\u00fck\u015fehir Belediye Ba\u015fkan\u0131 Ferdi Zeyrek, \u201cKent Lokantalar\u0131, Halk Mand\u0131ra ve Halk Ekmek b\u00fcfeleri, ger\u00e7ekten sosyal belediyecili\u011fin en temsili g\u00f6stergeleri olmu\u015ftur. Halk\u0131m\u0131z her ge\u00e7en g\u00fcn ekonomik krizin alt\u0131nda yorulurken onlar\u0131n sesini duymamak bizlere yak\u0131\u015fmazd\u0131. Salihli\u2019mizde, Yunusemre\u2019de, Soma\u2019da ve \u015fimdi de Akhisar\u2019da Kent Lokantas\u0131\u2019n\u0131 a\u00e7man\u0131n mutlu\u011funu ya\u015f\u0131yorum. Kent Lokantas\u0131\u2019nda 4 \u00e7e\u015fit yeme\u011fi 50 lira gibi bir sembolik \u00fccretten vatanda\u015flar\u0131m\u0131za sunuyoruz\u201d dedi.<\/p>\n<p>EKONOM\u0130K VER\u0130LER\u0130 VE ARA\u015eTIRMA SONU\u00c7LARINI PAYLA\u015eTI<br \/>\nGeride kalan 14 ayda Akhisar Belediye Ba\u015fkan\u0131 Besim Dutlulu ile hizmette \u00e7ok g\u00fczel bir birliktelik yakalad\u0131klar\u0131n\u0131 kaydeden Ba\u015fkan Ferdi Zeyrek, \u201c17 il\u00e7emizde de ayn\u0131 birlikteli\u011fimiz var. 1 Nisan sabah\u0131 itibariyle bize oy atan, atmayan de\u011fil, Manisa\u2019daki 1,5 milyon ki\u015finin derdiyle dertlenen, onlar\u0131n sevincinde yan\u0131nda olan bir y\u00f6netim anlay\u0131\u015f\u0131n\u0131 ortaya koymu\u015ftuk. Kent Lokantas\u0131 ile birlikte asl\u0131nda vatanda\u015flar\u0131m\u0131za bir nebze de olsa yard\u0131mc\u0131 olmay\u0131 hedefliyoruz. T\u00fcrk-\u0130\u015f\u2019in a\u00e7\u0131klad\u0131\u011f\u0131 verilere g\u00f6re; 4 ki\u015filik bir ailenin Nisan ay\u0131 a\u00e7l\u0131k s\u0131n\u0131r\u0131 24 bin 35 lira, yoksulluk s\u0131n\u0131r\u0131 ise 78 bin 292 lira olmu\u015ftur. Bekar bir \u00e7al\u0131\u015fan\u0131n ayl\u0131k ya\u015fama maliyeti 31 bin 142 lirayken ev ge\u00e7indiren asgari \u00fccretli 22 bin 104 lira, emekli ise 14 bin 469 liraya ya\u015fam m\u00fccadelesi vermektedir. Ge\u00e7ti\u011fimiz Mart ay\u0131nda Manisa genelinde yapt\u0131\u011f\u0131m\u0131z bir ara\u015ft\u0131rmada \u015funu g\u00f6rd\u00fck ki Manisa genelinde vatanda\u015flar\u0131m\u0131z\u0131n y\u00fczde 48,3\u2019\u00fc, Akhisar\u2019da ise y\u00fczde 54\u2019\u00fc mutfak harcamalar\u0131n\u0131 k\u0131smak zorunda kalm\u0131\u015f. Manisal\u0131lar\u0131n y\u00fczde 66\u2019s\u0131, Akhisar\u2019da y\u00fczde 68,1\u2019i, k\u0131yafet harcamalar\u0131n\u0131 k\u0131smak zorunda kalm\u0131\u015ft\u0131r\u201d diye konu\u015ftu.<br \/>\n\u201cHER ZAMAN YANLARINDA OLMAYA DEVAM EDECE\u011e\u0130Z\u201d<br \/>\nSosyal belediyecilik anlay\u0131\u015f\u0131 ile vatanda\u015flar\u0131n her zaman yan\u0131nda olmaya devam edeceklerini dile getiren Ba\u015fkan Zeyrek, \u201cBurada a\u00e7t\u0131\u011f\u0131m\u0131z Halk Mand\u0131ra \u015funu temsil ediyor; g\u00f6reve geldi\u011fimizde Manisa\u2019daki b\u00fct\u00fcn kooperatiflerle g\u00f6r\u00fc\u015fme yapt\u0131k. En dokunulmas\u0131 gereken s\u00fct \u00fcreticileri kooperatifiydi. Art\u0131k s\u00fct \u00fcretmez, hayvanlar\u0131na yem alamaz hale gelmi\u015flerdi. \u015eu anda y\u00fczde 30 daha pahal\u0131ya kooperatiflerden s\u00fct\u00fc al\u0131yoruz. Onlar\u0131n y\u00fcz\u00fc g\u00fcl\u00fcyor ve para kazan\u0131r duruma geldiler. Bu ald\u0131\u011f\u0131m\u0131z s\u00fct\u00fc mand\u0131ralarda 15 \u00e7e\u015fit s\u00fct \u00fcr\u00fcn\u00fc \u00fcrettirerek, y\u00fczde 25 daha ucuza vatanda\u015f\u0131m\u0131za sunuyoruz. Kent Lokantam\u0131z da Akhisar Belediyesi\u2019nin a\u015fevinde \u00fcretilen, ia\u015fesini B\u00fcy\u00fck\u015fehir ve Akhisar Belediyesi\u2019nin birlikte \u00fcstlendi\u011fi, 4 \u00e7e\u015fit yeme\u011fin 50 liraya sunuldu\u011fu bir Kent Lokantas\u0131\u201d ifadelerini kulland\u0131.<\/p>\n<p>\u201cH\u0130ZMET YAPTIK, ALTYAPIYA DOKUNDUK, VATANDA\u015eIN YANINDA OLDUK\u201d<br \/>\nSe\u00e7im boyunca halk\u0131n paras\u0131n\u0131 halka harcayaca\u011f\u0131n\u0131, ranta de\u011fil, halka hizmet edece\u011fini s\u00f6yledi\u011fini hat\u0131rlatan Ferdi Zeyrek, \u201cHem hizmetleri yapt\u0131k hem altyap\u0131ya dokunduk hem de vatanda\u015f\u0131m\u0131z\u0131n yan\u0131nda olduk. Bunun yan\u0131nda da yakla\u015f\u0131k 1 milyar lira kar ettik. Bunun bir tek sebebi var. T\u00fcm \u015feffafl\u0131\u011f\u0131yla hesap verilebilir bir \u015fekilde vatanda\u015f\u0131m\u0131zla her \u015feyi payla\u015fmak ve hak etmedi\u011fi \u015fekilde ihale alanlar\u0131, sadece rant i\u00e7in Manisa B\u00fcy\u00fck\u015fehir Belediyesi\u2019nin b\u00fct\u00e7esine zarar verenleri kap\u0131dan i\u00e7eriye sokmuyoruz\u201d \u015feklinde konu\u015ftu.<br \/>\n\u201cFERD\u0130 BA\u015eKAN \u0130LE SOSYAL BELED\u0130YEC\u0130L\u0130K T\u00dcM MAN\u0130SA\u2019YA YAYILDI\u201d<br \/>\n\u00c7ok heyecanl\u0131 olduklar\u0131 g\u00fcnlerden bir tanesini ya\u015fad\u0131klar\u0131n\u0131 belirten Akhisar Belediye Ba\u015fkan\u0131 Besim Dutlulu ise \u201c\u00c7\u00fcnk\u00fc uzun zamandan beri istedi\u011fimiz bir hizmete daha kavu\u015fuyoruz. 2019\u2019da g\u00f6reve geldi\u011fimizde Akhisar\u2019da bir\u00e7ok \u015fey de\u011fi\u015fti. Sosyal demokrat belediyecilik, sosyal belediyecilik anlay\u0131\u015f\u0131 geldi. A\u015fevimiz her g\u00fcn bine yak\u0131n yurtta\u015f\u0131m\u0131za \u00fccretsiz yemek veriyor. Her ay 5 bine yak\u0131n \u00e7ocu\u011fumuza \u00fccretsiz s\u00fct da\u011f\u0131t\u0131yoruz. Her ay insanlar\u0131n yan\u0131nday\u0131z. Bakkal Kart projemizle hem bakkallara hem de binlerce vatanda\u015f\u0131m\u0131za destek oluyoruz. Ama \u00fcz\u00fclerek s\u00f6yl\u00fcyorum bir aya\u011f\u0131m\u0131z topal bas\u0131yordu. B\u00fcy\u00fck\u015fehir aya\u011f\u0131ndan Akhisar yeterli hizmetleri alam\u0131yordu. B\u00fcy\u00fck\u015fehir Belediyesi\u2019nde sosyal belediyecilik istedi\u011fimiz seviyede de\u011fildi. 2024 se\u00e7imleriyle Ferdi Zeyrek Ba\u015fkan\u0131m\u0131zla B\u00fcy\u00fck\u015fehir Belediyesi\u2019ni almam\u0131zla sosyal belediyecilik t\u00fcm Manisa\u2019ya yay\u0131ld\u0131\u201d ifadelerini kulland\u0131.<br \/>\n\u201c\u0130\u015e B\u0130RL\u0130\u011e\u0130 DEVAM EDECEK, AKH\u0130SAR\u2019A H\u0130ZMET OLARAK D\u00d6NECEK\u201d<br \/>\nCHP\u2019li belediyelerin kent lokantalar\u0131n\u0131n bu kadar ilgi g\u00f6rmesinin, sosyal belediyecili\u011fe ne kadar \u00e7ok ihtiya\u00e7 oldu\u011funun g\u00f6stergesi oldu\u011funu vurgulayan Besim Dutlulu, \u201cBelediyecilik sadece asfalt yapmak, park yapmak de\u011fil. Bu i\u015fleri yap\u0131yoruz, yapmaya da devam edece\u011fiz. \u0130n\u015fallah bundan sonra Akhisar halk\u0131ndan ihtiyac\u0131 olan vatanda\u015flar\u0131n, bu \u015fehrin ve \u00fclkenin zenginliklerinden yeterli pay alamayan t\u00fcm yurtta\u015flar\u0131m\u0131za Akhisar Belediyesi ve Manisa B\u00fcy\u00fck\u015fehir Belediyesi t\u00fcm imkanlar\u0131yla destek olacak. Ben Ferdi Ba\u015fkan\u2019\u0131ma \u00e7ok te\u015fekk\u00fcr ediyorum. \u00c7\u00fcnk\u00fc art\u0131k sosyal belediyecilik a\u00e7\u0131s\u0131ndan Akhisar hizmet almaya ba\u015flad\u0131. 100 milyona yak\u0131n maliyetle y\u00fcr\u00fcy\u00fc\u015f yolu, bisiklet yolu ve etraf\u0131ndaki d\u00fczenlemeler yap\u0131l\u0131yor. Bu hizmetler artarak devam edecek. Y\u0131llard\u0131r devam eden altyap\u0131 sorunlar\u0131na Ferdi Ba\u015fkan\u0131m\u0131z \u00e7\u00f6z\u00fcmler bulmaya ba\u015flad\u0131. Altyap\u0131 olarak, \u00fcstyap\u0131 olarak B\u00fcy\u00fck\u015fehir Belediyesi ve Akhisar Belediyesi el ele \u00e7al\u0131\u015f\u0131yor. Eskiden biz Akhisar\u2019da bir\u00e7ok hizmeti yap\u0131yorduk ama b\u00fcy\u00fck yat\u0131r\u0131mlar gelmiyordu. Eskiden B\u00fcy\u00fck\u015fehir Belediyesi Akhisar\u2019a \u00e7ok s\u0131cak bakm\u0131yordu. Ayn\u0131 dili konu\u015fmuyorduk. 5 sene boyunca bir merkez park\u0131 yapt\u0131rd\u0131k, ba\u015fka da bir \u015fey yapt\u0131ramad\u0131k. Ama \u015fimdi tam tersi, nereye ne hizmeti yapal\u0131m diyen bir B\u00fcy\u00fck\u015fehir Belediye Ba\u015fkan\u0131m\u0131z var. Bu ortakl\u0131k, bu i\u015fbirli\u011fi devam edecek, Akhisar\u2019a hizmet olarak bu i\u015fler d\u00f6nmeye devam edecek\u201d \u015feklinde konu\u015ftu.<br \/>\nA\u00e7\u0131l\u0131\u015f\u0131n ard\u0131ndan protokol \u00fcyeleri vatanda\u015flarla birlikte \u00f6\u011fle yeme\u011fi yiyip Halk Mand\u0131ra\u2019da al\u0131\u015fveri\u015f yapt\u0131.<\/p>\n<p>\u200bManisa\u2019da halk\u0131n ucuz ve sa\u011fl\u0131kl\u0131 g\u0131daya ula\u015fmas\u0131n\u0131 ama\u00e7layan Manisa B\u00fcy\u00fck\u015fehir Belediyesi, Akhisar Belediyesi i\u015f birli\u011fiyle Kent Lokantas\u0131\u2019n\u0131n 4\u2019\u00fcnc\u00fc, Halk Mand\u0131ra\u2019n\u0131n ise 5\u2019inci \u015fubesini Akhisar\u2019da hizmete sundu.MAN\u0130SA (\u0130GFA) &#8211; Se\u00e7im boyunca halk\u0131n paras\u0131n\u0131 halka harcayaca\u011f\u0131n\u0131, ranta de\u011fil, halka hizmet edece\u011fini s\u00f6yledi\u011fini hat\u0131rlatan B\u00fcy\u00fck\u015fehir Belediye Ba\u015fkan\u0131 Ferdi Zeyrek, \u201cHem hizmetleri yapt\u0131k hem altyap\u0131ya dokunduk hem de vatanda\u015f\u0131m\u0131z\u0131n yan\u0131nda olduk. Bunun yan\u0131nda da ge\u00e7en y\u0131l yakla\u015f\u0131k 1 milyar lira b\u00fct\u00e7e fazlas\u0131 verdik\u201d dedi.<br \/>\nManisa B\u00fcy\u00fck\u015fehir Belediyesi\u2019nin, vatanda\u015flar\u0131n ucuz ve sa\u011fl\u0131kl\u0131 yeme\u011fe ula\u015fmas\u0131n\u0131 sa\u011flamak amac\u0131yla hayata ge\u00e7irdi\u011fi Kent Lokantas\u0131 ile sa\u011fl\u0131kl\u0131 s\u00fct ve s\u00fct \u00fcr\u00fcnlerine uygun fiyatla eri\u015fimini sa\u011flayan Halk Mand\u0131ralar\u0131n say\u0131s\u0131 artmaya devam ediyor. Kent Lokantas\u0131\u2019n\u0131n 4\u2019\u00fcnc\u00fc, Halk Mand\u0131ra\u2019n\u0131n ise 5\u2019inci \u015fubesi, Manisa B\u00fcy\u00fck\u015fehir Belediye Ba\u015fkan\u0131 Mimar Ferdi Zeyrek\u2019in kat\u0131l\u0131m\u0131yla Akhisar\u2019da d\u00fczenlenen t\u00f6renle yurtta\u015flar\u0131n hizmetine girdi. A\u00e7\u0131l\u0131\u015f t\u00f6renine, Ba\u015fkan Zeyrek\u2019in yan\u0131 s\u0131ra CHP Manisa \u0130l Ba\u015fkan\u0131 \u0130lksen \u00d6zalper, CHP Manisa Milletvekili Ahmet Vehbi Bak\u0131rl\u0131o\u011flu, Akhisar Belediye Ba\u015fkan\u0131 Besim Dutlulu, Soma Belediye Ba\u015fkan\u0131 Sercan Okur, K\u0131rka\u011fa\u00e7 Belediye Ba\u015fkan\u0131 \u00dcst\u00fcn D\u00f6nmez, G\u00f6rdes Belediye Ba\u015fkan\u0131 \u0130brahim B\u00fcke, G\u00f6lmarmara Belediye Ba\u015fkan\u0131 Cem Aykan, CHP \u0130l\u00e7e Ba\u015fkan\u0131 Hayriye Hacet, sivil toplum \u00f6rg\u00fctlerinin temsilcileri, mahalle muhtarlar\u0131 ile vatanda\u015flar kat\u0131ld\u0131.<\/p>\n<p>4 \u00c7E\u015e\u0130T YEMEK 50 TL<br \/>\nAkhisar\u2019a verdi\u011fi bir s\u00f6z\u00fc daha yerine getirmenin mutlulu\u011funu ya\u015fad\u0131\u011f\u0131n\u0131 dile getiren B\u00fcy\u00fck\u015fehir Belediye Ba\u015fkan\u0131 Ferdi Zeyrek, \u201cKent Lokantalar\u0131, Halk Mand\u0131ra ve Halk Ekmek b\u00fcfeleri, ger\u00e7ekten sosyal belediyecili\u011fin en temsili g\u00f6stergeleri olmu\u015ftur. Halk\u0131m\u0131z her ge\u00e7en g\u00fcn ekonomik krizin alt\u0131nda yorulurken onlar\u0131n sesini duymamak bizlere yak\u0131\u015fmazd\u0131. Salihli\u2019mizde, Yunusemre\u2019de, Soma\u2019da ve \u015fimdi de Akhisar\u2019da Kent Lokantas\u0131\u2019n\u0131 a\u00e7man\u0131n mutlu\u011funu ya\u015f\u0131yorum. Kent Lokantas\u0131\u2019nda 4 \u00e7e\u015fit yeme\u011fi 50 lira gibi bir sembolik \u00fccretten vatanda\u015flar\u0131m\u0131za sunuyoruz\u201d dedi.<\/p>\n<p>EKONOM\u0130K VER\u0130LER\u0130 VE ARA\u015eTIRMA SONU\u00c7LARINI PAYLA\u015eTI<br \/>\nGeride kalan 14 ayda Akhisar Belediye Ba\u015fkan\u0131 Besim Dutlulu ile hizmette \u00e7ok g\u00fczel bir birliktelik yakalad\u0131klar\u0131n\u0131 kaydeden Ba\u015fkan Ferdi Zeyrek, \u201c17 il\u00e7emizde de ayn\u0131 birlikteli\u011fimiz var. 1 Nisan sabah\u0131 itibariyle bize oy atan, atmayan de\u011fil, Manisa\u2019daki 1,5 milyon ki\u015finin derdiyle dertlenen, onlar\u0131n sevincinde yan\u0131nda olan bir y\u00f6netim anlay\u0131\u015f\u0131n\u0131 ortaya koymu\u015ftuk. Kent Lokantas\u0131 ile birlikte asl\u0131nda vatanda\u015flar\u0131m\u0131za bir nebze de olsa yard\u0131mc\u0131 olmay\u0131 hedefliyoruz. T\u00fcrk-\u0130\u015f\u2019in a\u00e7\u0131klad\u0131\u011f\u0131 verilere g\u00f6re; 4 ki\u015filik bir ailenin Nisan ay\u0131 a\u00e7l\u0131k s\u0131n\u0131r\u0131 24 bin 35 lira, yoksulluk s\u0131n\u0131r\u0131 ise 78 bin 292 lira olmu\u015ftur. Bekar bir \u00e7al\u0131\u015fan\u0131n ayl\u0131k ya\u015fama maliyeti 31 bin 142 lirayken ev ge\u00e7indiren asgari \u00fccretli 22 bin 104 lira, emekli ise 14 bin 469 liraya ya\u015fam m\u00fccadelesi vermektedir. Ge\u00e7ti\u011fimiz Mart ay\u0131nda Manisa genelinde yapt\u0131\u011f\u0131m\u0131z bir ara\u015ft\u0131rmada \u015funu g\u00f6rd\u00fck ki Manisa genelinde vatanda\u015flar\u0131m\u0131z\u0131n y\u00fczde 48,3\u2019\u00fc, Akhisar\u2019da ise y\u00fczde 54\u2019\u00fc mutfak harcamalar\u0131n\u0131 k\u0131smak zorunda kalm\u0131\u015f. Manisal\u0131lar\u0131n y\u00fczde 66\u2019s\u0131, Akhisar\u2019da y\u00fczde 68,1\u2019i, k\u0131yafet harcamalar\u0131n\u0131 k\u0131smak zorunda kalm\u0131\u015ft\u0131r\u201d diye konu\u015ftu.<br \/>\n\u201cHER ZAMAN YANLARINDA OLMAYA DEVAM EDECE\u011e\u0130Z\u201d<br \/>\nSosyal belediyecilik anlay\u0131\u015f\u0131 ile vatanda\u015flar\u0131n her zaman yan\u0131nda olmaya devam edeceklerini dile getiren Ba\u015fkan Zeyrek, \u201cBurada a\u00e7t\u0131\u011f\u0131m\u0131z Halk Mand\u0131ra \u015funu temsil ediyor; g\u00f6reve geldi\u011fimizde Manisa\u2019daki b\u00fct\u00fcn kooperatiflerle g\u00f6r\u00fc\u015fme yapt\u0131k. En dokunulmas\u0131 gereken s\u00fct \u00fcreticileri kooperatifiydi. Art\u0131k s\u00fct \u00fcretmez, hayvanlar\u0131na yem alamaz hale gelmi\u015flerdi. \u015eu anda y\u00fczde 30 daha pahal\u0131ya kooperatiflerden s\u00fct\u00fc al\u0131yoruz. Onlar\u0131n y\u00fcz\u00fc g\u00fcl\u00fcyor ve para kazan\u0131r duruma geldiler. Bu ald\u0131\u011f\u0131m\u0131z s\u00fct\u00fc mand\u0131ralarda 15 \u00e7e\u015fit s\u00fct \u00fcr\u00fcn\u00fc \u00fcrettirerek, y\u00fczde 25 daha ucuza vatanda\u015f\u0131m\u0131za sunuyoruz. Kent Lokantam\u0131z da Akhisar Belediyesi\u2019nin a\u015fevinde \u00fcretilen, ia\u015fesini B\u00fcy\u00fck\u015fehir ve Akhisar Belediyesi\u2019nin birlikte \u00fcstlendi\u011fi, 4 \u00e7e\u015fit yeme\u011fin 50 liraya sunuldu\u011fu bir Kent Lokantas\u0131\u201d ifadelerini kulland\u0131.<\/p>\n<p>\u201cH\u0130ZMET YAPTIK, ALTYAPIYA DOKUNDUK, VATANDA\u015eIN YANINDA OLDUK\u201d<br \/>\nSe\u00e7im boyunca halk\u0131n paras\u0131n\u0131 halka harcayaca\u011f\u0131n\u0131, ranta de\u011fil, halka hizmet edece\u011fini s\u00f6yledi\u011fini hat\u0131rlatan Ferdi Zeyrek, \u201cHem hizmetleri yapt\u0131k hem altyap\u0131ya dokunduk hem de vatanda\u015f\u0131m\u0131z\u0131n yan\u0131nda olduk. Bunun yan\u0131nda da yakla\u015f\u0131k 1 milyar lira kar ettik. Bunun bir tek sebebi var. T\u00fcm \u015feffafl\u0131\u011f\u0131yla hesap verilebilir bir \u015fekilde vatanda\u015f\u0131m\u0131zla her \u015feyi payla\u015fmak ve hak etmedi\u011fi \u015fekilde ihale alanlar\u0131, sadece rant i\u00e7in Manisa B\u00fcy\u00fck\u015fehir Belediyesi\u2019nin b\u00fct\u00e7esine zarar verenleri kap\u0131dan i\u00e7eriye sokmuyoruz\u201d \u015feklinde konu\u015ftu.<br \/>\n\u201cFERD\u0130 BA\u015eKAN \u0130LE SOSYAL BELED\u0130YEC\u0130L\u0130K T\u00dcM MAN\u0130SA\u2019YA YAYILDI\u201d<br \/>\n\u00c7ok heyecanl\u0131 olduklar\u0131 g\u00fcnlerden bir tanesini ya\u015fad\u0131klar\u0131n\u0131 belirten Akhisar Belediye Ba\u015fkan\u0131 Besim Dutlulu ise \u201c\u00c7\u00fcnk\u00fc uzun zamandan beri istedi\u011fimiz bir hizmete daha kavu\u015fuyoruz. 2019\u2019da g\u00f6reve geldi\u011fimizde Akhisar\u2019da bir\u00e7ok \u015fey de\u011fi\u015fti. Sosyal demokrat belediyecilik, sosyal belediyecilik anlay\u0131\u015f\u0131 geldi. A\u015fevimiz her g\u00fcn bine yak\u0131n yurtta\u015f\u0131m\u0131za \u00fccretsiz yemek veriyor. Her ay 5 bine yak\u0131n \u00e7ocu\u011fumuza \u00fccretsiz s\u00fct da\u011f\u0131t\u0131yoruz. Her ay insanlar\u0131n yan\u0131nday\u0131z. Bakkal Kart projemizle hem bakkallara hem de binlerce vatanda\u015f\u0131m\u0131za destek oluyoruz. Ama \u00fcz\u00fclerek s\u00f6yl\u00fcyorum bir aya\u011f\u0131m\u0131z topal bas\u0131yordu. B\u00fcy\u00fck\u015fehir aya\u011f\u0131ndan Akhisar yeterli hizmetleri alam\u0131yordu. B\u00fcy\u00fck\u015fehir Belediyesi\u2019nde sosyal belediyecilik istedi\u011fimiz seviyede de\u011fildi. 2024 se\u00e7imleriyle Ferdi Zeyrek Ba\u015fkan\u0131m\u0131zla B\u00fcy\u00fck\u015fehir Belediyesi\u2019ni almam\u0131zla sosyal belediyecilik t\u00fcm Manisa\u2019ya yay\u0131ld\u0131\u201d ifadelerini kulland\u0131.<br \/>\n\u201c\u0130\u015e B\u0130RL\u0130\u011e\u0130 DEVAM EDECEK, AKH\u0130SAR\u2019A H\u0130ZMET OLARAK D\u00d6NECEK\u201d<br \/>\nCHP\u2019li belediyelerin kent lokantalar\u0131n\u0131n bu kadar ilgi g\u00f6rmesinin, sosyal belediyecili\u011fe ne kadar \u00e7ok ihtiya\u00e7 oldu\u011funun g\u00f6stergesi oldu\u011funu vurgulayan Besim Dutlulu, \u201cBelediyecilik sadece asfalt yapmak, park yapmak de\u011fil. Bu i\u015fleri yap\u0131yoruz, yapmaya da devam edece\u011fiz. \u0130n\u015fallah bundan sonra Akhisar halk\u0131ndan ihtiyac\u0131 olan vatanda\u015flar\u0131n, bu \u015fehrin ve \u00fclkenin zenginliklerinden yeterli pay alamayan t\u00fcm yurtta\u015flar\u0131m\u0131za Akhisar Belediyesi ve Manisa B\u00fcy\u00fck\u015fehir Belediyesi t\u00fcm imkanlar\u0131yla destek olacak. Ben Ferdi Ba\u015fkan\u2019\u0131ma \u00e7ok te\u015fekk\u00fcr ediyorum. \u00c7\u00fcnk\u00fc art\u0131k sosyal belediyecilik a\u00e7\u0131s\u0131ndan Akhisar hizmet almaya ba\u015flad\u0131. 100 milyona yak\u0131n maliyetle y\u00fcr\u00fcy\u00fc\u015f yolu, bisiklet yolu ve etraf\u0131ndaki d\u00fczenlemeler yap\u0131l\u0131yor. Bu hizmetler artarak devam edecek. Y\u0131llard\u0131r devam eden altyap\u0131 sorunlar\u0131na Ferdi Ba\u015fkan\u0131m\u0131z \u00e7\u00f6z\u00fcmler bulmaya ba\u015flad\u0131. Altyap\u0131 olarak, \u00fcstyap\u0131 olarak B\u00fcy\u00fck\u015fehir Belediyesi ve Akhisar Belediyesi el ele \u00e7al\u0131\u015f\u0131yor. Eskiden biz Akhisar\u2019da bir\u00e7ok hizmeti yap\u0131yorduk ama b\u00fcy\u00fck yat\u0131r\u0131mlar gelmiyordu. Eskiden B\u00fcy\u00fck\u015fehir Belediyesi Akhisar\u2019a \u00e7ok s\u0131cak bakm\u0131yordu. Ayn\u0131 dili konu\u015fmuyorduk. 5 sene boyunca bir merkez park\u0131 yapt\u0131rd\u0131k, ba\u015fka da bir \u015fey yapt\u0131ramad\u0131k. Ama \u015fimdi tam tersi, nereye ne hizmeti yapal\u0131m diyen bir B\u00fcy\u00fck\u015fehir Belediye Ba\u015fkan\u0131m\u0131z var. Bu ortakl\u0131k, bu i\u015fbirli\u011fi devam edecek, Akhisar\u2019a hizmet olarak bu i\u015fler d\u00f6nmeye devam edecek\u201d \u015feklinde konu\u015ftu.<br \/>\nA\u00e7\u0131l\u0131\u015f\u0131n ard\u0131ndan protokol \u00fcyeleri vatanda\u015flarla birlikte \u00f6\u011fle yeme\u011fi yiyip Halk Mand\u0131ra\u2019da al\u0131\u015fveri\u015f yapt\u0131.\u00a0<\/p>\n<p>\u200bHaberin Al\u0131nt\u0131land\u0131\u011f\u0131 Kaynak: www.iskenderun.org<\/p>","protected":false},"excerpt":{"rendered":"<p>Manisa\u2019da halk\u0131n ucuz ve sa\u011fl\u0131kl\u0131 g\u0131daya ula\u015fmas\u0131n\u0131 ama\u00e7layan Manisa B\u00fcy\u00fck\u015fehir Belediyesi, Akhisar Belediyesi i\u015f birli\u011fiyle Kent Lokantas\u0131\u2019n\u0131n 4\u2019\u00fcnc\u00fc, Halk Mand\u0131ra\u2019n\u0131n ise 5\u2019inci \u015fubesini Akhisar\u2019da hizmete sundu.MAN\u0130SA (\u0130GFA) &#8211; Se\u00e7im boyunca halk\u0131n paras\u0131n\u0131 halka harcayaca\u011f\u0131n\u0131, ranta de\u011fil, halka hizmet edece\u011fini s\u00f6yledi\u011fini hat\u0131rlatan B\u00fcy\u00fck\u015fehir Belediye Ba\u015fkan\u0131 Ferdi Zeyrek, \u201cHem hizmetleri yapt\u0131k hem altyap\u0131ya dokunduk hem de vatanda\u015f\u0131m\u0131z\u0131n yan\u0131nda olduk. Bunun yan\u0131nda da ge\u00e7en y\u0131l yakla\u015f\u0131k 1 milyar lira b\u00fct\u00e7e fazlas\u0131 verdik\u201d dedi. Manisa B\u00fcy\u00fck\u015fehir Belediyesi\u2019nin, vatanda\u015flar\u0131n ucuz ve sa\u011fl\u0131kl\u0131 yeme\u011fe ula\u015fmas\u0131n\u0131 sa\u011flamak amac\u0131yla hayata ge\u00e7irdi\u011fi Kent Lokantas\u0131 ile sa\u011fl\u0131kl\u0131 s\u00fct ve s\u00fct \u00fcr\u00fcnlerine uygun fiyatla eri\u015fimini sa\u011flayan Halk Mand\u0131ralar\u0131n say\u0131s\u0131 artmaya devam ediyor. Kent Lokantas\u0131\u2019n\u0131n 4\u2019\u00fcnc\u00fc, Halk Mand\u0131ra\u2019n\u0131n ise 5\u2019inci \u015fubesi, Manisa B\u00fcy\u00fck\u015fehir Belediye Ba\u015fkan\u0131 Mimar Ferdi Zeyrek\u2019in kat\u0131l\u0131m\u0131yla Akhisar\u2019da d\u00fczenlenen t\u00f6renle yurtta\u015flar\u0131n hizmetine girdi. A\u00e7\u0131l\u0131\u015f t\u00f6renine, Ba\u015fkan Zeyrek\u2019in yan\u0131 s\u0131ra CHP Manisa \u0130l Ba\u015fkan\u0131 \u0130lksen \u00d6zalper, CHP Manisa Milletvekili Ahmet Vehbi Bak\u0131rl\u0131o\u011flu, Akhisar Belediye Ba\u015fkan\u0131 Besim Dutlulu, Soma Belediye Ba\u015fkan\u0131 Sercan Okur, K\u0131rka\u011fa\u00e7 Belediye Ba\u015fkan\u0131 \u00dcst\u00fcn D\u00f6nmez, G\u00f6rdes Belediye Ba\u015fkan\u0131 \u0130brahim B\u00fcke, G\u00f6lmarmara Belediye Ba\u015fkan\u0131 Cem Aykan, CHP \u0130l\u00e7e Ba\u015fkan\u0131 Hayriye Hacet, sivil toplum \u00f6rg\u00fctlerinin temsilcileri, mahalle muhtarlar\u0131 ile vatanda\u015flar kat\u0131ld\u0131. 4 \u00c7E\u015e\u0130T YEMEK 50 TL Akhisar\u2019a verdi\u011fi bir s\u00f6z\u00fc daha yerine getirmenin mutlulu\u011funu ya\u015fad\u0131\u011f\u0131n\u0131 dile getiren B\u00fcy\u00fck\u015fehir Belediye Ba\u015fkan\u0131 Ferdi &hellip;<\/p>","protected":false},"author":1,"featured_media":0,"comment_status":"","ping_status":"open","sticky":false,"template":"","format":"standard","meta":{"_acf_changed":false,"footnotes":""},"categories":[24],"tags":[],"class_list":["post-86437","post","type-post","status-publish","format-standard","has-post-thumbnail","hentry","category-gundem"],"acf":[],"yoast_head":"<!-- This site is optimized with the Yoast SEO Premium plugin v26.6 (Yoast SEO v27.1.1) - https:\/\/yoast.com\/product\/yoast-seo-premium-wordpress\/ -->\n<title>Manisa&#039;da Kent Lokantas\u0131 ve Halk Mand\u0131ra Akhisar\u2019da hizmete a\u00e7\u0131ld\u0131 - Av. Deniz Can K\u0131z\u0131l<\/title>\n<meta name=\"robots\" content=\"index, follow, max-snippet:-1, max-image-preview:large, max-video-preview:-1\" \/>\n<link rel=\"canonical\" href=\"https:\/\/denizcankizil.tr\/de\/haberler\/gundem\/manisada-kent-lokantasi-ve-halk-mandira-akhisarda-hizmete-acildi\/\" \/>\n<meta property=\"og:locale\" content=\"de_DE\" \/>\n<meta property=\"og:type\" content=\"article\" \/>\n<meta property=\"og:title\" content=\"Manisa&#039;da Kent Lokantas\u0131 ve Halk Mand\u0131ra Akhisar\u2019da hizmete a\u00e7\u0131ld\u0131\" \/>\n<meta property=\"og:description\" content=\"Manisa\u2019da halk\u0131n ucuz ve sa\u011fl\u0131kl\u0131 g\u0131daya ula\u015fmas\u0131n\u0131 ama\u00e7layan Manisa B\u00fcy\u00fck\u015fehir Belediyesi, Akhisar Belediyesi i\u015f birli\u011fiyle Kent Lokantas\u0131\u2019n\u0131n 4\u2019\u00fcnc\u00fc, Halk Mand\u0131ra\u2019n\u0131n ise 5\u2019inci \u015fubesini Akhisar\u2019da hizmete sundu.MAN\u0130SA (\u0130GFA) &#8211; Se\u00e7im boyunca halk\u0131n paras\u0131n\u0131 halka harcayaca\u011f\u0131n\u0131, ranta de\u011fil, halka hizmet edece\u011fini s\u00f6yledi\u011fini hat\u0131rlatan B\u00fcy\u00fck\u015fehir Belediye Ba\u015fkan\u0131 Ferdi Zeyrek, \u201cHem hizmetleri yapt\u0131k hem altyap\u0131ya dokunduk hem de vatanda\u015f\u0131m\u0131z\u0131n yan\u0131nda olduk. Bunun yan\u0131nda da ge\u00e7en y\u0131l yakla\u015f\u0131k 1 milyar lira b\u00fct\u00e7e fazlas\u0131 verdik\u201d dedi. Manisa B\u00fcy\u00fck\u015fehir Belediyesi\u2019nin, vatanda\u015flar\u0131n ucuz ve sa\u011fl\u0131kl\u0131 yeme\u011fe ula\u015fmas\u0131n\u0131 sa\u011flamak amac\u0131yla hayata ge\u00e7irdi\u011fi Kent Lokantas\u0131 ile sa\u011fl\u0131kl\u0131 s\u00fct ve s\u00fct \u00fcr\u00fcnlerine uygun fiyatla eri\u015fimini sa\u011flayan Halk Mand\u0131ralar\u0131n say\u0131s\u0131 artmaya devam ediyor. Kent Lokantas\u0131\u2019n\u0131n 4\u2019\u00fcnc\u00fc, Halk Mand\u0131ra\u2019n\u0131n ise 5\u2019inci \u015fubesi, Manisa B\u00fcy\u00fck\u015fehir Belediye Ba\u015fkan\u0131 Mimar Ferdi Zeyrek\u2019in kat\u0131l\u0131m\u0131yla Akhisar\u2019da d\u00fczenlenen t\u00f6renle yurtta\u015flar\u0131n hizmetine girdi. A\u00e7\u0131l\u0131\u015f t\u00f6renine, Ba\u015fkan Zeyrek\u2019in yan\u0131 s\u0131ra CHP Manisa \u0130l Ba\u015fkan\u0131 \u0130lksen \u00d6zalper, CHP Manisa Milletvekili Ahmet Vehbi Bak\u0131rl\u0131o\u011flu, Akhisar Belediye Ba\u015fkan\u0131 Besim Dutlulu, Soma Belediye Ba\u015fkan\u0131 Sercan Okur, K\u0131rka\u011fa\u00e7 Belediye Ba\u015fkan\u0131 \u00dcst\u00fcn D\u00f6nmez, G\u00f6rdes Belediye Ba\u015fkan\u0131 \u0130brahim B\u00fcke, G\u00f6lmarmara Belediye Ba\u015fkan\u0131 Cem Aykan, CHP \u0130l\u00e7e Ba\u015fkan\u0131 Hayriye Hacet, sivil toplum \u00f6rg\u00fctlerinin temsilcileri, mahalle muhtarlar\u0131 ile vatanda\u015flar kat\u0131ld\u0131. 4 \u00c7E\u015e\u0130T YEMEK 50 TL Akhisar\u2019a verdi\u011fi bir s\u00f6z\u00fc daha yerine getirmenin mutlulu\u011funu ya\u015fad\u0131\u011f\u0131n\u0131 dile getiren B\u00fcy\u00fck\u015fehir Belediye Ba\u015fkan\u0131 Ferdi &hellip;\" \/>\n<meta property=\"og:url\" content=\"https:\/\/denizcankizil.tr\/de\/haberler\/gundem\/manisada-kent-lokantasi-ve-halk-mandira-akhisarda-hizmete-acildi\/\" \/>\n<meta property=\"og:site_name\" content=\"Av. Deniz Can K\u0131z\u0131l\" \/>\n<meta property=\"article:published_time\" content=\"2025-05-14T13:43:00+00:00\" \/>\n<meta name=\"author\" content=\"admin\" \/>\n<meta name=\"twitter:card\" content=\"summary_large_image\" \/>\n<meta name=\"twitter:label1\" content=\"Verfasst von\" \/>\n\t<meta name=\"twitter:data1\" content=\"admin\" \/>\n\t<meta name=\"twitter:label2\" content=\"Gesch\u00e4tzte Lesezeit\" \/>\n\t<meta name=\"twitter:data2\" content=\"14\u00a0Minuten\" \/>\n<script type=\"application\/ld+json\" class=\"yoast-schema-graph\">{\"@context\":\"https:\/\/schema.org\",\"@graph\":[{\"@type\":\"Article\",\"@id\":\"https:\/\/denizcankizil.tr\/de\/haberler\/gundem\/manisada-kent-lokantasi-ve-halk-mandira-akhisarda-hizmete-acildi\/#article\",\"isPartOf\":{\"@id\":\"https:\/\/denizcankizil.tr\/de\/haberler\/gundem\/manisada-kent-lokantasi-ve-halk-mandira-akhisarda-hizmete-acildi\/\"},\"author\":{\"name\":\"admin\",\"@id\":\"https:\/\/denizcankizil.tr\/de\/#\/schema\/person\/be3c05fe6a12686905512445d8185489\"},\"headline\":\"Manisa&#8217;da Kent Lokantas\u0131 ve Halk Mand\u0131ra Akhisar\u2019da hizmete a\u00e7\u0131ld\u0131\",\"datePublished\":\"2025-05-14T13:43:00+00:00\",\"mainEntityOfPage\":{\"@id\":\"https:\/\/denizcankizil.tr\/de\/haberler\/gundem\/manisada-kent-lokantasi-ve-halk-mandira-akhisarda-hizmete-acildi\/\"},\"wordCount\":2723,\"publisher\":{\"@id\":\"https:\/\/denizcankizil.tr\/de\/#organization\"},\"articleSection\":[\"G\u00fcndem\"],\"inLanguage\":\"de\"},{\"@type\":\"WebPage\",\"@id\":\"https:\/\/denizcankizil.tr\/de\/haberler\/gundem\/manisada-kent-lokantasi-ve-halk-mandira-akhisarda-hizmete-acildi\/\",\"url\":\"https:\/\/denizcankizil.tr\/de\/haberler\/gundem\/manisada-kent-lokantasi-ve-halk-mandira-akhisarda-hizmete-acildi\/\",\"name\":\"Manisa'da Kent Lokantas\u0131 ve Halk Mand\u0131ra Akhisar\u2019da hizmete a\u00e7\u0131ld\u0131 - Av. Deniz Can K\u0131z\u0131l\",\"isPartOf\":{\"@id\":\"https:\/\/denizcankizil.tr\/de\/#website\"},\"datePublished\":\"2025-05-14T13:43:00+00:00\",\"breadcrumb\":{\"@id\":\"https:\/\/denizcankizil.tr\/de\/haberler\/gundem\/manisada-kent-lokantasi-ve-halk-mandira-akhisarda-hizmete-acildi\/#breadcrumb\"},\"inLanguage\":\"de\",\"potentialAction\":[{\"@type\":\"ReadAction\",\"target\":[\"https:\/\/denizcankizil.tr\/de\/haberler\/gundem\/manisada-kent-lokantasi-ve-halk-mandira-akhisarda-hizmete-acildi\/\"]}]},{\"@type\":\"BreadcrumbList\",\"@id\":\"https:\/\/denizcankizil.tr\/de\/haberler\/gundem\/manisada-kent-lokantasi-ve-halk-mandira-akhisarda-hizmete-acildi\/#breadcrumb\",\"itemListElement\":[{\"@type\":\"ListItem\",\"position\":1,\"name\":\"Home\",\"item\":\"https:\/\/denizcankizil.tr\/de\/\"},{\"@type\":\"ListItem\",\"position\":2,\"name\":\"Manisa&#8217;da Kent Lokantas\u0131 ve Halk Mand\u0131ra Akhisar\u2019da hizmete a\u00e7\u0131ld\u0131\"}]},{\"@type\":\"WebSite\",\"@id\":\"https:\/\/denizcankizil.tr\/de\/#website\",\"url\":\"https:\/\/denizcankizil.tr\/de\/\",\"name\":\"Av. Deniz Can K\u0131z\u0131l\",\"description\":\"Avukat Deniz Can K\u0131z\u0131l Antalya Barosu\",\"publisher\":{\"@id\":\"https:\/\/denizcankizil.tr\/de\/#organization\"},\"potentialAction\":[{\"@type\":\"SearchAction\",\"target\":{\"@type\":\"EntryPoint\",\"urlTemplate\":\"https:\/\/denizcankizil.tr\/de\/?s={search_term_string}\"},\"query-input\":{\"@type\":\"PropertyValueSpecification\",\"valueRequired\":true,\"valueName\":\"search_term_string\"}}],\"inLanguage\":\"de\"},{\"@type\":\"Organization\",\"@id\":\"https:\/\/denizcankizil.tr\/de\/#organization\",\"name\":\"Av. Deniz Can K\u0131z\u0131l\",\"url\":\"https:\/\/denizcankizil.tr\/de\/\",\"logo\":{\"@type\":\"ImageObject\",\"inLanguage\":\"de\",\"@id\":\"https:\/\/denizcankizil.tr\/de\/#\/schema\/logo\/image\/\",\"url\":\"https:\/\/denizcankizil.tr\/wp-content\/uploads\/2024\/10\/siyah-logo-svg.svg\",\"contentUrl\":\"https:\/\/denizcankizil.tr\/wp-content\/uploads\/2024\/10\/siyah-logo-svg.svg\",\"width\":1080,\"height\":1080,\"caption\":\"Av. Deniz Can K\u0131z\u0131l\"},\"image\":{\"@id\":\"https:\/\/denizcankizil.tr\/de\/#\/schema\/logo\/image\/\"}},{\"@type\":\"Person\",\"@id\":\"https:\/\/denizcankizil.tr\/de\/#\/schema\/person\/be3c05fe6a12686905512445d8185489\",\"name\":\"admin\",\"image\":{\"@type\":\"ImageObject\",\"inLanguage\":\"de\",\"@id\":\"https:\/\/denizcankizil.tr\/de\/#\/schema\/person\/image\/\",\"url\":\"https:\/\/secure.gravatar.com\/avatar\/c1fce94c830dc79107e174f890d7210541c4a63e8e5d816341794a2151c9d58c?s=96&d=mm&r=g\",\"contentUrl\":\"https:\/\/secure.gravatar.com\/avatar\/c1fce94c830dc79107e174f890d7210541c4a63e8e5d816341794a2151c9d58c?s=96&d=mm&r=g\",\"caption\":\"admin\"},\"sameAs\":[\"http:\/\/denizcankizil.tr\"],\"url\":\"https:\/\/www.iskenderun.org\/manisada-kent-lokantasi-ve-halk-mandira-akhisarda-hizmete-acildi\"}]}<\/script>\n<!-- \/ Yoast SEO Premium plugin. -->","yoast_head_json":{"title":"Manisa'da Kent Lokantas\u0131 ve Halk Mand\u0131ra Akhisar\u2019da hizmete a\u00e7\u0131ld\u0131 - Av. Deniz Can K\u0131z\u0131l","robots":{"index":"index","follow":"follow","max-snippet":"max-snippet:-1","max-image-preview":"max-image-preview:large","max-video-preview":"max-video-preview:-1"},"canonical":"https:\/\/denizcankizil.tr\/de\/haberler\/gundem\/manisada-kent-lokantasi-ve-halk-mandira-akhisarda-hizmete-acildi\/","og_locale":"de_DE","og_type":"article","og_title":"Manisa'da Kent Lokantas\u0131 ve Halk Mand\u0131ra Akhisar\u2019da hizmete a\u00e7\u0131ld\u0131","og_description":"Manisa\u2019da halk\u0131n ucuz ve sa\u011fl\u0131kl\u0131 g\u0131daya ula\u015fmas\u0131n\u0131 ama\u00e7layan Manisa B\u00fcy\u00fck\u015fehir Belediyesi, Akhisar Belediyesi i\u015f birli\u011fiyle Kent Lokantas\u0131\u2019n\u0131n 4\u2019\u00fcnc\u00fc, Halk Mand\u0131ra\u2019n\u0131n ise 5\u2019inci \u015fubesini Akhisar\u2019da hizmete sundu.MAN\u0130SA (\u0130GFA) &#8211; Se\u00e7im boyunca halk\u0131n paras\u0131n\u0131 halka harcayaca\u011f\u0131n\u0131, ranta de\u011fil, halka hizmet edece\u011fini s\u00f6yledi\u011fini hat\u0131rlatan B\u00fcy\u00fck\u015fehir Belediye Ba\u015fkan\u0131 Ferdi Zeyrek, \u201cHem hizmetleri yapt\u0131k hem altyap\u0131ya dokunduk hem de vatanda\u015f\u0131m\u0131z\u0131n yan\u0131nda olduk. Bunun yan\u0131nda da ge\u00e7en y\u0131l yakla\u015f\u0131k 1 milyar lira b\u00fct\u00e7e fazlas\u0131 verdik\u201d dedi. Manisa B\u00fcy\u00fck\u015fehir Belediyesi\u2019nin, vatanda\u015flar\u0131n ucuz ve sa\u011fl\u0131kl\u0131 yeme\u011fe ula\u015fmas\u0131n\u0131 sa\u011flamak amac\u0131yla hayata ge\u00e7irdi\u011fi Kent Lokantas\u0131 ile sa\u011fl\u0131kl\u0131 s\u00fct ve s\u00fct \u00fcr\u00fcnlerine uygun fiyatla eri\u015fimini sa\u011flayan Halk Mand\u0131ralar\u0131n say\u0131s\u0131 artmaya devam ediyor. Kent Lokantas\u0131\u2019n\u0131n 4\u2019\u00fcnc\u00fc, Halk Mand\u0131ra\u2019n\u0131n ise 5\u2019inci \u015fubesi, Manisa B\u00fcy\u00fck\u015fehir Belediye Ba\u015fkan\u0131 Mimar Ferdi Zeyrek\u2019in kat\u0131l\u0131m\u0131yla Akhisar\u2019da d\u00fczenlenen t\u00f6renle yurtta\u015flar\u0131n hizmetine girdi. A\u00e7\u0131l\u0131\u015f t\u00f6renine, Ba\u015fkan Zeyrek\u2019in yan\u0131 s\u0131ra CHP Manisa \u0130l Ba\u015fkan\u0131 \u0130lksen \u00d6zalper, CHP Manisa Milletvekili Ahmet Vehbi Bak\u0131rl\u0131o\u011flu, Akhisar Belediye Ba\u015fkan\u0131 Besim Dutlulu, Soma Belediye Ba\u015fkan\u0131 Sercan Okur, K\u0131rka\u011fa\u00e7 Belediye Ba\u015fkan\u0131 \u00dcst\u00fcn D\u00f6nmez, G\u00f6rdes Belediye Ba\u015fkan\u0131 \u0130brahim B\u00fcke, G\u00f6lmarmara Belediye Ba\u015fkan\u0131 Cem Aykan, CHP \u0130l\u00e7e Ba\u015fkan\u0131 Hayriye Hacet, sivil toplum \u00f6rg\u00fctlerinin temsilcileri, mahalle muhtarlar\u0131 ile vatanda\u015flar kat\u0131ld\u0131. 4 \u00c7E\u015e\u0130T YEMEK 50 TL Akhisar\u2019a verdi\u011fi bir s\u00f6z\u00fc daha yerine getirmenin mutlulu\u011funu ya\u015fad\u0131\u011f\u0131n\u0131 dile getiren B\u00fcy\u00fck\u015fehir Belediye Ba\u015fkan\u0131 Ferdi &hellip;","og_url":"https:\/\/denizcankizil.tr\/de\/haberler\/gundem\/manisada-kent-lokantasi-ve-halk-mandira-akhisarda-hizmete-acildi\/","og_site_name":"Av. Deniz Can K\u0131z\u0131l","article_published_time":"2025-05-14T13:43:00+00:00","author":"admin","twitter_card":"summary_large_image","twitter_misc":{"Verfasst von":"admin","Gesch\u00e4tzte Lesezeit":"14\u00a0Minuten"},"schema":{"@context":"https:\/\/schema.org","@graph":[{"@type":"Article","@id":"https:\/\/denizcankizil.tr\/de\/haberler\/gundem\/manisada-kent-lokantasi-ve-halk-mandira-akhisarda-hizmete-acildi\/#article","isPartOf":{"@id":"https:\/\/denizcankizil.tr\/de\/haberler\/gundem\/manisada-kent-lokantasi-ve-halk-mandira-akhisarda-hizmete-acildi\/"},"author":{"name":"admin","@id":"https:\/\/denizcankizil.tr\/de\/#\/schema\/person\/be3c05fe6a12686905512445d8185489"},"headline":"Manisa&#8217;da Kent Lokantas\u0131 ve Halk Mand\u0131ra Akhisar\u2019da hizmete a\u00e7\u0131ld\u0131","datePublished":"2025-05-14T13:43:00+00:00","mainEntityOfPage":{"@id":"https:\/\/denizcankizil.tr\/de\/haberler\/gundem\/manisada-kent-lokantasi-ve-halk-mandira-akhisarda-hizmete-acildi\/"},"wordCount":2723,"publisher":{"@id":"https:\/\/denizcankizil.tr\/de\/#organization"},"articleSection":["G\u00fcndem"],"inLanguage":"de"},{"@type":"WebPage","@id":"https:\/\/denizcankizil.tr\/de\/haberler\/gundem\/manisada-kent-lokantasi-ve-halk-mandira-akhisarda-hizmete-acildi\/","url":"https:\/\/denizcankizil.tr\/de\/haberler\/gundem\/manisada-kent-lokantasi-ve-halk-mandira-akhisarda-hizmete-acildi\/","name":"Manisa'da Kent Lokantas\u0131 ve Halk Mand\u0131ra Akhisar\u2019da hizmete a\u00e7\u0131ld\u0131 - Av. Deniz Can K\u0131z\u0131l","isPartOf":{"@id":"https:\/\/denizcankizil.tr\/de\/#website"},"datePublished":"2025-05-14T13:43:00+00:00","breadcrumb":{"@id":"https:\/\/denizcankizil.tr\/de\/haberler\/gundem\/manisada-kent-lokantasi-ve-halk-mandira-akhisarda-hizmete-acildi\/#breadcrumb"},"inLanguage":"de","potentialAction":[{"@type":"ReadAction","target":["https:\/\/denizcankizil.tr\/de\/haberler\/gundem\/manisada-kent-lokantasi-ve-halk-mandira-akhisarda-hizmete-acildi\/"]}]},{"@type":"BreadcrumbList","@id":"https:\/\/denizcankizil.tr\/de\/haberler\/gundem\/manisada-kent-lokantasi-ve-halk-mandira-akhisarda-hizmete-acildi\/#breadcrumb","itemListElement":[{"@type":"ListItem","position":1,"name":"Home","item":"https:\/\/denizcankizil.tr\/de\/"},{"@type":"ListItem","position":2,"name":"Manisa&#8217;da Kent Lokantas\u0131 ve Halk Mand\u0131ra Akhisar\u2019da hizmete a\u00e7\u0131ld\u0131"}]},{"@type":"WebSite","@id":"https:\/\/denizcankizil.tr\/de\/#website","url":"https:\/\/denizcankizil.tr\/de\/","name":"Av. Deniz Can K\u0131z\u0131l","description":"Avukat Deniz Can K\u0131z\u0131l Antalya Barosu","publisher":{"@id":"https:\/\/denizcankizil.tr\/de\/#organization"},"potentialAction":[{"@type":"SearchAction","target":{"@type":"EntryPoint","urlTemplate":"https:\/\/denizcankizil.tr\/de\/?s={search_term_string}"},"query-input":{"@type":"PropertyValueSpecification","valueRequired":true,"valueName":"search_term_string"}}],"inLanguage":"de"},{"@type":"Organization","@id":"https:\/\/denizcankizil.tr\/de\/#organization","name":"Av. Deniz Can K\u0131z\u0131l","url":"https:\/\/denizcankizil.tr\/de\/","logo":{"@type":"ImageObject","inLanguage":"de","@id":"https:\/\/denizcankizil.tr\/de\/#\/schema\/logo\/image\/","url":"https:\/\/denizcankizil.tr\/wp-content\/uploads\/2024\/10\/siyah-logo-svg.svg","contentUrl":"https:\/\/denizcankizil.tr\/wp-content\/uploads\/2024\/10\/siyah-logo-svg.svg","width":1080,"height":1080,"caption":"Av. Deniz Can K\u0131z\u0131l"},"image":{"@id":"https:\/\/denizcankizil.tr\/de\/#\/schema\/logo\/image\/"}},{"@type":"Person","@id":"https:\/\/denizcankizil.tr\/de\/#\/schema\/person\/be3c05fe6a12686905512445d8185489","name":"Administrator","image":{"@type":"ImageObject","inLanguage":"de","@id":"https:\/\/denizcankizil.tr\/de\/#\/schema\/person\/image\/","url":"https:\/\/secure.gravatar.com\/avatar\/c1fce94c830dc79107e174f890d7210541c4a63e8e5d816341794a2151c9d58c?s=96&d=mm&r=g","contentUrl":"https:\/\/secure.gravatar.com\/avatar\/c1fce94c830dc79107e174f890d7210541c4a63e8e5d816341794a2151c9d58c?s=96&d=mm&r=g","caption":"admin"},"sameAs":["http:\/\/denizcankizil.tr"],"url":"https:\/\/www.iskenderun.org\/manisada-kent-lokantasi-ve-halk-mandira-akhisarda-hizmete-acildi"}]}},"_links":{"self":[{"href":"https:\/\/denizcankizil.tr\/de\/wp-json\/wp\/v2\/posts\/86437","targetHints":{"allow":["GET"]}}],"collection":[{"href":"https:\/\/denizcankizil.tr\/de\/wp-json\/wp\/v2\/posts"}],"about":[{"href":"https:\/\/denizcankizil.tr\/de\/wp-json\/wp\/v2\/types\/post"}],"author":[{"embeddable":true,"href":"https:\/\/denizcankizil.tr\/de\/wp-json\/wp\/v2\/users\/1"}],"replies":[{"embeddable":true,"href":"https:\/\/denizcankizil.tr\/de\/wp-json\/wp\/v2\/comments?post=86437"}],"version-history":[{"count":0,"href":"https:\/\/denizcankizil.tr\/de\/wp-json\/wp\/v2\/posts\/86437\/revisions"}],"wp:attachment":[{"href":"https:\/\/denizcankizil.tr\/de\/wp-json\/wp\/v2\/media?parent=86437"}],"wp:term":[{"taxonomy":"category","embeddable":true,"href":"https:\/\/denizcankizil.tr\/de\/wp-json\/wp\/v2\/categories?post=86437"},{"taxonomy":"post_tag","embeddable":true,"href":"https:\/\/denizcankizil.tr\/de\/wp-json\/wp\/v2\/tags?post=86437"}],"curies":[{"name":"wp","href":"https:\/\/api.w.org\/{rel}","templated":true}]}}