{"id":86385,"date":"2025-05-14T16:41:21","date_gmt":"2025-05-14T13:41:21","guid":{"rendered":"https:\/\/denizcankizil.tr\/uncategorized-tr\/antalyada-beyin-olumu-tanisi-ve-donor-bakimi-egitimi\/"},"modified":"2025-05-14T16:41:21","modified_gmt":"2025-05-14T13:41:21","slug":"antalyada-beyin-olumu-tanisi-ve-donor-bakimi-egitimi","status":"publish","type":"post","link":"https:\/\/denizcankizil.tr\/de\/haberler\/antalya\/antalyada-beyin-olumu-tanisi-ve-donor-bakimi-egitimi\/","title":{"rendered":"Antalya&#8217;da &#8220;Beyin \u00d6l\u00fcm\u00fc Tan\u0131s\u0131 ve Don\u00f6r Bak\u0131m\u0131&#8221; e\u011fitimi"},"content":{"rendered":"<p>Program\u0131n a\u00e7\u0131l\u0131\u015f konu\u015fmas\u0131n\u0131 yapan Antalya E\u011fitim ve Ara\u015ft\u0131rma Hastanesi Ba\u015fhekimi Do\u00e7. Dr. Orhan Aras, organ ba\u011f\u0131\u015f\u0131 s\u00fcrecinin hayati \u00f6neme sahip oldu\u011funu vurgulad\u0131. Aras, &#8220;Bug\u00fcn burada, sadece bir bilimsel toplant\u0131ya de\u011fil, ayn\u0131 zamanda hayat\u0131n devam\u0131 i\u00e7in verilen ortak bir m\u00fccadeleye tan\u0131kl\u0131k ediyoruz. Beyin \u00f6l\u00fcm\u00fc tan\u0131s\u0131, yaln\u0131zca t\u0131bbi de\u011fil; etik, hukuki ve duygusal boyutlar\u0131 da olan \u00e7ok katmanl\u0131 bir karard\u0131r. Bu nedenle bu e\u011fitim program\u0131n\u0131n, ya\u015fam\u0131n s\u00fcreklili\u011fine yap\u0131lan bir yat\u0131r\u0131m niteli\u011fi ta\u015f\u0131d\u0131\u011f\u0131na inan\u0131yorum&#8221; dedi.<br \/>\nE\u011fitim program\u0131 boyunca, organ nakli s\u00fcrecinde b\u00fcy\u00fck \u00f6nem ta\u015f\u0131yan ba\u015fl\u0131klar alan\u0131nda uzman isimler taraf\u0131ndan detayl\u0131 \u015fekilde ele al\u0131nd\u0131.<br \/>\nDr. G\u00f6zde \u00d6zge Ertun\u00e7, B\u00f6lge Koordinasyon Merkezi\u2019nin i\u015fleyi\u015fi hakk\u0131nda bilgi verdi.<br \/>\nUzm. Dr. Tu\u011fba \u00d6zel Tura, beyin \u00f6l\u00fcm\u00fc tan\u0131s\u0131 ve bu s\u00fcre\u00e7te yap\u0131lan radyolojik incelemeleri anlatt\u0131.<br \/>\nProf. Dr. Melike Cengiz, don\u00f6r bak\u0131m\u0131n\u0131n nas\u0131l y\u00fcr\u00fct\u00fclmesi gerekti\u011fini kapsaml\u0131 \u015fekilde aktard\u0131.<br \/>\nProf. Dr. Derya Seyman, organ ba\u011f\u0131\u015f\u0131nda enfeksiyon y\u00f6netiminin \u00f6nemini vurgulad\u0131.<br \/>\n\u00d6\u011fr. G\u00f6r. Nilg\u00fcn Bilal ise yo\u011fun bak\u0131mda hasta yak\u0131nlar\u0131yla ileti\u015fim kurman\u0131n y\u00f6ntemlerini kat\u0131l\u0131mc\u0131larla payla\u015ft\u0131.<br \/>\nOrgan nakli konusunda fark\u0131ndal\u0131\u011f\u0131n art\u0131r\u0131lmas\u0131, tan\u0131 s\u00fcre\u00e7lerinin standardize edilmesi ve hekimler aras\u0131nda ortak bir dil olu\u015fturulmas\u0131 amac\u0131yla d\u00fczenlenen program, kat\u0131l\u0131mc\u0131lardan yo\u011fun ilgi g\u00f6rd\u00fc.<\/p>\n<p>Kaynak: www.kanalv.com.tr Haber Sitesinden Al\u0131nm\u0131\u015ft\u0131r.<\/p>","protected":false},"excerpt":{"rendered":"<p>Program\u0131n a\u00e7\u0131l\u0131\u015f konu\u015fmas\u0131n\u0131 yapan Antalya E\u011fitim ve Ara\u015ft\u0131rma Hastanesi Ba\u015fhekimi Do\u00e7. Dr. Orhan Aras, organ ba\u011f\u0131\u015f\u0131 s\u00fcrecinin hayati \u00f6neme sahip oldu\u011funu vurgulad\u0131. Aras, &#8220;Bug\u00fcn burada, sadece bir bilimsel toplant\u0131ya de\u011fil, ayn\u0131 zamanda hayat\u0131n devam\u0131 i\u00e7in verilen ortak bir m\u00fccadeleye tan\u0131kl\u0131k ediyoruz. Beyin \u00f6l\u00fcm\u00fc tan\u0131s\u0131, yaln\u0131zca t\u0131bbi de\u011fil; etik, hukuki ve duygusal boyutlar\u0131 da olan \u00e7ok katmanl\u0131 bir karard\u0131r. Bu nedenle bu e\u011fitim program\u0131n\u0131n, ya\u015fam\u0131n s\u00fcreklili\u011fine yap\u0131lan bir yat\u0131r\u0131m niteli\u011fi ta\u015f\u0131d\u0131\u011f\u0131na inan\u0131yorum&#8221; dedi. E\u011fitim program\u0131 boyunca, organ nakli s\u00fcrecinde b\u00fcy\u00fck \u00f6nem ta\u015f\u0131yan ba\u015fl\u0131klar alan\u0131nda uzman isimler taraf\u0131ndan detayl\u0131 \u015fekilde ele al\u0131nd\u0131. Dr. G\u00f6zde \u00d6zge Ertun\u00e7, B\u00f6lge Koordinasyon Merkezi\u2019nin i\u015fleyi\u015fi hakk\u0131nda bilgi verdi. Uzm. Dr. Tu\u011fba \u00d6zel Tura, beyin \u00f6l\u00fcm\u00fc tan\u0131s\u0131 ve bu s\u00fcre\u00e7te yap\u0131lan radyolojik incelemeleri anlatt\u0131. Prof. Dr. Melike Cengiz, don\u00f6r bak\u0131m\u0131n\u0131n nas\u0131l y\u00fcr\u00fct\u00fclmesi gerekti\u011fini kapsaml\u0131 \u015fekilde aktard\u0131. Prof. Dr. Derya Seyman, organ ba\u011f\u0131\u015f\u0131nda enfeksiyon y\u00f6netiminin \u00f6nemini vurgulad\u0131. \u00d6\u011fr. G\u00f6r. Nilg\u00fcn Bilal ise yo\u011fun bak\u0131mda hasta yak\u0131nlar\u0131yla ileti\u015fim kurman\u0131n y\u00f6ntemlerini kat\u0131l\u0131mc\u0131larla payla\u015ft\u0131. Organ nakli konusunda fark\u0131ndal\u0131\u011f\u0131n art\u0131r\u0131lmas\u0131, tan\u0131 s\u00fcre\u00e7lerinin standardize edilmesi ve hekimler aras\u0131nda ortak bir dil olu\u015fturulmas\u0131 amac\u0131yla d\u00fczenlenen program, kat\u0131l\u0131mc\u0131lardan yo\u011fun ilgi g\u00f6rd\u00fc. Kaynak: www.kanalv.com.tr Haber Sitesinden Al\u0131nm\u0131\u015ft\u0131r.<\/p>","protected":false},"author":4,"featured_media":86386,"comment_status":"","ping_status":"open","sticky":false,"template":"","format":"standard","meta":{"_acf_changed":false,"footnotes":""},"categories":[26],"tags":[],"class_list":["post-86385","post","type-post","status-publish","format-standard","has-post-thumbnail","hentry","category-antalya"],"acf":[],"yoast_head":"<!-- This site is optimized with the Yoast SEO Premium plugin v26.6 (Yoast SEO v27.1.1) - https:\/\/yoast.com\/product\/yoast-seo-premium-wordpress\/ -->\n<title>Antalya&#039;da &quot;Beyin \u00d6l\u00fcm\u00fc Tan\u0131s\u0131 ve Don\u00f6r Bak\u0131m\u0131&quot; e\u011fitimi - Av. Deniz Can K\u0131z\u0131l<\/title>\n<meta name=\"robots\" content=\"index, follow, max-snippet:-1, max-image-preview:large, max-video-preview:-1\" \/>\n<link rel=\"canonical\" href=\"https:\/\/denizcankizil.tr\/de\/haberler\/antalya\/antalyada-beyin-olumu-tanisi-ve-donor-bakimi-egitimi\/\" \/>\n<meta property=\"og:locale\" content=\"de_DE\" \/>\n<meta property=\"og:type\" content=\"article\" \/>\n<meta property=\"og:title\" content=\"Antalya&#039;da &quot;Beyin \u00d6l\u00fcm\u00fc Tan\u0131s\u0131 ve Don\u00f6r Bak\u0131m\u0131&quot; e\u011fitimi\" \/>\n<meta property=\"og:description\" content=\"Program\u0131n a\u00e7\u0131l\u0131\u015f konu\u015fmas\u0131n\u0131 yapan Antalya E\u011fitim ve Ara\u015ft\u0131rma Hastanesi Ba\u015fhekimi Do\u00e7. Dr. Orhan Aras, organ ba\u011f\u0131\u015f\u0131 s\u00fcrecinin hayati \u00f6neme sahip oldu\u011funu vurgulad\u0131. Aras, &#8220;Bug\u00fcn burada, sadece bir bilimsel toplant\u0131ya de\u011fil, ayn\u0131 zamanda hayat\u0131n devam\u0131 i\u00e7in verilen ortak bir m\u00fccadeleye tan\u0131kl\u0131k ediyoruz. Beyin \u00f6l\u00fcm\u00fc tan\u0131s\u0131, yaln\u0131zca t\u0131bbi de\u011fil; etik, hukuki ve duygusal boyutlar\u0131 da olan \u00e7ok katmanl\u0131 bir karard\u0131r. Bu nedenle bu e\u011fitim program\u0131n\u0131n, ya\u015fam\u0131n s\u00fcreklili\u011fine yap\u0131lan bir yat\u0131r\u0131m niteli\u011fi ta\u015f\u0131d\u0131\u011f\u0131na inan\u0131yorum&#8221; dedi. E\u011fitim program\u0131 boyunca, organ nakli s\u00fcrecinde b\u00fcy\u00fck \u00f6nem ta\u015f\u0131yan ba\u015fl\u0131klar alan\u0131nda uzman isimler taraf\u0131ndan detayl\u0131 \u015fekilde ele al\u0131nd\u0131. Dr. G\u00f6zde \u00d6zge Ertun\u00e7, B\u00f6lge Koordinasyon Merkezi\u2019nin i\u015fleyi\u015fi hakk\u0131nda bilgi verdi. Uzm. Dr. Tu\u011fba \u00d6zel Tura, beyin \u00f6l\u00fcm\u00fc tan\u0131s\u0131 ve bu s\u00fcre\u00e7te yap\u0131lan radyolojik incelemeleri anlatt\u0131. Prof. Dr. Melike Cengiz, don\u00f6r bak\u0131m\u0131n\u0131n nas\u0131l y\u00fcr\u00fct\u00fclmesi gerekti\u011fini kapsaml\u0131 \u015fekilde aktard\u0131. Prof. Dr. Derya Seyman, organ ba\u011f\u0131\u015f\u0131nda enfeksiyon y\u00f6netiminin \u00f6nemini vurgulad\u0131. \u00d6\u011fr. G\u00f6r. Nilg\u00fcn Bilal ise yo\u011fun bak\u0131mda hasta yak\u0131nlar\u0131yla ileti\u015fim kurman\u0131n y\u00f6ntemlerini kat\u0131l\u0131mc\u0131larla payla\u015ft\u0131. Organ nakli konusunda fark\u0131ndal\u0131\u011f\u0131n art\u0131r\u0131lmas\u0131, tan\u0131 s\u00fcre\u00e7lerinin standardize edilmesi ve hekimler aras\u0131nda ortak bir dil olu\u015fturulmas\u0131 amac\u0131yla d\u00fczenlenen program, kat\u0131l\u0131mc\u0131lardan yo\u011fun ilgi g\u00f6rd\u00fc. Kaynak: www.kanalv.com.tr Haber Sitesinden Al\u0131nm\u0131\u015ft\u0131r.\" \/>\n<meta property=\"og:url\" content=\"https:\/\/denizcankizil.tr\/de\/haberler\/antalya\/antalyada-beyin-olumu-tanisi-ve-donor-bakimi-egitimi\/\" \/>\n<meta property=\"og:site_name\" content=\"Av. Deniz Can K\u0131z\u0131l\" \/>\n<meta property=\"article:published_time\" content=\"2025-05-14T13:41:21+00:00\" \/>\n<meta property=\"og:image\" content=\"https:\/\/denizcankizil.tr\/wp-content\/uploads\/2025\/05\/6333-01-9jY60J.jpg\" \/>\n\t<meta property=\"og:image:width\" content=\"1280\" \/>\n\t<meta property=\"og:image:height\" content=\"720\" \/>\n\t<meta property=\"og:image:type\" content=\"image\/jpeg\" \/>\n<meta name=\"author\" content=\"Av. Deniz Can K\u0131z\u0131l\" \/>\n<meta name=\"twitter:card\" content=\"summary_large_image\" \/>\n<meta name=\"twitter:label1\" content=\"Verfasst von\" \/>\n\t<meta name=\"twitter:data1\" content=\"Av. Deniz Can K\u0131z\u0131l\" \/>\n\t<meta name=\"twitter:label2\" content=\"Gesch\u00e4tzte Lesezeit\" \/>\n\t<meta name=\"twitter:data2\" content=\"1\u00a0Minute\" \/>\n<script type=\"application\/ld+json\" class=\"yoast-schema-graph\">{\"@context\":\"https:\/\/schema.org\",\"@graph\":[{\"@type\":\"Article\",\"@id\":\"https:\/\/denizcankizil.tr\/de\/haberler\/antalya\/antalyada-beyin-olumu-tanisi-ve-donor-bakimi-egitimi\/#article\",\"isPartOf\":{\"@id\":\"https:\/\/denizcankizil.tr\/de\/haberler\/antalya\/antalyada-beyin-olumu-tanisi-ve-donor-bakimi-egitimi\/\"},\"author\":{\"name\":\"Av. Deniz Can K\u0131z\u0131l\",\"@id\":\"https:\/\/denizcankizil.tr\/de\/#\/schema\/person\/5dc1b22991bd7ac833867c10afc9b0ff\"},\"headline\":\"Antalya&#8217;da &#8220;Beyin \u00d6l\u00fcm\u00fc Tan\u0131s\u0131 ve Don\u00f6r Bak\u0131m\u0131&#8221; e\u011fitimi\",\"datePublished\":\"2025-05-14T13:41:21+00:00\",\"mainEntityOfPage\":{\"@id\":\"https:\/\/denizcankizil.tr\/de\/haberler\/antalya\/antalyada-beyin-olumu-tanisi-ve-donor-bakimi-egitimi\/\"},\"wordCount\":299,\"publisher\":{\"@id\":\"https:\/\/denizcankizil.tr\/de\/#organization\"},\"image\":{\"@id\":\"https:\/\/denizcankizil.tr\/de\/haberler\/antalya\/antalyada-beyin-olumu-tanisi-ve-donor-bakimi-egitimi\/#primaryimage\"},\"thumbnailUrl\":\"https:\/\/denizcankizil.tr\/wp-content\/uploads\/2025\/05\/6333-01-9jY60J.jpg\",\"articleSection\":[\"Antalya\"],\"inLanguage\":\"de\"},{\"@type\":\"WebPage\",\"@id\":\"https:\/\/denizcankizil.tr\/de\/haberler\/antalya\/antalyada-beyin-olumu-tanisi-ve-donor-bakimi-egitimi\/\",\"url\":\"https:\/\/denizcankizil.tr\/de\/haberler\/antalya\/antalyada-beyin-olumu-tanisi-ve-donor-bakimi-egitimi\/\",\"name\":\"Antalya'da \\\"Beyin \u00d6l\u00fcm\u00fc Tan\u0131s\u0131 ve Don\u00f6r Bak\u0131m\u0131\\\" e\u011fitimi - Av. Deniz Can K\u0131z\u0131l\",\"isPartOf\":{\"@id\":\"https:\/\/denizcankizil.tr\/de\/#website\"},\"primaryImageOfPage\":{\"@id\":\"https:\/\/denizcankizil.tr\/de\/haberler\/antalya\/antalyada-beyin-olumu-tanisi-ve-donor-bakimi-egitimi\/#primaryimage\"},\"image\":{\"@id\":\"https:\/\/denizcankizil.tr\/de\/haberler\/antalya\/antalyada-beyin-olumu-tanisi-ve-donor-bakimi-egitimi\/#primaryimage\"},\"thumbnailUrl\":\"https:\/\/denizcankizil.tr\/wp-content\/uploads\/2025\/05\/6333-01-9jY60J.jpg\",\"datePublished\":\"2025-05-14T13:41:21+00:00\",\"breadcrumb\":{\"@id\":\"https:\/\/denizcankizil.tr\/de\/haberler\/antalya\/antalyada-beyin-olumu-tanisi-ve-donor-bakimi-egitimi\/#breadcrumb\"},\"inLanguage\":\"de\",\"potentialAction\":[{\"@type\":\"ReadAction\",\"target\":[\"https:\/\/denizcankizil.tr\/de\/haberler\/antalya\/antalyada-beyin-olumu-tanisi-ve-donor-bakimi-egitimi\/\"]}]},{\"@type\":\"ImageObject\",\"inLanguage\":\"de\",\"@id\":\"https:\/\/denizcankizil.tr\/de\/haberler\/antalya\/antalyada-beyin-olumu-tanisi-ve-donor-bakimi-egitimi\/#primaryimage\",\"url\":\"https:\/\/denizcankizil.tr\/wp-content\/uploads\/2025\/05\/6333-01-9jY60J.jpg\",\"contentUrl\":\"https:\/\/denizcankizil.tr\/wp-content\/uploads\/2025\/05\/6333-01-9jY60J.jpg\",\"width\":1280,\"height\":720},{\"@type\":\"BreadcrumbList\",\"@id\":\"https:\/\/denizcankizil.tr\/de\/haberler\/antalya\/antalyada-beyin-olumu-tanisi-ve-donor-bakimi-egitimi\/#breadcrumb\",\"itemListElement\":[{\"@type\":\"ListItem\",\"position\":1,\"name\":\"Home\",\"item\":\"https:\/\/denizcankizil.tr\/de\/\"},{\"@type\":\"ListItem\",\"position\":2,\"name\":\"Antalya&#8217;da &#8220;Beyin \u00d6l\u00fcm\u00fc Tan\u0131s\u0131 ve Don\u00f6r Bak\u0131m\u0131&#8221; e\u011fitimi\"}]},{\"@type\":\"WebSite\",\"@id\":\"https:\/\/denizcankizil.tr\/de\/#website\",\"url\":\"https:\/\/denizcankizil.tr\/de\/\",\"name\":\"Av. Deniz Can K\u0131z\u0131l\",\"description\":\"Avukat Deniz Can K\u0131z\u0131l Antalya Barosu\",\"publisher\":{\"@id\":\"https:\/\/denizcankizil.tr\/de\/#organization\"},\"potentialAction\":[{\"@type\":\"SearchAction\",\"target\":{\"@type\":\"EntryPoint\",\"urlTemplate\":\"https:\/\/denizcankizil.tr\/de\/?s={search_term_string}\"},\"query-input\":{\"@type\":\"PropertyValueSpecification\",\"valueRequired\":true,\"valueName\":\"search_term_string\"}}],\"inLanguage\":\"de\"},{\"@type\":\"Organization\",\"@id\":\"https:\/\/denizcankizil.tr\/de\/#organization\",\"name\":\"Av. Deniz Can K\u0131z\u0131l\",\"url\":\"https:\/\/denizcankizil.tr\/de\/\",\"logo\":{\"@type\":\"ImageObject\",\"inLanguage\":\"de\",\"@id\":\"https:\/\/denizcankizil.tr\/de\/#\/schema\/logo\/image\/\",\"url\":\"https:\/\/denizcankizil.tr\/wp-content\/uploads\/2024\/10\/siyah-logo-svg.svg\",\"contentUrl\":\"https:\/\/denizcankizil.tr\/wp-content\/uploads\/2024\/10\/siyah-logo-svg.svg\",\"width\":1080,\"height\":1080,\"caption\":\"Av. Deniz Can K\u0131z\u0131l\"},\"image\":{\"@id\":\"https:\/\/denizcankizil.tr\/de\/#\/schema\/logo\/image\/\"}},{\"@type\":\"Person\",\"@id\":\"https:\/\/denizcankizil.tr\/de\/#\/schema\/person\/5dc1b22991bd7ac833867c10afc9b0ff\",\"name\":\"Av. Deniz Can K\u0131z\u0131l\",\"image\":{\"@type\":\"ImageObject\",\"inLanguage\":\"de\",\"@id\":\"https:\/\/denizcankizil.tr\/de\/#\/schema\/person\/image\/\",\"url\":\"https:\/\/secure.gravatar.com\/avatar\/a0b128fb9855c79efc976d5640eedb31dc35ec297594d6016d2cf7c60e975bb6?s=96&d=mm&r=g\",\"contentUrl\":\"https:\/\/secure.gravatar.com\/avatar\/a0b128fb9855c79efc976d5640eedb31dc35ec297594d6016d2cf7c60e975bb6?s=96&d=mm&r=g\",\"caption\":\"Av. Deniz Can K\u0131z\u0131l\"},\"sameAs\":[\"http:\/\/www.denizcankizil.tr\"],\"url\":\"https:\/\/denizcankizil.tr\/de\/author\/denizcankizil\/\"}]}<\/script>\n<!-- \/ Yoast SEO Premium plugin. -->","yoast_head_json":{"title":"Antalya'da \"Beyin \u00d6l\u00fcm\u00fc Tan\u0131s\u0131 ve Don\u00f6r Bak\u0131m\u0131\" e\u011fitimi - Av. Deniz Can K\u0131z\u0131l","robots":{"index":"index","follow":"follow","max-snippet":"max-snippet:-1","max-image-preview":"max-image-preview:large","max-video-preview":"max-video-preview:-1"},"canonical":"https:\/\/denizcankizil.tr\/de\/haberler\/antalya\/antalyada-beyin-olumu-tanisi-ve-donor-bakimi-egitimi\/","og_locale":"de_DE","og_type":"article","og_title":"Antalya'da \"Beyin \u00d6l\u00fcm\u00fc Tan\u0131s\u0131 ve Don\u00f6r Bak\u0131m\u0131\" e\u011fitimi","og_description":"Program\u0131n a\u00e7\u0131l\u0131\u015f konu\u015fmas\u0131n\u0131 yapan Antalya E\u011fitim ve Ara\u015ft\u0131rma Hastanesi Ba\u015fhekimi Do\u00e7. Dr. Orhan Aras, organ ba\u011f\u0131\u015f\u0131 s\u00fcrecinin hayati \u00f6neme sahip oldu\u011funu vurgulad\u0131. Aras, &#8220;Bug\u00fcn burada, sadece bir bilimsel toplant\u0131ya de\u011fil, ayn\u0131 zamanda hayat\u0131n devam\u0131 i\u00e7in verilen ortak bir m\u00fccadeleye tan\u0131kl\u0131k ediyoruz. Beyin \u00f6l\u00fcm\u00fc tan\u0131s\u0131, yaln\u0131zca t\u0131bbi de\u011fil; etik, hukuki ve duygusal boyutlar\u0131 da olan \u00e7ok katmanl\u0131 bir karard\u0131r. Bu nedenle bu e\u011fitim program\u0131n\u0131n, ya\u015fam\u0131n s\u00fcreklili\u011fine yap\u0131lan bir yat\u0131r\u0131m niteli\u011fi ta\u015f\u0131d\u0131\u011f\u0131na inan\u0131yorum&#8221; dedi. E\u011fitim program\u0131 boyunca, organ nakli s\u00fcrecinde b\u00fcy\u00fck \u00f6nem ta\u015f\u0131yan ba\u015fl\u0131klar alan\u0131nda uzman isimler taraf\u0131ndan detayl\u0131 \u015fekilde ele al\u0131nd\u0131. Dr. G\u00f6zde \u00d6zge Ertun\u00e7, B\u00f6lge Koordinasyon Merkezi\u2019nin i\u015fleyi\u015fi hakk\u0131nda bilgi verdi. Uzm. Dr. Tu\u011fba \u00d6zel Tura, beyin \u00f6l\u00fcm\u00fc tan\u0131s\u0131 ve bu s\u00fcre\u00e7te yap\u0131lan radyolojik incelemeleri anlatt\u0131. Prof. Dr. Melike Cengiz, don\u00f6r bak\u0131m\u0131n\u0131n nas\u0131l y\u00fcr\u00fct\u00fclmesi gerekti\u011fini kapsaml\u0131 \u015fekilde aktard\u0131. Prof. Dr. Derya Seyman, organ ba\u011f\u0131\u015f\u0131nda enfeksiyon y\u00f6netiminin \u00f6nemini vurgulad\u0131. \u00d6\u011fr. G\u00f6r. Nilg\u00fcn Bilal ise yo\u011fun bak\u0131mda hasta yak\u0131nlar\u0131yla ileti\u015fim kurman\u0131n y\u00f6ntemlerini kat\u0131l\u0131mc\u0131larla payla\u015ft\u0131. Organ nakli konusunda fark\u0131ndal\u0131\u011f\u0131n art\u0131r\u0131lmas\u0131, tan\u0131 s\u00fcre\u00e7lerinin standardize edilmesi ve hekimler aras\u0131nda ortak bir dil olu\u015fturulmas\u0131 amac\u0131yla d\u00fczenlenen program, kat\u0131l\u0131mc\u0131lardan yo\u011fun ilgi g\u00f6rd\u00fc. Kaynak: www.kanalv.com.tr Haber Sitesinden Al\u0131nm\u0131\u015ft\u0131r.","og_url":"https:\/\/denizcankizil.tr\/de\/haberler\/antalya\/antalyada-beyin-olumu-tanisi-ve-donor-bakimi-egitimi\/","og_site_name":"Av. Deniz Can K\u0131z\u0131l","article_published_time":"2025-05-14T13:41:21+00:00","og_image":[{"width":1280,"height":720,"url":"https:\/\/denizcankizil.tr\/wp-content\/uploads\/2025\/05\/6333-01-9jY60J.jpg","type":"image\/jpeg"}],"author":"Av. Deniz Can K\u0131z\u0131l","twitter_card":"summary_large_image","twitter_misc":{"Verfasst von":"Av. Deniz Can K\u0131z\u0131l","Gesch\u00e4tzte Lesezeit":"1\u00a0Minute"},"schema":{"@context":"https:\/\/schema.org","@graph":[{"@type":"Article","@id":"https:\/\/denizcankizil.tr\/de\/haberler\/antalya\/antalyada-beyin-olumu-tanisi-ve-donor-bakimi-egitimi\/#article","isPartOf":{"@id":"https:\/\/denizcankizil.tr\/de\/haberler\/antalya\/antalyada-beyin-olumu-tanisi-ve-donor-bakimi-egitimi\/"},"author":{"name":"Av. Deniz Can K\u0131z\u0131l","@id":"https:\/\/denizcankizil.tr\/de\/#\/schema\/person\/5dc1b22991bd7ac833867c10afc9b0ff"},"headline":"Antalya&#8217;da &#8220;Beyin \u00d6l\u00fcm\u00fc Tan\u0131s\u0131 ve Don\u00f6r Bak\u0131m\u0131&#8221; e\u011fitimi","datePublished":"2025-05-14T13:41:21+00:00","mainEntityOfPage":{"@id":"https:\/\/denizcankizil.tr\/de\/haberler\/antalya\/antalyada-beyin-olumu-tanisi-ve-donor-bakimi-egitimi\/"},"wordCount":299,"publisher":{"@id":"https:\/\/denizcankizil.tr\/de\/#organization"},"image":{"@id":"https:\/\/denizcankizil.tr\/de\/haberler\/antalya\/antalyada-beyin-olumu-tanisi-ve-donor-bakimi-egitimi\/#primaryimage"},"thumbnailUrl":"https:\/\/denizcankizil.tr\/wp-content\/uploads\/2025\/05\/6333-01-9jY60J.jpg","articleSection":["Antalya"],"inLanguage":"de"},{"@type":"WebPage","@id":"https:\/\/denizcankizil.tr\/de\/haberler\/antalya\/antalyada-beyin-olumu-tanisi-ve-donor-bakimi-egitimi\/","url":"https:\/\/denizcankizil.tr\/de\/haberler\/antalya\/antalyada-beyin-olumu-tanisi-ve-donor-bakimi-egitimi\/","name":"Antalya'da \"Beyin \u00d6l\u00fcm\u00fc Tan\u0131s\u0131 ve Don\u00f6r Bak\u0131m\u0131\" e\u011fitimi - Av. Deniz Can K\u0131z\u0131l","isPartOf":{"@id":"https:\/\/denizcankizil.tr\/de\/#website"},"primaryImageOfPage":{"@id":"https:\/\/denizcankizil.tr\/de\/haberler\/antalya\/antalyada-beyin-olumu-tanisi-ve-donor-bakimi-egitimi\/#primaryimage"},"image":{"@id":"https:\/\/denizcankizil.tr\/de\/haberler\/antalya\/antalyada-beyin-olumu-tanisi-ve-donor-bakimi-egitimi\/#primaryimage"},"thumbnailUrl":"https:\/\/denizcankizil.tr\/wp-content\/uploads\/2025\/05\/6333-01-9jY60J.jpg","datePublished":"2025-05-14T13:41:21+00:00","breadcrumb":{"@id":"https:\/\/denizcankizil.tr\/de\/haberler\/antalya\/antalyada-beyin-olumu-tanisi-ve-donor-bakimi-egitimi\/#breadcrumb"},"inLanguage":"de","potentialAction":[{"@type":"ReadAction","target":["https:\/\/denizcankizil.tr\/de\/haberler\/antalya\/antalyada-beyin-olumu-tanisi-ve-donor-bakimi-egitimi\/"]}]},{"@type":"ImageObject","inLanguage":"de","@id":"https:\/\/denizcankizil.tr\/de\/haberler\/antalya\/antalyada-beyin-olumu-tanisi-ve-donor-bakimi-egitimi\/#primaryimage","url":"https:\/\/denizcankizil.tr\/wp-content\/uploads\/2025\/05\/6333-01-9jY60J.jpg","contentUrl":"https:\/\/denizcankizil.tr\/wp-content\/uploads\/2025\/05\/6333-01-9jY60J.jpg","width":1280,"height":720},{"@type":"BreadcrumbList","@id":"https:\/\/denizcankizil.tr\/de\/haberler\/antalya\/antalyada-beyin-olumu-tanisi-ve-donor-bakimi-egitimi\/#breadcrumb","itemListElement":[{"@type":"ListItem","position":1,"name":"Home","item":"https:\/\/denizcankizil.tr\/de\/"},{"@type":"ListItem","position":2,"name":"Antalya&#8217;da &#8220;Beyin \u00d6l\u00fcm\u00fc Tan\u0131s\u0131 ve Don\u00f6r Bak\u0131m\u0131&#8221; e\u011fitimi"}]},{"@type":"WebSite","@id":"https:\/\/denizcankizil.tr\/de\/#website","url":"https:\/\/denizcankizil.tr\/de\/","name":"Av. Deniz Can K\u0131z\u0131l","description":"Avukat Deniz Can K\u0131z\u0131l Antalya Barosu","publisher":{"@id":"https:\/\/denizcankizil.tr\/de\/#organization"},"potentialAction":[{"@type":"SearchAction","target":{"@type":"EntryPoint","urlTemplate":"https:\/\/denizcankizil.tr\/de\/?s={search_term_string}"},"query-input":{"@type":"PropertyValueSpecification","valueRequired":true,"valueName":"search_term_string"}}],"inLanguage":"de"},{"@type":"Organization","@id":"https:\/\/denizcankizil.tr\/de\/#organization","name":"Av. Deniz Can K\u0131z\u0131l","url":"https:\/\/denizcankizil.tr\/de\/","logo":{"@type":"ImageObject","inLanguage":"de","@id":"https:\/\/denizcankizil.tr\/de\/#\/schema\/logo\/image\/","url":"https:\/\/denizcankizil.tr\/wp-content\/uploads\/2024\/10\/siyah-logo-svg.svg","contentUrl":"https:\/\/denizcankizil.tr\/wp-content\/uploads\/2024\/10\/siyah-logo-svg.svg","width":1080,"height":1080,"caption":"Av. Deniz Can K\u0131z\u0131l"},"image":{"@id":"https:\/\/denizcankizil.tr\/de\/#\/schema\/logo\/image\/"}},{"@type":"Person","@id":"https:\/\/denizcankizil.tr\/de\/#\/schema\/person\/5dc1b22991bd7ac833867c10afc9b0ff","name":"Av. Deniz Can K\u0131z\u0131l","image":{"@type":"ImageObject","inLanguage":"de","@id":"https:\/\/denizcankizil.tr\/de\/#\/schema\/person\/image\/","url":"https:\/\/secure.gravatar.com\/avatar\/a0b128fb9855c79efc976d5640eedb31dc35ec297594d6016d2cf7c60e975bb6?s=96&d=mm&r=g","contentUrl":"https:\/\/secure.gravatar.com\/avatar\/a0b128fb9855c79efc976d5640eedb31dc35ec297594d6016d2cf7c60e975bb6?s=96&d=mm&r=g","caption":"Av. Deniz Can K\u0131z\u0131l"},"sameAs":["http:\/\/www.denizcankizil.tr"],"url":"https:\/\/denizcankizil.tr\/de\/author\/denizcankizil\/"}]}},"_links":{"self":[{"href":"https:\/\/denizcankizil.tr\/de\/wp-json\/wp\/v2\/posts\/86385","targetHints":{"allow":["GET"]}}],"collection":[{"href":"https:\/\/denizcankizil.tr\/de\/wp-json\/wp\/v2\/posts"}],"about":[{"href":"https:\/\/denizcankizil.tr\/de\/wp-json\/wp\/v2\/types\/post"}],"author":[{"embeddable":true,"href":"https:\/\/denizcankizil.tr\/de\/wp-json\/wp\/v2\/users\/4"}],"replies":[{"embeddable":true,"href":"https:\/\/denizcankizil.tr\/de\/wp-json\/wp\/v2\/comments?post=86385"}],"version-history":[{"count":0,"href":"https:\/\/denizcankizil.tr\/de\/wp-json\/wp\/v2\/posts\/86385\/revisions"}],"wp:featuredmedia":[{"embeddable":true,"href":"https:\/\/denizcankizil.tr\/de\/wp-json\/wp\/v2\/media\/86386"}],"wp:attachment":[{"href":"https:\/\/denizcankizil.tr\/de\/wp-json\/wp\/v2\/media?parent=86385"}],"wp:term":[{"taxonomy":"category","embeddable":true,"href":"https:\/\/denizcankizil.tr\/de\/wp-json\/wp\/v2\/categories?post=86385"},{"taxonomy":"post_tag","embeddable":true,"href":"https:\/\/denizcankizil.tr\/de\/wp-json\/wp\/v2\/tags?post=86385"}],"curies":[{"name":"wp","href":"https:\/\/api.w.org\/{rel}","templated":true}]}}