{"id":86291,"date":"2025-05-14T14:41:17","date_gmt":"2025-05-14T11:41:17","guid":{"rendered":"https:\/\/denizcankizil.tr\/uncategorized-tr\/ykked-genel-kurulu-izmirde-yapildi-antalyadan-birsen-atmaca-mykda\/"},"modified":"2025-05-14T14:41:17","modified_gmt":"2025-05-14T11:41:17","slug":"ykked-genel-kurulu-izmirde-yapildi-antalyadan-birsen-atmaca-mykda","status":"publish","type":"post","link":"https:\/\/denizcankizil.tr\/de\/haberler\/gundem\/ykked-genel-kurulu-izmirde-yapildi-antalyadan-birsen-atmaca-mykda\/","title":{"rendered":"YKKED Genel Kurulu \u0130zmir&#8217;de yap\u0131ld\u0131: Antalya&#8217;dan Birsen Atmaca MYK&#8217;da"},"content":{"rendered":"<p>Yeni Ku\u015fak K\u00f6y Enstit\u00fcler Derne\u011fi&#8217;nin (YKKED), demokratik kat\u0131l\u0131mc\u0131 yap\u0131s\u0131n\u0131 bir kez daha ortaya koyarak 10 May\u0131s 2025 tarihinde \u0130zmir&#8217;de genel kurul toplant\u0131s\u0131n\u0131 ger\u00e7ekle\u015ftirdi. Genel Ba\u015fkanl\u0131\u011fa Prof. Dr. Ethem Duygulu se\u00e7ilirken, Merkez Y\u00f6netme Kurulu&#8217;na (MYK) E\u011fitilmi\u015f Antalya \u015eube y\u00f6neticisi ve 2 Nolu \u015eube&#8217;nin kurucu ba\u015fkan\u0131 Birsen Atmaca getirildi.<\/p>\n<p>B\u0130RSEN ATMACA MYK&#8217;DA \u00d6NEML\u0130 B\u0130R G\u00d6REV \u00dcSTLEND\u0130<\/p>\n<p>\u00d6rg\u00fctsel m\u00fccadelenin i\u00e7erisinde uzun y\u0131llard\u0131r aktif rol alan Atmaca, yeni d\u00f6nemde YKKED MYK&#8217;da siyasi partilerden, sendikalardan ve sivil toplum kurulu\u015flar\u0131ndan sorumlu \u00fcye olarak g\u00f6rev yapacak.<\/p>\n<p>&#8220;AYDINLANMACI BAYRA\u011eI DAHA DA YUKARI TA\u015eIYACA\u011eIZ&#8221;<\/p>\n<p>G\u00f6reve ili\u015fkin a\u00e7\u0131klama yapan Atmaca, \u015fu ifadelere yer verdi:<\/p>\n<p>&#8220;Kitaplar\u0131m\u0131zla, dergimizle, s\u00f6yle\u015fi, konferans, sanatsal, k\u00fclt\u00fcrel ve sportif etkinliklerimizle g\u00fcndemde kalmaya; \u00e7a\u011fda\u015f yorumla \u00fcretim odakl\u0131 okulla\u015fma yolunda projeler geli\u015ftirmeye devam edece\u011fiz. \u0130mece k\u00fclt\u00fcr\u00fcm\u00fczle, K\u00f6y Enstit\u00fcleri\u2019nin ayd\u0131nlanmac\u0131 bayra\u011f\u0131n\u0131 daha y\u00fckse\u011fe ta\u015f\u0131mak i\u00e7in bir araday\u0131z. Yeni d\u00f6nemde daha da g\u00fc\u00e7lenerek yolumuza devam edece\u011fiz.\u201d<\/p>\n<p>YEN\u0130 PROJELER YOLDA<\/p>\n<p>Yeni y\u00f6netimle birlikte YKKED&#8217;in, K\u00f6y Enstit\u00fcleri&#8217;nin miras\u0131n\u0131 ya\u015fatmak, \u00e7a\u011fda\u015f e\u011fitim anlay\u0131\u015f\u0131n\u0131 yayg\u0131nla\u015ft\u0131rmak ve \u00fcretim odakl\u0131 e\u011fitim modellerini desteklemek ad\u0131na yeni projeler hayata ge\u00e7irmesi bekleniyor. E\u011fitimde ayd\u0131nlanman\u0131n ve toplumsal kalk\u0131nman\u0131n simgesi olan K\u00f6y Enstit\u00fcleri ruhu, dernek \u00e7at\u0131s\u0131 alt\u0131nda ya\u015fat\u0131lmaya devam ediyor.<\/p>\n<p>\u200bYeni Ku\u015fak K\u00f6y Enstit\u00fcler Derne\u011fi&#8217;nin (YKKED) Genel Kurulu&#8217;nda Prof. Dr. Ethem Duygulu genel ba\u015fkanl\u0131\u011f\u0131na se\u00e7ildi. Antalya&#8217;dan Birsen Atmaca ise Merkez Y\u00f6netme Kurulu&#8217;nda (MYK) yer ald\u0131.\u00a0<\/p>\n<p>\u200bHaberin Al\u0131nt\u0131land\u0131\u011f\u0131 Kaynak: www.antalyakorfez.com<\/p>","protected":false},"excerpt":{"rendered":"<p>Yeni Ku\u015fak K\u00f6y Enstit\u00fcler Derne\u011fi&#8217;nin (YKKED), demokratik kat\u0131l\u0131mc\u0131 yap\u0131s\u0131n\u0131 bir kez daha ortaya koyarak 10 May\u0131s 2025 tarihinde \u0130zmir&#8217;de genel kurul toplant\u0131s\u0131n\u0131 ger\u00e7ekle\u015ftirdi. Genel Ba\u015fkanl\u0131\u011fa Prof. Dr. Ethem Duygulu se\u00e7ilirken, Merkez Y\u00f6netme Kurulu&#8217;na (MYK) E\u011fitilmi\u015f Antalya \u015eube y\u00f6neticisi ve 2 Nolu \u015eube&#8217;nin kurucu ba\u015fkan\u0131 Birsen Atmaca getirildi. B\u0130RSEN ATMACA MYK&#8217;DA \u00d6NEML\u0130 B\u0130R G\u00d6REV \u00dcSTLEND\u0130 \u00d6rg\u00fctsel m\u00fccadelenin i\u00e7erisinde uzun y\u0131llard\u0131r aktif rol alan Atmaca, yeni d\u00f6nemde YKKED MYK&#8217;da siyasi partilerden, sendikalardan ve sivil toplum kurulu\u015flar\u0131ndan sorumlu \u00fcye olarak g\u00f6rev yapacak. &#8220;AYDINLANMACI BAYRA\u011eI DAHA DA YUKARI TA\u015eIYACA\u011eIZ&#8221; G\u00f6reve ili\u015fkin a\u00e7\u0131klama yapan Atmaca, \u015fu ifadelere yer verdi: &#8220;Kitaplar\u0131m\u0131zla, dergimizle, s\u00f6yle\u015fi, konferans, sanatsal, k\u00fclt\u00fcrel ve sportif etkinliklerimizle g\u00fcndemde kalmaya; \u00e7a\u011fda\u015f yorumla \u00fcretim odakl\u0131 okulla\u015fma yolunda projeler geli\u015ftirmeye devam edece\u011fiz. \u0130mece k\u00fclt\u00fcr\u00fcm\u00fczle, K\u00f6y Enstit\u00fcleri\u2019nin ayd\u0131nlanmac\u0131 bayra\u011f\u0131n\u0131 daha y\u00fckse\u011fe ta\u015f\u0131mak i\u00e7in bir araday\u0131z. Yeni d\u00f6nemde daha da g\u00fc\u00e7lenerek yolumuza devam edece\u011fiz.\u201d YEN\u0130 PROJELER YOLDA Yeni y\u00f6netimle birlikte YKKED&#8217;in, K\u00f6y Enstit\u00fcleri&#8217;nin miras\u0131n\u0131 ya\u015fatmak, \u00e7a\u011fda\u015f e\u011fitim anlay\u0131\u015f\u0131n\u0131 yayg\u0131nla\u015ft\u0131rmak ve \u00fcretim odakl\u0131 e\u011fitim modellerini desteklemek ad\u0131na yeni projeler hayata ge\u00e7irmesi bekleniyor. E\u011fitimde ayd\u0131nlanman\u0131n ve toplumsal kalk\u0131nman\u0131n simgesi olan K\u00f6y Enstit\u00fcleri ruhu, dernek \u00e7at\u0131s\u0131 alt\u0131nda ya\u015fat\u0131lmaya devam ediyor. \u200bYeni Ku\u015fak K\u00f6y Enstit\u00fcler Derne\u011fi&#8217;nin (YKKED) Genel Kurulu&#8217;nda Prof. Dr. Ethem Duygulu genel ba\u015fkanl\u0131\u011f\u0131na se\u00e7ildi. Antalya&#8217;dan Birsen Atmaca ise Merkez Y\u00f6netme Kurulu&#8217;nda &hellip;<\/p>","protected":false},"author":5,"featured_media":0,"comment_status":"","ping_status":"open","sticky":false,"template":"","format":"standard","meta":{"_acf_changed":false,"footnotes":""},"categories":[24],"tags":[],"class_list":["post-86291","post","type-post","status-publish","format-standard","has-post-thumbnail","hentry","category-gundem"],"acf":[],"yoast_head":"<!-- This site is optimized with the Yoast SEO Premium plugin v26.6 (Yoast SEO v27.1.1) - https:\/\/yoast.com\/product\/yoast-seo-premium-wordpress\/ -->\n<title>YKKED Genel Kurulu \u0130zmir&#039;de yap\u0131ld\u0131: Antalya&#039;dan Birsen Atmaca MYK&#039;da - Av. Deniz Can K\u0131z\u0131l<\/title>\n<meta name=\"robots\" content=\"index, follow, max-snippet:-1, max-image-preview:large, max-video-preview:-1\" \/>\n<link rel=\"canonical\" href=\"https:\/\/denizcankizil.tr\/de\/haberler\/gundem\/ykked-genel-kurulu-izmirde-yapildi-antalyadan-birsen-atmaca-mykda\/\" \/>\n<meta property=\"og:locale\" content=\"de_DE\" \/>\n<meta property=\"og:type\" content=\"article\" \/>\n<meta property=\"og:title\" content=\"YKKED Genel Kurulu \u0130zmir&#039;de yap\u0131ld\u0131: Antalya&#039;dan Birsen Atmaca MYK&#039;da\" \/>\n<meta property=\"og:description\" content=\"Yeni Ku\u015fak K\u00f6y Enstit\u00fcler Derne\u011fi&#8217;nin (YKKED), demokratik kat\u0131l\u0131mc\u0131 yap\u0131s\u0131n\u0131 bir kez daha ortaya koyarak 10 May\u0131s 2025 tarihinde \u0130zmir&#8217;de genel kurul toplant\u0131s\u0131n\u0131 ger\u00e7ekle\u015ftirdi. Genel Ba\u015fkanl\u0131\u011fa Prof. Dr. Ethem Duygulu se\u00e7ilirken, Merkez Y\u00f6netme Kurulu&#8217;na (MYK) E\u011fitilmi\u015f Antalya \u015eube y\u00f6neticisi ve 2 Nolu \u015eube&#8217;nin kurucu ba\u015fkan\u0131 Birsen Atmaca getirildi. B\u0130RSEN ATMACA MYK&#8217;DA \u00d6NEML\u0130 B\u0130R G\u00d6REV \u00dcSTLEND\u0130 \u00d6rg\u00fctsel m\u00fccadelenin i\u00e7erisinde uzun y\u0131llard\u0131r aktif rol alan Atmaca, yeni d\u00f6nemde YKKED MYK&#8217;da siyasi partilerden, sendikalardan ve sivil toplum kurulu\u015flar\u0131ndan sorumlu \u00fcye olarak g\u00f6rev yapacak. &#8220;AYDINLANMACI BAYRA\u011eI DAHA DA YUKARI TA\u015eIYACA\u011eIZ&#8221; G\u00f6reve ili\u015fkin a\u00e7\u0131klama yapan Atmaca, \u015fu ifadelere yer verdi: &#8220;Kitaplar\u0131m\u0131zla, dergimizle, s\u00f6yle\u015fi, konferans, sanatsal, k\u00fclt\u00fcrel ve sportif etkinliklerimizle g\u00fcndemde kalmaya; \u00e7a\u011fda\u015f yorumla \u00fcretim odakl\u0131 okulla\u015fma yolunda projeler geli\u015ftirmeye devam edece\u011fiz. \u0130mece k\u00fclt\u00fcr\u00fcm\u00fczle, K\u00f6y Enstit\u00fcleri\u2019nin ayd\u0131nlanmac\u0131 bayra\u011f\u0131n\u0131 daha y\u00fckse\u011fe ta\u015f\u0131mak i\u00e7in bir araday\u0131z. Yeni d\u00f6nemde daha da g\u00fc\u00e7lenerek yolumuza devam edece\u011fiz.\u201d YEN\u0130 PROJELER YOLDA Yeni y\u00f6netimle birlikte YKKED&#8217;in, K\u00f6y Enstit\u00fcleri&#8217;nin miras\u0131n\u0131 ya\u015fatmak, \u00e7a\u011fda\u015f e\u011fitim anlay\u0131\u015f\u0131n\u0131 yayg\u0131nla\u015ft\u0131rmak ve \u00fcretim odakl\u0131 e\u011fitim modellerini desteklemek ad\u0131na yeni projeler hayata ge\u00e7irmesi bekleniyor. E\u011fitimde ayd\u0131nlanman\u0131n ve toplumsal kalk\u0131nman\u0131n simgesi olan K\u00f6y Enstit\u00fcleri ruhu, dernek \u00e7at\u0131s\u0131 alt\u0131nda ya\u015fat\u0131lmaya devam ediyor. \u200bYeni Ku\u015fak K\u00f6y Enstit\u00fcler Derne\u011fi&#8217;nin (YKKED) Genel Kurulu&#8217;nda Prof. Dr. Ethem Duygulu genel ba\u015fkanl\u0131\u011f\u0131na se\u00e7ildi. Antalya&#8217;dan Birsen Atmaca ise Merkez Y\u00f6netme Kurulu&#8217;nda &hellip;\" \/>\n<meta property=\"og:url\" content=\"https:\/\/denizcankizil.tr\/de\/haberler\/gundem\/ykked-genel-kurulu-izmirde-yapildi-antalyadan-birsen-atmaca-mykda\/\" \/>\n<meta property=\"og:site_name\" content=\"Av. Deniz Can K\u0131z\u0131l\" \/>\n<meta property=\"article:published_time\" content=\"2025-05-14T11:41:17+00:00\" \/>\n<meta name=\"author\" content=\"Antalya K\u00f6rfez\" \/>\n<meta name=\"twitter:card\" content=\"summary_large_image\" \/>\n<meta name=\"twitter:label1\" content=\"Verfasst von\" \/>\n\t<meta name=\"twitter:data1\" content=\"Antalya K\u00f6rfez\" \/>\n\t<meta name=\"twitter:label2\" content=\"Gesch\u00e4tzte Lesezeit\" \/>\n\t<meta name=\"twitter:data2\" content=\"2\u00a0Minuten\" \/>\n<script type=\"application\/ld+json\" class=\"yoast-schema-graph\">{\"@context\":\"https:\/\/schema.org\",\"@graph\":[{\"@type\":\"Article\",\"@id\":\"https:\/\/denizcankizil.tr\/de\/haberler\/gundem\/ykked-genel-kurulu-izmirde-yapildi-antalyadan-birsen-atmaca-mykda\/#article\",\"isPartOf\":{\"@id\":\"https:\/\/denizcankizil.tr\/de\/haberler\/gundem\/ykked-genel-kurulu-izmirde-yapildi-antalyadan-birsen-atmaca-mykda\/\"},\"author\":{\"name\":\"Antalya K\u00f6rfez\",\"@id\":\"https:\/\/denizcankizil.tr\/de\/#\/schema\/person\/e1eb71bb4dd684d46563f0af307e1234\"},\"headline\":\"YKKED Genel Kurulu \u0130zmir&#8217;de yap\u0131ld\u0131: Antalya&#8217;dan Birsen Atmaca MYK&#8217;da\",\"datePublished\":\"2025-05-14T11:41:17+00:00\",\"mainEntityOfPage\":{\"@id\":\"https:\/\/denizcankizil.tr\/de\/haberler\/gundem\/ykked-genel-kurulu-izmirde-yapildi-antalyadan-birsen-atmaca-mykda\/\"},\"wordCount\":332,\"publisher\":{\"@id\":\"https:\/\/denizcankizil.tr\/de\/#organization\"},\"articleSection\":[\"G\u00fcndem\"],\"inLanguage\":\"de\"},{\"@type\":\"WebPage\",\"@id\":\"https:\/\/denizcankizil.tr\/de\/haberler\/gundem\/ykked-genel-kurulu-izmirde-yapildi-antalyadan-birsen-atmaca-mykda\/\",\"url\":\"https:\/\/denizcankizil.tr\/de\/haberler\/gundem\/ykked-genel-kurulu-izmirde-yapildi-antalyadan-birsen-atmaca-mykda\/\",\"name\":\"YKKED Genel Kurulu \u0130zmir'de yap\u0131ld\u0131: Antalya'dan Birsen Atmaca MYK'da - Av. Deniz Can K\u0131z\u0131l\",\"isPartOf\":{\"@id\":\"https:\/\/denizcankizil.tr\/de\/#website\"},\"datePublished\":\"2025-05-14T11:41:17+00:00\",\"breadcrumb\":{\"@id\":\"https:\/\/denizcankizil.tr\/de\/haberler\/gundem\/ykked-genel-kurulu-izmirde-yapildi-antalyadan-birsen-atmaca-mykda\/#breadcrumb\"},\"inLanguage\":\"de\",\"potentialAction\":[{\"@type\":\"ReadAction\",\"target\":[\"https:\/\/denizcankizil.tr\/de\/haberler\/gundem\/ykked-genel-kurulu-izmirde-yapildi-antalyadan-birsen-atmaca-mykda\/\"]}]},{\"@type\":\"BreadcrumbList\",\"@id\":\"https:\/\/denizcankizil.tr\/de\/haberler\/gundem\/ykked-genel-kurulu-izmirde-yapildi-antalyadan-birsen-atmaca-mykda\/#breadcrumb\",\"itemListElement\":[{\"@type\":\"ListItem\",\"position\":1,\"name\":\"Home\",\"item\":\"https:\/\/denizcankizil.tr\/de\/\"},{\"@type\":\"ListItem\",\"position\":2,\"name\":\"YKKED Genel Kurulu \u0130zmir&#8217;de yap\u0131ld\u0131: Antalya&#8217;dan Birsen Atmaca MYK&#8217;da\"}]},{\"@type\":\"WebSite\",\"@id\":\"https:\/\/denizcankizil.tr\/de\/#website\",\"url\":\"https:\/\/denizcankizil.tr\/de\/\",\"name\":\"Av. Deniz Can K\u0131z\u0131l\",\"description\":\"Avukat Deniz Can K\u0131z\u0131l Antalya Barosu\",\"publisher\":{\"@id\":\"https:\/\/denizcankizil.tr\/de\/#organization\"},\"potentialAction\":[{\"@type\":\"SearchAction\",\"target\":{\"@type\":\"EntryPoint\",\"urlTemplate\":\"https:\/\/denizcankizil.tr\/de\/?s={search_term_string}\"},\"query-input\":{\"@type\":\"PropertyValueSpecification\",\"valueRequired\":true,\"valueName\":\"search_term_string\"}}],\"inLanguage\":\"de\"},{\"@type\":\"Organization\",\"@id\":\"https:\/\/denizcankizil.tr\/de\/#organization\",\"name\":\"Av. Deniz Can K\u0131z\u0131l\",\"url\":\"https:\/\/denizcankizil.tr\/de\/\",\"logo\":{\"@type\":\"ImageObject\",\"inLanguage\":\"de\",\"@id\":\"https:\/\/denizcankizil.tr\/de\/#\/schema\/logo\/image\/\",\"url\":\"https:\/\/denizcankizil.tr\/wp-content\/uploads\/2024\/10\/siyah-logo-svg.svg\",\"contentUrl\":\"https:\/\/denizcankizil.tr\/wp-content\/uploads\/2024\/10\/siyah-logo-svg.svg\",\"width\":1080,\"height\":1080,\"caption\":\"Av. Deniz Can K\u0131z\u0131l\"},\"image\":{\"@id\":\"https:\/\/denizcankizil.tr\/de\/#\/schema\/logo\/image\/\"}},{\"@type\":\"Person\",\"@id\":\"https:\/\/denizcankizil.tr\/de\/#\/schema\/person\/e1eb71bb4dd684d46563f0af307e1234\",\"name\":\"Antalya K\u00f6rfez\",\"image\":{\"@type\":\"ImageObject\",\"inLanguage\":\"de\",\"@id\":\"https:\/\/denizcankizil.tr\/de\/#\/schema\/person\/image\/\",\"url\":\"https:\/\/secure.gravatar.com\/avatar\/42b01982558a48a0b501fdcab6a408d3717ea5919095ee2e67b0e521799c5905?s=96&d=mm&r=g\",\"contentUrl\":\"https:\/\/secure.gravatar.com\/avatar\/42b01982558a48a0b501fdcab6a408d3717ea5919095ee2e67b0e521799c5905?s=96&d=mm&r=g\",\"caption\":\"Antalya K\u00f6rfez\"},\"sameAs\":[\"http:\/\/www.antalyakorfez.com\"],\"url\":\"https:\/\/www.antalyakorfez.com\/ykked-genel-kurulu-izmirde-yapildi-antalyadan-birsen-atmaca-mykda\"}]}<\/script>\n<!-- \/ Yoast SEO Premium plugin. -->","yoast_head_json":{"title":"YKKED Genel Kurulu \u0130zmir'de yap\u0131ld\u0131: Antalya'dan Birsen Atmaca MYK'da - Av. Deniz Can K\u0131z\u0131l","robots":{"index":"index","follow":"follow","max-snippet":"max-snippet:-1","max-image-preview":"max-image-preview:large","max-video-preview":"max-video-preview:-1"},"canonical":"https:\/\/denizcankizil.tr\/de\/haberler\/gundem\/ykked-genel-kurulu-izmirde-yapildi-antalyadan-birsen-atmaca-mykda\/","og_locale":"de_DE","og_type":"article","og_title":"YKKED Genel Kurulu \u0130zmir'de yap\u0131ld\u0131: Antalya'dan Birsen Atmaca MYK'da","og_description":"Yeni Ku\u015fak K\u00f6y Enstit\u00fcler Derne\u011fi&#8217;nin (YKKED), demokratik kat\u0131l\u0131mc\u0131 yap\u0131s\u0131n\u0131 bir kez daha ortaya koyarak 10 May\u0131s 2025 tarihinde \u0130zmir&#8217;de genel kurul toplant\u0131s\u0131n\u0131 ger\u00e7ekle\u015ftirdi. Genel Ba\u015fkanl\u0131\u011fa Prof. Dr. Ethem Duygulu se\u00e7ilirken, Merkez Y\u00f6netme Kurulu&#8217;na (MYK) E\u011fitilmi\u015f Antalya \u015eube y\u00f6neticisi ve 2 Nolu \u015eube&#8217;nin kurucu ba\u015fkan\u0131 Birsen Atmaca getirildi. B\u0130RSEN ATMACA MYK&#8217;DA \u00d6NEML\u0130 B\u0130R G\u00d6REV \u00dcSTLEND\u0130 \u00d6rg\u00fctsel m\u00fccadelenin i\u00e7erisinde uzun y\u0131llard\u0131r aktif rol alan Atmaca, yeni d\u00f6nemde YKKED MYK&#8217;da siyasi partilerden, sendikalardan ve sivil toplum kurulu\u015flar\u0131ndan sorumlu \u00fcye olarak g\u00f6rev yapacak. &#8220;AYDINLANMACI BAYRA\u011eI DAHA DA YUKARI TA\u015eIYACA\u011eIZ&#8221; G\u00f6reve ili\u015fkin a\u00e7\u0131klama yapan Atmaca, \u015fu ifadelere yer verdi: &#8220;Kitaplar\u0131m\u0131zla, dergimizle, s\u00f6yle\u015fi, konferans, sanatsal, k\u00fclt\u00fcrel ve sportif etkinliklerimizle g\u00fcndemde kalmaya; \u00e7a\u011fda\u015f yorumla \u00fcretim odakl\u0131 okulla\u015fma yolunda projeler geli\u015ftirmeye devam edece\u011fiz. \u0130mece k\u00fclt\u00fcr\u00fcm\u00fczle, K\u00f6y Enstit\u00fcleri\u2019nin ayd\u0131nlanmac\u0131 bayra\u011f\u0131n\u0131 daha y\u00fckse\u011fe ta\u015f\u0131mak i\u00e7in bir araday\u0131z. Yeni d\u00f6nemde daha da g\u00fc\u00e7lenerek yolumuza devam edece\u011fiz.\u201d YEN\u0130 PROJELER YOLDA Yeni y\u00f6netimle birlikte YKKED&#8217;in, K\u00f6y Enstit\u00fcleri&#8217;nin miras\u0131n\u0131 ya\u015fatmak, \u00e7a\u011fda\u015f e\u011fitim anlay\u0131\u015f\u0131n\u0131 yayg\u0131nla\u015ft\u0131rmak ve \u00fcretim odakl\u0131 e\u011fitim modellerini desteklemek ad\u0131na yeni projeler hayata ge\u00e7irmesi bekleniyor. E\u011fitimde ayd\u0131nlanman\u0131n ve toplumsal kalk\u0131nman\u0131n simgesi olan K\u00f6y Enstit\u00fcleri ruhu, dernek \u00e7at\u0131s\u0131 alt\u0131nda ya\u015fat\u0131lmaya devam ediyor. \u200bYeni Ku\u015fak K\u00f6y Enstit\u00fcler Derne\u011fi&#8217;nin (YKKED) Genel Kurulu&#8217;nda Prof. Dr. Ethem Duygulu genel ba\u015fkanl\u0131\u011f\u0131na se\u00e7ildi. Antalya&#8217;dan Birsen Atmaca ise Merkez Y\u00f6netme Kurulu&#8217;nda &hellip;","og_url":"https:\/\/denizcankizil.tr\/de\/haberler\/gundem\/ykked-genel-kurulu-izmirde-yapildi-antalyadan-birsen-atmaca-mykda\/","og_site_name":"Av. Deniz Can K\u0131z\u0131l","article_published_time":"2025-05-14T11:41:17+00:00","author":"Antalya K\u00f6rfez","twitter_card":"summary_large_image","twitter_misc":{"Verfasst von":"Antalya K\u00f6rfez","Gesch\u00e4tzte Lesezeit":"2\u00a0Minuten"},"schema":{"@context":"https:\/\/schema.org","@graph":[{"@type":"Article","@id":"https:\/\/denizcankizil.tr\/de\/haberler\/gundem\/ykked-genel-kurulu-izmirde-yapildi-antalyadan-birsen-atmaca-mykda\/#article","isPartOf":{"@id":"https:\/\/denizcankizil.tr\/de\/haberler\/gundem\/ykked-genel-kurulu-izmirde-yapildi-antalyadan-birsen-atmaca-mykda\/"},"author":{"name":"Antalya K\u00f6rfez","@id":"https:\/\/denizcankizil.tr\/de\/#\/schema\/person\/e1eb71bb4dd684d46563f0af307e1234"},"headline":"YKKED Genel Kurulu \u0130zmir&#8217;de yap\u0131ld\u0131: Antalya&#8217;dan Birsen Atmaca MYK&#8217;da","datePublished":"2025-05-14T11:41:17+00:00","mainEntityOfPage":{"@id":"https:\/\/denizcankizil.tr\/de\/haberler\/gundem\/ykked-genel-kurulu-izmirde-yapildi-antalyadan-birsen-atmaca-mykda\/"},"wordCount":332,"publisher":{"@id":"https:\/\/denizcankizil.tr\/de\/#organization"},"articleSection":["G\u00fcndem"],"inLanguage":"de"},{"@type":"WebPage","@id":"https:\/\/denizcankizil.tr\/de\/haberler\/gundem\/ykked-genel-kurulu-izmirde-yapildi-antalyadan-birsen-atmaca-mykda\/","url":"https:\/\/denizcankizil.tr\/de\/haberler\/gundem\/ykked-genel-kurulu-izmirde-yapildi-antalyadan-birsen-atmaca-mykda\/","name":"YKKED Genel Kurulu \u0130zmir'de yap\u0131ld\u0131: Antalya'dan Birsen Atmaca MYK'da - Av. Deniz Can K\u0131z\u0131l","isPartOf":{"@id":"https:\/\/denizcankizil.tr\/de\/#website"},"datePublished":"2025-05-14T11:41:17+00:00","breadcrumb":{"@id":"https:\/\/denizcankizil.tr\/de\/haberler\/gundem\/ykked-genel-kurulu-izmirde-yapildi-antalyadan-birsen-atmaca-mykda\/#breadcrumb"},"inLanguage":"de","potentialAction":[{"@type":"ReadAction","target":["https:\/\/denizcankizil.tr\/de\/haberler\/gundem\/ykked-genel-kurulu-izmirde-yapildi-antalyadan-birsen-atmaca-mykda\/"]}]},{"@type":"BreadcrumbList","@id":"https:\/\/denizcankizil.tr\/de\/haberler\/gundem\/ykked-genel-kurulu-izmirde-yapildi-antalyadan-birsen-atmaca-mykda\/#breadcrumb","itemListElement":[{"@type":"ListItem","position":1,"name":"Home","item":"https:\/\/denizcankizil.tr\/de\/"},{"@type":"ListItem","position":2,"name":"YKKED Genel Kurulu \u0130zmir&#8217;de yap\u0131ld\u0131: Antalya&#8217;dan Birsen Atmaca MYK&#8217;da"}]},{"@type":"WebSite","@id":"https:\/\/denizcankizil.tr\/de\/#website","url":"https:\/\/denizcankizil.tr\/de\/","name":"Av. Deniz Can K\u0131z\u0131l","description":"Avukat Deniz Can K\u0131z\u0131l Antalya Barosu","publisher":{"@id":"https:\/\/denizcankizil.tr\/de\/#organization"},"potentialAction":[{"@type":"SearchAction","target":{"@type":"EntryPoint","urlTemplate":"https:\/\/denizcankizil.tr\/de\/?s={search_term_string}"},"query-input":{"@type":"PropertyValueSpecification","valueRequired":true,"valueName":"search_term_string"}}],"inLanguage":"de"},{"@type":"Organization","@id":"https:\/\/denizcankizil.tr\/de\/#organization","name":"Av. Deniz Can K\u0131z\u0131l","url":"https:\/\/denizcankizil.tr\/de\/","logo":{"@type":"ImageObject","inLanguage":"de","@id":"https:\/\/denizcankizil.tr\/de\/#\/schema\/logo\/image\/","url":"https:\/\/denizcankizil.tr\/wp-content\/uploads\/2024\/10\/siyah-logo-svg.svg","contentUrl":"https:\/\/denizcankizil.tr\/wp-content\/uploads\/2024\/10\/siyah-logo-svg.svg","width":1080,"height":1080,"caption":"Av. Deniz Can K\u0131z\u0131l"},"image":{"@id":"https:\/\/denizcankizil.tr\/de\/#\/schema\/logo\/image\/"}},{"@type":"Person","@id":"https:\/\/denizcankizil.tr\/de\/#\/schema\/person\/e1eb71bb4dd684d46563f0af307e1234","name":"Antalya K\u00f6rfez","image":{"@type":"ImageObject","inLanguage":"de","@id":"https:\/\/denizcankizil.tr\/de\/#\/schema\/person\/image\/","url":"https:\/\/secure.gravatar.com\/avatar\/42b01982558a48a0b501fdcab6a408d3717ea5919095ee2e67b0e521799c5905?s=96&d=mm&r=g","contentUrl":"https:\/\/secure.gravatar.com\/avatar\/42b01982558a48a0b501fdcab6a408d3717ea5919095ee2e67b0e521799c5905?s=96&d=mm&r=g","caption":"Antalya K\u00f6rfez"},"sameAs":["http:\/\/www.antalyakorfez.com"],"url":"https:\/\/www.antalyakorfez.com\/ykked-genel-kurulu-izmirde-yapildi-antalyadan-birsen-atmaca-mykda"}]}},"_links":{"self":[{"href":"https:\/\/denizcankizil.tr\/de\/wp-json\/wp\/v2\/posts\/86291","targetHints":{"allow":["GET"]}}],"collection":[{"href":"https:\/\/denizcankizil.tr\/de\/wp-json\/wp\/v2\/posts"}],"about":[{"href":"https:\/\/denizcankizil.tr\/de\/wp-json\/wp\/v2\/types\/post"}],"author":[{"embeddable":true,"href":"https:\/\/denizcankizil.tr\/de\/wp-json\/wp\/v2\/users\/5"}],"replies":[{"embeddable":true,"href":"https:\/\/denizcankizil.tr\/de\/wp-json\/wp\/v2\/comments?post=86291"}],"version-history":[{"count":0,"href":"https:\/\/denizcankizil.tr\/de\/wp-json\/wp\/v2\/posts\/86291\/revisions"}],"wp:attachment":[{"href":"https:\/\/denizcankizil.tr\/de\/wp-json\/wp\/v2\/media?parent=86291"}],"wp:term":[{"taxonomy":"category","embeddable":true,"href":"https:\/\/denizcankizil.tr\/de\/wp-json\/wp\/v2\/categories?post=86291"},{"taxonomy":"post_tag","embeddable":true,"href":"https:\/\/denizcankizil.tr\/de\/wp-json\/wp\/v2\/tags?post=86291"}],"curies":[{"name":"wp","href":"https:\/\/api.w.org\/{rel}","templated":true}]}}