{"id":85204,"date":"2025-05-13T13:42:59","date_gmt":"2025-05-13T10:42:59","guid":{"rendered":"https:\/\/denizcankizil.tr\/uncategorized-tr\/kirikhanda-is-makinesi-devrildi-1-kisi-yaralandi\/"},"modified":"2025-05-13T13:42:59","modified_gmt":"2025-05-13T10:42:59","slug":"kirikhanda-is-makinesi-devrildi-1-kisi-yaralandi","status":"publish","type":"post","link":"https:\/\/denizcankizil.tr\/de\/haberler\/gundem\/kirikhanda-is-makinesi-devrildi-1-kisi-yaralandi\/","title":{"rendered":"K\u0131r\u0131khan\u2019da \u0130\u015f Makinesi Devrildi: 1 Ki\u015fi Yaraland\u0131"},"content":{"rendered":"<p>Edinilen bilgilere g\u00f6re kaza, arazide \u00e7al\u0131\u015fma yapan i\u015f makinesinin devrilmesi sonucu meydana geldi. Olay\u0131n ard\u0131ndan b\u00f6lgeye h\u0131zla ula\u015fan HBB itfaiye daire Ba\u015fkanl\u0131\u011f\u0131 ekipleri, yaral\u0131 vatanda\u015f\u0131 titiz ve \u00f6zverili bir \u00e7al\u0131\u015fmayla kurtararak sa\u011fl\u0131k ekiplerine teslim etti. Yaral\u0131n\u0131n sa\u011fl\u0131k durumuna ili\u015fkin hen\u00fcz resmi bir a\u00e7\u0131klama yap\u0131lmad\u0131.<\/p>\n<p>Olay yerine intikal eden g\u00fcvenlik g\u00fc\u00e7leri taraf\u0131ndan gerekli emniyet tedbirleri al\u0131n\u0131rken, i\u015f kazayla ilgili inceleme ba\u015flat\u0131ld\u0131.<\/p>\n<p>\u200bHatay\u2019\u0131n K\u0131r\u0131khan il\u00e7esine ba\u011fl\u0131 Yalangoz Mahallesi\u2019nde meydana gelen i\u015f makinesi kazas\u0131nda bir vatanda\u015f yaraland\u0131.\u00a0<\/p>\n<p>\u200bHaberin Al\u0131nt\u0131land\u0131\u011f\u0131 Kaynak: www.iskenderun.org<\/p>","protected":false},"excerpt":{"rendered":"<p>Edinilen bilgilere g\u00f6re kaza, arazide \u00e7al\u0131\u015fma yapan i\u015f makinesinin devrilmesi sonucu meydana geldi. Olay\u0131n ard\u0131ndan b\u00f6lgeye h\u0131zla ula\u015fan HBB itfaiye daire Ba\u015fkanl\u0131\u011f\u0131 ekipleri, yaral\u0131 vatanda\u015f\u0131 titiz ve \u00f6zverili bir \u00e7al\u0131\u015fmayla kurtararak sa\u011fl\u0131k ekiplerine teslim etti. Yaral\u0131n\u0131n sa\u011fl\u0131k durumuna ili\u015fkin hen\u00fcz resmi bir a\u00e7\u0131klama yap\u0131lmad\u0131. Olay yerine intikal eden g\u00fcvenlik g\u00fc\u00e7leri taraf\u0131ndan gerekli emniyet tedbirleri al\u0131n\u0131rken, i\u015f kazayla ilgili inceleme ba\u015flat\u0131ld\u0131. \u200bHatay\u2019\u0131n K\u0131r\u0131khan il\u00e7esine ba\u011fl\u0131 Yalangoz Mahallesi\u2019nde meydana gelen i\u015f makinesi kazas\u0131nda bir vatanda\u015f yaraland\u0131.\u00a0 \u200bHaberin Al\u0131nt\u0131land\u0131\u011f\u0131 Kaynak: www.iskenderun.org<\/p>","protected":false},"author":1,"featured_media":0,"comment_status":"","ping_status":"open","sticky":false,"template":"","format":"standard","meta":{"_acf_changed":false,"footnotes":""},"categories":[24],"tags":[],"class_list":["post-85204","post","type-post","status-publish","format-standard","has-post-thumbnail","hentry","category-gundem"],"acf":[],"yoast_head":"<!-- This site is optimized with the Yoast SEO Premium plugin v26.6 (Yoast SEO v27.1.1) - https:\/\/yoast.com\/product\/yoast-seo-premium-wordpress\/ -->\n<title>K\u0131r\u0131khan\u2019da \u0130\u015f Makinesi Devrildi: 1 Ki\u015fi Yaraland\u0131 - Av. Deniz Can K\u0131z\u0131l<\/title>\n<meta name=\"robots\" content=\"index, follow, max-snippet:-1, max-image-preview:large, max-video-preview:-1\" \/>\n<link rel=\"canonical\" href=\"https:\/\/denizcankizil.tr\/de\/haberler\/gundem\/kirikhanda-is-makinesi-devrildi-1-kisi-yaralandi\/\" \/>\n<meta property=\"og:locale\" content=\"de_DE\" \/>\n<meta property=\"og:type\" content=\"article\" \/>\n<meta property=\"og:title\" content=\"K\u0131r\u0131khan\u2019da \u0130\u015f Makinesi Devrildi: 1 Ki\u015fi Yaraland\u0131\" \/>\n<meta property=\"og:description\" content=\"Edinilen bilgilere g\u00f6re kaza, arazide \u00e7al\u0131\u015fma yapan i\u015f makinesinin devrilmesi sonucu meydana geldi. Olay\u0131n ard\u0131ndan b\u00f6lgeye h\u0131zla ula\u015fan HBB itfaiye daire Ba\u015fkanl\u0131\u011f\u0131 ekipleri, yaral\u0131 vatanda\u015f\u0131 titiz ve \u00f6zverili bir \u00e7al\u0131\u015fmayla kurtararak sa\u011fl\u0131k ekiplerine teslim etti. Yaral\u0131n\u0131n sa\u011fl\u0131k durumuna ili\u015fkin hen\u00fcz resmi bir a\u00e7\u0131klama yap\u0131lmad\u0131. Olay yerine intikal eden g\u00fcvenlik g\u00fc\u00e7leri taraf\u0131ndan gerekli emniyet tedbirleri al\u0131n\u0131rken, i\u015f kazayla ilgili inceleme ba\u015flat\u0131ld\u0131. \u200bHatay\u2019\u0131n K\u0131r\u0131khan il\u00e7esine ba\u011fl\u0131 Yalangoz Mahallesi\u2019nde meydana gelen i\u015f makinesi kazas\u0131nda bir vatanda\u015f yaraland\u0131.\u00a0 \u200bHaberin Al\u0131nt\u0131land\u0131\u011f\u0131 Kaynak: www.iskenderun.org\" \/>\n<meta property=\"og:url\" content=\"https:\/\/denizcankizil.tr\/de\/haberler\/gundem\/kirikhanda-is-makinesi-devrildi-1-kisi-yaralandi\/\" \/>\n<meta property=\"og:site_name\" content=\"Av. Deniz Can K\u0131z\u0131l\" \/>\n<meta property=\"article:published_time\" content=\"2025-05-13T10:42:59+00:00\" \/>\n<meta name=\"author\" content=\"admin\" \/>\n<meta name=\"twitter:card\" content=\"summary_large_image\" \/>\n<meta name=\"twitter:label1\" content=\"Verfasst von\" \/>\n\t<meta name=\"twitter:data1\" content=\"admin\" \/>\n\t<meta name=\"twitter:label2\" content=\"Gesch\u00e4tzte Lesezeit\" \/>\n\t<meta name=\"twitter:data2\" content=\"1\u00a0Minute\" \/>\n<script type=\"application\/ld+json\" class=\"yoast-schema-graph\">{\"@context\":\"https:\/\/schema.org\",\"@graph\":[{\"@type\":\"Article\",\"@id\":\"https:\/\/denizcankizil.tr\/de\/haberler\/gundem\/kirikhanda-is-makinesi-devrildi-1-kisi-yaralandi\/#article\",\"isPartOf\":{\"@id\":\"https:\/\/denizcankizil.tr\/de\/haberler\/gundem\/kirikhanda-is-makinesi-devrildi-1-kisi-yaralandi\/\"},\"author\":{\"name\":\"admin\",\"@id\":\"https:\/\/denizcankizil.tr\/#\/schema\/person\/be3c05fe6a12686905512445d8185489\"},\"headline\":\"K\u0131r\u0131khan\u2019da \u0130\u015f Makinesi Devrildi: 1 Ki\u015fi Yaraland\u0131\",\"datePublished\":\"2025-05-13T10:42:59+00:00\",\"mainEntityOfPage\":{\"@id\":\"https:\/\/denizcankizil.tr\/de\/haberler\/gundem\/kirikhanda-is-makinesi-devrildi-1-kisi-yaralandi\/\"},\"wordCount\":124,\"publisher\":{\"@id\":\"https:\/\/denizcankizil.tr\/#organization\"},\"articleSection\":[\"G\u00fcndem\"],\"inLanguage\":\"de\"},{\"@type\":\"WebPage\",\"@id\":\"https:\/\/denizcankizil.tr\/de\/haberler\/gundem\/kirikhanda-is-makinesi-devrildi-1-kisi-yaralandi\/\",\"url\":\"https:\/\/denizcankizil.tr\/de\/haberler\/gundem\/kirikhanda-is-makinesi-devrildi-1-kisi-yaralandi\/\",\"name\":\"K\u0131r\u0131khan\u2019da \u0130\u015f Makinesi Devrildi: 1 Ki\u015fi Yaraland\u0131 - Av. Deniz Can K\u0131z\u0131l\",\"isPartOf\":{\"@id\":\"https:\/\/denizcankizil.tr\/#website\"},\"datePublished\":\"2025-05-13T10:42:59+00:00\",\"breadcrumb\":{\"@id\":\"https:\/\/denizcankizil.tr\/de\/haberler\/gundem\/kirikhanda-is-makinesi-devrildi-1-kisi-yaralandi\/#breadcrumb\"},\"inLanguage\":\"de\",\"potentialAction\":[{\"@type\":\"ReadAction\",\"target\":[\"https:\/\/denizcankizil.tr\/de\/haberler\/gundem\/kirikhanda-is-makinesi-devrildi-1-kisi-yaralandi\/\"]}]},{\"@type\":\"BreadcrumbList\",\"@id\":\"https:\/\/denizcankizil.tr\/de\/haberler\/gundem\/kirikhanda-is-makinesi-devrildi-1-kisi-yaralandi\/#breadcrumb\",\"itemListElement\":[{\"@type\":\"ListItem\",\"position\":1,\"name\":\"Home\",\"item\":\"https:\/\/denizcankizil.tr\/uk\/\"},{\"@type\":\"ListItem\",\"position\":2,\"name\":\"K\u0131r\u0131khan\u2019da \u0130\u015f Makinesi Devrildi: 1 Ki\u015fi Yaraland\u0131\"}]},{\"@type\":\"WebSite\",\"@id\":\"https:\/\/denizcankizil.tr\/#website\",\"url\":\"https:\/\/denizcankizil.tr\/\",\"name\":\"Av. Deniz Can K\u0131z\u0131l\",\"description\":\"Avukat Deniz Can K\u0131z\u0131l Antalya Barosu\",\"publisher\":{\"@id\":\"https:\/\/denizcankizil.tr\/#organization\"},\"potentialAction\":[{\"@type\":\"SearchAction\",\"target\":{\"@type\":\"EntryPoint\",\"urlTemplate\":\"https:\/\/denizcankizil.tr\/?s={search_term_string}\"},\"query-input\":{\"@type\":\"PropertyValueSpecification\",\"valueRequired\":true,\"valueName\":\"search_term_string\"}}],\"inLanguage\":\"de\"},{\"@type\":\"Organization\",\"@id\":\"https:\/\/denizcankizil.tr\/#organization\",\"name\":\"Av. Deniz Can K\u0131z\u0131l\",\"url\":\"https:\/\/denizcankizil.tr\/\",\"logo\":{\"@type\":\"ImageObject\",\"inLanguage\":\"de\",\"@id\":\"https:\/\/denizcankizil.tr\/#\/schema\/logo\/image\/\",\"url\":\"https:\/\/denizcankizil.tr\/wp-content\/uploads\/2024\/10\/siyah-logo-svg.svg\",\"contentUrl\":\"https:\/\/denizcankizil.tr\/wp-content\/uploads\/2024\/10\/siyah-logo-svg.svg\",\"width\":1080,\"height\":1080,\"caption\":\"Av. Deniz Can K\u0131z\u0131l\"},\"image\":{\"@id\":\"https:\/\/denizcankizil.tr\/#\/schema\/logo\/image\/\"}},{\"@type\":\"Person\",\"@id\":\"https:\/\/denizcankizil.tr\/#\/schema\/person\/be3c05fe6a12686905512445d8185489\",\"name\":\"admin\",\"image\":{\"@type\":\"ImageObject\",\"inLanguage\":\"de\",\"@id\":\"https:\/\/denizcankizil.tr\/#\/schema\/person\/image\/\",\"url\":\"https:\/\/secure.gravatar.com\/avatar\/c1fce94c830dc79107e174f890d7210541c4a63e8e5d816341794a2151c9d58c?s=96&d=mm&r=g\",\"contentUrl\":\"https:\/\/secure.gravatar.com\/avatar\/c1fce94c830dc79107e174f890d7210541c4a63e8e5d816341794a2151c9d58c?s=96&d=mm&r=g\",\"caption\":\"admin\"},\"sameAs\":[\"http:\/\/denizcankizil.tr\"],\"url\":\"https:\/\/www.iskenderun.org\/kirikhanda-is-makinesi-devrildi-1-kisi-yaralandi\"}]}<\/script>\n<!-- \/ Yoast SEO Premium plugin. -->","yoast_head_json":{"title":"K\u0131r\u0131khan\u2019da \u0130\u015f Makinesi Devrildi: 1 Ki\u015fi Yaraland\u0131 - Av. Deniz Can K\u0131z\u0131l","robots":{"index":"index","follow":"follow","max-snippet":"max-snippet:-1","max-image-preview":"max-image-preview:large","max-video-preview":"max-video-preview:-1"},"canonical":"https:\/\/denizcankizil.tr\/de\/haberler\/gundem\/kirikhanda-is-makinesi-devrildi-1-kisi-yaralandi\/","og_locale":"de_DE","og_type":"article","og_title":"K\u0131r\u0131khan\u2019da \u0130\u015f Makinesi Devrildi: 1 Ki\u015fi Yaraland\u0131","og_description":"Edinilen bilgilere g\u00f6re kaza, arazide \u00e7al\u0131\u015fma yapan i\u015f makinesinin devrilmesi sonucu meydana geldi. Olay\u0131n ard\u0131ndan b\u00f6lgeye h\u0131zla ula\u015fan HBB itfaiye daire Ba\u015fkanl\u0131\u011f\u0131 ekipleri, yaral\u0131 vatanda\u015f\u0131 titiz ve \u00f6zverili bir \u00e7al\u0131\u015fmayla kurtararak sa\u011fl\u0131k ekiplerine teslim etti. Yaral\u0131n\u0131n sa\u011fl\u0131k durumuna ili\u015fkin hen\u00fcz resmi bir a\u00e7\u0131klama yap\u0131lmad\u0131. Olay yerine intikal eden g\u00fcvenlik g\u00fc\u00e7leri taraf\u0131ndan gerekli emniyet tedbirleri al\u0131n\u0131rken, i\u015f kazayla ilgili inceleme ba\u015flat\u0131ld\u0131. \u200bHatay\u2019\u0131n K\u0131r\u0131khan il\u00e7esine ba\u011fl\u0131 Yalangoz Mahallesi\u2019nde meydana gelen i\u015f makinesi kazas\u0131nda bir vatanda\u015f yaraland\u0131.\u00a0 \u200bHaberin Al\u0131nt\u0131land\u0131\u011f\u0131 Kaynak: www.iskenderun.org","og_url":"https:\/\/denizcankizil.tr\/de\/haberler\/gundem\/kirikhanda-is-makinesi-devrildi-1-kisi-yaralandi\/","og_site_name":"Av. Deniz Can K\u0131z\u0131l","article_published_time":"2025-05-13T10:42:59+00:00","author":"admin","twitter_card":"summary_large_image","twitter_misc":{"Verfasst von":"admin","Gesch\u00e4tzte Lesezeit":"1\u00a0Minute"},"schema":{"@context":"https:\/\/schema.org","@graph":[{"@type":"Article","@id":"https:\/\/denizcankizil.tr\/de\/haberler\/gundem\/kirikhanda-is-makinesi-devrildi-1-kisi-yaralandi\/#article","isPartOf":{"@id":"https:\/\/denizcankizil.tr\/de\/haberler\/gundem\/kirikhanda-is-makinesi-devrildi-1-kisi-yaralandi\/"},"author":{"name":"admin","@id":"https:\/\/denizcankizil.tr\/#\/schema\/person\/be3c05fe6a12686905512445d8185489"},"headline":"K\u0131r\u0131khan\u2019da \u0130\u015f Makinesi Devrildi: 1 Ki\u015fi Yaraland\u0131","datePublished":"2025-05-13T10:42:59+00:00","mainEntityOfPage":{"@id":"https:\/\/denizcankizil.tr\/de\/haberler\/gundem\/kirikhanda-is-makinesi-devrildi-1-kisi-yaralandi\/"},"wordCount":124,"publisher":{"@id":"https:\/\/denizcankizil.tr\/#organization"},"articleSection":["G\u00fcndem"],"inLanguage":"de"},{"@type":"WebPage","@id":"https:\/\/denizcankizil.tr\/de\/haberler\/gundem\/kirikhanda-is-makinesi-devrildi-1-kisi-yaralandi\/","url":"https:\/\/denizcankizil.tr\/de\/haberler\/gundem\/kirikhanda-is-makinesi-devrildi-1-kisi-yaralandi\/","name":"K\u0131r\u0131khan\u2019da \u0130\u015f Makinesi Devrildi: 1 Ki\u015fi Yaraland\u0131 - Av. Deniz Can K\u0131z\u0131l","isPartOf":{"@id":"https:\/\/denizcankizil.tr\/#website"},"datePublished":"2025-05-13T10:42:59+00:00","breadcrumb":{"@id":"https:\/\/denizcankizil.tr\/de\/haberler\/gundem\/kirikhanda-is-makinesi-devrildi-1-kisi-yaralandi\/#breadcrumb"},"inLanguage":"de","potentialAction":[{"@type":"ReadAction","target":["https:\/\/denizcankizil.tr\/de\/haberler\/gundem\/kirikhanda-is-makinesi-devrildi-1-kisi-yaralandi\/"]}]},{"@type":"BreadcrumbList","@id":"https:\/\/denizcankizil.tr\/de\/haberler\/gundem\/kirikhanda-is-makinesi-devrildi-1-kisi-yaralandi\/#breadcrumb","itemListElement":[{"@type":"ListItem","position":1,"name":"Home","item":"https:\/\/denizcankizil.tr\/uk\/"},{"@type":"ListItem","position":2,"name":"K\u0131r\u0131khan\u2019da \u0130\u015f Makinesi Devrildi: 1 Ki\u015fi Yaraland\u0131"}]},{"@type":"WebSite","@id":"https:\/\/denizcankizil.tr\/#website","url":"https:\/\/denizcankizil.tr\/","name":"Av. Deniz Can K\u0131z\u0131l","description":"Avukat Deniz Can K\u0131z\u0131l Antalya Barosu","publisher":{"@id":"https:\/\/denizcankizil.tr\/#organization"},"potentialAction":[{"@type":"SearchAction","target":{"@type":"EntryPoint","urlTemplate":"https:\/\/denizcankizil.tr\/?s={search_term_string}"},"query-input":{"@type":"PropertyValueSpecification","valueRequired":true,"valueName":"search_term_string"}}],"inLanguage":"de"},{"@type":"Organization","@id":"https:\/\/denizcankizil.tr\/#organization","name":"Av. Deniz Can K\u0131z\u0131l","url":"https:\/\/denizcankizil.tr\/","logo":{"@type":"ImageObject","inLanguage":"de","@id":"https:\/\/denizcankizil.tr\/#\/schema\/logo\/image\/","url":"https:\/\/denizcankizil.tr\/wp-content\/uploads\/2024\/10\/siyah-logo-svg.svg","contentUrl":"https:\/\/denizcankizil.tr\/wp-content\/uploads\/2024\/10\/siyah-logo-svg.svg","width":1080,"height":1080,"caption":"Av. Deniz Can K\u0131z\u0131l"},"image":{"@id":"https:\/\/denizcankizil.tr\/#\/schema\/logo\/image\/"}},{"@type":"Person","@id":"https:\/\/denizcankizil.tr\/#\/schema\/person\/be3c05fe6a12686905512445d8185489","name":"Administrator","image":{"@type":"ImageObject","inLanguage":"de","@id":"https:\/\/denizcankizil.tr\/#\/schema\/person\/image\/","url":"https:\/\/secure.gravatar.com\/avatar\/c1fce94c830dc79107e174f890d7210541c4a63e8e5d816341794a2151c9d58c?s=96&d=mm&r=g","contentUrl":"https:\/\/secure.gravatar.com\/avatar\/c1fce94c830dc79107e174f890d7210541c4a63e8e5d816341794a2151c9d58c?s=96&d=mm&r=g","caption":"admin"},"sameAs":["http:\/\/denizcankizil.tr"],"url":"https:\/\/www.iskenderun.org\/kirikhanda-is-makinesi-devrildi-1-kisi-yaralandi"}]}},"_links":{"self":[{"href":"https:\/\/denizcankizil.tr\/de\/wp-json\/wp\/v2\/posts\/85204","targetHints":{"allow":["GET"]}}],"collection":[{"href":"https:\/\/denizcankizil.tr\/de\/wp-json\/wp\/v2\/posts"}],"about":[{"href":"https:\/\/denizcankizil.tr\/de\/wp-json\/wp\/v2\/types\/post"}],"author":[{"embeddable":true,"href":"https:\/\/denizcankizil.tr\/de\/wp-json\/wp\/v2\/users\/1"}],"replies":[{"embeddable":true,"href":"https:\/\/denizcankizil.tr\/de\/wp-json\/wp\/v2\/comments?post=85204"}],"version-history":[{"count":0,"href":"https:\/\/denizcankizil.tr\/de\/wp-json\/wp\/v2\/posts\/85204\/revisions"}],"wp:attachment":[{"href":"https:\/\/denizcankizil.tr\/de\/wp-json\/wp\/v2\/media?parent=85204"}],"wp:term":[{"taxonomy":"category","embeddable":true,"href":"https:\/\/denizcankizil.tr\/de\/wp-json\/wp\/v2\/categories?post=85204"},{"taxonomy":"post_tag","embeddable":true,"href":"https:\/\/denizcankizil.tr\/de\/wp-json\/wp\/v2\/tags?post=85204"}],"curies":[{"name":"wp","href":"https:\/\/api.w.org\/{rel}","templated":true}]}}