{"id":8498,"date":"2024-10-26T19:42:07","date_gmt":"2024-10-26T16:42:07","guid":{"rendered":"https:\/\/denizcankizil.tr\/uncategorized-tr\/uluslararasi-beden-egitimi-ve-spor-ogretmenligi-kongresi-bursada-yapildi\/"},"modified":"2024-10-26T19:42:07","modified_gmt":"2024-10-26T16:42:07","slug":"uluslararasi-beden-egitimi-ve-spor-ogretmenligi-kongresi-bursada-yapildi","status":"publish","type":"post","link":"https:\/\/denizcankizil.tr\/de\/haberler\/gundem\/uluslararasi-beden-egitimi-ve-spor-ogretmenligi-kongresi-bursada-yapildi\/","title":{"rendered":"Uluslararas\u0131 Beden E\u011fitimi ve Spor \u00d6\u011fretmenli\u011fi Kongresi Bursa&#8217;da yap\u0131ld\u0131"},"content":{"rendered":"<p>MEB Temel E\u011fitim Genel M\u00fcd\u00fcr\u00fc Ebubekir S\u0131dd\u0131k Sava\u015f\u00e7\u0131, 25-27 Ekim tarihlerinde Bursa Uluda\u011f \u00dcniversitesi ev sahipli\u011finde T\u00fcrkiye Beden E\u011fitimi \u00d6\u011fretmenleri Derne\u011fi (T\u00dcBED) i\u015f birli\u011fiyle d\u00fczenlenen 12. Uluslararas\u0131 Beden E\u011fitimi ve Spor \u00d6\u011fretmenli\u011fi Kongresi\u2019ne kat\u0131ld\u0131.BURSA (\u0130GFA) &#8211; MEB Temel E\u011fitim Genel M\u00fcd\u00fcr\u00fc Sava\u015f\u00e7\u0131, 12. Uluslararas\u0131 Beden E\u011fitimi ve Spor \u00d6\u011fretmenli\u011fi Kongresi\u2019ne Kat\u0131ld\u0131<br \/>\nKongrenin a\u00e7\u0131l\u0131\u015f\u0131na, MEB Temel E\u011fitim Genel M\u00fcd\u00fcr\u00fc Ebubekir S\u0131dd\u0131k Sava\u015f\u00e7\u0131, Bursa \u0130l Milli E\u011fitim M\u00fcd\u00fcr\u00fc Dr. Ahmet Alireiso\u011flu, Spor Bilimleri Fak\u00fcltesi Dekan\u0131 Prof. Dr. Ramiz Arabac\u0131, T\u00dcBED Ba\u015fkan\u0131 Dr. Hasan Kasap, ara\u015ft\u0131rmac\u0131lar ve \u00e7ok say\u0131da davetli kat\u0131ld\u0131.<br \/>\n&#8220;G\u00fcn\u00fcm\u00fcz T\u00fcrkiye\u2019sinde Beden E\u011fitimi ve Spor ve Gelecekteki Perspektifler&#8221; konulu a\u00e7\u0131l\u0131\u015f oturumunda konu\u015fan Sava\u015f\u00e7\u0131, \u00f6\u011frencileri hareketsizlikten kurtarma, dijital ba\u011f\u0131ml\u0131l\u0131k ve obezite ile m\u00fccadele etme konular\u0131nda temel e\u011fitimde fiziksel aktiviteye verdikleri \u00f6nemi vurgulad\u0131. \u00d6\u011frencilerin sabahlar\u0131 k\u00fclt\u00fcr-fizik hareketleriyle g\u00fcne daha din\u00e7 ba\u015flamalar\u0131n\u0131n \u00f6nemine de\u011findi. Sava\u015f\u00e7\u0131, okul bah\u00e7elerinde geleneksel \u00e7ocuk oyunlar\u0131 alanlar\u0131 olu\u015fturarak, \u00f6\u011frencilerin milli k\u00fclt\u00fcrle i\u00e7 i\u00e7e oyunlar oynamas\u0131n\u0131 ve sporla aktif bir ya\u015fam s\u00fcrmesini hedeflediklerini belirtti. Spor ortaokullar\u0131n\u0131n a\u00e7\u0131lmas\u0131n\u0131n e\u011fitim sistemindeki en b\u00fcy\u00fck devrimlerden biri oldu\u011funu ifade etti. Bu y\u0131l Adana, Ankara, Antalya, Diyarbak\u0131r, Gaziantep, \u0130stanbul, \u0130zmir, Konya ve Trabzon\u2019da spor liselerinde pilot \u00e7al\u0131\u015fmalar ba\u015flat\u0131ld\u0131\u011f\u0131n\u0131 a\u00e7\u0131klad\u0131.<\/p>\n<p>Ayr\u0131ca, akademik ve sosyal \u00f6\u011frenme becerilerini geli\u015ftirmeyi hedefleyen T\u00fcrkiye Y\u00fczy\u0131l\u0131 Maarif Modeli i\u00e7erisinde spor ortaokullar\u0131n\u0131n da bulundu\u011funu belirtti. M\u00fczik alan\u0131nda da \u0130stanbul ve Ankara\u2019da m\u00fczik ilkokullar\u0131 ve ortaokullar\u0131 a\u00e7\u0131ld\u0131\u011f\u0131n\u0131 duyurdu.<br \/>\nSava\u015f\u00e7\u0131, ailelerin spora olan bak\u0131\u015f a\u00e7\u0131s\u0131n\u0131 de\u011fi\u015ftirmek i\u00e7in Beden E\u011fitimi \u00d6\u011fretmenleri\u2019nin \u00f6nemli bir rol \u00fcstlendi\u011fini vurgulad\u0131. Destekleme ve yeti\u015ftirme kurslar\u0131n\u0131n ilk amac\u0131n\u0131n beden e\u011fitimi ve m\u00fczik derslerini desteklemek oldu\u011funu, ancak zamanla akademik derslerin \u00f6ncelik kazand\u0131\u011f\u0131n\u0131 ifade etti. \u015eimdi ise bu alanda tekrar bir d\u00f6n\u00fc\u015f yapma hedefinde olduklar\u0131n\u0131 belirtti.<br \/>\nSon olarak, Milli E\u011fitim Bakanl\u0131\u011f\u0131 olarak spor liseleri, beden e\u011fitimi \u00f6\u011fretmenleri, geleneksel \u00e7ocuk oyunlar\u0131 ve spor ortaokullar\u0131 ile ilgili \u00e7al\u0131\u015fmalar\u0131n devam edece\u011fini duyuran Sava\u015f\u00e7\u0131, davet eden kurumlara ve \u00f6\u011fretmenlere te\u015fekk\u00fcrlerini ve sayg\u0131lar\u0131n\u0131 sundu.<\/p>\n<p>\u200bMEB Temel E\u011fitim Genel M\u00fcd\u00fcr\u00fc Ebubekir S\u0131dd\u0131k Sava\u015f\u00e7\u0131, 25-27 Ekim tarihlerinde Bursa Uluda\u011f \u00dcniversitesi ev sahipli\u011finde T\u00fcrkiye Beden E\u011fitimi \u00d6\u011fretmenleri Derne\u011fi (T\u00dcBED) i\u015f birli\u011fiyle d\u00fczenlenen 12  Uluslararas\u0131 Beden E\u011fitimi ve Spor \u00d6\u011fretmenli\u011fi Kongresi\u2019ne kat\u0131ld\u0131\u00a0<\/p>\n<p>\u200bHaberin Al\u0131nt\u0131land\u0131\u011f\u0131 Kaynak: www.iskenderun.org<\/p>","protected":false},"excerpt":{"rendered":"<p>MEB Temel E\u011fitim Genel M\u00fcd\u00fcr\u00fc Ebubekir S\u0131dd\u0131k Sava\u015f\u00e7\u0131, 25-27 Ekim tarihlerinde Bursa Uluda\u011f \u00dcniversitesi ev sahipli\u011finde T\u00fcrkiye Beden E\u011fitimi \u00d6\u011fretmenleri Derne\u011fi (T\u00dcBED) i\u015f birli\u011fiyle d\u00fczenlenen 12. Uluslararas\u0131 Beden E\u011fitimi ve Spor \u00d6\u011fretmenli\u011fi Kongresi\u2019ne kat\u0131ld\u0131.BURSA (\u0130GFA) &#8211; MEB Temel E\u011fitim Genel M\u00fcd\u00fcr\u00fc Sava\u015f\u00e7\u0131, 12. Uluslararas\u0131 Beden E\u011fitimi ve Spor \u00d6\u011fretmenli\u011fi Kongresi\u2019ne Kat\u0131ld\u0131 Kongrenin a\u00e7\u0131l\u0131\u015f\u0131na, MEB Temel E\u011fitim Genel M\u00fcd\u00fcr\u00fc Ebubekir S\u0131dd\u0131k Sava\u015f\u00e7\u0131, Bursa \u0130l Milli E\u011fitim M\u00fcd\u00fcr\u00fc Dr. Ahmet Alireiso\u011flu, Spor Bilimleri Fak\u00fcltesi Dekan\u0131 Prof. Dr. Ramiz Arabac\u0131, T\u00dcBED Ba\u015fkan\u0131 Dr. Hasan Kasap, ara\u015ft\u0131rmac\u0131lar ve \u00e7ok say\u0131da davetli kat\u0131ld\u0131. &#8220;G\u00fcn\u00fcm\u00fcz T\u00fcrkiye\u2019sinde Beden E\u011fitimi ve Spor ve Gelecekteki Perspektifler&#8221; konulu a\u00e7\u0131l\u0131\u015f oturumunda konu\u015fan Sava\u015f\u00e7\u0131, \u00f6\u011frencileri hareketsizlikten kurtarma, dijital ba\u011f\u0131ml\u0131l\u0131k ve obezite ile m\u00fccadele etme konular\u0131nda temel e\u011fitimde fiziksel aktiviteye verdikleri \u00f6nemi vurgulad\u0131. \u00d6\u011frencilerin sabahlar\u0131 k\u00fclt\u00fcr-fizik hareketleriyle g\u00fcne daha din\u00e7 ba\u015flamalar\u0131n\u0131n \u00f6nemine de\u011findi. Sava\u015f\u00e7\u0131, okul bah\u00e7elerinde geleneksel \u00e7ocuk oyunlar\u0131 alanlar\u0131 olu\u015fturarak, \u00f6\u011frencilerin milli k\u00fclt\u00fcrle i\u00e7 i\u00e7e oyunlar oynamas\u0131n\u0131 ve sporla aktif bir ya\u015fam s\u00fcrmesini hedeflediklerini belirtti. Spor ortaokullar\u0131n\u0131n a\u00e7\u0131lmas\u0131n\u0131n e\u011fitim sistemindeki en b\u00fcy\u00fck devrimlerden biri oldu\u011funu ifade etti. Bu y\u0131l Adana, Ankara, Antalya, Diyarbak\u0131r, Gaziantep, \u0130stanbul, \u0130zmir, Konya ve Trabzon\u2019da spor liselerinde pilot \u00e7al\u0131\u015fmalar ba\u015flat\u0131ld\u0131\u011f\u0131n\u0131 a\u00e7\u0131klad\u0131. Ayr\u0131ca, akademik ve sosyal \u00f6\u011frenme becerilerini geli\u015ftirmeyi hedefleyen T\u00fcrkiye Y\u00fczy\u0131l\u0131 Maarif Modeli i\u00e7erisinde spor ortaokullar\u0131n\u0131n da bulundu\u011funu &hellip;<\/p>","protected":false},"author":0,"featured_media":0,"comment_status":"open","ping_status":"open","sticky":false,"template":"","format":"standard","meta":{"_acf_changed":false,"footnotes":""},"categories":[24,535],"tags":[],"class_list":["post-8498","post","type-post","status-publish","format-standard","has-post-thumbnail","hentry","category-gundem","category-uncategorized-tr"],"acf":[],"yoast_head":"<!-- This site is optimized with the Yoast SEO Premium plugin v26.6 (Yoast SEO v27.1.1) - https:\/\/yoast.com\/product\/yoast-seo-premium-wordpress\/ -->\n<title>Uluslararas\u0131 Beden E\u011fitimi ve Spor \u00d6\u011fretmenli\u011fi Kongresi Bursa&#039;da yap\u0131ld\u0131 - Av. Deniz Can K\u0131z\u0131l<\/title>\n<meta name=\"robots\" content=\"index, follow, max-snippet:-1, max-image-preview:large, max-video-preview:-1\" \/>\n<link rel=\"canonical\" href=\"https:\/\/denizcankizil.tr\/de\/haberler\/gundem\/uluslararasi-beden-egitimi-ve-spor-ogretmenligi-kongresi-bursada-yapildi\/\" \/>\n<meta property=\"og:locale\" content=\"de_DE\" \/>\n<meta property=\"og:type\" content=\"article\" \/>\n<meta property=\"og:title\" content=\"Uluslararas\u0131 Beden E\u011fitimi ve Spor \u00d6\u011fretmenli\u011fi Kongresi Bursa&#039;da yap\u0131ld\u0131\" \/>\n<meta property=\"og:description\" content=\"MEB Temel E\u011fitim Genel M\u00fcd\u00fcr\u00fc Ebubekir S\u0131dd\u0131k Sava\u015f\u00e7\u0131, 25-27 Ekim tarihlerinde Bursa Uluda\u011f \u00dcniversitesi ev sahipli\u011finde T\u00fcrkiye Beden E\u011fitimi \u00d6\u011fretmenleri Derne\u011fi (T\u00dcBED) i\u015f birli\u011fiyle d\u00fczenlenen 12. Uluslararas\u0131 Beden E\u011fitimi ve Spor \u00d6\u011fretmenli\u011fi Kongresi\u2019ne kat\u0131ld\u0131.BURSA (\u0130GFA) &#8211; MEB Temel E\u011fitim Genel M\u00fcd\u00fcr\u00fc Sava\u015f\u00e7\u0131, 12. Uluslararas\u0131 Beden E\u011fitimi ve Spor \u00d6\u011fretmenli\u011fi Kongresi\u2019ne Kat\u0131ld\u0131 Kongrenin a\u00e7\u0131l\u0131\u015f\u0131na, MEB Temel E\u011fitim Genel M\u00fcd\u00fcr\u00fc Ebubekir S\u0131dd\u0131k Sava\u015f\u00e7\u0131, Bursa \u0130l Milli E\u011fitim M\u00fcd\u00fcr\u00fc Dr. Ahmet Alireiso\u011flu, Spor Bilimleri Fak\u00fcltesi Dekan\u0131 Prof. Dr. Ramiz Arabac\u0131, T\u00dcBED Ba\u015fkan\u0131 Dr. Hasan Kasap, ara\u015ft\u0131rmac\u0131lar ve \u00e7ok say\u0131da davetli kat\u0131ld\u0131. &#8220;G\u00fcn\u00fcm\u00fcz T\u00fcrkiye\u2019sinde Beden E\u011fitimi ve Spor ve Gelecekteki Perspektifler&#8221; konulu a\u00e7\u0131l\u0131\u015f oturumunda konu\u015fan Sava\u015f\u00e7\u0131, \u00f6\u011frencileri hareketsizlikten kurtarma, dijital ba\u011f\u0131ml\u0131l\u0131k ve obezite ile m\u00fccadele etme konular\u0131nda temel e\u011fitimde fiziksel aktiviteye verdikleri \u00f6nemi vurgulad\u0131. \u00d6\u011frencilerin sabahlar\u0131 k\u00fclt\u00fcr-fizik hareketleriyle g\u00fcne daha din\u00e7 ba\u015flamalar\u0131n\u0131n \u00f6nemine de\u011findi. Sava\u015f\u00e7\u0131, okul bah\u00e7elerinde geleneksel \u00e7ocuk oyunlar\u0131 alanlar\u0131 olu\u015fturarak, \u00f6\u011frencilerin milli k\u00fclt\u00fcrle i\u00e7 i\u00e7e oyunlar oynamas\u0131n\u0131 ve sporla aktif bir ya\u015fam s\u00fcrmesini hedeflediklerini belirtti. Spor ortaokullar\u0131n\u0131n a\u00e7\u0131lmas\u0131n\u0131n e\u011fitim sistemindeki en b\u00fcy\u00fck devrimlerden biri oldu\u011funu ifade etti. Bu y\u0131l Adana, Ankara, Antalya, Diyarbak\u0131r, Gaziantep, \u0130stanbul, \u0130zmir, Konya ve Trabzon\u2019da spor liselerinde pilot \u00e7al\u0131\u015fmalar ba\u015flat\u0131ld\u0131\u011f\u0131n\u0131 a\u00e7\u0131klad\u0131. Ayr\u0131ca, akademik ve sosyal \u00f6\u011frenme becerilerini geli\u015ftirmeyi hedefleyen T\u00fcrkiye Y\u00fczy\u0131l\u0131 Maarif Modeli i\u00e7erisinde spor ortaokullar\u0131n\u0131n da bulundu\u011funu &hellip;\" \/>\n<meta property=\"og:url\" content=\"https:\/\/denizcankizil.tr\/de\/haberler\/gundem\/uluslararasi-beden-egitimi-ve-spor-ogretmenligi-kongresi-bursada-yapildi\/\" \/>\n<meta property=\"og:site_name\" content=\"Av. Deniz Can K\u0131z\u0131l\" \/>\n<meta property=\"article:published_time\" content=\"2024-10-26T16:42:07+00:00\" \/>\n<meta name=\"twitter:card\" content=\"summary_large_image\" \/>\n<meta name=\"twitter:label1\" content=\"Gesch\u00e4tzte Lesezeit\" \/>\n\t<meta name=\"twitter:data1\" content=\"2\u00a0Minuten\" \/>\n<script type=\"application\/ld+json\" class=\"yoast-schema-graph\">{\"@context\":\"https:\/\/schema.org\",\"@graph\":[{\"@type\":\"Article\",\"@id\":\"https:\/\/denizcankizil.tr\/de\/haberler\/gundem\/uluslararasi-beden-egitimi-ve-spor-ogretmenligi-kongresi-bursada-yapildi\/#article\",\"isPartOf\":{\"@id\":\"https:\/\/denizcankizil.tr\/de\/haberler\/gundem\/uluslararasi-beden-egitimi-ve-spor-ogretmenligi-kongresi-bursada-yapildi\/\"},\"author\":{\"name\":\"\",\"@id\":\"\"},\"headline\":\"Uluslararas\u0131 Beden E\u011fitimi ve Spor \u00d6\u011fretmenli\u011fi Kongresi Bursa&#8217;da yap\u0131ld\u0131\",\"datePublished\":\"2024-10-26T16:42:07+00:00\",\"mainEntityOfPage\":{\"@id\":\"https:\/\/denizcankizil.tr\/de\/haberler\/gundem\/uluslararasi-beden-egitimi-ve-spor-ogretmenligi-kongresi-bursada-yapildi\/\"},\"wordCount\":494,\"commentCount\":0,\"publisher\":{\"@id\":\"https:\/\/denizcankizil.tr\/de\/#organization\"},\"articleSection\":[\"G\u00fcndem\",\"Uncategorized\"],\"inLanguage\":\"de\",\"potentialAction\":[{\"@type\":\"CommentAction\",\"name\":\"Comment\",\"target\":[\"https:\/\/denizcankizil.tr\/de\/haberler\/gundem\/uluslararasi-beden-egitimi-ve-spor-ogretmenligi-kongresi-bursada-yapildi\/#respond\"]}]},{\"@type\":\"WebPage\",\"@id\":\"https:\/\/denizcankizil.tr\/de\/haberler\/gundem\/uluslararasi-beden-egitimi-ve-spor-ogretmenligi-kongresi-bursada-yapildi\/\",\"url\":\"https:\/\/denizcankizil.tr\/de\/haberler\/gundem\/uluslararasi-beden-egitimi-ve-spor-ogretmenligi-kongresi-bursada-yapildi\/\",\"name\":\"Uluslararas\u0131 Beden E\u011fitimi ve Spor \u00d6\u011fretmenli\u011fi Kongresi Bursa'da yap\u0131ld\u0131 - Av. Deniz Can K\u0131z\u0131l\",\"isPartOf\":{\"@id\":\"https:\/\/denizcankizil.tr\/de\/#website\"},\"datePublished\":\"2024-10-26T16:42:07+00:00\",\"breadcrumb\":{\"@id\":\"https:\/\/denizcankizil.tr\/de\/haberler\/gundem\/uluslararasi-beden-egitimi-ve-spor-ogretmenligi-kongresi-bursada-yapildi\/#breadcrumb\"},\"inLanguage\":\"de\",\"potentialAction\":[{\"@type\":\"ReadAction\",\"target\":[\"https:\/\/denizcankizil.tr\/de\/haberler\/gundem\/uluslararasi-beden-egitimi-ve-spor-ogretmenligi-kongresi-bursada-yapildi\/\"]}]},{\"@type\":\"BreadcrumbList\",\"@id\":\"https:\/\/denizcankizil.tr\/de\/haberler\/gundem\/uluslararasi-beden-egitimi-ve-spor-ogretmenligi-kongresi-bursada-yapildi\/#breadcrumb\",\"itemListElement\":[{\"@type\":\"ListItem\",\"position\":1,\"name\":\"Home\",\"item\":\"https:\/\/denizcankizil.tr\/de\/\"},{\"@type\":\"ListItem\",\"position\":2,\"name\":\"Uluslararas\u0131 Beden E\u011fitimi ve Spor \u00d6\u011fretmenli\u011fi Kongresi Bursa&#8217;da yap\u0131ld\u0131\"}]},{\"@type\":\"WebSite\",\"@id\":\"https:\/\/denizcankizil.tr\/de\/#website\",\"url\":\"https:\/\/denizcankizil.tr\/de\/\",\"name\":\"Av. Deniz Can K\u0131z\u0131l\",\"description\":\"Avukat Deniz Can K\u0131z\u0131l Antalya Barosu\",\"publisher\":{\"@id\":\"https:\/\/denizcankizil.tr\/de\/#organization\"},\"potentialAction\":[{\"@type\":\"SearchAction\",\"target\":{\"@type\":\"EntryPoint\",\"urlTemplate\":\"https:\/\/denizcankizil.tr\/de\/?s={search_term_string}\"},\"query-input\":{\"@type\":\"PropertyValueSpecification\",\"valueRequired\":true,\"valueName\":\"search_term_string\"}}],\"inLanguage\":\"de\"},{\"@type\":\"Organization\",\"@id\":\"https:\/\/denizcankizil.tr\/de\/#organization\",\"name\":\"Av. Deniz Can K\u0131z\u0131l\",\"url\":\"https:\/\/denizcankizil.tr\/de\/\",\"logo\":{\"@type\":\"ImageObject\",\"inLanguage\":\"de\",\"@id\":\"https:\/\/denizcankizil.tr\/de\/#\/schema\/logo\/image\/\",\"url\":\"https:\/\/denizcankizil.tr\/wp-content\/uploads\/2024\/10\/siyah-logo-svg.svg\",\"contentUrl\":\"https:\/\/denizcankizil.tr\/wp-content\/uploads\/2024\/10\/siyah-logo-svg.svg\",\"width\":1080,\"height\":1080,\"caption\":\"Av. Deniz Can K\u0131z\u0131l\"},\"image\":{\"@id\":\"https:\/\/denizcankizil.tr\/de\/#\/schema\/logo\/image\/\"}}]}<\/script>\n<!-- \/ Yoast SEO Premium plugin. -->","yoast_head_json":{"title":"Uluslararas\u0131 Beden E\u011fitimi ve Spor \u00d6\u011fretmenli\u011fi Kongresi Bursa'da yap\u0131ld\u0131 - Av. Deniz Can K\u0131z\u0131l","robots":{"index":"index","follow":"follow","max-snippet":"max-snippet:-1","max-image-preview":"max-image-preview:large","max-video-preview":"max-video-preview:-1"},"canonical":"https:\/\/denizcankizil.tr\/de\/haberler\/gundem\/uluslararasi-beden-egitimi-ve-spor-ogretmenligi-kongresi-bursada-yapildi\/","og_locale":"de_DE","og_type":"article","og_title":"Uluslararas\u0131 Beden E\u011fitimi ve Spor \u00d6\u011fretmenli\u011fi Kongresi Bursa'da yap\u0131ld\u0131","og_description":"MEB Temel E\u011fitim Genel M\u00fcd\u00fcr\u00fc Ebubekir S\u0131dd\u0131k Sava\u015f\u00e7\u0131, 25-27 Ekim tarihlerinde Bursa Uluda\u011f \u00dcniversitesi ev sahipli\u011finde T\u00fcrkiye Beden E\u011fitimi \u00d6\u011fretmenleri Derne\u011fi (T\u00dcBED) i\u015f birli\u011fiyle d\u00fczenlenen 12. Uluslararas\u0131 Beden E\u011fitimi ve Spor \u00d6\u011fretmenli\u011fi Kongresi\u2019ne kat\u0131ld\u0131.BURSA (\u0130GFA) &#8211; MEB Temel E\u011fitim Genel M\u00fcd\u00fcr\u00fc Sava\u015f\u00e7\u0131, 12. Uluslararas\u0131 Beden E\u011fitimi ve Spor \u00d6\u011fretmenli\u011fi Kongresi\u2019ne Kat\u0131ld\u0131 Kongrenin a\u00e7\u0131l\u0131\u015f\u0131na, MEB Temel E\u011fitim Genel M\u00fcd\u00fcr\u00fc Ebubekir S\u0131dd\u0131k Sava\u015f\u00e7\u0131, Bursa \u0130l Milli E\u011fitim M\u00fcd\u00fcr\u00fc Dr. Ahmet Alireiso\u011flu, Spor Bilimleri Fak\u00fcltesi Dekan\u0131 Prof. Dr. Ramiz Arabac\u0131, T\u00dcBED Ba\u015fkan\u0131 Dr. Hasan Kasap, ara\u015ft\u0131rmac\u0131lar ve \u00e7ok say\u0131da davetli kat\u0131ld\u0131. &#8220;G\u00fcn\u00fcm\u00fcz T\u00fcrkiye\u2019sinde Beden E\u011fitimi ve Spor ve Gelecekteki Perspektifler&#8221; konulu a\u00e7\u0131l\u0131\u015f oturumunda konu\u015fan Sava\u015f\u00e7\u0131, \u00f6\u011frencileri hareketsizlikten kurtarma, dijital ba\u011f\u0131ml\u0131l\u0131k ve obezite ile m\u00fccadele etme konular\u0131nda temel e\u011fitimde fiziksel aktiviteye verdikleri \u00f6nemi vurgulad\u0131. \u00d6\u011frencilerin sabahlar\u0131 k\u00fclt\u00fcr-fizik hareketleriyle g\u00fcne daha din\u00e7 ba\u015flamalar\u0131n\u0131n \u00f6nemine de\u011findi. Sava\u015f\u00e7\u0131, okul bah\u00e7elerinde geleneksel \u00e7ocuk oyunlar\u0131 alanlar\u0131 olu\u015fturarak, \u00f6\u011frencilerin milli k\u00fclt\u00fcrle i\u00e7 i\u00e7e oyunlar oynamas\u0131n\u0131 ve sporla aktif bir ya\u015fam s\u00fcrmesini hedeflediklerini belirtti. Spor ortaokullar\u0131n\u0131n a\u00e7\u0131lmas\u0131n\u0131n e\u011fitim sistemindeki en b\u00fcy\u00fck devrimlerden biri oldu\u011funu ifade etti. Bu y\u0131l Adana, Ankara, Antalya, Diyarbak\u0131r, Gaziantep, \u0130stanbul, \u0130zmir, Konya ve Trabzon\u2019da spor liselerinde pilot \u00e7al\u0131\u015fmalar ba\u015flat\u0131ld\u0131\u011f\u0131n\u0131 a\u00e7\u0131klad\u0131. Ayr\u0131ca, akademik ve sosyal \u00f6\u011frenme becerilerini geli\u015ftirmeyi hedefleyen T\u00fcrkiye Y\u00fczy\u0131l\u0131 Maarif Modeli i\u00e7erisinde spor ortaokullar\u0131n\u0131n da bulundu\u011funu &hellip;","og_url":"https:\/\/denizcankizil.tr\/de\/haberler\/gundem\/uluslararasi-beden-egitimi-ve-spor-ogretmenligi-kongresi-bursada-yapildi\/","og_site_name":"Av. Deniz Can K\u0131z\u0131l","article_published_time":"2024-10-26T16:42:07+00:00","twitter_card":"summary_large_image","twitter_misc":{"Gesch\u00e4tzte Lesezeit":"2\u00a0Minuten"},"schema":{"@context":"https:\/\/schema.org","@graph":[{"@type":"Article","@id":"https:\/\/denizcankizil.tr\/de\/haberler\/gundem\/uluslararasi-beden-egitimi-ve-spor-ogretmenligi-kongresi-bursada-yapildi\/#article","isPartOf":{"@id":"https:\/\/denizcankizil.tr\/de\/haberler\/gundem\/uluslararasi-beden-egitimi-ve-spor-ogretmenligi-kongresi-bursada-yapildi\/"},"author":{"name":"","@id":""},"headline":"Uluslararas\u0131 Beden E\u011fitimi ve Spor \u00d6\u011fretmenli\u011fi Kongresi Bursa&#8217;da yap\u0131ld\u0131","datePublished":"2024-10-26T16:42:07+00:00","mainEntityOfPage":{"@id":"https:\/\/denizcankizil.tr\/de\/haberler\/gundem\/uluslararasi-beden-egitimi-ve-spor-ogretmenligi-kongresi-bursada-yapildi\/"},"wordCount":494,"commentCount":0,"publisher":{"@id":"https:\/\/denizcankizil.tr\/de\/#organization"},"articleSection":["G\u00fcndem","Uncategorized"],"inLanguage":"de","potentialAction":[{"@type":"CommentAction","name":"Comment","target":["https:\/\/denizcankizil.tr\/de\/haberler\/gundem\/uluslararasi-beden-egitimi-ve-spor-ogretmenligi-kongresi-bursada-yapildi\/#respond"]}]},{"@type":"WebPage","@id":"https:\/\/denizcankizil.tr\/de\/haberler\/gundem\/uluslararasi-beden-egitimi-ve-spor-ogretmenligi-kongresi-bursada-yapildi\/","url":"https:\/\/denizcankizil.tr\/de\/haberler\/gundem\/uluslararasi-beden-egitimi-ve-spor-ogretmenligi-kongresi-bursada-yapildi\/","name":"Uluslararas\u0131 Beden E\u011fitimi ve Spor \u00d6\u011fretmenli\u011fi Kongresi Bursa'da yap\u0131ld\u0131 - Av. Deniz Can K\u0131z\u0131l","isPartOf":{"@id":"https:\/\/denizcankizil.tr\/de\/#website"},"datePublished":"2024-10-26T16:42:07+00:00","breadcrumb":{"@id":"https:\/\/denizcankizil.tr\/de\/haberler\/gundem\/uluslararasi-beden-egitimi-ve-spor-ogretmenligi-kongresi-bursada-yapildi\/#breadcrumb"},"inLanguage":"de","potentialAction":[{"@type":"ReadAction","target":["https:\/\/denizcankizil.tr\/de\/haberler\/gundem\/uluslararasi-beden-egitimi-ve-spor-ogretmenligi-kongresi-bursada-yapildi\/"]}]},{"@type":"BreadcrumbList","@id":"https:\/\/denizcankizil.tr\/de\/haberler\/gundem\/uluslararasi-beden-egitimi-ve-spor-ogretmenligi-kongresi-bursada-yapildi\/#breadcrumb","itemListElement":[{"@type":"ListItem","position":1,"name":"Home","item":"https:\/\/denizcankizil.tr\/de\/"},{"@type":"ListItem","position":2,"name":"Uluslararas\u0131 Beden E\u011fitimi ve Spor \u00d6\u011fretmenli\u011fi Kongresi Bursa&#8217;da yap\u0131ld\u0131"}]},{"@type":"WebSite","@id":"https:\/\/denizcankizil.tr\/de\/#website","url":"https:\/\/denizcankizil.tr\/de\/","name":"Av. Deniz Can K\u0131z\u0131l","description":"Avukat Deniz Can K\u0131z\u0131l Antalya Barosu","publisher":{"@id":"https:\/\/denizcankizil.tr\/de\/#organization"},"potentialAction":[{"@type":"SearchAction","target":{"@type":"EntryPoint","urlTemplate":"https:\/\/denizcankizil.tr\/de\/?s={search_term_string}"},"query-input":{"@type":"PropertyValueSpecification","valueRequired":true,"valueName":"search_term_string"}}],"inLanguage":"de"},{"@type":"Organization","@id":"https:\/\/denizcankizil.tr\/de\/#organization","name":"Av. Deniz Can K\u0131z\u0131l","url":"https:\/\/denizcankizil.tr\/de\/","logo":{"@type":"ImageObject","inLanguage":"de","@id":"https:\/\/denizcankizil.tr\/de\/#\/schema\/logo\/image\/","url":"https:\/\/denizcankizil.tr\/wp-content\/uploads\/2024\/10\/siyah-logo-svg.svg","contentUrl":"https:\/\/denizcankizil.tr\/wp-content\/uploads\/2024\/10\/siyah-logo-svg.svg","width":1080,"height":1080,"caption":"Av. Deniz Can K\u0131z\u0131l"},"image":{"@id":"https:\/\/denizcankizil.tr\/de\/#\/schema\/logo\/image\/"}}]}},"_links":{"self":[{"href":"https:\/\/denizcankizil.tr\/de\/wp-json\/wp\/v2\/posts\/8498","targetHints":{"allow":["GET"]}}],"collection":[{"href":"https:\/\/denizcankizil.tr\/de\/wp-json\/wp\/v2\/posts"}],"about":[{"href":"https:\/\/denizcankizil.tr\/de\/wp-json\/wp\/v2\/types\/post"}],"replies":[{"embeddable":true,"href":"https:\/\/denizcankizil.tr\/de\/wp-json\/wp\/v2\/comments?post=8498"}],"version-history":[{"count":0,"href":"https:\/\/denizcankizil.tr\/de\/wp-json\/wp\/v2\/posts\/8498\/revisions"}],"wp:attachment":[{"href":"https:\/\/denizcankizil.tr\/de\/wp-json\/wp\/v2\/media?parent=8498"}],"wp:term":[{"taxonomy":"category","embeddable":true,"href":"https:\/\/denizcankizil.tr\/de\/wp-json\/wp\/v2\/categories?post=8498"},{"taxonomy":"post_tag","embeddable":true,"href":"https:\/\/denizcankizil.tr\/de\/wp-json\/wp\/v2\/tags?post=8498"}],"curies":[{"name":"wp","href":"https:\/\/api.w.org\/{rel}","templated":true}]}}