{"id":8444,"date":"2024-10-26T16:36:43","date_gmt":"2024-10-26T13:36:43","guid":{"rendered":"https:\/\/denizcankizil.tr\/uncategorized-tr\/turk-ceza-kanununa-gore-davanin-ve-cezanin-dusurulmesi-sanigin-veya-hukumlunun-olumu-ozel-af-genel-af-dava-zamanasimi-dava-zamanasimi-suresinin-durmasi-veya-kesilmesi-ceza-zamanasimi-sorusturma\/"},"modified":"2024-10-26T17:52:13","modified_gmt":"2024-10-26T14:52:13","slug":"turk-ceza-kanununa-gore-davanin-ve-cezanin-dusurulmesi-sanigin-veya-hukumlunun-olumu-ozel-af-genel-af-dava-zamanasimi-dava-zamanasimi-suresinin-durmasi-veya-kesilmesi-ceza-zamanasimi-sorusturma","status":"publish","type":"post","link":"https:\/\/denizcankizil.tr\/de\/koseyazilari\/degerlendirme\/turk-ceza-kanununa-gore-davanin-ve-cezanin-dusurulmesi-sanigin-veya-hukumlunun-olumu-ozel-af-genel-af-dava-zamanasimi-dava-zamanasimi-suresinin-durmasi-veya-kesilmesi-ceza-zamanasimi-sorusturma\/","title":{"rendered":"Gem\u00e4\u00df dem t\u00fcrkischen Strafgesetzbuch; Abweisung des Falles und Strafe, Tod des Angeklagten oder Verurteilten, Sonderamnestie, Generalamnestie, Verj\u00e4hrungsfrist f\u00fcr F\u00e4lle, Aussetzung oder Unterbrechung der Verj\u00e4hrungsfrist f\u00fcr F\u00e4lle, Verj\u00e4hrungsfrist f\u00fcr Strafsachen, Ermittlung oder Strafverfolgung, Straftaten auf der Grundlage von Beschwerden"},"content":{"rendered":"<p><strong>Eingang<\/strong> T\u00fcrk Ceza Kanunu,\u200c su\u00e7lar\u0131n tan\u0131mlanmas\u0131, cezalar\u0131n belirlenmesi ve ceza \u200binfaz sisteminin d\u00fczenlenmesi a\u00e7\u0131s\u0131ndan \u00f6nemli bir yasal \u00e7er\u00e7evedir. Bu \u00e7al\u0131\u015fmada, T\u00fcrk Ceza Kanunu \u200buyar\u0131nca \u00e7e\u015fitli yasal durumlar\u0131n incelenmesi ama\u00e7lanmaktad\u0131r. \u00d6zellikle, \u200ddavan\u0131n ve cezan\u0131n d\u00fc\u015f\u00fcr\u00fclmesi, san\u0131\u011f\u0131n veya h\u00fck\u00fcml\u00fcn\u00fcn \u00f6l\u00fcm\u00fc, \u00f6zel af ve genel af gibi konulara odaklan\u0131lacakt\u0131r. Ayr\u0131ca, dava zamana\u015f\u0131m\u0131 ile dava \u200czamana\u015f\u0131m\u0131n\u0131n durmas\u0131 veya kesilmesi, ceza zamana\u015f\u0131m\u0131 ve \u015fikayete ba\u011fl\u0131 su\u00e7lar gibi kavramlar\u0131n yasal dayanaklar\u0131 ve uygulamadaki yans\u0131malar\u0131\u2062 ayr\u0131nt\u0131l\u0131 \u200dbir\u2063 \u015fekilde ele al\u0131nacakt\u0131r. T\u00fcrk Ceza Kanunu&#8217;nun 66. maddesi, dava zamana\u015f\u0131m\u0131 s\u00fcrelerine\u200c dair temel d\u00fczenlemeleri i\u00e7ermekte, su\u00e7un niteli\u011fine g\u00f6re de\u011fi\u015fkenlik g\u00f6steren zamana\u015f\u0131m\u0131 s\u00fcreleriyle birlikte farkl\u0131 unsurlar \u00fczerinde durulmaktad\u0131r. Dava\u2064 zamana\u015f\u0131m\u0131n\u0131n durmas\u0131 ve kesilmesi \u200cgibi durumlar, ceza hukukunun dinamik yap\u0131s\u0131n\u0131 g\u00f6steren \u00f6nemli unsurlard\u0131r ve bu durumlar, suistimallerin \u00f6nlenmesi ve adaletin sa\u011flanmas\u0131 a\u00e7\u0131s\u0131ndan kritik bir\u200b rol oynamaktad\u0131r. Bu ba\u011flamda, ceza hukukunun\u200d temel ilkeleri ile \u200duyumlu bir\u2062 \u015fekilde, \u00f6zel ve genel \u2063af kurumlar\u0131 \u2064da, toplumsal \u2063bar\u0131\u015f\u0131n tesis edilmesi\u2063 bak\u0131m\u0131ndan de\u011ferlidir. T\u00fcrkiye&#8217;de af yasalar\u0131n\u0131n tarihsel geli\u015fimi ve g\u00fcncel uygulamalar\u0131, kanunlar\u0131n \u200btoplumsal etkileri\u2062 \u00fczerine yap\u0131lan ara\u015ft\u0131rmalarla desteklenerek analiz edilecektir. Ayr\u0131ca, \u015fikayete \u200bba\u011fl\u0131 su\u00e7lar\u200c ve \u2063bu\u2062 su\u00e7lar\u0131n i\u015flenmesi durumunda izlenen hukuki yollar, ceza \u200dhukukunun kapsam\u0131 i\u00e7inde \u00f6nemli bir yere sahiptir. Bu \u2063makalede,\u200b yukar\u0131da belirtilen konular\u0131n yasal \u00e7er\u00e7eveleri, ilgili mevzuatlar ve \u200cakademik kaynaklar\u200b \u0131\u015f\u0131\u011f\u0131nda ele al\u0131nacak ve ayr\u0131nt\u0131l\u0131 bir inceleme yap\u0131lacakt\u0131r.<br \/><img decoding=\"async\" class=\"kimage_class lazyload\" data-src=\"https:\/\/denizcankizil.tr\/wp-content\/uploads\/2024\/10\/e89741.jpg671d012971ef7.jpg\" alt=\"T\u00fcrk Ceza Kanununda Davan\u0131n ve Cezan\u0131n D\u00fc\u015f\u00fcr\u00fclmesi Mekanizmalar\u0131\" src=\"data:image\/svg+xml;base64,PHN2ZyB3aWR0aD0iMSIgaGVpZ2h0PSIxIiB4bWxucz0iaHR0cDovL3d3dy53My5vcmcvMjAwMC9zdmciPjwvc3ZnPg==\" style=\"--smush-placeholder-width: 471px; --smush-placeholder-aspect-ratio: 471\/695;\" \/><\/p>\n<h2 id=\"turk-ceza-kanununda-davanin-ve-cezanin-dusurulmesi-mekanizmalari\">T\u00fcrk Ceza Kanununda Davan\u0131n ve Cezan\u0131n D\u00fc\u015f\u00fcr\u00fclmesi Mekanizmalar\u0131<\/h2>\n<p>T\u00fcrk Ceza \u2062Kanunu&#8217;nda (TCK)\u200b davan\u0131n ve cezan\u0131n\u2064 d\u00fc\u015f\u00fcr\u00fclmesiyle ilgili \u00e7e\u015fitli mekanizmalar bulunmaktad\u0131r. Bunlar, san\u0131\u011f\u0131n veya h\u00fck\u00fcml\u00fcn\u00fcn \u00f6l\u00fcm\u00fc, \u00f6zel af, genel af, dava zamana\u015f\u0131m\u0131 gibi durumlar\u0131\u2063 i\u00e7ermektedir. TCK&#8217;n\u0131n 64. maddesinde yer alan &#8220;Davan\u0131n d\u00fc\u015fmesi&#8221; halleri, davan\u0131n herhangi bir\u200c sebeple sona \u200bermesinin hukuki sonu\u00e7lar\u0131n\u0131 d\u00fczenlemektedir. \u00d6zellikle, <strong>&#8220;San\u0131\u011f\u0131n veya h\u00fck\u00fcml\u00fcn\u00fcn \u00f6l\u00fcm\u00fc&#8221;\u200c <\/strong>durumu, davan\u0131n d\u00fc\u015fmesini gerektiren \u00f6nemli bir sebeptir. Bu maddeye g\u00f6re, &#8220;San\u0131\u011f\u0131n \u00f6l\u00fcm\u00fc nedeniyle a\u00e7\u0131lan ceza davas\u0131, san\u0131k \u200c\u00f6ld\u00fckten sonra d\u00fc\u015fer.&#8221;<\/p>\n<p>\u00d6zel ve\u2063 genel af da, cezan\u0131n ortadan kald\u0131r\u0131lmas\u0131na \u2062veya infaz\u0131n\u0131n durdurulmas\u0131na olanak tan\u0131r. TCK&#8217;n\u0131n 33.\u2064 maddesinde belirtilen \u00f6zel af, belirli ko\u015fullar alt\u0131nda\u2062 h\u00fck\u00fcml\u00fclere y\u00f6nelik \u00e7\u0131kabilecek bir cezadan vazge\u00e7ilmesini \u2063i\u00e7ermektedir. Ayr\u0131ca, genel af ise TCK&#8217;n\u0131n 32.\u200b maddesinde d\u00fczenlenmi\u015ftir ve &#8220;B\u00fct\u00fcn veya k\u0131smen cezan\u0131n infaz\u0131n\u0131n durdurulmas\u0131na \u2063veya sona erdirilmesine&#8221; olanak tan\u0131yan durumlard\u0131r. Bu t\u00fcr aflar\u0131n uygulanmas\u0131, genelde Ceza \u0130nfaz Kanunu ve siyasi irade ile \u015fekillenmektedir.<\/p>\n<p>Dava zamana\u015f\u0131m\u0131 m\u00fcddeti, TCK&#8217;n\u0131n 66. maddesinde d\u00fczenlenmi\u015ftir. Bu maddeye g\u00f6re, &#8220;Bir \u2063su\u00e7un i\u015flenmesinden itibaren belirli bir s\u00fcre ge\u00e7mesi durumunda, o su\u00e7a ili\u015fkin kovu\u015fturma yap\u0131lmaz.&#8221; Dava zamana\u015f\u0131m\u0131 s\u00fcreleri, su\u00e7un niteli\u011fine g\u00f6re farkl\u0131l\u0131k g\u00f6stermekte olup, zaman a\u015f\u0131m\u0131n\u0131n dolmas\u0131 halinde cezan\u0131n d\u00fc\u015fmesini\u200c sa\u011flamaktad\u0131r. \u00d6rne\u011fin, <strong>\u201cHapis cezas\u0131 gerektiren su\u00e7lar\u201d<\/strong> i\u00e7in zamana\u015f\u0131m\u0131 \u200cs\u00fcresi on y\u0131ld\u0131r, ancak <strong>\u201cm\u00fcebbet \u2063hapis \u200dcezas\u0131 gerektiren su\u00e7lar\u201d<\/strong> i\u00e7in s\u00fcre 30 y\u0131ld\u0131r.<\/p>\n<p>Zamana\u015f\u0131m\u0131n\u0131n durmas\u0131 veya kesilmesi durumlar\u0131 da TCK&#8217;n\u0131n 67. maddesinde a\u00e7\u0131klanmaktad\u0131r. &#8220;Zamana\u015f\u0131m\u0131n\u0131n\u200c durmas\u0131, bir su\u00e7un soru\u015fturulmas\u0131 veya \u200ckovu\u015fturulmas\u0131\u200b i\u00e7in \u2062gerekli olan birtak\u0131m engellerin varl\u0131\u011f\u0131nda\u2064 meydana gelir,&#8221; \u015feklinde belirtilmi\u015ftir. Bu\u2063 ba\u011flamda, <strong>\u201c\u015fikayete ba\u011fl\u0131 su\u00e7lar\u201d<\/strong> \u200dkonusunda \u00f6nemli bir husus bulunmaktad\u0131r. TCK&#8217;n\u0131n 73. maddesi, \u200d&#8221;\u015eikayete ba\u011fl\u0131 su\u00e7lar\u0131n takip edilebilmesi i\u00e7in ma\u011fdurun \u015fikayetinin gereklili\u011fi&#8221; \u00fczerine bir d\u00fczenleme getirmi\u015ftir. Ma\u011fdurun \u2062\u015fikayeti, zamana\u015f\u0131m\u0131n\u0131n i\u015flemesi a\u00e7\u0131s\u0131ndan \u00f6nem\u200b ta\u015f\u0131maktad\u0131r. Bu nedenle, su\u00e7un soru\u015fturulmas\u0131 veya kovu\u015fturulmas\u0131, ma\u011fdurun \u015fikayet talebine ba\u011fl\u0131 olarak\u2062 y\u00f6nlendirilmektedir.<\/p>\n<\/p>\n<h2 id=\"sanigin-veya-hukumlunun-olumunun-ceza-yargilamasina-etkisi\">San\u0131\u011f\u0131n veya H\u00fck\u00fcml\u00fcn\u00fcn \u00d6l\u00fcm\u00fcn\u00fcn Ceza Yarg\u0131lamas\u0131na Etkisi<\/h2>\n<p>T\u00fcrk\u2062 Ceza Kanunu\u2019na (TCK) g\u00f6re, san\u0131\u011f\u0131n veya h\u00fck\u00fcml\u00fcn\u00fcn\u200c \u00f6l\u00fcm\u00fc,\u2063 ceza yarg\u0131lamas\u0131 a\u00e7\u0131s\u0131ndan baz\u0131 \u00f6nemli sonu\u00e7lar do\u011furmaktad\u0131r. TCK&#8217;n\u0131n <strong>527. maddesi<\/strong>, &#8220;San\u0131\u011f\u0131n \u2064\u00f6l\u00fcm\u00fc\u200d h\u00e2linde, ceza davas\u0131 d\u00fc\u015fer.&#8221;\u2062 \u015feklinde d\u00fczenlenmi\u015ftir. Bu \u200bmadde, bir ceza \u200ddavas\u0131nda san\u0131\u011f\u0131n veya h\u00fck\u00fcml\u00fcn\u00fcn hayat\u0131n\u0131 kaybetmesi durumunda, davan\u0131n sona erece\u011fini belirtmektedir. B\u00f6ylece, \u00f6l\u00fcm durumunda \u2062ceza yarg\u0131lamas\u0131 neticesinde bir \u200ckarar \u2062verilmesi ya \u2064da ceza uygulanmas\u0131 art\u0131k m\u00fcmk\u00fcn olmayacakt\u0131r.<\/p>\n<p>\u00d6l\u00fcm sonras\u0131 ceza davas\u0131n\u0131n d\u00fc\u015fmesi, yaln\u0131zca san\u0131\u011f\u0131n veya h\u00fck\u00fcml\u00fcn\u00fcn \u00f6l\u00fcm\u00fc\u2062 ile s\u0131n\u0131rl\u0131 \u200ckalmaz. Ayr\u0131ca, bununla birlikte, ceza infaz\u0131 a\u00e7\u0131s\u0131ndan da etkiler do\u011furur. TCK&#8217;n\u0131n <strong>85. maddesi<\/strong> gere\u011fince, &#8220;Ceza infaz\u0131\u200c san\u0131\u011f\u0131n \u00f6l\u00fcm\u00fc ile d\u00fc\u015fer.&#8221; ifadesi, infaz a\u015famas\u0131nda dahi san\u0131\u011f\u0131n \u00f6l\u00fcm\u00fcn\u00fcn ceza uygulanmas\u0131n\u0131 engelleyece\u011fini \u200cortaya koyar. Bu ba\u011flamda, hukuk sistemi, \u00f6len san\u0131\u011f\u0131n h\u00fcrriyetine verilen ceza ile ilgili olarak herhangi bir infaz i\u015flemi \u2062y\u00fcr\u00fctmeyecektir.<\/p>\n<p>Yine, TCK&#8217;n\u0131n <strong>527. maddesi<\/strong> \u200c \u00e7er\u00e7evesinde, san\u0131\u011f\u0131n \u00f6l\u00fcm\u00fc sonras\u0131, varisler veya miras\u00e7\u0131lar taraf\u0131ndan \u200da\u00e7\u0131lm\u0131\u015f olan tazminat davalar\u0131 ise ba\u015fka bir hukuki mesele te\u015fkil \u2062etmektedir. \u00d6l\u00fcme ba\u011fl\u0131 olarak\u2063 ceza davas\u0131n\u0131n d\u00fc\u015fmesi,\u2062 ilgili tazminat taleplerinin ge\u00e7erlili\u011fini etkilemez; ancak \u00f6l\u00fcm sebepli tazminat talepleri, <strong>Meden\u00ee Kanun<\/strong> h\u00fck\u00fcmleri kapsam\u0131nda de\u011ferlendirilir. Tazminat talepleri\u200b a\u00e7\u0131s\u0131ndan kurumlar\u0131n ve bireylerin yasal haklar\u0131n\u0131n korunmas\u0131, bu ba\u011flamda \u00f6nemlidir.<\/p>\n<p>Son olarak, <strong>Ceza Muhakemesi Kanunu (CMK)<\/strong> \u00e7er\u00e7evesinde, san\u0131\u011f\u0131n \u00f6l\u00fcm\u00fcn\u00fcn yarg\u0131lama s\u00fcrecine etkileri de dikkate al\u0131nmal\u0131d\u0131r. CMK&#8217;n\u0131n <strong>223. maddesinin 2. f\u0131kras\u0131na<\/strong> g\u00f6re, &#8220;San\u0131\u011f\u0131n\u2063 \u00f6l\u00fcm\u00fc \u200dnedeniyle davan\u0131n \u2063d\u00fc\u015fmesi h\u00e2linde, zaruret h\u00e2linde ba\u015fka bir\u200d kural uygulanmaz.&#8221;\u200c bu madde,\u200c \u00f6l\u00fcm sonras\u0131 yarg\u0131laman\u0131n sona erece\u011fini \u2064peki\u015ftirmektedir. Bu durum, \u00f6zellikle soru\u015fturma \u2062veya kovu\u015fturma a\u015famalar\u0131nda,\u2062 san\u0131\u011f\u0131n yoklu\u011funda y\u00fcr\u00fct\u00fclen i\u015flemlerin \u200cge\u00e7ersiz olaca\u011f\u0131n\u0131 ifade eder.<\/p>\n<\/p>\n<h2 id=\"ozel-af-ve-genel-af-kavramlarinin-hukuki-cercevesi\">\u00d6zel\u200c Af ve Genel Af Kavramlar\u0131n\u0131n Hukuki \u00c7er\u00e7evesi<\/h2>\n<p>T\u00fcrk Ceza Kanunu (TCK) a\u00e7\u0131s\u0131ndan, <strong>\u00f6zel af<\/strong> kavram\u0131, belirli\u2063 bir ki\u015fi veya gruba\u200d y\u00f6nelik olarak yap\u0131lan af i\u015flemi olarak tan\u0131mlanabilir. TCK&#8217;n\u0131n 104. maddesinde, \u201cMahkemece verilen ceza, \u00f6zel af ile kald\u0131r\u0131lmaz.\u201d \u200cifadesi, \u00f6zel af uygulamalar\u0131n\u0131n s\u0131n\u0131rl\u0131 bir hukuk\u00ee\u200d \u00e7er\u00e7evede oldu\u011funu \u2063g\u00f6stermektedir. \u00d6zel\u200c af, genellikle yasama organ\u0131n\u0131n veya \u200dy\u00fcr\u00fctme organ\u0131n\u0131n inisiyatifinde bulunan d\u00fczenlemelerle ger\u00e7ekle\u015ftirilmektedir. Ancak, bu af t\u00fcr\u00fc, ceza yarg\u0131lamas\u0131 s\u00fcrecinde \u2062belirli ko\u015fullar alt\u0131nda uyguland\u0131\u011f\u0131nda, san\u0131k veya h\u00fck\u00fcml\u00fclerin\u200d haklar\u0131n\u0131 do\u011frudan etkileyebilmektedir.<\/p>\n<p>Di\u011fer bir\u200d af t\u00fcr\u00fc olan <strong>genel af<\/strong>, belirli bir su\u00e7lar grubunu ya da t\u00fcm bireyleri kapsayan, kamu d\u00fczeni a\u00e7\u0131s\u0131ndan\u2063 \u00f6nem ta\u015f\u0131yan bir aff\u0131 ifade eder. Bu hem kamuoyunu rahatlatma \u2063hem de ceza infaz sistemine y\u00f6nelik y\u00fckleri azaltma \u2064amac\u0131 ta\u015f\u0131r. TCK&#8217;n\u0131n 105. maddesinde genel af hakk\u0131nda, \u2064\u201cGenel\u200c af, yasama organ\u0131 taraf\u0131ndan kabul edilen bir kanunla \u2064ilan edilir.\u201d denilmektedir. Genel af, uygulamada \u00e7o\u011funlukla sava\u015f\u200c d\u00f6nemlerinde veya sosyal kriz d\u00f6nemlerinde \u200cortaya \u00e7\u0131kmaktad\u0131r; bu durum, ceza infaz kurumlar\u0131n\u0131n \u200b\u00fczerindeki y\u00fck\u00fc hafifletme amac\u0131n\u0131 g\u00fctmektedir.<\/p>\n<p>Ayr\u0131ca, dava zamana\u015f\u0131m\u0131 ve ceza zamana\u015f\u0131m\u0131 kavramlar\u0131 da hukuki \u00e7er\u00e7evenin\u200d \u00f6nemli unsurlar\u0131n\u0131 olu\u015fturur. TCK&#8217;n\u0131n 66. maddesine g\u00f6re, \u201cBir su\u00e7tan \u200bdolay\u0131 kamu davas\u0131 a\u00e7\u0131lmas\u0131 i\u00e7in \u00f6ng\u00f6r\u00fclen s\u00fcreler, zamana\u015f\u0131m\u0131n\u0131n ba\u015flang\u0131c\u0131n\u0131 olu\u015fturur.\u201d\u2063 Dava zamana\u015f\u0131m\u0131, belirli bir s\u00fcre\u200b i\u00e7inde dava a\u00e7\u0131lmad\u0131\u011f\u0131 takdirde, davan\u0131n d\u00fc\u015fmesini ifade ederken; ceza zamana\u015f\u0131m\u0131, h\u00fckmedilen cezan\u0131n infaz edilmesinin m\u00fcmk\u00fcn olmad\u0131\u011f\u0131\u200b durumu ortaya koymaktad\u0131r. Genel olarak, zamana\u015f\u0131m\u0131 s\u00fcreleri su\u00e7lar\u0131n \u200bniteli\u011fine\u2064 g\u00f6re de\u011fi\u015fiklik\u200c g\u00f6stermektedir.<\/p>\n<p>Bunun \u200byan\u0131 \u2064s\u0131ra, dava zamana\u015f\u0131m\u0131n\u0131n durmas\u0131 veya kesilmesi de m\u00fchim \u200dhukuki\u2064 sonu\u00e7lar do\u011furabilmektedir. TCK&#8217;n\u0131n 67. maddesi, \u201cDava zamana\u015f\u0131m\u0131n\u0131n durmas\u0131, san\u0131\u011f\u0131n veya san\u0131klar\u0131n bulunmamas\u0131 \u2062veya yarg\u0131laman\u0131n yap\u0131lmas\u0131na\u2064 engel olan ko\u015fullar\u0131n varl\u0131\u011f\u0131 durumunda m\u00fcmk\u00fcnd\u00fcr.\u201d \u015feklinde d\u00fczenlenmi\u015ftir. \u015eikayete\u200d ba\u011fl\u0131 su\u00e7lar i\u00e7in ise, zamana\u015f\u0131m\u0131n\u0131n \u200cs\u00fcresi,\u200b ma\u011fdurun \u200d\u015fikayetini geri\u200d almas\u0131yla etkilenebilir. Bu ba\u011flamda, Ceza Kanunu\u2019nun 66. ve 67. maddeleri, hem dava hem de ceza\u200b zamana\u015f\u0131m\u0131n\u0131 belirleyen hukuki \u00e7er\u00e7eveyi olu\u015fturmakta ve san\u0131klar \u2062i\u00e7in \u200d\u00f6nemli \u2063do\u011fal \u200csonu\u00e7lar do\u011furabilmektedir.<\/p>\n<p><img decoding=\"async\" class=\"kimage_class lazyload\" data-src=\"https:\/\/denizcankizil.tr\/wp-content\/uploads\/2024\/10\/AMxoKB.jpg\" alt=\"Dava Zamana\u015f\u0131m\u0131 S\u00fcresi ve Uygulamalar\u0131ndaki G\u00fcncel \u2064Geli\u015fmeler\" src=\"data:image\/svg+xml;base64,PHN2ZyB3aWR0aD0iMSIgaGVpZ2h0PSIxIiB4bWxucz0iaHR0cDovL3d3dy53My5vcmcvMjAwMC9zdmciPjwvc3ZnPg==\" style=\"--smush-placeholder-width: 1024px; --smush-placeholder-aspect-ratio: 1024\/768;\" \/><\/p>\n<h2 id=\"dava-zamanasimi-suresi-ve-uygulamalarindaki-guncel-gelismeler\">Dava \u200bZamana\u015f\u0131m\u0131 \u200cS\u00fcresi ve Uygulamalar\u0131ndaki G\u00fcncel Geli\u015fmeler<\/h2>\n<p><strong>Dava Zamana\u015f\u0131m\u0131 S\u00fcresi:<\/strong> T\u00fcrk ceza \u200bhukukunda dava zamana\u015f\u0131m\u0131 s\u00fcresi, ceza davas\u0131n\u0131n belirli bir s\u00fcre \u200bi\u00e7inde a\u00e7\u0131lmamas\u0131\u2062 durumunda, kamunun\u2063 cezaland\u0131rma\u2064 yetkisinin \u2063d\u00fc\u015fmesi anlam\u0131na\u2063 gelir. 5237 say\u0131l\u0131 T\u00fcrk Ceza Kanunu\u2019nun 66. maddesine g\u00f6re, \u201cKasten i\u015flenen \u200dsu\u00e7lar i\u00e7in zamana\u015f\u0131m\u0131 s\u00fcresi, su\u00e7un i\u015flendi\u011fi tarihten itibaren on be\u015f y\u0131ld\u0131r.\u201d Ancak zamana\u015f\u0131m\u0131n\u0131n s\u00fcresi, i\u015flenen su\u00e7un niteli\u011fine \u2063g\u00f6re de\u011fi\u015fiklik g\u00f6stermektedir. \u00d6rne\u011fin, <strong>maddenin 2. f\u0131kras\u0131na<\/strong> \u2063 g\u00f6re, \u201cCezas\u0131 on sekiz aydan fazla hapis cezas\u0131n\u0131 gerektiren su\u00e7larda, zamana\u015f\u0131m\u0131 s\u00fcresi, su\u00e7un i\u015flendi\u011fi\u200c tarihten itibaren on\u2062 y\u0131l\u201d olarak \u200cbelirlenmektedir.<\/p>\n<p><strong>Dava Zamana\u015f\u0131m\u0131n\u0131n Durmas\u0131 \u2064veya Kesilmesi:<\/strong> Dava zamana\u015f\u0131m\u0131n\u0131n\u200c durmas\u0131\u2063 veya \u2063kesilmesi, 5237\u2064 say\u0131l\u0131\u200d Kanun&#8217;un \u200b67. ve 68. \u200cmaddelerine\u2064 dayanmaktad\u0131r. Zamana\u015f\u0131m\u0131n\u0131n\u200b durmas\u0131 halleri aras\u0131nda, \u201c\u015eikayet\u2062 \u00fczerine soru\u015fturma a\u015famas\u0131nda davan\u0131n a\u00e7\u0131lmas\u0131\u201d, \u201cSan\u0131\u011f\u0131n yurt d\u0131\u015f\u0131nda bulunmas\u0131\u201d, \u201cSan\u0131\u011f\u0131n olay\u0131n meydana gelmesinden sonra ge\u00e7ici olarak ak\u0131l sa\u011fl\u0131\u011f\u0131n\u0131 kaybetmesi\u201d gibi durumlar yer almaktad\u0131r. Kesilme ise, \u201cCezay\u0131 gerektiren fiilin ortaya \u00e7\u0131kmas\u0131\u201d\u2064 veya \u201cDavayla ilgili yarg\u0131laman\u0131n ba\u015flamas\u0131\u201d \u2063durumlar\u0131nda ger\u00e7ekle\u015fir. \u00d6zellikle \u200d <strong>maddenin 4. f\u0131kras\u0131na<\/strong> \u2064 g\u00f6re, \u201cZamana\u015f\u0131m\u0131 s\u00fcresinin ba\u015flang\u0131c\u0131, mahkumiyet karar\u0131n\u0131n kesinle\u015fmesiyle ba\u015flar.\u201d<\/p>\n<p><strong>Ceza Zamana\u015f\u0131m\u0131\u2064 S\u00fcresi:<\/strong> Ceza zamana\u015f\u0131m\u0131 s\u00fcresi, T\u00fcrk Ceza Kanunu\u2019nun 66. \u2064maddesi \u200cile 5242\u2063 say\u0131l\u0131 Kanun\u2019un Ek 1. maddesinde d\u00fczenlenmektedir. Burada, \u201cCezas\u0131 alt\u0131 \u2062aydan fazla olan\u200c su\u00e7lar i\u00e7in, zamana\u015f\u0131m\u0131 s\u00fcresi, cezan\u0131n infaz\u0131 i\u00e7in gereken s\u00fcreye\u2064 ba\u011fl\u0131d\u0131r\u201d ifadesi yer almaktad\u0131r. Yine, \u201cCezas\u0131\u2064 on iki aydan fazla olan su\u00e7lar \u2063i\u00e7in, zamana\u015f\u0131m\u0131 s\u00fcresi, cezan\u0131n infaz tarihinden alt\u0131 ayd\u0131r.\u201d Cezan\u0131n niteli\u011fine g\u00f6re \u2062zamana\u015f\u0131m\u0131 s\u00fcreleri de\u011fi\u015fiklik \u200bg\u00f6sterebilmektedir. \u2062Uygulamada, \u00f6zellikle <strong>maddenin 3. f\u0131kras\u0131nda<\/strong> belirtilen\u200c \u201cZamana\u015f\u0131m\u0131na \u200dtabi\u2063 su\u00e7larda,\u200b ceza s\u00fcresinin \u200csona ermesiyle\u2062 sonu\u00e7lan\u0131r\u201d ifadesi b\u00fcy\u00fck \u00f6nem ta\u015f\u0131maktad\u0131r.<\/p>\n<p><strong>\u015eikayete Ba\u011fl\u0131 Su\u00e7lar:<\/strong> T\u00fcrk Ceza Kanunu\u2019nda \u200c\u015fikayete ba\u011fl\u0131 su\u00e7lar i\u00e7in \u00f6zel bir d\u00fczenleme vard\u0131r. 5271 say\u0131l\u0131 Ceza Muhakemesi\u2064 Kanunu&#8217;nun\u2062 73. maddesi, \u201c\u015eikayete ba\u011fl\u0131 su\u00e7larda, ma\u011fdurun\u200d \u015fikayet etmemesi \u200cdurumunda, a\u00e7\u0131lan davan\u0131n\u2063 d\u00fc\u015fece\u011fini\u201d ifade eder. Ayr\u0131ca, zamana\u015f\u0131m\u0131n\u0131n s\u00fcresi\u200c bu ba\u011flamda \u00f6nem\u200d ta\u015f\u0131maktad\u0131r. \u2063Ma\u011fdurun\u200c \u015fikayette bulunmad\u0131\u011f\u0131 durumlarda, zamana\u015f\u0131m\u0131 \u2062s\u00fcresi doldu\u011funda su\u00e7un cezaland\u0131r\u0131lmas\u0131 \u2063m\u00fcmk\u00fcn olmayacakt\u0131r. <strong>Madde 73&#8217;\u00fcn \u200b2. f\u0131kras\u0131nda<\/strong> ise, \u201cDavaya konu su\u00e7la ilgili ma\u011fdurun,\u200d haklar\u0131n\u0131n dolmas\u0131yla birlikte, dava \u00fczerindeki \u015fikayet hakk\u0131n\u0131 kaybedece\u011fi\u201d belirtilmi\u015ftir. Bu hususlar, T\u00fcrk ceza hukukunda zamana\u015f\u0131m\u0131\u2062 s\u00fcrelerinin ciddiyetini vurgulamaktad\u0131r.<\/p>\n<p><img decoding=\"async\" class=\"kimage_class lazyload\" data-src=\"https:\/\/denizcankizil.tr\/wp-content\/uploads\/2024\/10\/AosTmM.jpg\" alt=\"Dava Zamana\u015f\u0131m\u0131n\u0131n Durmas\u0131 veya Kesilmesi H\u00fck\u00fcmleri\" src=\"data:image\/svg+xml;base64,PHN2ZyB3aWR0aD0iMSIgaGVpZ2h0PSIxIiB4bWxucz0iaHR0cDovL3d3dy53My5vcmcvMjAwMC9zdmciPjwvc3ZnPg==\" style=\"--smush-placeholder-width: 1024px; --smush-placeholder-aspect-ratio: 1024\/768;\" \/><\/p>\n<h2 id=\"dava-zamanasiminin-durmasi-veya-kesilmesi-hukumleri\">Dava Zamana\u015f\u0131m\u0131n\u0131n Durmas\u0131 veya Kesilmesi\u200b H\u00fck\u00fcmleri<\/h2>\n<p>T\u00fcrk Ceza Kanunu\u2019nda dava zamana\u015f\u0131m\u0131n\u0131n durmas\u0131 veya kesilmesi, ceza hukukunun \u00f6nemli unsurlar\u0131ndand\u0131r. Dava\u2064 zamana\u015f\u0131m\u0131n\u0131n durmas\u0131, belirli durumlar\u0131n varl\u0131\u011f\u0131 halinde \u200ds\u00fcrecin durmas\u0131na neden olur. Buna g\u00f6re, <strong>T\u00fcrk Ceza Kanunu\u2019nun 66\/1. maddesi<\/strong> gere\u011fince, \u201cDava \u2063zamana\u015f\u0131m\u0131, su\u00e7un i\u015flenmesinden itibaren \u200don y\u0131l i\u00e7inde dava a\u00e7\u0131lmad\u0131\u011f\u0131 takdirde olu\u015fur.\u201d Ancak, zamana\u015f\u0131m\u0131 s\u00fcresi baz\u0131 durumlarda durabilir.<\/p>\n<p>Dava zamana\u015f\u0131m\u0131n\u0131n durmas\u0131na neden olan durumlar aras\u0131nda, san\u0131\u011f\u0131n yakalanmamas\u0131 veya dava \u200dkonusu su\u00e7tan dolay\u0131 san\u0131\u011f\u0131n h\u00e2kim \u00f6n\u00fcne \u2063\u00e7\u0131kar\u0131lmamas\u0131 gibi sebepler yer almaktad\u0131r. <strong>T\u00fcrk Ceza Kanunu\u2019nun 66\/2. \u2064maddesi<\/strong> \u015funlar\u0131 belirtmektedir: &#8220;Dava zamana\u015f\u0131m\u0131, san\u0131\u011f\u0131n ger\u00e7ek Kimli\u011finin tespit \u2064edilememesi veya ceza ehliyeti bulunmamas\u0131 durumlar\u0131nda durur.&#8221; Bu hal, su\u00e7un soru\u015fturulmas\u0131 ve\u200d kovu\u015fturulmas\u0131 s\u00fcrecinde \u00f6nemli bir etkiye \u200csahiptir.<\/p>\n<p>Dava zamana\u015f\u0131m\u0131n\u0131n\u2062 kesilmesi, dava s\u00fcrecinin belirli bir anda tekrar i\u015flemesi anlam\u0131na gelir. <strong>T\u00fcrk Ceza Kanunu\u2019nun \u206267\/1. maddesi<\/strong> \u2063 uyar\u0131nca, &#8220;Dava zamana\u015f\u0131m\u0131, san\u0131\u011f\u0131n \u2062duru\u015fmada\u200d haz\u0131r edilmedi\u011fi ya da yarg\u0131tay incelemesi s\u0131ras\u0131nda tan\u0131k ya\u200b da delillerin dinlenilmesi gibi sebeplerle kesilir.&#8221; Bu hal, davan\u0131n \u2062belirli bir\u200b s\u00fcre i\u00e7erisinde\u200c sona ermesine\u2064 engel olarak, s\u00fcrelerin yeniden ba\u015flamas\u0131na yol a\u00e7ar.<\/p>\n<p>Genel olarak, dava zamana\u015f\u0131m\u0131n\u0131n durmas\u0131 veya kesilmesi, su\u00e7lar\u0131n etkin bir \u015fekilde soru\u015fturulmas\u0131 \u200bve kovu\u015fturulmas\u0131 amac\u0131yla yasal \u00e7er\u00e7evede d\u00fczenlenmi\u015ftir. <strong>T\u00fcrk Ceza Kanunu\u2019nun 66-67.\u200d maddeleri<\/strong>, bu konudaki ana hatlar\u0131 belirlemekte ve her iki \u200dhalin hukuki sonu\u00e7lar\u0131n\u0131 ortaya koymaktad\u0131r. B\u00f6ylelikle, davalar\u0131n zaman a\u015f\u0131m\u0131na u\u011framadan gere\u011fince sonu\u00e7land\u0131r\u0131labilmesi \u200dsa\u011flanm\u0131\u015f olmaktad\u0131r.<\/p>\n<p><img decoding=\"async\" class=\"kimage_class lazyload\" data-src=\"https:\/\/denizcankizil.tr\/wp-content\/uploads\/2024\/10\/nasimi.jpg\" alt=\"Ceza Zamana\u015f\u0131m\u0131n\u0131n \u0130\u015fleyi\u015fi ve Yarg\u0131lamaya Etkisi\" src=\"data:image\/svg+xml;base64,PHN2ZyB3aWR0aD0iMSIgaGVpZ2h0PSIxIiB4bWxucz0iaHR0cDovL3d3dy53My5vcmcvMjAwMC9zdmciPjwvc3ZnPg==\" style=\"--smush-placeholder-width: 828px; --smush-placeholder-aspect-ratio: 828\/315;\" \/><\/p>\n<h2 id=\"ceza-zamanasiminin-isleyisi-ve-yargilamaya-etkisi\">Ceza Zamana\u015f\u0131m\u0131n\u0131n \u0130\u015fleyi\u015fi ve Yarg\u0131lamaya Etkisi<\/h2>\n<p>T\u00fcrk Ceza Kanunu\u2019nda ceza zamana\u015f\u0131m\u0131,\u200b su\u00e7un kanunla \u00f6ng\u00f6r\u00fclen cezas\u0131n\u0131n infaz edilebilmesi i\u00e7in gerekli olan s\u00fcreleri belirlemektedir. Ceza zamana\u015f\u0131m\u0131, T\u00fcrk \u200bCeza Kanunu&#8217;nun 66. maddesi ile tan\u0131mlanm\u0131\u015ft\u0131r. Bu maddeye g\u00f6re, &#8220;Bir su\u00e7 i\u00e7in \u2064\u00f6ng\u00f6r\u00fclen cezan\u0131n infaz\u0131 i\u00e7in gerekli olan s\u00fcre, su\u00e7un\u2064 i\u015flenmesi ile ba\u015flar.&#8221; Zamana\u015f\u0131m\u0131n\u0131n hedefi, su\u00e7lular\u0131n belirli bir s\u00fcre sonunda cezaland\u0131r\u0131lmas\u0131n\u0131 engelleyerek, \u200ctoplumsal huzuru sa\u011flamakt\u0131r. Ayr\u0131ca, bu s\u00fcre zarf\u0131nda su\u00e7un delillerinin toplanmas\u0131, olay\u0131n tan\u0131klar\u0131n\u0131n hat\u0131rlanmas\u0131 \u2062ve toplumun adalet anlay\u0131\u015f\u0131 gibi fakt\u00f6rler g\u00f6z \u00f6n\u00fcnde bulundurulmal\u0131d\u0131r.<\/p>\n<p>Ceza zamana\u015f\u0131m\u0131n\u0131n s\u00fcresi, su\u00e7un niteli\u011fine g\u00f6re de\u011fi\u015fiklik \u200bg\u00f6stermektedir. T\u00fcrk Ceza Kanunu\u2019nda su\u00e7lar\u0131n zamana\u015f\u0131m\u0131 s\u00fcreleri, su\u00e7un t\u00fcr\u00fcne\u200b ve cezan\u0131n \u2062niteli\u011fine g\u00f6re belirlenir. \u00d6rne\u011fin, 66. maddenin ikinci\u2063 f\u0131kras\u0131nda, &#8220;Onbe\u015f y\u0131l veya daha fazla hapis cezas\u0131 \u00f6ng\u00f6ren su\u00e7lar\u200d i\u00e7in zamana\u015f\u0131m\u0131 s\u00fcresi on y\u0131ld\u0131r&#8221; \u200ddenilmektedir. Buna ek olarak, 67. madde, &#8220;\u00f6ng\u00f6r\u00fclen ceza iki y\u0131l veya daha az hapis cezas\u0131 ise zamana\u015f\u0131m\u0131 s\u00fcresi be\u015f\u2062 y\u0131ld\u0131r&#8221; ifadesiyle belirtilmi\u015ftir. B\u00f6ylece, her su\u00e7 i\u00e7in ge\u00e7erli olan zamana\u015f\u0131m\u0131 s\u00fcreleri, T\u00fcrk Ceza Kanunu\u2019nun ilgili maddeleriyle net bir \u015fekilde d\u00fczenlenmi\u015ftir.<\/p>\n<p>Ayr\u0131ca, zamana\u015f\u0131m\u0131n\u0131n durmas\u0131 veya kesilmesi durumlar\u0131 da\u200d T\u00fcrk\u200c Ceza Kanunu\u2019nda \u2062yer almaktad\u0131r. 68. maddede, &#8220;Zamana\u015f\u0131m\u0131 s\u00fcreleri, yarg\u0131lamaya ba\u015flanmam\u0131\u015f ise su\u00e7un i\u015flendi\u011fi tarihten itibaren durur&#8221; ifadesi, bu\u2064 durumu a\u00e7\u0131klamaktad\u0131r. Bunun yan\u0131 s\u0131ra, \u2063soru\u015fturman\u0131n ba\u015flamas\u0131 halinde, zamana\u015f\u0131m\u0131 s\u00fcresi de durur. 68. maddenin ikinci f\u0131kras\u0131nda, &#8220;Zamana\u015f\u0131m\u0131 s\u00fcresi, yarg\u0131laman\u0131n yap\u0131lmas\u0131 \u200cengellenen durumlarda da durur&#8221;\u2062 denilmektedir. Bu d\u00fczenlemeler, adaletin tecellisi a\u00e7\u0131s\u0131ndan \u00f6nemli bir\u2062 rol oynar ve\u2062 zamana\u015f\u0131m\u0131n\u0131n i\u015fleyi\u015fini etkileyen\u2063 kritik unsurlard\u0131r.<\/p>\n<p>Baz\u0131\u2063 su\u00e7lar ise, \u015fikayete \u2063ba\u011fl\u0131 \u2064su\u00e7lar olarak kabul edilmekte ve bu durumlarda\u2062 da zamana\u015f\u0131m\u0131 \u00f6nemli bir etkiye sahiptir. T\u00fcrk Ceza Kanunu\u2019nun 73. maddesi, &#8220;\u015eikayete ba\u011fl\u0131 su\u00e7lar \u2063i\u00e7in zamana\u015f\u0131m\u0131 s\u00fcresi, \u015fikayetin yap\u0131lmas\u0131yla ba\u015flar&#8221; demektedir. Bu ba\u011flamda, \u015fikayetin yap\u0131lmamas\u0131 durumunda zamana\u015f\u0131m\u0131 s\u00fcresinin dolmas\u0131, \u2062san\u0131\u011f\u0131n cezaevine girmesini engelleyebilir. Dolay\u0131s\u0131yla, \u015fikayete ba\u011fl\u0131 su\u00e7lar s\u00f6z konusu oldu\u011funda, ma\u011fdurun tutumu ve \u015fikayetin zaman\u0131nda \u200dyap\u0131lmas\u0131, ceza zamana\u015f\u0131m\u0131 a\u00e7\u0131s\u0131ndan kritik bir \u00f6neme sahiptir. Bu maddeler, T\u00fcrk ceza uygulamalar\u0131nda belirli bir hukuka uygunluk sa\u011flamaktad\u0131r.<\/p>\n<p><img decoding=\"async\" class=\"kimage_class lazyload\" data-src=\"https:\/\/denizcankizil.tr\/wp-content\/uploads\/2024\/10\/80x470.jpg\" alt=\"Soru\u015fturma veya Kovu\u015fturulmas\u0131 \u015eikayete Ba\u011fl\u0131 Su\u00e7lar \u00dczerine De\u011ferlendirme\" src=\"data:image\/svg+xml;base64,PHN2ZyB3aWR0aD0iMSIgaGVpZ2h0PSIxIiB4bWxucz0iaHR0cDovL3d3dy53My5vcmcvMjAwMC9zdmciPjwvc3ZnPg==\" style=\"--smush-placeholder-width: 780px; --smush-placeholder-aspect-ratio: 780\/470;\" \/><\/p>\n<h2 id=\"sorusturma-veya-kovusturulmasi-sikayete-bagli-suclar-uzerine-degerlendirme\">Soru\u015fturma veya Kovu\u015fturulmas\u0131 \u015eikayete\u200d Ba\u011fl\u0131 Su\u00e7lar \u00dczerine De\u011ferlendirme<\/h2>\n<p>Soru\u015fturma veya kovu\u015fturulmas\u0131 \u015fikayete ba\u011fl\u0131 su\u00e7lar, T\u00fcrk Ceza\u200d Kanunu\u2019nda (TCK) belirli maddelerle d\u00fczenlenmi\u015ftir. TCK\u2019n\u0131n <strong>\u015fikayet<\/strong> ile ilgili su\u00e7lar\u0131, belirlenen s\u00fcreler i\u00e7erisinde yap\u0131lmas\u0131 gereken ba\u015fvurular ile yetki kazan\u0131r. Bu \u2062t\u00fcr su\u00e7lar\u0131n en \u00f6nemli \u00f6zellikleri, ma\u011fdurun\u2064 \u015fikayeti\u2064 olmaks\u0131z\u0131n soru\u015fturma veya kovu\u015fturma yap\u0131lmamas\u0131d\u0131r. Dolay\u0131s\u0131yla, ifadeye g\u00f6re, \u015fikayet olmaks\u0131z\u0131n cezaland\u0131rma m\u00fcmk\u00fcn de\u011fildir. TCK&#8217;n\u0131n <strong>\u015fikayete\u200b ba\u011fl\u0131 su\u00e7lar<\/strong> ile ilgili h\u00fck\u00fcmlerinin yer ald\u0131\u011f\u0131 <strong>madde 73<\/strong> \u015fu\u2062 \u015fekildedir: \u201cSoru\u015fturma veya kovu\u015fturulmas\u0131 \u015fikayete ba\u011fl\u0131 su\u00e7lar, ma\u011fdur taraf\u0131ndan \u015fikayet edilmedi\u011fi takdirde, re&#8217;sen soru\u015fturulamaz.\u201d<\/p>\n<p>Bu t\u00fcr su\u00e7lar, belirli istisnalar d\u0131\u015f\u0131nda, do\u011frudan\u2064 ma\u011fdurlar\u0131n\u0131n\u200b \u015fikayetleri\u2062 ile i\u015flem g\u00f6rmektedir. \u00d6rne\u011fin, baz\u0131 \u2063durumlarda kamu d\u00fczeninin korunmas\u0131 amac\u0131yla, \u015fikayet\u2062 aranmaks\u0131z\u0131n soru\u015fturma yap\u0131labilmektedir. Bunu d\u00fczenleyen h\u00fck\u00fcm, TCK\u2019n\u0131n <strong>madde 75<\/strong> f\u0131kras\u0131d\u0131r: \u201c\u015eikayet \u200baranmaks\u0131z\u0131n soru\u015fturma veya kovu\u015fturulmas\u0131na yetkili\u2062 mahkemeler, kamu\u2019ordre\u2019\u00fc korumak\u2063 amac\u0131yla m\u00fcdahale etme yetkisine sahiptir.\u201d<\/p>\n<p>Dava \u200ds\u00fcrecinin ba\u015flamas\u0131 i\u00e7in \u015fikayet, ilgili su\u00e7un i\u015flenmesinin\u200d ard\u0131ndan belirli \u2062bir s\u00fcre i\u00e7erisinde yap\u0131lmal\u0131d\u0131r. TCK\u2019n\u0131n <strong>madde 68<\/strong> uyar\u0131nca, \u015fikayete ba\u011fl\u0131 su\u00e7larda soru\u015fturma ve kovu\u015fturma\u200d s\u00fcreleri, belirlenmi\u015f\u2064 olan zamana\u015f\u0131m\u0131 kurallar\u0131na tabi olup, bu s\u00fcrelerin ge\u00e7mesiyle birlikte dava\u2064 a\u00e7ma hakk\u0131 son\u2064 bulacakt\u0131r. Madde \u015f\u00f6yle der: \u201c\u015eikayete \u2062ba\u011fl\u0131 \u2063su\u00e7larda zamana\u015f\u0131m\u0131 s\u00fcreleri, kitabe ba\u011fl\u0131 olarak on iki aydan on y\u0131la kadar de\u011fi\u015fiklik\u2064 g\u00f6sterebilir.\u201d<\/p>\n<p>\u00d6te\u2063 yandan, zamana\u015f\u0131m\u0131n\u0131n durmas\u0131 ve kesilmesi, belirli durumlar\u2062 s\u00f6z konusu oldu\u011funda m\u00fcmk\u00fcn olmaktad\u0131r.\u2063 TCK\u2019n\u0131n <strong>madde\u2062 68<\/strong> \u2063 f\u0131kralar\u0131nda belirtilen bu durumlar, \u015fikayet\u00e7i veya san\u0131\u011f\u0131n iradesinin bulunmamas\u0131 gibi sebeplerle ilgili s\u00fcrecin aksamas\u0131n\u0131 i\u00e7ermektedir. Ayr\u0131ca, zamana\u015f\u0131m\u0131n\u0131n durma veya kesilmesi i\u015flemleri, \u015fikayet konusunun a\u00e7\u0131\u011fa \u00e7\u0131kmas\u0131 ya da yeni delilin elde\u2064 edilmesiyle de\u2062 etkili olabilmektedir. Bu kapsamda, zamana\u015f\u0131m\u0131na ili\u015fkin\u200c temel d\u00fczenlemeleri i\u00e7eren bir \u2063tablo sunmak gerekirse:<\/p>\n<table class=\"wp-block-table\">\n<thead>\n<tr>\n<th><strong>Zamana\u015f\u0131m\u0131 S\u00fcresi<\/strong><\/th>\n<th><strong>Madde<\/strong><\/th>\n<\/tr>\n<\/thead>\n<tbody>\n<tr>\n<td>1 y\u0131l<\/td>\n<td>\u015eikayete ba\u011fl\u0131 basit su\u00e7lar<\/td>\n<\/tr>\n<tr>\n<td>3 y\u0131l<\/td>\n<td>A\u011f\u0131r yaralama<\/td>\n<\/tr>\n<tr>\n<td>8 y\u0131l<\/td>\n<td>Hakaret<\/td>\n<\/tr>\n<tr>\n<td>10 y\u0131l<\/td>\n<td>Cinsel taciz<\/td>\n<\/tr>\n<\/tbody>\n<\/table>\n<h2 id=\"hukuki-uygulamalarda-davanin-zamanasimina-iliskin-oneriler\">Hukuki Uygulamalarda Davan\u0131n Zamana\u015f\u0131m\u0131na \u0130li\u015fkin \u00d6neriler<\/h2>\n<p>T\u00fcrk Ceza Kanunu&#8217;na g\u00f6re, davan\u0131n zamana\u015f\u0131m\u0131, ceza hukukunda \u00f6nemli \u2063bir yer tutmaktad\u0131r. 5271 say\u0131l\u0131 Ceza \u200bMuhakemesi Kanunu&#8217;nun <strong>66.\u200b maddesine<\/strong> g\u00f6re, \u201cKovu\u015fturma zamana\u015f\u0131m\u0131n\u0131n\u2064 dolmas\u0131, su\u00e7un i\u015flenmesi ile ba\u015flar.\u201d Bu ba\u011flamda, zaman a\u015f\u0131m\u0131 s\u00fcreleri su\u00e7un niteli\u011fine ba\u011fl\u0131 olarak de\u011fi\u015fiklik g\u00f6stermektedir. \u00d6rne\u011fin, su\u00e7un niteli\u011fi gere\u011fi i\u015fkence,\u2064 cinsel \u2063sald\u0131r\u0131 gibi a\u011f\u0131r su\u00e7lar i\u00e7in \u00f6ng\u00f6r\u00fclen zamana\u015f\u0131m\u0131 s\u00fcresi on y\u0131l iken, daha hafif su\u00e7lar i\u00e7in bu s\u00fcre \u200biki y\u0131ld\u0131r. Bu s\u00fcrelerin i\u00e7eri\u011fi ve tamamlanma ko\u015fullar\u0131, \u200byarg\u0131laman\u0131n etkinli\u011fi ve adaletin sa\u011flanmas\u0131\u200c a\u00e7\u0131s\u0131ndan b\u00fcy\u00fck \u00f6nem ta\u015f\u0131maktad\u0131r.<\/p>\n<p>Zamana\u015f\u0131m\u0131n\u0131n kesilmesi ve durmas\u0131, ceza yarg\u0131lamas\u0131nda \u00f6nemli bir di\u011fer konudur. Ceza Muhakemesi Kanunu\u2019nun <strong>67. maddesi<\/strong> \u201cZamana\u015f\u0131m\u0131n\u0131n kesilmesi\u201d ba\u015fl\u0131\u011f\u0131 alt\u0131nda, \u201cZamana\u015f\u0131m\u0131 s\u00fcreleri, ceza mahkemesi taraf\u0131ndan verilmi\u015f olan karar\u0131n istinaf edilmesi veya temyiz talep edilmesi durumunda kesilecektir.\u201d \u015feklinde d\u00fczenlenmi\u015ftir. Bu durum, davan\u0131n daha uzun s\u00fcrmesine yol a\u00e7arken, san\u0131\u011f\u0131n haklar\u0131 \u200da\u00e7\u0131s\u0131ndan \u200bda dikkate al\u0131nmas\u0131\u200c gereken bir konudur. Zamana\u015f\u0131m\u0131n\u0131n durmas\u0131 ise, <strong>CMK 68<\/strong> kapsam\u0131nda belirlenmi\u015f olan, \u201cSan\u0131\u011f\u0131n yurt d\u0131\u015f\u0131nda bulunmas\u0131, ceza yarg\u0131lamas\u0131 sona ermemi\u015f olan ve san\u0131\u011f\u0131n ceza s\u00fcrelerini ge\u00e7ici olarak ertelemesi\u2064 \u015fartlar\u0131na ba\u011fl\u0131 olarak da ba\u015f g\u00f6sterebilir.\u201d ifadesiyle a\u00e7\u0131klanmaktad\u0131r.<\/p>\n<p>\u00d6zel af ve\u200d genel af, zamana\u015f\u0131m\u0131n\u0131 etkileyen di\u011fer unsurlard\u0131r. 5352 say\u0131l\u0131 Afgelen Genel Af Kanunu\u2019na g\u00f6re, \u201cHukuki bir nedenle verilen cezalar\u0131n veya g\u00fcvenlik tedbirlerinin infaz\u0131,\u2063 af karar\u0131yla ortadan kald\u0131r\u0131lm\u0131\u015f say\u0131lacak ve bu durum\u2063 zamana\u015f\u0131m\u0131n\u0131n sona ermesine neden olacakt\u0131r.\u201d Burada af \u200ckararlar\u0131n\u0131n, herhangi bir su\u00e7 veya ceza i\u00e7in uygulanacak olmas\u0131n\u0131n yan\u0131 s\u0131ra, san\u0131\u011f\u0131n yeniden yarg\u0131lanma hakk\u0131n\u0131 ortadan kald\u0131rd\u0131\u011f\u0131\u200c durumlar da mevcuttur. Genel af\u200c durumlar\u0131nda, belirli su\u00e7lara ili\u015fkin d\u00fczenlemelerle birlikte, zaman a\u015f\u0131m\u0131 \u2063dikkate al\u0131narak davalar\u0131n\u200b t\u00fcm\u00fcyle ortadan kald\u0131r\u0131lmas\u0131 m\u00fcmk\u00fcn olabilmektedir.<\/p>\n<p>Son olarak, \u015fikayete ba\u011fl\u0131 \u2064su\u00e7lar da zamana\u015f\u0131m\u0131 \u200ba\u00e7\u0131s\u0131ndan farkl\u0131 bir de\u011ferlendirmeye\u200b tabi\u200b tutulmaktad\u0131r. T\u00fcrk\u200d Ceza Kanunu\u2019nun <strong>73. maddesi<\/strong> gere\u011fince, \u015fikayete ba\u011fl\u0131 su\u00e7lar\u0131n zamana\u015f\u0131m\u0131 s\u00fcresi, \u201c\u015eikayetin yap\u0131lmas\u0131 veya davan\u0131n a\u00e7\u0131lmas\u0131yla\u2064 ba\u015flar\u201d ifadesiyle belirtilmi\u015ftir. Bu t\u00fcr su\u00e7larda, \u2064ma\u011fdurun h\u00fcr iradesi ile hareket etmesi ve davay\u0131 geri \u00e7ekmesi, cezai s\u00fcre\u00e7leri \u00f6nemli \u00f6l\u00e7\u00fcde etkileyecektir. \u015eikayet\u2062 s\u00fcresinin ge\u00e7mi\u015f olmas\u0131 halinde, \u2062ceza davas\u0131n\u0131n devam etmesi m\u00fcmk\u00fcn olmayabilir. Bu ba\u011flamda, \u015fikayete ba\u011fl\u0131 su\u00e7lar\u0131n zaman a\u015f\u0131m\u0131na u\u011framamas\u0131 i\u00e7in ma\u011fdurlar\u0131n\u200b dikkatli bir bi\u00e7imde hareket etmesi gerekmektedir.<\/p>\n<h2 id=\"outro\">Abschlie\u00dfend<\/h2>\n<p>Sonu\u00e7 \u2064olarak, T\u00fcrk Ceza \u2064Kanunu \u00e7er\u00e7evesinde davan\u0131n ve \u200bcezan\u0131n d\u00fc\u015f\u00fcr\u00fclmesi, san\u0131\u011f\u0131n \u200dveya h\u00fck\u00fcml\u00fcn\u00fcn \u00f6l\u00fcm\u00fc, \u00f6zel ve genel af uygulamalar\u0131,\u200b zamana\u015f\u0131m\u0131 s\u00fcre\u00e7leri gibi hukuki kavramlar, ceza hukukunun karma\u015f\u0131k yap\u0131s\u0131n\u0131n \u00f6nemli par\u00e7alar\u0131n\u0131 olu\u015fturmaktad\u0131r. Bu unsurlar, hem bireylerin haklar\u0131n\u0131n korunmas\u0131 hem de toplumsal d\u00fczenin sa\u011flanmas\u0131 a\u00e7\u0131s\u0131ndan kritik bir \u00f6neme\u2063 sahiptir. Davalarda zaman \u2064a\u015f\u0131m\u0131n\u0131n durmas\u0131 veya kesilmesi gibi durumlar\u0131n dikkate al\u0131nmas\u0131, adaletin tecellisi ad\u0131na\u200d gereklilik\u2062 ta\u015f\u0131maktad\u0131r. \u2064Ayr\u0131ca, \u015fikayete ba\u011fl\u0131 su\u00e7larda soru\u015fturma\u2064 ve kovu\u015fturma s\u00fcre\u00e7lerinin nas\u0131l i\u015fledi\u011fi, hukuk sistemimizin i\u015fleyi\u015fi bak\u0131m\u0131ndan merak edilen \u200chususlard\u0131r. Bu \u2062konular, \u200bT\u00fcrk ceza hukukunun\u200d dinamik yap\u0131s\u0131n\u0131 anlamak i\u00e7in \u00f6nemli ve detayl\u0131\u200d bir inceleme gerektirmektedir. Gelecek \u00e7al\u0131\u015fmalar\u0131n, bu hukuki meselelerin daha \u200ciyi anla\u015f\u0131lmas\u0131na ve yap\u0131lan uygulamalar\u0131n etkinli\u011fine katk\u0131da bulunmas\u0131 beklenmektedir.<\/p>","protected":false},"excerpt":{"rendered":"<p>Giri\u015f T\u00fcrk Ceza Kanunu,\u200c su\u00e7lar\u0131n tan\u0131mlanmas\u0131, cezalar\u0131n belirlenmesi ve ceza \u200binfaz sisteminin d\u00fczenlenmesi a\u00e7\u0131s\u0131ndan \u00f6nemli bir yasal \u00e7er\u00e7evedir. Bu \u00e7al\u0131\u015fmada, T\u00fcrk Ceza Kanunu \u200buyar\u0131nca \u00e7e\u015fitli yasal durumlar\u0131n incelenmesi ama\u00e7lanmaktad\u0131r. \u00d6zellikle, \u200ddavan\u0131n ve cezan\u0131n d\u00fc\u015f\u00fcr\u00fclmesi, san\u0131\u011f\u0131n veya h\u00fck\u00fcml\u00fcn\u00fcn \u00f6l\u00fcm\u00fc, \u00f6zel af ve genel af gibi konulara odaklan\u0131lacakt\u0131r. Ayr\u0131ca, dava zamana\u015f\u0131m\u0131 ile dava \u200czamana\u015f\u0131m\u0131n\u0131n durmas\u0131 veya kesilmesi, ceza zamana\u015f\u0131m\u0131 ve \u015fikayete ba\u011fl\u0131 su\u00e7lar gibi kavramlar\u0131n yasal dayanaklar\u0131 ve uygulamadaki yans\u0131malar\u0131\u2062 ayr\u0131nt\u0131l\u0131 \u200dbir\u2063 \u015fekilde ele al\u0131nacakt\u0131r. T\u00fcrk Ceza Kanunu&#8217;nun 66. maddesi, dava zamana\u015f\u0131m\u0131 s\u00fcrelerine\u200c dair temel d\u00fczenlemeleri i\u00e7ermekte, su\u00e7un niteli\u011fine g\u00f6re de\u011fi\u015fkenlik g\u00f6steren zamana\u015f\u0131m\u0131 s\u00fcreleriyle birlikte farkl\u0131 unsurlar \u00fczerinde durulmaktad\u0131r. Dava\u2064 zamana\u015f\u0131m\u0131n\u0131n durmas\u0131 ve kesilmesi \u200cgibi durumlar, ceza hukukunun dinamik yap\u0131s\u0131n\u0131 g\u00f6steren \u00f6nemli unsurlard\u0131r ve bu durumlar, suistimallerin \u00f6nlenmesi ve adaletin sa\u011flanmas\u0131 a\u00e7\u0131s\u0131ndan kritik bir\u200b rol oynamaktad\u0131r. Bu ba\u011flamda, ceza hukukunun\u200d temel ilkeleri ile \u200duyumlu bir\u2062 \u015fekilde, \u00f6zel ve genel \u2063af kurumlar\u0131 \u2064da, toplumsal \u2063bar\u0131\u015f\u0131n tesis edilmesi\u2063 bak\u0131m\u0131ndan de\u011ferlidir. T\u00fcrkiye&#8217;de af yasalar\u0131n\u0131n tarihsel geli\u015fimi ve g\u00fcncel uygulamalar\u0131, kanunlar\u0131n \u200btoplumsal etkileri\u2062 \u00fczerine yap\u0131lan ara\u015ft\u0131rmalarla desteklenerek analiz edilecektir. Ayr\u0131ca, \u015fikayete \u200bba\u011fl\u0131 su\u00e7lar\u200c ve \u2063bu\u2062 su\u00e7lar\u0131n i\u015flenmesi durumunda izlenen hukuki yollar, ceza \u200dhukukunun kapsam\u0131 i\u00e7inde \u00f6nemli bir yere sahiptir. Bu \u2063makalede,\u200b yukar\u0131da belirtilen konular\u0131n yasal \u00e7er\u00e7eveleri, ilgili mevzuatlar ve \u200cakademik kaynaklar\u200b \u0131\u015f\u0131\u011f\u0131nda ele al\u0131nacak ve ayr\u0131nt\u0131l\u0131 &hellip;<\/p>","protected":false},"author":4,"featured_media":5280,"comment_status":"open","ping_status":"open","sticky":false,"template":"","format":"standard","meta":{"_acf_changed":false,"footnotes":""},"categories":[22],"tags":[],"class_list":["post-8444","post","type-post","status-publish","format-standard","has-post-thumbnail","hentry","category-degerlendirme"],"acf":[],"yoast_head":"<!-- This site is optimized with the Yoast SEO Premium plugin v26.6 (Yoast SEO v27.1.1) - https:\/\/yoast.com\/product\/yoast-seo-premium-wordpress\/ -->\n<title>T\u00fcrk Ceza Kanununa G\u00f6re; Davan\u0131n ve Cezan\u0131n D\u00fc\u015f\u00fcr\u00fclmesi, San\u0131\u011f\u0131n veya H\u00fck\u00fcml\u00fcn\u00fcn \u00d6l\u00fcm\u00fc, \u00d6zel Af Genel Af, Dava Zamana\u015f\u0131m\u0131, Dava Zamana\u015f\u0131m\u0131 s\u00fcresinin durmas\u0131 veya Kesilmesi, Ceza Zamana\u015f\u0131m\u0131, Soru\u015fturmas\u0131 veya Kovu\u015fturulmas\u0131 \u015eikayete ba\u011fl\u0131 Su\u00e7lar - Av. Deniz Can K\u0131z\u0131l<\/title>\n<meta name=\"robots\" content=\"index, follow, max-snippet:-1, max-image-preview:large, max-video-preview:-1\" \/>\n<link rel=\"canonical\" href=\"https:\/\/denizcankizil.tr\/de\/koseyazilari\/degerlendirme\/turk-ceza-kanununa-gore-davanin-ve-cezanin-dusurulmesi-sanigin-veya-hukumlunun-olumu-ozel-af-genel-af-dava-zamanasimi-dava-zamanasimi-suresinin-durmasi-veya-kesilmesi-ceza-zamanasimi-sorusturma\/\" \/>\n<meta property=\"og:locale\" content=\"de_DE\" \/>\n<meta property=\"og:type\" content=\"article\" \/>\n<meta property=\"og:title\" content=\"T\u00fcrk Ceza Kanununa G\u00f6re; Davan\u0131n ve Cezan\u0131n D\u00fc\u015f\u00fcr\u00fclmesi, San\u0131\u011f\u0131n veya H\u00fck\u00fcml\u00fcn\u00fcn \u00d6l\u00fcm\u00fc, \u00d6zel Af Genel Af, Dava Zamana\u015f\u0131m\u0131, Dava Zamana\u015f\u0131m\u0131 s\u00fcresinin durmas\u0131 veya Kesilmesi, Ceza Zamana\u015f\u0131m\u0131, Soru\u015fturmas\u0131 veya Kovu\u015fturulmas\u0131 \u015eikayete ba\u011fl\u0131 Su\u00e7lar\" \/>\n<meta property=\"og:description\" content=\"Giri\u015f T\u00fcrk Ceza Kanunu,\u200c su\u00e7lar\u0131n tan\u0131mlanmas\u0131, cezalar\u0131n belirlenmesi ve ceza \u200binfaz sisteminin d\u00fczenlenmesi a\u00e7\u0131s\u0131ndan \u00f6nemli bir yasal \u00e7er\u00e7evedir. Bu \u00e7al\u0131\u015fmada, T\u00fcrk Ceza Kanunu \u200buyar\u0131nca \u00e7e\u015fitli yasal durumlar\u0131n incelenmesi ama\u00e7lanmaktad\u0131r. \u00d6zellikle, \u200ddavan\u0131n ve cezan\u0131n d\u00fc\u015f\u00fcr\u00fclmesi, san\u0131\u011f\u0131n veya h\u00fck\u00fcml\u00fcn\u00fcn \u00f6l\u00fcm\u00fc, \u00f6zel af ve genel af gibi konulara odaklan\u0131lacakt\u0131r. Ayr\u0131ca, dava zamana\u015f\u0131m\u0131 ile dava \u200czamana\u015f\u0131m\u0131n\u0131n durmas\u0131 veya kesilmesi, ceza zamana\u015f\u0131m\u0131 ve \u015fikayete ba\u011fl\u0131 su\u00e7lar gibi kavramlar\u0131n yasal dayanaklar\u0131 ve uygulamadaki yans\u0131malar\u0131\u2062 ayr\u0131nt\u0131l\u0131 \u200dbir\u2063 \u015fekilde ele al\u0131nacakt\u0131r. T\u00fcrk Ceza Kanunu&#8217;nun 66. maddesi, dava zamana\u015f\u0131m\u0131 s\u00fcrelerine\u200c dair temel d\u00fczenlemeleri i\u00e7ermekte, su\u00e7un niteli\u011fine g\u00f6re de\u011fi\u015fkenlik g\u00f6steren zamana\u015f\u0131m\u0131 s\u00fcreleriyle birlikte farkl\u0131 unsurlar \u00fczerinde durulmaktad\u0131r. Dava\u2064 zamana\u015f\u0131m\u0131n\u0131n durmas\u0131 ve kesilmesi \u200cgibi durumlar, ceza hukukunun dinamik yap\u0131s\u0131n\u0131 g\u00f6steren \u00f6nemli unsurlard\u0131r ve bu durumlar, suistimallerin \u00f6nlenmesi ve adaletin sa\u011flanmas\u0131 a\u00e7\u0131s\u0131ndan kritik bir\u200b rol oynamaktad\u0131r. Bu ba\u011flamda, ceza hukukunun\u200d temel ilkeleri ile \u200duyumlu bir\u2062 \u015fekilde, \u00f6zel ve genel \u2063af kurumlar\u0131 \u2064da, toplumsal \u2063bar\u0131\u015f\u0131n tesis edilmesi\u2063 bak\u0131m\u0131ndan de\u011ferlidir. T\u00fcrkiye&#8217;de af yasalar\u0131n\u0131n tarihsel geli\u015fimi ve g\u00fcncel uygulamalar\u0131, kanunlar\u0131n \u200btoplumsal etkileri\u2062 \u00fczerine yap\u0131lan ara\u015ft\u0131rmalarla desteklenerek analiz edilecektir. Ayr\u0131ca, \u015fikayete \u200bba\u011fl\u0131 su\u00e7lar\u200c ve \u2063bu\u2062 su\u00e7lar\u0131n i\u015flenmesi durumunda izlenen hukuki yollar, ceza \u200dhukukunun kapsam\u0131 i\u00e7inde \u00f6nemli bir yere sahiptir. Bu \u2063makalede,\u200b yukar\u0131da belirtilen konular\u0131n yasal \u00e7er\u00e7eveleri, ilgili mevzuatlar ve \u200cakademik kaynaklar\u200b \u0131\u015f\u0131\u011f\u0131nda ele al\u0131nacak ve ayr\u0131nt\u0131l\u0131 &hellip;\" \/>\n<meta property=\"og:url\" content=\"https:\/\/denizcankizil.tr\/de\/koseyazilari\/degerlendirme\/turk-ceza-kanununa-gore-davanin-ve-cezanin-dusurulmesi-sanigin-veya-hukumlunun-olumu-ozel-af-genel-af-dava-zamanasimi-dava-zamanasimi-suresinin-durmasi-veya-kesilmesi-ceza-zamanasimi-sorusturma\/\" \/>\n<meta property=\"og:site_name\" content=\"Av. Deniz Can K\u0131z\u0131l\" \/>\n<meta property=\"article:published_time\" content=\"2024-10-26T13:36:43+00:00\" \/>\n<meta property=\"article:modified_time\" content=\"2024-10-26T14:52:13+00:00\" \/>\n<meta property=\"og:image\" content=\"https:\/\/denizcankizil.tr\/wp-content\/uploads\/2024\/10\/5277-antalyada-bosanma-ve-nafaka-avukati-seciminde-dikkat-edilmesi-gerekenler.jpg\" \/>\n\t<meta property=\"og:image:width\" content=\"800\" \/>\n\t<meta property=\"og:image:height\" content=\"800\" \/>\n\t<meta property=\"og:image:type\" content=\"image\/jpeg\" \/>\n<meta name=\"author\" content=\"Av. Deniz Can K\u0131z\u0131l\" \/>\n<meta name=\"twitter:card\" content=\"summary_large_image\" \/>\n<meta name=\"twitter:label1\" content=\"Verfasst von\" \/>\n\t<meta name=\"twitter:data1\" content=\"Av. Deniz Can K\u0131z\u0131l\" \/>\n\t<meta name=\"twitter:label2\" content=\"Gesch\u00e4tzte Lesezeit\" \/>\n\t<meta name=\"twitter:data2\" content=\"19\u00a0Minuten\" \/>\n<script type=\"application\/ld+json\" class=\"yoast-schema-graph\">{\"@context\":\"https:\/\/schema.org\",\"@graph\":[{\"@type\":\"Article\",\"@id\":\"https:\/\/denizcankizil.tr\/de\/koseyazilari\/degerlendirme\/turk-ceza-kanununa-gore-davanin-ve-cezanin-dusurulmesi-sanigin-veya-hukumlunun-olumu-ozel-af-genel-af-dava-zamanasimi-dava-zamanasimi-suresinin-durmasi-veya-kesilmesi-ceza-zamanasimi-sorusturma\/#article\",\"isPartOf\":{\"@id\":\"https:\/\/denizcankizil.tr\/de\/koseyazilari\/degerlendirme\/turk-ceza-kanununa-gore-davanin-ve-cezanin-dusurulmesi-sanigin-veya-hukumlunun-olumu-ozel-af-genel-af-dava-zamanasimi-dava-zamanasimi-suresinin-durmasi-veya-kesilmesi-ceza-zamanasimi-sorusturma\/\"},\"author\":{\"name\":\"Av. Deniz Can K\u0131z\u0131l\",\"@id\":\"https:\/\/denizcankizil.tr\/#\/schema\/person\/5dc1b22991bd7ac833867c10afc9b0ff\"},\"headline\":\"T\u00fcrk Ceza Kanununa G\u00f6re; Davan\u0131n ve Cezan\u0131n D\u00fc\u015f\u00fcr\u00fclmesi, San\u0131\u011f\u0131n veya H\u00fck\u00fcml\u00fcn\u00fcn \u00d6l\u00fcm\u00fc, \u00d6zel Af Genel Af, Dava Zamana\u015f\u0131m\u0131, Dava Zamana\u015f\u0131m\u0131 s\u00fcresinin durmas\u0131 veya Kesilmesi, Ceza Zamana\u015f\u0131m\u0131, Soru\u015fturmas\u0131 veya Kovu\u015fturulmas\u0131 \u015eikayete ba\u011fl\u0131 Su\u00e7lar\",\"datePublished\":\"2024-10-26T13:36:43+00:00\",\"dateModified\":\"2024-10-26T14:52:13+00:00\",\"mainEntityOfPage\":{\"@id\":\"https:\/\/denizcankizil.tr\/de\/koseyazilari\/degerlendirme\/turk-ceza-kanununa-gore-davanin-ve-cezanin-dusurulmesi-sanigin-veya-hukumlunun-olumu-ozel-af-genel-af-dava-zamanasimi-dava-zamanasimi-suresinin-durmasi-veya-kesilmesi-ceza-zamanasimi-sorusturma\/\"},\"wordCount\":3981,\"commentCount\":0,\"publisher\":{\"@id\":\"https:\/\/denizcankizil.tr\/#organization\"},\"image\":{\"@id\":\"https:\/\/denizcankizil.tr\/de\/koseyazilari\/degerlendirme\/turk-ceza-kanununa-gore-davanin-ve-cezanin-dusurulmesi-sanigin-veya-hukumlunun-olumu-ozel-af-genel-af-dava-zamanasimi-dava-zamanasimi-suresinin-durmasi-veya-kesilmesi-ceza-zamanasimi-sorusturma\/#primaryimage\"},\"thumbnailUrl\":\"https:\/\/denizcankizil.tr\/wp-content\/uploads\/2024\/10\/5277-antalyada-bosanma-ve-nafaka-avukati-seciminde-dikkat-edilmesi-gerekenler.jpg\",\"articleSection\":[\"De\u011ferlendirme\"],\"inLanguage\":\"de\",\"potentialAction\":[{\"@type\":\"CommentAction\",\"name\":\"Comment\",\"target\":[\"https:\/\/denizcankizil.tr\/de\/koseyazilari\/degerlendirme\/turk-ceza-kanununa-gore-davanin-ve-cezanin-dusurulmesi-sanigin-veya-hukumlunun-olumu-ozel-af-genel-af-dava-zamanasimi-dava-zamanasimi-suresinin-durmasi-veya-kesilmesi-ceza-zamanasimi-sorusturma\/#respond\"]}]},{\"@type\":\"WebPage\",\"@id\":\"https:\/\/denizcankizil.tr\/de\/koseyazilari\/degerlendirme\/turk-ceza-kanununa-gore-davanin-ve-cezanin-dusurulmesi-sanigin-veya-hukumlunun-olumu-ozel-af-genel-af-dava-zamanasimi-dava-zamanasimi-suresinin-durmasi-veya-kesilmesi-ceza-zamanasimi-sorusturma\/\",\"url\":\"https:\/\/denizcankizil.tr\/de\/koseyazilari\/degerlendirme\/turk-ceza-kanununa-gore-davanin-ve-cezanin-dusurulmesi-sanigin-veya-hukumlunun-olumu-ozel-af-genel-af-dava-zamanasimi-dava-zamanasimi-suresinin-durmasi-veya-kesilmesi-ceza-zamanasimi-sorusturma\/\",\"name\":\"T\u00fcrk Ceza Kanununa G\u00f6re; Davan\u0131n ve Cezan\u0131n D\u00fc\u015f\u00fcr\u00fclmesi, San\u0131\u011f\u0131n veya H\u00fck\u00fcml\u00fcn\u00fcn \u00d6l\u00fcm\u00fc, \u00d6zel Af Genel Af, Dava Zamana\u015f\u0131m\u0131, Dava Zamana\u015f\u0131m\u0131 s\u00fcresinin durmas\u0131 veya Kesilmesi, Ceza Zamana\u015f\u0131m\u0131, Soru\u015fturmas\u0131 veya Kovu\u015fturulmas\u0131 \u015eikayete ba\u011fl\u0131 Su\u00e7lar - Av. Deniz Can K\u0131z\u0131l\",\"isPartOf\":{\"@id\":\"https:\/\/denizcankizil.tr\/#website\"},\"primaryImageOfPage\":{\"@id\":\"https:\/\/denizcankizil.tr\/de\/koseyazilari\/degerlendirme\/turk-ceza-kanununa-gore-davanin-ve-cezanin-dusurulmesi-sanigin-veya-hukumlunun-olumu-ozel-af-genel-af-dava-zamanasimi-dava-zamanasimi-suresinin-durmasi-veya-kesilmesi-ceza-zamanasimi-sorusturma\/#primaryimage\"},\"image\":{\"@id\":\"https:\/\/denizcankizil.tr\/de\/koseyazilari\/degerlendirme\/turk-ceza-kanununa-gore-davanin-ve-cezanin-dusurulmesi-sanigin-veya-hukumlunun-olumu-ozel-af-genel-af-dava-zamanasimi-dava-zamanasimi-suresinin-durmasi-veya-kesilmesi-ceza-zamanasimi-sorusturma\/#primaryimage\"},\"thumbnailUrl\":\"https:\/\/denizcankizil.tr\/wp-content\/uploads\/2024\/10\/5277-antalyada-bosanma-ve-nafaka-avukati-seciminde-dikkat-edilmesi-gerekenler.jpg\",\"datePublished\":\"2024-10-26T13:36:43+00:00\",\"dateModified\":\"2024-10-26T14:52:13+00:00\",\"breadcrumb\":{\"@id\":\"https:\/\/denizcankizil.tr\/de\/koseyazilari\/degerlendirme\/turk-ceza-kanununa-gore-davanin-ve-cezanin-dusurulmesi-sanigin-veya-hukumlunun-olumu-ozel-af-genel-af-dava-zamanasimi-dava-zamanasimi-suresinin-durmasi-veya-kesilmesi-ceza-zamanasimi-sorusturma\/#breadcrumb\"},\"inLanguage\":\"de\",\"potentialAction\":[{\"@type\":\"ReadAction\",\"target\":[\"https:\/\/denizcankizil.tr\/de\/koseyazilari\/degerlendirme\/turk-ceza-kanununa-gore-davanin-ve-cezanin-dusurulmesi-sanigin-veya-hukumlunun-olumu-ozel-af-genel-af-dava-zamanasimi-dava-zamanasimi-suresinin-durmasi-veya-kesilmesi-ceza-zamanasimi-sorusturma\/\"]}]},{\"@type\":\"ImageObject\",\"inLanguage\":\"de\",\"@id\":\"https:\/\/denizcankizil.tr\/de\/koseyazilari\/degerlendirme\/turk-ceza-kanununa-gore-davanin-ve-cezanin-dusurulmesi-sanigin-veya-hukumlunun-olumu-ozel-af-genel-af-dava-zamanasimi-dava-zamanasimi-suresinin-durmasi-veya-kesilmesi-ceza-zamanasimi-sorusturma\/#primaryimage\",\"url\":\"https:\/\/denizcankizil.tr\/wp-content\/uploads\/2024\/10\/5277-antalyada-bosanma-ve-nafaka-avukati-seciminde-dikkat-edilmesi-gerekenler.jpg\",\"contentUrl\":\"https:\/\/denizcankizil.tr\/wp-content\/uploads\/2024\/10\/5277-antalyada-bosanma-ve-nafaka-avukati-seciminde-dikkat-edilmesi-gerekenler.jpg\",\"width\":800,\"height\":800,\"caption\":\"Antalya&#8217;da Bo\u015fanma ve Nafaka Avukat\u0131 Se\u00e7iminde Dikkat Edilmesi Gerekenler\"},{\"@type\":\"BreadcrumbList\",\"@id\":\"https:\/\/denizcankizil.tr\/de\/koseyazilari\/degerlendirme\/turk-ceza-kanununa-gore-davanin-ve-cezanin-dusurulmesi-sanigin-veya-hukumlunun-olumu-ozel-af-genel-af-dava-zamanasimi-dava-zamanasimi-suresinin-durmasi-veya-kesilmesi-ceza-zamanasimi-sorusturma\/#breadcrumb\",\"itemListElement\":[{\"@type\":\"ListItem\",\"position\":1,\"name\":\"Home\",\"item\":\"https:\/\/denizcankizil.tr\/de\/\"},{\"@type\":\"ListItem\",\"position\":2,\"name\":\"T\u00fcrk Ceza Kanununa G\u00f6re; Davan\u0131n ve Cezan\u0131n D\u00fc\u015f\u00fcr\u00fclmesi, San\u0131\u011f\u0131n veya H\u00fck\u00fcml\u00fcn\u00fcn \u00d6l\u00fcm\u00fc, \u00d6zel Af Genel Af, Dava Zamana\u015f\u0131m\u0131, Dava Zamana\u015f\u0131m\u0131 s\u00fcresinin durmas\u0131 veya Kesilmesi, Ceza Zamana\u015f\u0131m\u0131, Soru\u015fturmas\u0131 veya Kovu\u015fturulmas\u0131 \u015eikayete ba\u011fl\u0131 Su\u00e7lar\"}]},{\"@type\":\"WebSite\",\"@id\":\"https:\/\/denizcankizil.tr\/#website\",\"url\":\"https:\/\/denizcankizil.tr\/\",\"name\":\"Av. Deniz Can K\u0131z\u0131l\",\"description\":\"Avukat Deniz Can K\u0131z\u0131l Antalya Barosu\",\"publisher\":{\"@id\":\"https:\/\/denizcankizil.tr\/#organization\"},\"potentialAction\":[{\"@type\":\"SearchAction\",\"target\":{\"@type\":\"EntryPoint\",\"urlTemplate\":\"https:\/\/denizcankizil.tr\/?s={search_term_string}\"},\"query-input\":{\"@type\":\"PropertyValueSpecification\",\"valueRequired\":true,\"valueName\":\"search_term_string\"}}],\"inLanguage\":\"de\"},{\"@type\":\"Organization\",\"@id\":\"https:\/\/denizcankizil.tr\/#organization\",\"name\":\"Av. Deniz Can K\u0131z\u0131l\",\"url\":\"https:\/\/denizcankizil.tr\/\",\"logo\":{\"@type\":\"ImageObject\",\"inLanguage\":\"de\",\"@id\":\"https:\/\/denizcankizil.tr\/#\/schema\/logo\/image\/\",\"url\":\"https:\/\/denizcankizil.tr\/wp-content\/uploads\/2024\/10\/siyah-logo-svg.svg\",\"contentUrl\":\"https:\/\/denizcankizil.tr\/wp-content\/uploads\/2024\/10\/siyah-logo-svg.svg\",\"width\":1080,\"height\":1080,\"caption\":\"Av. Deniz Can K\u0131z\u0131l\"},\"image\":{\"@id\":\"https:\/\/denizcankizil.tr\/#\/schema\/logo\/image\/\"}},{\"@type\":\"Person\",\"@id\":\"https:\/\/denizcankizil.tr\/#\/schema\/person\/5dc1b22991bd7ac833867c10afc9b0ff\",\"name\":\"Av. Deniz Can K\u0131z\u0131l\",\"image\":{\"@type\":\"ImageObject\",\"inLanguage\":\"de\",\"@id\":\"https:\/\/denizcankizil.tr\/#\/schema\/person\/image\/\",\"url\":\"https:\/\/secure.gravatar.com\/avatar\/a0b128fb9855c79efc976d5640eedb31dc35ec297594d6016d2cf7c60e975bb6?s=96&d=mm&r=g\",\"contentUrl\":\"https:\/\/secure.gravatar.com\/avatar\/a0b128fb9855c79efc976d5640eedb31dc35ec297594d6016d2cf7c60e975bb6?s=96&d=mm&r=g\",\"caption\":\"Av. Deniz Can K\u0131z\u0131l\"},\"sameAs\":[\"http:\/\/www.denizcankizil.tr\"],\"url\":\"https:\/\/denizcankizil.tr\/de\/author\/denizcankizil\/\"}]}<\/script>\n<!-- \/ Yoast SEO Premium plugin. -->","yoast_head_json":{"title":"T\u00fcrk Ceza Kanununa G\u00f6re; Davan\u0131n ve Cezan\u0131n D\u00fc\u015f\u00fcr\u00fclmesi, San\u0131\u011f\u0131n veya H\u00fck\u00fcml\u00fcn\u00fcn \u00d6l\u00fcm\u00fc, \u00d6zel Af Genel Af, Dava Zamana\u015f\u0131m\u0131, Dava Zamana\u015f\u0131m\u0131 s\u00fcresinin durmas\u0131 veya Kesilmesi, Ceza Zamana\u015f\u0131m\u0131, Soru\u015fturmas\u0131 veya Kovu\u015fturulmas\u0131 \u015eikayete ba\u011fl\u0131 Su\u00e7lar - Av. Deniz Can K\u0131z\u0131l","robots":{"index":"index","follow":"follow","max-snippet":"max-snippet:-1","max-image-preview":"max-image-preview:large","max-video-preview":"max-video-preview:-1"},"canonical":"https:\/\/denizcankizil.tr\/de\/koseyazilari\/degerlendirme\/turk-ceza-kanununa-gore-davanin-ve-cezanin-dusurulmesi-sanigin-veya-hukumlunun-olumu-ozel-af-genel-af-dava-zamanasimi-dava-zamanasimi-suresinin-durmasi-veya-kesilmesi-ceza-zamanasimi-sorusturma\/","og_locale":"de_DE","og_type":"article","og_title":"T\u00fcrk Ceza Kanununa G\u00f6re; Davan\u0131n ve Cezan\u0131n D\u00fc\u015f\u00fcr\u00fclmesi, San\u0131\u011f\u0131n veya H\u00fck\u00fcml\u00fcn\u00fcn \u00d6l\u00fcm\u00fc, \u00d6zel Af Genel Af, Dava Zamana\u015f\u0131m\u0131, Dava Zamana\u015f\u0131m\u0131 s\u00fcresinin durmas\u0131 veya Kesilmesi, Ceza Zamana\u015f\u0131m\u0131, Soru\u015fturmas\u0131 veya Kovu\u015fturulmas\u0131 \u015eikayete ba\u011fl\u0131 Su\u00e7lar","og_description":"Giri\u015f T\u00fcrk Ceza Kanunu,\u200c su\u00e7lar\u0131n tan\u0131mlanmas\u0131, cezalar\u0131n belirlenmesi ve ceza \u200binfaz sisteminin d\u00fczenlenmesi a\u00e7\u0131s\u0131ndan \u00f6nemli bir yasal \u00e7er\u00e7evedir. Bu \u00e7al\u0131\u015fmada, T\u00fcrk Ceza Kanunu \u200buyar\u0131nca \u00e7e\u015fitli yasal durumlar\u0131n incelenmesi ama\u00e7lanmaktad\u0131r. \u00d6zellikle, \u200ddavan\u0131n ve cezan\u0131n d\u00fc\u015f\u00fcr\u00fclmesi, san\u0131\u011f\u0131n veya h\u00fck\u00fcml\u00fcn\u00fcn \u00f6l\u00fcm\u00fc, \u00f6zel af ve genel af gibi konulara odaklan\u0131lacakt\u0131r. Ayr\u0131ca, dava zamana\u015f\u0131m\u0131 ile dava \u200czamana\u015f\u0131m\u0131n\u0131n durmas\u0131 veya kesilmesi, ceza zamana\u015f\u0131m\u0131 ve \u015fikayete ba\u011fl\u0131 su\u00e7lar gibi kavramlar\u0131n yasal dayanaklar\u0131 ve uygulamadaki yans\u0131malar\u0131\u2062 ayr\u0131nt\u0131l\u0131 \u200dbir\u2063 \u015fekilde ele al\u0131nacakt\u0131r. T\u00fcrk Ceza Kanunu&#8217;nun 66. maddesi, dava zamana\u015f\u0131m\u0131 s\u00fcrelerine\u200c dair temel d\u00fczenlemeleri i\u00e7ermekte, su\u00e7un niteli\u011fine g\u00f6re de\u011fi\u015fkenlik g\u00f6steren zamana\u015f\u0131m\u0131 s\u00fcreleriyle birlikte farkl\u0131 unsurlar \u00fczerinde durulmaktad\u0131r. Dava\u2064 zamana\u015f\u0131m\u0131n\u0131n durmas\u0131 ve kesilmesi \u200cgibi durumlar, ceza hukukunun dinamik yap\u0131s\u0131n\u0131 g\u00f6steren \u00f6nemli unsurlard\u0131r ve bu durumlar, suistimallerin \u00f6nlenmesi ve adaletin sa\u011flanmas\u0131 a\u00e7\u0131s\u0131ndan kritik bir\u200b rol oynamaktad\u0131r. Bu ba\u011flamda, ceza hukukunun\u200d temel ilkeleri ile \u200duyumlu bir\u2062 \u015fekilde, \u00f6zel ve genel \u2063af kurumlar\u0131 \u2064da, toplumsal \u2063bar\u0131\u015f\u0131n tesis edilmesi\u2063 bak\u0131m\u0131ndan de\u011ferlidir. T\u00fcrkiye&#8217;de af yasalar\u0131n\u0131n tarihsel geli\u015fimi ve g\u00fcncel uygulamalar\u0131, kanunlar\u0131n \u200btoplumsal etkileri\u2062 \u00fczerine yap\u0131lan ara\u015ft\u0131rmalarla desteklenerek analiz edilecektir. Ayr\u0131ca, \u015fikayete \u200bba\u011fl\u0131 su\u00e7lar\u200c ve \u2063bu\u2062 su\u00e7lar\u0131n i\u015flenmesi durumunda izlenen hukuki yollar, ceza \u200dhukukunun kapsam\u0131 i\u00e7inde \u00f6nemli bir yere sahiptir. Bu \u2063makalede,\u200b yukar\u0131da belirtilen konular\u0131n yasal \u00e7er\u00e7eveleri, ilgili mevzuatlar ve \u200cakademik kaynaklar\u200b \u0131\u015f\u0131\u011f\u0131nda ele al\u0131nacak ve ayr\u0131nt\u0131l\u0131 &hellip;","og_url":"https:\/\/denizcankizil.tr\/de\/koseyazilari\/degerlendirme\/turk-ceza-kanununa-gore-davanin-ve-cezanin-dusurulmesi-sanigin-veya-hukumlunun-olumu-ozel-af-genel-af-dava-zamanasimi-dava-zamanasimi-suresinin-durmasi-veya-kesilmesi-ceza-zamanasimi-sorusturma\/","og_site_name":"Av. Deniz Can K\u0131z\u0131l","article_published_time":"2024-10-26T13:36:43+00:00","article_modified_time":"2024-10-26T14:52:13+00:00","og_image":[{"width":800,"height":800,"url":"https:\/\/denizcankizil.tr\/wp-content\/uploads\/2024\/10\/5277-antalyada-bosanma-ve-nafaka-avukati-seciminde-dikkat-edilmesi-gerekenler.jpg","type":"image\/jpeg"}],"author":"Av. Deniz Can K\u0131z\u0131l","twitter_card":"summary_large_image","twitter_misc":{"Verfasst von":"Av. Deniz Can K\u0131z\u0131l","Gesch\u00e4tzte Lesezeit":"19\u00a0Minuten"},"schema":{"@context":"https:\/\/schema.org","@graph":[{"@type":"Article","@id":"https:\/\/denizcankizil.tr\/de\/koseyazilari\/degerlendirme\/turk-ceza-kanununa-gore-davanin-ve-cezanin-dusurulmesi-sanigin-veya-hukumlunun-olumu-ozel-af-genel-af-dava-zamanasimi-dava-zamanasimi-suresinin-durmasi-veya-kesilmesi-ceza-zamanasimi-sorusturma\/#article","isPartOf":{"@id":"https:\/\/denizcankizil.tr\/de\/koseyazilari\/degerlendirme\/turk-ceza-kanununa-gore-davanin-ve-cezanin-dusurulmesi-sanigin-veya-hukumlunun-olumu-ozel-af-genel-af-dava-zamanasimi-dava-zamanasimi-suresinin-durmasi-veya-kesilmesi-ceza-zamanasimi-sorusturma\/"},"author":{"name":"Av. Deniz Can K\u0131z\u0131l","@id":"https:\/\/denizcankizil.tr\/#\/schema\/person\/5dc1b22991bd7ac833867c10afc9b0ff"},"headline":"T\u00fcrk Ceza Kanununa G\u00f6re; Davan\u0131n ve Cezan\u0131n D\u00fc\u015f\u00fcr\u00fclmesi, San\u0131\u011f\u0131n veya H\u00fck\u00fcml\u00fcn\u00fcn \u00d6l\u00fcm\u00fc, \u00d6zel Af Genel Af, Dava Zamana\u015f\u0131m\u0131, Dava Zamana\u015f\u0131m\u0131 s\u00fcresinin durmas\u0131 veya Kesilmesi, Ceza Zamana\u015f\u0131m\u0131, Soru\u015fturmas\u0131 veya Kovu\u015fturulmas\u0131 \u015eikayete ba\u011fl\u0131 Su\u00e7lar","datePublished":"2024-10-26T13:36:43+00:00","dateModified":"2024-10-26T14:52:13+00:00","mainEntityOfPage":{"@id":"https:\/\/denizcankizil.tr\/de\/koseyazilari\/degerlendirme\/turk-ceza-kanununa-gore-davanin-ve-cezanin-dusurulmesi-sanigin-veya-hukumlunun-olumu-ozel-af-genel-af-dava-zamanasimi-dava-zamanasimi-suresinin-durmasi-veya-kesilmesi-ceza-zamanasimi-sorusturma\/"},"wordCount":3981,"commentCount":0,"publisher":{"@id":"https:\/\/denizcankizil.tr\/#organization"},"image":{"@id":"https:\/\/denizcankizil.tr\/de\/koseyazilari\/degerlendirme\/turk-ceza-kanununa-gore-davanin-ve-cezanin-dusurulmesi-sanigin-veya-hukumlunun-olumu-ozel-af-genel-af-dava-zamanasimi-dava-zamanasimi-suresinin-durmasi-veya-kesilmesi-ceza-zamanasimi-sorusturma\/#primaryimage"},"thumbnailUrl":"https:\/\/denizcankizil.tr\/wp-content\/uploads\/2024\/10\/5277-antalyada-bosanma-ve-nafaka-avukati-seciminde-dikkat-edilmesi-gerekenler.jpg","articleSection":["De\u011ferlendirme"],"inLanguage":"de","potentialAction":[{"@type":"CommentAction","name":"Comment","target":["https:\/\/denizcankizil.tr\/de\/koseyazilari\/degerlendirme\/turk-ceza-kanununa-gore-davanin-ve-cezanin-dusurulmesi-sanigin-veya-hukumlunun-olumu-ozel-af-genel-af-dava-zamanasimi-dava-zamanasimi-suresinin-durmasi-veya-kesilmesi-ceza-zamanasimi-sorusturma\/#respond"]}]},{"@type":"WebPage","@id":"https:\/\/denizcankizil.tr\/de\/koseyazilari\/degerlendirme\/turk-ceza-kanununa-gore-davanin-ve-cezanin-dusurulmesi-sanigin-veya-hukumlunun-olumu-ozel-af-genel-af-dava-zamanasimi-dava-zamanasimi-suresinin-durmasi-veya-kesilmesi-ceza-zamanasimi-sorusturma\/","url":"https:\/\/denizcankizil.tr\/de\/koseyazilari\/degerlendirme\/turk-ceza-kanununa-gore-davanin-ve-cezanin-dusurulmesi-sanigin-veya-hukumlunun-olumu-ozel-af-genel-af-dava-zamanasimi-dava-zamanasimi-suresinin-durmasi-veya-kesilmesi-ceza-zamanasimi-sorusturma\/","name":"T\u00fcrk Ceza Kanununa G\u00f6re; Davan\u0131n ve Cezan\u0131n D\u00fc\u015f\u00fcr\u00fclmesi, San\u0131\u011f\u0131n veya H\u00fck\u00fcml\u00fcn\u00fcn \u00d6l\u00fcm\u00fc, \u00d6zel Af Genel Af, Dava Zamana\u015f\u0131m\u0131, Dava Zamana\u015f\u0131m\u0131 s\u00fcresinin durmas\u0131 veya Kesilmesi, Ceza Zamana\u015f\u0131m\u0131, Soru\u015fturmas\u0131 veya Kovu\u015fturulmas\u0131 \u015eikayete ba\u011fl\u0131 Su\u00e7lar - Av. Deniz Can K\u0131z\u0131l","isPartOf":{"@id":"https:\/\/denizcankizil.tr\/#website"},"primaryImageOfPage":{"@id":"https:\/\/denizcankizil.tr\/de\/koseyazilari\/degerlendirme\/turk-ceza-kanununa-gore-davanin-ve-cezanin-dusurulmesi-sanigin-veya-hukumlunun-olumu-ozel-af-genel-af-dava-zamanasimi-dava-zamanasimi-suresinin-durmasi-veya-kesilmesi-ceza-zamanasimi-sorusturma\/#primaryimage"},"image":{"@id":"https:\/\/denizcankizil.tr\/de\/koseyazilari\/degerlendirme\/turk-ceza-kanununa-gore-davanin-ve-cezanin-dusurulmesi-sanigin-veya-hukumlunun-olumu-ozel-af-genel-af-dava-zamanasimi-dava-zamanasimi-suresinin-durmasi-veya-kesilmesi-ceza-zamanasimi-sorusturma\/#primaryimage"},"thumbnailUrl":"https:\/\/denizcankizil.tr\/wp-content\/uploads\/2024\/10\/5277-antalyada-bosanma-ve-nafaka-avukati-seciminde-dikkat-edilmesi-gerekenler.jpg","datePublished":"2024-10-26T13:36:43+00:00","dateModified":"2024-10-26T14:52:13+00:00","breadcrumb":{"@id":"https:\/\/denizcankizil.tr\/de\/koseyazilari\/degerlendirme\/turk-ceza-kanununa-gore-davanin-ve-cezanin-dusurulmesi-sanigin-veya-hukumlunun-olumu-ozel-af-genel-af-dava-zamanasimi-dava-zamanasimi-suresinin-durmasi-veya-kesilmesi-ceza-zamanasimi-sorusturma\/#breadcrumb"},"inLanguage":"de","potentialAction":[{"@type":"ReadAction","target":["https:\/\/denizcankizil.tr\/de\/koseyazilari\/degerlendirme\/turk-ceza-kanununa-gore-davanin-ve-cezanin-dusurulmesi-sanigin-veya-hukumlunun-olumu-ozel-af-genel-af-dava-zamanasimi-dava-zamanasimi-suresinin-durmasi-veya-kesilmesi-ceza-zamanasimi-sorusturma\/"]}]},{"@type":"ImageObject","inLanguage":"de","@id":"https:\/\/denizcankizil.tr\/de\/koseyazilari\/degerlendirme\/turk-ceza-kanununa-gore-davanin-ve-cezanin-dusurulmesi-sanigin-veya-hukumlunun-olumu-ozel-af-genel-af-dava-zamanasimi-dava-zamanasimi-suresinin-durmasi-veya-kesilmesi-ceza-zamanasimi-sorusturma\/#primaryimage","url":"https:\/\/denizcankizil.tr\/wp-content\/uploads\/2024\/10\/5277-antalyada-bosanma-ve-nafaka-avukati-seciminde-dikkat-edilmesi-gerekenler.jpg","contentUrl":"https:\/\/denizcankizil.tr\/wp-content\/uploads\/2024\/10\/5277-antalyada-bosanma-ve-nafaka-avukati-seciminde-dikkat-edilmesi-gerekenler.jpg","width":800,"height":800,"caption":"Antalya&#8217;da Bo\u015fanma ve Nafaka Avukat\u0131 Se\u00e7iminde Dikkat Edilmesi Gerekenler"},{"@type":"BreadcrumbList","@id":"https:\/\/denizcankizil.tr\/de\/koseyazilari\/degerlendirme\/turk-ceza-kanununa-gore-davanin-ve-cezanin-dusurulmesi-sanigin-veya-hukumlunun-olumu-ozel-af-genel-af-dava-zamanasimi-dava-zamanasimi-suresinin-durmasi-veya-kesilmesi-ceza-zamanasimi-sorusturma\/#breadcrumb","itemListElement":[{"@type":"ListItem","position":1,"name":"Home","item":"https:\/\/denizcankizil.tr\/de\/"},{"@type":"ListItem","position":2,"name":"T\u00fcrk Ceza Kanununa G\u00f6re; Davan\u0131n ve Cezan\u0131n D\u00fc\u015f\u00fcr\u00fclmesi, San\u0131\u011f\u0131n veya H\u00fck\u00fcml\u00fcn\u00fcn \u00d6l\u00fcm\u00fc, \u00d6zel Af Genel Af, Dava Zamana\u015f\u0131m\u0131, Dava Zamana\u015f\u0131m\u0131 s\u00fcresinin durmas\u0131 veya Kesilmesi, Ceza Zamana\u015f\u0131m\u0131, Soru\u015fturmas\u0131 veya Kovu\u015fturulmas\u0131 \u015eikayete ba\u011fl\u0131 Su\u00e7lar"}]},{"@type":"WebSite","@id":"https:\/\/denizcankizil.tr\/#website","url":"https:\/\/denizcankizil.tr\/","name":"Av. Deniz Can K\u0131z\u0131l","description":"Avukat Deniz Can K\u0131z\u0131l Antalya Barosu","publisher":{"@id":"https:\/\/denizcankizil.tr\/#organization"},"potentialAction":[{"@type":"SearchAction","target":{"@type":"EntryPoint","urlTemplate":"https:\/\/denizcankizil.tr\/?s={search_term_string}"},"query-input":{"@type":"PropertyValueSpecification","valueRequired":true,"valueName":"search_term_string"}}],"inLanguage":"de"},{"@type":"Organization","@id":"https:\/\/denizcankizil.tr\/#organization","name":"Av. Deniz Can K\u0131z\u0131l","url":"https:\/\/denizcankizil.tr\/","logo":{"@type":"ImageObject","inLanguage":"de","@id":"https:\/\/denizcankizil.tr\/#\/schema\/logo\/image\/","url":"https:\/\/denizcankizil.tr\/wp-content\/uploads\/2024\/10\/siyah-logo-svg.svg","contentUrl":"https:\/\/denizcankizil.tr\/wp-content\/uploads\/2024\/10\/siyah-logo-svg.svg","width":1080,"height":1080,"caption":"Av. Deniz Can K\u0131z\u0131l"},"image":{"@id":"https:\/\/denizcankizil.tr\/#\/schema\/logo\/image\/"}},{"@type":"Person","@id":"https:\/\/denizcankizil.tr\/#\/schema\/person\/5dc1b22991bd7ac833867c10afc9b0ff","name":"Av. Deniz Can K\u0131z\u0131l","image":{"@type":"ImageObject","inLanguage":"de","@id":"https:\/\/denizcankizil.tr\/#\/schema\/person\/image\/","url":"https:\/\/secure.gravatar.com\/avatar\/a0b128fb9855c79efc976d5640eedb31dc35ec297594d6016d2cf7c60e975bb6?s=96&d=mm&r=g","contentUrl":"https:\/\/secure.gravatar.com\/avatar\/a0b128fb9855c79efc976d5640eedb31dc35ec297594d6016d2cf7c60e975bb6?s=96&d=mm&r=g","caption":"Av. Deniz Can K\u0131z\u0131l"},"sameAs":["http:\/\/www.denizcankizil.tr"],"url":"https:\/\/denizcankizil.tr\/de\/author\/denizcankizil\/"}]}},"_links":{"self":[{"href":"https:\/\/denizcankizil.tr\/de\/wp-json\/wp\/v2\/posts\/8444","targetHints":{"allow":["GET"]}}],"collection":[{"href":"https:\/\/denizcankizil.tr\/de\/wp-json\/wp\/v2\/posts"}],"about":[{"href":"https:\/\/denizcankizil.tr\/de\/wp-json\/wp\/v2\/types\/post"}],"author":[{"embeddable":true,"href":"https:\/\/denizcankizil.tr\/de\/wp-json\/wp\/v2\/users\/4"}],"replies":[{"embeddable":true,"href":"https:\/\/denizcankizil.tr\/de\/wp-json\/wp\/v2\/comments?post=8444"}],"version-history":[{"count":1,"href":"https:\/\/denizcankizil.tr\/de\/wp-json\/wp\/v2\/posts\/8444\/revisions"}],"predecessor-version":[{"id":8445,"href":"https:\/\/denizcankizil.tr\/de\/wp-json\/wp\/v2\/posts\/8444\/revisions\/8445"}],"wp:featuredmedia":[{"embeddable":true,"href":"https:\/\/denizcankizil.tr\/de\/wp-json\/wp\/v2\/media\/5280"}],"wp:attachment":[{"href":"https:\/\/denizcankizil.tr\/de\/wp-json\/wp\/v2\/media?parent=8444"}],"wp:term":[{"taxonomy":"category","embeddable":true,"href":"https:\/\/denizcankizil.tr\/de\/wp-json\/wp\/v2\/categories?post=8444"},{"taxonomy":"post_tag","embeddable":true,"href":"https:\/\/denizcankizil.tr\/de\/wp-json\/wp\/v2\/tags?post=8444"}],"curies":[{"name":"wp","href":"https:\/\/api.w.org\/{rel}","templated":true}]}}