{"id":84261,"date":"2025-05-12T16:42:01","date_gmt":"2025-05-12T13:42:01","guid":{"rendered":"https:\/\/denizcankizil.tr\/uncategorized-tr\/antalya-otogarindan-laraya-giden-o-otobusun-guzergahi-degisti\/"},"modified":"2025-05-12T16:42:01","modified_gmt":"2025-05-12T13:42:01","slug":"antalya-otogarindan-laraya-giden-o-otobusun-guzergahi-degisti","status":"publish","type":"post","link":"https:\/\/denizcankizil.tr\/de\/haberler\/gundem\/antalya-otogarindan-laraya-giden-o-otobusun-guzergahi-degisti\/","title":{"rendered":"Antalya Otogar\u0131\u2019ndan Lara&#8217;ya giden o otob\u00fcs\u00fcn g\u00fczerg\u00e2h\u0131 de\u011fi\u015fti"},"content":{"rendered":"<p>AntalyaKart mobil uygulamas\u0131 \u00fczerinden kullan\u0131c\u0131lar\u0131n\u0131 ilgilendiren \u00f6nemli bir duyuru yay\u0131nlad\u0131. 13 May\u0131s 2025 Sal\u0131 (yar\u0131n) g\u00fcn\u00fcnden itibaren Antalya Otogar\u0131 ile Lara b\u00f6lgesindeki Rauf Denkta\u015f Caddesi aras\u0131nda sefer d\u00fczenleyen TR30 otob\u00fcs hatt\u0131n\u0131n g\u00fczergah\u0131nda de\u011fi\u015fiklik yap\u0131ld\u0131. Buna g\u00f6re verilen tarihten itibaren s\u00f6z konusu otob\u00fcs hatt\u0131 art\u0131k Tevfik Fikret Caddesi\u2019nden ge\u00e7meyecek.<\/p>\n<p>TR30 ARTIK BU DURAKTA DURMAYACAK <\/p>\n<p>AntalyaKart taraf\u0131ndan yap\u0131lan a\u00e7\u0131klamada TR30 hatt\u0131n\u0131n, 10136 numaral\u0131 (Tevfik Fikret Caddesi-2) dura\u011f\u0131ndan d\u00f6n\u00fc\u015f yaparken olas\u0131 kazalara sebebiyet verebilece\u011fi ve olu\u015fabilecek olas\u0131 can ile mal kay\u0131plar\u0131n\u0131n \u00f6n\u00fcne ge\u00e7mek i\u00e7in s\u00f6z konusu otob\u00fcs hatt\u0131n\u0131n, art\u0131k bu dura\u011f\u0131 kullanamayaca\u011f\u0131 a\u00e7\u0131kland\u0131.<\/p>\n<p>ALTERNAT\u0130F G\u00dcZERGAHLAR <\/p>\n<p>TR30 otob\u00fcs hatt\u0131n\u0131n, art\u0131k 10501 (Portakal \u00c7i\u00e7e\u011fi-4) ya da 10045 (Metin Kasapo\u011flu Caddesi-1) numaral\u0131 alternatif duraklar\u0131 kullanaca\u011f\u0131 belirtildi. Vatanda\u015flar\u0131n olas\u0131 bir ma\u011fduriyet ya\u015famas\u0131n\u0131n \u00f6n\u00fcne ge\u00e7i\u015fmesi i\u00e7in duyuru bir g\u00fcn \u00f6nceden uygulama \u00fczerinden duyuruldu. Detayl\u0131 bilgi almak isteyen vatanda\u015flar, \u201c0242 606 07 07\u201d numaral\u0131 telefonu numaras\u0131n\u0131 arayarak, g\u00fczergah de\u011fi\u015fikli\u011fine ili\u015fkin detayl\u0131 bilgiler edinebilir.<\/p>\n<p>ANTALYAKART TARAFINDAN YAPILAN A\u00c7IKLAMA <\/p>\n<p>AntalyaKart taraf\u0131ndan yap\u0131lan a\u00e7\u0131klamada, \u201cTR30 levhal\u0131 hatt\u0131m\u0131z 10136 numaral\u0131 dura\u011f\u0131m\u0131zdan sonra sola d\u00f6nerken trafi\u011fi tehlikeye att\u0131\u011f\u0131ndan ve kaza riski ya\u015fatt\u0131\u011f\u0131ndan dolay\u0131 13.05.2025 tarihi itibar\u0131yla ilgili durakta durmayacakt\u0131r. Alternatif olarak 10501 ya da 10045 numaral\u0131 duraklar\u0131m\u0131z\u0131 kullanabilirsiniz\u201d denildi.<\/p>\n<p>\u200bAntalyaKart, Antalya Otogar\u0131 ile Lara b\u00f6lgesi Rauf Denkta\u015f Caddesi aras\u0131nda sefer d\u00fczenleyen TR30 numaral\u0131 otob\u00fcs hatt\u0131nda g\u00fczerg\u00e2h de\u011fi\u015fikli\u011fi yap\u0131ld\u0131\u011f\u0131n\u0131 a\u00e7\u0131klad\u0131\u00a0<\/p>\n<p>\u200bHaberin Al\u0131nt\u0131land\u0131\u011f\u0131 Kaynak: www.antalyakorfez.com<\/p>","protected":false},"excerpt":{"rendered":"<p>AntalyaKart mobil uygulamas\u0131 \u00fczerinden kullan\u0131c\u0131lar\u0131n\u0131 ilgilendiren \u00f6nemli bir duyuru yay\u0131nlad\u0131. 13 May\u0131s 2025 Sal\u0131 (yar\u0131n) g\u00fcn\u00fcnden itibaren Antalya Otogar\u0131 ile Lara b\u00f6lgesindeki Rauf Denkta\u015f Caddesi aras\u0131nda sefer d\u00fczenleyen TR30 otob\u00fcs hatt\u0131n\u0131n g\u00fczergah\u0131nda de\u011fi\u015fiklik yap\u0131ld\u0131. Buna g\u00f6re verilen tarihten itibaren s\u00f6z konusu otob\u00fcs hatt\u0131 art\u0131k Tevfik Fikret Caddesi\u2019nden ge\u00e7meyecek. TR30 ARTIK BU DURAKTA DURMAYACAK AntalyaKart taraf\u0131ndan yap\u0131lan a\u00e7\u0131klamada TR30 hatt\u0131n\u0131n, 10136 numaral\u0131 (Tevfik Fikret Caddesi-2) dura\u011f\u0131ndan d\u00f6n\u00fc\u015f yaparken olas\u0131 kazalara sebebiyet verebilece\u011fi ve olu\u015fabilecek olas\u0131 can ile mal kay\u0131plar\u0131n\u0131n \u00f6n\u00fcne ge\u00e7mek i\u00e7in s\u00f6z konusu otob\u00fcs hatt\u0131n\u0131n, art\u0131k bu dura\u011f\u0131 kullanamayaca\u011f\u0131 a\u00e7\u0131kland\u0131. ALTERNAT\u0130F G\u00dcZERGAHLAR TR30 otob\u00fcs hatt\u0131n\u0131n, art\u0131k 10501 (Portakal \u00c7i\u00e7e\u011fi-4) ya da 10045 (Metin Kasapo\u011flu Caddesi-1) numaral\u0131 alternatif duraklar\u0131 kullanaca\u011f\u0131 belirtildi. Vatanda\u015flar\u0131n olas\u0131 bir ma\u011fduriyet ya\u015famas\u0131n\u0131n \u00f6n\u00fcne ge\u00e7i\u015fmesi i\u00e7in duyuru bir g\u00fcn \u00f6nceden uygulama \u00fczerinden duyuruldu. Detayl\u0131 bilgi almak isteyen vatanda\u015flar, \u201c0242 606 07 07\u201d numaral\u0131 telefonu numaras\u0131n\u0131 arayarak, g\u00fczergah de\u011fi\u015fikli\u011fine ili\u015fkin detayl\u0131 bilgiler edinebilir. ANTALYAKART TARAFINDAN YAPILAN A\u00c7IKLAMA AntalyaKart taraf\u0131ndan yap\u0131lan a\u00e7\u0131klamada, \u201cTR30 levhal\u0131 hatt\u0131m\u0131z 10136 numaral\u0131 dura\u011f\u0131m\u0131zdan sonra sola d\u00f6nerken trafi\u011fi tehlikeye att\u0131\u011f\u0131ndan ve kaza riski ya\u015fatt\u0131\u011f\u0131ndan dolay\u0131 13.05.2025 tarihi itibar\u0131yla ilgili durakta durmayacakt\u0131r. Alternatif olarak 10501 ya da 10045 numaral\u0131 duraklar\u0131m\u0131z\u0131 kullanabilirsiniz\u201d denildi. \u200bAntalyaKart, Antalya Otogar\u0131 ile Lara b\u00f6lgesi Rauf Denkta\u015f Caddesi aras\u0131nda sefer d\u00fczenleyen TR30 numaral\u0131 otob\u00fcs &hellip;<\/p>","protected":false},"author":5,"featured_media":0,"comment_status":"","ping_status":"open","sticky":false,"template":"","format":"standard","meta":{"_acf_changed":false,"footnotes":""},"categories":[24],"tags":[],"class_list":["post-84261","post","type-post","status-publish","format-standard","has-post-thumbnail","hentry","category-gundem"],"acf":[],"yoast_head":"<!-- This site is optimized with the Yoast SEO Premium plugin v26.6 (Yoast SEO v27.1.1) - https:\/\/yoast.com\/product\/yoast-seo-premium-wordpress\/ -->\n<title>Antalya Otogar\u0131\u2019ndan Lara&#039;ya giden o otob\u00fcs\u00fcn g\u00fczerg\u00e2h\u0131 de\u011fi\u015fti - Av. Deniz Can K\u0131z\u0131l<\/title>\n<meta name=\"robots\" content=\"index, follow, max-snippet:-1, max-image-preview:large, max-video-preview:-1\" \/>\n<link rel=\"canonical\" href=\"https:\/\/denizcankizil.tr\/de\/haberler\/gundem\/antalya-otogarindan-laraya-giden-o-otobusun-guzergahi-degisti\/\" \/>\n<meta property=\"og:locale\" content=\"de_DE\" \/>\n<meta property=\"og:type\" content=\"article\" \/>\n<meta property=\"og:title\" content=\"Antalya Otogar\u0131\u2019ndan Lara&#039;ya giden o otob\u00fcs\u00fcn g\u00fczerg\u00e2h\u0131 de\u011fi\u015fti\" \/>\n<meta property=\"og:description\" content=\"AntalyaKart mobil uygulamas\u0131 \u00fczerinden kullan\u0131c\u0131lar\u0131n\u0131 ilgilendiren \u00f6nemli bir duyuru yay\u0131nlad\u0131. 13 May\u0131s 2025 Sal\u0131 (yar\u0131n) g\u00fcn\u00fcnden itibaren Antalya Otogar\u0131 ile Lara b\u00f6lgesindeki Rauf Denkta\u015f Caddesi aras\u0131nda sefer d\u00fczenleyen TR30 otob\u00fcs hatt\u0131n\u0131n g\u00fczergah\u0131nda de\u011fi\u015fiklik yap\u0131ld\u0131. Buna g\u00f6re verilen tarihten itibaren s\u00f6z konusu otob\u00fcs hatt\u0131 art\u0131k Tevfik Fikret Caddesi\u2019nden ge\u00e7meyecek. TR30 ARTIK BU DURAKTA DURMAYACAK AntalyaKart taraf\u0131ndan yap\u0131lan a\u00e7\u0131klamada TR30 hatt\u0131n\u0131n, 10136 numaral\u0131 (Tevfik Fikret Caddesi-2) dura\u011f\u0131ndan d\u00f6n\u00fc\u015f yaparken olas\u0131 kazalara sebebiyet verebilece\u011fi ve olu\u015fabilecek olas\u0131 can ile mal kay\u0131plar\u0131n\u0131n \u00f6n\u00fcne ge\u00e7mek i\u00e7in s\u00f6z konusu otob\u00fcs hatt\u0131n\u0131n, art\u0131k bu dura\u011f\u0131 kullanamayaca\u011f\u0131 a\u00e7\u0131kland\u0131. ALTERNAT\u0130F G\u00dcZERGAHLAR TR30 otob\u00fcs hatt\u0131n\u0131n, art\u0131k 10501 (Portakal \u00c7i\u00e7e\u011fi-4) ya da 10045 (Metin Kasapo\u011flu Caddesi-1) numaral\u0131 alternatif duraklar\u0131 kullanaca\u011f\u0131 belirtildi. Vatanda\u015flar\u0131n olas\u0131 bir ma\u011fduriyet ya\u015famas\u0131n\u0131n \u00f6n\u00fcne ge\u00e7i\u015fmesi i\u00e7in duyuru bir g\u00fcn \u00f6nceden uygulama \u00fczerinden duyuruldu. Detayl\u0131 bilgi almak isteyen vatanda\u015flar, \u201c0242 606 07 07\u201d numaral\u0131 telefonu numaras\u0131n\u0131 arayarak, g\u00fczergah de\u011fi\u015fikli\u011fine ili\u015fkin detayl\u0131 bilgiler edinebilir. ANTALYAKART TARAFINDAN YAPILAN A\u00c7IKLAMA AntalyaKart taraf\u0131ndan yap\u0131lan a\u00e7\u0131klamada, \u201cTR30 levhal\u0131 hatt\u0131m\u0131z 10136 numaral\u0131 dura\u011f\u0131m\u0131zdan sonra sola d\u00f6nerken trafi\u011fi tehlikeye att\u0131\u011f\u0131ndan ve kaza riski ya\u015fatt\u0131\u011f\u0131ndan dolay\u0131 13.05.2025 tarihi itibar\u0131yla ilgili durakta durmayacakt\u0131r. Alternatif olarak 10501 ya da 10045 numaral\u0131 duraklar\u0131m\u0131z\u0131 kullanabilirsiniz\u201d denildi. \u200bAntalyaKart, Antalya Otogar\u0131 ile Lara b\u00f6lgesi Rauf Denkta\u015f Caddesi aras\u0131nda sefer d\u00fczenleyen TR30 numaral\u0131 otob\u00fcs &hellip;\" \/>\n<meta property=\"og:url\" content=\"https:\/\/denizcankizil.tr\/de\/haberler\/gundem\/antalya-otogarindan-laraya-giden-o-otobusun-guzergahi-degisti\/\" \/>\n<meta property=\"og:site_name\" content=\"Av. Deniz Can K\u0131z\u0131l\" \/>\n<meta property=\"article:published_time\" content=\"2025-05-12T13:42:01+00:00\" \/>\n<meta name=\"author\" content=\"Antalya K\u00f6rfez\" \/>\n<meta name=\"twitter:card\" content=\"summary_large_image\" \/>\n<meta name=\"twitter:label1\" content=\"Verfasst von\" \/>\n\t<meta name=\"twitter:data1\" content=\"Antalya K\u00f6rfez\" \/>\n\t<meta name=\"twitter:label2\" content=\"Gesch\u00e4tzte Lesezeit\" \/>\n\t<meta name=\"twitter:data2\" content=\"2\u00a0Minuten\" \/>\n<script type=\"application\/ld+json\" class=\"yoast-schema-graph\">{\"@context\":\"https:\/\/schema.org\",\"@graph\":[{\"@type\":\"Article\",\"@id\":\"https:\/\/denizcankizil.tr\/de\/haberler\/gundem\/antalya-otogarindan-laraya-giden-o-otobusun-guzergahi-degisti\/#article\",\"isPartOf\":{\"@id\":\"https:\/\/denizcankizil.tr\/de\/haberler\/gundem\/antalya-otogarindan-laraya-giden-o-otobusun-guzergahi-degisti\/\"},\"author\":{\"name\":\"Antalya K\u00f6rfez\",\"@id\":\"https:\/\/denizcankizil.tr\/#\/schema\/person\/e1eb71bb4dd684d46563f0af307e1234\"},\"headline\":\"Antalya Otogar\u0131\u2019ndan Lara&#8217;ya giden o otob\u00fcs\u00fcn g\u00fczerg\u00e2h\u0131 de\u011fi\u015fti\",\"datePublished\":\"2025-05-12T13:42:01+00:00\",\"mainEntityOfPage\":{\"@id\":\"https:\/\/denizcankizil.tr\/de\/haberler\/gundem\/antalya-otogarindan-laraya-giden-o-otobusun-guzergahi-degisti\/\"},\"wordCount\":319,\"publisher\":{\"@id\":\"https:\/\/denizcankizil.tr\/#organization\"},\"articleSection\":[\"G\u00fcndem\"],\"inLanguage\":\"de\"},{\"@type\":\"WebPage\",\"@id\":\"https:\/\/denizcankizil.tr\/de\/haberler\/gundem\/antalya-otogarindan-laraya-giden-o-otobusun-guzergahi-degisti\/\",\"url\":\"https:\/\/denizcankizil.tr\/de\/haberler\/gundem\/antalya-otogarindan-laraya-giden-o-otobusun-guzergahi-degisti\/\",\"name\":\"Antalya Otogar\u0131\u2019ndan Lara'ya giden o otob\u00fcs\u00fcn g\u00fczerg\u00e2h\u0131 de\u011fi\u015fti - Av. Deniz Can K\u0131z\u0131l\",\"isPartOf\":{\"@id\":\"https:\/\/denizcankizil.tr\/#website\"},\"datePublished\":\"2025-05-12T13:42:01+00:00\",\"breadcrumb\":{\"@id\":\"https:\/\/denizcankizil.tr\/de\/haberler\/gundem\/antalya-otogarindan-laraya-giden-o-otobusun-guzergahi-degisti\/#breadcrumb\"},\"inLanguage\":\"de\",\"potentialAction\":[{\"@type\":\"ReadAction\",\"target\":[\"https:\/\/denizcankizil.tr\/de\/haberler\/gundem\/antalya-otogarindan-laraya-giden-o-otobusun-guzergahi-degisti\/\"]}]},{\"@type\":\"BreadcrumbList\",\"@id\":\"https:\/\/denizcankizil.tr\/de\/haberler\/gundem\/antalya-otogarindan-laraya-giden-o-otobusun-guzergahi-degisti\/#breadcrumb\",\"itemListElement\":[{\"@type\":\"ListItem\",\"position\":1,\"name\":\"Home\",\"item\":\"https:\/\/denizcankizil.tr\/de\/\"},{\"@type\":\"ListItem\",\"position\":2,\"name\":\"Antalya Otogar\u0131\u2019ndan Lara&#8217;ya giden o otob\u00fcs\u00fcn g\u00fczerg\u00e2h\u0131 de\u011fi\u015fti\"}]},{\"@type\":\"WebSite\",\"@id\":\"https:\/\/denizcankizil.tr\/#website\",\"url\":\"https:\/\/denizcankizil.tr\/\",\"name\":\"Av. Deniz Can K\u0131z\u0131l\",\"description\":\"Avukat Deniz Can K\u0131z\u0131l Antalya Barosu\",\"publisher\":{\"@id\":\"https:\/\/denizcankizil.tr\/#organization\"},\"potentialAction\":[{\"@type\":\"SearchAction\",\"target\":{\"@type\":\"EntryPoint\",\"urlTemplate\":\"https:\/\/denizcankizil.tr\/?s={search_term_string}\"},\"query-input\":{\"@type\":\"PropertyValueSpecification\",\"valueRequired\":true,\"valueName\":\"search_term_string\"}}],\"inLanguage\":\"de\"},{\"@type\":\"Organization\",\"@id\":\"https:\/\/denizcankizil.tr\/#organization\",\"name\":\"Av. Deniz Can K\u0131z\u0131l\",\"url\":\"https:\/\/denizcankizil.tr\/\",\"logo\":{\"@type\":\"ImageObject\",\"inLanguage\":\"de\",\"@id\":\"https:\/\/denizcankizil.tr\/#\/schema\/logo\/image\/\",\"url\":\"https:\/\/denizcankizil.tr\/wp-content\/uploads\/2024\/10\/siyah-logo-svg.svg\",\"contentUrl\":\"https:\/\/denizcankizil.tr\/wp-content\/uploads\/2024\/10\/siyah-logo-svg.svg\",\"width\":1080,\"height\":1080,\"caption\":\"Av. Deniz Can K\u0131z\u0131l\"},\"image\":{\"@id\":\"https:\/\/denizcankizil.tr\/#\/schema\/logo\/image\/\"}},{\"@type\":\"Person\",\"@id\":\"https:\/\/denizcankizil.tr\/#\/schema\/person\/e1eb71bb4dd684d46563f0af307e1234\",\"name\":\"Antalya K\u00f6rfez\",\"image\":{\"@type\":\"ImageObject\",\"inLanguage\":\"de\",\"@id\":\"https:\/\/denizcankizil.tr\/#\/schema\/person\/image\/\",\"url\":\"https:\/\/secure.gravatar.com\/avatar\/42b01982558a48a0b501fdcab6a408d3717ea5919095ee2e67b0e521799c5905?s=96&d=mm&r=g\",\"contentUrl\":\"https:\/\/secure.gravatar.com\/avatar\/42b01982558a48a0b501fdcab6a408d3717ea5919095ee2e67b0e521799c5905?s=96&d=mm&r=g\",\"caption\":\"Antalya K\u00f6rfez\"},\"sameAs\":[\"http:\/\/www.antalyakorfez.com\"],\"url\":\"https:\/\/www.antalyakorfez.com\/antalya-otogarindan-laraya-giden-o-otobusun-guzergahi-degisti\"}]}<\/script>\n<!-- \/ Yoast SEO Premium plugin. -->","yoast_head_json":{"title":"Antalya Otogar\u0131\u2019ndan Lara'ya giden o otob\u00fcs\u00fcn g\u00fczerg\u00e2h\u0131 de\u011fi\u015fti - Av. Deniz Can K\u0131z\u0131l","robots":{"index":"index","follow":"follow","max-snippet":"max-snippet:-1","max-image-preview":"max-image-preview:large","max-video-preview":"max-video-preview:-1"},"canonical":"https:\/\/denizcankizil.tr\/de\/haberler\/gundem\/antalya-otogarindan-laraya-giden-o-otobusun-guzergahi-degisti\/","og_locale":"de_DE","og_type":"article","og_title":"Antalya Otogar\u0131\u2019ndan Lara'ya giden o otob\u00fcs\u00fcn g\u00fczerg\u00e2h\u0131 de\u011fi\u015fti","og_description":"AntalyaKart mobil uygulamas\u0131 \u00fczerinden kullan\u0131c\u0131lar\u0131n\u0131 ilgilendiren \u00f6nemli bir duyuru yay\u0131nlad\u0131. 13 May\u0131s 2025 Sal\u0131 (yar\u0131n) g\u00fcn\u00fcnden itibaren Antalya Otogar\u0131 ile Lara b\u00f6lgesindeki Rauf Denkta\u015f Caddesi aras\u0131nda sefer d\u00fczenleyen TR30 otob\u00fcs hatt\u0131n\u0131n g\u00fczergah\u0131nda de\u011fi\u015fiklik yap\u0131ld\u0131. Buna g\u00f6re verilen tarihten itibaren s\u00f6z konusu otob\u00fcs hatt\u0131 art\u0131k Tevfik Fikret Caddesi\u2019nden ge\u00e7meyecek. TR30 ARTIK BU DURAKTA DURMAYACAK AntalyaKart taraf\u0131ndan yap\u0131lan a\u00e7\u0131klamada TR30 hatt\u0131n\u0131n, 10136 numaral\u0131 (Tevfik Fikret Caddesi-2) dura\u011f\u0131ndan d\u00f6n\u00fc\u015f yaparken olas\u0131 kazalara sebebiyet verebilece\u011fi ve olu\u015fabilecek olas\u0131 can ile mal kay\u0131plar\u0131n\u0131n \u00f6n\u00fcne ge\u00e7mek i\u00e7in s\u00f6z konusu otob\u00fcs hatt\u0131n\u0131n, art\u0131k bu dura\u011f\u0131 kullanamayaca\u011f\u0131 a\u00e7\u0131kland\u0131. ALTERNAT\u0130F G\u00dcZERGAHLAR TR30 otob\u00fcs hatt\u0131n\u0131n, art\u0131k 10501 (Portakal \u00c7i\u00e7e\u011fi-4) ya da 10045 (Metin Kasapo\u011flu Caddesi-1) numaral\u0131 alternatif duraklar\u0131 kullanaca\u011f\u0131 belirtildi. Vatanda\u015flar\u0131n olas\u0131 bir ma\u011fduriyet ya\u015famas\u0131n\u0131n \u00f6n\u00fcne ge\u00e7i\u015fmesi i\u00e7in duyuru bir g\u00fcn \u00f6nceden uygulama \u00fczerinden duyuruldu. Detayl\u0131 bilgi almak isteyen vatanda\u015flar, \u201c0242 606 07 07\u201d numaral\u0131 telefonu numaras\u0131n\u0131 arayarak, g\u00fczergah de\u011fi\u015fikli\u011fine ili\u015fkin detayl\u0131 bilgiler edinebilir. ANTALYAKART TARAFINDAN YAPILAN A\u00c7IKLAMA AntalyaKart taraf\u0131ndan yap\u0131lan a\u00e7\u0131klamada, \u201cTR30 levhal\u0131 hatt\u0131m\u0131z 10136 numaral\u0131 dura\u011f\u0131m\u0131zdan sonra sola d\u00f6nerken trafi\u011fi tehlikeye att\u0131\u011f\u0131ndan ve kaza riski ya\u015fatt\u0131\u011f\u0131ndan dolay\u0131 13.05.2025 tarihi itibar\u0131yla ilgili durakta durmayacakt\u0131r. Alternatif olarak 10501 ya da 10045 numaral\u0131 duraklar\u0131m\u0131z\u0131 kullanabilirsiniz\u201d denildi. \u200bAntalyaKart, Antalya Otogar\u0131 ile Lara b\u00f6lgesi Rauf Denkta\u015f Caddesi aras\u0131nda sefer d\u00fczenleyen TR30 numaral\u0131 otob\u00fcs &hellip;","og_url":"https:\/\/denizcankizil.tr\/de\/haberler\/gundem\/antalya-otogarindan-laraya-giden-o-otobusun-guzergahi-degisti\/","og_site_name":"Av. Deniz Can K\u0131z\u0131l","article_published_time":"2025-05-12T13:42:01+00:00","author":"Antalya K\u00f6rfez","twitter_card":"summary_large_image","twitter_misc":{"Verfasst von":"Antalya K\u00f6rfez","Gesch\u00e4tzte Lesezeit":"2\u00a0Minuten"},"schema":{"@context":"https:\/\/schema.org","@graph":[{"@type":"Article","@id":"https:\/\/denizcankizil.tr\/de\/haberler\/gundem\/antalya-otogarindan-laraya-giden-o-otobusun-guzergahi-degisti\/#article","isPartOf":{"@id":"https:\/\/denizcankizil.tr\/de\/haberler\/gundem\/antalya-otogarindan-laraya-giden-o-otobusun-guzergahi-degisti\/"},"author":{"name":"Antalya K\u00f6rfez","@id":"https:\/\/denizcankizil.tr\/#\/schema\/person\/e1eb71bb4dd684d46563f0af307e1234"},"headline":"Antalya Otogar\u0131\u2019ndan Lara&#8217;ya giden o otob\u00fcs\u00fcn g\u00fczerg\u00e2h\u0131 de\u011fi\u015fti","datePublished":"2025-05-12T13:42:01+00:00","mainEntityOfPage":{"@id":"https:\/\/denizcankizil.tr\/de\/haberler\/gundem\/antalya-otogarindan-laraya-giden-o-otobusun-guzergahi-degisti\/"},"wordCount":319,"publisher":{"@id":"https:\/\/denizcankizil.tr\/#organization"},"articleSection":["G\u00fcndem"],"inLanguage":"de"},{"@type":"WebPage","@id":"https:\/\/denizcankizil.tr\/de\/haberler\/gundem\/antalya-otogarindan-laraya-giden-o-otobusun-guzergahi-degisti\/","url":"https:\/\/denizcankizil.tr\/de\/haberler\/gundem\/antalya-otogarindan-laraya-giden-o-otobusun-guzergahi-degisti\/","name":"Antalya Otogar\u0131\u2019ndan Lara'ya giden o otob\u00fcs\u00fcn g\u00fczerg\u00e2h\u0131 de\u011fi\u015fti - Av. Deniz Can K\u0131z\u0131l","isPartOf":{"@id":"https:\/\/denizcankizil.tr\/#website"},"datePublished":"2025-05-12T13:42:01+00:00","breadcrumb":{"@id":"https:\/\/denizcankizil.tr\/de\/haberler\/gundem\/antalya-otogarindan-laraya-giden-o-otobusun-guzergahi-degisti\/#breadcrumb"},"inLanguage":"de","potentialAction":[{"@type":"ReadAction","target":["https:\/\/denizcankizil.tr\/de\/haberler\/gundem\/antalya-otogarindan-laraya-giden-o-otobusun-guzergahi-degisti\/"]}]},{"@type":"BreadcrumbList","@id":"https:\/\/denizcankizil.tr\/de\/haberler\/gundem\/antalya-otogarindan-laraya-giden-o-otobusun-guzergahi-degisti\/#breadcrumb","itemListElement":[{"@type":"ListItem","position":1,"name":"Home","item":"https:\/\/denizcankizil.tr\/de\/"},{"@type":"ListItem","position":2,"name":"Antalya Otogar\u0131\u2019ndan Lara&#8217;ya giden o otob\u00fcs\u00fcn g\u00fczerg\u00e2h\u0131 de\u011fi\u015fti"}]},{"@type":"WebSite","@id":"https:\/\/denizcankizil.tr\/#website","url":"https:\/\/denizcankizil.tr\/","name":"Av. Deniz Can K\u0131z\u0131l","description":"Avukat Deniz Can K\u0131z\u0131l Antalya Barosu","publisher":{"@id":"https:\/\/denizcankizil.tr\/#organization"},"potentialAction":[{"@type":"SearchAction","target":{"@type":"EntryPoint","urlTemplate":"https:\/\/denizcankizil.tr\/?s={search_term_string}"},"query-input":{"@type":"PropertyValueSpecification","valueRequired":true,"valueName":"search_term_string"}}],"inLanguage":"de"},{"@type":"Organization","@id":"https:\/\/denizcankizil.tr\/#organization","name":"Av. Deniz Can K\u0131z\u0131l","url":"https:\/\/denizcankizil.tr\/","logo":{"@type":"ImageObject","inLanguage":"de","@id":"https:\/\/denizcankizil.tr\/#\/schema\/logo\/image\/","url":"https:\/\/denizcankizil.tr\/wp-content\/uploads\/2024\/10\/siyah-logo-svg.svg","contentUrl":"https:\/\/denizcankizil.tr\/wp-content\/uploads\/2024\/10\/siyah-logo-svg.svg","width":1080,"height":1080,"caption":"Av. Deniz Can K\u0131z\u0131l"},"image":{"@id":"https:\/\/denizcankizil.tr\/#\/schema\/logo\/image\/"}},{"@type":"Person","@id":"https:\/\/denizcankizil.tr\/#\/schema\/person\/e1eb71bb4dd684d46563f0af307e1234","name":"Antalya K\u00f6rfez","image":{"@type":"ImageObject","inLanguage":"de","@id":"https:\/\/denizcankizil.tr\/#\/schema\/person\/image\/","url":"https:\/\/secure.gravatar.com\/avatar\/42b01982558a48a0b501fdcab6a408d3717ea5919095ee2e67b0e521799c5905?s=96&d=mm&r=g","contentUrl":"https:\/\/secure.gravatar.com\/avatar\/42b01982558a48a0b501fdcab6a408d3717ea5919095ee2e67b0e521799c5905?s=96&d=mm&r=g","caption":"Antalya K\u00f6rfez"},"sameAs":["http:\/\/www.antalyakorfez.com"],"url":"https:\/\/www.antalyakorfez.com\/antalya-otogarindan-laraya-giden-o-otobusun-guzergahi-degisti"}]}},"_links":{"self":[{"href":"https:\/\/denizcankizil.tr\/de\/wp-json\/wp\/v2\/posts\/84261","targetHints":{"allow":["GET"]}}],"collection":[{"href":"https:\/\/denizcankizil.tr\/de\/wp-json\/wp\/v2\/posts"}],"about":[{"href":"https:\/\/denizcankizil.tr\/de\/wp-json\/wp\/v2\/types\/post"}],"author":[{"embeddable":true,"href":"https:\/\/denizcankizil.tr\/de\/wp-json\/wp\/v2\/users\/5"}],"replies":[{"embeddable":true,"href":"https:\/\/denizcankizil.tr\/de\/wp-json\/wp\/v2\/comments?post=84261"}],"version-history":[{"count":0,"href":"https:\/\/denizcankizil.tr\/de\/wp-json\/wp\/v2\/posts\/84261\/revisions"}],"wp:attachment":[{"href":"https:\/\/denizcankizil.tr\/de\/wp-json\/wp\/v2\/media?parent=84261"}],"wp:term":[{"taxonomy":"category","embeddable":true,"href":"https:\/\/denizcankizil.tr\/de\/wp-json\/wp\/v2\/categories?post=84261"},{"taxonomy":"post_tag","embeddable":true,"href":"https:\/\/denizcankizil.tr\/de\/wp-json\/wp\/v2\/tags?post=84261"}],"curies":[{"name":"wp","href":"https:\/\/api.w.org\/{rel}","templated":true}]}}