{"id":84185,"date":"2025-05-12T15:41:17","date_gmt":"2025-05-12T12:41:17","guid":{"rendered":"https:\/\/denizcankizil.tr\/uncategorized-tr\/vali-sahinden-tunellerle-ilgili-aciklama\/"},"modified":"2025-05-12T15:41:17","modified_gmt":"2025-05-12T12:41:17","slug":"vali-sahinden-tunellerle-ilgili-aciklama","status":"publish","type":"post","link":"https:\/\/denizcankizil.tr\/de\/haberler\/antalya\/vali-sahinden-tunellerle-ilgili-aciklama\/","title":{"rendered":"Vali \u015eahin&#8217;den t\u00fcnellerle ilgili a\u00e7\u0131klama"},"content":{"rendered":"<p>Antalya Valisi Hulusi \u015eahin, Antalya \u0130l Asayi\u015f ve G\u00fcvenlik Bilgilendirme Bas\u0131n Toplant\u0131s\u0131&#8217;nda kentteki g\u00fcvenlik g\u00fcndemine ili\u015fkin de\u011ferlendirmelerde bulundu. Nisan ay\u0131na ili\u015fkin yap\u0131lan bilgilendirme toplant\u0131s\u0131, \u0130l Jandarma Komutan\u0131 Tu\u011fgeneral Tar\u0131k Hekimo\u011flu, Sahil G\u00fcvenlik Antalya Grup Komutan\u0131 Yarbay Tolga Co\u015fkun ve \u0130l Emniyet M\u00fcd\u00fcr\u00fc \u0130lker Arslan&#8217;\u0131n kat\u0131l\u0131m\u0131yla ger\u00e7ekle\u015ftirildi.<br \/>\nMuratpa\u015fa il\u00e7esi s\u0131n\u0131rlar\u0131ndaki baz\u0131 5 y\u0131ld\u0131zl\u0131 otellerin falezlerde a\u00e7t\u0131\u011f\u0131 gizli t\u00fcneller hakk\u0131nda konu\u015fan Vali \u015eahin, &#8220;Onlar\u0131 bilmeyen Antalyal\u0131 var m\u0131? Herkes biliyor de\u011fil mi? Yeni bir \u015fey de\u011fil. Y\u0131llar \u00f6nce, on y\u0131llar \u00f6nce, yani on, baz\u0131lar\u0131 20 baz\u0131lar\u0131 30 y\u0131l \u00f6nce yap\u0131lm\u0131\u015f s\u00fcre\u00e7ler. Defalarca ilgili kurumlar taraf\u0131ndan bunlar incelenmi\u015f, kapatma i\u015flemleri, m\u00fch\u00fcrleme i\u015flemleri, mahkeme i\u015flemleri yap\u0131lm\u0131\u015f ve o s\u00fcre\u00e7ler hep mahkemelerde devam ediyor. Bu konuda da yetkili kurumlar, ba\u015fta il\u00e7e, B\u00fcy\u00fck\u015fehir Belediyemiz ve \u00c7evre \u015eehircilik olmak \u00fczere bu konuyla u\u011fra\u015fmaya devam ediyoruz ama bunun yeni bir konu olmad\u0131\u011f\u0131n\u0131 ve bu t\u00fcnellerin de \u00e7ok eski t\u00fcneller oldu\u011funu ifade etmek isterim&#8221; ifadelerini kulland\u0131.<\/p>\n<p>&#8220;\u00dcz\u00fcc\u00fc bir hadise&#8221;<br \/>\nKepez il\u00e7esi Varsak Ayano\u011flu Mahallesi&#8217;nde bir ki\u015finin motosikletli polislerce d\u00f6v\u00fcld\u00fc\u011f\u00fc anlara ait g\u00f6r\u00fcnt\u00fclerin sosyal medyada payla\u015f\u0131lmas\u0131 \u00fczerine de a\u00e7\u0131klama yapan \u015eahin, olay\u0131n kendilerini de \u00fczd\u00fc\u011f\u00fcn\u00fc ifade etti. Vali \u015eahin, &#8220;\u00d6ncelikle \u015funu s\u00f6yleyelim. \u015eiddete maruz kalan k\u00fc\u00e7\u00fck bir \u00e7ocuk de\u011fil. Ya\u015f\u0131 ileri, yan\u0131ndaki de annesi de\u011fil. O da ya\u015f\u0131 o ki\u015fiye yak\u0131n 2 insan. Ama bu tabii bir mazeret de\u011fil. B\u00f6yle bir muameleyi polisimizin yapmas\u0131 d\u00fc\u015f\u00fcn\u00fclemez. Her ne kadar \u00f6ncesinde polisimizi ne kadar k\u0131\u015fk\u0131rt\u0131lm\u0131\u015f olsa da yine de bizim polisimizin bu \u015fekilde bir tepki g\u00f6stermemesi gerekirdi&#8221; dedi. \u0130dari soru\u015fturman\u0131n a\u00e7\u0131ld\u0131\u011f\u0131n\u0131 belirten \u015eahin, &#8220;Vali s\u0131fat\u0131yla da hemen a\u00e7\u0131\u011fa ald\u0131m, g\u00f6revden uzakla\u015ft\u0131rd\u0131k. \u015eu anda a\u00e7\u0131ktad\u0131r. Soru\u015fturma da devam etmektedir&#8221; diye konu\u015ftu.<\/p>\n<p>&#8220;Konyaalt\u0131 sahili halk\u0131nd\u0131r, kullan\u0131m k\u0131s\u0131tlanamaz&#8221;<br \/>\nKonyaalt\u0131 Sahili k\u0131y\u0131 \u015feridindeki yasa d\u0131\u015f\u0131 yap\u0131la\u015fma hakk\u0131nda da de\u011ferlendirmelerde bulunan Vali \u015eahin, \u00c7evre, \u015eehircilik ve \u0130klim De\u011fi\u015fikli\u011fi Bakanl\u0131\u011f\u0131&#8217;n\u0131n ba\u015flatt\u0131\u011f\u0131 &#8220;Sahiller Halk\u0131nd\u0131r&#8221; inisiyatifi do\u011frultusunda Antalya&#8217;da 640 kilometrelik sahil \u015feridinde y\u00fcr\u00fct\u00fclen \u00e7al\u0131\u015fmalara dikkat \u00e7ekti. \u015eahin, &#8220;Konyaalt\u0131&#8217;nda yapt\u0131\u011f\u0131m\u0131z \u00e7al\u0131\u015fmalar bunun bir devam niteli\u011finde. \u0130l\u00e7e belediyelerimiz, B\u00fcy\u00fck\u015fehir Belediye&#8217;miz, \u00c7evre \u015eehircilik \u0130l M\u00fcd\u00fcrl\u00fc\u011f\u00fcm\u00fcz ve di\u011fer kurulu\u015flar\u0131m\u0131zla beraber toplant\u0131 \u00fcst\u00fcne toplant\u0131 yapt\u0131k, i\u015fletmeleri \u00e7a\u011f\u0131rd\u0131k. Yapm\u0131\u015f olduklar\u0131 faaliyetlerin yasal olan b\u00f6l\u00fcmlerini, yasa d\u0131\u015f\u0131 olan b\u00f6l\u00fcmlerini kendilerine g\u00f6sterdik. Ve yasal \u00e7er\u00e7eveye ge\u00e7meleri gerekti\u011fini ifade ettik. Ama kendilerine verdi\u011fimiz s\u00fcre zarf\u0131nda bunlar\u0131 yapmad\u0131lar. Bu durum da art\u0131k m\u00fcdahaleyi ka\u00e7\u0131n\u0131lmaz k\u0131ld\u0131&#8221; dedi. M\u00fcdahalelerin emniyet g\u00fc\u00e7lerinin deste\u011fiyle olgunlukla s\u00fcrd\u00fcr\u00fcld\u00fc\u011f\u00fcn\u00fc belirten \u015eahin, &#8220;\u015eu anda y\u00fczde 90-95 seviyelerine geldi. Birka\u00e7 tane y\u00fcr\u00fctmeyi durdurma karar\u0131 var. Bunlar\u0131 takip ediyoruz. Dosyalar\u0131m\u0131z\u0131 sunaca\u011f\u0131z. B\u00f6ylece y\u00fcr\u00fctme durdurmalar\u0131n kald\u0131r\u0131lmas\u0131yla eksikleri de tamamlayaca\u011f\u0131z&#8221; \u015feklinde konu\u015ftu.<\/p>\n<p>Lara, Aksu ve Kumk\u00f6y vurgusu<br \/>\nVali \u015eahin, Lara sahilinde ge\u00e7ti\u011fimiz k\u0131\u015f d\u00f6neminde yap\u0131lan y\u0131k\u0131mlar\u0131 hat\u0131rlatarak, &#8220;Baz\u0131 otellerin falezlerin \u00fczerine yapt\u0131klar\u0131 imalatlar vard\u0131. Havuz vard\u0131. Hatta asans\u00f6r vard\u0131. Onlar\u0131 y\u0131kt\u0131k, devam ediyoruz&#8221; dedi. Aksu il\u00e7esinde \u00e7al\u0131\u015fmalar\u0131n s\u00fcrd\u00fc\u011f\u00fcn\u00fc belirten \u015eahin, Serik ve Kumk\u00f6y b\u00f6lgesinde de daha \u00f6nce kapsaml\u0131 m\u00fcdahaleler yap\u0131ld\u0131\u011f\u0131n\u0131 hat\u0131rlatt\u0131. Vali \u015eahin, &#8220;T\u00fcm payda\u015flar\u0131m\u0131zla yo\u011fun bir \u015fekilde kumsallar\u0131m\u0131z\u0131n, sahillerimizin i\u015fgalini \u00f6nlemeye \u00e7al\u0131\u015f\u0131yoruz. Vatanda\u015ftan yana kim olacak? Biz olmazsak kim olacak?&#8221; ifadelerini kulland\u0131.<\/p>\n<p>Kaynak: www.kanalv.com.tr Haber Sitesinden Al\u0131nm\u0131\u015ft\u0131r.<\/p>","protected":false},"excerpt":{"rendered":"<p>Antalya Valisi Hulusi \u015eahin, Antalya \u0130l Asayi\u015f ve G\u00fcvenlik Bilgilendirme Bas\u0131n Toplant\u0131s\u0131&#8217;nda kentteki g\u00fcvenlik g\u00fcndemine ili\u015fkin de\u011ferlendirmelerde bulundu. Nisan ay\u0131na ili\u015fkin yap\u0131lan bilgilendirme toplant\u0131s\u0131, \u0130l Jandarma Komutan\u0131 Tu\u011fgeneral Tar\u0131k Hekimo\u011flu, Sahil G\u00fcvenlik Antalya Grup Komutan\u0131 Yarbay Tolga Co\u015fkun ve \u0130l Emniyet M\u00fcd\u00fcr\u00fc \u0130lker Arslan&#8217;\u0131n kat\u0131l\u0131m\u0131yla ger\u00e7ekle\u015ftirildi. Muratpa\u015fa il\u00e7esi s\u0131n\u0131rlar\u0131ndaki baz\u0131 5 y\u0131ld\u0131zl\u0131 otellerin falezlerde a\u00e7t\u0131\u011f\u0131 gizli t\u00fcneller hakk\u0131nda konu\u015fan Vali \u015eahin, &#8220;Onlar\u0131 bilmeyen Antalyal\u0131 var m\u0131? Herkes biliyor de\u011fil mi? Yeni bir \u015fey de\u011fil. Y\u0131llar \u00f6nce, on y\u0131llar \u00f6nce, yani on, baz\u0131lar\u0131 20 baz\u0131lar\u0131 30 y\u0131l \u00f6nce yap\u0131lm\u0131\u015f s\u00fcre\u00e7ler. Defalarca ilgili kurumlar taraf\u0131ndan bunlar incelenmi\u015f, kapatma i\u015flemleri, m\u00fch\u00fcrleme i\u015flemleri, mahkeme i\u015flemleri yap\u0131lm\u0131\u015f ve o s\u00fcre\u00e7ler hep mahkemelerde devam ediyor. Bu konuda da yetkili kurumlar, ba\u015fta il\u00e7e, B\u00fcy\u00fck\u015fehir Belediyemiz ve \u00c7evre \u015eehircilik olmak \u00fczere bu konuyla u\u011fra\u015fmaya devam ediyoruz ama bunun yeni bir konu olmad\u0131\u011f\u0131n\u0131 ve bu t\u00fcnellerin de \u00e7ok eski t\u00fcneller oldu\u011funu ifade etmek isterim&#8221; ifadelerini kulland\u0131. &#8220;\u00dcz\u00fcc\u00fc bir hadise&#8221; Kepez il\u00e7esi Varsak Ayano\u011flu Mahallesi&#8217;nde bir ki\u015finin motosikletli polislerce d\u00f6v\u00fcld\u00fc\u011f\u00fc anlara ait g\u00f6r\u00fcnt\u00fclerin sosyal medyada payla\u015f\u0131lmas\u0131 \u00fczerine de a\u00e7\u0131klama yapan \u015eahin, olay\u0131n kendilerini de \u00fczd\u00fc\u011f\u00fcn\u00fc ifade etti. Vali \u015eahin, &#8220;\u00d6ncelikle \u015funu s\u00f6yleyelim. \u015eiddete maruz kalan k\u00fc\u00e7\u00fck bir \u00e7ocuk de\u011fil. Ya\u015f\u0131 ileri, yan\u0131ndaki de annesi de\u011fil. O da ya\u015f\u0131 o ki\u015fiye &hellip;<\/p>","protected":false},"author":4,"featured_media":0,"comment_status":"","ping_status":"open","sticky":false,"template":"","format":"standard","meta":{"_acf_changed":false,"footnotes":""},"categories":[26],"tags":[],"class_list":["post-84185","post","type-post","status-publish","format-standard","hentry","category-antalya"],"acf":[],"yoast_head":"<!-- This site is optimized with the Yoast SEO Premium plugin v26.6 (Yoast SEO v27.1.1) - https:\/\/yoast.com\/product\/yoast-seo-premium-wordpress\/ -->\n<title>Vali \u015eahin&#039;den t\u00fcnellerle ilgili a\u00e7\u0131klama - Av. Deniz Can K\u0131z\u0131l<\/title>\n<meta name=\"robots\" content=\"index, follow, max-snippet:-1, max-image-preview:large, max-video-preview:-1\" \/>\n<link rel=\"canonical\" href=\"https:\/\/denizcankizil.tr\/de\/haberler\/antalya\/vali-sahinden-tunellerle-ilgili-aciklama\/\" \/>\n<meta property=\"og:locale\" content=\"de_DE\" \/>\n<meta property=\"og:type\" content=\"article\" \/>\n<meta property=\"og:title\" content=\"Vali \u015eahin&#039;den t\u00fcnellerle ilgili a\u00e7\u0131klama\" \/>\n<meta property=\"og:description\" content=\"Antalya Valisi Hulusi \u015eahin, Antalya \u0130l Asayi\u015f ve G\u00fcvenlik Bilgilendirme Bas\u0131n Toplant\u0131s\u0131&#8217;nda kentteki g\u00fcvenlik g\u00fcndemine ili\u015fkin de\u011ferlendirmelerde bulundu. Nisan ay\u0131na ili\u015fkin yap\u0131lan bilgilendirme toplant\u0131s\u0131, \u0130l Jandarma Komutan\u0131 Tu\u011fgeneral Tar\u0131k Hekimo\u011flu, Sahil G\u00fcvenlik Antalya Grup Komutan\u0131 Yarbay Tolga Co\u015fkun ve \u0130l Emniyet M\u00fcd\u00fcr\u00fc \u0130lker Arslan&#8217;\u0131n kat\u0131l\u0131m\u0131yla ger\u00e7ekle\u015ftirildi. Muratpa\u015fa il\u00e7esi s\u0131n\u0131rlar\u0131ndaki baz\u0131 5 y\u0131ld\u0131zl\u0131 otellerin falezlerde a\u00e7t\u0131\u011f\u0131 gizli t\u00fcneller hakk\u0131nda konu\u015fan Vali \u015eahin, &#8220;Onlar\u0131 bilmeyen Antalyal\u0131 var m\u0131? Herkes biliyor de\u011fil mi? Yeni bir \u015fey de\u011fil. Y\u0131llar \u00f6nce, on y\u0131llar \u00f6nce, yani on, baz\u0131lar\u0131 20 baz\u0131lar\u0131 30 y\u0131l \u00f6nce yap\u0131lm\u0131\u015f s\u00fcre\u00e7ler. Defalarca ilgili kurumlar taraf\u0131ndan bunlar incelenmi\u015f, kapatma i\u015flemleri, m\u00fch\u00fcrleme i\u015flemleri, mahkeme i\u015flemleri yap\u0131lm\u0131\u015f ve o s\u00fcre\u00e7ler hep mahkemelerde devam ediyor. Bu konuda da yetkili kurumlar, ba\u015fta il\u00e7e, B\u00fcy\u00fck\u015fehir Belediyemiz ve \u00c7evre \u015eehircilik olmak \u00fczere bu konuyla u\u011fra\u015fmaya devam ediyoruz ama bunun yeni bir konu olmad\u0131\u011f\u0131n\u0131 ve bu t\u00fcnellerin de \u00e7ok eski t\u00fcneller oldu\u011funu ifade etmek isterim&#8221; ifadelerini kulland\u0131. &#8220;\u00dcz\u00fcc\u00fc bir hadise&#8221; Kepez il\u00e7esi Varsak Ayano\u011flu Mahallesi&#8217;nde bir ki\u015finin motosikletli polislerce d\u00f6v\u00fcld\u00fc\u011f\u00fc anlara ait g\u00f6r\u00fcnt\u00fclerin sosyal medyada payla\u015f\u0131lmas\u0131 \u00fczerine de a\u00e7\u0131klama yapan \u015eahin, olay\u0131n kendilerini de \u00fczd\u00fc\u011f\u00fcn\u00fc ifade etti. Vali \u015eahin, &#8220;\u00d6ncelikle \u015funu s\u00f6yleyelim. \u015eiddete maruz kalan k\u00fc\u00e7\u00fck bir \u00e7ocuk de\u011fil. Ya\u015f\u0131 ileri, yan\u0131ndaki de annesi de\u011fil. O da ya\u015f\u0131 o ki\u015fiye &hellip;\" \/>\n<meta property=\"og:url\" content=\"https:\/\/denizcankizil.tr\/de\/haberler\/antalya\/vali-sahinden-tunellerle-ilgili-aciklama\/\" \/>\n<meta property=\"og:site_name\" content=\"Av. Deniz Can K\u0131z\u0131l\" \/>\n<meta property=\"article:published_time\" content=\"2025-05-12T12:41:17+00:00\" \/>\n<meta name=\"author\" content=\"Av. Deniz Can K\u0131z\u0131l\" \/>\n<meta name=\"twitter:card\" content=\"summary_large_image\" \/>\n<meta name=\"twitter:label1\" content=\"Verfasst von\" \/>\n\t<meta name=\"twitter:data1\" content=\"Av. Deniz Can K\u0131z\u0131l\" \/>\n\t<meta name=\"twitter:label2\" content=\"Gesch\u00e4tzte Lesezeit\" \/>\n\t<meta name=\"twitter:data2\" content=\"3\u00a0Minuten\" \/>\n<script type=\"application\/ld+json\" class=\"yoast-schema-graph\">{\"@context\":\"https:\/\/schema.org\",\"@graph\":[{\"@type\":\"Article\",\"@id\":\"https:\/\/denizcankizil.tr\/de\/haberler\/antalya\/vali-sahinden-tunellerle-ilgili-aciklama\/#article\",\"isPartOf\":{\"@id\":\"https:\/\/denizcankizil.tr\/de\/haberler\/antalya\/vali-sahinden-tunellerle-ilgili-aciklama\/\"},\"author\":{\"name\":\"Av. Deniz Can K\u0131z\u0131l\",\"@id\":\"https:\/\/denizcankizil.tr\/de\/#\/schema\/person\/5dc1b22991bd7ac833867c10afc9b0ff\"},\"headline\":\"Vali \u015eahin&#8217;den t\u00fcnellerle ilgili a\u00e7\u0131klama\",\"datePublished\":\"2025-05-12T12:41:17+00:00\",\"mainEntityOfPage\":{\"@id\":\"https:\/\/denizcankizil.tr\/de\/haberler\/antalya\/vali-sahinden-tunellerle-ilgili-aciklama\/\"},\"wordCount\":706,\"publisher\":{\"@id\":\"https:\/\/denizcankizil.tr\/de\/#organization\"},\"articleSection\":[\"Antalya\"],\"inLanguage\":\"de\"},{\"@type\":\"WebPage\",\"@id\":\"https:\/\/denizcankizil.tr\/de\/haberler\/antalya\/vali-sahinden-tunellerle-ilgili-aciklama\/\",\"url\":\"https:\/\/denizcankizil.tr\/de\/haberler\/antalya\/vali-sahinden-tunellerle-ilgili-aciklama\/\",\"name\":\"Vali \u015eahin'den t\u00fcnellerle ilgili a\u00e7\u0131klama - Av. Deniz Can K\u0131z\u0131l\",\"isPartOf\":{\"@id\":\"https:\/\/denizcankizil.tr\/de\/#website\"},\"datePublished\":\"2025-05-12T12:41:17+00:00\",\"breadcrumb\":{\"@id\":\"https:\/\/denizcankizil.tr\/de\/haberler\/antalya\/vali-sahinden-tunellerle-ilgili-aciklama\/#breadcrumb\"},\"inLanguage\":\"de\",\"potentialAction\":[{\"@type\":\"ReadAction\",\"target\":[\"https:\/\/denizcankizil.tr\/de\/haberler\/antalya\/vali-sahinden-tunellerle-ilgili-aciklama\/\"]}]},{\"@type\":\"BreadcrumbList\",\"@id\":\"https:\/\/denizcankizil.tr\/de\/haberler\/antalya\/vali-sahinden-tunellerle-ilgili-aciklama\/#breadcrumb\",\"itemListElement\":[{\"@type\":\"ListItem\",\"position\":1,\"name\":\"Home\",\"item\":\"https:\/\/denizcankizil.tr\/de\/\"},{\"@type\":\"ListItem\",\"position\":2,\"name\":\"Vali \u015eahin&#8217;den t\u00fcnellerle ilgili a\u00e7\u0131klama\"}]},{\"@type\":\"WebSite\",\"@id\":\"https:\/\/denizcankizil.tr\/de\/#website\",\"url\":\"https:\/\/denizcankizil.tr\/de\/\",\"name\":\"Av. Deniz Can K\u0131z\u0131l\",\"description\":\"Avukat Deniz Can K\u0131z\u0131l Antalya Barosu\",\"publisher\":{\"@id\":\"https:\/\/denizcankizil.tr\/de\/#organization\"},\"potentialAction\":[{\"@type\":\"SearchAction\",\"target\":{\"@type\":\"EntryPoint\",\"urlTemplate\":\"https:\/\/denizcankizil.tr\/de\/?s={search_term_string}\"},\"query-input\":{\"@type\":\"PropertyValueSpecification\",\"valueRequired\":true,\"valueName\":\"search_term_string\"}}],\"inLanguage\":\"de\"},{\"@type\":\"Organization\",\"@id\":\"https:\/\/denizcankizil.tr\/de\/#organization\",\"name\":\"Av. Deniz Can K\u0131z\u0131l\",\"url\":\"https:\/\/denizcankizil.tr\/de\/\",\"logo\":{\"@type\":\"ImageObject\",\"inLanguage\":\"de\",\"@id\":\"https:\/\/denizcankizil.tr\/de\/#\/schema\/logo\/image\/\",\"url\":\"https:\/\/denizcankizil.tr\/wp-content\/uploads\/2024\/10\/siyah-logo-svg.svg\",\"contentUrl\":\"https:\/\/denizcankizil.tr\/wp-content\/uploads\/2024\/10\/siyah-logo-svg.svg\",\"width\":1080,\"height\":1080,\"caption\":\"Av. Deniz Can K\u0131z\u0131l\"},\"image\":{\"@id\":\"https:\/\/denizcankizil.tr\/de\/#\/schema\/logo\/image\/\"}},{\"@type\":\"Person\",\"@id\":\"https:\/\/denizcankizil.tr\/de\/#\/schema\/person\/5dc1b22991bd7ac833867c10afc9b0ff\",\"name\":\"Av. Deniz Can K\u0131z\u0131l\",\"image\":{\"@type\":\"ImageObject\",\"inLanguage\":\"de\",\"@id\":\"https:\/\/denizcankizil.tr\/de\/#\/schema\/person\/image\/\",\"url\":\"https:\/\/secure.gravatar.com\/avatar\/a0b128fb9855c79efc976d5640eedb31dc35ec297594d6016d2cf7c60e975bb6?s=96&d=mm&r=g\",\"contentUrl\":\"https:\/\/secure.gravatar.com\/avatar\/a0b128fb9855c79efc976d5640eedb31dc35ec297594d6016d2cf7c60e975bb6?s=96&d=mm&r=g\",\"caption\":\"Av. Deniz Can K\u0131z\u0131l\"},\"sameAs\":[\"http:\/\/www.denizcankizil.tr\"],\"url\":\"https:\/\/denizcankizil.tr\/de\/author\/denizcankizil\/\"}]}<\/script>\n<!-- \/ Yoast SEO Premium plugin. -->","yoast_head_json":{"title":"Vali \u015eahin'den t\u00fcnellerle ilgili a\u00e7\u0131klama - Av. Deniz Can K\u0131z\u0131l","robots":{"index":"index","follow":"follow","max-snippet":"max-snippet:-1","max-image-preview":"max-image-preview:large","max-video-preview":"max-video-preview:-1"},"canonical":"https:\/\/denizcankizil.tr\/de\/haberler\/antalya\/vali-sahinden-tunellerle-ilgili-aciklama\/","og_locale":"de_DE","og_type":"article","og_title":"Vali \u015eahin'den t\u00fcnellerle ilgili a\u00e7\u0131klama","og_description":"Antalya Valisi Hulusi \u015eahin, Antalya \u0130l Asayi\u015f ve G\u00fcvenlik Bilgilendirme Bas\u0131n Toplant\u0131s\u0131&#8217;nda kentteki g\u00fcvenlik g\u00fcndemine ili\u015fkin de\u011ferlendirmelerde bulundu. Nisan ay\u0131na ili\u015fkin yap\u0131lan bilgilendirme toplant\u0131s\u0131, \u0130l Jandarma Komutan\u0131 Tu\u011fgeneral Tar\u0131k Hekimo\u011flu, Sahil G\u00fcvenlik Antalya Grup Komutan\u0131 Yarbay Tolga Co\u015fkun ve \u0130l Emniyet M\u00fcd\u00fcr\u00fc \u0130lker Arslan&#8217;\u0131n kat\u0131l\u0131m\u0131yla ger\u00e7ekle\u015ftirildi. Muratpa\u015fa il\u00e7esi s\u0131n\u0131rlar\u0131ndaki baz\u0131 5 y\u0131ld\u0131zl\u0131 otellerin falezlerde a\u00e7t\u0131\u011f\u0131 gizli t\u00fcneller hakk\u0131nda konu\u015fan Vali \u015eahin, &#8220;Onlar\u0131 bilmeyen Antalyal\u0131 var m\u0131? Herkes biliyor de\u011fil mi? Yeni bir \u015fey de\u011fil. Y\u0131llar \u00f6nce, on y\u0131llar \u00f6nce, yani on, baz\u0131lar\u0131 20 baz\u0131lar\u0131 30 y\u0131l \u00f6nce yap\u0131lm\u0131\u015f s\u00fcre\u00e7ler. Defalarca ilgili kurumlar taraf\u0131ndan bunlar incelenmi\u015f, kapatma i\u015flemleri, m\u00fch\u00fcrleme i\u015flemleri, mahkeme i\u015flemleri yap\u0131lm\u0131\u015f ve o s\u00fcre\u00e7ler hep mahkemelerde devam ediyor. Bu konuda da yetkili kurumlar, ba\u015fta il\u00e7e, B\u00fcy\u00fck\u015fehir Belediyemiz ve \u00c7evre \u015eehircilik olmak \u00fczere bu konuyla u\u011fra\u015fmaya devam ediyoruz ama bunun yeni bir konu olmad\u0131\u011f\u0131n\u0131 ve bu t\u00fcnellerin de \u00e7ok eski t\u00fcneller oldu\u011funu ifade etmek isterim&#8221; ifadelerini kulland\u0131. &#8220;\u00dcz\u00fcc\u00fc bir hadise&#8221; Kepez il\u00e7esi Varsak Ayano\u011flu Mahallesi&#8217;nde bir ki\u015finin motosikletli polislerce d\u00f6v\u00fcld\u00fc\u011f\u00fc anlara ait g\u00f6r\u00fcnt\u00fclerin sosyal medyada payla\u015f\u0131lmas\u0131 \u00fczerine de a\u00e7\u0131klama yapan \u015eahin, olay\u0131n kendilerini de \u00fczd\u00fc\u011f\u00fcn\u00fc ifade etti. Vali \u015eahin, &#8220;\u00d6ncelikle \u015funu s\u00f6yleyelim. \u015eiddete maruz kalan k\u00fc\u00e7\u00fck bir \u00e7ocuk de\u011fil. Ya\u015f\u0131 ileri, yan\u0131ndaki de annesi de\u011fil. O da ya\u015f\u0131 o ki\u015fiye &hellip;","og_url":"https:\/\/denizcankizil.tr\/de\/haberler\/antalya\/vali-sahinden-tunellerle-ilgili-aciklama\/","og_site_name":"Av. Deniz Can K\u0131z\u0131l","article_published_time":"2025-05-12T12:41:17+00:00","author":"Av. Deniz Can K\u0131z\u0131l","twitter_card":"summary_large_image","twitter_misc":{"Verfasst von":"Av. Deniz Can K\u0131z\u0131l","Gesch\u00e4tzte Lesezeit":"3\u00a0Minuten"},"schema":{"@context":"https:\/\/schema.org","@graph":[{"@type":"Article","@id":"https:\/\/denizcankizil.tr\/de\/haberler\/antalya\/vali-sahinden-tunellerle-ilgili-aciklama\/#article","isPartOf":{"@id":"https:\/\/denizcankizil.tr\/de\/haberler\/antalya\/vali-sahinden-tunellerle-ilgili-aciklama\/"},"author":{"name":"Av. Deniz Can K\u0131z\u0131l","@id":"https:\/\/denizcankizil.tr\/de\/#\/schema\/person\/5dc1b22991bd7ac833867c10afc9b0ff"},"headline":"Vali \u015eahin&#8217;den t\u00fcnellerle ilgili a\u00e7\u0131klama","datePublished":"2025-05-12T12:41:17+00:00","mainEntityOfPage":{"@id":"https:\/\/denizcankizil.tr\/de\/haberler\/antalya\/vali-sahinden-tunellerle-ilgili-aciklama\/"},"wordCount":706,"publisher":{"@id":"https:\/\/denizcankizil.tr\/de\/#organization"},"articleSection":["Antalya"],"inLanguage":"de"},{"@type":"WebPage","@id":"https:\/\/denizcankizil.tr\/de\/haberler\/antalya\/vali-sahinden-tunellerle-ilgili-aciklama\/","url":"https:\/\/denizcankizil.tr\/de\/haberler\/antalya\/vali-sahinden-tunellerle-ilgili-aciklama\/","name":"Vali \u015eahin'den t\u00fcnellerle ilgili a\u00e7\u0131klama - Av. Deniz Can K\u0131z\u0131l","isPartOf":{"@id":"https:\/\/denizcankizil.tr\/de\/#website"},"datePublished":"2025-05-12T12:41:17+00:00","breadcrumb":{"@id":"https:\/\/denizcankizil.tr\/de\/haberler\/antalya\/vali-sahinden-tunellerle-ilgili-aciklama\/#breadcrumb"},"inLanguage":"de","potentialAction":[{"@type":"ReadAction","target":["https:\/\/denizcankizil.tr\/de\/haberler\/antalya\/vali-sahinden-tunellerle-ilgili-aciklama\/"]}]},{"@type":"BreadcrumbList","@id":"https:\/\/denizcankizil.tr\/de\/haberler\/antalya\/vali-sahinden-tunellerle-ilgili-aciklama\/#breadcrumb","itemListElement":[{"@type":"ListItem","position":1,"name":"Home","item":"https:\/\/denizcankizil.tr\/de\/"},{"@type":"ListItem","position":2,"name":"Vali \u015eahin&#8217;den t\u00fcnellerle ilgili a\u00e7\u0131klama"}]},{"@type":"WebSite","@id":"https:\/\/denizcankizil.tr\/de\/#website","url":"https:\/\/denizcankizil.tr\/de\/","name":"Av. Deniz Can K\u0131z\u0131l","description":"Avukat Deniz Can K\u0131z\u0131l Antalya Barosu","publisher":{"@id":"https:\/\/denizcankizil.tr\/de\/#organization"},"potentialAction":[{"@type":"SearchAction","target":{"@type":"EntryPoint","urlTemplate":"https:\/\/denizcankizil.tr\/de\/?s={search_term_string}"},"query-input":{"@type":"PropertyValueSpecification","valueRequired":true,"valueName":"search_term_string"}}],"inLanguage":"de"},{"@type":"Organization","@id":"https:\/\/denizcankizil.tr\/de\/#organization","name":"Av. Deniz Can K\u0131z\u0131l","url":"https:\/\/denizcankizil.tr\/de\/","logo":{"@type":"ImageObject","inLanguage":"de","@id":"https:\/\/denizcankizil.tr\/de\/#\/schema\/logo\/image\/","url":"https:\/\/denizcankizil.tr\/wp-content\/uploads\/2024\/10\/siyah-logo-svg.svg","contentUrl":"https:\/\/denizcankizil.tr\/wp-content\/uploads\/2024\/10\/siyah-logo-svg.svg","width":1080,"height":1080,"caption":"Av. Deniz Can K\u0131z\u0131l"},"image":{"@id":"https:\/\/denizcankizil.tr\/de\/#\/schema\/logo\/image\/"}},{"@type":"Person","@id":"https:\/\/denizcankizil.tr\/de\/#\/schema\/person\/5dc1b22991bd7ac833867c10afc9b0ff","name":"Av. Deniz Can K\u0131z\u0131l","image":{"@type":"ImageObject","inLanguage":"de","@id":"https:\/\/denizcankizil.tr\/de\/#\/schema\/person\/image\/","url":"https:\/\/secure.gravatar.com\/avatar\/a0b128fb9855c79efc976d5640eedb31dc35ec297594d6016d2cf7c60e975bb6?s=96&d=mm&r=g","contentUrl":"https:\/\/secure.gravatar.com\/avatar\/a0b128fb9855c79efc976d5640eedb31dc35ec297594d6016d2cf7c60e975bb6?s=96&d=mm&r=g","caption":"Av. Deniz Can K\u0131z\u0131l"},"sameAs":["http:\/\/www.denizcankizil.tr"],"url":"https:\/\/denizcankizil.tr\/de\/author\/denizcankizil\/"}]}},"_links":{"self":[{"href":"https:\/\/denizcankizil.tr\/de\/wp-json\/wp\/v2\/posts\/84185","targetHints":{"allow":["GET"]}}],"collection":[{"href":"https:\/\/denizcankizil.tr\/de\/wp-json\/wp\/v2\/posts"}],"about":[{"href":"https:\/\/denizcankizil.tr\/de\/wp-json\/wp\/v2\/types\/post"}],"author":[{"embeddable":true,"href":"https:\/\/denizcankizil.tr\/de\/wp-json\/wp\/v2\/users\/4"}],"replies":[{"embeddable":true,"href":"https:\/\/denizcankizil.tr\/de\/wp-json\/wp\/v2\/comments?post=84185"}],"version-history":[{"count":0,"href":"https:\/\/denizcankizil.tr\/de\/wp-json\/wp\/v2\/posts\/84185\/revisions"}],"wp:attachment":[{"href":"https:\/\/denizcankizil.tr\/de\/wp-json\/wp\/v2\/media?parent=84185"}],"wp:term":[{"taxonomy":"category","embeddable":true,"href":"https:\/\/denizcankizil.tr\/de\/wp-json\/wp\/v2\/categories?post=84185"},{"taxonomy":"post_tag","embeddable":true,"href":"https:\/\/denizcankizil.tr\/de\/wp-json\/wp\/v2\/tags?post=84185"}],"curies":[{"name":"wp","href":"https:\/\/api.w.org\/{rel}","templated":true}]}}