{"id":84153,"date":"2025-05-12T14:41:15","date_gmt":"2025-05-12T11:41:15","guid":{"rendered":"https:\/\/denizcankizil.tr\/uncategorized-tr\/antalyada-otellerin-falezleri-oyup-tunel-acmasi-vali-sahine-soruldu\/"},"modified":"2025-05-12T14:41:15","modified_gmt":"2025-05-12T11:41:15","slug":"antalyada-otellerin-falezleri-oyup-tunel-acmasi-vali-sahine-soruldu","status":"publish","type":"post","link":"https:\/\/denizcankizil.tr\/de\/haberler\/gundem\/antalyada-otellerin-falezleri-oyup-tunel-acmasi-vali-sahine-soruldu\/","title":{"rendered":"Antalya&#8217;da otellerin, falezleri oyup t\u00fcnel a\u00e7mas\u0131 Vali \u015eahin&#8217;e soruldu"},"content":{"rendered":"<p>Antalya K\u00f6rfez Gazetesi&#8217;nin ilk kez g\u00fcndeme getirdi\u011fi 2 otelin falezleri oyarak t\u00fcnel a\u00e7mas\u0131 g\u00fcndemden d\u00fc\u015fm\u00fcyor. Antalya Valisi Hulusi \u015eahin, Nisan Ay\u0131 \u0130l Asayi\u015f ve G\u00fcvenlik Bilgilendirme Toplant\u0131s\u0131&#8217;nda falezlerin alt\u0131na a\u00e7\u0131lan t\u00fcnellere ilgili sorulan soruyu yan\u0131tlad\u0131. Toplant\u0131da Vali \u015eahin&#8217;e, \u0130l Jandarma Komutan\u0131 Tu\u011fgeneral Tar\u0131k Hekimo\u011flu, \u0130l Emniyet M\u00fcd\u00fcr\u00fc \u0130lker Arslan ve Sahil G\u00fcvenlik Grup Komutan\u0131 Yarbay Tolga Co\u015fkun e\u015flik etti.<\/p>\n<p>\u201cO T\u00dcNELLER YEN\u0130 DE\u011e\u0130L\u201d<\/p>\n<p>Vali \u015eahin, falezlerde iki otelin a\u00e7t\u0131\u011f\u0131 t\u00fcnellerin yeni bir olu\u015fum olmad\u0131\u011f\u0131n\u0131 ve 20 ila 30 y\u0131ld\u0131r o t\u00fcnellerin var oldu\u011funu belirterek, \u201cO t\u00fcnelleri bilmeyen Antalyal\u0131 var m\u0131? Bu yeni bir \u015fey de\u011fil. Baz\u0131 20 baz\u0131lar\u0131 30 y\u0131l \u00f6nce yap\u0131lm\u0131\u015f. O t\u00fcneller defalarca ilgi kurumlar taraf\u0131ndan incelenmi\u015f, kapatma i\u015flemleri, m\u00fch\u00fcrlenme i\u015fleri yap\u0131lm\u0131\u015f ve o s\u00fcre\u00e7ler mahkemelerde devam ediyor. Ba\u015fta Antalya B\u00fcy\u00fck\u015fehir Belediyesi ile \u00c7evre ve \u015eehircilik \u0130l M\u00fcd\u00fcrl\u00fc\u011f\u00fc olmak \u00fczere bu konuyla u\u011fra\u015famaya devam ediyoruz ama bunun yeni bir konu olmad\u0131\u011f\u0131n\u0131 ve bu t\u00fcnlerin de \u00e7ok eski oldu\u011funu ifade etmek isterim\u201d dedi.<\/p>\n<p>KONYAALTI\u2019NDAK\u0130 \u0130\u015eGAL DURMA NOKTASINA GELD\u0130 <\/p>\n<p>Konyaalt\u0131\u2019ndaki sahil i\u015fgalini durdurmak i\u00e7in \u00e7al\u0131\u015fmalara devam ettiklerine dikkat \u00e7eken Vali \u015eahin, &#8220;\u0130\u015fletmeleri \u00e7a\u011f\u0131rd\u0131k, onlar\u0131n Yapm\u0131\u015f olduklar\u0131 faaliyetlerin yasal olan b\u00f6l\u00fcmlerini yasad\u0131\u015f\u0131 olan b\u00f6l\u00fcmlerini kendilerine g\u00f6sterdik ve yasal \u00e7er\u00e7eveye ge\u00e7meleri gerekti\u011fini ifade ettik. Ama kendilerine verdi\u011fimiz s\u00fcre zarf\u0131nda bunlar\u0131 yapmad\u0131lar ve bu y\u00fczden m\u00fcdahale etmek art\u0131k ka\u00e7\u0131n\u0131lmaz olmu\u015ftu. Belediye ekiplerimiz bu m\u00fcdahaleleri hi\u00e7bir ayr\u0131m g\u00f6zetmeksizin bir u\u00e7tan \u00f6teki uca do\u011fru ba\u015flad\u0131lar. Emniyet olarak biz de destek verdik ve B\u00fcy\u00fck\u015fehir Belediye\u2019miz zab\u0131talar\u0131 ile kolluk g\u00fc\u00e7lerimiz de son derece olgun bir davran\u0131\u015fla, sab\u0131rla tek tek bunlar\u0131 temizliyor. \u015eu anda y\u00fczde 90-95 seviyelerine geldi. Birka\u00e7 tane y\u00fcr\u00fctmeyi durdurma karar\u0131 var. Bu y\u00fcr\u00fctmeyi durdurma kararlar\u0131n\u0131 takip edece\u011fiz. Dosyalar\u0131m\u0131z\u0131 sunaca\u011f\u0131z. B\u00f6ylece oradan alaca\u011f\u0131m\u0131z y\u00fcr\u00fctme durdurma kararlar\u0131n\u0131n kald\u0131r\u0131lmas\u0131 karar\u0131yla beraber o eksikleri de tamamlayaca\u011f\u0131z\u201d diye konu\u015ftu.<\/p>\n<p>\u201cKONYAALTI SAH\u0130L\u0130 HALKINDIR, VATANDA\u015eLARINDIR\u201d<\/p>\n<p>Konyaalt\u0131 Sahili\u2019nin halk\u0131n oldu\u011fu ve yapt\u0131klar\u0131 i\u015f i\u00e7in ba\u015fta bas\u0131n mensuplar\u0131 olmak \u00fczere b\u00fct\u00fcn vatanda\u015flar\u0131n deste\u011fini isteyen Vali \u015eahin, \u201cM\u00fctecaviz kullan\u0131mlar\u0131n hi\u00e7birine m\u00fcsaade etmeyece\u011fiz. Konyaalt\u0131 sahili halk\u0131nd\u0131r, vatanda\u015flar\u0131nd\u0131r. Orada kullan\u0131m k\u0131s\u0131tlanamaz, i\u015fletmelerde kendi yasal \u00e7er\u00e7evelerine geri d\u00f6nmek zorundalar. Bu hususta kamuoyunun deste\u011fini bekliyoruz. Bas\u0131n mensuplar\u0131nda deste\u011fini bekliyoruz. \u00c7\u00fcnk\u00fc burada yapt\u0131\u011f\u0131m\u0131z i\u015f hem yasal olarak do\u011fru olan hem de ger\u00e7ekten insanlar\u0131n vicdanlar\u0131nda da kesinlikle olmas\u0131 gereken yap\u0131l\u0131yor. O y\u00fczden hepinizin de deste\u011fini bekliyoruz\u201d ifadelerini kulland\u0131.<\/p>\n<p>\u201cSAH\u0130LLER\u0130M\u0130Z\u0130N \u0130\u015eGAL\u0130N\u0130 \u00d6NLEMEYE \u00c7ALI\u015eIYORUZ\u201d<\/p>\n<p>Benzer uygulamalar\u0131n ge\u00e7en y\u0131l Lara Sahili i\u00e7inde yap\u0131ld\u0131\u011f\u0131na vurgu yapan Vali Hulusi \u015eahin, &#8220;Bir benzer uygulamay\u0131 ge\u00e7ti\u011fimiz y\u0131l Lara sahil i\u00e7in yapt\u0131k. Hat\u0131rlars\u0131n\u0131z yo\u011fun bir \u00e7aba g\u00f6sterdik. Orada baz\u0131 yerlerde \u00e7ok b\u00fcy\u00fck y\u0131k\u0131mlar yapt\u0131k. Baz\u0131 otellerin falezlerin \u00fczerine yapm\u0131\u015f olduklar\u0131 imalatlar vard\u0131, havuzlar vard\u0131 hatta asans\u00f6rler vard\u0131, onlar\u0131 hepsini y\u0131kt\u0131k. \u00c7al\u0131\u015fmalar\u0131m\u0131z devam ediyor ama buralarda yasal s\u00fcre\u00e7ler biraz daha \u00e7etrefil onlar\u0131 da takip ediyoruz. Biliyorsunuz daha yine Aksu ve Serik il\u00e7elerindeki Kumk\u00f6y dedi\u011fimiz b\u00f6lgede de b\u00fcy\u00fck \u00e7al\u0131\u015fmalar yapm\u0131\u015ft\u0131k. T\u00fcm payda\u015flar\u0131m\u0131zla yo\u011fun bir \u015fekilde kumsallar\u0131m\u0131z\u0131n, sahillerimizin i\u015fgalini \u00f6nlemeye \u00e7al\u0131\u015f\u0131yoruz\u201d dedi.<\/p>\n<p>\u200bAntalya Valisi Hulusi \u015eahin, 2 otelin falezlerde t\u00fcnel a\u00e7arak plaja ula\u015fmas\u0131yla ilgili sorulan sorulan soruyu yan\u0131tlad\u0131.  Vali \u015eahin, \u201cO t\u00fcnelleri bilmeyen Antalyal\u0131 var m\u0131?&#8221; diye soran \u015eahin, &#8220;Bu yeni bir \u015fey de\u011fil. Baz\u0131s\u0131 20, baz\u0131s\u0131 30 y\u0131l \u00f6nce yap\u0131lm\u0131\u015f. Bu t\u00fcneller defalarca ilgi kurumlar taraf\u0131ndan incelenmi\u015f, kapatma i\u015flemleri, m\u00fch\u00fcrlenme i\u015fleri yap\u0131lm\u0131\u015f ve o s\u00fcre\u00e7ler mahkemelerde devam ediyor\u201d dedi.\u00a0<\/p>\n<p>\u200bHaberin Al\u0131nt\u0131land\u0131\u011f\u0131 Kaynak: www.antalyakorfez.com<\/p>","protected":false},"excerpt":{"rendered":"<p>Antalya K\u00f6rfez Gazetesi&#8217;nin ilk kez g\u00fcndeme getirdi\u011fi 2 otelin falezleri oyarak t\u00fcnel a\u00e7mas\u0131 g\u00fcndemden d\u00fc\u015fm\u00fcyor. Antalya Valisi Hulusi \u015eahin, Nisan Ay\u0131 \u0130l Asayi\u015f ve G\u00fcvenlik Bilgilendirme Toplant\u0131s\u0131&#8217;nda falezlerin alt\u0131na a\u00e7\u0131lan t\u00fcnellere ilgili sorulan soruyu yan\u0131tlad\u0131. Toplant\u0131da Vali \u015eahin&#8217;e, \u0130l Jandarma Komutan\u0131 Tu\u011fgeneral Tar\u0131k Hekimo\u011flu, \u0130l Emniyet M\u00fcd\u00fcr\u00fc \u0130lker Arslan ve Sahil G\u00fcvenlik Grup Komutan\u0131 Yarbay Tolga Co\u015fkun e\u015flik etti. \u201cO T\u00dcNELLER YEN\u0130 DE\u011e\u0130L\u201d Vali \u015eahin, falezlerde iki otelin a\u00e7t\u0131\u011f\u0131 t\u00fcnellerin yeni bir olu\u015fum olmad\u0131\u011f\u0131n\u0131 ve 20 ila 30 y\u0131ld\u0131r o t\u00fcnellerin var oldu\u011funu belirterek, \u201cO t\u00fcnelleri bilmeyen Antalyal\u0131 var m\u0131? Bu yeni bir \u015fey de\u011fil. Baz\u0131 20 baz\u0131lar\u0131 30 y\u0131l \u00f6nce yap\u0131lm\u0131\u015f. O t\u00fcneller defalarca ilgi kurumlar taraf\u0131ndan incelenmi\u015f, kapatma i\u015flemleri, m\u00fch\u00fcrlenme i\u015fleri yap\u0131lm\u0131\u015f ve o s\u00fcre\u00e7ler mahkemelerde devam ediyor. Ba\u015fta Antalya B\u00fcy\u00fck\u015fehir Belediyesi ile \u00c7evre ve \u015eehircilik \u0130l M\u00fcd\u00fcrl\u00fc\u011f\u00fc olmak \u00fczere bu konuyla u\u011fra\u015famaya devam ediyoruz ama bunun yeni bir konu olmad\u0131\u011f\u0131n\u0131 ve bu t\u00fcnlerin de \u00e7ok eski oldu\u011funu ifade etmek isterim\u201d dedi. KONYAALTI\u2019NDAK\u0130 \u0130\u015eGAL DURMA NOKTASINA GELD\u0130 Konyaalt\u0131\u2019ndaki sahil i\u015fgalini durdurmak i\u00e7in \u00e7al\u0131\u015fmalara devam ettiklerine dikkat \u00e7eken Vali \u015eahin, &#8220;\u0130\u015fletmeleri \u00e7a\u011f\u0131rd\u0131k, onlar\u0131n Yapm\u0131\u015f olduklar\u0131 faaliyetlerin yasal olan b\u00f6l\u00fcmlerini yasad\u0131\u015f\u0131 olan b\u00f6l\u00fcmlerini kendilerine g\u00f6sterdik ve yasal \u00e7er\u00e7eveye ge\u00e7meleri gerekti\u011fini ifade ettik. Ama kendilerine verdi\u011fimiz s\u00fcre zarf\u0131nda bunlar\u0131 yapmad\u0131lar ve &hellip;<\/p>","protected":false},"author":5,"featured_media":0,"comment_status":"","ping_status":"open","sticky":false,"template":"","format":"standard","meta":{"_acf_changed":false,"footnotes":""},"categories":[24],"tags":[],"class_list":["post-84153","post","type-post","status-publish","format-standard","has-post-thumbnail","hentry","category-gundem"],"acf":[],"yoast_head":"<!-- This site is optimized with the Yoast SEO Premium plugin v26.6 (Yoast SEO v27.1.1) - https:\/\/yoast.com\/product\/yoast-seo-premium-wordpress\/ -->\n<title>Antalya&#039;da otellerin, falezleri oyup t\u00fcnel a\u00e7mas\u0131 Vali \u015eahin&#039;e soruldu - Av. Deniz Can K\u0131z\u0131l<\/title>\n<meta name=\"robots\" content=\"index, follow, max-snippet:-1, max-image-preview:large, max-video-preview:-1\" \/>\n<link rel=\"canonical\" href=\"https:\/\/denizcankizil.tr\/de\/haberler\/gundem\/antalyada-otellerin-falezleri-oyup-tunel-acmasi-vali-sahine-soruldu\/\" \/>\n<meta property=\"og:locale\" content=\"de_DE\" \/>\n<meta property=\"og:type\" content=\"article\" \/>\n<meta property=\"og:title\" content=\"Antalya&#039;da otellerin, falezleri oyup t\u00fcnel a\u00e7mas\u0131 Vali \u015eahin&#039;e soruldu\" \/>\n<meta property=\"og:description\" content=\"Antalya K\u00f6rfez Gazetesi&#8217;nin ilk kez g\u00fcndeme getirdi\u011fi 2 otelin falezleri oyarak t\u00fcnel a\u00e7mas\u0131 g\u00fcndemden d\u00fc\u015fm\u00fcyor. Antalya Valisi Hulusi \u015eahin, Nisan Ay\u0131 \u0130l Asayi\u015f ve G\u00fcvenlik Bilgilendirme Toplant\u0131s\u0131&#8217;nda falezlerin alt\u0131na a\u00e7\u0131lan t\u00fcnellere ilgili sorulan soruyu yan\u0131tlad\u0131. Toplant\u0131da Vali \u015eahin&#8217;e, \u0130l Jandarma Komutan\u0131 Tu\u011fgeneral Tar\u0131k Hekimo\u011flu, \u0130l Emniyet M\u00fcd\u00fcr\u00fc \u0130lker Arslan ve Sahil G\u00fcvenlik Grup Komutan\u0131 Yarbay Tolga Co\u015fkun e\u015flik etti. \u201cO T\u00dcNELLER YEN\u0130 DE\u011e\u0130L\u201d Vali \u015eahin, falezlerde iki otelin a\u00e7t\u0131\u011f\u0131 t\u00fcnellerin yeni bir olu\u015fum olmad\u0131\u011f\u0131n\u0131 ve 20 ila 30 y\u0131ld\u0131r o t\u00fcnellerin var oldu\u011funu belirterek, \u201cO t\u00fcnelleri bilmeyen Antalyal\u0131 var m\u0131? Bu yeni bir \u015fey de\u011fil. Baz\u0131 20 baz\u0131lar\u0131 30 y\u0131l \u00f6nce yap\u0131lm\u0131\u015f. O t\u00fcneller defalarca ilgi kurumlar taraf\u0131ndan incelenmi\u015f, kapatma i\u015flemleri, m\u00fch\u00fcrlenme i\u015fleri yap\u0131lm\u0131\u015f ve o s\u00fcre\u00e7ler mahkemelerde devam ediyor. Ba\u015fta Antalya B\u00fcy\u00fck\u015fehir Belediyesi ile \u00c7evre ve \u015eehircilik \u0130l M\u00fcd\u00fcrl\u00fc\u011f\u00fc olmak \u00fczere bu konuyla u\u011fra\u015famaya devam ediyoruz ama bunun yeni bir konu olmad\u0131\u011f\u0131n\u0131 ve bu t\u00fcnlerin de \u00e7ok eski oldu\u011funu ifade etmek isterim\u201d dedi. KONYAALTI\u2019NDAK\u0130 \u0130\u015eGAL DURMA NOKTASINA GELD\u0130 Konyaalt\u0131\u2019ndaki sahil i\u015fgalini durdurmak i\u00e7in \u00e7al\u0131\u015fmalara devam ettiklerine dikkat \u00e7eken Vali \u015eahin, &#8220;\u0130\u015fletmeleri \u00e7a\u011f\u0131rd\u0131k, onlar\u0131n Yapm\u0131\u015f olduklar\u0131 faaliyetlerin yasal olan b\u00f6l\u00fcmlerini yasad\u0131\u015f\u0131 olan b\u00f6l\u00fcmlerini kendilerine g\u00f6sterdik ve yasal \u00e7er\u00e7eveye ge\u00e7meleri gerekti\u011fini ifade ettik. Ama kendilerine verdi\u011fimiz s\u00fcre zarf\u0131nda bunlar\u0131 yapmad\u0131lar ve &hellip;\" \/>\n<meta property=\"og:url\" content=\"https:\/\/denizcankizil.tr\/de\/haberler\/gundem\/antalyada-otellerin-falezleri-oyup-tunel-acmasi-vali-sahine-soruldu\/\" \/>\n<meta property=\"og:site_name\" content=\"Av. Deniz Can K\u0131z\u0131l\" \/>\n<meta property=\"article:published_time\" content=\"2025-05-12T11:41:15+00:00\" \/>\n<meta name=\"author\" content=\"Antalya K\u00f6rfez\" \/>\n<meta name=\"twitter:card\" content=\"summary_large_image\" \/>\n<meta name=\"twitter:label1\" content=\"Verfasst von\" \/>\n\t<meta name=\"twitter:data1\" content=\"Antalya K\u00f6rfez\" \/>\n\t<meta name=\"twitter:label2\" content=\"Gesch\u00e4tzte Lesezeit\" \/>\n\t<meta name=\"twitter:data2\" content=\"4\u00a0Minuten\" \/>\n<script type=\"application\/ld+json\" class=\"yoast-schema-graph\">{\"@context\":\"https:\/\/schema.org\",\"@graph\":[{\"@type\":\"Article\",\"@id\":\"https:\/\/denizcankizil.tr\/de\/haberler\/gundem\/antalyada-otellerin-falezleri-oyup-tunel-acmasi-vali-sahine-soruldu\/#article\",\"isPartOf\":{\"@id\":\"https:\/\/denizcankizil.tr\/de\/haberler\/gundem\/antalyada-otellerin-falezleri-oyup-tunel-acmasi-vali-sahine-soruldu\/\"},\"author\":{\"name\":\"Antalya K\u00f6rfez\",\"@id\":\"https:\/\/denizcankizil.tr\/#\/schema\/person\/e1eb71bb4dd684d46563f0af307e1234\"},\"headline\":\"Antalya&#8217;da otellerin, falezleri oyup t\u00fcnel a\u00e7mas\u0131 Vali \u015eahin&#8217;e soruldu\",\"datePublished\":\"2025-05-12T11:41:15+00:00\",\"mainEntityOfPage\":{\"@id\":\"https:\/\/denizcankizil.tr\/de\/haberler\/gundem\/antalyada-otellerin-falezleri-oyup-tunel-acmasi-vali-sahine-soruldu\/\"},\"wordCount\":765,\"publisher\":{\"@id\":\"https:\/\/denizcankizil.tr\/#organization\"},\"articleSection\":[\"G\u00fcndem\"],\"inLanguage\":\"de\"},{\"@type\":\"WebPage\",\"@id\":\"https:\/\/denizcankizil.tr\/de\/haberler\/gundem\/antalyada-otellerin-falezleri-oyup-tunel-acmasi-vali-sahine-soruldu\/\",\"url\":\"https:\/\/denizcankizil.tr\/de\/haberler\/gundem\/antalyada-otellerin-falezleri-oyup-tunel-acmasi-vali-sahine-soruldu\/\",\"name\":\"Antalya'da otellerin, falezleri oyup t\u00fcnel a\u00e7mas\u0131 Vali \u015eahin'e soruldu - Av. Deniz Can K\u0131z\u0131l\",\"isPartOf\":{\"@id\":\"https:\/\/denizcankizil.tr\/#website\"},\"datePublished\":\"2025-05-12T11:41:15+00:00\",\"breadcrumb\":{\"@id\":\"https:\/\/denizcankizil.tr\/de\/haberler\/gundem\/antalyada-otellerin-falezleri-oyup-tunel-acmasi-vali-sahine-soruldu\/#breadcrumb\"},\"inLanguage\":\"de\",\"potentialAction\":[{\"@type\":\"ReadAction\",\"target\":[\"https:\/\/denizcankizil.tr\/de\/haberler\/gundem\/antalyada-otellerin-falezleri-oyup-tunel-acmasi-vali-sahine-soruldu\/\"]}]},{\"@type\":\"BreadcrumbList\",\"@id\":\"https:\/\/denizcankizil.tr\/de\/haberler\/gundem\/antalyada-otellerin-falezleri-oyup-tunel-acmasi-vali-sahine-soruldu\/#breadcrumb\",\"itemListElement\":[{\"@type\":\"ListItem\",\"position\":1,\"name\":\"Home\",\"item\":\"https:\/\/denizcankizil.tr\/de\/\"},{\"@type\":\"ListItem\",\"position\":2,\"name\":\"Antalya&#8217;da otellerin, falezleri oyup t\u00fcnel a\u00e7mas\u0131 Vali \u015eahin&#8217;e soruldu\"}]},{\"@type\":\"WebSite\",\"@id\":\"https:\/\/denizcankizil.tr\/#website\",\"url\":\"https:\/\/denizcankizil.tr\/\",\"name\":\"Av. Deniz Can K\u0131z\u0131l\",\"description\":\"Avukat Deniz Can K\u0131z\u0131l Antalya Barosu\",\"publisher\":{\"@id\":\"https:\/\/denizcankizil.tr\/#organization\"},\"potentialAction\":[{\"@type\":\"SearchAction\",\"target\":{\"@type\":\"EntryPoint\",\"urlTemplate\":\"https:\/\/denizcankizil.tr\/?s={search_term_string}\"},\"query-input\":{\"@type\":\"PropertyValueSpecification\",\"valueRequired\":true,\"valueName\":\"search_term_string\"}}],\"inLanguage\":\"de\"},{\"@type\":\"Organization\",\"@id\":\"https:\/\/denizcankizil.tr\/#organization\",\"name\":\"Av. Deniz Can K\u0131z\u0131l\",\"url\":\"https:\/\/denizcankizil.tr\/\",\"logo\":{\"@type\":\"ImageObject\",\"inLanguage\":\"de\",\"@id\":\"https:\/\/denizcankizil.tr\/#\/schema\/logo\/image\/\",\"url\":\"https:\/\/denizcankizil.tr\/wp-content\/uploads\/2024\/10\/siyah-logo-svg.svg\",\"contentUrl\":\"https:\/\/denizcankizil.tr\/wp-content\/uploads\/2024\/10\/siyah-logo-svg.svg\",\"width\":1080,\"height\":1080,\"caption\":\"Av. Deniz Can K\u0131z\u0131l\"},\"image\":{\"@id\":\"https:\/\/denizcankizil.tr\/#\/schema\/logo\/image\/\"}},{\"@type\":\"Person\",\"@id\":\"https:\/\/denizcankizil.tr\/#\/schema\/person\/e1eb71bb4dd684d46563f0af307e1234\",\"name\":\"Antalya K\u00f6rfez\",\"image\":{\"@type\":\"ImageObject\",\"inLanguage\":\"de\",\"@id\":\"https:\/\/denizcankizil.tr\/#\/schema\/person\/image\/\",\"url\":\"https:\/\/secure.gravatar.com\/avatar\/42b01982558a48a0b501fdcab6a408d3717ea5919095ee2e67b0e521799c5905?s=96&d=mm&r=g\",\"contentUrl\":\"https:\/\/secure.gravatar.com\/avatar\/42b01982558a48a0b501fdcab6a408d3717ea5919095ee2e67b0e521799c5905?s=96&d=mm&r=g\",\"caption\":\"Antalya K\u00f6rfez\"},\"sameAs\":[\"http:\/\/www.antalyakorfez.com\"],\"url\":\"https:\/\/www.antalyakorfez.com\/antalyada-otellerin-falezleri-oyup-tunel-acmasi-vali-sahine-soruldu\"}]}<\/script>\n<!-- \/ Yoast SEO Premium plugin. -->","yoast_head_json":{"title":"Antalya'da otellerin, falezleri oyup t\u00fcnel a\u00e7mas\u0131 Vali \u015eahin'e soruldu - Av. Deniz Can K\u0131z\u0131l","robots":{"index":"index","follow":"follow","max-snippet":"max-snippet:-1","max-image-preview":"max-image-preview:large","max-video-preview":"max-video-preview:-1"},"canonical":"https:\/\/denizcankizil.tr\/de\/haberler\/gundem\/antalyada-otellerin-falezleri-oyup-tunel-acmasi-vali-sahine-soruldu\/","og_locale":"de_DE","og_type":"article","og_title":"Antalya'da otellerin, falezleri oyup t\u00fcnel a\u00e7mas\u0131 Vali \u015eahin'e soruldu","og_description":"Antalya K\u00f6rfez Gazetesi&#8217;nin ilk kez g\u00fcndeme getirdi\u011fi 2 otelin falezleri oyarak t\u00fcnel a\u00e7mas\u0131 g\u00fcndemden d\u00fc\u015fm\u00fcyor. Antalya Valisi Hulusi \u015eahin, Nisan Ay\u0131 \u0130l Asayi\u015f ve G\u00fcvenlik Bilgilendirme Toplant\u0131s\u0131&#8217;nda falezlerin alt\u0131na a\u00e7\u0131lan t\u00fcnellere ilgili sorulan soruyu yan\u0131tlad\u0131. Toplant\u0131da Vali \u015eahin&#8217;e, \u0130l Jandarma Komutan\u0131 Tu\u011fgeneral Tar\u0131k Hekimo\u011flu, \u0130l Emniyet M\u00fcd\u00fcr\u00fc \u0130lker Arslan ve Sahil G\u00fcvenlik Grup Komutan\u0131 Yarbay Tolga Co\u015fkun e\u015flik etti. \u201cO T\u00dcNELLER YEN\u0130 DE\u011e\u0130L\u201d Vali \u015eahin, falezlerde iki otelin a\u00e7t\u0131\u011f\u0131 t\u00fcnellerin yeni bir olu\u015fum olmad\u0131\u011f\u0131n\u0131 ve 20 ila 30 y\u0131ld\u0131r o t\u00fcnellerin var oldu\u011funu belirterek, \u201cO t\u00fcnelleri bilmeyen Antalyal\u0131 var m\u0131? Bu yeni bir \u015fey de\u011fil. Baz\u0131 20 baz\u0131lar\u0131 30 y\u0131l \u00f6nce yap\u0131lm\u0131\u015f. O t\u00fcneller defalarca ilgi kurumlar taraf\u0131ndan incelenmi\u015f, kapatma i\u015flemleri, m\u00fch\u00fcrlenme i\u015fleri yap\u0131lm\u0131\u015f ve o s\u00fcre\u00e7ler mahkemelerde devam ediyor. Ba\u015fta Antalya B\u00fcy\u00fck\u015fehir Belediyesi ile \u00c7evre ve \u015eehircilik \u0130l M\u00fcd\u00fcrl\u00fc\u011f\u00fc olmak \u00fczere bu konuyla u\u011fra\u015famaya devam ediyoruz ama bunun yeni bir konu olmad\u0131\u011f\u0131n\u0131 ve bu t\u00fcnlerin de \u00e7ok eski oldu\u011funu ifade etmek isterim\u201d dedi. KONYAALTI\u2019NDAK\u0130 \u0130\u015eGAL DURMA NOKTASINA GELD\u0130 Konyaalt\u0131\u2019ndaki sahil i\u015fgalini durdurmak i\u00e7in \u00e7al\u0131\u015fmalara devam ettiklerine dikkat \u00e7eken Vali \u015eahin, &#8220;\u0130\u015fletmeleri \u00e7a\u011f\u0131rd\u0131k, onlar\u0131n Yapm\u0131\u015f olduklar\u0131 faaliyetlerin yasal olan b\u00f6l\u00fcmlerini yasad\u0131\u015f\u0131 olan b\u00f6l\u00fcmlerini kendilerine g\u00f6sterdik ve yasal \u00e7er\u00e7eveye ge\u00e7meleri gerekti\u011fini ifade ettik. Ama kendilerine verdi\u011fimiz s\u00fcre zarf\u0131nda bunlar\u0131 yapmad\u0131lar ve &hellip;","og_url":"https:\/\/denizcankizil.tr\/de\/haberler\/gundem\/antalyada-otellerin-falezleri-oyup-tunel-acmasi-vali-sahine-soruldu\/","og_site_name":"Av. Deniz Can K\u0131z\u0131l","article_published_time":"2025-05-12T11:41:15+00:00","author":"Antalya K\u00f6rfez","twitter_card":"summary_large_image","twitter_misc":{"Verfasst von":"Antalya K\u00f6rfez","Gesch\u00e4tzte Lesezeit":"4\u00a0Minuten"},"schema":{"@context":"https:\/\/schema.org","@graph":[{"@type":"Article","@id":"https:\/\/denizcankizil.tr\/de\/haberler\/gundem\/antalyada-otellerin-falezleri-oyup-tunel-acmasi-vali-sahine-soruldu\/#article","isPartOf":{"@id":"https:\/\/denizcankizil.tr\/de\/haberler\/gundem\/antalyada-otellerin-falezleri-oyup-tunel-acmasi-vali-sahine-soruldu\/"},"author":{"name":"Antalya K\u00f6rfez","@id":"https:\/\/denizcankizil.tr\/#\/schema\/person\/e1eb71bb4dd684d46563f0af307e1234"},"headline":"Antalya&#8217;da otellerin, falezleri oyup t\u00fcnel a\u00e7mas\u0131 Vali \u015eahin&#8217;e soruldu","datePublished":"2025-05-12T11:41:15+00:00","mainEntityOfPage":{"@id":"https:\/\/denizcankizil.tr\/de\/haberler\/gundem\/antalyada-otellerin-falezleri-oyup-tunel-acmasi-vali-sahine-soruldu\/"},"wordCount":765,"publisher":{"@id":"https:\/\/denizcankizil.tr\/#organization"},"articleSection":["G\u00fcndem"],"inLanguage":"de"},{"@type":"WebPage","@id":"https:\/\/denizcankizil.tr\/de\/haberler\/gundem\/antalyada-otellerin-falezleri-oyup-tunel-acmasi-vali-sahine-soruldu\/","url":"https:\/\/denizcankizil.tr\/de\/haberler\/gundem\/antalyada-otellerin-falezleri-oyup-tunel-acmasi-vali-sahine-soruldu\/","name":"Antalya'da otellerin, falezleri oyup t\u00fcnel a\u00e7mas\u0131 Vali \u015eahin'e soruldu - Av. Deniz Can K\u0131z\u0131l","isPartOf":{"@id":"https:\/\/denizcankizil.tr\/#website"},"datePublished":"2025-05-12T11:41:15+00:00","breadcrumb":{"@id":"https:\/\/denizcankizil.tr\/de\/haberler\/gundem\/antalyada-otellerin-falezleri-oyup-tunel-acmasi-vali-sahine-soruldu\/#breadcrumb"},"inLanguage":"de","potentialAction":[{"@type":"ReadAction","target":["https:\/\/denizcankizil.tr\/de\/haberler\/gundem\/antalyada-otellerin-falezleri-oyup-tunel-acmasi-vali-sahine-soruldu\/"]}]},{"@type":"BreadcrumbList","@id":"https:\/\/denizcankizil.tr\/de\/haberler\/gundem\/antalyada-otellerin-falezleri-oyup-tunel-acmasi-vali-sahine-soruldu\/#breadcrumb","itemListElement":[{"@type":"ListItem","position":1,"name":"Home","item":"https:\/\/denizcankizil.tr\/de\/"},{"@type":"ListItem","position":2,"name":"Antalya&#8217;da otellerin, falezleri oyup t\u00fcnel a\u00e7mas\u0131 Vali \u015eahin&#8217;e soruldu"}]},{"@type":"WebSite","@id":"https:\/\/denizcankizil.tr\/#website","url":"https:\/\/denizcankizil.tr\/","name":"Av. Deniz Can K\u0131z\u0131l","description":"Avukat Deniz Can K\u0131z\u0131l Antalya Barosu","publisher":{"@id":"https:\/\/denizcankizil.tr\/#organization"},"potentialAction":[{"@type":"SearchAction","target":{"@type":"EntryPoint","urlTemplate":"https:\/\/denizcankizil.tr\/?s={search_term_string}"},"query-input":{"@type":"PropertyValueSpecification","valueRequired":true,"valueName":"search_term_string"}}],"inLanguage":"de"},{"@type":"Organization","@id":"https:\/\/denizcankizil.tr\/#organization","name":"Av. Deniz Can K\u0131z\u0131l","url":"https:\/\/denizcankizil.tr\/","logo":{"@type":"ImageObject","inLanguage":"de","@id":"https:\/\/denizcankizil.tr\/#\/schema\/logo\/image\/","url":"https:\/\/denizcankizil.tr\/wp-content\/uploads\/2024\/10\/siyah-logo-svg.svg","contentUrl":"https:\/\/denizcankizil.tr\/wp-content\/uploads\/2024\/10\/siyah-logo-svg.svg","width":1080,"height":1080,"caption":"Av. Deniz Can K\u0131z\u0131l"},"image":{"@id":"https:\/\/denizcankizil.tr\/#\/schema\/logo\/image\/"}},{"@type":"Person","@id":"https:\/\/denizcankizil.tr\/#\/schema\/person\/e1eb71bb4dd684d46563f0af307e1234","name":"Antalya K\u00f6rfez","image":{"@type":"ImageObject","inLanguage":"de","@id":"https:\/\/denizcankizil.tr\/#\/schema\/person\/image\/","url":"https:\/\/secure.gravatar.com\/avatar\/42b01982558a48a0b501fdcab6a408d3717ea5919095ee2e67b0e521799c5905?s=96&d=mm&r=g","contentUrl":"https:\/\/secure.gravatar.com\/avatar\/42b01982558a48a0b501fdcab6a408d3717ea5919095ee2e67b0e521799c5905?s=96&d=mm&r=g","caption":"Antalya K\u00f6rfez"},"sameAs":["http:\/\/www.antalyakorfez.com"],"url":"https:\/\/www.antalyakorfez.com\/antalyada-otellerin-falezleri-oyup-tunel-acmasi-vali-sahine-soruldu"}]}},"_links":{"self":[{"href":"https:\/\/denizcankizil.tr\/de\/wp-json\/wp\/v2\/posts\/84153","targetHints":{"allow":["GET"]}}],"collection":[{"href":"https:\/\/denizcankizil.tr\/de\/wp-json\/wp\/v2\/posts"}],"about":[{"href":"https:\/\/denizcankizil.tr\/de\/wp-json\/wp\/v2\/types\/post"}],"author":[{"embeddable":true,"href":"https:\/\/denizcankizil.tr\/de\/wp-json\/wp\/v2\/users\/5"}],"replies":[{"embeddable":true,"href":"https:\/\/denizcankizil.tr\/de\/wp-json\/wp\/v2\/comments?post=84153"}],"version-history":[{"count":0,"href":"https:\/\/denizcankizil.tr\/de\/wp-json\/wp\/v2\/posts\/84153\/revisions"}],"wp:attachment":[{"href":"https:\/\/denizcankizil.tr\/de\/wp-json\/wp\/v2\/media?parent=84153"}],"wp:term":[{"taxonomy":"category","embeddable":true,"href":"https:\/\/denizcankizil.tr\/de\/wp-json\/wp\/v2\/categories?post=84153"},{"taxonomy":"post_tag","embeddable":true,"href":"https:\/\/denizcankizil.tr\/de\/wp-json\/wp\/v2\/tags?post=84153"}],"curies":[{"name":"wp","href":"https:\/\/api.w.org\/{rel}","templated":true}]}}