{"id":83152,"date":"2025-05-11T12:41:48","date_gmt":"2025-05-11T09:41:48","guid":{"rendered":"https:\/\/denizcankizil.tr\/uncategorized-tr\/antalyada-polislere-zorlu-egitim-atis-taliminden-bomba-imhaya\/"},"modified":"2025-05-11T12:41:48","modified_gmt":"2025-05-11T09:41:48","slug":"antalyada-polislere-zorlu-egitim-atis-taliminden-bomba-imhaya","status":"publish","type":"post","link":"https:\/\/denizcankizil.tr\/de\/haberler\/gundem\/antalyada-polislere-zorlu-egitim-atis-taliminden-bomba-imhaya\/","title":{"rendered":"Antalya\u2019da polislere zorlu e\u011fitim: At\u0131\u015f taliminden bomba imhaya\u2026"},"content":{"rendered":"<p>Uzman at\u0131\u015f e\u011fitmeni Komiser Nisa Ayd\u0131n ve at\u0131\u015f e\u011fitmeni polis memuru Osman Demirta\u015flar, Antalya Emniyet M\u00fcd\u00fcrl\u00fc\u011f\u00fc At\u0131\u015f Poligonu&#8217;nda g\u00f6rev yap\u0131yor. Y\u0131lda 3-4 d\u00f6nem halinde ger\u00e7ekle\u015ftirilen e\u011fitimlerde, Antalya&#8217;da g\u00f6rev yapan her personelin y\u0131lda en az 3 kez at\u0131\u015f poligonuna gelmesi gerekiyor. Kadro tabanca at\u0131\u015flar\u0131na kat\u0131l\u0131m mecburi tutulurken, her d\u00f6nemde yakla\u015f\u0131k 6 bin 500 personel e\u011fitime al\u0131n\u0131yor. B\u00f6ylece y\u0131l sonu itibar\u0131yla e\u011fitim alan personel say\u0131s\u0131 18 bini a\u015f\u0131yor. Acil m\u00fcdahale kurslar\u0131nda ise polislerin sahada kar\u015f\u0131la\u015fabilece\u011fi zorluklara kar\u015f\u0131 e\u011fitimler veriliyor. Bu kapsamda ara\u00e7 tahliye, kapan atma, ilk yard\u0131m, bomba ile m\u00fccadele, gece at\u0131\u015flar\u0131 ve y\u00fcr\u00fcyerek ate\u015f etme e\u011fitimleri i\u015fleniyor.<\/p>\n<p>GER\u00c7E\u011e\u0130N\u0130 ARATMAYAN E\u011e\u0130T\u0130MLER <\/p>\n<p>Polislerin zorlu e\u011fitimlerden ge\u00e7ti\u011fini kaydeden Komiser Nisa Ayd\u0131n, \u201cHer t\u00fcrl\u00fc aktivitede zorlukla m\u00fccadele ediyoruz. Eme\u011fimizi personelimize verdik\u00e7e ve geri d\u00f6n\u00fc\u015f\u00fcn\u00fc ald\u0131k\u00e7a mutlu oluyoruz. Y\u0131lda 3 d\u00f6nem halinde at\u0131\u015f e\u011fitimlerimiz oluyor. Antalya&#8217;da g\u00f6rev yapan bir personel y\u0131lda 3 kez burada e\u011fitim almak zorunda. Kadro tabanca at\u0131\u015flar\u0131na kat\u0131l\u0131m zorunlulu\u011fu var. Bir d\u00f6nemde 6 bin 500 personel al\u0131yoruz, y\u0131lda ise 18 bin polisi ge\u00e7iyor. Acil m\u00fcdahale kursumuzda ise polisin g\u00fcnl\u00fck g\u00f6revi esnas\u0131nda kar\u015f\u0131la\u015fabilece\u011fi zorluklara kar\u015f\u0131 kendisini ve vatanda\u015f\u0131 korumaya y\u00f6nelik e\u011fitim veriliyor. Acil m\u00fcdahale kursunda ara\u00e7 tahliye, kapan atma, ilk yard\u0131m, bomba, gece at\u0131\u015flar\u0131 ve y\u00fcr\u00fcyerek ate\u015f etme e\u011fitimlerimiz var&#8221; dedi.<\/p>\n<p>D\u0130KKAT HER ZAMAN EN \u00d6NEML\u0130S\u0130 <\/p>\n<p>Polislerin at\u0131\u015f e\u011fitimlerinde dikkat etmeleri gereken unsurlardan bahseden Nisa Ayd\u0131n, \u201cBu e\u011fitimlerde ba\u015far\u0131l\u0131 olabilmek i\u00e7in \u00f6nce pratik ve tekrar gerekiyor. Alana girdi\u011fi andan itibaren zihnin bo\u015falmas\u0131 gerekiyor. Dikkat her zaman olmal\u0131 fakat reflekslerini de \u00e7ok iyi y\u00f6netmeleri gerekiyor. Bizim amac\u0131m\u0131z k\u00f6t\u00fcden iyi olmak, en seri \u015fekilde kar\u015f\u0131l\u0131k vermeye a\u00e7\u0131k olmak gerekiyor. H\u0131z, refleks ve dikkat, ba\u015fl\u0131ca unsurlar&#8221; diye konu\u015ftu.<\/p>\n<p>\u200bAntalya Emniyet M\u00fcd\u00fcrl\u00fc\u011f\u00fc At\u0131\u015f Poligonu&#8217;nda e\u011fitim alan 18 bini a\u015fk\u0131n polis memuru, zorlay\u0131c\u0131 ve ger\u00e7e\u011fini aratmayan e\u011fitimlerden ge\u00e7iyor. Bu kapsamda ara\u00e7 tahliye, ilk yard\u0131m, bomba ile m\u00fccadele ve y\u00fcr\u00fcyerek ate\u015f etme e\u011fitimleri \u00f6ne \u00e7\u0131k\u0131yor.\u00a0<\/p>\n<p>\u200bHaberin Al\u0131nt\u0131land\u0131\u011f\u0131 Kaynak: www.antalyakorfez.com<\/p>","protected":false},"excerpt":{"rendered":"<p>Uzman at\u0131\u015f e\u011fitmeni Komiser Nisa Ayd\u0131n ve at\u0131\u015f e\u011fitmeni polis memuru Osman Demirta\u015flar, Antalya Emniyet M\u00fcd\u00fcrl\u00fc\u011f\u00fc At\u0131\u015f Poligonu&#8217;nda g\u00f6rev yap\u0131yor. Y\u0131lda 3-4 d\u00f6nem halinde ger\u00e7ekle\u015ftirilen e\u011fitimlerde, Antalya&#8217;da g\u00f6rev yapan her personelin y\u0131lda en az 3 kez at\u0131\u015f poligonuna gelmesi gerekiyor. Kadro tabanca at\u0131\u015flar\u0131na kat\u0131l\u0131m mecburi tutulurken, her d\u00f6nemde yakla\u015f\u0131k 6 bin 500 personel e\u011fitime al\u0131n\u0131yor. B\u00f6ylece y\u0131l sonu itibar\u0131yla e\u011fitim alan personel say\u0131s\u0131 18 bini a\u015f\u0131yor. Acil m\u00fcdahale kurslar\u0131nda ise polislerin sahada kar\u015f\u0131la\u015fabilece\u011fi zorluklara kar\u015f\u0131 e\u011fitimler veriliyor. Bu kapsamda ara\u00e7 tahliye, kapan atma, ilk yard\u0131m, bomba ile m\u00fccadele, gece at\u0131\u015flar\u0131 ve y\u00fcr\u00fcyerek ate\u015f etme e\u011fitimleri i\u015fleniyor. GER\u00c7E\u011e\u0130N\u0130 ARATMAYAN E\u011e\u0130T\u0130MLER Polislerin zorlu e\u011fitimlerden ge\u00e7ti\u011fini kaydeden Komiser Nisa Ayd\u0131n, \u201cHer t\u00fcrl\u00fc aktivitede zorlukla m\u00fccadele ediyoruz. Eme\u011fimizi personelimize verdik\u00e7e ve geri d\u00f6n\u00fc\u015f\u00fcn\u00fc ald\u0131k\u00e7a mutlu oluyoruz. Y\u0131lda 3 d\u00f6nem halinde at\u0131\u015f e\u011fitimlerimiz oluyor. Antalya&#8217;da g\u00f6rev yapan bir personel y\u0131lda 3 kez burada e\u011fitim almak zorunda. Kadro tabanca at\u0131\u015flar\u0131na kat\u0131l\u0131m zorunlulu\u011fu var. Bir d\u00f6nemde 6 bin 500 personel al\u0131yoruz, y\u0131lda ise 18 bin polisi ge\u00e7iyor. Acil m\u00fcdahale kursumuzda ise polisin g\u00fcnl\u00fck g\u00f6revi esnas\u0131nda kar\u015f\u0131la\u015fabilece\u011fi zorluklara kar\u015f\u0131 kendisini ve vatanda\u015f\u0131 korumaya y\u00f6nelik e\u011fitim veriliyor. Acil m\u00fcdahale kursunda ara\u00e7 tahliye, kapan atma, ilk yard\u0131m, bomba, gece at\u0131\u015flar\u0131 ve y\u00fcr\u00fcyerek ate\u015f etme e\u011fitimlerimiz var&#8221; dedi. D\u0130KKAT HER ZAMAN &hellip;<\/p>","protected":false},"author":5,"featured_media":0,"comment_status":"","ping_status":"open","sticky":false,"template":"","format":"standard","meta":{"_acf_changed":false,"footnotes":""},"categories":[24],"tags":[],"class_list":["post-83152","post","type-post","status-publish","format-standard","has-post-thumbnail","hentry","category-gundem"],"acf":[],"yoast_head":"<!-- This site is optimized with the Yoast SEO Premium plugin v26.6 (Yoast SEO v27.1.1) - https:\/\/yoast.com\/product\/yoast-seo-premium-wordpress\/ -->\n<title>Antalya\u2019da polislere zorlu e\u011fitim: At\u0131\u015f taliminden bomba imhaya\u2026 - Av. Deniz Can K\u0131z\u0131l<\/title>\n<meta name=\"robots\" content=\"index, follow, max-snippet:-1, max-image-preview:large, max-video-preview:-1\" \/>\n<link rel=\"canonical\" href=\"https:\/\/denizcankizil.tr\/de\/haberler\/gundem\/antalyada-polislere-zorlu-egitim-atis-taliminden-bomba-imhaya\/\" \/>\n<meta property=\"og:locale\" content=\"de_DE\" \/>\n<meta property=\"og:type\" content=\"article\" \/>\n<meta property=\"og:title\" content=\"Antalya\u2019da polislere zorlu e\u011fitim: At\u0131\u015f taliminden bomba imhaya\u2026\" \/>\n<meta property=\"og:description\" content=\"Uzman at\u0131\u015f e\u011fitmeni Komiser Nisa Ayd\u0131n ve at\u0131\u015f e\u011fitmeni polis memuru Osman Demirta\u015flar, Antalya Emniyet M\u00fcd\u00fcrl\u00fc\u011f\u00fc At\u0131\u015f Poligonu&#8217;nda g\u00f6rev yap\u0131yor. Y\u0131lda 3-4 d\u00f6nem halinde ger\u00e7ekle\u015ftirilen e\u011fitimlerde, Antalya&#8217;da g\u00f6rev yapan her personelin y\u0131lda en az 3 kez at\u0131\u015f poligonuna gelmesi gerekiyor. Kadro tabanca at\u0131\u015flar\u0131na kat\u0131l\u0131m mecburi tutulurken, her d\u00f6nemde yakla\u015f\u0131k 6 bin 500 personel e\u011fitime al\u0131n\u0131yor. B\u00f6ylece y\u0131l sonu itibar\u0131yla e\u011fitim alan personel say\u0131s\u0131 18 bini a\u015f\u0131yor. Acil m\u00fcdahale kurslar\u0131nda ise polislerin sahada kar\u015f\u0131la\u015fabilece\u011fi zorluklara kar\u015f\u0131 e\u011fitimler veriliyor. Bu kapsamda ara\u00e7 tahliye, kapan atma, ilk yard\u0131m, bomba ile m\u00fccadele, gece at\u0131\u015flar\u0131 ve y\u00fcr\u00fcyerek ate\u015f etme e\u011fitimleri i\u015fleniyor. GER\u00c7E\u011e\u0130N\u0130 ARATMAYAN E\u011e\u0130T\u0130MLER Polislerin zorlu e\u011fitimlerden ge\u00e7ti\u011fini kaydeden Komiser Nisa Ayd\u0131n, \u201cHer t\u00fcrl\u00fc aktivitede zorlukla m\u00fccadele ediyoruz. Eme\u011fimizi personelimize verdik\u00e7e ve geri d\u00f6n\u00fc\u015f\u00fcn\u00fc ald\u0131k\u00e7a mutlu oluyoruz. Y\u0131lda 3 d\u00f6nem halinde at\u0131\u015f e\u011fitimlerimiz oluyor. Antalya&#8217;da g\u00f6rev yapan bir personel y\u0131lda 3 kez burada e\u011fitim almak zorunda. Kadro tabanca at\u0131\u015flar\u0131na kat\u0131l\u0131m zorunlulu\u011fu var. Bir d\u00f6nemde 6 bin 500 personel al\u0131yoruz, y\u0131lda ise 18 bin polisi ge\u00e7iyor. Acil m\u00fcdahale kursumuzda ise polisin g\u00fcnl\u00fck g\u00f6revi esnas\u0131nda kar\u015f\u0131la\u015fabilece\u011fi zorluklara kar\u015f\u0131 kendisini ve vatanda\u015f\u0131 korumaya y\u00f6nelik e\u011fitim veriliyor. Acil m\u00fcdahale kursunda ara\u00e7 tahliye, kapan atma, ilk yard\u0131m, bomba, gece at\u0131\u015flar\u0131 ve y\u00fcr\u00fcyerek ate\u015f etme e\u011fitimlerimiz var&#8221; dedi. D\u0130KKAT HER ZAMAN &hellip;\" \/>\n<meta property=\"og:url\" content=\"https:\/\/denizcankizil.tr\/de\/haberler\/gundem\/antalyada-polislere-zorlu-egitim-atis-taliminden-bomba-imhaya\/\" \/>\n<meta property=\"og:site_name\" content=\"Av. Deniz Can K\u0131z\u0131l\" \/>\n<meta property=\"article:published_time\" content=\"2025-05-11T09:41:48+00:00\" \/>\n<meta name=\"author\" content=\"Antalya K\u00f6rfez\" \/>\n<meta name=\"twitter:card\" content=\"summary_large_image\" \/>\n<meta name=\"twitter:label1\" content=\"Verfasst von\" \/>\n\t<meta name=\"twitter:data1\" content=\"Antalya K\u00f6rfez\" \/>\n\t<meta name=\"twitter:label2\" content=\"Gesch\u00e4tzte Lesezeit\" \/>\n\t<meta name=\"twitter:data2\" content=\"2\u00a0Minuten\" \/>\n<script type=\"application\/ld+json\" class=\"yoast-schema-graph\">{\"@context\":\"https:\/\/schema.org\",\"@graph\":[{\"@type\":\"Article\",\"@id\":\"https:\/\/denizcankizil.tr\/ru\/haberler\/gundem\/antalyada-polislere-zorlu-egitim-atis-taliminden-bomba-imhaya\/#article\",\"isPartOf\":{\"@id\":\"https:\/\/denizcankizil.tr\/ru\/haberler\/gundem\/antalyada-polislere-zorlu-egitim-atis-taliminden-bomba-imhaya\/\"},\"author\":{\"name\":\"Antalya K\u00f6rfez\",\"@id\":\"https:\/\/denizcankizil.tr\/de\/#\/schema\/person\/e1eb71bb4dd684d46563f0af307e1234\"},\"headline\":\"Antalya\u2019da polislere zorlu e\u011fitim: At\u0131\u015f taliminden bomba imhaya\u2026\",\"datePublished\":\"2025-05-11T09:41:48+00:00\",\"mainEntityOfPage\":{\"@id\":\"https:\/\/denizcankizil.tr\/ru\/haberler\/gundem\/antalyada-polislere-zorlu-egitim-atis-taliminden-bomba-imhaya\/\"},\"wordCount\":435,\"publisher\":{\"@id\":\"https:\/\/denizcankizil.tr\/de\/#organization\"},\"articleSection\":[\"G\u00fcndem\"],\"inLanguage\":\"de\"},{\"@type\":\"WebPage\",\"@id\":\"https:\/\/denizcankizil.tr\/ru\/haberler\/gundem\/antalyada-polislere-zorlu-egitim-atis-taliminden-bomba-imhaya\/\",\"url\":\"https:\/\/denizcankizil.tr\/ru\/haberler\/gundem\/antalyada-polislere-zorlu-egitim-atis-taliminden-bomba-imhaya\/\",\"name\":\"Antalya\u2019da polislere zorlu e\u011fitim: At\u0131\u015f taliminden bomba imhaya\u2026 - Av. Deniz Can K\u0131z\u0131l\",\"isPartOf\":{\"@id\":\"https:\/\/denizcankizil.tr\/de\/#website\"},\"datePublished\":\"2025-05-11T09:41:48+00:00\",\"breadcrumb\":{\"@id\":\"https:\/\/denizcankizil.tr\/ru\/haberler\/gundem\/antalyada-polislere-zorlu-egitim-atis-taliminden-bomba-imhaya\/#breadcrumb\"},\"inLanguage\":\"de\",\"potentialAction\":[{\"@type\":\"ReadAction\",\"target\":[\"https:\/\/denizcankizil.tr\/ru\/haberler\/gundem\/antalyada-polislere-zorlu-egitim-atis-taliminden-bomba-imhaya\/\"]}]},{\"@type\":\"BreadcrumbList\",\"@id\":\"https:\/\/denizcankizil.tr\/ru\/haberler\/gundem\/antalyada-polislere-zorlu-egitim-atis-taliminden-bomba-imhaya\/#breadcrumb\",\"itemListElement\":[{\"@type\":\"ListItem\",\"position\":1,\"name\":\"Home\",\"item\":\"https:\/\/denizcankizil.tr\/de\/\"},{\"@type\":\"ListItem\",\"position\":2,\"name\":\"Antalya\u2019da polislere zorlu e\u011fitim: At\u0131\u015f taliminden bomba imhaya\u2026\"}]},{\"@type\":\"WebSite\",\"@id\":\"https:\/\/denizcankizil.tr\/de\/#website\",\"url\":\"https:\/\/denizcankizil.tr\/de\/\",\"name\":\"Av. Deniz Can K\u0131z\u0131l\",\"description\":\"Avukat Deniz Can K\u0131z\u0131l Antalya Barosu\",\"publisher\":{\"@id\":\"https:\/\/denizcankizil.tr\/de\/#organization\"},\"potentialAction\":[{\"@type\":\"SearchAction\",\"target\":{\"@type\":\"EntryPoint\",\"urlTemplate\":\"https:\/\/denizcankizil.tr\/de\/?s={search_term_string}\"},\"query-input\":{\"@type\":\"PropertyValueSpecification\",\"valueRequired\":true,\"valueName\":\"search_term_string\"}}],\"inLanguage\":\"de\"},{\"@type\":\"Organization\",\"@id\":\"https:\/\/denizcankizil.tr\/de\/#organization\",\"name\":\"Av. Deniz Can K\u0131z\u0131l\",\"url\":\"https:\/\/denizcankizil.tr\/de\/\",\"logo\":{\"@type\":\"ImageObject\",\"inLanguage\":\"de\",\"@id\":\"https:\/\/denizcankizil.tr\/de\/#\/schema\/logo\/image\/\",\"url\":\"https:\/\/denizcankizil.tr\/wp-content\/uploads\/2024\/10\/siyah-logo-svg.svg\",\"contentUrl\":\"https:\/\/denizcankizil.tr\/wp-content\/uploads\/2024\/10\/siyah-logo-svg.svg\",\"width\":1080,\"height\":1080,\"caption\":\"Av. Deniz Can K\u0131z\u0131l\"},\"image\":{\"@id\":\"https:\/\/denizcankizil.tr\/de\/#\/schema\/logo\/image\/\"}},{\"@type\":\"Person\",\"@id\":\"https:\/\/denizcankizil.tr\/de\/#\/schema\/person\/e1eb71bb4dd684d46563f0af307e1234\",\"name\":\"Antalya K\u00f6rfez\",\"image\":{\"@type\":\"ImageObject\",\"inLanguage\":\"de\",\"@id\":\"https:\/\/denizcankizil.tr\/de\/#\/schema\/person\/image\/\",\"url\":\"https:\/\/secure.gravatar.com\/avatar\/42b01982558a48a0b501fdcab6a408d3717ea5919095ee2e67b0e521799c5905?s=96&d=mm&r=g\",\"contentUrl\":\"https:\/\/secure.gravatar.com\/avatar\/42b01982558a48a0b501fdcab6a408d3717ea5919095ee2e67b0e521799c5905?s=96&d=mm&r=g\",\"caption\":\"Antalya K\u00f6rfez\"},\"sameAs\":[\"http:\/\/www.antalyakorfez.com\"],\"url\":\"https:\/\/www.antalyakorfez.com\/antalyada-polislere-zorlu-egitim-atis-taliminden-bomba-imhaya\"}]}<\/script>\n<!-- \/ Yoast SEO Premium plugin. -->","yoast_head_json":{"title":"Antalya\u2019da polislere zorlu e\u011fitim: At\u0131\u015f taliminden bomba imhaya\u2026 - Av. Deniz Can K\u0131z\u0131l","robots":{"index":"index","follow":"follow","max-snippet":"max-snippet:-1","max-image-preview":"max-image-preview:large","max-video-preview":"max-video-preview:-1"},"canonical":"https:\/\/denizcankizil.tr\/de\/haberler\/gundem\/antalyada-polislere-zorlu-egitim-atis-taliminden-bomba-imhaya\/","og_locale":"de_DE","og_type":"article","og_title":"Antalya\u2019da polislere zorlu e\u011fitim: At\u0131\u015f taliminden bomba imhaya\u2026","og_description":"Uzman at\u0131\u015f e\u011fitmeni Komiser Nisa Ayd\u0131n ve at\u0131\u015f e\u011fitmeni polis memuru Osman Demirta\u015flar, Antalya Emniyet M\u00fcd\u00fcrl\u00fc\u011f\u00fc At\u0131\u015f Poligonu&#8217;nda g\u00f6rev yap\u0131yor. Y\u0131lda 3-4 d\u00f6nem halinde ger\u00e7ekle\u015ftirilen e\u011fitimlerde, Antalya&#8217;da g\u00f6rev yapan her personelin y\u0131lda en az 3 kez at\u0131\u015f poligonuna gelmesi gerekiyor. Kadro tabanca at\u0131\u015flar\u0131na kat\u0131l\u0131m mecburi tutulurken, her d\u00f6nemde yakla\u015f\u0131k 6 bin 500 personel e\u011fitime al\u0131n\u0131yor. B\u00f6ylece y\u0131l sonu itibar\u0131yla e\u011fitim alan personel say\u0131s\u0131 18 bini a\u015f\u0131yor. Acil m\u00fcdahale kurslar\u0131nda ise polislerin sahada kar\u015f\u0131la\u015fabilece\u011fi zorluklara kar\u015f\u0131 e\u011fitimler veriliyor. Bu kapsamda ara\u00e7 tahliye, kapan atma, ilk yard\u0131m, bomba ile m\u00fccadele, gece at\u0131\u015flar\u0131 ve y\u00fcr\u00fcyerek ate\u015f etme e\u011fitimleri i\u015fleniyor. GER\u00c7E\u011e\u0130N\u0130 ARATMAYAN E\u011e\u0130T\u0130MLER Polislerin zorlu e\u011fitimlerden ge\u00e7ti\u011fini kaydeden Komiser Nisa Ayd\u0131n, \u201cHer t\u00fcrl\u00fc aktivitede zorlukla m\u00fccadele ediyoruz. Eme\u011fimizi personelimize verdik\u00e7e ve geri d\u00f6n\u00fc\u015f\u00fcn\u00fc ald\u0131k\u00e7a mutlu oluyoruz. Y\u0131lda 3 d\u00f6nem halinde at\u0131\u015f e\u011fitimlerimiz oluyor. Antalya&#8217;da g\u00f6rev yapan bir personel y\u0131lda 3 kez burada e\u011fitim almak zorunda. Kadro tabanca at\u0131\u015flar\u0131na kat\u0131l\u0131m zorunlulu\u011fu var. Bir d\u00f6nemde 6 bin 500 personel al\u0131yoruz, y\u0131lda ise 18 bin polisi ge\u00e7iyor. Acil m\u00fcdahale kursumuzda ise polisin g\u00fcnl\u00fck g\u00f6revi esnas\u0131nda kar\u015f\u0131la\u015fabilece\u011fi zorluklara kar\u015f\u0131 kendisini ve vatanda\u015f\u0131 korumaya y\u00f6nelik e\u011fitim veriliyor. Acil m\u00fcdahale kursunda ara\u00e7 tahliye, kapan atma, ilk yard\u0131m, bomba, gece at\u0131\u015flar\u0131 ve y\u00fcr\u00fcyerek ate\u015f etme e\u011fitimlerimiz var&#8221; dedi. D\u0130KKAT HER ZAMAN &hellip;","og_url":"https:\/\/denizcankizil.tr\/de\/haberler\/gundem\/antalyada-polislere-zorlu-egitim-atis-taliminden-bomba-imhaya\/","og_site_name":"Av. Deniz Can K\u0131z\u0131l","article_published_time":"2025-05-11T09:41:48+00:00","author":"Antalya K\u00f6rfez","twitter_card":"summary_large_image","twitter_misc":{"Verfasst von":"Antalya K\u00f6rfez","Gesch\u00e4tzte Lesezeit":"2\u00a0Minuten"},"schema":{"@context":"https:\/\/schema.org","@graph":[{"@type":"Article","@id":"https:\/\/denizcankizil.tr\/ru\/haberler\/gundem\/antalyada-polislere-zorlu-egitim-atis-taliminden-bomba-imhaya\/#article","isPartOf":{"@id":"https:\/\/denizcankizil.tr\/ru\/haberler\/gundem\/antalyada-polislere-zorlu-egitim-atis-taliminden-bomba-imhaya\/"},"author":{"name":"Antalya K\u00f6rfez","@id":"https:\/\/denizcankizil.tr\/de\/#\/schema\/person\/e1eb71bb4dd684d46563f0af307e1234"},"headline":"Antalya\u2019da polislere zorlu e\u011fitim: At\u0131\u015f taliminden bomba imhaya\u2026","datePublished":"2025-05-11T09:41:48+00:00","mainEntityOfPage":{"@id":"https:\/\/denizcankizil.tr\/ru\/haberler\/gundem\/antalyada-polislere-zorlu-egitim-atis-taliminden-bomba-imhaya\/"},"wordCount":435,"publisher":{"@id":"https:\/\/denizcankizil.tr\/de\/#organization"},"articleSection":["G\u00fcndem"],"inLanguage":"de"},{"@type":"WebPage","@id":"https:\/\/denizcankizil.tr\/ru\/haberler\/gundem\/antalyada-polislere-zorlu-egitim-atis-taliminden-bomba-imhaya\/","url":"https:\/\/denizcankizil.tr\/ru\/haberler\/gundem\/antalyada-polislere-zorlu-egitim-atis-taliminden-bomba-imhaya\/","name":"Antalya\u2019da polislere zorlu e\u011fitim: At\u0131\u015f taliminden bomba imhaya\u2026 - Av. Deniz Can K\u0131z\u0131l","isPartOf":{"@id":"https:\/\/denizcankizil.tr\/de\/#website"},"datePublished":"2025-05-11T09:41:48+00:00","breadcrumb":{"@id":"https:\/\/denizcankizil.tr\/ru\/haberler\/gundem\/antalyada-polislere-zorlu-egitim-atis-taliminden-bomba-imhaya\/#breadcrumb"},"inLanguage":"de","potentialAction":[{"@type":"ReadAction","target":["https:\/\/denizcankizil.tr\/ru\/haberler\/gundem\/antalyada-polislere-zorlu-egitim-atis-taliminden-bomba-imhaya\/"]}]},{"@type":"BreadcrumbList","@id":"https:\/\/denizcankizil.tr\/ru\/haberler\/gundem\/antalyada-polislere-zorlu-egitim-atis-taliminden-bomba-imhaya\/#breadcrumb","itemListElement":[{"@type":"ListItem","position":1,"name":"Home","item":"https:\/\/denizcankizil.tr\/de\/"},{"@type":"ListItem","position":2,"name":"Antalya\u2019da polislere zorlu e\u011fitim: At\u0131\u015f taliminden bomba imhaya\u2026"}]},{"@type":"WebSite","@id":"https:\/\/denizcankizil.tr\/de\/#website","url":"https:\/\/denizcankizil.tr\/de\/","name":"Av. Deniz Can K\u0131z\u0131l","description":"Avukat Deniz Can K\u0131z\u0131l Antalya Barosu","publisher":{"@id":"https:\/\/denizcankizil.tr\/de\/#organization"},"potentialAction":[{"@type":"SearchAction","target":{"@type":"EntryPoint","urlTemplate":"https:\/\/denizcankizil.tr\/de\/?s={search_term_string}"},"query-input":{"@type":"PropertyValueSpecification","valueRequired":true,"valueName":"search_term_string"}}],"inLanguage":"de"},{"@type":"Organization","@id":"https:\/\/denizcankizil.tr\/de\/#organization","name":"Av. Deniz Can K\u0131z\u0131l","url":"https:\/\/denizcankizil.tr\/de\/","logo":{"@type":"ImageObject","inLanguage":"de","@id":"https:\/\/denizcankizil.tr\/de\/#\/schema\/logo\/image\/","url":"https:\/\/denizcankizil.tr\/wp-content\/uploads\/2024\/10\/siyah-logo-svg.svg","contentUrl":"https:\/\/denizcankizil.tr\/wp-content\/uploads\/2024\/10\/siyah-logo-svg.svg","width":1080,"height":1080,"caption":"Av. Deniz Can K\u0131z\u0131l"},"image":{"@id":"https:\/\/denizcankizil.tr\/de\/#\/schema\/logo\/image\/"}},{"@type":"Person","@id":"https:\/\/denizcankizil.tr\/de\/#\/schema\/person\/e1eb71bb4dd684d46563f0af307e1234","name":"Antalya K\u00f6rfez","image":{"@type":"ImageObject","inLanguage":"de","@id":"https:\/\/denizcankizil.tr\/de\/#\/schema\/person\/image\/","url":"https:\/\/secure.gravatar.com\/avatar\/42b01982558a48a0b501fdcab6a408d3717ea5919095ee2e67b0e521799c5905?s=96&d=mm&r=g","contentUrl":"https:\/\/secure.gravatar.com\/avatar\/42b01982558a48a0b501fdcab6a408d3717ea5919095ee2e67b0e521799c5905?s=96&d=mm&r=g","caption":"Antalya K\u00f6rfez"},"sameAs":["http:\/\/www.antalyakorfez.com"],"url":"https:\/\/www.antalyakorfez.com\/antalyada-polislere-zorlu-egitim-atis-taliminden-bomba-imhaya"}]}},"_links":{"self":[{"href":"https:\/\/denizcankizil.tr\/de\/wp-json\/wp\/v2\/posts\/83152","targetHints":{"allow":["GET"]}}],"collection":[{"href":"https:\/\/denizcankizil.tr\/de\/wp-json\/wp\/v2\/posts"}],"about":[{"href":"https:\/\/denizcankizil.tr\/de\/wp-json\/wp\/v2\/types\/post"}],"author":[{"embeddable":true,"href":"https:\/\/denizcankizil.tr\/de\/wp-json\/wp\/v2\/users\/5"}],"replies":[{"embeddable":true,"href":"https:\/\/denizcankizil.tr\/de\/wp-json\/wp\/v2\/comments?post=83152"}],"version-history":[{"count":0,"href":"https:\/\/denizcankizil.tr\/de\/wp-json\/wp\/v2\/posts\/83152\/revisions"}],"wp:attachment":[{"href":"https:\/\/denizcankizil.tr\/de\/wp-json\/wp\/v2\/media?parent=83152"}],"wp:term":[{"taxonomy":"category","embeddable":true,"href":"https:\/\/denizcankizil.tr\/de\/wp-json\/wp\/v2\/categories?post=83152"},{"taxonomy":"post_tag","embeddable":true,"href":"https:\/\/denizcankizil.tr\/de\/wp-json\/wp\/v2\/tags?post=83152"}],"curies":[{"name":"wp","href":"https:\/\/api.w.org\/{rel}","templated":true}]}}