{"id":83058,"date":"2025-05-11T09:42:07","date_gmt":"2025-05-11T06:42:07","guid":{"rendered":"https:\/\/denizcankizil.tr\/uncategorized-tr\/hassada-tarihi-ve-kulturel-mirasa-onemli-dokunus\/"},"modified":"2025-05-11T09:42:07","modified_gmt":"2025-05-11T06:42:07","slug":"hassada-tarihi-ve-kulturel-mirasa-onemli-dokunus","status":"publish","type":"post","link":"https:\/\/denizcankizil.tr\/de\/haberler\/gundem\/hassada-tarihi-ve-kulturel-mirasa-onemli-dokunus\/","title":{"rendered":"Hassa\u2019da tarihi ve k\u00fclt\u00fcrel mirasa \u00f6nemli dokunu\u015f\u2026"},"content":{"rendered":"<p>Hatay B\u00fcy\u00fck\u015fehir Belediyesi ile Hassa Belediyesi\u2019nin ortak y\u00fcr\u00fctt\u00fc\u011f\u00fc \u00e7al\u0131\u015fmalar kapsam\u0131nda il\u00e7edeki bir\u00e7ok tarihi ve do\u011fal alan yerinde incelendi. Hassa Belediye Ba\u015fkan\u0131 Selahattin \u00c7olak, Hatay B\u00fcy\u00fck\u015fehir Belediyesi 1. B\u00f6lge Daire Ba\u015fkan\u0131 Ziya Y\u00fcksel, Park ve Bah\u00e7eler Daire Ba\u015fkan\u0131 Erol Y\u0131lmazgil ile ilgili \u015fube m\u00fcd\u00fcrleri, il\u00e7edeki tarihi ve k\u00fclt\u00fcrel alanlar\u0131 ziyaret ederek saha \u00e7al\u0131\u015fmalar\u0131 ger\u00e7ekle\u015ftirdi.<\/p>\n<p>Ziyaret kapsam\u0131nda, Eyl\u00fcl ay\u0131 sonunda d\u00fczenlenmesi planlanan T\u00fcrkmen Festivali i\u00e7in Aktepe Karakol Mevkii\u2019nde incelemelerde bulunuldu. Festivalin yap\u0131laca\u011f\u0131 alan\u0131n etkinliklere uygun hale getirilmesi amac\u0131yla \u00f6n haz\u0131rl\u0131klar masaya yat\u0131r\u0131ld\u0131.<\/p>\n<p>\u00d6te yandan, Hassa\u2019n\u0131n do\u011fal cazibe merkezlerinden olan piknik ve mesire alanlar\u0131 i\u00e7in de planlama \u00e7al\u0131\u015fmalar\u0131 ba\u015flat\u0131ld\u0131. Seyit Tepesi\u2019nde yap\u0131lmas\u0131 planlanan seyir teras\u0131 yerinde de\u011ferlendirildi. Bozatl\u0131, Karap\u0131nar, Mazmanl\u0131 \u00c7ay\u0131, Dutluh\u00f6y\u00fck, Il\u0131ca, Solcoluk ve P\u0131narba\u015f\u0131 Deresi gibi do\u011fal alanlarda yap\u0131lacak d\u00fczenlemelerle halk\u0131n kullan\u0131m\u0131na uygun ye\u015fil alanlar olu\u015fturulmas\u0131 hedefleniyor.<\/p>\n<p>\u00c7al\u0131\u015fmalar hakk\u0131nda de\u011ferlendirmelerde bulunan Hassa Belediye Ba\u015fkan\u0131 Selahattin \u00c7olak, \u201c\u0130l\u00e7emizin hem tarihi de\u011ferlerini koruyarak hem de do\u011fal alanlar\u0131n\u0131 geli\u015ftirerek vatanda\u015flar\u0131m\u0131z\u0131n sosyal ya\u015fam\u0131na katk\u0131 sa\u011flayacak projeleri hayata ge\u00e7irmeyi s\u00fcrd\u00fcrece\u011fiz. B\u00fcy\u00fck\u015fehir Belediyemiz ile i\u015f birli\u011fi i\u00e7inde y\u00fcr\u00fctt\u00fc\u011f\u00fcm\u00fcz bu \u00e7al\u0131\u015fmalar, Hassa\u2019n\u0131n gelece\u011fi ad\u0131na \u00f6nemli bir ad\u0131md\u0131r\u201d dedi. \u00a0<\/p>\n<p>\u200bHatay\u2019\u0131n tarihi ve do\u011fal g\u00fczellikleriyle \u00f6ne \u00e7\u0131kan il\u00e7esi Hassa\u2019da, k\u00fclt\u00fcrel miras\u0131n korunmas\u0131 ve ya\u015fam alanlar\u0131n\u0131n modernize edilmesi amac\u0131yla kapsaml\u0131 bir \u00e7al\u0131\u015fma ba\u015flat\u0131ld\u0131.\u00a0<\/p>\n<p>\u200bHaberin Al\u0131nt\u0131land\u0131\u011f\u0131 Kaynak: www.iskenderun.org<\/p>","protected":false},"excerpt":{"rendered":"<p>Hatay B\u00fcy\u00fck\u015fehir Belediyesi ile Hassa Belediyesi\u2019nin ortak y\u00fcr\u00fctt\u00fc\u011f\u00fc \u00e7al\u0131\u015fmalar kapsam\u0131nda il\u00e7edeki bir\u00e7ok tarihi ve do\u011fal alan yerinde incelendi. Hassa Belediye Ba\u015fkan\u0131 Selahattin \u00c7olak, Hatay B\u00fcy\u00fck\u015fehir Belediyesi 1. B\u00f6lge Daire Ba\u015fkan\u0131 Ziya Y\u00fcksel, Park ve Bah\u00e7eler Daire Ba\u015fkan\u0131 Erol Y\u0131lmazgil ile ilgili \u015fube m\u00fcd\u00fcrleri, il\u00e7edeki tarihi ve k\u00fclt\u00fcrel alanlar\u0131 ziyaret ederek saha \u00e7al\u0131\u015fmalar\u0131 ger\u00e7ekle\u015ftirdi. Ziyaret kapsam\u0131nda, Eyl\u00fcl ay\u0131 sonunda d\u00fczenlenmesi planlanan T\u00fcrkmen Festivali i\u00e7in Aktepe Karakol Mevkii\u2019nde incelemelerde bulunuldu. Festivalin yap\u0131laca\u011f\u0131 alan\u0131n etkinliklere uygun hale getirilmesi amac\u0131yla \u00f6n haz\u0131rl\u0131klar masaya yat\u0131r\u0131ld\u0131. \u00d6te yandan, Hassa\u2019n\u0131n do\u011fal cazibe merkezlerinden olan piknik ve mesire alanlar\u0131 i\u00e7in de planlama \u00e7al\u0131\u015fmalar\u0131 ba\u015flat\u0131ld\u0131. Seyit Tepesi\u2019nde yap\u0131lmas\u0131 planlanan seyir teras\u0131 yerinde de\u011ferlendirildi. Bozatl\u0131, Karap\u0131nar, Mazmanl\u0131 \u00c7ay\u0131, Dutluh\u00f6y\u00fck, Il\u0131ca, Solcoluk ve P\u0131narba\u015f\u0131 Deresi gibi do\u011fal alanlarda yap\u0131lacak d\u00fczenlemelerle halk\u0131n kullan\u0131m\u0131na uygun ye\u015fil alanlar olu\u015fturulmas\u0131 hedefleniyor. \u00c7al\u0131\u015fmalar hakk\u0131nda de\u011ferlendirmelerde bulunan Hassa Belediye Ba\u015fkan\u0131 Selahattin \u00c7olak, \u201c\u0130l\u00e7emizin hem tarihi de\u011ferlerini koruyarak hem de do\u011fal alanlar\u0131n\u0131 geli\u015ftirerek vatanda\u015flar\u0131m\u0131z\u0131n sosyal ya\u015fam\u0131na katk\u0131 sa\u011flayacak projeleri hayata ge\u00e7irmeyi s\u00fcrd\u00fcrece\u011fiz. B\u00fcy\u00fck\u015fehir Belediyemiz ile i\u015f birli\u011fi i\u00e7inde y\u00fcr\u00fctt\u00fc\u011f\u00fcm\u00fcz bu \u00e7al\u0131\u015fmalar, Hassa\u2019n\u0131n gelece\u011fi ad\u0131na \u00f6nemli bir ad\u0131md\u0131r\u201d dedi. \u00a0 \u200bHatay\u2019\u0131n tarihi ve do\u011fal g\u00fczellikleriyle \u00f6ne \u00e7\u0131kan il\u00e7esi Hassa\u2019da, k\u00fclt\u00fcrel miras\u0131n korunmas\u0131 ve ya\u015fam alanlar\u0131n\u0131n modernize edilmesi amac\u0131yla kapsaml\u0131 bir \u00e7al\u0131\u015fma ba\u015flat\u0131ld\u0131.\u00a0 \u200bHaberin Al\u0131nt\u0131land\u0131\u011f\u0131 Kaynak: www.iskenderun.org<\/p>","protected":false},"author":1,"featured_media":0,"comment_status":"","ping_status":"open","sticky":false,"template":"","format":"standard","meta":{"_acf_changed":false,"footnotes":""},"categories":[24],"tags":[],"class_list":["post-83058","post","type-post","status-publish","format-standard","has-post-thumbnail","hentry","category-gundem"],"acf":[],"yoast_head":"<!-- This site is optimized with the Yoast SEO Premium plugin v26.6 (Yoast SEO v27.1.1) - https:\/\/yoast.com\/product\/yoast-seo-premium-wordpress\/ -->\n<title>Hassa\u2019da tarihi ve k\u00fclt\u00fcrel mirasa \u00f6nemli dokunu\u015f\u2026 - Av. Deniz Can K\u0131z\u0131l<\/title>\n<meta name=\"robots\" content=\"index, follow, max-snippet:-1, max-image-preview:large, max-video-preview:-1\" \/>\n<link rel=\"canonical\" href=\"http:\/\/denizcankizil.tr\/de\/haberler\/gundem\/hassada-tarihi-ve-kulturel-mirasa-onemli-dokunus\/\" \/>\n<meta property=\"og:locale\" content=\"de_DE\" \/>\n<meta property=\"og:type\" content=\"article\" \/>\n<meta property=\"og:title\" content=\"Hassa\u2019da tarihi ve k\u00fclt\u00fcrel mirasa \u00f6nemli dokunu\u015f\u2026\" \/>\n<meta property=\"og:description\" content=\"Hatay B\u00fcy\u00fck\u015fehir Belediyesi ile Hassa Belediyesi\u2019nin ortak y\u00fcr\u00fctt\u00fc\u011f\u00fc \u00e7al\u0131\u015fmalar kapsam\u0131nda il\u00e7edeki bir\u00e7ok tarihi ve do\u011fal alan yerinde incelendi. Hassa Belediye Ba\u015fkan\u0131 Selahattin \u00c7olak, Hatay B\u00fcy\u00fck\u015fehir Belediyesi 1. B\u00f6lge Daire Ba\u015fkan\u0131 Ziya Y\u00fcksel, Park ve Bah\u00e7eler Daire Ba\u015fkan\u0131 Erol Y\u0131lmazgil ile ilgili \u015fube m\u00fcd\u00fcrleri, il\u00e7edeki tarihi ve k\u00fclt\u00fcrel alanlar\u0131 ziyaret ederek saha \u00e7al\u0131\u015fmalar\u0131 ger\u00e7ekle\u015ftirdi. Ziyaret kapsam\u0131nda, Eyl\u00fcl ay\u0131 sonunda d\u00fczenlenmesi planlanan T\u00fcrkmen Festivali i\u00e7in Aktepe Karakol Mevkii\u2019nde incelemelerde bulunuldu. Festivalin yap\u0131laca\u011f\u0131 alan\u0131n etkinliklere uygun hale getirilmesi amac\u0131yla \u00f6n haz\u0131rl\u0131klar masaya yat\u0131r\u0131ld\u0131. \u00d6te yandan, Hassa\u2019n\u0131n do\u011fal cazibe merkezlerinden olan piknik ve mesire alanlar\u0131 i\u00e7in de planlama \u00e7al\u0131\u015fmalar\u0131 ba\u015flat\u0131ld\u0131. Seyit Tepesi\u2019nde yap\u0131lmas\u0131 planlanan seyir teras\u0131 yerinde de\u011ferlendirildi. Bozatl\u0131, Karap\u0131nar, Mazmanl\u0131 \u00c7ay\u0131, Dutluh\u00f6y\u00fck, Il\u0131ca, Solcoluk ve P\u0131narba\u015f\u0131 Deresi gibi do\u011fal alanlarda yap\u0131lacak d\u00fczenlemelerle halk\u0131n kullan\u0131m\u0131na uygun ye\u015fil alanlar olu\u015fturulmas\u0131 hedefleniyor. \u00c7al\u0131\u015fmalar hakk\u0131nda de\u011ferlendirmelerde bulunan Hassa Belediye Ba\u015fkan\u0131 Selahattin \u00c7olak, \u201c\u0130l\u00e7emizin hem tarihi de\u011ferlerini koruyarak hem de do\u011fal alanlar\u0131n\u0131 geli\u015ftirerek vatanda\u015flar\u0131m\u0131z\u0131n sosyal ya\u015fam\u0131na katk\u0131 sa\u011flayacak projeleri hayata ge\u00e7irmeyi s\u00fcrd\u00fcrece\u011fiz. B\u00fcy\u00fck\u015fehir Belediyemiz ile i\u015f birli\u011fi i\u00e7inde y\u00fcr\u00fctt\u00fc\u011f\u00fcm\u00fcz bu \u00e7al\u0131\u015fmalar, Hassa\u2019n\u0131n gelece\u011fi ad\u0131na \u00f6nemli bir ad\u0131md\u0131r\u201d dedi. \u00a0 \u200bHatay\u2019\u0131n tarihi ve do\u011fal g\u00fczellikleriyle \u00f6ne \u00e7\u0131kan il\u00e7esi Hassa\u2019da, k\u00fclt\u00fcrel miras\u0131n korunmas\u0131 ve ya\u015fam alanlar\u0131n\u0131n modernize edilmesi amac\u0131yla kapsaml\u0131 bir \u00e7al\u0131\u015fma ba\u015flat\u0131ld\u0131.\u00a0 \u200bHaberin Al\u0131nt\u0131land\u0131\u011f\u0131 Kaynak: www.iskenderun.org\" \/>\n<meta property=\"og:url\" content=\"http:\/\/denizcankizil.tr\/de\/haberler\/gundem\/hassada-tarihi-ve-kulturel-mirasa-onemli-dokunus\/\" \/>\n<meta property=\"og:site_name\" content=\"Av. Deniz Can K\u0131z\u0131l\" \/>\n<meta property=\"article:published_time\" content=\"2025-05-11T06:42:07+00:00\" \/>\n<meta name=\"author\" content=\"admin\" \/>\n<meta name=\"twitter:card\" content=\"summary_large_image\" \/>\n<meta name=\"twitter:label1\" content=\"Verfasst von\" \/>\n\t<meta name=\"twitter:data1\" content=\"admin\" \/>\n\t<meta name=\"twitter:label2\" content=\"Gesch\u00e4tzte Lesezeit\" \/>\n\t<meta name=\"twitter:data2\" content=\"2\u00a0Minuten\" \/>\n<script type=\"application\/ld+json\" class=\"yoast-schema-graph\">{\"@context\":\"https:\/\/schema.org\",\"@graph\":[{\"@type\":\"Article\",\"@id\":\"http:\/\/denizcankizil.tr\/ru\/haberler\/gundem\/hassada-tarihi-ve-kulturel-mirasa-onemli-dokunus\/#article\",\"isPartOf\":{\"@id\":\"http:\/\/denizcankizil.tr\/ru\/haberler\/gundem\/hassada-tarihi-ve-kulturel-mirasa-onemli-dokunus\/\"},\"author\":{\"name\":\"admin\",\"@id\":\"https:\/\/denizcankizil.tr\/de\/#\/schema\/person\/be3c05fe6a12686905512445d8185489\"},\"headline\":\"Hassa\u2019da tarihi ve k\u00fclt\u00fcrel mirasa \u00f6nemli dokunu\u015f\u2026\",\"datePublished\":\"2025-05-11T06:42:07+00:00\",\"mainEntityOfPage\":{\"@id\":\"http:\/\/denizcankizil.tr\/ru\/haberler\/gundem\/hassada-tarihi-ve-kulturel-mirasa-onemli-dokunus\/\"},\"wordCount\":325,\"publisher\":{\"@id\":\"https:\/\/denizcankizil.tr\/de\/#organization\"},\"articleSection\":[\"G\u00fcndem\"],\"inLanguage\":\"de\"},{\"@type\":\"WebPage\",\"@id\":\"http:\/\/denizcankizil.tr\/ru\/haberler\/gundem\/hassada-tarihi-ve-kulturel-mirasa-onemli-dokunus\/\",\"url\":\"http:\/\/denizcankizil.tr\/ru\/haberler\/gundem\/hassada-tarihi-ve-kulturel-mirasa-onemli-dokunus\/\",\"name\":\"Hassa\u2019da tarihi ve k\u00fclt\u00fcrel mirasa \u00f6nemli dokunu\u015f\u2026 - Av. Deniz Can K\u0131z\u0131l\",\"isPartOf\":{\"@id\":\"https:\/\/denizcankizil.tr\/de\/#website\"},\"datePublished\":\"2025-05-11T06:42:07+00:00\",\"breadcrumb\":{\"@id\":\"http:\/\/denizcankizil.tr\/ru\/haberler\/gundem\/hassada-tarihi-ve-kulturel-mirasa-onemli-dokunus\/#breadcrumb\"},\"inLanguage\":\"de\",\"potentialAction\":[{\"@type\":\"ReadAction\",\"target\":[\"http:\/\/denizcankizil.tr\/ru\/haberler\/gundem\/hassada-tarihi-ve-kulturel-mirasa-onemli-dokunus\/\"]}]},{\"@type\":\"BreadcrumbList\",\"@id\":\"http:\/\/denizcankizil.tr\/ru\/haberler\/gundem\/hassada-tarihi-ve-kulturel-mirasa-onemli-dokunus\/#breadcrumb\",\"itemListElement\":[{\"@type\":\"ListItem\",\"position\":1,\"name\":\"Home\",\"item\":\"https:\/\/denizcankizil.tr\/de\/\"},{\"@type\":\"ListItem\",\"position\":2,\"name\":\"Hassa\u2019da tarihi ve k\u00fclt\u00fcrel mirasa \u00f6nemli dokunu\u015f\u2026\"}]},{\"@type\":\"WebSite\",\"@id\":\"https:\/\/denizcankizil.tr\/de\/#website\",\"url\":\"https:\/\/denizcankizil.tr\/de\/\",\"name\":\"Av. Deniz Can K\u0131z\u0131l\",\"description\":\"Avukat Deniz Can K\u0131z\u0131l Antalya Barosu\",\"publisher\":{\"@id\":\"https:\/\/denizcankizil.tr\/de\/#organization\"},\"potentialAction\":[{\"@type\":\"SearchAction\",\"target\":{\"@type\":\"EntryPoint\",\"urlTemplate\":\"https:\/\/denizcankizil.tr\/de\/?s={search_term_string}\"},\"query-input\":{\"@type\":\"PropertyValueSpecification\",\"valueRequired\":true,\"valueName\":\"search_term_string\"}}],\"inLanguage\":\"de\"},{\"@type\":\"Organization\",\"@id\":\"https:\/\/denizcankizil.tr\/de\/#organization\",\"name\":\"Av. Deniz Can K\u0131z\u0131l\",\"url\":\"https:\/\/denizcankizil.tr\/de\/\",\"logo\":{\"@type\":\"ImageObject\",\"inLanguage\":\"de\",\"@id\":\"https:\/\/denizcankizil.tr\/de\/#\/schema\/logo\/image\/\",\"url\":\"https:\/\/denizcankizil.tr\/wp-content\/uploads\/2024\/10\/siyah-logo-svg.svg\",\"contentUrl\":\"https:\/\/denizcankizil.tr\/wp-content\/uploads\/2024\/10\/siyah-logo-svg.svg\",\"width\":1080,\"height\":1080,\"caption\":\"Av. Deniz Can K\u0131z\u0131l\"},\"image\":{\"@id\":\"https:\/\/denizcankizil.tr\/de\/#\/schema\/logo\/image\/\"}},{\"@type\":\"Person\",\"@id\":\"https:\/\/denizcankizil.tr\/de\/#\/schema\/person\/be3c05fe6a12686905512445d8185489\",\"name\":\"admin\",\"image\":{\"@type\":\"ImageObject\",\"inLanguage\":\"de\",\"@id\":\"https:\/\/denizcankizil.tr\/de\/#\/schema\/person\/image\/\",\"url\":\"https:\/\/secure.gravatar.com\/avatar\/c1fce94c830dc79107e174f890d7210541c4a63e8e5d816341794a2151c9d58c?s=96&d=mm&r=g\",\"contentUrl\":\"https:\/\/secure.gravatar.com\/avatar\/c1fce94c830dc79107e174f890d7210541c4a63e8e5d816341794a2151c9d58c?s=96&d=mm&r=g\",\"caption\":\"admin\"},\"sameAs\":[\"http:\/\/denizcankizil.tr\"],\"url\":\"https:\/\/www.iskenderun.org\/hassada-tarihi-ve-kulturel-mirasa-onemli-dokunus\"}]}<\/script>\n<!-- \/ Yoast SEO Premium plugin. -->","yoast_head_json":{"title":"Hassa\u2019da tarihi ve k\u00fclt\u00fcrel mirasa \u00f6nemli dokunu\u015f\u2026 - Av. Deniz Can K\u0131z\u0131l","robots":{"index":"index","follow":"follow","max-snippet":"max-snippet:-1","max-image-preview":"max-image-preview:large","max-video-preview":"max-video-preview:-1"},"canonical":"http:\/\/denizcankizil.tr\/de\/haberler\/gundem\/hassada-tarihi-ve-kulturel-mirasa-onemli-dokunus\/","og_locale":"de_DE","og_type":"article","og_title":"Hassa\u2019da tarihi ve k\u00fclt\u00fcrel mirasa \u00f6nemli dokunu\u015f\u2026","og_description":"Hatay B\u00fcy\u00fck\u015fehir Belediyesi ile Hassa Belediyesi\u2019nin ortak y\u00fcr\u00fctt\u00fc\u011f\u00fc \u00e7al\u0131\u015fmalar kapsam\u0131nda il\u00e7edeki bir\u00e7ok tarihi ve do\u011fal alan yerinde incelendi. Hassa Belediye Ba\u015fkan\u0131 Selahattin \u00c7olak, Hatay B\u00fcy\u00fck\u015fehir Belediyesi 1. B\u00f6lge Daire Ba\u015fkan\u0131 Ziya Y\u00fcksel, Park ve Bah\u00e7eler Daire Ba\u015fkan\u0131 Erol Y\u0131lmazgil ile ilgili \u015fube m\u00fcd\u00fcrleri, il\u00e7edeki tarihi ve k\u00fclt\u00fcrel alanlar\u0131 ziyaret ederek saha \u00e7al\u0131\u015fmalar\u0131 ger\u00e7ekle\u015ftirdi. Ziyaret kapsam\u0131nda, Eyl\u00fcl ay\u0131 sonunda d\u00fczenlenmesi planlanan T\u00fcrkmen Festivali i\u00e7in Aktepe Karakol Mevkii\u2019nde incelemelerde bulunuldu. Festivalin yap\u0131laca\u011f\u0131 alan\u0131n etkinliklere uygun hale getirilmesi amac\u0131yla \u00f6n haz\u0131rl\u0131klar masaya yat\u0131r\u0131ld\u0131. \u00d6te yandan, Hassa\u2019n\u0131n do\u011fal cazibe merkezlerinden olan piknik ve mesire alanlar\u0131 i\u00e7in de planlama \u00e7al\u0131\u015fmalar\u0131 ba\u015flat\u0131ld\u0131. Seyit Tepesi\u2019nde yap\u0131lmas\u0131 planlanan seyir teras\u0131 yerinde de\u011ferlendirildi. Bozatl\u0131, Karap\u0131nar, Mazmanl\u0131 \u00c7ay\u0131, Dutluh\u00f6y\u00fck, Il\u0131ca, Solcoluk ve P\u0131narba\u015f\u0131 Deresi gibi do\u011fal alanlarda yap\u0131lacak d\u00fczenlemelerle halk\u0131n kullan\u0131m\u0131na uygun ye\u015fil alanlar olu\u015fturulmas\u0131 hedefleniyor. \u00c7al\u0131\u015fmalar hakk\u0131nda de\u011ferlendirmelerde bulunan Hassa Belediye Ba\u015fkan\u0131 Selahattin \u00c7olak, \u201c\u0130l\u00e7emizin hem tarihi de\u011ferlerini koruyarak hem de do\u011fal alanlar\u0131n\u0131 geli\u015ftirerek vatanda\u015flar\u0131m\u0131z\u0131n sosyal ya\u015fam\u0131na katk\u0131 sa\u011flayacak projeleri hayata ge\u00e7irmeyi s\u00fcrd\u00fcrece\u011fiz. B\u00fcy\u00fck\u015fehir Belediyemiz ile i\u015f birli\u011fi i\u00e7inde y\u00fcr\u00fctt\u00fc\u011f\u00fcm\u00fcz bu \u00e7al\u0131\u015fmalar, Hassa\u2019n\u0131n gelece\u011fi ad\u0131na \u00f6nemli bir ad\u0131md\u0131r\u201d dedi. \u00a0 \u200bHatay\u2019\u0131n tarihi ve do\u011fal g\u00fczellikleriyle \u00f6ne \u00e7\u0131kan il\u00e7esi Hassa\u2019da, k\u00fclt\u00fcrel miras\u0131n korunmas\u0131 ve ya\u015fam alanlar\u0131n\u0131n modernize edilmesi amac\u0131yla kapsaml\u0131 bir \u00e7al\u0131\u015fma ba\u015flat\u0131ld\u0131.\u00a0 \u200bHaberin Al\u0131nt\u0131land\u0131\u011f\u0131 Kaynak: www.iskenderun.org","og_url":"http:\/\/denizcankizil.tr\/de\/haberler\/gundem\/hassada-tarihi-ve-kulturel-mirasa-onemli-dokunus\/","og_site_name":"Av. Deniz Can K\u0131z\u0131l","article_published_time":"2025-05-11T06:42:07+00:00","author":"admin","twitter_card":"summary_large_image","twitter_misc":{"Verfasst von":"admin","Gesch\u00e4tzte Lesezeit":"2\u00a0Minuten"},"schema":{"@context":"https:\/\/schema.org","@graph":[{"@type":"Article","@id":"http:\/\/denizcankizil.tr\/ru\/haberler\/gundem\/hassada-tarihi-ve-kulturel-mirasa-onemli-dokunus\/#article","isPartOf":{"@id":"http:\/\/denizcankizil.tr\/ru\/haberler\/gundem\/hassada-tarihi-ve-kulturel-mirasa-onemli-dokunus\/"},"author":{"name":"admin","@id":"https:\/\/denizcankizil.tr\/de\/#\/schema\/person\/be3c05fe6a12686905512445d8185489"},"headline":"Hassa\u2019da tarihi ve k\u00fclt\u00fcrel mirasa \u00f6nemli dokunu\u015f\u2026","datePublished":"2025-05-11T06:42:07+00:00","mainEntityOfPage":{"@id":"http:\/\/denizcankizil.tr\/ru\/haberler\/gundem\/hassada-tarihi-ve-kulturel-mirasa-onemli-dokunus\/"},"wordCount":325,"publisher":{"@id":"https:\/\/denizcankizil.tr\/de\/#organization"},"articleSection":["G\u00fcndem"],"inLanguage":"de"},{"@type":"WebPage","@id":"http:\/\/denizcankizil.tr\/ru\/haberler\/gundem\/hassada-tarihi-ve-kulturel-mirasa-onemli-dokunus\/","url":"http:\/\/denizcankizil.tr\/ru\/haberler\/gundem\/hassada-tarihi-ve-kulturel-mirasa-onemli-dokunus\/","name":"Hassa\u2019da tarihi ve k\u00fclt\u00fcrel mirasa \u00f6nemli dokunu\u015f\u2026 - Av. Deniz Can K\u0131z\u0131l","isPartOf":{"@id":"https:\/\/denizcankizil.tr\/de\/#website"},"datePublished":"2025-05-11T06:42:07+00:00","breadcrumb":{"@id":"http:\/\/denizcankizil.tr\/ru\/haberler\/gundem\/hassada-tarihi-ve-kulturel-mirasa-onemli-dokunus\/#breadcrumb"},"inLanguage":"de","potentialAction":[{"@type":"ReadAction","target":["http:\/\/denizcankizil.tr\/ru\/haberler\/gundem\/hassada-tarihi-ve-kulturel-mirasa-onemli-dokunus\/"]}]},{"@type":"BreadcrumbList","@id":"http:\/\/denizcankizil.tr\/ru\/haberler\/gundem\/hassada-tarihi-ve-kulturel-mirasa-onemli-dokunus\/#breadcrumb","itemListElement":[{"@type":"ListItem","position":1,"name":"Home","item":"https:\/\/denizcankizil.tr\/de\/"},{"@type":"ListItem","position":2,"name":"Hassa\u2019da tarihi ve k\u00fclt\u00fcrel mirasa \u00f6nemli dokunu\u015f\u2026"}]},{"@type":"WebSite","@id":"https:\/\/denizcankizil.tr\/de\/#website","url":"https:\/\/denizcankizil.tr\/de\/","name":"Av. Deniz Can K\u0131z\u0131l","description":"Avukat Deniz Can K\u0131z\u0131l Antalya Barosu","publisher":{"@id":"https:\/\/denizcankizil.tr\/de\/#organization"},"potentialAction":[{"@type":"SearchAction","target":{"@type":"EntryPoint","urlTemplate":"https:\/\/denizcankizil.tr\/de\/?s={search_term_string}"},"query-input":{"@type":"PropertyValueSpecification","valueRequired":true,"valueName":"search_term_string"}}],"inLanguage":"de"},{"@type":"Organization","@id":"https:\/\/denizcankizil.tr\/de\/#organization","name":"Av. Deniz Can K\u0131z\u0131l","url":"https:\/\/denizcankizil.tr\/de\/","logo":{"@type":"ImageObject","inLanguage":"de","@id":"https:\/\/denizcankizil.tr\/de\/#\/schema\/logo\/image\/","url":"https:\/\/denizcankizil.tr\/wp-content\/uploads\/2024\/10\/siyah-logo-svg.svg","contentUrl":"https:\/\/denizcankizil.tr\/wp-content\/uploads\/2024\/10\/siyah-logo-svg.svg","width":1080,"height":1080,"caption":"Av. Deniz Can K\u0131z\u0131l"},"image":{"@id":"https:\/\/denizcankizil.tr\/de\/#\/schema\/logo\/image\/"}},{"@type":"Person","@id":"https:\/\/denizcankizil.tr\/de\/#\/schema\/person\/be3c05fe6a12686905512445d8185489","name":"Administrator","image":{"@type":"ImageObject","inLanguage":"de","@id":"https:\/\/denizcankizil.tr\/de\/#\/schema\/person\/image\/","url":"https:\/\/secure.gravatar.com\/avatar\/c1fce94c830dc79107e174f890d7210541c4a63e8e5d816341794a2151c9d58c?s=96&d=mm&r=g","contentUrl":"https:\/\/secure.gravatar.com\/avatar\/c1fce94c830dc79107e174f890d7210541c4a63e8e5d816341794a2151c9d58c?s=96&d=mm&r=g","caption":"admin"},"sameAs":["http:\/\/denizcankizil.tr"],"url":"https:\/\/www.iskenderun.org\/hassada-tarihi-ve-kulturel-mirasa-onemli-dokunus"}]}},"_links":{"self":[{"href":"https:\/\/denizcankizil.tr\/de\/wp-json\/wp\/v2\/posts\/83058","targetHints":{"allow":["GET"]}}],"collection":[{"href":"https:\/\/denizcankizil.tr\/de\/wp-json\/wp\/v2\/posts"}],"about":[{"href":"https:\/\/denizcankizil.tr\/de\/wp-json\/wp\/v2\/types\/post"}],"author":[{"embeddable":true,"href":"https:\/\/denizcankizil.tr\/de\/wp-json\/wp\/v2\/users\/1"}],"replies":[{"embeddable":true,"href":"https:\/\/denizcankizil.tr\/de\/wp-json\/wp\/v2\/comments?post=83058"}],"version-history":[{"count":0,"href":"https:\/\/denizcankizil.tr\/de\/wp-json\/wp\/v2\/posts\/83058\/revisions"}],"wp:attachment":[{"href":"https:\/\/denizcankizil.tr\/de\/wp-json\/wp\/v2\/media?parent=83058"}],"wp:term":[{"taxonomy":"category","embeddable":true,"href":"https:\/\/denizcankizil.tr\/de\/wp-json\/wp\/v2\/categories?post=83058"},{"taxonomy":"post_tag","embeddable":true,"href":"https:\/\/denizcankizil.tr\/de\/wp-json\/wp\/v2\/tags?post=83058"}],"curies":[{"name":"wp","href":"https:\/\/api.w.org\/{rel}","templated":true}]}}