{"id":82196,"date":"2025-05-10T14:41:15","date_gmt":"2025-05-10T11:41:15","guid":{"rendered":"https:\/\/denizcankizil.tr\/uncategorized-tr\/guzellik-yarismasi-birincisi-ortadan-kayboldu\/"},"modified":"2025-05-10T14:41:15","modified_gmt":"2025-05-10T11:41:15","slug":"guzellik-yarismasi-birincisi-ortadan-kayboldu","status":"publish","type":"post","link":"https:\/\/denizcankizil.tr\/de\/haberler\/antalya\/guzellik-yarismasi-birincisi-ortadan-kayboldu\/","title":{"rendered":"G\u00fczellik yar\u0131\u015fmas\u0131 birincisi ortadan kayboldu"},"content":{"rendered":"<p>Olay, d\u00fcn Muratpa\u015fa il\u00e7esine ba\u011fl\u0131 \u015eirinyal\u0131 Mahallesi 1502&#8217;ta yer alan parkta ya\u015fand\u0131. Edinilen bilgiye g\u00f6re, Faz\u0131l Bildik&#8217;e arkada\u015f\u0131 taraf\u0131ndan yavruyken hediye edilen Pomeranian cinsi di\u015fi k\u00f6pek, parkta dola\u015ft\u0131\u011f\u0131 esnada kimli\u011fi belirsiz iki ki\u015fi taraf\u0131ndan al\u0131nd\u0131. K\u00f6pe\u011finin i\u015fyerine geri gelmedi\u011fini fark eden Bildik, onu \u00e7evrede arasa da bulamad\u0131. G\u00fcvenlik kameralar\u0131n\u0131 inceleyen Bildik, 2 ki\u015finin k\u00f6pe\u011fi ald\u0131\u011f\u0131n\u0131 g\u00f6rd\u00fc. Polise k\u00f6pe\u011finin kay\u0131p oldu\u011fu ihbar\u0131nda bulunan Bildik, \u015fah\u0131slardan ise hen\u00fcz \u015fikayet\u00e7i olmad\u0131.<br \/>\nG\u00fcvenlik kamera g\u00f6r\u00fcnt\u00fclerinde 2 kad\u0131n\u0131n ayn\u0131 cinste bir k\u00f6pe\u011fi g\u00f6t\u00fcrd\u00fc\u011f\u00fc ve ard\u0131ndan petshopa girdikleri g\u00f6r\u00fcl\u00fcrken, sahibi Faz\u0131l Bildik polis ekiplerine g\u00f6r\u00fcnt\u00fclerdeki k\u00f6pe\u011fin kendisine ait oldu\u011funu bildirdi.<\/p>\n<p>&#8220;E\u011fer geri getirirse \u015fikayette bulunmayaca\u011f\u0131m&#8221;<br \/>\nOlay\u0131 anlatan Bildik, &#8220;K\u00f6pe\u011fimi arkada\u015f\u0131m 2 ayl\u0131kken bana hediye etmi\u015fti. 7 ayd\u0131r da bende duruyordu. Baz\u0131 \u015fah\u0131slar taraf\u0131ndan al\u0131n\u0131yor. Kamera g\u00f6r\u00fcnt\u00fclerimiz de var. Tasmas\u0131 yoktu, sadece boynunda bir kolye vard\u0131. G\u00f6t\u00fcren ki\u015finin nereye g\u00f6t\u00fcrd\u00fc\u011f\u00fcn\u00fc bilmiyorum. Petshopa girip k\u00f6pek i\u00e7in malzeme alm\u0131\u015flar. Ablas\u0131n\u0131n k\u00f6pe\u011fi oldu\u011funu ve kendi bakaca\u011f\u0131n\u0131 s\u00f6ylemi\u015f. Parkta g\u00f6rd\u00fc\u011f\u00fc i\u00e7in sahipsiz san\u0131p alm\u0131\u015f olabilir. Ben geri getirmesini istiyorum. O benim her \u015feyim. 7 ayd\u0131r birlikteyim ama bir par\u00e7am gibi olmu\u015ftu. E\u011fer geri getirirse \u015fikayette bulunmayaca\u011f\u0131m. Polise kay\u0131p ba\u015fvurusunda bulundum&#8221; dedi.<\/p>\n<p>&#8220;Nazar de\u011fdi&#8221;<br \/>\nK\u00f6pe\u011finin bir hafta \u00f6nce g\u00fczellik yar\u0131\u015fmas\u0131nda birinci oldu\u011funu da s\u00f6zlerine ekleyen Bildik, &#8221; Antalya&#8217;daki stil g\u00fczellik yar\u0131\u015fmas\u0131nda birinci olmu\u015ftu k\u00f6pe\u011fim. Bir hafta \u00f6nce madalya ald\u0131, sonra da nazar de\u011fdi herhalde&#8221; diye konu\u015ftu.<\/p>\n<p>Kaynak: www.kanalv.com.tr Haber Sitesinden Al\u0131nm\u0131\u015ft\u0131r.<\/p>","protected":false},"excerpt":{"rendered":"<p>Olay, d\u00fcn Muratpa\u015fa il\u00e7esine ba\u011fl\u0131 \u015eirinyal\u0131 Mahallesi 1502&#8217;ta yer alan parkta ya\u015fand\u0131. Edinilen bilgiye g\u00f6re, Faz\u0131l Bildik&#8217;e arkada\u015f\u0131 taraf\u0131ndan yavruyken hediye edilen Pomeranian cinsi di\u015fi k\u00f6pek, parkta dola\u015ft\u0131\u011f\u0131 esnada kimli\u011fi belirsiz iki ki\u015fi taraf\u0131ndan al\u0131nd\u0131. K\u00f6pe\u011finin i\u015fyerine geri gelmedi\u011fini fark eden Bildik, onu \u00e7evrede arasa da bulamad\u0131. G\u00fcvenlik kameralar\u0131n\u0131 inceleyen Bildik, 2 ki\u015finin k\u00f6pe\u011fi ald\u0131\u011f\u0131n\u0131 g\u00f6rd\u00fc. Polise k\u00f6pe\u011finin kay\u0131p oldu\u011fu ihbar\u0131nda bulunan Bildik, \u015fah\u0131slardan ise hen\u00fcz \u015fikayet\u00e7i olmad\u0131. G\u00fcvenlik kamera g\u00f6r\u00fcnt\u00fclerinde 2 kad\u0131n\u0131n ayn\u0131 cinste bir k\u00f6pe\u011fi g\u00f6t\u00fcrd\u00fc\u011f\u00fc ve ard\u0131ndan petshopa girdikleri g\u00f6r\u00fcl\u00fcrken, sahibi Faz\u0131l Bildik polis ekiplerine g\u00f6r\u00fcnt\u00fclerdeki k\u00f6pe\u011fin kendisine ait oldu\u011funu bildirdi. &#8220;E\u011fer geri getirirse \u015fikayette bulunmayaca\u011f\u0131m&#8221; Olay\u0131 anlatan Bildik, &#8220;K\u00f6pe\u011fimi arkada\u015f\u0131m 2 ayl\u0131kken bana hediye etmi\u015fti. 7 ayd\u0131r da bende duruyordu. Baz\u0131 \u015fah\u0131slar taraf\u0131ndan al\u0131n\u0131yor. Kamera g\u00f6r\u00fcnt\u00fclerimiz de var. Tasmas\u0131 yoktu, sadece boynunda bir kolye vard\u0131. G\u00f6t\u00fcren ki\u015finin nereye g\u00f6t\u00fcrd\u00fc\u011f\u00fcn\u00fc bilmiyorum. Petshopa girip k\u00f6pek i\u00e7in malzeme alm\u0131\u015flar. Ablas\u0131n\u0131n k\u00f6pe\u011fi oldu\u011funu ve kendi bakaca\u011f\u0131n\u0131 s\u00f6ylemi\u015f. Parkta g\u00f6rd\u00fc\u011f\u00fc i\u00e7in sahipsiz san\u0131p alm\u0131\u015f olabilir. Ben geri getirmesini istiyorum. O benim her \u015feyim. 7 ayd\u0131r birlikteyim ama bir par\u00e7am gibi olmu\u015ftu. E\u011fer geri getirirse \u015fikayette bulunmayaca\u011f\u0131m. Polise kay\u0131p ba\u015fvurusunda bulundum&#8221; dedi. &#8220;Nazar de\u011fdi&#8221; K\u00f6pe\u011finin bir hafta \u00f6nce g\u00fczellik yar\u0131\u015fmas\u0131nda birinci oldu\u011funu da s\u00f6zlerine ekleyen Bildik, &#8221; Antalya&#8217;daki stil g\u00fczellik yar\u0131\u015fmas\u0131nda birinci &hellip;<\/p>","protected":false},"author":4,"featured_media":0,"comment_status":"","ping_status":"open","sticky":false,"template":"","format":"standard","meta":{"_acf_changed":false,"footnotes":""},"categories":[26],"tags":[],"class_list":["post-82196","post","type-post","status-publish","format-standard","hentry","category-antalya"],"acf":[],"yoast_head":"<!-- This site is optimized with the Yoast SEO Premium plugin v26.6 (Yoast SEO v27.1.1) - https:\/\/yoast.com\/product\/yoast-seo-premium-wordpress\/ -->\n<title>G\u00fczellik yar\u0131\u015fmas\u0131 birincisi ortadan kayboldu - Av. Deniz Can K\u0131z\u0131l<\/title>\n<meta name=\"robots\" content=\"index, follow, max-snippet:-1, max-image-preview:large, max-video-preview:-1\" \/>\n<link rel=\"canonical\" href=\"http:\/\/denizcankizil.tr\/de\/haberler\/antalya\/guzellik-yarismasi-birincisi-ortadan-kayboldu\/\" \/>\n<meta property=\"og:locale\" content=\"de_DE\" \/>\n<meta property=\"og:type\" content=\"article\" \/>\n<meta property=\"og:title\" content=\"G\u00fczellik yar\u0131\u015fmas\u0131 birincisi ortadan kayboldu\" \/>\n<meta property=\"og:description\" content=\"Olay, d\u00fcn Muratpa\u015fa il\u00e7esine ba\u011fl\u0131 \u015eirinyal\u0131 Mahallesi 1502&#8217;ta yer alan parkta ya\u015fand\u0131. Edinilen bilgiye g\u00f6re, Faz\u0131l Bildik&#8217;e arkada\u015f\u0131 taraf\u0131ndan yavruyken hediye edilen Pomeranian cinsi di\u015fi k\u00f6pek, parkta dola\u015ft\u0131\u011f\u0131 esnada kimli\u011fi belirsiz iki ki\u015fi taraf\u0131ndan al\u0131nd\u0131. K\u00f6pe\u011finin i\u015fyerine geri gelmedi\u011fini fark eden Bildik, onu \u00e7evrede arasa da bulamad\u0131. G\u00fcvenlik kameralar\u0131n\u0131 inceleyen Bildik, 2 ki\u015finin k\u00f6pe\u011fi ald\u0131\u011f\u0131n\u0131 g\u00f6rd\u00fc. Polise k\u00f6pe\u011finin kay\u0131p oldu\u011fu ihbar\u0131nda bulunan Bildik, \u015fah\u0131slardan ise hen\u00fcz \u015fikayet\u00e7i olmad\u0131. G\u00fcvenlik kamera g\u00f6r\u00fcnt\u00fclerinde 2 kad\u0131n\u0131n ayn\u0131 cinste bir k\u00f6pe\u011fi g\u00f6t\u00fcrd\u00fc\u011f\u00fc ve ard\u0131ndan petshopa girdikleri g\u00f6r\u00fcl\u00fcrken, sahibi Faz\u0131l Bildik polis ekiplerine g\u00f6r\u00fcnt\u00fclerdeki k\u00f6pe\u011fin kendisine ait oldu\u011funu bildirdi. &#8220;E\u011fer geri getirirse \u015fikayette bulunmayaca\u011f\u0131m&#8221; Olay\u0131 anlatan Bildik, &#8220;K\u00f6pe\u011fimi arkada\u015f\u0131m 2 ayl\u0131kken bana hediye etmi\u015fti. 7 ayd\u0131r da bende duruyordu. Baz\u0131 \u015fah\u0131slar taraf\u0131ndan al\u0131n\u0131yor. Kamera g\u00f6r\u00fcnt\u00fclerimiz de var. Tasmas\u0131 yoktu, sadece boynunda bir kolye vard\u0131. G\u00f6t\u00fcren ki\u015finin nereye g\u00f6t\u00fcrd\u00fc\u011f\u00fcn\u00fc bilmiyorum. Petshopa girip k\u00f6pek i\u00e7in malzeme alm\u0131\u015flar. Ablas\u0131n\u0131n k\u00f6pe\u011fi oldu\u011funu ve kendi bakaca\u011f\u0131n\u0131 s\u00f6ylemi\u015f. Parkta g\u00f6rd\u00fc\u011f\u00fc i\u00e7in sahipsiz san\u0131p alm\u0131\u015f olabilir. Ben geri getirmesini istiyorum. O benim her \u015feyim. 7 ayd\u0131r birlikteyim ama bir par\u00e7am gibi olmu\u015ftu. E\u011fer geri getirirse \u015fikayette bulunmayaca\u011f\u0131m. Polise kay\u0131p ba\u015fvurusunda bulundum&#8221; dedi. &#8220;Nazar de\u011fdi&#8221; K\u00f6pe\u011finin bir hafta \u00f6nce g\u00fczellik yar\u0131\u015fmas\u0131nda birinci oldu\u011funu da s\u00f6zlerine ekleyen Bildik, &#8221; Antalya&#8217;daki stil g\u00fczellik yar\u0131\u015fmas\u0131nda birinci &hellip;\" \/>\n<meta property=\"og:url\" content=\"http:\/\/denizcankizil.tr\/de\/haberler\/antalya\/guzellik-yarismasi-birincisi-ortadan-kayboldu\/\" \/>\n<meta property=\"og:site_name\" content=\"Av. Deniz Can K\u0131z\u0131l\" \/>\n<meta property=\"article:published_time\" content=\"2025-05-10T11:41:15+00:00\" \/>\n<meta name=\"author\" content=\"Av. Deniz Can K\u0131z\u0131l\" \/>\n<meta name=\"twitter:card\" content=\"summary_large_image\" \/>\n<meta name=\"twitter:label1\" content=\"Verfasst von\" \/>\n\t<meta name=\"twitter:data1\" content=\"Av. Deniz Can K\u0131z\u0131l\" \/>\n\t<meta name=\"twitter:label2\" content=\"Gesch\u00e4tzte Lesezeit\" \/>\n\t<meta name=\"twitter:data2\" content=\"2\u00a0Minuten\" \/>\n<script type=\"application\/ld+json\" class=\"yoast-schema-graph\">{\"@context\":\"https:\/\/schema.org\",\"@graph\":[{\"@type\":\"Article\",\"@id\":\"http:\/\/denizcankizil.tr\/ru\/haberler\/antalya\/guzellik-yarismasi-birincisi-ortadan-kayboldu\/#article\",\"isPartOf\":{\"@id\":\"http:\/\/denizcankizil.tr\/ru\/haberler\/antalya\/guzellik-yarismasi-birincisi-ortadan-kayboldu\/\"},\"author\":{\"name\":\"Av. Deniz Can K\u0131z\u0131l\",\"@id\":\"https:\/\/denizcankizil.tr\/de\/#\/schema\/person\/5dc1b22991bd7ac833867c10afc9b0ff\"},\"headline\":\"G\u00fczellik yar\u0131\u015fmas\u0131 birincisi ortadan kayboldu\",\"datePublished\":\"2025-05-10T11:41:15+00:00\",\"mainEntityOfPage\":{\"@id\":\"http:\/\/denizcankizil.tr\/ru\/haberler\/antalya\/guzellik-yarismasi-birincisi-ortadan-kayboldu\/\"},\"wordCount\":340,\"publisher\":{\"@id\":\"https:\/\/denizcankizil.tr\/de\/#organization\"},\"articleSection\":[\"Antalya\"],\"inLanguage\":\"de\"},{\"@type\":\"WebPage\",\"@id\":\"http:\/\/denizcankizil.tr\/ru\/haberler\/antalya\/guzellik-yarismasi-birincisi-ortadan-kayboldu\/\",\"url\":\"http:\/\/denizcankizil.tr\/ru\/haberler\/antalya\/guzellik-yarismasi-birincisi-ortadan-kayboldu\/\",\"name\":\"G\u00fczellik yar\u0131\u015fmas\u0131 birincisi ortadan kayboldu - Av. Deniz Can K\u0131z\u0131l\",\"isPartOf\":{\"@id\":\"https:\/\/denizcankizil.tr\/de\/#website\"},\"datePublished\":\"2025-05-10T11:41:15+00:00\",\"breadcrumb\":{\"@id\":\"http:\/\/denizcankizil.tr\/ru\/haberler\/antalya\/guzellik-yarismasi-birincisi-ortadan-kayboldu\/#breadcrumb\"},\"inLanguage\":\"de\",\"potentialAction\":[{\"@type\":\"ReadAction\",\"target\":[\"http:\/\/denizcankizil.tr\/ru\/haberler\/antalya\/guzellik-yarismasi-birincisi-ortadan-kayboldu\/\"]}]},{\"@type\":\"BreadcrumbList\",\"@id\":\"http:\/\/denizcankizil.tr\/ru\/haberler\/antalya\/guzellik-yarismasi-birincisi-ortadan-kayboldu\/#breadcrumb\",\"itemListElement\":[{\"@type\":\"ListItem\",\"position\":1,\"name\":\"Home\",\"item\":\"https:\/\/denizcankizil.tr\/de\/\"},{\"@type\":\"ListItem\",\"position\":2,\"name\":\"G\u00fczellik yar\u0131\u015fmas\u0131 birincisi ortadan kayboldu\"}]},{\"@type\":\"WebSite\",\"@id\":\"https:\/\/denizcankizil.tr\/de\/#website\",\"url\":\"https:\/\/denizcankizil.tr\/de\/\",\"name\":\"Av. Deniz Can K\u0131z\u0131l\",\"description\":\"Avukat Deniz Can K\u0131z\u0131l Antalya Barosu\",\"publisher\":{\"@id\":\"https:\/\/denizcankizil.tr\/de\/#organization\"},\"potentialAction\":[{\"@type\":\"SearchAction\",\"target\":{\"@type\":\"EntryPoint\",\"urlTemplate\":\"https:\/\/denizcankizil.tr\/de\/?s={search_term_string}\"},\"query-input\":{\"@type\":\"PropertyValueSpecification\",\"valueRequired\":true,\"valueName\":\"search_term_string\"}}],\"inLanguage\":\"de\"},{\"@type\":\"Organization\",\"@id\":\"https:\/\/denizcankizil.tr\/de\/#organization\",\"name\":\"Av. Deniz Can K\u0131z\u0131l\",\"url\":\"https:\/\/denizcankizil.tr\/de\/\",\"logo\":{\"@type\":\"ImageObject\",\"inLanguage\":\"de\",\"@id\":\"https:\/\/denizcankizil.tr\/de\/#\/schema\/logo\/image\/\",\"url\":\"https:\/\/denizcankizil.tr\/wp-content\/uploads\/2024\/10\/siyah-logo-svg.svg\",\"contentUrl\":\"https:\/\/denizcankizil.tr\/wp-content\/uploads\/2024\/10\/siyah-logo-svg.svg\",\"width\":1080,\"height\":1080,\"caption\":\"Av. Deniz Can K\u0131z\u0131l\"},\"image\":{\"@id\":\"https:\/\/denizcankizil.tr\/de\/#\/schema\/logo\/image\/\"}},{\"@type\":\"Person\",\"@id\":\"https:\/\/denizcankizil.tr\/de\/#\/schema\/person\/5dc1b22991bd7ac833867c10afc9b0ff\",\"name\":\"Av. Deniz Can K\u0131z\u0131l\",\"image\":{\"@type\":\"ImageObject\",\"inLanguage\":\"de\",\"@id\":\"https:\/\/denizcankizil.tr\/de\/#\/schema\/person\/image\/\",\"url\":\"https:\/\/secure.gravatar.com\/avatar\/a0b128fb9855c79efc976d5640eedb31dc35ec297594d6016d2cf7c60e975bb6?s=96&d=mm&r=g\",\"contentUrl\":\"https:\/\/secure.gravatar.com\/avatar\/a0b128fb9855c79efc976d5640eedb31dc35ec297594d6016d2cf7c60e975bb6?s=96&d=mm&r=g\",\"caption\":\"Av. Deniz Can K\u0131z\u0131l\"},\"sameAs\":[\"http:\/\/www.denizcankizil.tr\"],\"url\":\"https:\/\/denizcankizil.tr\/de\/author\/denizcankizil\/\"}]}<\/script>\n<!-- \/ Yoast SEO Premium plugin. -->","yoast_head_json":{"title":"G\u00fczellik yar\u0131\u015fmas\u0131 birincisi ortadan kayboldu - Av. Deniz Can K\u0131z\u0131l","robots":{"index":"index","follow":"follow","max-snippet":"max-snippet:-1","max-image-preview":"max-image-preview:large","max-video-preview":"max-video-preview:-1"},"canonical":"http:\/\/denizcankizil.tr\/de\/haberler\/antalya\/guzellik-yarismasi-birincisi-ortadan-kayboldu\/","og_locale":"de_DE","og_type":"article","og_title":"G\u00fczellik yar\u0131\u015fmas\u0131 birincisi ortadan kayboldu","og_description":"Olay, d\u00fcn Muratpa\u015fa il\u00e7esine ba\u011fl\u0131 \u015eirinyal\u0131 Mahallesi 1502&#8217;ta yer alan parkta ya\u015fand\u0131. Edinilen bilgiye g\u00f6re, Faz\u0131l Bildik&#8217;e arkada\u015f\u0131 taraf\u0131ndan yavruyken hediye edilen Pomeranian cinsi di\u015fi k\u00f6pek, parkta dola\u015ft\u0131\u011f\u0131 esnada kimli\u011fi belirsiz iki ki\u015fi taraf\u0131ndan al\u0131nd\u0131. K\u00f6pe\u011finin i\u015fyerine geri gelmedi\u011fini fark eden Bildik, onu \u00e7evrede arasa da bulamad\u0131. G\u00fcvenlik kameralar\u0131n\u0131 inceleyen Bildik, 2 ki\u015finin k\u00f6pe\u011fi ald\u0131\u011f\u0131n\u0131 g\u00f6rd\u00fc. Polise k\u00f6pe\u011finin kay\u0131p oldu\u011fu ihbar\u0131nda bulunan Bildik, \u015fah\u0131slardan ise hen\u00fcz \u015fikayet\u00e7i olmad\u0131. G\u00fcvenlik kamera g\u00f6r\u00fcnt\u00fclerinde 2 kad\u0131n\u0131n ayn\u0131 cinste bir k\u00f6pe\u011fi g\u00f6t\u00fcrd\u00fc\u011f\u00fc ve ard\u0131ndan petshopa girdikleri g\u00f6r\u00fcl\u00fcrken, sahibi Faz\u0131l Bildik polis ekiplerine g\u00f6r\u00fcnt\u00fclerdeki k\u00f6pe\u011fin kendisine ait oldu\u011funu bildirdi. &#8220;E\u011fer geri getirirse \u015fikayette bulunmayaca\u011f\u0131m&#8221; Olay\u0131 anlatan Bildik, &#8220;K\u00f6pe\u011fimi arkada\u015f\u0131m 2 ayl\u0131kken bana hediye etmi\u015fti. 7 ayd\u0131r da bende duruyordu. Baz\u0131 \u015fah\u0131slar taraf\u0131ndan al\u0131n\u0131yor. Kamera g\u00f6r\u00fcnt\u00fclerimiz de var. Tasmas\u0131 yoktu, sadece boynunda bir kolye vard\u0131. G\u00f6t\u00fcren ki\u015finin nereye g\u00f6t\u00fcrd\u00fc\u011f\u00fcn\u00fc bilmiyorum. Petshopa girip k\u00f6pek i\u00e7in malzeme alm\u0131\u015flar. Ablas\u0131n\u0131n k\u00f6pe\u011fi oldu\u011funu ve kendi bakaca\u011f\u0131n\u0131 s\u00f6ylemi\u015f. Parkta g\u00f6rd\u00fc\u011f\u00fc i\u00e7in sahipsiz san\u0131p alm\u0131\u015f olabilir. Ben geri getirmesini istiyorum. O benim her \u015feyim. 7 ayd\u0131r birlikteyim ama bir par\u00e7am gibi olmu\u015ftu. E\u011fer geri getirirse \u015fikayette bulunmayaca\u011f\u0131m. Polise kay\u0131p ba\u015fvurusunda bulundum&#8221; dedi. &#8220;Nazar de\u011fdi&#8221; K\u00f6pe\u011finin bir hafta \u00f6nce g\u00fczellik yar\u0131\u015fmas\u0131nda birinci oldu\u011funu da s\u00f6zlerine ekleyen Bildik, &#8221; Antalya&#8217;daki stil g\u00fczellik yar\u0131\u015fmas\u0131nda birinci &hellip;","og_url":"http:\/\/denizcankizil.tr\/de\/haberler\/antalya\/guzellik-yarismasi-birincisi-ortadan-kayboldu\/","og_site_name":"Av. Deniz Can K\u0131z\u0131l","article_published_time":"2025-05-10T11:41:15+00:00","author":"Av. Deniz Can K\u0131z\u0131l","twitter_card":"summary_large_image","twitter_misc":{"Verfasst von":"Av. Deniz Can K\u0131z\u0131l","Gesch\u00e4tzte Lesezeit":"2\u00a0Minuten"},"schema":{"@context":"https:\/\/schema.org","@graph":[{"@type":"Article","@id":"http:\/\/denizcankizil.tr\/ru\/haberler\/antalya\/guzellik-yarismasi-birincisi-ortadan-kayboldu\/#article","isPartOf":{"@id":"http:\/\/denizcankizil.tr\/ru\/haberler\/antalya\/guzellik-yarismasi-birincisi-ortadan-kayboldu\/"},"author":{"name":"Av. Deniz Can K\u0131z\u0131l","@id":"https:\/\/denizcankizil.tr\/de\/#\/schema\/person\/5dc1b22991bd7ac833867c10afc9b0ff"},"headline":"G\u00fczellik yar\u0131\u015fmas\u0131 birincisi ortadan kayboldu","datePublished":"2025-05-10T11:41:15+00:00","mainEntityOfPage":{"@id":"http:\/\/denizcankizil.tr\/ru\/haberler\/antalya\/guzellik-yarismasi-birincisi-ortadan-kayboldu\/"},"wordCount":340,"publisher":{"@id":"https:\/\/denizcankizil.tr\/de\/#organization"},"articleSection":["Antalya"],"inLanguage":"de"},{"@type":"WebPage","@id":"http:\/\/denizcankizil.tr\/ru\/haberler\/antalya\/guzellik-yarismasi-birincisi-ortadan-kayboldu\/","url":"http:\/\/denizcankizil.tr\/ru\/haberler\/antalya\/guzellik-yarismasi-birincisi-ortadan-kayboldu\/","name":"G\u00fczellik yar\u0131\u015fmas\u0131 birincisi ortadan kayboldu - Av. Deniz Can K\u0131z\u0131l","isPartOf":{"@id":"https:\/\/denizcankizil.tr\/de\/#website"},"datePublished":"2025-05-10T11:41:15+00:00","breadcrumb":{"@id":"http:\/\/denizcankizil.tr\/ru\/haberler\/antalya\/guzellik-yarismasi-birincisi-ortadan-kayboldu\/#breadcrumb"},"inLanguage":"de","potentialAction":[{"@type":"ReadAction","target":["http:\/\/denizcankizil.tr\/ru\/haberler\/antalya\/guzellik-yarismasi-birincisi-ortadan-kayboldu\/"]}]},{"@type":"BreadcrumbList","@id":"http:\/\/denizcankizil.tr\/ru\/haberler\/antalya\/guzellik-yarismasi-birincisi-ortadan-kayboldu\/#breadcrumb","itemListElement":[{"@type":"ListItem","position":1,"name":"Home","item":"https:\/\/denizcankizil.tr\/de\/"},{"@type":"ListItem","position":2,"name":"G\u00fczellik yar\u0131\u015fmas\u0131 birincisi ortadan kayboldu"}]},{"@type":"WebSite","@id":"https:\/\/denizcankizil.tr\/de\/#website","url":"https:\/\/denizcankizil.tr\/de\/","name":"Av. Deniz Can K\u0131z\u0131l","description":"Avukat Deniz Can K\u0131z\u0131l Antalya Barosu","publisher":{"@id":"https:\/\/denizcankizil.tr\/de\/#organization"},"potentialAction":[{"@type":"SearchAction","target":{"@type":"EntryPoint","urlTemplate":"https:\/\/denizcankizil.tr\/de\/?s={search_term_string}"},"query-input":{"@type":"PropertyValueSpecification","valueRequired":true,"valueName":"search_term_string"}}],"inLanguage":"de"},{"@type":"Organization","@id":"https:\/\/denizcankizil.tr\/de\/#organization","name":"Av. Deniz Can K\u0131z\u0131l","url":"https:\/\/denizcankizil.tr\/de\/","logo":{"@type":"ImageObject","inLanguage":"de","@id":"https:\/\/denizcankizil.tr\/de\/#\/schema\/logo\/image\/","url":"https:\/\/denizcankizil.tr\/wp-content\/uploads\/2024\/10\/siyah-logo-svg.svg","contentUrl":"https:\/\/denizcankizil.tr\/wp-content\/uploads\/2024\/10\/siyah-logo-svg.svg","width":1080,"height":1080,"caption":"Av. Deniz Can K\u0131z\u0131l"},"image":{"@id":"https:\/\/denizcankizil.tr\/de\/#\/schema\/logo\/image\/"}},{"@type":"Person","@id":"https:\/\/denizcankizil.tr\/de\/#\/schema\/person\/5dc1b22991bd7ac833867c10afc9b0ff","name":"Av. Deniz Can K\u0131z\u0131l","image":{"@type":"ImageObject","inLanguage":"de","@id":"https:\/\/denizcankizil.tr\/de\/#\/schema\/person\/image\/","url":"https:\/\/secure.gravatar.com\/avatar\/a0b128fb9855c79efc976d5640eedb31dc35ec297594d6016d2cf7c60e975bb6?s=96&d=mm&r=g","contentUrl":"https:\/\/secure.gravatar.com\/avatar\/a0b128fb9855c79efc976d5640eedb31dc35ec297594d6016d2cf7c60e975bb6?s=96&d=mm&r=g","caption":"Av. Deniz Can K\u0131z\u0131l"},"sameAs":["http:\/\/www.denizcankizil.tr"],"url":"https:\/\/denizcankizil.tr\/de\/author\/denizcankizil\/"}]}},"_links":{"self":[{"href":"https:\/\/denizcankizil.tr\/de\/wp-json\/wp\/v2\/posts\/82196","targetHints":{"allow":["GET"]}}],"collection":[{"href":"https:\/\/denizcankizil.tr\/de\/wp-json\/wp\/v2\/posts"}],"about":[{"href":"https:\/\/denizcankizil.tr\/de\/wp-json\/wp\/v2\/types\/post"}],"author":[{"embeddable":true,"href":"https:\/\/denizcankizil.tr\/de\/wp-json\/wp\/v2\/users\/4"}],"replies":[{"embeddable":true,"href":"https:\/\/denizcankizil.tr\/de\/wp-json\/wp\/v2\/comments?post=82196"}],"version-history":[{"count":0,"href":"https:\/\/denizcankizil.tr\/de\/wp-json\/wp\/v2\/posts\/82196\/revisions"}],"wp:attachment":[{"href":"https:\/\/denizcankizil.tr\/de\/wp-json\/wp\/v2\/media?parent=82196"}],"wp:term":[{"taxonomy":"category","embeddable":true,"href":"https:\/\/denizcankizil.tr\/de\/wp-json\/wp\/v2\/categories?post=82196"},{"taxonomy":"post_tag","embeddable":true,"href":"https:\/\/denizcankizil.tr\/de\/wp-json\/wp\/v2\/tags?post=82196"}],"curies":[{"name":"wp","href":"https:\/\/api.w.org\/{rel}","templated":true}]}}