{"id":82103,"date":"2025-05-10T12:41:16","date_gmt":"2025-05-10T09:41:16","guid":{"rendered":"https:\/\/denizcankizil.tr\/uncategorized-tr\/ara-secim-ve-antalya\/"},"modified":"2025-05-10T12:41:16","modified_gmt":"2025-05-10T09:41:16","slug":"ara-secim-ve-antalya","status":"publish","type":"post","link":"https:\/\/denizcankizil.tr\/de\/haberler\/gundem\/ara-secim-ve-antalya\/","title":{"rendered":"Ara se\u00e7im ve Antalya"},"content":{"rendered":"<p>19 Mart sonras\u0131nda CHP i\u00e7in erken se\u00e7im \u00e7a\u011fr\u0131s\u0131 daha do\u011frusu erken se\u00e7im talebiyle eylemlilik bir zorunluluk haline geldi. Zira geni\u015f halk kitlelerinin talebiydi erken se\u00e7im. CHP de bu talebin a\u00e7\u0131\u011fa \u00e7\u0131kmas\u0131n\u0131 sa\u011flayan s\u00fcrecin (19 Mart) \u00f6znesi olarak \u00fcst\u00fcne d\u00fc\u015feni yapt\u0131, yamaya da devam ediyor.<\/p>\n<p>Yozgat, Konya, Beyaz\u0131t Meydan\u0131 gibi \u015fimdiden tarihe ge\u00e7en g\u00f6rkemli mitinglerle s\u00fcreci do\u011fru bir \u015fekilde ilerletiyor. Soka\u011f\u0131n nabz\u0131n\u0131 do\u011fru okuyarak ilerliyor.<\/p>\n<p>Bunlar toplumsal hamleler.<\/p>\n<p>Ama bir de olay\u0131n hukuki (!) boyutu var.<\/p>\n<p>Biliyorsunuz. Erken se\u00e7im i\u00e7in ya Cumhurba\u015fkan\u0131 \u00fclkeyi erken se\u00e7ime g\u00f6t\u00fcrecek ya da TBMM erken se\u00e7im karar\u0131 alacak. Recep Tayyip Erdo\u011fan\u2019\u0131n b\u00f6yle bir gelene\u011fi yok. Ne olursa olsun, s\u00fcresini sonuna kadar kullan\u0131yor. Bu nedenle bu se\u00e7enek gibi g\u00f6r\u00fcnm\u00fcyor. Di\u011fer taraftan da TBMM\u2019nin erken se\u00e7im karar\u0131 alabilmek i\u00e7in 360 milletvekilinin erken se\u00e7ime evet demesi gerekiyor. Bug\u00fcnk\u00fc TBMM\u2019de yer alan partilerin say\u0131lar\u0131na bakt\u0131\u011f\u0131m\u0131zda bu da m\u00fcmk\u00fcn g\u00f6r\u00fcnm\u00fcyor.<\/p>\n<p>Yani, erken se\u00e7im i\u00e7in Meclis yolu kapal\u0131 gibi duruyor.<\/p>\n<p>CHP\u2019nin elindeki bir di\u011fer koz da \u2018ara se\u00e7im\u2019.<\/p>\n<p>Anayasa\u2019da ara se\u00e7im i\u00e7in, \u2018genel se\u00e7imden otuz ay ge\u00e7medik\u00e7e ara se\u00e7ime gidilemez\u2019 deniliyor. Ancak bu durumun bir istisnas\u0131 var. TBMM\u2019de bo\u015falan \u00fcyeliklerin say\u0131s\u0131, \u00fcye tam say\u0131s\u0131n\u0131n y\u00fczde be\u015fini buldu\u011fu hallerde ara se\u00e7imlerin \u00fc\u00e7 ay i\u00e7erisinde yap\u0131lmas\u0131 yine Anayasa\u2019da ifade edilmi\u015f.<\/p>\n<p>Bug\u00fcn TBMM\u2019de milletvekili say\u0131s\u0131 592. Yani 8 eksik var. Erken se\u00e7im i\u00e7in ise 30 koltu\u011fun bo\u015falmas\u0131 gerekiyor. Bunun i\u00e7in de 22 milletvekilinin daha istifa etmesi gerekiyor.<\/p>\n<p>Ancak olay milletvekillerinin istifa etmesi yetmiyor. Milletvekillerinin istifas\u0131n\u0131 TBMM Genel Kurulu\u2019nun da kabul etmesi gerekiyor. TBMM Genel Kurulu\u2019nda da \u00e7o\u011funluk Cumhur \u0130ttifak\u0131nda. Yani, 22 vekil istifa etse bile Cumhur \u0130ttifak\u0131 \u2018tamam\u2019 demedik\u00e7e ge\u00e7erli say\u0131lm\u0131yor.<\/p>\n<p>Ara se\u00e7imin \u00f6n\u00fcndeki en \u00f6nemli engel de bu zaten. CHP\u2019nin teknik olarak bunu ger\u00e7ekle\u015ftirmesi m\u00fcmk\u00fcn m\u00fc? Milletvekilleri istifa etseler bile TBMM istifalar\u0131 onaylar m\u0131?<\/p>\n<p>Bu sorular\u0131n yan\u0131t\u0131 belirsiz.<\/p>\n<p>Buraya kadar anlatt\u0131\u011f\u0131m, ara se\u00e7imin yap\u0131labilmesi i\u00e7in teknik zorunluluklar.<\/p>\n<p>Olay\u0131n bir de siyasal boyutu var.<\/p>\n<p>CHP\u2019nin elini g\u00fc\u00e7lendiren yer de bu siyasal boyut.<\/p>\n<p>\u00c7\u00fcnk\u00fc istifa eden milletvekillerinin TBMM\u2019de engellenmesi, Cumhur \u0130ttifak\u0131n\u0131 \u2018se\u00e7imden ka\u00e7an\u2019 bir pozisyona sokacakt\u0131r ki, bu da toplumsal m\u00fccadeleyi daha da y\u00fckseltecektir.<\/p>\n<p>Yani, ara se\u00e7im zorlamas\u0131 CHP ad\u0131na mant\u0131kl\u0131 bir hamle.<\/p>\n<p>Peki, hangi milletvekilleri istifa edecek?<\/p>\n<p>Burada da CHP\u2019nin \u2018banko\u2019 g\u00f6rd\u00fc\u011f\u00fc illerin vekilleri istifa ettirece\u011fini \u00f6n g\u00f6rmek i\u00e7in kahin olmaya gerek yok.<\/p>\n<p>Bu illerde bir tanesi de Antalya.<\/p>\n<p>14 May\u0131s 2023 genel se\u00e7imlerinde CHP, Antalya\u2019da bir isim hari\u00e7 (Cavit Ar\u0131), b\u00fct\u00fcn milletvekillerini de\u011fi\u015ftirdi. Be\u015f CHP milletvekilinin d\u00f6rd\u00fcn\u00fcn ilk d\u00f6nemi. Dahas\u0131, bu d\u00f6rt vekil, milletvekili olarak hen\u00fcz iki y\u0131llar\u0131n\u0131 doldurmad\u0131klar\u0131 i\u00e7in \u00f6zl\u00fck haklar\u0131n\u0131 da kazanamad\u0131lar. Milletvekilli\u011finin resmi olarak ba\u015flad\u0131\u011f\u0131 yemin t\u00f6reni 2 Haziran 2023\u2019te yap\u0131lm\u0131\u015ft\u0131. 2 Haziran 2025\u2019te, bu d\u00f6rt milletvekili \u00f6zl\u00fck haklar\u0131n\u0131 kazanacaklar.<\/p>\n<p>Bu nedenle de, 2 Haziran 2025\u2019ten \u00f6nce, \u00e7ok m\u00fcmk\u00fcn g\u00f6r\u00fcnm\u00fcyor ama, yap\u0131lacak bir istifa eyleminde, Cavit Ar\u0131 d\u0131\u015f\u0131ndaki vekiller \u00f6zl\u00fck haklar\u0131n\u0131 kazanmadan milletvekilli\u011finden ayr\u0131lm\u0131\u015f olacaklar. Bu nedenle, e\u011fer 2 Haziran\u2019dan \u00f6nce b\u00f6yle bir s\u00fcre\u00e7 i\u015flerse Antalya i\u00e7in en yak\u0131n aday, Cavit Ar\u0131 gibi duruyor. 2 Haziran\u2019dan sonra ise be\u015f vekilin tamam\u0131 istifa edebilir pozisyona ge\u00e7ecek.<\/p>\n<p>Sonu\u00e7 olarak, ama toplumsal ama hukuksal, T\u00fcrkiye bir iktidar de\u011fi\u015fim s\u00fcrecine girdi. CHP\u2019nin kurumsal, Ekrem \u0130mamo\u011flu\u2019nun lider olarak \u00f6nderlik y\u00fcklendi\u011fi bu s\u00fcre\u00e7, zorlu ve sanc\u0131l\u0131 olacak.<\/p>\n<p>\u200b19 Mart sonras\u0131nda CHP i\u00e7in erken se\u00e7im \u00e7a\u011fr\u0131s\u0131 daha do\u011frusu erken se\u00e7im talebiyle eylemlilik bir zorunluluk haline geldi. Zira geni\u015f halk kitlelerinin talebiydi erken se\u00e7im. CHP de bu talebin a\u00e7\u0131\u011fa \u00e7\u0131kmas\u0131n\u0131 sa\u011flayan s\u00fcrecin (19 Mart) \u00f6znesi olarak \u00fcst\u00fcne d\u00fc\u015feni yapt\u0131, yamaya da devam ediyor.<\/p>\n<p>Yozgat, Konya, Beyaz\u0131t Meydan\u0131 gibi \u015fimdiden tarihe ge\u00e7en g\u00f6rkemli mitinglerle s\u00fcreci do\u011fru bir \u015fekilde ilerletiyor. Soka\u011f\u0131n nabz\u0131n\u0131 do\u011fru okuyarak ilerliyor.<\/p>\n<p>Bunlar toplumsal hamleler.<\/p>\n<p>Ama bir de olay\u0131n hukuki (!) boyutu var.<\/p>\n<p>Biliyorsunuz. Erken se\u00e7im i\u00e7in ya Cumhurba\u015fkan\u0131 \u00fclkeyi erken se\u00e7ime g\u00f6t\u00fcrecek ya da TBMM erken se\u00e7im karar\u0131 alacak. Recep Tayyip Erdo\u011fan\u2019\u0131n b\u00f6yle bir gelene\u011fi yok. Ne olursa olsun, s\u00fcresini sonuna kadar kullan\u0131yor. Bu nedenle bu se\u00e7enek gibi g\u00f6r\u00fcnm\u00fcyor. Di\u011fer taraftan da TBMM\u2019nin erken se\u00e7im karar\u0131 alabilmek i\u00e7in 360 milletvekilinin erken se\u00e7ime evet demesi gerekiyor. Bug\u00fcnk\u00fc TBMM\u2019de yer alan partilerin say\u0131lar\u0131na bakt\u0131\u011f\u0131m\u0131zda bu da m\u00fcmk\u00fcn g\u00f6r\u00fcnm\u00fcyor.<\/p>\n<p>Yani, erken se\u00e7im i\u00e7in Meclis yolu kapal\u0131 gibi duruyor.<\/p>\n<p>CHP\u2019nin elindeki bir di\u011fer koz da \u2018ara se\u00e7im\u2019.<\/p>\n<p>Anayasa\u2019da ara se\u00e7im i\u00e7in, \u2018genel se\u00e7imden otuz ay ge\u00e7medik\u00e7e ara se\u00e7ime gidilemez\u2019 deniliyor. Ancak bu durumun bir istisnas\u0131 var. TBMM\u2019de bo\u015falan \u00fcyeliklerin say\u0131s\u0131, \u00fcye tam say\u0131s\u0131n\u0131n y\u00fczde be\u015fini buldu\u011fu hallerde ara se\u00e7imlerin \u00fc\u00e7 ay i\u00e7erisinde yap\u0131lmas\u0131 yine Anayasa\u2019da ifade edilmi\u015f.<\/p>\n<p>Bug\u00fcn TBMM\u2019de milletvekili say\u0131s\u0131 592. Yani 8 eksik var. Erken se\u00e7im i\u00e7in ise 30 koltu\u011fun bo\u015falmas\u0131 gerekiyor. Bunun i\u00e7in de 22 milletvekilinin daha istifa etmesi gerekiyor.<\/p>\n<p>Ancak olay milletvekillerinin istifa etmesi yetmiyor. Milletvekillerinin istifas\u0131n\u0131 TBMM Genel Kurulu\u2019nun da kabul etmesi gerekiyor. TBMM Genel Kurulu\u2019nda da \u00e7o\u011funluk Cumhur \u0130ttifak\u0131nda. Yani, 22 vekil istifa etse bile Cumhur \u0130ttifak\u0131 \u2018tamam\u2019 demedik\u00e7e ge\u00e7erli say\u0131lm\u0131yor.<\/p>\n<p>Ara se\u00e7imin \u00f6n\u00fcndeki en \u00f6nemli engel de bu zaten. CHP\u2019nin teknik olarak bunu ger\u00e7ekle\u015ftirmesi m\u00fcmk\u00fcn m\u00fc? Milletvekilleri istifa etseler bile TBMM istifalar\u0131 onaylar m\u0131?<\/p>\n<p>Bu sorular\u0131n yan\u0131t\u0131 belirsiz.<\/p>\n<p>Buraya kadar anlatt\u0131\u011f\u0131m, ara se\u00e7imin yap\u0131labilmesi i\u00e7in teknik zorunluluklar.<\/p>\n<p>Olay\u0131n bir de siyasal boyutu var.<\/p>\n<p>CHP\u2019nin elini g\u00fc\u00e7lendiren yer de bu siyasal boyut.<\/p>\n<p>\u00c7\u00fcnk\u00fc istifa eden milletvekillerinin TBMM\u2019de engellenmesi, Cumhur \u0130ttifak\u0131n\u0131 \u2018se\u00e7imden ka\u00e7an\u2019 bir pozisyona sokacakt\u0131r ki, bu da toplumsal m\u00fccadeleyi daha da y\u00fckseltecektir.<\/p>\n<p>Yani, ara se\u00e7im zorlamas\u0131 CHP ad\u0131na mant\u0131kl\u0131 bir hamle.<\/p>\n<p>Peki, hangi milletvekilleri istifa edecek?<\/p>\n<p>Burada da CHP\u2019nin \u2018banko\u2019 g\u00f6rd\u00fc\u011f\u00fc illerin vekilleri istifa ettirece\u011fini \u00f6n g\u00f6rmek i\u00e7in kahin olmaya gerek yok.<\/p>\n<p>Bu illerde bir tanesi de Antalya.<\/p>\n<p>14 May\u0131s 2023 genel se\u00e7imlerinde CHP, Antalya\u2019da bir isim hari\u00e7 (Cavit Ar\u0131), b\u00fct\u00fcn milletvekillerini de\u011fi\u015ftirdi. Be\u015f CHP milletvekilinin d\u00f6rd\u00fcn\u00fcn ilk d\u00f6nemi. Dahas\u0131, bu d\u00f6rt vekil, milletvekili olarak hen\u00fcz iki y\u0131llar\u0131n\u0131 doldurmad\u0131klar\u0131 i\u00e7in \u00f6zl\u00fck haklar\u0131n\u0131 da kazanamad\u0131lar. Milletvekilli\u011finin resmi olarak ba\u015flad\u0131\u011f\u0131 yemin t\u00f6reni 2 Haziran 2023\u2019te yap\u0131lm\u0131\u015ft\u0131. 2 Haziran 2025\u2019te, bu d\u00f6rt milletvekili \u00f6zl\u00fck haklar\u0131n\u0131 kazanacaklar.<\/p>\n<p>Bu nedenle de, 2 Haziran 2025\u2019ten \u00f6nce, \u00e7ok m\u00fcmk\u00fcn g\u00f6r\u00fcnm\u00fcyor ama, yap\u0131lacak bir istifa eyleminde, Cavit Ar\u0131 d\u0131\u015f\u0131ndaki vekiller \u00f6zl\u00fck haklar\u0131n\u0131 kazanmadan milletvekilli\u011finden ayr\u0131lm\u0131\u015f olacaklar. Bu nedenle, e\u011fer 2 Haziran\u2019dan \u00f6nce b\u00f6yle bir s\u00fcre\u00e7 i\u015flerse Antalya i\u00e7in en yak\u0131n aday, Cavit Ar\u0131 gibi duruyor. 2 Haziran\u2019dan sonra ise be\u015f vekilin tamam\u0131 istifa edebilir pozisyona ge\u00e7ecek.<\/p>\n<p>Sonu\u00e7 olarak, ama toplumsal ama hukuksal, T\u00fcrkiye bir iktidar de\u011fi\u015fim s\u00fcrecine girdi. CHP\u2019nin kurumsal, Ekrem \u0130mamo\u011flu\u2019nun lider olarak \u00f6nderlik y\u00fcklendi\u011fi bu s\u00fcre\u00e7, zorlu ve sanc\u0131l\u0131 olacak.\u00a0<\/p>\n<p>\u200bHaberin Al\u0131nt\u0131land\u0131\u011f\u0131 Kaynak: www.antalyakorfez.com<\/p>","protected":false},"excerpt":{"rendered":"<p>19 Mart sonras\u0131nda CHP i\u00e7in erken se\u00e7im \u00e7a\u011fr\u0131s\u0131 daha do\u011frusu erken se\u00e7im talebiyle eylemlilik bir zorunluluk haline geldi. Zira geni\u015f halk kitlelerinin talebiydi erken se\u00e7im. CHP de bu talebin a\u00e7\u0131\u011fa \u00e7\u0131kmas\u0131n\u0131 sa\u011flayan s\u00fcrecin (19 Mart) \u00f6znesi olarak \u00fcst\u00fcne d\u00fc\u015feni yapt\u0131, yamaya da devam ediyor. Yozgat, Konya, Beyaz\u0131t Meydan\u0131 gibi \u015fimdiden tarihe ge\u00e7en g\u00f6rkemli mitinglerle s\u00fcreci do\u011fru bir \u015fekilde ilerletiyor. Soka\u011f\u0131n nabz\u0131n\u0131 do\u011fru okuyarak ilerliyor. Bunlar toplumsal hamleler. Ama bir de olay\u0131n hukuki (!) boyutu var. Biliyorsunuz. Erken se\u00e7im i\u00e7in ya Cumhurba\u015fkan\u0131 \u00fclkeyi erken se\u00e7ime g\u00f6t\u00fcrecek ya da TBMM erken se\u00e7im karar\u0131 alacak. Recep Tayyip Erdo\u011fan\u2019\u0131n b\u00f6yle bir gelene\u011fi yok. Ne olursa olsun, s\u00fcresini sonuna kadar kullan\u0131yor. Bu nedenle bu se\u00e7enek gibi g\u00f6r\u00fcnm\u00fcyor. Di\u011fer taraftan da TBMM\u2019nin erken se\u00e7im karar\u0131 alabilmek i\u00e7in 360 milletvekilinin erken se\u00e7ime evet demesi gerekiyor. Bug\u00fcnk\u00fc TBMM\u2019de yer alan partilerin say\u0131lar\u0131na bakt\u0131\u011f\u0131m\u0131zda bu da m\u00fcmk\u00fcn g\u00f6r\u00fcnm\u00fcyor. Yani, erken se\u00e7im i\u00e7in Meclis yolu kapal\u0131 gibi duruyor. CHP\u2019nin elindeki bir di\u011fer koz da \u2018ara se\u00e7im\u2019. Anayasa\u2019da ara se\u00e7im i\u00e7in, \u2018genel se\u00e7imden otuz ay ge\u00e7medik\u00e7e ara se\u00e7ime gidilemez\u2019 deniliyor. Ancak bu durumun bir istisnas\u0131 var. TBMM\u2019de bo\u015falan \u00fcyeliklerin say\u0131s\u0131, \u00fcye tam say\u0131s\u0131n\u0131n y\u00fczde be\u015fini buldu\u011fu hallerde ara se\u00e7imlerin \u00fc\u00e7 ay i\u00e7erisinde yap\u0131lmas\u0131 yine Anayasa\u2019da ifade edilmi\u015f. Bug\u00fcn TBMM\u2019de milletvekili say\u0131s\u0131 &hellip;<\/p>","protected":false},"author":5,"featured_media":0,"comment_status":"","ping_status":"open","sticky":false,"template":"","format":"standard","meta":{"_acf_changed":false,"footnotes":""},"categories":[24],"tags":[],"class_list":["post-82103","post","type-post","status-publish","format-standard","has-post-thumbnail","hentry","category-gundem"],"acf":[],"yoast_head":"<!-- This site is optimized with the Yoast SEO Premium plugin v26.6 (Yoast SEO v27.1.1) - https:\/\/yoast.com\/product\/yoast-seo-premium-wordpress\/ -->\n<title>Ara se\u00e7im ve Antalya - Av. Deniz Can K\u0131z\u0131l<\/title>\n<meta name=\"robots\" content=\"index, follow, max-snippet:-1, max-image-preview:large, max-video-preview:-1\" \/>\n<link rel=\"canonical\" href=\"https:\/\/denizcankizil.tr\/de\/haberler\/gundem\/ara-secim-ve-antalya\/\" \/>\n<meta property=\"og:locale\" content=\"de_DE\" \/>\n<meta property=\"og:type\" content=\"article\" \/>\n<meta property=\"og:title\" content=\"Ara se\u00e7im ve Antalya\" \/>\n<meta property=\"og:description\" content=\"19 Mart sonras\u0131nda CHP i\u00e7in erken se\u00e7im \u00e7a\u011fr\u0131s\u0131 daha do\u011frusu erken se\u00e7im talebiyle eylemlilik bir zorunluluk haline geldi. Zira geni\u015f halk kitlelerinin talebiydi erken se\u00e7im. CHP de bu talebin a\u00e7\u0131\u011fa \u00e7\u0131kmas\u0131n\u0131 sa\u011flayan s\u00fcrecin (19 Mart) \u00f6znesi olarak \u00fcst\u00fcne d\u00fc\u015feni yapt\u0131, yamaya da devam ediyor. Yozgat, Konya, Beyaz\u0131t Meydan\u0131 gibi \u015fimdiden tarihe ge\u00e7en g\u00f6rkemli mitinglerle s\u00fcreci do\u011fru bir \u015fekilde ilerletiyor. Soka\u011f\u0131n nabz\u0131n\u0131 do\u011fru okuyarak ilerliyor. Bunlar toplumsal hamleler. Ama bir de olay\u0131n hukuki (!) boyutu var. Biliyorsunuz. Erken se\u00e7im i\u00e7in ya Cumhurba\u015fkan\u0131 \u00fclkeyi erken se\u00e7ime g\u00f6t\u00fcrecek ya da TBMM erken se\u00e7im karar\u0131 alacak. Recep Tayyip Erdo\u011fan\u2019\u0131n b\u00f6yle bir gelene\u011fi yok. Ne olursa olsun, s\u00fcresini sonuna kadar kullan\u0131yor. Bu nedenle bu se\u00e7enek gibi g\u00f6r\u00fcnm\u00fcyor. Di\u011fer taraftan da TBMM\u2019nin erken se\u00e7im karar\u0131 alabilmek i\u00e7in 360 milletvekilinin erken se\u00e7ime evet demesi gerekiyor. Bug\u00fcnk\u00fc TBMM\u2019de yer alan partilerin say\u0131lar\u0131na bakt\u0131\u011f\u0131m\u0131zda bu da m\u00fcmk\u00fcn g\u00f6r\u00fcnm\u00fcyor. Yani, erken se\u00e7im i\u00e7in Meclis yolu kapal\u0131 gibi duruyor. CHP\u2019nin elindeki bir di\u011fer koz da \u2018ara se\u00e7im\u2019. Anayasa\u2019da ara se\u00e7im i\u00e7in, \u2018genel se\u00e7imden otuz ay ge\u00e7medik\u00e7e ara se\u00e7ime gidilemez\u2019 deniliyor. Ancak bu durumun bir istisnas\u0131 var. TBMM\u2019de bo\u015falan \u00fcyeliklerin say\u0131s\u0131, \u00fcye tam say\u0131s\u0131n\u0131n y\u00fczde be\u015fini buldu\u011fu hallerde ara se\u00e7imlerin \u00fc\u00e7 ay i\u00e7erisinde yap\u0131lmas\u0131 yine Anayasa\u2019da ifade edilmi\u015f. Bug\u00fcn TBMM\u2019de milletvekili say\u0131s\u0131 &hellip;\" \/>\n<meta property=\"og:url\" content=\"https:\/\/denizcankizil.tr\/de\/haberler\/gundem\/ara-secim-ve-antalya\/\" \/>\n<meta property=\"og:site_name\" content=\"Av. Deniz Can K\u0131z\u0131l\" \/>\n<meta property=\"article:published_time\" content=\"2025-05-10T09:41:16+00:00\" \/>\n<meta name=\"author\" content=\"Antalya K\u00f6rfez\" \/>\n<meta name=\"twitter:card\" content=\"summary_large_image\" \/>\n<meta name=\"twitter:label1\" content=\"Verfasst von\" \/>\n\t<meta name=\"twitter:data1\" content=\"Antalya K\u00f6rfez\" \/>\n\t<meta name=\"twitter:label2\" content=\"Gesch\u00e4tzte Lesezeit\" \/>\n\t<meta name=\"twitter:data2\" content=\"7\u00a0Minuten\" \/>\n<script type=\"application\/ld+json\" class=\"yoast-schema-graph\">{\"@context\":\"https:\/\/schema.org\",\"@graph\":[{\"@type\":\"Article\",\"@id\":\"https:\/\/denizcankizil.tr\/en\/haberler\/gundem\/ara-secim-ve-antalya\/#article\",\"isPartOf\":{\"@id\":\"https:\/\/denizcankizil.tr\/en\/haberler\/gundem\/ara-secim-ve-antalya\/\"},\"author\":{\"name\":\"Antalya K\u00f6rfez\",\"@id\":\"https:\/\/denizcankizil.tr\/#\/schema\/person\/e1eb71bb4dd684d46563f0af307e1234\"},\"headline\":\"Ara se\u00e7im ve Antalya\",\"datePublished\":\"2025-05-10T09:41:16+00:00\",\"mainEntityOfPage\":{\"@id\":\"https:\/\/denizcankizil.tr\/en\/haberler\/gundem\/ara-secim-ve-antalya\/\"},\"wordCount\":1355,\"publisher\":{\"@id\":\"https:\/\/denizcankizil.tr\/#organization\"},\"articleSection\":[\"G\u00fcndem\"],\"inLanguage\":\"de\"},{\"@type\":\"WebPage\",\"@id\":\"https:\/\/denizcankizil.tr\/en\/haberler\/gundem\/ara-secim-ve-antalya\/\",\"url\":\"https:\/\/denizcankizil.tr\/en\/haberler\/gundem\/ara-secim-ve-antalya\/\",\"name\":\"Ara se\u00e7im ve Antalya - Av. Deniz Can K\u0131z\u0131l\",\"isPartOf\":{\"@id\":\"https:\/\/denizcankizil.tr\/#website\"},\"datePublished\":\"2025-05-10T09:41:16+00:00\",\"breadcrumb\":{\"@id\":\"https:\/\/denizcankizil.tr\/en\/haberler\/gundem\/ara-secim-ve-antalya\/#breadcrumb\"},\"inLanguage\":\"de\",\"potentialAction\":[{\"@type\":\"ReadAction\",\"target\":[\"https:\/\/denizcankizil.tr\/en\/haberler\/gundem\/ara-secim-ve-antalya\/\"]}]},{\"@type\":\"BreadcrumbList\",\"@id\":\"https:\/\/denizcankizil.tr\/en\/haberler\/gundem\/ara-secim-ve-antalya\/#breadcrumb\",\"itemListElement\":[{\"@type\":\"ListItem\",\"position\":1,\"name\":\"Home\",\"item\":\"https:\/\/denizcankizil.tr\/de\/\"},{\"@type\":\"ListItem\",\"position\":2,\"name\":\"Ara se\u00e7im ve Antalya\"}]},{\"@type\":\"WebSite\",\"@id\":\"https:\/\/denizcankizil.tr\/#website\",\"url\":\"https:\/\/denizcankizil.tr\/\",\"name\":\"Av. Deniz Can K\u0131z\u0131l\",\"description\":\"Avukat Deniz Can K\u0131z\u0131l Antalya Barosu\",\"publisher\":{\"@id\":\"https:\/\/denizcankizil.tr\/#organization\"},\"potentialAction\":[{\"@type\":\"SearchAction\",\"target\":{\"@type\":\"EntryPoint\",\"urlTemplate\":\"https:\/\/denizcankizil.tr\/?s={search_term_string}\"},\"query-input\":{\"@type\":\"PropertyValueSpecification\",\"valueRequired\":true,\"valueName\":\"search_term_string\"}}],\"inLanguage\":\"de\"},{\"@type\":\"Organization\",\"@id\":\"https:\/\/denizcankizil.tr\/#organization\",\"name\":\"Av. Deniz Can K\u0131z\u0131l\",\"url\":\"https:\/\/denizcankizil.tr\/\",\"logo\":{\"@type\":\"ImageObject\",\"inLanguage\":\"de\",\"@id\":\"https:\/\/denizcankizil.tr\/#\/schema\/logo\/image\/\",\"url\":\"https:\/\/denizcankizil.tr\/wp-content\/uploads\/2024\/10\/siyah-logo-svg.svg\",\"contentUrl\":\"https:\/\/denizcankizil.tr\/wp-content\/uploads\/2024\/10\/siyah-logo-svg.svg\",\"width\":1080,\"height\":1080,\"caption\":\"Av. Deniz Can K\u0131z\u0131l\"},\"image\":{\"@id\":\"https:\/\/denizcankizil.tr\/#\/schema\/logo\/image\/\"}},{\"@type\":\"Person\",\"@id\":\"https:\/\/denizcankizil.tr\/#\/schema\/person\/e1eb71bb4dd684d46563f0af307e1234\",\"name\":\"Antalya K\u00f6rfez\",\"image\":{\"@type\":\"ImageObject\",\"inLanguage\":\"de\",\"@id\":\"https:\/\/denizcankizil.tr\/#\/schema\/person\/image\/\",\"url\":\"https:\/\/secure.gravatar.com\/avatar\/42b01982558a48a0b501fdcab6a408d3717ea5919095ee2e67b0e521799c5905?s=96&d=mm&r=g\",\"contentUrl\":\"https:\/\/secure.gravatar.com\/avatar\/42b01982558a48a0b501fdcab6a408d3717ea5919095ee2e67b0e521799c5905?s=96&d=mm&r=g\",\"caption\":\"Antalya K\u00f6rfez\"},\"sameAs\":[\"http:\/\/www.antalyakorfez.com\"],\"url\":\"https:\/\/www.antalyakorfez.com\/ara-secim-ve-antalya\"}]}<\/script>\n<!-- \/ Yoast SEO Premium plugin. -->","yoast_head_json":{"title":"Ara se\u00e7im ve Antalya - Av. Deniz Can K\u0131z\u0131l","robots":{"index":"index","follow":"follow","max-snippet":"max-snippet:-1","max-image-preview":"max-image-preview:large","max-video-preview":"max-video-preview:-1"},"canonical":"https:\/\/denizcankizil.tr\/de\/haberler\/gundem\/ara-secim-ve-antalya\/","og_locale":"de_DE","og_type":"article","og_title":"Ara se\u00e7im ve Antalya","og_description":"19 Mart sonras\u0131nda CHP i\u00e7in erken se\u00e7im \u00e7a\u011fr\u0131s\u0131 daha do\u011frusu erken se\u00e7im talebiyle eylemlilik bir zorunluluk haline geldi. Zira geni\u015f halk kitlelerinin talebiydi erken se\u00e7im. CHP de bu talebin a\u00e7\u0131\u011fa \u00e7\u0131kmas\u0131n\u0131 sa\u011flayan s\u00fcrecin (19 Mart) \u00f6znesi olarak \u00fcst\u00fcne d\u00fc\u015feni yapt\u0131, yamaya da devam ediyor. Yozgat, Konya, Beyaz\u0131t Meydan\u0131 gibi \u015fimdiden tarihe ge\u00e7en g\u00f6rkemli mitinglerle s\u00fcreci do\u011fru bir \u015fekilde ilerletiyor. Soka\u011f\u0131n nabz\u0131n\u0131 do\u011fru okuyarak ilerliyor. Bunlar toplumsal hamleler. Ama bir de olay\u0131n hukuki (!) boyutu var. Biliyorsunuz. Erken se\u00e7im i\u00e7in ya Cumhurba\u015fkan\u0131 \u00fclkeyi erken se\u00e7ime g\u00f6t\u00fcrecek ya da TBMM erken se\u00e7im karar\u0131 alacak. Recep Tayyip Erdo\u011fan\u2019\u0131n b\u00f6yle bir gelene\u011fi yok. Ne olursa olsun, s\u00fcresini sonuna kadar kullan\u0131yor. Bu nedenle bu se\u00e7enek gibi g\u00f6r\u00fcnm\u00fcyor. Di\u011fer taraftan da TBMM\u2019nin erken se\u00e7im karar\u0131 alabilmek i\u00e7in 360 milletvekilinin erken se\u00e7ime evet demesi gerekiyor. Bug\u00fcnk\u00fc TBMM\u2019de yer alan partilerin say\u0131lar\u0131na bakt\u0131\u011f\u0131m\u0131zda bu da m\u00fcmk\u00fcn g\u00f6r\u00fcnm\u00fcyor. Yani, erken se\u00e7im i\u00e7in Meclis yolu kapal\u0131 gibi duruyor. CHP\u2019nin elindeki bir di\u011fer koz da \u2018ara se\u00e7im\u2019. Anayasa\u2019da ara se\u00e7im i\u00e7in, \u2018genel se\u00e7imden otuz ay ge\u00e7medik\u00e7e ara se\u00e7ime gidilemez\u2019 deniliyor. Ancak bu durumun bir istisnas\u0131 var. TBMM\u2019de bo\u015falan \u00fcyeliklerin say\u0131s\u0131, \u00fcye tam say\u0131s\u0131n\u0131n y\u00fczde be\u015fini buldu\u011fu hallerde ara se\u00e7imlerin \u00fc\u00e7 ay i\u00e7erisinde yap\u0131lmas\u0131 yine Anayasa\u2019da ifade edilmi\u015f. Bug\u00fcn TBMM\u2019de milletvekili say\u0131s\u0131 &hellip;","og_url":"https:\/\/denizcankizil.tr\/de\/haberler\/gundem\/ara-secim-ve-antalya\/","og_site_name":"Av. Deniz Can K\u0131z\u0131l","article_published_time":"2025-05-10T09:41:16+00:00","author":"Antalya K\u00f6rfez","twitter_card":"summary_large_image","twitter_misc":{"Verfasst von":"Antalya K\u00f6rfez","Gesch\u00e4tzte Lesezeit":"7\u00a0Minuten"},"schema":{"@context":"https:\/\/schema.org","@graph":[{"@type":"Article","@id":"https:\/\/denizcankizil.tr\/en\/haberler\/gundem\/ara-secim-ve-antalya\/#article","isPartOf":{"@id":"https:\/\/denizcankizil.tr\/en\/haberler\/gundem\/ara-secim-ve-antalya\/"},"author":{"name":"Antalya K\u00f6rfez","@id":"https:\/\/denizcankizil.tr\/#\/schema\/person\/e1eb71bb4dd684d46563f0af307e1234"},"headline":"Ara se\u00e7im ve Antalya","datePublished":"2025-05-10T09:41:16+00:00","mainEntityOfPage":{"@id":"https:\/\/denizcankizil.tr\/en\/haberler\/gundem\/ara-secim-ve-antalya\/"},"wordCount":1355,"publisher":{"@id":"https:\/\/denizcankizil.tr\/#organization"},"articleSection":["G\u00fcndem"],"inLanguage":"de"},{"@type":"WebPage","@id":"https:\/\/denizcankizil.tr\/en\/haberler\/gundem\/ara-secim-ve-antalya\/","url":"https:\/\/denizcankizil.tr\/en\/haberler\/gundem\/ara-secim-ve-antalya\/","name":"Ara se\u00e7im ve Antalya - Av. Deniz Can K\u0131z\u0131l","isPartOf":{"@id":"https:\/\/denizcankizil.tr\/#website"},"datePublished":"2025-05-10T09:41:16+00:00","breadcrumb":{"@id":"https:\/\/denizcankizil.tr\/en\/haberler\/gundem\/ara-secim-ve-antalya\/#breadcrumb"},"inLanguage":"de","potentialAction":[{"@type":"ReadAction","target":["https:\/\/denizcankizil.tr\/en\/haberler\/gundem\/ara-secim-ve-antalya\/"]}]},{"@type":"BreadcrumbList","@id":"https:\/\/denizcankizil.tr\/en\/haberler\/gundem\/ara-secim-ve-antalya\/#breadcrumb","itemListElement":[{"@type":"ListItem","position":1,"name":"Home","item":"https:\/\/denizcankizil.tr\/de\/"},{"@type":"ListItem","position":2,"name":"Ara se\u00e7im ve Antalya"}]},{"@type":"WebSite","@id":"https:\/\/denizcankizil.tr\/#website","url":"https:\/\/denizcankizil.tr\/","name":"Av. Deniz Can K\u0131z\u0131l","description":"Avukat Deniz Can K\u0131z\u0131l Antalya Barosu","publisher":{"@id":"https:\/\/denizcankizil.tr\/#organization"},"potentialAction":[{"@type":"SearchAction","target":{"@type":"EntryPoint","urlTemplate":"https:\/\/denizcankizil.tr\/?s={search_term_string}"},"query-input":{"@type":"PropertyValueSpecification","valueRequired":true,"valueName":"search_term_string"}}],"inLanguage":"de"},{"@type":"Organization","@id":"https:\/\/denizcankizil.tr\/#organization","name":"Av. Deniz Can K\u0131z\u0131l","url":"https:\/\/denizcankizil.tr\/","logo":{"@type":"ImageObject","inLanguage":"de","@id":"https:\/\/denizcankizil.tr\/#\/schema\/logo\/image\/","url":"https:\/\/denizcankizil.tr\/wp-content\/uploads\/2024\/10\/siyah-logo-svg.svg","contentUrl":"https:\/\/denizcankizil.tr\/wp-content\/uploads\/2024\/10\/siyah-logo-svg.svg","width":1080,"height":1080,"caption":"Av. Deniz Can K\u0131z\u0131l"},"image":{"@id":"https:\/\/denizcankizil.tr\/#\/schema\/logo\/image\/"}},{"@type":"Person","@id":"https:\/\/denizcankizil.tr\/#\/schema\/person\/e1eb71bb4dd684d46563f0af307e1234","name":"Antalya K\u00f6rfez","image":{"@type":"ImageObject","inLanguage":"de","@id":"https:\/\/denizcankizil.tr\/#\/schema\/person\/image\/","url":"https:\/\/secure.gravatar.com\/avatar\/42b01982558a48a0b501fdcab6a408d3717ea5919095ee2e67b0e521799c5905?s=96&d=mm&r=g","contentUrl":"https:\/\/secure.gravatar.com\/avatar\/42b01982558a48a0b501fdcab6a408d3717ea5919095ee2e67b0e521799c5905?s=96&d=mm&r=g","caption":"Antalya K\u00f6rfez"},"sameAs":["http:\/\/www.antalyakorfez.com"],"url":"https:\/\/www.antalyakorfez.com\/ara-secim-ve-antalya"}]}},"_links":{"self":[{"href":"https:\/\/denizcankizil.tr\/de\/wp-json\/wp\/v2\/posts\/82103","targetHints":{"allow":["GET"]}}],"collection":[{"href":"https:\/\/denizcankizil.tr\/de\/wp-json\/wp\/v2\/posts"}],"about":[{"href":"https:\/\/denizcankizil.tr\/de\/wp-json\/wp\/v2\/types\/post"}],"author":[{"embeddable":true,"href":"https:\/\/denizcankizil.tr\/de\/wp-json\/wp\/v2\/users\/5"}],"replies":[{"embeddable":true,"href":"https:\/\/denizcankizil.tr\/de\/wp-json\/wp\/v2\/comments?post=82103"}],"version-history":[{"count":0,"href":"https:\/\/denizcankizil.tr\/de\/wp-json\/wp\/v2\/posts\/82103\/revisions"}],"wp:attachment":[{"href":"https:\/\/denizcankizil.tr\/de\/wp-json\/wp\/v2\/media?parent=82103"}],"wp:term":[{"taxonomy":"category","embeddable":true,"href":"https:\/\/denizcankizil.tr\/de\/wp-json\/wp\/v2\/categories?post=82103"},{"taxonomy":"post_tag","embeddable":true,"href":"https:\/\/denizcankizil.tr\/de\/wp-json\/wp\/v2\/tags?post=82103"}],"curies":[{"name":"wp","href":"https:\/\/api.w.org\/{rel}","templated":true}]}}