{"id":82017,"date":"2025-05-10T10:41:19","date_gmt":"2025-05-10T07:41:19","guid":{"rendered":"https:\/\/denizcankizil.tr\/uncategorized-tr\/alanyada-duyarli-vatandaslar-deniz-kaplumbagasini-kurtardi\/"},"modified":"2025-05-10T10:41:19","modified_gmt":"2025-05-10T07:41:19","slug":"alanyada-duyarli-vatandaslar-deniz-kaplumbagasini-kurtardi","status":"publish","type":"post","link":"https:\/\/denizcankizil.tr\/de\/haberler\/gundem\/alanyada-duyarli-vatandaslar-deniz-kaplumbagasini-kurtardi\/","title":{"rendered":"Alanya\u2019da duyarl\u0131 vatanda\u015flar deniz kaplumba\u011fas\u0131n\u0131 kurtard\u0131"},"content":{"rendered":"<p>Olay, d\u00fcn \u00f6\u011fle saatlerinde Alanya\u2019n\u0131n Oba Mahallesi sahili a\u00e7\u0131klar\u0131nda meydana geldi. Edinilen bilgiye g\u00f6re, bir grup arkada\u015f denizde bal\u0131k tutarken su \u00fcst\u00fcnde hareketsiz duran bir cisim fark etti. Tekne ile yan\u0131na yakla\u015fan ki\u015filer, cismin bir deniz kaplumba\u011fas\u0131 oldu\u011funu ve misinalara dolanarak hareket edemedi\u011fini fark etti.<\/p>\n<p>OPERASYON 1 DAK\u0130KA S\u00dcRD\u00dc<\/p>\n<p>Teknede bal\u0131k tutan ki\u015filer dikkatli bir \u015fekilde kaplumba\u011fay\u0131 tekneye alarak \u00fczerindeki misinalar\u0131 temizledi. Yakla\u015f\u0131k 1 dakika s\u00fcren kurtarma operasyonunun ard\u0131ndan kaplumba\u011fa sa\u011fl\u0131kl\u0131 bir \u015fekilde denize b\u0131rak\u0131ld\u0131. Kurtarma an\u0131, teknedeki bir ki\u015fi taraf\u0131ndan cep telefonu kameras\u0131yla kaydedildi.<\/p>\n<p>\u200bAntalya\u2019n\u0131n Alanya il\u00e7esinde bal\u0131k tutan vatanda\u015flar, misinalara dolanarak \u00e7\u0131rp\u0131nan bir deniz kaplumba\u011fas\u0131n\u0131 fark etti. H\u0131zl\u0131 bir \u015fekilde harekete ge\u00e7en ekip, kaplumba\u011fay\u0131 dikkatlice misinalardan kurtararak g\u00fcvenli bir \u015fekilde tekrar denize b\u0131rakt\u0131.\u00a0<\/p>\n<p>\u200bHaberin Al\u0131nt\u0131land\u0131\u011f\u0131 Kaynak: www.antalyakorfez.com<\/p>","protected":false},"excerpt":{"rendered":"<p>Olay, d\u00fcn \u00f6\u011fle saatlerinde Alanya\u2019n\u0131n Oba Mahallesi sahili a\u00e7\u0131klar\u0131nda meydana geldi. Edinilen bilgiye g\u00f6re, bir grup arkada\u015f denizde bal\u0131k tutarken su \u00fcst\u00fcnde hareketsiz duran bir cisim fark etti. Tekne ile yan\u0131na yakla\u015fan ki\u015filer, cismin bir deniz kaplumba\u011fas\u0131 oldu\u011funu ve misinalara dolanarak hareket edemedi\u011fini fark etti. OPERASYON 1 DAK\u0130KA S\u00dcRD\u00dc Teknede bal\u0131k tutan ki\u015filer dikkatli bir \u015fekilde kaplumba\u011fay\u0131 tekneye alarak \u00fczerindeki misinalar\u0131 temizledi. Yakla\u015f\u0131k 1 dakika s\u00fcren kurtarma operasyonunun ard\u0131ndan kaplumba\u011fa sa\u011fl\u0131kl\u0131 bir \u015fekilde denize b\u0131rak\u0131ld\u0131. Kurtarma an\u0131, teknedeki bir ki\u015fi taraf\u0131ndan cep telefonu kameras\u0131yla kaydedildi. \u200bAntalya\u2019n\u0131n Alanya il\u00e7esinde bal\u0131k tutan vatanda\u015flar, misinalara dolanarak \u00e7\u0131rp\u0131nan bir deniz kaplumba\u011fas\u0131n\u0131 fark etti. H\u0131zl\u0131 bir \u015fekilde harekete ge\u00e7en ekip, kaplumba\u011fay\u0131 dikkatlice misinalardan kurtararak g\u00fcvenli bir \u015fekilde tekrar denize b\u0131rakt\u0131.\u00a0 \u200bHaberin Al\u0131nt\u0131land\u0131\u011f\u0131 Kaynak: www.antalyakorfez.com<\/p>","protected":false},"author":5,"featured_media":0,"comment_status":"","ping_status":"open","sticky":false,"template":"","format":"standard","meta":{"_acf_changed":false,"footnotes":""},"categories":[24],"tags":[],"class_list":["post-82017","post","type-post","status-publish","format-standard","has-post-thumbnail","hentry","category-gundem"],"acf":[],"yoast_head":"<!-- This site is optimized with the Yoast SEO Premium plugin v26.6 (Yoast SEO v27.1.1) - https:\/\/yoast.com\/product\/yoast-seo-premium-wordpress\/ -->\n<title>Alanya\u2019da duyarl\u0131 vatanda\u015flar deniz kaplumba\u011fas\u0131n\u0131 kurtard\u0131 - Av. Deniz Can K\u0131z\u0131l<\/title>\n<meta name=\"robots\" content=\"index, follow, max-snippet:-1, max-image-preview:large, max-video-preview:-1\" \/>\n<link rel=\"canonical\" href=\"https:\/\/denizcankizil.tr\/de\/haberler\/gundem\/alanyada-duyarli-vatandaslar-deniz-kaplumbagasini-kurtardi\/\" \/>\n<meta property=\"og:locale\" content=\"de_DE\" \/>\n<meta property=\"og:type\" content=\"article\" \/>\n<meta property=\"og:title\" content=\"Alanya\u2019da duyarl\u0131 vatanda\u015flar deniz kaplumba\u011fas\u0131n\u0131 kurtard\u0131\" \/>\n<meta property=\"og:description\" content=\"Olay, d\u00fcn \u00f6\u011fle saatlerinde Alanya\u2019n\u0131n Oba Mahallesi sahili a\u00e7\u0131klar\u0131nda meydana geldi. Edinilen bilgiye g\u00f6re, bir grup arkada\u015f denizde bal\u0131k tutarken su \u00fcst\u00fcnde hareketsiz duran bir cisim fark etti. Tekne ile yan\u0131na yakla\u015fan ki\u015filer, cismin bir deniz kaplumba\u011fas\u0131 oldu\u011funu ve misinalara dolanarak hareket edemedi\u011fini fark etti. OPERASYON 1 DAK\u0130KA S\u00dcRD\u00dc Teknede bal\u0131k tutan ki\u015filer dikkatli bir \u015fekilde kaplumba\u011fay\u0131 tekneye alarak \u00fczerindeki misinalar\u0131 temizledi. Yakla\u015f\u0131k 1 dakika s\u00fcren kurtarma operasyonunun ard\u0131ndan kaplumba\u011fa sa\u011fl\u0131kl\u0131 bir \u015fekilde denize b\u0131rak\u0131ld\u0131. Kurtarma an\u0131, teknedeki bir ki\u015fi taraf\u0131ndan cep telefonu kameras\u0131yla kaydedildi. \u200bAntalya\u2019n\u0131n Alanya il\u00e7esinde bal\u0131k tutan vatanda\u015flar, misinalara dolanarak \u00e7\u0131rp\u0131nan bir deniz kaplumba\u011fas\u0131n\u0131 fark etti. H\u0131zl\u0131 bir \u015fekilde harekete ge\u00e7en ekip, kaplumba\u011fay\u0131 dikkatlice misinalardan kurtararak g\u00fcvenli bir \u015fekilde tekrar denize b\u0131rakt\u0131.\u00a0 \u200bHaberin Al\u0131nt\u0131land\u0131\u011f\u0131 Kaynak: www.antalyakorfez.com\" \/>\n<meta property=\"og:url\" content=\"https:\/\/denizcankizil.tr\/de\/haberler\/gundem\/alanyada-duyarli-vatandaslar-deniz-kaplumbagasini-kurtardi\/\" \/>\n<meta property=\"og:site_name\" content=\"Av. Deniz Can K\u0131z\u0131l\" \/>\n<meta property=\"article:published_time\" content=\"2025-05-10T07:41:19+00:00\" \/>\n<meta name=\"author\" content=\"Antalya K\u00f6rfez\" \/>\n<meta name=\"twitter:card\" content=\"summary_large_image\" \/>\n<meta name=\"twitter:label1\" content=\"Verfasst von\" \/>\n\t<meta name=\"twitter:data1\" content=\"Antalya K\u00f6rfez\" \/>\n\t<meta name=\"twitter:label2\" content=\"Gesch\u00e4tzte Lesezeit\" \/>\n\t<meta name=\"twitter:data2\" content=\"1\u00a0Minute\" \/>\n<script type=\"application\/ld+json\" class=\"yoast-schema-graph\">{\"@context\":\"https:\/\/schema.org\",\"@graph\":[{\"@type\":\"Article\",\"@id\":\"https:\/\/denizcankizil.tr\/uk\/haberler\/gundem\/alanyada-duyarli-vatandaslar-deniz-kaplumbagasini-kurtardi\/#article\",\"isPartOf\":{\"@id\":\"https:\/\/denizcankizil.tr\/uk\/haberler\/gundem\/alanyada-duyarli-vatandaslar-deniz-kaplumbagasini-kurtardi\/\"},\"author\":{\"name\":\"Antalya K\u00f6rfez\",\"@id\":\"https:\/\/denizcankizil.tr\/de\/#\/schema\/person\/e1eb71bb4dd684d46563f0af307e1234\"},\"headline\":\"Alanya\u2019da duyarl\u0131 vatanda\u015flar deniz kaplumba\u011fas\u0131n\u0131 kurtard\u0131\",\"datePublished\":\"2025-05-10T07:41:19+00:00\",\"mainEntityOfPage\":{\"@id\":\"https:\/\/denizcankizil.tr\/uk\/haberler\/gundem\/alanyada-duyarli-vatandaslar-deniz-kaplumbagasini-kurtardi\/\"},\"wordCount\":174,\"publisher\":{\"@id\":\"https:\/\/denizcankizil.tr\/de\/#organization\"},\"articleSection\":[\"G\u00fcndem\"],\"inLanguage\":\"de\"},{\"@type\":\"WebPage\",\"@id\":\"https:\/\/denizcankizil.tr\/uk\/haberler\/gundem\/alanyada-duyarli-vatandaslar-deniz-kaplumbagasini-kurtardi\/\",\"url\":\"https:\/\/denizcankizil.tr\/uk\/haberler\/gundem\/alanyada-duyarli-vatandaslar-deniz-kaplumbagasini-kurtardi\/\",\"name\":\"Alanya\u2019da duyarl\u0131 vatanda\u015flar deniz kaplumba\u011fas\u0131n\u0131 kurtard\u0131 - Av. Deniz Can K\u0131z\u0131l\",\"isPartOf\":{\"@id\":\"https:\/\/denizcankizil.tr\/de\/#website\"},\"datePublished\":\"2025-05-10T07:41:19+00:00\",\"breadcrumb\":{\"@id\":\"https:\/\/denizcankizil.tr\/uk\/haberler\/gundem\/alanyada-duyarli-vatandaslar-deniz-kaplumbagasini-kurtardi\/#breadcrumb\"},\"inLanguage\":\"de\",\"potentialAction\":[{\"@type\":\"ReadAction\",\"target\":[\"https:\/\/denizcankizil.tr\/uk\/haberler\/gundem\/alanyada-duyarli-vatandaslar-deniz-kaplumbagasini-kurtardi\/\"]}]},{\"@type\":\"BreadcrumbList\",\"@id\":\"https:\/\/denizcankizil.tr\/uk\/haberler\/gundem\/alanyada-duyarli-vatandaslar-deniz-kaplumbagasini-kurtardi\/#breadcrumb\",\"itemListElement\":[{\"@type\":\"ListItem\",\"position\":1,\"name\":\"Home\",\"item\":\"https:\/\/denizcankizil.tr\/de\/\"},{\"@type\":\"ListItem\",\"position\":2,\"name\":\"Alanya\u2019da duyarl\u0131 vatanda\u015flar deniz kaplumba\u011fas\u0131n\u0131 kurtard\u0131\"}]},{\"@type\":\"WebSite\",\"@id\":\"https:\/\/denizcankizil.tr\/de\/#website\",\"url\":\"https:\/\/denizcankizil.tr\/de\/\",\"name\":\"Av. Deniz Can K\u0131z\u0131l\",\"description\":\"Avukat Deniz Can K\u0131z\u0131l Antalya Barosu\",\"publisher\":{\"@id\":\"https:\/\/denizcankizil.tr\/de\/#organization\"},\"potentialAction\":[{\"@type\":\"SearchAction\",\"target\":{\"@type\":\"EntryPoint\",\"urlTemplate\":\"https:\/\/denizcankizil.tr\/de\/?s={search_term_string}\"},\"query-input\":{\"@type\":\"PropertyValueSpecification\",\"valueRequired\":true,\"valueName\":\"search_term_string\"}}],\"inLanguage\":\"de\"},{\"@type\":\"Organization\",\"@id\":\"https:\/\/denizcankizil.tr\/de\/#organization\",\"name\":\"Av. Deniz Can K\u0131z\u0131l\",\"url\":\"https:\/\/denizcankizil.tr\/de\/\",\"logo\":{\"@type\":\"ImageObject\",\"inLanguage\":\"de\",\"@id\":\"https:\/\/denizcankizil.tr\/de\/#\/schema\/logo\/image\/\",\"url\":\"https:\/\/denizcankizil.tr\/wp-content\/uploads\/2024\/10\/siyah-logo-svg.svg\",\"contentUrl\":\"https:\/\/denizcankizil.tr\/wp-content\/uploads\/2024\/10\/siyah-logo-svg.svg\",\"width\":1080,\"height\":1080,\"caption\":\"Av. Deniz Can K\u0131z\u0131l\"},\"image\":{\"@id\":\"https:\/\/denizcankizil.tr\/de\/#\/schema\/logo\/image\/\"}},{\"@type\":\"Person\",\"@id\":\"https:\/\/denizcankizil.tr\/de\/#\/schema\/person\/e1eb71bb4dd684d46563f0af307e1234\",\"name\":\"Antalya K\u00f6rfez\",\"image\":{\"@type\":\"ImageObject\",\"inLanguage\":\"de\",\"@id\":\"https:\/\/denizcankizil.tr\/de\/#\/schema\/person\/image\/\",\"url\":\"https:\/\/secure.gravatar.com\/avatar\/42b01982558a48a0b501fdcab6a408d3717ea5919095ee2e67b0e521799c5905?s=96&d=mm&r=g\",\"contentUrl\":\"https:\/\/secure.gravatar.com\/avatar\/42b01982558a48a0b501fdcab6a408d3717ea5919095ee2e67b0e521799c5905?s=96&d=mm&r=g\",\"caption\":\"Antalya K\u00f6rfez\"},\"sameAs\":[\"http:\/\/www.antalyakorfez.com\"],\"url\":\"https:\/\/www.antalyakorfez.com\/alanyada-duyarli-vatandaslar-deniz-kaplumbagasini-kurtardi\"}]}<\/script>\n<!-- \/ Yoast SEO Premium plugin. -->","yoast_head_json":{"title":"Alanya\u2019da duyarl\u0131 vatanda\u015flar deniz kaplumba\u011fas\u0131n\u0131 kurtard\u0131 - Av. Deniz Can K\u0131z\u0131l","robots":{"index":"index","follow":"follow","max-snippet":"max-snippet:-1","max-image-preview":"max-image-preview:large","max-video-preview":"max-video-preview:-1"},"canonical":"https:\/\/denizcankizil.tr\/de\/haberler\/gundem\/alanyada-duyarli-vatandaslar-deniz-kaplumbagasini-kurtardi\/","og_locale":"de_DE","og_type":"article","og_title":"Alanya\u2019da duyarl\u0131 vatanda\u015flar deniz kaplumba\u011fas\u0131n\u0131 kurtard\u0131","og_description":"Olay, d\u00fcn \u00f6\u011fle saatlerinde Alanya\u2019n\u0131n Oba Mahallesi sahili a\u00e7\u0131klar\u0131nda meydana geldi. Edinilen bilgiye g\u00f6re, bir grup arkada\u015f denizde bal\u0131k tutarken su \u00fcst\u00fcnde hareketsiz duran bir cisim fark etti. Tekne ile yan\u0131na yakla\u015fan ki\u015filer, cismin bir deniz kaplumba\u011fas\u0131 oldu\u011funu ve misinalara dolanarak hareket edemedi\u011fini fark etti. OPERASYON 1 DAK\u0130KA S\u00dcRD\u00dc Teknede bal\u0131k tutan ki\u015filer dikkatli bir \u015fekilde kaplumba\u011fay\u0131 tekneye alarak \u00fczerindeki misinalar\u0131 temizledi. Yakla\u015f\u0131k 1 dakika s\u00fcren kurtarma operasyonunun ard\u0131ndan kaplumba\u011fa sa\u011fl\u0131kl\u0131 bir \u015fekilde denize b\u0131rak\u0131ld\u0131. Kurtarma an\u0131, teknedeki bir ki\u015fi taraf\u0131ndan cep telefonu kameras\u0131yla kaydedildi. \u200bAntalya\u2019n\u0131n Alanya il\u00e7esinde bal\u0131k tutan vatanda\u015flar, misinalara dolanarak \u00e7\u0131rp\u0131nan bir deniz kaplumba\u011fas\u0131n\u0131 fark etti. H\u0131zl\u0131 bir \u015fekilde harekete ge\u00e7en ekip, kaplumba\u011fay\u0131 dikkatlice misinalardan kurtararak g\u00fcvenli bir \u015fekilde tekrar denize b\u0131rakt\u0131.\u00a0 \u200bHaberin Al\u0131nt\u0131land\u0131\u011f\u0131 Kaynak: www.antalyakorfez.com","og_url":"https:\/\/denizcankizil.tr\/de\/haberler\/gundem\/alanyada-duyarli-vatandaslar-deniz-kaplumbagasini-kurtardi\/","og_site_name":"Av. Deniz Can K\u0131z\u0131l","article_published_time":"2025-05-10T07:41:19+00:00","author":"Antalya K\u00f6rfez","twitter_card":"summary_large_image","twitter_misc":{"Verfasst von":"Antalya K\u00f6rfez","Gesch\u00e4tzte Lesezeit":"1\u00a0Minute"},"schema":{"@context":"https:\/\/schema.org","@graph":[{"@type":"Article","@id":"https:\/\/denizcankizil.tr\/uk\/haberler\/gundem\/alanyada-duyarli-vatandaslar-deniz-kaplumbagasini-kurtardi\/#article","isPartOf":{"@id":"https:\/\/denizcankizil.tr\/uk\/haberler\/gundem\/alanyada-duyarli-vatandaslar-deniz-kaplumbagasini-kurtardi\/"},"author":{"name":"Antalya K\u00f6rfez","@id":"https:\/\/denizcankizil.tr\/de\/#\/schema\/person\/e1eb71bb4dd684d46563f0af307e1234"},"headline":"Alanya\u2019da duyarl\u0131 vatanda\u015flar deniz kaplumba\u011fas\u0131n\u0131 kurtard\u0131","datePublished":"2025-05-10T07:41:19+00:00","mainEntityOfPage":{"@id":"https:\/\/denizcankizil.tr\/uk\/haberler\/gundem\/alanyada-duyarli-vatandaslar-deniz-kaplumbagasini-kurtardi\/"},"wordCount":174,"publisher":{"@id":"https:\/\/denizcankizil.tr\/de\/#organization"},"articleSection":["G\u00fcndem"],"inLanguage":"de"},{"@type":"WebPage","@id":"https:\/\/denizcankizil.tr\/uk\/haberler\/gundem\/alanyada-duyarli-vatandaslar-deniz-kaplumbagasini-kurtardi\/","url":"https:\/\/denizcankizil.tr\/uk\/haberler\/gundem\/alanyada-duyarli-vatandaslar-deniz-kaplumbagasini-kurtardi\/","name":"Alanya\u2019da duyarl\u0131 vatanda\u015flar deniz kaplumba\u011fas\u0131n\u0131 kurtard\u0131 - Av. Deniz Can K\u0131z\u0131l","isPartOf":{"@id":"https:\/\/denizcankizil.tr\/de\/#website"},"datePublished":"2025-05-10T07:41:19+00:00","breadcrumb":{"@id":"https:\/\/denizcankizil.tr\/uk\/haberler\/gundem\/alanyada-duyarli-vatandaslar-deniz-kaplumbagasini-kurtardi\/#breadcrumb"},"inLanguage":"de","potentialAction":[{"@type":"ReadAction","target":["https:\/\/denizcankizil.tr\/uk\/haberler\/gundem\/alanyada-duyarli-vatandaslar-deniz-kaplumbagasini-kurtardi\/"]}]},{"@type":"BreadcrumbList","@id":"https:\/\/denizcankizil.tr\/uk\/haberler\/gundem\/alanyada-duyarli-vatandaslar-deniz-kaplumbagasini-kurtardi\/#breadcrumb","itemListElement":[{"@type":"ListItem","position":1,"name":"Home","item":"https:\/\/denizcankizil.tr\/de\/"},{"@type":"ListItem","position":2,"name":"Alanya\u2019da duyarl\u0131 vatanda\u015flar deniz kaplumba\u011fas\u0131n\u0131 kurtard\u0131"}]},{"@type":"WebSite","@id":"https:\/\/denizcankizil.tr\/de\/#website","url":"https:\/\/denizcankizil.tr\/de\/","name":"Av. Deniz Can K\u0131z\u0131l","description":"Avukat Deniz Can K\u0131z\u0131l Antalya Barosu","publisher":{"@id":"https:\/\/denizcankizil.tr\/de\/#organization"},"potentialAction":[{"@type":"SearchAction","target":{"@type":"EntryPoint","urlTemplate":"https:\/\/denizcankizil.tr\/de\/?s={search_term_string}"},"query-input":{"@type":"PropertyValueSpecification","valueRequired":true,"valueName":"search_term_string"}}],"inLanguage":"de"},{"@type":"Organization","@id":"https:\/\/denizcankizil.tr\/de\/#organization","name":"Av. Deniz Can K\u0131z\u0131l","url":"https:\/\/denizcankizil.tr\/de\/","logo":{"@type":"ImageObject","inLanguage":"de","@id":"https:\/\/denizcankizil.tr\/de\/#\/schema\/logo\/image\/","url":"https:\/\/denizcankizil.tr\/wp-content\/uploads\/2024\/10\/siyah-logo-svg.svg","contentUrl":"https:\/\/denizcankizil.tr\/wp-content\/uploads\/2024\/10\/siyah-logo-svg.svg","width":1080,"height":1080,"caption":"Av. Deniz Can K\u0131z\u0131l"},"image":{"@id":"https:\/\/denizcankizil.tr\/de\/#\/schema\/logo\/image\/"}},{"@type":"Person","@id":"https:\/\/denizcankizil.tr\/de\/#\/schema\/person\/e1eb71bb4dd684d46563f0af307e1234","name":"Antalya K\u00f6rfez","image":{"@type":"ImageObject","inLanguage":"de","@id":"https:\/\/denizcankizil.tr\/de\/#\/schema\/person\/image\/","url":"https:\/\/secure.gravatar.com\/avatar\/42b01982558a48a0b501fdcab6a408d3717ea5919095ee2e67b0e521799c5905?s=96&d=mm&r=g","contentUrl":"https:\/\/secure.gravatar.com\/avatar\/42b01982558a48a0b501fdcab6a408d3717ea5919095ee2e67b0e521799c5905?s=96&d=mm&r=g","caption":"Antalya K\u00f6rfez"},"sameAs":["http:\/\/www.antalyakorfez.com"],"url":"https:\/\/www.antalyakorfez.com\/alanyada-duyarli-vatandaslar-deniz-kaplumbagasini-kurtardi"}]}},"_links":{"self":[{"href":"https:\/\/denizcankizil.tr\/de\/wp-json\/wp\/v2\/posts\/82017","targetHints":{"allow":["GET"]}}],"collection":[{"href":"https:\/\/denizcankizil.tr\/de\/wp-json\/wp\/v2\/posts"}],"about":[{"href":"https:\/\/denizcankizil.tr\/de\/wp-json\/wp\/v2\/types\/post"}],"author":[{"embeddable":true,"href":"https:\/\/denizcankizil.tr\/de\/wp-json\/wp\/v2\/users\/5"}],"replies":[{"embeddable":true,"href":"https:\/\/denizcankizil.tr\/de\/wp-json\/wp\/v2\/comments?post=82017"}],"version-history":[{"count":0,"href":"https:\/\/denizcankizil.tr\/de\/wp-json\/wp\/v2\/posts\/82017\/revisions"}],"wp:attachment":[{"href":"https:\/\/denizcankizil.tr\/de\/wp-json\/wp\/v2\/media?parent=82017"}],"wp:term":[{"taxonomy":"category","embeddable":true,"href":"https:\/\/denizcankizil.tr\/de\/wp-json\/wp\/v2\/categories?post=82017"},{"taxonomy":"post_tag","embeddable":true,"href":"https:\/\/denizcankizil.tr\/de\/wp-json\/wp\/v2\/tags?post=82017"}],"curies":[{"name":"wp","href":"https:\/\/api.w.org\/{rel}","templated":true}]}}