{"id":81082,"date":"2025-05-09T12:42:41","date_gmt":"2025-05-09T09:42:41","guid":{"rendered":"https:\/\/denizcankizil.tr\/uncategorized-tr\/motosikletler-asiye-dustu-is-makineleri-carpisti\/"},"modified":"2025-05-09T12:42:41","modified_gmt":"2025-05-09T09:42:41","slug":"motosikletler-asiye-dustu-is-makineleri-carpisti","status":"publish","type":"post","link":"https:\/\/denizcankizil.tr\/de\/haberler\/gundem\/motosikletler-asiye-dustu-is-makineleri-carpisti\/","title":{"rendered":"Motosikletler asiye d\u00fc\u015ft\u00fc, i\u015f makineleri \u00e7arp\u0131\u015ft\u0131!"},"content":{"rendered":"<p>Edinilen bilgilere g\u00f6re, Antakya il\u00e7esi G\u00fczelbur\u00e7 Mahallesi\u2019nde, bir motosiklet s\u00fcr\u00fcc\u00fcs\u00fc direksiyon hakimiyetini kaybederek Asi Nehri\u2019ne d\u00fc\u015ft\u00fc. Olay yerine sevk edilen ekiplerin h\u0131zl\u0131 m\u00fcdahalesi sonucu s\u00fcr\u00fcc\u00fc kurtar\u0131ld\u0131 ve sa\u011fl\u0131k ekiplerine teslim edildi.<\/p>\n<p>Benzer bir olay da Defne il\u00e7esindeki Mehmet Yelo\u011flu K\u00f6pr\u00fcs\u00fc \u00fczerinde ya\u015fand\u0131. Burada da motosiklet s\u00fcr\u00fcc\u00fcs\u00fc kontrol\u00fcn\u00fc kaybederek nehre d\u00fc\u015ft\u00fc. Ekiplerin an\u0131nda m\u00fcdahalesiyle s\u00fcr\u00fcc\u00fc sudan \u00e7\u0131kar\u0131larak sa\u011fl\u0131k ekiplerine teslim edildi.<\/p>\n<p>\u00d6te yandan, Defne il\u00e7esinin Toygarl\u0131 mevkiinde i\u015f makinesi ile kamyonun kar\u0131\u015ft\u0131\u011f\u0131 trafik kazas\u0131nda da \u00fc\u00e7 vatanda\u015f yaraland\u0131. Kazada i\u015f makinesi bulundu\u011fu yere, yolda \u00e7\u0131kan kamyon da bo\u015f arazide devrildi. 112 acil \u00e7a\u011fr\u0131 merkezine yap\u0131lan ihbar \u00fczerine b\u00f6lgeye g\u00fcvenlik g\u00fc\u00e7leri, sa\u011fl\u0131k ve itfaiye ekipleri sevk edildi. Olay yerine ula\u015fan ekipler, yaral\u0131lar\u0131 ara\u00e7lardan \u00e7\u0131kararak sa\u011fl\u0131k ekiplerine teslim etti. B\u00f6lgede trafik g\u00fcvenli\u011fi sa\u011fland\u0131 ve kaza ile ilgili inceleme ba\u015flat\u0131ld\u0131.<\/p>\n<p>\u200bHatay\u2019\u0131n Antakya ve Defne il\u00e7elerinde meydana gelen iki ayr\u0131 motosiklet kazas\u0131nda s\u00fcr\u00fcc\u00fcler Asi Nehri\u2019ne d\u00fc\u015ferken, Defne il\u00e7esinde ya\u015fanan bir trafik kazas\u0131nda ise kamyonun devrilmesi sonucu toplam 3 ki\u015fi yaraland\u0131.\u00a0<\/p>\n<p>\u200bHaberin Al\u0131nt\u0131land\u0131\u011f\u0131 Kaynak: www.iskenderun.org<\/p>","protected":false},"excerpt":{"rendered":"<p>Edinilen bilgilere g\u00f6re, Antakya il\u00e7esi G\u00fczelbur\u00e7 Mahallesi\u2019nde, bir motosiklet s\u00fcr\u00fcc\u00fcs\u00fc direksiyon hakimiyetini kaybederek Asi Nehri\u2019ne d\u00fc\u015ft\u00fc. Olay yerine sevk edilen ekiplerin h\u0131zl\u0131 m\u00fcdahalesi sonucu s\u00fcr\u00fcc\u00fc kurtar\u0131ld\u0131 ve sa\u011fl\u0131k ekiplerine teslim edildi. Benzer bir olay da Defne il\u00e7esindeki Mehmet Yelo\u011flu K\u00f6pr\u00fcs\u00fc \u00fczerinde ya\u015fand\u0131. Burada da motosiklet s\u00fcr\u00fcc\u00fcs\u00fc kontrol\u00fcn\u00fc kaybederek nehre d\u00fc\u015ft\u00fc. Ekiplerin an\u0131nda m\u00fcdahalesiyle s\u00fcr\u00fcc\u00fc sudan \u00e7\u0131kar\u0131larak sa\u011fl\u0131k ekiplerine teslim edildi. \u00d6te yandan, Defne il\u00e7esinin Toygarl\u0131 mevkiinde i\u015f makinesi ile kamyonun kar\u0131\u015ft\u0131\u011f\u0131 trafik kazas\u0131nda da \u00fc\u00e7 vatanda\u015f yaraland\u0131. Kazada i\u015f makinesi bulundu\u011fu yere, yolda \u00e7\u0131kan kamyon da bo\u015f arazide devrildi. 112 acil \u00e7a\u011fr\u0131 merkezine yap\u0131lan ihbar \u00fczerine b\u00f6lgeye g\u00fcvenlik g\u00fc\u00e7leri, sa\u011fl\u0131k ve itfaiye ekipleri sevk edildi. Olay yerine ula\u015fan ekipler, yaral\u0131lar\u0131 ara\u00e7lardan \u00e7\u0131kararak sa\u011fl\u0131k ekiplerine teslim etti. B\u00f6lgede trafik g\u00fcvenli\u011fi sa\u011fland\u0131 ve kaza ile ilgili inceleme ba\u015flat\u0131ld\u0131. \u200bHatay\u2019\u0131n Antakya ve Defne il\u00e7elerinde meydana gelen iki ayr\u0131 motosiklet kazas\u0131nda s\u00fcr\u00fcc\u00fcler Asi Nehri\u2019ne d\u00fc\u015ferken, Defne il\u00e7esinde ya\u015fanan bir trafik kazas\u0131nda ise kamyonun devrilmesi sonucu toplam 3 ki\u015fi yaraland\u0131.\u00a0 \u200bHaberin Al\u0131nt\u0131land\u0131\u011f\u0131 Kaynak: www.iskenderun.org<\/p>","protected":false},"author":1,"featured_media":0,"comment_status":"","ping_status":"open","sticky":false,"template":"","format":"standard","meta":{"_acf_changed":false,"footnotes":""},"categories":[24],"tags":[],"class_list":["post-81082","post","type-post","status-publish","format-standard","has-post-thumbnail","hentry","category-gundem"],"acf":[],"yoast_head":"<!-- This site is optimized with the Yoast SEO Premium plugin v26.6 (Yoast SEO v27.1.1) - https:\/\/yoast.com\/product\/yoast-seo-premium-wordpress\/ -->\n<title>Motosikletler asiye d\u00fc\u015ft\u00fc, i\u015f makineleri \u00e7arp\u0131\u015ft\u0131! - Av. Deniz Can K\u0131z\u0131l<\/title>\n<meta name=\"robots\" content=\"index, follow, max-snippet:-1, max-image-preview:large, max-video-preview:-1\" \/>\n<link rel=\"canonical\" href=\"https:\/\/denizcankizil.tr\/de\/haberler\/gundem\/motosikletler-asiye-dustu-is-makineleri-carpisti\/\" \/>\n<meta property=\"og:locale\" content=\"de_DE\" \/>\n<meta property=\"og:type\" content=\"article\" \/>\n<meta property=\"og:title\" content=\"Motosikletler asiye d\u00fc\u015ft\u00fc, i\u015f makineleri \u00e7arp\u0131\u015ft\u0131!\" \/>\n<meta property=\"og:description\" content=\"Edinilen bilgilere g\u00f6re, Antakya il\u00e7esi G\u00fczelbur\u00e7 Mahallesi\u2019nde, bir motosiklet s\u00fcr\u00fcc\u00fcs\u00fc direksiyon hakimiyetini kaybederek Asi Nehri\u2019ne d\u00fc\u015ft\u00fc. Olay yerine sevk edilen ekiplerin h\u0131zl\u0131 m\u00fcdahalesi sonucu s\u00fcr\u00fcc\u00fc kurtar\u0131ld\u0131 ve sa\u011fl\u0131k ekiplerine teslim edildi. Benzer bir olay da Defne il\u00e7esindeki Mehmet Yelo\u011flu K\u00f6pr\u00fcs\u00fc \u00fczerinde ya\u015fand\u0131. Burada da motosiklet s\u00fcr\u00fcc\u00fcs\u00fc kontrol\u00fcn\u00fc kaybederek nehre d\u00fc\u015ft\u00fc. Ekiplerin an\u0131nda m\u00fcdahalesiyle s\u00fcr\u00fcc\u00fc sudan \u00e7\u0131kar\u0131larak sa\u011fl\u0131k ekiplerine teslim edildi. \u00d6te yandan, Defne il\u00e7esinin Toygarl\u0131 mevkiinde i\u015f makinesi ile kamyonun kar\u0131\u015ft\u0131\u011f\u0131 trafik kazas\u0131nda da \u00fc\u00e7 vatanda\u015f yaraland\u0131. Kazada i\u015f makinesi bulundu\u011fu yere, yolda \u00e7\u0131kan kamyon da bo\u015f arazide devrildi. 112 acil \u00e7a\u011fr\u0131 merkezine yap\u0131lan ihbar \u00fczerine b\u00f6lgeye g\u00fcvenlik g\u00fc\u00e7leri, sa\u011fl\u0131k ve itfaiye ekipleri sevk edildi. Olay yerine ula\u015fan ekipler, yaral\u0131lar\u0131 ara\u00e7lardan \u00e7\u0131kararak sa\u011fl\u0131k ekiplerine teslim etti. B\u00f6lgede trafik g\u00fcvenli\u011fi sa\u011fland\u0131 ve kaza ile ilgili inceleme ba\u015flat\u0131ld\u0131. \u200bHatay\u2019\u0131n Antakya ve Defne il\u00e7elerinde meydana gelen iki ayr\u0131 motosiklet kazas\u0131nda s\u00fcr\u00fcc\u00fcler Asi Nehri\u2019ne d\u00fc\u015ferken, Defne il\u00e7esinde ya\u015fanan bir trafik kazas\u0131nda ise kamyonun devrilmesi sonucu toplam 3 ki\u015fi yaraland\u0131.\u00a0 \u200bHaberin Al\u0131nt\u0131land\u0131\u011f\u0131 Kaynak: www.iskenderun.org\" \/>\n<meta property=\"og:url\" content=\"https:\/\/denizcankizil.tr\/de\/haberler\/gundem\/motosikletler-asiye-dustu-is-makineleri-carpisti\/\" \/>\n<meta property=\"og:site_name\" content=\"Av. Deniz Can K\u0131z\u0131l\" \/>\n<meta property=\"article:published_time\" content=\"2025-05-09T09:42:41+00:00\" \/>\n<meta name=\"author\" content=\"admin\" \/>\n<meta name=\"twitter:card\" content=\"summary_large_image\" \/>\n<meta name=\"twitter:label1\" content=\"Verfasst von\" \/>\n\t<meta name=\"twitter:data1\" content=\"admin\" \/>\n\t<meta name=\"twitter:label2\" content=\"Gesch\u00e4tzte Lesezeit\" \/>\n\t<meta name=\"twitter:data2\" content=\"1\u00a0Minute\" \/>\n<script type=\"application\/ld+json\" class=\"yoast-schema-graph\">{\"@context\":\"https:\/\/schema.org\",\"@graph\":[{\"@type\":\"Article\",\"@id\":\"https:\/\/denizcankizil.tr\/de\/haberler\/gundem\/motosikletler-asiye-dustu-is-makineleri-carpisti\/#article\",\"isPartOf\":{\"@id\":\"https:\/\/denizcankizil.tr\/de\/haberler\/gundem\/motosikletler-asiye-dustu-is-makineleri-carpisti\/\"},\"author\":{\"name\":\"admin\",\"@id\":\"https:\/\/denizcankizil.tr\/#\/schema\/person\/be3c05fe6a12686905512445d8185489\"},\"headline\":\"Motosikletler asiye d\u00fc\u015ft\u00fc, i\u015f makineleri \u00e7arp\u0131\u015ft\u0131!\",\"datePublished\":\"2025-05-09T09:42:41+00:00\",\"mainEntityOfPage\":{\"@id\":\"https:\/\/denizcankizil.tr\/de\/haberler\/gundem\/motosikletler-asiye-dustu-is-makineleri-carpisti\/\"},\"wordCount\":235,\"publisher\":{\"@id\":\"https:\/\/denizcankizil.tr\/#organization\"},\"articleSection\":[\"G\u00fcndem\"],\"inLanguage\":\"de\"},{\"@type\":\"WebPage\",\"@id\":\"https:\/\/denizcankizil.tr\/de\/haberler\/gundem\/motosikletler-asiye-dustu-is-makineleri-carpisti\/\",\"url\":\"https:\/\/denizcankizil.tr\/de\/haberler\/gundem\/motosikletler-asiye-dustu-is-makineleri-carpisti\/\",\"name\":\"Motosikletler asiye d\u00fc\u015ft\u00fc, i\u015f makineleri \u00e7arp\u0131\u015ft\u0131! - Av. Deniz Can K\u0131z\u0131l\",\"isPartOf\":{\"@id\":\"https:\/\/denizcankizil.tr\/#website\"},\"datePublished\":\"2025-05-09T09:42:41+00:00\",\"breadcrumb\":{\"@id\":\"https:\/\/denizcankizil.tr\/de\/haberler\/gundem\/motosikletler-asiye-dustu-is-makineleri-carpisti\/#breadcrumb\"},\"inLanguage\":\"de\",\"potentialAction\":[{\"@type\":\"ReadAction\",\"target\":[\"https:\/\/denizcankizil.tr\/de\/haberler\/gundem\/motosikletler-asiye-dustu-is-makineleri-carpisti\/\"]}]},{\"@type\":\"BreadcrumbList\",\"@id\":\"https:\/\/denizcankizil.tr\/de\/haberler\/gundem\/motosikletler-asiye-dustu-is-makineleri-carpisti\/#breadcrumb\",\"itemListElement\":[{\"@type\":\"ListItem\",\"position\":1,\"name\":\"Home\",\"item\":\"https:\/\/denizcankizil.tr\/de\/\"},{\"@type\":\"ListItem\",\"position\":2,\"name\":\"Motosikletler asiye d\u00fc\u015ft\u00fc, i\u015f makineleri \u00e7arp\u0131\u015ft\u0131!\"}]},{\"@type\":\"WebSite\",\"@id\":\"https:\/\/denizcankizil.tr\/#website\",\"url\":\"https:\/\/denizcankizil.tr\/\",\"name\":\"Av. Deniz Can K\u0131z\u0131l\",\"description\":\"Avukat Deniz Can K\u0131z\u0131l Antalya Barosu\",\"publisher\":{\"@id\":\"https:\/\/denizcankizil.tr\/#organization\"},\"potentialAction\":[{\"@type\":\"SearchAction\",\"target\":{\"@type\":\"EntryPoint\",\"urlTemplate\":\"https:\/\/denizcankizil.tr\/?s={search_term_string}\"},\"query-input\":{\"@type\":\"PropertyValueSpecification\",\"valueRequired\":true,\"valueName\":\"search_term_string\"}}],\"inLanguage\":\"de\"},{\"@type\":\"Organization\",\"@id\":\"https:\/\/denizcankizil.tr\/#organization\",\"name\":\"Av. Deniz Can K\u0131z\u0131l\",\"url\":\"https:\/\/denizcankizil.tr\/\",\"logo\":{\"@type\":\"ImageObject\",\"inLanguage\":\"de\",\"@id\":\"https:\/\/denizcankizil.tr\/#\/schema\/logo\/image\/\",\"url\":\"https:\/\/denizcankizil.tr\/wp-content\/uploads\/2024\/10\/siyah-logo-svg.svg\",\"contentUrl\":\"https:\/\/denizcankizil.tr\/wp-content\/uploads\/2024\/10\/siyah-logo-svg.svg\",\"width\":1080,\"height\":1080,\"caption\":\"Av. Deniz Can K\u0131z\u0131l\"},\"image\":{\"@id\":\"https:\/\/denizcankizil.tr\/#\/schema\/logo\/image\/\"}},{\"@type\":\"Person\",\"@id\":\"https:\/\/denizcankizil.tr\/#\/schema\/person\/be3c05fe6a12686905512445d8185489\",\"name\":\"admin\",\"image\":{\"@type\":\"ImageObject\",\"inLanguage\":\"de\",\"@id\":\"https:\/\/denizcankizil.tr\/#\/schema\/person\/image\/\",\"url\":\"https:\/\/secure.gravatar.com\/avatar\/c1fce94c830dc79107e174f890d7210541c4a63e8e5d816341794a2151c9d58c?s=96&d=mm&r=g\",\"contentUrl\":\"https:\/\/secure.gravatar.com\/avatar\/c1fce94c830dc79107e174f890d7210541c4a63e8e5d816341794a2151c9d58c?s=96&d=mm&r=g\",\"caption\":\"admin\"},\"sameAs\":[\"http:\/\/denizcankizil.tr\"],\"url\":\"https:\/\/www.iskenderun.org\/hatayda-uc-kaza-bes-yaralimotosikletler-asiye-dustu-is-makineleri-carpisti\"}]}<\/script>\n<!-- \/ Yoast SEO Premium plugin. -->","yoast_head_json":{"title":"Motosikletler asiye d\u00fc\u015ft\u00fc, i\u015f makineleri \u00e7arp\u0131\u015ft\u0131! - Av. Deniz Can K\u0131z\u0131l","robots":{"index":"index","follow":"follow","max-snippet":"max-snippet:-1","max-image-preview":"max-image-preview:large","max-video-preview":"max-video-preview:-1"},"canonical":"https:\/\/denizcankizil.tr\/de\/haberler\/gundem\/motosikletler-asiye-dustu-is-makineleri-carpisti\/","og_locale":"de_DE","og_type":"article","og_title":"Motosikletler asiye d\u00fc\u015ft\u00fc, i\u015f makineleri \u00e7arp\u0131\u015ft\u0131!","og_description":"Edinilen bilgilere g\u00f6re, Antakya il\u00e7esi G\u00fczelbur\u00e7 Mahallesi\u2019nde, bir motosiklet s\u00fcr\u00fcc\u00fcs\u00fc direksiyon hakimiyetini kaybederek Asi Nehri\u2019ne d\u00fc\u015ft\u00fc. Olay yerine sevk edilen ekiplerin h\u0131zl\u0131 m\u00fcdahalesi sonucu s\u00fcr\u00fcc\u00fc kurtar\u0131ld\u0131 ve sa\u011fl\u0131k ekiplerine teslim edildi. Benzer bir olay da Defne il\u00e7esindeki Mehmet Yelo\u011flu K\u00f6pr\u00fcs\u00fc \u00fczerinde ya\u015fand\u0131. Burada da motosiklet s\u00fcr\u00fcc\u00fcs\u00fc kontrol\u00fcn\u00fc kaybederek nehre d\u00fc\u015ft\u00fc. Ekiplerin an\u0131nda m\u00fcdahalesiyle s\u00fcr\u00fcc\u00fc sudan \u00e7\u0131kar\u0131larak sa\u011fl\u0131k ekiplerine teslim edildi. \u00d6te yandan, Defne il\u00e7esinin Toygarl\u0131 mevkiinde i\u015f makinesi ile kamyonun kar\u0131\u015ft\u0131\u011f\u0131 trafik kazas\u0131nda da \u00fc\u00e7 vatanda\u015f yaraland\u0131. Kazada i\u015f makinesi bulundu\u011fu yere, yolda \u00e7\u0131kan kamyon da bo\u015f arazide devrildi. 112 acil \u00e7a\u011fr\u0131 merkezine yap\u0131lan ihbar \u00fczerine b\u00f6lgeye g\u00fcvenlik g\u00fc\u00e7leri, sa\u011fl\u0131k ve itfaiye ekipleri sevk edildi. Olay yerine ula\u015fan ekipler, yaral\u0131lar\u0131 ara\u00e7lardan \u00e7\u0131kararak sa\u011fl\u0131k ekiplerine teslim etti. B\u00f6lgede trafik g\u00fcvenli\u011fi sa\u011fland\u0131 ve kaza ile ilgili inceleme ba\u015flat\u0131ld\u0131. \u200bHatay\u2019\u0131n Antakya ve Defne il\u00e7elerinde meydana gelen iki ayr\u0131 motosiklet kazas\u0131nda s\u00fcr\u00fcc\u00fcler Asi Nehri\u2019ne d\u00fc\u015ferken, Defne il\u00e7esinde ya\u015fanan bir trafik kazas\u0131nda ise kamyonun devrilmesi sonucu toplam 3 ki\u015fi yaraland\u0131.\u00a0 \u200bHaberin Al\u0131nt\u0131land\u0131\u011f\u0131 Kaynak: www.iskenderun.org","og_url":"https:\/\/denizcankizil.tr\/de\/haberler\/gundem\/motosikletler-asiye-dustu-is-makineleri-carpisti\/","og_site_name":"Av. Deniz Can K\u0131z\u0131l","article_published_time":"2025-05-09T09:42:41+00:00","author":"admin","twitter_card":"summary_large_image","twitter_misc":{"Verfasst von":"admin","Gesch\u00e4tzte Lesezeit":"1\u00a0Minute"},"schema":{"@context":"https:\/\/schema.org","@graph":[{"@type":"Article","@id":"https:\/\/denizcankizil.tr\/de\/haberler\/gundem\/motosikletler-asiye-dustu-is-makineleri-carpisti\/#article","isPartOf":{"@id":"https:\/\/denizcankizil.tr\/de\/haberler\/gundem\/motosikletler-asiye-dustu-is-makineleri-carpisti\/"},"author":{"name":"admin","@id":"https:\/\/denizcankizil.tr\/#\/schema\/person\/be3c05fe6a12686905512445d8185489"},"headline":"Motosikletler asiye d\u00fc\u015ft\u00fc, i\u015f makineleri \u00e7arp\u0131\u015ft\u0131!","datePublished":"2025-05-09T09:42:41+00:00","mainEntityOfPage":{"@id":"https:\/\/denizcankizil.tr\/de\/haberler\/gundem\/motosikletler-asiye-dustu-is-makineleri-carpisti\/"},"wordCount":235,"publisher":{"@id":"https:\/\/denizcankizil.tr\/#organization"},"articleSection":["G\u00fcndem"],"inLanguage":"de"},{"@type":"WebPage","@id":"https:\/\/denizcankizil.tr\/de\/haberler\/gundem\/motosikletler-asiye-dustu-is-makineleri-carpisti\/","url":"https:\/\/denizcankizil.tr\/de\/haberler\/gundem\/motosikletler-asiye-dustu-is-makineleri-carpisti\/","name":"Motosikletler asiye d\u00fc\u015ft\u00fc, i\u015f makineleri \u00e7arp\u0131\u015ft\u0131! - Av. Deniz Can K\u0131z\u0131l","isPartOf":{"@id":"https:\/\/denizcankizil.tr\/#website"},"datePublished":"2025-05-09T09:42:41+00:00","breadcrumb":{"@id":"https:\/\/denizcankizil.tr\/de\/haberler\/gundem\/motosikletler-asiye-dustu-is-makineleri-carpisti\/#breadcrumb"},"inLanguage":"de","potentialAction":[{"@type":"ReadAction","target":["https:\/\/denizcankizil.tr\/de\/haberler\/gundem\/motosikletler-asiye-dustu-is-makineleri-carpisti\/"]}]},{"@type":"BreadcrumbList","@id":"https:\/\/denizcankizil.tr\/de\/haberler\/gundem\/motosikletler-asiye-dustu-is-makineleri-carpisti\/#breadcrumb","itemListElement":[{"@type":"ListItem","position":1,"name":"Home","item":"https:\/\/denizcankizil.tr\/de\/"},{"@type":"ListItem","position":2,"name":"Motosikletler asiye d\u00fc\u015ft\u00fc, i\u015f makineleri \u00e7arp\u0131\u015ft\u0131!"}]},{"@type":"WebSite","@id":"https:\/\/denizcankizil.tr\/#website","url":"https:\/\/denizcankizil.tr\/","name":"Av. Deniz Can K\u0131z\u0131l","description":"Avukat Deniz Can K\u0131z\u0131l Antalya Barosu","publisher":{"@id":"https:\/\/denizcankizil.tr\/#organization"},"potentialAction":[{"@type":"SearchAction","target":{"@type":"EntryPoint","urlTemplate":"https:\/\/denizcankizil.tr\/?s={search_term_string}"},"query-input":{"@type":"PropertyValueSpecification","valueRequired":true,"valueName":"search_term_string"}}],"inLanguage":"de"},{"@type":"Organization","@id":"https:\/\/denizcankizil.tr\/#organization","name":"Av. Deniz Can K\u0131z\u0131l","url":"https:\/\/denizcankizil.tr\/","logo":{"@type":"ImageObject","inLanguage":"de","@id":"https:\/\/denizcankizil.tr\/#\/schema\/logo\/image\/","url":"https:\/\/denizcankizil.tr\/wp-content\/uploads\/2024\/10\/siyah-logo-svg.svg","contentUrl":"https:\/\/denizcankizil.tr\/wp-content\/uploads\/2024\/10\/siyah-logo-svg.svg","width":1080,"height":1080,"caption":"Av. Deniz Can K\u0131z\u0131l"},"image":{"@id":"https:\/\/denizcankizil.tr\/#\/schema\/logo\/image\/"}},{"@type":"Person","@id":"https:\/\/denizcankizil.tr\/#\/schema\/person\/be3c05fe6a12686905512445d8185489","name":"Administrator","image":{"@type":"ImageObject","inLanguage":"de","@id":"https:\/\/denizcankizil.tr\/#\/schema\/person\/image\/","url":"https:\/\/secure.gravatar.com\/avatar\/c1fce94c830dc79107e174f890d7210541c4a63e8e5d816341794a2151c9d58c?s=96&d=mm&r=g","contentUrl":"https:\/\/secure.gravatar.com\/avatar\/c1fce94c830dc79107e174f890d7210541c4a63e8e5d816341794a2151c9d58c?s=96&d=mm&r=g","caption":"admin"},"sameAs":["http:\/\/denizcankizil.tr"],"url":"https:\/\/www.iskenderun.org\/hatayda-uc-kaza-bes-yaralimotosikletler-asiye-dustu-is-makineleri-carpisti"}]}},"_links":{"self":[{"href":"https:\/\/denizcankizil.tr\/de\/wp-json\/wp\/v2\/posts\/81082","targetHints":{"allow":["GET"]}}],"collection":[{"href":"https:\/\/denizcankizil.tr\/de\/wp-json\/wp\/v2\/posts"}],"about":[{"href":"https:\/\/denizcankizil.tr\/de\/wp-json\/wp\/v2\/types\/post"}],"author":[{"embeddable":true,"href":"https:\/\/denizcankizil.tr\/de\/wp-json\/wp\/v2\/users\/1"}],"replies":[{"embeddable":true,"href":"https:\/\/denizcankizil.tr\/de\/wp-json\/wp\/v2\/comments?post=81082"}],"version-history":[{"count":0,"href":"https:\/\/denizcankizil.tr\/de\/wp-json\/wp\/v2\/posts\/81082\/revisions"}],"wp:attachment":[{"href":"https:\/\/denizcankizil.tr\/de\/wp-json\/wp\/v2\/media?parent=81082"}],"wp:term":[{"taxonomy":"category","embeddable":true,"href":"https:\/\/denizcankizil.tr\/de\/wp-json\/wp\/v2\/categories?post=81082"},{"taxonomy":"post_tag","embeddable":true,"href":"https:\/\/denizcankizil.tr\/de\/wp-json\/wp\/v2\/tags?post=81082"}],"curies":[{"name":"wp","href":"https:\/\/api.w.org\/{rel}","templated":true}]}}