{"id":80070,"date":"2025-05-08T14:42:41","date_gmt":"2025-05-08T11:42:41","guid":{"rendered":"https:\/\/denizcankizil.tr\/uncategorized-tr\/tesis-ihalesi-tamam-ilk-kazma-yakinda-vuruluyor\/"},"modified":"2025-05-08T14:42:41","modified_gmt":"2025-05-08T11:42:41","slug":"tesis-ihalesi-tamam-ilk-kazma-yakinda-vuruluyor","status":"publish","type":"post","link":"https:\/\/denizcankizil.tr\/de\/haberler\/gundem\/tesis-ihalesi-tamam-ilk-kazma-yakinda-vuruluyor\/","title":{"rendered":"Tesis ihalesi tamam, ilk kazma yak\u0131nda vuruluyor"},"content":{"rendered":"<p>Kocaeli B\u00fcy\u00fck\u015fehir Belediyesi, 16 y\u0131l aradan sonra S\u00fcper Lig\u2019e \u00e7\u0131kan \u015fampiyon Kocaelispor i\u00e7in 5 y\u0131ld\u0131zl\u0131 spor kompleksi in\u015fa edecek.KOCAEL\u0130 (\u0130GFA) &#8211; Kocaeli\u00a0B\u00fcy\u00fck\u015fehir Belediyesi, S\u00fcper Lig\u2019e y\u00fckselen Kocaelispor i\u00e7in tesis ata\u011f\u0131na ge\u00e7iyor. Bu kapsamda K\u00f6rfez Sevindikli b\u00f6lgesinde in\u015fa edilmesi planlanan \u201cK\u00f6rfez Spor Tesisleri\u201d i\u00e7in ihale ger\u00e7ekle\u015ftirildi. B\u00fcy\u00fck\u015fehir \u0130hale Salonu\u2019nda d\u00fczenlenen ihaleye d\u00f6rt firma teklif vererek kat\u0131ld\u0131. Teklifler, Elektronik Kamu Al\u0131mlar\u0131 Platformu (EKAP) \u00fczerinden a\u00e7\u0131ld\u0131.<br \/>\nB\u00dcY\u00dcK\u015eEH\u0130R\u2019DEN \u015eAMP\u0130YONLUK HED\u0130YES\u0130<br \/>\nKocaeli B\u00fcy\u00fck\u015fehir Belediyesi, Kocaelispor\u2019a olan deste\u011fini art\u0131rarak s\u00fcrd\u00fcr\u00fcyor. Bu ba\u011flamda B\u00fcy\u00fck\u015fehir, kente b\u00fcy\u00fck bir sevin\u00e7 ya\u015fatarak 16 y\u0131l aradan sonra S\u00fcper Lig\u2019e y\u00fckselen Ye\u015fil-Siyahl\u0131 ekibimize dev bir tesis kazand\u0131racak. Bu tesis bir nevi, B\u00fcy\u00fck\u015fehir\u2019den Kocaelispor\u2019a \u015fampiyonluk hediyesi olacak.\u00a0 \u201cK\u00f6rfez Spor Tesisleri\u201d ad\u0131yla hayata ge\u00e7ecek olan dev yat\u0131r\u0131m i\u00e7in Kocaeli B\u00fcy\u00fck\u015fehir Belediyesi taraf\u0131ndan ihale ger\u00e7ekle\u015ftirildi.<\/p>\n<p>D\u00d6RT F\u0130RMA YARI\u015eTI<br \/>\n\u0130halede EM\u00c7 \u0130n\u015faat 559 milyon 190 bin 300 TL, PEL Yap\u0131 \u0130n\u015faat 632 milyon TL, H\u00fcsamettin Peker \u0130n\u015faat 734 milyon TL ve AL-KA \u0130n\u015faat ve Arttech Yap\u0131 ortakl\u0131\u011f\u0131 738 milyon 500 bin TL\u2019lik teklifler sundu. \u0130hale komisyonu, teklifleri de\u011ferlendirdikten sonra kazanan firmay\u0131 a\u00e7\u0131klayacak.<br \/>\n75 D\u00d6N\u00dcML\u00dcK ALANDA 7 FUTBOL SAHASI<br \/>\nToplam 75 d\u00f6n\u00fcm arazi \u00fczerine kurulacak olan yeni tesisin 14 bin 800 metrekaresi kapal\u0131 alan olarak planland\u0131. 59 bin 200 metrekarelik k\u0131sm\u0131 ise futbol sahalar\u0131 ve a\u00e7\u0131k spor alanlar\u0131na ayr\u0131lacak. Tesis b\u00fcnyesinde 7 futbol sahas\u0131n\u0131n yan\u0131 s\u0131ra otel, fitness salonu, sauna, y\u00fczme havuzu ve sosyal donat\u0131lar yer alacak.<br \/>\n365 G\u00dcNDE TAMAMLANACAK<br \/>\n\u0130haleyi kazanan firmayla s\u00f6zle\u015fme imzalanmas\u0131n\u0131n ard\u0131ndan 10 g\u00fcn i\u00e7inde yer teslimi yap\u0131lacak. Projenin tamamlanmas\u0131 i\u00e7in belirlenen s\u00fcre ise 365 g\u00fcn olarak a\u00e7\u0131kland\u0131.<\/p>\n<p>\u200bKocaeli B\u00fcy\u00fck\u015fehir Belediyesi, 16 y\u0131l aradan sonra S\u00fcper Lig\u2019e \u00e7\u0131kan \u015fampiyon Kocaelispor i\u00e7in 5 y\u0131ld\u0131zl\u0131 spor kompleksi in\u015fa edecek.KOCAEL\u0130 (\u0130GFA) &#8211; Kocaeli\u00a0B\u00fcy\u00fck\u015fehir Belediyesi, S\u00fcper Lig\u2019e y\u00fckselen Kocaelispor i\u00e7in tesis ata\u011f\u0131na ge\u00e7iyor. Bu kapsamda K\u00f6rfez Sevindikli b\u00f6lgesinde in\u015fa edilmesi planlanan \u201cK\u00f6rfez Spor Tesisleri\u201d i\u00e7in ihale ger\u00e7ekle\u015ftirildi. B\u00fcy\u00fck\u015fehir \u0130hale Salonu\u2019nda d\u00fczenlenen ihaleye d\u00f6rt firma teklif vererek kat\u0131ld\u0131. Teklifler, Elektronik Kamu Al\u0131mlar\u0131 Platformu (EKAP) \u00fczerinden a\u00e7\u0131ld\u0131.<br \/>\nB\u00dcY\u00dcK\u015eEH\u0130R\u2019DEN \u015eAMP\u0130YONLUK HED\u0130YES\u0130<br \/>\nKocaeli B\u00fcy\u00fck\u015fehir Belediyesi, Kocaelispor\u2019a olan deste\u011fini art\u0131rarak s\u00fcrd\u00fcr\u00fcyor. Bu ba\u011flamda B\u00fcy\u00fck\u015fehir, kente b\u00fcy\u00fck bir sevin\u00e7 ya\u015fatarak 16 y\u0131l aradan sonra S\u00fcper Lig\u2019e y\u00fckselen Ye\u015fil-Siyahl\u0131 ekibimize dev bir tesis kazand\u0131racak. Bu tesis bir nevi, B\u00fcy\u00fck\u015fehir\u2019den Kocaelispor\u2019a \u015fampiyonluk hediyesi olacak.\u00a0 \u201cK\u00f6rfez Spor Tesisleri\u201d ad\u0131yla hayata ge\u00e7ecek olan dev yat\u0131r\u0131m i\u00e7in Kocaeli B\u00fcy\u00fck\u015fehir Belediyesi taraf\u0131ndan ihale ger\u00e7ekle\u015ftirildi.<\/p>\n<p>D\u00d6RT F\u0130RMA YARI\u015eTI<br \/>\n\u0130halede EM\u00c7 \u0130n\u015faat 559 milyon 190 bin 300 TL, PEL Yap\u0131 \u0130n\u015faat 632 milyon TL, H\u00fcsamettin Peker \u0130n\u015faat 734 milyon TL ve AL-KA \u0130n\u015faat ve Arttech Yap\u0131 ortakl\u0131\u011f\u0131 738 milyon 500 bin TL\u2019lik teklifler sundu. \u0130hale komisyonu, teklifleri de\u011ferlendirdikten sonra kazanan firmay\u0131 a\u00e7\u0131klayacak.<br \/>\n75 D\u00d6N\u00dcML\u00dcK ALANDA 7 FUTBOL SAHASI<br \/>\nToplam 75 d\u00f6n\u00fcm arazi \u00fczerine kurulacak olan yeni tesisin 14 bin 800 metrekaresi kapal\u0131 alan olarak planland\u0131. 59 bin 200 metrekarelik k\u0131sm\u0131 ise futbol sahalar\u0131 ve a\u00e7\u0131k spor alanlar\u0131na ayr\u0131lacak. Tesis b\u00fcnyesinde 7 futbol sahas\u0131n\u0131n yan\u0131 s\u0131ra otel, fitness salonu, sauna, y\u00fczme havuzu ve sosyal donat\u0131lar yer alacak.<br \/>\n365 G\u00dcNDE TAMAMLANACAK<br \/>\n\u0130haleyi kazanan firmayla s\u00f6zle\u015fme imzalanmas\u0131n\u0131n ard\u0131ndan 10 g\u00fcn i\u00e7inde yer teslimi yap\u0131lacak. Projenin tamamlanmas\u0131 i\u00e7in belirlenen s\u00fcre ise 365 g\u00fcn olarak a\u00e7\u0131kland\u0131.\u00a0<\/p>\n<p>\u200bHaberin Al\u0131nt\u0131land\u0131\u011f\u0131 Kaynak: www.iskenderun.org<\/p>","protected":false},"excerpt":{"rendered":"<p>Kocaeli B\u00fcy\u00fck\u015fehir Belediyesi, 16 y\u0131l aradan sonra S\u00fcper Lig\u2019e \u00e7\u0131kan \u015fampiyon Kocaelispor i\u00e7in 5 y\u0131ld\u0131zl\u0131 spor kompleksi in\u015fa edecek.KOCAEL\u0130 (\u0130GFA) &#8211; Kocaeli\u00a0B\u00fcy\u00fck\u015fehir Belediyesi, S\u00fcper Lig\u2019e y\u00fckselen Kocaelispor i\u00e7in tesis ata\u011f\u0131na ge\u00e7iyor. Bu kapsamda K\u00f6rfez Sevindikli b\u00f6lgesinde in\u015fa edilmesi planlanan \u201cK\u00f6rfez Spor Tesisleri\u201d i\u00e7in ihale ger\u00e7ekle\u015ftirildi. B\u00fcy\u00fck\u015fehir \u0130hale Salonu\u2019nda d\u00fczenlenen ihaleye d\u00f6rt firma teklif vererek kat\u0131ld\u0131. Teklifler, Elektronik Kamu Al\u0131mlar\u0131 Platformu (EKAP) \u00fczerinden a\u00e7\u0131ld\u0131. B\u00dcY\u00dcK\u015eEH\u0130R\u2019DEN \u015eAMP\u0130YONLUK HED\u0130YES\u0130 Kocaeli B\u00fcy\u00fck\u015fehir Belediyesi, Kocaelispor\u2019a olan deste\u011fini art\u0131rarak s\u00fcrd\u00fcr\u00fcyor. Bu ba\u011flamda B\u00fcy\u00fck\u015fehir, kente b\u00fcy\u00fck bir sevin\u00e7 ya\u015fatarak 16 y\u0131l aradan sonra S\u00fcper Lig\u2019e y\u00fckselen Ye\u015fil-Siyahl\u0131 ekibimize dev bir tesis kazand\u0131racak. Bu tesis bir nevi, B\u00fcy\u00fck\u015fehir\u2019den Kocaelispor\u2019a \u015fampiyonluk hediyesi olacak.\u00a0 \u201cK\u00f6rfez Spor Tesisleri\u201d ad\u0131yla hayata ge\u00e7ecek olan dev yat\u0131r\u0131m i\u00e7in Kocaeli B\u00fcy\u00fck\u015fehir Belediyesi taraf\u0131ndan ihale ger\u00e7ekle\u015ftirildi. D\u00d6RT F\u0130RMA YARI\u015eTI \u0130halede EM\u00c7 \u0130n\u015faat 559 milyon 190 bin 300 TL, PEL Yap\u0131 \u0130n\u015faat 632 milyon TL, H\u00fcsamettin Peker \u0130n\u015faat 734 milyon TL ve AL-KA \u0130n\u015faat ve Arttech Yap\u0131 ortakl\u0131\u011f\u0131 738 milyon 500 bin TL\u2019lik teklifler sundu. \u0130hale komisyonu, teklifleri de\u011ferlendirdikten sonra kazanan firmay\u0131 a\u00e7\u0131klayacak. 75 D\u00d6N\u00dcML\u00dcK ALANDA 7 FUTBOL SAHASI Toplam 75 d\u00f6n\u00fcm arazi \u00fczerine kurulacak olan yeni tesisin 14 bin 800 metrekaresi kapal\u0131 alan olarak planland\u0131. 59 bin 200 metrekarelik k\u0131sm\u0131 ise futbol sahalar\u0131 ve a\u00e7\u0131k spor &hellip;<\/p>","protected":false},"author":1,"featured_media":0,"comment_status":"","ping_status":"open","sticky":false,"template":"","format":"standard","meta":{"_acf_changed":false,"footnotes":""},"categories":[24],"tags":[],"class_list":["post-80070","post","type-post","status-publish","format-standard","has-post-thumbnail","hentry","category-gundem"],"acf":[],"yoast_head":"<!-- This site is optimized with the Yoast SEO Premium plugin v26.6 (Yoast SEO v27.1.1) - https:\/\/yoast.com\/product\/yoast-seo-premium-wordpress\/ -->\n<title>Tesis ihalesi tamam, ilk kazma yak\u0131nda vuruluyor - Av. Deniz Can K\u0131z\u0131l<\/title>\n<meta name=\"robots\" content=\"index, follow, max-snippet:-1, max-image-preview:large, max-video-preview:-1\" \/>\n<link rel=\"canonical\" href=\"https:\/\/denizcankizil.tr\/de\/haberler\/gundem\/tesis-ihalesi-tamam-ilk-kazma-yakinda-vuruluyor\/\" \/>\n<meta property=\"og:locale\" content=\"de_DE\" \/>\n<meta property=\"og:type\" content=\"article\" \/>\n<meta property=\"og:title\" content=\"Tesis ihalesi tamam, ilk kazma yak\u0131nda vuruluyor\" \/>\n<meta property=\"og:description\" content=\"Kocaeli B\u00fcy\u00fck\u015fehir Belediyesi, 16 y\u0131l aradan sonra S\u00fcper Lig\u2019e \u00e7\u0131kan \u015fampiyon Kocaelispor i\u00e7in 5 y\u0131ld\u0131zl\u0131 spor kompleksi in\u015fa edecek.KOCAEL\u0130 (\u0130GFA) &#8211; Kocaeli\u00a0B\u00fcy\u00fck\u015fehir Belediyesi, S\u00fcper Lig\u2019e y\u00fckselen Kocaelispor i\u00e7in tesis ata\u011f\u0131na ge\u00e7iyor. Bu kapsamda K\u00f6rfez Sevindikli b\u00f6lgesinde in\u015fa edilmesi planlanan \u201cK\u00f6rfez Spor Tesisleri\u201d i\u00e7in ihale ger\u00e7ekle\u015ftirildi. B\u00fcy\u00fck\u015fehir \u0130hale Salonu\u2019nda d\u00fczenlenen ihaleye d\u00f6rt firma teklif vererek kat\u0131ld\u0131. Teklifler, Elektronik Kamu Al\u0131mlar\u0131 Platformu (EKAP) \u00fczerinden a\u00e7\u0131ld\u0131. B\u00dcY\u00dcK\u015eEH\u0130R\u2019DEN \u015eAMP\u0130YONLUK HED\u0130YES\u0130 Kocaeli B\u00fcy\u00fck\u015fehir Belediyesi, Kocaelispor\u2019a olan deste\u011fini art\u0131rarak s\u00fcrd\u00fcr\u00fcyor. Bu ba\u011flamda B\u00fcy\u00fck\u015fehir, kente b\u00fcy\u00fck bir sevin\u00e7 ya\u015fatarak 16 y\u0131l aradan sonra S\u00fcper Lig\u2019e y\u00fckselen Ye\u015fil-Siyahl\u0131 ekibimize dev bir tesis kazand\u0131racak. Bu tesis bir nevi, B\u00fcy\u00fck\u015fehir\u2019den Kocaelispor\u2019a \u015fampiyonluk hediyesi olacak.\u00a0 \u201cK\u00f6rfez Spor Tesisleri\u201d ad\u0131yla hayata ge\u00e7ecek olan dev yat\u0131r\u0131m i\u00e7in Kocaeli B\u00fcy\u00fck\u015fehir Belediyesi taraf\u0131ndan ihale ger\u00e7ekle\u015ftirildi. D\u00d6RT F\u0130RMA YARI\u015eTI \u0130halede EM\u00c7 \u0130n\u015faat 559 milyon 190 bin 300 TL, PEL Yap\u0131 \u0130n\u015faat 632 milyon TL, H\u00fcsamettin Peker \u0130n\u015faat 734 milyon TL ve AL-KA \u0130n\u015faat ve Arttech Yap\u0131 ortakl\u0131\u011f\u0131 738 milyon 500 bin TL\u2019lik teklifler sundu. \u0130hale komisyonu, teklifleri de\u011ferlendirdikten sonra kazanan firmay\u0131 a\u00e7\u0131klayacak. 75 D\u00d6N\u00dcML\u00dcK ALANDA 7 FUTBOL SAHASI Toplam 75 d\u00f6n\u00fcm arazi \u00fczerine kurulacak olan yeni tesisin 14 bin 800 metrekaresi kapal\u0131 alan olarak planland\u0131. 59 bin 200 metrekarelik k\u0131sm\u0131 ise futbol sahalar\u0131 ve a\u00e7\u0131k spor &hellip;\" \/>\n<meta property=\"og:url\" content=\"https:\/\/denizcankizil.tr\/de\/haberler\/gundem\/tesis-ihalesi-tamam-ilk-kazma-yakinda-vuruluyor\/\" \/>\n<meta property=\"og:site_name\" content=\"Av. Deniz Can K\u0131z\u0131l\" \/>\n<meta property=\"article:published_time\" content=\"2025-05-08T11:42:41+00:00\" \/>\n<meta name=\"author\" content=\"admin\" \/>\n<meta name=\"twitter:card\" content=\"summary_large_image\" \/>\n<meta name=\"twitter:label1\" content=\"Verfasst von\" \/>\n\t<meta name=\"twitter:data1\" content=\"admin\" \/>\n\t<meta name=\"twitter:label2\" content=\"Gesch\u00e4tzte Lesezeit\" \/>\n\t<meta name=\"twitter:data2\" content=\"4\u00a0Minuten\" \/>\n<script type=\"application\/ld+json\" class=\"yoast-schema-graph\">{\"@context\":\"https:\/\/schema.org\",\"@graph\":[{\"@type\":\"Article\",\"@id\":\"https:\/\/denizcankizil.tr\/de\/haberler\/gundem\/tesis-ihalesi-tamam-ilk-kazma-yakinda-vuruluyor\/#article\",\"isPartOf\":{\"@id\":\"https:\/\/denizcankizil.tr\/de\/haberler\/gundem\/tesis-ihalesi-tamam-ilk-kazma-yakinda-vuruluyor\/\"},\"author\":{\"name\":\"admin\",\"@id\":\"https:\/\/denizcankizil.tr\/#\/schema\/person\/be3c05fe6a12686905512445d8185489\"},\"headline\":\"Tesis ihalesi tamam, ilk kazma yak\u0131nda vuruluyor\",\"datePublished\":\"2025-05-08T11:42:41+00:00\",\"mainEntityOfPage\":{\"@id\":\"https:\/\/denizcankizil.tr\/de\/haberler\/gundem\/tesis-ihalesi-tamam-ilk-kazma-yakinda-vuruluyor\/\"},\"wordCount\":708,\"publisher\":{\"@id\":\"https:\/\/denizcankizil.tr\/#organization\"},\"articleSection\":[\"G\u00fcndem\"],\"inLanguage\":\"de\"},{\"@type\":\"WebPage\",\"@id\":\"https:\/\/denizcankizil.tr\/de\/haberler\/gundem\/tesis-ihalesi-tamam-ilk-kazma-yakinda-vuruluyor\/\",\"url\":\"https:\/\/denizcankizil.tr\/de\/haberler\/gundem\/tesis-ihalesi-tamam-ilk-kazma-yakinda-vuruluyor\/\",\"name\":\"Tesis ihalesi tamam, ilk kazma yak\u0131nda vuruluyor - Av. Deniz Can K\u0131z\u0131l\",\"isPartOf\":{\"@id\":\"https:\/\/denizcankizil.tr\/#website\"},\"datePublished\":\"2025-05-08T11:42:41+00:00\",\"breadcrumb\":{\"@id\":\"https:\/\/denizcankizil.tr\/de\/haberler\/gundem\/tesis-ihalesi-tamam-ilk-kazma-yakinda-vuruluyor\/#breadcrumb\"},\"inLanguage\":\"de\",\"potentialAction\":[{\"@type\":\"ReadAction\",\"target\":[\"https:\/\/denizcankizil.tr\/de\/haberler\/gundem\/tesis-ihalesi-tamam-ilk-kazma-yakinda-vuruluyor\/\"]}]},{\"@type\":\"BreadcrumbList\",\"@id\":\"https:\/\/denizcankizil.tr\/de\/haberler\/gundem\/tesis-ihalesi-tamam-ilk-kazma-yakinda-vuruluyor\/#breadcrumb\",\"itemListElement\":[{\"@type\":\"ListItem\",\"position\":1,\"name\":\"Home\",\"item\":\"https:\/\/denizcankizil.tr\/de\/\"},{\"@type\":\"ListItem\",\"position\":2,\"name\":\"Tesis ihalesi tamam, ilk kazma yak\u0131nda vuruluyor\"}]},{\"@type\":\"WebSite\",\"@id\":\"https:\/\/denizcankizil.tr\/#website\",\"url\":\"https:\/\/denizcankizil.tr\/\",\"name\":\"Av. Deniz Can K\u0131z\u0131l\",\"description\":\"Avukat Deniz Can K\u0131z\u0131l Antalya Barosu\",\"publisher\":{\"@id\":\"https:\/\/denizcankizil.tr\/#organization\"},\"potentialAction\":[{\"@type\":\"SearchAction\",\"target\":{\"@type\":\"EntryPoint\",\"urlTemplate\":\"https:\/\/denizcankizil.tr\/?s={search_term_string}\"},\"query-input\":{\"@type\":\"PropertyValueSpecification\",\"valueRequired\":true,\"valueName\":\"search_term_string\"}}],\"inLanguage\":\"de\"},{\"@type\":\"Organization\",\"@id\":\"https:\/\/denizcankizil.tr\/#organization\",\"name\":\"Av. Deniz Can K\u0131z\u0131l\",\"url\":\"https:\/\/denizcankizil.tr\/\",\"logo\":{\"@type\":\"ImageObject\",\"inLanguage\":\"de\",\"@id\":\"https:\/\/denizcankizil.tr\/#\/schema\/logo\/image\/\",\"url\":\"https:\/\/denizcankizil.tr\/wp-content\/uploads\/2024\/10\/siyah-logo-svg.svg\",\"contentUrl\":\"https:\/\/denizcankizil.tr\/wp-content\/uploads\/2024\/10\/siyah-logo-svg.svg\",\"width\":1080,\"height\":1080,\"caption\":\"Av. Deniz Can K\u0131z\u0131l\"},\"image\":{\"@id\":\"https:\/\/denizcankizil.tr\/#\/schema\/logo\/image\/\"}},{\"@type\":\"Person\",\"@id\":\"https:\/\/denizcankizil.tr\/#\/schema\/person\/be3c05fe6a12686905512445d8185489\",\"name\":\"admin\",\"image\":{\"@type\":\"ImageObject\",\"inLanguage\":\"de\",\"@id\":\"https:\/\/denizcankizil.tr\/#\/schema\/person\/image\/\",\"url\":\"https:\/\/secure.gravatar.com\/avatar\/c1fce94c830dc79107e174f890d7210541c4a63e8e5d816341794a2151c9d58c?s=96&d=mm&r=g\",\"contentUrl\":\"https:\/\/secure.gravatar.com\/avatar\/c1fce94c830dc79107e174f890d7210541c4a63e8e5d816341794a2151c9d58c?s=96&d=mm&r=g\",\"caption\":\"admin\"},\"sameAs\":[\"http:\/\/denizcankizil.tr\"],\"url\":\"https:\/\/www.iskenderun.org\/tesis-ihalesi-tamam-ilk-kazma-yakinda-vuruluyor\"}]}<\/script>\n<!-- \/ Yoast SEO Premium plugin. -->","yoast_head_json":{"title":"Tesis ihalesi tamam, ilk kazma yak\u0131nda vuruluyor - Av. Deniz Can K\u0131z\u0131l","robots":{"index":"index","follow":"follow","max-snippet":"max-snippet:-1","max-image-preview":"max-image-preview:large","max-video-preview":"max-video-preview:-1"},"canonical":"https:\/\/denizcankizil.tr\/de\/haberler\/gundem\/tesis-ihalesi-tamam-ilk-kazma-yakinda-vuruluyor\/","og_locale":"de_DE","og_type":"article","og_title":"Tesis ihalesi tamam, ilk kazma yak\u0131nda vuruluyor","og_description":"Kocaeli B\u00fcy\u00fck\u015fehir Belediyesi, 16 y\u0131l aradan sonra S\u00fcper Lig\u2019e \u00e7\u0131kan \u015fampiyon Kocaelispor i\u00e7in 5 y\u0131ld\u0131zl\u0131 spor kompleksi in\u015fa edecek.KOCAEL\u0130 (\u0130GFA) &#8211; Kocaeli\u00a0B\u00fcy\u00fck\u015fehir Belediyesi, S\u00fcper Lig\u2019e y\u00fckselen Kocaelispor i\u00e7in tesis ata\u011f\u0131na ge\u00e7iyor. Bu kapsamda K\u00f6rfez Sevindikli b\u00f6lgesinde in\u015fa edilmesi planlanan \u201cK\u00f6rfez Spor Tesisleri\u201d i\u00e7in ihale ger\u00e7ekle\u015ftirildi. B\u00fcy\u00fck\u015fehir \u0130hale Salonu\u2019nda d\u00fczenlenen ihaleye d\u00f6rt firma teklif vererek kat\u0131ld\u0131. Teklifler, Elektronik Kamu Al\u0131mlar\u0131 Platformu (EKAP) \u00fczerinden a\u00e7\u0131ld\u0131. B\u00dcY\u00dcK\u015eEH\u0130R\u2019DEN \u015eAMP\u0130YONLUK HED\u0130YES\u0130 Kocaeli B\u00fcy\u00fck\u015fehir Belediyesi, Kocaelispor\u2019a olan deste\u011fini art\u0131rarak s\u00fcrd\u00fcr\u00fcyor. Bu ba\u011flamda B\u00fcy\u00fck\u015fehir, kente b\u00fcy\u00fck bir sevin\u00e7 ya\u015fatarak 16 y\u0131l aradan sonra S\u00fcper Lig\u2019e y\u00fckselen Ye\u015fil-Siyahl\u0131 ekibimize dev bir tesis kazand\u0131racak. Bu tesis bir nevi, B\u00fcy\u00fck\u015fehir\u2019den Kocaelispor\u2019a \u015fampiyonluk hediyesi olacak.\u00a0 \u201cK\u00f6rfez Spor Tesisleri\u201d ad\u0131yla hayata ge\u00e7ecek olan dev yat\u0131r\u0131m i\u00e7in Kocaeli B\u00fcy\u00fck\u015fehir Belediyesi taraf\u0131ndan ihale ger\u00e7ekle\u015ftirildi. D\u00d6RT F\u0130RMA YARI\u015eTI \u0130halede EM\u00c7 \u0130n\u015faat 559 milyon 190 bin 300 TL, PEL Yap\u0131 \u0130n\u015faat 632 milyon TL, H\u00fcsamettin Peker \u0130n\u015faat 734 milyon TL ve AL-KA \u0130n\u015faat ve Arttech Yap\u0131 ortakl\u0131\u011f\u0131 738 milyon 500 bin TL\u2019lik teklifler sundu. \u0130hale komisyonu, teklifleri de\u011ferlendirdikten sonra kazanan firmay\u0131 a\u00e7\u0131klayacak. 75 D\u00d6N\u00dcML\u00dcK ALANDA 7 FUTBOL SAHASI Toplam 75 d\u00f6n\u00fcm arazi \u00fczerine kurulacak olan yeni tesisin 14 bin 800 metrekaresi kapal\u0131 alan olarak planland\u0131. 59 bin 200 metrekarelik k\u0131sm\u0131 ise futbol sahalar\u0131 ve a\u00e7\u0131k spor &hellip;","og_url":"https:\/\/denizcankizil.tr\/de\/haberler\/gundem\/tesis-ihalesi-tamam-ilk-kazma-yakinda-vuruluyor\/","og_site_name":"Av. Deniz Can K\u0131z\u0131l","article_published_time":"2025-05-08T11:42:41+00:00","author":"admin","twitter_card":"summary_large_image","twitter_misc":{"Verfasst von":"admin","Gesch\u00e4tzte Lesezeit":"4\u00a0Minuten"},"schema":{"@context":"https:\/\/schema.org","@graph":[{"@type":"Article","@id":"https:\/\/denizcankizil.tr\/de\/haberler\/gundem\/tesis-ihalesi-tamam-ilk-kazma-yakinda-vuruluyor\/#article","isPartOf":{"@id":"https:\/\/denizcankizil.tr\/de\/haberler\/gundem\/tesis-ihalesi-tamam-ilk-kazma-yakinda-vuruluyor\/"},"author":{"name":"admin","@id":"https:\/\/denizcankizil.tr\/#\/schema\/person\/be3c05fe6a12686905512445d8185489"},"headline":"Tesis ihalesi tamam, ilk kazma yak\u0131nda vuruluyor","datePublished":"2025-05-08T11:42:41+00:00","mainEntityOfPage":{"@id":"https:\/\/denizcankizil.tr\/de\/haberler\/gundem\/tesis-ihalesi-tamam-ilk-kazma-yakinda-vuruluyor\/"},"wordCount":708,"publisher":{"@id":"https:\/\/denizcankizil.tr\/#organization"},"articleSection":["G\u00fcndem"],"inLanguage":"de"},{"@type":"WebPage","@id":"https:\/\/denizcankizil.tr\/de\/haberler\/gundem\/tesis-ihalesi-tamam-ilk-kazma-yakinda-vuruluyor\/","url":"https:\/\/denizcankizil.tr\/de\/haberler\/gundem\/tesis-ihalesi-tamam-ilk-kazma-yakinda-vuruluyor\/","name":"Tesis ihalesi tamam, ilk kazma yak\u0131nda vuruluyor - Av. Deniz Can K\u0131z\u0131l","isPartOf":{"@id":"https:\/\/denizcankizil.tr\/#website"},"datePublished":"2025-05-08T11:42:41+00:00","breadcrumb":{"@id":"https:\/\/denizcankizil.tr\/de\/haberler\/gundem\/tesis-ihalesi-tamam-ilk-kazma-yakinda-vuruluyor\/#breadcrumb"},"inLanguage":"de","potentialAction":[{"@type":"ReadAction","target":["https:\/\/denizcankizil.tr\/de\/haberler\/gundem\/tesis-ihalesi-tamam-ilk-kazma-yakinda-vuruluyor\/"]}]},{"@type":"BreadcrumbList","@id":"https:\/\/denizcankizil.tr\/de\/haberler\/gundem\/tesis-ihalesi-tamam-ilk-kazma-yakinda-vuruluyor\/#breadcrumb","itemListElement":[{"@type":"ListItem","position":1,"name":"Home","item":"https:\/\/denizcankizil.tr\/de\/"},{"@type":"ListItem","position":2,"name":"Tesis ihalesi tamam, ilk kazma yak\u0131nda vuruluyor"}]},{"@type":"WebSite","@id":"https:\/\/denizcankizil.tr\/#website","url":"https:\/\/denizcankizil.tr\/","name":"Av. Deniz Can K\u0131z\u0131l","description":"Avukat Deniz Can K\u0131z\u0131l Antalya Barosu","publisher":{"@id":"https:\/\/denizcankizil.tr\/#organization"},"potentialAction":[{"@type":"SearchAction","target":{"@type":"EntryPoint","urlTemplate":"https:\/\/denizcankizil.tr\/?s={search_term_string}"},"query-input":{"@type":"PropertyValueSpecification","valueRequired":true,"valueName":"search_term_string"}}],"inLanguage":"de"},{"@type":"Organization","@id":"https:\/\/denizcankizil.tr\/#organization","name":"Av. Deniz Can K\u0131z\u0131l","url":"https:\/\/denizcankizil.tr\/","logo":{"@type":"ImageObject","inLanguage":"de","@id":"https:\/\/denizcankizil.tr\/#\/schema\/logo\/image\/","url":"https:\/\/denizcankizil.tr\/wp-content\/uploads\/2024\/10\/siyah-logo-svg.svg","contentUrl":"https:\/\/denizcankizil.tr\/wp-content\/uploads\/2024\/10\/siyah-logo-svg.svg","width":1080,"height":1080,"caption":"Av. Deniz Can K\u0131z\u0131l"},"image":{"@id":"https:\/\/denizcankizil.tr\/#\/schema\/logo\/image\/"}},{"@type":"Person","@id":"https:\/\/denizcankizil.tr\/#\/schema\/person\/be3c05fe6a12686905512445d8185489","name":"Administrator","image":{"@type":"ImageObject","inLanguage":"de","@id":"https:\/\/denizcankizil.tr\/#\/schema\/person\/image\/","url":"https:\/\/secure.gravatar.com\/avatar\/c1fce94c830dc79107e174f890d7210541c4a63e8e5d816341794a2151c9d58c?s=96&d=mm&r=g","contentUrl":"https:\/\/secure.gravatar.com\/avatar\/c1fce94c830dc79107e174f890d7210541c4a63e8e5d816341794a2151c9d58c?s=96&d=mm&r=g","caption":"admin"},"sameAs":["http:\/\/denizcankizil.tr"],"url":"https:\/\/www.iskenderun.org\/tesis-ihalesi-tamam-ilk-kazma-yakinda-vuruluyor"}]}},"_links":{"self":[{"href":"https:\/\/denizcankizil.tr\/de\/wp-json\/wp\/v2\/posts\/80070","targetHints":{"allow":["GET"]}}],"collection":[{"href":"https:\/\/denizcankizil.tr\/de\/wp-json\/wp\/v2\/posts"}],"about":[{"href":"https:\/\/denizcankizil.tr\/de\/wp-json\/wp\/v2\/types\/post"}],"author":[{"embeddable":true,"href":"https:\/\/denizcankizil.tr\/de\/wp-json\/wp\/v2\/users\/1"}],"replies":[{"embeddable":true,"href":"https:\/\/denizcankizil.tr\/de\/wp-json\/wp\/v2\/comments?post=80070"}],"version-history":[{"count":0,"href":"https:\/\/denizcankizil.tr\/de\/wp-json\/wp\/v2\/posts\/80070\/revisions"}],"wp:attachment":[{"href":"https:\/\/denizcankizil.tr\/de\/wp-json\/wp\/v2\/media?parent=80070"}],"wp:term":[{"taxonomy":"category","embeddable":true,"href":"https:\/\/denizcankizil.tr\/de\/wp-json\/wp\/v2\/categories?post=80070"},{"taxonomy":"post_tag","embeddable":true,"href":"https:\/\/denizcankizil.tr\/de\/wp-json\/wp\/v2\/tags?post=80070"}],"curies":[{"name":"wp","href":"https:\/\/api.w.org\/{rel}","templated":true}]}}