{"id":80013,"date":"2025-05-08T13:42:59","date_gmt":"2025-05-08T10:42:59","guid":{"rendered":"https:\/\/denizcankizil.tr\/uncategorized-tr\/izsudan-bayraklida-altyapi-hamlesi\/"},"modified":"2025-05-08T13:42:59","modified_gmt":"2025-05-08T10:42:59","slug":"izsudan-bayraklida-altyapi-hamlesi","status":"publish","type":"post","link":"https:\/\/denizcankizil.tr\/de\/haberler\/gundem\/izsudan-bayraklida-altyapi-hamlesi\/","title":{"rendered":"\u0130ZSU\u2019dan Bayrakl\u0131\u2019da altyap\u0131 hamlesi"},"content":{"rendered":"<p>\u0130zmir B\u00fcy\u00fck\u015fehir Belediyesi \u0130ZSU Genel M\u00fcd\u00fcrl\u00fc\u011f\u00fc, Bayrakl\u0131 Tepekule Mahallesi\u2019nin altyap\u0131s\u0131n\u0131 g\u00fc\u00e7lendirecek ya\u011fmur suyu ve at\u0131k su hatt\u0131 imalat\u0131n\u0131n y\u00fczde 60\u2019l\u0131k k\u0131sm\u0131n\u0131 tamamlad\u0131.\u0130ZM\u0130R (\u0130GFA) &#8211;\u00a0\u0130zmir B\u00fcy\u00fck\u015fehir Belediyesi, k\u00fcresel \u0131s\u0131nma ve de\u011fi\u015fen iklim ko\u015fullar\u0131na ba\u011fl\u0131 olarak meydana gelen a\u015f\u0131r\u0131 ya\u011f\u0131\u015flar nedeniyle ya\u015fanan ta\u015fk\u0131nlar\u0131 \u00f6nlemek i\u00e7in haz\u0131rlad\u0131\u011f\u0131 ya\u011fmur suyu ve kanal ayr\u0131\u015ft\u0131rma projelerini tek tek hayata ge\u00e7iriyor. Bu kapsamda \u0130ZSU Genel M\u00fcd\u00fcrl\u00fc\u011f\u00fc\u2019n\u00fcn, Bayrakl\u0131 Tepekule Mahallesi\u2019nde ba\u015flatt\u0131\u011f\u0131 toplam 4 kilometrelik ya\u011fmur suyu ve at\u0131k su hatt\u0131 projesinde y\u00fczde 60 seviyesine geldi. A\u015f\u0131r\u0131 ya\u011f\u0131\u015flar nedeniyle ya\u015fanabilecek su bask\u0131nlar\u0131n\u0131n \u00f6n\u00fcne ge\u00e7ecek proje yaz aylar\u0131nda tamamlanacak.<br \/>\nTA\u015eKIN R\u0130SK\u0130 AZALACAK<br \/>\nB\u00f6lgede birle\u015fik sistem \u00e7al\u0131\u015fan kanal ve ya\u011fmur suyu hatlar\u0131n\u0131 ay\u0131rd\u0131klar\u0131n\u0131 belirten \u0130ZSU Kanalizasyon Dairesi Ba\u015fkanl\u0131\u011f\u0131\u2019nda g\u00f6revli \u0130n\u015faat M\u00fchendisi Merve Karabulut, \u201cBu sayede ta\u015fk\u0131n riskleri azalacak, alt yap\u0131 sorunlar\u0131 kal\u0131c\u0131 \u00e7\u00f6z\u00fcme kavu\u015facak. Ayr\u0131ca projenin ikinci etab\u0131nda yer alan Muhittin Erener, \u00c7ay, Refik \u015eevket \u0130nce mahallelerinde de en k\u0131sa zamanda imalatlar\u0131m\u0131za ba\u015flayaca\u011f\u0131z. Ya\u011fmur suyu yat\u0131r\u0131mlar\u0131m\u0131z, ya\u011fmur sular\u0131n\u0131n at\u0131k su sisteminden ayr\u0131 bir hatla ta\u015f\u0131nmas\u0131n\u0131 sa\u011flayarak \u0130zmir K\u00f6rfezi\u2019nin temizlenme s\u00fcrecine de b\u00fcy\u00fck katk\u0131 sa\u011fl\u0131yor. Yap\u0131m s\u00fcreci boyunca vatanda\u015flar\u0131m\u0131za g\u00f6sterdikleri sab\u0131r, \u00f6zveri ve dayan\u0131\u015fma i\u00e7in te\u015fekk\u00fcr ederiz\u201d dedi.<\/p>\n<p>\u200b\u0130zmir B\u00fcy\u00fck\u015fehir Belediyesi \u0130ZSU Genel M\u00fcd\u00fcrl\u00fc\u011f\u00fc, Bayrakl\u0131 Tepekule Mahallesi\u2019nin altyap\u0131s\u0131n\u0131 g\u00fc\u00e7lendirecek ya\u011fmur suyu ve at\u0131k su hatt\u0131 imalat\u0131n\u0131n y\u00fczde 60\u2019l\u0131k k\u0131sm\u0131n\u0131 tamamlad\u0131.\u0130ZM\u0130R (\u0130GFA) &#8211;\u00a0\u0130zmir B\u00fcy\u00fck\u015fehir Belediyesi, k\u00fcresel \u0131s\u0131nma ve de\u011fi\u015fen iklim ko\u015fullar\u0131na ba\u011fl\u0131 olarak meydana gelen a\u015f\u0131r\u0131 ya\u011f\u0131\u015flar nedeniyle ya\u015fanan ta\u015fk\u0131nlar\u0131 \u00f6nlemek i\u00e7in haz\u0131rlad\u0131\u011f\u0131 ya\u011fmur suyu ve kanal ayr\u0131\u015ft\u0131rma projelerini tek tek hayata ge\u00e7iriyor. Bu kapsamda \u0130ZSU Genel M\u00fcd\u00fcrl\u00fc\u011f\u00fc\u2019n\u00fcn, Bayrakl\u0131 Tepekule Mahallesi\u2019nde ba\u015flatt\u0131\u011f\u0131 toplam 4 kilometrelik ya\u011fmur suyu ve at\u0131k su hatt\u0131 projesinde y\u00fczde 60 seviyesine geldi. A\u015f\u0131r\u0131 ya\u011f\u0131\u015flar nedeniyle ya\u015fanabilecek su bask\u0131nlar\u0131n\u0131n \u00f6n\u00fcne ge\u00e7ecek proje yaz aylar\u0131nda tamamlanacak.<br \/>\nTA\u015eKIN R\u0130SK\u0130 AZALACAK<br \/>\nB\u00f6lgede birle\u015fik sistem \u00e7al\u0131\u015fan kanal ve ya\u011fmur suyu hatlar\u0131n\u0131 ay\u0131rd\u0131klar\u0131n\u0131 belirten \u0130ZSU Kanalizasyon Dairesi Ba\u015fkanl\u0131\u011f\u0131\u2019nda g\u00f6revli \u0130n\u015faat M\u00fchendisi Merve Karabulut, \u201cBu sayede ta\u015fk\u0131n riskleri azalacak, alt yap\u0131 sorunlar\u0131 kal\u0131c\u0131 \u00e7\u00f6z\u00fcme kavu\u015facak. Ayr\u0131ca projenin ikinci etab\u0131nda yer alan Muhittin Erener, \u00c7ay, Refik \u015eevket \u0130nce mahallelerinde de en k\u0131sa zamanda imalatlar\u0131m\u0131za ba\u015flayaca\u011f\u0131z. Ya\u011fmur suyu yat\u0131r\u0131mlar\u0131m\u0131z, ya\u011fmur sular\u0131n\u0131n at\u0131k su sisteminden ayr\u0131 bir hatla ta\u015f\u0131nmas\u0131n\u0131 sa\u011flayarak \u0130zmir K\u00f6rfezi\u2019nin temizlenme s\u00fcrecine de b\u00fcy\u00fck katk\u0131 sa\u011fl\u0131yor. Yap\u0131m s\u00fcreci boyunca vatanda\u015flar\u0131m\u0131za g\u00f6sterdikleri sab\u0131r, \u00f6zveri ve dayan\u0131\u015fma i\u00e7in te\u015fekk\u00fcr ederiz\u201d dedi.\u00a0<\/p>\n<p>\u200bHaberin Al\u0131nt\u0131land\u0131\u011f\u0131 Kaynak: www.iskenderun.org<\/p>","protected":false},"excerpt":{"rendered":"<p>\u0130zmir B\u00fcy\u00fck\u015fehir Belediyesi \u0130ZSU Genel M\u00fcd\u00fcrl\u00fc\u011f\u00fc, Bayrakl\u0131 Tepekule Mahallesi\u2019nin altyap\u0131s\u0131n\u0131 g\u00fc\u00e7lendirecek ya\u011fmur suyu ve at\u0131k su hatt\u0131 imalat\u0131n\u0131n y\u00fczde 60\u2019l\u0131k k\u0131sm\u0131n\u0131 tamamlad\u0131.\u0130ZM\u0130R (\u0130GFA) &#8211;\u00a0\u0130zmir B\u00fcy\u00fck\u015fehir Belediyesi, k\u00fcresel \u0131s\u0131nma ve de\u011fi\u015fen iklim ko\u015fullar\u0131na ba\u011fl\u0131 olarak meydana gelen a\u015f\u0131r\u0131 ya\u011f\u0131\u015flar nedeniyle ya\u015fanan ta\u015fk\u0131nlar\u0131 \u00f6nlemek i\u00e7in haz\u0131rlad\u0131\u011f\u0131 ya\u011fmur suyu ve kanal ayr\u0131\u015ft\u0131rma projelerini tek tek hayata ge\u00e7iriyor. Bu kapsamda \u0130ZSU Genel M\u00fcd\u00fcrl\u00fc\u011f\u00fc\u2019n\u00fcn, Bayrakl\u0131 Tepekule Mahallesi\u2019nde ba\u015flatt\u0131\u011f\u0131 toplam 4 kilometrelik ya\u011fmur suyu ve at\u0131k su hatt\u0131 projesinde y\u00fczde 60 seviyesine geldi. A\u015f\u0131r\u0131 ya\u011f\u0131\u015flar nedeniyle ya\u015fanabilecek su bask\u0131nlar\u0131n\u0131n \u00f6n\u00fcne ge\u00e7ecek proje yaz aylar\u0131nda tamamlanacak. TA\u015eKIN R\u0130SK\u0130 AZALACAK B\u00f6lgede birle\u015fik sistem \u00e7al\u0131\u015fan kanal ve ya\u011fmur suyu hatlar\u0131n\u0131 ay\u0131rd\u0131klar\u0131n\u0131 belirten \u0130ZSU Kanalizasyon Dairesi Ba\u015fkanl\u0131\u011f\u0131\u2019nda g\u00f6revli \u0130n\u015faat M\u00fchendisi Merve Karabulut, \u201cBu sayede ta\u015fk\u0131n riskleri azalacak, alt yap\u0131 sorunlar\u0131 kal\u0131c\u0131 \u00e7\u00f6z\u00fcme kavu\u015facak. Ayr\u0131ca projenin ikinci etab\u0131nda yer alan Muhittin Erener, \u00c7ay, Refik \u015eevket \u0130nce mahallelerinde de en k\u0131sa zamanda imalatlar\u0131m\u0131za ba\u015flayaca\u011f\u0131z. Ya\u011fmur suyu yat\u0131r\u0131mlar\u0131m\u0131z, ya\u011fmur sular\u0131n\u0131n at\u0131k su sisteminden ayr\u0131 bir hatla ta\u015f\u0131nmas\u0131n\u0131 sa\u011flayarak \u0130zmir K\u00f6rfezi\u2019nin temizlenme s\u00fcrecine de b\u00fcy\u00fck katk\u0131 sa\u011fl\u0131yor. Yap\u0131m s\u00fcreci boyunca vatanda\u015flar\u0131m\u0131za g\u00f6sterdikleri sab\u0131r, \u00f6zveri ve dayan\u0131\u015fma i\u00e7in te\u015fekk\u00fcr ederiz\u201d dedi. \u200b\u0130zmir B\u00fcy\u00fck\u015fehir Belediyesi \u0130ZSU Genel M\u00fcd\u00fcrl\u00fc\u011f\u00fc, Bayrakl\u0131 Tepekule Mahallesi\u2019nin altyap\u0131s\u0131n\u0131 g\u00fc\u00e7lendirecek ya\u011fmur suyu ve at\u0131k su hatt\u0131 imalat\u0131n\u0131n y\u00fczde 60\u2019l\u0131k k\u0131sm\u0131n\u0131 tamamlad\u0131.\u0130ZM\u0130R (\u0130GFA) &#8211;\u00a0\u0130zmir &hellip;<\/p>","protected":false},"author":1,"featured_media":0,"comment_status":"","ping_status":"open","sticky":false,"template":"","format":"standard","meta":{"_acf_changed":false,"footnotes":""},"categories":[24],"tags":[],"class_list":["post-80013","post","type-post","status-publish","format-standard","has-post-thumbnail","hentry","category-gundem"],"acf":[],"yoast_head":"<!-- This site is optimized with the Yoast SEO Premium plugin v26.6 (Yoast SEO v27.1.1) - https:\/\/yoast.com\/product\/yoast-seo-premium-wordpress\/ -->\n<title>\u0130ZSU\u2019dan Bayrakl\u0131\u2019da altyap\u0131 hamlesi - Av. Deniz Can K\u0131z\u0131l<\/title>\n<meta name=\"robots\" content=\"index, follow, max-snippet:-1, max-image-preview:large, max-video-preview:-1\" \/>\n<link rel=\"canonical\" href=\"https:\/\/denizcankizil.tr\/de\/haberler\/gundem\/izsudan-bayraklida-altyapi-hamlesi\/\" \/>\n<meta property=\"og:locale\" content=\"de_DE\" \/>\n<meta property=\"og:type\" content=\"article\" \/>\n<meta property=\"og:title\" content=\"\u0130ZSU\u2019dan Bayrakl\u0131\u2019da altyap\u0131 hamlesi\" \/>\n<meta property=\"og:description\" content=\"\u0130zmir B\u00fcy\u00fck\u015fehir Belediyesi \u0130ZSU Genel M\u00fcd\u00fcrl\u00fc\u011f\u00fc, Bayrakl\u0131 Tepekule Mahallesi\u2019nin altyap\u0131s\u0131n\u0131 g\u00fc\u00e7lendirecek ya\u011fmur suyu ve at\u0131k su hatt\u0131 imalat\u0131n\u0131n y\u00fczde 60\u2019l\u0131k k\u0131sm\u0131n\u0131 tamamlad\u0131.\u0130ZM\u0130R (\u0130GFA) &#8211;\u00a0\u0130zmir B\u00fcy\u00fck\u015fehir Belediyesi, k\u00fcresel \u0131s\u0131nma ve de\u011fi\u015fen iklim ko\u015fullar\u0131na ba\u011fl\u0131 olarak meydana gelen a\u015f\u0131r\u0131 ya\u011f\u0131\u015flar nedeniyle ya\u015fanan ta\u015fk\u0131nlar\u0131 \u00f6nlemek i\u00e7in haz\u0131rlad\u0131\u011f\u0131 ya\u011fmur suyu ve kanal ayr\u0131\u015ft\u0131rma projelerini tek tek hayata ge\u00e7iriyor. Bu kapsamda \u0130ZSU Genel M\u00fcd\u00fcrl\u00fc\u011f\u00fc\u2019n\u00fcn, Bayrakl\u0131 Tepekule Mahallesi\u2019nde ba\u015flatt\u0131\u011f\u0131 toplam 4 kilometrelik ya\u011fmur suyu ve at\u0131k su hatt\u0131 projesinde y\u00fczde 60 seviyesine geldi. A\u015f\u0131r\u0131 ya\u011f\u0131\u015flar nedeniyle ya\u015fanabilecek su bask\u0131nlar\u0131n\u0131n \u00f6n\u00fcne ge\u00e7ecek proje yaz aylar\u0131nda tamamlanacak. TA\u015eKIN R\u0130SK\u0130 AZALACAK B\u00f6lgede birle\u015fik sistem \u00e7al\u0131\u015fan kanal ve ya\u011fmur suyu hatlar\u0131n\u0131 ay\u0131rd\u0131klar\u0131n\u0131 belirten \u0130ZSU Kanalizasyon Dairesi Ba\u015fkanl\u0131\u011f\u0131\u2019nda g\u00f6revli \u0130n\u015faat M\u00fchendisi Merve Karabulut, \u201cBu sayede ta\u015fk\u0131n riskleri azalacak, alt yap\u0131 sorunlar\u0131 kal\u0131c\u0131 \u00e7\u00f6z\u00fcme kavu\u015facak. Ayr\u0131ca projenin ikinci etab\u0131nda yer alan Muhittin Erener, \u00c7ay, Refik \u015eevket \u0130nce mahallelerinde de en k\u0131sa zamanda imalatlar\u0131m\u0131za ba\u015flayaca\u011f\u0131z. Ya\u011fmur suyu yat\u0131r\u0131mlar\u0131m\u0131z, ya\u011fmur sular\u0131n\u0131n at\u0131k su sisteminden ayr\u0131 bir hatla ta\u015f\u0131nmas\u0131n\u0131 sa\u011flayarak \u0130zmir K\u00f6rfezi\u2019nin temizlenme s\u00fcrecine de b\u00fcy\u00fck katk\u0131 sa\u011fl\u0131yor. Yap\u0131m s\u00fcreci boyunca vatanda\u015flar\u0131m\u0131za g\u00f6sterdikleri sab\u0131r, \u00f6zveri ve dayan\u0131\u015fma i\u00e7in te\u015fekk\u00fcr ederiz\u201d dedi. \u200b\u0130zmir B\u00fcy\u00fck\u015fehir Belediyesi \u0130ZSU Genel M\u00fcd\u00fcrl\u00fc\u011f\u00fc, Bayrakl\u0131 Tepekule Mahallesi\u2019nin altyap\u0131s\u0131n\u0131 g\u00fc\u00e7lendirecek ya\u011fmur suyu ve at\u0131k su hatt\u0131 imalat\u0131n\u0131n y\u00fczde 60\u2019l\u0131k k\u0131sm\u0131n\u0131 tamamlad\u0131.\u0130ZM\u0130R (\u0130GFA) &#8211;\u00a0\u0130zmir &hellip;\" \/>\n<meta property=\"og:url\" content=\"https:\/\/denizcankizil.tr\/de\/haberler\/gundem\/izsudan-bayraklida-altyapi-hamlesi\/\" \/>\n<meta property=\"og:site_name\" content=\"Av. Deniz Can K\u0131z\u0131l\" \/>\n<meta property=\"article:published_time\" content=\"2025-05-08T10:42:59+00:00\" \/>\n<meta name=\"author\" content=\"admin\" \/>\n<meta name=\"twitter:card\" content=\"summary_large_image\" \/>\n<meta name=\"twitter:label1\" content=\"Verfasst von\" \/>\n\t<meta name=\"twitter:data1\" content=\"admin\" \/>\n\t<meta name=\"twitter:label2\" content=\"Gesch\u00e4tzte Lesezeit\" \/>\n\t<meta name=\"twitter:data2\" content=\"3\u00a0Minuten\" \/>\n<script type=\"application\/ld+json\" class=\"yoast-schema-graph\">{\"@context\":\"https:\/\/schema.org\",\"@graph\":[{\"@type\":\"Article\",\"@id\":\"https:\/\/denizcankizil.tr\/en\/haberler\/gundem\/izsudan-bayraklida-altyapi-hamlesi\/#article\",\"isPartOf\":{\"@id\":\"https:\/\/denizcankizil.tr\/en\/haberler\/gundem\/izsudan-bayraklida-altyapi-hamlesi\/\"},\"author\":{\"name\":\"admin\",\"@id\":\"https:\/\/denizcankizil.tr\/#\/schema\/person\/be3c05fe6a12686905512445d8185489\"},\"headline\":\"\u0130ZSU\u2019dan Bayrakl\u0131\u2019da altyap\u0131 hamlesi\",\"datePublished\":\"2025-05-08T10:42:59+00:00\",\"mainEntityOfPage\":{\"@id\":\"https:\/\/denizcankizil.tr\/en\/haberler\/gundem\/izsudan-bayraklida-altyapi-hamlesi\/\"},\"wordCount\":594,\"publisher\":{\"@id\":\"https:\/\/denizcankizil.tr\/#organization\"},\"articleSection\":[\"G\u00fcndem\"],\"inLanguage\":\"de\"},{\"@type\":\"WebPage\",\"@id\":\"https:\/\/denizcankizil.tr\/en\/haberler\/gundem\/izsudan-bayraklida-altyapi-hamlesi\/\",\"url\":\"https:\/\/denizcankizil.tr\/en\/haberler\/gundem\/izsudan-bayraklida-altyapi-hamlesi\/\",\"name\":\"\u0130ZSU\u2019dan Bayrakl\u0131\u2019da altyap\u0131 hamlesi - Av. Deniz Can K\u0131z\u0131l\",\"isPartOf\":{\"@id\":\"https:\/\/denizcankizil.tr\/#website\"},\"datePublished\":\"2025-05-08T10:42:59+00:00\",\"breadcrumb\":{\"@id\":\"https:\/\/denizcankizil.tr\/en\/haberler\/gundem\/izsudan-bayraklida-altyapi-hamlesi\/#breadcrumb\"},\"inLanguage\":\"de\",\"potentialAction\":[{\"@type\":\"ReadAction\",\"target\":[\"https:\/\/denizcankizil.tr\/en\/haberler\/gundem\/izsudan-bayraklida-altyapi-hamlesi\/\"]}]},{\"@type\":\"BreadcrumbList\",\"@id\":\"https:\/\/denizcankizil.tr\/en\/haberler\/gundem\/izsudan-bayraklida-altyapi-hamlesi\/#breadcrumb\",\"itemListElement\":[{\"@type\":\"ListItem\",\"position\":1,\"name\":\"Home\",\"item\":\"https:\/\/denizcankizil.tr\/de\/\"},{\"@type\":\"ListItem\",\"position\":2,\"name\":\"\u0130ZSU\u2019dan Bayrakl\u0131\u2019da altyap\u0131 hamlesi\"}]},{\"@type\":\"WebSite\",\"@id\":\"https:\/\/denizcankizil.tr\/#website\",\"url\":\"https:\/\/denizcankizil.tr\/\",\"name\":\"Av. Deniz Can K\u0131z\u0131l\",\"description\":\"Avukat Deniz Can K\u0131z\u0131l Antalya Barosu\",\"publisher\":{\"@id\":\"https:\/\/denizcankizil.tr\/#organization\"},\"potentialAction\":[{\"@type\":\"SearchAction\",\"target\":{\"@type\":\"EntryPoint\",\"urlTemplate\":\"https:\/\/denizcankizil.tr\/?s={search_term_string}\"},\"query-input\":{\"@type\":\"PropertyValueSpecification\",\"valueRequired\":true,\"valueName\":\"search_term_string\"}}],\"inLanguage\":\"de\"},{\"@type\":\"Organization\",\"@id\":\"https:\/\/denizcankizil.tr\/#organization\",\"name\":\"Av. Deniz Can K\u0131z\u0131l\",\"url\":\"https:\/\/denizcankizil.tr\/\",\"logo\":{\"@type\":\"ImageObject\",\"inLanguage\":\"de\",\"@id\":\"https:\/\/denizcankizil.tr\/#\/schema\/logo\/image\/\",\"url\":\"https:\/\/denizcankizil.tr\/wp-content\/uploads\/2024\/10\/siyah-logo-svg.svg\",\"contentUrl\":\"https:\/\/denizcankizil.tr\/wp-content\/uploads\/2024\/10\/siyah-logo-svg.svg\",\"width\":1080,\"height\":1080,\"caption\":\"Av. Deniz Can K\u0131z\u0131l\"},\"image\":{\"@id\":\"https:\/\/denizcankizil.tr\/#\/schema\/logo\/image\/\"}},{\"@type\":\"Person\",\"@id\":\"https:\/\/denizcankizil.tr\/#\/schema\/person\/be3c05fe6a12686905512445d8185489\",\"name\":\"admin\",\"image\":{\"@type\":\"ImageObject\",\"inLanguage\":\"de\",\"@id\":\"https:\/\/denizcankizil.tr\/#\/schema\/person\/image\/\",\"url\":\"https:\/\/secure.gravatar.com\/avatar\/c1fce94c830dc79107e174f890d7210541c4a63e8e5d816341794a2151c9d58c?s=96&d=mm&r=g\",\"contentUrl\":\"https:\/\/secure.gravatar.com\/avatar\/c1fce94c830dc79107e174f890d7210541c4a63e8e5d816341794a2151c9d58c?s=96&d=mm&r=g\",\"caption\":\"admin\"},\"sameAs\":[\"http:\/\/denizcankizil.tr\"],\"url\":\"https:\/\/www.iskenderun.org\/izsudan-bayraklida-altyapi-hamlesi-1\"}]}<\/script>\n<!-- \/ Yoast SEO Premium plugin. -->","yoast_head_json":{"title":"\u0130ZSU\u2019dan Bayrakl\u0131\u2019da altyap\u0131 hamlesi - Av. Deniz Can K\u0131z\u0131l","robots":{"index":"index","follow":"follow","max-snippet":"max-snippet:-1","max-image-preview":"max-image-preview:large","max-video-preview":"max-video-preview:-1"},"canonical":"https:\/\/denizcankizil.tr\/de\/haberler\/gundem\/izsudan-bayraklida-altyapi-hamlesi\/","og_locale":"de_DE","og_type":"article","og_title":"\u0130ZSU\u2019dan Bayrakl\u0131\u2019da altyap\u0131 hamlesi","og_description":"\u0130zmir B\u00fcy\u00fck\u015fehir Belediyesi \u0130ZSU Genel M\u00fcd\u00fcrl\u00fc\u011f\u00fc, Bayrakl\u0131 Tepekule Mahallesi\u2019nin altyap\u0131s\u0131n\u0131 g\u00fc\u00e7lendirecek ya\u011fmur suyu ve at\u0131k su hatt\u0131 imalat\u0131n\u0131n y\u00fczde 60\u2019l\u0131k k\u0131sm\u0131n\u0131 tamamlad\u0131.\u0130ZM\u0130R (\u0130GFA) &#8211;\u00a0\u0130zmir B\u00fcy\u00fck\u015fehir Belediyesi, k\u00fcresel \u0131s\u0131nma ve de\u011fi\u015fen iklim ko\u015fullar\u0131na ba\u011fl\u0131 olarak meydana gelen a\u015f\u0131r\u0131 ya\u011f\u0131\u015flar nedeniyle ya\u015fanan ta\u015fk\u0131nlar\u0131 \u00f6nlemek i\u00e7in haz\u0131rlad\u0131\u011f\u0131 ya\u011fmur suyu ve kanal ayr\u0131\u015ft\u0131rma projelerini tek tek hayata ge\u00e7iriyor. Bu kapsamda \u0130ZSU Genel M\u00fcd\u00fcrl\u00fc\u011f\u00fc\u2019n\u00fcn, Bayrakl\u0131 Tepekule Mahallesi\u2019nde ba\u015flatt\u0131\u011f\u0131 toplam 4 kilometrelik ya\u011fmur suyu ve at\u0131k su hatt\u0131 projesinde y\u00fczde 60 seviyesine geldi. A\u015f\u0131r\u0131 ya\u011f\u0131\u015flar nedeniyle ya\u015fanabilecek su bask\u0131nlar\u0131n\u0131n \u00f6n\u00fcne ge\u00e7ecek proje yaz aylar\u0131nda tamamlanacak. TA\u015eKIN R\u0130SK\u0130 AZALACAK B\u00f6lgede birle\u015fik sistem \u00e7al\u0131\u015fan kanal ve ya\u011fmur suyu hatlar\u0131n\u0131 ay\u0131rd\u0131klar\u0131n\u0131 belirten \u0130ZSU Kanalizasyon Dairesi Ba\u015fkanl\u0131\u011f\u0131\u2019nda g\u00f6revli \u0130n\u015faat M\u00fchendisi Merve Karabulut, \u201cBu sayede ta\u015fk\u0131n riskleri azalacak, alt yap\u0131 sorunlar\u0131 kal\u0131c\u0131 \u00e7\u00f6z\u00fcme kavu\u015facak. Ayr\u0131ca projenin ikinci etab\u0131nda yer alan Muhittin Erener, \u00c7ay, Refik \u015eevket \u0130nce mahallelerinde de en k\u0131sa zamanda imalatlar\u0131m\u0131za ba\u015flayaca\u011f\u0131z. Ya\u011fmur suyu yat\u0131r\u0131mlar\u0131m\u0131z, ya\u011fmur sular\u0131n\u0131n at\u0131k su sisteminden ayr\u0131 bir hatla ta\u015f\u0131nmas\u0131n\u0131 sa\u011flayarak \u0130zmir K\u00f6rfezi\u2019nin temizlenme s\u00fcrecine de b\u00fcy\u00fck katk\u0131 sa\u011fl\u0131yor. Yap\u0131m s\u00fcreci boyunca vatanda\u015flar\u0131m\u0131za g\u00f6sterdikleri sab\u0131r, \u00f6zveri ve dayan\u0131\u015fma i\u00e7in te\u015fekk\u00fcr ederiz\u201d dedi. \u200b\u0130zmir B\u00fcy\u00fck\u015fehir Belediyesi \u0130ZSU Genel M\u00fcd\u00fcrl\u00fc\u011f\u00fc, Bayrakl\u0131 Tepekule Mahallesi\u2019nin altyap\u0131s\u0131n\u0131 g\u00fc\u00e7lendirecek ya\u011fmur suyu ve at\u0131k su hatt\u0131 imalat\u0131n\u0131n y\u00fczde 60\u2019l\u0131k k\u0131sm\u0131n\u0131 tamamlad\u0131.\u0130ZM\u0130R (\u0130GFA) &#8211;\u00a0\u0130zmir &hellip;","og_url":"https:\/\/denizcankizil.tr\/de\/haberler\/gundem\/izsudan-bayraklida-altyapi-hamlesi\/","og_site_name":"Av. Deniz Can K\u0131z\u0131l","article_published_time":"2025-05-08T10:42:59+00:00","author":"admin","twitter_card":"summary_large_image","twitter_misc":{"Verfasst von":"admin","Gesch\u00e4tzte Lesezeit":"3\u00a0Minuten"},"schema":{"@context":"https:\/\/schema.org","@graph":[{"@type":"Article","@id":"https:\/\/denizcankizil.tr\/en\/haberler\/gundem\/izsudan-bayraklida-altyapi-hamlesi\/#article","isPartOf":{"@id":"https:\/\/denizcankizil.tr\/en\/haberler\/gundem\/izsudan-bayraklida-altyapi-hamlesi\/"},"author":{"name":"admin","@id":"https:\/\/denizcankizil.tr\/#\/schema\/person\/be3c05fe6a12686905512445d8185489"},"headline":"\u0130ZSU\u2019dan Bayrakl\u0131\u2019da altyap\u0131 hamlesi","datePublished":"2025-05-08T10:42:59+00:00","mainEntityOfPage":{"@id":"https:\/\/denizcankizil.tr\/en\/haberler\/gundem\/izsudan-bayraklida-altyapi-hamlesi\/"},"wordCount":594,"publisher":{"@id":"https:\/\/denizcankizil.tr\/#organization"},"articleSection":["G\u00fcndem"],"inLanguage":"de"},{"@type":"WebPage","@id":"https:\/\/denizcankizil.tr\/en\/haberler\/gundem\/izsudan-bayraklida-altyapi-hamlesi\/","url":"https:\/\/denizcankizil.tr\/en\/haberler\/gundem\/izsudan-bayraklida-altyapi-hamlesi\/","name":"\u0130ZSU\u2019dan Bayrakl\u0131\u2019da altyap\u0131 hamlesi - Av. Deniz Can K\u0131z\u0131l","isPartOf":{"@id":"https:\/\/denizcankizil.tr\/#website"},"datePublished":"2025-05-08T10:42:59+00:00","breadcrumb":{"@id":"https:\/\/denizcankizil.tr\/en\/haberler\/gundem\/izsudan-bayraklida-altyapi-hamlesi\/#breadcrumb"},"inLanguage":"de","potentialAction":[{"@type":"ReadAction","target":["https:\/\/denizcankizil.tr\/en\/haberler\/gundem\/izsudan-bayraklida-altyapi-hamlesi\/"]}]},{"@type":"BreadcrumbList","@id":"https:\/\/denizcankizil.tr\/en\/haberler\/gundem\/izsudan-bayraklida-altyapi-hamlesi\/#breadcrumb","itemListElement":[{"@type":"ListItem","position":1,"name":"Home","item":"https:\/\/denizcankizil.tr\/de\/"},{"@type":"ListItem","position":2,"name":"\u0130ZSU\u2019dan Bayrakl\u0131\u2019da altyap\u0131 hamlesi"}]},{"@type":"WebSite","@id":"https:\/\/denizcankizil.tr\/#website","url":"https:\/\/denizcankizil.tr\/","name":"Av. Deniz Can K\u0131z\u0131l","description":"Avukat Deniz Can K\u0131z\u0131l Antalya Barosu","publisher":{"@id":"https:\/\/denizcankizil.tr\/#organization"},"potentialAction":[{"@type":"SearchAction","target":{"@type":"EntryPoint","urlTemplate":"https:\/\/denizcankizil.tr\/?s={search_term_string}"},"query-input":{"@type":"PropertyValueSpecification","valueRequired":true,"valueName":"search_term_string"}}],"inLanguage":"de"},{"@type":"Organization","@id":"https:\/\/denizcankizil.tr\/#organization","name":"Av. Deniz Can K\u0131z\u0131l","url":"https:\/\/denizcankizil.tr\/","logo":{"@type":"ImageObject","inLanguage":"de","@id":"https:\/\/denizcankizil.tr\/#\/schema\/logo\/image\/","url":"https:\/\/denizcankizil.tr\/wp-content\/uploads\/2024\/10\/siyah-logo-svg.svg","contentUrl":"https:\/\/denizcankizil.tr\/wp-content\/uploads\/2024\/10\/siyah-logo-svg.svg","width":1080,"height":1080,"caption":"Av. Deniz Can K\u0131z\u0131l"},"image":{"@id":"https:\/\/denizcankizil.tr\/#\/schema\/logo\/image\/"}},{"@type":"Person","@id":"https:\/\/denizcankizil.tr\/#\/schema\/person\/be3c05fe6a12686905512445d8185489","name":"Administrator","image":{"@type":"ImageObject","inLanguage":"de","@id":"https:\/\/denizcankizil.tr\/#\/schema\/person\/image\/","url":"https:\/\/secure.gravatar.com\/avatar\/c1fce94c830dc79107e174f890d7210541c4a63e8e5d816341794a2151c9d58c?s=96&d=mm&r=g","contentUrl":"https:\/\/secure.gravatar.com\/avatar\/c1fce94c830dc79107e174f890d7210541c4a63e8e5d816341794a2151c9d58c?s=96&d=mm&r=g","caption":"admin"},"sameAs":["http:\/\/denizcankizil.tr"],"url":"https:\/\/www.iskenderun.org\/izsudan-bayraklida-altyapi-hamlesi-1"}]}},"_links":{"self":[{"href":"https:\/\/denizcankizil.tr\/de\/wp-json\/wp\/v2\/posts\/80013","targetHints":{"allow":["GET"]}}],"collection":[{"href":"https:\/\/denizcankizil.tr\/de\/wp-json\/wp\/v2\/posts"}],"about":[{"href":"https:\/\/denizcankizil.tr\/de\/wp-json\/wp\/v2\/types\/post"}],"author":[{"embeddable":true,"href":"https:\/\/denizcankizil.tr\/de\/wp-json\/wp\/v2\/users\/1"}],"replies":[{"embeddable":true,"href":"https:\/\/denizcankizil.tr\/de\/wp-json\/wp\/v2\/comments?post=80013"}],"version-history":[{"count":0,"href":"https:\/\/denizcankizil.tr\/de\/wp-json\/wp\/v2\/posts\/80013\/revisions"}],"wp:attachment":[{"href":"https:\/\/denizcankizil.tr\/de\/wp-json\/wp\/v2\/media?parent=80013"}],"wp:term":[{"taxonomy":"category","embeddable":true,"href":"https:\/\/denizcankizil.tr\/de\/wp-json\/wp\/v2\/categories?post=80013"},{"taxonomy":"post_tag","embeddable":true,"href":"https:\/\/denizcankizil.tr\/de\/wp-json\/wp\/v2\/tags?post=80013"}],"curies":[{"name":"wp","href":"https:\/\/api.w.org\/{rel}","templated":true}]}}