{"id":79902,"date":"2025-05-08T11:43:20","date_gmt":"2025-05-08T08:43:20","guid":{"rendered":"https:\/\/denizcankizil.tr\/uncategorized-tr\/anneler-gunu-kutlamasi-nasil-basladi\/"},"modified":"2025-05-08T11:43:20","modified_gmt":"2025-05-08T08:43:20","slug":"anneler-gunu-kutlamasi-nasil-basladi","status":"publish","type":"post","link":"https:\/\/denizcankizil.tr\/de\/haberler\/gundem\/anneler-gunu-kutlamasi-nasil-basladi\/","title":{"rendered":"Anneler G\u00fcn\u00fc Kutlamas\u0131 Nas\u0131l Ba\u015flad\u0131"},"content":{"rendered":"<p>\u00a01876&#8217;da Ann Reeves Jarvis, 12 ya\u015f\u0131ndaki k\u0131z\u0131 Anna Jarvis&#8217;in de aralar\u0131nda bulundu\u011fu \u00f6\u011frencilerine bir sabah \u201cUmuyorum ki bir g\u00fcn birileri insanl\u0131\u011fa yapt\u0131\u011f\u0131 yard\u0131mlar\u0131ndan dolay\u0131 unutulmaz bir anneler g\u00fcn\u00fcnde an\u0131l\u0131r\u201d demi\u015f. Annesinin bu s\u00f6zleri kafas\u0131na kaz\u0131nan Anna, y\u0131llar sonra Anneler G\u00fcn\u00fc&#8217;ne de ilham olmu\u015f.<\/p>\n<p>Anneler G\u00fcn\u00fc&#8217;n\u00fcn kurucusu olarak kabul edilen Anna Jarvis 1908 y\u0131l\u0131nda annesinin an\u0131s\u0131na bir anma t\u00f6reni d\u00fczenler. Bu etkinlik annelerin fedak\u00e2rl\u0131\u011f\u0131n\u0131 ve sevgisini onurland\u0131rmak i\u00e7in haz\u0131rlan\u0131r. Ama Jarvis&#8217;in bu \u00e7abalar\u0131 1914 y\u0131l\u0131nda Amerika ba\u015fkan\u0131 Wilson taraf\u0131ndan resmi olarak Anneler G\u00fcn\u00fc ad\u0131yla kabul edilir.<\/p>\n<p>T\u00fcrkiye&#8217;de anneler g\u00fcn\u00fc ilk kez 1955 y\u0131l\u0131nda kutlan\u0131r. \u0130lk kez kutlanan bug\u00fcn\u00fcn amac\u0131 annelerin toplumdaki \u00f6nemini vurgulamak ve annelere sayg\u0131 g\u00f6ster olur. T\u00fcrkiye&#8217;de anneler g\u00fcn\u00fc her y\u0131l may\u0131s ay\u0131n\u0131n ikinci pazar g\u00fcn\u00fc kutlanmaya ba\u015flan\u0131r. T\u00fcrkiye&#8217;de bu \u00f6zel g\u00fcn bir\u00e7ok ki\u015fi taraf\u0131ndan kutlanan \u00f6nemli bir g\u00fcn olur. Hayatta olan anneler \u00e7ocuklar\u0131 taraf\u0131ndan \u00e7e\u015fitli hediyelerle kutlarken ebediyete intikal eden anneler i\u00e7in de mezarlar\u0131\u00a0 ziyaret edilerek\u00a0 dualar edilen bir g\u00fcn olur.<\/p>\n<p>\u00c7ocuklar anneleri i\u00e7in ne hediye alabiliriz sorusunu \u00e7ok sorarlar. ihtiyaca g\u00f6re her t\u00fcrl\u00fc \u00fcr\u00fcn hediye olarak se\u00e7ilir .Ancak en de\u011ferli en \u00e7ok tercih edilen anneler g\u00fcn\u00fc hediyesi \u00e7i\u00e7ek ilk s\u0131ray\u0131 almakta.<\/p>\n<p>\u200bHer y\u0131l\u0131n May\u0131s Ay\u0131n\u0131n ikinci haftas\u0131 Pazar g\u00fcn\u00fc kutlanan Anneler G\u00fcn\u00fc T\u00fcrkiye\u2019de ilk kez 1955 y\u0131l\u0131nda kutland\u0131.\u00a0<\/p>\n<p>\u200bHaberin Al\u0131nt\u0131land\u0131\u011f\u0131 Kaynak: www.iskenderun.org<\/p>","protected":false},"excerpt":{"rendered":"<p>\u00a01876&#8217;da Ann Reeves Jarvis, 12 ya\u015f\u0131ndaki k\u0131z\u0131 Anna Jarvis&#8217;in de aralar\u0131nda bulundu\u011fu \u00f6\u011frencilerine bir sabah \u201cUmuyorum ki bir g\u00fcn birileri insanl\u0131\u011fa yapt\u0131\u011f\u0131 yard\u0131mlar\u0131ndan dolay\u0131 unutulmaz bir anneler g\u00fcn\u00fcnde an\u0131l\u0131r\u201d demi\u015f. Annesinin bu s\u00f6zleri kafas\u0131na kaz\u0131nan Anna, y\u0131llar sonra Anneler G\u00fcn\u00fc&#8217;ne de ilham olmu\u015f. Anneler G\u00fcn\u00fc&#8217;n\u00fcn kurucusu olarak kabul edilen Anna Jarvis 1908 y\u0131l\u0131nda annesinin an\u0131s\u0131na bir anma t\u00f6reni d\u00fczenler. Bu etkinlik annelerin fedak\u00e2rl\u0131\u011f\u0131n\u0131 ve sevgisini onurland\u0131rmak i\u00e7in haz\u0131rlan\u0131r. Ama Jarvis&#8217;in bu \u00e7abalar\u0131 1914 y\u0131l\u0131nda Amerika ba\u015fkan\u0131 Wilson taraf\u0131ndan resmi olarak Anneler G\u00fcn\u00fc ad\u0131yla kabul edilir. T\u00fcrkiye&#8217;de anneler g\u00fcn\u00fc ilk kez 1955 y\u0131l\u0131nda kutlan\u0131r. \u0130lk kez kutlanan bug\u00fcn\u00fcn amac\u0131 annelerin toplumdaki \u00f6nemini vurgulamak ve annelere sayg\u0131 g\u00f6ster olur. T\u00fcrkiye&#8217;de anneler g\u00fcn\u00fc her y\u0131l may\u0131s ay\u0131n\u0131n ikinci pazar g\u00fcn\u00fc kutlanmaya ba\u015flan\u0131r. T\u00fcrkiye&#8217;de bu \u00f6zel g\u00fcn bir\u00e7ok ki\u015fi taraf\u0131ndan kutlanan \u00f6nemli bir g\u00fcn olur. Hayatta olan anneler \u00e7ocuklar\u0131 taraf\u0131ndan \u00e7e\u015fitli hediyelerle kutlarken ebediyete intikal eden anneler i\u00e7in de mezarlar\u0131\u00a0 ziyaret edilerek\u00a0 dualar edilen bir g\u00fcn olur. \u00c7ocuklar anneleri i\u00e7in ne hediye alabiliriz sorusunu \u00e7ok sorarlar. ihtiyaca g\u00f6re her t\u00fcrl\u00fc \u00fcr\u00fcn hediye olarak se\u00e7ilir .Ancak en de\u011ferli en \u00e7ok tercih edilen anneler g\u00fcn\u00fc hediyesi \u00e7i\u00e7ek ilk s\u0131ray\u0131 almakta. \u200bHer y\u0131l\u0131n May\u0131s Ay\u0131n\u0131n ikinci haftas\u0131 Pazar g\u00fcn\u00fc kutlanan Anneler G\u00fcn\u00fc T\u00fcrkiye\u2019de ilk kez 1955 y\u0131l\u0131nda &hellip;<\/p>","protected":false},"author":1,"featured_media":0,"comment_status":"","ping_status":"open","sticky":false,"template":"","format":"standard","meta":{"_acf_changed":false,"footnotes":""},"categories":[24],"tags":[],"class_list":["post-79902","post","type-post","status-publish","format-standard","has-post-thumbnail","hentry","category-gundem"],"acf":[],"yoast_head":"<!-- This site is optimized with the Yoast SEO Premium plugin v26.6 (Yoast SEO v27.1.1) - https:\/\/yoast.com\/product\/yoast-seo-premium-wordpress\/ -->\n<title>Anneler G\u00fcn\u00fc Kutlamas\u0131 Nas\u0131l Ba\u015flad\u0131 - Av. Deniz Can K\u0131z\u0131l<\/title>\n<meta name=\"robots\" content=\"index, follow, max-snippet:-1, max-image-preview:large, max-video-preview:-1\" \/>\n<link rel=\"canonical\" href=\"https:\/\/denizcankizil.tr\/de\/haberler\/gundem\/anneler-gunu-kutlamasi-nasil-basladi\/\" \/>\n<meta property=\"og:locale\" content=\"de_DE\" \/>\n<meta property=\"og:type\" content=\"article\" \/>\n<meta property=\"og:title\" content=\"Anneler G\u00fcn\u00fc Kutlamas\u0131 Nas\u0131l Ba\u015flad\u0131\" \/>\n<meta property=\"og:description\" content=\"\u00a01876&#8217;da Ann Reeves Jarvis, 12 ya\u015f\u0131ndaki k\u0131z\u0131 Anna Jarvis&#8217;in de aralar\u0131nda bulundu\u011fu \u00f6\u011frencilerine bir sabah \u201cUmuyorum ki bir g\u00fcn birileri insanl\u0131\u011fa yapt\u0131\u011f\u0131 yard\u0131mlar\u0131ndan dolay\u0131 unutulmaz bir anneler g\u00fcn\u00fcnde an\u0131l\u0131r\u201d demi\u015f. Annesinin bu s\u00f6zleri kafas\u0131na kaz\u0131nan Anna, y\u0131llar sonra Anneler G\u00fcn\u00fc&#8217;ne de ilham olmu\u015f. Anneler G\u00fcn\u00fc&#8217;n\u00fcn kurucusu olarak kabul edilen Anna Jarvis 1908 y\u0131l\u0131nda annesinin an\u0131s\u0131na bir anma t\u00f6reni d\u00fczenler. Bu etkinlik annelerin fedak\u00e2rl\u0131\u011f\u0131n\u0131 ve sevgisini onurland\u0131rmak i\u00e7in haz\u0131rlan\u0131r. Ama Jarvis&#8217;in bu \u00e7abalar\u0131 1914 y\u0131l\u0131nda Amerika ba\u015fkan\u0131 Wilson taraf\u0131ndan resmi olarak Anneler G\u00fcn\u00fc ad\u0131yla kabul edilir. T\u00fcrkiye&#8217;de anneler g\u00fcn\u00fc ilk kez 1955 y\u0131l\u0131nda kutlan\u0131r. \u0130lk kez kutlanan bug\u00fcn\u00fcn amac\u0131 annelerin toplumdaki \u00f6nemini vurgulamak ve annelere sayg\u0131 g\u00f6ster olur. T\u00fcrkiye&#8217;de anneler g\u00fcn\u00fc her y\u0131l may\u0131s ay\u0131n\u0131n ikinci pazar g\u00fcn\u00fc kutlanmaya ba\u015flan\u0131r. T\u00fcrkiye&#8217;de bu \u00f6zel g\u00fcn bir\u00e7ok ki\u015fi taraf\u0131ndan kutlanan \u00f6nemli bir g\u00fcn olur. Hayatta olan anneler \u00e7ocuklar\u0131 taraf\u0131ndan \u00e7e\u015fitli hediyelerle kutlarken ebediyete intikal eden anneler i\u00e7in de mezarlar\u0131\u00a0 ziyaret edilerek\u00a0 dualar edilen bir g\u00fcn olur. \u00c7ocuklar anneleri i\u00e7in ne hediye alabiliriz sorusunu \u00e7ok sorarlar. ihtiyaca g\u00f6re her t\u00fcrl\u00fc \u00fcr\u00fcn hediye olarak se\u00e7ilir .Ancak en de\u011ferli en \u00e7ok tercih edilen anneler g\u00fcn\u00fc hediyesi \u00e7i\u00e7ek ilk s\u0131ray\u0131 almakta. \u200bHer y\u0131l\u0131n May\u0131s Ay\u0131n\u0131n ikinci haftas\u0131 Pazar g\u00fcn\u00fc kutlanan Anneler G\u00fcn\u00fc T\u00fcrkiye\u2019de ilk kez 1955 y\u0131l\u0131nda &hellip;\" \/>\n<meta property=\"og:url\" content=\"https:\/\/denizcankizil.tr\/de\/haberler\/gundem\/anneler-gunu-kutlamasi-nasil-basladi\/\" \/>\n<meta property=\"og:site_name\" content=\"Av. Deniz Can K\u0131z\u0131l\" \/>\n<meta property=\"article:published_time\" content=\"2025-05-08T08:43:20+00:00\" \/>\n<meta name=\"author\" content=\"admin\" \/>\n<meta name=\"twitter:card\" content=\"summary_large_image\" \/>\n<meta name=\"twitter:label1\" content=\"Verfasst von\" \/>\n\t<meta name=\"twitter:data1\" content=\"admin\" \/>\n\t<meta name=\"twitter:label2\" content=\"Gesch\u00e4tzte Lesezeit\" \/>\n\t<meta name=\"twitter:data2\" content=\"1\u00a0Minute\" \/>\n<script type=\"application\/ld+json\" class=\"yoast-schema-graph\">{\"@context\":\"https:\/\/schema.org\",\"@graph\":[{\"@type\":\"Article\",\"@id\":\"https:\/\/denizcankizil.tr\/de\/haberler\/gundem\/anneler-gunu-kutlamasi-nasil-basladi\/#article\",\"isPartOf\":{\"@id\":\"https:\/\/denizcankizil.tr\/de\/haberler\/gundem\/anneler-gunu-kutlamasi-nasil-basladi\/\"},\"author\":{\"name\":\"admin\",\"@id\":\"https:\/\/denizcankizil.tr\/#\/schema\/person\/be3c05fe6a12686905512445d8185489\"},\"headline\":\"Anneler G\u00fcn\u00fc Kutlamas\u0131 Nas\u0131l Ba\u015flad\u0131\",\"datePublished\":\"2025-05-08T08:43:20+00:00\",\"mainEntityOfPage\":{\"@id\":\"https:\/\/denizcankizil.tr\/de\/haberler\/gundem\/anneler-gunu-kutlamasi-nasil-basladi\/\"},\"wordCount\":303,\"publisher\":{\"@id\":\"https:\/\/denizcankizil.tr\/#organization\"},\"articleSection\":[\"G\u00fcndem\"],\"inLanguage\":\"de\"},{\"@type\":\"WebPage\",\"@id\":\"https:\/\/denizcankizil.tr\/de\/haberler\/gundem\/anneler-gunu-kutlamasi-nasil-basladi\/\",\"url\":\"https:\/\/denizcankizil.tr\/de\/haberler\/gundem\/anneler-gunu-kutlamasi-nasil-basladi\/\",\"name\":\"Anneler G\u00fcn\u00fc Kutlamas\u0131 Nas\u0131l Ba\u015flad\u0131 - Av. Deniz Can K\u0131z\u0131l\",\"isPartOf\":{\"@id\":\"https:\/\/denizcankizil.tr\/#website\"},\"datePublished\":\"2025-05-08T08:43:20+00:00\",\"breadcrumb\":{\"@id\":\"https:\/\/denizcankizil.tr\/de\/haberler\/gundem\/anneler-gunu-kutlamasi-nasil-basladi\/#breadcrumb\"},\"inLanguage\":\"de\",\"potentialAction\":[{\"@type\":\"ReadAction\",\"target\":[\"https:\/\/denizcankizil.tr\/de\/haberler\/gundem\/anneler-gunu-kutlamasi-nasil-basladi\/\"]}]},{\"@type\":\"BreadcrumbList\",\"@id\":\"https:\/\/denizcankizil.tr\/de\/haberler\/gundem\/anneler-gunu-kutlamasi-nasil-basladi\/#breadcrumb\",\"itemListElement\":[{\"@type\":\"ListItem\",\"position\":1,\"name\":\"Home\",\"item\":\"https:\/\/denizcankizil.tr\/de\/\"},{\"@type\":\"ListItem\",\"position\":2,\"name\":\"Anneler G\u00fcn\u00fc Kutlamas\u0131 Nas\u0131l Ba\u015flad\u0131\"}]},{\"@type\":\"WebSite\",\"@id\":\"https:\/\/denizcankizil.tr\/#website\",\"url\":\"https:\/\/denizcankizil.tr\/\",\"name\":\"Av. Deniz Can K\u0131z\u0131l\",\"description\":\"Avukat Deniz Can K\u0131z\u0131l Antalya Barosu\",\"publisher\":{\"@id\":\"https:\/\/denizcankizil.tr\/#organization\"},\"potentialAction\":[{\"@type\":\"SearchAction\",\"target\":{\"@type\":\"EntryPoint\",\"urlTemplate\":\"https:\/\/denizcankizil.tr\/?s={search_term_string}\"},\"query-input\":{\"@type\":\"PropertyValueSpecification\",\"valueRequired\":true,\"valueName\":\"search_term_string\"}}],\"inLanguage\":\"de\"},{\"@type\":\"Organization\",\"@id\":\"https:\/\/denizcankizil.tr\/#organization\",\"name\":\"Av. Deniz Can K\u0131z\u0131l\",\"url\":\"https:\/\/denizcankizil.tr\/\",\"logo\":{\"@type\":\"ImageObject\",\"inLanguage\":\"de\",\"@id\":\"https:\/\/denizcankizil.tr\/#\/schema\/logo\/image\/\",\"url\":\"https:\/\/denizcankizil.tr\/wp-content\/uploads\/2024\/10\/siyah-logo-svg.svg\",\"contentUrl\":\"https:\/\/denizcankizil.tr\/wp-content\/uploads\/2024\/10\/siyah-logo-svg.svg\",\"width\":1080,\"height\":1080,\"caption\":\"Av. Deniz Can K\u0131z\u0131l\"},\"image\":{\"@id\":\"https:\/\/denizcankizil.tr\/#\/schema\/logo\/image\/\"}},{\"@type\":\"Person\",\"@id\":\"https:\/\/denizcankizil.tr\/#\/schema\/person\/be3c05fe6a12686905512445d8185489\",\"name\":\"admin\",\"image\":{\"@type\":\"ImageObject\",\"inLanguage\":\"de\",\"@id\":\"https:\/\/denizcankizil.tr\/#\/schema\/person\/image\/\",\"url\":\"https:\/\/secure.gravatar.com\/avatar\/c1fce94c830dc79107e174f890d7210541c4a63e8e5d816341794a2151c9d58c?s=96&d=mm&r=g\",\"contentUrl\":\"https:\/\/secure.gravatar.com\/avatar\/c1fce94c830dc79107e174f890d7210541c4a63e8e5d816341794a2151c9d58c?s=96&d=mm&r=g\",\"caption\":\"admin\"},\"sameAs\":[\"http:\/\/denizcankizil.tr\"],\"url\":\"https:\/\/www.iskenderun.org\/anneler-gunu-kutlamasi-nasil-basladi\"}]}<\/script>\n<!-- \/ Yoast SEO Premium plugin. -->","yoast_head_json":{"title":"Anneler G\u00fcn\u00fc Kutlamas\u0131 Nas\u0131l Ba\u015flad\u0131 - Av. Deniz Can K\u0131z\u0131l","robots":{"index":"index","follow":"follow","max-snippet":"max-snippet:-1","max-image-preview":"max-image-preview:large","max-video-preview":"max-video-preview:-1"},"canonical":"https:\/\/denizcankizil.tr\/de\/haberler\/gundem\/anneler-gunu-kutlamasi-nasil-basladi\/","og_locale":"de_DE","og_type":"article","og_title":"Anneler G\u00fcn\u00fc Kutlamas\u0131 Nas\u0131l Ba\u015flad\u0131","og_description":"\u00a01876&#8217;da Ann Reeves Jarvis, 12 ya\u015f\u0131ndaki k\u0131z\u0131 Anna Jarvis&#8217;in de aralar\u0131nda bulundu\u011fu \u00f6\u011frencilerine bir sabah \u201cUmuyorum ki bir g\u00fcn birileri insanl\u0131\u011fa yapt\u0131\u011f\u0131 yard\u0131mlar\u0131ndan dolay\u0131 unutulmaz bir anneler g\u00fcn\u00fcnde an\u0131l\u0131r\u201d demi\u015f. Annesinin bu s\u00f6zleri kafas\u0131na kaz\u0131nan Anna, y\u0131llar sonra Anneler G\u00fcn\u00fc&#8217;ne de ilham olmu\u015f. Anneler G\u00fcn\u00fc&#8217;n\u00fcn kurucusu olarak kabul edilen Anna Jarvis 1908 y\u0131l\u0131nda annesinin an\u0131s\u0131na bir anma t\u00f6reni d\u00fczenler. Bu etkinlik annelerin fedak\u00e2rl\u0131\u011f\u0131n\u0131 ve sevgisini onurland\u0131rmak i\u00e7in haz\u0131rlan\u0131r. Ama Jarvis&#8217;in bu \u00e7abalar\u0131 1914 y\u0131l\u0131nda Amerika ba\u015fkan\u0131 Wilson taraf\u0131ndan resmi olarak Anneler G\u00fcn\u00fc ad\u0131yla kabul edilir. T\u00fcrkiye&#8217;de anneler g\u00fcn\u00fc ilk kez 1955 y\u0131l\u0131nda kutlan\u0131r. \u0130lk kez kutlanan bug\u00fcn\u00fcn amac\u0131 annelerin toplumdaki \u00f6nemini vurgulamak ve annelere sayg\u0131 g\u00f6ster olur. T\u00fcrkiye&#8217;de anneler g\u00fcn\u00fc her y\u0131l may\u0131s ay\u0131n\u0131n ikinci pazar g\u00fcn\u00fc kutlanmaya ba\u015flan\u0131r. T\u00fcrkiye&#8217;de bu \u00f6zel g\u00fcn bir\u00e7ok ki\u015fi taraf\u0131ndan kutlanan \u00f6nemli bir g\u00fcn olur. Hayatta olan anneler \u00e7ocuklar\u0131 taraf\u0131ndan \u00e7e\u015fitli hediyelerle kutlarken ebediyete intikal eden anneler i\u00e7in de mezarlar\u0131\u00a0 ziyaret edilerek\u00a0 dualar edilen bir g\u00fcn olur. \u00c7ocuklar anneleri i\u00e7in ne hediye alabiliriz sorusunu \u00e7ok sorarlar. ihtiyaca g\u00f6re her t\u00fcrl\u00fc \u00fcr\u00fcn hediye olarak se\u00e7ilir .Ancak en de\u011ferli en \u00e7ok tercih edilen anneler g\u00fcn\u00fc hediyesi \u00e7i\u00e7ek ilk s\u0131ray\u0131 almakta. \u200bHer y\u0131l\u0131n May\u0131s Ay\u0131n\u0131n ikinci haftas\u0131 Pazar g\u00fcn\u00fc kutlanan Anneler G\u00fcn\u00fc T\u00fcrkiye\u2019de ilk kez 1955 y\u0131l\u0131nda &hellip;","og_url":"https:\/\/denizcankizil.tr\/de\/haberler\/gundem\/anneler-gunu-kutlamasi-nasil-basladi\/","og_site_name":"Av. Deniz Can K\u0131z\u0131l","article_published_time":"2025-05-08T08:43:20+00:00","author":"admin","twitter_card":"summary_large_image","twitter_misc":{"Verfasst von":"admin","Gesch\u00e4tzte Lesezeit":"1\u00a0Minute"},"schema":{"@context":"https:\/\/schema.org","@graph":[{"@type":"Article","@id":"https:\/\/denizcankizil.tr\/de\/haberler\/gundem\/anneler-gunu-kutlamasi-nasil-basladi\/#article","isPartOf":{"@id":"https:\/\/denizcankizil.tr\/de\/haberler\/gundem\/anneler-gunu-kutlamasi-nasil-basladi\/"},"author":{"name":"admin","@id":"https:\/\/denizcankizil.tr\/#\/schema\/person\/be3c05fe6a12686905512445d8185489"},"headline":"Anneler G\u00fcn\u00fc Kutlamas\u0131 Nas\u0131l Ba\u015flad\u0131","datePublished":"2025-05-08T08:43:20+00:00","mainEntityOfPage":{"@id":"https:\/\/denizcankizil.tr\/de\/haberler\/gundem\/anneler-gunu-kutlamasi-nasil-basladi\/"},"wordCount":303,"publisher":{"@id":"https:\/\/denizcankizil.tr\/#organization"},"articleSection":["G\u00fcndem"],"inLanguage":"de"},{"@type":"WebPage","@id":"https:\/\/denizcankizil.tr\/de\/haberler\/gundem\/anneler-gunu-kutlamasi-nasil-basladi\/","url":"https:\/\/denizcankizil.tr\/de\/haberler\/gundem\/anneler-gunu-kutlamasi-nasil-basladi\/","name":"Anneler G\u00fcn\u00fc Kutlamas\u0131 Nas\u0131l Ba\u015flad\u0131 - Av. Deniz Can K\u0131z\u0131l","isPartOf":{"@id":"https:\/\/denizcankizil.tr\/#website"},"datePublished":"2025-05-08T08:43:20+00:00","breadcrumb":{"@id":"https:\/\/denizcankizil.tr\/de\/haberler\/gundem\/anneler-gunu-kutlamasi-nasil-basladi\/#breadcrumb"},"inLanguage":"de","potentialAction":[{"@type":"ReadAction","target":["https:\/\/denizcankizil.tr\/de\/haberler\/gundem\/anneler-gunu-kutlamasi-nasil-basladi\/"]}]},{"@type":"BreadcrumbList","@id":"https:\/\/denizcankizil.tr\/de\/haberler\/gundem\/anneler-gunu-kutlamasi-nasil-basladi\/#breadcrumb","itemListElement":[{"@type":"ListItem","position":1,"name":"Home","item":"https:\/\/denizcankizil.tr\/de\/"},{"@type":"ListItem","position":2,"name":"Anneler G\u00fcn\u00fc Kutlamas\u0131 Nas\u0131l Ba\u015flad\u0131"}]},{"@type":"WebSite","@id":"https:\/\/denizcankizil.tr\/#website","url":"https:\/\/denizcankizil.tr\/","name":"Av. Deniz Can K\u0131z\u0131l","description":"Avukat Deniz Can K\u0131z\u0131l Antalya Barosu","publisher":{"@id":"https:\/\/denizcankizil.tr\/#organization"},"potentialAction":[{"@type":"SearchAction","target":{"@type":"EntryPoint","urlTemplate":"https:\/\/denizcankizil.tr\/?s={search_term_string}"},"query-input":{"@type":"PropertyValueSpecification","valueRequired":true,"valueName":"search_term_string"}}],"inLanguage":"de"},{"@type":"Organization","@id":"https:\/\/denizcankizil.tr\/#organization","name":"Av. Deniz Can K\u0131z\u0131l","url":"https:\/\/denizcankizil.tr\/","logo":{"@type":"ImageObject","inLanguage":"de","@id":"https:\/\/denizcankizil.tr\/#\/schema\/logo\/image\/","url":"https:\/\/denizcankizil.tr\/wp-content\/uploads\/2024\/10\/siyah-logo-svg.svg","contentUrl":"https:\/\/denizcankizil.tr\/wp-content\/uploads\/2024\/10\/siyah-logo-svg.svg","width":1080,"height":1080,"caption":"Av. Deniz Can K\u0131z\u0131l"},"image":{"@id":"https:\/\/denizcankizil.tr\/#\/schema\/logo\/image\/"}},{"@type":"Person","@id":"https:\/\/denizcankizil.tr\/#\/schema\/person\/be3c05fe6a12686905512445d8185489","name":"Administrator","image":{"@type":"ImageObject","inLanguage":"de","@id":"https:\/\/denizcankizil.tr\/#\/schema\/person\/image\/","url":"https:\/\/secure.gravatar.com\/avatar\/c1fce94c830dc79107e174f890d7210541c4a63e8e5d816341794a2151c9d58c?s=96&d=mm&r=g","contentUrl":"https:\/\/secure.gravatar.com\/avatar\/c1fce94c830dc79107e174f890d7210541c4a63e8e5d816341794a2151c9d58c?s=96&d=mm&r=g","caption":"admin"},"sameAs":["http:\/\/denizcankizil.tr"],"url":"https:\/\/www.iskenderun.org\/anneler-gunu-kutlamasi-nasil-basladi"}]}},"_links":{"self":[{"href":"https:\/\/denizcankizil.tr\/de\/wp-json\/wp\/v2\/posts\/79902","targetHints":{"allow":["GET"]}}],"collection":[{"href":"https:\/\/denizcankizil.tr\/de\/wp-json\/wp\/v2\/posts"}],"about":[{"href":"https:\/\/denizcankizil.tr\/de\/wp-json\/wp\/v2\/types\/post"}],"author":[{"embeddable":true,"href":"https:\/\/denizcankizil.tr\/de\/wp-json\/wp\/v2\/users\/1"}],"replies":[{"embeddable":true,"href":"https:\/\/denizcankizil.tr\/de\/wp-json\/wp\/v2\/comments?post=79902"}],"version-history":[{"count":0,"href":"https:\/\/denizcankizil.tr\/de\/wp-json\/wp\/v2\/posts\/79902\/revisions"}],"wp:attachment":[{"href":"https:\/\/denizcankizil.tr\/de\/wp-json\/wp\/v2\/media?parent=79902"}],"wp:term":[{"taxonomy":"category","embeddable":true,"href":"https:\/\/denizcankizil.tr\/de\/wp-json\/wp\/v2\/categories?post=79902"},{"taxonomy":"post_tag","embeddable":true,"href":"https:\/\/denizcankizil.tr\/de\/wp-json\/wp\/v2\/tags?post=79902"}],"curies":[{"name":"wp","href":"https:\/\/api.w.org\/{rel}","templated":true}]}}