{"id":7953,"date":"2024-10-25T13:42:05","date_gmt":"2024-10-25T10:42:05","guid":{"rendered":"https:\/\/denizcankizil.tr\/uncategorized-tr\/ilber-ortaylidan-turizm-cikisi-sahillerimiz-bize-yetmiyor-bu-anlayisi-terk-edin\/"},"modified":"2024-10-25T13:42:05","modified_gmt":"2024-10-25T10:42:05","slug":"ilber-ortaylidan-turizm-cikisi-sahillerimiz-bize-yetmiyor-bu-anlayisi-terk-edin","status":"publish","type":"post","link":"https:\/\/denizcankizil.tr\/de\/haberler\/gundem\/ilber-ortaylidan-turizm-cikisi-sahillerimiz-bize-yetmiyor-bu-anlayisi-terk-edin\/","title":{"rendered":"\u0130lber Ortayl\u0131\u2019dan turizm \u00e7\u0131k\u0131\u015f\u0131: \u201cSahillerimiz bize yetmiyor, bu anlay\u0131\u015f\u0131 terk edin\u201d"},"content":{"rendered":"<p>Antalya B\u00fcy\u00fck\u015fehir Belediyesi&#8217;nin ev sahipli\u011finde bu y\u0131l 25 Ekim- 3 Kas\u0131m tarihleri aras\u0131nda d\u00fczenlenecek olan 14. Antalya Kitap Fuar\u0131, Cam Piramit Fuar ve Kongre Merkezi&#8217;nde bir kez daha kap\u0131lar\u0131n\u0131 kitapseverlere a\u00e7t\u0131. Antalya Kitap Fuar\u0131\u2019n\u0131n a\u00e7\u0131l\u0131\u015f\u0131 Antalya Valisi Hulusi \u015eahin, Antalya B\u00fcy\u00fck\u015fehir Belediyesi Ba\u015fkan Vekili B\u00fc\u015fra \u00d6zdemir, Antalya \u0130l Emniyet M\u00fcd\u00fcr\u00fc \u0130lker Aslan, CHP Antalya \u0130l Ba\u015fkan\u0131 Nail Kamac\u0131, Konyaalt\u0131 Belediye Ba\u015fkan\u0131 Cem Kotan, D\u00f6\u015femealt\u0131 Belediye Ba\u015fkan\u0131 Menderes Dal, Tarih\u00e7i Akademisyen Prof. Dr. \u0130lber Ortayl\u0131 ve kitapseverlerin kat\u0131l\u0131m\u0131yla ger\u00e7ekle\u015ftirildi. Ba\u015fkan Muhittin B\u00f6cek\u2019in ise daha \u00f6nceden planlanan bir yurtd\u0131\u015f\u0131 program\u0131ndan dolay\u0131 kat\u0131lamad\u0131\u011f\u0131 \u00f6\u011frenildi. Antalya Kitap Fuar\u0131\u2019nda bu y\u0131l 271 yazar ve 225 ulusal ve uluslararas\u0131 yay\u0131nevi Antalyal\u0131larla bulu\u015facak. Antalyal\u0131 yerel yazarlar da a\u00e7\u0131lacak stantta okurlar\u0131yla bir araya gelecek.\u00a0<\/p>\n<p>ONUR KONU\u011eU BA\u015eBU\u011e<\/p>\n<p>Fuar\u0131n onur konu\u011fu \u0130lker Ba\u015fbu\u011f olacak. Ba\u015fkan Muhittin B\u00f6cek\u2019in de iki kitab\u0131n\u0131 okurlar\u0131 i\u00e7in imzalayaca\u011f\u0131 fuarda; CHP Grup Ba\u015fkan Vekili Ali Mahir Ba\u015far\u0131r, \u0130lber Ortayl\u0131, \u0130smail K\u00fc\u00e7\u00fckkaya, \u0130clal Ayd\u0131n, \u00dcmit \u00d6zda\u011f, Gani M\u00fcjde, Tuna Kiremitci, Doktor Dilek Kaya \u0130mamo\u011flu, Bar\u0131\u015f Terko\u011flu, Timur Soykan, Sayg\u0131 \u00d6zt\u00fcrk, Hidayet Karaku\u015f, Erol M\u00fctercimler, \u0130nci Aral, Kemal Varol, Enver Aysever, Ahmet Telli gibi birbirinden de\u011ferli yazarlar Antalyal\u0131 kitapseverler ile bulu\u015facak.<\/p>\n<p>EN B\u00dcY\u00dcK K\u0130TAP FUARI<\/p>\n<p>Fuar\u0131n a\u00e7\u0131l\u0131\u015f konu\u015fmas\u0131n\u0131 ger\u00e7ekle\u015ftiren Antalya B\u00fcy\u00fck\u015fehir Belediyesi CHP Grup S\u00f6zc\u00fcs\u00fc ve Ba\u015fkanvekili B\u00fc\u015fra \u00d6zdemir, \u201c\u00d6ncelikle Kahramankazan tesislerinde ya\u015fanan hain ter\u00f6r sald\u0131r\u0131s\u0131nda kaybetti\u011fimiz \u015fehitlerimize Allah&#8217;tan rahmet, yaral\u0131lar\u0131m\u0131za acil \u015fifalar diliyorum. Aziz milletimizin ba\u015f\u0131 sa\u011f olsun. T\u00fcrkiye&#8217;nin en b\u00fcy\u00fck kitap fuar\u0131 olma \u00f6zelli\u011fi ta\u015f\u0131yan Antalya Kitap Fuar\u0131&#8217;n\u0131 bu y\u0131l da kitapseverlerle bulu\u015fturuyor olman\u0131n hakl\u0131 gururunu ya\u015fad\u0131\u011f\u0131m\u0131z\u0131 ifade etmek istiyorum. Kitap fuar\u0131m\u0131z sayesinde kitaplara olan ilginin artarak s\u00fcr\u00fcyor oldu\u011funu g\u00f6rmek ve fuar\u0131m\u0131z\u0131n her y\u0131l bir \u00f6nceki y\u0131ldan daha fazla ziyaret\u00e7i a\u011f\u0131rlamas\u0131 okumak laz\u0131m diyerek \u00e7\u0131kt\u0131\u011f\u0131m\u0131z bu on d\u00f6rt y\u0131ll\u0131k eme\u011fin en g\u00fczel kar\u015f\u0131l\u0131\u011f\u0131d\u0131r. Her ya\u015ftan kitapseverin be\u011fenisine hitap edecek s\u00f6yle\u015filerin yan\u0131 s\u0131ra on binlerce kitab\u0131n okurlar\u0131yla bulu\u015fmas\u0131n\u0131 bekledi\u011fim fuar\u0131m\u0131za t\u00fcm Antalyal\u0131lar\u0131 davet ediyorum\u201d dedi.\u00a0<\/p>\n<p>\u0130NSAN OLMAK TEMASIYLA<\/p>\n<p>Fuar\u0131n insanl\u0131k temas\u0131 ile d\u00fczenlediklerini belirten \u00d6zdemir, \u201cBu y\u0131l \u00f6zellikle son d\u00f6nemlerde ya\u015fad\u0131\u011f\u0131m\u0131z kad\u0131nlara, \u00e7ocuklara, hayvanlara, do\u011faya, hatta yeni do\u011fan bebeklere kadar uzanan kan dondurucu vah\u015fetler nedeniyle kendimizi, insanl\u0131\u011f\u0131m\u0131z\u0131 sorgulamak, insanl\u0131\u011fa \u00e7a\u011fr\u0131 yapmak amac\u0131yla insan olmak temas\u0131yla kar\u015f\u0131n\u0131za \u00e7\u0131k\u0131yoruz. \u015eehit haberleri almad\u0131\u011f\u0131m\u0131z kad\u0131nlara y\u00f6nelik \u015fiddetin son buldu\u011fu, \u00e7ocuklar\u0131m\u0131z\u0131n g\u00fcvende oldu\u011fu, hayvanlar\u0131n katledilmedi\u011fi, do\u011fam\u0131za el uzat\u0131lmad\u0131\u011f\u0131, hele hele yeni do\u011fan bebeklerimizin en temel hak olan ya\u015fama hakk\u0131n\u0131n elinden al\u0131nmad\u0131\u011f\u0131 bir T\u00fcrkiye&#8217;de ya\u015famak istiyoruz. Bizlere do\u011fruyu \u00f6\u011fretecek ve g\u00f6sterecek olan sosyal medya mecralar\u0131nda g\u00f6rd\u00fcklerimiz oku de\u011fil kitaplar aras\u0131nda adeta bir hazine gibi sakl\u0131 olan ger\u00e7ek bilgilerdir. Yeniden ayd\u0131nlanmaya ihtiya\u00e7 duydu\u011fumuz bir s\u00fcre\u00e7ten ge\u00e7erken bilginin en de\u011ferli hazine oldu\u011funun bilinciyle \u00e7a\u011fda\u015f T\u00fcrkiye&#8217;yi kitaplarla, e\u011fitimle, bilimle ve atam\u0131z\u0131n ilkelerine s\u0131k\u0131 s\u0131k\u0131ya ba\u011fl\u0131l\u0131kla in\u015fa edece\u011fiz\u201d s\u00f6zlerine yer verdi.\u00a0<\/p>\n<p>DAHA DA G\u00dc\u00c7LEND\u0130R\u0130R<\/p>\n<p>Konu\u015fmas\u0131na TUSA\u015e \u015fehitlerini anarak ba\u015flayan Antalya Valisi Hulusi \u015eahin, \u201cB\u00f6l\u00fcc\u00fc ter\u00f6r bizi sadece daha da daha da g\u00fc\u00e7lendirir, kararl\u0131 hale getirir. Asla y\u0131ld\u0131ramaz. T\u00fcrk milleti \u00e7ok sa\u011flam temellere oturtulmu\u015f bir ideolojiyle kurulmu\u015f bir devlettir. Bundan kimsenin \u015f\u00fcphesi olmas\u0131n. Buraya gelmeden hemen \u00f6nce hocam Ziya G\u00f6kalp&#8217;in vefat\u0131n\u0131n y\u00fcz\u00fcnc\u00fc y\u0131l\u0131 m\u00fcnasebetiyle Akdeniz \u00dcniversitesi&#8217;nde bir etkinlik vard\u0131. Oradan geliyoruz. Ziya G\u00f6kalp&#8217;in millet tan\u0131m\u0131nda ortak k\u00fclt\u00fcr, ortak gelecek tasavvuru, ortak ahlak ve ortak estetik anlay\u0131\u015f\u0131 var. Kan ba\u011f\u0131 yok. \u00c7\u00fcnk\u00fc bir mefkure etraf\u0131nda toplan\u0131yorsunuz. Ziya G\u00f6kalp kan\u0131 diyor atlarda ararlar diyor. \u0130nsan\u0131n birbirine duygular\u0131 ile ba\u011fland\u0131\u011f\u0131n\u0131 ifade ediyor. \u0130\u015fte bu millet bu sayede ayakta duruyor. Atat\u00fcrk de bu d\u00fc\u015f\u00fcncenin meyvesi olarak ne mutlu T\u00fcrk&#8217;\u00fcm diyene dedi. Kurulu\u015f form\u00fcl\u00fcn\u00fc a\u00e7\u0131klad\u0131\u201d dedi.\u00a0<\/p>\n<p>\u00c7OK PARALI AZ SAYIDA TUR\u0130ST<\/p>\n<p>Prof. Dr. \u0130lber Ortayl\u0131 ise konu\u015fmas\u0131nda \u015fu s\u00f6zlere yer verdi: \u201cAkdeniz \u00dcniversitesi&#8217;nin kalabal\u0131k say\u0131s\u0131ndaki say\u0131daki \u00f6\u011frencisi ve b\u00fct\u00fcn Antalyal\u0131lar\u0131n tam manas\u0131yla toplama bir \u015fiirdir. T\u00fcrkiye&#8217;nin d\u00f6rt taraf\u0131ndan ama \u00f6zellikle b\u00fcy\u00fck \u015fehirlerden emeklilik veya sa\u011fl\u0131k nedeniyle buraya gelmi\u015flerdir. Bunlara hitap edecek kurumlar gereklidir. Yani Antalya\u2019y\u0131 turizm merkezi olarak g\u00f6remeyiz. Ve in\u015fallah da zaten bug\u00fcnk\u00fc turizm anlay\u0131\u015f\u0131ndan \u00e7\u0131kar. Sadece \u00e7ok paral\u0131, az say\u0131daki turist yeri olur. Zira vatan\u0131m\u0131z\u0131n varl\u0131kl\u0131 turistleri bar\u0131nd\u0131racak kadar asl\u0131nda geni\u015f ve imkanl\u0131 bir yer oldu\u011funu unutmamam\u0131z laz\u0131m. Yani buras\u0131 ne Yunanistan ne \u0130talya ne \u0130spanya. Sahillerimiz bize bile yetmiyor. Ekilecek arazileri otel yapamay\u0131z. Bu \u00e7ok a\u00e7\u0131k bir \u015fey. \u00c7\u00fcnk\u00fc ayn\u0131 zamanda da bereketli bir yurt. Kendimizi beslememiz laz\u0131m. Bizim anti tiyatrolar\u0131m\u0131z\u0131n say\u0131s\u0131 \u0130talya, Yunanistan\u2019dan fazlad\u0131r\u201d dedi.<\/p>\n<p>\u0130FT\u0130HAR EDER\u0130Z<\/p>\n<p>Demre&#8217;de yani eski Mira&#8217;da muhte\u015fem bir tiyatro daha aya\u011fa kald\u0131\u011f\u0131n\u0131 dikkat \u00e7eken Prof. Dr. \u0130lber Ortayl\u0131, \u201c\u0130n\u015fallah oralarda da orkestra konser dinleyece\u011fiz. Da\u011flarda oturmaz Romal\u0131lar ve Yunanl\u0131lar. Bir tek burada da\u011fda oturuyorlar. Gen\u00e7li\u011fimizi bu konuda e\u011fitmek gerekiyor. Bug\u00fcn d\u00fcnyan\u0131n bu kesiminde b\u00f6yle safkan millet yoktur. Bu m\u00fcmk\u00fcn de\u011fildir. \u00c7\u00fcnk\u00fc buralardaki n\u00fcfuslar yani milli s\u0131n\u0131rlar i\u00e7indeki n\u00fcfuslar\u0131n hemen hepsi y\u00fcz milyonun alt\u0131ndad\u0131r. Bug\u00fcnk\u00fc hesapla tarihi olarak bundan \u00e7ok yak\u0131n zamanda kadar her biri 20-30 milyonu ge\u00e7meyen \u015feylerdi. Fakat biz bir T\u00fcrk d\u00fcnyas\u0131n\u0131n mensuplar\u0131y\u0131z. Bu T\u00fcrk d\u00fcnyas\u0131n\u0131n da \u00f6v\u00fcnece\u011fi bir \u015fey varsa ba\u015fka k\u00fclt\u00fcrlerle kar\u0131\u015fm\u0131\u015f olmakt\u0131r. E\u011fer dilimizin y\u00fczde 40\u2019\u0131 Fars\u00e7a ve onun yoluyla giren Arap\u00e7a kelimelerden olu\u015fuyorsa \u015fiirimizde Fars\u00e7a melodik ve ger\u00e7ekten \u015fiir dili \u00e7ok b\u00fcy\u00fck bir rol oynuyorsa bundan utanmak de\u011fil ancak iftihar ederiz\u201d a\u00e7\u0131klamas\u0131na yer verdi.\u00a0<\/p>\n<p>PATIR PITIR KONU\u015eUYORSUNUZ<\/p>\n<p>T\u00fcrklerim \u00e7abuk \u00f6\u011frenen bir millet oldu\u011funu vurgulayan Prof. Dr. \u0130lber Ortayl\u0131, \u201cT\u00fcrkler \u00e7abuk \u00f6rg\u00fctlenen, \u00e7ok kolay ve gerekli \u015fekilde taklit edebilen, bazen de bu konuda zevksiz \u00f6rnekler verseler de bir birlik etraf\u0131nda toplanan insanlard\u0131r. T\u00fcrkiye eski milletlerin topra\u011f\u0131d\u0131r. Bunu bize hissettirecek olan edebiyat\u0131m\u0131zd\u0131r. Edebiyat okudu\u011fumuz takdirde kitaplar\u0131 sessiz bile okusan\u0131z en az\u0131ndan \u015fu gen\u00e7li\u011fimize musallat olan k\u00f6t\u00fc T\u00fcrk\u00e7e ortadan kalkar. Pat\u0131r p\u0131t\u0131r konu\u015fuyorsunuz. B\u00f6yle bir T\u00fcrk\u00e7e konu\u015fursan\u0131z size s\u00f6yl\u00fcyorum. Yabanc\u0131 dil de konu\u015famayacaks\u0131n\u0131z. 8 tane sesli harf vard\u0131r. Telaffuzu \u00e7ok \u00f6zg\u00fcnd\u00fcr. G\u0131rtlaktan, oradan, buradan, geninizden, midenize kadar uzanmaz sesler. Di\u015f ve dudak aras\u0131ndad\u0131r. Onun i\u00e7in gayet a\u00e7\u0131k. Melodik bir telaffuzu vard\u0131r. Ba\u015fka dillerde b\u00f6yledir\u201d dedi.\u00a0<\/p>\n<p>\u200bAntalya\u2019da 14&#8217;\u00fcnc\u00fc Kitap Fuar\u0131\u2019nda konu\u015fan Tarih\u00e7i, Yazar ve Akademisyen Prof. Dr. \u0130lber Ortayl\u0131, Antalya\u2019n\u0131n sadece bir turizm kenti olarak g\u00f6r\u00fclmemesini istedi. Ortayl\u0131, \u201c\u0130n\u015fallah Antalya bug\u00fcnk\u00fc turizm anlay\u0131\u015f\u0131ndan \u00e7\u0131kar. Sadece \u00e7ok paral\u0131, az say\u0131daki turistin yeri olur. Sahillerimiz bize yetmiyor, ekilecek arazilere otel yapamay\u0131z. Bu \u00e7ok a\u00e7\u0131k bir \u015fey\u201d dedi\u00a0<\/p>\n<p>\u200bHaberin Al\u0131nt\u0131land\u0131\u011f\u0131 Kaynak: www.antalyakorfez.com<\/p>","protected":false},"excerpt":{"rendered":"<p>Antalya B\u00fcy\u00fck\u015fehir Belediyesi&#8217;nin ev sahipli\u011finde bu y\u0131l 25 Ekim- 3 Kas\u0131m tarihleri aras\u0131nda d\u00fczenlenecek olan 14. Antalya Kitap Fuar\u0131, Cam Piramit Fuar ve Kongre Merkezi&#8217;nde bir kez daha kap\u0131lar\u0131n\u0131 kitapseverlere a\u00e7t\u0131. Antalya Kitap Fuar\u0131\u2019n\u0131n a\u00e7\u0131l\u0131\u015f\u0131 Antalya Valisi Hulusi \u015eahin, Antalya B\u00fcy\u00fck\u015fehir Belediyesi Ba\u015fkan Vekili B\u00fc\u015fra \u00d6zdemir, Antalya \u0130l Emniyet M\u00fcd\u00fcr\u00fc \u0130lker Aslan, CHP Antalya \u0130l Ba\u015fkan\u0131 Nail Kamac\u0131, Konyaalt\u0131 Belediye Ba\u015fkan\u0131 Cem Kotan, D\u00f6\u015femealt\u0131 Belediye Ba\u015fkan\u0131 Menderes Dal, Tarih\u00e7i Akademisyen Prof. Dr. \u0130lber Ortayl\u0131 ve kitapseverlerin kat\u0131l\u0131m\u0131yla ger\u00e7ekle\u015ftirildi. Ba\u015fkan Muhittin B\u00f6cek\u2019in ise daha \u00f6nceden planlanan bir yurtd\u0131\u015f\u0131 program\u0131ndan dolay\u0131 kat\u0131lamad\u0131\u011f\u0131 \u00f6\u011frenildi. Antalya Kitap Fuar\u0131\u2019nda bu y\u0131l 271 yazar ve 225 ulusal ve uluslararas\u0131 yay\u0131nevi Antalyal\u0131larla bulu\u015facak. Antalyal\u0131 yerel yazarlar da a\u00e7\u0131lacak stantta okurlar\u0131yla bir araya gelecek.\u00a0 ONUR KONU\u011eU BA\u015eBU\u011e Fuar\u0131n onur konu\u011fu \u0130lker Ba\u015fbu\u011f olacak. Ba\u015fkan Muhittin B\u00f6cek\u2019in de iki kitab\u0131n\u0131 okurlar\u0131 i\u00e7in imzalayaca\u011f\u0131 fuarda; CHP Grup Ba\u015fkan Vekili Ali Mahir Ba\u015far\u0131r, \u0130lber Ortayl\u0131, \u0130smail K\u00fc\u00e7\u00fckkaya, \u0130clal Ayd\u0131n, \u00dcmit \u00d6zda\u011f, Gani M\u00fcjde, Tuna Kiremitci, Doktor Dilek Kaya \u0130mamo\u011flu, Bar\u0131\u015f Terko\u011flu, Timur Soykan, Sayg\u0131 \u00d6zt\u00fcrk, Hidayet Karaku\u015f, Erol M\u00fctercimler, \u0130nci Aral, Kemal Varol, Enver Aysever, Ahmet Telli gibi birbirinden de\u011ferli yazarlar Antalyal\u0131 kitapseverler ile bulu\u015facak. EN B\u00dcY\u00dcK K\u0130TAP FUARI Fuar\u0131n a\u00e7\u0131l\u0131\u015f konu\u015fmas\u0131n\u0131 ger\u00e7ekle\u015ftiren Antalya B\u00fcy\u00fck\u015fehir Belediyesi CHP Grup S\u00f6zc\u00fcs\u00fc ve Ba\u015fkanvekili &hellip;<\/p>","protected":false},"author":0,"featured_media":0,"comment_status":"open","ping_status":"open","sticky":false,"template":"","format":"standard","meta":{"_acf_changed":false,"footnotes":""},"categories":[24,535],"tags":[],"class_list":["post-7953","post","type-post","status-publish","format-standard","has-post-thumbnail","hentry","category-gundem","category-uncategorized-tr"],"acf":[],"yoast_head":"<!-- This site is optimized with the Yoast SEO Premium plugin v26.6 (Yoast SEO v27.1.1) - https:\/\/yoast.com\/product\/yoast-seo-premium-wordpress\/ -->\n<title>\u0130lber Ortayl\u0131\u2019dan turizm \u00e7\u0131k\u0131\u015f\u0131: \u201cSahillerimiz bize yetmiyor, bu anlay\u0131\u015f\u0131 terk edin\u201d - Av. Deniz Can K\u0131z\u0131l<\/title>\n<meta name=\"robots\" content=\"index, follow, max-snippet:-1, max-image-preview:large, max-video-preview:-1\" \/>\n<link rel=\"canonical\" href=\"https:\/\/denizcankizil.tr\/de\/haberler\/gundem\/ilber-ortaylidan-turizm-cikisi-sahillerimiz-bize-yetmiyor-bu-anlayisi-terk-edin\/\" \/>\n<meta property=\"og:locale\" content=\"de_DE\" \/>\n<meta property=\"og:type\" content=\"article\" \/>\n<meta property=\"og:title\" content=\"\u0130lber Ortayl\u0131\u2019dan turizm \u00e7\u0131k\u0131\u015f\u0131: \u201cSahillerimiz bize yetmiyor, bu anlay\u0131\u015f\u0131 terk edin\u201d\" \/>\n<meta property=\"og:description\" content=\"Antalya B\u00fcy\u00fck\u015fehir Belediyesi&#8217;nin ev sahipli\u011finde bu y\u0131l 25 Ekim- 3 Kas\u0131m tarihleri aras\u0131nda d\u00fczenlenecek olan 14. Antalya Kitap Fuar\u0131, Cam Piramit Fuar ve Kongre Merkezi&#8217;nde bir kez daha kap\u0131lar\u0131n\u0131 kitapseverlere a\u00e7t\u0131. Antalya Kitap Fuar\u0131\u2019n\u0131n a\u00e7\u0131l\u0131\u015f\u0131 Antalya Valisi Hulusi \u015eahin, Antalya B\u00fcy\u00fck\u015fehir Belediyesi Ba\u015fkan Vekili B\u00fc\u015fra \u00d6zdemir, Antalya \u0130l Emniyet M\u00fcd\u00fcr\u00fc \u0130lker Aslan, CHP Antalya \u0130l Ba\u015fkan\u0131 Nail Kamac\u0131, Konyaalt\u0131 Belediye Ba\u015fkan\u0131 Cem Kotan, D\u00f6\u015femealt\u0131 Belediye Ba\u015fkan\u0131 Menderes Dal, Tarih\u00e7i Akademisyen Prof. Dr. \u0130lber Ortayl\u0131 ve kitapseverlerin kat\u0131l\u0131m\u0131yla ger\u00e7ekle\u015ftirildi. Ba\u015fkan Muhittin B\u00f6cek\u2019in ise daha \u00f6nceden planlanan bir yurtd\u0131\u015f\u0131 program\u0131ndan dolay\u0131 kat\u0131lamad\u0131\u011f\u0131 \u00f6\u011frenildi. Antalya Kitap Fuar\u0131\u2019nda bu y\u0131l 271 yazar ve 225 ulusal ve uluslararas\u0131 yay\u0131nevi Antalyal\u0131larla bulu\u015facak. Antalyal\u0131 yerel yazarlar da a\u00e7\u0131lacak stantta okurlar\u0131yla bir araya gelecek.\u00a0 ONUR KONU\u011eU BA\u015eBU\u011e Fuar\u0131n onur konu\u011fu \u0130lker Ba\u015fbu\u011f olacak. Ba\u015fkan Muhittin B\u00f6cek\u2019in de iki kitab\u0131n\u0131 okurlar\u0131 i\u00e7in imzalayaca\u011f\u0131 fuarda; CHP Grup Ba\u015fkan Vekili Ali Mahir Ba\u015far\u0131r, \u0130lber Ortayl\u0131, \u0130smail K\u00fc\u00e7\u00fckkaya, \u0130clal Ayd\u0131n, \u00dcmit \u00d6zda\u011f, Gani M\u00fcjde, Tuna Kiremitci, Doktor Dilek Kaya \u0130mamo\u011flu, Bar\u0131\u015f Terko\u011flu, Timur Soykan, Sayg\u0131 \u00d6zt\u00fcrk, Hidayet Karaku\u015f, Erol M\u00fctercimler, \u0130nci Aral, Kemal Varol, Enver Aysever, Ahmet Telli gibi birbirinden de\u011ferli yazarlar Antalyal\u0131 kitapseverler ile bulu\u015facak. EN B\u00dcY\u00dcK K\u0130TAP FUARI Fuar\u0131n a\u00e7\u0131l\u0131\u015f konu\u015fmas\u0131n\u0131 ger\u00e7ekle\u015ftiren Antalya B\u00fcy\u00fck\u015fehir Belediyesi CHP Grup S\u00f6zc\u00fcs\u00fc ve Ba\u015fkanvekili &hellip;\" \/>\n<meta property=\"og:url\" content=\"https:\/\/denizcankizil.tr\/de\/haberler\/gundem\/ilber-ortaylidan-turizm-cikisi-sahillerimiz-bize-yetmiyor-bu-anlayisi-terk-edin\/\" \/>\n<meta property=\"og:site_name\" content=\"Av. Deniz Can K\u0131z\u0131l\" \/>\n<meta property=\"article:published_time\" content=\"2024-10-25T10:42:05+00:00\" \/>\n<meta name=\"twitter:card\" content=\"summary_large_image\" \/>\n<meta name=\"twitter:label1\" content=\"Gesch\u00e4tzte Lesezeit\" \/>\n\t<meta name=\"twitter:data1\" content=\"7\u00a0Minuten\" \/>\n<script type=\"application\/ld+json\" class=\"yoast-schema-graph\">{\"@context\":\"https:\/\/schema.org\",\"@graph\":[{\"@type\":\"Article\",\"@id\":\"https:\/\/denizcankizil.tr\/de\/haberler\/gundem\/ilber-ortaylidan-turizm-cikisi-sahillerimiz-bize-yetmiyor-bu-anlayisi-terk-edin\/#article\",\"isPartOf\":{\"@id\":\"https:\/\/denizcankizil.tr\/de\/haberler\/gundem\/ilber-ortaylidan-turizm-cikisi-sahillerimiz-bize-yetmiyor-bu-anlayisi-terk-edin\/\"},\"author\":{\"name\":\"\",\"@id\":\"\"},\"headline\":\"\u0130lber Ortayl\u0131\u2019dan turizm \u00e7\u0131k\u0131\u015f\u0131: \u201cSahillerimiz bize yetmiyor, bu anlay\u0131\u015f\u0131 terk edin\u201d\",\"datePublished\":\"2024-10-25T10:42:05+00:00\",\"mainEntityOfPage\":{\"@id\":\"https:\/\/denizcankizil.tr\/de\/haberler\/gundem\/ilber-ortaylidan-turizm-cikisi-sahillerimiz-bize-yetmiyor-bu-anlayisi-terk-edin\/\"},\"wordCount\":1399,\"commentCount\":0,\"publisher\":{\"@id\":\"https:\/\/denizcankizil.tr\/#organization\"},\"articleSection\":[\"G\u00fcndem\",\"Uncategorized\"],\"inLanguage\":\"de\",\"potentialAction\":[{\"@type\":\"CommentAction\",\"name\":\"Comment\",\"target\":[\"https:\/\/denizcankizil.tr\/de\/haberler\/gundem\/ilber-ortaylidan-turizm-cikisi-sahillerimiz-bize-yetmiyor-bu-anlayisi-terk-edin\/#respond\"]}]},{\"@type\":\"WebPage\",\"@id\":\"https:\/\/denizcankizil.tr\/de\/haberler\/gundem\/ilber-ortaylidan-turizm-cikisi-sahillerimiz-bize-yetmiyor-bu-anlayisi-terk-edin\/\",\"url\":\"https:\/\/denizcankizil.tr\/de\/haberler\/gundem\/ilber-ortaylidan-turizm-cikisi-sahillerimiz-bize-yetmiyor-bu-anlayisi-terk-edin\/\",\"name\":\"\u0130lber Ortayl\u0131\u2019dan turizm \u00e7\u0131k\u0131\u015f\u0131: \u201cSahillerimiz bize yetmiyor, bu anlay\u0131\u015f\u0131 terk edin\u201d - Av. Deniz Can K\u0131z\u0131l\",\"isPartOf\":{\"@id\":\"https:\/\/denizcankizil.tr\/#website\"},\"datePublished\":\"2024-10-25T10:42:05+00:00\",\"breadcrumb\":{\"@id\":\"https:\/\/denizcankizil.tr\/de\/haberler\/gundem\/ilber-ortaylidan-turizm-cikisi-sahillerimiz-bize-yetmiyor-bu-anlayisi-terk-edin\/#breadcrumb\"},\"inLanguage\":\"de\",\"potentialAction\":[{\"@type\":\"ReadAction\",\"target\":[\"https:\/\/denizcankizil.tr\/de\/haberler\/gundem\/ilber-ortaylidan-turizm-cikisi-sahillerimiz-bize-yetmiyor-bu-anlayisi-terk-edin\/\"]}]},{\"@type\":\"BreadcrumbList\",\"@id\":\"https:\/\/denizcankizil.tr\/de\/haberler\/gundem\/ilber-ortaylidan-turizm-cikisi-sahillerimiz-bize-yetmiyor-bu-anlayisi-terk-edin\/#breadcrumb\",\"itemListElement\":[{\"@type\":\"ListItem\",\"position\":1,\"name\":\"Home\",\"item\":\"https:\/\/denizcankizil.tr\/de\/\"},{\"@type\":\"ListItem\",\"position\":2,\"name\":\"\u0130lber Ortayl\u0131\u2019dan turizm \u00e7\u0131k\u0131\u015f\u0131: \u201cSahillerimiz bize yetmiyor, bu anlay\u0131\u015f\u0131 terk edin\u201d\"}]},{\"@type\":\"WebSite\",\"@id\":\"https:\/\/denizcankizil.tr\/#website\",\"url\":\"https:\/\/denizcankizil.tr\/\",\"name\":\"Av. Deniz Can K\u0131z\u0131l\",\"description\":\"Avukat Deniz Can K\u0131z\u0131l Antalya Barosu\",\"publisher\":{\"@id\":\"https:\/\/denizcankizil.tr\/#organization\"},\"potentialAction\":[{\"@type\":\"SearchAction\",\"target\":{\"@type\":\"EntryPoint\",\"urlTemplate\":\"https:\/\/denizcankizil.tr\/?s={search_term_string}\"},\"query-input\":{\"@type\":\"PropertyValueSpecification\",\"valueRequired\":true,\"valueName\":\"search_term_string\"}}],\"inLanguage\":\"de\"},{\"@type\":\"Organization\",\"@id\":\"https:\/\/denizcankizil.tr\/#organization\",\"name\":\"Av. Deniz Can K\u0131z\u0131l\",\"url\":\"https:\/\/denizcankizil.tr\/\",\"logo\":{\"@type\":\"ImageObject\",\"inLanguage\":\"de\",\"@id\":\"https:\/\/denizcankizil.tr\/#\/schema\/logo\/image\/\",\"url\":\"https:\/\/denizcankizil.tr\/wp-content\/uploads\/2024\/10\/siyah-logo-svg.svg\",\"contentUrl\":\"https:\/\/denizcankizil.tr\/wp-content\/uploads\/2024\/10\/siyah-logo-svg.svg\",\"width\":1080,\"height\":1080,\"caption\":\"Av. Deniz Can K\u0131z\u0131l\"},\"image\":{\"@id\":\"https:\/\/denizcankizil.tr\/#\/schema\/logo\/image\/\"}}]}<\/script>\n<!-- \/ Yoast SEO Premium plugin. -->","yoast_head_json":{"title":"\u0130lber Ortayl\u0131\u2019dan turizm \u00e7\u0131k\u0131\u015f\u0131: \u201cSahillerimiz bize yetmiyor, bu anlay\u0131\u015f\u0131 terk edin\u201d - Av. Deniz Can K\u0131z\u0131l","robots":{"index":"index","follow":"follow","max-snippet":"max-snippet:-1","max-image-preview":"max-image-preview:large","max-video-preview":"max-video-preview:-1"},"canonical":"https:\/\/denizcankizil.tr\/de\/haberler\/gundem\/ilber-ortaylidan-turizm-cikisi-sahillerimiz-bize-yetmiyor-bu-anlayisi-terk-edin\/","og_locale":"de_DE","og_type":"article","og_title":"\u0130lber Ortayl\u0131\u2019dan turizm \u00e7\u0131k\u0131\u015f\u0131: \u201cSahillerimiz bize yetmiyor, bu anlay\u0131\u015f\u0131 terk edin\u201d","og_description":"Antalya B\u00fcy\u00fck\u015fehir Belediyesi&#8217;nin ev sahipli\u011finde bu y\u0131l 25 Ekim- 3 Kas\u0131m tarihleri aras\u0131nda d\u00fczenlenecek olan 14. Antalya Kitap Fuar\u0131, Cam Piramit Fuar ve Kongre Merkezi&#8217;nde bir kez daha kap\u0131lar\u0131n\u0131 kitapseverlere a\u00e7t\u0131. Antalya Kitap Fuar\u0131\u2019n\u0131n a\u00e7\u0131l\u0131\u015f\u0131 Antalya Valisi Hulusi \u015eahin, Antalya B\u00fcy\u00fck\u015fehir Belediyesi Ba\u015fkan Vekili B\u00fc\u015fra \u00d6zdemir, Antalya \u0130l Emniyet M\u00fcd\u00fcr\u00fc \u0130lker Aslan, CHP Antalya \u0130l Ba\u015fkan\u0131 Nail Kamac\u0131, Konyaalt\u0131 Belediye Ba\u015fkan\u0131 Cem Kotan, D\u00f6\u015femealt\u0131 Belediye Ba\u015fkan\u0131 Menderes Dal, Tarih\u00e7i Akademisyen Prof. Dr. \u0130lber Ortayl\u0131 ve kitapseverlerin kat\u0131l\u0131m\u0131yla ger\u00e7ekle\u015ftirildi. Ba\u015fkan Muhittin B\u00f6cek\u2019in ise daha \u00f6nceden planlanan bir yurtd\u0131\u015f\u0131 program\u0131ndan dolay\u0131 kat\u0131lamad\u0131\u011f\u0131 \u00f6\u011frenildi. Antalya Kitap Fuar\u0131\u2019nda bu y\u0131l 271 yazar ve 225 ulusal ve uluslararas\u0131 yay\u0131nevi Antalyal\u0131larla bulu\u015facak. Antalyal\u0131 yerel yazarlar da a\u00e7\u0131lacak stantta okurlar\u0131yla bir araya gelecek.\u00a0 ONUR KONU\u011eU BA\u015eBU\u011e Fuar\u0131n onur konu\u011fu \u0130lker Ba\u015fbu\u011f olacak. Ba\u015fkan Muhittin B\u00f6cek\u2019in de iki kitab\u0131n\u0131 okurlar\u0131 i\u00e7in imzalayaca\u011f\u0131 fuarda; CHP Grup Ba\u015fkan Vekili Ali Mahir Ba\u015far\u0131r, \u0130lber Ortayl\u0131, \u0130smail K\u00fc\u00e7\u00fckkaya, \u0130clal Ayd\u0131n, \u00dcmit \u00d6zda\u011f, Gani M\u00fcjde, Tuna Kiremitci, Doktor Dilek Kaya \u0130mamo\u011flu, Bar\u0131\u015f Terko\u011flu, Timur Soykan, Sayg\u0131 \u00d6zt\u00fcrk, Hidayet Karaku\u015f, Erol M\u00fctercimler, \u0130nci Aral, Kemal Varol, Enver Aysever, Ahmet Telli gibi birbirinden de\u011ferli yazarlar Antalyal\u0131 kitapseverler ile bulu\u015facak. EN B\u00dcY\u00dcK K\u0130TAP FUARI Fuar\u0131n a\u00e7\u0131l\u0131\u015f konu\u015fmas\u0131n\u0131 ger\u00e7ekle\u015ftiren Antalya B\u00fcy\u00fck\u015fehir Belediyesi CHP Grup S\u00f6zc\u00fcs\u00fc ve Ba\u015fkanvekili &hellip;","og_url":"https:\/\/denizcankizil.tr\/de\/haberler\/gundem\/ilber-ortaylidan-turizm-cikisi-sahillerimiz-bize-yetmiyor-bu-anlayisi-terk-edin\/","og_site_name":"Av. Deniz Can K\u0131z\u0131l","article_published_time":"2024-10-25T10:42:05+00:00","twitter_card":"summary_large_image","twitter_misc":{"Gesch\u00e4tzte Lesezeit":"7\u00a0Minuten"},"schema":{"@context":"https:\/\/schema.org","@graph":[{"@type":"Article","@id":"https:\/\/denizcankizil.tr\/de\/haberler\/gundem\/ilber-ortaylidan-turizm-cikisi-sahillerimiz-bize-yetmiyor-bu-anlayisi-terk-edin\/#article","isPartOf":{"@id":"https:\/\/denizcankizil.tr\/de\/haberler\/gundem\/ilber-ortaylidan-turizm-cikisi-sahillerimiz-bize-yetmiyor-bu-anlayisi-terk-edin\/"},"author":{"name":"","@id":""},"headline":"\u0130lber Ortayl\u0131\u2019dan turizm \u00e7\u0131k\u0131\u015f\u0131: \u201cSahillerimiz bize yetmiyor, bu anlay\u0131\u015f\u0131 terk edin\u201d","datePublished":"2024-10-25T10:42:05+00:00","mainEntityOfPage":{"@id":"https:\/\/denizcankizil.tr\/de\/haberler\/gundem\/ilber-ortaylidan-turizm-cikisi-sahillerimiz-bize-yetmiyor-bu-anlayisi-terk-edin\/"},"wordCount":1399,"commentCount":0,"publisher":{"@id":"https:\/\/denizcankizil.tr\/#organization"},"articleSection":["G\u00fcndem","Uncategorized"],"inLanguage":"de","potentialAction":[{"@type":"CommentAction","name":"Comment","target":["https:\/\/denizcankizil.tr\/de\/haberler\/gundem\/ilber-ortaylidan-turizm-cikisi-sahillerimiz-bize-yetmiyor-bu-anlayisi-terk-edin\/#respond"]}]},{"@type":"WebPage","@id":"https:\/\/denizcankizil.tr\/de\/haberler\/gundem\/ilber-ortaylidan-turizm-cikisi-sahillerimiz-bize-yetmiyor-bu-anlayisi-terk-edin\/","url":"https:\/\/denizcankizil.tr\/de\/haberler\/gundem\/ilber-ortaylidan-turizm-cikisi-sahillerimiz-bize-yetmiyor-bu-anlayisi-terk-edin\/","name":"\u0130lber Ortayl\u0131\u2019dan turizm \u00e7\u0131k\u0131\u015f\u0131: \u201cSahillerimiz bize yetmiyor, bu anlay\u0131\u015f\u0131 terk edin\u201d - Av. Deniz Can K\u0131z\u0131l","isPartOf":{"@id":"https:\/\/denizcankizil.tr\/#website"},"datePublished":"2024-10-25T10:42:05+00:00","breadcrumb":{"@id":"https:\/\/denizcankizil.tr\/de\/haberler\/gundem\/ilber-ortaylidan-turizm-cikisi-sahillerimiz-bize-yetmiyor-bu-anlayisi-terk-edin\/#breadcrumb"},"inLanguage":"de","potentialAction":[{"@type":"ReadAction","target":["https:\/\/denizcankizil.tr\/de\/haberler\/gundem\/ilber-ortaylidan-turizm-cikisi-sahillerimiz-bize-yetmiyor-bu-anlayisi-terk-edin\/"]}]},{"@type":"BreadcrumbList","@id":"https:\/\/denizcankizil.tr\/de\/haberler\/gundem\/ilber-ortaylidan-turizm-cikisi-sahillerimiz-bize-yetmiyor-bu-anlayisi-terk-edin\/#breadcrumb","itemListElement":[{"@type":"ListItem","position":1,"name":"Home","item":"https:\/\/denizcankizil.tr\/de\/"},{"@type":"ListItem","position":2,"name":"\u0130lber Ortayl\u0131\u2019dan turizm \u00e7\u0131k\u0131\u015f\u0131: \u201cSahillerimiz bize yetmiyor, bu anlay\u0131\u015f\u0131 terk edin\u201d"}]},{"@type":"WebSite","@id":"https:\/\/denizcankizil.tr\/#website","url":"https:\/\/denizcankizil.tr\/","name":"Av. Deniz Can K\u0131z\u0131l","description":"Avukat Deniz Can K\u0131z\u0131l Antalya Barosu","publisher":{"@id":"https:\/\/denizcankizil.tr\/#organization"},"potentialAction":[{"@type":"SearchAction","target":{"@type":"EntryPoint","urlTemplate":"https:\/\/denizcankizil.tr\/?s={search_term_string}"},"query-input":{"@type":"PropertyValueSpecification","valueRequired":true,"valueName":"search_term_string"}}],"inLanguage":"de"},{"@type":"Organization","@id":"https:\/\/denizcankizil.tr\/#organization","name":"Av. Deniz Can K\u0131z\u0131l","url":"https:\/\/denizcankizil.tr\/","logo":{"@type":"ImageObject","inLanguage":"de","@id":"https:\/\/denizcankizil.tr\/#\/schema\/logo\/image\/","url":"https:\/\/denizcankizil.tr\/wp-content\/uploads\/2024\/10\/siyah-logo-svg.svg","contentUrl":"https:\/\/denizcankizil.tr\/wp-content\/uploads\/2024\/10\/siyah-logo-svg.svg","width":1080,"height":1080,"caption":"Av. Deniz Can K\u0131z\u0131l"},"image":{"@id":"https:\/\/denizcankizil.tr\/#\/schema\/logo\/image\/"}}]}},"_links":{"self":[{"href":"https:\/\/denizcankizil.tr\/de\/wp-json\/wp\/v2\/posts\/7953","targetHints":{"allow":["GET"]}}],"collection":[{"href":"https:\/\/denizcankizil.tr\/de\/wp-json\/wp\/v2\/posts"}],"about":[{"href":"https:\/\/denizcankizil.tr\/de\/wp-json\/wp\/v2\/types\/post"}],"replies":[{"embeddable":true,"href":"https:\/\/denizcankizil.tr\/de\/wp-json\/wp\/v2\/comments?post=7953"}],"version-history":[{"count":0,"href":"https:\/\/denizcankizil.tr\/de\/wp-json\/wp\/v2\/posts\/7953\/revisions"}],"wp:attachment":[{"href":"https:\/\/denizcankizil.tr\/de\/wp-json\/wp\/v2\/media?parent=7953"}],"wp:term":[{"taxonomy":"category","embeddable":true,"href":"https:\/\/denizcankizil.tr\/de\/wp-json\/wp\/v2\/categories?post=7953"},{"taxonomy":"post_tag","embeddable":true,"href":"https:\/\/denizcankizil.tr\/de\/wp-json\/wp\/v2\/tags?post=7953"}],"curies":[{"name":"wp","href":"https:\/\/api.w.org\/{rel}","templated":true}]}}