{"id":79192,"date":"2025-05-07T19:42:10","date_gmt":"2025-05-07T16:42:10","guid":{"rendered":"https:\/\/denizcankizil.tr\/uncategorized-tr\/hatayda-sogan-ureticilerinden-eylem\/"},"modified":"2025-05-07T19:42:10","modified_gmt":"2025-05-07T16:42:10","slug":"hatayda-sogan-ureticilerinden-eylem","status":"publish","type":"post","link":"https:\/\/denizcankizil.tr\/de\/haberler\/gundem\/hatayda-sogan-ureticilerinden-eylem\/","title":{"rendered":"Hatay&#8217;da So\u011fan \u00dcreticilerinden Eylem\u2026"},"content":{"rendered":"<p>Sembolik Eylem: So\u011fanlar R\u00f6morktan D\u00f6k\u00fcld\u00fc<\/p>\n<p>SO-DER (So\u011fan \u00dcreticileri ve Tedarik\u00e7ileri Derne\u011fi) \u00f6nc\u00fcl\u00fc\u011f\u00fcnde ger\u00e7ekle\u015ftirilen eylemde, \u00fcreticiler trakt\u00f6rleriyle alana geldi. Sembolik olarak bir r\u00f6mork dolusu so\u011fan\u0131 yere d\u00f6ken \u00fcreticiler, ya\u015fad\u0131klar\u0131 ekonomik s\u0131k\u0131nt\u0131lara dikkat \u00e7ekti.<\/p>\n<p>SO-DER Ba\u015fkan\u0131 Re\u015fat Kaya, \u00fcreticilerin ve tedarik\u00e7ilerin ya\u015fad\u0131\u011f\u0131 sorunlar\u0131 bas\u0131n a\u00e7\u0131klamas\u0131yla kamuoyuna duyurdu.<\/p>\n<p>&#8220;SO\u011eAN \u00dcRET\u0130C\u0130S\u0130N\u0130N SIRTINA <\/p>\n<p>7 YILDIR ENFLASYON Y\u00dcK\u00dc B\u0130ND\u0130&#8221;<\/p>\n<p>Bas\u0131n a\u00e7\u0131klamas\u0131nda konu\u015fan SO-DER Ba\u015fkan\u0131 Re\u015fat Kaya, \u00fcreticilerin b\u00fcy\u00fck ekonomik bask\u0131 alt\u0131nda ezildi\u011fini belirterek \u201cY\u0131llard\u0131r y\u00fcksek maliyetlerle \u00fcretim yap\u0131yoruz ama \u00fcr\u00fcnlerimiz para etmiyor. Sabah\u0131n k\u00f6r\u00fcnde tarlaya gidiyoruz, gece g\u00fcnd\u00fcz \u00e7al\u0131\u015f\u0131yoruz ama eme\u011fimizin kar\u015f\u0131l\u0131\u011f\u0131n\u0131 alam\u0131yoruz. \u00dcretenin k\u0131ymeti yok. Girdilerimiz \u00e7ok y\u00fcksek, d\u00fcnya ile rekabet edemiyoruz. H\u00fck\u00fcmet y\u0131llard\u0131r enflasyonu so\u011fana, patatese y\u00fckledi. So\u011fan fiyatlar\u0131 biraz y\u00fckselince hemen ithalat ba\u015flat\u0131l\u0131yor, ihracata k\u0131s\u0131tlamalar getiriliyor. Biz te\u015fvik istemiyoruz, sadece adaletli davran\u0131lmas\u0131n\u0131 istiyoruz\u201d diye konu\u015ftu.<\/p>\n<p>&#8220;TE\u015eV\u0130K VER\u0130LMEL\u0130, REKABET G\u00dcC\u00dcM\u00dcZ ARTTIRILMALI&#8221;<\/p>\n<p>Dernek olarak, h\u00fck\u00fcmetten kilo ba\u015f\u0131na 3 TL te\u015fvik talep ettiklerini ifade eden Kaya, \u201cBu te\u015fvikle en az\u0131ndan d\u0131\u015f pazarda rekabet edebilir, Rusya\u2019ya, \u00c7in\u2019e, M\u0131s\u0131r\u2019a \u00fcr\u00fcn g\u00f6nderebiliriz. Ancak ne te\u015fvik veriliyor, ne de \u00fcreticinin sesi duyuluyor. Bu ko\u015fullarda \u00fcretim yap\u0131lamaz hale geldik,\u201d dedi.<\/p>\n<p>&#8220;B\u0130Z TER\u00d6R\u0130ST DE\u011e\u0130L, \u00dcRET\u0130C\u0130Y\u0130Z&#8221;<\/p>\n<p>Kaya ayr\u0131ca, baz\u0131 \u00fcreticilere y\u00f6nelik bask\u0131 iddialar\u0131na da de\u011finerek \u015funlar\u0131 kaydetti: \u201cDepolar\u0131m\u0131z bas\u0131l\u0131yor, ceza yaz\u0131l\u0131yor. \u00dcretici ter\u00f6rist gibi g\u00f6steriliyor. Biz siyaset \u00fcst\u00fc bir derne\u011fiz. Ne bir partinin yan\u0131nday\u0131z ne de kar\u015f\u0131s\u0131nday\u0131z. Biz sadece \u00fcreticiyiz. H\u00fck\u00fcmetten tek istedi\u011fimiz, art\u0131k bu y\u00fck\u00fc s\u0131rt\u0131m\u0131zdan almas\u0131d\u0131r\u201d dedi.<\/p>\n<p>\u200bHatay\u2019\u0131n Reyhanl\u0131 il\u00e7esinde so\u011fan \u00fcreticileri ve tedarik\u00e7ileri, Tar\u0131m ve Orman Bakanl\u0131\u011f\u0131 ile Ticaret Bakanl\u0131\u011f\u0131\u2019n\u0131n verdikleri s\u00f6zleri tutmad\u0131\u011f\u0131 gerek\u00e7esiyle trakt\u00f6rlerle yapt\u0131klar\u0131 eylem ve bas\u0131n a\u00e7\u0131klamas\u0131yla tepkilerini dile getirdi.\u00a0<\/p>\n<p>\u200bHaberin Al\u0131nt\u0131land\u0131\u011f\u0131 Kaynak: www.iskenderun.org<\/p>","protected":false},"excerpt":{"rendered":"<p>Sembolik Eylem: So\u011fanlar R\u00f6morktan D\u00f6k\u00fcld\u00fc SO-DER (So\u011fan \u00dcreticileri ve Tedarik\u00e7ileri Derne\u011fi) \u00f6nc\u00fcl\u00fc\u011f\u00fcnde ger\u00e7ekle\u015ftirilen eylemde, \u00fcreticiler trakt\u00f6rleriyle alana geldi. Sembolik olarak bir r\u00f6mork dolusu so\u011fan\u0131 yere d\u00f6ken \u00fcreticiler, ya\u015fad\u0131klar\u0131 ekonomik s\u0131k\u0131nt\u0131lara dikkat \u00e7ekti. SO-DER Ba\u015fkan\u0131 Re\u015fat Kaya, \u00fcreticilerin ve tedarik\u00e7ilerin ya\u015fad\u0131\u011f\u0131 sorunlar\u0131 bas\u0131n a\u00e7\u0131klamas\u0131yla kamuoyuna duyurdu. &#8220;SO\u011eAN \u00dcRET\u0130C\u0130S\u0130N\u0130N SIRTINA 7 YILDIR ENFLASYON Y\u00dcK\u00dc B\u0130ND\u0130&#8221; Bas\u0131n a\u00e7\u0131klamas\u0131nda konu\u015fan SO-DER Ba\u015fkan\u0131 Re\u015fat Kaya, \u00fcreticilerin b\u00fcy\u00fck ekonomik bask\u0131 alt\u0131nda ezildi\u011fini belirterek \u201cY\u0131llard\u0131r y\u00fcksek maliyetlerle \u00fcretim yap\u0131yoruz ama \u00fcr\u00fcnlerimiz para etmiyor. Sabah\u0131n k\u00f6r\u00fcnde tarlaya gidiyoruz, gece g\u00fcnd\u00fcz \u00e7al\u0131\u015f\u0131yoruz ama eme\u011fimizin kar\u015f\u0131l\u0131\u011f\u0131n\u0131 alam\u0131yoruz. \u00dcretenin k\u0131ymeti yok. Girdilerimiz \u00e7ok y\u00fcksek, d\u00fcnya ile rekabet edemiyoruz. H\u00fck\u00fcmet y\u0131llard\u0131r enflasyonu so\u011fana, patatese y\u00fckledi. So\u011fan fiyatlar\u0131 biraz y\u00fckselince hemen ithalat ba\u015flat\u0131l\u0131yor, ihracata k\u0131s\u0131tlamalar getiriliyor. Biz te\u015fvik istemiyoruz, sadece adaletli davran\u0131lmas\u0131n\u0131 istiyoruz\u201d diye konu\u015ftu. &#8220;TE\u015eV\u0130K VER\u0130LMEL\u0130, REKABET G\u00dcC\u00dcM\u00dcZ ARTTIRILMALI&#8221; Dernek olarak, h\u00fck\u00fcmetten kilo ba\u015f\u0131na 3 TL te\u015fvik talep ettiklerini ifade eden Kaya, \u201cBu te\u015fvikle en az\u0131ndan d\u0131\u015f pazarda rekabet edebilir, Rusya\u2019ya, \u00c7in\u2019e, M\u0131s\u0131r\u2019a \u00fcr\u00fcn g\u00f6nderebiliriz. Ancak ne te\u015fvik veriliyor, ne de \u00fcreticinin sesi duyuluyor. Bu ko\u015fullarda \u00fcretim yap\u0131lamaz hale geldik,\u201d dedi. &#8220;B\u0130Z TER\u00d6R\u0130ST DE\u011e\u0130L, \u00dcRET\u0130C\u0130Y\u0130Z&#8221; Kaya ayr\u0131ca, baz\u0131 \u00fcreticilere y\u00f6nelik bask\u0131 iddialar\u0131na da de\u011finerek \u015funlar\u0131 kaydetti: \u201cDepolar\u0131m\u0131z bas\u0131l\u0131yor, ceza yaz\u0131l\u0131yor. \u00dcretici ter\u00f6rist gibi g\u00f6steriliyor. Biz siyaset \u00fcst\u00fc bir derne\u011fiz. Ne bir partinin &hellip;<\/p>","protected":false},"author":1,"featured_media":0,"comment_status":"","ping_status":"open","sticky":false,"template":"","format":"standard","meta":{"_acf_changed":false,"footnotes":""},"categories":[24],"tags":[],"class_list":["post-79192","post","type-post","status-publish","format-standard","has-post-thumbnail","hentry","category-gundem"],"acf":[],"yoast_head":"<!-- This site is optimized with the Yoast SEO Premium plugin v26.6 (Yoast SEO v27.1.1) - https:\/\/yoast.com\/product\/yoast-seo-premium-wordpress\/ -->\n<title>Hatay&#039;da So\u011fan \u00dcreticilerinden Eylem\u2026 - Av. Deniz Can K\u0131z\u0131l<\/title>\n<meta name=\"robots\" content=\"index, follow, max-snippet:-1, max-image-preview:large, max-video-preview:-1\" \/>\n<link rel=\"canonical\" href=\"https:\/\/denizcankizil.tr\/de\/haberler\/gundem\/hatayda-sogan-ureticilerinden-eylem\/\" \/>\n<meta property=\"og:locale\" content=\"de_DE\" \/>\n<meta property=\"og:type\" content=\"article\" \/>\n<meta property=\"og:title\" content=\"Hatay&#039;da So\u011fan \u00dcreticilerinden Eylem\u2026\" \/>\n<meta property=\"og:description\" content=\"Sembolik Eylem: So\u011fanlar R\u00f6morktan D\u00f6k\u00fcld\u00fc SO-DER (So\u011fan \u00dcreticileri ve Tedarik\u00e7ileri Derne\u011fi) \u00f6nc\u00fcl\u00fc\u011f\u00fcnde ger\u00e7ekle\u015ftirilen eylemde, \u00fcreticiler trakt\u00f6rleriyle alana geldi. Sembolik olarak bir r\u00f6mork dolusu so\u011fan\u0131 yere d\u00f6ken \u00fcreticiler, ya\u015fad\u0131klar\u0131 ekonomik s\u0131k\u0131nt\u0131lara dikkat \u00e7ekti. SO-DER Ba\u015fkan\u0131 Re\u015fat Kaya, \u00fcreticilerin ve tedarik\u00e7ilerin ya\u015fad\u0131\u011f\u0131 sorunlar\u0131 bas\u0131n a\u00e7\u0131klamas\u0131yla kamuoyuna duyurdu. &#8220;SO\u011eAN \u00dcRET\u0130C\u0130S\u0130N\u0130N SIRTINA 7 YILDIR ENFLASYON Y\u00dcK\u00dc B\u0130ND\u0130&#8221; Bas\u0131n a\u00e7\u0131klamas\u0131nda konu\u015fan SO-DER Ba\u015fkan\u0131 Re\u015fat Kaya, \u00fcreticilerin b\u00fcy\u00fck ekonomik bask\u0131 alt\u0131nda ezildi\u011fini belirterek \u201cY\u0131llard\u0131r y\u00fcksek maliyetlerle \u00fcretim yap\u0131yoruz ama \u00fcr\u00fcnlerimiz para etmiyor. Sabah\u0131n k\u00f6r\u00fcnde tarlaya gidiyoruz, gece g\u00fcnd\u00fcz \u00e7al\u0131\u015f\u0131yoruz ama eme\u011fimizin kar\u015f\u0131l\u0131\u011f\u0131n\u0131 alam\u0131yoruz. \u00dcretenin k\u0131ymeti yok. Girdilerimiz \u00e7ok y\u00fcksek, d\u00fcnya ile rekabet edemiyoruz. H\u00fck\u00fcmet y\u0131llard\u0131r enflasyonu so\u011fana, patatese y\u00fckledi. So\u011fan fiyatlar\u0131 biraz y\u00fckselince hemen ithalat ba\u015flat\u0131l\u0131yor, ihracata k\u0131s\u0131tlamalar getiriliyor. Biz te\u015fvik istemiyoruz, sadece adaletli davran\u0131lmas\u0131n\u0131 istiyoruz\u201d diye konu\u015ftu. &#8220;TE\u015eV\u0130K VER\u0130LMEL\u0130, REKABET G\u00dcC\u00dcM\u00dcZ ARTTIRILMALI&#8221; Dernek olarak, h\u00fck\u00fcmetten kilo ba\u015f\u0131na 3 TL te\u015fvik talep ettiklerini ifade eden Kaya, \u201cBu te\u015fvikle en az\u0131ndan d\u0131\u015f pazarda rekabet edebilir, Rusya\u2019ya, \u00c7in\u2019e, M\u0131s\u0131r\u2019a \u00fcr\u00fcn g\u00f6nderebiliriz. Ancak ne te\u015fvik veriliyor, ne de \u00fcreticinin sesi duyuluyor. Bu ko\u015fullarda \u00fcretim yap\u0131lamaz hale geldik,\u201d dedi. &#8220;B\u0130Z TER\u00d6R\u0130ST DE\u011e\u0130L, \u00dcRET\u0130C\u0130Y\u0130Z&#8221; Kaya ayr\u0131ca, baz\u0131 \u00fcreticilere y\u00f6nelik bask\u0131 iddialar\u0131na da de\u011finerek \u015funlar\u0131 kaydetti: \u201cDepolar\u0131m\u0131z bas\u0131l\u0131yor, ceza yaz\u0131l\u0131yor. \u00dcretici ter\u00f6rist gibi g\u00f6steriliyor. Biz siyaset \u00fcst\u00fc bir derne\u011fiz. Ne bir partinin &hellip;\" \/>\n<meta property=\"og:url\" content=\"https:\/\/denizcankizil.tr\/de\/haberler\/gundem\/hatayda-sogan-ureticilerinden-eylem\/\" \/>\n<meta property=\"og:site_name\" content=\"Av. Deniz Can K\u0131z\u0131l\" \/>\n<meta property=\"article:published_time\" content=\"2025-05-07T16:42:10+00:00\" \/>\n<meta name=\"author\" content=\"admin\" \/>\n<meta name=\"twitter:card\" content=\"summary_large_image\" \/>\n<meta name=\"twitter:label1\" content=\"Verfasst von\" \/>\n\t<meta name=\"twitter:data1\" content=\"admin\" \/>\n\t<meta name=\"twitter:label2\" content=\"Gesch\u00e4tzte Lesezeit\" \/>\n\t<meta name=\"twitter:data2\" content=\"2\u00a0Minuten\" \/>\n<script type=\"application\/ld+json\" class=\"yoast-schema-graph\">{\"@context\":\"https:\/\/schema.org\",\"@graph\":[{\"@type\":\"Article\",\"@id\":\"https:\/\/denizcankizil.tr\/de\/haberler\/gundem\/hatayda-sogan-ureticilerinden-eylem\/#article\",\"isPartOf\":{\"@id\":\"https:\/\/denizcankizil.tr\/de\/haberler\/gundem\/hatayda-sogan-ureticilerinden-eylem\/\"},\"author\":{\"name\":\"admin\",\"@id\":\"https:\/\/denizcankizil.tr\/#\/schema\/person\/be3c05fe6a12686905512445d8185489\"},\"headline\":\"Hatay&#8217;da So\u011fan \u00dcreticilerinden Eylem\u2026\",\"datePublished\":\"2025-05-07T16:42:10+00:00\",\"mainEntityOfPage\":{\"@id\":\"https:\/\/denizcankizil.tr\/de\/haberler\/gundem\/hatayda-sogan-ureticilerinden-eylem\/\"},\"wordCount\":405,\"publisher\":{\"@id\":\"https:\/\/denizcankizil.tr\/#organization\"},\"articleSection\":[\"G\u00fcndem\"],\"inLanguage\":\"de\"},{\"@type\":\"WebPage\",\"@id\":\"https:\/\/denizcankizil.tr\/de\/haberler\/gundem\/hatayda-sogan-ureticilerinden-eylem\/\",\"url\":\"https:\/\/denizcankizil.tr\/de\/haberler\/gundem\/hatayda-sogan-ureticilerinden-eylem\/\",\"name\":\"Hatay'da So\u011fan \u00dcreticilerinden Eylem\u2026 - Av. Deniz Can K\u0131z\u0131l\",\"isPartOf\":{\"@id\":\"https:\/\/denizcankizil.tr\/#website\"},\"datePublished\":\"2025-05-07T16:42:10+00:00\",\"breadcrumb\":{\"@id\":\"https:\/\/denizcankizil.tr\/de\/haberler\/gundem\/hatayda-sogan-ureticilerinden-eylem\/#breadcrumb\"},\"inLanguage\":\"de\",\"potentialAction\":[{\"@type\":\"ReadAction\",\"target\":[\"https:\/\/denizcankizil.tr\/de\/haberler\/gundem\/hatayda-sogan-ureticilerinden-eylem\/\"]}]},{\"@type\":\"BreadcrumbList\",\"@id\":\"https:\/\/denizcankizil.tr\/de\/haberler\/gundem\/hatayda-sogan-ureticilerinden-eylem\/#breadcrumb\",\"itemListElement\":[{\"@type\":\"ListItem\",\"position\":1,\"name\":\"Home\",\"item\":\"https:\/\/denizcankizil.tr\/uk\/\"},{\"@type\":\"ListItem\",\"position\":2,\"name\":\"Hatay&#8217;da So\u011fan \u00dcreticilerinden Eylem\u2026\"}]},{\"@type\":\"WebSite\",\"@id\":\"https:\/\/denizcankizil.tr\/#website\",\"url\":\"https:\/\/denizcankizil.tr\/\",\"name\":\"Av. Deniz Can K\u0131z\u0131l\",\"description\":\"Avukat Deniz Can K\u0131z\u0131l Antalya Barosu\",\"publisher\":{\"@id\":\"https:\/\/denizcankizil.tr\/#organization\"},\"potentialAction\":[{\"@type\":\"SearchAction\",\"target\":{\"@type\":\"EntryPoint\",\"urlTemplate\":\"https:\/\/denizcankizil.tr\/?s={search_term_string}\"},\"query-input\":{\"@type\":\"PropertyValueSpecification\",\"valueRequired\":true,\"valueName\":\"search_term_string\"}}],\"inLanguage\":\"de\"},{\"@type\":\"Organization\",\"@id\":\"https:\/\/denizcankizil.tr\/#organization\",\"name\":\"Av. Deniz Can K\u0131z\u0131l\",\"url\":\"https:\/\/denizcankizil.tr\/\",\"logo\":{\"@type\":\"ImageObject\",\"inLanguage\":\"de\",\"@id\":\"https:\/\/denizcankizil.tr\/#\/schema\/logo\/image\/\",\"url\":\"https:\/\/denizcankizil.tr\/wp-content\/uploads\/2024\/10\/siyah-logo-svg.svg\",\"contentUrl\":\"https:\/\/denizcankizil.tr\/wp-content\/uploads\/2024\/10\/siyah-logo-svg.svg\",\"width\":1080,\"height\":1080,\"caption\":\"Av. Deniz Can K\u0131z\u0131l\"},\"image\":{\"@id\":\"https:\/\/denizcankizil.tr\/#\/schema\/logo\/image\/\"}},{\"@type\":\"Person\",\"@id\":\"https:\/\/denizcankizil.tr\/#\/schema\/person\/be3c05fe6a12686905512445d8185489\",\"name\":\"admin\",\"image\":{\"@type\":\"ImageObject\",\"inLanguage\":\"de\",\"@id\":\"https:\/\/denizcankizil.tr\/#\/schema\/person\/image\/\",\"url\":\"https:\/\/secure.gravatar.com\/avatar\/c1fce94c830dc79107e174f890d7210541c4a63e8e5d816341794a2151c9d58c?s=96&d=mm&r=g\",\"contentUrl\":\"https:\/\/secure.gravatar.com\/avatar\/c1fce94c830dc79107e174f890d7210541c4a63e8e5d816341794a2151c9d58c?s=96&d=mm&r=g\",\"caption\":\"admin\"},\"sameAs\":[\"http:\/\/denizcankizil.tr\"],\"url\":\"https:\/\/www.iskenderun.org\/hatayda-sogan-ureticilerinden-eylem\"}]}<\/script>\n<!-- \/ Yoast SEO Premium plugin. -->","yoast_head_json":{"title":"Hatay'da So\u011fan \u00dcreticilerinden Eylem\u2026 - Av. Deniz Can K\u0131z\u0131l","robots":{"index":"index","follow":"follow","max-snippet":"max-snippet:-1","max-image-preview":"max-image-preview:large","max-video-preview":"max-video-preview:-1"},"canonical":"https:\/\/denizcankizil.tr\/de\/haberler\/gundem\/hatayda-sogan-ureticilerinden-eylem\/","og_locale":"de_DE","og_type":"article","og_title":"Hatay'da So\u011fan \u00dcreticilerinden Eylem\u2026","og_description":"Sembolik Eylem: So\u011fanlar R\u00f6morktan D\u00f6k\u00fcld\u00fc SO-DER (So\u011fan \u00dcreticileri ve Tedarik\u00e7ileri Derne\u011fi) \u00f6nc\u00fcl\u00fc\u011f\u00fcnde ger\u00e7ekle\u015ftirilen eylemde, \u00fcreticiler trakt\u00f6rleriyle alana geldi. Sembolik olarak bir r\u00f6mork dolusu so\u011fan\u0131 yere d\u00f6ken \u00fcreticiler, ya\u015fad\u0131klar\u0131 ekonomik s\u0131k\u0131nt\u0131lara dikkat \u00e7ekti. SO-DER Ba\u015fkan\u0131 Re\u015fat Kaya, \u00fcreticilerin ve tedarik\u00e7ilerin ya\u015fad\u0131\u011f\u0131 sorunlar\u0131 bas\u0131n a\u00e7\u0131klamas\u0131yla kamuoyuna duyurdu. &#8220;SO\u011eAN \u00dcRET\u0130C\u0130S\u0130N\u0130N SIRTINA 7 YILDIR ENFLASYON Y\u00dcK\u00dc B\u0130ND\u0130&#8221; Bas\u0131n a\u00e7\u0131klamas\u0131nda konu\u015fan SO-DER Ba\u015fkan\u0131 Re\u015fat Kaya, \u00fcreticilerin b\u00fcy\u00fck ekonomik bask\u0131 alt\u0131nda ezildi\u011fini belirterek \u201cY\u0131llard\u0131r y\u00fcksek maliyetlerle \u00fcretim yap\u0131yoruz ama \u00fcr\u00fcnlerimiz para etmiyor. Sabah\u0131n k\u00f6r\u00fcnde tarlaya gidiyoruz, gece g\u00fcnd\u00fcz \u00e7al\u0131\u015f\u0131yoruz ama eme\u011fimizin kar\u015f\u0131l\u0131\u011f\u0131n\u0131 alam\u0131yoruz. \u00dcretenin k\u0131ymeti yok. Girdilerimiz \u00e7ok y\u00fcksek, d\u00fcnya ile rekabet edemiyoruz. H\u00fck\u00fcmet y\u0131llard\u0131r enflasyonu so\u011fana, patatese y\u00fckledi. So\u011fan fiyatlar\u0131 biraz y\u00fckselince hemen ithalat ba\u015flat\u0131l\u0131yor, ihracata k\u0131s\u0131tlamalar getiriliyor. Biz te\u015fvik istemiyoruz, sadece adaletli davran\u0131lmas\u0131n\u0131 istiyoruz\u201d diye konu\u015ftu. &#8220;TE\u015eV\u0130K VER\u0130LMEL\u0130, REKABET G\u00dcC\u00dcM\u00dcZ ARTTIRILMALI&#8221; Dernek olarak, h\u00fck\u00fcmetten kilo ba\u015f\u0131na 3 TL te\u015fvik talep ettiklerini ifade eden Kaya, \u201cBu te\u015fvikle en az\u0131ndan d\u0131\u015f pazarda rekabet edebilir, Rusya\u2019ya, \u00c7in\u2019e, M\u0131s\u0131r\u2019a \u00fcr\u00fcn g\u00f6nderebiliriz. Ancak ne te\u015fvik veriliyor, ne de \u00fcreticinin sesi duyuluyor. Bu ko\u015fullarda \u00fcretim yap\u0131lamaz hale geldik,\u201d dedi. &#8220;B\u0130Z TER\u00d6R\u0130ST DE\u011e\u0130L, \u00dcRET\u0130C\u0130Y\u0130Z&#8221; Kaya ayr\u0131ca, baz\u0131 \u00fcreticilere y\u00f6nelik bask\u0131 iddialar\u0131na da de\u011finerek \u015funlar\u0131 kaydetti: \u201cDepolar\u0131m\u0131z bas\u0131l\u0131yor, ceza yaz\u0131l\u0131yor. \u00dcretici ter\u00f6rist gibi g\u00f6steriliyor. Biz siyaset \u00fcst\u00fc bir derne\u011fiz. Ne bir partinin &hellip;","og_url":"https:\/\/denizcankizil.tr\/de\/haberler\/gundem\/hatayda-sogan-ureticilerinden-eylem\/","og_site_name":"Av. Deniz Can K\u0131z\u0131l","article_published_time":"2025-05-07T16:42:10+00:00","author":"admin","twitter_card":"summary_large_image","twitter_misc":{"Verfasst von":"admin","Gesch\u00e4tzte Lesezeit":"2\u00a0Minuten"},"schema":{"@context":"https:\/\/schema.org","@graph":[{"@type":"Article","@id":"https:\/\/denizcankizil.tr\/de\/haberler\/gundem\/hatayda-sogan-ureticilerinden-eylem\/#article","isPartOf":{"@id":"https:\/\/denizcankizil.tr\/de\/haberler\/gundem\/hatayda-sogan-ureticilerinden-eylem\/"},"author":{"name":"admin","@id":"https:\/\/denizcankizil.tr\/#\/schema\/person\/be3c05fe6a12686905512445d8185489"},"headline":"Hatay&#8217;da So\u011fan \u00dcreticilerinden Eylem\u2026","datePublished":"2025-05-07T16:42:10+00:00","mainEntityOfPage":{"@id":"https:\/\/denizcankizil.tr\/de\/haberler\/gundem\/hatayda-sogan-ureticilerinden-eylem\/"},"wordCount":405,"publisher":{"@id":"https:\/\/denizcankizil.tr\/#organization"},"articleSection":["G\u00fcndem"],"inLanguage":"de"},{"@type":"WebPage","@id":"https:\/\/denizcankizil.tr\/de\/haberler\/gundem\/hatayda-sogan-ureticilerinden-eylem\/","url":"https:\/\/denizcankizil.tr\/de\/haberler\/gundem\/hatayda-sogan-ureticilerinden-eylem\/","name":"Hatay'da So\u011fan \u00dcreticilerinden Eylem\u2026 - Av. Deniz Can K\u0131z\u0131l","isPartOf":{"@id":"https:\/\/denizcankizil.tr\/#website"},"datePublished":"2025-05-07T16:42:10+00:00","breadcrumb":{"@id":"https:\/\/denizcankizil.tr\/de\/haberler\/gundem\/hatayda-sogan-ureticilerinden-eylem\/#breadcrumb"},"inLanguage":"de","potentialAction":[{"@type":"ReadAction","target":["https:\/\/denizcankizil.tr\/de\/haberler\/gundem\/hatayda-sogan-ureticilerinden-eylem\/"]}]},{"@type":"BreadcrumbList","@id":"https:\/\/denizcankizil.tr\/de\/haberler\/gundem\/hatayda-sogan-ureticilerinden-eylem\/#breadcrumb","itemListElement":[{"@type":"ListItem","position":1,"name":"Home","item":"https:\/\/denizcankizil.tr\/uk\/"},{"@type":"ListItem","position":2,"name":"Hatay&#8217;da So\u011fan \u00dcreticilerinden Eylem\u2026"}]},{"@type":"WebSite","@id":"https:\/\/denizcankizil.tr\/#website","url":"https:\/\/denizcankizil.tr\/","name":"Av. Deniz Can K\u0131z\u0131l","description":"Avukat Deniz Can K\u0131z\u0131l Antalya Barosu","publisher":{"@id":"https:\/\/denizcankizil.tr\/#organization"},"potentialAction":[{"@type":"SearchAction","target":{"@type":"EntryPoint","urlTemplate":"https:\/\/denizcankizil.tr\/?s={search_term_string}"},"query-input":{"@type":"PropertyValueSpecification","valueRequired":true,"valueName":"search_term_string"}}],"inLanguage":"de"},{"@type":"Organization","@id":"https:\/\/denizcankizil.tr\/#organization","name":"Av. Deniz Can K\u0131z\u0131l","url":"https:\/\/denizcankizil.tr\/","logo":{"@type":"ImageObject","inLanguage":"de","@id":"https:\/\/denizcankizil.tr\/#\/schema\/logo\/image\/","url":"https:\/\/denizcankizil.tr\/wp-content\/uploads\/2024\/10\/siyah-logo-svg.svg","contentUrl":"https:\/\/denizcankizil.tr\/wp-content\/uploads\/2024\/10\/siyah-logo-svg.svg","width":1080,"height":1080,"caption":"Av. Deniz Can K\u0131z\u0131l"},"image":{"@id":"https:\/\/denizcankizil.tr\/#\/schema\/logo\/image\/"}},{"@type":"Person","@id":"https:\/\/denizcankizil.tr\/#\/schema\/person\/be3c05fe6a12686905512445d8185489","name":"Administrator","image":{"@type":"ImageObject","inLanguage":"de","@id":"https:\/\/denizcankizil.tr\/#\/schema\/person\/image\/","url":"https:\/\/secure.gravatar.com\/avatar\/c1fce94c830dc79107e174f890d7210541c4a63e8e5d816341794a2151c9d58c?s=96&d=mm&r=g","contentUrl":"https:\/\/secure.gravatar.com\/avatar\/c1fce94c830dc79107e174f890d7210541c4a63e8e5d816341794a2151c9d58c?s=96&d=mm&r=g","caption":"admin"},"sameAs":["http:\/\/denizcankizil.tr"],"url":"https:\/\/www.iskenderun.org\/hatayda-sogan-ureticilerinden-eylem"}]}},"_links":{"self":[{"href":"https:\/\/denizcankizil.tr\/de\/wp-json\/wp\/v2\/posts\/79192","targetHints":{"allow":["GET"]}}],"collection":[{"href":"https:\/\/denizcankizil.tr\/de\/wp-json\/wp\/v2\/posts"}],"about":[{"href":"https:\/\/denizcankizil.tr\/de\/wp-json\/wp\/v2\/types\/post"}],"author":[{"embeddable":true,"href":"https:\/\/denizcankizil.tr\/de\/wp-json\/wp\/v2\/users\/1"}],"replies":[{"embeddable":true,"href":"https:\/\/denizcankizil.tr\/de\/wp-json\/wp\/v2\/comments?post=79192"}],"version-history":[{"count":0,"href":"https:\/\/denizcankizil.tr\/de\/wp-json\/wp\/v2\/posts\/79192\/revisions"}],"wp:attachment":[{"href":"https:\/\/denizcankizil.tr\/de\/wp-json\/wp\/v2\/media?parent=79192"}],"wp:term":[{"taxonomy":"category","embeddable":true,"href":"https:\/\/denizcankizil.tr\/de\/wp-json\/wp\/v2\/categories?post=79192"},{"taxonomy":"post_tag","embeddable":true,"href":"https:\/\/denizcankizil.tr\/de\/wp-json\/wp\/v2\/tags?post=79192"}],"curies":[{"name":"wp","href":"https:\/\/api.w.org\/{rel}","templated":true}]}}