{"id":79123,"date":"2025-05-07T18:41:45","date_gmt":"2025-05-07T15:41:45","guid":{"rendered":"https:\/\/denizcankizil.tr\/uncategorized-tr\/yuzde-1-ihtimalle-hayata-tutunan-ciftin-sira-disi-aski\/"},"modified":"2025-05-07T18:41:45","modified_gmt":"2025-05-07T15:41:45","slug":"yuzde-1-ihtimalle-hayata-tutunan-ciftin-sira-disi-aski","status":"publish","type":"post","link":"https:\/\/denizcankizil.tr\/de\/haberler\/antalya\/yuzde-1-ihtimalle-hayata-tutunan-ciftin-sira-disi-aski\/","title":{"rendered":"Y\u00fczde 1 ihtimalle hayata tutunan \u00e7iftin s\u0131ra d\u0131\u015f\u0131 a\u015fk\u0131"},"content":{"rendered":"<p>Hatay&#8217;da ya\u015fayan Ali \u00d6zkul (47) ve Dilber \u00d6zkul (40), ya\u015fad\u0131klar\u0131 b\u00f6brek sorunu nedeniyle \u00e7ocukken diyalize ba\u015flad\u0131. 1993 y\u0131l\u0131nda Ali \u00d6zkul 15 y\u0131l boyunca diyalize girdikten sonra kuzenini ba\u011f\u0131\u015flad\u0131\u011f\u0131 b\u00f6brekle hayata tutundu, 5 y\u0131l sonra ise nakil b\u00f6bre\u011fi \u00e7al\u0131\u015fmamaya ba\u015flay\u0131nca tekrar diyalize girmek zorunda kald\u0131. V\u00fccudu antikor \u00fcreten Ali \u00d6zkul&#8217;un y\u00fczde 99 \u00e7\u0131kan PRA&#8217;s\u0131, tekrar uyumlu b\u00f6brek bulma ihtimalini y\u00fczde 1&#8217;e d\u00fc\u015f\u00fcrd\u00fc. Sa\u011fl\u0131k Bakanl\u0131\u011f\u0131 kadavra bekleme listesine al\u0131nan \u00d6zkul, 2015 y\u0131l\u0131nda uyumlu \u00e7\u0131kan don\u00f6rle tekrar ya\u015famam tutunup, Denizli&#8217;de Di\u015f Hastanesi&#8217;nde \u00e7al\u0131\u015fmaya ba\u015flad\u0131.<\/p>\n<p>Biri y\u00fczde 1, di\u011feri y\u00fczde 3 ihtimal<br \/>\nY\u0131llar \u00f6nce \u00e7ocukken tan\u0131\u015ft\u0131\u011f\u0131 Ali \u00d6zkul ile yollar\u0131 ayr\u0131lan Dilber \u00d6zkul ise, 19 y\u0131l boyunca diyalize girdikten sonra 2007 y\u0131l\u0131nda babas\u0131ndan b\u00f6brek nakli oldu. Nakil sonras\u0131 15 y\u0131l boyunca sa\u011fl\u0131kl\u0131 bir \u015fekilde ya\u015fam\u0131n\u0131 s\u00fcrd\u00fcren Dilber \u00d6zkul&#8217;un yolu tekrar Ali \u00d6zkul ile kesi\u015fti. 2022 y\u0131l\u0131nda evlenip mutlu bir yuva kuran \u00e7iftten Dilber \u00d6zkul&#8217;un hen\u00fcz evlili\u011finin ilk y\u0131l\u0131nda b\u00f6bre\u011fi iflas etti. PRA&#8217;s\u0131 y\u00fczde 97 olup y\u00fczde 3 uyum ihtimali bulunan kad\u0131na, 1 May\u0131s&#8217;ta Sa\u011fl\u0131k Bakanl\u0131\u011f\u0131 kadavra listesinde yer alan bir b\u00f6brek uygun \u00e7\u0131kt\u0131.<\/p>\n<p>Ellerini s\u0131ms\u0131k\u0131 tuttular<br \/>\nMedical Park Antalya Hastane Kompleksi&#8217;nde hemen ameliyata al\u0131nan Dilber \u00d6zkul, tekrar ya\u015fama tutunman\u0131n mutlulu\u011funu bu sefer kendisiyle ayn\u0131 durumu ya\u015fayan e\u015fiyle payla\u015ft\u0131. Birbirlerinin ellerini s\u0131ms\u0131k\u0131 tutan \u00e7iftin mutlulu\u011fu ise g\u00f6zlerine yans\u0131d\u0131.<\/p>\n<p>Ba\u011f\u0131\u015f\u0131n \u00f6nemine vurgu yapt\u0131<br \/>\nNakil s\u00fcreciyle ilgili a\u00e7\u0131klamalarda bulunan Medical Park Hastane Kompleksi&#8217;nden Genel Cerrahi Uzman\u0131 Prof. Dr. \u0130brahim Aliosmano\u011flu, \u00e7iftin sa\u011fl\u0131k durumlar\u0131n\u0131n iyi oldu\u011funu belirtti. Kadavra ba\u011f\u0131\u015f\u0131n \u00f6nemine dikkat \u00e7eken Prof. Dr. Aliosmano\u011flu, &#8220;Gencecik bir insan\u0131n yeniden hayata d\u00f6nmesi ve i\u015f hayat\u0131na topluma kazand\u0131r\u0131lmas\u0131 sadece canl\u0131 vericiyle olmayacak bir durum. \u00c7\u00fcnk\u00fc bu \u015fans \u00e7ok \u00e7ok d\u00fc\u015f\u00fckt\u00fc ve kadavra ba\u011f\u0131\u015f\u0131 sayesinde bu hasta kurtar\u0131lm\u0131\u015f oldu. \u00dclkemizde ciddi say\u0131da asl\u0131nda beyin \u00f6l\u00fcm\u00fc tan\u0131s\u0131 konuluyor. Ama maalesef bunlar\u0131n \u00e7ok az k\u0131sm\u0131n\u0131n organlar\u0131 ba\u011f\u0131\u015flan\u0131yor. 2 bin ba\u011f\u0131\u015ftan ortalama 300-400 aras\u0131 sadece aile izniyle ba\u011f\u0131\u015fa d\u00f6n\u00fc\u015f\u00fcyor ve bunun da yine bir k\u0131sm\u0131n\u0131 kullanam\u0131yoruz. Daha d\u00fc\u015f\u00fck miktar\u0131n\u0131 nakil olarak ger\u00e7ekle\u015ftiriyoruz. \u00d6zellikle bekleme listelerinde yakla\u015f\u0131k 30 bin civar\u0131 diyalize giren hasta bir umutla b\u00f6brek naklini bekliyor. Bu y\u00fczden kadavra ba\u011f\u0131\u015f oran\u0131n\u0131 art\u0131rd\u0131\u011f\u0131m\u0131zda ve \u00f6zellikle bir beyin \u00f6l\u00fcm\u00fc tan\u0131s\u0131 konulup da aile izni say\u0131s\u0131n\u0131 art\u0131rd\u0131\u011f\u0131m\u0131zda organ bekleyen hastalara daha b\u00fcy\u00fck fayda sa\u011flayaca\u011f\u0131z ve onlara daha \u00e7ok umut olaca\u011f\u0131z&#8221; dedi.<\/p>\n<p>&#8220;Her zaman \u00e7are var&#8221;<br \/>\nNakil sonras\u0131 sa\u011fl\u0131\u011f\u0131na tekrar kavu\u015fman\u0131n mutlulu\u011funu ya\u015fayan Dilber \u00d6zkul ise, &#8220;Hi\u00e7 umutsuzlu\u011fa kap\u0131lmad\u0131m ve inan\u0131yordum. \u00c7ok \u015f\u00fck\u00fcr, sa\u011fl\u0131\u011f\u0131ma kavu\u015ftum. Herkes azmetmeli, pes etmemeli. O kadar mutlu oldum ki. Umut olsun istiyorum ger\u00e7ekten. \u0130kinci nakil olsun, \u00fc\u00e7\u00fcnc\u00fc nakil olsun. Bunlar\u0131 kesinlikle atlamas\u0131nlar. Her zaman \u00e7are var. Yani bu rahatl\u0131\u011fa kavu\u015ftu\u011fum i\u00e7in \u00e7ok \u015f\u00fck\u00fcr. Herkesin kadavraya yaz\u0131lmas\u0131n\u0131 istiyorum&#8221; dedi.<\/p>\n<p>&#8220;Daha g\u00fczel g\u00fcnler ya\u015fayaca\u011f\u0131z&#8221;<br \/>\nE\u015fiyle birlikte yolunun y\u0131llar sonras\u0131 kesi\u015fmesiyle ayr\u0131 bir mutluluk ya\u015fad\u0131\u011f\u0131n\u0131 da dile getiren \u00d6zkul, &#8220;E\u015fimle gen\u00e7ken diyalize birlikte giriyorduk. Ondan sonra e\u015fimin Ankara&#8217;ya yolu d\u00fc\u015ft\u00fc. Sonra yollar\u0131m\u0131z ayr\u0131ld\u0131. Sonradan tekrar burada birle\u015fti. Ve burada daha mutlu olduk. Daha g\u00fczel g\u00fcnler ya\u015fayaca\u011f\u0131z in\u015fallah&#8221; ifadelerini kulland\u0131.<\/p>\n<p>&#8220;O duygular\u0131 anlatamazs\u0131n\u0131z&#8221;<br \/>\nAli \u00d6zkul da duygular\u0131n\u0131 anlatmakta g\u00fc\u00e7l\u00fck \u00e7ekerek, &#8220;O duygular\u0131 anlatamazs\u0131n\u0131z, \u00e7ok sevin\u00e7li ve mutluyum. E\u015fimle ayn\u0131 mutlulu\u011fu payla\u015f\u0131yoruz&#8221; diye konu\u015ftu.<\/p>\n<p>Kaynak: www.kanalv.com.tr Haber Sitesinden Al\u0131nm\u0131\u015ft\u0131r.<\/p>","protected":false},"excerpt":{"rendered":"<p>Hatay&#8217;da ya\u015fayan Ali \u00d6zkul (47) ve Dilber \u00d6zkul (40), ya\u015fad\u0131klar\u0131 b\u00f6brek sorunu nedeniyle \u00e7ocukken diyalize ba\u015flad\u0131. 1993 y\u0131l\u0131nda Ali \u00d6zkul 15 y\u0131l boyunca diyalize girdikten sonra kuzenini ba\u011f\u0131\u015flad\u0131\u011f\u0131 b\u00f6brekle hayata tutundu, 5 y\u0131l sonra ise nakil b\u00f6bre\u011fi \u00e7al\u0131\u015fmamaya ba\u015flay\u0131nca tekrar diyalize girmek zorunda kald\u0131. V\u00fccudu antikor \u00fcreten Ali \u00d6zkul&#8217;un y\u00fczde 99 \u00e7\u0131kan PRA&#8217;s\u0131, tekrar uyumlu b\u00f6brek bulma ihtimalini y\u00fczde 1&#8217;e d\u00fc\u015f\u00fcrd\u00fc. Sa\u011fl\u0131k Bakanl\u0131\u011f\u0131 kadavra bekleme listesine al\u0131nan \u00d6zkul, 2015 y\u0131l\u0131nda uyumlu \u00e7\u0131kan don\u00f6rle tekrar ya\u015famam tutunup, Denizli&#8217;de Di\u015f Hastanesi&#8217;nde \u00e7al\u0131\u015fmaya ba\u015flad\u0131. Biri y\u00fczde 1, di\u011feri y\u00fczde 3 ihtimal Y\u0131llar \u00f6nce \u00e7ocukken tan\u0131\u015ft\u0131\u011f\u0131 Ali \u00d6zkul ile yollar\u0131 ayr\u0131lan Dilber \u00d6zkul ise, 19 y\u0131l boyunca diyalize girdikten sonra 2007 y\u0131l\u0131nda babas\u0131ndan b\u00f6brek nakli oldu. Nakil sonras\u0131 15 y\u0131l boyunca sa\u011fl\u0131kl\u0131 bir \u015fekilde ya\u015fam\u0131n\u0131 s\u00fcrd\u00fcren Dilber \u00d6zkul&#8217;un yolu tekrar Ali \u00d6zkul ile kesi\u015fti. 2022 y\u0131l\u0131nda evlenip mutlu bir yuva kuran \u00e7iftten Dilber \u00d6zkul&#8217;un hen\u00fcz evlili\u011finin ilk y\u0131l\u0131nda b\u00f6bre\u011fi iflas etti. PRA&#8217;s\u0131 y\u00fczde 97 olup y\u00fczde 3 uyum ihtimali bulunan kad\u0131na, 1 May\u0131s&#8217;ta Sa\u011fl\u0131k Bakanl\u0131\u011f\u0131 kadavra listesinde yer alan bir b\u00f6brek uygun \u00e7\u0131kt\u0131. Ellerini s\u0131ms\u0131k\u0131 tuttular Medical Park Antalya Hastane Kompleksi&#8217;nde hemen ameliyata al\u0131nan Dilber \u00d6zkul, tekrar ya\u015fama tutunman\u0131n mutlulu\u011funu bu sefer kendisiyle ayn\u0131 durumu ya\u015fayan e\u015fiyle payla\u015ft\u0131. Birbirlerinin ellerini s\u0131ms\u0131k\u0131 tutan \u00e7iftin mutlulu\u011fu &hellip;<\/p>","protected":false},"author":4,"featured_media":79124,"comment_status":"","ping_status":"open","sticky":false,"template":"","format":"standard","meta":{"_acf_changed":false,"footnotes":""},"categories":[26],"tags":[],"class_list":["post-79123","post","type-post","status-publish","format-standard","has-post-thumbnail","hentry","category-antalya"],"acf":[],"yoast_head":"<!-- This site is optimized with the Yoast SEO Premium plugin v26.6 (Yoast SEO v27.1.1) - https:\/\/yoast.com\/product\/yoast-seo-premium-wordpress\/ -->\n<title>Y\u00fczde 1 ihtimalle hayata tutunan \u00e7iftin s\u0131ra d\u0131\u015f\u0131 a\u015fk\u0131 - Av. Deniz Can K\u0131z\u0131l<\/title>\n<meta name=\"robots\" content=\"index, follow, max-snippet:-1, max-image-preview:large, max-video-preview:-1\" \/>\n<link rel=\"canonical\" href=\"https:\/\/denizcankizil.tr\/de\/haberler\/antalya\/yuzde-1-ihtimalle-hayata-tutunan-ciftin-sira-disi-aski\/\" \/>\n<meta property=\"og:locale\" content=\"de_DE\" \/>\n<meta property=\"og:type\" content=\"article\" \/>\n<meta property=\"og:title\" content=\"Y\u00fczde 1 ihtimalle hayata tutunan \u00e7iftin s\u0131ra d\u0131\u015f\u0131 a\u015fk\u0131\" \/>\n<meta property=\"og:description\" content=\"Hatay&#8217;da ya\u015fayan Ali \u00d6zkul (47) ve Dilber \u00d6zkul (40), ya\u015fad\u0131klar\u0131 b\u00f6brek sorunu nedeniyle \u00e7ocukken diyalize ba\u015flad\u0131. 1993 y\u0131l\u0131nda Ali \u00d6zkul 15 y\u0131l boyunca diyalize girdikten sonra kuzenini ba\u011f\u0131\u015flad\u0131\u011f\u0131 b\u00f6brekle hayata tutundu, 5 y\u0131l sonra ise nakil b\u00f6bre\u011fi \u00e7al\u0131\u015fmamaya ba\u015flay\u0131nca tekrar diyalize girmek zorunda kald\u0131. V\u00fccudu antikor \u00fcreten Ali \u00d6zkul&#8217;un y\u00fczde 99 \u00e7\u0131kan PRA&#8217;s\u0131, tekrar uyumlu b\u00f6brek bulma ihtimalini y\u00fczde 1&#8217;e d\u00fc\u015f\u00fcrd\u00fc. Sa\u011fl\u0131k Bakanl\u0131\u011f\u0131 kadavra bekleme listesine al\u0131nan \u00d6zkul, 2015 y\u0131l\u0131nda uyumlu \u00e7\u0131kan don\u00f6rle tekrar ya\u015famam tutunup, Denizli&#8217;de Di\u015f Hastanesi&#8217;nde \u00e7al\u0131\u015fmaya ba\u015flad\u0131. Biri y\u00fczde 1, di\u011feri y\u00fczde 3 ihtimal Y\u0131llar \u00f6nce \u00e7ocukken tan\u0131\u015ft\u0131\u011f\u0131 Ali \u00d6zkul ile yollar\u0131 ayr\u0131lan Dilber \u00d6zkul ise, 19 y\u0131l boyunca diyalize girdikten sonra 2007 y\u0131l\u0131nda babas\u0131ndan b\u00f6brek nakli oldu. Nakil sonras\u0131 15 y\u0131l boyunca sa\u011fl\u0131kl\u0131 bir \u015fekilde ya\u015fam\u0131n\u0131 s\u00fcrd\u00fcren Dilber \u00d6zkul&#8217;un yolu tekrar Ali \u00d6zkul ile kesi\u015fti. 2022 y\u0131l\u0131nda evlenip mutlu bir yuva kuran \u00e7iftten Dilber \u00d6zkul&#8217;un hen\u00fcz evlili\u011finin ilk y\u0131l\u0131nda b\u00f6bre\u011fi iflas etti. PRA&#8217;s\u0131 y\u00fczde 97 olup y\u00fczde 3 uyum ihtimali bulunan kad\u0131na, 1 May\u0131s&#8217;ta Sa\u011fl\u0131k Bakanl\u0131\u011f\u0131 kadavra listesinde yer alan bir b\u00f6brek uygun \u00e7\u0131kt\u0131. Ellerini s\u0131ms\u0131k\u0131 tuttular Medical Park Antalya Hastane Kompleksi&#8217;nde hemen ameliyata al\u0131nan Dilber \u00d6zkul, tekrar ya\u015fama tutunman\u0131n mutlulu\u011funu bu sefer kendisiyle ayn\u0131 durumu ya\u015fayan e\u015fiyle payla\u015ft\u0131. Birbirlerinin ellerini s\u0131ms\u0131k\u0131 tutan \u00e7iftin mutlulu\u011fu &hellip;\" \/>\n<meta property=\"og:url\" content=\"https:\/\/denizcankizil.tr\/de\/haberler\/antalya\/yuzde-1-ihtimalle-hayata-tutunan-ciftin-sira-disi-aski\/\" \/>\n<meta property=\"og:site_name\" content=\"Av. Deniz Can K\u0131z\u0131l\" \/>\n<meta property=\"article:published_time\" content=\"2025-05-07T15:41:45+00:00\" \/>\n<meta property=\"og:image\" content=\"https:\/\/denizcankizil.tr\/wp-content\/uploads\/2025\/05\/6218-01-Q6hTUG.jpg\" \/>\n\t<meta property=\"og:image:width\" content=\"1280\" \/>\n\t<meta property=\"og:image:height\" content=\"720\" \/>\n\t<meta property=\"og:image:type\" content=\"image\/jpeg\" \/>\n<meta name=\"author\" content=\"Av. Deniz Can K\u0131z\u0131l\" \/>\n<meta name=\"twitter:card\" content=\"summary_large_image\" \/>\n<meta name=\"twitter:label1\" content=\"Verfasst von\" \/>\n\t<meta name=\"twitter:data1\" content=\"Av. Deniz Can K\u0131z\u0131l\" \/>\n\t<meta name=\"twitter:label2\" content=\"Gesch\u00e4tzte Lesezeit\" \/>\n\t<meta name=\"twitter:data2\" content=\"3\u00a0Minuten\" \/>\n<script type=\"application\/ld+json\" class=\"yoast-schema-graph\">{\"@context\":\"https:\/\/schema.org\",\"@graph\":[{\"@type\":\"Article\",\"@id\":\"https:\/\/denizcankizil.tr\/de\/haberler\/antalya\/yuzde-1-ihtimalle-hayata-tutunan-ciftin-sira-disi-aski\/#article\",\"isPartOf\":{\"@id\":\"https:\/\/denizcankizil.tr\/de\/haberler\/antalya\/yuzde-1-ihtimalle-hayata-tutunan-ciftin-sira-disi-aski\/\"},\"author\":{\"name\":\"Av. Deniz Can K\u0131z\u0131l\",\"@id\":\"https:\/\/denizcankizil.tr\/de\/#\/schema\/person\/5dc1b22991bd7ac833867c10afc9b0ff\"},\"headline\":\"Y\u00fczde 1 ihtimalle hayata tutunan \u00e7iftin s\u0131ra d\u0131\u015f\u0131 a\u015fk\u0131\",\"datePublished\":\"2025-05-07T15:41:45+00:00\",\"mainEntityOfPage\":{\"@id\":\"https:\/\/denizcankizil.tr\/de\/haberler\/antalya\/yuzde-1-ihtimalle-hayata-tutunan-ciftin-sira-disi-aski\/\"},\"wordCount\":696,\"publisher\":{\"@id\":\"https:\/\/denizcankizil.tr\/de\/#organization\"},\"image\":{\"@id\":\"https:\/\/denizcankizil.tr\/de\/haberler\/antalya\/yuzde-1-ihtimalle-hayata-tutunan-ciftin-sira-disi-aski\/#primaryimage\"},\"thumbnailUrl\":\"https:\/\/denizcankizil.tr\/wp-content\/uploads\/2025\/05\/6218-01-Q6hTUG.jpg\",\"articleSection\":[\"Antalya\"],\"inLanguage\":\"de\"},{\"@type\":\"WebPage\",\"@id\":\"https:\/\/denizcankizil.tr\/de\/haberler\/antalya\/yuzde-1-ihtimalle-hayata-tutunan-ciftin-sira-disi-aski\/\",\"url\":\"https:\/\/denizcankizil.tr\/de\/haberler\/antalya\/yuzde-1-ihtimalle-hayata-tutunan-ciftin-sira-disi-aski\/\",\"name\":\"Y\u00fczde 1 ihtimalle hayata tutunan \u00e7iftin s\u0131ra d\u0131\u015f\u0131 a\u015fk\u0131 - Av. Deniz Can K\u0131z\u0131l\",\"isPartOf\":{\"@id\":\"https:\/\/denizcankizil.tr\/de\/#website\"},\"primaryImageOfPage\":{\"@id\":\"https:\/\/denizcankizil.tr\/de\/haberler\/antalya\/yuzde-1-ihtimalle-hayata-tutunan-ciftin-sira-disi-aski\/#primaryimage\"},\"image\":{\"@id\":\"https:\/\/denizcankizil.tr\/de\/haberler\/antalya\/yuzde-1-ihtimalle-hayata-tutunan-ciftin-sira-disi-aski\/#primaryimage\"},\"thumbnailUrl\":\"https:\/\/denizcankizil.tr\/wp-content\/uploads\/2025\/05\/6218-01-Q6hTUG.jpg\",\"datePublished\":\"2025-05-07T15:41:45+00:00\",\"breadcrumb\":{\"@id\":\"https:\/\/denizcankizil.tr\/de\/haberler\/antalya\/yuzde-1-ihtimalle-hayata-tutunan-ciftin-sira-disi-aski\/#breadcrumb\"},\"inLanguage\":\"de\",\"potentialAction\":[{\"@type\":\"ReadAction\",\"target\":[\"https:\/\/denizcankizil.tr\/de\/haberler\/antalya\/yuzde-1-ihtimalle-hayata-tutunan-ciftin-sira-disi-aski\/\"]}]},{\"@type\":\"ImageObject\",\"inLanguage\":\"de\",\"@id\":\"https:\/\/denizcankizil.tr\/de\/haberler\/antalya\/yuzde-1-ihtimalle-hayata-tutunan-ciftin-sira-disi-aski\/#primaryimage\",\"url\":\"https:\/\/denizcankizil.tr\/wp-content\/uploads\/2025\/05\/6218-01-Q6hTUG.jpg\",\"contentUrl\":\"https:\/\/denizcankizil.tr\/wp-content\/uploads\/2025\/05\/6218-01-Q6hTUG.jpg\",\"width\":1280,\"height\":720},{\"@type\":\"BreadcrumbList\",\"@id\":\"https:\/\/denizcankizil.tr\/de\/haberler\/antalya\/yuzde-1-ihtimalle-hayata-tutunan-ciftin-sira-disi-aski\/#breadcrumb\",\"itemListElement\":[{\"@type\":\"ListItem\",\"position\":1,\"name\":\"Home\",\"item\":\"https:\/\/denizcankizil.tr\/de\/\"},{\"@type\":\"ListItem\",\"position\":2,\"name\":\"Y\u00fczde 1 ihtimalle hayata tutunan \u00e7iftin s\u0131ra d\u0131\u015f\u0131 a\u015fk\u0131\"}]},{\"@type\":\"WebSite\",\"@id\":\"https:\/\/denizcankizil.tr\/de\/#website\",\"url\":\"https:\/\/denizcankizil.tr\/de\/\",\"name\":\"Av. Deniz Can K\u0131z\u0131l\",\"description\":\"Avukat Deniz Can K\u0131z\u0131l Antalya Barosu\",\"publisher\":{\"@id\":\"https:\/\/denizcankizil.tr\/de\/#organization\"},\"potentialAction\":[{\"@type\":\"SearchAction\",\"target\":{\"@type\":\"EntryPoint\",\"urlTemplate\":\"https:\/\/denizcankizil.tr\/de\/?s={search_term_string}\"},\"query-input\":{\"@type\":\"PropertyValueSpecification\",\"valueRequired\":true,\"valueName\":\"search_term_string\"}}],\"inLanguage\":\"de\"},{\"@type\":\"Organization\",\"@id\":\"https:\/\/denizcankizil.tr\/de\/#organization\",\"name\":\"Av. Deniz Can K\u0131z\u0131l\",\"url\":\"https:\/\/denizcankizil.tr\/de\/\",\"logo\":{\"@type\":\"ImageObject\",\"inLanguage\":\"de\",\"@id\":\"https:\/\/denizcankizil.tr\/de\/#\/schema\/logo\/image\/\",\"url\":\"https:\/\/denizcankizil.tr\/wp-content\/uploads\/2024\/10\/siyah-logo-svg.svg\",\"contentUrl\":\"https:\/\/denizcankizil.tr\/wp-content\/uploads\/2024\/10\/siyah-logo-svg.svg\",\"width\":1080,\"height\":1080,\"caption\":\"Av. Deniz Can K\u0131z\u0131l\"},\"image\":{\"@id\":\"https:\/\/denizcankizil.tr\/de\/#\/schema\/logo\/image\/\"}},{\"@type\":\"Person\",\"@id\":\"https:\/\/denizcankizil.tr\/de\/#\/schema\/person\/5dc1b22991bd7ac833867c10afc9b0ff\",\"name\":\"Av. Deniz Can K\u0131z\u0131l\",\"image\":{\"@type\":\"ImageObject\",\"inLanguage\":\"de\",\"@id\":\"https:\/\/denizcankizil.tr\/de\/#\/schema\/person\/image\/\",\"url\":\"https:\/\/secure.gravatar.com\/avatar\/a0b128fb9855c79efc976d5640eedb31dc35ec297594d6016d2cf7c60e975bb6?s=96&d=mm&r=g\",\"contentUrl\":\"https:\/\/secure.gravatar.com\/avatar\/a0b128fb9855c79efc976d5640eedb31dc35ec297594d6016d2cf7c60e975bb6?s=96&d=mm&r=g\",\"caption\":\"Av. Deniz Can K\u0131z\u0131l\"},\"sameAs\":[\"http:\/\/www.denizcankizil.tr\"],\"url\":\"https:\/\/denizcankizil.tr\/de\/author\/denizcankizil\/\"}]}<\/script>\n<!-- \/ Yoast SEO Premium plugin. -->","yoast_head_json":{"title":"Y\u00fczde 1 ihtimalle hayata tutunan \u00e7iftin s\u0131ra d\u0131\u015f\u0131 a\u015fk\u0131 - Av. Deniz Can K\u0131z\u0131l","robots":{"index":"index","follow":"follow","max-snippet":"max-snippet:-1","max-image-preview":"max-image-preview:large","max-video-preview":"max-video-preview:-1"},"canonical":"https:\/\/denizcankizil.tr\/de\/haberler\/antalya\/yuzde-1-ihtimalle-hayata-tutunan-ciftin-sira-disi-aski\/","og_locale":"de_DE","og_type":"article","og_title":"Y\u00fczde 1 ihtimalle hayata tutunan \u00e7iftin s\u0131ra d\u0131\u015f\u0131 a\u015fk\u0131","og_description":"Hatay&#8217;da ya\u015fayan Ali \u00d6zkul (47) ve Dilber \u00d6zkul (40), ya\u015fad\u0131klar\u0131 b\u00f6brek sorunu nedeniyle \u00e7ocukken diyalize ba\u015flad\u0131. 1993 y\u0131l\u0131nda Ali \u00d6zkul 15 y\u0131l boyunca diyalize girdikten sonra kuzenini ba\u011f\u0131\u015flad\u0131\u011f\u0131 b\u00f6brekle hayata tutundu, 5 y\u0131l sonra ise nakil b\u00f6bre\u011fi \u00e7al\u0131\u015fmamaya ba\u015flay\u0131nca tekrar diyalize girmek zorunda kald\u0131. V\u00fccudu antikor \u00fcreten Ali \u00d6zkul&#8217;un y\u00fczde 99 \u00e7\u0131kan PRA&#8217;s\u0131, tekrar uyumlu b\u00f6brek bulma ihtimalini y\u00fczde 1&#8217;e d\u00fc\u015f\u00fcrd\u00fc. Sa\u011fl\u0131k Bakanl\u0131\u011f\u0131 kadavra bekleme listesine al\u0131nan \u00d6zkul, 2015 y\u0131l\u0131nda uyumlu \u00e7\u0131kan don\u00f6rle tekrar ya\u015famam tutunup, Denizli&#8217;de Di\u015f Hastanesi&#8217;nde \u00e7al\u0131\u015fmaya ba\u015flad\u0131. Biri y\u00fczde 1, di\u011feri y\u00fczde 3 ihtimal Y\u0131llar \u00f6nce \u00e7ocukken tan\u0131\u015ft\u0131\u011f\u0131 Ali \u00d6zkul ile yollar\u0131 ayr\u0131lan Dilber \u00d6zkul ise, 19 y\u0131l boyunca diyalize girdikten sonra 2007 y\u0131l\u0131nda babas\u0131ndan b\u00f6brek nakli oldu. Nakil sonras\u0131 15 y\u0131l boyunca sa\u011fl\u0131kl\u0131 bir \u015fekilde ya\u015fam\u0131n\u0131 s\u00fcrd\u00fcren Dilber \u00d6zkul&#8217;un yolu tekrar Ali \u00d6zkul ile kesi\u015fti. 2022 y\u0131l\u0131nda evlenip mutlu bir yuva kuran \u00e7iftten Dilber \u00d6zkul&#8217;un hen\u00fcz evlili\u011finin ilk y\u0131l\u0131nda b\u00f6bre\u011fi iflas etti. PRA&#8217;s\u0131 y\u00fczde 97 olup y\u00fczde 3 uyum ihtimali bulunan kad\u0131na, 1 May\u0131s&#8217;ta Sa\u011fl\u0131k Bakanl\u0131\u011f\u0131 kadavra listesinde yer alan bir b\u00f6brek uygun \u00e7\u0131kt\u0131. Ellerini s\u0131ms\u0131k\u0131 tuttular Medical Park Antalya Hastane Kompleksi&#8217;nde hemen ameliyata al\u0131nan Dilber \u00d6zkul, tekrar ya\u015fama tutunman\u0131n mutlulu\u011funu bu sefer kendisiyle ayn\u0131 durumu ya\u015fayan e\u015fiyle payla\u015ft\u0131. Birbirlerinin ellerini s\u0131ms\u0131k\u0131 tutan \u00e7iftin mutlulu\u011fu &hellip;","og_url":"https:\/\/denizcankizil.tr\/de\/haberler\/antalya\/yuzde-1-ihtimalle-hayata-tutunan-ciftin-sira-disi-aski\/","og_site_name":"Av. Deniz Can K\u0131z\u0131l","article_published_time":"2025-05-07T15:41:45+00:00","og_image":[{"width":1280,"height":720,"url":"https:\/\/denizcankizil.tr\/wp-content\/uploads\/2025\/05\/6218-01-Q6hTUG.jpg","type":"image\/jpeg"}],"author":"Av. Deniz Can K\u0131z\u0131l","twitter_card":"summary_large_image","twitter_misc":{"Verfasst von":"Av. Deniz Can K\u0131z\u0131l","Gesch\u00e4tzte Lesezeit":"3\u00a0Minuten"},"schema":{"@context":"https:\/\/schema.org","@graph":[{"@type":"Article","@id":"https:\/\/denizcankizil.tr\/de\/haberler\/antalya\/yuzde-1-ihtimalle-hayata-tutunan-ciftin-sira-disi-aski\/#article","isPartOf":{"@id":"https:\/\/denizcankizil.tr\/de\/haberler\/antalya\/yuzde-1-ihtimalle-hayata-tutunan-ciftin-sira-disi-aski\/"},"author":{"name":"Av. Deniz Can K\u0131z\u0131l","@id":"https:\/\/denizcankizil.tr\/de\/#\/schema\/person\/5dc1b22991bd7ac833867c10afc9b0ff"},"headline":"Y\u00fczde 1 ihtimalle hayata tutunan \u00e7iftin s\u0131ra d\u0131\u015f\u0131 a\u015fk\u0131","datePublished":"2025-05-07T15:41:45+00:00","mainEntityOfPage":{"@id":"https:\/\/denizcankizil.tr\/de\/haberler\/antalya\/yuzde-1-ihtimalle-hayata-tutunan-ciftin-sira-disi-aski\/"},"wordCount":696,"publisher":{"@id":"https:\/\/denizcankizil.tr\/de\/#organization"},"image":{"@id":"https:\/\/denizcankizil.tr\/de\/haberler\/antalya\/yuzde-1-ihtimalle-hayata-tutunan-ciftin-sira-disi-aski\/#primaryimage"},"thumbnailUrl":"https:\/\/denizcankizil.tr\/wp-content\/uploads\/2025\/05\/6218-01-Q6hTUG.jpg","articleSection":["Antalya"],"inLanguage":"de"},{"@type":"WebPage","@id":"https:\/\/denizcankizil.tr\/de\/haberler\/antalya\/yuzde-1-ihtimalle-hayata-tutunan-ciftin-sira-disi-aski\/","url":"https:\/\/denizcankizil.tr\/de\/haberler\/antalya\/yuzde-1-ihtimalle-hayata-tutunan-ciftin-sira-disi-aski\/","name":"Y\u00fczde 1 ihtimalle hayata tutunan \u00e7iftin s\u0131ra d\u0131\u015f\u0131 a\u015fk\u0131 - Av. Deniz Can K\u0131z\u0131l","isPartOf":{"@id":"https:\/\/denizcankizil.tr\/de\/#website"},"primaryImageOfPage":{"@id":"https:\/\/denizcankizil.tr\/de\/haberler\/antalya\/yuzde-1-ihtimalle-hayata-tutunan-ciftin-sira-disi-aski\/#primaryimage"},"image":{"@id":"https:\/\/denizcankizil.tr\/de\/haberler\/antalya\/yuzde-1-ihtimalle-hayata-tutunan-ciftin-sira-disi-aski\/#primaryimage"},"thumbnailUrl":"https:\/\/denizcankizil.tr\/wp-content\/uploads\/2025\/05\/6218-01-Q6hTUG.jpg","datePublished":"2025-05-07T15:41:45+00:00","breadcrumb":{"@id":"https:\/\/denizcankizil.tr\/de\/haberler\/antalya\/yuzde-1-ihtimalle-hayata-tutunan-ciftin-sira-disi-aski\/#breadcrumb"},"inLanguage":"de","potentialAction":[{"@type":"ReadAction","target":["https:\/\/denizcankizil.tr\/de\/haberler\/antalya\/yuzde-1-ihtimalle-hayata-tutunan-ciftin-sira-disi-aski\/"]}]},{"@type":"ImageObject","inLanguage":"de","@id":"https:\/\/denizcankizil.tr\/de\/haberler\/antalya\/yuzde-1-ihtimalle-hayata-tutunan-ciftin-sira-disi-aski\/#primaryimage","url":"https:\/\/denizcankizil.tr\/wp-content\/uploads\/2025\/05\/6218-01-Q6hTUG.jpg","contentUrl":"https:\/\/denizcankizil.tr\/wp-content\/uploads\/2025\/05\/6218-01-Q6hTUG.jpg","width":1280,"height":720},{"@type":"BreadcrumbList","@id":"https:\/\/denizcankizil.tr\/de\/haberler\/antalya\/yuzde-1-ihtimalle-hayata-tutunan-ciftin-sira-disi-aski\/#breadcrumb","itemListElement":[{"@type":"ListItem","position":1,"name":"Home","item":"https:\/\/denizcankizil.tr\/de\/"},{"@type":"ListItem","position":2,"name":"Y\u00fczde 1 ihtimalle hayata tutunan \u00e7iftin s\u0131ra d\u0131\u015f\u0131 a\u015fk\u0131"}]},{"@type":"WebSite","@id":"https:\/\/denizcankizil.tr\/de\/#website","url":"https:\/\/denizcankizil.tr\/de\/","name":"Av. Deniz Can K\u0131z\u0131l","description":"Avukat Deniz Can K\u0131z\u0131l Antalya Barosu","publisher":{"@id":"https:\/\/denizcankizil.tr\/de\/#organization"},"potentialAction":[{"@type":"SearchAction","target":{"@type":"EntryPoint","urlTemplate":"https:\/\/denizcankizil.tr\/de\/?s={search_term_string}"},"query-input":{"@type":"PropertyValueSpecification","valueRequired":true,"valueName":"search_term_string"}}],"inLanguage":"de"},{"@type":"Organization","@id":"https:\/\/denizcankizil.tr\/de\/#organization","name":"Av. Deniz Can K\u0131z\u0131l","url":"https:\/\/denizcankizil.tr\/de\/","logo":{"@type":"ImageObject","inLanguage":"de","@id":"https:\/\/denizcankizil.tr\/de\/#\/schema\/logo\/image\/","url":"https:\/\/denizcankizil.tr\/wp-content\/uploads\/2024\/10\/siyah-logo-svg.svg","contentUrl":"https:\/\/denizcankizil.tr\/wp-content\/uploads\/2024\/10\/siyah-logo-svg.svg","width":1080,"height":1080,"caption":"Av. Deniz Can K\u0131z\u0131l"},"image":{"@id":"https:\/\/denizcankizil.tr\/de\/#\/schema\/logo\/image\/"}},{"@type":"Person","@id":"https:\/\/denizcankizil.tr\/de\/#\/schema\/person\/5dc1b22991bd7ac833867c10afc9b0ff","name":"Av. Deniz Can K\u0131z\u0131l","image":{"@type":"ImageObject","inLanguage":"de","@id":"https:\/\/denizcankizil.tr\/de\/#\/schema\/person\/image\/","url":"https:\/\/secure.gravatar.com\/avatar\/a0b128fb9855c79efc976d5640eedb31dc35ec297594d6016d2cf7c60e975bb6?s=96&d=mm&r=g","contentUrl":"https:\/\/secure.gravatar.com\/avatar\/a0b128fb9855c79efc976d5640eedb31dc35ec297594d6016d2cf7c60e975bb6?s=96&d=mm&r=g","caption":"Av. Deniz Can K\u0131z\u0131l"},"sameAs":["http:\/\/www.denizcankizil.tr"],"url":"https:\/\/denizcankizil.tr\/de\/author\/denizcankizil\/"}]}},"_links":{"self":[{"href":"https:\/\/denizcankizil.tr\/de\/wp-json\/wp\/v2\/posts\/79123","targetHints":{"allow":["GET"]}}],"collection":[{"href":"https:\/\/denizcankizil.tr\/de\/wp-json\/wp\/v2\/posts"}],"about":[{"href":"https:\/\/denizcankizil.tr\/de\/wp-json\/wp\/v2\/types\/post"}],"author":[{"embeddable":true,"href":"https:\/\/denizcankizil.tr\/de\/wp-json\/wp\/v2\/users\/4"}],"replies":[{"embeddable":true,"href":"https:\/\/denizcankizil.tr\/de\/wp-json\/wp\/v2\/comments?post=79123"}],"version-history":[{"count":0,"href":"https:\/\/denizcankizil.tr\/de\/wp-json\/wp\/v2\/posts\/79123\/revisions"}],"wp:featuredmedia":[{"embeddable":true,"href":"https:\/\/denizcankizil.tr\/de\/wp-json\/wp\/v2\/media\/79124"}],"wp:attachment":[{"href":"https:\/\/denizcankizil.tr\/de\/wp-json\/wp\/v2\/media?parent=79123"}],"wp:term":[{"taxonomy":"category","embeddable":true,"href":"https:\/\/denizcankizil.tr\/de\/wp-json\/wp\/v2\/categories?post=79123"},{"taxonomy":"post_tag","embeddable":true,"href":"https:\/\/denizcankizil.tr\/de\/wp-json\/wp\/v2\/tags?post=79123"}],"curies":[{"name":"wp","href":"https:\/\/api.w.org\/{rel}","templated":true}]}}