{"id":79116,"date":"2025-05-07T17:42:31","date_gmt":"2025-05-07T14:42:31","guid":{"rendered":"https:\/\/denizcankizil.tr\/uncategorized-tr\/malkara-belediyesi-mayis-ayi-meclis-toplantisi-gerceklestirildi\/"},"modified":"2025-05-07T17:42:31","modified_gmt":"2025-05-07T14:42:31","slug":"malkara-belediyesi-mayis-ayi-meclis-toplantisi-gerceklestirildi","status":"publish","type":"post","link":"https:\/\/denizcankizil.tr\/de\/haberler\/gundem\/malkara-belediyesi-mayis-ayi-meclis-toplantisi-gerceklestirildi\/","title":{"rendered":"Malkara Belediyesi May\u0131s ay\u0131 meclis toplant\u0131s\u0131 ger\u00e7ekle\u015ftirildi"},"content":{"rendered":"<p>Malkara Belediyesi 2025 May\u0131s D\u00f6nemi Meclis Toplant\u0131s\u0131, Malkara Belediye Ba\u015fkan\u0131 Nergiz Karaa\u011fa\u00e7l\u0131 \u00d6zt\u00fcrk\u2019\u00fcn ba\u015fkanl\u0131\u011f\u0131nda 5393 Say\u0131l\u0131 Yasan\u0131n 20. Maddesine g\u00f6re 7 May\u0131s 2025 \u00c7ar\u015famba g\u00fcn\u00fc saat 15.00\u2019te Belediye Binas\u0131ndaki Meclis Odas\u0131nda ger\u00e7ekle\u015ftirildi.<\/p>\n<p>\u200bMalkara Belediyesi 2025 May\u0131s D\u00f6nemi Meclis Toplant\u0131s\u0131, Malkara Belediye Ba\u015fkan\u0131 Nergiz Karaa\u011fa\u00e7l\u0131 \u00d6zt\u00fcrk\u2019\u00fcn ba\u015fkanl\u0131\u011f\u0131nda 5393 Say\u0131l\u0131 Yasan\u0131n 20. Maddesine g\u00f6re 7 May\u0131s 2025 \u00c7ar\u015famba g\u00fcn\u00fc saat 15.00\u2019te Belediye Binas\u0131ndaki Meclis Odas\u0131nda ger\u00e7ekle\u015ftirildi.\u00a0<\/p>\n<p>\u200bHaberin Al\u0131nt\u0131land\u0131\u011f\u0131 Kaynak: www.iskenderun.org<\/p>","protected":false},"excerpt":{"rendered":"<p>Malkara Belediyesi 2025 May\u0131s D\u00f6nemi Meclis Toplant\u0131s\u0131, Malkara Belediye Ba\u015fkan\u0131 Nergiz Karaa\u011fa\u00e7l\u0131 \u00d6zt\u00fcrk\u2019\u00fcn ba\u015fkanl\u0131\u011f\u0131nda 5393 Say\u0131l\u0131 Yasan\u0131n 20. Maddesine g\u00f6re 7 May\u0131s 2025 \u00c7ar\u015famba g\u00fcn\u00fc saat 15.00\u2019te Belediye Binas\u0131ndaki Meclis Odas\u0131nda ger\u00e7ekle\u015ftirildi. \u200bMalkara Belediyesi 2025 May\u0131s D\u00f6nemi Meclis Toplant\u0131s\u0131, Malkara Belediye Ba\u015fkan\u0131 Nergiz Karaa\u011fa\u00e7l\u0131 \u00d6zt\u00fcrk\u2019\u00fcn ba\u015fkanl\u0131\u011f\u0131nda 5393 Say\u0131l\u0131 Yasan\u0131n 20. Maddesine g\u00f6re 7 May\u0131s 2025 \u00c7ar\u015famba g\u00fcn\u00fc saat 15.00\u2019te Belediye Binas\u0131ndaki Meclis Odas\u0131nda ger\u00e7ekle\u015ftirildi.\u00a0 \u200bHaberin Al\u0131nt\u0131land\u0131\u011f\u0131 Kaynak: www.iskenderun.org<\/p>","protected":false},"author":1,"featured_media":0,"comment_status":"","ping_status":"open","sticky":false,"template":"","format":"standard","meta":{"_acf_changed":false,"footnotes":""},"categories":[24],"tags":[],"class_list":["post-79116","post","type-post","status-publish","format-standard","has-post-thumbnail","hentry","category-gundem"],"acf":[],"yoast_head":"<!-- This site is optimized with the Yoast SEO Premium plugin v26.6 (Yoast SEO v27.1.1) - https:\/\/yoast.com\/product\/yoast-seo-premium-wordpress\/ -->\n<title>Malkara Belediyesi May\u0131s ay\u0131 meclis toplant\u0131s\u0131 ger\u00e7ekle\u015ftirildi - Av. Deniz Can K\u0131z\u0131l<\/title>\n<meta name=\"robots\" content=\"index, follow, max-snippet:-1, max-image-preview:large, max-video-preview:-1\" \/>\n<link rel=\"canonical\" href=\"https:\/\/denizcankizil.tr\/de\/haberler\/gundem\/malkara-belediyesi-mayis-ayi-meclis-toplantisi-gerceklestirildi\/\" \/>\n<meta property=\"og:locale\" content=\"de_DE\" \/>\n<meta property=\"og:type\" content=\"article\" \/>\n<meta property=\"og:title\" content=\"Malkara Belediyesi May\u0131s ay\u0131 meclis toplant\u0131s\u0131 ger\u00e7ekle\u015ftirildi\" \/>\n<meta property=\"og:description\" content=\"Malkara Belediyesi 2025 May\u0131s D\u00f6nemi Meclis Toplant\u0131s\u0131, Malkara Belediye Ba\u015fkan\u0131 Nergiz Karaa\u011fa\u00e7l\u0131 \u00d6zt\u00fcrk\u2019\u00fcn ba\u015fkanl\u0131\u011f\u0131nda 5393 Say\u0131l\u0131 Yasan\u0131n 20. Maddesine g\u00f6re 7 May\u0131s 2025 \u00c7ar\u015famba g\u00fcn\u00fc saat 15.00\u2019te Belediye Binas\u0131ndaki Meclis Odas\u0131nda ger\u00e7ekle\u015ftirildi. \u200bMalkara Belediyesi 2025 May\u0131s D\u00f6nemi Meclis Toplant\u0131s\u0131, Malkara Belediye Ba\u015fkan\u0131 Nergiz Karaa\u011fa\u00e7l\u0131 \u00d6zt\u00fcrk\u2019\u00fcn ba\u015fkanl\u0131\u011f\u0131nda 5393 Say\u0131l\u0131 Yasan\u0131n 20. Maddesine g\u00f6re 7 May\u0131s 2025 \u00c7ar\u015famba g\u00fcn\u00fc saat 15.00\u2019te Belediye Binas\u0131ndaki Meclis Odas\u0131nda ger\u00e7ekle\u015ftirildi.\u00a0 \u200bHaberin Al\u0131nt\u0131land\u0131\u011f\u0131 Kaynak: www.iskenderun.org\" \/>\n<meta property=\"og:url\" content=\"https:\/\/denizcankizil.tr\/de\/haberler\/gundem\/malkara-belediyesi-mayis-ayi-meclis-toplantisi-gerceklestirildi\/\" \/>\n<meta property=\"og:site_name\" content=\"Av. Deniz Can K\u0131z\u0131l\" \/>\n<meta property=\"article:published_time\" content=\"2025-05-07T14:42:31+00:00\" \/>\n<meta name=\"author\" content=\"admin\" \/>\n<meta name=\"twitter:card\" content=\"summary_large_image\" \/>\n<meta name=\"twitter:label1\" content=\"Verfasst von\" \/>\n\t<meta name=\"twitter:data1\" content=\"admin\" \/>\n\t<meta name=\"twitter:label2\" content=\"Gesch\u00e4tzte Lesezeit\" \/>\n\t<meta name=\"twitter:data2\" content=\"1\u00a0Minute\" \/>\n<script type=\"application\/ld+json\" class=\"yoast-schema-graph\">{\"@context\":\"https:\/\/schema.org\",\"@graph\":[{\"@type\":\"Article\",\"@id\":\"https:\/\/denizcankizil.tr\/uk\/haberler\/gundem\/malkara-belediyesi-mayis-ayi-meclis-toplantisi-gerceklestirildi\/#article\",\"isPartOf\":{\"@id\":\"https:\/\/denizcankizil.tr\/uk\/haberler\/gundem\/malkara-belediyesi-mayis-ayi-meclis-toplantisi-gerceklestirildi\/\"},\"author\":{\"name\":\"admin\",\"@id\":\"https:\/\/denizcankizil.tr\/de\/#\/schema\/person\/be3c05fe6a12686905512445d8185489\"},\"headline\":\"Malkara Belediyesi May\u0131s ay\u0131 meclis toplant\u0131s\u0131 ger\u00e7ekle\u015ftirildi\",\"datePublished\":\"2025-05-07T14:42:31+00:00\",\"mainEntityOfPage\":{\"@id\":\"https:\/\/denizcankizil.tr\/uk\/haberler\/gundem\/malkara-belediyesi-mayis-ayi-meclis-toplantisi-gerceklestirildi\/\"},\"wordCount\":113,\"publisher\":{\"@id\":\"https:\/\/denizcankizil.tr\/de\/#organization\"},\"articleSection\":[\"G\u00fcndem\"],\"inLanguage\":\"de\"},{\"@type\":\"WebPage\",\"@id\":\"https:\/\/denizcankizil.tr\/uk\/haberler\/gundem\/malkara-belediyesi-mayis-ayi-meclis-toplantisi-gerceklestirildi\/\",\"url\":\"https:\/\/denizcankizil.tr\/uk\/haberler\/gundem\/malkara-belediyesi-mayis-ayi-meclis-toplantisi-gerceklestirildi\/\",\"name\":\"Malkara Belediyesi May\u0131s ay\u0131 meclis toplant\u0131s\u0131 ger\u00e7ekle\u015ftirildi - Av. Deniz Can K\u0131z\u0131l\",\"isPartOf\":{\"@id\":\"https:\/\/denizcankizil.tr\/de\/#website\"},\"datePublished\":\"2025-05-07T14:42:31+00:00\",\"breadcrumb\":{\"@id\":\"https:\/\/denizcankizil.tr\/uk\/haberler\/gundem\/malkara-belediyesi-mayis-ayi-meclis-toplantisi-gerceklestirildi\/#breadcrumb\"},\"inLanguage\":\"de\",\"potentialAction\":[{\"@type\":\"ReadAction\",\"target\":[\"https:\/\/denizcankizil.tr\/uk\/haberler\/gundem\/malkara-belediyesi-mayis-ayi-meclis-toplantisi-gerceklestirildi\/\"]}]},{\"@type\":\"BreadcrumbList\",\"@id\":\"https:\/\/denizcankizil.tr\/uk\/haberler\/gundem\/malkara-belediyesi-mayis-ayi-meclis-toplantisi-gerceklestirildi\/#breadcrumb\",\"itemListElement\":[{\"@type\":\"ListItem\",\"position\":1,\"name\":\"Home\",\"item\":\"https:\/\/denizcankizil.tr\/de\/\"},{\"@type\":\"ListItem\",\"position\":2,\"name\":\"Malkara Belediyesi May\u0131s ay\u0131 meclis toplant\u0131s\u0131 ger\u00e7ekle\u015ftirildi\"}]},{\"@type\":\"WebSite\",\"@id\":\"https:\/\/denizcankizil.tr\/de\/#website\",\"url\":\"https:\/\/denizcankizil.tr\/de\/\",\"name\":\"Av. Deniz Can K\u0131z\u0131l\",\"description\":\"Avukat Deniz Can K\u0131z\u0131l Antalya Barosu\",\"publisher\":{\"@id\":\"https:\/\/denizcankizil.tr\/de\/#organization\"},\"potentialAction\":[{\"@type\":\"SearchAction\",\"target\":{\"@type\":\"EntryPoint\",\"urlTemplate\":\"https:\/\/denizcankizil.tr\/de\/?s={search_term_string}\"},\"query-input\":{\"@type\":\"PropertyValueSpecification\",\"valueRequired\":true,\"valueName\":\"search_term_string\"}}],\"inLanguage\":\"de\"},{\"@type\":\"Organization\",\"@id\":\"https:\/\/denizcankizil.tr\/de\/#organization\",\"name\":\"Av. Deniz Can K\u0131z\u0131l\",\"url\":\"https:\/\/denizcankizil.tr\/de\/\",\"logo\":{\"@type\":\"ImageObject\",\"inLanguage\":\"de\",\"@id\":\"https:\/\/denizcankizil.tr\/de\/#\/schema\/logo\/image\/\",\"url\":\"https:\/\/denizcankizil.tr\/wp-content\/uploads\/2024\/10\/siyah-logo-svg.svg\",\"contentUrl\":\"https:\/\/denizcankizil.tr\/wp-content\/uploads\/2024\/10\/siyah-logo-svg.svg\",\"width\":1080,\"height\":1080,\"caption\":\"Av. Deniz Can K\u0131z\u0131l\"},\"image\":{\"@id\":\"https:\/\/denizcankizil.tr\/de\/#\/schema\/logo\/image\/\"}},{\"@type\":\"Person\",\"@id\":\"https:\/\/denizcankizil.tr\/de\/#\/schema\/person\/be3c05fe6a12686905512445d8185489\",\"name\":\"admin\",\"image\":{\"@type\":\"ImageObject\",\"inLanguage\":\"de\",\"@id\":\"https:\/\/denizcankizil.tr\/de\/#\/schema\/person\/image\/\",\"url\":\"https:\/\/secure.gravatar.com\/avatar\/c1fce94c830dc79107e174f890d7210541c4a63e8e5d816341794a2151c9d58c?s=96&d=mm&r=g\",\"contentUrl\":\"https:\/\/secure.gravatar.com\/avatar\/c1fce94c830dc79107e174f890d7210541c4a63e8e5d816341794a2151c9d58c?s=96&d=mm&r=g\",\"caption\":\"admin\"},\"sameAs\":[\"http:\/\/denizcankizil.tr\"],\"url\":\"https:\/\/www.iskenderun.org\/malkara-belediyesi-mayis-ayi-meclis-toplantisi-gerceklestirildi\"}]}<\/script>\n<!-- \/ Yoast SEO Premium plugin. -->","yoast_head_json":{"title":"Malkara Belediyesi May\u0131s ay\u0131 meclis toplant\u0131s\u0131 ger\u00e7ekle\u015ftirildi - Av. Deniz Can K\u0131z\u0131l","robots":{"index":"index","follow":"follow","max-snippet":"max-snippet:-1","max-image-preview":"max-image-preview:large","max-video-preview":"max-video-preview:-1"},"canonical":"https:\/\/denizcankizil.tr\/de\/haberler\/gundem\/malkara-belediyesi-mayis-ayi-meclis-toplantisi-gerceklestirildi\/","og_locale":"de_DE","og_type":"article","og_title":"Malkara Belediyesi May\u0131s ay\u0131 meclis toplant\u0131s\u0131 ger\u00e7ekle\u015ftirildi","og_description":"Malkara Belediyesi 2025 May\u0131s D\u00f6nemi Meclis Toplant\u0131s\u0131, Malkara Belediye Ba\u015fkan\u0131 Nergiz Karaa\u011fa\u00e7l\u0131 \u00d6zt\u00fcrk\u2019\u00fcn ba\u015fkanl\u0131\u011f\u0131nda 5393 Say\u0131l\u0131 Yasan\u0131n 20. Maddesine g\u00f6re 7 May\u0131s 2025 \u00c7ar\u015famba g\u00fcn\u00fc saat 15.00\u2019te Belediye Binas\u0131ndaki Meclis Odas\u0131nda ger\u00e7ekle\u015ftirildi. \u200bMalkara Belediyesi 2025 May\u0131s D\u00f6nemi Meclis Toplant\u0131s\u0131, Malkara Belediye Ba\u015fkan\u0131 Nergiz Karaa\u011fa\u00e7l\u0131 \u00d6zt\u00fcrk\u2019\u00fcn ba\u015fkanl\u0131\u011f\u0131nda 5393 Say\u0131l\u0131 Yasan\u0131n 20. Maddesine g\u00f6re 7 May\u0131s 2025 \u00c7ar\u015famba g\u00fcn\u00fc saat 15.00\u2019te Belediye Binas\u0131ndaki Meclis Odas\u0131nda ger\u00e7ekle\u015ftirildi.\u00a0 \u200bHaberin Al\u0131nt\u0131land\u0131\u011f\u0131 Kaynak: www.iskenderun.org","og_url":"https:\/\/denizcankizil.tr\/de\/haberler\/gundem\/malkara-belediyesi-mayis-ayi-meclis-toplantisi-gerceklestirildi\/","og_site_name":"Av. Deniz Can K\u0131z\u0131l","article_published_time":"2025-05-07T14:42:31+00:00","author":"admin","twitter_card":"summary_large_image","twitter_misc":{"Verfasst von":"admin","Gesch\u00e4tzte Lesezeit":"1\u00a0Minute"},"schema":{"@context":"https:\/\/schema.org","@graph":[{"@type":"Article","@id":"https:\/\/denizcankizil.tr\/uk\/haberler\/gundem\/malkara-belediyesi-mayis-ayi-meclis-toplantisi-gerceklestirildi\/#article","isPartOf":{"@id":"https:\/\/denizcankizil.tr\/uk\/haberler\/gundem\/malkara-belediyesi-mayis-ayi-meclis-toplantisi-gerceklestirildi\/"},"author":{"name":"admin","@id":"https:\/\/denizcankizil.tr\/de\/#\/schema\/person\/be3c05fe6a12686905512445d8185489"},"headline":"Malkara Belediyesi May\u0131s ay\u0131 meclis toplant\u0131s\u0131 ger\u00e7ekle\u015ftirildi","datePublished":"2025-05-07T14:42:31+00:00","mainEntityOfPage":{"@id":"https:\/\/denizcankizil.tr\/uk\/haberler\/gundem\/malkara-belediyesi-mayis-ayi-meclis-toplantisi-gerceklestirildi\/"},"wordCount":113,"publisher":{"@id":"https:\/\/denizcankizil.tr\/de\/#organization"},"articleSection":["G\u00fcndem"],"inLanguage":"de"},{"@type":"WebPage","@id":"https:\/\/denizcankizil.tr\/uk\/haberler\/gundem\/malkara-belediyesi-mayis-ayi-meclis-toplantisi-gerceklestirildi\/","url":"https:\/\/denizcankizil.tr\/uk\/haberler\/gundem\/malkara-belediyesi-mayis-ayi-meclis-toplantisi-gerceklestirildi\/","name":"Malkara Belediyesi May\u0131s ay\u0131 meclis toplant\u0131s\u0131 ger\u00e7ekle\u015ftirildi - Av. Deniz Can K\u0131z\u0131l","isPartOf":{"@id":"https:\/\/denizcankizil.tr\/de\/#website"},"datePublished":"2025-05-07T14:42:31+00:00","breadcrumb":{"@id":"https:\/\/denizcankizil.tr\/uk\/haberler\/gundem\/malkara-belediyesi-mayis-ayi-meclis-toplantisi-gerceklestirildi\/#breadcrumb"},"inLanguage":"de","potentialAction":[{"@type":"ReadAction","target":["https:\/\/denizcankizil.tr\/uk\/haberler\/gundem\/malkara-belediyesi-mayis-ayi-meclis-toplantisi-gerceklestirildi\/"]}]},{"@type":"BreadcrumbList","@id":"https:\/\/denizcankizil.tr\/uk\/haberler\/gundem\/malkara-belediyesi-mayis-ayi-meclis-toplantisi-gerceklestirildi\/#breadcrumb","itemListElement":[{"@type":"ListItem","position":1,"name":"Home","item":"https:\/\/denizcankizil.tr\/de\/"},{"@type":"ListItem","position":2,"name":"Malkara Belediyesi May\u0131s ay\u0131 meclis toplant\u0131s\u0131 ger\u00e7ekle\u015ftirildi"}]},{"@type":"WebSite","@id":"https:\/\/denizcankizil.tr\/de\/#website","url":"https:\/\/denizcankizil.tr\/de\/","name":"Av. Deniz Can K\u0131z\u0131l","description":"Avukat Deniz Can K\u0131z\u0131l Antalya Barosu","publisher":{"@id":"https:\/\/denizcankizil.tr\/de\/#organization"},"potentialAction":[{"@type":"SearchAction","target":{"@type":"EntryPoint","urlTemplate":"https:\/\/denizcankizil.tr\/de\/?s={search_term_string}"},"query-input":{"@type":"PropertyValueSpecification","valueRequired":true,"valueName":"search_term_string"}}],"inLanguage":"de"},{"@type":"Organization","@id":"https:\/\/denizcankizil.tr\/de\/#organization","name":"Av. Deniz Can K\u0131z\u0131l","url":"https:\/\/denizcankizil.tr\/de\/","logo":{"@type":"ImageObject","inLanguage":"de","@id":"https:\/\/denizcankizil.tr\/de\/#\/schema\/logo\/image\/","url":"https:\/\/denizcankizil.tr\/wp-content\/uploads\/2024\/10\/siyah-logo-svg.svg","contentUrl":"https:\/\/denizcankizil.tr\/wp-content\/uploads\/2024\/10\/siyah-logo-svg.svg","width":1080,"height":1080,"caption":"Av. Deniz Can K\u0131z\u0131l"},"image":{"@id":"https:\/\/denizcankizil.tr\/de\/#\/schema\/logo\/image\/"}},{"@type":"Person","@id":"https:\/\/denizcankizil.tr\/de\/#\/schema\/person\/be3c05fe6a12686905512445d8185489","name":"Administrator","image":{"@type":"ImageObject","inLanguage":"de","@id":"https:\/\/denizcankizil.tr\/de\/#\/schema\/person\/image\/","url":"https:\/\/secure.gravatar.com\/avatar\/c1fce94c830dc79107e174f890d7210541c4a63e8e5d816341794a2151c9d58c?s=96&d=mm&r=g","contentUrl":"https:\/\/secure.gravatar.com\/avatar\/c1fce94c830dc79107e174f890d7210541c4a63e8e5d816341794a2151c9d58c?s=96&d=mm&r=g","caption":"admin"},"sameAs":["http:\/\/denizcankizil.tr"],"url":"https:\/\/www.iskenderun.org\/malkara-belediyesi-mayis-ayi-meclis-toplantisi-gerceklestirildi"}]}},"_links":{"self":[{"href":"https:\/\/denizcankizil.tr\/de\/wp-json\/wp\/v2\/posts\/79116","targetHints":{"allow":["GET"]}}],"collection":[{"href":"https:\/\/denizcankizil.tr\/de\/wp-json\/wp\/v2\/posts"}],"about":[{"href":"https:\/\/denizcankizil.tr\/de\/wp-json\/wp\/v2\/types\/post"}],"author":[{"embeddable":true,"href":"https:\/\/denizcankizil.tr\/de\/wp-json\/wp\/v2\/users\/1"}],"replies":[{"embeddable":true,"href":"https:\/\/denizcankizil.tr\/de\/wp-json\/wp\/v2\/comments?post=79116"}],"version-history":[{"count":0,"href":"https:\/\/denizcankizil.tr\/de\/wp-json\/wp\/v2\/posts\/79116\/revisions"}],"wp:attachment":[{"href":"https:\/\/denizcankizil.tr\/de\/wp-json\/wp\/v2\/media?parent=79116"}],"wp:term":[{"taxonomy":"category","embeddable":true,"href":"https:\/\/denizcankizil.tr\/de\/wp-json\/wp\/v2\/categories?post=79116"},{"taxonomy":"post_tag","embeddable":true,"href":"https:\/\/denizcankizil.tr\/de\/wp-json\/wp\/v2\/tags?post=79116"}],"curies":[{"name":"wp","href":"https:\/\/api.w.org\/{rel}","templated":true}]}}