{"id":78899,"date":"2025-05-07T13:41:49","date_gmt":"2025-05-07T10:41:49","guid":{"rendered":"https:\/\/denizcankizil.tr\/uncategorized-tr\/muratpasanin-cicek-desenleri-gunleri-basliyor\/"},"modified":"2025-05-07T13:41:49","modified_gmt":"2025-05-07T10:41:49","slug":"muratpasanin-cicek-desenleri-gunleri-basliyor","status":"publish","type":"post","link":"https:\/\/denizcankizil.tr\/de\/haberler\/antalya\/muratpasanin-cicek-desenleri-gunleri-basliyor\/","title":{"rendered":"Muratpa\u015fa\u2019n\u0131n \u00c7i\u00e7ek Desenleri G\u00fcnleri ba\u015fl\u0131yor"},"content":{"rendered":"<p>Sicilya\u2019n\u0131n \u00e7i\u00e7ek festivaliyle \u00fcnl\u00fc ve UNESCO D\u00fcnya Miras\u0131 Listesi\u2019nde yer alan kenti Noto ile i\u015f birli\u011fi i\u00e7inde ger\u00e7ekle\u015ftirilen Antalya \u00c7i\u00e7ek Desenleri G\u00fcnleri\u2019nin t\u00fcm haz\u0131rl\u0131klar\u0131 tamamland\u0131. Yar\u0131\u015fma alan\u0131n\u0131n peyzaj d\u00fczenlemelerinden dekoratif banklara, saks\u0131lardan \u00e7i\u00e7ek \u00fcretimine kadar her detay belediyenin at\u00f6lyelerinde ve \u00fcretim tesislerinde haz\u0131rland\u0131.<br \/>\nPark ve Bah\u00e7eler M\u00fcd\u00fcrl\u00fc\u011f\u00fc, etkinli\u011fin yap\u0131laca\u011f\u0131 Ziya G\u00f6kalp Kent Park\u0131\u2019nda kelebek desenli banklar, \u00f6zel saks\u0131lar ve do\u011fal malzemelerle bezeli s\u00fcslemelerle haz\u0131rl\u0131klar\u0131n\u0131 tamamlad\u0131. Ayr\u0131ca parkta kullan\u0131lan ta\u015flar\u0131n bir k\u0131sm\u0131 geri d\u00f6n\u00fc\u015ft\u00fcr\u00fclerek \u00e7evre dostu bir d\u00fczenleme yap\u0131ld\u0131.<\/p>\n<p>Yar\u0131\u015fmada kullan\u0131lacak 115 bin dal \u00e7i\u00e7ek, belediyeye ait bitki \u00fcretim tesislerinde \u00f6zel olarak \u00fcretildi. Turuncu ve sar\u0131 tonlar\u0131nda 40 bin kadife \u00e7i\u00e7e\u011fi, 30 bin petunya, 10 bin bah\u00e7e k\u00fcl\u00fc bitkisi, aralar\u0131nda sar\u0131 papatyalar\u0131n da oldu\u011fu 35 bin farkl\u0131 renk ve t\u00fcrde \u00e7i\u00e7ek gen\u00e7lerin desenlerinde kullanmalar\u0131 i\u00e7in haz\u0131rland\u0131. Ayr\u0131ca a\u011fa\u00e7 kabuklar\u0131ndan \u00fcretilen mal\u00e7 da desen olu\u015fturma s\u00fcrecinde kullan\u0131lacak.<br \/>\nPark ve Bah\u00e7eler M\u00fcd\u00fcr\u00fc \u015e\u00f6len Acar, alanda kullan\u0131lan t\u00fcm dekoratif unsurlar\u0131n Muratpa\u015fa Belediyesi\u2019nin kendi at\u00f6lyelerinde \u00fcretildi\u011fini vurgulayarak, &#8220;Festivalimiz i\u00e7in t\u00fcm \u00fcretimi kendi imkanlar\u0131m\u0131zla ger\u00e7ekle\u015ftirdik. T\u00fcm kom\u015fular\u0131m\u0131z\u0131 Ziya G\u00f6kalp Kent Park\u0131\u2019nda \u00e7i\u00e7eklerin b\u00fcy\u00fcs\u00fcne tan\u0131kl\u0131k etmeye davet ediyoruz&#8221; dedi.<br \/>\nYar\u0131\u015fmaya; Adem Tolunay Anadolu Lisesi, Antalya Ticaret Borsas\u0131 Mesleki ve Teknik Anadolu Lisesi, Antalya Ticaret ve Sanayi Odas\u0131 G\u00fczel Sanatlar Lisesi, Dr. \u0130lhami Tankut Anadolu Lisesi, Metin-Nuran \u00c7akall\u0131kl\u0131 Anadolu Lisesi, Final Akademi Okullar\u0131, \u00d6zel Akant Anadolu Lisesi, \u00d6zel \u0130stek Lara Anadolu Lisesi, Bah\u00e7e\u015fehir Koleji Lara Kamp\u00fcs\u00fc, Festival \u00f6ncesi, Noto\u2019nun d\u00fcnyaca \u00fcnl\u00fc \u00e7i\u00e7ek festivalinin arkas\u0131ndaki ekip olan Noto Usta \u00c7i\u00e7ek\u00e7iler Derne\u011fi, yar\u0131\u015fmac\u0131 \u00f6\u011frencilere \u00f6zel bir at\u00f6lye ger\u00e7ekle\u015ftirdi. Desen olu\u015fturma tekniklerinden \u00e7i\u00e7ek yerle\u015ftirmeye kadar bir\u00e7ok detay\u0131n payla\u015f\u0131ld\u0131\u011f\u0131 at\u00f6lye, \u0130talya\u2019dan gelen usta isimlerin rehberli\u011finde yap\u0131ld\u0131.<br \/>\nKazanan desenleri se\u00e7ecek j\u00fcri ise Akdeniz \u00dcniversitesi G\u00fczel Sanatlar Fak\u00fcltesi\u2019nden Prof. Dr. Sibel Pa\u015fao\u011flu Y\u00f6ndem, Antalya Peyzaj Mimarlar\u0131 Odas\u0131 Ba\u015fkan\u0131 G\u00fcls\u00fcm K\u0131ldan, Antalya \u00c7i\u00e7ek\u00e7iler Esnaf Odas\u0131 Ba\u015fkan\u0131 \u0130smail Baka\u00e7, Park ve Bah\u00e7eler M\u00fcd\u00fcr\u00fc \u015e\u00f6len Acar ve Muratpa\u015fa \u0130l\u00e7e Milli E\u011fitim M\u00fcd\u00fcrl\u00fc\u011f\u00fc yetkilisinden olu\u015fuyor.<\/p>\n<p>Kaynak: www.kanalv.com.tr Haber Sitesinden Al\u0131nm\u0131\u015ft\u0131r.<\/p>","protected":false},"excerpt":{"rendered":"<p>Sicilya\u2019n\u0131n \u00e7i\u00e7ek festivaliyle \u00fcnl\u00fc ve UNESCO D\u00fcnya Miras\u0131 Listesi\u2019nde yer alan kenti Noto ile i\u015f birli\u011fi i\u00e7inde ger\u00e7ekle\u015ftirilen Antalya \u00c7i\u00e7ek Desenleri G\u00fcnleri\u2019nin t\u00fcm haz\u0131rl\u0131klar\u0131 tamamland\u0131. Yar\u0131\u015fma alan\u0131n\u0131n peyzaj d\u00fczenlemelerinden dekoratif banklara, saks\u0131lardan \u00e7i\u00e7ek \u00fcretimine kadar her detay belediyenin at\u00f6lyelerinde ve \u00fcretim tesislerinde haz\u0131rland\u0131. Park ve Bah\u00e7eler M\u00fcd\u00fcrl\u00fc\u011f\u00fc, etkinli\u011fin yap\u0131laca\u011f\u0131 Ziya G\u00f6kalp Kent Park\u0131\u2019nda kelebek desenli banklar, \u00f6zel saks\u0131lar ve do\u011fal malzemelerle bezeli s\u00fcslemelerle haz\u0131rl\u0131klar\u0131n\u0131 tamamlad\u0131. Ayr\u0131ca parkta kullan\u0131lan ta\u015flar\u0131n bir k\u0131sm\u0131 geri d\u00f6n\u00fc\u015ft\u00fcr\u00fclerek \u00e7evre dostu bir d\u00fczenleme yap\u0131ld\u0131. Yar\u0131\u015fmada kullan\u0131lacak 115 bin dal \u00e7i\u00e7ek, belediyeye ait bitki \u00fcretim tesislerinde \u00f6zel olarak \u00fcretildi. Turuncu ve sar\u0131 tonlar\u0131nda 40 bin kadife \u00e7i\u00e7e\u011fi, 30 bin petunya, 10 bin bah\u00e7e k\u00fcl\u00fc bitkisi, aralar\u0131nda sar\u0131 papatyalar\u0131n da oldu\u011fu 35 bin farkl\u0131 renk ve t\u00fcrde \u00e7i\u00e7ek gen\u00e7lerin desenlerinde kullanmalar\u0131 i\u00e7in haz\u0131rland\u0131. Ayr\u0131ca a\u011fa\u00e7 kabuklar\u0131ndan \u00fcretilen mal\u00e7 da desen olu\u015fturma s\u00fcrecinde kullan\u0131lacak. Park ve Bah\u00e7eler M\u00fcd\u00fcr\u00fc \u015e\u00f6len Acar, alanda kullan\u0131lan t\u00fcm dekoratif unsurlar\u0131n Muratpa\u015fa Belediyesi\u2019nin kendi at\u00f6lyelerinde \u00fcretildi\u011fini vurgulayarak, &#8220;Festivalimiz i\u00e7in t\u00fcm \u00fcretimi kendi imkanlar\u0131m\u0131zla ger\u00e7ekle\u015ftirdik. T\u00fcm kom\u015fular\u0131m\u0131z\u0131 Ziya G\u00f6kalp Kent Park\u0131\u2019nda \u00e7i\u00e7eklerin b\u00fcy\u00fcs\u00fcne tan\u0131kl\u0131k etmeye davet ediyoruz&#8221; dedi. Yar\u0131\u015fmaya; Adem Tolunay Anadolu Lisesi, Antalya Ticaret Borsas\u0131 Mesleki ve Teknik Anadolu Lisesi, Antalya Ticaret ve Sanayi Odas\u0131 G\u00fczel Sanatlar Lisesi, Dr. \u0130lhami Tankut Anadolu Lisesi, Metin-Nuran \u00c7akall\u0131kl\u0131 &hellip;<\/p>","protected":false},"author":4,"featured_media":78900,"comment_status":"","ping_status":"open","sticky":false,"template":"","format":"standard","meta":{"_acf_changed":false,"footnotes":""},"categories":[26],"tags":[],"class_list":["post-78899","post","type-post","status-publish","format-standard","has-post-thumbnail","hentry","category-antalya"],"acf":[],"yoast_head":"<!-- This site is optimized with the Yoast SEO Premium plugin v26.6 (Yoast SEO v27.1.1) - https:\/\/yoast.com\/product\/yoast-seo-premium-wordpress\/ -->\n<title>Muratpa\u015fa\u2019n\u0131n \u00c7i\u00e7ek Desenleri G\u00fcnleri ba\u015fl\u0131yor - Av. Deniz Can K\u0131z\u0131l<\/title>\n<meta name=\"robots\" content=\"index, follow, max-snippet:-1, max-image-preview:large, max-video-preview:-1\" \/>\n<link rel=\"canonical\" href=\"https:\/\/denizcankizil.tr\/de\/haberler\/antalya\/muratpasanin-cicek-desenleri-gunleri-basliyor\/\" \/>\n<meta property=\"og:locale\" content=\"de_DE\" \/>\n<meta property=\"og:type\" content=\"article\" \/>\n<meta property=\"og:title\" content=\"Muratpa\u015fa\u2019n\u0131n \u00c7i\u00e7ek Desenleri G\u00fcnleri ba\u015fl\u0131yor\" \/>\n<meta property=\"og:description\" content=\"Sicilya\u2019n\u0131n \u00e7i\u00e7ek festivaliyle \u00fcnl\u00fc ve UNESCO D\u00fcnya Miras\u0131 Listesi\u2019nde yer alan kenti Noto ile i\u015f birli\u011fi i\u00e7inde ger\u00e7ekle\u015ftirilen Antalya \u00c7i\u00e7ek Desenleri G\u00fcnleri\u2019nin t\u00fcm haz\u0131rl\u0131klar\u0131 tamamland\u0131. Yar\u0131\u015fma alan\u0131n\u0131n peyzaj d\u00fczenlemelerinden dekoratif banklara, saks\u0131lardan \u00e7i\u00e7ek \u00fcretimine kadar her detay belediyenin at\u00f6lyelerinde ve \u00fcretim tesislerinde haz\u0131rland\u0131. Park ve Bah\u00e7eler M\u00fcd\u00fcrl\u00fc\u011f\u00fc, etkinli\u011fin yap\u0131laca\u011f\u0131 Ziya G\u00f6kalp Kent Park\u0131\u2019nda kelebek desenli banklar, \u00f6zel saks\u0131lar ve do\u011fal malzemelerle bezeli s\u00fcslemelerle haz\u0131rl\u0131klar\u0131n\u0131 tamamlad\u0131. Ayr\u0131ca parkta kullan\u0131lan ta\u015flar\u0131n bir k\u0131sm\u0131 geri d\u00f6n\u00fc\u015ft\u00fcr\u00fclerek \u00e7evre dostu bir d\u00fczenleme yap\u0131ld\u0131. Yar\u0131\u015fmada kullan\u0131lacak 115 bin dal \u00e7i\u00e7ek, belediyeye ait bitki \u00fcretim tesislerinde \u00f6zel olarak \u00fcretildi. Turuncu ve sar\u0131 tonlar\u0131nda 40 bin kadife \u00e7i\u00e7e\u011fi, 30 bin petunya, 10 bin bah\u00e7e k\u00fcl\u00fc bitkisi, aralar\u0131nda sar\u0131 papatyalar\u0131n da oldu\u011fu 35 bin farkl\u0131 renk ve t\u00fcrde \u00e7i\u00e7ek gen\u00e7lerin desenlerinde kullanmalar\u0131 i\u00e7in haz\u0131rland\u0131. Ayr\u0131ca a\u011fa\u00e7 kabuklar\u0131ndan \u00fcretilen mal\u00e7 da desen olu\u015fturma s\u00fcrecinde kullan\u0131lacak. Park ve Bah\u00e7eler M\u00fcd\u00fcr\u00fc \u015e\u00f6len Acar, alanda kullan\u0131lan t\u00fcm dekoratif unsurlar\u0131n Muratpa\u015fa Belediyesi\u2019nin kendi at\u00f6lyelerinde \u00fcretildi\u011fini vurgulayarak, &#8220;Festivalimiz i\u00e7in t\u00fcm \u00fcretimi kendi imkanlar\u0131m\u0131zla ger\u00e7ekle\u015ftirdik. T\u00fcm kom\u015fular\u0131m\u0131z\u0131 Ziya G\u00f6kalp Kent Park\u0131\u2019nda \u00e7i\u00e7eklerin b\u00fcy\u00fcs\u00fcne tan\u0131kl\u0131k etmeye davet ediyoruz&#8221; dedi. Yar\u0131\u015fmaya; Adem Tolunay Anadolu Lisesi, Antalya Ticaret Borsas\u0131 Mesleki ve Teknik Anadolu Lisesi, Antalya Ticaret ve Sanayi Odas\u0131 G\u00fczel Sanatlar Lisesi, Dr. \u0130lhami Tankut Anadolu Lisesi, Metin-Nuran \u00c7akall\u0131kl\u0131 &hellip;\" \/>\n<meta property=\"og:url\" content=\"https:\/\/denizcankizil.tr\/de\/haberler\/antalya\/muratpasanin-cicek-desenleri-gunleri-basliyor\/\" \/>\n<meta property=\"og:site_name\" content=\"Av. Deniz Can K\u0131z\u0131l\" \/>\n<meta property=\"article:published_time\" content=\"2025-05-07T10:41:49+00:00\" \/>\n<meta property=\"og:image\" content=\"https:\/\/denizcankizil.tr\/wp-content\/uploads\/2025\/05\/6208-01-IPY2zU.jpg\" \/>\n\t<meta property=\"og:image:width\" content=\"1280\" \/>\n\t<meta property=\"og:image:height\" content=\"720\" \/>\n\t<meta property=\"og:image:type\" content=\"image\/jpeg\" \/>\n<meta name=\"author\" content=\"Av. Deniz Can K\u0131z\u0131l\" \/>\n<meta name=\"twitter:card\" content=\"summary_large_image\" \/>\n<meta name=\"twitter:label1\" content=\"Verfasst von\" \/>\n\t<meta name=\"twitter:data1\" content=\"Av. Deniz Can K\u0131z\u0131l\" \/>\n\t<meta name=\"twitter:label2\" content=\"Gesch\u00e4tzte Lesezeit\" \/>\n\t<meta name=\"twitter:data2\" content=\"2\u00a0Minuten\" \/>\n<script type=\"application\/ld+json\" class=\"yoast-schema-graph\">{\"@context\":\"https:\/\/schema.org\",\"@graph\":[{\"@type\":\"Article\",\"@id\":\"https:\/\/denizcankizil.tr\/en\/haberler\/antalya\/muratpasanin-cicek-desenleri-gunleri-basliyor\/#article\",\"isPartOf\":{\"@id\":\"https:\/\/denizcankizil.tr\/en\/haberler\/antalya\/muratpasanin-cicek-desenleri-gunleri-basliyor\/\"},\"author\":{\"name\":\"Av. Deniz Can K\u0131z\u0131l\",\"@id\":\"https:\/\/denizcankizil.tr\/#\/schema\/person\/5dc1b22991bd7ac833867c10afc9b0ff\"},\"headline\":\"Muratpa\u015fa\u2019n\u0131n \u00c7i\u00e7ek Desenleri G\u00fcnleri ba\u015fl\u0131yor\",\"datePublished\":\"2025-05-07T10:41:49+00:00\",\"mainEntityOfPage\":{\"@id\":\"https:\/\/denizcankizil.tr\/en\/haberler\/antalya\/muratpasanin-cicek-desenleri-gunleri-basliyor\/\"},\"wordCount\":463,\"publisher\":{\"@id\":\"https:\/\/denizcankizil.tr\/#organization\"},\"image\":{\"@id\":\"https:\/\/denizcankizil.tr\/en\/haberler\/antalya\/muratpasanin-cicek-desenleri-gunleri-basliyor\/#primaryimage\"},\"thumbnailUrl\":\"https:\/\/denizcankizil.tr\/wp-content\/uploads\/2025\/05\/6208-01-IPY2zU.jpg\",\"articleSection\":[\"Antalya\"],\"inLanguage\":\"de\"},{\"@type\":\"WebPage\",\"@id\":\"https:\/\/denizcankizil.tr\/en\/haberler\/antalya\/muratpasanin-cicek-desenleri-gunleri-basliyor\/\",\"url\":\"https:\/\/denizcankizil.tr\/en\/haberler\/antalya\/muratpasanin-cicek-desenleri-gunleri-basliyor\/\",\"name\":\"Muratpa\u015fa\u2019n\u0131n \u00c7i\u00e7ek Desenleri G\u00fcnleri ba\u015fl\u0131yor - Av. Deniz Can K\u0131z\u0131l\",\"isPartOf\":{\"@id\":\"https:\/\/denizcankizil.tr\/#website\"},\"primaryImageOfPage\":{\"@id\":\"https:\/\/denizcankizil.tr\/en\/haberler\/antalya\/muratpasanin-cicek-desenleri-gunleri-basliyor\/#primaryimage\"},\"image\":{\"@id\":\"https:\/\/denizcankizil.tr\/en\/haberler\/antalya\/muratpasanin-cicek-desenleri-gunleri-basliyor\/#primaryimage\"},\"thumbnailUrl\":\"https:\/\/denizcankizil.tr\/wp-content\/uploads\/2025\/05\/6208-01-IPY2zU.jpg\",\"datePublished\":\"2025-05-07T10:41:49+00:00\",\"breadcrumb\":{\"@id\":\"https:\/\/denizcankizil.tr\/en\/haberler\/antalya\/muratpasanin-cicek-desenleri-gunleri-basliyor\/#breadcrumb\"},\"inLanguage\":\"de\",\"potentialAction\":[{\"@type\":\"ReadAction\",\"target\":[\"https:\/\/denizcankizil.tr\/en\/haberler\/antalya\/muratpasanin-cicek-desenleri-gunleri-basliyor\/\"]}]},{\"@type\":\"ImageObject\",\"inLanguage\":\"de\",\"@id\":\"https:\/\/denizcankizil.tr\/en\/haberler\/antalya\/muratpasanin-cicek-desenleri-gunleri-basliyor\/#primaryimage\",\"url\":\"https:\/\/denizcankizil.tr\/wp-content\/uploads\/2025\/05\/6208-01-IPY2zU.jpg\",\"contentUrl\":\"https:\/\/denizcankizil.tr\/wp-content\/uploads\/2025\/05\/6208-01-IPY2zU.jpg\",\"width\":1280,\"height\":720},{\"@type\":\"BreadcrumbList\",\"@id\":\"https:\/\/denizcankizil.tr\/en\/haberler\/antalya\/muratpasanin-cicek-desenleri-gunleri-basliyor\/#breadcrumb\",\"itemListElement\":[{\"@type\":\"ListItem\",\"position\":1,\"name\":\"Home\",\"item\":\"https:\/\/denizcankizil.tr\/uk\/\"},{\"@type\":\"ListItem\",\"position\":2,\"name\":\"Muratpa\u015fa\u2019n\u0131n \u00c7i\u00e7ek Desenleri G\u00fcnleri ba\u015fl\u0131yor\"}]},{\"@type\":\"WebSite\",\"@id\":\"https:\/\/denizcankizil.tr\/#website\",\"url\":\"https:\/\/denizcankizil.tr\/\",\"name\":\"Av. Deniz Can K\u0131z\u0131l\",\"description\":\"Avukat Deniz Can K\u0131z\u0131l Antalya Barosu\",\"publisher\":{\"@id\":\"https:\/\/denizcankizil.tr\/#organization\"},\"potentialAction\":[{\"@type\":\"SearchAction\",\"target\":{\"@type\":\"EntryPoint\",\"urlTemplate\":\"https:\/\/denizcankizil.tr\/?s={search_term_string}\"},\"query-input\":{\"@type\":\"PropertyValueSpecification\",\"valueRequired\":true,\"valueName\":\"search_term_string\"}}],\"inLanguage\":\"de\"},{\"@type\":\"Organization\",\"@id\":\"https:\/\/denizcankizil.tr\/#organization\",\"name\":\"Av. Deniz Can K\u0131z\u0131l\",\"url\":\"https:\/\/denizcankizil.tr\/\",\"logo\":{\"@type\":\"ImageObject\",\"inLanguage\":\"de\",\"@id\":\"https:\/\/denizcankizil.tr\/#\/schema\/logo\/image\/\",\"url\":\"https:\/\/denizcankizil.tr\/wp-content\/uploads\/2024\/10\/siyah-logo-svg.svg\",\"contentUrl\":\"https:\/\/denizcankizil.tr\/wp-content\/uploads\/2024\/10\/siyah-logo-svg.svg\",\"width\":1080,\"height\":1080,\"caption\":\"Av. Deniz Can K\u0131z\u0131l\"},\"image\":{\"@id\":\"https:\/\/denizcankizil.tr\/#\/schema\/logo\/image\/\"}},{\"@type\":\"Person\",\"@id\":\"https:\/\/denizcankizil.tr\/#\/schema\/person\/5dc1b22991bd7ac833867c10afc9b0ff\",\"name\":\"Av. Deniz Can K\u0131z\u0131l\",\"image\":{\"@type\":\"ImageObject\",\"inLanguage\":\"de\",\"@id\":\"https:\/\/denizcankizil.tr\/#\/schema\/person\/image\/\",\"url\":\"https:\/\/secure.gravatar.com\/avatar\/a0b128fb9855c79efc976d5640eedb31dc35ec297594d6016d2cf7c60e975bb6?s=96&d=mm&r=g\",\"contentUrl\":\"https:\/\/secure.gravatar.com\/avatar\/a0b128fb9855c79efc976d5640eedb31dc35ec297594d6016d2cf7c60e975bb6?s=96&d=mm&r=g\",\"caption\":\"Av. Deniz Can K\u0131z\u0131l\"},\"sameAs\":[\"http:\/\/www.denizcankizil.tr\"],\"url\":\"https:\/\/denizcankizil.tr\/de\/author\/denizcankizil\/\"}]}<\/script>\n<!-- \/ Yoast SEO Premium plugin. -->","yoast_head_json":{"title":"Muratpa\u015fa\u2019n\u0131n \u00c7i\u00e7ek Desenleri G\u00fcnleri ba\u015fl\u0131yor - Av. Deniz Can K\u0131z\u0131l","robots":{"index":"index","follow":"follow","max-snippet":"max-snippet:-1","max-image-preview":"max-image-preview:large","max-video-preview":"max-video-preview:-1"},"canonical":"https:\/\/denizcankizil.tr\/de\/haberler\/antalya\/muratpasanin-cicek-desenleri-gunleri-basliyor\/","og_locale":"de_DE","og_type":"article","og_title":"Muratpa\u015fa\u2019n\u0131n \u00c7i\u00e7ek Desenleri G\u00fcnleri ba\u015fl\u0131yor","og_description":"Sicilya\u2019n\u0131n \u00e7i\u00e7ek festivaliyle \u00fcnl\u00fc ve UNESCO D\u00fcnya Miras\u0131 Listesi\u2019nde yer alan kenti Noto ile i\u015f birli\u011fi i\u00e7inde ger\u00e7ekle\u015ftirilen Antalya \u00c7i\u00e7ek Desenleri G\u00fcnleri\u2019nin t\u00fcm haz\u0131rl\u0131klar\u0131 tamamland\u0131. Yar\u0131\u015fma alan\u0131n\u0131n peyzaj d\u00fczenlemelerinden dekoratif banklara, saks\u0131lardan \u00e7i\u00e7ek \u00fcretimine kadar her detay belediyenin at\u00f6lyelerinde ve \u00fcretim tesislerinde haz\u0131rland\u0131. Park ve Bah\u00e7eler M\u00fcd\u00fcrl\u00fc\u011f\u00fc, etkinli\u011fin yap\u0131laca\u011f\u0131 Ziya G\u00f6kalp Kent Park\u0131\u2019nda kelebek desenli banklar, \u00f6zel saks\u0131lar ve do\u011fal malzemelerle bezeli s\u00fcslemelerle haz\u0131rl\u0131klar\u0131n\u0131 tamamlad\u0131. Ayr\u0131ca parkta kullan\u0131lan ta\u015flar\u0131n bir k\u0131sm\u0131 geri d\u00f6n\u00fc\u015ft\u00fcr\u00fclerek \u00e7evre dostu bir d\u00fczenleme yap\u0131ld\u0131. Yar\u0131\u015fmada kullan\u0131lacak 115 bin dal \u00e7i\u00e7ek, belediyeye ait bitki \u00fcretim tesislerinde \u00f6zel olarak \u00fcretildi. Turuncu ve sar\u0131 tonlar\u0131nda 40 bin kadife \u00e7i\u00e7e\u011fi, 30 bin petunya, 10 bin bah\u00e7e k\u00fcl\u00fc bitkisi, aralar\u0131nda sar\u0131 papatyalar\u0131n da oldu\u011fu 35 bin farkl\u0131 renk ve t\u00fcrde \u00e7i\u00e7ek gen\u00e7lerin desenlerinde kullanmalar\u0131 i\u00e7in haz\u0131rland\u0131. Ayr\u0131ca a\u011fa\u00e7 kabuklar\u0131ndan \u00fcretilen mal\u00e7 da desen olu\u015fturma s\u00fcrecinde kullan\u0131lacak. Park ve Bah\u00e7eler M\u00fcd\u00fcr\u00fc \u015e\u00f6len Acar, alanda kullan\u0131lan t\u00fcm dekoratif unsurlar\u0131n Muratpa\u015fa Belediyesi\u2019nin kendi at\u00f6lyelerinde \u00fcretildi\u011fini vurgulayarak, &#8220;Festivalimiz i\u00e7in t\u00fcm \u00fcretimi kendi imkanlar\u0131m\u0131zla ger\u00e7ekle\u015ftirdik. T\u00fcm kom\u015fular\u0131m\u0131z\u0131 Ziya G\u00f6kalp Kent Park\u0131\u2019nda \u00e7i\u00e7eklerin b\u00fcy\u00fcs\u00fcne tan\u0131kl\u0131k etmeye davet ediyoruz&#8221; dedi. Yar\u0131\u015fmaya; Adem Tolunay Anadolu Lisesi, Antalya Ticaret Borsas\u0131 Mesleki ve Teknik Anadolu Lisesi, Antalya Ticaret ve Sanayi Odas\u0131 G\u00fczel Sanatlar Lisesi, Dr. \u0130lhami Tankut Anadolu Lisesi, Metin-Nuran \u00c7akall\u0131kl\u0131 &hellip;","og_url":"https:\/\/denizcankizil.tr\/de\/haberler\/antalya\/muratpasanin-cicek-desenleri-gunleri-basliyor\/","og_site_name":"Av. Deniz Can K\u0131z\u0131l","article_published_time":"2025-05-07T10:41:49+00:00","og_image":[{"width":1280,"height":720,"url":"https:\/\/denizcankizil.tr\/wp-content\/uploads\/2025\/05\/6208-01-IPY2zU.jpg","type":"image\/jpeg"}],"author":"Av. Deniz Can K\u0131z\u0131l","twitter_card":"summary_large_image","twitter_misc":{"Verfasst von":"Av. Deniz Can K\u0131z\u0131l","Gesch\u00e4tzte Lesezeit":"2\u00a0Minuten"},"schema":{"@context":"https:\/\/schema.org","@graph":[{"@type":"Article","@id":"https:\/\/denizcankizil.tr\/en\/haberler\/antalya\/muratpasanin-cicek-desenleri-gunleri-basliyor\/#article","isPartOf":{"@id":"https:\/\/denizcankizil.tr\/en\/haberler\/antalya\/muratpasanin-cicek-desenleri-gunleri-basliyor\/"},"author":{"name":"Av. Deniz Can K\u0131z\u0131l","@id":"https:\/\/denizcankizil.tr\/#\/schema\/person\/5dc1b22991bd7ac833867c10afc9b0ff"},"headline":"Muratpa\u015fa\u2019n\u0131n \u00c7i\u00e7ek Desenleri G\u00fcnleri ba\u015fl\u0131yor","datePublished":"2025-05-07T10:41:49+00:00","mainEntityOfPage":{"@id":"https:\/\/denizcankizil.tr\/en\/haberler\/antalya\/muratpasanin-cicek-desenleri-gunleri-basliyor\/"},"wordCount":463,"publisher":{"@id":"https:\/\/denizcankizil.tr\/#organization"},"image":{"@id":"https:\/\/denizcankizil.tr\/en\/haberler\/antalya\/muratpasanin-cicek-desenleri-gunleri-basliyor\/#primaryimage"},"thumbnailUrl":"https:\/\/denizcankizil.tr\/wp-content\/uploads\/2025\/05\/6208-01-IPY2zU.jpg","articleSection":["Antalya"],"inLanguage":"de"},{"@type":"WebPage","@id":"https:\/\/denizcankizil.tr\/en\/haberler\/antalya\/muratpasanin-cicek-desenleri-gunleri-basliyor\/","url":"https:\/\/denizcankizil.tr\/en\/haberler\/antalya\/muratpasanin-cicek-desenleri-gunleri-basliyor\/","name":"Muratpa\u015fa\u2019n\u0131n \u00c7i\u00e7ek Desenleri G\u00fcnleri ba\u015fl\u0131yor - Av. Deniz Can K\u0131z\u0131l","isPartOf":{"@id":"https:\/\/denizcankizil.tr\/#website"},"primaryImageOfPage":{"@id":"https:\/\/denizcankizil.tr\/en\/haberler\/antalya\/muratpasanin-cicek-desenleri-gunleri-basliyor\/#primaryimage"},"image":{"@id":"https:\/\/denizcankizil.tr\/en\/haberler\/antalya\/muratpasanin-cicek-desenleri-gunleri-basliyor\/#primaryimage"},"thumbnailUrl":"https:\/\/denizcankizil.tr\/wp-content\/uploads\/2025\/05\/6208-01-IPY2zU.jpg","datePublished":"2025-05-07T10:41:49+00:00","breadcrumb":{"@id":"https:\/\/denizcankizil.tr\/en\/haberler\/antalya\/muratpasanin-cicek-desenleri-gunleri-basliyor\/#breadcrumb"},"inLanguage":"de","potentialAction":[{"@type":"ReadAction","target":["https:\/\/denizcankizil.tr\/en\/haberler\/antalya\/muratpasanin-cicek-desenleri-gunleri-basliyor\/"]}]},{"@type":"ImageObject","inLanguage":"de","@id":"https:\/\/denizcankizil.tr\/en\/haberler\/antalya\/muratpasanin-cicek-desenleri-gunleri-basliyor\/#primaryimage","url":"https:\/\/denizcankizil.tr\/wp-content\/uploads\/2025\/05\/6208-01-IPY2zU.jpg","contentUrl":"https:\/\/denizcankizil.tr\/wp-content\/uploads\/2025\/05\/6208-01-IPY2zU.jpg","width":1280,"height":720},{"@type":"BreadcrumbList","@id":"https:\/\/denizcankizil.tr\/en\/haberler\/antalya\/muratpasanin-cicek-desenleri-gunleri-basliyor\/#breadcrumb","itemListElement":[{"@type":"ListItem","position":1,"name":"Home","item":"https:\/\/denizcankizil.tr\/uk\/"},{"@type":"ListItem","position":2,"name":"Muratpa\u015fa\u2019n\u0131n \u00c7i\u00e7ek Desenleri G\u00fcnleri ba\u015fl\u0131yor"}]},{"@type":"WebSite","@id":"https:\/\/denizcankizil.tr\/#website","url":"https:\/\/denizcankizil.tr\/","name":"Av. Deniz Can K\u0131z\u0131l","description":"Avukat Deniz Can K\u0131z\u0131l Antalya Barosu","publisher":{"@id":"https:\/\/denizcankizil.tr\/#organization"},"potentialAction":[{"@type":"SearchAction","target":{"@type":"EntryPoint","urlTemplate":"https:\/\/denizcankizil.tr\/?s={search_term_string}"},"query-input":{"@type":"PropertyValueSpecification","valueRequired":true,"valueName":"search_term_string"}}],"inLanguage":"de"},{"@type":"Organization","@id":"https:\/\/denizcankizil.tr\/#organization","name":"Av. Deniz Can K\u0131z\u0131l","url":"https:\/\/denizcankizil.tr\/","logo":{"@type":"ImageObject","inLanguage":"de","@id":"https:\/\/denizcankizil.tr\/#\/schema\/logo\/image\/","url":"https:\/\/denizcankizil.tr\/wp-content\/uploads\/2024\/10\/siyah-logo-svg.svg","contentUrl":"https:\/\/denizcankizil.tr\/wp-content\/uploads\/2024\/10\/siyah-logo-svg.svg","width":1080,"height":1080,"caption":"Av. Deniz Can K\u0131z\u0131l"},"image":{"@id":"https:\/\/denizcankizil.tr\/#\/schema\/logo\/image\/"}},{"@type":"Person","@id":"https:\/\/denizcankizil.tr\/#\/schema\/person\/5dc1b22991bd7ac833867c10afc9b0ff","name":"Av. Deniz Can K\u0131z\u0131l","image":{"@type":"ImageObject","inLanguage":"de","@id":"https:\/\/denizcankizil.tr\/#\/schema\/person\/image\/","url":"https:\/\/secure.gravatar.com\/avatar\/a0b128fb9855c79efc976d5640eedb31dc35ec297594d6016d2cf7c60e975bb6?s=96&d=mm&r=g","contentUrl":"https:\/\/secure.gravatar.com\/avatar\/a0b128fb9855c79efc976d5640eedb31dc35ec297594d6016d2cf7c60e975bb6?s=96&d=mm&r=g","caption":"Av. Deniz Can K\u0131z\u0131l"},"sameAs":["http:\/\/www.denizcankizil.tr"],"url":"https:\/\/denizcankizil.tr\/de\/author\/denizcankizil\/"}]}},"_links":{"self":[{"href":"https:\/\/denizcankizil.tr\/de\/wp-json\/wp\/v2\/posts\/78899","targetHints":{"allow":["GET"]}}],"collection":[{"href":"https:\/\/denizcankizil.tr\/de\/wp-json\/wp\/v2\/posts"}],"about":[{"href":"https:\/\/denizcankizil.tr\/de\/wp-json\/wp\/v2\/types\/post"}],"author":[{"embeddable":true,"href":"https:\/\/denizcankizil.tr\/de\/wp-json\/wp\/v2\/users\/4"}],"replies":[{"embeddable":true,"href":"https:\/\/denizcankizil.tr\/de\/wp-json\/wp\/v2\/comments?post=78899"}],"version-history":[{"count":0,"href":"https:\/\/denizcankizil.tr\/de\/wp-json\/wp\/v2\/posts\/78899\/revisions"}],"wp:featuredmedia":[{"embeddable":true,"href":"https:\/\/denizcankizil.tr\/de\/wp-json\/wp\/v2\/media\/78900"}],"wp:attachment":[{"href":"https:\/\/denizcankizil.tr\/de\/wp-json\/wp\/v2\/media?parent=78899"}],"wp:term":[{"taxonomy":"category","embeddable":true,"href":"https:\/\/denizcankizil.tr\/de\/wp-json\/wp\/v2\/categories?post=78899"},{"taxonomy":"post_tag","embeddable":true,"href":"https:\/\/denizcankizil.tr\/de\/wp-json\/wp\/v2\/tags?post=78899"}],"curies":[{"name":"wp","href":"https:\/\/api.w.org\/{rel}","templated":true}]}}