{"id":78325,"date":"2025-05-06T22:42:19","date_gmt":"2025-05-06T19:42:19","guid":{"rendered":"https:\/\/denizcankizil.tr\/uncategorized-tr\/baskan-bozbey-orhanelilerle-bulustu\/"},"modified":"2025-05-06T22:42:19","modified_gmt":"2025-05-06T19:42:19","slug":"baskan-bozbey-orhanelilerle-bulustu","status":"publish","type":"post","link":"https:\/\/denizcankizil.tr\/de\/haberler\/gundem\/baskan-bozbey-orhanelilerle-bulustu\/","title":{"rendered":"Ba\u015fkan Bozbey, Orhanelilerle bulu\u015ftu"},"content":{"rendered":"<p>\u2018Ba\u015fkan Bozbey Burada\u2019 projesi kapsam\u0131nda Orhaneli il\u00e7esinde vatanda\u015flarla bir araya gelen B\u00fcy\u00fck\u015fehir Belediye Ba\u015fkan\u0131 Mustafa Bozbey, her zaman oldu\u011fu gibi yine vatanda\u015flarla birlikte alanda ve beraber olduklar\u0131n\u0131 s\u00f6yleyerek, kenti hep beraber y\u00f6nettiklerini dile getirdi.BURSA (\u0130GFA) &#8211; Bursa B\u00fcy\u00fck\u015fehir Belediye Ba\u015fkan\u0131 Mustafa Bozbey, her 15 g\u00fcnde bir farkl\u0131 bir il\u00e7ede vatanda\u015flarla bulu\u015fup talep ve \u00f6nerilerini dinlemek, sorunlar\u0131 yerinde tespit edip h\u0131zl\u0131 \u00e7\u00f6z\u00fcmler \u00fcretmek ad\u0131na ba\u015flatt\u0131\u011f\u0131 \u2018Ba\u015fkan Bozbey Burada\u2019 projesi kapsam\u0131nda Orhaneli il\u00e7esini ikinci kez ziyaret etti. Proje kapsam\u0131nda \u00e7al\u0131\u015fma ofisini il\u00e7eye ta\u015f\u0131yan Ba\u015fkan Mustafa Bozbey, t\u00fcm y\u00f6netim kadrosu ile birlikte vatanda\u015flarla bir araya geldi.<br \/>\n\u0130lk olarak Orhaneli Kaymakam\u0131 Muhammed Furkan Tuna&#8217;y\u0131 ziyaret eden Ba\u015fkan Mustafa Bozbey\u2019e temaslar\u0131nda CHP \u0130l\u00e7e Ba\u015fkan\u0131 Hakan Turgut da e\u015flik etti. Orhaneli ve da\u011f y\u00f6resinin tar\u0131m alan\u0131ndaki mevcut \u00e7al\u0131\u015fmalar\u0131 ile b\u00f6lge tar\u0131m\u0131n\u0131n geli\u015fimi ad\u0131na at\u0131lmas\u0131 gereken ad\u0131mlar\u0131n ele al\u0131nd\u0131\u011f\u0131 g\u00f6r\u00fc\u015fmede, son d\u00f6nemde ya\u015fanan zirai don olaylar\u0131 ve b\u00f6lgedeki n\u00fcfusun azalmas\u0131 gibi \u00f6nemli meseleler \u00fczerinde durularak \u00e7\u00f6z\u00fcm \u00f6nerileri konu\u015fuldu.<br \/>\nBa\u015fkan Mustafa Bozbey\u2019in, Orhaneli Belediye Ba\u015fkan\u0131 Ali Osman Tay\u0131r&#8217;a makam\u0131nda yapt\u0131\u011f\u0131 ziyarette ise da\u011f il\u00e7elerinin kar\u015f\u0131 kar\u015f\u0131ya oldu\u011fu \u00f6nemli sorunlar ve \u00e7\u00f6z\u00fcm yollar\u0131 de\u011ferlendirildi. D\u00f6rt da\u011f il\u00e7esinde ya\u015fanan g\u00f6\u00e7\u00fcn \u00f6n\u00fcne ge\u00e7ebilmek ad\u0131na b\u00f6lgede bir merkez kurulmas\u0131n\u0131n da konu\u015fuldu\u011fu ziyarette, tar\u0131m\u0131n g\u00fc\u00e7lendirilmesi, k\u0131rsal kalk\u0131nman\u0131n desteklenmesi ve hava kirlili\u011finin azalt\u0131lmas\u0131na y\u00f6nelik at\u0131labilecek ad\u0131mlar da detayl\u0131 bi\u00e7imde ele al\u0131nd\u0131.<br \/>\nOrhaneli il\u00e7esindeki muhtarlarla da bir araya gelen Ba\u015fkan Mustafa Bozbey, mahallelerin sorunlar\u0131n\u0131 dinleyerek \u00e7\u00f6z\u00fcm \u00f6nerilerini anlatt\u0131. Orhaneli Ziraat Odas\u0131 Ba\u015fkan\u0131 Nafiz Kaya ve dernek \u00fcyelerini de ziyaret eden Ba\u015fkan Bozbey, \u00e7ift\u00e7ileri birinci a\u011f\u0131zdan dinledi. \u00c7ift\u00e7ilerin eme\u011finin kar\u015f\u0131l\u0131\u011f\u0131n\u0131 alabilmesi, \u00fcretim s\u00fcre\u00e7lerinde kar\u015f\u0131la\u015ft\u0131klar\u0131 zorluklar\u0131n a\u015f\u0131lmas\u0131 ve tar\u0131m\u0131n s\u00fcrd\u00fcr\u00fclebilirli\u011fi ad\u0131na desteklerini s\u00fcrd\u00fcreceklerini s\u00f6yleyen Ba\u015fkan Bozbey, tar\u0131msal kalk\u0131nmay\u0131 te\u015fvik eden projeler ve i\u015f birlikleriyle \u00e7ift\u00e7inin yan\u0131nda olmaya devam edeceklerini belirtti.Ziyaretlerin ard\u0131ndan Beyce Meydan Kafe\u2019de vatanda\u015flarla bulu\u015fan Ba\u015fkan Bozbey, talep ve \u00f6nerileri dinleyerek \u00e7al\u0131\u015fmalar ve projeler hakk\u0131nda bilgi verdi.<\/p>\n<p>\u201cVATANDA\u015eLARIMIZLA B\u0130RL\u0130KTE ALANDAYIZ VE BERABER\u0130Z\u201d<br \/>\n\u2018Ba\u015fkan Bozbey Burada\u2019 projesi kapsam\u0131nda Bursa\u2019n\u0131n g\u00fczel il\u00e7elerinden Orhaneli\u2019yi ziyaret ettiklerini s\u00f6yleyen Ba\u015fkan Mustafa Bozbey, yap\u0131lan hizmetleri yerinde izleyip takip etmeyi \u00f6nemsediklerini belirtti. Bursa B\u00fcy\u00fck\u015fehir Belediyesi\u2019nin t\u00fcm kadrosuyla birlikte Orhaneli il\u00e7esine geldiklerini, vatanda\u015flar\u0131 dinleyerek sorunlara \u00e7\u00f6z\u00fcm \u00fcrettiklerini ifade eden Ba\u015fkan Bozbey, \u201cOrhaneli\u2019deki halk\u0131m\u0131z\u0131n yan\u0131 s\u0131ra civar il\u00e7elerden ve hatta merkezden gelen vatanda\u015flar\u0131m\u0131z\u0131 da burada dinliyoruz. Ba\u015fkan Bozbey Burada projesi i\u00e7in il\u00e7elere d\u0131\u015far\u0131dan gelenlerin olmas\u0131yla b\u00f6lgenin tan\u0131t\u0131m\u0131na da katk\u0131 sa\u011flam\u0131\u015f oluyoruz. Bizler kat\u0131l\u0131mc\u0131 bir y\u00f6netim anlay\u0131\u015f\u0131 sergileyen en \u00f6nemli kurumlardan bir tanesiyiz. T\u00fcrkiye\u2019de \u00f6rne\u011fi olmayan bir projeyi uyguluyoruz. Vatanda\u015f\u0131m\u0131zla i\u00e7 i\u00e7eyiz. Her \u015feyi vatanda\u015fla tart\u0131\u015farak, konu\u015farak ve payla\u015farak yap\u0131yoruz. Yapmaya da devam edece\u011fiz. Her zaman oldu\u011fu gibi yine vatanda\u015flar\u0131m\u0131zla birlikte alanday\u0131z ve beraberiz. Kenti hep beraber y\u00f6netiyoruz\u201d dedi.<\/p>\n<p>\u200b\u2018Ba\u015fkan Bozbey Burada\u2019 projesi kapsam\u0131nda Orhaneli il\u00e7esinde vatanda\u015flarla bir araya gelen B\u00fcy\u00fck\u015fehir Belediye Ba\u015fkan\u0131 Mustafa Bozbey, her zaman oldu\u011fu gibi yine vatanda\u015flarla birlikte alanda ve beraber olduklar\u0131n\u0131 s\u00f6yleyerek, kenti hep beraber y\u00f6nettiklerini dile getirdi.BURSA (\u0130GFA) &#8211; Bursa B\u00fcy\u00fck\u015fehir Belediye Ba\u015fkan\u0131 Mustafa Bozbey, her 15 g\u00fcnde bir farkl\u0131 bir il\u00e7ede vatanda\u015flarla bulu\u015fup talep ve \u00f6nerilerini dinlemek, sorunlar\u0131 yerinde tespit edip h\u0131zl\u0131 \u00e7\u00f6z\u00fcmler \u00fcretmek ad\u0131na ba\u015flatt\u0131\u011f\u0131 \u2018Ba\u015fkan Bozbey Burada\u2019 projesi kapsam\u0131nda Orhaneli il\u00e7esini ikinci kez ziyaret etti. Proje kapsam\u0131nda \u00e7al\u0131\u015fma ofisini il\u00e7eye ta\u015f\u0131yan Ba\u015fkan Mustafa Bozbey, t\u00fcm y\u00f6netim kadrosu ile birlikte vatanda\u015flarla bir araya geldi.<br \/>\n\u0130lk olarak Orhaneli Kaymakam\u0131 Muhammed Furkan Tuna&#8217;y\u0131 ziyaret eden Ba\u015fkan Mustafa Bozbey\u2019e temaslar\u0131nda CHP \u0130l\u00e7e Ba\u015fkan\u0131 Hakan Turgut da e\u015flik etti. Orhaneli ve da\u011f y\u00f6resinin tar\u0131m alan\u0131ndaki mevcut \u00e7al\u0131\u015fmalar\u0131 ile b\u00f6lge tar\u0131m\u0131n\u0131n geli\u015fimi ad\u0131na at\u0131lmas\u0131 gereken ad\u0131mlar\u0131n ele al\u0131nd\u0131\u011f\u0131 g\u00f6r\u00fc\u015fmede, son d\u00f6nemde ya\u015fanan zirai don olaylar\u0131 ve b\u00f6lgedeki n\u00fcfusun azalmas\u0131 gibi \u00f6nemli meseleler \u00fczerinde durularak \u00e7\u00f6z\u00fcm \u00f6nerileri konu\u015fuldu.<br \/>\nBa\u015fkan Mustafa Bozbey\u2019in, Orhaneli Belediye Ba\u015fkan\u0131 Ali Osman Tay\u0131r&#8217;a makam\u0131nda yapt\u0131\u011f\u0131 ziyarette ise da\u011f il\u00e7elerinin kar\u015f\u0131 kar\u015f\u0131ya oldu\u011fu \u00f6nemli sorunlar ve \u00e7\u00f6z\u00fcm yollar\u0131 de\u011ferlendirildi. D\u00f6rt da\u011f il\u00e7esinde ya\u015fanan g\u00f6\u00e7\u00fcn \u00f6n\u00fcne ge\u00e7ebilmek ad\u0131na b\u00f6lgede bir merkez kurulmas\u0131n\u0131n da konu\u015fuldu\u011fu ziyarette, tar\u0131m\u0131n g\u00fc\u00e7lendirilmesi, k\u0131rsal kalk\u0131nman\u0131n desteklenmesi ve hava kirlili\u011finin azalt\u0131lmas\u0131na y\u00f6nelik at\u0131labilecek ad\u0131mlar da detayl\u0131 bi\u00e7imde ele al\u0131nd\u0131.<br \/>\nOrhaneli il\u00e7esindeki muhtarlarla da bir araya gelen Ba\u015fkan Mustafa Bozbey, mahallelerin sorunlar\u0131n\u0131 dinleyerek \u00e7\u00f6z\u00fcm \u00f6nerilerini anlatt\u0131. Orhaneli Ziraat Odas\u0131 Ba\u015fkan\u0131 Nafiz Kaya ve dernek \u00fcyelerini de ziyaret eden Ba\u015fkan Bozbey, \u00e7ift\u00e7ileri birinci a\u011f\u0131zdan dinledi. \u00c7ift\u00e7ilerin eme\u011finin kar\u015f\u0131l\u0131\u011f\u0131n\u0131 alabilmesi, \u00fcretim s\u00fcre\u00e7lerinde kar\u015f\u0131la\u015ft\u0131klar\u0131 zorluklar\u0131n a\u015f\u0131lmas\u0131 ve tar\u0131m\u0131n s\u00fcrd\u00fcr\u00fclebilirli\u011fi ad\u0131na desteklerini s\u00fcrd\u00fcreceklerini s\u00f6yleyen Ba\u015fkan Bozbey, tar\u0131msal kalk\u0131nmay\u0131 te\u015fvik eden projeler ve i\u015f birlikleriyle \u00e7ift\u00e7inin yan\u0131nda olmaya devam edeceklerini belirtti.Ziyaretlerin ard\u0131ndan Beyce Meydan Kafe\u2019de vatanda\u015flarla bulu\u015fan Ba\u015fkan Bozbey, talep ve \u00f6nerileri dinleyerek \u00e7al\u0131\u015fmalar ve projeler hakk\u0131nda bilgi verdi.<\/p>\n<p>\u201cVATANDA\u015eLARIMIZLA B\u0130RL\u0130KTE ALANDAYIZ VE BERABER\u0130Z\u201d<br \/>\n\u2018Ba\u015fkan Bozbey Burada\u2019 projesi kapsam\u0131nda Bursa\u2019n\u0131n g\u00fczel il\u00e7elerinden Orhaneli\u2019yi ziyaret ettiklerini s\u00f6yleyen Ba\u015fkan Mustafa Bozbey, yap\u0131lan hizmetleri yerinde izleyip takip etmeyi \u00f6nemsediklerini belirtti. Bursa B\u00fcy\u00fck\u015fehir Belediyesi\u2019nin t\u00fcm kadrosuyla birlikte Orhaneli il\u00e7esine geldiklerini, vatanda\u015flar\u0131 dinleyerek sorunlara \u00e7\u00f6z\u00fcm \u00fcrettiklerini ifade eden Ba\u015fkan Bozbey, \u201cOrhaneli\u2019deki halk\u0131m\u0131z\u0131n yan\u0131 s\u0131ra civar il\u00e7elerden ve hatta merkezden gelen vatanda\u015flar\u0131m\u0131z\u0131 da burada dinliyoruz. Ba\u015fkan Bozbey Burada projesi i\u00e7in il\u00e7elere d\u0131\u015far\u0131dan gelenlerin olmas\u0131yla b\u00f6lgenin tan\u0131t\u0131m\u0131na da katk\u0131 sa\u011flam\u0131\u015f oluyoruz. Bizler kat\u0131l\u0131mc\u0131 bir y\u00f6netim anlay\u0131\u015f\u0131 sergileyen en \u00f6nemli kurumlardan bir tanesiyiz. T\u00fcrkiye\u2019de \u00f6rne\u011fi olmayan bir projeyi uyguluyoruz. Vatanda\u015f\u0131m\u0131zla i\u00e7 i\u00e7eyiz. Her \u015feyi vatanda\u015fla tart\u0131\u015farak, konu\u015farak ve payla\u015farak yap\u0131yoruz. Yapmaya da devam edece\u011fiz. Her zaman oldu\u011fu gibi yine vatanda\u015flar\u0131m\u0131zla birlikte alanday\u0131z ve beraberiz. Kenti hep beraber y\u00f6netiyoruz\u201d dedi.\u00a0<\/p>\n<p>\u200bHaberin Al\u0131nt\u0131land\u0131\u011f\u0131 Kaynak: www.iskenderun.org<\/p>","protected":false},"excerpt":{"rendered":"<p>\u2018Ba\u015fkan Bozbey Burada\u2019 projesi kapsam\u0131nda Orhaneli il\u00e7esinde vatanda\u015flarla bir araya gelen B\u00fcy\u00fck\u015fehir Belediye Ba\u015fkan\u0131 Mustafa Bozbey, her zaman oldu\u011fu gibi yine vatanda\u015flarla birlikte alanda ve beraber olduklar\u0131n\u0131 s\u00f6yleyerek, kenti hep beraber y\u00f6nettiklerini dile getirdi.BURSA (\u0130GFA) &#8211; Bursa B\u00fcy\u00fck\u015fehir Belediye Ba\u015fkan\u0131 Mustafa Bozbey, her 15 g\u00fcnde bir farkl\u0131 bir il\u00e7ede vatanda\u015flarla bulu\u015fup talep ve \u00f6nerilerini dinlemek, sorunlar\u0131 yerinde tespit edip h\u0131zl\u0131 \u00e7\u00f6z\u00fcmler \u00fcretmek ad\u0131na ba\u015flatt\u0131\u011f\u0131 \u2018Ba\u015fkan Bozbey Burada\u2019 projesi kapsam\u0131nda Orhaneli il\u00e7esini ikinci kez ziyaret etti. Proje kapsam\u0131nda \u00e7al\u0131\u015fma ofisini il\u00e7eye ta\u015f\u0131yan Ba\u015fkan Mustafa Bozbey, t\u00fcm y\u00f6netim kadrosu ile birlikte vatanda\u015flarla bir araya geldi. \u0130lk olarak Orhaneli Kaymakam\u0131 Muhammed Furkan Tuna&#8217;y\u0131 ziyaret eden Ba\u015fkan Mustafa Bozbey\u2019e temaslar\u0131nda CHP \u0130l\u00e7e Ba\u015fkan\u0131 Hakan Turgut da e\u015flik etti. Orhaneli ve da\u011f y\u00f6resinin tar\u0131m alan\u0131ndaki mevcut \u00e7al\u0131\u015fmalar\u0131 ile b\u00f6lge tar\u0131m\u0131n\u0131n geli\u015fimi ad\u0131na at\u0131lmas\u0131 gereken ad\u0131mlar\u0131n ele al\u0131nd\u0131\u011f\u0131 g\u00f6r\u00fc\u015fmede, son d\u00f6nemde ya\u015fanan zirai don olaylar\u0131 ve b\u00f6lgedeki n\u00fcfusun azalmas\u0131 gibi \u00f6nemli meseleler \u00fczerinde durularak \u00e7\u00f6z\u00fcm \u00f6nerileri konu\u015fuldu. Ba\u015fkan Mustafa Bozbey\u2019in, Orhaneli Belediye Ba\u015fkan\u0131 Ali Osman Tay\u0131r&#8217;a makam\u0131nda yapt\u0131\u011f\u0131 ziyarette ise da\u011f il\u00e7elerinin kar\u015f\u0131 kar\u015f\u0131ya oldu\u011fu \u00f6nemli sorunlar ve \u00e7\u00f6z\u00fcm yollar\u0131 de\u011ferlendirildi. D\u00f6rt da\u011f il\u00e7esinde ya\u015fanan g\u00f6\u00e7\u00fcn \u00f6n\u00fcne ge\u00e7ebilmek ad\u0131na b\u00f6lgede bir merkez kurulmas\u0131n\u0131n da konu\u015fuldu\u011fu ziyarette, tar\u0131m\u0131n g\u00fc\u00e7lendirilmesi, k\u0131rsal kalk\u0131nman\u0131n desteklenmesi ve hava kirlili\u011finin azalt\u0131lmas\u0131na y\u00f6nelik &hellip;<\/p>","protected":false},"author":1,"featured_media":0,"comment_status":"","ping_status":"open","sticky":false,"template":"","format":"standard","meta":{"_acf_changed":false,"footnotes":""},"categories":[24],"tags":[],"class_list":["post-78325","post","type-post","status-publish","format-standard","has-post-thumbnail","hentry","category-gundem"],"acf":[],"yoast_head":"<!-- This site is optimized with the Yoast SEO Premium plugin v26.6 (Yoast SEO v27.1.1) - https:\/\/yoast.com\/product\/yoast-seo-premium-wordpress\/ -->\n<title>Ba\u015fkan Bozbey, Orhanelilerle bulu\u015ftu - Av. Deniz Can K\u0131z\u0131l<\/title>\n<meta name=\"robots\" content=\"index, follow, max-snippet:-1, max-image-preview:large, max-video-preview:-1\" \/>\n<link rel=\"canonical\" href=\"https:\/\/denizcankizil.tr\/de\/haberler\/gundem\/baskan-bozbey-orhanelilerle-bulustu\/\" \/>\n<meta property=\"og:locale\" content=\"de_DE\" \/>\n<meta property=\"og:type\" content=\"article\" \/>\n<meta property=\"og:title\" content=\"Ba\u015fkan Bozbey, Orhanelilerle bulu\u015ftu\" \/>\n<meta property=\"og:description\" content=\"\u2018Ba\u015fkan Bozbey Burada\u2019 projesi kapsam\u0131nda Orhaneli il\u00e7esinde vatanda\u015flarla bir araya gelen B\u00fcy\u00fck\u015fehir Belediye Ba\u015fkan\u0131 Mustafa Bozbey, her zaman oldu\u011fu gibi yine vatanda\u015flarla birlikte alanda ve beraber olduklar\u0131n\u0131 s\u00f6yleyerek, kenti hep beraber y\u00f6nettiklerini dile getirdi.BURSA (\u0130GFA) &#8211; Bursa B\u00fcy\u00fck\u015fehir Belediye Ba\u015fkan\u0131 Mustafa Bozbey, her 15 g\u00fcnde bir farkl\u0131 bir il\u00e7ede vatanda\u015flarla bulu\u015fup talep ve \u00f6nerilerini dinlemek, sorunlar\u0131 yerinde tespit edip h\u0131zl\u0131 \u00e7\u00f6z\u00fcmler \u00fcretmek ad\u0131na ba\u015flatt\u0131\u011f\u0131 \u2018Ba\u015fkan Bozbey Burada\u2019 projesi kapsam\u0131nda Orhaneli il\u00e7esini ikinci kez ziyaret etti. Proje kapsam\u0131nda \u00e7al\u0131\u015fma ofisini il\u00e7eye ta\u015f\u0131yan Ba\u015fkan Mustafa Bozbey, t\u00fcm y\u00f6netim kadrosu ile birlikte vatanda\u015flarla bir araya geldi. \u0130lk olarak Orhaneli Kaymakam\u0131 Muhammed Furkan Tuna&#8217;y\u0131 ziyaret eden Ba\u015fkan Mustafa Bozbey\u2019e temaslar\u0131nda CHP \u0130l\u00e7e Ba\u015fkan\u0131 Hakan Turgut da e\u015flik etti. Orhaneli ve da\u011f y\u00f6resinin tar\u0131m alan\u0131ndaki mevcut \u00e7al\u0131\u015fmalar\u0131 ile b\u00f6lge tar\u0131m\u0131n\u0131n geli\u015fimi ad\u0131na at\u0131lmas\u0131 gereken ad\u0131mlar\u0131n ele al\u0131nd\u0131\u011f\u0131 g\u00f6r\u00fc\u015fmede, son d\u00f6nemde ya\u015fanan zirai don olaylar\u0131 ve b\u00f6lgedeki n\u00fcfusun azalmas\u0131 gibi \u00f6nemli meseleler \u00fczerinde durularak \u00e7\u00f6z\u00fcm \u00f6nerileri konu\u015fuldu. Ba\u015fkan Mustafa Bozbey\u2019in, Orhaneli Belediye Ba\u015fkan\u0131 Ali Osman Tay\u0131r&#8217;a makam\u0131nda yapt\u0131\u011f\u0131 ziyarette ise da\u011f il\u00e7elerinin kar\u015f\u0131 kar\u015f\u0131ya oldu\u011fu \u00f6nemli sorunlar ve \u00e7\u00f6z\u00fcm yollar\u0131 de\u011ferlendirildi. D\u00f6rt da\u011f il\u00e7esinde ya\u015fanan g\u00f6\u00e7\u00fcn \u00f6n\u00fcne ge\u00e7ebilmek ad\u0131na b\u00f6lgede bir merkez kurulmas\u0131n\u0131n da konu\u015fuldu\u011fu ziyarette, tar\u0131m\u0131n g\u00fc\u00e7lendirilmesi, k\u0131rsal kalk\u0131nman\u0131n desteklenmesi ve hava kirlili\u011finin azalt\u0131lmas\u0131na y\u00f6nelik &hellip;\" \/>\n<meta property=\"og:url\" content=\"https:\/\/denizcankizil.tr\/de\/haberler\/gundem\/baskan-bozbey-orhanelilerle-bulustu\/\" \/>\n<meta property=\"og:site_name\" content=\"Av. Deniz Can K\u0131z\u0131l\" \/>\n<meta property=\"article:published_time\" content=\"2025-05-06T19:42:19+00:00\" \/>\n<meta name=\"author\" content=\"admin\" \/>\n<meta name=\"twitter:card\" content=\"summary_large_image\" \/>\n<meta name=\"twitter:label1\" content=\"Verfasst von\" \/>\n\t<meta name=\"twitter:data1\" content=\"admin\" \/>\n\t<meta name=\"twitter:label2\" content=\"Gesch\u00e4tzte Lesezeit\" \/>\n\t<meta name=\"twitter:data2\" content=\"6\u00a0Minuten\" \/>\n<script type=\"application\/ld+json\" class=\"yoast-schema-graph\">{\"@context\":\"https:\/\/schema.org\",\"@graph\":[{\"@type\":\"Article\",\"@id\":\"https:\/\/denizcankizil.tr\/en\/haberler\/gundem\/baskan-bozbey-orhanelilerle-bulustu\/#article\",\"isPartOf\":{\"@id\":\"https:\/\/denizcankizil.tr\/en\/haberler\/gundem\/baskan-bozbey-orhanelilerle-bulustu\/\"},\"author\":{\"name\":\"admin\",\"@id\":\"https:\/\/denizcankizil.tr\/de\/#\/schema\/person\/be3c05fe6a12686905512445d8185489\"},\"headline\":\"Ba\u015fkan Bozbey, Orhanelilerle bulu\u015ftu\",\"datePublished\":\"2025-05-06T19:42:19+00:00\",\"mainEntityOfPage\":{\"@id\":\"https:\/\/denizcankizil.tr\/en\/haberler\/gundem\/baskan-bozbey-orhanelilerle-bulustu\/\"},\"wordCount\":1258,\"publisher\":{\"@id\":\"https:\/\/denizcankizil.tr\/de\/#organization\"},\"articleSection\":[\"G\u00fcndem\"],\"inLanguage\":\"de\"},{\"@type\":\"WebPage\",\"@id\":\"https:\/\/denizcankizil.tr\/en\/haberler\/gundem\/baskan-bozbey-orhanelilerle-bulustu\/\",\"url\":\"https:\/\/denizcankizil.tr\/en\/haberler\/gundem\/baskan-bozbey-orhanelilerle-bulustu\/\",\"name\":\"Ba\u015fkan Bozbey, Orhanelilerle bulu\u015ftu - Av. Deniz Can K\u0131z\u0131l\",\"isPartOf\":{\"@id\":\"https:\/\/denizcankizil.tr\/de\/#website\"},\"datePublished\":\"2025-05-06T19:42:19+00:00\",\"breadcrumb\":{\"@id\":\"https:\/\/denizcankizil.tr\/en\/haberler\/gundem\/baskan-bozbey-orhanelilerle-bulustu\/#breadcrumb\"},\"inLanguage\":\"de\",\"potentialAction\":[{\"@type\":\"ReadAction\",\"target\":[\"https:\/\/denizcankizil.tr\/en\/haberler\/gundem\/baskan-bozbey-orhanelilerle-bulustu\/\"]}]},{\"@type\":\"BreadcrumbList\",\"@id\":\"https:\/\/denizcankizil.tr\/en\/haberler\/gundem\/baskan-bozbey-orhanelilerle-bulustu\/#breadcrumb\",\"itemListElement\":[{\"@type\":\"ListItem\",\"position\":1,\"name\":\"Home\",\"item\":\"https:\/\/denizcankizil.tr\/de\/\"},{\"@type\":\"ListItem\",\"position\":2,\"name\":\"Ba\u015fkan Bozbey, Orhanelilerle bulu\u015ftu\"}]},{\"@type\":\"WebSite\",\"@id\":\"https:\/\/denizcankizil.tr\/de\/#website\",\"url\":\"https:\/\/denizcankizil.tr\/de\/\",\"name\":\"Av. Deniz Can K\u0131z\u0131l\",\"description\":\"Avukat Deniz Can K\u0131z\u0131l Antalya Barosu\",\"publisher\":{\"@id\":\"https:\/\/denizcankizil.tr\/de\/#organization\"},\"potentialAction\":[{\"@type\":\"SearchAction\",\"target\":{\"@type\":\"EntryPoint\",\"urlTemplate\":\"https:\/\/denizcankizil.tr\/de\/?s={search_term_string}\"},\"query-input\":{\"@type\":\"PropertyValueSpecification\",\"valueRequired\":true,\"valueName\":\"search_term_string\"}}],\"inLanguage\":\"de\"},{\"@type\":\"Organization\",\"@id\":\"https:\/\/denizcankizil.tr\/de\/#organization\",\"name\":\"Av. Deniz Can K\u0131z\u0131l\",\"url\":\"https:\/\/denizcankizil.tr\/de\/\",\"logo\":{\"@type\":\"ImageObject\",\"inLanguage\":\"de\",\"@id\":\"https:\/\/denizcankizil.tr\/de\/#\/schema\/logo\/image\/\",\"url\":\"https:\/\/denizcankizil.tr\/wp-content\/uploads\/2024\/10\/siyah-logo-svg.svg\",\"contentUrl\":\"https:\/\/denizcankizil.tr\/wp-content\/uploads\/2024\/10\/siyah-logo-svg.svg\",\"width\":1080,\"height\":1080,\"caption\":\"Av. Deniz Can K\u0131z\u0131l\"},\"image\":{\"@id\":\"https:\/\/denizcankizil.tr\/de\/#\/schema\/logo\/image\/\"}},{\"@type\":\"Person\",\"@id\":\"https:\/\/denizcankizil.tr\/de\/#\/schema\/person\/be3c05fe6a12686905512445d8185489\",\"name\":\"admin\",\"image\":{\"@type\":\"ImageObject\",\"inLanguage\":\"de\",\"@id\":\"https:\/\/denizcankizil.tr\/de\/#\/schema\/person\/image\/\",\"url\":\"https:\/\/secure.gravatar.com\/avatar\/c1fce94c830dc79107e174f890d7210541c4a63e8e5d816341794a2151c9d58c?s=96&d=mm&r=g\",\"contentUrl\":\"https:\/\/secure.gravatar.com\/avatar\/c1fce94c830dc79107e174f890d7210541c4a63e8e5d816341794a2151c9d58c?s=96&d=mm&r=g\",\"caption\":\"admin\"},\"sameAs\":[\"http:\/\/denizcankizil.tr\"],\"url\":\"https:\/\/www.iskenderun.org\/baskan-bozbey-orhanelilerle-bulustu\"}]}<\/script>\n<!-- \/ Yoast SEO Premium plugin. -->","yoast_head_json":{"title":"Ba\u015fkan Bozbey, Orhanelilerle bulu\u015ftu - Av. Deniz Can K\u0131z\u0131l","robots":{"index":"index","follow":"follow","max-snippet":"max-snippet:-1","max-image-preview":"max-image-preview:large","max-video-preview":"max-video-preview:-1"},"canonical":"https:\/\/denizcankizil.tr\/de\/haberler\/gundem\/baskan-bozbey-orhanelilerle-bulustu\/","og_locale":"de_DE","og_type":"article","og_title":"Ba\u015fkan Bozbey, Orhanelilerle bulu\u015ftu","og_description":"\u2018Ba\u015fkan Bozbey Burada\u2019 projesi kapsam\u0131nda Orhaneli il\u00e7esinde vatanda\u015flarla bir araya gelen B\u00fcy\u00fck\u015fehir Belediye Ba\u015fkan\u0131 Mustafa Bozbey, her zaman oldu\u011fu gibi yine vatanda\u015flarla birlikte alanda ve beraber olduklar\u0131n\u0131 s\u00f6yleyerek, kenti hep beraber y\u00f6nettiklerini dile getirdi.BURSA (\u0130GFA) &#8211; Bursa B\u00fcy\u00fck\u015fehir Belediye Ba\u015fkan\u0131 Mustafa Bozbey, her 15 g\u00fcnde bir farkl\u0131 bir il\u00e7ede vatanda\u015flarla bulu\u015fup talep ve \u00f6nerilerini dinlemek, sorunlar\u0131 yerinde tespit edip h\u0131zl\u0131 \u00e7\u00f6z\u00fcmler \u00fcretmek ad\u0131na ba\u015flatt\u0131\u011f\u0131 \u2018Ba\u015fkan Bozbey Burada\u2019 projesi kapsam\u0131nda Orhaneli il\u00e7esini ikinci kez ziyaret etti. Proje kapsam\u0131nda \u00e7al\u0131\u015fma ofisini il\u00e7eye ta\u015f\u0131yan Ba\u015fkan Mustafa Bozbey, t\u00fcm y\u00f6netim kadrosu ile birlikte vatanda\u015flarla bir araya geldi. \u0130lk olarak Orhaneli Kaymakam\u0131 Muhammed Furkan Tuna&#8217;y\u0131 ziyaret eden Ba\u015fkan Mustafa Bozbey\u2019e temaslar\u0131nda CHP \u0130l\u00e7e Ba\u015fkan\u0131 Hakan Turgut da e\u015flik etti. Orhaneli ve da\u011f y\u00f6resinin tar\u0131m alan\u0131ndaki mevcut \u00e7al\u0131\u015fmalar\u0131 ile b\u00f6lge tar\u0131m\u0131n\u0131n geli\u015fimi ad\u0131na at\u0131lmas\u0131 gereken ad\u0131mlar\u0131n ele al\u0131nd\u0131\u011f\u0131 g\u00f6r\u00fc\u015fmede, son d\u00f6nemde ya\u015fanan zirai don olaylar\u0131 ve b\u00f6lgedeki n\u00fcfusun azalmas\u0131 gibi \u00f6nemli meseleler \u00fczerinde durularak \u00e7\u00f6z\u00fcm \u00f6nerileri konu\u015fuldu. Ba\u015fkan Mustafa Bozbey\u2019in, Orhaneli Belediye Ba\u015fkan\u0131 Ali Osman Tay\u0131r&#8217;a makam\u0131nda yapt\u0131\u011f\u0131 ziyarette ise da\u011f il\u00e7elerinin kar\u015f\u0131 kar\u015f\u0131ya oldu\u011fu \u00f6nemli sorunlar ve \u00e7\u00f6z\u00fcm yollar\u0131 de\u011ferlendirildi. D\u00f6rt da\u011f il\u00e7esinde ya\u015fanan g\u00f6\u00e7\u00fcn \u00f6n\u00fcne ge\u00e7ebilmek ad\u0131na b\u00f6lgede bir merkez kurulmas\u0131n\u0131n da konu\u015fuldu\u011fu ziyarette, tar\u0131m\u0131n g\u00fc\u00e7lendirilmesi, k\u0131rsal kalk\u0131nman\u0131n desteklenmesi ve hava kirlili\u011finin azalt\u0131lmas\u0131na y\u00f6nelik &hellip;","og_url":"https:\/\/denizcankizil.tr\/de\/haberler\/gundem\/baskan-bozbey-orhanelilerle-bulustu\/","og_site_name":"Av. Deniz Can K\u0131z\u0131l","article_published_time":"2025-05-06T19:42:19+00:00","author":"admin","twitter_card":"summary_large_image","twitter_misc":{"Verfasst von":"admin","Gesch\u00e4tzte Lesezeit":"6\u00a0Minuten"},"schema":{"@context":"https:\/\/schema.org","@graph":[{"@type":"Article","@id":"https:\/\/denizcankizil.tr\/en\/haberler\/gundem\/baskan-bozbey-orhanelilerle-bulustu\/#article","isPartOf":{"@id":"https:\/\/denizcankizil.tr\/en\/haberler\/gundem\/baskan-bozbey-orhanelilerle-bulustu\/"},"author":{"name":"admin","@id":"https:\/\/denizcankizil.tr\/de\/#\/schema\/person\/be3c05fe6a12686905512445d8185489"},"headline":"Ba\u015fkan Bozbey, Orhanelilerle bulu\u015ftu","datePublished":"2025-05-06T19:42:19+00:00","mainEntityOfPage":{"@id":"https:\/\/denizcankizil.tr\/en\/haberler\/gundem\/baskan-bozbey-orhanelilerle-bulustu\/"},"wordCount":1258,"publisher":{"@id":"https:\/\/denizcankizil.tr\/de\/#organization"},"articleSection":["G\u00fcndem"],"inLanguage":"de"},{"@type":"WebPage","@id":"https:\/\/denizcankizil.tr\/en\/haberler\/gundem\/baskan-bozbey-orhanelilerle-bulustu\/","url":"https:\/\/denizcankizil.tr\/en\/haberler\/gundem\/baskan-bozbey-orhanelilerle-bulustu\/","name":"Ba\u015fkan Bozbey, Orhanelilerle bulu\u015ftu - Av. Deniz Can K\u0131z\u0131l","isPartOf":{"@id":"https:\/\/denizcankizil.tr\/de\/#website"},"datePublished":"2025-05-06T19:42:19+00:00","breadcrumb":{"@id":"https:\/\/denizcankizil.tr\/en\/haberler\/gundem\/baskan-bozbey-orhanelilerle-bulustu\/#breadcrumb"},"inLanguage":"de","potentialAction":[{"@type":"ReadAction","target":["https:\/\/denizcankizil.tr\/en\/haberler\/gundem\/baskan-bozbey-orhanelilerle-bulustu\/"]}]},{"@type":"BreadcrumbList","@id":"https:\/\/denizcankizil.tr\/en\/haberler\/gundem\/baskan-bozbey-orhanelilerle-bulustu\/#breadcrumb","itemListElement":[{"@type":"ListItem","position":1,"name":"Home","item":"https:\/\/denizcankizil.tr\/de\/"},{"@type":"ListItem","position":2,"name":"Ba\u015fkan Bozbey, Orhanelilerle bulu\u015ftu"}]},{"@type":"WebSite","@id":"https:\/\/denizcankizil.tr\/de\/#website","url":"https:\/\/denizcankizil.tr\/de\/","name":"Av. Deniz Can K\u0131z\u0131l","description":"Avukat Deniz Can K\u0131z\u0131l Antalya Barosu","publisher":{"@id":"https:\/\/denizcankizil.tr\/de\/#organization"},"potentialAction":[{"@type":"SearchAction","target":{"@type":"EntryPoint","urlTemplate":"https:\/\/denizcankizil.tr\/de\/?s={search_term_string}"},"query-input":{"@type":"PropertyValueSpecification","valueRequired":true,"valueName":"search_term_string"}}],"inLanguage":"de"},{"@type":"Organization","@id":"https:\/\/denizcankizil.tr\/de\/#organization","name":"Av. Deniz Can K\u0131z\u0131l","url":"https:\/\/denizcankizil.tr\/de\/","logo":{"@type":"ImageObject","inLanguage":"de","@id":"https:\/\/denizcankizil.tr\/de\/#\/schema\/logo\/image\/","url":"https:\/\/denizcankizil.tr\/wp-content\/uploads\/2024\/10\/siyah-logo-svg.svg","contentUrl":"https:\/\/denizcankizil.tr\/wp-content\/uploads\/2024\/10\/siyah-logo-svg.svg","width":1080,"height":1080,"caption":"Av. Deniz Can K\u0131z\u0131l"},"image":{"@id":"https:\/\/denizcankizil.tr\/de\/#\/schema\/logo\/image\/"}},{"@type":"Person","@id":"https:\/\/denizcankizil.tr\/de\/#\/schema\/person\/be3c05fe6a12686905512445d8185489","name":"Administrator","image":{"@type":"ImageObject","inLanguage":"de","@id":"https:\/\/denizcankizil.tr\/de\/#\/schema\/person\/image\/","url":"https:\/\/secure.gravatar.com\/avatar\/c1fce94c830dc79107e174f890d7210541c4a63e8e5d816341794a2151c9d58c?s=96&d=mm&r=g","contentUrl":"https:\/\/secure.gravatar.com\/avatar\/c1fce94c830dc79107e174f890d7210541c4a63e8e5d816341794a2151c9d58c?s=96&d=mm&r=g","caption":"admin"},"sameAs":["http:\/\/denizcankizil.tr"],"url":"https:\/\/www.iskenderun.org\/baskan-bozbey-orhanelilerle-bulustu"}]}},"_links":{"self":[{"href":"https:\/\/denizcankizil.tr\/de\/wp-json\/wp\/v2\/posts\/78325","targetHints":{"allow":["GET"]}}],"collection":[{"href":"https:\/\/denizcankizil.tr\/de\/wp-json\/wp\/v2\/posts"}],"about":[{"href":"https:\/\/denizcankizil.tr\/de\/wp-json\/wp\/v2\/types\/post"}],"author":[{"embeddable":true,"href":"https:\/\/denizcankizil.tr\/de\/wp-json\/wp\/v2\/users\/1"}],"replies":[{"embeddable":true,"href":"https:\/\/denizcankizil.tr\/de\/wp-json\/wp\/v2\/comments?post=78325"}],"version-history":[{"count":0,"href":"https:\/\/denizcankizil.tr\/de\/wp-json\/wp\/v2\/posts\/78325\/revisions"}],"wp:attachment":[{"href":"https:\/\/denizcankizil.tr\/de\/wp-json\/wp\/v2\/media?parent=78325"}],"wp:term":[{"taxonomy":"category","embeddable":true,"href":"https:\/\/denizcankizil.tr\/de\/wp-json\/wp\/v2\/categories?post=78325"},{"taxonomy":"post_tag","embeddable":true,"href":"https:\/\/denizcankizil.tr\/de\/wp-json\/wp\/v2\/tags?post=78325"}],"curies":[{"name":"wp","href":"https:\/\/api.w.org\/{rel}","templated":true}]}}