{"id":78321,"date":"2025-05-06T22:42:15","date_gmt":"2025-05-06T19:42:15","guid":{"rendered":"https:\/\/denizcankizil.tr\/uncategorized-tr\/hak-is-genel-baskani-aslandan-yolbulan-grev-iscisine-ziyaret\/"},"modified":"2025-05-06T22:42:15","modified_gmt":"2025-05-06T19:42:15","slug":"hak-is-genel-baskani-aslandan-yolbulan-grev-iscisine-ziyaret","status":"publish","type":"post","link":"https:\/\/denizcankizil.tr\/de\/haberler\/gundem\/hak-is-genel-baskani-aslandan-yolbulan-grev-iscisine-ziyaret\/","title":{"rendered":"Hak-\u0130\u015f Genel Ba\u015fkan\u0131 Aslan\u2019dan Yolbulan Grev \u0130\u015f\u00e7isine Ziyaret"},"content":{"rendered":"<p>\u0130skenderun \u00d6z\u00e7elik-\u0130\u015f Sendikas\u0131\u2019n\u0131n Yolbulan fabrikas\u0131nda ba\u015flatt\u0131\u011f\u0131 grevin 321. g\u00fcn\u00fcnde Hak-\u0130\u015f Konfederasyonu Genel Ba\u015fkan\u0131 Mahmut Aslan, grev \u00e7ad\u0131r\u0131n\u0131 ziyaret ederek i\u015f\u00e7ilere destek verdi. Aslan, emek\u00e7ilerin kararl\u0131 direni\u015fine dikkat \u00e7ekerken, birlik ve dayan\u0131\u015fma mesajlar\u0131yla i\u015f\u00e7ilere moral verdi.<\/p>\n<p>Ziyarette \u00d6z\u00e7elik-\u0130\u015f Sendikas\u0131 \u0130skenderun \u015eube Ba\u015fkan\u0131 Mehmet G\u00fcng\u00f6r ve \u015fube y\u00f6neticileri de haz\u0131r bulundu. G\u00fcng\u00f6r, grev s\u00fcrecinde siyasetten uzak durduklar\u0131n\u0131 ve eme\u011fi \u00f6n planda tuttuklar\u0131n\u0131 belirterek, \u201c\u0130skenderun\u2019un s\u0131ca\u011f\u0131nda, D\u00f6rtyol\u2019un so\u011fu\u011funda y\u0131lmadan direndik. Emek m\u00fccadelesi asla pes etmemek demektir,\u201d dedi.<\/p>\n<p>\u201cBurada verdi\u011finiz m\u00fccadele Yolbulan Direni\u015fi olarak tarihe ge\u00e7ti.&#8221;<br \/>\n\u0130\u015f\u00e7ilerin sloganlarla ve alk\u0131\u015flarla kar\u015f\u0131lad\u0131\u011f\u0131 Aslan, Yolbulan Grev \u00c7ad\u0131r\u0131nda yapt\u0131\u011f\u0131 konu\u015fmada \u015fu ifadeleri kulland\u0131:<br \/>\n&#8220;Hak-\u0130\u015f ve \u00d6z\u00e7elik-\u0130\u015f her zaman emek\u00e7inin yan\u0131ndad\u0131r. Hakl\u0131 m\u00fccadelenizde sonuna kadar sizlerle birlikteyiz. Bu onurlu duru\u015funuz, eme\u011fe olan sayg\u0131n\u0131n ve al\u0131n terinin ne kadar de\u011ferli oldu\u011funun bir g\u00f6stergesidir. Biz insanca ya\u015fam, insan onuruna yak\u0131\u015f\u0131r bir \u00fccret talep ediyoruz. Amac\u0131m\u0131z hi\u00e7bir zaman kurumlara zarar vermek olmad\u0131; grev boyunca ta\u015fk\u0131nl\u0131k yapmad\u0131n\u0131z, \u00fcretim tesislerine zarar vermediniz. Siz emek ve al\u0131nteri m\u00fccadelesi verdiniz. Bu bilin\u00e7li ve sorumlu duru\u015funuz \u00e7ok k\u0131ymetli.321 g\u00fcnden bu yana verdi\u011finiz m\u00fccadelede tarih yazd\u0131n\u0131z. Burada verdi\u011finiz m\u00fccadele Yolbulan Direni\u015fi olarak tarihe ge\u00e7ti.&#8221;<br \/>\n1989\u2019da \u0130sdemir\u2019de ya\u015fanan tarihi grevi hat\u0131rlatan Aslan, grevlerin tek amac\u0131n\u0131n i\u015f\u00e7ilerin makul seviyede haklar\u0131n\u0131 kazanmas\u0131 oldu\u011funu vurgulad\u0131. \u201cSusarsak \u00fczerimize daha fazlas\u0131 gelir. Bu m\u00fccadele sadece bug\u00fcn i\u00e7in de\u011fil, yar\u0131nlar\u0131m\u0131z ve \u00fclkemizin gelece\u011fi i\u00e7in de \u00f6nemlidir,\u201d diyerek mesaj\u0131n\u0131 net bir \u015fekilde ortaya koydu.<br \/>\nGrev s\u00fcrecinin bu kadar uzun s\u00fcrmesine ra\u011fmen i\u015f\u00e7ilerin kararl\u0131l\u0131\u011f\u0131 ve birlikteli\u011fi vurgulayan Aslan\u2019\u0131n ziyareti, i\u015f\u00e7ilere moral olurken kamuoyuna da g\u00fc\u00e7l\u00fc bir dayan\u0131\u015fma mesaj\u0131 verdi.<\/p>\n<p>\u00d6z\u00e7elik-\u0130\u015f \u0130skenderun \u015eube Ba\u015fkan\u0131 Mehmet G\u00fcng\u00f6r ise Aslan\u2019\u0131n ziyaretinin i\u015f\u00e7ilere b\u00fcy\u00fck moral verdi\u011fini belirterek, \u201cGenel Ba\u015fkan\u0131m\u0131z\u0131n maddi ve manevi deste\u011fini her zaman yan\u0131m\u0131zda hissettik. Bug\u00fcnk\u00fc ziyareti de m\u00fccadelemize g\u00fc\u00e7 katm\u0131\u015ft\u0131r,\u201d \u015feklinde konu\u015ftu.<br \/>\nZiyaret, i\u015f\u00e7ilerle \u00e7ekilen toplu hat\u0131ra foto\u011fraf\u0131 ve dayan\u0131\u015fma mesajlar\u0131n\u0131n ard\u0131ndan sona erdi.<\/p>\n<p>\u200b\u0130skenderun \u00d6z\u00e7elik-\u0130\u015f Sendikas\u0131\u2019n\u0131n Yolbulan fabrikas\u0131nda ba\u015flatt\u0131\u011f\u0131 grevin 321. g\u00fcn\u00fcnde Hak-\u0130\u015f Konfederasyonu Genel Ba\u015fkan\u0131 Mahmut Aslan, grev \u00e7ad\u0131r\u0131n\u0131 ziyaret ederek i\u015f\u00e7ilere destek verdi. Aslan, emek\u00e7ilerin kararl\u0131 direni\u015fine dikkat \u00e7ekerken, birlik ve dayan\u0131\u015fma mesajlar\u0131yla i\u015f\u00e7ilere moral verdi.<\/p>\n<p>Ziyarette \u00d6z\u00e7elik-\u0130\u015f Sendikas\u0131 \u0130skenderun \u015eube Ba\u015fkan\u0131 Mehmet G\u00fcng\u00f6r ve \u015fube y\u00f6neticileri de haz\u0131r bulundu. G\u00fcng\u00f6r, grev s\u00fcrecinde siyasetten uzak durduklar\u0131n\u0131 ve eme\u011fi \u00f6n planda tuttuklar\u0131n\u0131 belirterek, \u201c\u0130skenderun\u2019un s\u0131ca\u011f\u0131nda, D\u00f6rtyol\u2019un so\u011fu\u011funda y\u0131lmadan direndik. Emek m\u00fccadelesi asla pes etmemek demektir,\u201d dedi.<\/p>\n<p>\u201cBurada verdi\u011finiz m\u00fccadele Yolbulan Direni\u015fi olarak tarihe ge\u00e7ti.&#8221;<br \/>\n\u0130\u015f\u00e7ilerin sloganlarla ve alk\u0131\u015flarla kar\u015f\u0131lad\u0131\u011f\u0131 Aslan, Yolbulan Grev \u00c7ad\u0131r\u0131nda yapt\u0131\u011f\u0131 konu\u015fmada \u015fu ifadeleri kulland\u0131:<br \/>\n&#8220;Hak-\u0130\u015f ve \u00d6z\u00e7elik-\u0130\u015f her zaman emek\u00e7inin yan\u0131ndad\u0131r. Hakl\u0131 m\u00fccadelenizde sonuna kadar sizlerle birlikteyiz. Bu onurlu duru\u015funuz, eme\u011fe olan sayg\u0131n\u0131n ve al\u0131n terinin ne kadar de\u011ferli oldu\u011funun bir g\u00f6stergesidir. Biz insanca ya\u015fam, insan onuruna yak\u0131\u015f\u0131r bir \u00fccret talep ediyoruz. Amac\u0131m\u0131z hi\u00e7bir zaman kurumlara zarar vermek olmad\u0131; grev boyunca ta\u015fk\u0131nl\u0131k yapmad\u0131n\u0131z, \u00fcretim tesislerine zarar vermediniz. Siz emek ve al\u0131nteri m\u00fccadelesi verdiniz. Bu bilin\u00e7li ve sorumlu duru\u015funuz \u00e7ok k\u0131ymetli.321 g\u00fcnden bu yana verdi\u011finiz m\u00fccadelede tarih yazd\u0131n\u0131z. Burada verdi\u011finiz m\u00fccadele Yolbulan Direni\u015fi olarak tarihe ge\u00e7ti.&#8221;<br \/>\n1989\u2019da \u0130sdemir\u2019de ya\u015fanan tarihi grevi hat\u0131rlatan Aslan, grevlerin tek amac\u0131n\u0131n i\u015f\u00e7ilerin makul seviyede haklar\u0131n\u0131 kazanmas\u0131 oldu\u011funu vurgulad\u0131. \u201cSusarsak \u00fczerimize daha fazlas\u0131 gelir. Bu m\u00fccadele sadece bug\u00fcn i\u00e7in de\u011fil, yar\u0131nlar\u0131m\u0131z ve \u00fclkemizin gelece\u011fi i\u00e7in de \u00f6nemlidir,\u201d diyerek mesaj\u0131n\u0131 net bir \u015fekilde ortaya koydu.<br \/>\nGrev s\u00fcrecinin bu kadar uzun s\u00fcrmesine ra\u011fmen i\u015f\u00e7ilerin kararl\u0131l\u0131\u011f\u0131 ve birlikteli\u011fi vurgulayan Aslan\u2019\u0131n ziyareti, i\u015f\u00e7ilere moral olurken kamuoyuna da g\u00fc\u00e7l\u00fc bir dayan\u0131\u015fma mesaj\u0131 verdi.<\/p>\n<p>\u00d6z\u00e7elik-\u0130\u015f \u0130skenderun \u015eube Ba\u015fkan\u0131 Mehmet G\u00fcng\u00f6r ise Aslan\u2019\u0131n ziyaretinin i\u015f\u00e7ilere b\u00fcy\u00fck moral verdi\u011fini belirterek, \u201cGenel Ba\u015fkan\u0131m\u0131z\u0131n maddi ve manevi deste\u011fini her zaman yan\u0131m\u0131zda hissettik. Bug\u00fcnk\u00fc ziyareti de m\u00fccadelemize g\u00fc\u00e7 katm\u0131\u015ft\u0131r,\u201d \u015feklinde konu\u015ftu.<br \/>\nZiyaret, i\u015f\u00e7ilerle \u00e7ekilen toplu hat\u0131ra foto\u011fraf\u0131 ve dayan\u0131\u015fma mesajlar\u0131n\u0131n ard\u0131ndan sona erdi.\u00a0<\/p>\n<p>\u200bHaberin Al\u0131nt\u0131land\u0131\u011f\u0131 Kaynak: www.iskenderun.org<\/p>","protected":false},"excerpt":{"rendered":"<p>\u0130skenderun \u00d6z\u00e7elik-\u0130\u015f Sendikas\u0131\u2019n\u0131n Yolbulan fabrikas\u0131nda ba\u015flatt\u0131\u011f\u0131 grevin 321. g\u00fcn\u00fcnde Hak-\u0130\u015f Konfederasyonu Genel Ba\u015fkan\u0131 Mahmut Aslan, grev \u00e7ad\u0131r\u0131n\u0131 ziyaret ederek i\u015f\u00e7ilere destek verdi. Aslan, emek\u00e7ilerin kararl\u0131 direni\u015fine dikkat \u00e7ekerken, birlik ve dayan\u0131\u015fma mesajlar\u0131yla i\u015f\u00e7ilere moral verdi. Ziyarette \u00d6z\u00e7elik-\u0130\u015f Sendikas\u0131 \u0130skenderun \u015eube Ba\u015fkan\u0131 Mehmet G\u00fcng\u00f6r ve \u015fube y\u00f6neticileri de haz\u0131r bulundu. G\u00fcng\u00f6r, grev s\u00fcrecinde siyasetten uzak durduklar\u0131n\u0131 ve eme\u011fi \u00f6n planda tuttuklar\u0131n\u0131 belirterek, \u201c\u0130skenderun\u2019un s\u0131ca\u011f\u0131nda, D\u00f6rtyol\u2019un so\u011fu\u011funda y\u0131lmadan direndik. Emek m\u00fccadelesi asla pes etmemek demektir,\u201d dedi. \u201cBurada verdi\u011finiz m\u00fccadele Yolbulan Direni\u015fi olarak tarihe ge\u00e7ti.&#8221; \u0130\u015f\u00e7ilerin sloganlarla ve alk\u0131\u015flarla kar\u015f\u0131lad\u0131\u011f\u0131 Aslan, Yolbulan Grev \u00c7ad\u0131r\u0131nda yapt\u0131\u011f\u0131 konu\u015fmada \u015fu ifadeleri kulland\u0131: &#8220;Hak-\u0130\u015f ve \u00d6z\u00e7elik-\u0130\u015f her zaman emek\u00e7inin yan\u0131ndad\u0131r. Hakl\u0131 m\u00fccadelenizde sonuna kadar sizlerle birlikteyiz. Bu onurlu duru\u015funuz, eme\u011fe olan sayg\u0131n\u0131n ve al\u0131n terinin ne kadar de\u011ferli oldu\u011funun bir g\u00f6stergesidir. Biz insanca ya\u015fam, insan onuruna yak\u0131\u015f\u0131r bir \u00fccret talep ediyoruz. Amac\u0131m\u0131z hi\u00e7bir zaman kurumlara zarar vermek olmad\u0131; grev boyunca ta\u015fk\u0131nl\u0131k yapmad\u0131n\u0131z, \u00fcretim tesislerine zarar vermediniz. Siz emek ve al\u0131nteri m\u00fccadelesi verdiniz. Bu bilin\u00e7li ve sorumlu duru\u015funuz \u00e7ok k\u0131ymetli.321 g\u00fcnden bu yana verdi\u011finiz m\u00fccadelede tarih yazd\u0131n\u0131z. Burada verdi\u011finiz m\u00fccadele Yolbulan Direni\u015fi olarak tarihe ge\u00e7ti.&#8221; 1989\u2019da \u0130sdemir\u2019de ya\u015fanan tarihi grevi hat\u0131rlatan Aslan, grevlerin tek amac\u0131n\u0131n i\u015f\u00e7ilerin makul seviyede haklar\u0131n\u0131 kazanmas\u0131 oldu\u011funu vurgulad\u0131. \u201cSusarsak \u00fczerimize daha fazlas\u0131 gelir. Bu &hellip;<\/p>","protected":false},"author":1,"featured_media":0,"comment_status":"","ping_status":"open","sticky":false,"template":"","format":"standard","meta":{"_acf_changed":false,"footnotes":""},"categories":[24],"tags":[],"class_list":["post-78321","post","type-post","status-publish","format-standard","has-post-thumbnail","hentry","category-gundem"],"acf":[],"yoast_head":"<!-- This site is optimized with the Yoast SEO Premium plugin v26.6 (Yoast SEO v27.1.1) - https:\/\/yoast.com\/product\/yoast-seo-premium-wordpress\/ -->\n<title>Hak-\u0130\u015f Genel Ba\u015fkan\u0131 Aslan\u2019dan Yolbulan Grev \u0130\u015f\u00e7isine Ziyaret - Av. Deniz Can K\u0131z\u0131l<\/title>\n<meta name=\"robots\" content=\"index, follow, max-snippet:-1, max-image-preview:large, max-video-preview:-1\" \/>\n<link rel=\"canonical\" href=\"https:\/\/denizcankizil.tr\/de\/haberler\/gundem\/hak-is-genel-baskani-aslandan-yolbulan-grev-iscisine-ziyaret\/\" \/>\n<meta property=\"og:locale\" content=\"de_DE\" \/>\n<meta property=\"og:type\" content=\"article\" \/>\n<meta property=\"og:title\" content=\"Hak-\u0130\u015f Genel Ba\u015fkan\u0131 Aslan\u2019dan Yolbulan Grev \u0130\u015f\u00e7isine Ziyaret\" \/>\n<meta property=\"og:description\" content=\"\u0130skenderun \u00d6z\u00e7elik-\u0130\u015f Sendikas\u0131\u2019n\u0131n Yolbulan fabrikas\u0131nda ba\u015flatt\u0131\u011f\u0131 grevin 321. g\u00fcn\u00fcnde Hak-\u0130\u015f Konfederasyonu Genel Ba\u015fkan\u0131 Mahmut Aslan, grev \u00e7ad\u0131r\u0131n\u0131 ziyaret ederek i\u015f\u00e7ilere destek verdi. Aslan, emek\u00e7ilerin kararl\u0131 direni\u015fine dikkat \u00e7ekerken, birlik ve dayan\u0131\u015fma mesajlar\u0131yla i\u015f\u00e7ilere moral verdi. Ziyarette \u00d6z\u00e7elik-\u0130\u015f Sendikas\u0131 \u0130skenderun \u015eube Ba\u015fkan\u0131 Mehmet G\u00fcng\u00f6r ve \u015fube y\u00f6neticileri de haz\u0131r bulundu. G\u00fcng\u00f6r, grev s\u00fcrecinde siyasetten uzak durduklar\u0131n\u0131 ve eme\u011fi \u00f6n planda tuttuklar\u0131n\u0131 belirterek, \u201c\u0130skenderun\u2019un s\u0131ca\u011f\u0131nda, D\u00f6rtyol\u2019un so\u011fu\u011funda y\u0131lmadan direndik. Emek m\u00fccadelesi asla pes etmemek demektir,\u201d dedi. \u201cBurada verdi\u011finiz m\u00fccadele Yolbulan Direni\u015fi olarak tarihe ge\u00e7ti.&#8221; \u0130\u015f\u00e7ilerin sloganlarla ve alk\u0131\u015flarla kar\u015f\u0131lad\u0131\u011f\u0131 Aslan, Yolbulan Grev \u00c7ad\u0131r\u0131nda yapt\u0131\u011f\u0131 konu\u015fmada \u015fu ifadeleri kulland\u0131: &#8220;Hak-\u0130\u015f ve \u00d6z\u00e7elik-\u0130\u015f her zaman emek\u00e7inin yan\u0131ndad\u0131r. Hakl\u0131 m\u00fccadelenizde sonuna kadar sizlerle birlikteyiz. Bu onurlu duru\u015funuz, eme\u011fe olan sayg\u0131n\u0131n ve al\u0131n terinin ne kadar de\u011ferli oldu\u011funun bir g\u00f6stergesidir. Biz insanca ya\u015fam, insan onuruna yak\u0131\u015f\u0131r bir \u00fccret talep ediyoruz. Amac\u0131m\u0131z hi\u00e7bir zaman kurumlara zarar vermek olmad\u0131; grev boyunca ta\u015fk\u0131nl\u0131k yapmad\u0131n\u0131z, \u00fcretim tesislerine zarar vermediniz. Siz emek ve al\u0131nteri m\u00fccadelesi verdiniz. Bu bilin\u00e7li ve sorumlu duru\u015funuz \u00e7ok k\u0131ymetli.321 g\u00fcnden bu yana verdi\u011finiz m\u00fccadelede tarih yazd\u0131n\u0131z. Burada verdi\u011finiz m\u00fccadele Yolbulan Direni\u015fi olarak tarihe ge\u00e7ti.&#8221; 1989\u2019da \u0130sdemir\u2019de ya\u015fanan tarihi grevi hat\u0131rlatan Aslan, grevlerin tek amac\u0131n\u0131n i\u015f\u00e7ilerin makul seviyede haklar\u0131n\u0131 kazanmas\u0131 oldu\u011funu vurgulad\u0131. \u201cSusarsak \u00fczerimize daha fazlas\u0131 gelir. Bu &hellip;\" \/>\n<meta property=\"og:url\" content=\"https:\/\/denizcankizil.tr\/de\/haberler\/gundem\/hak-is-genel-baskani-aslandan-yolbulan-grev-iscisine-ziyaret\/\" \/>\n<meta property=\"og:site_name\" content=\"Av. Deniz Can K\u0131z\u0131l\" \/>\n<meta property=\"article:published_time\" content=\"2025-05-06T19:42:15+00:00\" \/>\n<meta name=\"author\" content=\"admin\" \/>\n<meta name=\"twitter:card\" content=\"summary_large_image\" \/>\n<meta name=\"twitter:label1\" content=\"Verfasst von\" \/>\n\t<meta name=\"twitter:data1\" content=\"admin\" \/>\n\t<meta name=\"twitter:label2\" content=\"Gesch\u00e4tzte Lesezeit\" \/>\n\t<meta name=\"twitter:data2\" content=\"4\u00a0Minuten\" \/>\n<script type=\"application\/ld+json\" class=\"yoast-schema-graph\">{\"@context\":\"https:\/\/schema.org\",\"@graph\":[{\"@type\":\"Article\",\"@id\":\"https:\/\/denizcankizil.tr\/haberler\/gundem\/hak-is-genel-baskani-aslandan-yolbulan-grev-iscisine-ziyaret\/#article\",\"isPartOf\":{\"@id\":\"https:\/\/denizcankizil.tr\/haberler\/gundem\/hak-is-genel-baskani-aslandan-yolbulan-grev-iscisine-ziyaret\/\"},\"author\":{\"name\":\"admin\",\"@id\":\"https:\/\/denizcankizil.tr\/de\/#\/schema\/person\/be3c05fe6a12686905512445d8185489\"},\"headline\":\"Hak-\u0130\u015f Genel Ba\u015fkan\u0131 Aslan\u2019dan Yolbulan Grev \u0130\u015f\u00e7isine Ziyaret\",\"datePublished\":\"2025-05-06T19:42:15+00:00\",\"mainEntityOfPage\":{\"@id\":\"https:\/\/denizcankizil.tr\/haberler\/gundem\/hak-is-genel-baskani-aslandan-yolbulan-grev-iscisine-ziyaret\/\"},\"wordCount\":868,\"publisher\":{\"@id\":\"https:\/\/denizcankizil.tr\/de\/#organization\"},\"articleSection\":[\"G\u00fcndem\"],\"inLanguage\":\"de\"},{\"@type\":\"WebPage\",\"@id\":\"https:\/\/denizcankizil.tr\/haberler\/gundem\/hak-is-genel-baskani-aslandan-yolbulan-grev-iscisine-ziyaret\/\",\"url\":\"https:\/\/denizcankizil.tr\/haberler\/gundem\/hak-is-genel-baskani-aslandan-yolbulan-grev-iscisine-ziyaret\/\",\"name\":\"Hak-\u0130\u015f Genel Ba\u015fkan\u0131 Aslan\u2019dan Yolbulan Grev \u0130\u015f\u00e7isine Ziyaret - Av. Deniz Can K\u0131z\u0131l\",\"isPartOf\":{\"@id\":\"https:\/\/denizcankizil.tr\/de\/#website\"},\"datePublished\":\"2025-05-06T19:42:15+00:00\",\"breadcrumb\":{\"@id\":\"https:\/\/denizcankizil.tr\/haberler\/gundem\/hak-is-genel-baskani-aslandan-yolbulan-grev-iscisine-ziyaret\/#breadcrumb\"},\"inLanguage\":\"de\",\"potentialAction\":[{\"@type\":\"ReadAction\",\"target\":[\"https:\/\/denizcankizil.tr\/haberler\/gundem\/hak-is-genel-baskani-aslandan-yolbulan-grev-iscisine-ziyaret\/\"]}]},{\"@type\":\"BreadcrumbList\",\"@id\":\"https:\/\/denizcankizil.tr\/haberler\/gundem\/hak-is-genel-baskani-aslandan-yolbulan-grev-iscisine-ziyaret\/#breadcrumb\",\"itemListElement\":[{\"@type\":\"ListItem\",\"position\":1,\"name\":\"Home\",\"item\":\"https:\/\/denizcankizil.tr\/de\/\"},{\"@type\":\"ListItem\",\"position\":2,\"name\":\"Hak-\u0130\u015f Genel Ba\u015fkan\u0131 Aslan\u2019dan Yolbulan Grev \u0130\u015f\u00e7isine Ziyaret\"}]},{\"@type\":\"WebSite\",\"@id\":\"https:\/\/denizcankizil.tr\/de\/#website\",\"url\":\"https:\/\/denizcankizil.tr\/de\/\",\"name\":\"Av. Deniz Can K\u0131z\u0131l\",\"description\":\"Avukat Deniz Can K\u0131z\u0131l Antalya Barosu\",\"publisher\":{\"@id\":\"https:\/\/denizcankizil.tr\/de\/#organization\"},\"potentialAction\":[{\"@type\":\"SearchAction\",\"target\":{\"@type\":\"EntryPoint\",\"urlTemplate\":\"https:\/\/denizcankizil.tr\/de\/?s={search_term_string}\"},\"query-input\":{\"@type\":\"PropertyValueSpecification\",\"valueRequired\":true,\"valueName\":\"search_term_string\"}}],\"inLanguage\":\"de\"},{\"@type\":\"Organization\",\"@id\":\"https:\/\/denizcankizil.tr\/de\/#organization\",\"name\":\"Av. Deniz Can K\u0131z\u0131l\",\"url\":\"https:\/\/denizcankizil.tr\/de\/\",\"logo\":{\"@type\":\"ImageObject\",\"inLanguage\":\"de\",\"@id\":\"https:\/\/denizcankizil.tr\/de\/#\/schema\/logo\/image\/\",\"url\":\"https:\/\/denizcankizil.tr\/wp-content\/uploads\/2024\/10\/siyah-logo-svg.svg\",\"contentUrl\":\"https:\/\/denizcankizil.tr\/wp-content\/uploads\/2024\/10\/siyah-logo-svg.svg\",\"width\":1080,\"height\":1080,\"caption\":\"Av. Deniz Can K\u0131z\u0131l\"},\"image\":{\"@id\":\"https:\/\/denizcankizil.tr\/de\/#\/schema\/logo\/image\/\"}},{\"@type\":\"Person\",\"@id\":\"https:\/\/denizcankizil.tr\/de\/#\/schema\/person\/be3c05fe6a12686905512445d8185489\",\"name\":\"admin\",\"image\":{\"@type\":\"ImageObject\",\"inLanguage\":\"de\",\"@id\":\"https:\/\/denizcankizil.tr\/de\/#\/schema\/person\/image\/\",\"url\":\"https:\/\/secure.gravatar.com\/avatar\/c1fce94c830dc79107e174f890d7210541c4a63e8e5d816341794a2151c9d58c?s=96&d=mm&r=g\",\"contentUrl\":\"https:\/\/secure.gravatar.com\/avatar\/c1fce94c830dc79107e174f890d7210541c4a63e8e5d816341794a2151c9d58c?s=96&d=mm&r=g\",\"caption\":\"admin\"},\"sameAs\":[\"http:\/\/denizcankizil.tr\"],\"url\":\"https:\/\/www.iskenderun.org\/hak-is-genel-baskani-aslandan-yolbulan-grev-iscisine-ziyaret\"}]}<\/script>\n<!-- \/ Yoast SEO Premium plugin. -->","yoast_head_json":{"title":"Hak-\u0130\u015f Genel Ba\u015fkan\u0131 Aslan\u2019dan Yolbulan Grev \u0130\u015f\u00e7isine Ziyaret - Av. Deniz Can K\u0131z\u0131l","robots":{"index":"index","follow":"follow","max-snippet":"max-snippet:-1","max-image-preview":"max-image-preview:large","max-video-preview":"max-video-preview:-1"},"canonical":"https:\/\/denizcankizil.tr\/de\/haberler\/gundem\/hak-is-genel-baskani-aslandan-yolbulan-grev-iscisine-ziyaret\/","og_locale":"de_DE","og_type":"article","og_title":"Hak-\u0130\u015f Genel Ba\u015fkan\u0131 Aslan\u2019dan Yolbulan Grev \u0130\u015f\u00e7isine Ziyaret","og_description":"\u0130skenderun \u00d6z\u00e7elik-\u0130\u015f Sendikas\u0131\u2019n\u0131n Yolbulan fabrikas\u0131nda ba\u015flatt\u0131\u011f\u0131 grevin 321. g\u00fcn\u00fcnde Hak-\u0130\u015f Konfederasyonu Genel Ba\u015fkan\u0131 Mahmut Aslan, grev \u00e7ad\u0131r\u0131n\u0131 ziyaret ederek i\u015f\u00e7ilere destek verdi. Aslan, emek\u00e7ilerin kararl\u0131 direni\u015fine dikkat \u00e7ekerken, birlik ve dayan\u0131\u015fma mesajlar\u0131yla i\u015f\u00e7ilere moral verdi. Ziyarette \u00d6z\u00e7elik-\u0130\u015f Sendikas\u0131 \u0130skenderun \u015eube Ba\u015fkan\u0131 Mehmet G\u00fcng\u00f6r ve \u015fube y\u00f6neticileri de haz\u0131r bulundu. G\u00fcng\u00f6r, grev s\u00fcrecinde siyasetten uzak durduklar\u0131n\u0131 ve eme\u011fi \u00f6n planda tuttuklar\u0131n\u0131 belirterek, \u201c\u0130skenderun\u2019un s\u0131ca\u011f\u0131nda, D\u00f6rtyol\u2019un so\u011fu\u011funda y\u0131lmadan direndik. Emek m\u00fccadelesi asla pes etmemek demektir,\u201d dedi. \u201cBurada verdi\u011finiz m\u00fccadele Yolbulan Direni\u015fi olarak tarihe ge\u00e7ti.&#8221; \u0130\u015f\u00e7ilerin sloganlarla ve alk\u0131\u015flarla kar\u015f\u0131lad\u0131\u011f\u0131 Aslan, Yolbulan Grev \u00c7ad\u0131r\u0131nda yapt\u0131\u011f\u0131 konu\u015fmada \u015fu ifadeleri kulland\u0131: &#8220;Hak-\u0130\u015f ve \u00d6z\u00e7elik-\u0130\u015f her zaman emek\u00e7inin yan\u0131ndad\u0131r. Hakl\u0131 m\u00fccadelenizde sonuna kadar sizlerle birlikteyiz. Bu onurlu duru\u015funuz, eme\u011fe olan sayg\u0131n\u0131n ve al\u0131n terinin ne kadar de\u011ferli oldu\u011funun bir g\u00f6stergesidir. Biz insanca ya\u015fam, insan onuruna yak\u0131\u015f\u0131r bir \u00fccret talep ediyoruz. Amac\u0131m\u0131z hi\u00e7bir zaman kurumlara zarar vermek olmad\u0131; grev boyunca ta\u015fk\u0131nl\u0131k yapmad\u0131n\u0131z, \u00fcretim tesislerine zarar vermediniz. Siz emek ve al\u0131nteri m\u00fccadelesi verdiniz. Bu bilin\u00e7li ve sorumlu duru\u015funuz \u00e7ok k\u0131ymetli.321 g\u00fcnden bu yana verdi\u011finiz m\u00fccadelede tarih yazd\u0131n\u0131z. Burada verdi\u011finiz m\u00fccadele Yolbulan Direni\u015fi olarak tarihe ge\u00e7ti.&#8221; 1989\u2019da \u0130sdemir\u2019de ya\u015fanan tarihi grevi hat\u0131rlatan Aslan, grevlerin tek amac\u0131n\u0131n i\u015f\u00e7ilerin makul seviyede haklar\u0131n\u0131 kazanmas\u0131 oldu\u011funu vurgulad\u0131. \u201cSusarsak \u00fczerimize daha fazlas\u0131 gelir. Bu &hellip;","og_url":"https:\/\/denizcankizil.tr\/de\/haberler\/gundem\/hak-is-genel-baskani-aslandan-yolbulan-grev-iscisine-ziyaret\/","og_site_name":"Av. Deniz Can K\u0131z\u0131l","article_published_time":"2025-05-06T19:42:15+00:00","author":"admin","twitter_card":"summary_large_image","twitter_misc":{"Verfasst von":"admin","Gesch\u00e4tzte Lesezeit":"4\u00a0Minuten"},"schema":{"@context":"https:\/\/schema.org","@graph":[{"@type":"Article","@id":"https:\/\/denizcankizil.tr\/haberler\/gundem\/hak-is-genel-baskani-aslandan-yolbulan-grev-iscisine-ziyaret\/#article","isPartOf":{"@id":"https:\/\/denizcankizil.tr\/haberler\/gundem\/hak-is-genel-baskani-aslandan-yolbulan-grev-iscisine-ziyaret\/"},"author":{"name":"admin","@id":"https:\/\/denizcankizil.tr\/de\/#\/schema\/person\/be3c05fe6a12686905512445d8185489"},"headline":"Hak-\u0130\u015f Genel Ba\u015fkan\u0131 Aslan\u2019dan Yolbulan Grev \u0130\u015f\u00e7isine Ziyaret","datePublished":"2025-05-06T19:42:15+00:00","mainEntityOfPage":{"@id":"https:\/\/denizcankizil.tr\/haberler\/gundem\/hak-is-genel-baskani-aslandan-yolbulan-grev-iscisine-ziyaret\/"},"wordCount":868,"publisher":{"@id":"https:\/\/denizcankizil.tr\/de\/#organization"},"articleSection":["G\u00fcndem"],"inLanguage":"de"},{"@type":"WebPage","@id":"https:\/\/denizcankizil.tr\/haberler\/gundem\/hak-is-genel-baskani-aslandan-yolbulan-grev-iscisine-ziyaret\/","url":"https:\/\/denizcankizil.tr\/haberler\/gundem\/hak-is-genel-baskani-aslandan-yolbulan-grev-iscisine-ziyaret\/","name":"Hak-\u0130\u015f Genel Ba\u015fkan\u0131 Aslan\u2019dan Yolbulan Grev \u0130\u015f\u00e7isine Ziyaret - Av. Deniz Can K\u0131z\u0131l","isPartOf":{"@id":"https:\/\/denizcankizil.tr\/de\/#website"},"datePublished":"2025-05-06T19:42:15+00:00","breadcrumb":{"@id":"https:\/\/denizcankizil.tr\/haberler\/gundem\/hak-is-genel-baskani-aslandan-yolbulan-grev-iscisine-ziyaret\/#breadcrumb"},"inLanguage":"de","potentialAction":[{"@type":"ReadAction","target":["https:\/\/denizcankizil.tr\/haberler\/gundem\/hak-is-genel-baskani-aslandan-yolbulan-grev-iscisine-ziyaret\/"]}]},{"@type":"BreadcrumbList","@id":"https:\/\/denizcankizil.tr\/haberler\/gundem\/hak-is-genel-baskani-aslandan-yolbulan-grev-iscisine-ziyaret\/#breadcrumb","itemListElement":[{"@type":"ListItem","position":1,"name":"Home","item":"https:\/\/denizcankizil.tr\/de\/"},{"@type":"ListItem","position":2,"name":"Hak-\u0130\u015f Genel Ba\u015fkan\u0131 Aslan\u2019dan Yolbulan Grev \u0130\u015f\u00e7isine Ziyaret"}]},{"@type":"WebSite","@id":"https:\/\/denizcankizil.tr\/de\/#website","url":"https:\/\/denizcankizil.tr\/de\/","name":"Av. Deniz Can K\u0131z\u0131l","description":"Avukat Deniz Can K\u0131z\u0131l Antalya Barosu","publisher":{"@id":"https:\/\/denizcankizil.tr\/de\/#organization"},"potentialAction":[{"@type":"SearchAction","target":{"@type":"EntryPoint","urlTemplate":"https:\/\/denizcankizil.tr\/de\/?s={search_term_string}"},"query-input":{"@type":"PropertyValueSpecification","valueRequired":true,"valueName":"search_term_string"}}],"inLanguage":"de"},{"@type":"Organization","@id":"https:\/\/denizcankizil.tr\/de\/#organization","name":"Av. Deniz Can K\u0131z\u0131l","url":"https:\/\/denizcankizil.tr\/de\/","logo":{"@type":"ImageObject","inLanguage":"de","@id":"https:\/\/denizcankizil.tr\/de\/#\/schema\/logo\/image\/","url":"https:\/\/denizcankizil.tr\/wp-content\/uploads\/2024\/10\/siyah-logo-svg.svg","contentUrl":"https:\/\/denizcankizil.tr\/wp-content\/uploads\/2024\/10\/siyah-logo-svg.svg","width":1080,"height":1080,"caption":"Av. Deniz Can K\u0131z\u0131l"},"image":{"@id":"https:\/\/denizcankizil.tr\/de\/#\/schema\/logo\/image\/"}},{"@type":"Person","@id":"https:\/\/denizcankizil.tr\/de\/#\/schema\/person\/be3c05fe6a12686905512445d8185489","name":"Administrator","image":{"@type":"ImageObject","inLanguage":"de","@id":"https:\/\/denizcankizil.tr\/de\/#\/schema\/person\/image\/","url":"https:\/\/secure.gravatar.com\/avatar\/c1fce94c830dc79107e174f890d7210541c4a63e8e5d816341794a2151c9d58c?s=96&d=mm&r=g","contentUrl":"https:\/\/secure.gravatar.com\/avatar\/c1fce94c830dc79107e174f890d7210541c4a63e8e5d816341794a2151c9d58c?s=96&d=mm&r=g","caption":"admin"},"sameAs":["http:\/\/denizcankizil.tr"],"url":"https:\/\/www.iskenderun.org\/hak-is-genel-baskani-aslandan-yolbulan-grev-iscisine-ziyaret"}]}},"_links":{"self":[{"href":"https:\/\/denizcankizil.tr\/de\/wp-json\/wp\/v2\/posts\/78321","targetHints":{"allow":["GET"]}}],"collection":[{"href":"https:\/\/denizcankizil.tr\/de\/wp-json\/wp\/v2\/posts"}],"about":[{"href":"https:\/\/denizcankizil.tr\/de\/wp-json\/wp\/v2\/types\/post"}],"author":[{"embeddable":true,"href":"https:\/\/denizcankizil.tr\/de\/wp-json\/wp\/v2\/users\/1"}],"replies":[{"embeddable":true,"href":"https:\/\/denizcankizil.tr\/de\/wp-json\/wp\/v2\/comments?post=78321"}],"version-history":[{"count":0,"href":"https:\/\/denizcankizil.tr\/de\/wp-json\/wp\/v2\/posts\/78321\/revisions"}],"wp:attachment":[{"href":"https:\/\/denizcankizil.tr\/de\/wp-json\/wp\/v2\/media?parent=78321"}],"wp:term":[{"taxonomy":"category","embeddable":true,"href":"https:\/\/denizcankizil.tr\/de\/wp-json\/wp\/v2\/categories?post=78321"},{"taxonomy":"post_tag","embeddable":true,"href":"https:\/\/denizcankizil.tr\/de\/wp-json\/wp\/v2\/tags?post=78321"}],"curies":[{"name":"wp","href":"https:\/\/api.w.org\/{rel}","templated":true}]}}