{"id":78041,"date":"2025-05-06T15:42:59","date_gmt":"2025-05-06T12:42:59","guid":{"rendered":"https:\/\/denizcankizil.tr\/uncategorized-tr\/iskenderunda-dogalgaz-borusu-patladi\/"},"modified":"2025-05-06T15:42:59","modified_gmt":"2025-05-06T12:42:59","slug":"iskenderunda-dogalgaz-borusu-patladi","status":"publish","type":"post","link":"https:\/\/denizcankizil.tr\/de\/haberler\/gundem\/iskenderunda-dogalgaz-borusu-patladi\/","title":{"rendered":"\u0130skenderun\u2019da Do\u011falgaz Borusu Patlad\u0131!"},"content":{"rendered":"<p>Edinilen bilgilere g\u00f6re olay, Ak\u00e7ay Viyad\u00fc\u011f\u00fc\u2019n\u00fcn servis yolu \u00fczerinde y\u00fcr\u00fct\u00fclen yol \u00e7al\u0131\u015fmalar\u0131 s\u0131ras\u0131nda meydana geldi. \u00c7al\u0131\u015fmalar esnas\u0131nda kep\u00e7enin kaz\u0131 yaparken do\u011falgaz borusuna zarar vermesi sonucu boru patlad\u0131. Patlama sonras\u0131 \u00e7evrede yo\u011fun gaz kokusu hissedilirken, olay yerine k\u0131sa s\u00fcrede do\u011falgaz da\u011f\u0131t\u0131m firmas\u0131na ait ekipler sevk edildi.<\/p>\n<p>G\u00fcvenlik g\u00fc\u00e7leri, herhangi bir olumsuzluk ya\u015fanmamas\u0131 i\u00e7in k\u00f6pr\u00fc alt\u0131 ve \u00e7evresinde geni\u015f g\u00fcvenlik \u00f6nlemleri ald\u0131. Trafik ge\u00e7ici olarak durdurulurken, patlamaya yak\u0131n noktada bulunan mobil depolama alan\u0131 nedeniyle ekipler, riskleri g\u00f6z \u00f6n\u00fcnde bulundurarak h\u0131zl\u0131 \u015fekilde onar\u0131m \u00e7al\u0131\u015fmalar\u0131na ba\u015flad\u0131.<\/p>\n<p>Yetkililer, olayla ilgili gerekli g\u00fcvenlik tedbirlerinin s\u00fcrd\u00fc\u011f\u00fcn\u00fc ve patlayan do\u011falgaz borusunun \u0130skenderun Belen ve Arsuz\u2019u besleyen 12 in\u00e7lik ana do\u011falgaz hatt\u0131n\u0131n oldu\u011funu, en k\u0131sa s\u00fcrede g\u00fcvenli hale getirilece\u011fini bildirdi.<\/p>\n<p>\u200bHatay\u2019\u0131n \u0130skenderun il\u00e7esinde otoban ba\u011flant\u0131 noktas\u0131ndaki yol \u00e7al\u0131\u015fmas\u0131 s\u0131ras\u0131nda i\u015f makinesi kep\u00e7enin do\u011falgaz borusunu patlatmas\u0131 \u00fczerine b\u00f6lgede panik ya\u015fand\u0131. Olay yeri tedbir i\u00e7in trafi\u011fe kapat\u0131larak geni\u015f g\u00fcvenlik koridoru olu\u015fturuldu.\u00a0<\/p>\n<p>\u200bHaberin Al\u0131nt\u0131land\u0131\u011f\u0131 Kaynak: www.iskenderun.org<\/p>","protected":false},"excerpt":{"rendered":"<p>Edinilen bilgilere g\u00f6re olay, Ak\u00e7ay Viyad\u00fc\u011f\u00fc\u2019n\u00fcn servis yolu \u00fczerinde y\u00fcr\u00fct\u00fclen yol \u00e7al\u0131\u015fmalar\u0131 s\u0131ras\u0131nda meydana geldi. \u00c7al\u0131\u015fmalar esnas\u0131nda kep\u00e7enin kaz\u0131 yaparken do\u011falgaz borusuna zarar vermesi sonucu boru patlad\u0131. Patlama sonras\u0131 \u00e7evrede yo\u011fun gaz kokusu hissedilirken, olay yerine k\u0131sa s\u00fcrede do\u011falgaz da\u011f\u0131t\u0131m firmas\u0131na ait ekipler sevk edildi. G\u00fcvenlik g\u00fc\u00e7leri, herhangi bir olumsuzluk ya\u015fanmamas\u0131 i\u00e7in k\u00f6pr\u00fc alt\u0131 ve \u00e7evresinde geni\u015f g\u00fcvenlik \u00f6nlemleri ald\u0131. Trafik ge\u00e7ici olarak durdurulurken, patlamaya yak\u0131n noktada bulunan mobil depolama alan\u0131 nedeniyle ekipler, riskleri g\u00f6z \u00f6n\u00fcnde bulundurarak h\u0131zl\u0131 \u015fekilde onar\u0131m \u00e7al\u0131\u015fmalar\u0131na ba\u015flad\u0131. Yetkililer, olayla ilgili gerekli g\u00fcvenlik tedbirlerinin s\u00fcrd\u00fc\u011f\u00fcn\u00fc ve patlayan do\u011falgaz borusunun \u0130skenderun Belen ve Arsuz\u2019u besleyen 12 in\u00e7lik ana do\u011falgaz hatt\u0131n\u0131n oldu\u011funu, en k\u0131sa s\u00fcrede g\u00fcvenli hale getirilece\u011fini bildirdi. \u200bHatay\u2019\u0131n \u0130skenderun il\u00e7esinde otoban ba\u011flant\u0131 noktas\u0131ndaki yol \u00e7al\u0131\u015fmas\u0131 s\u0131ras\u0131nda i\u015f makinesi kep\u00e7enin do\u011falgaz borusunu patlatmas\u0131 \u00fczerine b\u00f6lgede panik ya\u015fand\u0131. Olay yeri tedbir i\u00e7in trafi\u011fe kapat\u0131larak geni\u015f g\u00fcvenlik koridoru olu\u015fturuldu.\u00a0 \u200bHaberin Al\u0131nt\u0131land\u0131\u011f\u0131 Kaynak: www.iskenderun.org<\/p>","protected":false},"author":1,"featured_media":0,"comment_status":"","ping_status":"open","sticky":false,"template":"","format":"standard","meta":{"_acf_changed":false,"footnotes":""},"categories":[24],"tags":[],"class_list":["post-78041","post","type-post","status-publish","format-standard","has-post-thumbnail","hentry","category-gundem"],"acf":[],"yoast_head":"<!-- This site is optimized with the Yoast SEO Premium plugin v26.6 (Yoast SEO v27.1.1) - https:\/\/yoast.com\/product\/yoast-seo-premium-wordpress\/ -->\n<title>\u0130skenderun\u2019da Do\u011falgaz Borusu Patlad\u0131! - Av. Deniz Can K\u0131z\u0131l<\/title>\n<meta name=\"robots\" content=\"index, follow, max-snippet:-1, max-image-preview:large, max-video-preview:-1\" \/>\n<link rel=\"canonical\" href=\"https:\/\/denizcankizil.tr\/de\/haberler\/gundem\/iskenderunda-dogalgaz-borusu-patladi\/\" \/>\n<meta property=\"og:locale\" content=\"de_DE\" \/>\n<meta property=\"og:type\" content=\"article\" \/>\n<meta property=\"og:title\" content=\"\u0130skenderun\u2019da Do\u011falgaz Borusu Patlad\u0131!\" \/>\n<meta property=\"og:description\" content=\"Edinilen bilgilere g\u00f6re olay, Ak\u00e7ay Viyad\u00fc\u011f\u00fc\u2019n\u00fcn servis yolu \u00fczerinde y\u00fcr\u00fct\u00fclen yol \u00e7al\u0131\u015fmalar\u0131 s\u0131ras\u0131nda meydana geldi. \u00c7al\u0131\u015fmalar esnas\u0131nda kep\u00e7enin kaz\u0131 yaparken do\u011falgaz borusuna zarar vermesi sonucu boru patlad\u0131. Patlama sonras\u0131 \u00e7evrede yo\u011fun gaz kokusu hissedilirken, olay yerine k\u0131sa s\u00fcrede do\u011falgaz da\u011f\u0131t\u0131m firmas\u0131na ait ekipler sevk edildi. G\u00fcvenlik g\u00fc\u00e7leri, herhangi bir olumsuzluk ya\u015fanmamas\u0131 i\u00e7in k\u00f6pr\u00fc alt\u0131 ve \u00e7evresinde geni\u015f g\u00fcvenlik \u00f6nlemleri ald\u0131. Trafik ge\u00e7ici olarak durdurulurken, patlamaya yak\u0131n noktada bulunan mobil depolama alan\u0131 nedeniyle ekipler, riskleri g\u00f6z \u00f6n\u00fcnde bulundurarak h\u0131zl\u0131 \u015fekilde onar\u0131m \u00e7al\u0131\u015fmalar\u0131na ba\u015flad\u0131. Yetkililer, olayla ilgili gerekli g\u00fcvenlik tedbirlerinin s\u00fcrd\u00fc\u011f\u00fcn\u00fc ve patlayan do\u011falgaz borusunun \u0130skenderun Belen ve Arsuz\u2019u besleyen 12 in\u00e7lik ana do\u011falgaz hatt\u0131n\u0131n oldu\u011funu, en k\u0131sa s\u00fcrede g\u00fcvenli hale getirilece\u011fini bildirdi. \u200bHatay\u2019\u0131n \u0130skenderun il\u00e7esinde otoban ba\u011flant\u0131 noktas\u0131ndaki yol \u00e7al\u0131\u015fmas\u0131 s\u0131ras\u0131nda i\u015f makinesi kep\u00e7enin do\u011falgaz borusunu patlatmas\u0131 \u00fczerine b\u00f6lgede panik ya\u015fand\u0131. Olay yeri tedbir i\u00e7in trafi\u011fe kapat\u0131larak geni\u015f g\u00fcvenlik koridoru olu\u015fturuldu.\u00a0 \u200bHaberin Al\u0131nt\u0131land\u0131\u011f\u0131 Kaynak: www.iskenderun.org\" \/>\n<meta property=\"og:url\" content=\"https:\/\/denizcankizil.tr\/de\/haberler\/gundem\/iskenderunda-dogalgaz-borusu-patladi\/\" \/>\n<meta property=\"og:site_name\" content=\"Av. Deniz Can K\u0131z\u0131l\" \/>\n<meta property=\"article:published_time\" content=\"2025-05-06T12:42:59+00:00\" \/>\n<meta name=\"author\" content=\"admin\" \/>\n<meta name=\"twitter:card\" content=\"summary_large_image\" \/>\n<meta name=\"twitter:label1\" content=\"Verfasst von\" \/>\n\t<meta name=\"twitter:data1\" content=\"admin\" \/>\n\t<meta name=\"twitter:label2\" content=\"Gesch\u00e4tzte Lesezeit\" \/>\n\t<meta name=\"twitter:data2\" content=\"1\u00a0Minute\" \/>\n<script type=\"application\/ld+json\" class=\"yoast-schema-graph\">{\"@context\":\"https:\/\/schema.org\",\"@graph\":[{\"@type\":\"Article\",\"@id\":\"https:\/\/denizcankizil.tr\/de\/haberler\/gundem\/iskenderunda-dogalgaz-borusu-patladi\/#article\",\"isPartOf\":{\"@id\":\"https:\/\/denizcankizil.tr\/de\/haberler\/gundem\/iskenderunda-dogalgaz-borusu-patladi\/\"},\"author\":{\"name\":\"admin\",\"@id\":\"https:\/\/denizcankizil.tr\/#\/schema\/person\/be3c05fe6a12686905512445d8185489\"},\"headline\":\"\u0130skenderun\u2019da Do\u011falgaz Borusu Patlad\u0131!\",\"datePublished\":\"2025-05-06T12:42:59+00:00\",\"mainEntityOfPage\":{\"@id\":\"https:\/\/denizcankizil.tr\/de\/haberler\/gundem\/iskenderunda-dogalgaz-borusu-patladi\/\"},\"wordCount\":219,\"publisher\":{\"@id\":\"https:\/\/denizcankizil.tr\/#organization\"},\"articleSection\":[\"G\u00fcndem\"],\"inLanguage\":\"de\"},{\"@type\":\"WebPage\",\"@id\":\"https:\/\/denizcankizil.tr\/de\/haberler\/gundem\/iskenderunda-dogalgaz-borusu-patladi\/\",\"url\":\"https:\/\/denizcankizil.tr\/de\/haberler\/gundem\/iskenderunda-dogalgaz-borusu-patladi\/\",\"name\":\"\u0130skenderun\u2019da Do\u011falgaz Borusu Patlad\u0131! - Av. Deniz Can K\u0131z\u0131l\",\"isPartOf\":{\"@id\":\"https:\/\/denizcankizil.tr\/#website\"},\"datePublished\":\"2025-05-06T12:42:59+00:00\",\"breadcrumb\":{\"@id\":\"https:\/\/denizcankizil.tr\/de\/haberler\/gundem\/iskenderunda-dogalgaz-borusu-patladi\/#breadcrumb\"},\"inLanguage\":\"de\",\"potentialAction\":[{\"@type\":\"ReadAction\",\"target\":[\"https:\/\/denizcankizil.tr\/de\/haberler\/gundem\/iskenderunda-dogalgaz-borusu-patladi\/\"]}]},{\"@type\":\"BreadcrumbList\",\"@id\":\"https:\/\/denizcankizil.tr\/de\/haberler\/gundem\/iskenderunda-dogalgaz-borusu-patladi\/#breadcrumb\",\"itemListElement\":[{\"@type\":\"ListItem\",\"position\":1,\"name\":\"Home\",\"item\":\"https:\/\/denizcankizil.tr\/de\/\"},{\"@type\":\"ListItem\",\"position\":2,\"name\":\"\u0130skenderun\u2019da Do\u011falgaz Borusu Patlad\u0131!\"}]},{\"@type\":\"WebSite\",\"@id\":\"https:\/\/denizcankizil.tr\/#website\",\"url\":\"https:\/\/denizcankizil.tr\/\",\"name\":\"Av. Deniz Can K\u0131z\u0131l\",\"description\":\"Avukat Deniz Can K\u0131z\u0131l Antalya Barosu\",\"publisher\":{\"@id\":\"https:\/\/denizcankizil.tr\/#organization\"},\"potentialAction\":[{\"@type\":\"SearchAction\",\"target\":{\"@type\":\"EntryPoint\",\"urlTemplate\":\"https:\/\/denizcankizil.tr\/?s={search_term_string}\"},\"query-input\":{\"@type\":\"PropertyValueSpecification\",\"valueRequired\":true,\"valueName\":\"search_term_string\"}}],\"inLanguage\":\"de\"},{\"@type\":\"Organization\",\"@id\":\"https:\/\/denizcankizil.tr\/#organization\",\"name\":\"Av. Deniz Can K\u0131z\u0131l\",\"url\":\"https:\/\/denizcankizil.tr\/\",\"logo\":{\"@type\":\"ImageObject\",\"inLanguage\":\"de\",\"@id\":\"https:\/\/denizcankizil.tr\/#\/schema\/logo\/image\/\",\"url\":\"https:\/\/denizcankizil.tr\/wp-content\/uploads\/2024\/10\/siyah-logo-svg.svg\",\"contentUrl\":\"https:\/\/denizcankizil.tr\/wp-content\/uploads\/2024\/10\/siyah-logo-svg.svg\",\"width\":1080,\"height\":1080,\"caption\":\"Av. Deniz Can K\u0131z\u0131l\"},\"image\":{\"@id\":\"https:\/\/denizcankizil.tr\/#\/schema\/logo\/image\/\"}},{\"@type\":\"Person\",\"@id\":\"https:\/\/denizcankizil.tr\/#\/schema\/person\/be3c05fe6a12686905512445d8185489\",\"name\":\"admin\",\"image\":{\"@type\":\"ImageObject\",\"inLanguage\":\"de\",\"@id\":\"https:\/\/denizcankizil.tr\/#\/schema\/person\/image\/\",\"url\":\"https:\/\/secure.gravatar.com\/avatar\/c1fce94c830dc79107e174f890d7210541c4a63e8e5d816341794a2151c9d58c?s=96&d=mm&r=g\",\"contentUrl\":\"https:\/\/secure.gravatar.com\/avatar\/c1fce94c830dc79107e174f890d7210541c4a63e8e5d816341794a2151c9d58c?s=96&d=mm&r=g\",\"caption\":\"admin\"},\"sameAs\":[\"http:\/\/denizcankizil.tr\"],\"url\":\"https:\/\/www.iskenderun.org\/iskenderunda-dogalgaz-borusu-patladi\"}]}<\/script>\n<!-- \/ Yoast SEO Premium plugin. -->","yoast_head_json":{"title":"\u0130skenderun\u2019da Do\u011falgaz Borusu Patlad\u0131! - Av. Deniz Can K\u0131z\u0131l","robots":{"index":"index","follow":"follow","max-snippet":"max-snippet:-1","max-image-preview":"max-image-preview:large","max-video-preview":"max-video-preview:-1"},"canonical":"https:\/\/denizcankizil.tr\/de\/haberler\/gundem\/iskenderunda-dogalgaz-borusu-patladi\/","og_locale":"de_DE","og_type":"article","og_title":"\u0130skenderun\u2019da Do\u011falgaz Borusu Patlad\u0131!","og_description":"Edinilen bilgilere g\u00f6re olay, Ak\u00e7ay Viyad\u00fc\u011f\u00fc\u2019n\u00fcn servis yolu \u00fczerinde y\u00fcr\u00fct\u00fclen yol \u00e7al\u0131\u015fmalar\u0131 s\u0131ras\u0131nda meydana geldi. \u00c7al\u0131\u015fmalar esnas\u0131nda kep\u00e7enin kaz\u0131 yaparken do\u011falgaz borusuna zarar vermesi sonucu boru patlad\u0131. Patlama sonras\u0131 \u00e7evrede yo\u011fun gaz kokusu hissedilirken, olay yerine k\u0131sa s\u00fcrede do\u011falgaz da\u011f\u0131t\u0131m firmas\u0131na ait ekipler sevk edildi. G\u00fcvenlik g\u00fc\u00e7leri, herhangi bir olumsuzluk ya\u015fanmamas\u0131 i\u00e7in k\u00f6pr\u00fc alt\u0131 ve \u00e7evresinde geni\u015f g\u00fcvenlik \u00f6nlemleri ald\u0131. Trafik ge\u00e7ici olarak durdurulurken, patlamaya yak\u0131n noktada bulunan mobil depolama alan\u0131 nedeniyle ekipler, riskleri g\u00f6z \u00f6n\u00fcnde bulundurarak h\u0131zl\u0131 \u015fekilde onar\u0131m \u00e7al\u0131\u015fmalar\u0131na ba\u015flad\u0131. Yetkililer, olayla ilgili gerekli g\u00fcvenlik tedbirlerinin s\u00fcrd\u00fc\u011f\u00fcn\u00fc ve patlayan do\u011falgaz borusunun \u0130skenderun Belen ve Arsuz\u2019u besleyen 12 in\u00e7lik ana do\u011falgaz hatt\u0131n\u0131n oldu\u011funu, en k\u0131sa s\u00fcrede g\u00fcvenli hale getirilece\u011fini bildirdi. \u200bHatay\u2019\u0131n \u0130skenderun il\u00e7esinde otoban ba\u011flant\u0131 noktas\u0131ndaki yol \u00e7al\u0131\u015fmas\u0131 s\u0131ras\u0131nda i\u015f makinesi kep\u00e7enin do\u011falgaz borusunu patlatmas\u0131 \u00fczerine b\u00f6lgede panik ya\u015fand\u0131. Olay yeri tedbir i\u00e7in trafi\u011fe kapat\u0131larak geni\u015f g\u00fcvenlik koridoru olu\u015fturuldu.\u00a0 \u200bHaberin Al\u0131nt\u0131land\u0131\u011f\u0131 Kaynak: www.iskenderun.org","og_url":"https:\/\/denizcankizil.tr\/de\/haberler\/gundem\/iskenderunda-dogalgaz-borusu-patladi\/","og_site_name":"Av. Deniz Can K\u0131z\u0131l","article_published_time":"2025-05-06T12:42:59+00:00","author":"admin","twitter_card":"summary_large_image","twitter_misc":{"Verfasst von":"admin","Gesch\u00e4tzte Lesezeit":"1\u00a0Minute"},"schema":{"@context":"https:\/\/schema.org","@graph":[{"@type":"Article","@id":"https:\/\/denizcankizil.tr\/de\/haberler\/gundem\/iskenderunda-dogalgaz-borusu-patladi\/#article","isPartOf":{"@id":"https:\/\/denizcankizil.tr\/de\/haberler\/gundem\/iskenderunda-dogalgaz-borusu-patladi\/"},"author":{"name":"admin","@id":"https:\/\/denizcankizil.tr\/#\/schema\/person\/be3c05fe6a12686905512445d8185489"},"headline":"\u0130skenderun\u2019da Do\u011falgaz Borusu Patlad\u0131!","datePublished":"2025-05-06T12:42:59+00:00","mainEntityOfPage":{"@id":"https:\/\/denizcankizil.tr\/de\/haberler\/gundem\/iskenderunda-dogalgaz-borusu-patladi\/"},"wordCount":219,"publisher":{"@id":"https:\/\/denizcankizil.tr\/#organization"},"articleSection":["G\u00fcndem"],"inLanguage":"de"},{"@type":"WebPage","@id":"https:\/\/denizcankizil.tr\/de\/haberler\/gundem\/iskenderunda-dogalgaz-borusu-patladi\/","url":"https:\/\/denizcankizil.tr\/de\/haberler\/gundem\/iskenderunda-dogalgaz-borusu-patladi\/","name":"\u0130skenderun\u2019da Do\u011falgaz Borusu Patlad\u0131! - Av. Deniz Can K\u0131z\u0131l","isPartOf":{"@id":"https:\/\/denizcankizil.tr\/#website"},"datePublished":"2025-05-06T12:42:59+00:00","breadcrumb":{"@id":"https:\/\/denizcankizil.tr\/de\/haberler\/gundem\/iskenderunda-dogalgaz-borusu-patladi\/#breadcrumb"},"inLanguage":"de","potentialAction":[{"@type":"ReadAction","target":["https:\/\/denizcankizil.tr\/de\/haberler\/gundem\/iskenderunda-dogalgaz-borusu-patladi\/"]}]},{"@type":"BreadcrumbList","@id":"https:\/\/denizcankizil.tr\/de\/haberler\/gundem\/iskenderunda-dogalgaz-borusu-patladi\/#breadcrumb","itemListElement":[{"@type":"ListItem","position":1,"name":"Home","item":"https:\/\/denizcankizil.tr\/de\/"},{"@type":"ListItem","position":2,"name":"\u0130skenderun\u2019da Do\u011falgaz Borusu Patlad\u0131!"}]},{"@type":"WebSite","@id":"https:\/\/denizcankizil.tr\/#website","url":"https:\/\/denizcankizil.tr\/","name":"Av. Deniz Can K\u0131z\u0131l","description":"Avukat Deniz Can K\u0131z\u0131l Antalya Barosu","publisher":{"@id":"https:\/\/denizcankizil.tr\/#organization"},"potentialAction":[{"@type":"SearchAction","target":{"@type":"EntryPoint","urlTemplate":"https:\/\/denizcankizil.tr\/?s={search_term_string}"},"query-input":{"@type":"PropertyValueSpecification","valueRequired":true,"valueName":"search_term_string"}}],"inLanguage":"de"},{"@type":"Organization","@id":"https:\/\/denizcankizil.tr\/#organization","name":"Av. Deniz Can K\u0131z\u0131l","url":"https:\/\/denizcankizil.tr\/","logo":{"@type":"ImageObject","inLanguage":"de","@id":"https:\/\/denizcankizil.tr\/#\/schema\/logo\/image\/","url":"https:\/\/denizcankizil.tr\/wp-content\/uploads\/2024\/10\/siyah-logo-svg.svg","contentUrl":"https:\/\/denizcankizil.tr\/wp-content\/uploads\/2024\/10\/siyah-logo-svg.svg","width":1080,"height":1080,"caption":"Av. Deniz Can K\u0131z\u0131l"},"image":{"@id":"https:\/\/denizcankizil.tr\/#\/schema\/logo\/image\/"}},{"@type":"Person","@id":"https:\/\/denizcankizil.tr\/#\/schema\/person\/be3c05fe6a12686905512445d8185489","name":"Administrator","image":{"@type":"ImageObject","inLanguage":"de","@id":"https:\/\/denizcankizil.tr\/#\/schema\/person\/image\/","url":"https:\/\/secure.gravatar.com\/avatar\/c1fce94c830dc79107e174f890d7210541c4a63e8e5d816341794a2151c9d58c?s=96&d=mm&r=g","contentUrl":"https:\/\/secure.gravatar.com\/avatar\/c1fce94c830dc79107e174f890d7210541c4a63e8e5d816341794a2151c9d58c?s=96&d=mm&r=g","caption":"admin"},"sameAs":["http:\/\/denizcankizil.tr"],"url":"https:\/\/www.iskenderun.org\/iskenderunda-dogalgaz-borusu-patladi"}]}},"_links":{"self":[{"href":"https:\/\/denizcankizil.tr\/de\/wp-json\/wp\/v2\/posts\/78041","targetHints":{"allow":["GET"]}}],"collection":[{"href":"https:\/\/denizcankizil.tr\/de\/wp-json\/wp\/v2\/posts"}],"about":[{"href":"https:\/\/denizcankizil.tr\/de\/wp-json\/wp\/v2\/types\/post"}],"author":[{"embeddable":true,"href":"https:\/\/denizcankizil.tr\/de\/wp-json\/wp\/v2\/users\/1"}],"replies":[{"embeddable":true,"href":"https:\/\/denizcankizil.tr\/de\/wp-json\/wp\/v2\/comments?post=78041"}],"version-history":[{"count":0,"href":"https:\/\/denizcankizil.tr\/de\/wp-json\/wp\/v2\/posts\/78041\/revisions"}],"wp:attachment":[{"href":"https:\/\/denizcankizil.tr\/de\/wp-json\/wp\/v2\/media?parent=78041"}],"wp:term":[{"taxonomy":"category","embeddable":true,"href":"https:\/\/denizcankizil.tr\/de\/wp-json\/wp\/v2\/categories?post=78041"},{"taxonomy":"post_tag","embeddable":true,"href":"https:\/\/denizcankizil.tr\/de\/wp-json\/wp\/v2\/tags?post=78041"}],"curies":[{"name":"wp","href":"https:\/\/api.w.org\/{rel}","templated":true}]}}