{"id":77923,"date":"2025-05-06T13:41:18","date_gmt":"2025-05-06T10:41:18","guid":{"rendered":"https:\/\/denizcankizil.tr\/uncategorized-tr\/kepezden-kadinlara-bisiklet-egitimi\/"},"modified":"2025-05-06T13:41:18","modified_gmt":"2025-05-06T10:41:18","slug":"kepezden-kadinlara-bisiklet-egitimi","status":"publish","type":"post","link":"https:\/\/denizcankizil.tr\/de\/haberler\/antalya\/kepezden-kadinlara-bisiklet-egitimi\/","title":{"rendered":"Kepez&#8217;den kad\u0131nlara bisiklet e\u011fitimi"},"content":{"rendered":"<p>Y\u0131llarca ertelenen hayaller Kepez&#8217;de ger\u00e7e\u011fe d\u00f6n\u00fc\u015f\u00fcyor. Kepez Belediyesi, kad\u0131nlar\u0131n bisiklet s\u00fcrebilme hayallerini ger\u00e7ekle\u015ftirmek i\u00e7in harekete ge\u00e7ti. &#8220;Hayalini s\u00fcrmeye ba\u015fla&#8221; slogan\u0131yla ba\u015flat\u0131lan projede, 18-60 ya\u015f aras\u0131 kad\u0131nlara \u00fccretsiz temel bisiklet e\u011fitimi veriliyor. \u00c7ocukluk hayallerini ger\u00e7e\u011fe d\u00f6n\u00fc\u015ft\u00fcrmek isteyen kad\u0131nlar, Milli sporcu ve 3. kademe k\u0131demli bisiklet antren\u00f6r\u00fc Azize Bekar&#8217;dan e\u011fitim alma \u015fans\u0131 yakal\u0131yor. Projeye ilk etapta 104 ki\u015fi ba\u015fvurdu. E\u011fitimler, her hafta pazartesi, \u00e7ar\u015famba ve cuma g\u00fcnleri 10 ki\u015filik gruplar halinde saat 16:00-18:00 saatleri aras\u0131nda Zafer Mahallesi Cumartesi Kapal\u0131 Pazar alan\u0131nda veriliyor. E\u011fitimler denge \u00e7al\u0131\u015fmalar\u0131yla ba\u015fl\u0131yor, ard\u0131ndan pedall\u0131 s\u00fcr\u00fc\u015f, dubalarla y\u00f6n de\u011fi\u015ftirme, ani fren yapma gibi g\u00fcvenli s\u00fcr\u00fc\u015f becerileri ile devam ediyor.<\/p>\n<p>G\u00fcvenli s\u00fcr\u00fc\u015f kurallar\u0131na dikkat<br \/>\nKepez Belediyesi Ba\u015fkan Yard\u0131mc\u0131s\u0131 Evrim Yal\u00e7\u0131n, kursun ilk g\u00fcn\u00fcnde bisiklet dersine kat\u0131larak kursiyerlerin heyecan\u0131na ortak oldu. Yal\u00e7\u0131n, &#8220;Milli bisiklet\u00e7imiz, hocam\u0131z sayesinde bisiklet s\u00fcrmeyi \u00f6\u011fretmeyi ama\u00e7l\u0131yoruz. Antalya bir bisiklet ili, bisiklet kullanma alanlar\u0131 \u00e7ok geni\u015f. Annelerimizin k\u00fc\u00e7\u00fck prensesleriyle birlikte s\u00fcr\u00fc\u015f yapabilmesi i\u00e7in bu projeye \u00f6ncelik verdik&#8221; dedi. Ayr\u0131ca t\u00fcm kat\u0131l\u0131mc\u0131lara \u00e7a\u011fr\u0131da bulunan Yal\u00e7\u0131n, &#8220;L\u00fctfen g\u00fcvenli\u011finizi unutmay\u0131n. L\u00fctfen kask\u0131n\u0131z\u0131 tak\u0131n&#8221; diyerek g\u00fcvenli s\u00fcr\u00fc\u015f kurallar\u0131na dikkat \u00e7ekti.<br \/>\nKepez Belediyesi, s\u00fcresini bir ay olarak planlad\u0131\u011f\u0131 kurs sonucunda, ba\u015far\u0131yla e\u011fitimini tamamlayan kat\u0131l\u0131mc\u0131lara sertifika verecek<\/p>\n<p>Kaynak: www.kanalv.com.tr Haber Sitesinden Al\u0131nm\u0131\u015ft\u0131r.<\/p>","protected":false},"excerpt":{"rendered":"<p>Y\u0131llarca ertelenen hayaller Kepez&#8217;de ger\u00e7e\u011fe d\u00f6n\u00fc\u015f\u00fcyor. Kepez Belediyesi, kad\u0131nlar\u0131n bisiklet s\u00fcrebilme hayallerini ger\u00e7ekle\u015ftirmek i\u00e7in harekete ge\u00e7ti. &#8220;Hayalini s\u00fcrmeye ba\u015fla&#8221; slogan\u0131yla ba\u015flat\u0131lan projede, 18-60 ya\u015f aras\u0131 kad\u0131nlara \u00fccretsiz temel bisiklet e\u011fitimi veriliyor. \u00c7ocukluk hayallerini ger\u00e7e\u011fe d\u00f6n\u00fc\u015ft\u00fcrmek isteyen kad\u0131nlar, Milli sporcu ve 3. kademe k\u0131demli bisiklet antren\u00f6r\u00fc Azize Bekar&#8217;dan e\u011fitim alma \u015fans\u0131 yakal\u0131yor. Projeye ilk etapta 104 ki\u015fi ba\u015fvurdu. E\u011fitimler, her hafta pazartesi, \u00e7ar\u015famba ve cuma g\u00fcnleri 10 ki\u015filik gruplar halinde saat 16:00-18:00 saatleri aras\u0131nda Zafer Mahallesi Cumartesi Kapal\u0131 Pazar alan\u0131nda veriliyor. E\u011fitimler denge \u00e7al\u0131\u015fmalar\u0131yla ba\u015fl\u0131yor, ard\u0131ndan pedall\u0131 s\u00fcr\u00fc\u015f, dubalarla y\u00f6n de\u011fi\u015ftirme, ani fren yapma gibi g\u00fcvenli s\u00fcr\u00fc\u015f becerileri ile devam ediyor. G\u00fcvenli s\u00fcr\u00fc\u015f kurallar\u0131na dikkat Kepez Belediyesi Ba\u015fkan Yard\u0131mc\u0131s\u0131 Evrim Yal\u00e7\u0131n, kursun ilk g\u00fcn\u00fcnde bisiklet dersine kat\u0131larak kursiyerlerin heyecan\u0131na ortak oldu. Yal\u00e7\u0131n, &#8220;Milli bisiklet\u00e7imiz, hocam\u0131z sayesinde bisiklet s\u00fcrmeyi \u00f6\u011fretmeyi ama\u00e7l\u0131yoruz. Antalya bir bisiklet ili, bisiklet kullanma alanlar\u0131 \u00e7ok geni\u015f. Annelerimizin k\u00fc\u00e7\u00fck prensesleriyle birlikte s\u00fcr\u00fc\u015f yapabilmesi i\u00e7in bu projeye \u00f6ncelik verdik&#8221; dedi. Ayr\u0131ca t\u00fcm kat\u0131l\u0131mc\u0131lara \u00e7a\u011fr\u0131da bulunan Yal\u00e7\u0131n, &#8220;L\u00fctfen g\u00fcvenli\u011finizi unutmay\u0131n. L\u00fctfen kask\u0131n\u0131z\u0131 tak\u0131n&#8221; diyerek g\u00fcvenli s\u00fcr\u00fc\u015f kurallar\u0131na dikkat \u00e7ekti. Kepez Belediyesi, s\u00fcresini bir ay olarak planlad\u0131\u011f\u0131 kurs sonucunda, ba\u015far\u0131yla e\u011fitimini tamamlayan kat\u0131l\u0131mc\u0131lara sertifika verecek Kaynak: www.kanalv.com.tr Haber Sitesinden Al\u0131nm\u0131\u015ft\u0131r.<\/p>","protected":false},"author":4,"featured_media":77924,"comment_status":"","ping_status":"open","sticky":false,"template":"","format":"standard","meta":{"_acf_changed":false,"footnotes":""},"categories":[26],"tags":[],"class_list":["post-77923","post","type-post","status-publish","format-standard","has-post-thumbnail","hentry","category-antalya"],"acf":[],"yoast_head":"<!-- This site is optimized with the Yoast SEO Premium plugin v26.6 (Yoast SEO v27.1.1) - https:\/\/yoast.com\/product\/yoast-seo-premium-wordpress\/ -->\n<title>Kepez&#039;den kad\u0131nlara bisiklet e\u011fitimi - Av. Deniz Can K\u0131z\u0131l<\/title>\n<meta name=\"robots\" content=\"index, follow, max-snippet:-1, max-image-preview:large, max-video-preview:-1\" \/>\n<link rel=\"canonical\" href=\"https:\/\/denizcankizil.tr\/de\/haberler\/antalya\/kepezden-kadinlara-bisiklet-egitimi\/\" \/>\n<meta property=\"og:locale\" content=\"de_DE\" \/>\n<meta property=\"og:type\" content=\"article\" \/>\n<meta property=\"og:title\" content=\"Kepez&#039;den kad\u0131nlara bisiklet e\u011fitimi\" \/>\n<meta property=\"og:description\" content=\"Y\u0131llarca ertelenen hayaller Kepez&#8217;de ger\u00e7e\u011fe d\u00f6n\u00fc\u015f\u00fcyor. Kepez Belediyesi, kad\u0131nlar\u0131n bisiklet s\u00fcrebilme hayallerini ger\u00e7ekle\u015ftirmek i\u00e7in harekete ge\u00e7ti. &#8220;Hayalini s\u00fcrmeye ba\u015fla&#8221; slogan\u0131yla ba\u015flat\u0131lan projede, 18-60 ya\u015f aras\u0131 kad\u0131nlara \u00fccretsiz temel bisiklet e\u011fitimi veriliyor. \u00c7ocukluk hayallerini ger\u00e7e\u011fe d\u00f6n\u00fc\u015ft\u00fcrmek isteyen kad\u0131nlar, Milli sporcu ve 3. kademe k\u0131demli bisiklet antren\u00f6r\u00fc Azize Bekar&#8217;dan e\u011fitim alma \u015fans\u0131 yakal\u0131yor. Projeye ilk etapta 104 ki\u015fi ba\u015fvurdu. E\u011fitimler, her hafta pazartesi, \u00e7ar\u015famba ve cuma g\u00fcnleri 10 ki\u015filik gruplar halinde saat 16:00-18:00 saatleri aras\u0131nda Zafer Mahallesi Cumartesi Kapal\u0131 Pazar alan\u0131nda veriliyor. E\u011fitimler denge \u00e7al\u0131\u015fmalar\u0131yla ba\u015fl\u0131yor, ard\u0131ndan pedall\u0131 s\u00fcr\u00fc\u015f, dubalarla y\u00f6n de\u011fi\u015ftirme, ani fren yapma gibi g\u00fcvenli s\u00fcr\u00fc\u015f becerileri ile devam ediyor. G\u00fcvenli s\u00fcr\u00fc\u015f kurallar\u0131na dikkat Kepez Belediyesi Ba\u015fkan Yard\u0131mc\u0131s\u0131 Evrim Yal\u00e7\u0131n, kursun ilk g\u00fcn\u00fcnde bisiklet dersine kat\u0131larak kursiyerlerin heyecan\u0131na ortak oldu. Yal\u00e7\u0131n, &#8220;Milli bisiklet\u00e7imiz, hocam\u0131z sayesinde bisiklet s\u00fcrmeyi \u00f6\u011fretmeyi ama\u00e7l\u0131yoruz. Antalya bir bisiklet ili, bisiklet kullanma alanlar\u0131 \u00e7ok geni\u015f. Annelerimizin k\u00fc\u00e7\u00fck prensesleriyle birlikte s\u00fcr\u00fc\u015f yapabilmesi i\u00e7in bu projeye \u00f6ncelik verdik&#8221; dedi. Ayr\u0131ca t\u00fcm kat\u0131l\u0131mc\u0131lara \u00e7a\u011fr\u0131da bulunan Yal\u00e7\u0131n, &#8220;L\u00fctfen g\u00fcvenli\u011finizi unutmay\u0131n. L\u00fctfen kask\u0131n\u0131z\u0131 tak\u0131n&#8221; diyerek g\u00fcvenli s\u00fcr\u00fc\u015f kurallar\u0131na dikkat \u00e7ekti. Kepez Belediyesi, s\u00fcresini bir ay olarak planlad\u0131\u011f\u0131 kurs sonucunda, ba\u015far\u0131yla e\u011fitimini tamamlayan kat\u0131l\u0131mc\u0131lara sertifika verecek Kaynak: www.kanalv.com.tr Haber Sitesinden Al\u0131nm\u0131\u015ft\u0131r.\" \/>\n<meta property=\"og:url\" content=\"https:\/\/denizcankizil.tr\/de\/haberler\/antalya\/kepezden-kadinlara-bisiklet-egitimi\/\" \/>\n<meta property=\"og:site_name\" content=\"Av. Deniz Can K\u0131z\u0131l\" \/>\n<meta property=\"article:published_time\" content=\"2025-05-06T10:41:18+00:00\" \/>\n<meta property=\"og:image\" content=\"https:\/\/denizcankizil.tr\/wp-content\/uploads\/2025\/05\/6185-01-Ypn6kz.jpg\" \/>\n\t<meta property=\"og:image:width\" content=\"1280\" \/>\n\t<meta property=\"og:image:height\" content=\"720\" \/>\n\t<meta property=\"og:image:type\" content=\"image\/jpeg\" \/>\n<meta name=\"author\" content=\"Av. Deniz Can K\u0131z\u0131l\" \/>\n<meta name=\"twitter:card\" content=\"summary_large_image\" \/>\n<meta name=\"twitter:label1\" content=\"Verfasst von\" \/>\n\t<meta name=\"twitter:data1\" content=\"Av. Deniz Can K\u0131z\u0131l\" \/>\n\t<meta name=\"twitter:label2\" content=\"Gesch\u00e4tzte Lesezeit\" \/>\n\t<meta name=\"twitter:data2\" content=\"1\u00a0Minute\" \/>\n<script type=\"application\/ld+json\" class=\"yoast-schema-graph\">{\"@context\":\"https:\/\/schema.org\",\"@graph\":[{\"@type\":\"Article\",\"@id\":\"https:\/\/denizcankizil.tr\/en\/haberler\/antalya\/kepezden-kadinlara-bisiklet-egitimi\/#article\",\"isPartOf\":{\"@id\":\"https:\/\/denizcankizil.tr\/en\/haberler\/antalya\/kepezden-kadinlara-bisiklet-egitimi\/\"},\"author\":{\"name\":\"Av. Deniz Can K\u0131z\u0131l\",\"@id\":\"https:\/\/denizcankizil.tr\/#\/schema\/person\/5dc1b22991bd7ac833867c10afc9b0ff\"},\"headline\":\"Kepez&#8217;den kad\u0131nlara bisiklet e\u011fitimi\",\"datePublished\":\"2025-05-06T10:41:18+00:00\",\"mainEntityOfPage\":{\"@id\":\"https:\/\/denizcankizil.tr\/en\/haberler\/antalya\/kepezden-kadinlara-bisiklet-egitimi\/\"},\"wordCount\":295,\"publisher\":{\"@id\":\"https:\/\/denizcankizil.tr\/#organization\"},\"image\":{\"@id\":\"https:\/\/denizcankizil.tr\/en\/haberler\/antalya\/kepezden-kadinlara-bisiklet-egitimi\/#primaryimage\"},\"thumbnailUrl\":\"https:\/\/denizcankizil.tr\/wp-content\/uploads\/2025\/05\/6185-01-Ypn6kz.jpg\",\"articleSection\":[\"Antalya\"],\"inLanguage\":\"de\"},{\"@type\":\"WebPage\",\"@id\":\"https:\/\/denizcankizil.tr\/en\/haberler\/antalya\/kepezden-kadinlara-bisiklet-egitimi\/\",\"url\":\"https:\/\/denizcankizil.tr\/en\/haberler\/antalya\/kepezden-kadinlara-bisiklet-egitimi\/\",\"name\":\"Kepez'den kad\u0131nlara bisiklet e\u011fitimi - Av. Deniz Can K\u0131z\u0131l\",\"isPartOf\":{\"@id\":\"https:\/\/denizcankizil.tr\/#website\"},\"primaryImageOfPage\":{\"@id\":\"https:\/\/denizcankizil.tr\/en\/haberler\/antalya\/kepezden-kadinlara-bisiklet-egitimi\/#primaryimage\"},\"image\":{\"@id\":\"https:\/\/denizcankizil.tr\/en\/haberler\/antalya\/kepezden-kadinlara-bisiklet-egitimi\/#primaryimage\"},\"thumbnailUrl\":\"https:\/\/denizcankizil.tr\/wp-content\/uploads\/2025\/05\/6185-01-Ypn6kz.jpg\",\"datePublished\":\"2025-05-06T10:41:18+00:00\",\"breadcrumb\":{\"@id\":\"https:\/\/denizcankizil.tr\/en\/haberler\/antalya\/kepezden-kadinlara-bisiklet-egitimi\/#breadcrumb\"},\"inLanguage\":\"de\",\"potentialAction\":[{\"@type\":\"ReadAction\",\"target\":[\"https:\/\/denizcankizil.tr\/en\/haberler\/antalya\/kepezden-kadinlara-bisiklet-egitimi\/\"]}]},{\"@type\":\"ImageObject\",\"inLanguage\":\"de\",\"@id\":\"https:\/\/denizcankizil.tr\/en\/haberler\/antalya\/kepezden-kadinlara-bisiklet-egitimi\/#primaryimage\",\"url\":\"https:\/\/denizcankizil.tr\/wp-content\/uploads\/2025\/05\/6185-01-Ypn6kz.jpg\",\"contentUrl\":\"https:\/\/denizcankizil.tr\/wp-content\/uploads\/2025\/05\/6185-01-Ypn6kz.jpg\",\"width\":1280,\"height\":720},{\"@type\":\"BreadcrumbList\",\"@id\":\"https:\/\/denizcankizil.tr\/en\/haberler\/antalya\/kepezden-kadinlara-bisiklet-egitimi\/#breadcrumb\",\"itemListElement\":[{\"@type\":\"ListItem\",\"position\":1,\"name\":\"Home\",\"item\":\"https:\/\/denizcankizil.tr\/de\/\"},{\"@type\":\"ListItem\",\"position\":2,\"name\":\"Kepez&#8217;den kad\u0131nlara bisiklet e\u011fitimi\"}]},{\"@type\":\"WebSite\",\"@id\":\"https:\/\/denizcankizil.tr\/#website\",\"url\":\"https:\/\/denizcankizil.tr\/\",\"name\":\"Av. Deniz Can K\u0131z\u0131l\",\"description\":\"Avukat Deniz Can K\u0131z\u0131l Antalya Barosu\",\"publisher\":{\"@id\":\"https:\/\/denizcankizil.tr\/#organization\"},\"potentialAction\":[{\"@type\":\"SearchAction\",\"target\":{\"@type\":\"EntryPoint\",\"urlTemplate\":\"https:\/\/denizcankizil.tr\/?s={search_term_string}\"},\"query-input\":{\"@type\":\"PropertyValueSpecification\",\"valueRequired\":true,\"valueName\":\"search_term_string\"}}],\"inLanguage\":\"de\"},{\"@type\":\"Organization\",\"@id\":\"https:\/\/denizcankizil.tr\/#organization\",\"name\":\"Av. Deniz Can K\u0131z\u0131l\",\"url\":\"https:\/\/denizcankizil.tr\/\",\"logo\":{\"@type\":\"ImageObject\",\"inLanguage\":\"de\",\"@id\":\"https:\/\/denizcankizil.tr\/#\/schema\/logo\/image\/\",\"url\":\"https:\/\/denizcankizil.tr\/wp-content\/uploads\/2024\/10\/siyah-logo-svg.svg\",\"contentUrl\":\"https:\/\/denizcankizil.tr\/wp-content\/uploads\/2024\/10\/siyah-logo-svg.svg\",\"width\":1080,\"height\":1080,\"caption\":\"Av. Deniz Can K\u0131z\u0131l\"},\"image\":{\"@id\":\"https:\/\/denizcankizil.tr\/#\/schema\/logo\/image\/\"}},{\"@type\":\"Person\",\"@id\":\"https:\/\/denizcankizil.tr\/#\/schema\/person\/5dc1b22991bd7ac833867c10afc9b0ff\",\"name\":\"Av. Deniz Can K\u0131z\u0131l\",\"image\":{\"@type\":\"ImageObject\",\"inLanguage\":\"de\",\"@id\":\"https:\/\/denizcankizil.tr\/#\/schema\/person\/image\/\",\"url\":\"https:\/\/secure.gravatar.com\/avatar\/a0b128fb9855c79efc976d5640eedb31dc35ec297594d6016d2cf7c60e975bb6?s=96&d=mm&r=g\",\"contentUrl\":\"https:\/\/secure.gravatar.com\/avatar\/a0b128fb9855c79efc976d5640eedb31dc35ec297594d6016d2cf7c60e975bb6?s=96&d=mm&r=g\",\"caption\":\"Av. Deniz Can K\u0131z\u0131l\"},\"sameAs\":[\"http:\/\/www.denizcankizil.tr\"],\"url\":\"https:\/\/denizcankizil.tr\/de\/author\/denizcankizil\/\"}]}<\/script>\n<!-- \/ Yoast SEO Premium plugin. -->","yoast_head_json":{"title":"Kepez'den kad\u0131nlara bisiklet e\u011fitimi - Av. Deniz Can K\u0131z\u0131l","robots":{"index":"index","follow":"follow","max-snippet":"max-snippet:-1","max-image-preview":"max-image-preview:large","max-video-preview":"max-video-preview:-1"},"canonical":"https:\/\/denizcankizil.tr\/de\/haberler\/antalya\/kepezden-kadinlara-bisiklet-egitimi\/","og_locale":"de_DE","og_type":"article","og_title":"Kepez'den kad\u0131nlara bisiklet e\u011fitimi","og_description":"Y\u0131llarca ertelenen hayaller Kepez&#8217;de ger\u00e7e\u011fe d\u00f6n\u00fc\u015f\u00fcyor. Kepez Belediyesi, kad\u0131nlar\u0131n bisiklet s\u00fcrebilme hayallerini ger\u00e7ekle\u015ftirmek i\u00e7in harekete ge\u00e7ti. &#8220;Hayalini s\u00fcrmeye ba\u015fla&#8221; slogan\u0131yla ba\u015flat\u0131lan projede, 18-60 ya\u015f aras\u0131 kad\u0131nlara \u00fccretsiz temel bisiklet e\u011fitimi veriliyor. \u00c7ocukluk hayallerini ger\u00e7e\u011fe d\u00f6n\u00fc\u015ft\u00fcrmek isteyen kad\u0131nlar, Milli sporcu ve 3. kademe k\u0131demli bisiklet antren\u00f6r\u00fc Azize Bekar&#8217;dan e\u011fitim alma \u015fans\u0131 yakal\u0131yor. Projeye ilk etapta 104 ki\u015fi ba\u015fvurdu. E\u011fitimler, her hafta pazartesi, \u00e7ar\u015famba ve cuma g\u00fcnleri 10 ki\u015filik gruplar halinde saat 16:00-18:00 saatleri aras\u0131nda Zafer Mahallesi Cumartesi Kapal\u0131 Pazar alan\u0131nda veriliyor. E\u011fitimler denge \u00e7al\u0131\u015fmalar\u0131yla ba\u015fl\u0131yor, ard\u0131ndan pedall\u0131 s\u00fcr\u00fc\u015f, dubalarla y\u00f6n de\u011fi\u015ftirme, ani fren yapma gibi g\u00fcvenli s\u00fcr\u00fc\u015f becerileri ile devam ediyor. G\u00fcvenli s\u00fcr\u00fc\u015f kurallar\u0131na dikkat Kepez Belediyesi Ba\u015fkan Yard\u0131mc\u0131s\u0131 Evrim Yal\u00e7\u0131n, kursun ilk g\u00fcn\u00fcnde bisiklet dersine kat\u0131larak kursiyerlerin heyecan\u0131na ortak oldu. Yal\u00e7\u0131n, &#8220;Milli bisiklet\u00e7imiz, hocam\u0131z sayesinde bisiklet s\u00fcrmeyi \u00f6\u011fretmeyi ama\u00e7l\u0131yoruz. Antalya bir bisiklet ili, bisiklet kullanma alanlar\u0131 \u00e7ok geni\u015f. Annelerimizin k\u00fc\u00e7\u00fck prensesleriyle birlikte s\u00fcr\u00fc\u015f yapabilmesi i\u00e7in bu projeye \u00f6ncelik verdik&#8221; dedi. Ayr\u0131ca t\u00fcm kat\u0131l\u0131mc\u0131lara \u00e7a\u011fr\u0131da bulunan Yal\u00e7\u0131n, &#8220;L\u00fctfen g\u00fcvenli\u011finizi unutmay\u0131n. L\u00fctfen kask\u0131n\u0131z\u0131 tak\u0131n&#8221; diyerek g\u00fcvenli s\u00fcr\u00fc\u015f kurallar\u0131na dikkat \u00e7ekti. Kepez Belediyesi, s\u00fcresini bir ay olarak planlad\u0131\u011f\u0131 kurs sonucunda, ba\u015far\u0131yla e\u011fitimini tamamlayan kat\u0131l\u0131mc\u0131lara sertifika verecek Kaynak: www.kanalv.com.tr Haber Sitesinden Al\u0131nm\u0131\u015ft\u0131r.","og_url":"https:\/\/denizcankizil.tr\/de\/haberler\/antalya\/kepezden-kadinlara-bisiklet-egitimi\/","og_site_name":"Av. Deniz Can K\u0131z\u0131l","article_published_time":"2025-05-06T10:41:18+00:00","og_image":[{"width":1280,"height":720,"url":"https:\/\/denizcankizil.tr\/wp-content\/uploads\/2025\/05\/6185-01-Ypn6kz.jpg","type":"image\/jpeg"}],"author":"Av. Deniz Can K\u0131z\u0131l","twitter_card":"summary_large_image","twitter_misc":{"Verfasst von":"Av. Deniz Can K\u0131z\u0131l","Gesch\u00e4tzte Lesezeit":"1\u00a0Minute"},"schema":{"@context":"https:\/\/schema.org","@graph":[{"@type":"Article","@id":"https:\/\/denizcankizil.tr\/en\/haberler\/antalya\/kepezden-kadinlara-bisiklet-egitimi\/#article","isPartOf":{"@id":"https:\/\/denizcankizil.tr\/en\/haberler\/antalya\/kepezden-kadinlara-bisiklet-egitimi\/"},"author":{"name":"Av. Deniz Can K\u0131z\u0131l","@id":"https:\/\/denizcankizil.tr\/#\/schema\/person\/5dc1b22991bd7ac833867c10afc9b0ff"},"headline":"Kepez&#8217;den kad\u0131nlara bisiklet e\u011fitimi","datePublished":"2025-05-06T10:41:18+00:00","mainEntityOfPage":{"@id":"https:\/\/denizcankizil.tr\/en\/haberler\/antalya\/kepezden-kadinlara-bisiklet-egitimi\/"},"wordCount":295,"publisher":{"@id":"https:\/\/denizcankizil.tr\/#organization"},"image":{"@id":"https:\/\/denizcankizil.tr\/en\/haberler\/antalya\/kepezden-kadinlara-bisiklet-egitimi\/#primaryimage"},"thumbnailUrl":"https:\/\/denizcankizil.tr\/wp-content\/uploads\/2025\/05\/6185-01-Ypn6kz.jpg","articleSection":["Antalya"],"inLanguage":"de"},{"@type":"WebPage","@id":"https:\/\/denizcankizil.tr\/en\/haberler\/antalya\/kepezden-kadinlara-bisiklet-egitimi\/","url":"https:\/\/denizcankizil.tr\/en\/haberler\/antalya\/kepezden-kadinlara-bisiklet-egitimi\/","name":"Kepez'den kad\u0131nlara bisiklet e\u011fitimi - Av. Deniz Can K\u0131z\u0131l","isPartOf":{"@id":"https:\/\/denizcankizil.tr\/#website"},"primaryImageOfPage":{"@id":"https:\/\/denizcankizil.tr\/en\/haberler\/antalya\/kepezden-kadinlara-bisiklet-egitimi\/#primaryimage"},"image":{"@id":"https:\/\/denizcankizil.tr\/en\/haberler\/antalya\/kepezden-kadinlara-bisiklet-egitimi\/#primaryimage"},"thumbnailUrl":"https:\/\/denizcankizil.tr\/wp-content\/uploads\/2025\/05\/6185-01-Ypn6kz.jpg","datePublished":"2025-05-06T10:41:18+00:00","breadcrumb":{"@id":"https:\/\/denizcankizil.tr\/en\/haberler\/antalya\/kepezden-kadinlara-bisiklet-egitimi\/#breadcrumb"},"inLanguage":"de","potentialAction":[{"@type":"ReadAction","target":["https:\/\/denizcankizil.tr\/en\/haberler\/antalya\/kepezden-kadinlara-bisiklet-egitimi\/"]}]},{"@type":"ImageObject","inLanguage":"de","@id":"https:\/\/denizcankizil.tr\/en\/haberler\/antalya\/kepezden-kadinlara-bisiklet-egitimi\/#primaryimage","url":"https:\/\/denizcankizil.tr\/wp-content\/uploads\/2025\/05\/6185-01-Ypn6kz.jpg","contentUrl":"https:\/\/denizcankizil.tr\/wp-content\/uploads\/2025\/05\/6185-01-Ypn6kz.jpg","width":1280,"height":720},{"@type":"BreadcrumbList","@id":"https:\/\/denizcankizil.tr\/en\/haberler\/antalya\/kepezden-kadinlara-bisiklet-egitimi\/#breadcrumb","itemListElement":[{"@type":"ListItem","position":1,"name":"Home","item":"https:\/\/denizcankizil.tr\/de\/"},{"@type":"ListItem","position":2,"name":"Kepez&#8217;den kad\u0131nlara bisiklet e\u011fitimi"}]},{"@type":"WebSite","@id":"https:\/\/denizcankizil.tr\/#website","url":"https:\/\/denizcankizil.tr\/","name":"Av. Deniz Can K\u0131z\u0131l","description":"Avukat Deniz Can K\u0131z\u0131l Antalya Barosu","publisher":{"@id":"https:\/\/denizcankizil.tr\/#organization"},"potentialAction":[{"@type":"SearchAction","target":{"@type":"EntryPoint","urlTemplate":"https:\/\/denizcankizil.tr\/?s={search_term_string}"},"query-input":{"@type":"PropertyValueSpecification","valueRequired":true,"valueName":"search_term_string"}}],"inLanguage":"de"},{"@type":"Organization","@id":"https:\/\/denizcankizil.tr\/#organization","name":"Av. Deniz Can K\u0131z\u0131l","url":"https:\/\/denizcankizil.tr\/","logo":{"@type":"ImageObject","inLanguage":"de","@id":"https:\/\/denizcankizil.tr\/#\/schema\/logo\/image\/","url":"https:\/\/denizcankizil.tr\/wp-content\/uploads\/2024\/10\/siyah-logo-svg.svg","contentUrl":"https:\/\/denizcankizil.tr\/wp-content\/uploads\/2024\/10\/siyah-logo-svg.svg","width":1080,"height":1080,"caption":"Av. Deniz Can K\u0131z\u0131l"},"image":{"@id":"https:\/\/denizcankizil.tr\/#\/schema\/logo\/image\/"}},{"@type":"Person","@id":"https:\/\/denizcankizil.tr\/#\/schema\/person\/5dc1b22991bd7ac833867c10afc9b0ff","name":"Av. Deniz Can K\u0131z\u0131l","image":{"@type":"ImageObject","inLanguage":"de","@id":"https:\/\/denizcankizil.tr\/#\/schema\/person\/image\/","url":"https:\/\/secure.gravatar.com\/avatar\/a0b128fb9855c79efc976d5640eedb31dc35ec297594d6016d2cf7c60e975bb6?s=96&d=mm&r=g","contentUrl":"https:\/\/secure.gravatar.com\/avatar\/a0b128fb9855c79efc976d5640eedb31dc35ec297594d6016d2cf7c60e975bb6?s=96&d=mm&r=g","caption":"Av. Deniz Can K\u0131z\u0131l"},"sameAs":["http:\/\/www.denizcankizil.tr"],"url":"https:\/\/denizcankizil.tr\/de\/author\/denizcankizil\/"}]}},"_links":{"self":[{"href":"https:\/\/denizcankizil.tr\/de\/wp-json\/wp\/v2\/posts\/77923","targetHints":{"allow":["GET"]}}],"collection":[{"href":"https:\/\/denizcankizil.tr\/de\/wp-json\/wp\/v2\/posts"}],"about":[{"href":"https:\/\/denizcankizil.tr\/de\/wp-json\/wp\/v2\/types\/post"}],"author":[{"embeddable":true,"href":"https:\/\/denizcankizil.tr\/de\/wp-json\/wp\/v2\/users\/4"}],"replies":[{"embeddable":true,"href":"https:\/\/denizcankizil.tr\/de\/wp-json\/wp\/v2\/comments?post=77923"}],"version-history":[{"count":0,"href":"https:\/\/denizcankizil.tr\/de\/wp-json\/wp\/v2\/posts\/77923\/revisions"}],"wp:featuredmedia":[{"embeddable":true,"href":"https:\/\/denizcankizil.tr\/de\/wp-json\/wp\/v2\/media\/77924"}],"wp:attachment":[{"href":"https:\/\/denizcankizil.tr\/de\/wp-json\/wp\/v2\/media?parent=77923"}],"wp:term":[{"taxonomy":"category","embeddable":true,"href":"https:\/\/denizcankizil.tr\/de\/wp-json\/wp\/v2\/categories?post=77923"},{"taxonomy":"post_tag","embeddable":true,"href":"https:\/\/denizcankizil.tr\/de\/wp-json\/wp\/v2\/tags?post=77923"}],"curies":[{"name":"wp","href":"https:\/\/api.w.org\/{rel}","templated":true}]}}