{"id":76567,"date":"2025-05-02T00:00:00","date_gmt":"2025-05-01T21:00:00","guid":{"rendered":"https:\/\/denizcankizil.tr\/uncategorized-tr\/yargitayin-sik-ictihat-degisikligine-gitmesinin-hukuki-guvenlik-belirlilik-ilkesini-ihlali\/"},"modified":"2025-05-02T00:00:00","modified_gmt":"2025-05-01T21:00:00","slug":"yargitayin-sik-ictihat-degisikligine-gitmesinin-hukuki-guvenlik-belirlilik-ilkesini-ihlali","status":"publish","type":"post","link":"https:\/\/denizcankizil.tr\/de\/hukukihaber\/yargitayin-sik-ictihat-degisikligine-gitmesinin-hukuki-guvenlik-belirlilik-ilkesini-ihlali\/","title":{"rendered":"YARGITAY\u2019IN SIK \u0130\u00c7T\u0130HAT DE\u011e\u0130\u015e\u0130KL\u0130\u011e\u0130NE G\u0130TMES\u0130N\u0130N HUKUK\u0130 G\u00dcVENL\u0130K (BEL\u0130RL\u0130L\u0130K) \u0130LKES\u0130N\u0130 \u0130HLAL\u0130"},"content":{"rendered":"<p>\u00d6zet:<\/p>\n<p>Bu \u00e7al\u0131\u015fmada, Yarg\u0131tay\u2019\u0131n s\u0131kl\u0131kla i\u00e7tihat de\u011fi\u015ftirmesi olgusunun hukuki g\u00fcvenlik ilkesine etkisi tart\u0131\u015f\u0131lmaktad\u0131r. Hukuki g\u00fcvenlik ilkesinin temel unsurlar\u0131ndan biri olan belirlilik ilkesi, bireylerin davran\u0131\u015flar\u0131n\u0131 hukuka uygun bi\u00e7imde d\u00fczenleyebilmeleri i\u00e7in \u00f6ng\u00f6r\u00fclebilirlik gerektirir. Oysa i\u00e7tihatlar\u0131n s\u0131k s\u0131k ve \u00f6ng\u00f6r\u00fclemez \u015fekilde de\u011fi\u015fmesi, hukuki istikrar\u0131 zedelemekte; mahkemeye g\u00fcveni ve adalete eri\u015fimi olumsuz etkilemektedir. Anayasa Mahkemesi\u2019nin bu ilkeye ili\u015fkin de\u011ferlendirmeleri do\u011frultusunda, Yarg\u0131tay i\u00e7tihatlar\u0131n\u0131n istikrar\u0131 ile bireylerin temel hak ve \u00f6zg\u00fcrl\u00fcklerinin korunmas\u0131 aras\u0131ndaki ba\u011f ortaya konulmaktad\u0131r.<\/p>\n<p>1.\u00a0Hukukun temel ama\u00e7lar\u0131ndan biri bireylerin hukuka olan g\u00fcvenini sa\u011flamakt\u0131r. Bu g\u00fcvenin teminat\u0131 olan hukuki g\u00fcvenlik ilkesi, Anayasa&#8217;n\u0131n 2. maddesinde yer alan hukuk devleti ilkesinin do\u011fal bir sonucudur. Hukuki g\u00fcvenli\u011fin \u00f6nemli bir boyutu da hukuki belirliliktir. Bu ba\u011flamda, mahkemelerin kararlar\u0131n\u0131n \u00f6ng\u00f6r\u00fclebilir ve istikrarl\u0131 olmas\u0131 gerekir. \u00d6zellikle i\u00e7tihatlar\u0131n, yarg\u0131 uygulamas\u0131nda yol g\u00f6sterici rol\u00fc bulundu\u011fu dikkate al\u0131nd\u0131\u011f\u0131nda, y\u00fcksek mahkemelerin tutarl\u0131 bir i\u00e7tihat \u00e7izgisi izlemesi hayati \u00f6nemdedir.<\/p>\n<p>2. HUKUK\u0130 G\u00dcVENL\u0130K VE BEL\u0130RL\u0130L\u0130K \u0130LKES\u0130<\/p>\n<p>Hukuki g\u00fcvenlik ilkesi, bireylerin hukuki durumlar\u0131n\u0131 \u00f6nceden \u00f6ng\u00f6rebilmesini ve bu duruma g\u00f6re davran\u0131\u015flar\u0131n\u0131 planlayabilmesini ifade eder. Bu ilke, yasalar\u0131n a\u00e7\u0131k, anla\u015f\u0131l\u0131r ve istikrarl\u0131 olmas\u0131n\u0131n yan\u0131nda, yarg\u0131 kararlar\u0131n\u0131n da \u00f6ng\u00f6r\u00fclebilir olmas\u0131n\u0131 gerekli k\u0131lar.<\/p>\n<p>Anayasa Mahkemesi, hukuki g\u00fcvenlik ilkesine ili\u015fkin \u00e7e\u015fitli kararlar\u0131nda bu noktaya dikkat \u00e7ekmi\u015ftir. \u00d6rne\u011fin:<\/p>\n<p>&#8211; AYM, E.2007\/4, K.2007\/81, 5.7.2007 tarihli karar\u0131: \u201cHukuki g\u00fcvenlik ilkesi, ki\u015filerin hukuki durumlar\u0131n\u0131 \u00f6nceden \u00f6ng\u00f6rebilmelerini ve hukuk d\u00fczenine g\u00fcven duymalar\u0131n\u0131 ifade eder.\u201d<\/p>\n<p>&#8211; AYM, B. No: 2013\/2602, 3.4.2014: Mahkeme, belirlilik ilkesinin, hukuk kurallar\u0131n\u0131n hem bireyler hem de idare a\u00e7\u0131s\u0131ndan anla\u015f\u0131labilir ve uygulanabilir olmas\u0131n\u0131 gerekli k\u0131ld\u0131\u011f\u0131n\u0131 ifade etmi\u015ftir.<\/p>\n<p>3. YARGITAY \u0130\u00c7T\u0130HATLARINDA DE\u011e\u0130\u015eKENL\u0130K VE BEL\u0130RS\u0130ZL\u0130K<\/p>\n<p>Yarg\u0131tay, bir yandan hukuk kurallar\u0131n\u0131n somut olaylara uygulanmas\u0131n\u0131 denetleyerek i\u00e7tihat birli\u011fi ve hukuki istikrar\u0131 sa\u011flamay\u0131 ama\u00e7lamakta; di\u011fer yandan i\u00e7tihatlar\u0131n\u0131 de\u011fi\u015ftirme yetkisine sahiptir. Ancak bu yetkinin s\u0131n\u0131rs\u0131z ve keyfi bi\u00e7imde kullan\u0131lmas\u0131, bireylerin temel haklar\u0131n\u0131 zedelemektedir.<\/p>\n<p>Son y\u0131llarda \u00f6zellikle i\u015f hukuku, bor\u00e7lar hukuku ve ceza hukuku alanlar\u0131nda Yarg\u0131tay daireleri aras\u0131nda veya ayn\u0131 dairenin farkl\u0131 kararlar\u0131 aras\u0131nda ciddi i\u00e7tihat farklar\u0131n\u0131n ortaya \u00e7\u0131kt\u0131\u011f\u0131 g\u00f6r\u00fclmektedir. \u00d6rne\u011fin, k\u0131dem tazminat\u0131n\u0131n hesaplanmas\u0131nda baz al\u0131nan unsurlar, i\u015fe iade davalar\u0131nda feshin ge\u00e7erlilik gerek\u00e7eleri gibi konularda farkl\u0131 d\u00f6nemlerde farkl\u0131 kriterlerin benimsendi\u011fi kararlar mevcuttur. Bu durum, benzer olaylara farkl\u0131 sonu\u00e7lar do\u011furmakta, \u00f6ng\u00f6r\u00fclebilirli\u011fi ve g\u00fcveni sarsmaktad\u0131r.<\/p>\n<p>4. ANAYASA MAHKEMES\u0130 KARARLARI I\u015eI\u011eINDA DE\u011eERLEND\u0130RME<br \/>\nAnayasa Mahkemesi, bireysel ba\u015fvuru kararlar\u0131nda s\u0131k s\u0131k i\u00e7tihat de\u011fi\u015fikli\u011finin adil yarg\u0131lanma hakk\u0131 ve hukuki g\u00fcvenlik ilkesi ile ili\u015fkisini irdelemi\u015ftir.<\/p>\n<p>&#8211; AYM, B. No: 2013\/8463, 16.4.2015: Ba\u015fvurucu aleyhine geli\u015fen Yarg\u0131tay i\u00e7tihad\u0131n\u0131n, ge\u00e7mi\u015fe etkili bi\u00e7imde uygulanmas\u0131n\u0131n \u201cmahkemeye eri\u015fim hakk\u0131n\u0131\u201d ihlal etti\u011fine karar verilmi\u015ftir. Mahkeme, i\u00e7tihat de\u011fi\u015fikli\u011finin ancak makul bir gerek\u00e7eyle ve \u00f6ng\u00f6r\u00fclebilir \u015fekilde yap\u0131lmas\u0131 gerekti\u011fini vurgulam\u0131\u015ft\u0131r.<\/p>\n<p>&#8211; AYM, B. No: 2015\/19919, 27.2.2019: Hukuki g\u00fcvenlik ilkesine a\u00e7\u0131k\u00e7a vurgu yap\u0131lm\u0131\u015f; i\u00e7tihat de\u011fi\u015fikliklerinin keyfilikten uzak, gerek\u00e7eli ve istikrarl\u0131 olmas\u0131 gerekti\u011fi belirtilmi\u015ftir.<\/p>\n<p>Bu kararlar, Yarg\u0131tay\u2019\u0131n i\u00e7tihat de\u011fi\u015fikliklerine ili\u015fkin uygulamalar\u0131n\u0131n, Anayasa taraf\u0131ndan g\u00fcvence alt\u0131na al\u0131nan temel haklarla \u00e7eli\u015fmemesi gerekti\u011fini ortaya koymaktad\u0131r.<\/p>\n<p>5.SONU\u00c7<\/p>\n<p>Yarg\u0131tay\u2019\u0131n i\u00e7tihat de\u011fi\u015ftirme yetkisi, hukukun dinamizmini sa\u011flamak a\u00e7\u0131s\u0131ndan gereklidir. Ancak bu yetki, hukuki g\u00fcvenlik ve belirlilik ilkelerini zedelemeyecek bi\u00e7imde kullan\u0131lmal\u0131d\u0131r. \u00d6zellikle ayn\u0131 konuda farkl\u0131 i\u00e7tihatlar\u0131n k\u0131sa aral\u0131klarla ortaya \u00e7\u0131kmas\u0131, bireylerin hukuk sistemine duydu\u011fu g\u00fcveni sarsmakta; \u00f6ng\u00f6r\u00fclebilirli\u011fi ortadan kald\u0131rmaktad\u0131r. Bunun sonucunda vatanda\u015flar \u00f6nceki i\u00e7tihada g\u00fcvenerek a\u00e7t\u0131klar\u0131 davan\u0131n reddedilmesi sebebiyle dava i\u00e7in harcam\u0131\u015f oldu\u011fu yarg\u0131lama giderlerinin yan\u0131nda, davan\u0131n nihayetinde de y\u00fcksek yarg\u0131lama giderlerine mahkum edilerek ekonomi zarara u\u011framaktad\u0131rlar. Dolay\u0131s\u0131yla bu durum, mahkemelerin amac\u0131yla, adalete eri\u015fim hakk\u0131 ile \u00e7eli\u015fmektedir. Ayr\u0131ca farkl\u0131 d\u00f6nemlerdeki i\u00e7tihatlar, mahkemelerin dava dosyas\u0131n\u0131 incelerken davan\u0131n ana konusundan sap\u0131l\u0131p kafa kar\u0131\u015f\u0131kl\u0131klar\u0131na mahal vermekte ve ara\u015ft\u0131rma gerektirdi\u011fi i\u00e7in zaman gasp\u0131na sebebiyet vermektedir. Anayasa Mahkemesi\u2019nin ilgili kararlar\u0131, bu konuda dikkatli olunmas\u0131 gerekti\u011fini a\u00e7\u0131k\u00e7a ortaya koymaktad\u0131r.<\/p>\n<p>Y\u00fcksek yarg\u0131n\u0131n g\u00f6revi sadece karar vermek de\u011fil, ayn\u0131 zamanda hukuki \u00f6ng\u00f6r\u00fclebilirli\u011fi sa\u011flamak ve toplumda adalet duygusunu g\u00fc\u00e7lendirmektir.<\/p>\n<p>Av. Vefa VARLI LL.M.<\/p>\n<p>\u200b\u00d6zet:<\/p>\n<p>Bu \u00e7al\u0131\u015fmada, Yarg\u0131tay\u2019\u0131n s\u0131kl\u0131kla i\u00e7tihat de\u011fi\u015ftirmesi olgusunun hukuki g\u00fcvenlik ilkesine etkisi tart\u0131\u015f\u0131lmaktad\u0131r. Hukuki g\u00fcvenlik ilkesinin temel unsurlar\u0131ndan biri olan belirlilik ilkesi, bireylerin davran\u0131\u015flar\u0131n\u0131 hukuka uygun bi\u00e7imde d\u00fczenleyebilmeleri i\u00e7in \u00f6ng\u00f6r\u00fclebilirlik gerektirir. Oysa i\u00e7tihatlar\u0131n s\u0131k s\u0131k ve \u00f6ng\u00f6r\u00fclemez \u015fekilde de\u011fi\u015fmesi, hukuki istikrar\u0131 zedelemekte; mahkemeye g\u00fcveni ve adalete eri\u015fimi olumsuz etkilemektedir. Anayasa Mahkemesi\u2019nin bu ilkeye ili\u015fkin de\u011ferlendirmeleri do\u011frultusunda, Yarg\u0131tay i\u00e7tihatlar\u0131n\u0131n istikrar\u0131 ile bireylerin temel hak ve \u00f6zg\u00fcrl\u00fcklerinin korunmas\u0131 aras\u0131ndaki ba\u011f ortaya konulmaktad\u0131r.<\/p>\n<p>1.\u00a0Hukukun temel ama\u00e7lar\u0131ndan biri bireylerin hukuka olan g\u00fcvenini sa\u011flamakt\u0131r. Bu g\u00fcvenin teminat\u0131 olan hukuki g\u00fcvenlik ilkesi, Anayasa&#8217;n\u0131n 2. maddesinde yer alan hukuk devleti ilkesinin do\u011fal bir sonucudur. Hukuki g\u00fcvenli\u011fin \u00f6nemli bir boyutu da hukuki belirliliktir. Bu ba\u011flamda, mahkemelerin kararlar\u0131n\u0131n \u00f6ng\u00f6r\u00fclebilir ve istikrarl\u0131 olmas\u0131 gerekir. \u00d6zellikle i\u00e7tihatlar\u0131n, yarg\u0131 uygulamas\u0131nda yol g\u00f6sterici rol\u00fc bulundu\u011fu dikkate al\u0131nd\u0131\u011f\u0131nda, y\u00fcksek mahkemelerin tutarl\u0131 bir i\u00e7tihat \u00e7izgisi izlemesi hayati \u00f6nemdedir.<\/p>\n<p>2. HUKUK\u0130 G\u00dcVENL\u0130K VE BEL\u0130RL\u0130L\u0130K \u0130LKES\u0130<\/p>\n<p>Hukuki g\u00fcvenlik ilkesi, bireylerin hukuki durumlar\u0131n\u0131 \u00f6nceden \u00f6ng\u00f6rebilmesini ve bu duruma g\u00f6re davran\u0131\u015flar\u0131n\u0131 planlayabilmesini ifade eder. Bu ilke, yasalar\u0131n a\u00e7\u0131k, anla\u015f\u0131l\u0131r ve istikrarl\u0131 olmas\u0131n\u0131n yan\u0131nda, yarg\u0131 kararlar\u0131n\u0131n da \u00f6ng\u00f6r\u00fclebilir olmas\u0131n\u0131 gerekli k\u0131lar.<\/p>\n<p>Anayasa Mahkemesi, hukuki g\u00fcvenlik ilkesine ili\u015fkin \u00e7e\u015fitli kararlar\u0131nda bu noktaya dikkat \u00e7ekmi\u015ftir. \u00d6rne\u011fin:<\/p>\n<p>&#8211; AYM, E.2007\/4, K.2007\/81, 5.7.2007 tarihli karar\u0131: \u201cHukuki g\u00fcvenlik ilkesi, ki\u015filerin hukuki durumlar\u0131n\u0131 \u00f6nceden \u00f6ng\u00f6rebilmelerini ve hukuk d\u00fczenine g\u00fcven duymalar\u0131n\u0131 ifade eder.\u201d<\/p>\n<p>&#8211; AYM, B. No: 2013\/2602, 3.4.2014: Mahkeme, belirlilik ilkesinin, hukuk kurallar\u0131n\u0131n hem bireyler hem de idare a\u00e7\u0131s\u0131ndan anla\u015f\u0131labilir ve uygulanabilir olmas\u0131n\u0131 gerekli k\u0131ld\u0131\u011f\u0131n\u0131 ifade etmi\u015ftir.<\/p>\n<p>3. YARGITAY \u0130\u00c7T\u0130HATLARINDA DE\u011e\u0130\u015eKENL\u0130K VE BEL\u0130RS\u0130ZL\u0130K<\/p>\n<p>Yarg\u0131tay, bir yandan hukuk kurallar\u0131n\u0131n somut olaylara uygulanmas\u0131n\u0131 denetleyerek i\u00e7tihat birli\u011fi ve hukuki istikrar\u0131 sa\u011flamay\u0131 ama\u00e7lamakta; di\u011fer yandan i\u00e7tihatlar\u0131n\u0131 de\u011fi\u015ftirme yetkisine sahiptir. Ancak bu yetkinin s\u0131n\u0131rs\u0131z ve keyfi bi\u00e7imde kullan\u0131lmas\u0131, bireylerin temel haklar\u0131n\u0131 zedelemektedir.<\/p>\n<p>Son y\u0131llarda \u00f6zellikle i\u015f hukuku, bor\u00e7lar hukuku ve ceza hukuku alanlar\u0131nda Yarg\u0131tay daireleri aras\u0131nda veya ayn\u0131 dairenin farkl\u0131 kararlar\u0131 aras\u0131nda ciddi i\u00e7tihat farklar\u0131n\u0131n ortaya \u00e7\u0131kt\u0131\u011f\u0131 g\u00f6r\u00fclmektedir. \u00d6rne\u011fin, k\u0131dem tazminat\u0131n\u0131n hesaplanmas\u0131nda baz al\u0131nan unsurlar, i\u015fe iade davalar\u0131nda feshin ge\u00e7erlilik gerek\u00e7eleri gibi konularda farkl\u0131 d\u00f6nemlerde farkl\u0131 kriterlerin benimsendi\u011fi kararlar mevcuttur. Bu durum, benzer olaylara farkl\u0131 sonu\u00e7lar do\u011furmakta, \u00f6ng\u00f6r\u00fclebilirli\u011fi ve g\u00fcveni sarsmaktad\u0131r.<\/p>\n<p>4. ANAYASA MAHKEMES\u0130 KARARLARI I\u015eI\u011eINDA DE\u011eERLEND\u0130RME<br \/>\nAnayasa Mahkemesi, bireysel ba\u015fvuru kararlar\u0131nda s\u0131k s\u0131k i\u00e7tihat de\u011fi\u015fikli\u011finin adil yarg\u0131lanma hakk\u0131 ve hukuki g\u00fcvenlik ilkesi ile ili\u015fkisini irdelemi\u015ftir.<\/p>\n<p>&#8211; AYM, B. No: 2013\/8463, 16.4.2015: Ba\u015fvurucu aleyhine geli\u015fen Yarg\u0131tay i\u00e7tihad\u0131n\u0131n, ge\u00e7mi\u015fe etkili bi\u00e7imde uygulanmas\u0131n\u0131n \u201cmahkemeye eri\u015fim hakk\u0131n\u0131\u201d ihlal etti\u011fine karar verilmi\u015ftir. Mahkeme, i\u00e7tihat de\u011fi\u015fikli\u011finin ancak makul bir gerek\u00e7eyle ve \u00f6ng\u00f6r\u00fclebilir \u015fekilde yap\u0131lmas\u0131 gerekti\u011fini vurgulam\u0131\u015ft\u0131r.<\/p>\n<p>&#8211; AYM, B. No: 2015\/19919, 27.2.2019: Hukuki g\u00fcvenlik ilkesine a\u00e7\u0131k\u00e7a vurgu yap\u0131lm\u0131\u015f; i\u00e7tihat de\u011fi\u015fikliklerinin keyfilikten uzak, gerek\u00e7eli ve istikrarl\u0131 olmas\u0131 gerekti\u011fi belirtilmi\u015ftir.<\/p>\n<p>Bu kararlar, Yarg\u0131tay\u2019\u0131n i\u00e7tihat de\u011fi\u015fikliklerine ili\u015fkin uygulamalar\u0131n\u0131n, Anayasa taraf\u0131ndan g\u00fcvence alt\u0131na al\u0131nan temel haklarla \u00e7eli\u015fmemesi gerekti\u011fini ortaya koymaktad\u0131r.<\/p>\n<p>5.SONU\u00c7<\/p>\n<p>Yarg\u0131tay\u2019\u0131n i\u00e7tihat de\u011fi\u015ftirme yetkisi, hukukun dinamizmini sa\u011flamak a\u00e7\u0131s\u0131ndan gereklidir. Ancak bu yetki, hukuki g\u00fcvenlik ve belirlilik ilkelerini zedelemeyecek bi\u00e7imde kullan\u0131lmal\u0131d\u0131r. \u00d6zellikle ayn\u0131 konuda farkl\u0131 i\u00e7tihatlar\u0131n k\u0131sa aral\u0131klarla ortaya \u00e7\u0131kmas\u0131, bireylerin hukuk sistemine duydu\u011fu g\u00fcveni sarsmakta; \u00f6ng\u00f6r\u00fclebilirli\u011fi ortadan kald\u0131rmaktad\u0131r. Bunun sonucunda vatanda\u015flar \u00f6nceki i\u00e7tihada g\u00fcvenerek a\u00e7t\u0131klar\u0131 davan\u0131n reddedilmesi sebebiyle dava i\u00e7in harcam\u0131\u015f oldu\u011fu yarg\u0131lama giderlerinin yan\u0131nda, davan\u0131n nihayetinde de y\u00fcksek yarg\u0131lama giderlerine mahkum edilerek ekonomi zarara u\u011framaktad\u0131rlar. Dolay\u0131s\u0131yla bu durum, mahkemelerin amac\u0131yla, adalete eri\u015fim hakk\u0131 ile \u00e7eli\u015fmektedir. Ayr\u0131ca farkl\u0131 d\u00f6nemlerdeki i\u00e7tihatlar, mahkemelerin dava dosyas\u0131n\u0131 incelerken davan\u0131n ana konusundan sap\u0131l\u0131p kafa kar\u0131\u015f\u0131kl\u0131klar\u0131na mahal vermekte ve ara\u015ft\u0131rma gerektirdi\u011fi i\u00e7in zaman gasp\u0131na sebebiyet vermektedir. Anayasa Mahkemesi\u2019nin ilgili kararlar\u0131, bu konuda dikkatli olunmas\u0131 gerekti\u011fini a\u00e7\u0131k\u00e7a ortaya koymaktad\u0131r.<\/p>\n<p>Y\u00fcksek yarg\u0131n\u0131n g\u00f6revi sadece karar vermek de\u011fil, ayn\u0131 zamanda hukuki \u00f6ng\u00f6r\u00fclebilirli\u011fi sa\u011flamak ve toplumda adalet duygusunu g\u00fc\u00e7lendirmektir.<\/p>\n<p>Av. Vefa VARLI LL.M.\u00a0Hukuki Haber<\/p>\n<p>Haberin Al\u0131nt\u0131land\u0131\u011f\u0131 Kaynak: www.hukukihaber.net<\/p>","protected":false},"excerpt":{"rendered":"<p>\u00d6zet: Bu \u00e7al\u0131\u015fmada, Yarg\u0131tay\u2019\u0131n s\u0131kl\u0131kla i\u00e7tihat de\u011fi\u015ftirmesi olgusunun hukuki g\u00fcvenlik ilkesine etkisi tart\u0131\u015f\u0131lmaktad\u0131r. Hukuki g\u00fcvenlik ilkesinin temel unsurlar\u0131ndan biri olan belirlilik ilkesi, bireylerin davran\u0131\u015flar\u0131n\u0131 hukuka uygun bi\u00e7imde d\u00fczenleyebilmeleri i\u00e7in \u00f6ng\u00f6r\u00fclebilirlik gerektirir. Oysa i\u00e7tihatlar\u0131n s\u0131k s\u0131k ve \u00f6ng\u00f6r\u00fclemez \u015fekilde de\u011fi\u015fmesi, hukuki istikrar\u0131 zedelemekte; mahkemeye g\u00fcveni ve adalete eri\u015fimi olumsuz etkilemektedir. Anayasa Mahkemesi\u2019nin bu ilkeye ili\u015fkin de\u011ferlendirmeleri do\u011frultusunda, Yarg\u0131tay i\u00e7tihatlar\u0131n\u0131n istikrar\u0131 ile bireylerin temel hak ve \u00f6zg\u00fcrl\u00fcklerinin korunmas\u0131 aras\u0131ndaki ba\u011f ortaya konulmaktad\u0131r. 1.\u00a0Hukukun temel ama\u00e7lar\u0131ndan biri bireylerin hukuka olan g\u00fcvenini sa\u011flamakt\u0131r. Bu g\u00fcvenin teminat\u0131 olan hukuki g\u00fcvenlik ilkesi, Anayasa&#8217;n\u0131n 2. maddesinde yer alan hukuk devleti ilkesinin do\u011fal bir sonucudur. Hukuki g\u00fcvenli\u011fin \u00f6nemli bir boyutu da hukuki belirliliktir. Bu ba\u011flamda, mahkemelerin kararlar\u0131n\u0131n \u00f6ng\u00f6r\u00fclebilir ve istikrarl\u0131 olmas\u0131 gerekir. \u00d6zellikle i\u00e7tihatlar\u0131n, yarg\u0131 uygulamas\u0131nda yol g\u00f6sterici rol\u00fc bulundu\u011fu dikkate al\u0131nd\u0131\u011f\u0131nda, y\u00fcksek mahkemelerin tutarl\u0131 bir i\u00e7tihat \u00e7izgisi izlemesi hayati \u00f6nemdedir. 2. HUKUK\u0130 G\u00dcVENL\u0130K VE BEL\u0130RL\u0130L\u0130K \u0130LKES\u0130 Hukuki g\u00fcvenlik ilkesi, bireylerin hukuki durumlar\u0131n\u0131 \u00f6nceden \u00f6ng\u00f6rebilmesini ve bu duruma g\u00f6re davran\u0131\u015flar\u0131n\u0131 planlayabilmesini ifade eder. Bu ilke, yasalar\u0131n a\u00e7\u0131k, anla\u015f\u0131l\u0131r ve istikrarl\u0131 olmas\u0131n\u0131n yan\u0131nda, yarg\u0131 kararlar\u0131n\u0131n da \u00f6ng\u00f6r\u00fclebilir olmas\u0131n\u0131 gerekli k\u0131lar. Anayasa Mahkemesi, hukuki g\u00fcvenlik ilkesine ili\u015fkin \u00e7e\u015fitli kararlar\u0131nda bu noktaya dikkat \u00e7ekmi\u015ftir. \u00d6rne\u011fin: &#8211; AYM, E.2007\/4, K.2007\/81, 5.7.2007 tarihli karar\u0131: \u201cHukuki g\u00fcvenlik ilkesi, ki\u015filerin hukuki durumlar\u0131n\u0131 \u00f6nceden \u00f6ng\u00f6rebilmelerini ve &hellip;<\/p>","protected":false},"author":3,"featured_media":0,"comment_status":"","ping_status":"open","sticky":false,"template":"","format":"standard","meta":{"_acf_changed":false,"footnotes":""},"categories":[27],"tags":[],"class_list":["post-76567","post","type-post","status-publish","format-standard","has-post-thumbnail","hentry","category-hukukihaber"],"acf":[],"yoast_head":"<!-- This site is optimized with the Yoast SEO Premium plugin v26.6 (Yoast SEO v27.1.1) - https:\/\/yoast.com\/product\/yoast-seo-premium-wordpress\/ -->\n<title>YARGITAY\u2019IN SIK \u0130\u00c7T\u0130HAT DE\u011e\u0130\u015e\u0130KL\u0130\u011e\u0130NE G\u0130TMES\u0130N\u0130N HUKUK\u0130 G\u00dcVENL\u0130K (BEL\u0130RL\u0130L\u0130K) \u0130LKES\u0130N\u0130 \u0130HLAL\u0130 - Av. Deniz Can K\u0131z\u0131l<\/title>\n<meta name=\"robots\" content=\"index, follow, max-snippet:-1, max-image-preview:large, max-video-preview:-1\" \/>\n<link rel=\"canonical\" href=\"https:\/\/denizcankizil.tr\/de\/hukukihaber\/yargitayin-sik-ictihat-degisikligine-gitmesinin-hukuki-guvenlik-belirlilik-ilkesini-ihlali\/\" \/>\n<meta property=\"og:locale\" content=\"de_DE\" \/>\n<meta property=\"og:type\" content=\"article\" \/>\n<meta property=\"og:title\" content=\"YARGITAY\u2019IN SIK \u0130\u00c7T\u0130HAT DE\u011e\u0130\u015e\u0130KL\u0130\u011e\u0130NE G\u0130TMES\u0130N\u0130N HUKUK\u0130 G\u00dcVENL\u0130K (BEL\u0130RL\u0130L\u0130K) \u0130LKES\u0130N\u0130 \u0130HLAL\u0130\" \/>\n<meta property=\"og:description\" content=\"\u00d6zet: Bu \u00e7al\u0131\u015fmada, Yarg\u0131tay\u2019\u0131n s\u0131kl\u0131kla i\u00e7tihat de\u011fi\u015ftirmesi olgusunun hukuki g\u00fcvenlik ilkesine etkisi tart\u0131\u015f\u0131lmaktad\u0131r. Hukuki g\u00fcvenlik ilkesinin temel unsurlar\u0131ndan biri olan belirlilik ilkesi, bireylerin davran\u0131\u015flar\u0131n\u0131 hukuka uygun bi\u00e7imde d\u00fczenleyebilmeleri i\u00e7in \u00f6ng\u00f6r\u00fclebilirlik gerektirir. Oysa i\u00e7tihatlar\u0131n s\u0131k s\u0131k ve \u00f6ng\u00f6r\u00fclemez \u015fekilde de\u011fi\u015fmesi, hukuki istikrar\u0131 zedelemekte; mahkemeye g\u00fcveni ve adalete eri\u015fimi olumsuz etkilemektedir. Anayasa Mahkemesi\u2019nin bu ilkeye ili\u015fkin de\u011ferlendirmeleri do\u011frultusunda, Yarg\u0131tay i\u00e7tihatlar\u0131n\u0131n istikrar\u0131 ile bireylerin temel hak ve \u00f6zg\u00fcrl\u00fcklerinin korunmas\u0131 aras\u0131ndaki ba\u011f ortaya konulmaktad\u0131r. 1.\u00a0Hukukun temel ama\u00e7lar\u0131ndan biri bireylerin hukuka olan g\u00fcvenini sa\u011flamakt\u0131r. Bu g\u00fcvenin teminat\u0131 olan hukuki g\u00fcvenlik ilkesi, Anayasa&#8217;n\u0131n 2. maddesinde yer alan hukuk devleti ilkesinin do\u011fal bir sonucudur. Hukuki g\u00fcvenli\u011fin \u00f6nemli bir boyutu da hukuki belirliliktir. Bu ba\u011flamda, mahkemelerin kararlar\u0131n\u0131n \u00f6ng\u00f6r\u00fclebilir ve istikrarl\u0131 olmas\u0131 gerekir. \u00d6zellikle i\u00e7tihatlar\u0131n, yarg\u0131 uygulamas\u0131nda yol g\u00f6sterici rol\u00fc bulundu\u011fu dikkate al\u0131nd\u0131\u011f\u0131nda, y\u00fcksek mahkemelerin tutarl\u0131 bir i\u00e7tihat \u00e7izgisi izlemesi hayati \u00f6nemdedir. 2. HUKUK\u0130 G\u00dcVENL\u0130K VE BEL\u0130RL\u0130L\u0130K \u0130LKES\u0130 Hukuki g\u00fcvenlik ilkesi, bireylerin hukuki durumlar\u0131n\u0131 \u00f6nceden \u00f6ng\u00f6rebilmesini ve bu duruma g\u00f6re davran\u0131\u015flar\u0131n\u0131 planlayabilmesini ifade eder. Bu ilke, yasalar\u0131n a\u00e7\u0131k, anla\u015f\u0131l\u0131r ve istikrarl\u0131 olmas\u0131n\u0131n yan\u0131nda, yarg\u0131 kararlar\u0131n\u0131n da \u00f6ng\u00f6r\u00fclebilir olmas\u0131n\u0131 gerekli k\u0131lar. Anayasa Mahkemesi, hukuki g\u00fcvenlik ilkesine ili\u015fkin \u00e7e\u015fitli kararlar\u0131nda bu noktaya dikkat \u00e7ekmi\u015ftir. \u00d6rne\u011fin: &#8211; AYM, E.2007\/4, K.2007\/81, 5.7.2007 tarihli karar\u0131: \u201cHukuki g\u00fcvenlik ilkesi, ki\u015filerin hukuki durumlar\u0131n\u0131 \u00f6nceden \u00f6ng\u00f6rebilmelerini ve &hellip;\" \/>\n<meta property=\"og:url\" content=\"https:\/\/denizcankizil.tr\/de\/hukukihaber\/yargitayin-sik-ictihat-degisikligine-gitmesinin-hukuki-guvenlik-belirlilik-ilkesini-ihlali\/\" \/>\n<meta property=\"og:site_name\" content=\"Av. Deniz Can K\u0131z\u0131l\" \/>\n<meta property=\"article:published_time\" content=\"2025-05-01T21:00:00+00:00\" \/>\n<meta name=\"author\" content=\"Hukuki Haber.net\" \/>\n<meta name=\"twitter:card\" content=\"summary_large_image\" \/>\n<meta name=\"twitter:label1\" content=\"Verfasst von\" \/>\n\t<meta name=\"twitter:data1\" content=\"Hukuki Haber.net\" \/>\n\t<meta name=\"twitter:label2\" content=\"Gesch\u00e4tzte Lesezeit\" \/>\n\t<meta name=\"twitter:data2\" content=\"9\u00a0Minuten\" \/>\n<script type=\"application\/ld+json\" class=\"yoast-schema-graph\">{\"@context\":\"https:\/\/schema.org\",\"@graph\":[{\"@type\":\"Article\",\"@id\":\"https:\/\/denizcankizil.tr\/en\/hukukihaber\/yargitayin-sik-ictihat-degisikligine-gitmesinin-hukuki-guvenlik-belirlilik-ilkesini-ihlali\/#article\",\"isPartOf\":{\"@id\":\"https:\/\/denizcankizil.tr\/en\/hukukihaber\/yargitayin-sik-ictihat-degisikligine-gitmesinin-hukuki-guvenlik-belirlilik-ilkesini-ihlali\/\"},\"author\":{\"name\":\"Hukuki Haber.net\",\"@id\":\"https:\/\/denizcankizil.tr\/de\/#\/schema\/person\/001a271de994a0aa3f90eea084424822\"},\"headline\":\"YARGITAY\u2019IN SIK \u0130\u00c7T\u0130HAT DE\u011e\u0130\u015e\u0130KL\u0130\u011e\u0130NE G\u0130TMES\u0130N\u0130N HUKUK\u0130 G\u00dcVENL\u0130K (BEL\u0130RL\u0130L\u0130K) \u0130LKES\u0130N\u0130 \u0130HLAL\u0130\",\"datePublished\":\"2025-05-01T21:00:00+00:00\",\"mainEntityOfPage\":{\"@id\":\"https:\/\/denizcankizil.tr\/en\/hukukihaber\/yargitayin-sik-ictihat-degisikligine-gitmesinin-hukuki-guvenlik-belirlilik-ilkesini-ihlali\/\"},\"wordCount\":1761,\"publisher\":{\"@id\":\"https:\/\/denizcankizil.tr\/de\/#organization\"},\"articleSection\":[\"Hukuki Haberler\"],\"inLanguage\":\"de\"},{\"@type\":\"WebPage\",\"@id\":\"https:\/\/denizcankizil.tr\/en\/hukukihaber\/yargitayin-sik-ictihat-degisikligine-gitmesinin-hukuki-guvenlik-belirlilik-ilkesini-ihlali\/\",\"url\":\"https:\/\/denizcankizil.tr\/en\/hukukihaber\/yargitayin-sik-ictihat-degisikligine-gitmesinin-hukuki-guvenlik-belirlilik-ilkesini-ihlali\/\",\"name\":\"YARGITAY\u2019IN SIK \u0130\u00c7T\u0130HAT DE\u011e\u0130\u015e\u0130KL\u0130\u011e\u0130NE G\u0130TMES\u0130N\u0130N HUKUK\u0130 G\u00dcVENL\u0130K (BEL\u0130RL\u0130L\u0130K) \u0130LKES\u0130N\u0130 \u0130HLAL\u0130 - Av. Deniz Can K\u0131z\u0131l\",\"isPartOf\":{\"@id\":\"https:\/\/denizcankizil.tr\/de\/#website\"},\"datePublished\":\"2025-05-01T21:00:00+00:00\",\"breadcrumb\":{\"@id\":\"https:\/\/denizcankizil.tr\/en\/hukukihaber\/yargitayin-sik-ictihat-degisikligine-gitmesinin-hukuki-guvenlik-belirlilik-ilkesini-ihlali\/#breadcrumb\"},\"inLanguage\":\"de\",\"potentialAction\":[{\"@type\":\"ReadAction\",\"target\":[\"https:\/\/denizcankizil.tr\/en\/hukukihaber\/yargitayin-sik-ictihat-degisikligine-gitmesinin-hukuki-guvenlik-belirlilik-ilkesini-ihlali\/\"]}]},{\"@type\":\"BreadcrumbList\",\"@id\":\"https:\/\/denizcankizil.tr\/en\/hukukihaber\/yargitayin-sik-ictihat-degisikligine-gitmesinin-hukuki-guvenlik-belirlilik-ilkesini-ihlali\/#breadcrumb\",\"itemListElement\":[{\"@type\":\"ListItem\",\"position\":1,\"name\":\"Home\",\"item\":\"https:\/\/denizcankizil.tr\/de\/\"},{\"@type\":\"ListItem\",\"position\":2,\"name\":\"YARGITAY\u2019IN SIK \u0130\u00c7T\u0130HAT DE\u011e\u0130\u015e\u0130KL\u0130\u011e\u0130NE G\u0130TMES\u0130N\u0130N HUKUK\u0130 G\u00dcVENL\u0130K (BEL\u0130RL\u0130L\u0130K) \u0130LKES\u0130N\u0130 \u0130HLAL\u0130\"}]},{\"@type\":\"WebSite\",\"@id\":\"https:\/\/denizcankizil.tr\/de\/#website\",\"url\":\"https:\/\/denizcankizil.tr\/de\/\",\"name\":\"Av. Deniz Can K\u0131z\u0131l\",\"description\":\"Avukat Deniz Can K\u0131z\u0131l Antalya Barosu\",\"publisher\":{\"@id\":\"https:\/\/denizcankizil.tr\/de\/#organization\"},\"potentialAction\":[{\"@type\":\"SearchAction\",\"target\":{\"@type\":\"EntryPoint\",\"urlTemplate\":\"https:\/\/denizcankizil.tr\/de\/?s={search_term_string}\"},\"query-input\":{\"@type\":\"PropertyValueSpecification\",\"valueRequired\":true,\"valueName\":\"search_term_string\"}}],\"inLanguage\":\"de\"},{\"@type\":\"Organization\",\"@id\":\"https:\/\/denizcankizil.tr\/de\/#organization\",\"name\":\"Av. Deniz Can K\u0131z\u0131l\",\"url\":\"https:\/\/denizcankizil.tr\/de\/\",\"logo\":{\"@type\":\"ImageObject\",\"inLanguage\":\"de\",\"@id\":\"https:\/\/denizcankizil.tr\/de\/#\/schema\/logo\/image\/\",\"url\":\"https:\/\/denizcankizil.tr\/wp-content\/uploads\/2024\/10\/siyah-logo-svg.svg\",\"contentUrl\":\"https:\/\/denizcankizil.tr\/wp-content\/uploads\/2024\/10\/siyah-logo-svg.svg\",\"width\":1080,\"height\":1080,\"caption\":\"Av. Deniz Can K\u0131z\u0131l\"},\"image\":{\"@id\":\"https:\/\/denizcankizil.tr\/de\/#\/schema\/logo\/image\/\"}},{\"@type\":\"Person\",\"@id\":\"https:\/\/denizcankizil.tr\/de\/#\/schema\/person\/001a271de994a0aa3f90eea084424822\",\"name\":\"Hukuki Haber.net\",\"image\":{\"@type\":\"ImageObject\",\"inLanguage\":\"de\",\"@id\":\"https:\/\/denizcankizil.tr\/de\/#\/schema\/person\/image\/\",\"url\":\"https:\/\/secure.gravatar.com\/avatar\/57d8a49151495586611a149d29fc42865b951dc053a84709a3172ccb5abf3118?s=96&d=mm&r=g\",\"contentUrl\":\"https:\/\/secure.gravatar.com\/avatar\/57d8a49151495586611a149d29fc42865b951dc053a84709a3172ccb5abf3118?s=96&d=mm&r=g\",\"caption\":\"Hukuki Haber.net\"},\"sameAs\":[\"http:\/\/www.hukukihaber.net\"],\"url\":\"https:\/\/www.hukukihaber.net\/yargitayin-sik-ictihat-degisikligine-gitmesinin-hukuki-guvenlik-belirlilik-ilkesini-ihlali\"}]}<\/script>\n<!-- \/ Yoast SEO Premium plugin. -->","yoast_head_json":{"title":"YARGITAY\u2019IN SIK \u0130\u00c7T\u0130HAT DE\u011e\u0130\u015e\u0130KL\u0130\u011e\u0130NE G\u0130TMES\u0130N\u0130N HUKUK\u0130 G\u00dcVENL\u0130K (BEL\u0130RL\u0130L\u0130K) \u0130LKES\u0130N\u0130 \u0130HLAL\u0130 - Av. Deniz Can K\u0131z\u0131l","robots":{"index":"index","follow":"follow","max-snippet":"max-snippet:-1","max-image-preview":"max-image-preview:large","max-video-preview":"max-video-preview:-1"},"canonical":"https:\/\/denizcankizil.tr\/de\/hukukihaber\/yargitayin-sik-ictihat-degisikligine-gitmesinin-hukuki-guvenlik-belirlilik-ilkesini-ihlali\/","og_locale":"de_DE","og_type":"article","og_title":"YARGITAY\u2019IN SIK \u0130\u00c7T\u0130HAT DE\u011e\u0130\u015e\u0130KL\u0130\u011e\u0130NE G\u0130TMES\u0130N\u0130N HUKUK\u0130 G\u00dcVENL\u0130K (BEL\u0130RL\u0130L\u0130K) \u0130LKES\u0130N\u0130 \u0130HLAL\u0130","og_description":"\u00d6zet: Bu \u00e7al\u0131\u015fmada, Yarg\u0131tay\u2019\u0131n s\u0131kl\u0131kla i\u00e7tihat de\u011fi\u015ftirmesi olgusunun hukuki g\u00fcvenlik ilkesine etkisi tart\u0131\u015f\u0131lmaktad\u0131r. Hukuki g\u00fcvenlik ilkesinin temel unsurlar\u0131ndan biri olan belirlilik ilkesi, bireylerin davran\u0131\u015flar\u0131n\u0131 hukuka uygun bi\u00e7imde d\u00fczenleyebilmeleri i\u00e7in \u00f6ng\u00f6r\u00fclebilirlik gerektirir. Oysa i\u00e7tihatlar\u0131n s\u0131k s\u0131k ve \u00f6ng\u00f6r\u00fclemez \u015fekilde de\u011fi\u015fmesi, hukuki istikrar\u0131 zedelemekte; mahkemeye g\u00fcveni ve adalete eri\u015fimi olumsuz etkilemektedir. Anayasa Mahkemesi\u2019nin bu ilkeye ili\u015fkin de\u011ferlendirmeleri do\u011frultusunda, Yarg\u0131tay i\u00e7tihatlar\u0131n\u0131n istikrar\u0131 ile bireylerin temel hak ve \u00f6zg\u00fcrl\u00fcklerinin korunmas\u0131 aras\u0131ndaki ba\u011f ortaya konulmaktad\u0131r. 1.\u00a0Hukukun temel ama\u00e7lar\u0131ndan biri bireylerin hukuka olan g\u00fcvenini sa\u011flamakt\u0131r. Bu g\u00fcvenin teminat\u0131 olan hukuki g\u00fcvenlik ilkesi, Anayasa&#8217;n\u0131n 2. maddesinde yer alan hukuk devleti ilkesinin do\u011fal bir sonucudur. Hukuki g\u00fcvenli\u011fin \u00f6nemli bir boyutu da hukuki belirliliktir. Bu ba\u011flamda, mahkemelerin kararlar\u0131n\u0131n \u00f6ng\u00f6r\u00fclebilir ve istikrarl\u0131 olmas\u0131 gerekir. \u00d6zellikle i\u00e7tihatlar\u0131n, yarg\u0131 uygulamas\u0131nda yol g\u00f6sterici rol\u00fc bulundu\u011fu dikkate al\u0131nd\u0131\u011f\u0131nda, y\u00fcksek mahkemelerin tutarl\u0131 bir i\u00e7tihat \u00e7izgisi izlemesi hayati \u00f6nemdedir. 2. HUKUK\u0130 G\u00dcVENL\u0130K VE BEL\u0130RL\u0130L\u0130K \u0130LKES\u0130 Hukuki g\u00fcvenlik ilkesi, bireylerin hukuki durumlar\u0131n\u0131 \u00f6nceden \u00f6ng\u00f6rebilmesini ve bu duruma g\u00f6re davran\u0131\u015flar\u0131n\u0131 planlayabilmesini ifade eder. Bu ilke, yasalar\u0131n a\u00e7\u0131k, anla\u015f\u0131l\u0131r ve istikrarl\u0131 olmas\u0131n\u0131n yan\u0131nda, yarg\u0131 kararlar\u0131n\u0131n da \u00f6ng\u00f6r\u00fclebilir olmas\u0131n\u0131 gerekli k\u0131lar. Anayasa Mahkemesi, hukuki g\u00fcvenlik ilkesine ili\u015fkin \u00e7e\u015fitli kararlar\u0131nda bu noktaya dikkat \u00e7ekmi\u015ftir. \u00d6rne\u011fin: &#8211; AYM, E.2007\/4, K.2007\/81, 5.7.2007 tarihli karar\u0131: \u201cHukuki g\u00fcvenlik ilkesi, ki\u015filerin hukuki durumlar\u0131n\u0131 \u00f6nceden \u00f6ng\u00f6rebilmelerini ve &hellip;","og_url":"https:\/\/denizcankizil.tr\/de\/hukukihaber\/yargitayin-sik-ictihat-degisikligine-gitmesinin-hukuki-guvenlik-belirlilik-ilkesini-ihlali\/","og_site_name":"Av. Deniz Can K\u0131z\u0131l","article_published_time":"2025-05-01T21:00:00+00:00","author":"Hukuki Haber.net","twitter_card":"summary_large_image","twitter_misc":{"Verfasst von":"Hukuki Haber.net","Gesch\u00e4tzte Lesezeit":"9\u00a0Minuten"},"schema":{"@context":"https:\/\/schema.org","@graph":[{"@type":"Article","@id":"https:\/\/denizcankizil.tr\/en\/hukukihaber\/yargitayin-sik-ictihat-degisikligine-gitmesinin-hukuki-guvenlik-belirlilik-ilkesini-ihlali\/#article","isPartOf":{"@id":"https:\/\/denizcankizil.tr\/en\/hukukihaber\/yargitayin-sik-ictihat-degisikligine-gitmesinin-hukuki-guvenlik-belirlilik-ilkesini-ihlali\/"},"author":{"name":"Hukuki Haber.net","@id":"https:\/\/denizcankizil.tr\/de\/#\/schema\/person\/001a271de994a0aa3f90eea084424822"},"headline":"YARGITAY\u2019IN SIK \u0130\u00c7T\u0130HAT DE\u011e\u0130\u015e\u0130KL\u0130\u011e\u0130NE G\u0130TMES\u0130N\u0130N HUKUK\u0130 G\u00dcVENL\u0130K (BEL\u0130RL\u0130L\u0130K) \u0130LKES\u0130N\u0130 \u0130HLAL\u0130","datePublished":"2025-05-01T21:00:00+00:00","mainEntityOfPage":{"@id":"https:\/\/denizcankizil.tr\/en\/hukukihaber\/yargitayin-sik-ictihat-degisikligine-gitmesinin-hukuki-guvenlik-belirlilik-ilkesini-ihlali\/"},"wordCount":1761,"publisher":{"@id":"https:\/\/denizcankizil.tr\/de\/#organization"},"articleSection":["Hukuki Haberler"],"inLanguage":"de"},{"@type":"WebPage","@id":"https:\/\/denizcankizil.tr\/en\/hukukihaber\/yargitayin-sik-ictihat-degisikligine-gitmesinin-hukuki-guvenlik-belirlilik-ilkesini-ihlali\/","url":"https:\/\/denizcankizil.tr\/en\/hukukihaber\/yargitayin-sik-ictihat-degisikligine-gitmesinin-hukuki-guvenlik-belirlilik-ilkesini-ihlali\/","name":"YARGITAY\u2019IN SIK \u0130\u00c7T\u0130HAT DE\u011e\u0130\u015e\u0130KL\u0130\u011e\u0130NE G\u0130TMES\u0130N\u0130N HUKUK\u0130 G\u00dcVENL\u0130K (BEL\u0130RL\u0130L\u0130K) \u0130LKES\u0130N\u0130 \u0130HLAL\u0130 - Av. Deniz Can K\u0131z\u0131l","isPartOf":{"@id":"https:\/\/denizcankizil.tr\/de\/#website"},"datePublished":"2025-05-01T21:00:00+00:00","breadcrumb":{"@id":"https:\/\/denizcankizil.tr\/en\/hukukihaber\/yargitayin-sik-ictihat-degisikligine-gitmesinin-hukuki-guvenlik-belirlilik-ilkesini-ihlali\/#breadcrumb"},"inLanguage":"de","potentialAction":[{"@type":"ReadAction","target":["https:\/\/denizcankizil.tr\/en\/hukukihaber\/yargitayin-sik-ictihat-degisikligine-gitmesinin-hukuki-guvenlik-belirlilik-ilkesini-ihlali\/"]}]},{"@type":"BreadcrumbList","@id":"https:\/\/denizcankizil.tr\/en\/hukukihaber\/yargitayin-sik-ictihat-degisikligine-gitmesinin-hukuki-guvenlik-belirlilik-ilkesini-ihlali\/#breadcrumb","itemListElement":[{"@type":"ListItem","position":1,"name":"Home","item":"https:\/\/denizcankizil.tr\/de\/"},{"@type":"ListItem","position":2,"name":"YARGITAY\u2019IN SIK \u0130\u00c7T\u0130HAT DE\u011e\u0130\u015e\u0130KL\u0130\u011e\u0130NE G\u0130TMES\u0130N\u0130N HUKUK\u0130 G\u00dcVENL\u0130K (BEL\u0130RL\u0130L\u0130K) \u0130LKES\u0130N\u0130 \u0130HLAL\u0130"}]},{"@type":"WebSite","@id":"https:\/\/denizcankizil.tr\/de\/#website","url":"https:\/\/denizcankizil.tr\/de\/","name":"Av. Deniz Can K\u0131z\u0131l","description":"Avukat Deniz Can K\u0131z\u0131l Antalya Barosu","publisher":{"@id":"https:\/\/denizcankizil.tr\/de\/#organization"},"potentialAction":[{"@type":"SearchAction","target":{"@type":"EntryPoint","urlTemplate":"https:\/\/denizcankizil.tr\/de\/?s={search_term_string}"},"query-input":{"@type":"PropertyValueSpecification","valueRequired":true,"valueName":"search_term_string"}}],"inLanguage":"de"},{"@type":"Organization","@id":"https:\/\/denizcankizil.tr\/de\/#organization","name":"Av. Deniz Can K\u0131z\u0131l","url":"https:\/\/denizcankizil.tr\/de\/","logo":{"@type":"ImageObject","inLanguage":"de","@id":"https:\/\/denizcankizil.tr\/de\/#\/schema\/logo\/image\/","url":"https:\/\/denizcankizil.tr\/wp-content\/uploads\/2024\/10\/siyah-logo-svg.svg","contentUrl":"https:\/\/denizcankizil.tr\/wp-content\/uploads\/2024\/10\/siyah-logo-svg.svg","width":1080,"height":1080,"caption":"Av. Deniz Can K\u0131z\u0131l"},"image":{"@id":"https:\/\/denizcankizil.tr\/de\/#\/schema\/logo\/image\/"}},{"@type":"Person","@id":"https:\/\/denizcankizil.tr\/de\/#\/schema\/person\/001a271de994a0aa3f90eea084424822","name":"Hukuki Haber.net","image":{"@type":"ImageObject","inLanguage":"de","@id":"https:\/\/denizcankizil.tr\/de\/#\/schema\/person\/image\/","url":"https:\/\/secure.gravatar.com\/avatar\/57d8a49151495586611a149d29fc42865b951dc053a84709a3172ccb5abf3118?s=96&d=mm&r=g","contentUrl":"https:\/\/secure.gravatar.com\/avatar\/57d8a49151495586611a149d29fc42865b951dc053a84709a3172ccb5abf3118?s=96&d=mm&r=g","caption":"Hukuki Haber.net"},"sameAs":["http:\/\/www.hukukihaber.net"],"url":"https:\/\/www.hukukihaber.net\/yargitayin-sik-ictihat-degisikligine-gitmesinin-hukuki-guvenlik-belirlilik-ilkesini-ihlali"}]}},"_links":{"self":[{"href":"https:\/\/denizcankizil.tr\/de\/wp-json\/wp\/v2\/posts\/76567","targetHints":{"allow":["GET"]}}],"collection":[{"href":"https:\/\/denizcankizil.tr\/de\/wp-json\/wp\/v2\/posts"}],"about":[{"href":"https:\/\/denizcankizil.tr\/de\/wp-json\/wp\/v2\/types\/post"}],"author":[{"embeddable":true,"href":"https:\/\/denizcankizil.tr\/de\/wp-json\/wp\/v2\/users\/3"}],"replies":[{"embeddable":true,"href":"https:\/\/denizcankizil.tr\/de\/wp-json\/wp\/v2\/comments?post=76567"}],"version-history":[{"count":0,"href":"https:\/\/denizcankizil.tr\/de\/wp-json\/wp\/v2\/posts\/76567\/revisions"}],"wp:attachment":[{"href":"https:\/\/denizcankizil.tr\/de\/wp-json\/wp\/v2\/media?parent=76567"}],"wp:term":[{"taxonomy":"category","embeddable":true,"href":"https:\/\/denizcankizil.tr\/de\/wp-json\/wp\/v2\/categories?post=76567"},{"taxonomy":"post_tag","embeddable":true,"href":"https:\/\/denizcankizil.tr\/de\/wp-json\/wp\/v2\/tags?post=76567"}],"curies":[{"name":"wp","href":"https:\/\/api.w.org\/{rel}","templated":true}]}}