{"id":75841,"date":"2025-05-04T15:42:11","date_gmt":"2025-05-04T12:42:11","guid":{"rendered":"https:\/\/denizcankizil.tr\/uncategorized-tr\/manisada-yeni-encumen-uyeleriyle-ilk-toplanti-yapildi\/"},"modified":"2025-05-04T15:42:11","modified_gmt":"2025-05-04T12:42:11","slug":"manisada-yeni-encumen-uyeleriyle-ilk-toplanti-yapildi","status":"publish","type":"post","link":"https:\/\/denizcankizil.tr\/de\/haberler\/gundem\/manisada-yeni-encumen-uyeleriyle-ilk-toplanti-yapildi\/","title":{"rendered":"Manisa&#8217;da yeni enc\u00fcmen \u00fcyeleriyle ilk toplant\u0131 yap\u0131ld\u0131"},"content":{"rendered":"<p>Manisa B\u00fcy\u00fck\u015fehir Belediyesi\u2019nin haftal\u0131k ola\u011fan enc\u00fcmen toplant\u0131s\u0131, Genel Sekreter Burak Deste ba\u015fkanl\u0131\u011f\u0131nda yeni enc\u00fcmen \u00fcyelerinin kat\u0131l\u0131m\u0131yla ger\u00e7ekle\u015ftirildi.MAN\u0130SA (\u0130GFA) &#8211; Manisa B\u00fcy\u00fck\u015fehir Belediyesi\u2019nin enc\u00fcmen toplant\u0131s\u0131, Nisan ay\u0131 meclis toplant\u0131s\u0131nda se\u00e7ilen yeni enc\u00fcmen \u00fcyelerinin kat\u0131l\u0131m\u0131yla Genel Sekreter Burak Deste ba\u015fkanl\u0131\u011f\u0131nda yap\u0131ld\u0131.<\/p>\n<p>Toplant\u0131ya, enc\u00fcmen \u00fcyeleri Yenal Y\u0131ld\u0131r\u0131m, Onursal Say\u0131n, Hasan H\u00fcseyin Namver, Halil Erman Ery\u0131lmaz ve F\u0131rat Honoz\u2019un yan\u0131 s\u0131ra Genel Sekreter Yard\u0131mc\u0131s\u0131 O\u011fuz Murat P\u0131nar, \u0130mar ve \u015eehircilik Dairesi Ba\u015fkan\u0131 Adem Dorukan Duru, Emlak ve \u0130stimlak Dairesi Ba\u015fkan\u0131 Mehmet Kara, Fen \u0130\u015fleri Dairesi Ba\u015fkan\u0131 Dilek Yeltin, Mali Hizmetler Dairesi Ba\u015fkan\u0131 Serdar Sidan, Yaz\u0131 \u0130\u015fleri ve Kararlar Daire Ba\u015fkan\u0131 \u00d6zcan \u00c7etin ve ilgili birim personeli kat\u0131ld\u0131. Toplant\u0131da, belediyenin \u00e7e\u015fitli dairelerinden gelen g\u00fcndem maddeleri g\u00f6r\u00fc\u015f\u00fclerek karara ba\u011fland\u0131.<\/p>\n<p>\u200bManisa B\u00fcy\u00fck\u015fehir Belediyesi\u2019nin haftal\u0131k ola\u011fan enc\u00fcmen toplant\u0131s\u0131, Genel Sekreter Burak Deste ba\u015fkanl\u0131\u011f\u0131nda yeni enc\u00fcmen \u00fcyelerinin kat\u0131l\u0131m\u0131yla ger\u00e7ekle\u015ftirildi.MAN\u0130SA (\u0130GFA) &#8211; Manisa B\u00fcy\u00fck\u015fehir Belediyesi\u2019nin enc\u00fcmen toplant\u0131s\u0131, Nisan ay\u0131 meclis toplant\u0131s\u0131nda se\u00e7ilen yeni enc\u00fcmen \u00fcyelerinin kat\u0131l\u0131m\u0131yla Genel Sekreter Burak Deste ba\u015fkanl\u0131\u011f\u0131nda yap\u0131ld\u0131.<\/p>\n<p>Toplant\u0131ya, enc\u00fcmen \u00fcyeleri Yenal Y\u0131ld\u0131r\u0131m, Onursal Say\u0131n, Hasan H\u00fcseyin Namver, Halil Erman Ery\u0131lmaz ve F\u0131rat Honoz\u2019un yan\u0131 s\u0131ra Genel Sekreter Yard\u0131mc\u0131s\u0131 O\u011fuz Murat P\u0131nar, \u0130mar ve \u015eehircilik Dairesi Ba\u015fkan\u0131 Adem Dorukan Duru, Emlak ve \u0130stimlak Dairesi Ba\u015fkan\u0131 Mehmet Kara, Fen \u0130\u015fleri Dairesi Ba\u015fkan\u0131 Dilek Yeltin, Mali Hizmetler Dairesi Ba\u015fkan\u0131 Serdar Sidan, Yaz\u0131 \u0130\u015fleri ve Kararlar Daire Ba\u015fkan\u0131 \u00d6zcan \u00c7etin ve ilgili birim personeli kat\u0131ld\u0131. Toplant\u0131da, belediyenin \u00e7e\u015fitli dairelerinden gelen g\u00fcndem maddeleri g\u00f6r\u00fc\u015f\u00fclerek karara ba\u011fland\u0131.\u00a0<\/p>\n<p>\u200bHaberin Al\u0131nt\u0131land\u0131\u011f\u0131 Kaynak: www.iskenderun.org<\/p>","protected":false},"excerpt":{"rendered":"<p>Manisa B\u00fcy\u00fck\u015fehir Belediyesi\u2019nin haftal\u0131k ola\u011fan enc\u00fcmen toplant\u0131s\u0131, Genel Sekreter Burak Deste ba\u015fkanl\u0131\u011f\u0131nda yeni enc\u00fcmen \u00fcyelerinin kat\u0131l\u0131m\u0131yla ger\u00e7ekle\u015ftirildi.MAN\u0130SA (\u0130GFA) &#8211; Manisa B\u00fcy\u00fck\u015fehir Belediyesi\u2019nin enc\u00fcmen toplant\u0131s\u0131, Nisan ay\u0131 meclis toplant\u0131s\u0131nda se\u00e7ilen yeni enc\u00fcmen \u00fcyelerinin kat\u0131l\u0131m\u0131yla Genel Sekreter Burak Deste ba\u015fkanl\u0131\u011f\u0131nda yap\u0131ld\u0131. Toplant\u0131ya, enc\u00fcmen \u00fcyeleri Yenal Y\u0131ld\u0131r\u0131m, Onursal Say\u0131n, Hasan H\u00fcseyin Namver, Halil Erman Ery\u0131lmaz ve F\u0131rat Honoz\u2019un yan\u0131 s\u0131ra Genel Sekreter Yard\u0131mc\u0131s\u0131 O\u011fuz Murat P\u0131nar, \u0130mar ve \u015eehircilik Dairesi Ba\u015fkan\u0131 Adem Dorukan Duru, Emlak ve \u0130stimlak Dairesi Ba\u015fkan\u0131 Mehmet Kara, Fen \u0130\u015fleri Dairesi Ba\u015fkan\u0131 Dilek Yeltin, Mali Hizmetler Dairesi Ba\u015fkan\u0131 Serdar Sidan, Yaz\u0131 \u0130\u015fleri ve Kararlar Daire Ba\u015fkan\u0131 \u00d6zcan \u00c7etin ve ilgili birim personeli kat\u0131ld\u0131. Toplant\u0131da, belediyenin \u00e7e\u015fitli dairelerinden gelen g\u00fcndem maddeleri g\u00f6r\u00fc\u015f\u00fclerek karara ba\u011fland\u0131. \u200bManisa B\u00fcy\u00fck\u015fehir Belediyesi\u2019nin haftal\u0131k ola\u011fan enc\u00fcmen toplant\u0131s\u0131, Genel Sekreter Burak Deste ba\u015fkanl\u0131\u011f\u0131nda yeni enc\u00fcmen \u00fcyelerinin kat\u0131l\u0131m\u0131yla ger\u00e7ekle\u015ftirildi.MAN\u0130SA (\u0130GFA) &#8211; Manisa B\u00fcy\u00fck\u015fehir Belediyesi\u2019nin enc\u00fcmen toplant\u0131s\u0131, Nisan ay\u0131 meclis toplant\u0131s\u0131nda se\u00e7ilen yeni enc\u00fcmen \u00fcyelerinin kat\u0131l\u0131m\u0131yla Genel Sekreter Burak Deste ba\u015fkanl\u0131\u011f\u0131nda yap\u0131ld\u0131. Toplant\u0131ya, enc\u00fcmen \u00fcyeleri Yenal Y\u0131ld\u0131r\u0131m, Onursal Say\u0131n, Hasan H\u00fcseyin Namver, Halil Erman Ery\u0131lmaz ve F\u0131rat Honoz\u2019un yan\u0131 s\u0131ra Genel Sekreter Yard\u0131mc\u0131s\u0131 O\u011fuz Murat P\u0131nar, \u0130mar ve \u015eehircilik Dairesi Ba\u015fkan\u0131 Adem Dorukan Duru, Emlak ve \u0130stimlak Dairesi Ba\u015fkan\u0131 Mehmet Kara, Fen \u0130\u015fleri Dairesi Ba\u015fkan\u0131 Dilek Yeltin, Mali Hizmetler Dairesi &hellip;<\/p>","protected":false},"author":1,"featured_media":0,"comment_status":"","ping_status":"open","sticky":false,"template":"","format":"standard","meta":{"_acf_changed":false,"footnotes":""},"categories":[24],"tags":[],"class_list":["post-75841","post","type-post","status-publish","format-standard","has-post-thumbnail","hentry","category-gundem"],"acf":[],"yoast_head":"<!-- This site is optimized with the Yoast SEO Premium plugin v26.6 (Yoast SEO v27.1.1) - https:\/\/yoast.com\/product\/yoast-seo-premium-wordpress\/ -->\n<title>Manisa&#039;da yeni enc\u00fcmen \u00fcyeleriyle ilk toplant\u0131 yap\u0131ld\u0131 - Av. Deniz Can K\u0131z\u0131l<\/title>\n<meta name=\"robots\" content=\"index, follow, max-snippet:-1, max-image-preview:large, max-video-preview:-1\" \/>\n<link rel=\"canonical\" href=\"https:\/\/denizcankizil.tr\/de\/haberler\/gundem\/manisada-yeni-encumen-uyeleriyle-ilk-toplanti-yapildi\/\" \/>\n<meta property=\"og:locale\" content=\"de_DE\" \/>\n<meta property=\"og:type\" content=\"article\" \/>\n<meta property=\"og:title\" content=\"Manisa&#039;da yeni enc\u00fcmen \u00fcyeleriyle ilk toplant\u0131 yap\u0131ld\u0131\" \/>\n<meta property=\"og:description\" content=\"Manisa B\u00fcy\u00fck\u015fehir Belediyesi\u2019nin haftal\u0131k ola\u011fan enc\u00fcmen toplant\u0131s\u0131, Genel Sekreter Burak Deste ba\u015fkanl\u0131\u011f\u0131nda yeni enc\u00fcmen \u00fcyelerinin kat\u0131l\u0131m\u0131yla ger\u00e7ekle\u015ftirildi.MAN\u0130SA (\u0130GFA) &#8211; Manisa B\u00fcy\u00fck\u015fehir Belediyesi\u2019nin enc\u00fcmen toplant\u0131s\u0131, Nisan ay\u0131 meclis toplant\u0131s\u0131nda se\u00e7ilen yeni enc\u00fcmen \u00fcyelerinin kat\u0131l\u0131m\u0131yla Genel Sekreter Burak Deste ba\u015fkanl\u0131\u011f\u0131nda yap\u0131ld\u0131. Toplant\u0131ya, enc\u00fcmen \u00fcyeleri Yenal Y\u0131ld\u0131r\u0131m, Onursal Say\u0131n, Hasan H\u00fcseyin Namver, Halil Erman Ery\u0131lmaz ve F\u0131rat Honoz\u2019un yan\u0131 s\u0131ra Genel Sekreter Yard\u0131mc\u0131s\u0131 O\u011fuz Murat P\u0131nar, \u0130mar ve \u015eehircilik Dairesi Ba\u015fkan\u0131 Adem Dorukan Duru, Emlak ve \u0130stimlak Dairesi Ba\u015fkan\u0131 Mehmet Kara, Fen \u0130\u015fleri Dairesi Ba\u015fkan\u0131 Dilek Yeltin, Mali Hizmetler Dairesi Ba\u015fkan\u0131 Serdar Sidan, Yaz\u0131 \u0130\u015fleri ve Kararlar Daire Ba\u015fkan\u0131 \u00d6zcan \u00c7etin ve ilgili birim personeli kat\u0131ld\u0131. Toplant\u0131da, belediyenin \u00e7e\u015fitli dairelerinden gelen g\u00fcndem maddeleri g\u00f6r\u00fc\u015f\u00fclerek karara ba\u011fland\u0131. \u200bManisa B\u00fcy\u00fck\u015fehir Belediyesi\u2019nin haftal\u0131k ola\u011fan enc\u00fcmen toplant\u0131s\u0131, Genel Sekreter Burak Deste ba\u015fkanl\u0131\u011f\u0131nda yeni enc\u00fcmen \u00fcyelerinin kat\u0131l\u0131m\u0131yla ger\u00e7ekle\u015ftirildi.MAN\u0130SA (\u0130GFA) &#8211; Manisa B\u00fcy\u00fck\u015fehir Belediyesi\u2019nin enc\u00fcmen toplant\u0131s\u0131, Nisan ay\u0131 meclis toplant\u0131s\u0131nda se\u00e7ilen yeni enc\u00fcmen \u00fcyelerinin kat\u0131l\u0131m\u0131yla Genel Sekreter Burak Deste ba\u015fkanl\u0131\u011f\u0131nda yap\u0131ld\u0131. Toplant\u0131ya, enc\u00fcmen \u00fcyeleri Yenal Y\u0131ld\u0131r\u0131m, Onursal Say\u0131n, Hasan H\u00fcseyin Namver, Halil Erman Ery\u0131lmaz ve F\u0131rat Honoz\u2019un yan\u0131 s\u0131ra Genel Sekreter Yard\u0131mc\u0131s\u0131 O\u011fuz Murat P\u0131nar, \u0130mar ve \u015eehircilik Dairesi Ba\u015fkan\u0131 Adem Dorukan Duru, Emlak ve \u0130stimlak Dairesi Ba\u015fkan\u0131 Mehmet Kara, Fen \u0130\u015fleri Dairesi Ba\u015fkan\u0131 Dilek Yeltin, Mali Hizmetler Dairesi &hellip;\" \/>\n<meta property=\"og:url\" content=\"https:\/\/denizcankizil.tr\/de\/haberler\/gundem\/manisada-yeni-encumen-uyeleriyle-ilk-toplanti-yapildi\/\" \/>\n<meta property=\"og:site_name\" content=\"Av. Deniz Can K\u0131z\u0131l\" \/>\n<meta property=\"article:published_time\" content=\"2025-05-04T12:42:11+00:00\" \/>\n<meta name=\"author\" content=\"admin\" \/>\n<meta name=\"twitter:card\" content=\"summary_large_image\" \/>\n<meta name=\"twitter:label1\" content=\"Verfasst von\" \/>\n\t<meta name=\"twitter:data1\" content=\"admin\" \/>\n\t<meta name=\"twitter:label2\" content=\"Gesch\u00e4tzte Lesezeit\" \/>\n\t<meta name=\"twitter:data2\" content=\"2\u00a0Minuten\" \/>\n<script type=\"application\/ld+json\" class=\"yoast-schema-graph\">{\"@context\":\"https:\/\/schema.org\",\"@graph\":[{\"@type\":\"Article\",\"@id\":\"https:\/\/denizcankizil.tr\/de\/haberler\/gundem\/manisada-yeni-encumen-uyeleriyle-ilk-toplanti-yapildi\/#article\",\"isPartOf\":{\"@id\":\"https:\/\/denizcankizil.tr\/de\/haberler\/gundem\/manisada-yeni-encumen-uyeleriyle-ilk-toplanti-yapildi\/\"},\"author\":{\"name\":\"admin\",\"@id\":\"https:\/\/denizcankizil.tr\/#\/schema\/person\/be3c05fe6a12686905512445d8185489\"},\"headline\":\"Manisa&#8217;da yeni enc\u00fcmen \u00fcyeleriyle ilk toplant\u0131 yap\u0131ld\u0131\",\"datePublished\":\"2025-05-04T12:42:11+00:00\",\"mainEntityOfPage\":{\"@id\":\"https:\/\/denizcankizil.tr\/de\/haberler\/gundem\/manisada-yeni-encumen-uyeleriyle-ilk-toplanti-yapildi\/\"},\"wordCount\":366,\"publisher\":{\"@id\":\"https:\/\/denizcankizil.tr\/#organization\"},\"articleSection\":[\"G\u00fcndem\"],\"inLanguage\":\"de\"},{\"@type\":\"WebPage\",\"@id\":\"https:\/\/denizcankizil.tr\/de\/haberler\/gundem\/manisada-yeni-encumen-uyeleriyle-ilk-toplanti-yapildi\/\",\"url\":\"https:\/\/denizcankizil.tr\/de\/haberler\/gundem\/manisada-yeni-encumen-uyeleriyle-ilk-toplanti-yapildi\/\",\"name\":\"Manisa'da yeni enc\u00fcmen \u00fcyeleriyle ilk toplant\u0131 yap\u0131ld\u0131 - Av. Deniz Can K\u0131z\u0131l\",\"isPartOf\":{\"@id\":\"https:\/\/denizcankizil.tr\/#website\"},\"datePublished\":\"2025-05-04T12:42:11+00:00\",\"breadcrumb\":{\"@id\":\"https:\/\/denizcankizil.tr\/de\/haberler\/gundem\/manisada-yeni-encumen-uyeleriyle-ilk-toplanti-yapildi\/#breadcrumb\"},\"inLanguage\":\"de\",\"potentialAction\":[{\"@type\":\"ReadAction\",\"target\":[\"https:\/\/denizcankizil.tr\/de\/haberler\/gundem\/manisada-yeni-encumen-uyeleriyle-ilk-toplanti-yapildi\/\"]}]},{\"@type\":\"BreadcrumbList\",\"@id\":\"https:\/\/denizcankizil.tr\/de\/haberler\/gundem\/manisada-yeni-encumen-uyeleriyle-ilk-toplanti-yapildi\/#breadcrumb\",\"itemListElement\":[{\"@type\":\"ListItem\",\"position\":1,\"name\":\"Home\",\"item\":\"https:\/\/denizcankizil.tr\/de\/\"},{\"@type\":\"ListItem\",\"position\":2,\"name\":\"Manisa&#8217;da yeni enc\u00fcmen \u00fcyeleriyle ilk toplant\u0131 yap\u0131ld\u0131\"}]},{\"@type\":\"WebSite\",\"@id\":\"https:\/\/denizcankizil.tr\/#website\",\"url\":\"https:\/\/denizcankizil.tr\/\",\"name\":\"Av. Deniz Can K\u0131z\u0131l\",\"description\":\"Avukat Deniz Can K\u0131z\u0131l Antalya Barosu\",\"publisher\":{\"@id\":\"https:\/\/denizcankizil.tr\/#organization\"},\"potentialAction\":[{\"@type\":\"SearchAction\",\"target\":{\"@type\":\"EntryPoint\",\"urlTemplate\":\"https:\/\/denizcankizil.tr\/?s={search_term_string}\"},\"query-input\":{\"@type\":\"PropertyValueSpecification\",\"valueRequired\":true,\"valueName\":\"search_term_string\"}}],\"inLanguage\":\"de\"},{\"@type\":\"Organization\",\"@id\":\"https:\/\/denizcankizil.tr\/#organization\",\"name\":\"Av. Deniz Can K\u0131z\u0131l\",\"url\":\"https:\/\/denizcankizil.tr\/\",\"logo\":{\"@type\":\"ImageObject\",\"inLanguage\":\"de\",\"@id\":\"https:\/\/denizcankizil.tr\/#\/schema\/logo\/image\/\",\"url\":\"https:\/\/denizcankizil.tr\/wp-content\/uploads\/2024\/10\/siyah-logo-svg.svg\",\"contentUrl\":\"https:\/\/denizcankizil.tr\/wp-content\/uploads\/2024\/10\/siyah-logo-svg.svg\",\"width\":1080,\"height\":1080,\"caption\":\"Av. Deniz Can K\u0131z\u0131l\"},\"image\":{\"@id\":\"https:\/\/denizcankizil.tr\/#\/schema\/logo\/image\/\"}},{\"@type\":\"Person\",\"@id\":\"https:\/\/denizcankizil.tr\/#\/schema\/person\/be3c05fe6a12686905512445d8185489\",\"name\":\"admin\",\"image\":{\"@type\":\"ImageObject\",\"inLanguage\":\"de\",\"@id\":\"https:\/\/denizcankizil.tr\/#\/schema\/person\/image\/\",\"url\":\"https:\/\/secure.gravatar.com\/avatar\/c1fce94c830dc79107e174f890d7210541c4a63e8e5d816341794a2151c9d58c?s=96&d=mm&r=g\",\"contentUrl\":\"https:\/\/secure.gravatar.com\/avatar\/c1fce94c830dc79107e174f890d7210541c4a63e8e5d816341794a2151c9d58c?s=96&d=mm&r=g\",\"caption\":\"admin\"},\"sameAs\":[\"http:\/\/denizcankizil.tr\"],\"url\":\"https:\/\/www.iskenderun.org\/manisada-yeni-encumen-uyeleriyle-ilk-toplanti-yapildi\"}]}<\/script>\n<!-- \/ Yoast SEO Premium plugin. -->","yoast_head_json":{"title":"Manisa'da yeni enc\u00fcmen \u00fcyeleriyle ilk toplant\u0131 yap\u0131ld\u0131 - Av. Deniz Can K\u0131z\u0131l","robots":{"index":"index","follow":"follow","max-snippet":"max-snippet:-1","max-image-preview":"max-image-preview:large","max-video-preview":"max-video-preview:-1"},"canonical":"https:\/\/denizcankizil.tr\/de\/haberler\/gundem\/manisada-yeni-encumen-uyeleriyle-ilk-toplanti-yapildi\/","og_locale":"de_DE","og_type":"article","og_title":"Manisa'da yeni enc\u00fcmen \u00fcyeleriyle ilk toplant\u0131 yap\u0131ld\u0131","og_description":"Manisa B\u00fcy\u00fck\u015fehir Belediyesi\u2019nin haftal\u0131k ola\u011fan enc\u00fcmen toplant\u0131s\u0131, Genel Sekreter Burak Deste ba\u015fkanl\u0131\u011f\u0131nda yeni enc\u00fcmen \u00fcyelerinin kat\u0131l\u0131m\u0131yla ger\u00e7ekle\u015ftirildi.MAN\u0130SA (\u0130GFA) &#8211; Manisa B\u00fcy\u00fck\u015fehir Belediyesi\u2019nin enc\u00fcmen toplant\u0131s\u0131, Nisan ay\u0131 meclis toplant\u0131s\u0131nda se\u00e7ilen yeni enc\u00fcmen \u00fcyelerinin kat\u0131l\u0131m\u0131yla Genel Sekreter Burak Deste ba\u015fkanl\u0131\u011f\u0131nda yap\u0131ld\u0131. Toplant\u0131ya, enc\u00fcmen \u00fcyeleri Yenal Y\u0131ld\u0131r\u0131m, Onursal Say\u0131n, Hasan H\u00fcseyin Namver, Halil Erman Ery\u0131lmaz ve F\u0131rat Honoz\u2019un yan\u0131 s\u0131ra Genel Sekreter Yard\u0131mc\u0131s\u0131 O\u011fuz Murat P\u0131nar, \u0130mar ve \u015eehircilik Dairesi Ba\u015fkan\u0131 Adem Dorukan Duru, Emlak ve \u0130stimlak Dairesi Ba\u015fkan\u0131 Mehmet Kara, Fen \u0130\u015fleri Dairesi Ba\u015fkan\u0131 Dilek Yeltin, Mali Hizmetler Dairesi Ba\u015fkan\u0131 Serdar Sidan, Yaz\u0131 \u0130\u015fleri ve Kararlar Daire Ba\u015fkan\u0131 \u00d6zcan \u00c7etin ve ilgili birim personeli kat\u0131ld\u0131. Toplant\u0131da, belediyenin \u00e7e\u015fitli dairelerinden gelen g\u00fcndem maddeleri g\u00f6r\u00fc\u015f\u00fclerek karara ba\u011fland\u0131. \u200bManisa B\u00fcy\u00fck\u015fehir Belediyesi\u2019nin haftal\u0131k ola\u011fan enc\u00fcmen toplant\u0131s\u0131, Genel Sekreter Burak Deste ba\u015fkanl\u0131\u011f\u0131nda yeni enc\u00fcmen \u00fcyelerinin kat\u0131l\u0131m\u0131yla ger\u00e7ekle\u015ftirildi.MAN\u0130SA (\u0130GFA) &#8211; Manisa B\u00fcy\u00fck\u015fehir Belediyesi\u2019nin enc\u00fcmen toplant\u0131s\u0131, Nisan ay\u0131 meclis toplant\u0131s\u0131nda se\u00e7ilen yeni enc\u00fcmen \u00fcyelerinin kat\u0131l\u0131m\u0131yla Genel Sekreter Burak Deste ba\u015fkanl\u0131\u011f\u0131nda yap\u0131ld\u0131. Toplant\u0131ya, enc\u00fcmen \u00fcyeleri Yenal Y\u0131ld\u0131r\u0131m, Onursal Say\u0131n, Hasan H\u00fcseyin Namver, Halil Erman Ery\u0131lmaz ve F\u0131rat Honoz\u2019un yan\u0131 s\u0131ra Genel Sekreter Yard\u0131mc\u0131s\u0131 O\u011fuz Murat P\u0131nar, \u0130mar ve \u015eehircilik Dairesi Ba\u015fkan\u0131 Adem Dorukan Duru, Emlak ve \u0130stimlak Dairesi Ba\u015fkan\u0131 Mehmet Kara, Fen \u0130\u015fleri Dairesi Ba\u015fkan\u0131 Dilek Yeltin, Mali Hizmetler Dairesi &hellip;","og_url":"https:\/\/denizcankizil.tr\/de\/haberler\/gundem\/manisada-yeni-encumen-uyeleriyle-ilk-toplanti-yapildi\/","og_site_name":"Av. Deniz Can K\u0131z\u0131l","article_published_time":"2025-05-04T12:42:11+00:00","author":"admin","twitter_card":"summary_large_image","twitter_misc":{"Verfasst von":"admin","Gesch\u00e4tzte Lesezeit":"2\u00a0Minuten"},"schema":{"@context":"https:\/\/schema.org","@graph":[{"@type":"Article","@id":"https:\/\/denizcankizil.tr\/de\/haberler\/gundem\/manisada-yeni-encumen-uyeleriyle-ilk-toplanti-yapildi\/#article","isPartOf":{"@id":"https:\/\/denizcankizil.tr\/de\/haberler\/gundem\/manisada-yeni-encumen-uyeleriyle-ilk-toplanti-yapildi\/"},"author":{"name":"admin","@id":"https:\/\/denizcankizil.tr\/#\/schema\/person\/be3c05fe6a12686905512445d8185489"},"headline":"Manisa&#8217;da yeni enc\u00fcmen \u00fcyeleriyle ilk toplant\u0131 yap\u0131ld\u0131","datePublished":"2025-05-04T12:42:11+00:00","mainEntityOfPage":{"@id":"https:\/\/denizcankizil.tr\/de\/haberler\/gundem\/manisada-yeni-encumen-uyeleriyle-ilk-toplanti-yapildi\/"},"wordCount":366,"publisher":{"@id":"https:\/\/denizcankizil.tr\/#organization"},"articleSection":["G\u00fcndem"],"inLanguage":"de"},{"@type":"WebPage","@id":"https:\/\/denizcankizil.tr\/de\/haberler\/gundem\/manisada-yeni-encumen-uyeleriyle-ilk-toplanti-yapildi\/","url":"https:\/\/denizcankizil.tr\/de\/haberler\/gundem\/manisada-yeni-encumen-uyeleriyle-ilk-toplanti-yapildi\/","name":"Manisa'da yeni enc\u00fcmen \u00fcyeleriyle ilk toplant\u0131 yap\u0131ld\u0131 - Av. Deniz Can K\u0131z\u0131l","isPartOf":{"@id":"https:\/\/denizcankizil.tr\/#website"},"datePublished":"2025-05-04T12:42:11+00:00","breadcrumb":{"@id":"https:\/\/denizcankizil.tr\/de\/haberler\/gundem\/manisada-yeni-encumen-uyeleriyle-ilk-toplanti-yapildi\/#breadcrumb"},"inLanguage":"de","potentialAction":[{"@type":"ReadAction","target":["https:\/\/denizcankizil.tr\/de\/haberler\/gundem\/manisada-yeni-encumen-uyeleriyle-ilk-toplanti-yapildi\/"]}]},{"@type":"BreadcrumbList","@id":"https:\/\/denizcankizil.tr\/de\/haberler\/gundem\/manisada-yeni-encumen-uyeleriyle-ilk-toplanti-yapildi\/#breadcrumb","itemListElement":[{"@type":"ListItem","position":1,"name":"Home","item":"https:\/\/denizcankizil.tr\/de\/"},{"@type":"ListItem","position":2,"name":"Manisa&#8217;da yeni enc\u00fcmen \u00fcyeleriyle ilk toplant\u0131 yap\u0131ld\u0131"}]},{"@type":"WebSite","@id":"https:\/\/denizcankizil.tr\/#website","url":"https:\/\/denizcankizil.tr\/","name":"Av. Deniz Can K\u0131z\u0131l","description":"Avukat Deniz Can K\u0131z\u0131l Antalya Barosu","publisher":{"@id":"https:\/\/denizcankizil.tr\/#organization"},"potentialAction":[{"@type":"SearchAction","target":{"@type":"EntryPoint","urlTemplate":"https:\/\/denizcankizil.tr\/?s={search_term_string}"},"query-input":{"@type":"PropertyValueSpecification","valueRequired":true,"valueName":"search_term_string"}}],"inLanguage":"de"},{"@type":"Organization","@id":"https:\/\/denizcankizil.tr\/#organization","name":"Av. Deniz Can K\u0131z\u0131l","url":"https:\/\/denizcankizil.tr\/","logo":{"@type":"ImageObject","inLanguage":"de","@id":"https:\/\/denizcankizil.tr\/#\/schema\/logo\/image\/","url":"https:\/\/denizcankizil.tr\/wp-content\/uploads\/2024\/10\/siyah-logo-svg.svg","contentUrl":"https:\/\/denizcankizil.tr\/wp-content\/uploads\/2024\/10\/siyah-logo-svg.svg","width":1080,"height":1080,"caption":"Av. Deniz Can K\u0131z\u0131l"},"image":{"@id":"https:\/\/denizcankizil.tr\/#\/schema\/logo\/image\/"}},{"@type":"Person","@id":"https:\/\/denizcankizil.tr\/#\/schema\/person\/be3c05fe6a12686905512445d8185489","name":"Administrator","image":{"@type":"ImageObject","inLanguage":"de","@id":"https:\/\/denizcankizil.tr\/#\/schema\/person\/image\/","url":"https:\/\/secure.gravatar.com\/avatar\/c1fce94c830dc79107e174f890d7210541c4a63e8e5d816341794a2151c9d58c?s=96&d=mm&r=g","contentUrl":"https:\/\/secure.gravatar.com\/avatar\/c1fce94c830dc79107e174f890d7210541c4a63e8e5d816341794a2151c9d58c?s=96&d=mm&r=g","caption":"admin"},"sameAs":["http:\/\/denizcankizil.tr"],"url":"https:\/\/www.iskenderun.org\/manisada-yeni-encumen-uyeleriyle-ilk-toplanti-yapildi"}]}},"_links":{"self":[{"href":"https:\/\/denizcankizil.tr\/de\/wp-json\/wp\/v2\/posts\/75841","targetHints":{"allow":["GET"]}}],"collection":[{"href":"https:\/\/denizcankizil.tr\/de\/wp-json\/wp\/v2\/posts"}],"about":[{"href":"https:\/\/denizcankizil.tr\/de\/wp-json\/wp\/v2\/types\/post"}],"author":[{"embeddable":true,"href":"https:\/\/denizcankizil.tr\/de\/wp-json\/wp\/v2\/users\/1"}],"replies":[{"embeddable":true,"href":"https:\/\/denizcankizil.tr\/de\/wp-json\/wp\/v2\/comments?post=75841"}],"version-history":[{"count":0,"href":"https:\/\/denizcankizil.tr\/de\/wp-json\/wp\/v2\/posts\/75841\/revisions"}],"wp:attachment":[{"href":"https:\/\/denizcankizil.tr\/de\/wp-json\/wp\/v2\/media?parent=75841"}],"wp:term":[{"taxonomy":"category","embeddable":true,"href":"https:\/\/denizcankizil.tr\/de\/wp-json\/wp\/v2\/categories?post=75841"},{"taxonomy":"post_tag","embeddable":true,"href":"https:\/\/denizcankizil.tr\/de\/wp-json\/wp\/v2\/tags?post=75841"}],"curies":[{"name":"wp","href":"https:\/\/api.w.org\/{rel}","templated":true}]}}