{"id":75759,"date":"2025-05-04T14:41:20","date_gmt":"2025-05-04T11:41:20","guid":{"rendered":"https:\/\/denizcankizil.tr\/uncategorized-tr\/ozgur-ozele-saldiran-zanlinin-kan-donduran-gecmisi\/"},"modified":"2025-05-04T14:41:20","modified_gmt":"2025-05-04T11:41:20","slug":"ozgur-ozele-saldiran-zanlinin-kan-donduran-gecmisi","status":"publish","type":"post","link":"https:\/\/denizcankizil.tr\/de\/haberler\/gundem\/ozgur-ozele-saldiran-zanlinin-kan-donduran-gecmisi\/","title":{"rendered":"\u00d6zg\u00fcr \u00d6zel&#8217;e sald\u0131ran zanl\u0131n\u0131n kan donduran ge\u00e7mi\u015fi!"},"content":{"rendered":"<p>CHP Genel Ba\u015fkan\u0131 \u00d6zg\u00fcr \u00d6zel&#8217;e S\u0131rr\u0131 S\u00fcreyya \u00d6nder&#8217;in cenazesi \u00e7\u0131k\u0131\u015f\u0131nda fiziki sald\u0131r\u0131da bulunan S.T.&#8217;nin, 2004 y\u0131l\u0131nda Hatay&#8217;da iki \u00e7ocu\u011funu \u00f6ld\u00fcrd\u00fc\u011f\u00fc ortaya \u00e7\u0131kt\u0131. G\u00f6zalt\u0131na al\u0131nan zanl\u0131n\u0131n emniyetteki i\u015flemleri devam ediyor.<\/p>\n<p>G\u00d6ZALTINA ALINDI<\/p>\n<p>CHP Genel Ba\u015fkan\u0131 \u00d6zg\u00fcr \u00d6zel, S\u0131rr\u0131 S\u00fcreyya \u00d6nder&#8217;in cenazesine kat\u0131ld\u0131ktan sonra AKM \u00e7\u0131k\u0131\u015f\u0131nda yumruklu sald\u0131r\u0131ya u\u011frad\u0131. Sald\u0131rgan S.T., olay\u0131n ard\u0131ndan g\u00f6zalt\u0131na al\u0131nd\u0131. \u0130stanbul Cumhuriyet Ba\u015fsavc\u0131l\u0131\u011f\u0131, olayla ilgili soru\u015fturman\u0131n s\u00fcrd\u00fc\u011f\u00fcn\u00fc a\u00e7\u0131klad\u0131.<\/p>\n<p>\u00c7OCUKLARININ CANINA KIYMI\u015e<\/p>\n<p>Hatay&#8217;\u0131n \u00c7ay Mahallesi&#8217;nde 9 May\u0131s 2004 tarihinde ger\u00e7ekle\u015fen olayda sabaha kar\u015f\u0131 eve gelen S.T., silah\u0131n\u0131 \u00e7ekerek o\u011flu Bar\u0131\u015f&#8217;\u0131 (19), daha sonra k\u0131z\u0131 Mutlu&#8217;yu (17) silah\u0131yla vurdu. Silahtan \u00e7\u0131kan kur\u015funlardan yaralanan \u00e7ocuklar\u0131n\u0131n \u00f6lmedi\u011fini fark eden baba S.T., bu kez mutfa\u011fa giderek ald\u0131\u011f\u0131 ekmek b\u0131\u00e7a\u011f\u0131yla, silahla yaralad\u0131\u011f\u0131 \u00e7ocuklar\u0131n\u0131 b\u0131\u00e7aklayarak \u00f6ld\u00fcrd\u00fc. S.T.&#8217;nin di\u011fer k\u0131z\u0131 Yasemin (16) ise 2. kattaki evin arka balkonundan a\u015fa\u011f\u0131 atlayarak kurtuldu.<\/p>\n<p>\u200bCHP Lideri \u00d6zg\u00fcr \u00d6zel&#8217;e cenaze \u00e7\u0131k\u0131\u015f\u0131nda fiziki sald\u0131r\u0131da bulunan S.T.&#8217;nin, 2004 y\u0131l\u0131nda biri k\u0131z biri erkek iki \u00e7ocu\u011funu silahla vurup ard\u0131ndan b\u0131\u00e7aklayarak \u00f6ld*rd\u00fc\u011f\u00fc ortaya \u00e7\u0131kt\u0131.\u00a0<\/p>\n<p>\u200bHaberin Al\u0131nt\u0131land\u0131\u011f\u0131 Kaynak: www.antalyakorfez.com<\/p>","protected":false},"excerpt":{"rendered":"<p>CHP Genel Ba\u015fkan\u0131 \u00d6zg\u00fcr \u00d6zel&#8217;e S\u0131rr\u0131 S\u00fcreyya \u00d6nder&#8217;in cenazesi \u00e7\u0131k\u0131\u015f\u0131nda fiziki sald\u0131r\u0131da bulunan S.T.&#8217;nin, 2004 y\u0131l\u0131nda Hatay&#8217;da iki \u00e7ocu\u011funu \u00f6ld\u00fcrd\u00fc\u011f\u00fc ortaya \u00e7\u0131kt\u0131. G\u00f6zalt\u0131na al\u0131nan zanl\u0131n\u0131n emniyetteki i\u015flemleri devam ediyor. G\u00d6ZALTINA ALINDI CHP Genel Ba\u015fkan\u0131 \u00d6zg\u00fcr \u00d6zel, S\u0131rr\u0131 S\u00fcreyya \u00d6nder&#8217;in cenazesine kat\u0131ld\u0131ktan sonra AKM \u00e7\u0131k\u0131\u015f\u0131nda yumruklu sald\u0131r\u0131ya u\u011frad\u0131. Sald\u0131rgan S.T., olay\u0131n ard\u0131ndan g\u00f6zalt\u0131na al\u0131nd\u0131. \u0130stanbul Cumhuriyet Ba\u015fsavc\u0131l\u0131\u011f\u0131, olayla ilgili soru\u015fturman\u0131n s\u00fcrd\u00fc\u011f\u00fcn\u00fc a\u00e7\u0131klad\u0131. \u00c7OCUKLARININ CANINA KIYMI\u015e Hatay&#8217;\u0131n \u00c7ay Mahallesi&#8217;nde 9 May\u0131s 2004 tarihinde ger\u00e7ekle\u015fen olayda sabaha kar\u015f\u0131 eve gelen S.T., silah\u0131n\u0131 \u00e7ekerek o\u011flu Bar\u0131\u015f&#8217;\u0131 (19), daha sonra k\u0131z\u0131 Mutlu&#8217;yu (17) silah\u0131yla vurdu. Silahtan \u00e7\u0131kan kur\u015funlardan yaralanan \u00e7ocuklar\u0131n\u0131n \u00f6lmedi\u011fini fark eden baba S.T., bu kez mutfa\u011fa giderek ald\u0131\u011f\u0131 ekmek b\u0131\u00e7a\u011f\u0131yla, silahla yaralad\u0131\u011f\u0131 \u00e7ocuklar\u0131n\u0131 b\u0131\u00e7aklayarak \u00f6ld\u00fcrd\u00fc. S.T.&#8217;nin di\u011fer k\u0131z\u0131 Yasemin (16) ise 2. kattaki evin arka balkonundan a\u015fa\u011f\u0131 atlayarak kurtuldu. \u200bCHP Lideri \u00d6zg\u00fcr \u00d6zel&#8217;e cenaze \u00e7\u0131k\u0131\u015f\u0131nda fiziki sald\u0131r\u0131da bulunan S.T.&#8217;nin, 2004 y\u0131l\u0131nda biri k\u0131z biri erkek iki \u00e7ocu\u011funu silahla vurup ard\u0131ndan b\u0131\u00e7aklayarak \u00f6ld*rd\u00fc\u011f\u00fc ortaya \u00e7\u0131kt\u0131.\u00a0 \u200bHaberin Al\u0131nt\u0131land\u0131\u011f\u0131 Kaynak: www.antalyakorfez.com<\/p>","protected":false},"author":5,"featured_media":0,"comment_status":"","ping_status":"open","sticky":false,"template":"","format":"standard","meta":{"_acf_changed":false,"footnotes":""},"categories":[24],"tags":[],"class_list":["post-75759","post","type-post","status-publish","format-standard","has-post-thumbnail","hentry","category-gundem"],"acf":[],"yoast_head":"<!-- This site is optimized with the Yoast SEO Premium plugin v26.6 (Yoast SEO v27.1.1) - https:\/\/yoast.com\/product\/yoast-seo-premium-wordpress\/ -->\n<title>\u00d6zg\u00fcr \u00d6zel&#039;e sald\u0131ran zanl\u0131n\u0131n kan donduran ge\u00e7mi\u015fi! - Av. Deniz Can K\u0131z\u0131l<\/title>\n<meta name=\"robots\" content=\"index, follow, max-snippet:-1, max-image-preview:large, max-video-preview:-1\" \/>\n<link rel=\"canonical\" href=\"https:\/\/denizcankizil.tr\/de\/haberler\/gundem\/ozgur-ozele-saldiran-zanlinin-kan-donduran-gecmisi\/\" \/>\n<meta property=\"og:locale\" content=\"de_DE\" \/>\n<meta property=\"og:type\" content=\"article\" \/>\n<meta property=\"og:title\" content=\"\u00d6zg\u00fcr \u00d6zel&#039;e sald\u0131ran zanl\u0131n\u0131n kan donduran ge\u00e7mi\u015fi!\" \/>\n<meta property=\"og:description\" content=\"CHP Genel Ba\u015fkan\u0131 \u00d6zg\u00fcr \u00d6zel&#8217;e S\u0131rr\u0131 S\u00fcreyya \u00d6nder&#8217;in cenazesi \u00e7\u0131k\u0131\u015f\u0131nda fiziki sald\u0131r\u0131da bulunan S.T.&#8217;nin, 2004 y\u0131l\u0131nda Hatay&#8217;da iki \u00e7ocu\u011funu \u00f6ld\u00fcrd\u00fc\u011f\u00fc ortaya \u00e7\u0131kt\u0131. G\u00f6zalt\u0131na al\u0131nan zanl\u0131n\u0131n emniyetteki i\u015flemleri devam ediyor. G\u00d6ZALTINA ALINDI CHP Genel Ba\u015fkan\u0131 \u00d6zg\u00fcr \u00d6zel, S\u0131rr\u0131 S\u00fcreyya \u00d6nder&#8217;in cenazesine kat\u0131ld\u0131ktan sonra AKM \u00e7\u0131k\u0131\u015f\u0131nda yumruklu sald\u0131r\u0131ya u\u011frad\u0131. Sald\u0131rgan S.T., olay\u0131n ard\u0131ndan g\u00f6zalt\u0131na al\u0131nd\u0131. \u0130stanbul Cumhuriyet Ba\u015fsavc\u0131l\u0131\u011f\u0131, olayla ilgili soru\u015fturman\u0131n s\u00fcrd\u00fc\u011f\u00fcn\u00fc a\u00e7\u0131klad\u0131. \u00c7OCUKLARININ CANINA KIYMI\u015e Hatay&#8217;\u0131n \u00c7ay Mahallesi&#8217;nde 9 May\u0131s 2004 tarihinde ger\u00e7ekle\u015fen olayda sabaha kar\u015f\u0131 eve gelen S.T., silah\u0131n\u0131 \u00e7ekerek o\u011flu Bar\u0131\u015f&#8217;\u0131 (19), daha sonra k\u0131z\u0131 Mutlu&#8217;yu (17) silah\u0131yla vurdu. Silahtan \u00e7\u0131kan kur\u015funlardan yaralanan \u00e7ocuklar\u0131n\u0131n \u00f6lmedi\u011fini fark eden baba S.T., bu kez mutfa\u011fa giderek ald\u0131\u011f\u0131 ekmek b\u0131\u00e7a\u011f\u0131yla, silahla yaralad\u0131\u011f\u0131 \u00e7ocuklar\u0131n\u0131 b\u0131\u00e7aklayarak \u00f6ld\u00fcrd\u00fc. S.T.&#8217;nin di\u011fer k\u0131z\u0131 Yasemin (16) ise 2. kattaki evin arka balkonundan a\u015fa\u011f\u0131 atlayarak kurtuldu. \u200bCHP Lideri \u00d6zg\u00fcr \u00d6zel&#8217;e cenaze \u00e7\u0131k\u0131\u015f\u0131nda fiziki sald\u0131r\u0131da bulunan S.T.&#8217;nin, 2004 y\u0131l\u0131nda biri k\u0131z biri erkek iki \u00e7ocu\u011funu silahla vurup ard\u0131ndan b\u0131\u00e7aklayarak \u00f6ld*rd\u00fc\u011f\u00fc ortaya \u00e7\u0131kt\u0131.\u00a0 \u200bHaberin Al\u0131nt\u0131land\u0131\u011f\u0131 Kaynak: www.antalyakorfez.com\" \/>\n<meta property=\"og:url\" content=\"https:\/\/denizcankizil.tr\/de\/haberler\/gundem\/ozgur-ozele-saldiran-zanlinin-kan-donduran-gecmisi\/\" \/>\n<meta property=\"og:site_name\" content=\"Av. Deniz Can K\u0131z\u0131l\" \/>\n<meta property=\"article:published_time\" content=\"2025-05-04T11:41:20+00:00\" \/>\n<meta name=\"author\" content=\"Antalya K\u00f6rfez\" \/>\n<meta name=\"twitter:card\" content=\"summary_large_image\" \/>\n<meta name=\"twitter:label1\" content=\"Verfasst von\" \/>\n\t<meta name=\"twitter:data1\" content=\"Antalya K\u00f6rfez\" \/>\n\t<meta name=\"twitter:label2\" content=\"Gesch\u00e4tzte Lesezeit\" \/>\n\t<meta name=\"twitter:data2\" content=\"1\u00a0Minute\" \/>\n<script type=\"application\/ld+json\" class=\"yoast-schema-graph\">{\"@context\":\"https:\/\/schema.org\",\"@graph\":[{\"@type\":\"Article\",\"@id\":\"https:\/\/denizcankizil.tr\/en\/haberler\/gundem\/ozgur-ozele-saldiran-zanlinin-kan-donduran-gecmisi\/#article\",\"isPartOf\":{\"@id\":\"https:\/\/denizcankizil.tr\/en\/haberler\/gundem\/ozgur-ozele-saldiran-zanlinin-kan-donduran-gecmisi\/\"},\"author\":{\"name\":\"Antalya K\u00f6rfez\",\"@id\":\"https:\/\/denizcankizil.tr\/#\/schema\/person\/e1eb71bb4dd684d46563f0af307e1234\"},\"headline\":\"\u00d6zg\u00fcr \u00d6zel&#8217;e sald\u0131ran zanl\u0131n\u0131n kan donduran ge\u00e7mi\u015fi!\",\"datePublished\":\"2025-05-04T11:41:20+00:00\",\"mainEntityOfPage\":{\"@id\":\"https:\/\/denizcankizil.tr\/en\/haberler\/gundem\/ozgur-ozele-saldiran-zanlinin-kan-donduran-gecmisi\/\"},\"wordCount\":254,\"publisher\":{\"@id\":\"https:\/\/denizcankizil.tr\/#organization\"},\"articleSection\":[\"G\u00fcndem\"],\"inLanguage\":\"de\"},{\"@type\":\"WebPage\",\"@id\":\"https:\/\/denizcankizil.tr\/en\/haberler\/gundem\/ozgur-ozele-saldiran-zanlinin-kan-donduran-gecmisi\/\",\"url\":\"https:\/\/denizcankizil.tr\/en\/haberler\/gundem\/ozgur-ozele-saldiran-zanlinin-kan-donduran-gecmisi\/\",\"name\":\"\u00d6zg\u00fcr \u00d6zel'e sald\u0131ran zanl\u0131n\u0131n kan donduran ge\u00e7mi\u015fi! - Av. Deniz Can K\u0131z\u0131l\",\"isPartOf\":{\"@id\":\"https:\/\/denizcankizil.tr\/#website\"},\"datePublished\":\"2025-05-04T11:41:20+00:00\",\"breadcrumb\":{\"@id\":\"https:\/\/denizcankizil.tr\/en\/haberler\/gundem\/ozgur-ozele-saldiran-zanlinin-kan-donduran-gecmisi\/#breadcrumb\"},\"inLanguage\":\"de\",\"potentialAction\":[{\"@type\":\"ReadAction\",\"target\":[\"https:\/\/denizcankizil.tr\/en\/haberler\/gundem\/ozgur-ozele-saldiran-zanlinin-kan-donduran-gecmisi\/\"]}]},{\"@type\":\"BreadcrumbList\",\"@id\":\"https:\/\/denizcankizil.tr\/en\/haberler\/gundem\/ozgur-ozele-saldiran-zanlinin-kan-donduran-gecmisi\/#breadcrumb\",\"itemListElement\":[{\"@type\":\"ListItem\",\"position\":1,\"name\":\"Home\",\"item\":\"https:\/\/denizcankizil.tr\/uk\/\"},{\"@type\":\"ListItem\",\"position\":2,\"name\":\"\u00d6zg\u00fcr \u00d6zel&#8217;e sald\u0131ran zanl\u0131n\u0131n kan donduran ge\u00e7mi\u015fi!\"}]},{\"@type\":\"WebSite\",\"@id\":\"https:\/\/denizcankizil.tr\/#website\",\"url\":\"https:\/\/denizcankizil.tr\/\",\"name\":\"Av. Deniz Can K\u0131z\u0131l\",\"description\":\"Avukat Deniz Can K\u0131z\u0131l Antalya Barosu\",\"publisher\":{\"@id\":\"https:\/\/denizcankizil.tr\/#organization\"},\"potentialAction\":[{\"@type\":\"SearchAction\",\"target\":{\"@type\":\"EntryPoint\",\"urlTemplate\":\"https:\/\/denizcankizil.tr\/?s={search_term_string}\"},\"query-input\":{\"@type\":\"PropertyValueSpecification\",\"valueRequired\":true,\"valueName\":\"search_term_string\"}}],\"inLanguage\":\"de\"},{\"@type\":\"Organization\",\"@id\":\"https:\/\/denizcankizil.tr\/#organization\",\"name\":\"Av. Deniz Can K\u0131z\u0131l\",\"url\":\"https:\/\/denizcankizil.tr\/\",\"logo\":{\"@type\":\"ImageObject\",\"inLanguage\":\"de\",\"@id\":\"https:\/\/denizcankizil.tr\/#\/schema\/logo\/image\/\",\"url\":\"https:\/\/denizcankizil.tr\/wp-content\/uploads\/2024\/10\/siyah-logo-svg.svg\",\"contentUrl\":\"https:\/\/denizcankizil.tr\/wp-content\/uploads\/2024\/10\/siyah-logo-svg.svg\",\"width\":1080,\"height\":1080,\"caption\":\"Av. Deniz Can K\u0131z\u0131l\"},\"image\":{\"@id\":\"https:\/\/denizcankizil.tr\/#\/schema\/logo\/image\/\"}},{\"@type\":\"Person\",\"@id\":\"https:\/\/denizcankizil.tr\/#\/schema\/person\/e1eb71bb4dd684d46563f0af307e1234\",\"name\":\"Antalya K\u00f6rfez\",\"image\":{\"@type\":\"ImageObject\",\"inLanguage\":\"de\",\"@id\":\"https:\/\/denizcankizil.tr\/#\/schema\/person\/image\/\",\"url\":\"https:\/\/secure.gravatar.com\/avatar\/42b01982558a48a0b501fdcab6a408d3717ea5919095ee2e67b0e521799c5905?s=96&d=mm&r=g\",\"contentUrl\":\"https:\/\/secure.gravatar.com\/avatar\/42b01982558a48a0b501fdcab6a408d3717ea5919095ee2e67b0e521799c5905?s=96&d=mm&r=g\",\"caption\":\"Antalya K\u00f6rfez\"},\"sameAs\":[\"http:\/\/www.antalyakorfez.com\"],\"url\":\"https:\/\/www.antalyakorfez.com\/ozgur-ozele-saldiran-zanlinin-kan-donduran-gecmisi\"}]}<\/script>\n<!-- \/ Yoast SEO Premium plugin. -->","yoast_head_json":{"title":"\u00d6zg\u00fcr \u00d6zel'e sald\u0131ran zanl\u0131n\u0131n kan donduran ge\u00e7mi\u015fi! - Av. Deniz Can K\u0131z\u0131l","robots":{"index":"index","follow":"follow","max-snippet":"max-snippet:-1","max-image-preview":"max-image-preview:large","max-video-preview":"max-video-preview:-1"},"canonical":"https:\/\/denizcankizil.tr\/de\/haberler\/gundem\/ozgur-ozele-saldiran-zanlinin-kan-donduran-gecmisi\/","og_locale":"de_DE","og_type":"article","og_title":"\u00d6zg\u00fcr \u00d6zel'e sald\u0131ran zanl\u0131n\u0131n kan donduran ge\u00e7mi\u015fi!","og_description":"CHP Genel Ba\u015fkan\u0131 \u00d6zg\u00fcr \u00d6zel&#8217;e S\u0131rr\u0131 S\u00fcreyya \u00d6nder&#8217;in cenazesi \u00e7\u0131k\u0131\u015f\u0131nda fiziki sald\u0131r\u0131da bulunan S.T.&#8217;nin, 2004 y\u0131l\u0131nda Hatay&#8217;da iki \u00e7ocu\u011funu \u00f6ld\u00fcrd\u00fc\u011f\u00fc ortaya \u00e7\u0131kt\u0131. G\u00f6zalt\u0131na al\u0131nan zanl\u0131n\u0131n emniyetteki i\u015flemleri devam ediyor. G\u00d6ZALTINA ALINDI CHP Genel Ba\u015fkan\u0131 \u00d6zg\u00fcr \u00d6zel, S\u0131rr\u0131 S\u00fcreyya \u00d6nder&#8217;in cenazesine kat\u0131ld\u0131ktan sonra AKM \u00e7\u0131k\u0131\u015f\u0131nda yumruklu sald\u0131r\u0131ya u\u011frad\u0131. Sald\u0131rgan S.T., olay\u0131n ard\u0131ndan g\u00f6zalt\u0131na al\u0131nd\u0131. \u0130stanbul Cumhuriyet Ba\u015fsavc\u0131l\u0131\u011f\u0131, olayla ilgili soru\u015fturman\u0131n s\u00fcrd\u00fc\u011f\u00fcn\u00fc a\u00e7\u0131klad\u0131. \u00c7OCUKLARININ CANINA KIYMI\u015e Hatay&#8217;\u0131n \u00c7ay Mahallesi&#8217;nde 9 May\u0131s 2004 tarihinde ger\u00e7ekle\u015fen olayda sabaha kar\u015f\u0131 eve gelen S.T., silah\u0131n\u0131 \u00e7ekerek o\u011flu Bar\u0131\u015f&#8217;\u0131 (19), daha sonra k\u0131z\u0131 Mutlu&#8217;yu (17) silah\u0131yla vurdu. Silahtan \u00e7\u0131kan kur\u015funlardan yaralanan \u00e7ocuklar\u0131n\u0131n \u00f6lmedi\u011fini fark eden baba S.T., bu kez mutfa\u011fa giderek ald\u0131\u011f\u0131 ekmek b\u0131\u00e7a\u011f\u0131yla, silahla yaralad\u0131\u011f\u0131 \u00e7ocuklar\u0131n\u0131 b\u0131\u00e7aklayarak \u00f6ld\u00fcrd\u00fc. S.T.&#8217;nin di\u011fer k\u0131z\u0131 Yasemin (16) ise 2. kattaki evin arka balkonundan a\u015fa\u011f\u0131 atlayarak kurtuldu. \u200bCHP Lideri \u00d6zg\u00fcr \u00d6zel&#8217;e cenaze \u00e7\u0131k\u0131\u015f\u0131nda fiziki sald\u0131r\u0131da bulunan S.T.&#8217;nin, 2004 y\u0131l\u0131nda biri k\u0131z biri erkek iki \u00e7ocu\u011funu silahla vurup ard\u0131ndan b\u0131\u00e7aklayarak \u00f6ld*rd\u00fc\u011f\u00fc ortaya \u00e7\u0131kt\u0131.\u00a0 \u200bHaberin Al\u0131nt\u0131land\u0131\u011f\u0131 Kaynak: www.antalyakorfez.com","og_url":"https:\/\/denizcankizil.tr\/de\/haberler\/gundem\/ozgur-ozele-saldiran-zanlinin-kan-donduran-gecmisi\/","og_site_name":"Av. Deniz Can K\u0131z\u0131l","article_published_time":"2025-05-04T11:41:20+00:00","author":"Antalya K\u00f6rfez","twitter_card":"summary_large_image","twitter_misc":{"Verfasst von":"Antalya K\u00f6rfez","Gesch\u00e4tzte Lesezeit":"1\u00a0Minute"},"schema":{"@context":"https:\/\/schema.org","@graph":[{"@type":"Article","@id":"https:\/\/denizcankizil.tr\/en\/haberler\/gundem\/ozgur-ozele-saldiran-zanlinin-kan-donduran-gecmisi\/#article","isPartOf":{"@id":"https:\/\/denizcankizil.tr\/en\/haberler\/gundem\/ozgur-ozele-saldiran-zanlinin-kan-donduran-gecmisi\/"},"author":{"name":"Antalya K\u00f6rfez","@id":"https:\/\/denizcankizil.tr\/#\/schema\/person\/e1eb71bb4dd684d46563f0af307e1234"},"headline":"\u00d6zg\u00fcr \u00d6zel&#8217;e sald\u0131ran zanl\u0131n\u0131n kan donduran ge\u00e7mi\u015fi!","datePublished":"2025-05-04T11:41:20+00:00","mainEntityOfPage":{"@id":"https:\/\/denizcankizil.tr\/en\/haberler\/gundem\/ozgur-ozele-saldiran-zanlinin-kan-donduran-gecmisi\/"},"wordCount":254,"publisher":{"@id":"https:\/\/denizcankizil.tr\/#organization"},"articleSection":["G\u00fcndem"],"inLanguage":"de"},{"@type":"WebPage","@id":"https:\/\/denizcankizil.tr\/en\/haberler\/gundem\/ozgur-ozele-saldiran-zanlinin-kan-donduran-gecmisi\/","url":"https:\/\/denizcankizil.tr\/en\/haberler\/gundem\/ozgur-ozele-saldiran-zanlinin-kan-donduran-gecmisi\/","name":"\u00d6zg\u00fcr \u00d6zel'e sald\u0131ran zanl\u0131n\u0131n kan donduran ge\u00e7mi\u015fi! - Av. Deniz Can K\u0131z\u0131l","isPartOf":{"@id":"https:\/\/denizcankizil.tr\/#website"},"datePublished":"2025-05-04T11:41:20+00:00","breadcrumb":{"@id":"https:\/\/denizcankizil.tr\/en\/haberler\/gundem\/ozgur-ozele-saldiran-zanlinin-kan-donduran-gecmisi\/#breadcrumb"},"inLanguage":"de","potentialAction":[{"@type":"ReadAction","target":["https:\/\/denizcankizil.tr\/en\/haberler\/gundem\/ozgur-ozele-saldiran-zanlinin-kan-donduran-gecmisi\/"]}]},{"@type":"BreadcrumbList","@id":"https:\/\/denizcankizil.tr\/en\/haberler\/gundem\/ozgur-ozele-saldiran-zanlinin-kan-donduran-gecmisi\/#breadcrumb","itemListElement":[{"@type":"ListItem","position":1,"name":"Home","item":"https:\/\/denizcankizil.tr\/uk\/"},{"@type":"ListItem","position":2,"name":"\u00d6zg\u00fcr \u00d6zel&#8217;e sald\u0131ran zanl\u0131n\u0131n kan donduran ge\u00e7mi\u015fi!"}]},{"@type":"WebSite","@id":"https:\/\/denizcankizil.tr\/#website","url":"https:\/\/denizcankizil.tr\/","name":"Av. Deniz Can K\u0131z\u0131l","description":"Avukat Deniz Can K\u0131z\u0131l Antalya Barosu","publisher":{"@id":"https:\/\/denizcankizil.tr\/#organization"},"potentialAction":[{"@type":"SearchAction","target":{"@type":"EntryPoint","urlTemplate":"https:\/\/denizcankizil.tr\/?s={search_term_string}"},"query-input":{"@type":"PropertyValueSpecification","valueRequired":true,"valueName":"search_term_string"}}],"inLanguage":"de"},{"@type":"Organization","@id":"https:\/\/denizcankizil.tr\/#organization","name":"Av. Deniz Can K\u0131z\u0131l","url":"https:\/\/denizcankizil.tr\/","logo":{"@type":"ImageObject","inLanguage":"de","@id":"https:\/\/denizcankizil.tr\/#\/schema\/logo\/image\/","url":"https:\/\/denizcankizil.tr\/wp-content\/uploads\/2024\/10\/siyah-logo-svg.svg","contentUrl":"https:\/\/denizcankizil.tr\/wp-content\/uploads\/2024\/10\/siyah-logo-svg.svg","width":1080,"height":1080,"caption":"Av. Deniz Can K\u0131z\u0131l"},"image":{"@id":"https:\/\/denizcankizil.tr\/#\/schema\/logo\/image\/"}},{"@type":"Person","@id":"https:\/\/denizcankizil.tr\/#\/schema\/person\/e1eb71bb4dd684d46563f0af307e1234","name":"Antalya K\u00f6rfez","image":{"@type":"ImageObject","inLanguage":"de","@id":"https:\/\/denizcankizil.tr\/#\/schema\/person\/image\/","url":"https:\/\/secure.gravatar.com\/avatar\/42b01982558a48a0b501fdcab6a408d3717ea5919095ee2e67b0e521799c5905?s=96&d=mm&r=g","contentUrl":"https:\/\/secure.gravatar.com\/avatar\/42b01982558a48a0b501fdcab6a408d3717ea5919095ee2e67b0e521799c5905?s=96&d=mm&r=g","caption":"Antalya K\u00f6rfez"},"sameAs":["http:\/\/www.antalyakorfez.com"],"url":"https:\/\/www.antalyakorfez.com\/ozgur-ozele-saldiran-zanlinin-kan-donduran-gecmisi"}]}},"_links":{"self":[{"href":"https:\/\/denizcankizil.tr\/de\/wp-json\/wp\/v2\/posts\/75759","targetHints":{"allow":["GET"]}}],"collection":[{"href":"https:\/\/denizcankizil.tr\/de\/wp-json\/wp\/v2\/posts"}],"about":[{"href":"https:\/\/denizcankizil.tr\/de\/wp-json\/wp\/v2\/types\/post"}],"author":[{"embeddable":true,"href":"https:\/\/denizcankizil.tr\/de\/wp-json\/wp\/v2\/users\/5"}],"replies":[{"embeddable":true,"href":"https:\/\/denizcankizil.tr\/de\/wp-json\/wp\/v2\/comments?post=75759"}],"version-history":[{"count":0,"href":"https:\/\/denizcankizil.tr\/de\/wp-json\/wp\/v2\/posts\/75759\/revisions"}],"wp:attachment":[{"href":"https:\/\/denizcankizil.tr\/de\/wp-json\/wp\/v2\/media?parent=75759"}],"wp:term":[{"taxonomy":"category","embeddable":true,"href":"https:\/\/denizcankizil.tr\/de\/wp-json\/wp\/v2\/categories?post=75759"},{"taxonomy":"post_tag","embeddable":true,"href":"https:\/\/denizcankizil.tr\/de\/wp-json\/wp\/v2\/tags?post=75759"}],"curies":[{"name":"wp","href":"https:\/\/api.w.org\/{rel}","templated":true}]}}