{"id":72740,"date":"2025-05-01T18:41:20","date_gmt":"2025-05-01T15:41:20","guid":{"rendered":"https:\/\/denizcankizil.tr\/uncategorized-tr\/umit-uysal-hukumet-imamoglu-sorusturmasinin-hukuki-olmadigini-itiraf-etti\/"},"modified":"2025-05-01T18:41:20","modified_gmt":"2025-05-01T15:41:20","slug":"umit-uysal-hukumet-imamoglu-sorusturmasinin-hukuki-olmadigini-itiraf-etti","status":"publish","type":"post","link":"https:\/\/denizcankizil.tr\/de\/haberler\/gundem\/umit-uysal-hukumet-imamoglu-sorusturmasinin-hukuki-olmadigini-itiraf-etti\/","title":{"rendered":"\u00dcmit Uysal: H\u00fck\u00fcmet,  \u0130mamo\u011flu soru\u015fturmas\u0131n\u0131n hukuki olmad\u0131\u011f\u0131n\u0131 itiraf etti!"},"content":{"rendered":"<p>Muratpa\u015fa Belediye Ba\u015fkan\u0131 \u00dcmit Uysal, \u0130stanbul B\u00fcy\u00fck\u015fehir Belediye Ba\u015fkan\u0131 Ekrem \u0130mamo\u011flu hakk\u0131nda y\u00fcr\u00fct\u00fclen soru\u015fturmaya ili\u015fkin sosyal medya \u00fczerinden sert bir a\u00e7\u0131klama yapt\u0131. \u0130ktidar\u0131n soru\u015fturmay\u0131 Cumhurba\u015fkanl\u0131\u011f\u0131 adayl\u0131\u011f\u0131yla ili\u015fkilendirerek hukuki me\u015frutiyetini yitirdi\u011fini belirten Uysal, yap\u0131lanlar\u0131n adaletten uzak, siyasi bir m\u00fcdahale oldu\u011funu ifade etti.<\/p>\n<p>&#8220;\u0130FT\u0130RA ED\u0130YORSUNUZ: BU B\u0130R ZUL\u00dcM&#8221;<\/p>\n<p>Uysal a\u00e7\u0131klamas\u0131nda, &#8220;Kendi a\u011fz\u0131n\u0131zla \u0130mamo\u011flu soru\u015fturmas\u0131n\u0131 Cumhurba\u015fkan\u0131 adayl\u0131\u011f\u0131yla do\u011frudan ili\u015fkilendiriyorsunuz, hatta di\u011fer partilerimize de a\u00e7\u0131k\u00e7a tehdit ediyorsunuz. Yap\u0131lan i\u015fin hukuki olmad\u0131\u011f\u0131n\u0131 bu \u015fekilde a\u00e7\u0131k\u00e7a itiraf ediyorsunuz&#8221; s\u00f6zleriyle iktidar\u0131n s\u00f6ylemlerini ele\u015ftirdi. \u0130ktidar\u0131n \u0130mamo\u011flu&#8217;nu aklam\u0131\u015f oldu\u011funu vurgulayan Uysal, &#8220;Kendi dilinizle tarih \u00f6n\u00fcnde \u0130mamo\u011flu&#8217;nu akl\u0131yor, kendi zulm\u00fcn\u00fcz\u00fc de tescil ediyorsunuz&#8221; dedi.<\/p>\n<p>&#8220;TOPLUMUN \u00d6N\u00dcNE \u0130NANDIRICI B\u0130R DOSYA B\u0130LE KOYAMADINIZ&#8221;<\/p>\n<p>Soru\u015fturma s\u00fcrecinin kamuoyu nezdinde ciddiyetini kaybetti\u011fini ifade eden \u00dcmit Uysal, iktidar\u0131n bug\u00fcne kadar somut ve inand\u0131r\u0131c\u0131 bir su\u00e7 dosyas\u0131 ortaya koymad\u0131\u011f\u0131n\u0131 belirtti. Uysal, &#8220;Zaten b\u00fct\u00fcn devlet olanaklar\u0131 elinizde olmas\u0131na ra\u011fmen haftalard\u0131r toplumun \u00f6n\u00fcnde inand\u0131r\u0131c\u0131 bir su\u00e7 dosyas\u0131 da koyamad\u0131n\u0131z. Hatta jammer bavullar\u0131 ve kumbaradan medet umarak toplumun g\u00f6z\u00fcnde soru\u015fturmay\u0131 iyice itibars\u0131zla\u015ft\u0131rd\u0131n\u0131z&#8221; s\u00f6zleriyle s\u00fcrecin inand\u0131r\u0131c\u0131l\u0131\u011f\u0131n\u0131 sorgulad\u0131.<\/p>\n<p>&#8220;T\u00dcRK\u0130YE&#8217;Y\u0130 RAHAT BIRAKIN&#8221; <\/p>\n<p>Uysal a\u00e7\u0131klamas\u0131n\u0131 \u015f\u00f6yle sonland\u0131rd\u0131:<\/p>\n<p>&#8220;Bu tablo i\u00e7inde yanda\u015f kanallar\u0131n\u0131z ve k\u00fc\u00e7\u00fck orta\u011f\u0131n\u0131zla birlikte &#8220;yolsuzluk var&#8221; diye ba\u011f\u0131rman\u0131z trib\u00fcn tezah\u00fcrat\u0131ndan \u00f6te gitmiyor ve k\u00fc\u00e7\u00fcl\u00fcyorsunuz. Art\u0131k T\u00fcrkiye&#8217;yi rahat b\u0131rak\u0131n, kendinizi ve \u00fclkenizi rezil etti\u011finiz yeter. Talan ekonomisiyle ezdi\u011finiz, iyice zay\u0131flatt\u0131\u011f\u0131n\u0131z, s\u0131rt\u0131na bast\u0131n\u0131z bu halka art\u0131k g\u00f6lge etmeyin&#8221;<\/p>\n<p>\u200bMuratpa\u015fa Belediye Ba\u015fkan\u0131 \u00dcmit Uysal, \u0130BB Ba\u015fkan\u0131 Ekrem \u0130mamo\u011flu&#8217;na y\u00f6nelik ba\u015flat\u0131lan soru\u015fturmay\u0131 Cumhurba\u015fkan\u0131 adayl\u0131\u011f\u0131yla ili\u015fkilendiren iktidara sert s\u00f6zlerle y\u00fcklendi. Uysal, &#8220;Kendi a\u011fz\u0131n\u0131zla \u0130mamo\u011flu soru\u015fturmas\u0131n\u0131 Cumhurba\u015fkan\u0131 adayl\u0131\u011f\u0131yla do\u011frudan ili\u015fkilendiriyorsunuz, Yap\u0131lan i\u015fin hukuki olmad\u0131\u011f\u0131n\u0131 bu \u015fekilde a\u00e7\u0131k\u00e7a itiraf ediyorsunuz&#8221; dedi.\u00a0<\/p>\n<p>\u200bHaberin Al\u0131nt\u0131land\u0131\u011f\u0131 Kaynak: www.antalyakorfez.com<\/p>","protected":false},"excerpt":{"rendered":"<p>Muratpa\u015fa Belediye Ba\u015fkan\u0131 \u00dcmit Uysal, \u0130stanbul B\u00fcy\u00fck\u015fehir Belediye Ba\u015fkan\u0131 Ekrem \u0130mamo\u011flu hakk\u0131nda y\u00fcr\u00fct\u00fclen soru\u015fturmaya ili\u015fkin sosyal medya \u00fczerinden sert bir a\u00e7\u0131klama yapt\u0131. \u0130ktidar\u0131n soru\u015fturmay\u0131 Cumhurba\u015fkanl\u0131\u011f\u0131 adayl\u0131\u011f\u0131yla ili\u015fkilendirerek hukuki me\u015frutiyetini yitirdi\u011fini belirten Uysal, yap\u0131lanlar\u0131n adaletten uzak, siyasi bir m\u00fcdahale oldu\u011funu ifade etti. &#8220;\u0130FT\u0130RA ED\u0130YORSUNUZ: BU B\u0130R ZUL\u00dcM&#8221; Uysal a\u00e7\u0131klamas\u0131nda, &#8220;Kendi a\u011fz\u0131n\u0131zla \u0130mamo\u011flu soru\u015fturmas\u0131n\u0131 Cumhurba\u015fkan\u0131 adayl\u0131\u011f\u0131yla do\u011frudan ili\u015fkilendiriyorsunuz, hatta di\u011fer partilerimize de a\u00e7\u0131k\u00e7a tehdit ediyorsunuz. Yap\u0131lan i\u015fin hukuki olmad\u0131\u011f\u0131n\u0131 bu \u015fekilde a\u00e7\u0131k\u00e7a itiraf ediyorsunuz&#8221; s\u00f6zleriyle iktidar\u0131n s\u00f6ylemlerini ele\u015ftirdi. \u0130ktidar\u0131n \u0130mamo\u011flu&#8217;nu aklam\u0131\u015f oldu\u011funu vurgulayan Uysal, &#8220;Kendi dilinizle tarih \u00f6n\u00fcnde \u0130mamo\u011flu&#8217;nu akl\u0131yor, kendi zulm\u00fcn\u00fcz\u00fc de tescil ediyorsunuz&#8221; dedi. &#8220;TOPLUMUN \u00d6N\u00dcNE \u0130NANDIRICI B\u0130R DOSYA B\u0130LE KOYAMADINIZ&#8221; Soru\u015fturma s\u00fcrecinin kamuoyu nezdinde ciddiyetini kaybetti\u011fini ifade eden \u00dcmit Uysal, iktidar\u0131n bug\u00fcne kadar somut ve inand\u0131r\u0131c\u0131 bir su\u00e7 dosyas\u0131 ortaya koymad\u0131\u011f\u0131n\u0131 belirtti. Uysal, &#8220;Zaten b\u00fct\u00fcn devlet olanaklar\u0131 elinizde olmas\u0131na ra\u011fmen haftalard\u0131r toplumun \u00f6n\u00fcnde inand\u0131r\u0131c\u0131 bir su\u00e7 dosyas\u0131 da koyamad\u0131n\u0131z. Hatta jammer bavullar\u0131 ve kumbaradan medet umarak toplumun g\u00f6z\u00fcnde soru\u015fturmay\u0131 iyice itibars\u0131zla\u015ft\u0131rd\u0131n\u0131z&#8221; s\u00f6zleriyle s\u00fcrecin inand\u0131r\u0131c\u0131l\u0131\u011f\u0131n\u0131 sorgulad\u0131. &#8220;T\u00dcRK\u0130YE&#8217;Y\u0130 RAHAT BIRAKIN&#8221; Uysal a\u00e7\u0131klamas\u0131n\u0131 \u015f\u00f6yle sonland\u0131rd\u0131: &#8220;Bu tablo i\u00e7inde yanda\u015f kanallar\u0131n\u0131z ve k\u00fc\u00e7\u00fck orta\u011f\u0131n\u0131zla birlikte &#8220;yolsuzluk var&#8221; diye ba\u011f\u0131rman\u0131z trib\u00fcn tezah\u00fcrat\u0131ndan \u00f6te gitmiyor ve k\u00fc\u00e7\u00fcl\u00fcyorsunuz. Art\u0131k T\u00fcrkiye&#8217;yi rahat b\u0131rak\u0131n, kendinizi ve \u00fclkenizi rezil etti\u011finiz yeter. Talan ekonomisiyle ezdi\u011finiz, iyice zay\u0131flatt\u0131\u011f\u0131n\u0131z, s\u0131rt\u0131na bast\u0131n\u0131z bu &hellip;<\/p>","protected":false},"author":5,"featured_media":0,"comment_status":"","ping_status":"open","sticky":false,"template":"","format":"standard","meta":{"_acf_changed":false,"footnotes":""},"categories":[24],"tags":[],"class_list":["post-72740","post","type-post","status-publish","format-standard","has-post-thumbnail","hentry","category-gundem"],"acf":[],"yoast_head":"<!-- This site is optimized with the Yoast SEO Premium plugin v26.6 (Yoast SEO v27.1.1) - https:\/\/yoast.com\/product\/yoast-seo-premium-wordpress\/ -->\n<title>\u00dcmit Uysal: H\u00fck\u00fcmet, \u0130mamo\u011flu soru\u015fturmas\u0131n\u0131n hukuki olmad\u0131\u011f\u0131n\u0131 itiraf etti! - Av. Deniz Can K\u0131z\u0131l<\/title>\n<meta name=\"robots\" content=\"index, follow, max-snippet:-1, max-image-preview:large, max-video-preview:-1\" \/>\n<link rel=\"canonical\" href=\"https:\/\/denizcankizil.tr\/de\/haberler\/gundem\/umit-uysal-hukumet-imamoglu-sorusturmasinin-hukuki-olmadigini-itiraf-etti\/\" \/>\n<meta property=\"og:locale\" content=\"de_DE\" \/>\n<meta property=\"og:type\" content=\"article\" \/>\n<meta property=\"og:title\" content=\"\u00dcmit Uysal: H\u00fck\u00fcmet, \u0130mamo\u011flu soru\u015fturmas\u0131n\u0131n hukuki olmad\u0131\u011f\u0131n\u0131 itiraf etti!\" \/>\n<meta property=\"og:description\" content=\"Muratpa\u015fa Belediye Ba\u015fkan\u0131 \u00dcmit Uysal, \u0130stanbul B\u00fcy\u00fck\u015fehir Belediye Ba\u015fkan\u0131 Ekrem \u0130mamo\u011flu hakk\u0131nda y\u00fcr\u00fct\u00fclen soru\u015fturmaya ili\u015fkin sosyal medya \u00fczerinden sert bir a\u00e7\u0131klama yapt\u0131. \u0130ktidar\u0131n soru\u015fturmay\u0131 Cumhurba\u015fkanl\u0131\u011f\u0131 adayl\u0131\u011f\u0131yla ili\u015fkilendirerek hukuki me\u015frutiyetini yitirdi\u011fini belirten Uysal, yap\u0131lanlar\u0131n adaletten uzak, siyasi bir m\u00fcdahale oldu\u011funu ifade etti. &#8220;\u0130FT\u0130RA ED\u0130YORSUNUZ: BU B\u0130R ZUL\u00dcM&#8221; Uysal a\u00e7\u0131klamas\u0131nda, &#8220;Kendi a\u011fz\u0131n\u0131zla \u0130mamo\u011flu soru\u015fturmas\u0131n\u0131 Cumhurba\u015fkan\u0131 adayl\u0131\u011f\u0131yla do\u011frudan ili\u015fkilendiriyorsunuz, hatta di\u011fer partilerimize de a\u00e7\u0131k\u00e7a tehdit ediyorsunuz. Yap\u0131lan i\u015fin hukuki olmad\u0131\u011f\u0131n\u0131 bu \u015fekilde a\u00e7\u0131k\u00e7a itiraf ediyorsunuz&#8221; s\u00f6zleriyle iktidar\u0131n s\u00f6ylemlerini ele\u015ftirdi. \u0130ktidar\u0131n \u0130mamo\u011flu&#8217;nu aklam\u0131\u015f oldu\u011funu vurgulayan Uysal, &#8220;Kendi dilinizle tarih \u00f6n\u00fcnde \u0130mamo\u011flu&#8217;nu akl\u0131yor, kendi zulm\u00fcn\u00fcz\u00fc de tescil ediyorsunuz&#8221; dedi. &#8220;TOPLUMUN \u00d6N\u00dcNE \u0130NANDIRICI B\u0130R DOSYA B\u0130LE KOYAMADINIZ&#8221; Soru\u015fturma s\u00fcrecinin kamuoyu nezdinde ciddiyetini kaybetti\u011fini ifade eden \u00dcmit Uysal, iktidar\u0131n bug\u00fcne kadar somut ve inand\u0131r\u0131c\u0131 bir su\u00e7 dosyas\u0131 ortaya koymad\u0131\u011f\u0131n\u0131 belirtti. Uysal, &#8220;Zaten b\u00fct\u00fcn devlet olanaklar\u0131 elinizde olmas\u0131na ra\u011fmen haftalard\u0131r toplumun \u00f6n\u00fcnde inand\u0131r\u0131c\u0131 bir su\u00e7 dosyas\u0131 da koyamad\u0131n\u0131z. Hatta jammer bavullar\u0131 ve kumbaradan medet umarak toplumun g\u00f6z\u00fcnde soru\u015fturmay\u0131 iyice itibars\u0131zla\u015ft\u0131rd\u0131n\u0131z&#8221; s\u00f6zleriyle s\u00fcrecin inand\u0131r\u0131c\u0131l\u0131\u011f\u0131n\u0131 sorgulad\u0131. &#8220;T\u00dcRK\u0130YE&#8217;Y\u0130 RAHAT BIRAKIN&#8221; Uysal a\u00e7\u0131klamas\u0131n\u0131 \u015f\u00f6yle sonland\u0131rd\u0131: &#8220;Bu tablo i\u00e7inde yanda\u015f kanallar\u0131n\u0131z ve k\u00fc\u00e7\u00fck orta\u011f\u0131n\u0131zla birlikte &#8220;yolsuzluk var&#8221; diye ba\u011f\u0131rman\u0131z trib\u00fcn tezah\u00fcrat\u0131ndan \u00f6te gitmiyor ve k\u00fc\u00e7\u00fcl\u00fcyorsunuz. Art\u0131k T\u00fcrkiye&#8217;yi rahat b\u0131rak\u0131n, kendinizi ve \u00fclkenizi rezil etti\u011finiz yeter. Talan ekonomisiyle ezdi\u011finiz, iyice zay\u0131flatt\u0131\u011f\u0131n\u0131z, s\u0131rt\u0131na bast\u0131n\u0131z bu &hellip;\" \/>\n<meta property=\"og:url\" content=\"https:\/\/denizcankizil.tr\/de\/haberler\/gundem\/umit-uysal-hukumet-imamoglu-sorusturmasinin-hukuki-olmadigini-itiraf-etti\/\" \/>\n<meta property=\"og:site_name\" content=\"Av. Deniz Can K\u0131z\u0131l\" \/>\n<meta property=\"article:published_time\" content=\"2025-05-01T15:41:20+00:00\" \/>\n<meta name=\"author\" content=\"Antalya K\u00f6rfez\" \/>\n<meta name=\"twitter:card\" content=\"summary_large_image\" \/>\n<meta name=\"twitter:label1\" content=\"Verfasst von\" \/>\n\t<meta name=\"twitter:data1\" content=\"Antalya K\u00f6rfez\" \/>\n\t<meta name=\"twitter:label2\" content=\"Gesch\u00e4tzte Lesezeit\" \/>\n\t<meta name=\"twitter:data2\" content=\"2\u00a0Minuten\" \/>\n<script type=\"application\/ld+json\" class=\"yoast-schema-graph\">{\"@context\":\"https:\/\/schema.org\",\"@graph\":[{\"@type\":\"Article\",\"@id\":\"https:\/\/denizcankizil.tr\/de\/haberler\/gundem\/umit-uysal-hukumet-imamoglu-sorusturmasinin-hukuki-olmadigini-itiraf-etti\/#article\",\"isPartOf\":{\"@id\":\"https:\/\/denizcankizil.tr\/de\/haberler\/gundem\/umit-uysal-hukumet-imamoglu-sorusturmasinin-hukuki-olmadigini-itiraf-etti\/\"},\"author\":{\"name\":\"Antalya K\u00f6rfez\",\"@id\":\"https:\/\/denizcankizil.tr\/#\/schema\/person\/e1eb71bb4dd684d46563f0af307e1234\"},\"headline\":\"\u00dcmit Uysal: H\u00fck\u00fcmet, \u0130mamo\u011flu soru\u015fturmas\u0131n\u0131n hukuki olmad\u0131\u011f\u0131n\u0131 itiraf etti!\",\"datePublished\":\"2025-05-01T15:41:20+00:00\",\"mainEntityOfPage\":{\"@id\":\"https:\/\/denizcankizil.tr\/de\/haberler\/gundem\/umit-uysal-hukumet-imamoglu-sorusturmasinin-hukuki-olmadigini-itiraf-etti\/\"},\"wordCount\":428,\"publisher\":{\"@id\":\"https:\/\/denizcankizil.tr\/#organization\"},\"articleSection\":[\"G\u00fcndem\"],\"inLanguage\":\"de\"},{\"@type\":\"WebPage\",\"@id\":\"https:\/\/denizcankizil.tr\/de\/haberler\/gundem\/umit-uysal-hukumet-imamoglu-sorusturmasinin-hukuki-olmadigini-itiraf-etti\/\",\"url\":\"https:\/\/denizcankizil.tr\/de\/haberler\/gundem\/umit-uysal-hukumet-imamoglu-sorusturmasinin-hukuki-olmadigini-itiraf-etti\/\",\"name\":\"\u00dcmit Uysal: H\u00fck\u00fcmet, \u0130mamo\u011flu soru\u015fturmas\u0131n\u0131n hukuki olmad\u0131\u011f\u0131n\u0131 itiraf etti! - Av. Deniz Can K\u0131z\u0131l\",\"isPartOf\":{\"@id\":\"https:\/\/denizcankizil.tr\/#website\"},\"datePublished\":\"2025-05-01T15:41:20+00:00\",\"breadcrumb\":{\"@id\":\"https:\/\/denizcankizil.tr\/de\/haberler\/gundem\/umit-uysal-hukumet-imamoglu-sorusturmasinin-hukuki-olmadigini-itiraf-etti\/#breadcrumb\"},\"inLanguage\":\"de\",\"potentialAction\":[{\"@type\":\"ReadAction\",\"target\":[\"https:\/\/denizcankizil.tr\/de\/haberler\/gundem\/umit-uysal-hukumet-imamoglu-sorusturmasinin-hukuki-olmadigini-itiraf-etti\/\"]}]},{\"@type\":\"BreadcrumbList\",\"@id\":\"https:\/\/denizcankizil.tr\/de\/haberler\/gundem\/umit-uysal-hukumet-imamoglu-sorusturmasinin-hukuki-olmadigini-itiraf-etti\/#breadcrumb\",\"itemListElement\":[{\"@type\":\"ListItem\",\"position\":1,\"name\":\"Home\",\"item\":\"https:\/\/denizcankizil.tr\/de\/\"},{\"@type\":\"ListItem\",\"position\":2,\"name\":\"\u00dcmit Uysal: H\u00fck\u00fcmet, \u0130mamo\u011flu soru\u015fturmas\u0131n\u0131n hukuki olmad\u0131\u011f\u0131n\u0131 itiraf etti!\"}]},{\"@type\":\"WebSite\",\"@id\":\"https:\/\/denizcankizil.tr\/#website\",\"url\":\"https:\/\/denizcankizil.tr\/\",\"name\":\"Av. Deniz Can K\u0131z\u0131l\",\"description\":\"Avukat Deniz Can K\u0131z\u0131l Antalya Barosu\",\"publisher\":{\"@id\":\"https:\/\/denizcankizil.tr\/#organization\"},\"potentialAction\":[{\"@type\":\"SearchAction\",\"target\":{\"@type\":\"EntryPoint\",\"urlTemplate\":\"https:\/\/denizcankizil.tr\/?s={search_term_string}\"},\"query-input\":{\"@type\":\"PropertyValueSpecification\",\"valueRequired\":true,\"valueName\":\"search_term_string\"}}],\"inLanguage\":\"de\"},{\"@type\":\"Organization\",\"@id\":\"https:\/\/denizcankizil.tr\/#organization\",\"name\":\"Av. Deniz Can K\u0131z\u0131l\",\"url\":\"https:\/\/denizcankizil.tr\/\",\"logo\":{\"@type\":\"ImageObject\",\"inLanguage\":\"de\",\"@id\":\"https:\/\/denizcankizil.tr\/#\/schema\/logo\/image\/\",\"url\":\"https:\/\/denizcankizil.tr\/wp-content\/uploads\/2024\/10\/siyah-logo-svg.svg\",\"contentUrl\":\"https:\/\/denizcankizil.tr\/wp-content\/uploads\/2024\/10\/siyah-logo-svg.svg\",\"width\":1080,\"height\":1080,\"caption\":\"Av. Deniz Can K\u0131z\u0131l\"},\"image\":{\"@id\":\"https:\/\/denizcankizil.tr\/#\/schema\/logo\/image\/\"}},{\"@type\":\"Person\",\"@id\":\"https:\/\/denizcankizil.tr\/#\/schema\/person\/e1eb71bb4dd684d46563f0af307e1234\",\"name\":\"Antalya K\u00f6rfez\",\"image\":{\"@type\":\"ImageObject\",\"inLanguage\":\"de\",\"@id\":\"https:\/\/denizcankizil.tr\/#\/schema\/person\/image\/\",\"url\":\"https:\/\/secure.gravatar.com\/avatar\/42b01982558a48a0b501fdcab6a408d3717ea5919095ee2e67b0e521799c5905?s=96&d=mm&r=g\",\"contentUrl\":\"https:\/\/secure.gravatar.com\/avatar\/42b01982558a48a0b501fdcab6a408d3717ea5919095ee2e67b0e521799c5905?s=96&d=mm&r=g\",\"caption\":\"Antalya K\u00f6rfez\"},\"sameAs\":[\"http:\/\/www.antalyakorfez.com\"],\"url\":\"https:\/\/www.antalyakorfez.com\/umit-uysal-hukumet-imamoglu-sorusturmasinin-hukuki-olmadigini-itiraf-etti\"}]}<\/script>\n<!-- \/ Yoast SEO Premium plugin. -->","yoast_head_json":{"title":"\u00dcmit Uysal: H\u00fck\u00fcmet, \u0130mamo\u011flu soru\u015fturmas\u0131n\u0131n hukuki olmad\u0131\u011f\u0131n\u0131 itiraf etti! - Av. Deniz Can K\u0131z\u0131l","robots":{"index":"index","follow":"follow","max-snippet":"max-snippet:-1","max-image-preview":"max-image-preview:large","max-video-preview":"max-video-preview:-1"},"canonical":"https:\/\/denizcankizil.tr\/de\/haberler\/gundem\/umit-uysal-hukumet-imamoglu-sorusturmasinin-hukuki-olmadigini-itiraf-etti\/","og_locale":"de_DE","og_type":"article","og_title":"\u00dcmit Uysal: H\u00fck\u00fcmet, \u0130mamo\u011flu soru\u015fturmas\u0131n\u0131n hukuki olmad\u0131\u011f\u0131n\u0131 itiraf etti!","og_description":"Muratpa\u015fa Belediye Ba\u015fkan\u0131 \u00dcmit Uysal, \u0130stanbul B\u00fcy\u00fck\u015fehir Belediye Ba\u015fkan\u0131 Ekrem \u0130mamo\u011flu hakk\u0131nda y\u00fcr\u00fct\u00fclen soru\u015fturmaya ili\u015fkin sosyal medya \u00fczerinden sert bir a\u00e7\u0131klama yapt\u0131. \u0130ktidar\u0131n soru\u015fturmay\u0131 Cumhurba\u015fkanl\u0131\u011f\u0131 adayl\u0131\u011f\u0131yla ili\u015fkilendirerek hukuki me\u015frutiyetini yitirdi\u011fini belirten Uysal, yap\u0131lanlar\u0131n adaletten uzak, siyasi bir m\u00fcdahale oldu\u011funu ifade etti. &#8220;\u0130FT\u0130RA ED\u0130YORSUNUZ: BU B\u0130R ZUL\u00dcM&#8221; Uysal a\u00e7\u0131klamas\u0131nda, &#8220;Kendi a\u011fz\u0131n\u0131zla \u0130mamo\u011flu soru\u015fturmas\u0131n\u0131 Cumhurba\u015fkan\u0131 adayl\u0131\u011f\u0131yla do\u011frudan ili\u015fkilendiriyorsunuz, hatta di\u011fer partilerimize de a\u00e7\u0131k\u00e7a tehdit ediyorsunuz. Yap\u0131lan i\u015fin hukuki olmad\u0131\u011f\u0131n\u0131 bu \u015fekilde a\u00e7\u0131k\u00e7a itiraf ediyorsunuz&#8221; s\u00f6zleriyle iktidar\u0131n s\u00f6ylemlerini ele\u015ftirdi. \u0130ktidar\u0131n \u0130mamo\u011flu&#8217;nu aklam\u0131\u015f oldu\u011funu vurgulayan Uysal, &#8220;Kendi dilinizle tarih \u00f6n\u00fcnde \u0130mamo\u011flu&#8217;nu akl\u0131yor, kendi zulm\u00fcn\u00fcz\u00fc de tescil ediyorsunuz&#8221; dedi. &#8220;TOPLUMUN \u00d6N\u00dcNE \u0130NANDIRICI B\u0130R DOSYA B\u0130LE KOYAMADINIZ&#8221; Soru\u015fturma s\u00fcrecinin kamuoyu nezdinde ciddiyetini kaybetti\u011fini ifade eden \u00dcmit Uysal, iktidar\u0131n bug\u00fcne kadar somut ve inand\u0131r\u0131c\u0131 bir su\u00e7 dosyas\u0131 ortaya koymad\u0131\u011f\u0131n\u0131 belirtti. Uysal, &#8220;Zaten b\u00fct\u00fcn devlet olanaklar\u0131 elinizde olmas\u0131na ra\u011fmen haftalard\u0131r toplumun \u00f6n\u00fcnde inand\u0131r\u0131c\u0131 bir su\u00e7 dosyas\u0131 da koyamad\u0131n\u0131z. Hatta jammer bavullar\u0131 ve kumbaradan medet umarak toplumun g\u00f6z\u00fcnde soru\u015fturmay\u0131 iyice itibars\u0131zla\u015ft\u0131rd\u0131n\u0131z&#8221; s\u00f6zleriyle s\u00fcrecin inand\u0131r\u0131c\u0131l\u0131\u011f\u0131n\u0131 sorgulad\u0131. &#8220;T\u00dcRK\u0130YE&#8217;Y\u0130 RAHAT BIRAKIN&#8221; Uysal a\u00e7\u0131klamas\u0131n\u0131 \u015f\u00f6yle sonland\u0131rd\u0131: &#8220;Bu tablo i\u00e7inde yanda\u015f kanallar\u0131n\u0131z ve k\u00fc\u00e7\u00fck orta\u011f\u0131n\u0131zla birlikte &#8220;yolsuzluk var&#8221; diye ba\u011f\u0131rman\u0131z trib\u00fcn tezah\u00fcrat\u0131ndan \u00f6te gitmiyor ve k\u00fc\u00e7\u00fcl\u00fcyorsunuz. Art\u0131k T\u00fcrkiye&#8217;yi rahat b\u0131rak\u0131n, kendinizi ve \u00fclkenizi rezil etti\u011finiz yeter. Talan ekonomisiyle ezdi\u011finiz, iyice zay\u0131flatt\u0131\u011f\u0131n\u0131z, s\u0131rt\u0131na bast\u0131n\u0131z bu &hellip;","og_url":"https:\/\/denizcankizil.tr\/de\/haberler\/gundem\/umit-uysal-hukumet-imamoglu-sorusturmasinin-hukuki-olmadigini-itiraf-etti\/","og_site_name":"Av. Deniz Can K\u0131z\u0131l","article_published_time":"2025-05-01T15:41:20+00:00","author":"Antalya K\u00f6rfez","twitter_card":"summary_large_image","twitter_misc":{"Verfasst von":"Antalya K\u00f6rfez","Gesch\u00e4tzte Lesezeit":"2\u00a0Minuten"},"schema":{"@context":"https:\/\/schema.org","@graph":[{"@type":"Article","@id":"https:\/\/denizcankizil.tr\/de\/haberler\/gundem\/umit-uysal-hukumet-imamoglu-sorusturmasinin-hukuki-olmadigini-itiraf-etti\/#article","isPartOf":{"@id":"https:\/\/denizcankizil.tr\/de\/haberler\/gundem\/umit-uysal-hukumet-imamoglu-sorusturmasinin-hukuki-olmadigini-itiraf-etti\/"},"author":{"name":"Antalya K\u00f6rfez","@id":"https:\/\/denizcankizil.tr\/#\/schema\/person\/e1eb71bb4dd684d46563f0af307e1234"},"headline":"\u00dcmit Uysal: H\u00fck\u00fcmet, \u0130mamo\u011flu soru\u015fturmas\u0131n\u0131n hukuki olmad\u0131\u011f\u0131n\u0131 itiraf etti!","datePublished":"2025-05-01T15:41:20+00:00","mainEntityOfPage":{"@id":"https:\/\/denizcankizil.tr\/de\/haberler\/gundem\/umit-uysal-hukumet-imamoglu-sorusturmasinin-hukuki-olmadigini-itiraf-etti\/"},"wordCount":428,"publisher":{"@id":"https:\/\/denizcankizil.tr\/#organization"},"articleSection":["G\u00fcndem"],"inLanguage":"de"},{"@type":"WebPage","@id":"https:\/\/denizcankizil.tr\/de\/haberler\/gundem\/umit-uysal-hukumet-imamoglu-sorusturmasinin-hukuki-olmadigini-itiraf-etti\/","url":"https:\/\/denizcankizil.tr\/de\/haberler\/gundem\/umit-uysal-hukumet-imamoglu-sorusturmasinin-hukuki-olmadigini-itiraf-etti\/","name":"\u00dcmit Uysal: H\u00fck\u00fcmet, \u0130mamo\u011flu soru\u015fturmas\u0131n\u0131n hukuki olmad\u0131\u011f\u0131n\u0131 itiraf etti! - Av. Deniz Can K\u0131z\u0131l","isPartOf":{"@id":"https:\/\/denizcankizil.tr\/#website"},"datePublished":"2025-05-01T15:41:20+00:00","breadcrumb":{"@id":"https:\/\/denizcankizil.tr\/de\/haberler\/gundem\/umit-uysal-hukumet-imamoglu-sorusturmasinin-hukuki-olmadigini-itiraf-etti\/#breadcrumb"},"inLanguage":"de","potentialAction":[{"@type":"ReadAction","target":["https:\/\/denizcankizil.tr\/de\/haberler\/gundem\/umit-uysal-hukumet-imamoglu-sorusturmasinin-hukuki-olmadigini-itiraf-etti\/"]}]},{"@type":"BreadcrumbList","@id":"https:\/\/denizcankizil.tr\/de\/haberler\/gundem\/umit-uysal-hukumet-imamoglu-sorusturmasinin-hukuki-olmadigini-itiraf-etti\/#breadcrumb","itemListElement":[{"@type":"ListItem","position":1,"name":"Home","item":"https:\/\/denizcankizil.tr\/de\/"},{"@type":"ListItem","position":2,"name":"\u00dcmit Uysal: H\u00fck\u00fcmet, \u0130mamo\u011flu soru\u015fturmas\u0131n\u0131n hukuki olmad\u0131\u011f\u0131n\u0131 itiraf etti!"}]},{"@type":"WebSite","@id":"https:\/\/denizcankizil.tr\/#website","url":"https:\/\/denizcankizil.tr\/","name":"Av. Deniz Can K\u0131z\u0131l","description":"Avukat Deniz Can K\u0131z\u0131l Antalya Barosu","publisher":{"@id":"https:\/\/denizcankizil.tr\/#organization"},"potentialAction":[{"@type":"SearchAction","target":{"@type":"EntryPoint","urlTemplate":"https:\/\/denizcankizil.tr\/?s={search_term_string}"},"query-input":{"@type":"PropertyValueSpecification","valueRequired":true,"valueName":"search_term_string"}}],"inLanguage":"de"},{"@type":"Organization","@id":"https:\/\/denizcankizil.tr\/#organization","name":"Av. Deniz Can K\u0131z\u0131l","url":"https:\/\/denizcankizil.tr\/","logo":{"@type":"ImageObject","inLanguage":"de","@id":"https:\/\/denizcankizil.tr\/#\/schema\/logo\/image\/","url":"https:\/\/denizcankizil.tr\/wp-content\/uploads\/2024\/10\/siyah-logo-svg.svg","contentUrl":"https:\/\/denizcankizil.tr\/wp-content\/uploads\/2024\/10\/siyah-logo-svg.svg","width":1080,"height":1080,"caption":"Av. Deniz Can K\u0131z\u0131l"},"image":{"@id":"https:\/\/denizcankizil.tr\/#\/schema\/logo\/image\/"}},{"@type":"Person","@id":"https:\/\/denizcankizil.tr\/#\/schema\/person\/e1eb71bb4dd684d46563f0af307e1234","name":"Antalya K\u00f6rfez","image":{"@type":"ImageObject","inLanguage":"de","@id":"https:\/\/denizcankizil.tr\/#\/schema\/person\/image\/","url":"https:\/\/secure.gravatar.com\/avatar\/42b01982558a48a0b501fdcab6a408d3717ea5919095ee2e67b0e521799c5905?s=96&d=mm&r=g","contentUrl":"https:\/\/secure.gravatar.com\/avatar\/42b01982558a48a0b501fdcab6a408d3717ea5919095ee2e67b0e521799c5905?s=96&d=mm&r=g","caption":"Antalya K\u00f6rfez"},"sameAs":["http:\/\/www.antalyakorfez.com"],"url":"https:\/\/www.antalyakorfez.com\/umit-uysal-hukumet-imamoglu-sorusturmasinin-hukuki-olmadigini-itiraf-etti"}]}},"_links":{"self":[{"href":"https:\/\/denizcankizil.tr\/de\/wp-json\/wp\/v2\/posts\/72740","targetHints":{"allow":["GET"]}}],"collection":[{"href":"https:\/\/denizcankizil.tr\/de\/wp-json\/wp\/v2\/posts"}],"about":[{"href":"https:\/\/denizcankizil.tr\/de\/wp-json\/wp\/v2\/types\/post"}],"author":[{"embeddable":true,"href":"https:\/\/denizcankizil.tr\/de\/wp-json\/wp\/v2\/users\/5"}],"replies":[{"embeddable":true,"href":"https:\/\/denizcankizil.tr\/de\/wp-json\/wp\/v2\/comments?post=72740"}],"version-history":[{"count":0,"href":"https:\/\/denizcankizil.tr\/de\/wp-json\/wp\/v2\/posts\/72740\/revisions"}],"wp:attachment":[{"href":"https:\/\/denizcankizil.tr\/de\/wp-json\/wp\/v2\/media?parent=72740"}],"wp:term":[{"taxonomy":"category","embeddable":true,"href":"https:\/\/denizcankizil.tr\/de\/wp-json\/wp\/v2\/categories?post=72740"},{"taxonomy":"post_tag","embeddable":true,"href":"https:\/\/denizcankizil.tr\/de\/wp-json\/wp\/v2\/tags?post=72740"}],"curies":[{"name":"wp","href":"https:\/\/api.w.org\/{rel}","templated":true}]}}