{"id":72738,"date":"2025-05-01T17:42:17","date_gmt":"2025-05-01T14:42:17","guid":{"rendered":"https:\/\/denizcankizil.tr\/uncategorized-tr\/antalyada-bogacayi-bilim-kurulu-yaz-tedbirleri-icin-toplandi\/"},"modified":"2025-05-01T17:42:17","modified_gmt":"2025-05-01T14:42:17","slug":"antalyada-bogacayi-bilim-kurulu-yaz-tedbirleri-icin-toplandi","status":"publish","type":"post","link":"https:\/\/denizcankizil.tr\/de\/haberler\/gundem\/antalyada-bogacayi-bilim-kurulu-yaz-tedbirleri-icin-toplandi\/","title":{"rendered":"Antalya&#8217;da Bo\u011fa\u00e7ay\u0131 Bilim Kurulu yaz tedbirleri i\u00e7in topland\u0131"},"content":{"rendered":"<p>Antalya B\u00fcy\u00fck\u015fehir Belediyesi \u00f6nc\u00fcl\u00fc\u011f\u00fcnde olu\u015fturulan Bo\u011fa\u00e7ay\u0131 Bilim Kurulu, Bo\u011fa\u00e7ay\u0131\u2019n\u0131n g\u00fcncel durumu, gelece\u011fi, sorunlar\u0131, \u00e7\u00f6z\u00fcmleri ve yaz sezonu \u00e7al\u0131\u015fmalar\u0131 \u00f6ncesi toplant\u0131 ger\u00e7ekle\u015ftirdi. Bilim Kurulu, do\u011fal \u015fartlar\u0131na yeniden d\u00f6nmeye ba\u015flayan Bo\u011fa\u00e7ay\u0131\u2019n\u0131n ekosistemini koruyacak tedbirleri artt\u0131rma karar\u0131 ald\u0131.ANTALYA (\u0130GFA) &#8211; Antalya\u00a0B\u00fcy\u00fck\u015fehir Belediyesi 2019 y\u0131l\u0131nda olu\u015fturdu\u011fu bilim kurulu ile Bo\u011fa\u00e7ay\u0131\u2019nda ya\u015fanan de\u011fi\u015fimleri, sorunlar\u0131 ve olas\u0131 riskleri yak\u0131ndan takip ediyor. Antalya B\u00fcy\u00fck\u015fehir Belediyesi Ba\u015fkan Ba\u015fdan\u0131\u015fman\u0131 Dr. Cem O\u011fuz ve Ba\u015fkan Dan\u0131\u015fman\u0131 \u00c7evre Y\u00fcksek M\u00fchendisi Lokman Atasoy ba\u015fkanl\u0131\u011f\u0131nda akademisyenler, ilgili meslek odalar\u0131, kurum temsilcileri ve alan\u0131nda uzman isimlerden olu\u015fan Bo\u011fa\u00e7ay\u0131 Bilim Kurulu yaz sezonu uygulamalar\u0131 i\u00e7in bir kez daha topland\u0131. Bo\u011fa\u00e7ay\u0131\u2019nda yap\u0131lan saha incelemelerinin ard\u0131ndan B\u00fcy\u00fck\u015fehir Belediyesi Deniz ve K\u0131y\u0131 Y\u00f6netimi \u015eube M\u00fcd\u00fcrl\u00fc\u011f\u00fc binas\u0131nda toplanan bilim kurulu, Bo\u011fa\u00e7ay\u0131 ekosistemini koruyacak tedbirleri artt\u0131ran kararlar\u0131 g\u00f6r\u00fc\u015ft\u00fc.<br \/>\nYEN\u0130 CANLI T\u00dcRLER\u0130 YAKINDAN TAK\u0130P ED\u0130LECEK<br \/>\nBilim kurulunun ald\u0131\u011f\u0131 kararlar do\u011frultusunda, Bo\u011fa\u00e7ay\u0131\u2019nda ilgili kurum ve kurulu\u015flar\u0131n katk\u0131s\u0131 ve bilimsel ara\u015ft\u0131rmalar ile k\u0131y\u0131 erozyonu ve ta\u015fk\u0131n riskini \u00f6nleyici \u00e7al\u0131\u015fmalar h\u0131zland\u0131r\u0131lacak. Bo\u011fa\u00e7ay\u0131\u2019n\u0131n batimetri \u00f6l\u00e7\u00fcmleri neticesinde de\u011fi\u015fen topo\u011frafik yap\u0131s\u0131na uygun sucul bitki temizlik \u00e7al\u0131\u015fmalar\u0131 sucul ot bi\u00e7me makineleri ile s\u00fcrd\u00fcr\u00fclecek. Yaz aylar\u0131nda su debisinin d\u00fc\u015fmesi ile birlikte temizlik \u00e7al\u0131\u015fmalar\u0131n\u0131n devaml\u0131l\u0131\u011f\u0131n\u0131n sa\u011flanabilmesi ve sucul bitkilerin kontrols\u00fcz b\u00fcy\u00fcmesinin \u00f6n\u00fcne ge\u00e7ilebilmesi i\u00e7in Bo\u011fa\u00e7ay\u0131\u2019n\u0131n denizle ba\u011flant\u0131 noktas\u0131 kapat\u0131lacak. Yaz sezonunda uygulanacak vekt\u00f6r ile m\u00fccadele sucul ekosistemin s\u00fcrd\u00fcr\u00fclebilirli\u011fi g\u00f6zetilerek hassasiyetle devam ettirilecek. Bo\u011fa\u00e7ay\u0131\u2019nda ya\u015fanan biyo\u00e7e\u015fitlilik korunmas\u0131na y\u00f6nelik tedbirler artt\u0131r\u0131lacak. Do\u011fal de\u011fi\u015fimler ile birlikte alanda ya\u015famaya ba\u015flayan yeni ku\u015f t\u00fcrleri, bal\u0131klar ve di\u011fer canl\u0131 t\u00fcrleri yak\u0131ndan incelenmesi konular\u0131 g\u00f6r\u00fc\u015f\u00fcld\u00fc.<br \/>\nB\u0130L\u0130M\u0130N I\u015eINDA \u0130LERL\u0130YORUZ<br \/>\nBo\u011fa\u00e7ay\u0131 bilim kurulunun \u00e7al\u0131\u015fmalar\u0131 ve Bo\u011fa\u00e7ay\u0131\u2019nda ya\u015fanan de\u011fi\u015fimlere ili\u015fkin bilgilendirmede bulunan B\u00fcy\u00fck\u015fehir Belediyesi Ba\u015fkan Ba\u015fdan\u0131\u015fman\u0131 Dr. Cem O\u011fuz<br \/>\n\u201cBo\u011fa\u00e7ay\u0131\u2019nda olu\u015fan s\u0131k\u0131nt\u0131lar\u0131, olu\u015fumlar\u0131 ve de\u011fi\u015fimleri yak\u0131ndan takip ediyor ve bilim kurulumuzla k\u0131sa, orta ve uzun vadeli \u00e7al\u0131\u015fmalar\u0131m\u0131z\u0131 s\u00fcrd\u00fcr\u00fcyoruz. Her ge\u00e7en g\u00fcn kurulumuza kat\u0131l\u0131m art\u0131yor. \u0130n\u015faat, \u00e7evre ve harita m\u00fchendisleri, \u00fcniversitelerimizden akademisyenler ve ilgi meslek odalar\u0131m\u0131z\u0131n katk\u0131lar\u0131 ile bilimsel y\u00f6ntemlerin \u0131\u015f\u0131\u011f\u0131nda Bo\u011fa\u00e7ay\u0131 havzas\u0131 i\u00e7in bir araya geliyoruz. \u0130lk yap\u0131ld\u0131\u011f\u0131 y\u0131l s\u0131k\u0131nt\u0131lar\u0131n g\u00f6r\u00fclmeye ba\u015flad\u0131\u011f\u0131 Bo\u011fa\u00e7ay\u0131\u2019nda yaz sezonu sucul bitkileri temizleme mecburiyetindeyiz. B\u00fcy\u00fck\u015fehir Belediyemiz gerekli t\u00fcm \u00e7al\u0131\u015fmalar\u0131 aral\u0131ks\u0131z s\u00fcrd\u00fcrmekte\u201d dedi.<\/p>\n<p>S\u00dcRE\u00c7 T\u0130T\u0130ZL\u0130KLE TAK\u0130P ED\u0130L\u0130YOR<br \/>\nZaman i\u00e7erisinde en derin yeri 2,5 metre olan taban derinli\u011finin al\u00fcvyon ta\u015f\u0131n\u0131m\u0131 neticesi ile bug\u00fcn 80 santimetreye kadar d\u00fc\u015ft\u00fc\u011f\u00fcn\u00fc ifade eden O\u011fuz, \u201cBilim Kurulumuzun g\u00f6r\u00fc\u015f\u00fc ya\u015fanan ta\u015fk\u0131nlar ve al\u00fcvyon birikimi ile bu havzan\u0131n zamanla dolaca\u011f\u0131 y\u00f6n\u00fcnde. 6 y\u0131lda ya\u015fanan de\u011fi\u015fimler de bu g\u00f6r\u00fc\u015f\u00fc do\u011fruluyor. Bizim burada en \u00f6nemli konumuz k\u0131y\u0131 erozyonudur. Denizle bulu\u015famayan kum ve \u00e7ak\u0131llar ne yaz\u0131k ki Konyaalt\u0131 sahilimizde bir gerilemeye neden olmaktad\u0131r. Bu sorunun \u00e7\u00f6z\u00fcm\u00fc de maalesef biraz zaman alacak. Do\u011fal yolla sahilimizi besleyen kum ve \u00e7ak\u0131llar denizle yeniden bulu\u015fmaya ba\u015flayacak. Kurulumuz olarak Bo\u011fa\u00e7ay\u0131\u2019ndaki de\u011fi\u015fim s\u00fcre\u00e7lerini titizlikle yak\u0131ndan takip etmeye devam edece\u011fiz\u201d diye konu\u015ftu.<br \/>\nYOSUN OLU\u015eUMU AZALIYOR<br \/>\nBilim Kurulu toplant\u0131s\u0131na ili\u015fkin de\u011ferlendirmede bulunan Akdeniz \u00dcniversitesi \u00c7evre Sorunlar\u0131 Ara\u015ft\u0131rma Uygulama Merkezi \u015eube M\u00fcd\u00fcr\u00fc Do\u00e7. Dr. Ethem Karadirek ise Bo\u011fa\u00e7ay\u0131 ekosisteminin kendisine gelebilmesi i\u00e7in belirli bir s\u00fcre gerekti\u011fine dikkat \u00e7ekerek \u015funlar\u0131 s\u00f6yledi: \u201cBo\u011fa\u00e7ay\u0131 projesi yap\u0131ld\u0131ktan sonra ortaya \u00e7\u0131kan lag\u00fcnlerde sediman birikimi var. Bu nedenle Bo\u011fa\u00e7ay\u0131\u2019nda bir kesit daralmas\u0131 var. Ta\u015fk\u0131n debisi geldi\u011finde buradaki kesit alan\u0131 bunu ta\u015f\u0131mak i\u00e7in yeterli mi de\u011fil mi bununla ilgili \u00e7al\u0131\u015fmalar\u0131 artt\u0131raca\u011f\u0131z. Olu\u015fan sazl\u0131klar buradaki ekosistemin bir par\u00e7as\u0131. Bu olu\u015fumlar karbon azot ve fosforu tutmas\u0131 neticesiyle yosun miktar\u0131nda zaman i\u00e7erisinde azalma olu\u015fmakta bu de\u011fi\u015fimleri yak\u0131ndan inceliyoruz. Halk\u0131m\u0131z\u0131n rahats\u0131z oldu\u011fu karasinek ve sivrisinekle ilgili biyolojik m\u00fccadeleleri de g\u00f6r\u00fc\u015ft\u00fck. Al\u0131nan kararlar\u0131m\u0131z\u0131 uygulad\u0131\u011f\u0131m\u0131z m\u00fcddet\u00e7e halk\u0131m\u0131z\u0131n burada rahats\u0131z olaca\u011f\u0131 bir durum ya\u015fanmayacakt\u0131r.\u201d<\/p>\n<p>\u200bAntalya B\u00fcy\u00fck\u015fehir Belediyesi \u00f6nc\u00fcl\u00fc\u011f\u00fcnde olu\u015fturulan Bo\u011fa\u00e7ay\u0131 Bilim Kurulu, Bo\u011fa\u00e7ay\u0131\u2019n\u0131n g\u00fcncel durumu, gelece\u011fi, sorunlar\u0131, \u00e7\u00f6z\u00fcmleri ve yaz sezonu \u00e7al\u0131\u015fmalar\u0131 \u00f6ncesi toplant\u0131 ger\u00e7ekle\u015ftirdi. Bilim Kurulu, do\u011fal \u015fartlar\u0131na yeniden d\u00f6nmeye ba\u015flayan Bo\u011fa\u00e7ay\u0131\u2019n\u0131n ekosistemini koruyacak tedbirleri artt\u0131rma karar\u0131 ald\u0131.ANTALYA (\u0130GFA) &#8211; Antalya\u00a0B\u00fcy\u00fck\u015fehir Belediyesi 2019 y\u0131l\u0131nda olu\u015fturdu\u011fu bilim kurulu ile Bo\u011fa\u00e7ay\u0131\u2019nda ya\u015fanan de\u011fi\u015fimleri, sorunlar\u0131 ve olas\u0131 riskleri yak\u0131ndan takip ediyor. Antalya B\u00fcy\u00fck\u015fehir Belediyesi Ba\u015fkan Ba\u015fdan\u0131\u015fman\u0131 Dr. Cem O\u011fuz ve Ba\u015fkan Dan\u0131\u015fman\u0131 \u00c7evre Y\u00fcksek M\u00fchendisi Lokman Atasoy ba\u015fkanl\u0131\u011f\u0131nda akademisyenler, ilgili meslek odalar\u0131, kurum temsilcileri ve alan\u0131nda uzman isimlerden olu\u015fan Bo\u011fa\u00e7ay\u0131 Bilim Kurulu yaz sezonu uygulamalar\u0131 i\u00e7in bir kez daha topland\u0131. Bo\u011fa\u00e7ay\u0131\u2019nda yap\u0131lan saha incelemelerinin ard\u0131ndan B\u00fcy\u00fck\u015fehir Belediyesi Deniz ve K\u0131y\u0131 Y\u00f6netimi \u015eube M\u00fcd\u00fcrl\u00fc\u011f\u00fc binas\u0131nda toplanan bilim kurulu, Bo\u011fa\u00e7ay\u0131 ekosistemini koruyacak tedbirleri artt\u0131ran kararlar\u0131 g\u00f6r\u00fc\u015ft\u00fc.<br \/>\nYEN\u0130 CANLI T\u00dcRLER\u0130 YAKINDAN TAK\u0130P ED\u0130LECEK<br \/>\nBilim kurulunun ald\u0131\u011f\u0131 kararlar do\u011frultusunda, Bo\u011fa\u00e7ay\u0131\u2019nda ilgili kurum ve kurulu\u015flar\u0131n katk\u0131s\u0131 ve bilimsel ara\u015ft\u0131rmalar ile k\u0131y\u0131 erozyonu ve ta\u015fk\u0131n riskini \u00f6nleyici \u00e7al\u0131\u015fmalar h\u0131zland\u0131r\u0131lacak. Bo\u011fa\u00e7ay\u0131\u2019n\u0131n batimetri \u00f6l\u00e7\u00fcmleri neticesinde de\u011fi\u015fen topo\u011frafik yap\u0131s\u0131na uygun sucul bitki temizlik \u00e7al\u0131\u015fmalar\u0131 sucul ot bi\u00e7me makineleri ile s\u00fcrd\u00fcr\u00fclecek. Yaz aylar\u0131nda su debisinin d\u00fc\u015fmesi ile birlikte temizlik \u00e7al\u0131\u015fmalar\u0131n\u0131n devaml\u0131l\u0131\u011f\u0131n\u0131n sa\u011flanabilmesi ve sucul bitkilerin kontrols\u00fcz b\u00fcy\u00fcmesinin \u00f6n\u00fcne ge\u00e7ilebilmesi i\u00e7in Bo\u011fa\u00e7ay\u0131\u2019n\u0131n denizle ba\u011flant\u0131 noktas\u0131 kapat\u0131lacak. Yaz sezonunda uygulanacak vekt\u00f6r ile m\u00fccadele sucul ekosistemin s\u00fcrd\u00fcr\u00fclebilirli\u011fi g\u00f6zetilerek hassasiyetle devam ettirilecek. Bo\u011fa\u00e7ay\u0131\u2019nda ya\u015fanan biyo\u00e7e\u015fitlilik korunmas\u0131na y\u00f6nelik tedbirler artt\u0131r\u0131lacak. Do\u011fal de\u011fi\u015fimler ile birlikte alanda ya\u015famaya ba\u015flayan yeni ku\u015f t\u00fcrleri, bal\u0131klar ve di\u011fer canl\u0131 t\u00fcrleri yak\u0131ndan incelenmesi konular\u0131 g\u00f6r\u00fc\u015f\u00fcld\u00fc.<br \/>\nB\u0130L\u0130M\u0130N I\u015eINDA \u0130LERL\u0130YORUZ<br \/>\nBo\u011fa\u00e7ay\u0131 bilim kurulunun \u00e7al\u0131\u015fmalar\u0131 ve Bo\u011fa\u00e7ay\u0131\u2019nda ya\u015fanan de\u011fi\u015fimlere ili\u015fkin bilgilendirmede bulunan B\u00fcy\u00fck\u015fehir Belediyesi Ba\u015fkan Ba\u015fdan\u0131\u015fman\u0131 Dr. Cem O\u011fuz<br \/>\n\u201cBo\u011fa\u00e7ay\u0131\u2019nda olu\u015fan s\u0131k\u0131nt\u0131lar\u0131, olu\u015fumlar\u0131 ve de\u011fi\u015fimleri yak\u0131ndan takip ediyor ve bilim kurulumuzla k\u0131sa, orta ve uzun vadeli \u00e7al\u0131\u015fmalar\u0131m\u0131z\u0131 s\u00fcrd\u00fcr\u00fcyoruz. Her ge\u00e7en g\u00fcn kurulumuza kat\u0131l\u0131m art\u0131yor. \u0130n\u015faat, \u00e7evre ve harita m\u00fchendisleri, \u00fcniversitelerimizden akademisyenler ve ilgi meslek odalar\u0131m\u0131z\u0131n katk\u0131lar\u0131 ile bilimsel y\u00f6ntemlerin \u0131\u015f\u0131\u011f\u0131nda Bo\u011fa\u00e7ay\u0131 havzas\u0131 i\u00e7in bir araya geliyoruz. \u0130lk yap\u0131ld\u0131\u011f\u0131 y\u0131l s\u0131k\u0131nt\u0131lar\u0131n g\u00f6r\u00fclmeye ba\u015flad\u0131\u011f\u0131 Bo\u011fa\u00e7ay\u0131\u2019nda yaz sezonu sucul bitkileri temizleme mecburiyetindeyiz. B\u00fcy\u00fck\u015fehir Belediyemiz gerekli t\u00fcm \u00e7al\u0131\u015fmalar\u0131 aral\u0131ks\u0131z s\u00fcrd\u00fcrmekte\u201d dedi.<\/p>\n<p>S\u00dcRE\u00c7 T\u0130T\u0130ZL\u0130KLE TAK\u0130P ED\u0130L\u0130YOR<br \/>\nZaman i\u00e7erisinde en derin yeri 2,5 metre olan taban derinli\u011finin al\u00fcvyon ta\u015f\u0131n\u0131m\u0131 neticesi ile bug\u00fcn 80 santimetreye kadar d\u00fc\u015ft\u00fc\u011f\u00fcn\u00fc ifade eden O\u011fuz, \u201cBilim Kurulumuzun g\u00f6r\u00fc\u015f\u00fc ya\u015fanan ta\u015fk\u0131nlar ve al\u00fcvyon birikimi ile bu havzan\u0131n zamanla dolaca\u011f\u0131 y\u00f6n\u00fcnde. 6 y\u0131lda ya\u015fanan de\u011fi\u015fimler de bu g\u00f6r\u00fc\u015f\u00fc do\u011fruluyor. Bizim burada en \u00f6nemli konumuz k\u0131y\u0131 erozyonudur. Denizle bulu\u015famayan kum ve \u00e7ak\u0131llar ne yaz\u0131k ki Konyaalt\u0131 sahilimizde bir gerilemeye neden olmaktad\u0131r. Bu sorunun \u00e7\u00f6z\u00fcm\u00fc de maalesef biraz zaman alacak. Do\u011fal yolla sahilimizi besleyen kum ve \u00e7ak\u0131llar denizle yeniden bulu\u015fmaya ba\u015flayacak. Kurulumuz olarak Bo\u011fa\u00e7ay\u0131\u2019ndaki de\u011fi\u015fim s\u00fcre\u00e7lerini titizlikle yak\u0131ndan takip etmeye devam edece\u011fiz\u201d diye konu\u015ftu.<br \/>\nYOSUN OLU\u015eUMU AZALIYOR<br \/>\nBilim Kurulu toplant\u0131s\u0131na ili\u015fkin de\u011ferlendirmede bulunan Akdeniz \u00dcniversitesi \u00c7evre Sorunlar\u0131 Ara\u015ft\u0131rma Uygulama Merkezi \u015eube M\u00fcd\u00fcr\u00fc Do\u00e7. Dr. Ethem Karadirek ise Bo\u011fa\u00e7ay\u0131 ekosisteminin kendisine gelebilmesi i\u00e7in belirli bir s\u00fcre gerekti\u011fine dikkat \u00e7ekerek \u015funlar\u0131 s\u00f6yledi: \u201cBo\u011fa\u00e7ay\u0131 projesi yap\u0131ld\u0131ktan sonra ortaya \u00e7\u0131kan lag\u00fcnlerde sediman birikimi var. Bu nedenle Bo\u011fa\u00e7ay\u0131\u2019nda bir kesit daralmas\u0131 var. Ta\u015fk\u0131n debisi geldi\u011finde buradaki kesit alan\u0131 bunu ta\u015f\u0131mak i\u00e7in yeterli mi de\u011fil mi bununla ilgili \u00e7al\u0131\u015fmalar\u0131 artt\u0131raca\u011f\u0131z. Olu\u015fan sazl\u0131klar buradaki ekosistemin bir par\u00e7as\u0131. Bu olu\u015fumlar karbon azot ve fosforu tutmas\u0131 neticesiyle yosun miktar\u0131nda zaman i\u00e7erisinde azalma olu\u015fmakta bu de\u011fi\u015fimleri yak\u0131ndan inceliyoruz. Halk\u0131m\u0131z\u0131n rahats\u0131z oldu\u011fu karasinek ve sivrisinekle ilgili biyolojik m\u00fccadeleleri de g\u00f6r\u00fc\u015ft\u00fck. Al\u0131nan kararlar\u0131m\u0131z\u0131 uygulad\u0131\u011f\u0131m\u0131z m\u00fcddet\u00e7e halk\u0131m\u0131z\u0131n burada rahats\u0131z olaca\u011f\u0131 bir durum ya\u015fanmayacakt\u0131r.\u201d\u00a0<\/p>\n<p>\u200bHaberin Al\u0131nt\u0131land\u0131\u011f\u0131 Kaynak: www.iskenderun.org<\/p>","protected":false},"excerpt":{"rendered":"<p>Antalya B\u00fcy\u00fck\u015fehir Belediyesi \u00f6nc\u00fcl\u00fc\u011f\u00fcnde olu\u015fturulan Bo\u011fa\u00e7ay\u0131 Bilim Kurulu, Bo\u011fa\u00e7ay\u0131\u2019n\u0131n g\u00fcncel durumu, gelece\u011fi, sorunlar\u0131, \u00e7\u00f6z\u00fcmleri ve yaz sezonu \u00e7al\u0131\u015fmalar\u0131 \u00f6ncesi toplant\u0131 ger\u00e7ekle\u015ftirdi. Bilim Kurulu, do\u011fal \u015fartlar\u0131na yeniden d\u00f6nmeye ba\u015flayan Bo\u011fa\u00e7ay\u0131\u2019n\u0131n ekosistemini koruyacak tedbirleri artt\u0131rma karar\u0131 ald\u0131.ANTALYA (\u0130GFA) &#8211; Antalya\u00a0B\u00fcy\u00fck\u015fehir Belediyesi 2019 y\u0131l\u0131nda olu\u015fturdu\u011fu bilim kurulu ile Bo\u011fa\u00e7ay\u0131\u2019nda ya\u015fanan de\u011fi\u015fimleri, sorunlar\u0131 ve olas\u0131 riskleri yak\u0131ndan takip ediyor. Antalya B\u00fcy\u00fck\u015fehir Belediyesi Ba\u015fkan Ba\u015fdan\u0131\u015fman\u0131 Dr. Cem O\u011fuz ve Ba\u015fkan Dan\u0131\u015fman\u0131 \u00c7evre Y\u00fcksek M\u00fchendisi Lokman Atasoy ba\u015fkanl\u0131\u011f\u0131nda akademisyenler, ilgili meslek odalar\u0131, kurum temsilcileri ve alan\u0131nda uzman isimlerden olu\u015fan Bo\u011fa\u00e7ay\u0131 Bilim Kurulu yaz sezonu uygulamalar\u0131 i\u00e7in bir kez daha topland\u0131. Bo\u011fa\u00e7ay\u0131\u2019nda yap\u0131lan saha incelemelerinin ard\u0131ndan B\u00fcy\u00fck\u015fehir Belediyesi Deniz ve K\u0131y\u0131 Y\u00f6netimi \u015eube M\u00fcd\u00fcrl\u00fc\u011f\u00fc binas\u0131nda toplanan bilim kurulu, Bo\u011fa\u00e7ay\u0131 ekosistemini koruyacak tedbirleri artt\u0131ran kararlar\u0131 g\u00f6r\u00fc\u015ft\u00fc. YEN\u0130 CANLI T\u00dcRLER\u0130 YAKINDAN TAK\u0130P ED\u0130LECEK Bilim kurulunun ald\u0131\u011f\u0131 kararlar do\u011frultusunda, Bo\u011fa\u00e7ay\u0131\u2019nda ilgili kurum ve kurulu\u015flar\u0131n katk\u0131s\u0131 ve bilimsel ara\u015ft\u0131rmalar ile k\u0131y\u0131 erozyonu ve ta\u015fk\u0131n riskini \u00f6nleyici \u00e7al\u0131\u015fmalar h\u0131zland\u0131r\u0131lacak. Bo\u011fa\u00e7ay\u0131\u2019n\u0131n batimetri \u00f6l\u00e7\u00fcmleri neticesinde de\u011fi\u015fen topo\u011frafik yap\u0131s\u0131na uygun sucul bitki temizlik \u00e7al\u0131\u015fmalar\u0131 sucul ot bi\u00e7me makineleri ile s\u00fcrd\u00fcr\u00fclecek. Yaz aylar\u0131nda su debisinin d\u00fc\u015fmesi ile birlikte temizlik \u00e7al\u0131\u015fmalar\u0131n\u0131n devaml\u0131l\u0131\u011f\u0131n\u0131n sa\u011flanabilmesi ve sucul bitkilerin kontrols\u00fcz b\u00fcy\u00fcmesinin \u00f6n\u00fcne ge\u00e7ilebilmesi i\u00e7in Bo\u011fa\u00e7ay\u0131\u2019n\u0131n denizle ba\u011flant\u0131 noktas\u0131 kapat\u0131lacak. Yaz sezonunda uygulanacak vekt\u00f6r ile m\u00fccadele sucul ekosistemin s\u00fcrd\u00fcr\u00fclebilirli\u011fi g\u00f6zetilerek hassasiyetle &hellip;<\/p>","protected":false},"author":1,"featured_media":0,"comment_status":"","ping_status":"open","sticky":false,"template":"","format":"standard","meta":{"_acf_changed":false,"footnotes":""},"categories":[24],"tags":[],"class_list":["post-72738","post","type-post","status-publish","format-standard","has-post-thumbnail","hentry","category-gundem"],"acf":[],"yoast_head":"<!-- This site is optimized with the Yoast SEO Premium plugin v26.6 (Yoast SEO v27.1.1) - https:\/\/yoast.com\/product\/yoast-seo-premium-wordpress\/ -->\n<title>Antalya&#039;da Bo\u011fa\u00e7ay\u0131 Bilim Kurulu yaz tedbirleri i\u00e7in topland\u0131 - Av. Deniz Can K\u0131z\u0131l<\/title>\n<meta name=\"robots\" content=\"index, follow, max-snippet:-1, max-image-preview:large, max-video-preview:-1\" \/>\n<link rel=\"canonical\" href=\"https:\/\/denizcankizil.tr\/de\/haberler\/gundem\/antalyada-bogacayi-bilim-kurulu-yaz-tedbirleri-icin-toplandi\/\" \/>\n<meta property=\"og:locale\" content=\"de_DE\" \/>\n<meta property=\"og:type\" content=\"article\" \/>\n<meta property=\"og:title\" content=\"Antalya&#039;da Bo\u011fa\u00e7ay\u0131 Bilim Kurulu yaz tedbirleri i\u00e7in topland\u0131\" \/>\n<meta property=\"og:description\" content=\"Antalya B\u00fcy\u00fck\u015fehir Belediyesi \u00f6nc\u00fcl\u00fc\u011f\u00fcnde olu\u015fturulan Bo\u011fa\u00e7ay\u0131 Bilim Kurulu, Bo\u011fa\u00e7ay\u0131\u2019n\u0131n g\u00fcncel durumu, gelece\u011fi, sorunlar\u0131, \u00e7\u00f6z\u00fcmleri ve yaz sezonu \u00e7al\u0131\u015fmalar\u0131 \u00f6ncesi toplant\u0131 ger\u00e7ekle\u015ftirdi. Bilim Kurulu, do\u011fal \u015fartlar\u0131na yeniden d\u00f6nmeye ba\u015flayan Bo\u011fa\u00e7ay\u0131\u2019n\u0131n ekosistemini koruyacak tedbirleri artt\u0131rma karar\u0131 ald\u0131.ANTALYA (\u0130GFA) &#8211; Antalya\u00a0B\u00fcy\u00fck\u015fehir Belediyesi 2019 y\u0131l\u0131nda olu\u015fturdu\u011fu bilim kurulu ile Bo\u011fa\u00e7ay\u0131\u2019nda ya\u015fanan de\u011fi\u015fimleri, sorunlar\u0131 ve olas\u0131 riskleri yak\u0131ndan takip ediyor. Antalya B\u00fcy\u00fck\u015fehir Belediyesi Ba\u015fkan Ba\u015fdan\u0131\u015fman\u0131 Dr. Cem O\u011fuz ve Ba\u015fkan Dan\u0131\u015fman\u0131 \u00c7evre Y\u00fcksek M\u00fchendisi Lokman Atasoy ba\u015fkanl\u0131\u011f\u0131nda akademisyenler, ilgili meslek odalar\u0131, kurum temsilcileri ve alan\u0131nda uzman isimlerden olu\u015fan Bo\u011fa\u00e7ay\u0131 Bilim Kurulu yaz sezonu uygulamalar\u0131 i\u00e7in bir kez daha topland\u0131. Bo\u011fa\u00e7ay\u0131\u2019nda yap\u0131lan saha incelemelerinin ard\u0131ndan B\u00fcy\u00fck\u015fehir Belediyesi Deniz ve K\u0131y\u0131 Y\u00f6netimi \u015eube M\u00fcd\u00fcrl\u00fc\u011f\u00fc binas\u0131nda toplanan bilim kurulu, Bo\u011fa\u00e7ay\u0131 ekosistemini koruyacak tedbirleri artt\u0131ran kararlar\u0131 g\u00f6r\u00fc\u015ft\u00fc. YEN\u0130 CANLI T\u00dcRLER\u0130 YAKINDAN TAK\u0130P ED\u0130LECEK Bilim kurulunun ald\u0131\u011f\u0131 kararlar do\u011frultusunda, Bo\u011fa\u00e7ay\u0131\u2019nda ilgili kurum ve kurulu\u015flar\u0131n katk\u0131s\u0131 ve bilimsel ara\u015ft\u0131rmalar ile k\u0131y\u0131 erozyonu ve ta\u015fk\u0131n riskini \u00f6nleyici \u00e7al\u0131\u015fmalar h\u0131zland\u0131r\u0131lacak. Bo\u011fa\u00e7ay\u0131\u2019n\u0131n batimetri \u00f6l\u00e7\u00fcmleri neticesinde de\u011fi\u015fen topo\u011frafik yap\u0131s\u0131na uygun sucul bitki temizlik \u00e7al\u0131\u015fmalar\u0131 sucul ot bi\u00e7me makineleri ile s\u00fcrd\u00fcr\u00fclecek. Yaz aylar\u0131nda su debisinin d\u00fc\u015fmesi ile birlikte temizlik \u00e7al\u0131\u015fmalar\u0131n\u0131n devaml\u0131l\u0131\u011f\u0131n\u0131n sa\u011flanabilmesi ve sucul bitkilerin kontrols\u00fcz b\u00fcy\u00fcmesinin \u00f6n\u00fcne ge\u00e7ilebilmesi i\u00e7in Bo\u011fa\u00e7ay\u0131\u2019n\u0131n denizle ba\u011flant\u0131 noktas\u0131 kapat\u0131lacak. Yaz sezonunda uygulanacak vekt\u00f6r ile m\u00fccadele sucul ekosistemin s\u00fcrd\u00fcr\u00fclebilirli\u011fi g\u00f6zetilerek hassasiyetle &hellip;\" \/>\n<meta property=\"og:url\" content=\"https:\/\/denizcankizil.tr\/de\/haberler\/gundem\/antalyada-bogacayi-bilim-kurulu-yaz-tedbirleri-icin-toplandi\/\" \/>\n<meta property=\"og:site_name\" content=\"Av. Deniz Can K\u0131z\u0131l\" \/>\n<meta property=\"article:published_time\" content=\"2025-05-01T14:42:17+00:00\" \/>\n<meta name=\"author\" content=\"admin\" \/>\n<meta name=\"twitter:card\" content=\"summary_large_image\" \/>\n<meta name=\"twitter:label1\" content=\"Verfasst von\" \/>\n\t<meta name=\"twitter:data1\" content=\"admin\" \/>\n\t<meta name=\"twitter:label2\" content=\"Gesch\u00e4tzte Lesezeit\" \/>\n\t<meta name=\"twitter:data2\" content=\"9\u00a0Minuten\" \/>\n<script type=\"application\/ld+json\" class=\"yoast-schema-graph\">{\"@context\":\"https:\/\/schema.org\",\"@graph\":[{\"@type\":\"Article\",\"@id\":\"https:\/\/denizcankizil.tr\/de\/haberler\/gundem\/antalyada-bogacayi-bilim-kurulu-yaz-tedbirleri-icin-toplandi\/#article\",\"isPartOf\":{\"@id\":\"https:\/\/denizcankizil.tr\/de\/haberler\/gundem\/antalyada-bogacayi-bilim-kurulu-yaz-tedbirleri-icin-toplandi\/\"},\"author\":{\"name\":\"admin\",\"@id\":\"https:\/\/denizcankizil.tr\/de\/#\/schema\/person\/be3c05fe6a12686905512445d8185489\"},\"headline\":\"Antalya&#8217;da Bo\u011fa\u00e7ay\u0131 Bilim Kurulu yaz tedbirleri i\u00e7in topland\u0131\",\"datePublished\":\"2025-05-01T14:42:17+00:00\",\"mainEntityOfPage\":{\"@id\":\"https:\/\/denizcankizil.tr\/de\/haberler\/gundem\/antalyada-bogacayi-bilim-kurulu-yaz-tedbirleri-icin-toplandi\/\"},\"wordCount\":1786,\"publisher\":{\"@id\":\"https:\/\/denizcankizil.tr\/de\/#organization\"},\"articleSection\":[\"G\u00fcndem\"],\"inLanguage\":\"de\"},{\"@type\":\"WebPage\",\"@id\":\"https:\/\/denizcankizil.tr\/de\/haberler\/gundem\/antalyada-bogacayi-bilim-kurulu-yaz-tedbirleri-icin-toplandi\/\",\"url\":\"https:\/\/denizcankizil.tr\/de\/haberler\/gundem\/antalyada-bogacayi-bilim-kurulu-yaz-tedbirleri-icin-toplandi\/\",\"name\":\"Antalya'da Bo\u011fa\u00e7ay\u0131 Bilim Kurulu yaz tedbirleri i\u00e7in topland\u0131 - Av. Deniz Can K\u0131z\u0131l\",\"isPartOf\":{\"@id\":\"https:\/\/denizcankizil.tr\/de\/#website\"},\"datePublished\":\"2025-05-01T14:42:17+00:00\",\"breadcrumb\":{\"@id\":\"https:\/\/denizcankizil.tr\/de\/haberler\/gundem\/antalyada-bogacayi-bilim-kurulu-yaz-tedbirleri-icin-toplandi\/#breadcrumb\"},\"inLanguage\":\"de\",\"potentialAction\":[{\"@type\":\"ReadAction\",\"target\":[\"https:\/\/denizcankizil.tr\/de\/haberler\/gundem\/antalyada-bogacayi-bilim-kurulu-yaz-tedbirleri-icin-toplandi\/\"]}]},{\"@type\":\"BreadcrumbList\",\"@id\":\"https:\/\/denizcankizil.tr\/de\/haberler\/gundem\/antalyada-bogacayi-bilim-kurulu-yaz-tedbirleri-icin-toplandi\/#breadcrumb\",\"itemListElement\":[{\"@type\":\"ListItem\",\"position\":1,\"name\":\"Home\",\"item\":\"https:\/\/denizcankizil.tr\/de\/\"},{\"@type\":\"ListItem\",\"position\":2,\"name\":\"Antalya&#8217;da Bo\u011fa\u00e7ay\u0131 Bilim Kurulu yaz tedbirleri i\u00e7in topland\u0131\"}]},{\"@type\":\"WebSite\",\"@id\":\"https:\/\/denizcankizil.tr\/de\/#website\",\"url\":\"https:\/\/denizcankizil.tr\/de\/\",\"name\":\"Av. Deniz Can K\u0131z\u0131l\",\"description\":\"Avukat Deniz Can K\u0131z\u0131l Antalya Barosu\",\"publisher\":{\"@id\":\"https:\/\/denizcankizil.tr\/de\/#organization\"},\"potentialAction\":[{\"@type\":\"SearchAction\",\"target\":{\"@type\":\"EntryPoint\",\"urlTemplate\":\"https:\/\/denizcankizil.tr\/de\/?s={search_term_string}\"},\"query-input\":{\"@type\":\"PropertyValueSpecification\",\"valueRequired\":true,\"valueName\":\"search_term_string\"}}],\"inLanguage\":\"de\"},{\"@type\":\"Organization\",\"@id\":\"https:\/\/denizcankizil.tr\/de\/#organization\",\"name\":\"Av. Deniz Can K\u0131z\u0131l\",\"url\":\"https:\/\/denizcankizil.tr\/de\/\",\"logo\":{\"@type\":\"ImageObject\",\"inLanguage\":\"de\",\"@id\":\"https:\/\/denizcankizil.tr\/de\/#\/schema\/logo\/image\/\",\"url\":\"https:\/\/denizcankizil.tr\/wp-content\/uploads\/2024\/10\/siyah-logo-svg.svg\",\"contentUrl\":\"https:\/\/denizcankizil.tr\/wp-content\/uploads\/2024\/10\/siyah-logo-svg.svg\",\"width\":1080,\"height\":1080,\"caption\":\"Av. Deniz Can K\u0131z\u0131l\"},\"image\":{\"@id\":\"https:\/\/denizcankizil.tr\/de\/#\/schema\/logo\/image\/\"}},{\"@type\":\"Person\",\"@id\":\"https:\/\/denizcankizil.tr\/de\/#\/schema\/person\/be3c05fe6a12686905512445d8185489\",\"name\":\"admin\",\"image\":{\"@type\":\"ImageObject\",\"inLanguage\":\"de\",\"@id\":\"https:\/\/denizcankizil.tr\/de\/#\/schema\/person\/image\/\",\"url\":\"https:\/\/secure.gravatar.com\/avatar\/c1fce94c830dc79107e174f890d7210541c4a63e8e5d816341794a2151c9d58c?s=96&d=mm&r=g\",\"contentUrl\":\"https:\/\/secure.gravatar.com\/avatar\/c1fce94c830dc79107e174f890d7210541c4a63e8e5d816341794a2151c9d58c?s=96&d=mm&r=g\",\"caption\":\"admin\"},\"sameAs\":[\"http:\/\/denizcankizil.tr\"],\"url\":\"https:\/\/www.iskenderun.org\/antalyada-bogacayi-bilim-kurulu-yaz-tedbirleri-icin-toplandi\"}]}<\/script>\n<!-- \/ Yoast SEO Premium plugin. -->","yoast_head_json":{"title":"Antalya'da Bo\u011fa\u00e7ay\u0131 Bilim Kurulu yaz tedbirleri i\u00e7in topland\u0131 - Av. Deniz Can K\u0131z\u0131l","robots":{"index":"index","follow":"follow","max-snippet":"max-snippet:-1","max-image-preview":"max-image-preview:large","max-video-preview":"max-video-preview:-1"},"canonical":"https:\/\/denizcankizil.tr\/de\/haberler\/gundem\/antalyada-bogacayi-bilim-kurulu-yaz-tedbirleri-icin-toplandi\/","og_locale":"de_DE","og_type":"article","og_title":"Antalya'da Bo\u011fa\u00e7ay\u0131 Bilim Kurulu yaz tedbirleri i\u00e7in topland\u0131","og_description":"Antalya B\u00fcy\u00fck\u015fehir Belediyesi \u00f6nc\u00fcl\u00fc\u011f\u00fcnde olu\u015fturulan Bo\u011fa\u00e7ay\u0131 Bilim Kurulu, Bo\u011fa\u00e7ay\u0131\u2019n\u0131n g\u00fcncel durumu, gelece\u011fi, sorunlar\u0131, \u00e7\u00f6z\u00fcmleri ve yaz sezonu \u00e7al\u0131\u015fmalar\u0131 \u00f6ncesi toplant\u0131 ger\u00e7ekle\u015ftirdi. Bilim Kurulu, do\u011fal \u015fartlar\u0131na yeniden d\u00f6nmeye ba\u015flayan Bo\u011fa\u00e7ay\u0131\u2019n\u0131n ekosistemini koruyacak tedbirleri artt\u0131rma karar\u0131 ald\u0131.ANTALYA (\u0130GFA) &#8211; Antalya\u00a0B\u00fcy\u00fck\u015fehir Belediyesi 2019 y\u0131l\u0131nda olu\u015fturdu\u011fu bilim kurulu ile Bo\u011fa\u00e7ay\u0131\u2019nda ya\u015fanan de\u011fi\u015fimleri, sorunlar\u0131 ve olas\u0131 riskleri yak\u0131ndan takip ediyor. Antalya B\u00fcy\u00fck\u015fehir Belediyesi Ba\u015fkan Ba\u015fdan\u0131\u015fman\u0131 Dr. Cem O\u011fuz ve Ba\u015fkan Dan\u0131\u015fman\u0131 \u00c7evre Y\u00fcksek M\u00fchendisi Lokman Atasoy ba\u015fkanl\u0131\u011f\u0131nda akademisyenler, ilgili meslek odalar\u0131, kurum temsilcileri ve alan\u0131nda uzman isimlerden olu\u015fan Bo\u011fa\u00e7ay\u0131 Bilim Kurulu yaz sezonu uygulamalar\u0131 i\u00e7in bir kez daha topland\u0131. Bo\u011fa\u00e7ay\u0131\u2019nda yap\u0131lan saha incelemelerinin ard\u0131ndan B\u00fcy\u00fck\u015fehir Belediyesi Deniz ve K\u0131y\u0131 Y\u00f6netimi \u015eube M\u00fcd\u00fcrl\u00fc\u011f\u00fc binas\u0131nda toplanan bilim kurulu, Bo\u011fa\u00e7ay\u0131 ekosistemini koruyacak tedbirleri artt\u0131ran kararlar\u0131 g\u00f6r\u00fc\u015ft\u00fc. YEN\u0130 CANLI T\u00dcRLER\u0130 YAKINDAN TAK\u0130P ED\u0130LECEK Bilim kurulunun ald\u0131\u011f\u0131 kararlar do\u011frultusunda, Bo\u011fa\u00e7ay\u0131\u2019nda ilgili kurum ve kurulu\u015flar\u0131n katk\u0131s\u0131 ve bilimsel ara\u015ft\u0131rmalar ile k\u0131y\u0131 erozyonu ve ta\u015fk\u0131n riskini \u00f6nleyici \u00e7al\u0131\u015fmalar h\u0131zland\u0131r\u0131lacak. Bo\u011fa\u00e7ay\u0131\u2019n\u0131n batimetri \u00f6l\u00e7\u00fcmleri neticesinde de\u011fi\u015fen topo\u011frafik yap\u0131s\u0131na uygun sucul bitki temizlik \u00e7al\u0131\u015fmalar\u0131 sucul ot bi\u00e7me makineleri ile s\u00fcrd\u00fcr\u00fclecek. Yaz aylar\u0131nda su debisinin d\u00fc\u015fmesi ile birlikte temizlik \u00e7al\u0131\u015fmalar\u0131n\u0131n devaml\u0131l\u0131\u011f\u0131n\u0131n sa\u011flanabilmesi ve sucul bitkilerin kontrols\u00fcz b\u00fcy\u00fcmesinin \u00f6n\u00fcne ge\u00e7ilebilmesi i\u00e7in Bo\u011fa\u00e7ay\u0131\u2019n\u0131n denizle ba\u011flant\u0131 noktas\u0131 kapat\u0131lacak. Yaz sezonunda uygulanacak vekt\u00f6r ile m\u00fccadele sucul ekosistemin s\u00fcrd\u00fcr\u00fclebilirli\u011fi g\u00f6zetilerek hassasiyetle &hellip;","og_url":"https:\/\/denizcankizil.tr\/de\/haberler\/gundem\/antalyada-bogacayi-bilim-kurulu-yaz-tedbirleri-icin-toplandi\/","og_site_name":"Av. Deniz Can K\u0131z\u0131l","article_published_time":"2025-05-01T14:42:17+00:00","author":"admin","twitter_card":"summary_large_image","twitter_misc":{"Verfasst von":"admin","Gesch\u00e4tzte Lesezeit":"9\u00a0Minuten"},"schema":{"@context":"https:\/\/schema.org","@graph":[{"@type":"Article","@id":"https:\/\/denizcankizil.tr\/de\/haberler\/gundem\/antalyada-bogacayi-bilim-kurulu-yaz-tedbirleri-icin-toplandi\/#article","isPartOf":{"@id":"https:\/\/denizcankizil.tr\/de\/haberler\/gundem\/antalyada-bogacayi-bilim-kurulu-yaz-tedbirleri-icin-toplandi\/"},"author":{"name":"admin","@id":"https:\/\/denizcankizil.tr\/de\/#\/schema\/person\/be3c05fe6a12686905512445d8185489"},"headline":"Antalya&#8217;da Bo\u011fa\u00e7ay\u0131 Bilim Kurulu yaz tedbirleri i\u00e7in topland\u0131","datePublished":"2025-05-01T14:42:17+00:00","mainEntityOfPage":{"@id":"https:\/\/denizcankizil.tr\/de\/haberler\/gundem\/antalyada-bogacayi-bilim-kurulu-yaz-tedbirleri-icin-toplandi\/"},"wordCount":1786,"publisher":{"@id":"https:\/\/denizcankizil.tr\/de\/#organization"},"articleSection":["G\u00fcndem"],"inLanguage":"de"},{"@type":"WebPage","@id":"https:\/\/denizcankizil.tr\/de\/haberler\/gundem\/antalyada-bogacayi-bilim-kurulu-yaz-tedbirleri-icin-toplandi\/","url":"https:\/\/denizcankizil.tr\/de\/haberler\/gundem\/antalyada-bogacayi-bilim-kurulu-yaz-tedbirleri-icin-toplandi\/","name":"Antalya'da Bo\u011fa\u00e7ay\u0131 Bilim Kurulu yaz tedbirleri i\u00e7in topland\u0131 - Av. Deniz Can K\u0131z\u0131l","isPartOf":{"@id":"https:\/\/denizcankizil.tr\/de\/#website"},"datePublished":"2025-05-01T14:42:17+00:00","breadcrumb":{"@id":"https:\/\/denizcankizil.tr\/de\/haberler\/gundem\/antalyada-bogacayi-bilim-kurulu-yaz-tedbirleri-icin-toplandi\/#breadcrumb"},"inLanguage":"de","potentialAction":[{"@type":"ReadAction","target":["https:\/\/denizcankizil.tr\/de\/haberler\/gundem\/antalyada-bogacayi-bilim-kurulu-yaz-tedbirleri-icin-toplandi\/"]}]},{"@type":"BreadcrumbList","@id":"https:\/\/denizcankizil.tr\/de\/haberler\/gundem\/antalyada-bogacayi-bilim-kurulu-yaz-tedbirleri-icin-toplandi\/#breadcrumb","itemListElement":[{"@type":"ListItem","position":1,"name":"Home","item":"https:\/\/denizcankizil.tr\/de\/"},{"@type":"ListItem","position":2,"name":"Antalya&#8217;da Bo\u011fa\u00e7ay\u0131 Bilim Kurulu yaz tedbirleri i\u00e7in topland\u0131"}]},{"@type":"WebSite","@id":"https:\/\/denizcankizil.tr\/de\/#website","url":"https:\/\/denizcankizil.tr\/de\/","name":"Av. Deniz Can K\u0131z\u0131l","description":"Avukat Deniz Can K\u0131z\u0131l Antalya Barosu","publisher":{"@id":"https:\/\/denizcankizil.tr\/de\/#organization"},"potentialAction":[{"@type":"SearchAction","target":{"@type":"EntryPoint","urlTemplate":"https:\/\/denizcankizil.tr\/de\/?s={search_term_string}"},"query-input":{"@type":"PropertyValueSpecification","valueRequired":true,"valueName":"search_term_string"}}],"inLanguage":"de"},{"@type":"Organization","@id":"https:\/\/denizcankizil.tr\/de\/#organization","name":"Av. Deniz Can K\u0131z\u0131l","url":"https:\/\/denizcankizil.tr\/de\/","logo":{"@type":"ImageObject","inLanguage":"de","@id":"https:\/\/denizcankizil.tr\/de\/#\/schema\/logo\/image\/","url":"https:\/\/denizcankizil.tr\/wp-content\/uploads\/2024\/10\/siyah-logo-svg.svg","contentUrl":"https:\/\/denizcankizil.tr\/wp-content\/uploads\/2024\/10\/siyah-logo-svg.svg","width":1080,"height":1080,"caption":"Av. Deniz Can K\u0131z\u0131l"},"image":{"@id":"https:\/\/denizcankizil.tr\/de\/#\/schema\/logo\/image\/"}},{"@type":"Person","@id":"https:\/\/denizcankizil.tr\/de\/#\/schema\/person\/be3c05fe6a12686905512445d8185489","name":"Administrator","image":{"@type":"ImageObject","inLanguage":"de","@id":"https:\/\/denizcankizil.tr\/de\/#\/schema\/person\/image\/","url":"https:\/\/secure.gravatar.com\/avatar\/c1fce94c830dc79107e174f890d7210541c4a63e8e5d816341794a2151c9d58c?s=96&d=mm&r=g","contentUrl":"https:\/\/secure.gravatar.com\/avatar\/c1fce94c830dc79107e174f890d7210541c4a63e8e5d816341794a2151c9d58c?s=96&d=mm&r=g","caption":"admin"},"sameAs":["http:\/\/denizcankizil.tr"],"url":"https:\/\/www.iskenderun.org\/antalyada-bogacayi-bilim-kurulu-yaz-tedbirleri-icin-toplandi"}]}},"_links":{"self":[{"href":"https:\/\/denizcankizil.tr\/de\/wp-json\/wp\/v2\/posts\/72738","targetHints":{"allow":["GET"]}}],"collection":[{"href":"https:\/\/denizcankizil.tr\/de\/wp-json\/wp\/v2\/posts"}],"about":[{"href":"https:\/\/denizcankizil.tr\/de\/wp-json\/wp\/v2\/types\/post"}],"author":[{"embeddable":true,"href":"https:\/\/denizcankizil.tr\/de\/wp-json\/wp\/v2\/users\/1"}],"replies":[{"embeddable":true,"href":"https:\/\/denizcankizil.tr\/de\/wp-json\/wp\/v2\/comments?post=72738"}],"version-history":[{"count":0,"href":"https:\/\/denizcankizil.tr\/de\/wp-json\/wp\/v2\/posts\/72738\/revisions"}],"wp:attachment":[{"href":"https:\/\/denizcankizil.tr\/de\/wp-json\/wp\/v2\/media?parent=72738"}],"wp:term":[{"taxonomy":"category","embeddable":true,"href":"https:\/\/denizcankizil.tr\/de\/wp-json\/wp\/v2\/categories?post=72738"},{"taxonomy":"post_tag","embeddable":true,"href":"https:\/\/denizcankizil.tr\/de\/wp-json\/wp\/v2\/tags?post=72738"}],"curies":[{"name":"wp","href":"https:\/\/api.w.org\/{rel}","templated":true}]}}