{"id":72403,"date":"2025-05-01T11:42:52","date_gmt":"2025-05-01T08:42:52","guid":{"rendered":"https:\/\/denizcankizil.tr\/uncategorized-tr\/antalyada-metrekare-basina-6-bin-tl-kriz-sektor-temsilcilerini-cileden-cikardi\/"},"modified":"2025-05-01T11:42:52","modified_gmt":"2025-05-01T08:42:52","slug":"antalyada-metrekare-basina-6-bin-tl-kriz-sektor-temsilcilerini-cileden-cikardi","status":"publish","type":"post","link":"https:\/\/denizcankizil.tr\/de\/haberler\/gundem\/antalyada-metrekare-basina-6-bin-tl-kriz-sektor-temsilcilerini-cileden-cikardi\/","title":{"rendered":"Antalya\u2019da metrekare ba\u015f\u0131na 6 bin TL kriz! Sekt\u00f6r temsilcilerini \u00e7ileden \u00e7\u0131kard\u0131"},"content":{"rendered":"<p>M\u00fczik Eseri Sahipleri Grubu Meslek Birli\u011fi (MESAM) restoran, kafe ve e\u011flence mekanlar\u0131na g\u00f6nderdi\u011fi ihtarnamelerle, metrekare ba\u015f\u0131na y\u0131ll\u0131k 6 bin TL telif \u00fccreti talep edece\u011fini bildirdi. \u0130\u015fletmelerin bu bedeli \u00f6dememesi halinde, lisans \u00fccretinin \u00fc\u00e7 kat\u0131 tazminat, banka hesaplar\u0131na haciz ve 1 ila 5 y\u0131l aras\u0131nda de\u011fi\u015fen hapis cezalar\u0131yla kar\u015f\u0131 kar\u015f\u0131ya kalabilecekleri belirtildi.<\/p>\n<p>6 B\u0130N TL KR\u0130Z<\/p>\n<p>Telif krizinin geldi\u011fi boyutu Antalya Berberler Odas\u0131 Ba\u015fkan\u0131 Y\u00fcksek Uzun da g\u00fcndemine alarak tepki g\u00f6sterdi. Esnaf\u0131n al\u0131n terine kimsenin el uzatmaya hakk\u0131 olmad\u0131\u011f\u0131n\u0131 ifade eden Uzun, metrekare ba\u015f\u0131na 6 bin TL para istenmesini b\u00fcy\u00fck bir adaletsizlik olarak tan\u0131mlad\u0131.<\/p>\n<p>\u00c7\u0130LEDEN \u00c7IKARDI<\/p>\n<p>Y\u00fczlerce ki\u015fiye konser vermediklerini belirten Uzun, \u201cSon zamanlarda berber ve kuaf\u00f6r salonlar\u0131nda \u00e7al\u0131nan m\u00fczikler i\u00e7in \u201ctelif hakk\u0131 \u00fccreti\u201d istenmesi b\u00fcy\u00fck bir adaletsizlik. K\u00fc\u00e7\u00fck esnaf\u0131n s\u0131rt\u0131na y\u00fcklenen bu yeni maliyet, zaten zor \u015fartlarda ayakta durmaya \u00e7al\u0131\u015fan esnaf te\u015fkilat\u0131m\u0131z\u0131 daha da zor durumda b\u0131rakacak. Bizler y\u00fczlerce ki\u015fiye konser vermiyoruz. M\u00fc\u015fterilerimiz beklerken \u00e7alan bir radyonun ve televizyon dinlenen bir \u015fark\u0131n\u0131n ticari bir kazan\u00e7 olarak de\u011ferlendirilmesi, vicdanlara ve mant\u0131\u011fa s\u0131\u011fmad\u0131\u011f\u0131n\u0131 s\u00f6yl\u00fcyoruz\u201d dedi.<\/p>\n<p>\u0130\u015eLETMELER \u0130FLAS EDEB\u0130L\u0130R<\/p>\n<p>Antalya Ticaret ve Sanayi Odas\u0131 (ATSO) 37. Grup Meclis \u00dcyesi Tahsin Fettaho\u011flu, karar\u0131n sekt\u00f6rdeki bir\u00e7ok i\u015fletmeyi iflasa s\u00fcr\u00fckleyebilece\u011fini s\u00f6ylemi\u015fti. Fettaho\u011flu, \u201c\u0130stanbul\u2019daki baz\u0131 meslek birliklerinin anla\u015fmalar\u0131 sadece kendi \u00fcyeleri i\u00e7in ge\u00e7erli. Antalya\u2019daki i\u015fletmeler bu anla\u015fmalardan yararlanam\u0131yor. O y\u00fczden ATSO \u00e7at\u0131s\u0131 alt\u0131nda, bu konuda bir araya gelerek m\u00fczik telif haklar\u0131yla ilgili benzer oranlarda indirimler sa\u011flanmal\u0131&#8221; demi\u015fti.<\/p>\n<p>BU Y\u00dcK\u00dcN ALTINDA KALKAMAYIZ<\/p>\n<p>Fettaho\u011flu, i\u015fletmelerin b\u00fcy\u00fck metrekarelerde hizmet verdi\u011fine dikkat \u00e7ekerek, \u201cKimimizin i\u015fletmesi 250, kimisi 400-500 metrekare. Benim iki i\u015fletmem toplamda 1000 metrekareyi ge\u00e7iyor. \u015eu ekonomik \u015fartlarda bu y\u00fck\u00fcn alt\u0131ndan kalkmak imk\u00e2ns\u0131z. Bu nedenle acil \u00e7\u00f6z\u00fcm \u015fart\u201d ifadelerini kullanm\u0131\u015ft\u0131.<\/p>\n<p>\u200bAntalya\u2019da i\u015fletmelerden metrekare ba\u015f\u0131na y\u0131ll\u0131k 6 bin TL telif \u00fccreti talep edilmesi sekt\u00f6r temsilcilerini \u00e7ileden \u00e7\u0131kard\u0131. Berberler Odas\u0131 Ba\u015fkan\u0131 Y\u00fcksel Uzun, \u00e7a\u011fr\u0131da bulunan adaletsizli\u011fin \u00f6n\u00fcne ge\u00e7ilmesini istedi.\u00a0<\/p>\n<p>\u200bHaberin Al\u0131nt\u0131land\u0131\u011f\u0131 Kaynak: www.antalyakorfez.com<\/p>","protected":false},"excerpt":{"rendered":"<p>M\u00fczik Eseri Sahipleri Grubu Meslek Birli\u011fi (MESAM) restoran, kafe ve e\u011flence mekanlar\u0131na g\u00f6nderdi\u011fi ihtarnamelerle, metrekare ba\u015f\u0131na y\u0131ll\u0131k 6 bin TL telif \u00fccreti talep edece\u011fini bildirdi. \u0130\u015fletmelerin bu bedeli \u00f6dememesi halinde, lisans \u00fccretinin \u00fc\u00e7 kat\u0131 tazminat, banka hesaplar\u0131na haciz ve 1 ila 5 y\u0131l aras\u0131nda de\u011fi\u015fen hapis cezalar\u0131yla kar\u015f\u0131 kar\u015f\u0131ya kalabilecekleri belirtildi. 6 B\u0130N TL KR\u0130Z Telif krizinin geldi\u011fi boyutu Antalya Berberler Odas\u0131 Ba\u015fkan\u0131 Y\u00fcksek Uzun da g\u00fcndemine alarak tepki g\u00f6sterdi. Esnaf\u0131n al\u0131n terine kimsenin el uzatmaya hakk\u0131 olmad\u0131\u011f\u0131n\u0131 ifade eden Uzun, metrekare ba\u015f\u0131na 6 bin TL para istenmesini b\u00fcy\u00fck bir adaletsizlik olarak tan\u0131mlad\u0131. \u00c7\u0130LEDEN \u00c7IKARDI Y\u00fczlerce ki\u015fiye konser vermediklerini belirten Uzun, \u201cSon zamanlarda berber ve kuaf\u00f6r salonlar\u0131nda \u00e7al\u0131nan m\u00fczikler i\u00e7in \u201ctelif hakk\u0131 \u00fccreti\u201d istenmesi b\u00fcy\u00fck bir adaletsizlik. K\u00fc\u00e7\u00fck esnaf\u0131n s\u0131rt\u0131na y\u00fcklenen bu yeni maliyet, zaten zor \u015fartlarda ayakta durmaya \u00e7al\u0131\u015fan esnaf te\u015fkilat\u0131m\u0131z\u0131 daha da zor durumda b\u0131rakacak. Bizler y\u00fczlerce ki\u015fiye konser vermiyoruz. M\u00fc\u015fterilerimiz beklerken \u00e7alan bir radyonun ve televizyon dinlenen bir \u015fark\u0131n\u0131n ticari bir kazan\u00e7 olarak de\u011ferlendirilmesi, vicdanlara ve mant\u0131\u011fa s\u0131\u011fmad\u0131\u011f\u0131n\u0131 s\u00f6yl\u00fcyoruz\u201d dedi. \u0130\u015eLETMELER \u0130FLAS EDEB\u0130L\u0130R Antalya Ticaret ve Sanayi Odas\u0131 (ATSO) 37. Grup Meclis \u00dcyesi Tahsin Fettaho\u011flu, karar\u0131n sekt\u00f6rdeki bir\u00e7ok i\u015fletmeyi iflasa s\u00fcr\u00fckleyebilece\u011fini s\u00f6ylemi\u015fti. Fettaho\u011flu, \u201c\u0130stanbul\u2019daki baz\u0131 meslek birliklerinin anla\u015fmalar\u0131 sadece kendi \u00fcyeleri i\u00e7in ge\u00e7erli. Antalya\u2019daki i\u015fletmeler bu anla\u015fmalardan &hellip;<\/p>","protected":false},"author":5,"featured_media":0,"comment_status":"","ping_status":"open","sticky":false,"template":"","format":"standard","meta":{"_acf_changed":false,"footnotes":""},"categories":[24],"tags":[],"class_list":["post-72403","post","type-post","status-publish","format-standard","has-post-thumbnail","hentry","category-gundem"],"acf":[],"yoast_head":"<!-- This site is optimized with the Yoast SEO Premium plugin v26.6 (Yoast SEO v27.1.1) - https:\/\/yoast.com\/product\/yoast-seo-premium-wordpress\/ -->\n<title>Antalya\u2019da metrekare ba\u015f\u0131na 6 bin TL kriz! Sekt\u00f6r temsilcilerini \u00e7ileden \u00e7\u0131kard\u0131 - Av. Deniz Can K\u0131z\u0131l<\/title>\n<meta name=\"robots\" content=\"index, follow, max-snippet:-1, max-image-preview:large, max-video-preview:-1\" \/>\n<link rel=\"canonical\" href=\"https:\/\/denizcankizil.tr\/de\/haberler\/gundem\/antalyada-metrekare-basina-6-bin-tl-kriz-sektor-temsilcilerini-cileden-cikardi\/\" \/>\n<meta property=\"og:locale\" content=\"de_DE\" \/>\n<meta property=\"og:type\" content=\"article\" \/>\n<meta property=\"og:title\" content=\"Antalya\u2019da metrekare ba\u015f\u0131na 6 bin TL kriz! Sekt\u00f6r temsilcilerini \u00e7ileden \u00e7\u0131kard\u0131\" \/>\n<meta property=\"og:description\" content=\"M\u00fczik Eseri Sahipleri Grubu Meslek Birli\u011fi (MESAM) restoran, kafe ve e\u011flence mekanlar\u0131na g\u00f6nderdi\u011fi ihtarnamelerle, metrekare ba\u015f\u0131na y\u0131ll\u0131k 6 bin TL telif \u00fccreti talep edece\u011fini bildirdi. \u0130\u015fletmelerin bu bedeli \u00f6dememesi halinde, lisans \u00fccretinin \u00fc\u00e7 kat\u0131 tazminat, banka hesaplar\u0131na haciz ve 1 ila 5 y\u0131l aras\u0131nda de\u011fi\u015fen hapis cezalar\u0131yla kar\u015f\u0131 kar\u015f\u0131ya kalabilecekleri belirtildi. 6 B\u0130N TL KR\u0130Z Telif krizinin geldi\u011fi boyutu Antalya Berberler Odas\u0131 Ba\u015fkan\u0131 Y\u00fcksek Uzun da g\u00fcndemine alarak tepki g\u00f6sterdi. Esnaf\u0131n al\u0131n terine kimsenin el uzatmaya hakk\u0131 olmad\u0131\u011f\u0131n\u0131 ifade eden Uzun, metrekare ba\u015f\u0131na 6 bin TL para istenmesini b\u00fcy\u00fck bir adaletsizlik olarak tan\u0131mlad\u0131. \u00c7\u0130LEDEN \u00c7IKARDI Y\u00fczlerce ki\u015fiye konser vermediklerini belirten Uzun, \u201cSon zamanlarda berber ve kuaf\u00f6r salonlar\u0131nda \u00e7al\u0131nan m\u00fczikler i\u00e7in \u201ctelif hakk\u0131 \u00fccreti\u201d istenmesi b\u00fcy\u00fck bir adaletsizlik. K\u00fc\u00e7\u00fck esnaf\u0131n s\u0131rt\u0131na y\u00fcklenen bu yeni maliyet, zaten zor \u015fartlarda ayakta durmaya \u00e7al\u0131\u015fan esnaf te\u015fkilat\u0131m\u0131z\u0131 daha da zor durumda b\u0131rakacak. Bizler y\u00fczlerce ki\u015fiye konser vermiyoruz. M\u00fc\u015fterilerimiz beklerken \u00e7alan bir radyonun ve televizyon dinlenen bir \u015fark\u0131n\u0131n ticari bir kazan\u00e7 olarak de\u011ferlendirilmesi, vicdanlara ve mant\u0131\u011fa s\u0131\u011fmad\u0131\u011f\u0131n\u0131 s\u00f6yl\u00fcyoruz\u201d dedi. \u0130\u015eLETMELER \u0130FLAS EDEB\u0130L\u0130R Antalya Ticaret ve Sanayi Odas\u0131 (ATSO) 37. Grup Meclis \u00dcyesi Tahsin Fettaho\u011flu, karar\u0131n sekt\u00f6rdeki bir\u00e7ok i\u015fletmeyi iflasa s\u00fcr\u00fckleyebilece\u011fini s\u00f6ylemi\u015fti. Fettaho\u011flu, \u201c\u0130stanbul\u2019daki baz\u0131 meslek birliklerinin anla\u015fmalar\u0131 sadece kendi \u00fcyeleri i\u00e7in ge\u00e7erli. Antalya\u2019daki i\u015fletmeler bu anla\u015fmalardan &hellip;\" \/>\n<meta property=\"og:url\" content=\"https:\/\/denizcankizil.tr\/de\/haberler\/gundem\/antalyada-metrekare-basina-6-bin-tl-kriz-sektor-temsilcilerini-cileden-cikardi\/\" \/>\n<meta property=\"og:site_name\" content=\"Av. Deniz Can K\u0131z\u0131l\" \/>\n<meta property=\"article:published_time\" content=\"2025-05-01T08:42:52+00:00\" \/>\n<meta name=\"author\" content=\"Antalya K\u00f6rfez\" \/>\n<meta name=\"twitter:card\" content=\"summary_large_image\" \/>\n<meta name=\"twitter:label1\" content=\"Verfasst von\" \/>\n\t<meta name=\"twitter:data1\" content=\"Antalya K\u00f6rfez\" \/>\n\t<meta name=\"twitter:label2\" content=\"Gesch\u00e4tzte Lesezeit\" \/>\n\t<meta name=\"twitter:data2\" content=\"2\u00a0Minuten\" \/>\n<script type=\"application\/ld+json\" class=\"yoast-schema-graph\">{\"@context\":\"https:\/\/schema.org\",\"@graph\":[{\"@type\":\"Article\",\"@id\":\"https:\/\/denizcankizil.tr\/de\/haberler\/gundem\/antalyada-metrekare-basina-6-bin-tl-kriz-sektor-temsilcilerini-cileden-cikardi\/#article\",\"isPartOf\":{\"@id\":\"https:\/\/denizcankizil.tr\/de\/haberler\/gundem\/antalyada-metrekare-basina-6-bin-tl-kriz-sektor-temsilcilerini-cileden-cikardi\/\"},\"author\":{\"name\":\"Antalya K\u00f6rfez\",\"@id\":\"https:\/\/denizcankizil.tr\/de\/#\/schema\/person\/e1eb71bb4dd684d46563f0af307e1234\"},\"headline\":\"Antalya\u2019da metrekare ba\u015f\u0131na 6 bin TL kriz! Sekt\u00f6r temsilcilerini \u00e7ileden \u00e7\u0131kard\u0131\",\"datePublished\":\"2025-05-01T08:42:52+00:00\",\"mainEntityOfPage\":{\"@id\":\"https:\/\/denizcankizil.tr\/de\/haberler\/gundem\/antalyada-metrekare-basina-6-bin-tl-kriz-sektor-temsilcilerini-cileden-cikardi\/\"},\"wordCount\":417,\"publisher\":{\"@id\":\"https:\/\/denizcankizil.tr\/de\/#organization\"},\"articleSection\":[\"G\u00fcndem\"],\"inLanguage\":\"de\"},{\"@type\":\"WebPage\",\"@id\":\"https:\/\/denizcankizil.tr\/de\/haberler\/gundem\/antalyada-metrekare-basina-6-bin-tl-kriz-sektor-temsilcilerini-cileden-cikardi\/\",\"url\":\"https:\/\/denizcankizil.tr\/de\/haberler\/gundem\/antalyada-metrekare-basina-6-bin-tl-kriz-sektor-temsilcilerini-cileden-cikardi\/\",\"name\":\"Antalya\u2019da metrekare ba\u015f\u0131na 6 bin TL kriz! Sekt\u00f6r temsilcilerini \u00e7ileden \u00e7\u0131kard\u0131 - Av. Deniz Can K\u0131z\u0131l\",\"isPartOf\":{\"@id\":\"https:\/\/denizcankizil.tr\/de\/#website\"},\"datePublished\":\"2025-05-01T08:42:52+00:00\",\"breadcrumb\":{\"@id\":\"https:\/\/denizcankizil.tr\/de\/haberler\/gundem\/antalyada-metrekare-basina-6-bin-tl-kriz-sektor-temsilcilerini-cileden-cikardi\/#breadcrumb\"},\"inLanguage\":\"de\",\"potentialAction\":[{\"@type\":\"ReadAction\",\"target\":[\"https:\/\/denizcankizil.tr\/de\/haberler\/gundem\/antalyada-metrekare-basina-6-bin-tl-kriz-sektor-temsilcilerini-cileden-cikardi\/\"]}]},{\"@type\":\"BreadcrumbList\",\"@id\":\"https:\/\/denizcankizil.tr\/de\/haberler\/gundem\/antalyada-metrekare-basina-6-bin-tl-kriz-sektor-temsilcilerini-cileden-cikardi\/#breadcrumb\",\"itemListElement\":[{\"@type\":\"ListItem\",\"position\":1,\"name\":\"Home\",\"item\":\"https:\/\/denizcankizil.tr\/de\/\"},{\"@type\":\"ListItem\",\"position\":2,\"name\":\"Antalya\u2019da metrekare ba\u015f\u0131na 6 bin TL kriz! Sekt\u00f6r temsilcilerini \u00e7ileden \u00e7\u0131kard\u0131\"}]},{\"@type\":\"WebSite\",\"@id\":\"https:\/\/denizcankizil.tr\/de\/#website\",\"url\":\"https:\/\/denizcankizil.tr\/de\/\",\"name\":\"Av. Deniz Can K\u0131z\u0131l\",\"description\":\"Avukat Deniz Can K\u0131z\u0131l Antalya Barosu\",\"publisher\":{\"@id\":\"https:\/\/denizcankizil.tr\/de\/#organization\"},\"potentialAction\":[{\"@type\":\"SearchAction\",\"target\":{\"@type\":\"EntryPoint\",\"urlTemplate\":\"https:\/\/denizcankizil.tr\/de\/?s={search_term_string}\"},\"query-input\":{\"@type\":\"PropertyValueSpecification\",\"valueRequired\":true,\"valueName\":\"search_term_string\"}}],\"inLanguage\":\"de\"},{\"@type\":\"Organization\",\"@id\":\"https:\/\/denizcankizil.tr\/de\/#organization\",\"name\":\"Av. Deniz Can K\u0131z\u0131l\",\"url\":\"https:\/\/denizcankizil.tr\/de\/\",\"logo\":{\"@type\":\"ImageObject\",\"inLanguage\":\"de\",\"@id\":\"https:\/\/denizcankizil.tr\/de\/#\/schema\/logo\/image\/\",\"url\":\"https:\/\/denizcankizil.tr\/wp-content\/uploads\/2024\/10\/siyah-logo-svg.svg\",\"contentUrl\":\"https:\/\/denizcankizil.tr\/wp-content\/uploads\/2024\/10\/siyah-logo-svg.svg\",\"width\":1080,\"height\":1080,\"caption\":\"Av. Deniz Can K\u0131z\u0131l\"},\"image\":{\"@id\":\"https:\/\/denizcankizil.tr\/de\/#\/schema\/logo\/image\/\"}},{\"@type\":\"Person\",\"@id\":\"https:\/\/denizcankizil.tr\/de\/#\/schema\/person\/e1eb71bb4dd684d46563f0af307e1234\",\"name\":\"Antalya K\u00f6rfez\",\"image\":{\"@type\":\"ImageObject\",\"inLanguage\":\"de\",\"@id\":\"https:\/\/denizcankizil.tr\/de\/#\/schema\/person\/image\/\",\"url\":\"https:\/\/secure.gravatar.com\/avatar\/42b01982558a48a0b501fdcab6a408d3717ea5919095ee2e67b0e521799c5905?s=96&d=mm&r=g\",\"contentUrl\":\"https:\/\/secure.gravatar.com\/avatar\/42b01982558a48a0b501fdcab6a408d3717ea5919095ee2e67b0e521799c5905?s=96&d=mm&r=g\",\"caption\":\"Antalya K\u00f6rfez\"},\"sameAs\":[\"http:\/\/www.antalyakorfez.com\"],\"url\":\"https:\/\/www.antalyakorfez.com\/antalyada-metrekare-basina-6-bin-tl-kriz-sektor-temsilcilerini-cileden-cikardi\"}]}<\/script>\n<!-- \/ Yoast SEO Premium plugin. -->","yoast_head_json":{"title":"Antalya\u2019da metrekare ba\u015f\u0131na 6 bin TL kriz! Sekt\u00f6r temsilcilerini \u00e7ileden \u00e7\u0131kard\u0131 - Av. Deniz Can K\u0131z\u0131l","robots":{"index":"index","follow":"follow","max-snippet":"max-snippet:-1","max-image-preview":"max-image-preview:large","max-video-preview":"max-video-preview:-1"},"canonical":"https:\/\/denizcankizil.tr\/de\/haberler\/gundem\/antalyada-metrekare-basina-6-bin-tl-kriz-sektor-temsilcilerini-cileden-cikardi\/","og_locale":"de_DE","og_type":"article","og_title":"Antalya\u2019da metrekare ba\u015f\u0131na 6 bin TL kriz! Sekt\u00f6r temsilcilerini \u00e7ileden \u00e7\u0131kard\u0131","og_description":"M\u00fczik Eseri Sahipleri Grubu Meslek Birli\u011fi (MESAM) restoran, kafe ve e\u011flence mekanlar\u0131na g\u00f6nderdi\u011fi ihtarnamelerle, metrekare ba\u015f\u0131na y\u0131ll\u0131k 6 bin TL telif \u00fccreti talep edece\u011fini bildirdi. \u0130\u015fletmelerin bu bedeli \u00f6dememesi halinde, lisans \u00fccretinin \u00fc\u00e7 kat\u0131 tazminat, banka hesaplar\u0131na haciz ve 1 ila 5 y\u0131l aras\u0131nda de\u011fi\u015fen hapis cezalar\u0131yla kar\u015f\u0131 kar\u015f\u0131ya kalabilecekleri belirtildi. 6 B\u0130N TL KR\u0130Z Telif krizinin geldi\u011fi boyutu Antalya Berberler Odas\u0131 Ba\u015fkan\u0131 Y\u00fcksek Uzun da g\u00fcndemine alarak tepki g\u00f6sterdi. Esnaf\u0131n al\u0131n terine kimsenin el uzatmaya hakk\u0131 olmad\u0131\u011f\u0131n\u0131 ifade eden Uzun, metrekare ba\u015f\u0131na 6 bin TL para istenmesini b\u00fcy\u00fck bir adaletsizlik olarak tan\u0131mlad\u0131. \u00c7\u0130LEDEN \u00c7IKARDI Y\u00fczlerce ki\u015fiye konser vermediklerini belirten Uzun, \u201cSon zamanlarda berber ve kuaf\u00f6r salonlar\u0131nda \u00e7al\u0131nan m\u00fczikler i\u00e7in \u201ctelif hakk\u0131 \u00fccreti\u201d istenmesi b\u00fcy\u00fck bir adaletsizlik. K\u00fc\u00e7\u00fck esnaf\u0131n s\u0131rt\u0131na y\u00fcklenen bu yeni maliyet, zaten zor \u015fartlarda ayakta durmaya \u00e7al\u0131\u015fan esnaf te\u015fkilat\u0131m\u0131z\u0131 daha da zor durumda b\u0131rakacak. Bizler y\u00fczlerce ki\u015fiye konser vermiyoruz. M\u00fc\u015fterilerimiz beklerken \u00e7alan bir radyonun ve televizyon dinlenen bir \u015fark\u0131n\u0131n ticari bir kazan\u00e7 olarak de\u011ferlendirilmesi, vicdanlara ve mant\u0131\u011fa s\u0131\u011fmad\u0131\u011f\u0131n\u0131 s\u00f6yl\u00fcyoruz\u201d dedi. \u0130\u015eLETMELER \u0130FLAS EDEB\u0130L\u0130R Antalya Ticaret ve Sanayi Odas\u0131 (ATSO) 37. Grup Meclis \u00dcyesi Tahsin Fettaho\u011flu, karar\u0131n sekt\u00f6rdeki bir\u00e7ok i\u015fletmeyi iflasa s\u00fcr\u00fckleyebilece\u011fini s\u00f6ylemi\u015fti. Fettaho\u011flu, \u201c\u0130stanbul\u2019daki baz\u0131 meslek birliklerinin anla\u015fmalar\u0131 sadece kendi \u00fcyeleri i\u00e7in ge\u00e7erli. Antalya\u2019daki i\u015fletmeler bu anla\u015fmalardan &hellip;","og_url":"https:\/\/denizcankizil.tr\/de\/haberler\/gundem\/antalyada-metrekare-basina-6-bin-tl-kriz-sektor-temsilcilerini-cileden-cikardi\/","og_site_name":"Av. Deniz Can K\u0131z\u0131l","article_published_time":"2025-05-01T08:42:52+00:00","author":"Antalya K\u00f6rfez","twitter_card":"summary_large_image","twitter_misc":{"Verfasst von":"Antalya K\u00f6rfez","Gesch\u00e4tzte Lesezeit":"2\u00a0Minuten"},"schema":{"@context":"https:\/\/schema.org","@graph":[{"@type":"Article","@id":"https:\/\/denizcankizil.tr\/de\/haberler\/gundem\/antalyada-metrekare-basina-6-bin-tl-kriz-sektor-temsilcilerini-cileden-cikardi\/#article","isPartOf":{"@id":"https:\/\/denizcankizil.tr\/de\/haberler\/gundem\/antalyada-metrekare-basina-6-bin-tl-kriz-sektor-temsilcilerini-cileden-cikardi\/"},"author":{"name":"Antalya K\u00f6rfez","@id":"https:\/\/denizcankizil.tr\/de\/#\/schema\/person\/e1eb71bb4dd684d46563f0af307e1234"},"headline":"Antalya\u2019da metrekare ba\u015f\u0131na 6 bin TL kriz! Sekt\u00f6r temsilcilerini \u00e7ileden \u00e7\u0131kard\u0131","datePublished":"2025-05-01T08:42:52+00:00","mainEntityOfPage":{"@id":"https:\/\/denizcankizil.tr\/de\/haberler\/gundem\/antalyada-metrekare-basina-6-bin-tl-kriz-sektor-temsilcilerini-cileden-cikardi\/"},"wordCount":417,"publisher":{"@id":"https:\/\/denizcankizil.tr\/de\/#organization"},"articleSection":["G\u00fcndem"],"inLanguage":"de"},{"@type":"WebPage","@id":"https:\/\/denizcankizil.tr\/de\/haberler\/gundem\/antalyada-metrekare-basina-6-bin-tl-kriz-sektor-temsilcilerini-cileden-cikardi\/","url":"https:\/\/denizcankizil.tr\/de\/haberler\/gundem\/antalyada-metrekare-basina-6-bin-tl-kriz-sektor-temsilcilerini-cileden-cikardi\/","name":"Antalya\u2019da metrekare ba\u015f\u0131na 6 bin TL kriz! Sekt\u00f6r temsilcilerini \u00e7ileden \u00e7\u0131kard\u0131 - Av. Deniz Can K\u0131z\u0131l","isPartOf":{"@id":"https:\/\/denizcankizil.tr\/de\/#website"},"datePublished":"2025-05-01T08:42:52+00:00","breadcrumb":{"@id":"https:\/\/denizcankizil.tr\/de\/haberler\/gundem\/antalyada-metrekare-basina-6-bin-tl-kriz-sektor-temsilcilerini-cileden-cikardi\/#breadcrumb"},"inLanguage":"de","potentialAction":[{"@type":"ReadAction","target":["https:\/\/denizcankizil.tr\/de\/haberler\/gundem\/antalyada-metrekare-basina-6-bin-tl-kriz-sektor-temsilcilerini-cileden-cikardi\/"]}]},{"@type":"BreadcrumbList","@id":"https:\/\/denizcankizil.tr\/de\/haberler\/gundem\/antalyada-metrekare-basina-6-bin-tl-kriz-sektor-temsilcilerini-cileden-cikardi\/#breadcrumb","itemListElement":[{"@type":"ListItem","position":1,"name":"Home","item":"https:\/\/denizcankizil.tr\/de\/"},{"@type":"ListItem","position":2,"name":"Antalya\u2019da metrekare ba\u015f\u0131na 6 bin TL kriz! Sekt\u00f6r temsilcilerini \u00e7ileden \u00e7\u0131kard\u0131"}]},{"@type":"WebSite","@id":"https:\/\/denizcankizil.tr\/de\/#website","url":"https:\/\/denizcankizil.tr\/de\/","name":"Av. Deniz Can K\u0131z\u0131l","description":"Avukat Deniz Can K\u0131z\u0131l Antalya Barosu","publisher":{"@id":"https:\/\/denizcankizil.tr\/de\/#organization"},"potentialAction":[{"@type":"SearchAction","target":{"@type":"EntryPoint","urlTemplate":"https:\/\/denizcankizil.tr\/de\/?s={search_term_string}"},"query-input":{"@type":"PropertyValueSpecification","valueRequired":true,"valueName":"search_term_string"}}],"inLanguage":"de"},{"@type":"Organization","@id":"https:\/\/denizcankizil.tr\/de\/#organization","name":"Av. Deniz Can K\u0131z\u0131l","url":"https:\/\/denizcankizil.tr\/de\/","logo":{"@type":"ImageObject","inLanguage":"de","@id":"https:\/\/denizcankizil.tr\/de\/#\/schema\/logo\/image\/","url":"https:\/\/denizcankizil.tr\/wp-content\/uploads\/2024\/10\/siyah-logo-svg.svg","contentUrl":"https:\/\/denizcankizil.tr\/wp-content\/uploads\/2024\/10\/siyah-logo-svg.svg","width":1080,"height":1080,"caption":"Av. Deniz Can K\u0131z\u0131l"},"image":{"@id":"https:\/\/denizcankizil.tr\/de\/#\/schema\/logo\/image\/"}},{"@type":"Person","@id":"https:\/\/denizcankizil.tr\/de\/#\/schema\/person\/e1eb71bb4dd684d46563f0af307e1234","name":"Antalya K\u00f6rfez","image":{"@type":"ImageObject","inLanguage":"de","@id":"https:\/\/denizcankizil.tr\/de\/#\/schema\/person\/image\/","url":"https:\/\/secure.gravatar.com\/avatar\/42b01982558a48a0b501fdcab6a408d3717ea5919095ee2e67b0e521799c5905?s=96&d=mm&r=g","contentUrl":"https:\/\/secure.gravatar.com\/avatar\/42b01982558a48a0b501fdcab6a408d3717ea5919095ee2e67b0e521799c5905?s=96&d=mm&r=g","caption":"Antalya K\u00f6rfez"},"sameAs":["http:\/\/www.antalyakorfez.com"],"url":"https:\/\/www.antalyakorfez.com\/antalyada-metrekare-basina-6-bin-tl-kriz-sektor-temsilcilerini-cileden-cikardi"}]}},"_links":{"self":[{"href":"https:\/\/denizcankizil.tr\/de\/wp-json\/wp\/v2\/posts\/72403","targetHints":{"allow":["GET"]}}],"collection":[{"href":"https:\/\/denizcankizil.tr\/de\/wp-json\/wp\/v2\/posts"}],"about":[{"href":"https:\/\/denizcankizil.tr\/de\/wp-json\/wp\/v2\/types\/post"}],"author":[{"embeddable":true,"href":"https:\/\/denizcankizil.tr\/de\/wp-json\/wp\/v2\/users\/5"}],"replies":[{"embeddable":true,"href":"https:\/\/denizcankizil.tr\/de\/wp-json\/wp\/v2\/comments?post=72403"}],"version-history":[{"count":0,"href":"https:\/\/denizcankizil.tr\/de\/wp-json\/wp\/v2\/posts\/72403\/revisions"}],"wp:attachment":[{"href":"https:\/\/denizcankizil.tr\/de\/wp-json\/wp\/v2\/media?parent=72403"}],"wp:term":[{"taxonomy":"category","embeddable":true,"href":"https:\/\/denizcankizil.tr\/de\/wp-json\/wp\/v2\/categories?post=72403"},{"taxonomy":"post_tag","embeddable":true,"href":"https:\/\/denizcankizil.tr\/de\/wp-json\/wp\/v2\/tags?post=72403"}],"curies":[{"name":"wp","href":"https:\/\/api.w.org\/{rel}","templated":true}]}}