{"id":72402,"date":"2025-05-01T11:42:51","date_gmt":"2025-05-01T08:42:51","guid":{"rendered":"https:\/\/denizcankizil.tr\/uncategorized-tr\/gazeteci-murat-agirel-ve-timur-soykan-antalyaya-geliyor\/"},"modified":"2025-05-01T11:42:51","modified_gmt":"2025-05-01T08:42:51","slug":"gazeteci-murat-agirel-ve-timur-soykan-antalyaya-geliyor","status":"publish","type":"post","link":"https:\/\/denizcankizil.tr\/de\/haberler\/gundem\/gazeteci-murat-agirel-ve-timur-soykan-antalyaya-geliyor\/","title":{"rendered":"Gazeteci Murat A\u011f\u0131rel ve Timur Soykan, Antalya&#8217;ya geliyor"},"content":{"rendered":"<p>Kepez Kitap Fuar\u0131, birbirinden de\u011ferli yazarlar\u0131 ve gazetecileri konuk etmeye devam ediyor. Kepez Belediyesi ev sahipli\u011finde d\u00fczenlenen ve 25 Nisan\u2019da kap\u0131lar\u0131n\u0131 a\u00e7an fuar, her g\u00fcn d\u00fczenlenen s\u00f6yle\u015filer ve imza g\u00fcnleriyle yo\u011fun ilgi g\u00f6r\u00fcyor.<\/p>\n<p>S\u00d6YLE\u015e\u0130 OKURLARI BULU\u015eTURACAK<\/p>\n<p>T\u00fcrkiye&#8217;nin \u00f6nde gelen ara\u015ft\u0131rmac\u0131 gazetecilerinden Murat A\u011f\u0131rel ve Timur Soykan, 3 May\u0131s Cumartesi g\u00fcn\u00fc saat 15.00\u2019te d\u00fczenlenecek \u201cT\u00fcrkiye Nereye Gidiyor?\u201d ba\u015fl\u0131kl\u0131 s\u00f6yle\u015fide okurlarla bir araya gelecek.<\/p>\n<p>K\u0130TAPLAR TEK TEK \u0130MZALANACAK <\/p>\n<p>S\u00f6yle\u015finin ard\u0131ndan, saat 16.00\u2019da ikili, imza g\u00fcn\u00fcnde kitaplar\u0131n\u0131 okurlar\u0131 i\u00e7in imzalayacak. Farkl\u0131 d\u00fc\u015f\u00fcnceleri bulu\u015fturan s\u00f6yle\u015filere ve yazar-okur bulu\u015fmalar\u0131na ev sahipli\u011fi yapan Kepez Kitap Fuar\u0131, 4 May\u0131s\u2019a kadar devam edecek.<\/p>\n<p>\u200bT\u00fcrkiye&#8217;nin \u00f6nde gelen ara\u015ft\u0131rmac\u0131 gazetecilerinden Murat A\u011f\u0131rel ve Timur Soykan, Kepez Kitap Fuar\u0131\u2019nda okurlar\u0131yla bir araya gelecek.\u00a0<\/p>\n<p>\u200bHaberin Al\u0131nt\u0131land\u0131\u011f\u0131 Kaynak: www.antalyakorfez.com<\/p>","protected":false},"excerpt":{"rendered":"<p>Kepez Kitap Fuar\u0131, birbirinden de\u011ferli yazarlar\u0131 ve gazetecileri konuk etmeye devam ediyor. Kepez Belediyesi ev sahipli\u011finde d\u00fczenlenen ve 25 Nisan\u2019da kap\u0131lar\u0131n\u0131 a\u00e7an fuar, her g\u00fcn d\u00fczenlenen s\u00f6yle\u015filer ve imza g\u00fcnleriyle yo\u011fun ilgi g\u00f6r\u00fcyor. S\u00d6YLE\u015e\u0130 OKURLARI BULU\u015eTURACAK T\u00fcrkiye&#8217;nin \u00f6nde gelen ara\u015ft\u0131rmac\u0131 gazetecilerinden Murat A\u011f\u0131rel ve Timur Soykan, 3 May\u0131s Cumartesi g\u00fcn\u00fc saat 15.00\u2019te d\u00fczenlenecek \u201cT\u00fcrkiye Nereye Gidiyor?\u201d ba\u015fl\u0131kl\u0131 s\u00f6yle\u015fide okurlarla bir araya gelecek. K\u0130TAPLAR TEK TEK \u0130MZALANACAK S\u00f6yle\u015finin ard\u0131ndan, saat 16.00\u2019da ikili, imza g\u00fcn\u00fcnde kitaplar\u0131n\u0131 okurlar\u0131 i\u00e7in imzalayacak. Farkl\u0131 d\u00fc\u015f\u00fcnceleri bulu\u015fturan s\u00f6yle\u015filere ve yazar-okur bulu\u015fmalar\u0131na ev sahipli\u011fi yapan Kepez Kitap Fuar\u0131, 4 May\u0131s\u2019a kadar devam edecek. \u200bT\u00fcrkiye&#8217;nin \u00f6nde gelen ara\u015ft\u0131rmac\u0131 gazetecilerinden Murat A\u011f\u0131rel ve Timur Soykan, Kepez Kitap Fuar\u0131\u2019nda okurlar\u0131yla bir araya gelecek.\u00a0 \u200bHaberin Al\u0131nt\u0131land\u0131\u011f\u0131 Kaynak: www.antalyakorfez.com<\/p>","protected":false},"author":5,"featured_media":0,"comment_status":"","ping_status":"open","sticky":false,"template":"","format":"standard","meta":{"_acf_changed":false,"footnotes":""},"categories":[24],"tags":[],"class_list":["post-72402","post","type-post","status-publish","format-standard","has-post-thumbnail","hentry","category-gundem"],"acf":[],"yoast_head":"<!-- This site is optimized with the Yoast SEO Premium plugin v26.6 (Yoast SEO v27.1.1) - https:\/\/yoast.com\/product\/yoast-seo-premium-wordpress\/ -->\n<title>Gazeteci Murat A\u011f\u0131rel ve Timur Soykan, Antalya&#039;ya geliyor - Av. Deniz Can K\u0131z\u0131l<\/title>\n<meta name=\"robots\" content=\"index, follow, max-snippet:-1, max-image-preview:large, max-video-preview:-1\" \/>\n<link rel=\"canonical\" href=\"https:\/\/denizcankizil.tr\/de\/haberler\/gundem\/gazeteci-murat-agirel-ve-timur-soykan-antalyaya-geliyor\/\" \/>\n<meta property=\"og:locale\" content=\"de_DE\" \/>\n<meta property=\"og:type\" content=\"article\" \/>\n<meta property=\"og:title\" content=\"Gazeteci Murat A\u011f\u0131rel ve Timur Soykan, Antalya&#039;ya geliyor\" \/>\n<meta property=\"og:description\" content=\"Kepez Kitap Fuar\u0131, birbirinden de\u011ferli yazarlar\u0131 ve gazetecileri konuk etmeye devam ediyor. Kepez Belediyesi ev sahipli\u011finde d\u00fczenlenen ve 25 Nisan\u2019da kap\u0131lar\u0131n\u0131 a\u00e7an fuar, her g\u00fcn d\u00fczenlenen s\u00f6yle\u015filer ve imza g\u00fcnleriyle yo\u011fun ilgi g\u00f6r\u00fcyor. S\u00d6YLE\u015e\u0130 OKURLARI BULU\u015eTURACAK T\u00fcrkiye&#8217;nin \u00f6nde gelen ara\u015ft\u0131rmac\u0131 gazetecilerinden Murat A\u011f\u0131rel ve Timur Soykan, 3 May\u0131s Cumartesi g\u00fcn\u00fc saat 15.00\u2019te d\u00fczenlenecek \u201cT\u00fcrkiye Nereye Gidiyor?\u201d ba\u015fl\u0131kl\u0131 s\u00f6yle\u015fide okurlarla bir araya gelecek. K\u0130TAPLAR TEK TEK \u0130MZALANACAK S\u00f6yle\u015finin ard\u0131ndan, saat 16.00\u2019da ikili, imza g\u00fcn\u00fcnde kitaplar\u0131n\u0131 okurlar\u0131 i\u00e7in imzalayacak. Farkl\u0131 d\u00fc\u015f\u00fcnceleri bulu\u015fturan s\u00f6yle\u015filere ve yazar-okur bulu\u015fmalar\u0131na ev sahipli\u011fi yapan Kepez Kitap Fuar\u0131, 4 May\u0131s\u2019a kadar devam edecek. \u200bT\u00fcrkiye&#8217;nin \u00f6nde gelen ara\u015ft\u0131rmac\u0131 gazetecilerinden Murat A\u011f\u0131rel ve Timur Soykan, Kepez Kitap Fuar\u0131\u2019nda okurlar\u0131yla bir araya gelecek.\u00a0 \u200bHaberin Al\u0131nt\u0131land\u0131\u011f\u0131 Kaynak: www.antalyakorfez.com\" \/>\n<meta property=\"og:url\" content=\"https:\/\/denizcankizil.tr\/de\/haberler\/gundem\/gazeteci-murat-agirel-ve-timur-soykan-antalyaya-geliyor\/\" \/>\n<meta property=\"og:site_name\" content=\"Av. Deniz Can K\u0131z\u0131l\" \/>\n<meta property=\"article:published_time\" content=\"2025-05-01T08:42:51+00:00\" \/>\n<meta name=\"author\" content=\"Antalya K\u00f6rfez\" \/>\n<meta name=\"twitter:card\" content=\"summary_large_image\" \/>\n<meta name=\"twitter:label1\" content=\"Verfasst von\" \/>\n\t<meta name=\"twitter:data1\" content=\"Antalya K\u00f6rfez\" \/>\n\t<meta name=\"twitter:label2\" content=\"Gesch\u00e4tzte Lesezeit\" \/>\n\t<meta name=\"twitter:data2\" content=\"1\u00a0Minute\" \/>\n<script type=\"application\/ld+json\" class=\"yoast-schema-graph\">{\"@context\":\"https:\/\/schema.org\",\"@graph\":[{\"@type\":\"Article\",\"@id\":\"https:\/\/denizcankizil.tr\/de\/haberler\/gundem\/gazeteci-murat-agirel-ve-timur-soykan-antalyaya-geliyor\/#article\",\"isPartOf\":{\"@id\":\"https:\/\/denizcankizil.tr\/de\/haberler\/gundem\/gazeteci-murat-agirel-ve-timur-soykan-antalyaya-geliyor\/\"},\"author\":{\"name\":\"Antalya K\u00f6rfez\",\"@id\":\"https:\/\/denizcankizil.tr\/#\/schema\/person\/e1eb71bb4dd684d46563f0af307e1234\"},\"headline\":\"Gazeteci Murat A\u011f\u0131rel ve Timur Soykan, Antalya&#8217;ya geliyor\",\"datePublished\":\"2025-05-01T08:42:51+00:00\",\"mainEntityOfPage\":{\"@id\":\"https:\/\/denizcankizil.tr\/de\/haberler\/gundem\/gazeteci-murat-agirel-ve-timur-soykan-antalyaya-geliyor\/\"},\"wordCount\":181,\"publisher\":{\"@id\":\"https:\/\/denizcankizil.tr\/#organization\"},\"articleSection\":[\"G\u00fcndem\"],\"inLanguage\":\"de\"},{\"@type\":\"WebPage\",\"@id\":\"https:\/\/denizcankizil.tr\/de\/haberler\/gundem\/gazeteci-murat-agirel-ve-timur-soykan-antalyaya-geliyor\/\",\"url\":\"https:\/\/denizcankizil.tr\/de\/haberler\/gundem\/gazeteci-murat-agirel-ve-timur-soykan-antalyaya-geliyor\/\",\"name\":\"Gazeteci Murat A\u011f\u0131rel ve Timur Soykan, Antalya'ya geliyor - Av. Deniz Can K\u0131z\u0131l\",\"isPartOf\":{\"@id\":\"https:\/\/denizcankizil.tr\/#website\"},\"datePublished\":\"2025-05-01T08:42:51+00:00\",\"breadcrumb\":{\"@id\":\"https:\/\/denizcankizil.tr\/de\/haberler\/gundem\/gazeteci-murat-agirel-ve-timur-soykan-antalyaya-geliyor\/#breadcrumb\"},\"inLanguage\":\"de\",\"potentialAction\":[{\"@type\":\"ReadAction\",\"target\":[\"https:\/\/denizcankizil.tr\/de\/haberler\/gundem\/gazeteci-murat-agirel-ve-timur-soykan-antalyaya-geliyor\/\"]}]},{\"@type\":\"BreadcrumbList\",\"@id\":\"https:\/\/denizcankizil.tr\/de\/haberler\/gundem\/gazeteci-murat-agirel-ve-timur-soykan-antalyaya-geliyor\/#breadcrumb\",\"itemListElement\":[{\"@type\":\"ListItem\",\"position\":1,\"name\":\"Home\",\"item\":\"https:\/\/denizcankizil.tr\/uk\/\"},{\"@type\":\"ListItem\",\"position\":2,\"name\":\"Gazeteci Murat A\u011f\u0131rel ve Timur Soykan, Antalya&#8217;ya geliyor\"}]},{\"@type\":\"WebSite\",\"@id\":\"https:\/\/denizcankizil.tr\/#website\",\"url\":\"https:\/\/denizcankizil.tr\/\",\"name\":\"Av. Deniz Can K\u0131z\u0131l\",\"description\":\"Avukat Deniz Can K\u0131z\u0131l Antalya Barosu\",\"publisher\":{\"@id\":\"https:\/\/denizcankizil.tr\/#organization\"},\"potentialAction\":[{\"@type\":\"SearchAction\",\"target\":{\"@type\":\"EntryPoint\",\"urlTemplate\":\"https:\/\/denizcankizil.tr\/?s={search_term_string}\"},\"query-input\":{\"@type\":\"PropertyValueSpecification\",\"valueRequired\":true,\"valueName\":\"search_term_string\"}}],\"inLanguage\":\"de\"},{\"@type\":\"Organization\",\"@id\":\"https:\/\/denizcankizil.tr\/#organization\",\"name\":\"Av. Deniz Can K\u0131z\u0131l\",\"url\":\"https:\/\/denizcankizil.tr\/\",\"logo\":{\"@type\":\"ImageObject\",\"inLanguage\":\"de\",\"@id\":\"https:\/\/denizcankizil.tr\/#\/schema\/logo\/image\/\",\"url\":\"https:\/\/denizcankizil.tr\/wp-content\/uploads\/2024\/10\/siyah-logo-svg.svg\",\"contentUrl\":\"https:\/\/denizcankizil.tr\/wp-content\/uploads\/2024\/10\/siyah-logo-svg.svg\",\"width\":1080,\"height\":1080,\"caption\":\"Av. Deniz Can K\u0131z\u0131l\"},\"image\":{\"@id\":\"https:\/\/denizcankizil.tr\/#\/schema\/logo\/image\/\"}},{\"@type\":\"Person\",\"@id\":\"https:\/\/denizcankizil.tr\/#\/schema\/person\/e1eb71bb4dd684d46563f0af307e1234\",\"name\":\"Antalya K\u00f6rfez\",\"image\":{\"@type\":\"ImageObject\",\"inLanguage\":\"de\",\"@id\":\"https:\/\/denizcankizil.tr\/#\/schema\/person\/image\/\",\"url\":\"https:\/\/secure.gravatar.com\/avatar\/42b01982558a48a0b501fdcab6a408d3717ea5919095ee2e67b0e521799c5905?s=96&d=mm&r=g\",\"contentUrl\":\"https:\/\/secure.gravatar.com\/avatar\/42b01982558a48a0b501fdcab6a408d3717ea5919095ee2e67b0e521799c5905?s=96&d=mm&r=g\",\"caption\":\"Antalya K\u00f6rfez\"},\"sameAs\":[\"http:\/\/www.antalyakorfez.com\"],\"url\":\"https:\/\/www.antalyakorfez.com\/gazeteci-murat-agirel-ve-timur-soykan-antalyaya-geliyor\"}]}<\/script>\n<!-- \/ Yoast SEO Premium plugin. -->","yoast_head_json":{"title":"Gazeteci Murat A\u011f\u0131rel ve Timur Soykan, Antalya'ya geliyor - Av. Deniz Can K\u0131z\u0131l","robots":{"index":"index","follow":"follow","max-snippet":"max-snippet:-1","max-image-preview":"max-image-preview:large","max-video-preview":"max-video-preview:-1"},"canonical":"https:\/\/denizcankizil.tr\/de\/haberler\/gundem\/gazeteci-murat-agirel-ve-timur-soykan-antalyaya-geliyor\/","og_locale":"de_DE","og_type":"article","og_title":"Gazeteci Murat A\u011f\u0131rel ve Timur Soykan, Antalya'ya geliyor","og_description":"Kepez Kitap Fuar\u0131, birbirinden de\u011ferli yazarlar\u0131 ve gazetecileri konuk etmeye devam ediyor. Kepez Belediyesi ev sahipli\u011finde d\u00fczenlenen ve 25 Nisan\u2019da kap\u0131lar\u0131n\u0131 a\u00e7an fuar, her g\u00fcn d\u00fczenlenen s\u00f6yle\u015filer ve imza g\u00fcnleriyle yo\u011fun ilgi g\u00f6r\u00fcyor. S\u00d6YLE\u015e\u0130 OKURLARI BULU\u015eTURACAK T\u00fcrkiye&#8217;nin \u00f6nde gelen ara\u015ft\u0131rmac\u0131 gazetecilerinden Murat A\u011f\u0131rel ve Timur Soykan, 3 May\u0131s Cumartesi g\u00fcn\u00fc saat 15.00\u2019te d\u00fczenlenecek \u201cT\u00fcrkiye Nereye Gidiyor?\u201d ba\u015fl\u0131kl\u0131 s\u00f6yle\u015fide okurlarla bir araya gelecek. K\u0130TAPLAR TEK TEK \u0130MZALANACAK S\u00f6yle\u015finin ard\u0131ndan, saat 16.00\u2019da ikili, imza g\u00fcn\u00fcnde kitaplar\u0131n\u0131 okurlar\u0131 i\u00e7in imzalayacak. Farkl\u0131 d\u00fc\u015f\u00fcnceleri bulu\u015fturan s\u00f6yle\u015filere ve yazar-okur bulu\u015fmalar\u0131na ev sahipli\u011fi yapan Kepez Kitap Fuar\u0131, 4 May\u0131s\u2019a kadar devam edecek. \u200bT\u00fcrkiye&#8217;nin \u00f6nde gelen ara\u015ft\u0131rmac\u0131 gazetecilerinden Murat A\u011f\u0131rel ve Timur Soykan, Kepez Kitap Fuar\u0131\u2019nda okurlar\u0131yla bir araya gelecek.\u00a0 \u200bHaberin Al\u0131nt\u0131land\u0131\u011f\u0131 Kaynak: www.antalyakorfez.com","og_url":"https:\/\/denizcankizil.tr\/de\/haberler\/gundem\/gazeteci-murat-agirel-ve-timur-soykan-antalyaya-geliyor\/","og_site_name":"Av. Deniz Can K\u0131z\u0131l","article_published_time":"2025-05-01T08:42:51+00:00","author":"Antalya K\u00f6rfez","twitter_card":"summary_large_image","twitter_misc":{"Verfasst von":"Antalya K\u00f6rfez","Gesch\u00e4tzte Lesezeit":"1\u00a0Minute"},"schema":{"@context":"https:\/\/schema.org","@graph":[{"@type":"Article","@id":"https:\/\/denizcankizil.tr\/de\/haberler\/gundem\/gazeteci-murat-agirel-ve-timur-soykan-antalyaya-geliyor\/#article","isPartOf":{"@id":"https:\/\/denizcankizil.tr\/de\/haberler\/gundem\/gazeteci-murat-agirel-ve-timur-soykan-antalyaya-geliyor\/"},"author":{"name":"Antalya K\u00f6rfez","@id":"https:\/\/denizcankizil.tr\/#\/schema\/person\/e1eb71bb4dd684d46563f0af307e1234"},"headline":"Gazeteci Murat A\u011f\u0131rel ve Timur Soykan, Antalya&#8217;ya geliyor","datePublished":"2025-05-01T08:42:51+00:00","mainEntityOfPage":{"@id":"https:\/\/denizcankizil.tr\/de\/haberler\/gundem\/gazeteci-murat-agirel-ve-timur-soykan-antalyaya-geliyor\/"},"wordCount":181,"publisher":{"@id":"https:\/\/denizcankizil.tr\/#organization"},"articleSection":["G\u00fcndem"],"inLanguage":"de"},{"@type":"WebPage","@id":"https:\/\/denizcankizil.tr\/de\/haberler\/gundem\/gazeteci-murat-agirel-ve-timur-soykan-antalyaya-geliyor\/","url":"https:\/\/denizcankizil.tr\/de\/haberler\/gundem\/gazeteci-murat-agirel-ve-timur-soykan-antalyaya-geliyor\/","name":"Gazeteci Murat A\u011f\u0131rel ve Timur Soykan, Antalya'ya geliyor - Av. Deniz Can K\u0131z\u0131l","isPartOf":{"@id":"https:\/\/denizcankizil.tr\/#website"},"datePublished":"2025-05-01T08:42:51+00:00","breadcrumb":{"@id":"https:\/\/denizcankizil.tr\/de\/haberler\/gundem\/gazeteci-murat-agirel-ve-timur-soykan-antalyaya-geliyor\/#breadcrumb"},"inLanguage":"de","potentialAction":[{"@type":"ReadAction","target":["https:\/\/denizcankizil.tr\/de\/haberler\/gundem\/gazeteci-murat-agirel-ve-timur-soykan-antalyaya-geliyor\/"]}]},{"@type":"BreadcrumbList","@id":"https:\/\/denizcankizil.tr\/de\/haberler\/gundem\/gazeteci-murat-agirel-ve-timur-soykan-antalyaya-geliyor\/#breadcrumb","itemListElement":[{"@type":"ListItem","position":1,"name":"Home","item":"https:\/\/denizcankizil.tr\/uk\/"},{"@type":"ListItem","position":2,"name":"Gazeteci Murat A\u011f\u0131rel ve Timur Soykan, Antalya&#8217;ya geliyor"}]},{"@type":"WebSite","@id":"https:\/\/denizcankizil.tr\/#website","url":"https:\/\/denizcankizil.tr\/","name":"Av. Deniz Can K\u0131z\u0131l","description":"Avukat Deniz Can K\u0131z\u0131l Antalya Barosu","publisher":{"@id":"https:\/\/denizcankizil.tr\/#organization"},"potentialAction":[{"@type":"SearchAction","target":{"@type":"EntryPoint","urlTemplate":"https:\/\/denizcankizil.tr\/?s={search_term_string}"},"query-input":{"@type":"PropertyValueSpecification","valueRequired":true,"valueName":"search_term_string"}}],"inLanguage":"de"},{"@type":"Organization","@id":"https:\/\/denizcankizil.tr\/#organization","name":"Av. Deniz Can K\u0131z\u0131l","url":"https:\/\/denizcankizil.tr\/","logo":{"@type":"ImageObject","inLanguage":"de","@id":"https:\/\/denizcankizil.tr\/#\/schema\/logo\/image\/","url":"https:\/\/denizcankizil.tr\/wp-content\/uploads\/2024\/10\/siyah-logo-svg.svg","contentUrl":"https:\/\/denizcankizil.tr\/wp-content\/uploads\/2024\/10\/siyah-logo-svg.svg","width":1080,"height":1080,"caption":"Av. Deniz Can K\u0131z\u0131l"},"image":{"@id":"https:\/\/denizcankizil.tr\/#\/schema\/logo\/image\/"}},{"@type":"Person","@id":"https:\/\/denizcankizil.tr\/#\/schema\/person\/e1eb71bb4dd684d46563f0af307e1234","name":"Antalya K\u00f6rfez","image":{"@type":"ImageObject","inLanguage":"de","@id":"https:\/\/denizcankizil.tr\/#\/schema\/person\/image\/","url":"https:\/\/secure.gravatar.com\/avatar\/42b01982558a48a0b501fdcab6a408d3717ea5919095ee2e67b0e521799c5905?s=96&d=mm&r=g","contentUrl":"https:\/\/secure.gravatar.com\/avatar\/42b01982558a48a0b501fdcab6a408d3717ea5919095ee2e67b0e521799c5905?s=96&d=mm&r=g","caption":"Antalya K\u00f6rfez"},"sameAs":["http:\/\/www.antalyakorfez.com"],"url":"https:\/\/www.antalyakorfez.com\/gazeteci-murat-agirel-ve-timur-soykan-antalyaya-geliyor"}]}},"_links":{"self":[{"href":"https:\/\/denizcankizil.tr\/de\/wp-json\/wp\/v2\/posts\/72402","targetHints":{"allow":["GET"]}}],"collection":[{"href":"https:\/\/denizcankizil.tr\/de\/wp-json\/wp\/v2\/posts"}],"about":[{"href":"https:\/\/denizcankizil.tr\/de\/wp-json\/wp\/v2\/types\/post"}],"author":[{"embeddable":true,"href":"https:\/\/denizcankizil.tr\/de\/wp-json\/wp\/v2\/users\/5"}],"replies":[{"embeddable":true,"href":"https:\/\/denizcankizil.tr\/de\/wp-json\/wp\/v2\/comments?post=72402"}],"version-history":[{"count":0,"href":"https:\/\/denizcankizil.tr\/de\/wp-json\/wp\/v2\/posts\/72402\/revisions"}],"wp:attachment":[{"href":"https:\/\/denizcankizil.tr\/de\/wp-json\/wp\/v2\/media?parent=72402"}],"wp:term":[{"taxonomy":"category","embeddable":true,"href":"https:\/\/denizcankizil.tr\/de\/wp-json\/wp\/v2\/categories?post=72402"},{"taxonomy":"post_tag","embeddable":true,"href":"https:\/\/denizcankizil.tr\/de\/wp-json\/wp\/v2\/tags?post=72402"}],"curies":[{"name":"wp","href":"https:\/\/api.w.org\/{rel}","templated":true}]}}