{"id":71478,"date":"2025-04-30T13:43:07","date_gmt":"2025-04-30T10:43:07","guid":{"rendered":"https:\/\/denizcankizil.tr\/uncategorized-tr\/bakan-yumaklidan-konya-meramin-tarim-politikalarina-tam-not\/"},"modified":"2025-04-30T13:43:07","modified_gmt":"2025-04-30T10:43:07","slug":"bakan-yumaklidan-konya-meramin-tarim-politikalarina-tam-not","status":"publish","type":"post","link":"https:\/\/denizcankizil.tr\/de\/haberler\/gundem\/bakan-yumaklidan-konya-meramin-tarim-politikalarina-tam-not\/","title":{"rendered":"Bakan Yumakl\u0131&#8217;dan Konya Meram&#8217;\u0131n tar\u0131m politikalar\u0131na tam not"},"content":{"rendered":"<p>Konya&#8217;da Meram Belediye Ba\u015fkan\u0131 Mustafa Kavu\u015f, AK Parti Konya Milletvekili Mehmet Baykan ile birlikte Tar\u0131m ve Orman Bakan\u0131 \u0130brahim Yumakl\u0131\u2019y\u0131 makam\u0131nda ziyaret etti.KONYA (\u0130GFA) &#8211; Meram Belediye Ba\u015fkan\u0131 Mustafa Kavu\u015f, AK Parti Konya Milletvekili Mehmet Baykan ile birlikte Tar\u0131m ve Orman Bakan\u0131 \u0130brahim Yumakl\u0131\u2019y\u0131 makam\u0131nda ziyaret ederek il\u00e7enin tar\u0131m ve hayvanc\u0131l\u0131k politikalar\u0131n\u0131 ba\u015fkent Ankara\u2019ya ta\u015f\u0131d\u0131. Bakan Yumakl\u0131, Milletvekili Baykan ve Ba\u015fkan Kavu\u015f, Meram\u2019dabug\u00fcne kadaryap\u0131lan ve \u00f6n\u00fcm\u00fczdeki s\u00fcre\u00e7te hayata ge\u00e7irilecek tar\u0131m projeleri hakk\u0131nda fikir al\u0131\u015fveri\u015finde bulundular.<br \/>\nBA\u015eKAN KAVU\u015e, MERAM TARIMI \u0130\u00c7\u0130N HAYATA GE\u00c7\u0130RD\u0130KLER\u0130 PROJELER\u0130 ANLATTI\u00a0 \u00a0<br \/>\nZiyaret s\u0131ras\u0131nda Ba\u015fkan Kavu\u015f, Meram Belediyesinin tar\u0131m alan\u0131nda att\u0131\u011f\u0131 ad\u0131mlar\u0131 detayl\u0131 \u015fekilde Bakan Yumakl\u0131\u2019ya aktard\u0131. \u00d6zellikle tar\u0131m arazilerinde son d\u00f6nemde artan ka\u00e7ak yap\u0131la\u015fmayla m\u00fccadelede izlenen y\u00f6ntemler hakk\u0131nda bilgi veren Ba\u015fkan Kavu\u015f, hem \u00e7evreyi hem de tar\u0131msal \u00fcretimi tehdit eden bu yap\u0131larla ilgili y\u00fcr\u00fct\u00fclen kararl\u0131 m\u00fccadelenin s\u00fcrece\u011fini vurgulad\u0131. Ba\u015fkan Kavu\u015f, Konya\u2019n\u0131n ilk fide \u00fcretim Merkezi Konya Fide ve Meram Sahipsiz Hayvan Do\u011fal Ya\u015fam Alan\u0131 gibi belediyenin \u00f6nc\u00fc projelerini de g\u00f6r\u00fc\u015fmede g\u00fcndeme getirerek bu yat\u0131r\u0131mlar hakk\u0131nda Bakan Yumakl\u0131\u2019y\u0131 bilgilendirdi. Milletvekili Mehmet Baykan ve Ba\u015fkan Mustafa Kavu\u015f, bilgilendirmelerinin sonunda nazik ev sahipli\u011fi ve Meram\u2019a desteklerinden dolay\u0131 Bakan Yumakl\u0131\u2019ya te\u015fekk\u00fcr ettiler.<br \/>\nBa\u015fkan Kavu\u015f, g\u00f6r\u00fc\u015fmede Meram\u2019da k\u0131rsal kalk\u0131nmay\u0131 \u00f6nceleyen belediyecilik anlay\u0131\u015f\u0131n\u0131n artarak devam edece\u011fini ifade ederken Tar\u0131m ve Orman Bakan\u0131 \u0130brahim Yumakl\u0131 da, Meram Belediyesinin \u00f6zellikle \u00fcreticiye destek sa\u011flayan uygulamalar\u0131, \u00e7evre hassasiyeti ve hayvan refah\u0131na y\u00f6nelik \u00e7al\u0131\u015fmalar\u0131 nedeniyle Ba\u015fkan Kavu\u015f\u2019a te\u015fekk\u00fcr etti. Yerel y\u00f6netimlerin tar\u0131m ve hayvanc\u0131l\u0131ktaki rol\u00fcn\u00fcn \u00f6nemine dikkat \u00e7eken Tar\u0131m ve Orman Bakan\u0131 \u0130brahim Yumakl\u0131, Meram Belediyesinin\u00a0 \u00f6rnek \u00e7al\u0131\u015fmalar\u0131n\u0131n di\u011fer yerel y\u00f6netimlere de ilham vermesi gerekti\u011fini belirterek, Ba\u015fkan Kavu\u015f\u2019a ve ekibine ba\u015far\u0131lar diledi.<\/p>\n<p>\u200bKonya&#8217;da Meram Belediye Ba\u015fkan\u0131 Mustafa Kavu\u015f, AK Parti Konya Milletvekili Mehmet Baykan ile birlikte Tar\u0131m ve Orman Bakan\u0131 \u0130brahim Yumakl\u0131\u2019y\u0131 makam\u0131nda ziyaret etti.KONYA (\u0130GFA) &#8211; Meram Belediye Ba\u015fkan\u0131 Mustafa Kavu\u015f, AK Parti Konya Milletvekili Mehmet Baykan ile birlikte Tar\u0131m ve Orman Bakan\u0131 \u0130brahim Yumakl\u0131\u2019y\u0131 makam\u0131nda ziyaret ederek il\u00e7enin tar\u0131m ve hayvanc\u0131l\u0131k politikalar\u0131n\u0131 ba\u015fkent Ankara\u2019ya ta\u015f\u0131d\u0131. Bakan Yumakl\u0131, Milletvekili Baykan ve Ba\u015fkan Kavu\u015f, Meram\u2019dabug\u00fcne kadaryap\u0131lan ve \u00f6n\u00fcm\u00fczdeki s\u00fcre\u00e7te hayata ge\u00e7irilecek tar\u0131m projeleri hakk\u0131nda fikir al\u0131\u015fveri\u015finde bulundular.<br \/>\nBA\u015eKAN KAVU\u015e, MERAM TARIMI \u0130\u00c7\u0130N HAYATA GE\u00c7\u0130RD\u0130KLER\u0130 PROJELER\u0130 ANLATTI\u00a0 \u00a0<br \/>\nZiyaret s\u0131ras\u0131nda Ba\u015fkan Kavu\u015f, Meram Belediyesinin tar\u0131m alan\u0131nda att\u0131\u011f\u0131 ad\u0131mlar\u0131 detayl\u0131 \u015fekilde Bakan Yumakl\u0131\u2019ya aktard\u0131. \u00d6zellikle tar\u0131m arazilerinde son d\u00f6nemde artan ka\u00e7ak yap\u0131la\u015fmayla m\u00fccadelede izlenen y\u00f6ntemler hakk\u0131nda bilgi veren Ba\u015fkan Kavu\u015f, hem \u00e7evreyi hem de tar\u0131msal \u00fcretimi tehdit eden bu yap\u0131larla ilgili y\u00fcr\u00fct\u00fclen kararl\u0131 m\u00fccadelenin s\u00fcrece\u011fini vurgulad\u0131. Ba\u015fkan Kavu\u015f, Konya\u2019n\u0131n ilk fide \u00fcretim Merkezi Konya Fide ve Meram Sahipsiz Hayvan Do\u011fal Ya\u015fam Alan\u0131 gibi belediyenin \u00f6nc\u00fc projelerini de g\u00f6r\u00fc\u015fmede g\u00fcndeme getirerek bu yat\u0131r\u0131mlar hakk\u0131nda Bakan Yumakl\u0131\u2019y\u0131 bilgilendirdi. Milletvekili Mehmet Baykan ve Ba\u015fkan Mustafa Kavu\u015f, bilgilendirmelerinin sonunda nazik ev sahipli\u011fi ve Meram\u2019a desteklerinden dolay\u0131 Bakan Yumakl\u0131\u2019ya te\u015fekk\u00fcr ettiler.<br \/>\nBa\u015fkan Kavu\u015f, g\u00f6r\u00fc\u015fmede Meram\u2019da k\u0131rsal kalk\u0131nmay\u0131 \u00f6nceleyen belediyecilik anlay\u0131\u015f\u0131n\u0131n artarak devam edece\u011fini ifade ederken Tar\u0131m ve Orman Bakan\u0131 \u0130brahim Yumakl\u0131 da, Meram Belediyesinin \u00f6zellikle \u00fcreticiye destek sa\u011flayan uygulamalar\u0131, \u00e7evre hassasiyeti ve hayvan refah\u0131na y\u00f6nelik \u00e7al\u0131\u015fmalar\u0131 nedeniyle Ba\u015fkan Kavu\u015f\u2019a te\u015fekk\u00fcr etti. Yerel y\u00f6netimlerin tar\u0131m ve hayvanc\u0131l\u0131ktaki rol\u00fcn\u00fcn \u00f6nemine dikkat \u00e7eken Tar\u0131m ve Orman Bakan\u0131 \u0130brahim Yumakl\u0131, Meram Belediyesinin\u00a0 \u00f6rnek \u00e7al\u0131\u015fmalar\u0131n\u0131n di\u011fer yerel y\u00f6netimlere de ilham vermesi gerekti\u011fini belirterek, Ba\u015fkan Kavu\u015f\u2019a ve ekibine ba\u015far\u0131lar diledi.\u00a0<\/p>\n<p>\u200bHaberin Al\u0131nt\u0131land\u0131\u011f\u0131 Kaynak: www.iskenderun.org<\/p>","protected":false},"excerpt":{"rendered":"<p>Konya&#8217;da Meram Belediye Ba\u015fkan\u0131 Mustafa Kavu\u015f, AK Parti Konya Milletvekili Mehmet Baykan ile birlikte Tar\u0131m ve Orman Bakan\u0131 \u0130brahim Yumakl\u0131\u2019y\u0131 makam\u0131nda ziyaret etti.KONYA (\u0130GFA) &#8211; Meram Belediye Ba\u015fkan\u0131 Mustafa Kavu\u015f, AK Parti Konya Milletvekili Mehmet Baykan ile birlikte Tar\u0131m ve Orman Bakan\u0131 \u0130brahim Yumakl\u0131\u2019y\u0131 makam\u0131nda ziyaret ederek il\u00e7enin tar\u0131m ve hayvanc\u0131l\u0131k politikalar\u0131n\u0131 ba\u015fkent Ankara\u2019ya ta\u015f\u0131d\u0131. Bakan Yumakl\u0131, Milletvekili Baykan ve Ba\u015fkan Kavu\u015f, Meram\u2019dabug\u00fcne kadaryap\u0131lan ve \u00f6n\u00fcm\u00fczdeki s\u00fcre\u00e7te hayata ge\u00e7irilecek tar\u0131m projeleri hakk\u0131nda fikir al\u0131\u015fveri\u015finde bulundular. BA\u015eKAN KAVU\u015e, MERAM TARIMI \u0130\u00c7\u0130N HAYATA GE\u00c7\u0130RD\u0130KLER\u0130 PROJELER\u0130 ANLATTI\u00a0 \u00a0 Ziyaret s\u0131ras\u0131nda Ba\u015fkan Kavu\u015f, Meram Belediyesinin tar\u0131m alan\u0131nda att\u0131\u011f\u0131 ad\u0131mlar\u0131 detayl\u0131 \u015fekilde Bakan Yumakl\u0131\u2019ya aktard\u0131. \u00d6zellikle tar\u0131m arazilerinde son d\u00f6nemde artan ka\u00e7ak yap\u0131la\u015fmayla m\u00fccadelede izlenen y\u00f6ntemler hakk\u0131nda bilgi veren Ba\u015fkan Kavu\u015f, hem \u00e7evreyi hem de tar\u0131msal \u00fcretimi tehdit eden bu yap\u0131larla ilgili y\u00fcr\u00fct\u00fclen kararl\u0131 m\u00fccadelenin s\u00fcrece\u011fini vurgulad\u0131. Ba\u015fkan Kavu\u015f, Konya\u2019n\u0131n ilk fide \u00fcretim Merkezi Konya Fide ve Meram Sahipsiz Hayvan Do\u011fal Ya\u015fam Alan\u0131 gibi belediyenin \u00f6nc\u00fc projelerini de g\u00f6r\u00fc\u015fmede g\u00fcndeme getirerek bu yat\u0131r\u0131mlar hakk\u0131nda Bakan Yumakl\u0131\u2019y\u0131 bilgilendirdi. Milletvekili Mehmet Baykan ve Ba\u015fkan Mustafa Kavu\u015f, bilgilendirmelerinin sonunda nazik ev sahipli\u011fi ve Meram\u2019a desteklerinden dolay\u0131 Bakan Yumakl\u0131\u2019ya te\u015fekk\u00fcr ettiler. Ba\u015fkan Kavu\u015f, g\u00f6r\u00fc\u015fmede Meram\u2019da k\u0131rsal kalk\u0131nmay\u0131 \u00f6nceleyen belediyecilik anlay\u0131\u015f\u0131n\u0131n artarak devam edece\u011fini ifade ederken Tar\u0131m ve Orman Bakan\u0131 &hellip;<\/p>","protected":false},"author":1,"featured_media":0,"comment_status":"","ping_status":"open","sticky":false,"template":"","format":"standard","meta":{"_acf_changed":false,"footnotes":""},"categories":[24],"tags":[],"class_list":["post-71478","post","type-post","status-publish","format-standard","has-post-thumbnail","hentry","category-gundem"],"acf":[],"yoast_head":"<!-- This site is optimized with the Yoast SEO Premium plugin v26.6 (Yoast SEO v27.1.1) - https:\/\/yoast.com\/product\/yoast-seo-premium-wordpress\/ -->\n<title>Bakan Yumakl\u0131&#039;dan Konya Meram&#039;\u0131n tar\u0131m politikalar\u0131na tam not - Av. Deniz Can K\u0131z\u0131l<\/title>\n<meta name=\"robots\" content=\"index, follow, max-snippet:-1, max-image-preview:large, max-video-preview:-1\" \/>\n<link rel=\"canonical\" href=\"https:\/\/denizcankizil.tr\/de\/haberler\/gundem\/bakan-yumaklidan-konya-meramin-tarim-politikalarina-tam-not\/\" \/>\n<meta property=\"og:locale\" content=\"de_DE\" \/>\n<meta property=\"og:type\" content=\"article\" \/>\n<meta property=\"og:title\" content=\"Bakan Yumakl\u0131&#039;dan Konya Meram&#039;\u0131n tar\u0131m politikalar\u0131na tam not\" \/>\n<meta property=\"og:description\" content=\"Konya&#8217;da Meram Belediye Ba\u015fkan\u0131 Mustafa Kavu\u015f, AK Parti Konya Milletvekili Mehmet Baykan ile birlikte Tar\u0131m ve Orman Bakan\u0131 \u0130brahim Yumakl\u0131\u2019y\u0131 makam\u0131nda ziyaret etti.KONYA (\u0130GFA) &#8211; Meram Belediye Ba\u015fkan\u0131 Mustafa Kavu\u015f, AK Parti Konya Milletvekili Mehmet Baykan ile birlikte Tar\u0131m ve Orman Bakan\u0131 \u0130brahim Yumakl\u0131\u2019y\u0131 makam\u0131nda ziyaret ederek il\u00e7enin tar\u0131m ve hayvanc\u0131l\u0131k politikalar\u0131n\u0131 ba\u015fkent Ankara\u2019ya ta\u015f\u0131d\u0131. Bakan Yumakl\u0131, Milletvekili Baykan ve Ba\u015fkan Kavu\u015f, Meram\u2019dabug\u00fcne kadaryap\u0131lan ve \u00f6n\u00fcm\u00fczdeki s\u00fcre\u00e7te hayata ge\u00e7irilecek tar\u0131m projeleri hakk\u0131nda fikir al\u0131\u015fveri\u015finde bulundular. BA\u015eKAN KAVU\u015e, MERAM TARIMI \u0130\u00c7\u0130N HAYATA GE\u00c7\u0130RD\u0130KLER\u0130 PROJELER\u0130 ANLATTI\u00a0 \u00a0 Ziyaret s\u0131ras\u0131nda Ba\u015fkan Kavu\u015f, Meram Belediyesinin tar\u0131m alan\u0131nda att\u0131\u011f\u0131 ad\u0131mlar\u0131 detayl\u0131 \u015fekilde Bakan Yumakl\u0131\u2019ya aktard\u0131. \u00d6zellikle tar\u0131m arazilerinde son d\u00f6nemde artan ka\u00e7ak yap\u0131la\u015fmayla m\u00fccadelede izlenen y\u00f6ntemler hakk\u0131nda bilgi veren Ba\u015fkan Kavu\u015f, hem \u00e7evreyi hem de tar\u0131msal \u00fcretimi tehdit eden bu yap\u0131larla ilgili y\u00fcr\u00fct\u00fclen kararl\u0131 m\u00fccadelenin s\u00fcrece\u011fini vurgulad\u0131. Ba\u015fkan Kavu\u015f, Konya\u2019n\u0131n ilk fide \u00fcretim Merkezi Konya Fide ve Meram Sahipsiz Hayvan Do\u011fal Ya\u015fam Alan\u0131 gibi belediyenin \u00f6nc\u00fc projelerini de g\u00f6r\u00fc\u015fmede g\u00fcndeme getirerek bu yat\u0131r\u0131mlar hakk\u0131nda Bakan Yumakl\u0131\u2019y\u0131 bilgilendirdi. Milletvekili Mehmet Baykan ve Ba\u015fkan Mustafa Kavu\u015f, bilgilendirmelerinin sonunda nazik ev sahipli\u011fi ve Meram\u2019a desteklerinden dolay\u0131 Bakan Yumakl\u0131\u2019ya te\u015fekk\u00fcr ettiler. Ba\u015fkan Kavu\u015f, g\u00f6r\u00fc\u015fmede Meram\u2019da k\u0131rsal kalk\u0131nmay\u0131 \u00f6nceleyen belediyecilik anlay\u0131\u015f\u0131n\u0131n artarak devam edece\u011fini ifade ederken Tar\u0131m ve Orman Bakan\u0131 &hellip;\" \/>\n<meta property=\"og:url\" content=\"https:\/\/denizcankizil.tr\/de\/haberler\/gundem\/bakan-yumaklidan-konya-meramin-tarim-politikalarina-tam-not\/\" \/>\n<meta property=\"og:site_name\" content=\"Av. Deniz Can K\u0131z\u0131l\" \/>\n<meta property=\"article:published_time\" content=\"2025-04-30T10:43:07+00:00\" \/>\n<meta name=\"author\" content=\"admin\" \/>\n<meta name=\"twitter:card\" content=\"summary_large_image\" \/>\n<meta name=\"twitter:label1\" content=\"Verfasst von\" \/>\n\t<meta name=\"twitter:data1\" content=\"admin\" \/>\n\t<meta name=\"twitter:label2\" content=\"Gesch\u00e4tzte Lesezeit\" \/>\n\t<meta name=\"twitter:data2\" content=\"4\u00a0Minuten\" \/>\n<script type=\"application\/ld+json\" class=\"yoast-schema-graph\">{\"@context\":\"https:\/\/schema.org\",\"@graph\":[{\"@type\":\"Article\",\"@id\":\"https:\/\/denizcankizil.tr\/de\/haberler\/gundem\/bakan-yumaklidan-konya-meramin-tarim-politikalarina-tam-not\/#article\",\"isPartOf\":{\"@id\":\"https:\/\/denizcankizil.tr\/de\/haberler\/gundem\/bakan-yumaklidan-konya-meramin-tarim-politikalarina-tam-not\/\"},\"author\":{\"name\":\"admin\",\"@id\":\"https:\/\/denizcankizil.tr\/de\/#\/schema\/person\/be3c05fe6a12686905512445d8185489\"},\"headline\":\"Bakan Yumakl\u0131&#8217;dan Konya Meram&#8217;\u0131n tar\u0131m politikalar\u0131na tam not\",\"datePublished\":\"2025-04-30T10:43:07+00:00\",\"mainEntityOfPage\":{\"@id\":\"https:\/\/denizcankizil.tr\/de\/haberler\/gundem\/bakan-yumaklidan-konya-meramin-tarim-politikalarina-tam-not\/\"},\"wordCount\":750,\"publisher\":{\"@id\":\"https:\/\/denizcankizil.tr\/de\/#organization\"},\"articleSection\":[\"G\u00fcndem\"],\"inLanguage\":\"de\"},{\"@type\":\"WebPage\",\"@id\":\"https:\/\/denizcankizil.tr\/de\/haberler\/gundem\/bakan-yumaklidan-konya-meramin-tarim-politikalarina-tam-not\/\",\"url\":\"https:\/\/denizcankizil.tr\/de\/haberler\/gundem\/bakan-yumaklidan-konya-meramin-tarim-politikalarina-tam-not\/\",\"name\":\"Bakan Yumakl\u0131'dan Konya Meram'\u0131n tar\u0131m politikalar\u0131na tam not - Av. Deniz Can K\u0131z\u0131l\",\"isPartOf\":{\"@id\":\"https:\/\/denizcankizil.tr\/de\/#website\"},\"datePublished\":\"2025-04-30T10:43:07+00:00\",\"breadcrumb\":{\"@id\":\"https:\/\/denizcankizil.tr\/de\/haberler\/gundem\/bakan-yumaklidan-konya-meramin-tarim-politikalarina-tam-not\/#breadcrumb\"},\"inLanguage\":\"de\",\"potentialAction\":[{\"@type\":\"ReadAction\",\"target\":[\"https:\/\/denizcankizil.tr\/de\/haberler\/gundem\/bakan-yumaklidan-konya-meramin-tarim-politikalarina-tam-not\/\"]}]},{\"@type\":\"BreadcrumbList\",\"@id\":\"https:\/\/denizcankizil.tr\/de\/haberler\/gundem\/bakan-yumaklidan-konya-meramin-tarim-politikalarina-tam-not\/#breadcrumb\",\"itemListElement\":[{\"@type\":\"ListItem\",\"position\":1,\"name\":\"Home\",\"item\":\"https:\/\/denizcankizil.tr\/de\/\"},{\"@type\":\"ListItem\",\"position\":2,\"name\":\"Bakan Yumakl\u0131&#8217;dan Konya Meram&#8217;\u0131n tar\u0131m politikalar\u0131na tam not\"}]},{\"@type\":\"WebSite\",\"@id\":\"https:\/\/denizcankizil.tr\/de\/#website\",\"url\":\"https:\/\/denizcankizil.tr\/de\/\",\"name\":\"Av. Deniz Can K\u0131z\u0131l\",\"description\":\"Avukat Deniz Can K\u0131z\u0131l Antalya Barosu\",\"publisher\":{\"@id\":\"https:\/\/denizcankizil.tr\/de\/#organization\"},\"potentialAction\":[{\"@type\":\"SearchAction\",\"target\":{\"@type\":\"EntryPoint\",\"urlTemplate\":\"https:\/\/denizcankizil.tr\/de\/?s={search_term_string}\"},\"query-input\":{\"@type\":\"PropertyValueSpecification\",\"valueRequired\":true,\"valueName\":\"search_term_string\"}}],\"inLanguage\":\"de\"},{\"@type\":\"Organization\",\"@id\":\"https:\/\/denizcankizil.tr\/de\/#organization\",\"name\":\"Av. Deniz Can K\u0131z\u0131l\",\"url\":\"https:\/\/denizcankizil.tr\/de\/\",\"logo\":{\"@type\":\"ImageObject\",\"inLanguage\":\"de\",\"@id\":\"https:\/\/denizcankizil.tr\/de\/#\/schema\/logo\/image\/\",\"url\":\"https:\/\/denizcankizil.tr\/wp-content\/uploads\/2024\/10\/siyah-logo-svg.svg\",\"contentUrl\":\"https:\/\/denizcankizil.tr\/wp-content\/uploads\/2024\/10\/siyah-logo-svg.svg\",\"width\":1080,\"height\":1080,\"caption\":\"Av. Deniz Can K\u0131z\u0131l\"},\"image\":{\"@id\":\"https:\/\/denizcankizil.tr\/de\/#\/schema\/logo\/image\/\"}},{\"@type\":\"Person\",\"@id\":\"https:\/\/denizcankizil.tr\/de\/#\/schema\/person\/be3c05fe6a12686905512445d8185489\",\"name\":\"admin\",\"image\":{\"@type\":\"ImageObject\",\"inLanguage\":\"de\",\"@id\":\"https:\/\/denizcankizil.tr\/de\/#\/schema\/person\/image\/\",\"url\":\"https:\/\/secure.gravatar.com\/avatar\/c1fce94c830dc79107e174f890d7210541c4a63e8e5d816341794a2151c9d58c?s=96&d=mm&r=g\",\"contentUrl\":\"https:\/\/secure.gravatar.com\/avatar\/c1fce94c830dc79107e174f890d7210541c4a63e8e5d816341794a2151c9d58c?s=96&d=mm&r=g\",\"caption\":\"admin\"},\"sameAs\":[\"http:\/\/denizcankizil.tr\"],\"url\":\"https:\/\/www.iskenderun.org\/bakan-yumaklidan-konya-meramin-tarim-politikalarina-tam-not\"}]}<\/script>\n<!-- \/ Yoast SEO Premium plugin. -->","yoast_head_json":{"title":"Bakan Yumakl\u0131'dan Konya Meram'\u0131n tar\u0131m politikalar\u0131na tam not - Av. Deniz Can K\u0131z\u0131l","robots":{"index":"index","follow":"follow","max-snippet":"max-snippet:-1","max-image-preview":"max-image-preview:large","max-video-preview":"max-video-preview:-1"},"canonical":"https:\/\/denizcankizil.tr\/de\/haberler\/gundem\/bakan-yumaklidan-konya-meramin-tarim-politikalarina-tam-not\/","og_locale":"de_DE","og_type":"article","og_title":"Bakan Yumakl\u0131'dan Konya Meram'\u0131n tar\u0131m politikalar\u0131na tam not","og_description":"Konya&#8217;da Meram Belediye Ba\u015fkan\u0131 Mustafa Kavu\u015f, AK Parti Konya Milletvekili Mehmet Baykan ile birlikte Tar\u0131m ve Orman Bakan\u0131 \u0130brahim Yumakl\u0131\u2019y\u0131 makam\u0131nda ziyaret etti.KONYA (\u0130GFA) &#8211; Meram Belediye Ba\u015fkan\u0131 Mustafa Kavu\u015f, AK Parti Konya Milletvekili Mehmet Baykan ile birlikte Tar\u0131m ve Orman Bakan\u0131 \u0130brahim Yumakl\u0131\u2019y\u0131 makam\u0131nda ziyaret ederek il\u00e7enin tar\u0131m ve hayvanc\u0131l\u0131k politikalar\u0131n\u0131 ba\u015fkent Ankara\u2019ya ta\u015f\u0131d\u0131. Bakan Yumakl\u0131, Milletvekili Baykan ve Ba\u015fkan Kavu\u015f, Meram\u2019dabug\u00fcne kadaryap\u0131lan ve \u00f6n\u00fcm\u00fczdeki s\u00fcre\u00e7te hayata ge\u00e7irilecek tar\u0131m projeleri hakk\u0131nda fikir al\u0131\u015fveri\u015finde bulundular. BA\u015eKAN KAVU\u015e, MERAM TARIMI \u0130\u00c7\u0130N HAYATA GE\u00c7\u0130RD\u0130KLER\u0130 PROJELER\u0130 ANLATTI\u00a0 \u00a0 Ziyaret s\u0131ras\u0131nda Ba\u015fkan Kavu\u015f, Meram Belediyesinin tar\u0131m alan\u0131nda att\u0131\u011f\u0131 ad\u0131mlar\u0131 detayl\u0131 \u015fekilde Bakan Yumakl\u0131\u2019ya aktard\u0131. \u00d6zellikle tar\u0131m arazilerinde son d\u00f6nemde artan ka\u00e7ak yap\u0131la\u015fmayla m\u00fccadelede izlenen y\u00f6ntemler hakk\u0131nda bilgi veren Ba\u015fkan Kavu\u015f, hem \u00e7evreyi hem de tar\u0131msal \u00fcretimi tehdit eden bu yap\u0131larla ilgili y\u00fcr\u00fct\u00fclen kararl\u0131 m\u00fccadelenin s\u00fcrece\u011fini vurgulad\u0131. Ba\u015fkan Kavu\u015f, Konya\u2019n\u0131n ilk fide \u00fcretim Merkezi Konya Fide ve Meram Sahipsiz Hayvan Do\u011fal Ya\u015fam Alan\u0131 gibi belediyenin \u00f6nc\u00fc projelerini de g\u00f6r\u00fc\u015fmede g\u00fcndeme getirerek bu yat\u0131r\u0131mlar hakk\u0131nda Bakan Yumakl\u0131\u2019y\u0131 bilgilendirdi. Milletvekili Mehmet Baykan ve Ba\u015fkan Mustafa Kavu\u015f, bilgilendirmelerinin sonunda nazik ev sahipli\u011fi ve Meram\u2019a desteklerinden dolay\u0131 Bakan Yumakl\u0131\u2019ya te\u015fekk\u00fcr ettiler. Ba\u015fkan Kavu\u015f, g\u00f6r\u00fc\u015fmede Meram\u2019da k\u0131rsal kalk\u0131nmay\u0131 \u00f6nceleyen belediyecilik anlay\u0131\u015f\u0131n\u0131n artarak devam edece\u011fini ifade ederken Tar\u0131m ve Orman Bakan\u0131 &hellip;","og_url":"https:\/\/denizcankizil.tr\/de\/haberler\/gundem\/bakan-yumaklidan-konya-meramin-tarim-politikalarina-tam-not\/","og_site_name":"Av. Deniz Can K\u0131z\u0131l","article_published_time":"2025-04-30T10:43:07+00:00","author":"admin","twitter_card":"summary_large_image","twitter_misc":{"Verfasst von":"admin","Gesch\u00e4tzte Lesezeit":"4\u00a0Minuten"},"schema":{"@context":"https:\/\/schema.org","@graph":[{"@type":"Article","@id":"https:\/\/denizcankizil.tr\/de\/haberler\/gundem\/bakan-yumaklidan-konya-meramin-tarim-politikalarina-tam-not\/#article","isPartOf":{"@id":"https:\/\/denizcankizil.tr\/de\/haberler\/gundem\/bakan-yumaklidan-konya-meramin-tarim-politikalarina-tam-not\/"},"author":{"name":"admin","@id":"https:\/\/denizcankizil.tr\/de\/#\/schema\/person\/be3c05fe6a12686905512445d8185489"},"headline":"Bakan Yumakl\u0131&#8217;dan Konya Meram&#8217;\u0131n tar\u0131m politikalar\u0131na tam not","datePublished":"2025-04-30T10:43:07+00:00","mainEntityOfPage":{"@id":"https:\/\/denizcankizil.tr\/de\/haberler\/gundem\/bakan-yumaklidan-konya-meramin-tarim-politikalarina-tam-not\/"},"wordCount":750,"publisher":{"@id":"https:\/\/denizcankizil.tr\/de\/#organization"},"articleSection":["G\u00fcndem"],"inLanguage":"de"},{"@type":"WebPage","@id":"https:\/\/denizcankizil.tr\/de\/haberler\/gundem\/bakan-yumaklidan-konya-meramin-tarim-politikalarina-tam-not\/","url":"https:\/\/denizcankizil.tr\/de\/haberler\/gundem\/bakan-yumaklidan-konya-meramin-tarim-politikalarina-tam-not\/","name":"Bakan Yumakl\u0131'dan Konya Meram'\u0131n tar\u0131m politikalar\u0131na tam not - Av. Deniz Can K\u0131z\u0131l","isPartOf":{"@id":"https:\/\/denizcankizil.tr\/de\/#website"},"datePublished":"2025-04-30T10:43:07+00:00","breadcrumb":{"@id":"https:\/\/denizcankizil.tr\/de\/haberler\/gundem\/bakan-yumaklidan-konya-meramin-tarim-politikalarina-tam-not\/#breadcrumb"},"inLanguage":"de","potentialAction":[{"@type":"ReadAction","target":["https:\/\/denizcankizil.tr\/de\/haberler\/gundem\/bakan-yumaklidan-konya-meramin-tarim-politikalarina-tam-not\/"]}]},{"@type":"BreadcrumbList","@id":"https:\/\/denizcankizil.tr\/de\/haberler\/gundem\/bakan-yumaklidan-konya-meramin-tarim-politikalarina-tam-not\/#breadcrumb","itemListElement":[{"@type":"ListItem","position":1,"name":"Home","item":"https:\/\/denizcankizil.tr\/de\/"},{"@type":"ListItem","position":2,"name":"Bakan Yumakl\u0131&#8217;dan Konya Meram&#8217;\u0131n tar\u0131m politikalar\u0131na tam not"}]},{"@type":"WebSite","@id":"https:\/\/denizcankizil.tr\/de\/#website","url":"https:\/\/denizcankizil.tr\/de\/","name":"Av. Deniz Can K\u0131z\u0131l","description":"Avukat Deniz Can K\u0131z\u0131l Antalya Barosu","publisher":{"@id":"https:\/\/denizcankizil.tr\/de\/#organization"},"potentialAction":[{"@type":"SearchAction","target":{"@type":"EntryPoint","urlTemplate":"https:\/\/denizcankizil.tr\/de\/?s={search_term_string}"},"query-input":{"@type":"PropertyValueSpecification","valueRequired":true,"valueName":"search_term_string"}}],"inLanguage":"de"},{"@type":"Organization","@id":"https:\/\/denizcankizil.tr\/de\/#organization","name":"Av. Deniz Can K\u0131z\u0131l","url":"https:\/\/denizcankizil.tr\/de\/","logo":{"@type":"ImageObject","inLanguage":"de","@id":"https:\/\/denizcankizil.tr\/de\/#\/schema\/logo\/image\/","url":"https:\/\/denizcankizil.tr\/wp-content\/uploads\/2024\/10\/siyah-logo-svg.svg","contentUrl":"https:\/\/denizcankizil.tr\/wp-content\/uploads\/2024\/10\/siyah-logo-svg.svg","width":1080,"height":1080,"caption":"Av. Deniz Can K\u0131z\u0131l"},"image":{"@id":"https:\/\/denizcankizil.tr\/de\/#\/schema\/logo\/image\/"}},{"@type":"Person","@id":"https:\/\/denizcankizil.tr\/de\/#\/schema\/person\/be3c05fe6a12686905512445d8185489","name":"Administrator","image":{"@type":"ImageObject","inLanguage":"de","@id":"https:\/\/denizcankizil.tr\/de\/#\/schema\/person\/image\/","url":"https:\/\/secure.gravatar.com\/avatar\/c1fce94c830dc79107e174f890d7210541c4a63e8e5d816341794a2151c9d58c?s=96&d=mm&r=g","contentUrl":"https:\/\/secure.gravatar.com\/avatar\/c1fce94c830dc79107e174f890d7210541c4a63e8e5d816341794a2151c9d58c?s=96&d=mm&r=g","caption":"admin"},"sameAs":["http:\/\/denizcankizil.tr"],"url":"https:\/\/www.iskenderun.org\/bakan-yumaklidan-konya-meramin-tarim-politikalarina-tam-not"}]}},"_links":{"self":[{"href":"https:\/\/denizcankizil.tr\/de\/wp-json\/wp\/v2\/posts\/71478","targetHints":{"allow":["GET"]}}],"collection":[{"href":"https:\/\/denizcankizil.tr\/de\/wp-json\/wp\/v2\/posts"}],"about":[{"href":"https:\/\/denizcankizil.tr\/de\/wp-json\/wp\/v2\/types\/post"}],"author":[{"embeddable":true,"href":"https:\/\/denizcankizil.tr\/de\/wp-json\/wp\/v2\/users\/1"}],"replies":[{"embeddable":true,"href":"https:\/\/denizcankizil.tr\/de\/wp-json\/wp\/v2\/comments?post=71478"}],"version-history":[{"count":0,"href":"https:\/\/denizcankizil.tr\/de\/wp-json\/wp\/v2\/posts\/71478\/revisions"}],"wp:attachment":[{"href":"https:\/\/denizcankizil.tr\/de\/wp-json\/wp\/v2\/media?parent=71478"}],"wp:term":[{"taxonomy":"category","embeddable":true,"href":"https:\/\/denizcankizil.tr\/de\/wp-json\/wp\/v2\/categories?post=71478"},{"taxonomy":"post_tag","embeddable":true,"href":"https:\/\/denizcankizil.tr\/de\/wp-json\/wp\/v2\/tags?post=71478"}],"curies":[{"name":"wp","href":"https:\/\/api.w.org\/{rel}","templated":true}]}}