{"id":71249,"date":"2025-04-30T10:42:08","date_gmt":"2025-04-30T07:42:08","guid":{"rendered":"https:\/\/denizcankizil.tr\/uncategorized-tr\/antalyada-imamoglu-icin-imza-kampanyasi-suruyor\/"},"modified":"2025-04-30T10:42:08","modified_gmt":"2025-04-30T07:42:08","slug":"antalyada-imamoglu-icin-imza-kampanyasi-suruyor","status":"publish","type":"post","link":"https:\/\/denizcankizil.tr\/de\/haberler\/gundem\/antalyada-imamoglu-icin-imza-kampanyasi-suruyor\/","title":{"rendered":"Antalya\u2019da \u0130mamo\u011flu i\u00e7in imza kampanyas\u0131 s\u00fcr\u00fcyor!"},"content":{"rendered":"<p>Antalya&#8217;da, \u0130stanbul B\u00fcy\u00fck\u015fehir Belediye Ba\u015fkan\u0131 Ekrem \u0130mamo\u011flu\u2019nun \u00f6zg\u00fcrl\u00fc\u011f\u00fc ve erken se\u00e7im talebiyle ba\u015flat\u0131lan imza kampanyas\u0131 devam ediyor. CHP Muratpa\u015fa \u0130l\u00e7e Kad\u0131n Kollar\u0131 Ba\u015fkan\u0131 Nur\u015fen Bildirici, kampanya stand\u0131nda yapt\u0131\u011f\u0131 konu\u015fmada, T\u00fcrkiye\u2019nin i\u00e7inde bulundu\u011fu zor durumu ve kampanyan\u0131n \u00f6nemini vurgulad\u0131. Bildirici, Cumhurba\u015fkan\u0131 aday\u0131 Ekrem \u0130mamo\u011flu\u2019nun tutuklanmas\u0131, demokratik haklar\u0131n\u0131 kulland\u0131klar\u0131 i\u00e7in tutuklanan gen\u00e7leri, b\u00fcy\u00fck zorluklarla ya\u015famlar\u0131n\u0131 s\u00fcrd\u00fcrmeye \u00e7al\u0131\u015fan emeklilerin ve asgari \u00fccretlilerin tamam\u0131n\u0131n haklar\u0131n\u0131n korunmas\u0131 i\u00e7in hemen erken se\u00e7im karar\u0131 al\u0131nmas\u0131 gerekti\u011fini ifade etti.<\/p>\n<p>ANTALYA&#8217;DA \u0130MAMO\u011eLU&#8217;NA DESTEK S\u00dcR\u00dcYOR <\/p>\n<p>CHP Muratpa\u015fa \u0130l\u00e7e Kad\u0131n Kollar\u0131 Ba\u015fkan\u0131 Nur\u015fen Bildirici, g\u00f6reve geldikleri ilk g\u00fcnden bu yana saha \u00e7al\u0131\u015fmalar\u0131na aral\u0131ks\u0131z s\u00fcrd\u00fcr\u00fcyor. Bildirici, \u201cPartimizin bir ad\u0131m daha ileriye ta\u015f\u0131nmas\u0131 i\u00e7in var g\u00fcc\u00fcm\u00fczle \u00e7al\u0131\u015f\u0131yoruz\u201d dedi. Yerel se\u00e7imlerde elde edilen ba\u015far\u0131y\u0131 olas\u0131 bir erken se\u00e7imde ta\u00e7land\u0131rmak istediklerini ifade eden Bildirici, ya\u015fanan ekonomik sorunlar kar\u015f\u0131s\u0131nda nefes al\u0131namaz bir s\u00fcrecin ya\u015fand\u0131\u011f\u0131n\u0131 anlatt\u0131.<\/p>\n<p>EKONOM\u0130K SORUN EN \u00c7OK KADINLARI VURUYOR <\/p>\n<p>Ba\u015fkan Bildirici, \u201cYa\u015fanan ekonomik sorunlar\u0131n en b\u00fcy\u00fc\u011f\u00fcn\u00fc kad\u0131nlar\u0131m\u0131z ya\u015f\u0131yor. \u00dcst \u00fcste gelen zamlar kar\u015f\u0131s\u0131nda kad\u0131nlar\u0131m\u0131z evlerinde yemek yapamaz duruma geldiler. Bir tek \u00e7ocu\u011fumuzun bile yata\u011f\u0131na a\u00e7 bir \u015fekilde girmemesi i\u00e7in t\u00fcm \u00f6rg\u00fctlerimizle birlikte Cumhuriyet Halk Partisi\u2019nin iktidar\u0131 i\u00e7in \u00e7al\u0131\u015f\u0131yoruz\u201d \u015feklinde konu\u015ftu.<\/p>\n<p>19 MAYIS TAR\u0130H\u0130NE KADAR DEVAM EDECEK<\/p>\n<p>CHP Muratpa\u015fa \u0130l\u00e7e Kad\u0131n Kollar\u0131 Ba\u015fkan\u0131 Nur\u015fen Bildirici, kent genelinde ba\u015flat\u0131lan imza kampanyas\u0131na \u015fu ana kadar 650 bin imzan\u0131n topland\u0131\u011f\u0131n\u0131 ifade etti. Bildirici a\u00e7\u0131klamalar\u0131nda \u015fu ifadelere yer verdi:<\/p>\n<p>\u201cAntalya\u2019da hedefimiz 1 milyon imza. Bu say\u0131ya ula\u015fabilmek i\u00e7in kent genelinde t\u00fcm \u00f6rg\u00fct bile\u015fenlerimizle birlikte \u00e7al\u0131\u015fmalar\u0131m\u0131z\u0131 s\u00fcrd\u00fcr\u00fcyoruz. Kad\u0131n ve Gen\u00e7lik Kollar\u0131m\u0131zda g\u00f6revli t\u00fcm arkada\u015flar\u0131m\u0131z Muratpa\u015fa il\u00e7emizin de\u011fi\u015fik b\u00f6lgelerinde kurulan imza stantlar\u0131nda \u00e7al\u0131\u015fmalar\u0131n\u0131 s\u00fcrd\u00fcr\u00fcyor. Bu \u00e7al\u0131\u015fmalar\u0131m\u0131z\u0131n neticesinde bir erken se\u00e7im karar\u0131n\u0131n al\u0131nmas\u0131n\u0131 bekleyece\u011fiz.\u201d<\/p>\n<p>\u200bAntalya&#8217;da erken se\u00e7im talebi ve tutuklu Cumhurba\u015fkan\u0131 Aday\u0131 Ekrem \u0130mamo\u011flu\u2019nun serbest b\u0131rak\u0131lmas\u0131na y\u00f6nelik CHP taraf\u0131ndan ba\u015flat\u0131lan imza kampanyas\u0131nda \u015fu ana kadar 650 bin ki\u015fi imza att\u0131. CHP Muratpa\u015fa \u0130l\u00e7e Kad\u0131n Kollar\u0131 Ba\u015fkan\u0131 Nur\u015fen Bildirici, imza kampanyas\u0131n\u0131n 19 May\u0131s tarihine kadar s\u00fcrece\u011fini belirterek, hedef say\u0131n\u0131n 1 milyon oldu\u011funu s\u00f6yledi.\u00a0<\/p>\n<p>\u200bHaberin Al\u0131nt\u0131land\u0131\u011f\u0131 Kaynak: www.antalyakorfez.com<\/p>","protected":false},"excerpt":{"rendered":"<p>Antalya&#8217;da, \u0130stanbul B\u00fcy\u00fck\u015fehir Belediye Ba\u015fkan\u0131 Ekrem \u0130mamo\u011flu\u2019nun \u00f6zg\u00fcrl\u00fc\u011f\u00fc ve erken se\u00e7im talebiyle ba\u015flat\u0131lan imza kampanyas\u0131 devam ediyor. CHP Muratpa\u015fa \u0130l\u00e7e Kad\u0131n Kollar\u0131 Ba\u015fkan\u0131 Nur\u015fen Bildirici, kampanya stand\u0131nda yapt\u0131\u011f\u0131 konu\u015fmada, T\u00fcrkiye\u2019nin i\u00e7inde bulundu\u011fu zor durumu ve kampanyan\u0131n \u00f6nemini vurgulad\u0131. Bildirici, Cumhurba\u015fkan\u0131 aday\u0131 Ekrem \u0130mamo\u011flu\u2019nun tutuklanmas\u0131, demokratik haklar\u0131n\u0131 kulland\u0131klar\u0131 i\u00e7in tutuklanan gen\u00e7leri, b\u00fcy\u00fck zorluklarla ya\u015famlar\u0131n\u0131 s\u00fcrd\u00fcrmeye \u00e7al\u0131\u015fan emeklilerin ve asgari \u00fccretlilerin tamam\u0131n\u0131n haklar\u0131n\u0131n korunmas\u0131 i\u00e7in hemen erken se\u00e7im karar\u0131 al\u0131nmas\u0131 gerekti\u011fini ifade etti. ANTALYA&#8217;DA \u0130MAMO\u011eLU&#8217;NA DESTEK S\u00dcR\u00dcYOR CHP Muratpa\u015fa \u0130l\u00e7e Kad\u0131n Kollar\u0131 Ba\u015fkan\u0131 Nur\u015fen Bildirici, g\u00f6reve geldikleri ilk g\u00fcnden bu yana saha \u00e7al\u0131\u015fmalar\u0131na aral\u0131ks\u0131z s\u00fcrd\u00fcr\u00fcyor. Bildirici, \u201cPartimizin bir ad\u0131m daha ileriye ta\u015f\u0131nmas\u0131 i\u00e7in var g\u00fcc\u00fcm\u00fczle \u00e7al\u0131\u015f\u0131yoruz\u201d dedi. Yerel se\u00e7imlerde elde edilen ba\u015far\u0131y\u0131 olas\u0131 bir erken se\u00e7imde ta\u00e7land\u0131rmak istediklerini ifade eden Bildirici, ya\u015fanan ekonomik sorunlar kar\u015f\u0131s\u0131nda nefes al\u0131namaz bir s\u00fcrecin ya\u015fand\u0131\u011f\u0131n\u0131 anlatt\u0131. EKONOM\u0130K SORUN EN \u00c7OK KADINLARI VURUYOR Ba\u015fkan Bildirici, \u201cYa\u015fanan ekonomik sorunlar\u0131n en b\u00fcy\u00fc\u011f\u00fcn\u00fc kad\u0131nlar\u0131m\u0131z ya\u015f\u0131yor. \u00dcst \u00fcste gelen zamlar kar\u015f\u0131s\u0131nda kad\u0131nlar\u0131m\u0131z evlerinde yemek yapamaz duruma geldiler. Bir tek \u00e7ocu\u011fumuzun bile yata\u011f\u0131na a\u00e7 bir \u015fekilde girmemesi i\u00e7in t\u00fcm \u00f6rg\u00fctlerimizle birlikte Cumhuriyet Halk Partisi\u2019nin iktidar\u0131 i\u00e7in \u00e7al\u0131\u015f\u0131yoruz\u201d \u015feklinde konu\u015ftu. 19 MAYIS TAR\u0130H\u0130NE KADAR DEVAM EDECEK CHP Muratpa\u015fa \u0130l\u00e7e Kad\u0131n Kollar\u0131 Ba\u015fkan\u0131 Nur\u015fen Bildirici, kent genelinde ba\u015flat\u0131lan imza kampanyas\u0131na \u015fu ana kadar 650 bin &hellip;<\/p>","protected":false},"author":5,"featured_media":0,"comment_status":"","ping_status":"open","sticky":false,"template":"","format":"standard","meta":{"_acf_changed":false,"footnotes":""},"categories":[24],"tags":[],"class_list":["post-71249","post","type-post","status-publish","format-standard","has-post-thumbnail","hentry","category-gundem"],"acf":[],"yoast_head":"<!-- This site is optimized with the Yoast SEO Premium plugin v26.6 (Yoast SEO v27.1.1) - https:\/\/yoast.com\/product\/yoast-seo-premium-wordpress\/ -->\n<title>Antalya\u2019da \u0130mamo\u011flu i\u00e7in imza kampanyas\u0131 s\u00fcr\u00fcyor! - Av. Deniz Can K\u0131z\u0131l<\/title>\n<meta name=\"robots\" content=\"index, follow, max-snippet:-1, max-image-preview:large, max-video-preview:-1\" \/>\n<link rel=\"canonical\" href=\"https:\/\/denizcankizil.tr\/de\/haberler\/gundem\/antalyada-imamoglu-icin-imza-kampanyasi-suruyor\/\" \/>\n<meta property=\"og:locale\" content=\"de_DE\" \/>\n<meta property=\"og:type\" content=\"article\" \/>\n<meta property=\"og:title\" content=\"Antalya\u2019da \u0130mamo\u011flu i\u00e7in imza kampanyas\u0131 s\u00fcr\u00fcyor!\" \/>\n<meta property=\"og:description\" content=\"Antalya&#8217;da, \u0130stanbul B\u00fcy\u00fck\u015fehir Belediye Ba\u015fkan\u0131 Ekrem \u0130mamo\u011flu\u2019nun \u00f6zg\u00fcrl\u00fc\u011f\u00fc ve erken se\u00e7im talebiyle ba\u015flat\u0131lan imza kampanyas\u0131 devam ediyor. CHP Muratpa\u015fa \u0130l\u00e7e Kad\u0131n Kollar\u0131 Ba\u015fkan\u0131 Nur\u015fen Bildirici, kampanya stand\u0131nda yapt\u0131\u011f\u0131 konu\u015fmada, T\u00fcrkiye\u2019nin i\u00e7inde bulundu\u011fu zor durumu ve kampanyan\u0131n \u00f6nemini vurgulad\u0131. Bildirici, Cumhurba\u015fkan\u0131 aday\u0131 Ekrem \u0130mamo\u011flu\u2019nun tutuklanmas\u0131, demokratik haklar\u0131n\u0131 kulland\u0131klar\u0131 i\u00e7in tutuklanan gen\u00e7leri, b\u00fcy\u00fck zorluklarla ya\u015famlar\u0131n\u0131 s\u00fcrd\u00fcrmeye \u00e7al\u0131\u015fan emeklilerin ve asgari \u00fccretlilerin tamam\u0131n\u0131n haklar\u0131n\u0131n korunmas\u0131 i\u00e7in hemen erken se\u00e7im karar\u0131 al\u0131nmas\u0131 gerekti\u011fini ifade etti. ANTALYA&#8217;DA \u0130MAMO\u011eLU&#8217;NA DESTEK S\u00dcR\u00dcYOR CHP Muratpa\u015fa \u0130l\u00e7e Kad\u0131n Kollar\u0131 Ba\u015fkan\u0131 Nur\u015fen Bildirici, g\u00f6reve geldikleri ilk g\u00fcnden bu yana saha \u00e7al\u0131\u015fmalar\u0131na aral\u0131ks\u0131z s\u00fcrd\u00fcr\u00fcyor. Bildirici, \u201cPartimizin bir ad\u0131m daha ileriye ta\u015f\u0131nmas\u0131 i\u00e7in var g\u00fcc\u00fcm\u00fczle \u00e7al\u0131\u015f\u0131yoruz\u201d dedi. Yerel se\u00e7imlerde elde edilen ba\u015far\u0131y\u0131 olas\u0131 bir erken se\u00e7imde ta\u00e7land\u0131rmak istediklerini ifade eden Bildirici, ya\u015fanan ekonomik sorunlar kar\u015f\u0131s\u0131nda nefes al\u0131namaz bir s\u00fcrecin ya\u015fand\u0131\u011f\u0131n\u0131 anlatt\u0131. EKONOM\u0130K SORUN EN \u00c7OK KADINLARI VURUYOR Ba\u015fkan Bildirici, \u201cYa\u015fanan ekonomik sorunlar\u0131n en b\u00fcy\u00fc\u011f\u00fcn\u00fc kad\u0131nlar\u0131m\u0131z ya\u015f\u0131yor. \u00dcst \u00fcste gelen zamlar kar\u015f\u0131s\u0131nda kad\u0131nlar\u0131m\u0131z evlerinde yemek yapamaz duruma geldiler. Bir tek \u00e7ocu\u011fumuzun bile yata\u011f\u0131na a\u00e7 bir \u015fekilde girmemesi i\u00e7in t\u00fcm \u00f6rg\u00fctlerimizle birlikte Cumhuriyet Halk Partisi\u2019nin iktidar\u0131 i\u00e7in \u00e7al\u0131\u015f\u0131yoruz\u201d \u015feklinde konu\u015ftu. 19 MAYIS TAR\u0130H\u0130NE KADAR DEVAM EDECEK CHP Muratpa\u015fa \u0130l\u00e7e Kad\u0131n Kollar\u0131 Ba\u015fkan\u0131 Nur\u015fen Bildirici, kent genelinde ba\u015flat\u0131lan imza kampanyas\u0131na \u015fu ana kadar 650 bin &hellip;\" \/>\n<meta property=\"og:url\" content=\"https:\/\/denizcankizil.tr\/de\/haberler\/gundem\/antalyada-imamoglu-icin-imza-kampanyasi-suruyor\/\" \/>\n<meta property=\"og:site_name\" content=\"Av. Deniz Can K\u0131z\u0131l\" \/>\n<meta property=\"article:published_time\" content=\"2025-04-30T07:42:08+00:00\" \/>\n<meta name=\"author\" content=\"Antalya K\u00f6rfez\" \/>\n<meta name=\"twitter:card\" content=\"summary_large_image\" \/>\n<meta name=\"twitter:label1\" content=\"Verfasst von\" \/>\n\t<meta name=\"twitter:data1\" content=\"Antalya K\u00f6rfez\" \/>\n\t<meta name=\"twitter:label2\" content=\"Gesch\u00e4tzte Lesezeit\" \/>\n\t<meta name=\"twitter:data2\" content=\"2\u00a0Minuten\" \/>\n<script type=\"application\/ld+json\" class=\"yoast-schema-graph\">{\"@context\":\"https:\/\/schema.org\",\"@graph\":[{\"@type\":\"Article\",\"@id\":\"https:\/\/denizcankizil.tr\/de\/haberler\/gundem\/antalyada-imamoglu-icin-imza-kampanyasi-suruyor\/#article\",\"isPartOf\":{\"@id\":\"https:\/\/denizcankizil.tr\/de\/haberler\/gundem\/antalyada-imamoglu-icin-imza-kampanyasi-suruyor\/\"},\"author\":{\"name\":\"Antalya K\u00f6rfez\",\"@id\":\"https:\/\/denizcankizil.tr\/#\/schema\/person\/e1eb71bb4dd684d46563f0af307e1234\"},\"headline\":\"Antalya\u2019da \u0130mamo\u011flu i\u00e7in imza kampanyas\u0131 s\u00fcr\u00fcyor!\",\"datePublished\":\"2025-04-30T07:42:08+00:00\",\"mainEntityOfPage\":{\"@id\":\"https:\/\/denizcankizil.tr\/de\/haberler\/gundem\/antalyada-imamoglu-icin-imza-kampanyasi-suruyor\/\"},\"wordCount\":506,\"publisher\":{\"@id\":\"https:\/\/denizcankizil.tr\/#organization\"},\"articleSection\":[\"G\u00fcndem\"],\"inLanguage\":\"de\"},{\"@type\":\"WebPage\",\"@id\":\"https:\/\/denizcankizil.tr\/de\/haberler\/gundem\/antalyada-imamoglu-icin-imza-kampanyasi-suruyor\/\",\"url\":\"https:\/\/denizcankizil.tr\/de\/haberler\/gundem\/antalyada-imamoglu-icin-imza-kampanyasi-suruyor\/\",\"name\":\"Antalya\u2019da \u0130mamo\u011flu i\u00e7in imza kampanyas\u0131 s\u00fcr\u00fcyor! - Av. Deniz Can K\u0131z\u0131l\",\"isPartOf\":{\"@id\":\"https:\/\/denizcankizil.tr\/#website\"},\"datePublished\":\"2025-04-30T07:42:08+00:00\",\"breadcrumb\":{\"@id\":\"https:\/\/denizcankizil.tr\/de\/haberler\/gundem\/antalyada-imamoglu-icin-imza-kampanyasi-suruyor\/#breadcrumb\"},\"inLanguage\":\"de\",\"potentialAction\":[{\"@type\":\"ReadAction\",\"target\":[\"https:\/\/denizcankizil.tr\/de\/haberler\/gundem\/antalyada-imamoglu-icin-imza-kampanyasi-suruyor\/\"]}]},{\"@type\":\"BreadcrumbList\",\"@id\":\"https:\/\/denizcankizil.tr\/de\/haberler\/gundem\/antalyada-imamoglu-icin-imza-kampanyasi-suruyor\/#breadcrumb\",\"itemListElement\":[{\"@type\":\"ListItem\",\"position\":1,\"name\":\"Home\",\"item\":\"https:\/\/denizcankizil.tr\/de\/\"},{\"@type\":\"ListItem\",\"position\":2,\"name\":\"Antalya\u2019da \u0130mamo\u011flu i\u00e7in imza kampanyas\u0131 s\u00fcr\u00fcyor!\"}]},{\"@type\":\"WebSite\",\"@id\":\"https:\/\/denizcankizil.tr\/#website\",\"url\":\"https:\/\/denizcankizil.tr\/\",\"name\":\"Av. Deniz Can K\u0131z\u0131l\",\"description\":\"Avukat Deniz Can K\u0131z\u0131l Antalya Barosu\",\"publisher\":{\"@id\":\"https:\/\/denizcankizil.tr\/#organization\"},\"potentialAction\":[{\"@type\":\"SearchAction\",\"target\":{\"@type\":\"EntryPoint\",\"urlTemplate\":\"https:\/\/denizcankizil.tr\/?s={search_term_string}\"},\"query-input\":{\"@type\":\"PropertyValueSpecification\",\"valueRequired\":true,\"valueName\":\"search_term_string\"}}],\"inLanguage\":\"de\"},{\"@type\":\"Organization\",\"@id\":\"https:\/\/denizcankizil.tr\/#organization\",\"name\":\"Av. Deniz Can K\u0131z\u0131l\",\"url\":\"https:\/\/denizcankizil.tr\/\",\"logo\":{\"@type\":\"ImageObject\",\"inLanguage\":\"de\",\"@id\":\"https:\/\/denizcankizil.tr\/#\/schema\/logo\/image\/\",\"url\":\"https:\/\/denizcankizil.tr\/wp-content\/uploads\/2024\/10\/siyah-logo-svg.svg\",\"contentUrl\":\"https:\/\/denizcankizil.tr\/wp-content\/uploads\/2024\/10\/siyah-logo-svg.svg\",\"width\":1080,\"height\":1080,\"caption\":\"Av. Deniz Can K\u0131z\u0131l\"},\"image\":{\"@id\":\"https:\/\/denizcankizil.tr\/#\/schema\/logo\/image\/\"}},{\"@type\":\"Person\",\"@id\":\"https:\/\/denizcankizil.tr\/#\/schema\/person\/e1eb71bb4dd684d46563f0af307e1234\",\"name\":\"Antalya K\u00f6rfez\",\"image\":{\"@type\":\"ImageObject\",\"inLanguage\":\"de\",\"@id\":\"https:\/\/denizcankizil.tr\/#\/schema\/person\/image\/\",\"url\":\"https:\/\/secure.gravatar.com\/avatar\/42b01982558a48a0b501fdcab6a408d3717ea5919095ee2e67b0e521799c5905?s=96&d=mm&r=g\",\"contentUrl\":\"https:\/\/secure.gravatar.com\/avatar\/42b01982558a48a0b501fdcab6a408d3717ea5919095ee2e67b0e521799c5905?s=96&d=mm&r=g\",\"caption\":\"Antalya K\u00f6rfez\"},\"sameAs\":[\"http:\/\/www.antalyakorfez.com\"],\"url\":\"https:\/\/www.antalyakorfez.com\/antalyada-imamoglu-icin-imza-kampanyasi-suruyor\"}]}<\/script>\n<!-- \/ Yoast SEO Premium plugin. -->","yoast_head_json":{"title":"Antalya\u2019da \u0130mamo\u011flu i\u00e7in imza kampanyas\u0131 s\u00fcr\u00fcyor! - Av. Deniz Can K\u0131z\u0131l","robots":{"index":"index","follow":"follow","max-snippet":"max-snippet:-1","max-image-preview":"max-image-preview:large","max-video-preview":"max-video-preview:-1"},"canonical":"https:\/\/denizcankizil.tr\/de\/haberler\/gundem\/antalyada-imamoglu-icin-imza-kampanyasi-suruyor\/","og_locale":"de_DE","og_type":"article","og_title":"Antalya\u2019da \u0130mamo\u011flu i\u00e7in imza kampanyas\u0131 s\u00fcr\u00fcyor!","og_description":"Antalya&#8217;da, \u0130stanbul B\u00fcy\u00fck\u015fehir Belediye Ba\u015fkan\u0131 Ekrem \u0130mamo\u011flu\u2019nun \u00f6zg\u00fcrl\u00fc\u011f\u00fc ve erken se\u00e7im talebiyle ba\u015flat\u0131lan imza kampanyas\u0131 devam ediyor. CHP Muratpa\u015fa \u0130l\u00e7e Kad\u0131n Kollar\u0131 Ba\u015fkan\u0131 Nur\u015fen Bildirici, kampanya stand\u0131nda yapt\u0131\u011f\u0131 konu\u015fmada, T\u00fcrkiye\u2019nin i\u00e7inde bulundu\u011fu zor durumu ve kampanyan\u0131n \u00f6nemini vurgulad\u0131. Bildirici, Cumhurba\u015fkan\u0131 aday\u0131 Ekrem \u0130mamo\u011flu\u2019nun tutuklanmas\u0131, demokratik haklar\u0131n\u0131 kulland\u0131klar\u0131 i\u00e7in tutuklanan gen\u00e7leri, b\u00fcy\u00fck zorluklarla ya\u015famlar\u0131n\u0131 s\u00fcrd\u00fcrmeye \u00e7al\u0131\u015fan emeklilerin ve asgari \u00fccretlilerin tamam\u0131n\u0131n haklar\u0131n\u0131n korunmas\u0131 i\u00e7in hemen erken se\u00e7im karar\u0131 al\u0131nmas\u0131 gerekti\u011fini ifade etti. ANTALYA&#8217;DA \u0130MAMO\u011eLU&#8217;NA DESTEK S\u00dcR\u00dcYOR CHP Muratpa\u015fa \u0130l\u00e7e Kad\u0131n Kollar\u0131 Ba\u015fkan\u0131 Nur\u015fen Bildirici, g\u00f6reve geldikleri ilk g\u00fcnden bu yana saha \u00e7al\u0131\u015fmalar\u0131na aral\u0131ks\u0131z s\u00fcrd\u00fcr\u00fcyor. Bildirici, \u201cPartimizin bir ad\u0131m daha ileriye ta\u015f\u0131nmas\u0131 i\u00e7in var g\u00fcc\u00fcm\u00fczle \u00e7al\u0131\u015f\u0131yoruz\u201d dedi. Yerel se\u00e7imlerde elde edilen ba\u015far\u0131y\u0131 olas\u0131 bir erken se\u00e7imde ta\u00e7land\u0131rmak istediklerini ifade eden Bildirici, ya\u015fanan ekonomik sorunlar kar\u015f\u0131s\u0131nda nefes al\u0131namaz bir s\u00fcrecin ya\u015fand\u0131\u011f\u0131n\u0131 anlatt\u0131. EKONOM\u0130K SORUN EN \u00c7OK KADINLARI VURUYOR Ba\u015fkan Bildirici, \u201cYa\u015fanan ekonomik sorunlar\u0131n en b\u00fcy\u00fc\u011f\u00fcn\u00fc kad\u0131nlar\u0131m\u0131z ya\u015f\u0131yor. \u00dcst \u00fcste gelen zamlar kar\u015f\u0131s\u0131nda kad\u0131nlar\u0131m\u0131z evlerinde yemek yapamaz duruma geldiler. Bir tek \u00e7ocu\u011fumuzun bile yata\u011f\u0131na a\u00e7 bir \u015fekilde girmemesi i\u00e7in t\u00fcm \u00f6rg\u00fctlerimizle birlikte Cumhuriyet Halk Partisi\u2019nin iktidar\u0131 i\u00e7in \u00e7al\u0131\u015f\u0131yoruz\u201d \u015feklinde konu\u015ftu. 19 MAYIS TAR\u0130H\u0130NE KADAR DEVAM EDECEK CHP Muratpa\u015fa \u0130l\u00e7e Kad\u0131n Kollar\u0131 Ba\u015fkan\u0131 Nur\u015fen Bildirici, kent genelinde ba\u015flat\u0131lan imza kampanyas\u0131na \u015fu ana kadar 650 bin &hellip;","og_url":"https:\/\/denizcankizil.tr\/de\/haberler\/gundem\/antalyada-imamoglu-icin-imza-kampanyasi-suruyor\/","og_site_name":"Av. Deniz Can K\u0131z\u0131l","article_published_time":"2025-04-30T07:42:08+00:00","author":"Antalya K\u00f6rfez","twitter_card":"summary_large_image","twitter_misc":{"Verfasst von":"Antalya K\u00f6rfez","Gesch\u00e4tzte Lesezeit":"2\u00a0Minuten"},"schema":{"@context":"https:\/\/schema.org","@graph":[{"@type":"Article","@id":"https:\/\/denizcankizil.tr\/de\/haberler\/gundem\/antalyada-imamoglu-icin-imza-kampanyasi-suruyor\/#article","isPartOf":{"@id":"https:\/\/denizcankizil.tr\/de\/haberler\/gundem\/antalyada-imamoglu-icin-imza-kampanyasi-suruyor\/"},"author":{"name":"Antalya K\u00f6rfez","@id":"https:\/\/denizcankizil.tr\/#\/schema\/person\/e1eb71bb4dd684d46563f0af307e1234"},"headline":"Antalya\u2019da \u0130mamo\u011flu i\u00e7in imza kampanyas\u0131 s\u00fcr\u00fcyor!","datePublished":"2025-04-30T07:42:08+00:00","mainEntityOfPage":{"@id":"https:\/\/denizcankizil.tr\/de\/haberler\/gundem\/antalyada-imamoglu-icin-imza-kampanyasi-suruyor\/"},"wordCount":506,"publisher":{"@id":"https:\/\/denizcankizil.tr\/#organization"},"articleSection":["G\u00fcndem"],"inLanguage":"de"},{"@type":"WebPage","@id":"https:\/\/denizcankizil.tr\/de\/haberler\/gundem\/antalyada-imamoglu-icin-imza-kampanyasi-suruyor\/","url":"https:\/\/denizcankizil.tr\/de\/haberler\/gundem\/antalyada-imamoglu-icin-imza-kampanyasi-suruyor\/","name":"Antalya\u2019da \u0130mamo\u011flu i\u00e7in imza kampanyas\u0131 s\u00fcr\u00fcyor! - Av. Deniz Can K\u0131z\u0131l","isPartOf":{"@id":"https:\/\/denizcankizil.tr\/#website"},"datePublished":"2025-04-30T07:42:08+00:00","breadcrumb":{"@id":"https:\/\/denizcankizil.tr\/de\/haberler\/gundem\/antalyada-imamoglu-icin-imza-kampanyasi-suruyor\/#breadcrumb"},"inLanguage":"de","potentialAction":[{"@type":"ReadAction","target":["https:\/\/denizcankizil.tr\/de\/haberler\/gundem\/antalyada-imamoglu-icin-imza-kampanyasi-suruyor\/"]}]},{"@type":"BreadcrumbList","@id":"https:\/\/denizcankizil.tr\/de\/haberler\/gundem\/antalyada-imamoglu-icin-imza-kampanyasi-suruyor\/#breadcrumb","itemListElement":[{"@type":"ListItem","position":1,"name":"Home","item":"https:\/\/denizcankizil.tr\/de\/"},{"@type":"ListItem","position":2,"name":"Antalya\u2019da \u0130mamo\u011flu i\u00e7in imza kampanyas\u0131 s\u00fcr\u00fcyor!"}]},{"@type":"WebSite","@id":"https:\/\/denizcankizil.tr\/#website","url":"https:\/\/denizcankizil.tr\/","name":"Av. Deniz Can K\u0131z\u0131l","description":"Avukat Deniz Can K\u0131z\u0131l Antalya Barosu","publisher":{"@id":"https:\/\/denizcankizil.tr\/#organization"},"potentialAction":[{"@type":"SearchAction","target":{"@type":"EntryPoint","urlTemplate":"https:\/\/denizcankizil.tr\/?s={search_term_string}"},"query-input":{"@type":"PropertyValueSpecification","valueRequired":true,"valueName":"search_term_string"}}],"inLanguage":"de"},{"@type":"Organization","@id":"https:\/\/denizcankizil.tr\/#organization","name":"Av. Deniz Can K\u0131z\u0131l","url":"https:\/\/denizcankizil.tr\/","logo":{"@type":"ImageObject","inLanguage":"de","@id":"https:\/\/denizcankizil.tr\/#\/schema\/logo\/image\/","url":"https:\/\/denizcankizil.tr\/wp-content\/uploads\/2024\/10\/siyah-logo-svg.svg","contentUrl":"https:\/\/denizcankizil.tr\/wp-content\/uploads\/2024\/10\/siyah-logo-svg.svg","width":1080,"height":1080,"caption":"Av. Deniz Can K\u0131z\u0131l"},"image":{"@id":"https:\/\/denizcankizil.tr\/#\/schema\/logo\/image\/"}},{"@type":"Person","@id":"https:\/\/denizcankizil.tr\/#\/schema\/person\/e1eb71bb4dd684d46563f0af307e1234","name":"Antalya K\u00f6rfez","image":{"@type":"ImageObject","inLanguage":"de","@id":"https:\/\/denizcankizil.tr\/#\/schema\/person\/image\/","url":"https:\/\/secure.gravatar.com\/avatar\/42b01982558a48a0b501fdcab6a408d3717ea5919095ee2e67b0e521799c5905?s=96&d=mm&r=g","contentUrl":"https:\/\/secure.gravatar.com\/avatar\/42b01982558a48a0b501fdcab6a408d3717ea5919095ee2e67b0e521799c5905?s=96&d=mm&r=g","caption":"Antalya K\u00f6rfez"},"sameAs":["http:\/\/www.antalyakorfez.com"],"url":"https:\/\/www.antalyakorfez.com\/antalyada-imamoglu-icin-imza-kampanyasi-suruyor"}]}},"_links":{"self":[{"href":"https:\/\/denizcankizil.tr\/de\/wp-json\/wp\/v2\/posts\/71249","targetHints":{"allow":["GET"]}}],"collection":[{"href":"https:\/\/denizcankizil.tr\/de\/wp-json\/wp\/v2\/posts"}],"about":[{"href":"https:\/\/denizcankizil.tr\/de\/wp-json\/wp\/v2\/types\/post"}],"author":[{"embeddable":true,"href":"https:\/\/denizcankizil.tr\/de\/wp-json\/wp\/v2\/users\/5"}],"replies":[{"embeddable":true,"href":"https:\/\/denizcankizil.tr\/de\/wp-json\/wp\/v2\/comments?post=71249"}],"version-history":[{"count":0,"href":"https:\/\/denizcankizil.tr\/de\/wp-json\/wp\/v2\/posts\/71249\/revisions"}],"wp:attachment":[{"href":"https:\/\/denizcankizil.tr\/de\/wp-json\/wp\/v2\/media?parent=71249"}],"wp:term":[{"taxonomy":"category","embeddable":true,"href":"https:\/\/denizcankizil.tr\/de\/wp-json\/wp\/v2\/categories?post=71249"},{"taxonomy":"post_tag","embeddable":true,"href":"https:\/\/denizcankizil.tr\/de\/wp-json\/wp\/v2\/tags?post=71249"}],"curies":[{"name":"wp","href":"https:\/\/api.w.org\/{rel}","templated":true}]}}