{"id":70077,"date":"2025-04-29T09:41:19","date_gmt":"2025-04-29T06:41:19","guid":{"rendered":"https:\/\/denizcankizil.tr\/uncategorized-tr\/kazada-bisiklet-surucusu-hayatini-kaybetti\/"},"modified":"2025-04-29T09:41:19","modified_gmt":"2025-04-29T06:41:19","slug":"kazada-bisiklet-surucusu-hayatini-kaybetti","status":"publish","type":"post","link":"https:\/\/denizcankizil.tr\/de\/haberler\/antalya\/kazada-bisiklet-surucusu-hayatini-kaybetti\/","title":{"rendered":"Kazada bisiklet s\u00fcr\u00fcc\u00fcs\u00fc hayat\u0131n\u0131 kaybetti"},"content":{"rendered":"<p>Kaza, D-400 karayolunda meydana geldi. Edinilen bilgilere g\u00f6re, Samet K. (37) idaresindeki 33 DDB 46 plakal\u0131 ara\u00e7, Antalya istikametinden Manavgat y\u00f6n\u00fcne seyir halindeyken G\u00fcndo\u011fdu Turizm yolunda bisikletiyle seyir halinde olan Saim Tatl\u0131c\u0131lar\u2019a (87) \u00e7arpt\u0131. \u00c7arpman\u0131n etkisiyle yaralanan Tatl\u0131c\u0131lar, ihbar \u00fczerine olay yerine sevk edilen sa\u011fl\u0131k ekiplerince Side Anadolu Hastanesi\u2019ne kald\u0131r\u0131ld\u0131. Tatl\u0131c\u0131lar, hastanede yap\u0131lan t\u00fcm m\u00fcdahalelere ra\u011fmen hayat\u0131n\u0131 kaybetti. Manavgat Cumhuriyet Savc\u0131l\u0131\u011f\u0131n\u0131n talimat\u0131 do\u011frultusunda s\u00fcr\u00fcc\u00fc Samet K. g\u00f6zalt\u0131na al\u0131nd\u0131.<\/p>\n<p>Kaynak: www.kanalv.com.tr Haber Sitesinden Al\u0131nm\u0131\u015ft\u0131r.<\/p>","protected":false},"excerpt":{"rendered":"<p>Kaza, D-400 karayolunda meydana geldi. Edinilen bilgilere g\u00f6re, Samet K. (37) idaresindeki 33 DDB 46 plakal\u0131 ara\u00e7, Antalya istikametinden Manavgat y\u00f6n\u00fcne seyir halindeyken G\u00fcndo\u011fdu Turizm yolunda bisikletiyle seyir halinde olan Saim Tatl\u0131c\u0131lar\u2019a (87) \u00e7arpt\u0131. \u00c7arpman\u0131n etkisiyle yaralanan Tatl\u0131c\u0131lar, ihbar \u00fczerine olay yerine sevk edilen sa\u011fl\u0131k ekiplerince Side Anadolu Hastanesi\u2019ne kald\u0131r\u0131ld\u0131. Tatl\u0131c\u0131lar, hastanede yap\u0131lan t\u00fcm m\u00fcdahalelere ra\u011fmen hayat\u0131n\u0131 kaybetti. Manavgat Cumhuriyet Savc\u0131l\u0131\u011f\u0131n\u0131n talimat\u0131 do\u011frultusunda s\u00fcr\u00fcc\u00fc Samet K. g\u00f6zalt\u0131na al\u0131nd\u0131. Kaynak: www.kanalv.com.tr Haber Sitesinden Al\u0131nm\u0131\u015ft\u0131r.<\/p>","protected":false},"author":4,"featured_media":70078,"comment_status":"","ping_status":"open","sticky":false,"template":"","format":"standard","meta":{"_acf_changed":false,"footnotes":""},"categories":[26],"tags":[],"class_list":["post-70077","post","type-post","status-publish","format-standard","has-post-thumbnail","hentry","category-antalya"],"acf":[],"yoast_head":"<!-- This site is optimized with the Yoast SEO Premium plugin v26.6 (Yoast SEO v27.1.1) - https:\/\/yoast.com\/product\/yoast-seo-premium-wordpress\/ -->\n<title>Kazada bisiklet s\u00fcr\u00fcc\u00fcs\u00fc hayat\u0131n\u0131 kaybetti - Av. Deniz Can K\u0131z\u0131l<\/title>\n<meta name=\"robots\" content=\"index, follow, max-snippet:-1, max-image-preview:large, max-video-preview:-1\" \/>\n<link rel=\"canonical\" href=\"https:\/\/denizcankizil.tr\/de\/haberler\/antalya\/kazada-bisiklet-surucusu-hayatini-kaybetti\/\" \/>\n<meta property=\"og:locale\" content=\"de_DE\" \/>\n<meta property=\"og:type\" content=\"article\" \/>\n<meta property=\"og:title\" content=\"Kazada bisiklet s\u00fcr\u00fcc\u00fcs\u00fc hayat\u0131n\u0131 kaybetti\" \/>\n<meta property=\"og:description\" content=\"Kaza, D-400 karayolunda meydana geldi. Edinilen bilgilere g\u00f6re, Samet K. (37) idaresindeki 33 DDB 46 plakal\u0131 ara\u00e7, Antalya istikametinden Manavgat y\u00f6n\u00fcne seyir halindeyken G\u00fcndo\u011fdu Turizm yolunda bisikletiyle seyir halinde olan Saim Tatl\u0131c\u0131lar\u2019a (87) \u00e7arpt\u0131. \u00c7arpman\u0131n etkisiyle yaralanan Tatl\u0131c\u0131lar, ihbar \u00fczerine olay yerine sevk edilen sa\u011fl\u0131k ekiplerince Side Anadolu Hastanesi\u2019ne kald\u0131r\u0131ld\u0131. Tatl\u0131c\u0131lar, hastanede yap\u0131lan t\u00fcm m\u00fcdahalelere ra\u011fmen hayat\u0131n\u0131 kaybetti. Manavgat Cumhuriyet Savc\u0131l\u0131\u011f\u0131n\u0131n talimat\u0131 do\u011frultusunda s\u00fcr\u00fcc\u00fc Samet K. g\u00f6zalt\u0131na al\u0131nd\u0131. Kaynak: www.kanalv.com.tr Haber Sitesinden Al\u0131nm\u0131\u015ft\u0131r.\" \/>\n<meta property=\"og:url\" content=\"https:\/\/denizcankizil.tr\/de\/haberler\/antalya\/kazada-bisiklet-surucusu-hayatini-kaybetti\/\" \/>\n<meta property=\"og:site_name\" content=\"Av. Deniz Can K\u0131z\u0131l\" \/>\n<meta property=\"article:published_time\" content=\"2025-04-29T06:41:19+00:00\" \/>\n<meta property=\"og:image\" content=\"https:\/\/denizcankizil.tr\/wp-content\/uploads\/2025\/04\/6046-01-clgvbx.jpg\" \/>\n\t<meta property=\"og:image:width\" content=\"1280\" \/>\n\t<meta property=\"og:image:height\" content=\"720\" \/>\n\t<meta property=\"og:image:type\" content=\"image\/jpeg\" \/>\n<meta name=\"author\" content=\"Av. Deniz Can K\u0131z\u0131l\" \/>\n<meta name=\"twitter:card\" content=\"summary_large_image\" \/>\n<meta name=\"twitter:label1\" content=\"Verfasst von\" \/>\n\t<meta name=\"twitter:data1\" content=\"Av. Deniz Can K\u0131z\u0131l\" \/>\n\t<meta name=\"twitter:label2\" content=\"Gesch\u00e4tzte Lesezeit\" \/>\n\t<meta name=\"twitter:data2\" content=\"1\u00a0Minute\" \/>\n<script type=\"application\/ld+json\" class=\"yoast-schema-graph\">{\"@context\":\"https:\/\/schema.org\",\"@graph\":[{\"@type\":\"Article\",\"@id\":\"https:\/\/denizcankizil.tr\/de\/haberler\/antalya\/kazada-bisiklet-surucusu-hayatini-kaybetti\/#article\",\"isPartOf\":{\"@id\":\"https:\/\/denizcankizil.tr\/de\/haberler\/antalya\/kazada-bisiklet-surucusu-hayatini-kaybetti\/\"},\"author\":{\"name\":\"Av. Deniz Can K\u0131z\u0131l\",\"@id\":\"https:\/\/denizcankizil.tr\/#\/schema\/person\/5dc1b22991bd7ac833867c10afc9b0ff\"},\"headline\":\"Kazada bisiklet s\u00fcr\u00fcc\u00fcs\u00fc hayat\u0131n\u0131 kaybetti\",\"datePublished\":\"2025-04-29T06:41:19+00:00\",\"mainEntityOfPage\":{\"@id\":\"https:\/\/denizcankizil.tr\/de\/haberler\/antalya\/kazada-bisiklet-surucusu-hayatini-kaybetti\/\"},\"wordCount\":116,\"publisher\":{\"@id\":\"https:\/\/denizcankizil.tr\/#organization\"},\"image\":{\"@id\":\"https:\/\/denizcankizil.tr\/de\/haberler\/antalya\/kazada-bisiklet-surucusu-hayatini-kaybetti\/#primaryimage\"},\"thumbnailUrl\":\"https:\/\/denizcankizil.tr\/wp-content\/uploads\/2025\/04\/6046-01-clgvbx.jpg\",\"articleSection\":[\"Antalya\"],\"inLanguage\":\"de\"},{\"@type\":\"WebPage\",\"@id\":\"https:\/\/denizcankizil.tr\/de\/haberler\/antalya\/kazada-bisiklet-surucusu-hayatini-kaybetti\/\",\"url\":\"https:\/\/denizcankizil.tr\/de\/haberler\/antalya\/kazada-bisiklet-surucusu-hayatini-kaybetti\/\",\"name\":\"Kazada bisiklet s\u00fcr\u00fcc\u00fcs\u00fc hayat\u0131n\u0131 kaybetti - Av. Deniz Can K\u0131z\u0131l\",\"isPartOf\":{\"@id\":\"https:\/\/denizcankizil.tr\/#website\"},\"primaryImageOfPage\":{\"@id\":\"https:\/\/denizcankizil.tr\/de\/haberler\/antalya\/kazada-bisiklet-surucusu-hayatini-kaybetti\/#primaryimage\"},\"image\":{\"@id\":\"https:\/\/denizcankizil.tr\/de\/haberler\/antalya\/kazada-bisiklet-surucusu-hayatini-kaybetti\/#primaryimage\"},\"thumbnailUrl\":\"https:\/\/denizcankizil.tr\/wp-content\/uploads\/2025\/04\/6046-01-clgvbx.jpg\",\"datePublished\":\"2025-04-29T06:41:19+00:00\",\"breadcrumb\":{\"@id\":\"https:\/\/denizcankizil.tr\/de\/haberler\/antalya\/kazada-bisiklet-surucusu-hayatini-kaybetti\/#breadcrumb\"},\"inLanguage\":\"de\",\"potentialAction\":[{\"@type\":\"ReadAction\",\"target\":[\"https:\/\/denizcankizil.tr\/de\/haberler\/antalya\/kazada-bisiklet-surucusu-hayatini-kaybetti\/\"]}]},{\"@type\":\"ImageObject\",\"inLanguage\":\"de\",\"@id\":\"https:\/\/denizcankizil.tr\/de\/haberler\/antalya\/kazada-bisiklet-surucusu-hayatini-kaybetti\/#primaryimage\",\"url\":\"https:\/\/denizcankizil.tr\/wp-content\/uploads\/2025\/04\/6046-01-clgvbx.jpg\",\"contentUrl\":\"https:\/\/denizcankizil.tr\/wp-content\/uploads\/2025\/04\/6046-01-clgvbx.jpg\",\"width\":1280,\"height\":720},{\"@type\":\"BreadcrumbList\",\"@id\":\"https:\/\/denizcankizil.tr\/de\/haberler\/antalya\/kazada-bisiklet-surucusu-hayatini-kaybetti\/#breadcrumb\",\"itemListElement\":[{\"@type\":\"ListItem\",\"position\":1,\"name\":\"Home\",\"item\":\"https:\/\/denizcankizil.tr\/uk\/\"},{\"@type\":\"ListItem\",\"position\":2,\"name\":\"Kazada bisiklet s\u00fcr\u00fcc\u00fcs\u00fc hayat\u0131n\u0131 kaybetti\"}]},{\"@type\":\"WebSite\",\"@id\":\"https:\/\/denizcankizil.tr\/#website\",\"url\":\"https:\/\/denizcankizil.tr\/\",\"name\":\"Av. Deniz Can K\u0131z\u0131l\",\"description\":\"Avukat Deniz Can K\u0131z\u0131l Antalya Barosu\",\"publisher\":{\"@id\":\"https:\/\/denizcankizil.tr\/#organization\"},\"potentialAction\":[{\"@type\":\"SearchAction\",\"target\":{\"@type\":\"EntryPoint\",\"urlTemplate\":\"https:\/\/denizcankizil.tr\/?s={search_term_string}\"},\"query-input\":{\"@type\":\"PropertyValueSpecification\",\"valueRequired\":true,\"valueName\":\"search_term_string\"}}],\"inLanguage\":\"de\"},{\"@type\":\"Organization\",\"@id\":\"https:\/\/denizcankizil.tr\/#organization\",\"name\":\"Av. Deniz Can K\u0131z\u0131l\",\"url\":\"https:\/\/denizcankizil.tr\/\",\"logo\":{\"@type\":\"ImageObject\",\"inLanguage\":\"de\",\"@id\":\"https:\/\/denizcankizil.tr\/#\/schema\/logo\/image\/\",\"url\":\"https:\/\/denizcankizil.tr\/wp-content\/uploads\/2024\/10\/siyah-logo-svg.svg\",\"contentUrl\":\"https:\/\/denizcankizil.tr\/wp-content\/uploads\/2024\/10\/siyah-logo-svg.svg\",\"width\":1080,\"height\":1080,\"caption\":\"Av. Deniz Can K\u0131z\u0131l\"},\"image\":{\"@id\":\"https:\/\/denizcankizil.tr\/#\/schema\/logo\/image\/\"}},{\"@type\":\"Person\",\"@id\":\"https:\/\/denizcankizil.tr\/#\/schema\/person\/5dc1b22991bd7ac833867c10afc9b0ff\",\"name\":\"Av. Deniz Can K\u0131z\u0131l\",\"image\":{\"@type\":\"ImageObject\",\"inLanguage\":\"de\",\"@id\":\"https:\/\/denizcankizil.tr\/#\/schema\/person\/image\/\",\"url\":\"https:\/\/secure.gravatar.com\/avatar\/a0b128fb9855c79efc976d5640eedb31dc35ec297594d6016d2cf7c60e975bb6?s=96&d=mm&r=g\",\"contentUrl\":\"https:\/\/secure.gravatar.com\/avatar\/a0b128fb9855c79efc976d5640eedb31dc35ec297594d6016d2cf7c60e975bb6?s=96&d=mm&r=g\",\"caption\":\"Av. Deniz Can K\u0131z\u0131l\"},\"sameAs\":[\"http:\/\/www.denizcankizil.tr\"],\"url\":\"https:\/\/denizcankizil.tr\/de\/author\/denizcankizil\/\"}]}<\/script>\n<!-- \/ Yoast SEO Premium plugin. -->","yoast_head_json":{"title":"Kazada bisiklet s\u00fcr\u00fcc\u00fcs\u00fc hayat\u0131n\u0131 kaybetti - Av. Deniz Can K\u0131z\u0131l","robots":{"index":"index","follow":"follow","max-snippet":"max-snippet:-1","max-image-preview":"max-image-preview:large","max-video-preview":"max-video-preview:-1"},"canonical":"https:\/\/denizcankizil.tr\/de\/haberler\/antalya\/kazada-bisiklet-surucusu-hayatini-kaybetti\/","og_locale":"de_DE","og_type":"article","og_title":"Kazada bisiklet s\u00fcr\u00fcc\u00fcs\u00fc hayat\u0131n\u0131 kaybetti","og_description":"Kaza, D-400 karayolunda meydana geldi. Edinilen bilgilere g\u00f6re, Samet K. (37) idaresindeki 33 DDB 46 plakal\u0131 ara\u00e7, Antalya istikametinden Manavgat y\u00f6n\u00fcne seyir halindeyken G\u00fcndo\u011fdu Turizm yolunda bisikletiyle seyir halinde olan Saim Tatl\u0131c\u0131lar\u2019a (87) \u00e7arpt\u0131. \u00c7arpman\u0131n etkisiyle yaralanan Tatl\u0131c\u0131lar, ihbar \u00fczerine olay yerine sevk edilen sa\u011fl\u0131k ekiplerince Side Anadolu Hastanesi\u2019ne kald\u0131r\u0131ld\u0131. Tatl\u0131c\u0131lar, hastanede yap\u0131lan t\u00fcm m\u00fcdahalelere ra\u011fmen hayat\u0131n\u0131 kaybetti. Manavgat Cumhuriyet Savc\u0131l\u0131\u011f\u0131n\u0131n talimat\u0131 do\u011frultusunda s\u00fcr\u00fcc\u00fc Samet K. g\u00f6zalt\u0131na al\u0131nd\u0131. Kaynak: www.kanalv.com.tr Haber Sitesinden Al\u0131nm\u0131\u015ft\u0131r.","og_url":"https:\/\/denizcankizil.tr\/de\/haberler\/antalya\/kazada-bisiklet-surucusu-hayatini-kaybetti\/","og_site_name":"Av. Deniz Can K\u0131z\u0131l","article_published_time":"2025-04-29T06:41:19+00:00","og_image":[{"width":1280,"height":720,"url":"https:\/\/denizcankizil.tr\/wp-content\/uploads\/2025\/04\/6046-01-clgvbx.jpg","type":"image\/jpeg"}],"author":"Av. Deniz Can K\u0131z\u0131l","twitter_card":"summary_large_image","twitter_misc":{"Verfasst von":"Av. Deniz Can K\u0131z\u0131l","Gesch\u00e4tzte Lesezeit":"1\u00a0Minute"},"schema":{"@context":"https:\/\/schema.org","@graph":[{"@type":"Article","@id":"https:\/\/denizcankizil.tr\/de\/haberler\/antalya\/kazada-bisiklet-surucusu-hayatini-kaybetti\/#article","isPartOf":{"@id":"https:\/\/denizcankizil.tr\/de\/haberler\/antalya\/kazada-bisiklet-surucusu-hayatini-kaybetti\/"},"author":{"name":"Av. Deniz Can K\u0131z\u0131l","@id":"https:\/\/denizcankizil.tr\/#\/schema\/person\/5dc1b22991bd7ac833867c10afc9b0ff"},"headline":"Kazada bisiklet s\u00fcr\u00fcc\u00fcs\u00fc hayat\u0131n\u0131 kaybetti","datePublished":"2025-04-29T06:41:19+00:00","mainEntityOfPage":{"@id":"https:\/\/denizcankizil.tr\/de\/haberler\/antalya\/kazada-bisiklet-surucusu-hayatini-kaybetti\/"},"wordCount":116,"publisher":{"@id":"https:\/\/denizcankizil.tr\/#organization"},"image":{"@id":"https:\/\/denizcankizil.tr\/de\/haberler\/antalya\/kazada-bisiklet-surucusu-hayatini-kaybetti\/#primaryimage"},"thumbnailUrl":"https:\/\/denizcankizil.tr\/wp-content\/uploads\/2025\/04\/6046-01-clgvbx.jpg","articleSection":["Antalya"],"inLanguage":"de"},{"@type":"WebPage","@id":"https:\/\/denizcankizil.tr\/de\/haberler\/antalya\/kazada-bisiklet-surucusu-hayatini-kaybetti\/","url":"https:\/\/denizcankizil.tr\/de\/haberler\/antalya\/kazada-bisiklet-surucusu-hayatini-kaybetti\/","name":"Kazada bisiklet s\u00fcr\u00fcc\u00fcs\u00fc hayat\u0131n\u0131 kaybetti - Av. Deniz Can K\u0131z\u0131l","isPartOf":{"@id":"https:\/\/denizcankizil.tr\/#website"},"primaryImageOfPage":{"@id":"https:\/\/denizcankizil.tr\/de\/haberler\/antalya\/kazada-bisiklet-surucusu-hayatini-kaybetti\/#primaryimage"},"image":{"@id":"https:\/\/denizcankizil.tr\/de\/haberler\/antalya\/kazada-bisiklet-surucusu-hayatini-kaybetti\/#primaryimage"},"thumbnailUrl":"https:\/\/denizcankizil.tr\/wp-content\/uploads\/2025\/04\/6046-01-clgvbx.jpg","datePublished":"2025-04-29T06:41:19+00:00","breadcrumb":{"@id":"https:\/\/denizcankizil.tr\/de\/haberler\/antalya\/kazada-bisiklet-surucusu-hayatini-kaybetti\/#breadcrumb"},"inLanguage":"de","potentialAction":[{"@type":"ReadAction","target":["https:\/\/denizcankizil.tr\/de\/haberler\/antalya\/kazada-bisiklet-surucusu-hayatini-kaybetti\/"]}]},{"@type":"ImageObject","inLanguage":"de","@id":"https:\/\/denizcankizil.tr\/de\/haberler\/antalya\/kazada-bisiklet-surucusu-hayatini-kaybetti\/#primaryimage","url":"https:\/\/denizcankizil.tr\/wp-content\/uploads\/2025\/04\/6046-01-clgvbx.jpg","contentUrl":"https:\/\/denizcankizil.tr\/wp-content\/uploads\/2025\/04\/6046-01-clgvbx.jpg","width":1280,"height":720},{"@type":"BreadcrumbList","@id":"https:\/\/denizcankizil.tr\/de\/haberler\/antalya\/kazada-bisiklet-surucusu-hayatini-kaybetti\/#breadcrumb","itemListElement":[{"@type":"ListItem","position":1,"name":"Home","item":"https:\/\/denizcankizil.tr\/uk\/"},{"@type":"ListItem","position":2,"name":"Kazada bisiklet s\u00fcr\u00fcc\u00fcs\u00fc hayat\u0131n\u0131 kaybetti"}]},{"@type":"WebSite","@id":"https:\/\/denizcankizil.tr\/#website","url":"https:\/\/denizcankizil.tr\/","name":"Av. Deniz Can K\u0131z\u0131l","description":"Avukat Deniz Can K\u0131z\u0131l Antalya Barosu","publisher":{"@id":"https:\/\/denizcankizil.tr\/#organization"},"potentialAction":[{"@type":"SearchAction","target":{"@type":"EntryPoint","urlTemplate":"https:\/\/denizcankizil.tr\/?s={search_term_string}"},"query-input":{"@type":"PropertyValueSpecification","valueRequired":true,"valueName":"search_term_string"}}],"inLanguage":"de"},{"@type":"Organization","@id":"https:\/\/denizcankizil.tr\/#organization","name":"Av. Deniz Can K\u0131z\u0131l","url":"https:\/\/denizcankizil.tr\/","logo":{"@type":"ImageObject","inLanguage":"de","@id":"https:\/\/denizcankizil.tr\/#\/schema\/logo\/image\/","url":"https:\/\/denizcankizil.tr\/wp-content\/uploads\/2024\/10\/siyah-logo-svg.svg","contentUrl":"https:\/\/denizcankizil.tr\/wp-content\/uploads\/2024\/10\/siyah-logo-svg.svg","width":1080,"height":1080,"caption":"Av. Deniz Can K\u0131z\u0131l"},"image":{"@id":"https:\/\/denizcankizil.tr\/#\/schema\/logo\/image\/"}},{"@type":"Person","@id":"https:\/\/denizcankizil.tr\/#\/schema\/person\/5dc1b22991bd7ac833867c10afc9b0ff","name":"Av. Deniz Can K\u0131z\u0131l","image":{"@type":"ImageObject","inLanguage":"de","@id":"https:\/\/denizcankizil.tr\/#\/schema\/person\/image\/","url":"https:\/\/secure.gravatar.com\/avatar\/a0b128fb9855c79efc976d5640eedb31dc35ec297594d6016d2cf7c60e975bb6?s=96&d=mm&r=g","contentUrl":"https:\/\/secure.gravatar.com\/avatar\/a0b128fb9855c79efc976d5640eedb31dc35ec297594d6016d2cf7c60e975bb6?s=96&d=mm&r=g","caption":"Av. Deniz Can K\u0131z\u0131l"},"sameAs":["http:\/\/www.denizcankizil.tr"],"url":"https:\/\/denizcankizil.tr\/de\/author\/denizcankizil\/"}]}},"_links":{"self":[{"href":"https:\/\/denizcankizil.tr\/de\/wp-json\/wp\/v2\/posts\/70077","targetHints":{"allow":["GET"]}}],"collection":[{"href":"https:\/\/denizcankizil.tr\/de\/wp-json\/wp\/v2\/posts"}],"about":[{"href":"https:\/\/denizcankizil.tr\/de\/wp-json\/wp\/v2\/types\/post"}],"author":[{"embeddable":true,"href":"https:\/\/denizcankizil.tr\/de\/wp-json\/wp\/v2\/users\/4"}],"replies":[{"embeddable":true,"href":"https:\/\/denizcankizil.tr\/de\/wp-json\/wp\/v2\/comments?post=70077"}],"version-history":[{"count":0,"href":"https:\/\/denizcankizil.tr\/de\/wp-json\/wp\/v2\/posts\/70077\/revisions"}],"wp:featuredmedia":[{"embeddable":true,"href":"https:\/\/denizcankizil.tr\/de\/wp-json\/wp\/v2\/media\/70078"}],"wp:attachment":[{"href":"https:\/\/denizcankizil.tr\/de\/wp-json\/wp\/v2\/media?parent=70077"}],"wp:term":[{"taxonomy":"category","embeddable":true,"href":"https:\/\/denizcankizil.tr\/de\/wp-json\/wp\/v2\/categories?post=70077"},{"taxonomy":"post_tag","embeddable":true,"href":"https:\/\/denizcankizil.tr\/de\/wp-json\/wp\/v2\/tags?post=70077"}],"curies":[{"name":"wp","href":"https:\/\/api.w.org\/{rel}","templated":true}]}}