{"id":69502,"date":"2025-04-28T20:41:22","date_gmt":"2025-04-28T17:41:22","guid":{"rendered":"https:\/\/denizcankizil.tr\/uncategorized-tr\/kaleicinde-mevzuat-kapi-yonetim-duvar\/"},"modified":"2025-04-28T20:41:22","modified_gmt":"2025-04-28T17:41:22","slug":"kaleicinde-mevzuat-kapi-yonetim-duvar","status":"publish","type":"post","link":"https:\/\/denizcankizil.tr\/de\/haberler\/gundem\/kaleicinde-mevzuat-kapi-yonetim-duvar\/","title":{"rendered":"Kalei\u00e7i\u2019nde mevzuat kap\u0131, y\u00f6netim duvar!"},"content":{"rendered":"<p>Son 20 y\u0131lda bakkaldan tuhafiyeciye, k\u00fc\u00e7\u00fck esnaf\u0131n AVM\u2019ler kar\u015f\u0131s\u0131nda ya\u015fad\u0131\u011f\u0131 trajik yok olu\u015f, Antalya\u2019daki 5 y\u0131ld\u0131zl\u0131 oteller kar\u015f\u0131s\u0131nda direnen k\u00fc\u00e7\u00fck otellerin de kaderi olmak \u00fczere. Ya\u015fanan mevzuat krizi ve bitmeyen sorunlardan yoruldu\u011fu i\u00e7in sekt\u00f6r\u00fc terk etmeye haz\u0131rlanan i\u015fletmeciler, \u201cBiz pinpon topu gibi olduk, kim ne y\u00f6ne vurursa oraya do\u011fru savruluyoruz\u201d diyerek gelinen noktay\u0131 \u00f6zetliyor.<\/p>\n<p>KAPI, KALE\u0130\u00c7\u0130\u2019NDEK\u0130 KR\u0130Z\u0130N G\u00d6R\u00dcNEN Y\u00dcZ\u00dc<\/p>\n<p>Antalya\u2019n\u0131n tarihi kent merkezi olan Kalei\u00e7i\u2019nin binlerce y\u0131ll\u0131k bir ge\u00e7mi\u015fi var. \u00c7ok katmanl\u0131 bir tarihi dokuya sahip bu Akdeniz kenti, bir\u00e7ok seyyah\u0131n da ilgi oda\u011f\u0131 olmu\u015f. Bug\u00fcn tarihi liman\u0131n\u0131n \u00e7evresinde yer alan Kalei\u00e7i b\u00f6lgesi, d\u00fcnyadaki benzer \u00f6rnekleri gibi turistik bir cazibe merkezi. Ancak son y\u0131llarda trafikten \u00e7evre temizli\u011fine, i\u015fgallerden tuvalet sorununa bir\u00e7ok konuda y\u00f6netim zafiyeti oldu\u011fu g\u00fcndeme gelen Kalei\u00e7i\u2019nde sezon \u00f6ncesinde ba\u015flayan \u2018kap\u0131\u2019 krizi, giderek y\u00f6netim krizine d\u00f6n\u00fc\u015fmeye ba\u015flad\u0131.<\/p>\n<p>ANTALYA\u2019DA 191 TES\u0130S\u0130N YANGIN G\u00dcVENL\u0130\u011e\u0130 YETERS\u0130Z \u00c7IKTI<\/p>\n<p>Bolu\u2019daki otel yang\u0131n\u0131n\u0131n ard\u0131ndan K\u00fclt\u00fcr ve Turizm Bakanl\u0131\u011f\u0131 ile Bolu Belediyesi aras\u0131nda ya\u015fayan sorumluluk tart\u0131\u015fmas\u0131, \u00fclkedeki di\u011fer otellerin yang\u0131n riskine kar\u015f\u0131 haz\u0131r olup olmad\u0131\u011f\u0131n\u0131 g\u00fcndeme getirdi. Turizmin ba\u015fkenti olarak tan\u0131t\u0131lan Antalya, bu kapsamda en \u00e7ok tart\u0131\u015fman\u0131n ya\u015fand\u0131\u011f\u0131 illerin ba\u015f\u0131nda geliyor. Antalya\u2019da \u00f6zellikle kent merkezinde, \u00e7o\u011funlu\u011fu da Kalei\u00e7i\u2019nde olmak \u00fczere onlarca konaklama i\u015fletmesinin yang\u0131nla ilgili y\u00f6netmelik \u00e7er\u00e7evesinde yap\u0131lan denetimlere tak\u0131ld\u0131\u011f\u0131 belirtiliyor. Antalya\u2019da K\u00fclt\u00fcr ve Turizm Bakanl\u0131\u011f\u0131\u2019n\u0131n belediyelere bildirdi\u011fi 294 i\u015fletmede yap\u0131lan denetimlerde 191 tesisin yang\u0131n g\u00fcvenli\u011fi a\u00e7\u0131s\u0131ndan yetersiz oldu\u011fu a\u00e7\u0131kland\u0131.<\/p>\n<p>KENTSEL S\u0130T OLAN KALE\u0130\u00c7\u0130\u2019NDE YANGINA DAYANIKLI KAPI KR\u0130Z\u0130<\/p>\n<p>Antalya K\u00f6rfez Gazetesi Muhabiri Yusuf Yavuz&#8217;un haberine g\u00f6re, Antalya\u2019da yang\u0131n y\u00f6netmeli\u011fine tak\u0131lan tesislerdeki en b\u00fcy\u00fck sorunlardan biri yang\u0131na dayan\u0131kl\u0131 kap\u0131. \u00d6zelikle Kalei\u00e7i gibi tarihi dokuya sahip olan kentsel sit vasf\u0131ndaki b\u00f6lgede yer alan tescilli yap\u0131larda bu sorunu \u00e7\u00f6zmek i\u00e7in \u00f6ncelikle mevzuat\u0131 a\u015fmak gerekiyor. Sorunun d\u00fc\u011f\u00fcmlendi\u011fi yerlerden biri tam da buras\u0131. Binalar\u0131n Yang\u0131nlardan Korunmas\u0131 Hakk\u0131nda Y\u00f6netmelik, yeni bir d\u00fczenleme de\u011fil. Bakanlar Kurulu Karar\u0131 ile 2007 y\u0131l\u0131nda \u00e7\u0131kar\u0131ld\u0131. Y\u00f6netmeli\u011fe bak\u0131ld\u0131\u011f\u0131nda, tarihi kentsel doku \u00fczerinde konaklama ve yeme i\u00e7me faaliyetleri y\u00fcr\u00fct\u00fclen kentlerde uygulanmas\u0131 hi\u00e7 de kolay de\u011fil. \u00c7\u00fcnk\u00fc binalar\u0131 yang\u0131ndan korumay\u0131 ama\u00e7layan y\u00f6netmelik, yang\u0131na dayan\u0131kl\u0131 kap\u0131, pencere, yang\u0131n merdiveni vs. istiyor.<\/p>\n<p>KORUMA KURULU VE VAL\u0130L\u0130K B\u0130NASI YANGINA DAYANIKLI MI?<\/p>\n<p>Ancak k\u00fclt\u00fcr varl\u0131\u011f\u0131 olarak tescil edilen yap\u0131larda, asl\u0131na uygun malzeme kullan\u0131m\u0131 esas\u0131 var. Yang\u0131nla ilgili y\u00f6netmelik ise bu t\u00fcr i\u015fletmelerde odan\u0131n duvarlar\u0131n\u0131n ve kap\u0131s\u0131n\u0131n yang\u0131na en az 60 dakika dayan\u0131kl\u0131 ve duman s\u0131zd\u0131rmaz olmas\u0131 ko\u015fulunu getiriyor. Pencerelerin en az 30 dakika yang\u0131na dayan\u0131kl\u0131 olmas\u0131 ve a\u00e7\u0131l\u0131r kapan\u0131r k\u0131sm\u0131n\u0131n 70\/140 cm. boyutlar\u0131nda olmas\u0131 isteniyor. Toplam 171 maddeden olu\u015fan ve zamanla ek d\u00fczenlemeler getirilen y\u00f6netmelik, yang\u0131n gibi hassas bir konuda al\u0131nmas\u0131 gereken \u00f6nlem ve uygulamalar ile binalar\u0131n yang\u0131na haz\u0131r hale getirilmesi i\u00e7in ortaya konulan kurallar\u0131 i\u00e7eriyor. Bu y\u00f6netmelik, konaklama hizmeti veren yap\u0131lar\u0131n d\u0131\u015f\u0131ndaki tarihi binalarda da uyguland\u0131\u011f\u0131nda, ba\u015fta t\u00fcm bu restorasyon projelerini onaylayan kurum olan Antalya K\u00fclt\u00fcr Varl\u0131klar\u0131n\u0131 Koruma B\u00f6lge Kurulu\u2019nun Kalei\u00e7i\u2019ndeki binas\u0131 olmak \u00fczere Antalya Valili\u011fi\u2019nin kulland\u0131\u011f\u0131 tarihi okul binas\u0131, B\u00fcy\u00fck\u015fehir Belediyesi\u2019ne ba\u011fl\u0131 Behl\u00fcl Dal Sinema M\u00fczesi ve ba\u015fka bir\u00e7ok tescilli yap\u0131n\u0131n asl\u0131na uygun restore edilerek kullan\u0131lmas\u0131 neredeyse imkans\u0131z hale geliyor. T\u00fcm bu yap\u0131larda da kamusal hizmet verildi\u011fi d\u00fc\u015f\u00fcn\u00fcld\u00fc\u011f\u00fcnde, K\u00fclt\u00fcr ve Turizm Bakanl\u0131\u011f\u0131 ile \u0130\u00e7i\u015fleri Bakanl\u0131\u011f\u0131\u2019n\u0131n yerel y\u00f6netimlerle ortak bir \u00e7al\u0131\u015fma yaparak ilgili mevzuat\u0131 g\u00f6zden ge\u00e7irmesi zorunlu hale geliyor.<\/p>\n<p>BOLU YANGININDAN SONRA D\u00dc\u011eMEYE BASILDI<\/p>\n<p>Antalya Kalei\u00e7i\u2019nde Temmuz 2023\u2019te \u2018Alp Pa\u015fa\u2019 adl\u0131 3 katl\u0131 bir otelde \u00e7\u0131kan ve 2 turistin ya\u015fam\u0131n\u0131 yitirdi\u011fi yang\u0131n\u0131n ard\u0131ndan yerel y\u00f6netimlerin y\u00f6netmeli\u011fin gerekliliklerini uygulama konusunda daha hassas davrand\u0131klar\u0131 belirtiliyor. Daha \u00f6nce esnek olan uygulama, Kalei\u00e7i yang\u0131nlar\u0131n\u0131n g\u00fcndeme gelmesiyle s\u0131k\u0131la\u015ft\u0131r\u0131lmaya ba\u015flanm\u0131\u015f. Bolu Kartalkaya\u2019daki otel yang\u0131n\u0131 ve ard\u0131ndan da denetim ve yapt\u0131r\u0131mlar daha da s\u0131k\u0131la\u015ft\u0131r\u0131lm\u0131\u015f durumda. Antalya\u2019da tart\u0131\u015fmalar\u0131n oda\u011f\u0131ndaki Kalei\u00e7i b\u00f6lgesinde y\u0131llard\u0131r i\u015fletmecilik yapan bir butik otel sahibi, \u201cBu konuda birden d\u00fc\u011fmeye bas\u0131ld\u0131 ve daha \u00f6nce esnek olan y\u00f6netmelik h\u00fck\u00fcmleri s\u0131k\u0131 \u015fekilde uygulanmaya ba\u015flad\u0131\u201d diyor.<\/p>\n<p>&#8220;ANTALYA\u2019DAK\u0130 5 YILDIZLI OTELLER DE DENETLENECEK M\u0130?&#8221;<\/p>\n<p>Ad\u0131n\u0131n a\u00e7\u0131klanmas\u0131n\u0131 istemeyen i\u015fletme sahiplerine ya\u015fananlar hakk\u0131nda ne d\u00fc\u015f\u00fcnd\u00fcklerini sordu\u011fumuzda, asl\u0131nda kap\u0131 krizinin buzda\u011f\u0131n\u0131n g\u00f6r\u00fcnen y\u00fcz\u00fc oldu\u011fu, Kalei\u00e7i\u2019ndeki sorunun bu tarihi b\u00f6lgenin k\u00f6t\u00fc y\u00f6netiminden kaynakland\u0131\u011f\u0131 ortaya \u00e7\u0131k\u0131yor. Ku\u015faklard\u0131r Kalei\u00e7i\u2019nde ya\u015fayan bir ailenin \u00fcyesi oldu\u011funu s\u00f6yleyen i\u015fletmeci, durumu \u015f\u00f6yle \u00f6zetliyor: \u201cBaz\u0131 b\u00fcy\u00fck otellerin yang\u0131na dayan\u0131kl\u0131 kap\u0131lar\u0131n\u0131n olmad\u0131\u011f\u0131 biliniyor. Ancak yapt\u0131r\u0131mlar\u0131n \u00f6nce Kalei\u00e7i\u2019nde uygulanmas\u0131 dikkat \u00e7ekici. \u00d6nce \u015earampol b\u00f6lgesinden ba\u015flad\u0131, ard\u0131ndan Kalei\u00e7i\u2019nde geldiler, sonra Ka\u015f\u2019a gittiler. Sadece Antalya\u2019da de\u011fil, \u00c7anakkale, \u0130zmir Trabzon; t\u00fcm \u00fclkede e\u015f zamanl\u0131 ba\u015flat\u0131lan bir s\u00fcre\u00e7. Benim belgem var, kendi ad\u0131ma bir sorun yok. Bana denetime gelmediler hen\u00fcz. Neden? \u00c7\u00fcnk\u00fc bana gelirse 5 y\u0131ld\u0131zl\u0131 otellere de gitmek zorunda. Ancak 1 Haziran\u2019dan itibaren bizim gibi i\u015fletmelere de geleceklerini \u00f6\u011frendik. Ben merak ediyorum; 5 y\u0131ld\u0131zl\u0131 otellere de denetime gidecekler mi?\u201d<\/p>\n<p>TEK BA\u015eINA KALE\u0130\u00c7\u0130\u2019NDEN FAZLA KONUK A\u011eIRLAYAN OTELLER VAR<\/p>\n<p>Kalei\u00e7i\u2019nde butik konaklama hizmeti veren i\u015fletme sahibi, y\u00f6netmelik kapsam\u0131nda k\u00fc\u00e7\u00fck i\u015fletmelerin hedefe kondu\u011funu \u00f6ne s\u00fcrerek Kemer Beldibi\u2019ndeki \u00fcnl\u00fc bir 5 y\u0131ld\u0131zl\u0131 otelin kap\u0131lar\u0131n\u0131n yang\u0131na dayan\u0131kl\u0131 olmad\u0131\u011f\u0131n\u0131 \u00f6ne s\u00fcr\u00fcyor: \u201cKalei\u00e7i\u2019nde y\u00fcksek sezonda konaklama say\u0131s\u0131 yakla\u015f\u0131k 4 bin civar\u0131nda olur. Ancak bu 5 y\u0131ld\u0131zl\u0131 otel tek ba\u015f\u0131na 7 bin ki\u015fiye hizmet verebiliyor. Yani bu otelde bir yang\u0131n \u00e7\u0131ksa, Kalei\u00e7i\u2019ndeki t\u00fcm konaklaman\u0131n yakla\u015f\u0131k 2 kat\u0131 kadar insan\u0131 etkileyecek ancak bunlar konu\u015fulmuyor. Bunlar bas\u0131nda yer alm\u0131yor.\u201d<\/p>\n<p>PANDEM\u0130 TUR\u0130ZM\u0130 B\u0130REYSELLE\u015eT\u0130RD\u0130, K\u00dc\u00c7\u00dcK \u0130\u015eLETMELER \u00d6NE \u00c7IKTI<\/p>\n<p>Kalei\u00e7i\u2019nde turizm i\u015fletme belgesi ya da basit konaklama belgesi olan yakla\u015f\u0131k 180 civar\u0131nda i\u015fletme oldu\u011funu vurgulayan turizmci, kitle turizmi hizmeti veren 5 y\u0131ld\u0131zl\u0131 otellerin yaratt\u0131\u011f\u0131 tekelle\u015fmeye i\u015faret ederek \u015funlar\u0131 s\u00f6yl\u00fcyor: \u201cKalei\u00e7i\u2019nde \u00e7o\u011fu i\u015fletme 2 katl\u0131, 4-5 odas\u0131 olan yerler. Ben sadece oday\u0131 230 Avro\u2019ya sat\u0131yorum, b\u00fcy\u00fck oteller \u2018her \u015fey d\u00e2hil\u2019 o paraya sat\u0131yor. Pandemiden sonra tatil anlay\u0131\u015f\u0131nda bir de\u011fi\u015fim oldu. \u0130nsanlar kalabal\u0131k yerlerden ka\u00e7arak daha mesafeli bir tatil anlay\u0131\u015f\u0131na y\u00f6neldi. Turizm bireyselle\u015fti. Bu y\u00fczden bizim gibi k\u00fc\u00e7\u00fck i\u015fletmeler \u00f6ne \u00e7\u0131kmaya ba\u015flad\u0131. Bu Kalei\u00e7i i\u00e7in bir f\u0131rsatt\u0131 asl\u0131nda. Bu b\u00f6lgeyi destekleyip geli\u015ftirmek yerine, kent i\u00e7inde bir\u00e7ok noktada 5 y\u0131ld\u0131zl\u0131 oteller a\u00e7\u0131lmaya ba\u015fland\u0131. Ko\u00e7ta\u015f\u2019\u0131n oldu\u011fu b\u00f6lgede, Top\u00e7ular K\u0131\u015flas\u0131\u2019n\u0131n oldu\u011fu yerde ve ba\u015fka alanlarda ard\u0131 ard\u0131nda kent otelleri a\u00e7\u0131lmak isteniyor. Bir\u00e7ok tesis bo\u015f, Kalei\u00e7i\u2019nden daha ucuz fiyata oda sat\u0131yorlar.\u201d<\/p>\n<p>B\u00dcY\u00dcK OTELERE KRED\u0130, TE\u015eV\u0130K, SGK, ELEKTR\u0130K, VERG\u0130 DESTE\u011e\u0130 VAR<\/p>\n<p>Antalya\u2019daki 5 y\u0131ld\u0131zl\u0131 otellerin lobicilik faaliyetinden dert yanan i\u015fletmeci, Kalei\u00e7i gibi b\u00f6lgelerdeki k\u00fc\u00e7\u00fck i\u015fletmecilerin hedefe kondu\u011funu ve yang\u0131n y\u00f6netmeli\u011finin bahane edilerek bir operasyon y\u00fcr\u00fct\u00fcld\u00fc\u011f\u00fcn\u00fc \u00f6ne s\u00fcr\u00fcyor. B\u00fcy\u00fck otellerin te\u015fvik, SGK deste\u011fi, vergi muafiyeti ve elektrikte y\u00fczde 50 s\u00fcbvanse deste\u011fi ald\u0131\u011f\u0131n\u0131, y\u00fczde 1 KDV \u00f6dedi\u011fini vurgulayan i\u015fletmeci, \u201cBiz ise bunlar\u0131n tamam\u0131n\u0131 \u00f6d\u00fcyoruz. Ekonomiye tam katk\u0131da bulunuyoruz. Ancak Kalei\u00e7i otelleri i\u00e7in s\u00fcrekli bir \u00e7arp\u0131tma yap\u0131l\u0131yor. Reva\u00e7ta oldu\u011fu i\u00e7in \u00fczerine gidiliyor. Kald\u0131 ki burada kimse yanmaz kap\u0131 yapmayaca\u011f\u0131z demiyor, herkes s\u00fcre istiyor. Sonu\u00e7ta bu y\u00f6netmelik 2007\u2019den bu yana varsa neden oteli a\u00e7madan istemediniz bunlar\u0131. Herkes iki ay ge\u00e7 a\u00e7ard\u0131 otelini ama ne gerekiyorsa onu da yapard\u0131\u201d diyor.<\/p>\n<p>&#8220;BELED\u0130YE PERSONEL\u0130 TECR\u00dcBES\u0130Z, KALE\u0130\u00c7\u0130 \u0130Y\u0130 Y\u00d6NET\u0130LEM\u0130YOR&#8221;<\/p>\n<p>Kalei\u00e7i\u2019nde yanmaz kap\u0131 tart\u0131\u015fmalar\u0131n\u0131n d\u0131\u015f\u0131nda ba\u015fka kronikle\u015fen sorunlar oldu\u011funa da de\u011finen i\u015fletmeci, kentsel sit alan\u0131 olan bu b\u00f6lgenin y\u00f6netiminde koordinasyon eksikli\u011fi oldu\u011funu belirtiyor. B\u00fcy\u00fck\u015fehir ve Muratpa\u015fa Belediyesi ile Koruma Kurulu, Valilik ve Bakanl\u0131k yetkililerinden olu\u015fan bir Kalei\u00e7i Koordinasyon Merkezi olu\u015fturularak tek merkezden hizmet verilmesi gerekti\u011fini dile getiren i\u015fletmeci, \u201csokaklar\u0131 y\u00fcr\u00fcyerek temizleyen temizlik i\u015f\u00e7ileri Muratpa\u015fa Belediyesi\u2019ne, \u00e7\u00f6p kamyonlar\u0131 B\u00fcy\u00fck\u015fehir Belediyesine ba\u011fl\u0131. Bir sorun oldu\u011funda kurumlar topu birbirilerine at\u0131yorlar. Belediyelerde imar, fen i\u015fleri ve ba\u015fka birimlerdeki personel tecr\u00fcbesiz. Bir\u00e7o\u011fu yeni mezun, se\u00e7imlerden sonra i\u015fe al\u0131nm\u0131\u015f gencecik \u00e7ocuklar. Sordu\u011fumuzda, birilerinin akrabas\u0131 \u00e7\u0131k\u0131yor. Bu y\u00fczden i\u015fler y\u00fcr\u00fcm\u00fcyor. B\u00fcy\u00fck\u015fehir\u2019e ba\u011fl\u0131 Kent Tarihi ve Tan\u0131t\u0131m\u0131 Dairesi Ba\u015fkanl\u0131\u011f\u0131\u2019n\u0131n binas\u0131 bile Kalei\u00e7i\u2019ndeki imar mevzuat\u0131na uygun de\u011fil. Klimalar\u0131, boyas\u0131, pencereleri&#8230; \u00d6n\u00fc \u00e7er-\u00e7\u00f6pten ge\u00e7ilmiyor. Hangi birini sayal\u0131m. \u00d6zetle Kalei\u00e7i iyi y\u00f6netilemiyor. Ben siyasi olarak kendisiyle tam tersi bir g\u00f6r\u00fc\u015fteyim ama Menderes T\u00fcrel d\u00f6neminde Kalei\u00e7i daha iyiydi. \u00c7\u00f6p, \u00e7evre temizli\u011fi, giri\u015f-\u00e7\u0131k\u0131\u015flar, trafik y\u00f6netimi bug\u00fcnk\u00fcne g\u00f6re 10 kat daha iyiydi\u201d g\u00f6r\u00fc\u015f\u00fcn\u00fc dile getiriyor.<\/p>\n<p>KALE\u0130\u00c7\u0130\u2019NDE Y\u00dcZLERCE YILLIK TAR\u0130H SONA ERMEK \u00dcZERE<\/p>\n<p>Kalei\u00e7i\u2019nde yerli halktan 30-40 insan kald\u0131\u011f\u0131 s\u00f6yleniyor. Zamana tan\u0131kl\u0131k eden bu insanlar da g\u00f6\u00e7\u00fcp gidince, asl\u0131nda Antalya\u2019n\u0131n kent haf\u0131zas\u0131n\u0131n bir d\u00f6nemi de unutulup gidecek. Buras\u0131 bir zamanlar Akdeniz\u2019in en \u00f6nemli liman kentlerinden biri, deniz ticaretinin kalbinin att\u0131\u011f\u0131 bir merkezdi. Kurumlar aras\u0131ndaki koordinasyonsuzluk ve sorumlulu\u011fu bir ba\u015fka kuruma atma zafiyeti y\u00fcz\u00fcnden binlerce y\u0131ll\u0131k ge\u00e7mi\u015fe sahip bir kent dokusu, yapay zek\u00e2n\u0131n konu\u015fuldu\u011fu 21. y\u00fczy\u0131l\u0131n ilk \u00e7eyre\u011fini geride b\u0131rakmaya haz\u0131rland\u0131\u011f\u0131m\u0131z \u015fu d\u00f6nemde y\u00f6netilemiyor. Antalya\u2019n\u0131n tarihe a\u00e7\u0131lan kap\u0131s\u0131 olan Kalei\u00e7i, kap\u0131 krizinin g\u00f6lgesinde belirsiz ve kay\u0131p bir sezona haz\u0131rlan\u0131yor.<\/p>\n<p>AVM\u2019LER BAKKALLARI YUTTU, B\u00dcY\u00dcK OTELLER K\u00dc\u00c7\u00dcKLER\u0130 YUTACAK<\/p>\n<p>Konu\u015ftu\u011fumuz bir i\u015fletmeci, ailesinin y\u00fcz y\u0131ld\u0131r ya\u015fad\u0131\u011f\u0131 Kalei\u00e7i\u2019ni art\u0131k terk etme a\u015famas\u0131nda oldu\u011funu anlat\u0131yor. \u00c7\u00f6z\u00fcms\u00fczl\u00fck, kentsel dokuyu ve k\u00fclt\u00fcrel s\u00fcreklili\u011fi de tehdit eder boyutta. T\u00fcrkiye\u2019de son 20 y\u0131lda AVM\u2019lerin k\u00fc\u00e7\u00fck esnaf\u0131 yutmas\u0131na benzeyen bir trajediye do\u011fru ilerleyen Kalei\u00e7i\u2019nde kitle turizmine hitap eden 5 y\u0131ld\u0131zl\u0131 otellerin 3-5 odayla hizmet vermeye \u00e7al\u0131\u015fan k\u00fc\u00e7\u00fck i\u015fletmeleri yutaca\u011f\u0131n\u0131 s\u00f6yleyen i\u015fletmeciler, her kurumun mevzuat\u0131 \u00f6ne s\u00fcrerek kendince hakl\u0131 bir gerek\u00e7eye dayand\u0131\u011f\u0131n\u0131 ancak \u00e7\u00f6z\u00fcms\u00fczl\u00fc\u011f\u00fcn de\u011fi\u015fmedi\u011fini dile getiriyor.<\/p>\n<p>40 C\u0130VARINDA RESTORASYON PROJES\u0130 Y\u00d6NETMEL\u0130\u011eE TAKILMI\u015e<\/p>\n<p>Kalei\u00e7i\u2019nde y\u0131llard\u0131r i\u015fletmecilik yapan bir ba\u015fka mahalle sakini ise son y\u00f6netmelik krizi kapsam\u0131nda 40 civar\u0131nda i\u015fletmenin restorasyon projesinin y\u00f6netmeli\u011fe tak\u0131ld\u0131\u011f\u0131 i\u00e7in bekletildi\u011fini dile getiriyor. Kentsel ve III. derece arkeolojik sit i\u00e7erisinde kalan binalar\u0131n sahiplerinin ne restorasyon yapabildi\u011fi ne de i\u015fletmesini a\u00e7abildi\u011fi belirtiliyor. Koruma B\u00f6lge Kurulu mimari a\u00e7\u0131dan restorasyon projelerine onay verse de, Antalya B\u00fcy\u00fck\u015fehir Belediyesi \u0130tfaiye M\u00fcd\u00fcrl\u00fc\u011f\u00fc; kolon, \u00e7at\u0131, taban d\u00f6\u015femeleri, kap\u0131 ve merdiven vb. yerlerde asl\u0131na uygun kullan\u0131lan ah\u015fap yap\u0131 elemanlar\u0131n\u0131n yang\u0131n y\u00f6netmeli\u011fine ayk\u0131r\u0131 oldu\u011fu gerek\u00e7esi ile projelere onay vermiyor. Bu nedenle durumun tam bir k\u0131s\u0131r d\u00f6ng\u00fcye d\u00f6n\u00fc\u015ft\u00fc\u011f\u00fc s\u00f6yleniyor.<\/p>\n<p>M\u00dcLK SAH\u0130PLER\u0130 \u0130K\u0130 MEVZUAT ARASINDA SIKI\u015eIP KALMI\u015e DURUMDA<\/p>\n<p>Tescilli yap\u0131 sahiplerinden biri, tescilli yap\u0131lar\u0131n mevzuattaki farkl\u0131l\u0131klar nedeniyle \u00e7\u00fcr\u00fcmeye terk edildi\u011fini belirterek \u015funlar\u0131 s\u00f6yl\u00fcyor: \u201cY\u00fcr\u00fcrl\u00fckteki yang\u0131n y\u00f6netmeli\u011finde yeni yap\u0131lan binalarda al\u0131nmas\u0131 gereken yang\u0131n \u00f6nlemleri detayl\u0131 bir \u015fekilde tarif edilmi\u015f. Ancak bu \u00f6nlemler tarihi ah\u015fap binalarda bina do\u011fas\u0131na ayk\u0131r\u0131 \u015fekilde yap\u0131ld\u0131\u011f\u0131 i\u00e7in 2863 Say\u0131l\u0131 \u00d6zel Yasa 11. K\u0131s\u0131m\u2019daki ek maddeler konulmu\u015f. \u0130lgili maddede, \u2018Tarihi yap\u0131 d\u00e2hilinde yap\u0131lacak tadil\u00e2t veya tamiratlarda, yap\u0131n\u0131n asl\u0131na sad\u0131k kalmak maksad\u0131yla yap\u0131n\u0131n in\u015fas\u0131nda kullan\u0131lm\u0131\u015f olan malzemelerin ayn\u0131s\u0131 veya benzeri kullan\u0131labilir\u2019 deniliyor. Bu Y\u00f6netmeli\u011fin asl\u0131na uygun \u015fekilde i\u015fletildi\u011fi; Ankara Beypazar\u0131 Evleri, Ankara Kalei\u00e7i Evleri, Ankara Hamam\u00f6n\u00fc, Eski\u015fehir Odunpazar\u0131, Safranbolu Evleri, Antalya Side, Antalya Akseki D\u00fc\u011fmeli Evleri gibi tarihi mahallelerdeki emsal restorasyon \u00e7al\u0131\u015fmalar\u0131 ortadayken bu maddenin Antalya Kalei\u00e7i\u2019nde uygulanmamas\u0131n\u0131n sebebi bilinmiyor. Kalei\u00e7i\u2019nde ya\u015fayanlar yasan\u0131n ilgili maddeler hi\u00e7e say\u0131larak uygulat\u0131lmamas\u0131n\u0131n arkas\u0131nda ba\u015fka bir niyeti sorgulamaya ba\u015flam\u0131\u015f durumda.\u201d<\/p>\n<p>&#8220;KES\u0130K M\u0130NARE SOKA\u011eI \u0130\u015eGAL ALTINDA, UNESCO TAM B\u0130R HAYAL&#8221;<\/p>\n<p>Ge\u00e7ti\u011fimiz g\u00fcnlerde Antalya Valisi Hulusi \u015eahin ile B\u00fcy\u00fck\u015fehir Belediye Ba\u015fkan\u0131 Muhittin B\u00f6cek tarihi Hadrianus Kap\u0131s\u0131\u2019n\u0131n \u00f6n\u00fcnde yapt\u0131klar\u0131 ortak a\u00e7\u0131klamada Kalei\u00e7i\u2019nin \u00f6nemine i\u015faret ederek bir kez daha UNESCO vurgusu yapm\u0131\u015ft\u0131. Tarihi b\u00f6lgenin UNESCO D\u00fcnya K\u00fclt\u00fcr Miras\u0131 adayl\u0131\u011f\u0131 y\u0131llard\u0131r bir s\u00f6ylem olarak her sezon \u00f6ncesi yetkililerce dillendiriliyor. Kalei\u00e7i\u2019nde ya\u015fayanlara sordu\u011fumuzda ise bir i\u015fletmeci bunun bir hayalden \u00f6teye gitmedi\u011fini belirterek g\u00f6r\u00fc\u015flerini \u015f\u00f6yle \u00f6zetliyor: \u201cBen 60 ya\u015f\u0131nday\u0131m, kendimi bildim bileli bu hik\u00e2yeyi duyuyorum. Ancak bug\u00fcne kadar bir ad\u0131m at\u0131lmad\u0131. Kalei\u00e7i k\u00f6t\u00fc y\u00f6netiliyor. As\u0131l sorun bu. Biz y\u0131llard\u0131r yetkililere kendimizi anlatam\u0131yoruz. Bak\u0131n, Kesik Minare soka\u011f\u0131na bir gelip g\u00f6r\u00fcn. Masa ve sandalye i\u015fgalinden y\u00fcr\u00fcyemiyorsunuz. T\u00fcm d\u00fcnyada benzeri kentlerde i\u015fletmeciler d\u0131\u015far\u0131ya 3-4 tane masa koyar, sizi i\u00e7eriye davet eder. Soka\u011f\u0131 i\u015fgal etmez, edemez. Bizde ise 3-4 metrekare d\u00fckk\u00e2n kiral\u0131yorlar, 35 metrekarelik alanda d\u0131\u015far\u0131ya yay\u0131l\u0131yorlar. Turist tarihi dokuyu g\u00f6rmek, foto\u011fraflamak istese hi\u00e7 \u015fans\u0131 yok. Ya araba konulmu\u015f, ya tente, ya da penye ti\u015f\u00f6rtler as\u0131l\u0131d\u0131r.<\/p>\n<p>&#8220;EVLER EL DE\u011e\u0130\u015eT\u0130R\u0130YOR, KALE\u0130\u00c7\u0130NE PASAPORTLA MI G\u0130RECE\u011e\u0130Z?&#8221;<\/p>\n<p>Antalya\u2019da turistin kent merkezine gelmedi\u011finden \u015fik\u00e2yet ediliyor. Kent merkezinde turisti gezdirebilece\u011finiz Kalei\u00e7i\u2019nden ba\u015fka do\u011fru d\u00fcr\u00fcst bir yer yok. I\u015f\u0131klar Caddesini mi gezdireceksiniz? Ye\u015filbay\u0131r\u2019a m\u0131 g\u00f6t\u00fcreceksiniz turisti? Side, Aspendos, Perge, kent d\u0131\u015f\u0131nda ve uzak. Kent i\u00e7inde Kalei\u00e7i\u2019ni gezdirebilirsiniz ancak. Ama Kalei\u00e7i k\u00f6t\u00fc y\u00f6netildi\u011fi i\u00e7in giderek kan kaybediyor. \u00c7\u00fcnk\u00fc Kalei\u00e7i\u2019nde \u00e7ok ba\u015fl\u0131 y\u00f6netim var. Belediyeler, Koruma Kurulu ve Bakanl\u0131k. Biz d\u00f6rt kocal\u0131 H\u00fcrm\u00fcz gibiyiz adeta. Biz pinpon topu gibi olduk, kim ne y\u00f6ne vurursa oraya do\u011fru savruluyoruz. Bir d\u00fc\u015f\u00fcn\u00fcn, sizin anne baban\u0131zdan kalan tarihi de\u011feri ve an\u0131s\u0131 olan bir eviniz var diyelim. \u0130ki katl\u0131 bir evin restorasyonu 300 bin dolardan a\u015fa\u011f\u0131 de\u011fil. Bunun bak\u0131m\u0131, verni\u011fi, boyas\u0131, her y\u0131l b\u00fcy\u00fck bir \u00f6zen istiyor. B\u00f6yle bir yeri korumak i\u00e7in bir gelirinizin de olmas\u0131 laz\u0131m. Biz her \u015feyden ge\u00e7tik, tek bu de\u011ferlerimizi korumak istiyoruz. B\u0131rak\u0131n da koruyal\u0131m. Bu zorluklar y\u00fcz\u00fcnden Kalei\u00e7i evleri el de\u011fi\u015ftirmeye ba\u015flad\u0131. Frans\u0131z\u2019\u0131, Hollandal\u0131s\u0131, \u0130ngiliz\u2019i Alman\u2019\u0131 sat\u0131n almaya ba\u015flad\u0131. Biz buraya pasaportla m\u0131 girece\u011fiz kendi mahallemize?\u201d<\/p>\n<p>\u200bAntalya\u2019n\u0131n ge\u00e7mi\u015fe a\u00e7\u0131lan kap\u0131s\u0131 olan tarihi Kalei\u00e7i\u2019nde konaklama i\u015fletmelerinde ya\u015fanan yang\u0131na dayan\u0131kl\u0131 kap\u0131 krizi, k\u00fc\u00e7\u00fck butik i\u015fletmeleri zora soktu\u2026\u00a0<\/p>\n<p>\u200bHaberin Al\u0131nt\u0131land\u0131\u011f\u0131 Kaynak: www.antalyakorfez.com<\/p>","protected":false},"excerpt":{"rendered":"<p>Son 20 y\u0131lda bakkaldan tuhafiyeciye, k\u00fc\u00e7\u00fck esnaf\u0131n AVM\u2019ler kar\u015f\u0131s\u0131nda ya\u015fad\u0131\u011f\u0131 trajik yok olu\u015f, Antalya\u2019daki 5 y\u0131ld\u0131zl\u0131 oteller kar\u015f\u0131s\u0131nda direnen k\u00fc\u00e7\u00fck otellerin de kaderi olmak \u00fczere. Ya\u015fanan mevzuat krizi ve bitmeyen sorunlardan yoruldu\u011fu i\u00e7in sekt\u00f6r\u00fc terk etmeye haz\u0131rlanan i\u015fletmeciler, \u201cBiz pinpon topu gibi olduk, kim ne y\u00f6ne vurursa oraya do\u011fru savruluyoruz\u201d diyerek gelinen noktay\u0131 \u00f6zetliyor. KAPI, KALE\u0130\u00c7\u0130\u2019NDEK\u0130 KR\u0130Z\u0130N G\u00d6R\u00dcNEN Y\u00dcZ\u00dc Antalya\u2019n\u0131n tarihi kent merkezi olan Kalei\u00e7i\u2019nin binlerce y\u0131ll\u0131k bir ge\u00e7mi\u015fi var. \u00c7ok katmanl\u0131 bir tarihi dokuya sahip bu Akdeniz kenti, bir\u00e7ok seyyah\u0131n da ilgi oda\u011f\u0131 olmu\u015f. Bug\u00fcn tarihi liman\u0131n\u0131n \u00e7evresinde yer alan Kalei\u00e7i b\u00f6lgesi, d\u00fcnyadaki benzer \u00f6rnekleri gibi turistik bir cazibe merkezi. Ancak son y\u0131llarda trafikten \u00e7evre temizli\u011fine, i\u015fgallerden tuvalet sorununa bir\u00e7ok konuda y\u00f6netim zafiyeti oldu\u011fu g\u00fcndeme gelen Kalei\u00e7i\u2019nde sezon \u00f6ncesinde ba\u015flayan \u2018kap\u0131\u2019 krizi, giderek y\u00f6netim krizine d\u00f6n\u00fc\u015fmeye ba\u015flad\u0131. ANTALYA\u2019DA 191 TES\u0130S\u0130N YANGIN G\u00dcVENL\u0130\u011e\u0130 YETERS\u0130Z \u00c7IKTI Bolu\u2019daki otel yang\u0131n\u0131n\u0131n ard\u0131ndan K\u00fclt\u00fcr ve Turizm Bakanl\u0131\u011f\u0131 ile Bolu Belediyesi aras\u0131nda ya\u015fayan sorumluluk tart\u0131\u015fmas\u0131, \u00fclkedeki di\u011fer otellerin yang\u0131n riskine kar\u015f\u0131 haz\u0131r olup olmad\u0131\u011f\u0131n\u0131 g\u00fcndeme getirdi. Turizmin ba\u015fkenti olarak tan\u0131t\u0131lan Antalya, bu kapsamda en \u00e7ok tart\u0131\u015fman\u0131n ya\u015fand\u0131\u011f\u0131 illerin ba\u015f\u0131nda geliyor. Antalya\u2019da \u00f6zellikle kent merkezinde, \u00e7o\u011funlu\u011fu da Kalei\u00e7i\u2019nde olmak \u00fczere onlarca konaklama i\u015fletmesinin yang\u0131nla ilgili y\u00f6netmelik \u00e7er\u00e7evesinde yap\u0131lan denetimlere tak\u0131ld\u0131\u011f\u0131 belirtiliyor. Antalya\u2019da K\u00fclt\u00fcr ve Turizm Bakanl\u0131\u011f\u0131\u2019n\u0131n &hellip;<\/p>","protected":false},"author":5,"featured_media":0,"comment_status":"","ping_status":"open","sticky":false,"template":"","format":"standard","meta":{"_acf_changed":false,"footnotes":""},"categories":[24],"tags":[],"class_list":["post-69502","post","type-post","status-publish","format-standard","has-post-thumbnail","hentry","category-gundem"],"acf":[],"yoast_head":"<!-- This site is optimized with the Yoast SEO Premium plugin v26.6 (Yoast SEO v27.1.1) - https:\/\/yoast.com\/product\/yoast-seo-premium-wordpress\/ -->\n<title>Kalei\u00e7i\u2019nde mevzuat kap\u0131, y\u00f6netim duvar! - Av. Deniz Can K\u0131z\u0131l<\/title>\n<meta name=\"robots\" content=\"index, follow, max-snippet:-1, max-image-preview:large, max-video-preview:-1\" \/>\n<link rel=\"canonical\" href=\"https:\/\/denizcankizil.tr\/de\/haberler\/gundem\/kaleicinde-mevzuat-kapi-yonetim-duvar\/\" \/>\n<meta property=\"og:locale\" content=\"de_DE\" \/>\n<meta property=\"og:type\" content=\"article\" \/>\n<meta property=\"og:title\" content=\"Kalei\u00e7i\u2019nde mevzuat kap\u0131, y\u00f6netim duvar!\" \/>\n<meta property=\"og:description\" content=\"Son 20 y\u0131lda bakkaldan tuhafiyeciye, k\u00fc\u00e7\u00fck esnaf\u0131n AVM\u2019ler kar\u015f\u0131s\u0131nda ya\u015fad\u0131\u011f\u0131 trajik yok olu\u015f, Antalya\u2019daki 5 y\u0131ld\u0131zl\u0131 oteller kar\u015f\u0131s\u0131nda direnen k\u00fc\u00e7\u00fck otellerin de kaderi olmak \u00fczere. Ya\u015fanan mevzuat krizi ve bitmeyen sorunlardan yoruldu\u011fu i\u00e7in sekt\u00f6r\u00fc terk etmeye haz\u0131rlanan i\u015fletmeciler, \u201cBiz pinpon topu gibi olduk, kim ne y\u00f6ne vurursa oraya do\u011fru savruluyoruz\u201d diyerek gelinen noktay\u0131 \u00f6zetliyor. KAPI, KALE\u0130\u00c7\u0130\u2019NDEK\u0130 KR\u0130Z\u0130N G\u00d6R\u00dcNEN Y\u00dcZ\u00dc Antalya\u2019n\u0131n tarihi kent merkezi olan Kalei\u00e7i\u2019nin binlerce y\u0131ll\u0131k bir ge\u00e7mi\u015fi var. \u00c7ok katmanl\u0131 bir tarihi dokuya sahip bu Akdeniz kenti, bir\u00e7ok seyyah\u0131n da ilgi oda\u011f\u0131 olmu\u015f. Bug\u00fcn tarihi liman\u0131n\u0131n \u00e7evresinde yer alan Kalei\u00e7i b\u00f6lgesi, d\u00fcnyadaki benzer \u00f6rnekleri gibi turistik bir cazibe merkezi. Ancak son y\u0131llarda trafikten \u00e7evre temizli\u011fine, i\u015fgallerden tuvalet sorununa bir\u00e7ok konuda y\u00f6netim zafiyeti oldu\u011fu g\u00fcndeme gelen Kalei\u00e7i\u2019nde sezon \u00f6ncesinde ba\u015flayan \u2018kap\u0131\u2019 krizi, giderek y\u00f6netim krizine d\u00f6n\u00fc\u015fmeye ba\u015flad\u0131. ANTALYA\u2019DA 191 TES\u0130S\u0130N YANGIN G\u00dcVENL\u0130\u011e\u0130 YETERS\u0130Z \u00c7IKTI Bolu\u2019daki otel yang\u0131n\u0131n\u0131n ard\u0131ndan K\u00fclt\u00fcr ve Turizm Bakanl\u0131\u011f\u0131 ile Bolu Belediyesi aras\u0131nda ya\u015fayan sorumluluk tart\u0131\u015fmas\u0131, \u00fclkedeki di\u011fer otellerin yang\u0131n riskine kar\u015f\u0131 haz\u0131r olup olmad\u0131\u011f\u0131n\u0131 g\u00fcndeme getirdi. Turizmin ba\u015fkenti olarak tan\u0131t\u0131lan Antalya, bu kapsamda en \u00e7ok tart\u0131\u015fman\u0131n ya\u015fand\u0131\u011f\u0131 illerin ba\u015f\u0131nda geliyor. Antalya\u2019da \u00f6zellikle kent merkezinde, \u00e7o\u011funlu\u011fu da Kalei\u00e7i\u2019nde olmak \u00fczere onlarca konaklama i\u015fletmesinin yang\u0131nla ilgili y\u00f6netmelik \u00e7er\u00e7evesinde yap\u0131lan denetimlere tak\u0131ld\u0131\u011f\u0131 belirtiliyor. Antalya\u2019da K\u00fclt\u00fcr ve Turizm Bakanl\u0131\u011f\u0131\u2019n\u0131n &hellip;\" \/>\n<meta property=\"og:url\" content=\"https:\/\/denizcankizil.tr\/de\/haberler\/gundem\/kaleicinde-mevzuat-kapi-yonetim-duvar\/\" \/>\n<meta property=\"og:site_name\" content=\"Av. Deniz Can K\u0131z\u0131l\" \/>\n<meta property=\"article:published_time\" content=\"2025-04-28T17:41:22+00:00\" \/>\n<meta name=\"author\" content=\"Antalya K\u00f6rfez\" \/>\n<meta name=\"twitter:card\" content=\"summary_large_image\" \/>\n<meta name=\"twitter:label1\" content=\"Verfasst von\" \/>\n\t<meta name=\"twitter:data1\" content=\"Antalya K\u00f6rfez\" \/>\n\t<meta name=\"twitter:label2\" content=\"Gesch\u00e4tzte Lesezeit\" \/>\n\t<meta name=\"twitter:data2\" content=\"14\u00a0Minuten\" \/>\n<script type=\"application\/ld+json\" class=\"yoast-schema-graph\">{\"@context\":\"https:\/\/schema.org\",\"@graph\":[{\"@type\":\"Article\",\"@id\":\"https:\/\/denizcankizil.tr\/de\/haberler\/gundem\/kaleicinde-mevzuat-kapi-yonetim-duvar\/#article\",\"isPartOf\":{\"@id\":\"https:\/\/denizcankizil.tr\/de\/haberler\/gundem\/kaleicinde-mevzuat-kapi-yonetim-duvar\/\"},\"author\":{\"name\":\"Antalya K\u00f6rfez\",\"@id\":\"https:\/\/denizcankizil.tr\/de\/#\/schema\/person\/e1eb71bb4dd684d46563f0af307e1234\"},\"headline\":\"Kalei\u00e7i\u2019nde mevzuat kap\u0131, y\u00f6netim duvar!\",\"datePublished\":\"2025-04-28T17:41:22+00:00\",\"mainEntityOfPage\":{\"@id\":\"https:\/\/denizcankizil.tr\/de\/haberler\/gundem\/kaleicinde-mevzuat-kapi-yonetim-duvar\/\"},\"wordCount\":2904,\"publisher\":{\"@id\":\"https:\/\/denizcankizil.tr\/de\/#organization\"},\"articleSection\":[\"G\u00fcndem\"],\"inLanguage\":\"de\"},{\"@type\":\"WebPage\",\"@id\":\"https:\/\/denizcankizil.tr\/de\/haberler\/gundem\/kaleicinde-mevzuat-kapi-yonetim-duvar\/\",\"url\":\"https:\/\/denizcankizil.tr\/de\/haberler\/gundem\/kaleicinde-mevzuat-kapi-yonetim-duvar\/\",\"name\":\"Kalei\u00e7i\u2019nde mevzuat kap\u0131, y\u00f6netim duvar! - Av. Deniz Can K\u0131z\u0131l\",\"isPartOf\":{\"@id\":\"https:\/\/denizcankizil.tr\/de\/#website\"},\"datePublished\":\"2025-04-28T17:41:22+00:00\",\"breadcrumb\":{\"@id\":\"https:\/\/denizcankizil.tr\/de\/haberler\/gundem\/kaleicinde-mevzuat-kapi-yonetim-duvar\/#breadcrumb\"},\"inLanguage\":\"de\",\"potentialAction\":[{\"@type\":\"ReadAction\",\"target\":[\"https:\/\/denizcankizil.tr\/de\/haberler\/gundem\/kaleicinde-mevzuat-kapi-yonetim-duvar\/\"]}]},{\"@type\":\"BreadcrumbList\",\"@id\":\"https:\/\/denizcankizil.tr\/de\/haberler\/gundem\/kaleicinde-mevzuat-kapi-yonetim-duvar\/#breadcrumb\",\"itemListElement\":[{\"@type\":\"ListItem\",\"position\":1,\"name\":\"Home\",\"item\":\"https:\/\/denizcankizil.tr\/de\/\"},{\"@type\":\"ListItem\",\"position\":2,\"name\":\"Kalei\u00e7i\u2019nde mevzuat kap\u0131, y\u00f6netim duvar!\"}]},{\"@type\":\"WebSite\",\"@id\":\"https:\/\/denizcankizil.tr\/de\/#website\",\"url\":\"https:\/\/denizcankizil.tr\/de\/\",\"name\":\"Av. Deniz Can K\u0131z\u0131l\",\"description\":\"Avukat Deniz Can K\u0131z\u0131l Antalya Barosu\",\"publisher\":{\"@id\":\"https:\/\/denizcankizil.tr\/de\/#organization\"},\"potentialAction\":[{\"@type\":\"SearchAction\",\"target\":{\"@type\":\"EntryPoint\",\"urlTemplate\":\"https:\/\/denizcankizil.tr\/de\/?s={search_term_string}\"},\"query-input\":{\"@type\":\"PropertyValueSpecification\",\"valueRequired\":true,\"valueName\":\"search_term_string\"}}],\"inLanguage\":\"de\"},{\"@type\":\"Organization\",\"@id\":\"https:\/\/denizcankizil.tr\/de\/#organization\",\"name\":\"Av. Deniz Can K\u0131z\u0131l\",\"url\":\"https:\/\/denizcankizil.tr\/de\/\",\"logo\":{\"@type\":\"ImageObject\",\"inLanguage\":\"de\",\"@id\":\"https:\/\/denizcankizil.tr\/de\/#\/schema\/logo\/image\/\",\"url\":\"https:\/\/denizcankizil.tr\/wp-content\/uploads\/2024\/10\/siyah-logo-svg.svg\",\"contentUrl\":\"https:\/\/denizcankizil.tr\/wp-content\/uploads\/2024\/10\/siyah-logo-svg.svg\",\"width\":1080,\"height\":1080,\"caption\":\"Av. Deniz Can K\u0131z\u0131l\"},\"image\":{\"@id\":\"https:\/\/denizcankizil.tr\/de\/#\/schema\/logo\/image\/\"}},{\"@type\":\"Person\",\"@id\":\"https:\/\/denizcankizil.tr\/de\/#\/schema\/person\/e1eb71bb4dd684d46563f0af307e1234\",\"name\":\"Antalya K\u00f6rfez\",\"image\":{\"@type\":\"ImageObject\",\"inLanguage\":\"de\",\"@id\":\"https:\/\/denizcankizil.tr\/de\/#\/schema\/person\/image\/\",\"url\":\"https:\/\/secure.gravatar.com\/avatar\/42b01982558a48a0b501fdcab6a408d3717ea5919095ee2e67b0e521799c5905?s=96&d=mm&r=g\",\"contentUrl\":\"https:\/\/secure.gravatar.com\/avatar\/42b01982558a48a0b501fdcab6a408d3717ea5919095ee2e67b0e521799c5905?s=96&d=mm&r=g\",\"caption\":\"Antalya K\u00f6rfez\"},\"sameAs\":[\"http:\/\/www.antalyakorfez.com\"],\"url\":\"https:\/\/www.antalyakorfez.com\/kaleicinde-mevzuat-kapi-yonetim-duvar\"}]}<\/script>\n<!-- \/ Yoast SEO Premium plugin. -->","yoast_head_json":{"title":"Kalei\u00e7i\u2019nde mevzuat kap\u0131, y\u00f6netim duvar! - Av. Deniz Can K\u0131z\u0131l","robots":{"index":"index","follow":"follow","max-snippet":"max-snippet:-1","max-image-preview":"max-image-preview:large","max-video-preview":"max-video-preview:-1"},"canonical":"https:\/\/denizcankizil.tr\/de\/haberler\/gundem\/kaleicinde-mevzuat-kapi-yonetim-duvar\/","og_locale":"de_DE","og_type":"article","og_title":"Kalei\u00e7i\u2019nde mevzuat kap\u0131, y\u00f6netim duvar!","og_description":"Son 20 y\u0131lda bakkaldan tuhafiyeciye, k\u00fc\u00e7\u00fck esnaf\u0131n AVM\u2019ler kar\u015f\u0131s\u0131nda ya\u015fad\u0131\u011f\u0131 trajik yok olu\u015f, Antalya\u2019daki 5 y\u0131ld\u0131zl\u0131 oteller kar\u015f\u0131s\u0131nda direnen k\u00fc\u00e7\u00fck otellerin de kaderi olmak \u00fczere. Ya\u015fanan mevzuat krizi ve bitmeyen sorunlardan yoruldu\u011fu i\u00e7in sekt\u00f6r\u00fc terk etmeye haz\u0131rlanan i\u015fletmeciler, \u201cBiz pinpon topu gibi olduk, kim ne y\u00f6ne vurursa oraya do\u011fru savruluyoruz\u201d diyerek gelinen noktay\u0131 \u00f6zetliyor. KAPI, KALE\u0130\u00c7\u0130\u2019NDEK\u0130 KR\u0130Z\u0130N G\u00d6R\u00dcNEN Y\u00dcZ\u00dc Antalya\u2019n\u0131n tarihi kent merkezi olan Kalei\u00e7i\u2019nin binlerce y\u0131ll\u0131k bir ge\u00e7mi\u015fi var. \u00c7ok katmanl\u0131 bir tarihi dokuya sahip bu Akdeniz kenti, bir\u00e7ok seyyah\u0131n da ilgi oda\u011f\u0131 olmu\u015f. Bug\u00fcn tarihi liman\u0131n\u0131n \u00e7evresinde yer alan Kalei\u00e7i b\u00f6lgesi, d\u00fcnyadaki benzer \u00f6rnekleri gibi turistik bir cazibe merkezi. Ancak son y\u0131llarda trafikten \u00e7evre temizli\u011fine, i\u015fgallerden tuvalet sorununa bir\u00e7ok konuda y\u00f6netim zafiyeti oldu\u011fu g\u00fcndeme gelen Kalei\u00e7i\u2019nde sezon \u00f6ncesinde ba\u015flayan \u2018kap\u0131\u2019 krizi, giderek y\u00f6netim krizine d\u00f6n\u00fc\u015fmeye ba\u015flad\u0131. ANTALYA\u2019DA 191 TES\u0130S\u0130N YANGIN G\u00dcVENL\u0130\u011e\u0130 YETERS\u0130Z \u00c7IKTI Bolu\u2019daki otel yang\u0131n\u0131n\u0131n ard\u0131ndan K\u00fclt\u00fcr ve Turizm Bakanl\u0131\u011f\u0131 ile Bolu Belediyesi aras\u0131nda ya\u015fayan sorumluluk tart\u0131\u015fmas\u0131, \u00fclkedeki di\u011fer otellerin yang\u0131n riskine kar\u015f\u0131 haz\u0131r olup olmad\u0131\u011f\u0131n\u0131 g\u00fcndeme getirdi. Turizmin ba\u015fkenti olarak tan\u0131t\u0131lan Antalya, bu kapsamda en \u00e7ok tart\u0131\u015fman\u0131n ya\u015fand\u0131\u011f\u0131 illerin ba\u015f\u0131nda geliyor. Antalya\u2019da \u00f6zellikle kent merkezinde, \u00e7o\u011funlu\u011fu da Kalei\u00e7i\u2019nde olmak \u00fczere onlarca konaklama i\u015fletmesinin yang\u0131nla ilgili y\u00f6netmelik \u00e7er\u00e7evesinde yap\u0131lan denetimlere tak\u0131ld\u0131\u011f\u0131 belirtiliyor. Antalya\u2019da K\u00fclt\u00fcr ve Turizm Bakanl\u0131\u011f\u0131\u2019n\u0131n &hellip;","og_url":"https:\/\/denizcankizil.tr\/de\/haberler\/gundem\/kaleicinde-mevzuat-kapi-yonetim-duvar\/","og_site_name":"Av. Deniz Can K\u0131z\u0131l","article_published_time":"2025-04-28T17:41:22+00:00","author":"Antalya K\u00f6rfez","twitter_card":"summary_large_image","twitter_misc":{"Verfasst von":"Antalya K\u00f6rfez","Gesch\u00e4tzte Lesezeit":"14\u00a0Minuten"},"schema":{"@context":"https:\/\/schema.org","@graph":[{"@type":"Article","@id":"https:\/\/denizcankizil.tr\/de\/haberler\/gundem\/kaleicinde-mevzuat-kapi-yonetim-duvar\/#article","isPartOf":{"@id":"https:\/\/denizcankizil.tr\/de\/haberler\/gundem\/kaleicinde-mevzuat-kapi-yonetim-duvar\/"},"author":{"name":"Antalya K\u00f6rfez","@id":"https:\/\/denizcankizil.tr\/de\/#\/schema\/person\/e1eb71bb4dd684d46563f0af307e1234"},"headline":"Kalei\u00e7i\u2019nde mevzuat kap\u0131, y\u00f6netim duvar!","datePublished":"2025-04-28T17:41:22+00:00","mainEntityOfPage":{"@id":"https:\/\/denizcankizil.tr\/de\/haberler\/gundem\/kaleicinde-mevzuat-kapi-yonetim-duvar\/"},"wordCount":2904,"publisher":{"@id":"https:\/\/denizcankizil.tr\/de\/#organization"},"articleSection":["G\u00fcndem"],"inLanguage":"de"},{"@type":"WebPage","@id":"https:\/\/denizcankizil.tr\/de\/haberler\/gundem\/kaleicinde-mevzuat-kapi-yonetim-duvar\/","url":"https:\/\/denizcankizil.tr\/de\/haberler\/gundem\/kaleicinde-mevzuat-kapi-yonetim-duvar\/","name":"Kalei\u00e7i\u2019nde mevzuat kap\u0131, y\u00f6netim duvar! - Av. Deniz Can K\u0131z\u0131l","isPartOf":{"@id":"https:\/\/denizcankizil.tr\/de\/#website"},"datePublished":"2025-04-28T17:41:22+00:00","breadcrumb":{"@id":"https:\/\/denizcankizil.tr\/de\/haberler\/gundem\/kaleicinde-mevzuat-kapi-yonetim-duvar\/#breadcrumb"},"inLanguage":"de","potentialAction":[{"@type":"ReadAction","target":["https:\/\/denizcankizil.tr\/de\/haberler\/gundem\/kaleicinde-mevzuat-kapi-yonetim-duvar\/"]}]},{"@type":"BreadcrumbList","@id":"https:\/\/denizcankizil.tr\/de\/haberler\/gundem\/kaleicinde-mevzuat-kapi-yonetim-duvar\/#breadcrumb","itemListElement":[{"@type":"ListItem","position":1,"name":"Home","item":"https:\/\/denizcankizil.tr\/de\/"},{"@type":"ListItem","position":2,"name":"Kalei\u00e7i\u2019nde mevzuat kap\u0131, y\u00f6netim duvar!"}]},{"@type":"WebSite","@id":"https:\/\/denizcankizil.tr\/de\/#website","url":"https:\/\/denizcankizil.tr\/de\/","name":"Av. Deniz Can K\u0131z\u0131l","description":"Avukat Deniz Can K\u0131z\u0131l Antalya Barosu","publisher":{"@id":"https:\/\/denizcankizil.tr\/de\/#organization"},"potentialAction":[{"@type":"SearchAction","target":{"@type":"EntryPoint","urlTemplate":"https:\/\/denizcankizil.tr\/de\/?s={search_term_string}"},"query-input":{"@type":"PropertyValueSpecification","valueRequired":true,"valueName":"search_term_string"}}],"inLanguage":"de"},{"@type":"Organization","@id":"https:\/\/denizcankizil.tr\/de\/#organization","name":"Av. Deniz Can K\u0131z\u0131l","url":"https:\/\/denizcankizil.tr\/de\/","logo":{"@type":"ImageObject","inLanguage":"de","@id":"https:\/\/denizcankizil.tr\/de\/#\/schema\/logo\/image\/","url":"https:\/\/denizcankizil.tr\/wp-content\/uploads\/2024\/10\/siyah-logo-svg.svg","contentUrl":"https:\/\/denizcankizil.tr\/wp-content\/uploads\/2024\/10\/siyah-logo-svg.svg","width":1080,"height":1080,"caption":"Av. Deniz Can K\u0131z\u0131l"},"image":{"@id":"https:\/\/denizcankizil.tr\/de\/#\/schema\/logo\/image\/"}},{"@type":"Person","@id":"https:\/\/denizcankizil.tr\/de\/#\/schema\/person\/e1eb71bb4dd684d46563f0af307e1234","name":"Antalya K\u00f6rfez","image":{"@type":"ImageObject","inLanguage":"de","@id":"https:\/\/denizcankizil.tr\/de\/#\/schema\/person\/image\/","url":"https:\/\/secure.gravatar.com\/avatar\/42b01982558a48a0b501fdcab6a408d3717ea5919095ee2e67b0e521799c5905?s=96&d=mm&r=g","contentUrl":"https:\/\/secure.gravatar.com\/avatar\/42b01982558a48a0b501fdcab6a408d3717ea5919095ee2e67b0e521799c5905?s=96&d=mm&r=g","caption":"Antalya K\u00f6rfez"},"sameAs":["http:\/\/www.antalyakorfez.com"],"url":"https:\/\/www.antalyakorfez.com\/kaleicinde-mevzuat-kapi-yonetim-duvar"}]}},"_links":{"self":[{"href":"https:\/\/denizcankizil.tr\/de\/wp-json\/wp\/v2\/posts\/69502","targetHints":{"allow":["GET"]}}],"collection":[{"href":"https:\/\/denizcankizil.tr\/de\/wp-json\/wp\/v2\/posts"}],"about":[{"href":"https:\/\/denizcankizil.tr\/de\/wp-json\/wp\/v2\/types\/post"}],"author":[{"embeddable":true,"href":"https:\/\/denizcankizil.tr\/de\/wp-json\/wp\/v2\/users\/5"}],"replies":[{"embeddable":true,"href":"https:\/\/denizcankizil.tr\/de\/wp-json\/wp\/v2\/comments?post=69502"}],"version-history":[{"count":0,"href":"https:\/\/denizcankizil.tr\/de\/wp-json\/wp\/v2\/posts\/69502\/revisions"}],"wp:attachment":[{"href":"https:\/\/denizcankizil.tr\/de\/wp-json\/wp\/v2\/media?parent=69502"}],"wp:term":[{"taxonomy":"category","embeddable":true,"href":"https:\/\/denizcankizil.tr\/de\/wp-json\/wp\/v2\/categories?post=69502"},{"taxonomy":"post_tag","embeddable":true,"href":"https:\/\/denizcankizil.tr\/de\/wp-json\/wp\/v2\/tags?post=69502"}],"curies":[{"name":"wp","href":"https:\/\/api.w.org\/{rel}","templated":true}]}}