{"id":69173,"date":"2025-04-28T13:42:06","date_gmt":"2025-04-28T10:42:06","guid":{"rendered":"https:\/\/denizcankizil.tr\/uncategorized-tr\/ipek-bocegi-yetistiriciligi-yayginlasiyor\/"},"modified":"2025-04-28T13:42:06","modified_gmt":"2025-04-28T10:42:06","slug":"ipek-bocegi-yetistiriciligi-yayginlasiyor","status":"publish","type":"post","link":"https:\/\/denizcankizil.tr\/de\/haberler\/antalya\/ipek-bocegi-yetistiriciligi-yayginlasiyor\/","title":{"rendered":"\u0130pek b\u00f6ce\u011fi yeti\u015ftiricili\u011fi yayg\u0131nla\u015f\u0131yor"},"content":{"rendered":"<p>Antalya B\u00fcy\u00fck\u015fehir Belediyesi Tar\u0131msal Hizmetler Daire Ba\u015fkanl\u0131\u011f\u0131, Kozabirlik i\u015fbirli\u011fi ile Antalya\u2019da unutulmaya y\u00fcz tutmu\u015f ipek b\u00f6ce\u011fi yeti\u015ftiricili\u011fini &#8220;\u0130pek Evi Projesi&#8221; ile yeniden canland\u0131r\u0131yor. Bu \u00e7er\u00e7evede Antalya genelinde ipek b\u00f6ce\u011fi yeti\u015ftiricili\u011finin geli\u015ftirilmesi i\u00e7in e\u011fitimler s\u00fcr\u00fcyor. Alanya\u2019n\u0131n ard\u0131ndan Akseki\u2019de de Akdeniz B\u00f6lgesi Koza Tar\u0131m Sat\u0131\u015f Kooperatifi Sat\u0131\u015f M\u00fcd\u00fcr\u00fc Mehmet S\u00f6nmez ve B\u00fcy\u00fck\u015fehir Belediyesi Sapadere \u0130pek Evi Sorumlusu Ay\u015fenur \u00d6zdo\u011fan G\u00fclmez taraf\u0131ndan ilk e\u011fitimler verildi. Aksekililerin yo\u011fun ilgi g\u00f6sterdi\u011fi e\u011fitimde ipek b\u00f6ce\u011fi yeti\u015ftiricili\u011finin t\u00fcm evresi g\u00f6rseller kullan\u0131larak detayl\u0131 bir \u015fekilde anlat\u0131ld\u0131. Dut a\u011fac\u0131 ve ipek b\u00f6ce\u011fi yeti\u015ftiricili\u011finin a\u015famalar\u0131, koza \u00fcretimi, iklim \u015fartlar\u0131 ve dikkat edilmesi gereken konu ba\u015fl\u0131klar\u0131nda e\u011fitim alan kursiyerlere e\u011fitim sonu kat\u0131l\u0131m belgeleri verildi.<\/p>\n<p>Akseki\u2019de ipekb\u00f6cek\u00e7ili\u011fine ilgi yo\u011fun<br \/>\nAntalya\u2019da ipek b\u00f6ce\u011fi yeti\u015ftiricili\u011finin geli\u015fmesi ad\u0131na \u00f6nemli ad\u0131mlar at\u0131ld\u0131\u011f\u0131n\u0131 belirten Kooperatif Sat\u0131\u015f M\u00fcd\u00fcr\u00fc Mehmet S\u00f6nmez, Antalya\u2019da ipek b\u00f6ce\u011fi yeti\u015ftiricili\u011fi alan\u0131nda B\u00fcy\u00fck\u015fehir Belediyesi\u2019nin \u00f6nemli ad\u0131mlar att\u0131\u011f\u0131n\u0131 belirterek, &#8220;Muhittin B\u00f6cek Ba\u015fkan\u0131m\u0131z\u0131n 2019 y\u0131l\u0131nda g\u00f6reve gelmesiyle ilk fidan da\u011f\u0131t\u0131mlar\u0131m\u0131za ba\u015flad\u0131k. Antalya\u2019n\u0131n neresi olursa olsun, talep olan her yere dut a\u011fac\u0131 fidanlar\u0131m\u0131z\u0131 da\u011f\u0131t\u0131yoruz. Fidanlar\u0131n da\u011f\u0131t\u0131ld\u0131\u011f\u0131 yerlere bizler de giderek e\u011fitimlerimizi veriyoruz. Akseki\u2019de 250 adet dut fidan\u0131 dikildi. Rak\u0131m olarak \u00e7ok uygun, bakir ve ila\u00e7lamadan uzak bir alan. \u0130pek b\u00f6ce\u011fi yeti\u015ftiricili\u011fi i\u00e7in ideal bir yer. \u00dcretime te\u015fvik edilen kad\u0131nlar aile ekonomilerine destek sunma imk\u00e2n\u0131 bulabiliyor. \u0130lk dikilen dut fidanlar\u0131m\u0131zdan \u00fcretimler ba\u015flad\u0131. Bu ilgide bizleri son derece memnun ediyor. Alanya ve Gazipa\u015fa\u2019n\u0131n ard\u0131ndan art\u0131k bat\u0131 il\u00e7elerimize do\u011fru geni\u015fleyece\u011fiz&#8221; dedi.<\/p>\n<p>&#8220;Hedef ipekb\u00f6cek\u00e7ili\u011fini Antalya geneline yaymak&#8221;<br \/>\nE\u011fitimlerle ilgili bilgi veren B\u00fcy\u00fck\u015fehir Belediyesi Sapadere \u0130pek Evi Sorumlusu Ay\u015fenur \u00d6zdo\u011fan G\u00fclmez ise &#8220;\u0130pek b\u00f6ce\u011fi yeti\u015ftiricili\u011finin yayg\u0131nla\u015ft\u0131r\u0131lmas\u0131 i\u00e7in \u00e7al\u0131\u015fmalar\u0131m\u0131z\u0131 s\u00fcrd\u00fcr\u00fcyoruz. Akseki il\u00e7emize bir ay \u00f6nce 250 adet dut fidanlar\u0131m\u0131z\u0131 getirerek dikimini ger\u00e7ekle\u015ftirmi\u015ftik. Bug\u00fcn de ipek b\u00f6ce\u011fi yeti\u015ftiricili\u011fi ile ilgili e\u011fitim almak isteyen vatanda\u015flar\u0131m\u0131za ilk e\u011fitimlerini verdik. Amac\u0131m\u0131z b\u00f6lgemizde zaman i\u00e7erinde \u00fcretimi b\u0131rak\u0131lan, unutulan kozac\u0131l\u0131\u011f\u0131n, ipek b\u00f6ce\u011fi yeti\u015ftiricili\u011finin b\u00fct\u00fcn Antalya genelinde yeniden canlan\u0131p yayg\u0131nla\u015fmas\u0131&#8221; diye konu\u015ftu.<\/p>\n<p>&#8220;\u00dclkemize de\u011fer katmak istiyoruz&#8221;<br \/>\nAkseki\u2019de ya\u015fayan kursiyerlerden Ahmet Arslan, &#8220;E\u011fitimimi d\u0131\u015farda tamamlad\u0131ktan sonra yeniden Akseki\u2019ye d\u00f6n\u00fc\u015f yapt\u0131m. Organik tar\u0131mla ilgileniyorum. Bu tarz e\u011fitimleri \u00e7ok \u00f6nemli buluyorum. \u0130pek b\u00f6ce\u011fi yeti\u015ftiricili\u011fini \u00e7ok merak ediyordum. \u00c7ok e\u011fitici ve \u00f6\u011fretici oldu&#8221; dedi.<\/p>\n<p>Kaynak: www.kanalv.com.tr Haber Sitesinden Al\u0131nm\u0131\u015ft\u0131r.<\/p>","protected":false},"excerpt":{"rendered":"<p>Antalya B\u00fcy\u00fck\u015fehir Belediyesi Tar\u0131msal Hizmetler Daire Ba\u015fkanl\u0131\u011f\u0131, Kozabirlik i\u015fbirli\u011fi ile Antalya\u2019da unutulmaya y\u00fcz tutmu\u015f ipek b\u00f6ce\u011fi yeti\u015ftiricili\u011fini &#8220;\u0130pek Evi Projesi&#8221; ile yeniden canland\u0131r\u0131yor. Bu \u00e7er\u00e7evede Antalya genelinde ipek b\u00f6ce\u011fi yeti\u015ftiricili\u011finin geli\u015ftirilmesi i\u00e7in e\u011fitimler s\u00fcr\u00fcyor. Alanya\u2019n\u0131n ard\u0131ndan Akseki\u2019de de Akdeniz B\u00f6lgesi Koza Tar\u0131m Sat\u0131\u015f Kooperatifi Sat\u0131\u015f M\u00fcd\u00fcr\u00fc Mehmet S\u00f6nmez ve B\u00fcy\u00fck\u015fehir Belediyesi Sapadere \u0130pek Evi Sorumlusu Ay\u015fenur \u00d6zdo\u011fan G\u00fclmez taraf\u0131ndan ilk e\u011fitimler verildi. Aksekililerin yo\u011fun ilgi g\u00f6sterdi\u011fi e\u011fitimde ipek b\u00f6ce\u011fi yeti\u015ftiricili\u011finin t\u00fcm evresi g\u00f6rseller kullan\u0131larak detayl\u0131 bir \u015fekilde anlat\u0131ld\u0131. Dut a\u011fac\u0131 ve ipek b\u00f6ce\u011fi yeti\u015ftiricili\u011finin a\u015famalar\u0131, koza \u00fcretimi, iklim \u015fartlar\u0131 ve dikkat edilmesi gereken konu ba\u015fl\u0131klar\u0131nda e\u011fitim alan kursiyerlere e\u011fitim sonu kat\u0131l\u0131m belgeleri verildi. Akseki\u2019de ipekb\u00f6cek\u00e7ili\u011fine ilgi yo\u011fun Antalya\u2019da ipek b\u00f6ce\u011fi yeti\u015ftiricili\u011finin geli\u015fmesi ad\u0131na \u00f6nemli ad\u0131mlar at\u0131ld\u0131\u011f\u0131n\u0131 belirten Kooperatif Sat\u0131\u015f M\u00fcd\u00fcr\u00fc Mehmet S\u00f6nmez, Antalya\u2019da ipek b\u00f6ce\u011fi yeti\u015ftiricili\u011fi alan\u0131nda B\u00fcy\u00fck\u015fehir Belediyesi\u2019nin \u00f6nemli ad\u0131mlar att\u0131\u011f\u0131n\u0131 belirterek, &#8220;Muhittin B\u00f6cek Ba\u015fkan\u0131m\u0131z\u0131n 2019 y\u0131l\u0131nda g\u00f6reve gelmesiyle ilk fidan da\u011f\u0131t\u0131mlar\u0131m\u0131za ba\u015flad\u0131k. Antalya\u2019n\u0131n neresi olursa olsun, talep olan her yere dut a\u011fac\u0131 fidanlar\u0131m\u0131z\u0131 da\u011f\u0131t\u0131yoruz. Fidanlar\u0131n da\u011f\u0131t\u0131ld\u0131\u011f\u0131 yerlere bizler de giderek e\u011fitimlerimizi veriyoruz. Akseki\u2019de 250 adet dut fidan\u0131 dikildi. Rak\u0131m olarak \u00e7ok uygun, bakir ve ila\u00e7lamadan uzak bir alan. \u0130pek b\u00f6ce\u011fi yeti\u015ftiricili\u011fi i\u00e7in ideal bir yer. \u00dcretime te\u015fvik edilen kad\u0131nlar aile ekonomilerine destek sunma imk\u00e2n\u0131 bulabiliyor. \u0130lk dikilen dut &hellip;<\/p>","protected":false},"author":4,"featured_media":69174,"comment_status":"","ping_status":"open","sticky":false,"template":"","format":"standard","meta":{"_acf_changed":false,"footnotes":""},"categories":[26],"tags":[],"class_list":["post-69173","post","type-post","status-publish","format-standard","has-post-thumbnail","hentry","category-antalya"],"acf":[],"yoast_head":"<!-- This site is optimized with the Yoast SEO Premium plugin v26.6 (Yoast SEO v27.1.1) - https:\/\/yoast.com\/product\/yoast-seo-premium-wordpress\/ -->\n<title>\u0130pek b\u00f6ce\u011fi yeti\u015ftiricili\u011fi yayg\u0131nla\u015f\u0131yor - Av. Deniz Can K\u0131z\u0131l<\/title>\n<meta name=\"robots\" content=\"index, follow, max-snippet:-1, max-image-preview:large, max-video-preview:-1\" \/>\n<link rel=\"canonical\" href=\"https:\/\/denizcankizil.tr\/de\/haberler\/antalya\/ipek-bocegi-yetistiriciligi-yayginlasiyor\/\" \/>\n<meta property=\"og:locale\" content=\"de_DE\" \/>\n<meta property=\"og:type\" content=\"article\" \/>\n<meta property=\"og:title\" content=\"\u0130pek b\u00f6ce\u011fi yeti\u015ftiricili\u011fi yayg\u0131nla\u015f\u0131yor\" \/>\n<meta property=\"og:description\" content=\"Antalya B\u00fcy\u00fck\u015fehir Belediyesi Tar\u0131msal Hizmetler Daire Ba\u015fkanl\u0131\u011f\u0131, Kozabirlik i\u015fbirli\u011fi ile Antalya\u2019da unutulmaya y\u00fcz tutmu\u015f ipek b\u00f6ce\u011fi yeti\u015ftiricili\u011fini &#8220;\u0130pek Evi Projesi&#8221; ile yeniden canland\u0131r\u0131yor. Bu \u00e7er\u00e7evede Antalya genelinde ipek b\u00f6ce\u011fi yeti\u015ftiricili\u011finin geli\u015ftirilmesi i\u00e7in e\u011fitimler s\u00fcr\u00fcyor. Alanya\u2019n\u0131n ard\u0131ndan Akseki\u2019de de Akdeniz B\u00f6lgesi Koza Tar\u0131m Sat\u0131\u015f Kooperatifi Sat\u0131\u015f M\u00fcd\u00fcr\u00fc Mehmet S\u00f6nmez ve B\u00fcy\u00fck\u015fehir Belediyesi Sapadere \u0130pek Evi Sorumlusu Ay\u015fenur \u00d6zdo\u011fan G\u00fclmez taraf\u0131ndan ilk e\u011fitimler verildi. Aksekililerin yo\u011fun ilgi g\u00f6sterdi\u011fi e\u011fitimde ipek b\u00f6ce\u011fi yeti\u015ftiricili\u011finin t\u00fcm evresi g\u00f6rseller kullan\u0131larak detayl\u0131 bir \u015fekilde anlat\u0131ld\u0131. Dut a\u011fac\u0131 ve ipek b\u00f6ce\u011fi yeti\u015ftiricili\u011finin a\u015famalar\u0131, koza \u00fcretimi, iklim \u015fartlar\u0131 ve dikkat edilmesi gereken konu ba\u015fl\u0131klar\u0131nda e\u011fitim alan kursiyerlere e\u011fitim sonu kat\u0131l\u0131m belgeleri verildi. Akseki\u2019de ipekb\u00f6cek\u00e7ili\u011fine ilgi yo\u011fun Antalya\u2019da ipek b\u00f6ce\u011fi yeti\u015ftiricili\u011finin geli\u015fmesi ad\u0131na \u00f6nemli ad\u0131mlar at\u0131ld\u0131\u011f\u0131n\u0131 belirten Kooperatif Sat\u0131\u015f M\u00fcd\u00fcr\u00fc Mehmet S\u00f6nmez, Antalya\u2019da ipek b\u00f6ce\u011fi yeti\u015ftiricili\u011fi alan\u0131nda B\u00fcy\u00fck\u015fehir Belediyesi\u2019nin \u00f6nemli ad\u0131mlar att\u0131\u011f\u0131n\u0131 belirterek, &#8220;Muhittin B\u00f6cek Ba\u015fkan\u0131m\u0131z\u0131n 2019 y\u0131l\u0131nda g\u00f6reve gelmesiyle ilk fidan da\u011f\u0131t\u0131mlar\u0131m\u0131za ba\u015flad\u0131k. Antalya\u2019n\u0131n neresi olursa olsun, talep olan her yere dut a\u011fac\u0131 fidanlar\u0131m\u0131z\u0131 da\u011f\u0131t\u0131yoruz. Fidanlar\u0131n da\u011f\u0131t\u0131ld\u0131\u011f\u0131 yerlere bizler de giderek e\u011fitimlerimizi veriyoruz. Akseki\u2019de 250 adet dut fidan\u0131 dikildi. Rak\u0131m olarak \u00e7ok uygun, bakir ve ila\u00e7lamadan uzak bir alan. \u0130pek b\u00f6ce\u011fi yeti\u015ftiricili\u011fi i\u00e7in ideal bir yer. \u00dcretime te\u015fvik edilen kad\u0131nlar aile ekonomilerine destek sunma imk\u00e2n\u0131 bulabiliyor. \u0130lk dikilen dut &hellip;\" \/>\n<meta property=\"og:url\" content=\"https:\/\/denizcankizil.tr\/de\/haberler\/antalya\/ipek-bocegi-yetistiriciligi-yayginlasiyor\/\" \/>\n<meta property=\"og:site_name\" content=\"Av. Deniz Can K\u0131z\u0131l\" \/>\n<meta property=\"article:published_time\" content=\"2025-04-28T10:42:06+00:00\" \/>\n<meta property=\"og:image\" content=\"https:\/\/denizcankizil.tr\/wp-content\/uploads\/2025\/04\/6034-01-9djygO.jpg\" \/>\n\t<meta property=\"og:image:width\" content=\"1280\" \/>\n\t<meta property=\"og:image:height\" content=\"720\" \/>\n\t<meta property=\"og:image:type\" content=\"image\/jpeg\" \/>\n<meta name=\"author\" content=\"Av. Deniz Can K\u0131z\u0131l\" \/>\n<meta name=\"twitter:card\" content=\"summary_large_image\" \/>\n<meta name=\"twitter:label1\" content=\"Verfasst von\" \/>\n\t<meta name=\"twitter:data1\" content=\"Av. Deniz Can K\u0131z\u0131l\" \/>\n\t<meta name=\"twitter:label2\" content=\"Gesch\u00e4tzte Lesezeit\" \/>\n\t<meta name=\"twitter:data2\" content=\"3\u00a0Minuten\" \/>\n<script type=\"application\/ld+json\" class=\"yoast-schema-graph\">{\"@context\":\"https:\/\/schema.org\",\"@graph\":[{\"@type\":\"Article\",\"@id\":\"https:\/\/denizcankizil.tr\/de\/haberler\/antalya\/ipek-bocegi-yetistiriciligi-yayginlasiyor\/#article\",\"isPartOf\":{\"@id\":\"https:\/\/denizcankizil.tr\/de\/haberler\/antalya\/ipek-bocegi-yetistiriciligi-yayginlasiyor\/\"},\"author\":{\"name\":\"Av. Deniz Can K\u0131z\u0131l\",\"@id\":\"https:\/\/denizcankizil.tr\/de\/#\/schema\/person\/5dc1b22991bd7ac833867c10afc9b0ff\"},\"headline\":\"\u0130pek b\u00f6ce\u011fi yeti\u015ftiricili\u011fi yayg\u0131nla\u015f\u0131yor\",\"datePublished\":\"2025-04-28T10:42:06+00:00\",\"mainEntityOfPage\":{\"@id\":\"https:\/\/denizcankizil.tr\/de\/haberler\/antalya\/ipek-bocegi-yetistiriciligi-yayginlasiyor\/\"},\"wordCount\":567,\"publisher\":{\"@id\":\"https:\/\/denizcankizil.tr\/de\/#organization\"},\"image\":{\"@id\":\"https:\/\/denizcankizil.tr\/de\/haberler\/antalya\/ipek-bocegi-yetistiriciligi-yayginlasiyor\/#primaryimage\"},\"thumbnailUrl\":\"https:\/\/denizcankizil.tr\/wp-content\/uploads\/2025\/04\/6034-01-9djygO.jpg\",\"articleSection\":[\"Antalya\"],\"inLanguage\":\"de\"},{\"@type\":\"WebPage\",\"@id\":\"https:\/\/denizcankizil.tr\/de\/haberler\/antalya\/ipek-bocegi-yetistiriciligi-yayginlasiyor\/\",\"url\":\"https:\/\/denizcankizil.tr\/de\/haberler\/antalya\/ipek-bocegi-yetistiriciligi-yayginlasiyor\/\",\"name\":\"\u0130pek b\u00f6ce\u011fi yeti\u015ftiricili\u011fi yayg\u0131nla\u015f\u0131yor - Av. Deniz Can K\u0131z\u0131l\",\"isPartOf\":{\"@id\":\"https:\/\/denizcankizil.tr\/de\/#website\"},\"primaryImageOfPage\":{\"@id\":\"https:\/\/denizcankizil.tr\/de\/haberler\/antalya\/ipek-bocegi-yetistiriciligi-yayginlasiyor\/#primaryimage\"},\"image\":{\"@id\":\"https:\/\/denizcankizil.tr\/de\/haberler\/antalya\/ipek-bocegi-yetistiriciligi-yayginlasiyor\/#primaryimage\"},\"thumbnailUrl\":\"https:\/\/denizcankizil.tr\/wp-content\/uploads\/2025\/04\/6034-01-9djygO.jpg\",\"datePublished\":\"2025-04-28T10:42:06+00:00\",\"breadcrumb\":{\"@id\":\"https:\/\/denizcankizil.tr\/de\/haberler\/antalya\/ipek-bocegi-yetistiriciligi-yayginlasiyor\/#breadcrumb\"},\"inLanguage\":\"de\",\"potentialAction\":[{\"@type\":\"ReadAction\",\"target\":[\"https:\/\/denizcankizil.tr\/de\/haberler\/antalya\/ipek-bocegi-yetistiriciligi-yayginlasiyor\/\"]}]},{\"@type\":\"ImageObject\",\"inLanguage\":\"de\",\"@id\":\"https:\/\/denizcankizil.tr\/de\/haberler\/antalya\/ipek-bocegi-yetistiriciligi-yayginlasiyor\/#primaryimage\",\"url\":\"https:\/\/denizcankizil.tr\/wp-content\/uploads\/2025\/04\/6034-01-9djygO.jpg\",\"contentUrl\":\"https:\/\/denizcankizil.tr\/wp-content\/uploads\/2025\/04\/6034-01-9djygO.jpg\",\"width\":1280,\"height\":720},{\"@type\":\"BreadcrumbList\",\"@id\":\"https:\/\/denizcankizil.tr\/de\/haberler\/antalya\/ipek-bocegi-yetistiriciligi-yayginlasiyor\/#breadcrumb\",\"itemListElement\":[{\"@type\":\"ListItem\",\"position\":1,\"name\":\"Home\",\"item\":\"https:\/\/denizcankizil.tr\/de\/\"},{\"@type\":\"ListItem\",\"position\":2,\"name\":\"\u0130pek b\u00f6ce\u011fi yeti\u015ftiricili\u011fi yayg\u0131nla\u015f\u0131yor\"}]},{\"@type\":\"WebSite\",\"@id\":\"https:\/\/denizcankizil.tr\/de\/#website\",\"url\":\"https:\/\/denizcankizil.tr\/de\/\",\"name\":\"Av. Deniz Can K\u0131z\u0131l\",\"description\":\"Avukat Deniz Can K\u0131z\u0131l Antalya Barosu\",\"publisher\":{\"@id\":\"https:\/\/denizcankizil.tr\/de\/#organization\"},\"potentialAction\":[{\"@type\":\"SearchAction\",\"target\":{\"@type\":\"EntryPoint\",\"urlTemplate\":\"https:\/\/denizcankizil.tr\/de\/?s={search_term_string}\"},\"query-input\":{\"@type\":\"PropertyValueSpecification\",\"valueRequired\":true,\"valueName\":\"search_term_string\"}}],\"inLanguage\":\"de\"},{\"@type\":\"Organization\",\"@id\":\"https:\/\/denizcankizil.tr\/de\/#organization\",\"name\":\"Av. Deniz Can K\u0131z\u0131l\",\"url\":\"https:\/\/denizcankizil.tr\/de\/\",\"logo\":{\"@type\":\"ImageObject\",\"inLanguage\":\"de\",\"@id\":\"https:\/\/denizcankizil.tr\/de\/#\/schema\/logo\/image\/\",\"url\":\"https:\/\/denizcankizil.tr\/wp-content\/uploads\/2024\/10\/siyah-logo-svg.svg\",\"contentUrl\":\"https:\/\/denizcankizil.tr\/wp-content\/uploads\/2024\/10\/siyah-logo-svg.svg\",\"width\":1080,\"height\":1080,\"caption\":\"Av. Deniz Can K\u0131z\u0131l\"},\"image\":{\"@id\":\"https:\/\/denizcankizil.tr\/de\/#\/schema\/logo\/image\/\"}},{\"@type\":\"Person\",\"@id\":\"https:\/\/denizcankizil.tr\/de\/#\/schema\/person\/5dc1b22991bd7ac833867c10afc9b0ff\",\"name\":\"Av. Deniz Can K\u0131z\u0131l\",\"image\":{\"@type\":\"ImageObject\",\"inLanguage\":\"de\",\"@id\":\"https:\/\/denizcankizil.tr\/de\/#\/schema\/person\/image\/\",\"url\":\"https:\/\/secure.gravatar.com\/avatar\/a0b128fb9855c79efc976d5640eedb31dc35ec297594d6016d2cf7c60e975bb6?s=96&d=mm&r=g\",\"contentUrl\":\"https:\/\/secure.gravatar.com\/avatar\/a0b128fb9855c79efc976d5640eedb31dc35ec297594d6016d2cf7c60e975bb6?s=96&d=mm&r=g\",\"caption\":\"Av. Deniz Can K\u0131z\u0131l\"},\"sameAs\":[\"http:\/\/www.denizcankizil.tr\"],\"url\":\"https:\/\/denizcankizil.tr\/de\/author\/denizcankizil\/\"}]}<\/script>\n<!-- \/ Yoast SEO Premium plugin. -->","yoast_head_json":{"title":"\u0130pek b\u00f6ce\u011fi yeti\u015ftiricili\u011fi yayg\u0131nla\u015f\u0131yor - Av. Deniz Can K\u0131z\u0131l","robots":{"index":"index","follow":"follow","max-snippet":"max-snippet:-1","max-image-preview":"max-image-preview:large","max-video-preview":"max-video-preview:-1"},"canonical":"https:\/\/denizcankizil.tr\/de\/haberler\/antalya\/ipek-bocegi-yetistiriciligi-yayginlasiyor\/","og_locale":"de_DE","og_type":"article","og_title":"\u0130pek b\u00f6ce\u011fi yeti\u015ftiricili\u011fi yayg\u0131nla\u015f\u0131yor","og_description":"Antalya B\u00fcy\u00fck\u015fehir Belediyesi Tar\u0131msal Hizmetler Daire Ba\u015fkanl\u0131\u011f\u0131, Kozabirlik i\u015fbirli\u011fi ile Antalya\u2019da unutulmaya y\u00fcz tutmu\u015f ipek b\u00f6ce\u011fi yeti\u015ftiricili\u011fini &#8220;\u0130pek Evi Projesi&#8221; ile yeniden canland\u0131r\u0131yor. Bu \u00e7er\u00e7evede Antalya genelinde ipek b\u00f6ce\u011fi yeti\u015ftiricili\u011finin geli\u015ftirilmesi i\u00e7in e\u011fitimler s\u00fcr\u00fcyor. Alanya\u2019n\u0131n ard\u0131ndan Akseki\u2019de de Akdeniz B\u00f6lgesi Koza Tar\u0131m Sat\u0131\u015f Kooperatifi Sat\u0131\u015f M\u00fcd\u00fcr\u00fc Mehmet S\u00f6nmez ve B\u00fcy\u00fck\u015fehir Belediyesi Sapadere \u0130pek Evi Sorumlusu Ay\u015fenur \u00d6zdo\u011fan G\u00fclmez taraf\u0131ndan ilk e\u011fitimler verildi. Aksekililerin yo\u011fun ilgi g\u00f6sterdi\u011fi e\u011fitimde ipek b\u00f6ce\u011fi yeti\u015ftiricili\u011finin t\u00fcm evresi g\u00f6rseller kullan\u0131larak detayl\u0131 bir \u015fekilde anlat\u0131ld\u0131. Dut a\u011fac\u0131 ve ipek b\u00f6ce\u011fi yeti\u015ftiricili\u011finin a\u015famalar\u0131, koza \u00fcretimi, iklim \u015fartlar\u0131 ve dikkat edilmesi gereken konu ba\u015fl\u0131klar\u0131nda e\u011fitim alan kursiyerlere e\u011fitim sonu kat\u0131l\u0131m belgeleri verildi. Akseki\u2019de ipekb\u00f6cek\u00e7ili\u011fine ilgi yo\u011fun Antalya\u2019da ipek b\u00f6ce\u011fi yeti\u015ftiricili\u011finin geli\u015fmesi ad\u0131na \u00f6nemli ad\u0131mlar at\u0131ld\u0131\u011f\u0131n\u0131 belirten Kooperatif Sat\u0131\u015f M\u00fcd\u00fcr\u00fc Mehmet S\u00f6nmez, Antalya\u2019da ipek b\u00f6ce\u011fi yeti\u015ftiricili\u011fi alan\u0131nda B\u00fcy\u00fck\u015fehir Belediyesi\u2019nin \u00f6nemli ad\u0131mlar att\u0131\u011f\u0131n\u0131 belirterek, &#8220;Muhittin B\u00f6cek Ba\u015fkan\u0131m\u0131z\u0131n 2019 y\u0131l\u0131nda g\u00f6reve gelmesiyle ilk fidan da\u011f\u0131t\u0131mlar\u0131m\u0131za ba\u015flad\u0131k. Antalya\u2019n\u0131n neresi olursa olsun, talep olan her yere dut a\u011fac\u0131 fidanlar\u0131m\u0131z\u0131 da\u011f\u0131t\u0131yoruz. Fidanlar\u0131n da\u011f\u0131t\u0131ld\u0131\u011f\u0131 yerlere bizler de giderek e\u011fitimlerimizi veriyoruz. Akseki\u2019de 250 adet dut fidan\u0131 dikildi. Rak\u0131m olarak \u00e7ok uygun, bakir ve ila\u00e7lamadan uzak bir alan. \u0130pek b\u00f6ce\u011fi yeti\u015ftiricili\u011fi i\u00e7in ideal bir yer. \u00dcretime te\u015fvik edilen kad\u0131nlar aile ekonomilerine destek sunma imk\u00e2n\u0131 bulabiliyor. \u0130lk dikilen dut &hellip;","og_url":"https:\/\/denizcankizil.tr\/de\/haberler\/antalya\/ipek-bocegi-yetistiriciligi-yayginlasiyor\/","og_site_name":"Av. Deniz Can K\u0131z\u0131l","article_published_time":"2025-04-28T10:42:06+00:00","og_image":[{"width":1280,"height":720,"url":"https:\/\/denizcankizil.tr\/wp-content\/uploads\/2025\/04\/6034-01-9djygO.jpg","type":"image\/jpeg"}],"author":"Av. Deniz Can K\u0131z\u0131l","twitter_card":"summary_large_image","twitter_misc":{"Verfasst von":"Av. Deniz Can K\u0131z\u0131l","Gesch\u00e4tzte Lesezeit":"3\u00a0Minuten"},"schema":{"@context":"https:\/\/schema.org","@graph":[{"@type":"Article","@id":"https:\/\/denizcankizil.tr\/de\/haberler\/antalya\/ipek-bocegi-yetistiriciligi-yayginlasiyor\/#article","isPartOf":{"@id":"https:\/\/denizcankizil.tr\/de\/haberler\/antalya\/ipek-bocegi-yetistiriciligi-yayginlasiyor\/"},"author":{"name":"Av. Deniz Can K\u0131z\u0131l","@id":"https:\/\/denizcankizil.tr\/de\/#\/schema\/person\/5dc1b22991bd7ac833867c10afc9b0ff"},"headline":"\u0130pek b\u00f6ce\u011fi yeti\u015ftiricili\u011fi yayg\u0131nla\u015f\u0131yor","datePublished":"2025-04-28T10:42:06+00:00","mainEntityOfPage":{"@id":"https:\/\/denizcankizil.tr\/de\/haberler\/antalya\/ipek-bocegi-yetistiriciligi-yayginlasiyor\/"},"wordCount":567,"publisher":{"@id":"https:\/\/denizcankizil.tr\/de\/#organization"},"image":{"@id":"https:\/\/denizcankizil.tr\/de\/haberler\/antalya\/ipek-bocegi-yetistiriciligi-yayginlasiyor\/#primaryimage"},"thumbnailUrl":"https:\/\/denizcankizil.tr\/wp-content\/uploads\/2025\/04\/6034-01-9djygO.jpg","articleSection":["Antalya"],"inLanguage":"de"},{"@type":"WebPage","@id":"https:\/\/denizcankizil.tr\/de\/haberler\/antalya\/ipek-bocegi-yetistiriciligi-yayginlasiyor\/","url":"https:\/\/denizcankizil.tr\/de\/haberler\/antalya\/ipek-bocegi-yetistiriciligi-yayginlasiyor\/","name":"\u0130pek b\u00f6ce\u011fi yeti\u015ftiricili\u011fi yayg\u0131nla\u015f\u0131yor - Av. Deniz Can K\u0131z\u0131l","isPartOf":{"@id":"https:\/\/denizcankizil.tr\/de\/#website"},"primaryImageOfPage":{"@id":"https:\/\/denizcankizil.tr\/de\/haberler\/antalya\/ipek-bocegi-yetistiriciligi-yayginlasiyor\/#primaryimage"},"image":{"@id":"https:\/\/denizcankizil.tr\/de\/haberler\/antalya\/ipek-bocegi-yetistiriciligi-yayginlasiyor\/#primaryimage"},"thumbnailUrl":"https:\/\/denizcankizil.tr\/wp-content\/uploads\/2025\/04\/6034-01-9djygO.jpg","datePublished":"2025-04-28T10:42:06+00:00","breadcrumb":{"@id":"https:\/\/denizcankizil.tr\/de\/haberler\/antalya\/ipek-bocegi-yetistiriciligi-yayginlasiyor\/#breadcrumb"},"inLanguage":"de","potentialAction":[{"@type":"ReadAction","target":["https:\/\/denizcankizil.tr\/de\/haberler\/antalya\/ipek-bocegi-yetistiriciligi-yayginlasiyor\/"]}]},{"@type":"ImageObject","inLanguage":"de","@id":"https:\/\/denizcankizil.tr\/de\/haberler\/antalya\/ipek-bocegi-yetistiriciligi-yayginlasiyor\/#primaryimage","url":"https:\/\/denizcankizil.tr\/wp-content\/uploads\/2025\/04\/6034-01-9djygO.jpg","contentUrl":"https:\/\/denizcankizil.tr\/wp-content\/uploads\/2025\/04\/6034-01-9djygO.jpg","width":1280,"height":720},{"@type":"BreadcrumbList","@id":"https:\/\/denizcankizil.tr\/de\/haberler\/antalya\/ipek-bocegi-yetistiriciligi-yayginlasiyor\/#breadcrumb","itemListElement":[{"@type":"ListItem","position":1,"name":"Home","item":"https:\/\/denizcankizil.tr\/de\/"},{"@type":"ListItem","position":2,"name":"\u0130pek b\u00f6ce\u011fi yeti\u015ftiricili\u011fi yayg\u0131nla\u015f\u0131yor"}]},{"@type":"WebSite","@id":"https:\/\/denizcankizil.tr\/de\/#website","url":"https:\/\/denizcankizil.tr\/de\/","name":"Av. Deniz Can K\u0131z\u0131l","description":"Avukat Deniz Can K\u0131z\u0131l Antalya Barosu","publisher":{"@id":"https:\/\/denizcankizil.tr\/de\/#organization"},"potentialAction":[{"@type":"SearchAction","target":{"@type":"EntryPoint","urlTemplate":"https:\/\/denizcankizil.tr\/de\/?s={search_term_string}"},"query-input":{"@type":"PropertyValueSpecification","valueRequired":true,"valueName":"search_term_string"}}],"inLanguage":"de"},{"@type":"Organization","@id":"https:\/\/denizcankizil.tr\/de\/#organization","name":"Av. Deniz Can K\u0131z\u0131l","url":"https:\/\/denizcankizil.tr\/de\/","logo":{"@type":"ImageObject","inLanguage":"de","@id":"https:\/\/denizcankizil.tr\/de\/#\/schema\/logo\/image\/","url":"https:\/\/denizcankizil.tr\/wp-content\/uploads\/2024\/10\/siyah-logo-svg.svg","contentUrl":"https:\/\/denizcankizil.tr\/wp-content\/uploads\/2024\/10\/siyah-logo-svg.svg","width":1080,"height":1080,"caption":"Av. Deniz Can K\u0131z\u0131l"},"image":{"@id":"https:\/\/denizcankizil.tr\/de\/#\/schema\/logo\/image\/"}},{"@type":"Person","@id":"https:\/\/denizcankizil.tr\/de\/#\/schema\/person\/5dc1b22991bd7ac833867c10afc9b0ff","name":"Av. Deniz Can K\u0131z\u0131l","image":{"@type":"ImageObject","inLanguage":"de","@id":"https:\/\/denizcankizil.tr\/de\/#\/schema\/person\/image\/","url":"https:\/\/secure.gravatar.com\/avatar\/a0b128fb9855c79efc976d5640eedb31dc35ec297594d6016d2cf7c60e975bb6?s=96&d=mm&r=g","contentUrl":"https:\/\/secure.gravatar.com\/avatar\/a0b128fb9855c79efc976d5640eedb31dc35ec297594d6016d2cf7c60e975bb6?s=96&d=mm&r=g","caption":"Av. Deniz Can K\u0131z\u0131l"},"sameAs":["http:\/\/www.denizcankizil.tr"],"url":"https:\/\/denizcankizil.tr\/de\/author\/denizcankizil\/"}]}},"_links":{"self":[{"href":"https:\/\/denizcankizil.tr\/de\/wp-json\/wp\/v2\/posts\/69173","targetHints":{"allow":["GET"]}}],"collection":[{"href":"https:\/\/denizcankizil.tr\/de\/wp-json\/wp\/v2\/posts"}],"about":[{"href":"https:\/\/denizcankizil.tr\/de\/wp-json\/wp\/v2\/types\/post"}],"author":[{"embeddable":true,"href":"https:\/\/denizcankizil.tr\/de\/wp-json\/wp\/v2\/users\/4"}],"replies":[{"embeddable":true,"href":"https:\/\/denizcankizil.tr\/de\/wp-json\/wp\/v2\/comments?post=69173"}],"version-history":[{"count":0,"href":"https:\/\/denizcankizil.tr\/de\/wp-json\/wp\/v2\/posts\/69173\/revisions"}],"wp:featuredmedia":[{"embeddable":true,"href":"https:\/\/denizcankizil.tr\/de\/wp-json\/wp\/v2\/media\/69174"}],"wp:attachment":[{"href":"https:\/\/denizcankizil.tr\/de\/wp-json\/wp\/v2\/media?parent=69173"}],"wp:term":[{"taxonomy":"category","embeddable":true,"href":"https:\/\/denizcankizil.tr\/de\/wp-json\/wp\/v2\/categories?post=69173"},{"taxonomy":"post_tag","embeddable":true,"href":"https:\/\/denizcankizil.tr\/de\/wp-json\/wp\/v2\/tags?post=69173"}],"curies":[{"name":"wp","href":"https:\/\/api.w.org\/{rel}","templated":true}]}}