{"id":69117,"date":"2025-04-28T12:41:21","date_gmt":"2025-04-28T09:41:21","guid":{"rendered":"https:\/\/denizcankizil.tr\/uncategorized-tr\/lara-karavan-park-volkan-konak-ismiyle-acilacak\/"},"modified":"2025-04-28T12:41:21","modified_gmt":"2025-04-28T09:41:21","slug":"lara-karavan-park-volkan-konak-ismiyle-acilacak","status":"publish","type":"post","link":"https:\/\/denizcankizil.tr\/de\/haberler\/antalya\/lara-karavan-park-volkan-konak-ismiyle-acilacak\/","title":{"rendered":"Lara Karavan Park, Volkan Konak ismiyle a\u00e7\u0131lacak"},"content":{"rendered":"<p>Antalya B\u00fcy\u00fck\u015fehir Belediyesi taraf\u0131ndan d\u00fcnyaca \u00fcnl\u00fc Konyaalt\u0131 sahilinde ge\u00e7ti\u011fimiz y\u0131llarda hizmete soktu\u011fu ve karavan tatilcileri taraf\u0131ndan \u00e7ok be\u011fenilen Karavan Park\u2019\u0131 Lara\u2019ya ta\u015f\u0131yor. Karavan tatilcilerinin \u00f6rnek g\u00f6sterdi\u011fi &#8220;Karavan Park&#8221; projesi Lara b\u00f6lgesinde de karavanc\u0131lara g\u00fcvenli ve konforlu konaklama imk\u00e2n\u0131 sa\u011flayarak b\u00fcy\u00fck bir ihtiyac\u0131 kar\u015f\u0131layacak. Yeni yap\u0131lacak olan Karavan Parkla birlikte, tatil i\u00e7in Lara sahilini tercih eden ziyaret\u00e7iler, karavanlar\u0131n\u0131 park etme konusundaki sorunlar\u0131ndan kurtulmu\u015f olacak.<\/p>\n<p>Yeni sezonda haz\u0131r olacak<br \/>\nEkim 2024 tarihinde ba\u015flayan &#8220;Karavan Park Lara&#8221; in\u015faat\u0131nda \u00e7al\u0131\u015fmalar son a\u015famaya geldi. Alt yap\u0131 \u00e7al\u0131\u015fmalar\u0131n\u0131n tamamland\u0131\u011f\u0131 alan, peyzaj \u00e7al\u0131\u015fmalar\u0131n\u0131n tamamlanmas\u0131yla k\u0131sa s\u00fcrede yeni sezona haz\u0131r hale gelecek. 120 karavana ayn\u0131 anda hizmet verebilecek alt yap\u0131 ile donat\u0131lan karavan park alan\u0131 Konyaalt\u0131 Karavan Park\u2019ta oldu\u011fu gibi bir\u00e7ok kolayl\u0131k ve imk\u00e2n\u0131 karavanc\u0131lara sa\u011flayacak. Lara Karavan Park\u2019\u0131n ismi ge\u00e7ti\u011fimiz aylarda kaybetti\u011fimiz Karadeniz m\u00fczi\u011finin ve T\u00fcrk Halk M\u00fczi\u011fi\u2019nin g\u00fc\u00e7l\u00fc sesi Volkan Konak\u2019\u0131n ismini ta\u015f\u0131yacak. Lara Karavan Park\u2019a Antalya B\u00fcy\u00fck\u015fehir Belediye Ba\u015fkan\u0131 Muhittin B\u00f6cek\u2019in \u00f6nerisi ile B\u00fcy\u00fck\u015fehir Belediyesi Nisan ay\u0131 meclis toplant\u0131s\u0131nda ge\u00e7ti\u011fimiz g\u00fcnlerde ya\u015fam\u0131n\u0131 yitiren sanat\u00e7\u0131 Volkan Konak\u2019\u0131n ad\u0131 verildi.<\/p>\n<p>Her t\u00fcrl\u00fc ihtiya\u00e7 d\u00fc\u015f\u00fcn\u00fcld\u00fc<br \/>\nDenize s\u0131f\u0131r konumda 12 bin 360 metrekare alanda hizmet verecek Lara Karavan Park i\u00e7erisinde 5 bin metrekarelik ye\u015fil alan, 240 metrekarelik market, \u00e7ama\u015f\u0131rhane, yemekhane, du\u015f alanlar\u0131, iki adet tuvalet, kafeterya, \u00e7ocuk oyun alanlar\u0131, jenerat\u00f6r ve pis su bo\u015falt\u0131m noktalar\u0131 gibi imk\u00e2nlar bulunuyor. Ayr\u0131ca iki karavan\u0131n ayn\u0131 anda kullanabilece\u011fi uzaktan takip edilebilecek elektrik ve temiz su marina panosu yer alacak. Peyzaj \u00e7al\u0131\u015fmalar\u0131n\u0131n tamamlanmas\u0131n\u0131n ard\u0131ndan karavan park yeni sezonda tatilcilere hizmet vermeye ba\u015flayacak.<\/p>\n<p>Kaynak: www.kanalv.com.tr Haber Sitesinden Al\u0131nm\u0131\u015ft\u0131r.<\/p>","protected":false},"excerpt":{"rendered":"<p>Antalya B\u00fcy\u00fck\u015fehir Belediyesi taraf\u0131ndan d\u00fcnyaca \u00fcnl\u00fc Konyaalt\u0131 sahilinde ge\u00e7ti\u011fimiz y\u0131llarda hizmete soktu\u011fu ve karavan tatilcileri taraf\u0131ndan \u00e7ok be\u011fenilen Karavan Park\u2019\u0131 Lara\u2019ya ta\u015f\u0131yor. Karavan tatilcilerinin \u00f6rnek g\u00f6sterdi\u011fi &#8220;Karavan Park&#8221; projesi Lara b\u00f6lgesinde de karavanc\u0131lara g\u00fcvenli ve konforlu konaklama imk\u00e2n\u0131 sa\u011flayarak b\u00fcy\u00fck bir ihtiyac\u0131 kar\u015f\u0131layacak. Yeni yap\u0131lacak olan Karavan Parkla birlikte, tatil i\u00e7in Lara sahilini tercih eden ziyaret\u00e7iler, karavanlar\u0131n\u0131 park etme konusundaki sorunlar\u0131ndan kurtulmu\u015f olacak. Yeni sezonda haz\u0131r olacak Ekim 2024 tarihinde ba\u015flayan &#8220;Karavan Park Lara&#8221; in\u015faat\u0131nda \u00e7al\u0131\u015fmalar son a\u015famaya geldi. Alt yap\u0131 \u00e7al\u0131\u015fmalar\u0131n\u0131n tamamland\u0131\u011f\u0131 alan, peyzaj \u00e7al\u0131\u015fmalar\u0131n\u0131n tamamlanmas\u0131yla k\u0131sa s\u00fcrede yeni sezona haz\u0131r hale gelecek. 120 karavana ayn\u0131 anda hizmet verebilecek alt yap\u0131 ile donat\u0131lan karavan park alan\u0131 Konyaalt\u0131 Karavan Park\u2019ta oldu\u011fu gibi bir\u00e7ok kolayl\u0131k ve imk\u00e2n\u0131 karavanc\u0131lara sa\u011flayacak. Lara Karavan Park\u2019\u0131n ismi ge\u00e7ti\u011fimiz aylarda kaybetti\u011fimiz Karadeniz m\u00fczi\u011finin ve T\u00fcrk Halk M\u00fczi\u011fi\u2019nin g\u00fc\u00e7l\u00fc sesi Volkan Konak\u2019\u0131n ismini ta\u015f\u0131yacak. Lara Karavan Park\u2019a Antalya B\u00fcy\u00fck\u015fehir Belediye Ba\u015fkan\u0131 Muhittin B\u00f6cek\u2019in \u00f6nerisi ile B\u00fcy\u00fck\u015fehir Belediyesi Nisan ay\u0131 meclis toplant\u0131s\u0131nda ge\u00e7ti\u011fimiz g\u00fcnlerde ya\u015fam\u0131n\u0131 yitiren sanat\u00e7\u0131 Volkan Konak\u2019\u0131n ad\u0131 verildi. Her t\u00fcrl\u00fc ihtiya\u00e7 d\u00fc\u015f\u00fcn\u00fcld\u00fc Denize s\u0131f\u0131r konumda 12 bin 360 metrekare alanda hizmet verecek Lara Karavan Park i\u00e7erisinde 5 bin metrekarelik ye\u015fil alan, 240 metrekarelik market, \u00e7ama\u015f\u0131rhane, yemekhane, du\u015f alanlar\u0131, iki adet tuvalet, kafeterya, \u00e7ocuk oyun alanlar\u0131, &hellip;<\/p>","protected":false},"author":4,"featured_media":0,"comment_status":"","ping_status":"open","sticky":false,"template":"","format":"standard","meta":{"_acf_changed":false,"footnotes":""},"categories":[26],"tags":[],"class_list":["post-69117","post","type-post","status-publish","format-standard","hentry","category-antalya"],"acf":[],"yoast_head":"<!-- This site is optimized with the Yoast SEO Premium plugin v26.6 (Yoast SEO v27.1.1) - https:\/\/yoast.com\/product\/yoast-seo-premium-wordpress\/ -->\n<title>Lara Karavan Park, Volkan Konak ismiyle a\u00e7\u0131lacak - Av. Deniz Can K\u0131z\u0131l<\/title>\n<meta name=\"robots\" content=\"index, follow, max-snippet:-1, max-image-preview:large, max-video-preview:-1\" \/>\n<link rel=\"canonical\" href=\"https:\/\/denizcankizil.tr\/de\/haberler\/antalya\/lara-karavan-park-volkan-konak-ismiyle-acilacak\/\" \/>\n<meta property=\"og:locale\" content=\"de_DE\" \/>\n<meta property=\"og:type\" content=\"article\" \/>\n<meta property=\"og:title\" content=\"Lara Karavan Park, Volkan Konak ismiyle a\u00e7\u0131lacak\" \/>\n<meta property=\"og:description\" content=\"Antalya B\u00fcy\u00fck\u015fehir Belediyesi taraf\u0131ndan d\u00fcnyaca \u00fcnl\u00fc Konyaalt\u0131 sahilinde ge\u00e7ti\u011fimiz y\u0131llarda hizmete soktu\u011fu ve karavan tatilcileri taraf\u0131ndan \u00e7ok be\u011fenilen Karavan Park\u2019\u0131 Lara\u2019ya ta\u015f\u0131yor. Karavan tatilcilerinin \u00f6rnek g\u00f6sterdi\u011fi &#8220;Karavan Park&#8221; projesi Lara b\u00f6lgesinde de karavanc\u0131lara g\u00fcvenli ve konforlu konaklama imk\u00e2n\u0131 sa\u011flayarak b\u00fcy\u00fck bir ihtiyac\u0131 kar\u015f\u0131layacak. Yeni yap\u0131lacak olan Karavan Parkla birlikte, tatil i\u00e7in Lara sahilini tercih eden ziyaret\u00e7iler, karavanlar\u0131n\u0131 park etme konusundaki sorunlar\u0131ndan kurtulmu\u015f olacak. Yeni sezonda haz\u0131r olacak Ekim 2024 tarihinde ba\u015flayan &#8220;Karavan Park Lara&#8221; in\u015faat\u0131nda \u00e7al\u0131\u015fmalar son a\u015famaya geldi. Alt yap\u0131 \u00e7al\u0131\u015fmalar\u0131n\u0131n tamamland\u0131\u011f\u0131 alan, peyzaj \u00e7al\u0131\u015fmalar\u0131n\u0131n tamamlanmas\u0131yla k\u0131sa s\u00fcrede yeni sezona haz\u0131r hale gelecek. 120 karavana ayn\u0131 anda hizmet verebilecek alt yap\u0131 ile donat\u0131lan karavan park alan\u0131 Konyaalt\u0131 Karavan Park\u2019ta oldu\u011fu gibi bir\u00e7ok kolayl\u0131k ve imk\u00e2n\u0131 karavanc\u0131lara sa\u011flayacak. Lara Karavan Park\u2019\u0131n ismi ge\u00e7ti\u011fimiz aylarda kaybetti\u011fimiz Karadeniz m\u00fczi\u011finin ve T\u00fcrk Halk M\u00fczi\u011fi\u2019nin g\u00fc\u00e7l\u00fc sesi Volkan Konak\u2019\u0131n ismini ta\u015f\u0131yacak. Lara Karavan Park\u2019a Antalya B\u00fcy\u00fck\u015fehir Belediye Ba\u015fkan\u0131 Muhittin B\u00f6cek\u2019in \u00f6nerisi ile B\u00fcy\u00fck\u015fehir Belediyesi Nisan ay\u0131 meclis toplant\u0131s\u0131nda ge\u00e7ti\u011fimiz g\u00fcnlerde ya\u015fam\u0131n\u0131 yitiren sanat\u00e7\u0131 Volkan Konak\u2019\u0131n ad\u0131 verildi. Her t\u00fcrl\u00fc ihtiya\u00e7 d\u00fc\u015f\u00fcn\u00fcld\u00fc Denize s\u0131f\u0131r konumda 12 bin 360 metrekare alanda hizmet verecek Lara Karavan Park i\u00e7erisinde 5 bin metrekarelik ye\u015fil alan, 240 metrekarelik market, \u00e7ama\u015f\u0131rhane, yemekhane, du\u015f alanlar\u0131, iki adet tuvalet, kafeterya, \u00e7ocuk oyun alanlar\u0131, &hellip;\" \/>\n<meta property=\"og:url\" content=\"https:\/\/denizcankizil.tr\/de\/haberler\/antalya\/lara-karavan-park-volkan-konak-ismiyle-acilacak\/\" \/>\n<meta property=\"og:site_name\" content=\"Av. Deniz Can K\u0131z\u0131l\" \/>\n<meta property=\"article:published_time\" content=\"2025-04-28T09:41:21+00:00\" \/>\n<meta name=\"author\" content=\"Av. Deniz Can K\u0131z\u0131l\" \/>\n<meta name=\"twitter:card\" content=\"summary_large_image\" \/>\n<meta name=\"twitter:label1\" content=\"Verfasst von\" \/>\n\t<meta name=\"twitter:data1\" content=\"Av. Deniz Can K\u0131z\u0131l\" \/>\n\t<meta name=\"twitter:label2\" content=\"Gesch\u00e4tzte Lesezeit\" \/>\n\t<meta name=\"twitter:data2\" content=\"2\u00a0Minuten\" \/>\n<script type=\"application\/ld+json\" class=\"yoast-schema-graph\">{\"@context\":\"https:\/\/schema.org\",\"@graph\":[{\"@type\":\"Article\",\"@id\":\"https:\/\/denizcankizil.tr\/de\/haberler\/antalya\/lara-karavan-park-volkan-konak-ismiyle-acilacak\/#article\",\"isPartOf\":{\"@id\":\"https:\/\/denizcankizil.tr\/de\/haberler\/antalya\/lara-karavan-park-volkan-konak-ismiyle-acilacak\/\"},\"author\":{\"name\":\"Av. Deniz Can K\u0131z\u0131l\",\"@id\":\"https:\/\/denizcankizil.tr\/de\/#\/schema\/person\/5dc1b22991bd7ac833867c10afc9b0ff\"},\"headline\":\"Lara Karavan Park, Volkan Konak ismiyle a\u00e7\u0131lacak\",\"datePublished\":\"2025-04-28T09:41:21+00:00\",\"mainEntityOfPage\":{\"@id\":\"https:\/\/denizcankizil.tr\/de\/haberler\/antalya\/lara-karavan-park-volkan-konak-ismiyle-acilacak\/\"},\"wordCount\":356,\"publisher\":{\"@id\":\"https:\/\/denizcankizil.tr\/de\/#organization\"},\"articleSection\":[\"Antalya\"],\"inLanguage\":\"de\"},{\"@type\":\"WebPage\",\"@id\":\"https:\/\/denizcankizil.tr\/de\/haberler\/antalya\/lara-karavan-park-volkan-konak-ismiyle-acilacak\/\",\"url\":\"https:\/\/denizcankizil.tr\/de\/haberler\/antalya\/lara-karavan-park-volkan-konak-ismiyle-acilacak\/\",\"name\":\"Lara Karavan Park, Volkan Konak ismiyle a\u00e7\u0131lacak - Av. Deniz Can K\u0131z\u0131l\",\"isPartOf\":{\"@id\":\"https:\/\/denizcankizil.tr\/de\/#website\"},\"datePublished\":\"2025-04-28T09:41:21+00:00\",\"breadcrumb\":{\"@id\":\"https:\/\/denizcankizil.tr\/de\/haberler\/antalya\/lara-karavan-park-volkan-konak-ismiyle-acilacak\/#breadcrumb\"},\"inLanguage\":\"de\",\"potentialAction\":[{\"@type\":\"ReadAction\",\"target\":[\"https:\/\/denizcankizil.tr\/de\/haberler\/antalya\/lara-karavan-park-volkan-konak-ismiyle-acilacak\/\"]}]},{\"@type\":\"BreadcrumbList\",\"@id\":\"https:\/\/denizcankizil.tr\/de\/haberler\/antalya\/lara-karavan-park-volkan-konak-ismiyle-acilacak\/#breadcrumb\",\"itemListElement\":[{\"@type\":\"ListItem\",\"position\":1,\"name\":\"Home\",\"item\":\"https:\/\/denizcankizil.tr\/de\/\"},{\"@type\":\"ListItem\",\"position\":2,\"name\":\"Lara Karavan Park, Volkan Konak ismiyle a\u00e7\u0131lacak\"}]},{\"@type\":\"WebSite\",\"@id\":\"https:\/\/denizcankizil.tr\/de\/#website\",\"url\":\"https:\/\/denizcankizil.tr\/de\/\",\"name\":\"Av. Deniz Can K\u0131z\u0131l\",\"description\":\"Avukat Deniz Can K\u0131z\u0131l Antalya Barosu\",\"publisher\":{\"@id\":\"https:\/\/denizcankizil.tr\/de\/#organization\"},\"potentialAction\":[{\"@type\":\"SearchAction\",\"target\":{\"@type\":\"EntryPoint\",\"urlTemplate\":\"https:\/\/denizcankizil.tr\/de\/?s={search_term_string}\"},\"query-input\":{\"@type\":\"PropertyValueSpecification\",\"valueRequired\":true,\"valueName\":\"search_term_string\"}}],\"inLanguage\":\"de\"},{\"@type\":\"Organization\",\"@id\":\"https:\/\/denizcankizil.tr\/de\/#organization\",\"name\":\"Av. Deniz Can K\u0131z\u0131l\",\"url\":\"https:\/\/denizcankizil.tr\/de\/\",\"logo\":{\"@type\":\"ImageObject\",\"inLanguage\":\"de\",\"@id\":\"https:\/\/denizcankizil.tr\/de\/#\/schema\/logo\/image\/\",\"url\":\"https:\/\/denizcankizil.tr\/wp-content\/uploads\/2024\/10\/siyah-logo-svg.svg\",\"contentUrl\":\"https:\/\/denizcankizil.tr\/wp-content\/uploads\/2024\/10\/siyah-logo-svg.svg\",\"width\":1080,\"height\":1080,\"caption\":\"Av. Deniz Can K\u0131z\u0131l\"},\"image\":{\"@id\":\"https:\/\/denizcankizil.tr\/de\/#\/schema\/logo\/image\/\"}},{\"@type\":\"Person\",\"@id\":\"https:\/\/denizcankizil.tr\/de\/#\/schema\/person\/5dc1b22991bd7ac833867c10afc9b0ff\",\"name\":\"Av. Deniz Can K\u0131z\u0131l\",\"image\":{\"@type\":\"ImageObject\",\"inLanguage\":\"de\",\"@id\":\"https:\/\/denizcankizil.tr\/de\/#\/schema\/person\/image\/\",\"url\":\"https:\/\/secure.gravatar.com\/avatar\/a0b128fb9855c79efc976d5640eedb31dc35ec297594d6016d2cf7c60e975bb6?s=96&d=mm&r=g\",\"contentUrl\":\"https:\/\/secure.gravatar.com\/avatar\/a0b128fb9855c79efc976d5640eedb31dc35ec297594d6016d2cf7c60e975bb6?s=96&d=mm&r=g\",\"caption\":\"Av. Deniz Can K\u0131z\u0131l\"},\"sameAs\":[\"http:\/\/www.denizcankizil.tr\"],\"url\":\"https:\/\/denizcankizil.tr\/de\/author\/denizcankizil\/\"}]}<\/script>\n<!-- \/ Yoast SEO Premium plugin. -->","yoast_head_json":{"title":"Lara Karavan Park, Volkan Konak ismiyle a\u00e7\u0131lacak - Av. Deniz Can K\u0131z\u0131l","robots":{"index":"index","follow":"follow","max-snippet":"max-snippet:-1","max-image-preview":"max-image-preview:large","max-video-preview":"max-video-preview:-1"},"canonical":"https:\/\/denizcankizil.tr\/de\/haberler\/antalya\/lara-karavan-park-volkan-konak-ismiyle-acilacak\/","og_locale":"de_DE","og_type":"article","og_title":"Lara Karavan Park, Volkan Konak ismiyle a\u00e7\u0131lacak","og_description":"Antalya B\u00fcy\u00fck\u015fehir Belediyesi taraf\u0131ndan d\u00fcnyaca \u00fcnl\u00fc Konyaalt\u0131 sahilinde ge\u00e7ti\u011fimiz y\u0131llarda hizmete soktu\u011fu ve karavan tatilcileri taraf\u0131ndan \u00e7ok be\u011fenilen Karavan Park\u2019\u0131 Lara\u2019ya ta\u015f\u0131yor. Karavan tatilcilerinin \u00f6rnek g\u00f6sterdi\u011fi &#8220;Karavan Park&#8221; projesi Lara b\u00f6lgesinde de karavanc\u0131lara g\u00fcvenli ve konforlu konaklama imk\u00e2n\u0131 sa\u011flayarak b\u00fcy\u00fck bir ihtiyac\u0131 kar\u015f\u0131layacak. Yeni yap\u0131lacak olan Karavan Parkla birlikte, tatil i\u00e7in Lara sahilini tercih eden ziyaret\u00e7iler, karavanlar\u0131n\u0131 park etme konusundaki sorunlar\u0131ndan kurtulmu\u015f olacak. Yeni sezonda haz\u0131r olacak Ekim 2024 tarihinde ba\u015flayan &#8220;Karavan Park Lara&#8221; in\u015faat\u0131nda \u00e7al\u0131\u015fmalar son a\u015famaya geldi. Alt yap\u0131 \u00e7al\u0131\u015fmalar\u0131n\u0131n tamamland\u0131\u011f\u0131 alan, peyzaj \u00e7al\u0131\u015fmalar\u0131n\u0131n tamamlanmas\u0131yla k\u0131sa s\u00fcrede yeni sezona haz\u0131r hale gelecek. 120 karavana ayn\u0131 anda hizmet verebilecek alt yap\u0131 ile donat\u0131lan karavan park alan\u0131 Konyaalt\u0131 Karavan Park\u2019ta oldu\u011fu gibi bir\u00e7ok kolayl\u0131k ve imk\u00e2n\u0131 karavanc\u0131lara sa\u011flayacak. Lara Karavan Park\u2019\u0131n ismi ge\u00e7ti\u011fimiz aylarda kaybetti\u011fimiz Karadeniz m\u00fczi\u011finin ve T\u00fcrk Halk M\u00fczi\u011fi\u2019nin g\u00fc\u00e7l\u00fc sesi Volkan Konak\u2019\u0131n ismini ta\u015f\u0131yacak. Lara Karavan Park\u2019a Antalya B\u00fcy\u00fck\u015fehir Belediye Ba\u015fkan\u0131 Muhittin B\u00f6cek\u2019in \u00f6nerisi ile B\u00fcy\u00fck\u015fehir Belediyesi Nisan ay\u0131 meclis toplant\u0131s\u0131nda ge\u00e7ti\u011fimiz g\u00fcnlerde ya\u015fam\u0131n\u0131 yitiren sanat\u00e7\u0131 Volkan Konak\u2019\u0131n ad\u0131 verildi. Her t\u00fcrl\u00fc ihtiya\u00e7 d\u00fc\u015f\u00fcn\u00fcld\u00fc Denize s\u0131f\u0131r konumda 12 bin 360 metrekare alanda hizmet verecek Lara Karavan Park i\u00e7erisinde 5 bin metrekarelik ye\u015fil alan, 240 metrekarelik market, \u00e7ama\u015f\u0131rhane, yemekhane, du\u015f alanlar\u0131, iki adet tuvalet, kafeterya, \u00e7ocuk oyun alanlar\u0131, &hellip;","og_url":"https:\/\/denizcankizil.tr\/de\/haberler\/antalya\/lara-karavan-park-volkan-konak-ismiyle-acilacak\/","og_site_name":"Av. Deniz Can K\u0131z\u0131l","article_published_time":"2025-04-28T09:41:21+00:00","author":"Av. Deniz Can K\u0131z\u0131l","twitter_card":"summary_large_image","twitter_misc":{"Verfasst von":"Av. Deniz Can K\u0131z\u0131l","Gesch\u00e4tzte Lesezeit":"2\u00a0Minuten"},"schema":{"@context":"https:\/\/schema.org","@graph":[{"@type":"Article","@id":"https:\/\/denizcankizil.tr\/de\/haberler\/antalya\/lara-karavan-park-volkan-konak-ismiyle-acilacak\/#article","isPartOf":{"@id":"https:\/\/denizcankizil.tr\/de\/haberler\/antalya\/lara-karavan-park-volkan-konak-ismiyle-acilacak\/"},"author":{"name":"Av. Deniz Can K\u0131z\u0131l","@id":"https:\/\/denizcankizil.tr\/de\/#\/schema\/person\/5dc1b22991bd7ac833867c10afc9b0ff"},"headline":"Lara Karavan Park, Volkan Konak ismiyle a\u00e7\u0131lacak","datePublished":"2025-04-28T09:41:21+00:00","mainEntityOfPage":{"@id":"https:\/\/denizcankizil.tr\/de\/haberler\/antalya\/lara-karavan-park-volkan-konak-ismiyle-acilacak\/"},"wordCount":356,"publisher":{"@id":"https:\/\/denizcankizil.tr\/de\/#organization"},"articleSection":["Antalya"],"inLanguage":"de"},{"@type":"WebPage","@id":"https:\/\/denizcankizil.tr\/de\/haberler\/antalya\/lara-karavan-park-volkan-konak-ismiyle-acilacak\/","url":"https:\/\/denizcankizil.tr\/de\/haberler\/antalya\/lara-karavan-park-volkan-konak-ismiyle-acilacak\/","name":"Lara Karavan Park, Volkan Konak ismiyle a\u00e7\u0131lacak - Av. Deniz Can K\u0131z\u0131l","isPartOf":{"@id":"https:\/\/denizcankizil.tr\/de\/#website"},"datePublished":"2025-04-28T09:41:21+00:00","breadcrumb":{"@id":"https:\/\/denizcankizil.tr\/de\/haberler\/antalya\/lara-karavan-park-volkan-konak-ismiyle-acilacak\/#breadcrumb"},"inLanguage":"de","potentialAction":[{"@type":"ReadAction","target":["https:\/\/denizcankizil.tr\/de\/haberler\/antalya\/lara-karavan-park-volkan-konak-ismiyle-acilacak\/"]}]},{"@type":"BreadcrumbList","@id":"https:\/\/denizcankizil.tr\/de\/haberler\/antalya\/lara-karavan-park-volkan-konak-ismiyle-acilacak\/#breadcrumb","itemListElement":[{"@type":"ListItem","position":1,"name":"Home","item":"https:\/\/denizcankizil.tr\/de\/"},{"@type":"ListItem","position":2,"name":"Lara Karavan Park, Volkan Konak ismiyle a\u00e7\u0131lacak"}]},{"@type":"WebSite","@id":"https:\/\/denizcankizil.tr\/de\/#website","url":"https:\/\/denizcankizil.tr\/de\/","name":"Av. Deniz Can K\u0131z\u0131l","description":"Avukat Deniz Can K\u0131z\u0131l Antalya Barosu","publisher":{"@id":"https:\/\/denizcankizil.tr\/de\/#organization"},"potentialAction":[{"@type":"SearchAction","target":{"@type":"EntryPoint","urlTemplate":"https:\/\/denizcankizil.tr\/de\/?s={search_term_string}"},"query-input":{"@type":"PropertyValueSpecification","valueRequired":true,"valueName":"search_term_string"}}],"inLanguage":"de"},{"@type":"Organization","@id":"https:\/\/denizcankizil.tr\/de\/#organization","name":"Av. Deniz Can K\u0131z\u0131l","url":"https:\/\/denizcankizil.tr\/de\/","logo":{"@type":"ImageObject","inLanguage":"de","@id":"https:\/\/denizcankizil.tr\/de\/#\/schema\/logo\/image\/","url":"https:\/\/denizcankizil.tr\/wp-content\/uploads\/2024\/10\/siyah-logo-svg.svg","contentUrl":"https:\/\/denizcankizil.tr\/wp-content\/uploads\/2024\/10\/siyah-logo-svg.svg","width":1080,"height":1080,"caption":"Av. Deniz Can K\u0131z\u0131l"},"image":{"@id":"https:\/\/denizcankizil.tr\/de\/#\/schema\/logo\/image\/"}},{"@type":"Person","@id":"https:\/\/denizcankizil.tr\/de\/#\/schema\/person\/5dc1b22991bd7ac833867c10afc9b0ff","name":"Av. Deniz Can K\u0131z\u0131l","image":{"@type":"ImageObject","inLanguage":"de","@id":"https:\/\/denizcankizil.tr\/de\/#\/schema\/person\/image\/","url":"https:\/\/secure.gravatar.com\/avatar\/a0b128fb9855c79efc976d5640eedb31dc35ec297594d6016d2cf7c60e975bb6?s=96&d=mm&r=g","contentUrl":"https:\/\/secure.gravatar.com\/avatar\/a0b128fb9855c79efc976d5640eedb31dc35ec297594d6016d2cf7c60e975bb6?s=96&d=mm&r=g","caption":"Av. Deniz Can K\u0131z\u0131l"},"sameAs":["http:\/\/www.denizcankizil.tr"],"url":"https:\/\/denizcankizil.tr\/de\/author\/denizcankizil\/"}]}},"_links":{"self":[{"href":"https:\/\/denizcankizil.tr\/de\/wp-json\/wp\/v2\/posts\/69117","targetHints":{"allow":["GET"]}}],"collection":[{"href":"https:\/\/denizcankizil.tr\/de\/wp-json\/wp\/v2\/posts"}],"about":[{"href":"https:\/\/denizcankizil.tr\/de\/wp-json\/wp\/v2\/types\/post"}],"author":[{"embeddable":true,"href":"https:\/\/denizcankizil.tr\/de\/wp-json\/wp\/v2\/users\/4"}],"replies":[{"embeddable":true,"href":"https:\/\/denizcankizil.tr\/de\/wp-json\/wp\/v2\/comments?post=69117"}],"version-history":[{"count":0,"href":"https:\/\/denizcankizil.tr\/de\/wp-json\/wp\/v2\/posts\/69117\/revisions"}],"wp:attachment":[{"href":"https:\/\/denizcankizil.tr\/de\/wp-json\/wp\/v2\/media?parent=69117"}],"wp:term":[{"taxonomy":"category","embeddable":true,"href":"https:\/\/denizcankizil.tr\/de\/wp-json\/wp\/v2\/categories?post=69117"},{"taxonomy":"post_tag","embeddable":true,"href":"https:\/\/denizcankizil.tr\/de\/wp-json\/wp\/v2\/tags?post=69117"}],"curies":[{"name":"wp","href":"https:\/\/api.w.org\/{rel}","templated":true}]}}