{"id":68976,"date":"2025-04-28T09:41:14","date_gmt":"2025-04-28T06:41:14","guid":{"rendered":"https:\/\/denizcankizil.tr\/uncategorized-tr\/tira-arkadan-carpan-motosikletin-surucusu-hayatini-kaybetti\/"},"modified":"2025-04-28T09:41:14","modified_gmt":"2025-04-28T06:41:14","slug":"tira-arkadan-carpan-motosikletin-surucusu-hayatini-kaybetti","status":"publish","type":"post","link":"https:\/\/denizcankizil.tr\/de\/haberler\/antalya\/tira-arkadan-carpan-motosikletin-surucusu-hayatini-kaybetti\/","title":{"rendered":"T\u0131ra arkadan \u00e7arpan motosikletin s\u00fcr\u00fcc\u00fcs\u00fc hayat\u0131n\u0131 kaybetti"},"content":{"rendered":"<p>Kaza, Manavgat-Antalya D-400 karayolunda ya\u015fand\u0131. Edinilen bilgiye g\u00f6re, Manavgat istikametinden Antalya istikametine seyir halindeki Batuhan U\u00e7ar&#8217;\u0131n kulland\u0131\u011f\u0131 07 BUP 313 plakal\u0131 motosiklet, Ta\u015fa\u011f\u0131l kav\u015fa\u011f\u0131na yakla\u015ft\u0131\u011f\u0131 s\u0131rada yolun sa\u011f\u0131nda emniyet \u015feridinde park halindeki H.Y.&#8217;nin kulland\u0131\u011f\u0131 33 DA 255 plakal\u0131 t\u0131ra arkadan \u00e7arpt\u0131. Kazada motosiklet s\u00fcr\u00fcc\u00fcs\u00fc Batuhan U\u00e7ar (26) olay yerinde ya\u015fam\u0131n\u0131 yitirdi. U\u00e7ar\u2019\u0131n cenazesi, Jandarma Olay Yeri \u0130nceleme ekipleri, cumhuriyet savc\u0131s\u0131 ve adli tabibin incelemelerinin ard\u0131ndan Antalya Adli T\u0131p Kurumuna kald\u0131r\u0131ld\u0131. T\u0131r s\u00fcr\u00fcc\u00fcs\u00fc H.Y. ise jandarma ekipleri taraf\u0131ndan g\u00f6zalt\u0131na al\u0131nd\u0131.<\/p>\n<p>Kaynak: www.kanalv.com.tr Haber Sitesinden Al\u0131nm\u0131\u015ft\u0131r.<\/p>","protected":false},"excerpt":{"rendered":"<p>Kaza, Manavgat-Antalya D-400 karayolunda ya\u015fand\u0131. Edinilen bilgiye g\u00f6re, Manavgat istikametinden Antalya istikametine seyir halindeki Batuhan U\u00e7ar&#8217;\u0131n kulland\u0131\u011f\u0131 07 BUP 313 plakal\u0131 motosiklet, Ta\u015fa\u011f\u0131l kav\u015fa\u011f\u0131na yakla\u015ft\u0131\u011f\u0131 s\u0131rada yolun sa\u011f\u0131nda emniyet \u015feridinde park halindeki H.Y.&#8217;nin kulland\u0131\u011f\u0131 33 DA 255 plakal\u0131 t\u0131ra arkadan \u00e7arpt\u0131. Kazada motosiklet s\u00fcr\u00fcc\u00fcs\u00fc Batuhan U\u00e7ar (26) olay yerinde ya\u015fam\u0131n\u0131 yitirdi. U\u00e7ar\u2019\u0131n cenazesi, Jandarma Olay Yeri \u0130nceleme ekipleri, cumhuriyet savc\u0131s\u0131 ve adli tabibin incelemelerinin ard\u0131ndan Antalya Adli T\u0131p Kurumuna kald\u0131r\u0131ld\u0131. T\u0131r s\u00fcr\u00fcc\u00fcs\u00fc H.Y. ise jandarma ekipleri taraf\u0131ndan g\u00f6zalt\u0131na al\u0131nd\u0131. Kaynak: www.kanalv.com.tr Haber Sitesinden Al\u0131nm\u0131\u015ft\u0131r.<\/p>","protected":false},"author":4,"featured_media":0,"comment_status":"","ping_status":"open","sticky":false,"template":"","format":"standard","meta":{"_acf_changed":false,"footnotes":""},"categories":[26],"tags":[],"class_list":["post-68976","post","type-post","status-publish","format-standard","hentry","category-antalya"],"acf":[],"yoast_head":"<!-- This site is optimized with the Yoast SEO Premium plugin v26.6 (Yoast SEO v27.1.1) - https:\/\/yoast.com\/product\/yoast-seo-premium-wordpress\/ -->\n<title>T\u0131ra arkadan \u00e7arpan motosikletin s\u00fcr\u00fcc\u00fcs\u00fc hayat\u0131n\u0131 kaybetti - Av. Deniz Can K\u0131z\u0131l<\/title>\n<meta name=\"robots\" content=\"index, follow, max-snippet:-1, max-image-preview:large, max-video-preview:-1\" \/>\n<link rel=\"canonical\" href=\"https:\/\/denizcankizil.tr\/de\/haberler\/antalya\/tira-arkadan-carpan-motosikletin-surucusu-hayatini-kaybetti\/\" \/>\n<meta property=\"og:locale\" content=\"de_DE\" \/>\n<meta property=\"og:type\" content=\"article\" \/>\n<meta property=\"og:title\" content=\"T\u0131ra arkadan \u00e7arpan motosikletin s\u00fcr\u00fcc\u00fcs\u00fc hayat\u0131n\u0131 kaybetti\" \/>\n<meta property=\"og:description\" content=\"Kaza, Manavgat-Antalya D-400 karayolunda ya\u015fand\u0131. Edinilen bilgiye g\u00f6re, Manavgat istikametinden Antalya istikametine seyir halindeki Batuhan U\u00e7ar&#8217;\u0131n kulland\u0131\u011f\u0131 07 BUP 313 plakal\u0131 motosiklet, Ta\u015fa\u011f\u0131l kav\u015fa\u011f\u0131na yakla\u015ft\u0131\u011f\u0131 s\u0131rada yolun sa\u011f\u0131nda emniyet \u015feridinde park halindeki H.Y.&#8217;nin kulland\u0131\u011f\u0131 33 DA 255 plakal\u0131 t\u0131ra arkadan \u00e7arpt\u0131. Kazada motosiklet s\u00fcr\u00fcc\u00fcs\u00fc Batuhan U\u00e7ar (26) olay yerinde ya\u015fam\u0131n\u0131 yitirdi. U\u00e7ar\u2019\u0131n cenazesi, Jandarma Olay Yeri \u0130nceleme ekipleri, cumhuriyet savc\u0131s\u0131 ve adli tabibin incelemelerinin ard\u0131ndan Antalya Adli T\u0131p Kurumuna kald\u0131r\u0131ld\u0131. T\u0131r s\u00fcr\u00fcc\u00fcs\u00fc H.Y. ise jandarma ekipleri taraf\u0131ndan g\u00f6zalt\u0131na al\u0131nd\u0131. Kaynak: www.kanalv.com.tr Haber Sitesinden Al\u0131nm\u0131\u015ft\u0131r.\" \/>\n<meta property=\"og:url\" content=\"https:\/\/denizcankizil.tr\/de\/haberler\/antalya\/tira-arkadan-carpan-motosikletin-surucusu-hayatini-kaybetti\/\" \/>\n<meta property=\"og:site_name\" content=\"Av. Deniz Can K\u0131z\u0131l\" \/>\n<meta property=\"article:published_time\" content=\"2025-04-28T06:41:14+00:00\" \/>\n<meta name=\"author\" content=\"Av. Deniz Can K\u0131z\u0131l\" \/>\n<meta name=\"twitter:card\" content=\"summary_large_image\" \/>\n<meta name=\"twitter:label1\" content=\"Verfasst von\" \/>\n\t<meta name=\"twitter:data1\" content=\"Av. Deniz Can K\u0131z\u0131l\" \/>\n\t<meta name=\"twitter:label2\" content=\"Gesch\u00e4tzte Lesezeit\" \/>\n\t<meta name=\"twitter:data2\" content=\"1\u00a0Minute\" \/>\n<script type=\"application\/ld+json\" class=\"yoast-schema-graph\">{\"@context\":\"https:\/\/schema.org\",\"@graph\":[{\"@type\":\"Article\",\"@id\":\"https:\/\/denizcankizil.tr\/ru\/haberler\/antalya\/tira-arkadan-carpan-motosikletin-surucusu-hayatini-kaybetti\/#article\",\"isPartOf\":{\"@id\":\"https:\/\/denizcankizil.tr\/ru\/haberler\/antalya\/tira-arkadan-carpan-motosikletin-surucusu-hayatini-kaybetti\/\"},\"author\":{\"name\":\"Av. Deniz Can K\u0131z\u0131l\",\"@id\":\"https:\/\/denizcankizil.tr\/de\/#\/schema\/person\/5dc1b22991bd7ac833867c10afc9b0ff\"},\"headline\":\"T\u0131ra arkadan \u00e7arpan motosikletin s\u00fcr\u00fcc\u00fcs\u00fc hayat\u0131n\u0131 kaybetti\",\"datePublished\":\"2025-04-28T06:41:14+00:00\",\"mainEntityOfPage\":{\"@id\":\"https:\/\/denizcankizil.tr\/ru\/haberler\/antalya\/tira-arkadan-carpan-motosikletin-surucusu-hayatini-kaybetti\/\"},\"wordCount\":133,\"publisher\":{\"@id\":\"https:\/\/denizcankizil.tr\/de\/#organization\"},\"articleSection\":[\"Antalya\"],\"inLanguage\":\"de\"},{\"@type\":\"WebPage\",\"@id\":\"https:\/\/denizcankizil.tr\/ru\/haberler\/antalya\/tira-arkadan-carpan-motosikletin-surucusu-hayatini-kaybetti\/\",\"url\":\"https:\/\/denizcankizil.tr\/ru\/haberler\/antalya\/tira-arkadan-carpan-motosikletin-surucusu-hayatini-kaybetti\/\",\"name\":\"T\u0131ra arkadan \u00e7arpan motosikletin s\u00fcr\u00fcc\u00fcs\u00fc hayat\u0131n\u0131 kaybetti - Av. Deniz Can K\u0131z\u0131l\",\"isPartOf\":{\"@id\":\"https:\/\/denizcankizil.tr\/de\/#website\"},\"datePublished\":\"2025-04-28T06:41:14+00:00\",\"breadcrumb\":{\"@id\":\"https:\/\/denizcankizil.tr\/ru\/haberler\/antalya\/tira-arkadan-carpan-motosikletin-surucusu-hayatini-kaybetti\/#breadcrumb\"},\"inLanguage\":\"de\",\"potentialAction\":[{\"@type\":\"ReadAction\",\"target\":[\"https:\/\/denizcankizil.tr\/ru\/haberler\/antalya\/tira-arkadan-carpan-motosikletin-surucusu-hayatini-kaybetti\/\"]}]},{\"@type\":\"BreadcrumbList\",\"@id\":\"https:\/\/denizcankizil.tr\/ru\/haberler\/antalya\/tira-arkadan-carpan-motosikletin-surucusu-hayatini-kaybetti\/#breadcrumb\",\"itemListElement\":[{\"@type\":\"ListItem\",\"position\":1,\"name\":\"Home\",\"item\":\"https:\/\/denizcankizil.tr\/de\/\"},{\"@type\":\"ListItem\",\"position\":2,\"name\":\"T\u0131ra arkadan \u00e7arpan motosikletin s\u00fcr\u00fcc\u00fcs\u00fc hayat\u0131n\u0131 kaybetti\"}]},{\"@type\":\"WebSite\",\"@id\":\"https:\/\/denizcankizil.tr\/de\/#website\",\"url\":\"https:\/\/denizcankizil.tr\/de\/\",\"name\":\"Av. Deniz Can K\u0131z\u0131l\",\"description\":\"Avukat Deniz Can K\u0131z\u0131l Antalya Barosu\",\"publisher\":{\"@id\":\"https:\/\/denizcankizil.tr\/de\/#organization\"},\"potentialAction\":[{\"@type\":\"SearchAction\",\"target\":{\"@type\":\"EntryPoint\",\"urlTemplate\":\"https:\/\/denizcankizil.tr\/de\/?s={search_term_string}\"},\"query-input\":{\"@type\":\"PropertyValueSpecification\",\"valueRequired\":true,\"valueName\":\"search_term_string\"}}],\"inLanguage\":\"de\"},{\"@type\":\"Organization\",\"@id\":\"https:\/\/denizcankizil.tr\/de\/#organization\",\"name\":\"Av. Deniz Can K\u0131z\u0131l\",\"url\":\"https:\/\/denizcankizil.tr\/de\/\",\"logo\":{\"@type\":\"ImageObject\",\"inLanguage\":\"de\",\"@id\":\"https:\/\/denizcankizil.tr\/de\/#\/schema\/logo\/image\/\",\"url\":\"https:\/\/denizcankizil.tr\/wp-content\/uploads\/2024\/10\/siyah-logo-svg.svg\",\"contentUrl\":\"https:\/\/denizcankizil.tr\/wp-content\/uploads\/2024\/10\/siyah-logo-svg.svg\",\"width\":1080,\"height\":1080,\"caption\":\"Av. Deniz Can K\u0131z\u0131l\"},\"image\":{\"@id\":\"https:\/\/denizcankizil.tr\/de\/#\/schema\/logo\/image\/\"}},{\"@type\":\"Person\",\"@id\":\"https:\/\/denizcankizil.tr\/de\/#\/schema\/person\/5dc1b22991bd7ac833867c10afc9b0ff\",\"name\":\"Av. Deniz Can K\u0131z\u0131l\",\"image\":{\"@type\":\"ImageObject\",\"inLanguage\":\"de\",\"@id\":\"https:\/\/denizcankizil.tr\/de\/#\/schema\/person\/image\/\",\"url\":\"https:\/\/secure.gravatar.com\/avatar\/a0b128fb9855c79efc976d5640eedb31dc35ec297594d6016d2cf7c60e975bb6?s=96&d=mm&r=g\",\"contentUrl\":\"https:\/\/secure.gravatar.com\/avatar\/a0b128fb9855c79efc976d5640eedb31dc35ec297594d6016d2cf7c60e975bb6?s=96&d=mm&r=g\",\"caption\":\"Av. Deniz Can K\u0131z\u0131l\"},\"sameAs\":[\"http:\/\/www.denizcankizil.tr\"],\"url\":\"https:\/\/denizcankizil.tr\/de\/author\/denizcankizil\/\"}]}<\/script>\n<!-- \/ Yoast SEO Premium plugin. -->","yoast_head_json":{"title":"T\u0131ra arkadan \u00e7arpan motosikletin s\u00fcr\u00fcc\u00fcs\u00fc hayat\u0131n\u0131 kaybetti - Av. Deniz Can K\u0131z\u0131l","robots":{"index":"index","follow":"follow","max-snippet":"max-snippet:-1","max-image-preview":"max-image-preview:large","max-video-preview":"max-video-preview:-1"},"canonical":"https:\/\/denizcankizil.tr\/de\/haberler\/antalya\/tira-arkadan-carpan-motosikletin-surucusu-hayatini-kaybetti\/","og_locale":"de_DE","og_type":"article","og_title":"T\u0131ra arkadan \u00e7arpan motosikletin s\u00fcr\u00fcc\u00fcs\u00fc hayat\u0131n\u0131 kaybetti","og_description":"Kaza, Manavgat-Antalya D-400 karayolunda ya\u015fand\u0131. Edinilen bilgiye g\u00f6re, Manavgat istikametinden Antalya istikametine seyir halindeki Batuhan U\u00e7ar&#8217;\u0131n kulland\u0131\u011f\u0131 07 BUP 313 plakal\u0131 motosiklet, Ta\u015fa\u011f\u0131l kav\u015fa\u011f\u0131na yakla\u015ft\u0131\u011f\u0131 s\u0131rada yolun sa\u011f\u0131nda emniyet \u015feridinde park halindeki H.Y.&#8217;nin kulland\u0131\u011f\u0131 33 DA 255 plakal\u0131 t\u0131ra arkadan \u00e7arpt\u0131. Kazada motosiklet s\u00fcr\u00fcc\u00fcs\u00fc Batuhan U\u00e7ar (26) olay yerinde ya\u015fam\u0131n\u0131 yitirdi. U\u00e7ar\u2019\u0131n cenazesi, Jandarma Olay Yeri \u0130nceleme ekipleri, cumhuriyet savc\u0131s\u0131 ve adli tabibin incelemelerinin ard\u0131ndan Antalya Adli T\u0131p Kurumuna kald\u0131r\u0131ld\u0131. T\u0131r s\u00fcr\u00fcc\u00fcs\u00fc H.Y. ise jandarma ekipleri taraf\u0131ndan g\u00f6zalt\u0131na al\u0131nd\u0131. Kaynak: www.kanalv.com.tr Haber Sitesinden Al\u0131nm\u0131\u015ft\u0131r.","og_url":"https:\/\/denizcankizil.tr\/de\/haberler\/antalya\/tira-arkadan-carpan-motosikletin-surucusu-hayatini-kaybetti\/","og_site_name":"Av. Deniz Can K\u0131z\u0131l","article_published_time":"2025-04-28T06:41:14+00:00","author":"Av. Deniz Can K\u0131z\u0131l","twitter_card":"summary_large_image","twitter_misc":{"Verfasst von":"Av. Deniz Can K\u0131z\u0131l","Gesch\u00e4tzte Lesezeit":"1\u00a0Minute"},"schema":{"@context":"https:\/\/schema.org","@graph":[{"@type":"Article","@id":"https:\/\/denizcankizil.tr\/ru\/haberler\/antalya\/tira-arkadan-carpan-motosikletin-surucusu-hayatini-kaybetti\/#article","isPartOf":{"@id":"https:\/\/denizcankizil.tr\/ru\/haberler\/antalya\/tira-arkadan-carpan-motosikletin-surucusu-hayatini-kaybetti\/"},"author":{"name":"Av. Deniz Can K\u0131z\u0131l","@id":"https:\/\/denizcankizil.tr\/de\/#\/schema\/person\/5dc1b22991bd7ac833867c10afc9b0ff"},"headline":"T\u0131ra arkadan \u00e7arpan motosikletin s\u00fcr\u00fcc\u00fcs\u00fc hayat\u0131n\u0131 kaybetti","datePublished":"2025-04-28T06:41:14+00:00","mainEntityOfPage":{"@id":"https:\/\/denizcankizil.tr\/ru\/haberler\/antalya\/tira-arkadan-carpan-motosikletin-surucusu-hayatini-kaybetti\/"},"wordCount":133,"publisher":{"@id":"https:\/\/denizcankizil.tr\/de\/#organization"},"articleSection":["Antalya"],"inLanguage":"de"},{"@type":"WebPage","@id":"https:\/\/denizcankizil.tr\/ru\/haberler\/antalya\/tira-arkadan-carpan-motosikletin-surucusu-hayatini-kaybetti\/","url":"https:\/\/denizcankizil.tr\/ru\/haberler\/antalya\/tira-arkadan-carpan-motosikletin-surucusu-hayatini-kaybetti\/","name":"T\u0131ra arkadan \u00e7arpan motosikletin s\u00fcr\u00fcc\u00fcs\u00fc hayat\u0131n\u0131 kaybetti - Av. Deniz Can K\u0131z\u0131l","isPartOf":{"@id":"https:\/\/denizcankizil.tr\/de\/#website"},"datePublished":"2025-04-28T06:41:14+00:00","breadcrumb":{"@id":"https:\/\/denizcankizil.tr\/ru\/haberler\/antalya\/tira-arkadan-carpan-motosikletin-surucusu-hayatini-kaybetti\/#breadcrumb"},"inLanguage":"de","potentialAction":[{"@type":"ReadAction","target":["https:\/\/denizcankizil.tr\/ru\/haberler\/antalya\/tira-arkadan-carpan-motosikletin-surucusu-hayatini-kaybetti\/"]}]},{"@type":"BreadcrumbList","@id":"https:\/\/denizcankizil.tr\/ru\/haberler\/antalya\/tira-arkadan-carpan-motosikletin-surucusu-hayatini-kaybetti\/#breadcrumb","itemListElement":[{"@type":"ListItem","position":1,"name":"Home","item":"https:\/\/denizcankizil.tr\/de\/"},{"@type":"ListItem","position":2,"name":"T\u0131ra arkadan \u00e7arpan motosikletin s\u00fcr\u00fcc\u00fcs\u00fc hayat\u0131n\u0131 kaybetti"}]},{"@type":"WebSite","@id":"https:\/\/denizcankizil.tr\/de\/#website","url":"https:\/\/denizcankizil.tr\/de\/","name":"Av. Deniz Can K\u0131z\u0131l","description":"Avukat Deniz Can K\u0131z\u0131l Antalya Barosu","publisher":{"@id":"https:\/\/denizcankizil.tr\/de\/#organization"},"potentialAction":[{"@type":"SearchAction","target":{"@type":"EntryPoint","urlTemplate":"https:\/\/denizcankizil.tr\/de\/?s={search_term_string}"},"query-input":{"@type":"PropertyValueSpecification","valueRequired":true,"valueName":"search_term_string"}}],"inLanguage":"de"},{"@type":"Organization","@id":"https:\/\/denizcankizil.tr\/de\/#organization","name":"Av. Deniz Can K\u0131z\u0131l","url":"https:\/\/denizcankizil.tr\/de\/","logo":{"@type":"ImageObject","inLanguage":"de","@id":"https:\/\/denizcankizil.tr\/de\/#\/schema\/logo\/image\/","url":"https:\/\/denizcankizil.tr\/wp-content\/uploads\/2024\/10\/siyah-logo-svg.svg","contentUrl":"https:\/\/denizcankizil.tr\/wp-content\/uploads\/2024\/10\/siyah-logo-svg.svg","width":1080,"height":1080,"caption":"Av. Deniz Can K\u0131z\u0131l"},"image":{"@id":"https:\/\/denizcankizil.tr\/de\/#\/schema\/logo\/image\/"}},{"@type":"Person","@id":"https:\/\/denizcankizil.tr\/de\/#\/schema\/person\/5dc1b22991bd7ac833867c10afc9b0ff","name":"Av. Deniz Can K\u0131z\u0131l","image":{"@type":"ImageObject","inLanguage":"de","@id":"https:\/\/denizcankizil.tr\/de\/#\/schema\/person\/image\/","url":"https:\/\/secure.gravatar.com\/avatar\/a0b128fb9855c79efc976d5640eedb31dc35ec297594d6016d2cf7c60e975bb6?s=96&d=mm&r=g","contentUrl":"https:\/\/secure.gravatar.com\/avatar\/a0b128fb9855c79efc976d5640eedb31dc35ec297594d6016d2cf7c60e975bb6?s=96&d=mm&r=g","caption":"Av. Deniz Can K\u0131z\u0131l"},"sameAs":["http:\/\/www.denizcankizil.tr"],"url":"https:\/\/denizcankizil.tr\/de\/author\/denizcankizil\/"}]}},"_links":{"self":[{"href":"https:\/\/denizcankizil.tr\/de\/wp-json\/wp\/v2\/posts\/68976","targetHints":{"allow":["GET"]}}],"collection":[{"href":"https:\/\/denizcankizil.tr\/de\/wp-json\/wp\/v2\/posts"}],"about":[{"href":"https:\/\/denizcankizil.tr\/de\/wp-json\/wp\/v2\/types\/post"}],"author":[{"embeddable":true,"href":"https:\/\/denizcankizil.tr\/de\/wp-json\/wp\/v2\/users\/4"}],"replies":[{"embeddable":true,"href":"https:\/\/denizcankizil.tr\/de\/wp-json\/wp\/v2\/comments?post=68976"}],"version-history":[{"count":0,"href":"https:\/\/denizcankizil.tr\/de\/wp-json\/wp\/v2\/posts\/68976\/revisions"}],"wp:attachment":[{"href":"https:\/\/denizcankizil.tr\/de\/wp-json\/wp\/v2\/media?parent=68976"}],"wp:term":[{"taxonomy":"category","embeddable":true,"href":"https:\/\/denizcankizil.tr\/de\/wp-json\/wp\/v2\/categories?post=68976"},{"taxonomy":"post_tag","embeddable":true,"href":"https:\/\/denizcankizil.tr\/de\/wp-json\/wp\/v2\/tags?post=68976"}],"curies":[{"name":"wp","href":"https:\/\/api.w.org\/{rel}","templated":true}]}}