{"id":67028,"date":"2025-04-26T12:41:13","date_gmt":"2025-04-26T09:41:13","guid":{"rendered":"https:\/\/denizcankizil.tr\/uncategorized-tr\/en-fazla-normal-dogum-yaptiran-ebeye-odul\/"},"modified":"2025-04-26T12:41:13","modified_gmt":"2025-04-26T09:41:13","slug":"en-fazla-normal-dogum-yaptiran-ebeye-odul","status":"publish","type":"post","link":"https:\/\/denizcankizil.tr\/de\/haberler\/antalya\/en-fazla-normal-dogum-yaptiran-ebeye-odul\/","title":{"rendered":"En fazla normal do\u011fum yapt\u0131ran ebeye \u00f6d\u00fcl"},"content":{"rendered":"<p>Normal do\u011fumun anne, bebek ve toplum sa\u011fl\u0131\u011f\u0131 a\u00e7\u0131s\u0131ndan b\u00fcy\u00fck \u00f6nem ta\u015f\u0131d\u0131\u011f\u0131na dikkat \u00e7eken Manavgat Devlet Hastanesi Ba\u015fhekim Yard\u0131mc\u0131s\u0131 Uzman Dr. Mehmet Ali Karl\u0131da\u011f, &#8220;Sezaryen bir gereklilik de\u011fil, ancak t\u0131bbi zorunluluk halinde ba\u015fvurulmas\u0131 gereken bir y\u00f6ntemdir. Eylem plan\u0131m\u0131z kapsam\u0131nda 2024 ve 2025 y\u0131l\u0131n\u0131n ilk 3 ay\u0131nda en fazla normal do\u011fum yapt\u0131ran ebeye te\u015fekk\u00fcr belgesi takdim ediyoruz. 2025 y\u0131l\u0131 boyunca her ay en az sezaryen yapan hekim, ebe ve hem\u015firelere te\u015fekk\u00fcr belgesi verilecektir. Ebe Ay\u015fe Do\u011fanay\u2019a \u00f6zverili \u00e7al\u0131\u015fmalar\u0131 ve normal do\u011fuma katk\u0131lar\u0131ndan dolay\u0131 te\u015fekk\u00fcr ediyorum&#8221; dedi.<br \/>\nNormal do\u011fumu te\u015fvik etmeye ve sezaryen oranlar\u0131n\u0131 d\u00fc\u015f\u00fcrmeye y\u00f6nelik \u00e7al\u0131\u015fmalar\u0131n kararl\u0131l\u0131kla devam edece\u011fini belirten Ba\u015fhekim Yard\u0131mc\u0131s\u0131 Dr. \u00dclk\u00fc Yasemin Avc\u0131, &#8220;\u00d6d\u00fcllendirmelerin, hekimlerimizi ve sa\u011fl\u0131k \u00e7al\u0131\u015fanlar\u0131m\u0131z\u0131 motive etmek ve toplumda fark\u0131ndal\u0131k olu\u015fturmak a\u00e7\u0131s\u0131ndan \u00f6nemli oldu\u011funu d\u00fc\u015f\u00fcn\u00fcyorum&#8221; dedi.<\/p>\n<p>Kaynak: www.kanalv.com.tr Haber Sitesinden Al\u0131nm\u0131\u015ft\u0131r.<\/p>","protected":false},"excerpt":{"rendered":"<p>Normal do\u011fumun anne, bebek ve toplum sa\u011fl\u0131\u011f\u0131 a\u00e7\u0131s\u0131ndan b\u00fcy\u00fck \u00f6nem ta\u015f\u0131d\u0131\u011f\u0131na dikkat \u00e7eken Manavgat Devlet Hastanesi Ba\u015fhekim Yard\u0131mc\u0131s\u0131 Uzman Dr. Mehmet Ali Karl\u0131da\u011f, &#8220;Sezaryen bir gereklilik de\u011fil, ancak t\u0131bbi zorunluluk halinde ba\u015fvurulmas\u0131 gereken bir y\u00f6ntemdir. Eylem plan\u0131m\u0131z kapsam\u0131nda 2024 ve 2025 y\u0131l\u0131n\u0131n ilk 3 ay\u0131nda en fazla normal do\u011fum yapt\u0131ran ebeye te\u015fekk\u00fcr belgesi takdim ediyoruz. 2025 y\u0131l\u0131 boyunca her ay en az sezaryen yapan hekim, ebe ve hem\u015firelere te\u015fekk\u00fcr belgesi verilecektir. Ebe Ay\u015fe Do\u011fanay\u2019a \u00f6zverili \u00e7al\u0131\u015fmalar\u0131 ve normal do\u011fuma katk\u0131lar\u0131ndan dolay\u0131 te\u015fekk\u00fcr ediyorum&#8221; dedi. Normal do\u011fumu te\u015fvik etmeye ve sezaryen oranlar\u0131n\u0131 d\u00fc\u015f\u00fcrmeye y\u00f6nelik \u00e7al\u0131\u015fmalar\u0131n kararl\u0131l\u0131kla devam edece\u011fini belirten Ba\u015fhekim Yard\u0131mc\u0131s\u0131 Dr. \u00dclk\u00fc Yasemin Avc\u0131, &#8220;\u00d6d\u00fcllendirmelerin, hekimlerimizi ve sa\u011fl\u0131k \u00e7al\u0131\u015fanlar\u0131m\u0131z\u0131 motive etmek ve toplumda fark\u0131ndal\u0131k olu\u015fturmak a\u00e7\u0131s\u0131ndan \u00f6nemli oldu\u011funu d\u00fc\u015f\u00fcn\u00fcyorum&#8221; dedi. Kaynak: www.kanalv.com.tr Haber Sitesinden Al\u0131nm\u0131\u015ft\u0131r.<\/p>","protected":false},"author":4,"featured_media":0,"comment_status":"","ping_status":"open","sticky":false,"template":"","format":"standard","meta":{"_acf_changed":false,"footnotes":""},"categories":[26],"tags":[],"class_list":["post-67028","post","type-post","status-publish","format-standard","hentry","category-antalya"],"acf":[],"yoast_head":"<!-- This site is optimized with the Yoast SEO Premium plugin v26.6 (Yoast SEO v27.1.1) - https:\/\/yoast.com\/product\/yoast-seo-premium-wordpress\/ -->\n<title>En fazla normal do\u011fum yapt\u0131ran ebeye \u00f6d\u00fcl - Av. Deniz Can K\u0131z\u0131l<\/title>\n<meta name=\"robots\" content=\"index, follow, max-snippet:-1, max-image-preview:large, max-video-preview:-1\" \/>\n<link rel=\"canonical\" href=\"https:\/\/denizcankizil.tr\/de\/haberler\/antalya\/en-fazla-normal-dogum-yaptiran-ebeye-odul\/\" \/>\n<meta property=\"og:locale\" content=\"de_DE\" \/>\n<meta property=\"og:type\" content=\"article\" \/>\n<meta property=\"og:title\" content=\"En fazla normal do\u011fum yapt\u0131ran ebeye \u00f6d\u00fcl\" \/>\n<meta property=\"og:description\" content=\"Normal do\u011fumun anne, bebek ve toplum sa\u011fl\u0131\u011f\u0131 a\u00e7\u0131s\u0131ndan b\u00fcy\u00fck \u00f6nem ta\u015f\u0131d\u0131\u011f\u0131na dikkat \u00e7eken Manavgat Devlet Hastanesi Ba\u015fhekim Yard\u0131mc\u0131s\u0131 Uzman Dr. Mehmet Ali Karl\u0131da\u011f, &#8220;Sezaryen bir gereklilik de\u011fil, ancak t\u0131bbi zorunluluk halinde ba\u015fvurulmas\u0131 gereken bir y\u00f6ntemdir. Eylem plan\u0131m\u0131z kapsam\u0131nda 2024 ve 2025 y\u0131l\u0131n\u0131n ilk 3 ay\u0131nda en fazla normal do\u011fum yapt\u0131ran ebeye te\u015fekk\u00fcr belgesi takdim ediyoruz. 2025 y\u0131l\u0131 boyunca her ay en az sezaryen yapan hekim, ebe ve hem\u015firelere te\u015fekk\u00fcr belgesi verilecektir. Ebe Ay\u015fe Do\u011fanay\u2019a \u00f6zverili \u00e7al\u0131\u015fmalar\u0131 ve normal do\u011fuma katk\u0131lar\u0131ndan dolay\u0131 te\u015fekk\u00fcr ediyorum&#8221; dedi. Normal do\u011fumu te\u015fvik etmeye ve sezaryen oranlar\u0131n\u0131 d\u00fc\u015f\u00fcrmeye y\u00f6nelik \u00e7al\u0131\u015fmalar\u0131n kararl\u0131l\u0131kla devam edece\u011fini belirten Ba\u015fhekim Yard\u0131mc\u0131s\u0131 Dr. \u00dclk\u00fc Yasemin Avc\u0131, &#8220;\u00d6d\u00fcllendirmelerin, hekimlerimizi ve sa\u011fl\u0131k \u00e7al\u0131\u015fanlar\u0131m\u0131z\u0131 motive etmek ve toplumda fark\u0131ndal\u0131k olu\u015fturmak a\u00e7\u0131s\u0131ndan \u00f6nemli oldu\u011funu d\u00fc\u015f\u00fcn\u00fcyorum&#8221; dedi. Kaynak: www.kanalv.com.tr Haber Sitesinden Al\u0131nm\u0131\u015ft\u0131r.\" \/>\n<meta property=\"og:url\" content=\"https:\/\/denizcankizil.tr\/de\/haberler\/antalya\/en-fazla-normal-dogum-yaptiran-ebeye-odul\/\" \/>\n<meta property=\"og:site_name\" content=\"Av. Deniz Can K\u0131z\u0131l\" \/>\n<meta property=\"article:published_time\" content=\"2025-04-26T09:41:13+00:00\" \/>\n<meta name=\"author\" content=\"Av. Deniz Can K\u0131z\u0131l\" \/>\n<meta name=\"twitter:card\" content=\"summary_large_image\" \/>\n<meta name=\"twitter:label1\" content=\"Verfasst von\" \/>\n\t<meta name=\"twitter:data1\" content=\"Av. Deniz Can K\u0131z\u0131l\" \/>\n\t<meta name=\"twitter:label2\" content=\"Gesch\u00e4tzte Lesezeit\" \/>\n\t<meta name=\"twitter:data2\" content=\"1\u00a0Minute\" \/>\n<script type=\"application\/ld+json\" class=\"yoast-schema-graph\">{\"@context\":\"https:\/\/schema.org\",\"@graph\":[{\"@type\":\"Article\",\"@id\":\"https:\/\/denizcankizil.tr\/de\/haberler\/antalya\/en-fazla-normal-dogum-yaptiran-ebeye-odul\/#article\",\"isPartOf\":{\"@id\":\"https:\/\/denizcankizil.tr\/de\/haberler\/antalya\/en-fazla-normal-dogum-yaptiran-ebeye-odul\/\"},\"author\":{\"name\":\"Av. Deniz Can K\u0131z\u0131l\",\"@id\":\"https:\/\/denizcankizil.tr\/#\/schema\/person\/5dc1b22991bd7ac833867c10afc9b0ff\"},\"headline\":\"En fazla normal do\u011fum yapt\u0131ran ebeye \u00f6d\u00fcl\",\"datePublished\":\"2025-04-26T09:41:13+00:00\",\"mainEntityOfPage\":{\"@id\":\"https:\/\/denizcankizil.tr\/de\/haberler\/antalya\/en-fazla-normal-dogum-yaptiran-ebeye-odul\/\"},\"wordCount\":204,\"publisher\":{\"@id\":\"https:\/\/denizcankizil.tr\/#organization\"},\"articleSection\":[\"Antalya\"],\"inLanguage\":\"de\"},{\"@type\":\"WebPage\",\"@id\":\"https:\/\/denizcankizil.tr\/de\/haberler\/antalya\/en-fazla-normal-dogum-yaptiran-ebeye-odul\/\",\"url\":\"https:\/\/denizcankizil.tr\/de\/haberler\/antalya\/en-fazla-normal-dogum-yaptiran-ebeye-odul\/\",\"name\":\"En fazla normal do\u011fum yapt\u0131ran ebeye \u00f6d\u00fcl - Av. Deniz Can K\u0131z\u0131l\",\"isPartOf\":{\"@id\":\"https:\/\/denizcankizil.tr\/#website\"},\"datePublished\":\"2025-04-26T09:41:13+00:00\",\"breadcrumb\":{\"@id\":\"https:\/\/denizcankizil.tr\/de\/haberler\/antalya\/en-fazla-normal-dogum-yaptiran-ebeye-odul\/#breadcrumb\"},\"inLanguage\":\"de\",\"potentialAction\":[{\"@type\":\"ReadAction\",\"target\":[\"https:\/\/denizcankizil.tr\/de\/haberler\/antalya\/en-fazla-normal-dogum-yaptiran-ebeye-odul\/\"]}]},{\"@type\":\"BreadcrumbList\",\"@id\":\"https:\/\/denizcankizil.tr\/de\/haberler\/antalya\/en-fazla-normal-dogum-yaptiran-ebeye-odul\/#breadcrumb\",\"itemListElement\":[{\"@type\":\"ListItem\",\"position\":1,\"name\":\"Home\",\"item\":\"https:\/\/denizcankizil.tr\/de\/\"},{\"@type\":\"ListItem\",\"position\":2,\"name\":\"En fazla normal do\u011fum yapt\u0131ran ebeye \u00f6d\u00fcl\"}]},{\"@type\":\"WebSite\",\"@id\":\"https:\/\/denizcankizil.tr\/#website\",\"url\":\"https:\/\/denizcankizil.tr\/\",\"name\":\"Av. Deniz Can K\u0131z\u0131l\",\"description\":\"Avukat Deniz Can K\u0131z\u0131l Antalya Barosu\",\"publisher\":{\"@id\":\"https:\/\/denizcankizil.tr\/#organization\"},\"potentialAction\":[{\"@type\":\"SearchAction\",\"target\":{\"@type\":\"EntryPoint\",\"urlTemplate\":\"https:\/\/denizcankizil.tr\/?s={search_term_string}\"},\"query-input\":{\"@type\":\"PropertyValueSpecification\",\"valueRequired\":true,\"valueName\":\"search_term_string\"}}],\"inLanguage\":\"de\"},{\"@type\":\"Organization\",\"@id\":\"https:\/\/denizcankizil.tr\/#organization\",\"name\":\"Av. Deniz Can K\u0131z\u0131l\",\"url\":\"https:\/\/denizcankizil.tr\/\",\"logo\":{\"@type\":\"ImageObject\",\"inLanguage\":\"de\",\"@id\":\"https:\/\/denizcankizil.tr\/#\/schema\/logo\/image\/\",\"url\":\"https:\/\/denizcankizil.tr\/wp-content\/uploads\/2024\/10\/siyah-logo-svg.svg\",\"contentUrl\":\"https:\/\/denizcankizil.tr\/wp-content\/uploads\/2024\/10\/siyah-logo-svg.svg\",\"width\":1080,\"height\":1080,\"caption\":\"Av. Deniz Can K\u0131z\u0131l\"},\"image\":{\"@id\":\"https:\/\/denizcankizil.tr\/#\/schema\/logo\/image\/\"}},{\"@type\":\"Person\",\"@id\":\"https:\/\/denizcankizil.tr\/#\/schema\/person\/5dc1b22991bd7ac833867c10afc9b0ff\",\"name\":\"Av. Deniz Can K\u0131z\u0131l\",\"image\":{\"@type\":\"ImageObject\",\"inLanguage\":\"de\",\"@id\":\"https:\/\/denizcankizil.tr\/#\/schema\/person\/image\/\",\"url\":\"https:\/\/secure.gravatar.com\/avatar\/a0b128fb9855c79efc976d5640eedb31dc35ec297594d6016d2cf7c60e975bb6?s=96&d=mm&r=g\",\"contentUrl\":\"https:\/\/secure.gravatar.com\/avatar\/a0b128fb9855c79efc976d5640eedb31dc35ec297594d6016d2cf7c60e975bb6?s=96&d=mm&r=g\",\"caption\":\"Av. Deniz Can K\u0131z\u0131l\"},\"sameAs\":[\"http:\/\/www.denizcankizil.tr\"],\"url\":\"https:\/\/denizcankizil.tr\/de\/author\/denizcankizil\/\"}]}<\/script>\n<!-- \/ Yoast SEO Premium plugin. -->","yoast_head_json":{"title":"En fazla normal do\u011fum yapt\u0131ran ebeye \u00f6d\u00fcl - Av. Deniz Can K\u0131z\u0131l","robots":{"index":"index","follow":"follow","max-snippet":"max-snippet:-1","max-image-preview":"max-image-preview:large","max-video-preview":"max-video-preview:-1"},"canonical":"https:\/\/denizcankizil.tr\/de\/haberler\/antalya\/en-fazla-normal-dogum-yaptiran-ebeye-odul\/","og_locale":"de_DE","og_type":"article","og_title":"En fazla normal do\u011fum yapt\u0131ran ebeye \u00f6d\u00fcl","og_description":"Normal do\u011fumun anne, bebek ve toplum sa\u011fl\u0131\u011f\u0131 a\u00e7\u0131s\u0131ndan b\u00fcy\u00fck \u00f6nem ta\u015f\u0131d\u0131\u011f\u0131na dikkat \u00e7eken Manavgat Devlet Hastanesi Ba\u015fhekim Yard\u0131mc\u0131s\u0131 Uzman Dr. Mehmet Ali Karl\u0131da\u011f, &#8220;Sezaryen bir gereklilik de\u011fil, ancak t\u0131bbi zorunluluk halinde ba\u015fvurulmas\u0131 gereken bir y\u00f6ntemdir. Eylem plan\u0131m\u0131z kapsam\u0131nda 2024 ve 2025 y\u0131l\u0131n\u0131n ilk 3 ay\u0131nda en fazla normal do\u011fum yapt\u0131ran ebeye te\u015fekk\u00fcr belgesi takdim ediyoruz. 2025 y\u0131l\u0131 boyunca her ay en az sezaryen yapan hekim, ebe ve hem\u015firelere te\u015fekk\u00fcr belgesi verilecektir. Ebe Ay\u015fe Do\u011fanay\u2019a \u00f6zverili \u00e7al\u0131\u015fmalar\u0131 ve normal do\u011fuma katk\u0131lar\u0131ndan dolay\u0131 te\u015fekk\u00fcr ediyorum&#8221; dedi. Normal do\u011fumu te\u015fvik etmeye ve sezaryen oranlar\u0131n\u0131 d\u00fc\u015f\u00fcrmeye y\u00f6nelik \u00e7al\u0131\u015fmalar\u0131n kararl\u0131l\u0131kla devam edece\u011fini belirten Ba\u015fhekim Yard\u0131mc\u0131s\u0131 Dr. \u00dclk\u00fc Yasemin Avc\u0131, &#8220;\u00d6d\u00fcllendirmelerin, hekimlerimizi ve sa\u011fl\u0131k \u00e7al\u0131\u015fanlar\u0131m\u0131z\u0131 motive etmek ve toplumda fark\u0131ndal\u0131k olu\u015fturmak a\u00e7\u0131s\u0131ndan \u00f6nemli oldu\u011funu d\u00fc\u015f\u00fcn\u00fcyorum&#8221; dedi. Kaynak: www.kanalv.com.tr Haber Sitesinden Al\u0131nm\u0131\u015ft\u0131r.","og_url":"https:\/\/denizcankizil.tr\/de\/haberler\/antalya\/en-fazla-normal-dogum-yaptiran-ebeye-odul\/","og_site_name":"Av. Deniz Can K\u0131z\u0131l","article_published_time":"2025-04-26T09:41:13+00:00","author":"Av. Deniz Can K\u0131z\u0131l","twitter_card":"summary_large_image","twitter_misc":{"Verfasst von":"Av. Deniz Can K\u0131z\u0131l","Gesch\u00e4tzte Lesezeit":"1\u00a0Minute"},"schema":{"@context":"https:\/\/schema.org","@graph":[{"@type":"Article","@id":"https:\/\/denizcankizil.tr\/de\/haberler\/antalya\/en-fazla-normal-dogum-yaptiran-ebeye-odul\/#article","isPartOf":{"@id":"https:\/\/denizcankizil.tr\/de\/haberler\/antalya\/en-fazla-normal-dogum-yaptiran-ebeye-odul\/"},"author":{"name":"Av. Deniz Can K\u0131z\u0131l","@id":"https:\/\/denizcankizil.tr\/#\/schema\/person\/5dc1b22991bd7ac833867c10afc9b0ff"},"headline":"En fazla normal do\u011fum yapt\u0131ran ebeye \u00f6d\u00fcl","datePublished":"2025-04-26T09:41:13+00:00","mainEntityOfPage":{"@id":"https:\/\/denizcankizil.tr\/de\/haberler\/antalya\/en-fazla-normal-dogum-yaptiran-ebeye-odul\/"},"wordCount":204,"publisher":{"@id":"https:\/\/denizcankizil.tr\/#organization"},"articleSection":["Antalya"],"inLanguage":"de"},{"@type":"WebPage","@id":"https:\/\/denizcankizil.tr\/de\/haberler\/antalya\/en-fazla-normal-dogum-yaptiran-ebeye-odul\/","url":"https:\/\/denizcankizil.tr\/de\/haberler\/antalya\/en-fazla-normal-dogum-yaptiran-ebeye-odul\/","name":"En fazla normal do\u011fum yapt\u0131ran ebeye \u00f6d\u00fcl - Av. Deniz Can K\u0131z\u0131l","isPartOf":{"@id":"https:\/\/denizcankizil.tr\/#website"},"datePublished":"2025-04-26T09:41:13+00:00","breadcrumb":{"@id":"https:\/\/denizcankizil.tr\/de\/haberler\/antalya\/en-fazla-normal-dogum-yaptiran-ebeye-odul\/#breadcrumb"},"inLanguage":"de","potentialAction":[{"@type":"ReadAction","target":["https:\/\/denizcankizil.tr\/de\/haberler\/antalya\/en-fazla-normal-dogum-yaptiran-ebeye-odul\/"]}]},{"@type":"BreadcrumbList","@id":"https:\/\/denizcankizil.tr\/de\/haberler\/antalya\/en-fazla-normal-dogum-yaptiran-ebeye-odul\/#breadcrumb","itemListElement":[{"@type":"ListItem","position":1,"name":"Home","item":"https:\/\/denizcankizil.tr\/de\/"},{"@type":"ListItem","position":2,"name":"En fazla normal do\u011fum yapt\u0131ran ebeye \u00f6d\u00fcl"}]},{"@type":"WebSite","@id":"https:\/\/denizcankizil.tr\/#website","url":"https:\/\/denizcankizil.tr\/","name":"Av. Deniz Can K\u0131z\u0131l","description":"Avukat Deniz Can K\u0131z\u0131l Antalya Barosu","publisher":{"@id":"https:\/\/denizcankizil.tr\/#organization"},"potentialAction":[{"@type":"SearchAction","target":{"@type":"EntryPoint","urlTemplate":"https:\/\/denizcankizil.tr\/?s={search_term_string}"},"query-input":{"@type":"PropertyValueSpecification","valueRequired":true,"valueName":"search_term_string"}}],"inLanguage":"de"},{"@type":"Organization","@id":"https:\/\/denizcankizil.tr\/#organization","name":"Av. Deniz Can K\u0131z\u0131l","url":"https:\/\/denizcankizil.tr\/","logo":{"@type":"ImageObject","inLanguage":"de","@id":"https:\/\/denizcankizil.tr\/#\/schema\/logo\/image\/","url":"https:\/\/denizcankizil.tr\/wp-content\/uploads\/2024\/10\/siyah-logo-svg.svg","contentUrl":"https:\/\/denizcankizil.tr\/wp-content\/uploads\/2024\/10\/siyah-logo-svg.svg","width":1080,"height":1080,"caption":"Av. Deniz Can K\u0131z\u0131l"},"image":{"@id":"https:\/\/denizcankizil.tr\/#\/schema\/logo\/image\/"}},{"@type":"Person","@id":"https:\/\/denizcankizil.tr\/#\/schema\/person\/5dc1b22991bd7ac833867c10afc9b0ff","name":"Av. Deniz Can K\u0131z\u0131l","image":{"@type":"ImageObject","inLanguage":"de","@id":"https:\/\/denizcankizil.tr\/#\/schema\/person\/image\/","url":"https:\/\/secure.gravatar.com\/avatar\/a0b128fb9855c79efc976d5640eedb31dc35ec297594d6016d2cf7c60e975bb6?s=96&d=mm&r=g","contentUrl":"https:\/\/secure.gravatar.com\/avatar\/a0b128fb9855c79efc976d5640eedb31dc35ec297594d6016d2cf7c60e975bb6?s=96&d=mm&r=g","caption":"Av. Deniz Can K\u0131z\u0131l"},"sameAs":["http:\/\/www.denizcankizil.tr"],"url":"https:\/\/denizcankizil.tr\/de\/author\/denizcankizil\/"}]}},"_links":{"self":[{"href":"https:\/\/denizcankizil.tr\/de\/wp-json\/wp\/v2\/posts\/67028","targetHints":{"allow":["GET"]}}],"collection":[{"href":"https:\/\/denizcankizil.tr\/de\/wp-json\/wp\/v2\/posts"}],"about":[{"href":"https:\/\/denizcankizil.tr\/de\/wp-json\/wp\/v2\/types\/post"}],"author":[{"embeddable":true,"href":"https:\/\/denizcankizil.tr\/de\/wp-json\/wp\/v2\/users\/4"}],"replies":[{"embeddable":true,"href":"https:\/\/denizcankizil.tr\/de\/wp-json\/wp\/v2\/comments?post=67028"}],"version-history":[{"count":0,"href":"https:\/\/denizcankizil.tr\/de\/wp-json\/wp\/v2\/posts\/67028\/revisions"}],"wp:attachment":[{"href":"https:\/\/denizcankizil.tr\/de\/wp-json\/wp\/v2\/media?parent=67028"}],"wp:term":[{"taxonomy":"category","embeddable":true,"href":"https:\/\/denizcankizil.tr\/de\/wp-json\/wp\/v2\/categories?post=67028"},{"taxonomy":"post_tag","embeddable":true,"href":"https:\/\/denizcankizil.tr\/de\/wp-json\/wp\/v2\/tags?post=67028"}],"curies":[{"name":"wp","href":"https:\/\/api.w.org\/{rel}","templated":true}]}}