{"id":66977,"date":"2025-04-26T10:42:32","date_gmt":"2025-04-26T07:42:32","guid":{"rendered":"https:\/\/denizcankizil.tr\/uncategorized-tr\/ordu-itfaiye-dairesi-baskani-umut-alana-yeni-gorev\/"},"modified":"2025-04-26T10:42:32","modified_gmt":"2025-04-26T07:42:32","slug":"ordu-itfaiye-dairesi-baskani-umut-alana-yeni-gorev","status":"publish","type":"post","link":"https:\/\/denizcankizil.tr\/de\/haberler\/gundem\/ordu-itfaiye-dairesi-baskani-umut-alana-yeni-gorev\/","title":{"rendered":"Ordu \u0130tfaiye Dairesi Ba\u015fkan\u0131 Umut Alan\u2019a yeni g\u00f6rev"},"content":{"rendered":"<p>Ordu B\u00fcy\u00fck\u015fehir Belediyesi \u0130tfaiye Dairesi Ba\u015fkan\u0131 Umut ALAN, \u00fclke genelinde 40 bine yak\u0131n itfaiye \u00e7al\u0131\u015fan\u0131 bulunan itfaiye te\u015fkilatlar\u0131n\u0131n temsil edildi\u011fi T\u00fcm \u0130tfaiyeciler Birli\u011fi 14.Ola\u011fan Genel Kurulu\u2019nda Genel Ba\u015fkan Yard\u0131mc\u0131s\u0131 olarak se\u00e7ildi.ORDU (\u0130GFA) &#8211;\u00a0Ordu B\u00fcy\u00fck\u015fehir Belediyesi \u0130tfaiye Dairesi Ba\u015fkan\u0131 Umut ALAN, \u00fclke genelinde 40 bine yak\u0131n itfaiye \u00e7al\u0131\u015fan\u0131 bulunan itfaiye te\u015fkilatlar\u0131n\u0131n temsil edildi\u011fi T\u00fcm \u0130tfaiyeciler Birli\u011fi 14.Ola\u011fan Genel Kurulu\u2019nda Genel Ba\u015fkan Yard\u0131mc\u0131s\u0131 olarak se\u00e7ildi.<br \/>\nOrdu B\u00fcy\u00fck\u015fehir Belediye Ba\u015fkan\u0131 Dr. Mehmet Hilmi G\u00fcler\u2019in tensipleriyle \u0130tfaiye Dairesi Ba\u015fkan\u0131 olarak atanan ve g\u00f6rev yapt\u0131\u011f\u0131 s\u00fcre boyunca ekibiyle bir\u00e7ok ba\u015far\u0131l\u0131 \u00e7al\u0131\u015fmalara imza atan Ordu B\u00fcy\u00fck\u015fehir Belediyesi \u0130tfaiye Dairesi Ba\u015fkan\u0131 Umut Alan, Malatya\u2019da d\u00fczenlenen T\u00fcm \u0130tfaiyeciler Birli\u011fi 12. Ola\u011fan Genel Kurulu\u2019nda Genel Ba\u015fkan Yard\u0131mc\u0131s\u0131 se\u00e7ildi.<\/p>\n<p>DA\u0130RE BA\u015eKANI UMUT ALAN\u2019DAN TE\u015eEKK\u00dcR<br \/>\nB\u00fcy\u00fck\u015fehir Belediyesi \u0130tfaiye Dairesi Ba\u015fkan\u0131 Umut Alan, bu g\u00f6reve se\u00e7ilmesinde eme\u011fi ge\u00e7en herkese te\u015fekk\u00fcr etti.<br \/>\nDaire Ba\u015fkan\u0131 Umut Alan yapt\u0131\u011f\u0131 a\u00e7\u0131klamada \u015fu ifadelere yer verdi:<br \/>\n\u201c\u00d6ncelikle Ordu B\u00fcy\u00fck\u015fehir Belediyesi \u0130tfaiye Dairesi Ba\u015fkanl\u0131\u011f\u0131 g\u00f6revini bizlere lay\u0131k g\u00f6rerek takdim eden Ordu B\u00fcy\u00fck\u015fehir Belediye Ba\u015fkan\u0131m\u0131z Say\u0131n Dr. Mehmet Hilmi G\u00fcler\u2019e \u00e7ok te\u015fekk\u00fcr ediyorum. Bu vesileyle bu hafta Malatya ilinde yap\u0131lan ve yakla\u015f\u0131k 40 bine yak\u0131n itfaiye \u00e7al\u0131\u015fan\u0131n\u0131 temsil eden T\u00fcm \u0130tfaiyeciler Birli\u011fi 14. Ola\u011fan Genel Kurulu sonras\u0131 yap\u0131lan se\u00e7imle beni Genel Ba\u015fkan Yard\u0131mc\u0131l\u0131\u011f\u0131na lay\u0131k g\u00f6ren t\u00fcm meslekta\u015flar\u0131ma \u00e7ok te\u015fekk\u00fcr ediyorum. Hep beraber daha g\u00fczel i\u015fler yapmak ad\u0131na s\u0131k\u0131 \u00e7al\u0131\u015fma ger\u00e7ekle\u015ftirece\u011fiz. Ayr\u0131ca yapaca\u011f\u0131m\u0131z \u00e7al\u0131\u015fmalarla Ordu B\u00fcy\u00fck\u015fehir Belediyemizi en g\u00fczel \u015fekilde temsil ederek \u00fclkemizde \u00f6rnek projeler ger\u00e7ekle\u015ftirece\u011fiz. \u0130tfaiye te\u015fkilat\u0131m\u0131za her t\u00fcrl\u00fc imkan\u0131 sa\u011flayarak her \u00e7al\u0131\u015fmam\u0131zda bizlere destek veren B\u00fcy\u00fck\u015fehir Belediye Ba\u015fkan\u0131m\u0131z Sayg\u0131de\u011fer Dr. Mehmet Hilmi G\u00fcler\u2019e \u015f\u00fckranlar\u0131m\u0131 sunar\u0131m.\u201d<\/p>\n<p>\u200bOrdu B\u00fcy\u00fck\u015fehir Belediyesi \u0130tfaiye Dairesi Ba\u015fkan\u0131 Umut ALAN, \u00fclke genelinde 40 bine yak\u0131n itfaiye \u00e7al\u0131\u015fan\u0131 bulunan itfaiye te\u015fkilatlar\u0131n\u0131n temsil edildi\u011fi T\u00fcm \u0130tfaiyeciler Birli\u011fi 14.Ola\u011fan Genel Kurulu\u2019nda Genel Ba\u015fkan Yard\u0131mc\u0131s\u0131 olarak se\u00e7ildi.ORDU (\u0130GFA) &#8211;\u00a0Ordu B\u00fcy\u00fck\u015fehir Belediyesi \u0130tfaiye Dairesi Ba\u015fkan\u0131 Umut ALAN, \u00fclke genelinde 40 bine yak\u0131n itfaiye \u00e7al\u0131\u015fan\u0131 bulunan itfaiye te\u015fkilatlar\u0131n\u0131n temsil edildi\u011fi T\u00fcm \u0130tfaiyeciler Birli\u011fi 14.Ola\u011fan Genel Kurulu\u2019nda Genel Ba\u015fkan Yard\u0131mc\u0131s\u0131 olarak se\u00e7ildi.<br \/>\nOrdu B\u00fcy\u00fck\u015fehir Belediye Ba\u015fkan\u0131 Dr. Mehmet Hilmi G\u00fcler\u2019in tensipleriyle \u0130tfaiye Dairesi Ba\u015fkan\u0131 olarak atanan ve g\u00f6rev yapt\u0131\u011f\u0131 s\u00fcre boyunca ekibiyle bir\u00e7ok ba\u015far\u0131l\u0131 \u00e7al\u0131\u015fmalara imza atan Ordu B\u00fcy\u00fck\u015fehir Belediyesi \u0130tfaiye Dairesi Ba\u015fkan\u0131 Umut Alan, Malatya\u2019da d\u00fczenlenen T\u00fcm \u0130tfaiyeciler Birli\u011fi 12. Ola\u011fan Genel Kurulu\u2019nda Genel Ba\u015fkan Yard\u0131mc\u0131s\u0131 se\u00e7ildi.<\/p>\n<p>DA\u0130RE BA\u015eKANI UMUT ALAN\u2019DAN TE\u015eEKK\u00dcR<br \/>\nB\u00fcy\u00fck\u015fehir Belediyesi \u0130tfaiye Dairesi Ba\u015fkan\u0131 Umut Alan, bu g\u00f6reve se\u00e7ilmesinde eme\u011fi ge\u00e7en herkese te\u015fekk\u00fcr etti.<br \/>\nDaire Ba\u015fkan\u0131 Umut Alan yapt\u0131\u011f\u0131 a\u00e7\u0131klamada \u015fu ifadelere yer verdi:<br \/>\n\u201c\u00d6ncelikle Ordu B\u00fcy\u00fck\u015fehir Belediyesi \u0130tfaiye Dairesi Ba\u015fkanl\u0131\u011f\u0131 g\u00f6revini bizlere lay\u0131k g\u00f6rerek takdim eden Ordu B\u00fcy\u00fck\u015fehir Belediye Ba\u015fkan\u0131m\u0131z Say\u0131n Dr. Mehmet Hilmi G\u00fcler\u2019e \u00e7ok te\u015fekk\u00fcr ediyorum. Bu vesileyle bu hafta Malatya ilinde yap\u0131lan ve yakla\u015f\u0131k 40 bine yak\u0131n itfaiye \u00e7al\u0131\u015fan\u0131n\u0131 temsil eden T\u00fcm \u0130tfaiyeciler Birli\u011fi 14. Ola\u011fan Genel Kurulu sonras\u0131 yap\u0131lan se\u00e7imle beni Genel Ba\u015fkan Yard\u0131mc\u0131l\u0131\u011f\u0131na lay\u0131k g\u00f6ren t\u00fcm meslekta\u015flar\u0131ma \u00e7ok te\u015fekk\u00fcr ediyorum. Hep beraber daha g\u00fczel i\u015fler yapmak ad\u0131na s\u0131k\u0131 \u00e7al\u0131\u015fma ger\u00e7ekle\u015ftirece\u011fiz. Ayr\u0131ca yapaca\u011f\u0131m\u0131z \u00e7al\u0131\u015fmalarla Ordu B\u00fcy\u00fck\u015fehir Belediyemizi en g\u00fczel \u015fekilde temsil ederek \u00fclkemizde \u00f6rnek projeler ger\u00e7ekle\u015ftirece\u011fiz. \u0130tfaiye te\u015fkilat\u0131m\u0131za her t\u00fcrl\u00fc imkan\u0131 sa\u011flayarak her \u00e7al\u0131\u015fmam\u0131zda bizlere destek veren B\u00fcy\u00fck\u015fehir Belediye Ba\u015fkan\u0131m\u0131z Sayg\u0131de\u011fer Dr. Mehmet Hilmi G\u00fcler\u2019e \u015f\u00fckranlar\u0131m\u0131 sunar\u0131m.\u201d\u00a0<\/p>\n<p>\u200bHaberin Al\u0131nt\u0131land\u0131\u011f\u0131 Kaynak: www.iskenderun.org<\/p>","protected":false},"excerpt":{"rendered":"<p>Ordu B\u00fcy\u00fck\u015fehir Belediyesi \u0130tfaiye Dairesi Ba\u015fkan\u0131 Umut ALAN, \u00fclke genelinde 40 bine yak\u0131n itfaiye \u00e7al\u0131\u015fan\u0131 bulunan itfaiye te\u015fkilatlar\u0131n\u0131n temsil edildi\u011fi T\u00fcm \u0130tfaiyeciler Birli\u011fi 14.Ola\u011fan Genel Kurulu\u2019nda Genel Ba\u015fkan Yard\u0131mc\u0131s\u0131 olarak se\u00e7ildi.ORDU (\u0130GFA) &#8211;\u00a0Ordu B\u00fcy\u00fck\u015fehir Belediyesi \u0130tfaiye Dairesi Ba\u015fkan\u0131 Umut ALAN, \u00fclke genelinde 40 bine yak\u0131n itfaiye \u00e7al\u0131\u015fan\u0131 bulunan itfaiye te\u015fkilatlar\u0131n\u0131n temsil edildi\u011fi T\u00fcm \u0130tfaiyeciler Birli\u011fi 14.Ola\u011fan Genel Kurulu\u2019nda Genel Ba\u015fkan Yard\u0131mc\u0131s\u0131 olarak se\u00e7ildi. Ordu B\u00fcy\u00fck\u015fehir Belediye Ba\u015fkan\u0131 Dr. Mehmet Hilmi G\u00fcler\u2019in tensipleriyle \u0130tfaiye Dairesi Ba\u015fkan\u0131 olarak atanan ve g\u00f6rev yapt\u0131\u011f\u0131 s\u00fcre boyunca ekibiyle bir\u00e7ok ba\u015far\u0131l\u0131 \u00e7al\u0131\u015fmalara imza atan Ordu B\u00fcy\u00fck\u015fehir Belediyesi \u0130tfaiye Dairesi Ba\u015fkan\u0131 Umut Alan, Malatya\u2019da d\u00fczenlenen T\u00fcm \u0130tfaiyeciler Birli\u011fi 12. Ola\u011fan Genel Kurulu\u2019nda Genel Ba\u015fkan Yard\u0131mc\u0131s\u0131 se\u00e7ildi. DA\u0130RE BA\u015eKANI UMUT ALAN\u2019DAN TE\u015eEKK\u00dcR B\u00fcy\u00fck\u015fehir Belediyesi \u0130tfaiye Dairesi Ba\u015fkan\u0131 Umut Alan, bu g\u00f6reve se\u00e7ilmesinde eme\u011fi ge\u00e7en herkese te\u015fekk\u00fcr etti. Daire Ba\u015fkan\u0131 Umut Alan yapt\u0131\u011f\u0131 a\u00e7\u0131klamada \u015fu ifadelere yer verdi: \u201c\u00d6ncelikle Ordu B\u00fcy\u00fck\u015fehir Belediyesi \u0130tfaiye Dairesi Ba\u015fkanl\u0131\u011f\u0131 g\u00f6revini bizlere lay\u0131k g\u00f6rerek takdim eden Ordu B\u00fcy\u00fck\u015fehir Belediye Ba\u015fkan\u0131m\u0131z Say\u0131n Dr. Mehmet Hilmi G\u00fcler\u2019e \u00e7ok te\u015fekk\u00fcr ediyorum. Bu vesileyle bu hafta Malatya ilinde yap\u0131lan ve yakla\u015f\u0131k 40 bine yak\u0131n itfaiye \u00e7al\u0131\u015fan\u0131n\u0131 temsil eden T\u00fcm \u0130tfaiyeciler Birli\u011fi 14. Ola\u011fan Genel Kurulu sonras\u0131 yap\u0131lan se\u00e7imle beni Genel Ba\u015fkan Yard\u0131mc\u0131l\u0131\u011f\u0131na lay\u0131k g\u00f6ren t\u00fcm meslekta\u015flar\u0131ma \u00e7ok te\u015fekk\u00fcr &hellip;<\/p>","protected":false},"author":1,"featured_media":0,"comment_status":"","ping_status":"open","sticky":false,"template":"","format":"standard","meta":{"_acf_changed":false,"footnotes":""},"categories":[24],"tags":[],"class_list":["post-66977","post","type-post","status-publish","format-standard","has-post-thumbnail","hentry","category-gundem"],"acf":[],"yoast_head":"<!-- This site is optimized with the Yoast SEO Premium plugin v26.6 (Yoast SEO v27.1.1) - https:\/\/yoast.com\/product\/yoast-seo-premium-wordpress\/ -->\n<title>Ordu \u0130tfaiye Dairesi Ba\u015fkan\u0131 Umut Alan\u2019a yeni g\u00f6rev - Av. Deniz Can K\u0131z\u0131l<\/title>\n<meta name=\"robots\" content=\"index, follow, max-snippet:-1, max-image-preview:large, max-video-preview:-1\" \/>\n<link rel=\"canonical\" href=\"https:\/\/denizcankizil.tr\/de\/haberler\/gundem\/ordu-itfaiye-dairesi-baskani-umut-alana-yeni-gorev\/\" \/>\n<meta property=\"og:locale\" content=\"de_DE\" \/>\n<meta property=\"og:type\" content=\"article\" \/>\n<meta property=\"og:title\" content=\"Ordu \u0130tfaiye Dairesi Ba\u015fkan\u0131 Umut Alan\u2019a yeni g\u00f6rev\" \/>\n<meta property=\"og:description\" content=\"Ordu B\u00fcy\u00fck\u015fehir Belediyesi \u0130tfaiye Dairesi Ba\u015fkan\u0131 Umut ALAN, \u00fclke genelinde 40 bine yak\u0131n itfaiye \u00e7al\u0131\u015fan\u0131 bulunan itfaiye te\u015fkilatlar\u0131n\u0131n temsil edildi\u011fi T\u00fcm \u0130tfaiyeciler Birli\u011fi 14.Ola\u011fan Genel Kurulu\u2019nda Genel Ba\u015fkan Yard\u0131mc\u0131s\u0131 olarak se\u00e7ildi.ORDU (\u0130GFA) &#8211;\u00a0Ordu B\u00fcy\u00fck\u015fehir Belediyesi \u0130tfaiye Dairesi Ba\u015fkan\u0131 Umut ALAN, \u00fclke genelinde 40 bine yak\u0131n itfaiye \u00e7al\u0131\u015fan\u0131 bulunan itfaiye te\u015fkilatlar\u0131n\u0131n temsil edildi\u011fi T\u00fcm \u0130tfaiyeciler Birli\u011fi 14.Ola\u011fan Genel Kurulu\u2019nda Genel Ba\u015fkan Yard\u0131mc\u0131s\u0131 olarak se\u00e7ildi. Ordu B\u00fcy\u00fck\u015fehir Belediye Ba\u015fkan\u0131 Dr. Mehmet Hilmi G\u00fcler\u2019in tensipleriyle \u0130tfaiye Dairesi Ba\u015fkan\u0131 olarak atanan ve g\u00f6rev yapt\u0131\u011f\u0131 s\u00fcre boyunca ekibiyle bir\u00e7ok ba\u015far\u0131l\u0131 \u00e7al\u0131\u015fmalara imza atan Ordu B\u00fcy\u00fck\u015fehir Belediyesi \u0130tfaiye Dairesi Ba\u015fkan\u0131 Umut Alan, Malatya\u2019da d\u00fczenlenen T\u00fcm \u0130tfaiyeciler Birli\u011fi 12. Ola\u011fan Genel Kurulu\u2019nda Genel Ba\u015fkan Yard\u0131mc\u0131s\u0131 se\u00e7ildi. DA\u0130RE BA\u015eKANI UMUT ALAN\u2019DAN TE\u015eEKK\u00dcR B\u00fcy\u00fck\u015fehir Belediyesi \u0130tfaiye Dairesi Ba\u015fkan\u0131 Umut Alan, bu g\u00f6reve se\u00e7ilmesinde eme\u011fi ge\u00e7en herkese te\u015fekk\u00fcr etti. Daire Ba\u015fkan\u0131 Umut Alan yapt\u0131\u011f\u0131 a\u00e7\u0131klamada \u015fu ifadelere yer verdi: \u201c\u00d6ncelikle Ordu B\u00fcy\u00fck\u015fehir Belediyesi \u0130tfaiye Dairesi Ba\u015fkanl\u0131\u011f\u0131 g\u00f6revini bizlere lay\u0131k g\u00f6rerek takdim eden Ordu B\u00fcy\u00fck\u015fehir Belediye Ba\u015fkan\u0131m\u0131z Say\u0131n Dr. Mehmet Hilmi G\u00fcler\u2019e \u00e7ok te\u015fekk\u00fcr ediyorum. Bu vesileyle bu hafta Malatya ilinde yap\u0131lan ve yakla\u015f\u0131k 40 bine yak\u0131n itfaiye \u00e7al\u0131\u015fan\u0131n\u0131 temsil eden T\u00fcm \u0130tfaiyeciler Birli\u011fi 14. Ola\u011fan Genel Kurulu sonras\u0131 yap\u0131lan se\u00e7imle beni Genel Ba\u015fkan Yard\u0131mc\u0131l\u0131\u011f\u0131na lay\u0131k g\u00f6ren t\u00fcm meslekta\u015flar\u0131ma \u00e7ok te\u015fekk\u00fcr &hellip;\" \/>\n<meta property=\"og:url\" content=\"https:\/\/denizcankizil.tr\/de\/haberler\/gundem\/ordu-itfaiye-dairesi-baskani-umut-alana-yeni-gorev\/\" \/>\n<meta property=\"og:site_name\" content=\"Av. Deniz Can K\u0131z\u0131l\" \/>\n<meta property=\"article:published_time\" content=\"2025-04-26T07:42:32+00:00\" \/>\n<meta name=\"author\" content=\"admin\" \/>\n<meta name=\"twitter:card\" content=\"summary_large_image\" \/>\n<meta name=\"twitter:label1\" content=\"Verfasst von\" \/>\n\t<meta name=\"twitter:data1\" content=\"admin\" \/>\n\t<meta name=\"twitter:label2\" content=\"Gesch\u00e4tzte Lesezeit\" \/>\n\t<meta name=\"twitter:data2\" content=\"4\u00a0Minuten\" \/>\n<script type=\"application\/ld+json\" class=\"yoast-schema-graph\">{\"@context\":\"https:\/\/schema.org\",\"@graph\":[{\"@type\":\"Article\",\"@id\":\"https:\/\/denizcankizil.tr\/de\/haberler\/gundem\/ordu-itfaiye-dairesi-baskani-umut-alana-yeni-gorev\/#article\",\"isPartOf\":{\"@id\":\"https:\/\/denizcankizil.tr\/de\/haberler\/gundem\/ordu-itfaiye-dairesi-baskani-umut-alana-yeni-gorev\/\"},\"author\":{\"name\":\"admin\",\"@id\":\"https:\/\/denizcankizil.tr\/de\/#\/schema\/person\/be3c05fe6a12686905512445d8185489\"},\"headline\":\"Ordu \u0130tfaiye Dairesi Ba\u015fkan\u0131 Umut Alan\u2019a yeni g\u00f6rev\",\"datePublished\":\"2025-04-26T07:42:32+00:00\",\"mainEntityOfPage\":{\"@id\":\"https:\/\/denizcankizil.tr\/de\/haberler\/gundem\/ordu-itfaiye-dairesi-baskani-umut-alana-yeni-gorev\/\"},\"wordCount\":821,\"publisher\":{\"@id\":\"https:\/\/denizcankizil.tr\/de\/#organization\"},\"articleSection\":[\"G\u00fcndem\"],\"inLanguage\":\"de\"},{\"@type\":\"WebPage\",\"@id\":\"https:\/\/denizcankizil.tr\/de\/haberler\/gundem\/ordu-itfaiye-dairesi-baskani-umut-alana-yeni-gorev\/\",\"url\":\"https:\/\/denizcankizil.tr\/de\/haberler\/gundem\/ordu-itfaiye-dairesi-baskani-umut-alana-yeni-gorev\/\",\"name\":\"Ordu \u0130tfaiye Dairesi Ba\u015fkan\u0131 Umut Alan\u2019a yeni g\u00f6rev - Av. Deniz Can K\u0131z\u0131l\",\"isPartOf\":{\"@id\":\"https:\/\/denizcankizil.tr\/de\/#website\"},\"datePublished\":\"2025-04-26T07:42:32+00:00\",\"breadcrumb\":{\"@id\":\"https:\/\/denizcankizil.tr\/de\/haberler\/gundem\/ordu-itfaiye-dairesi-baskani-umut-alana-yeni-gorev\/#breadcrumb\"},\"inLanguage\":\"de\",\"potentialAction\":[{\"@type\":\"ReadAction\",\"target\":[\"https:\/\/denizcankizil.tr\/de\/haberler\/gundem\/ordu-itfaiye-dairesi-baskani-umut-alana-yeni-gorev\/\"]}]},{\"@type\":\"BreadcrumbList\",\"@id\":\"https:\/\/denizcankizil.tr\/de\/haberler\/gundem\/ordu-itfaiye-dairesi-baskani-umut-alana-yeni-gorev\/#breadcrumb\",\"itemListElement\":[{\"@type\":\"ListItem\",\"position\":1,\"name\":\"Home\",\"item\":\"https:\/\/denizcankizil.tr\/de\/\"},{\"@type\":\"ListItem\",\"position\":2,\"name\":\"Ordu \u0130tfaiye Dairesi Ba\u015fkan\u0131 Umut Alan\u2019a yeni g\u00f6rev\"}]},{\"@type\":\"WebSite\",\"@id\":\"https:\/\/denizcankizil.tr\/de\/#website\",\"url\":\"https:\/\/denizcankizil.tr\/de\/\",\"name\":\"Av. Deniz Can K\u0131z\u0131l\",\"description\":\"Avukat Deniz Can K\u0131z\u0131l Antalya Barosu\",\"publisher\":{\"@id\":\"https:\/\/denizcankizil.tr\/de\/#organization\"},\"potentialAction\":[{\"@type\":\"SearchAction\",\"target\":{\"@type\":\"EntryPoint\",\"urlTemplate\":\"https:\/\/denizcankizil.tr\/de\/?s={search_term_string}\"},\"query-input\":{\"@type\":\"PropertyValueSpecification\",\"valueRequired\":true,\"valueName\":\"search_term_string\"}}],\"inLanguage\":\"de\"},{\"@type\":\"Organization\",\"@id\":\"https:\/\/denizcankizil.tr\/de\/#organization\",\"name\":\"Av. Deniz Can K\u0131z\u0131l\",\"url\":\"https:\/\/denizcankizil.tr\/de\/\",\"logo\":{\"@type\":\"ImageObject\",\"inLanguage\":\"de\",\"@id\":\"https:\/\/denizcankizil.tr\/de\/#\/schema\/logo\/image\/\",\"url\":\"https:\/\/denizcankizil.tr\/wp-content\/uploads\/2024\/10\/siyah-logo-svg.svg\",\"contentUrl\":\"https:\/\/denizcankizil.tr\/wp-content\/uploads\/2024\/10\/siyah-logo-svg.svg\",\"width\":1080,\"height\":1080,\"caption\":\"Av. Deniz Can K\u0131z\u0131l\"},\"image\":{\"@id\":\"https:\/\/denizcankizil.tr\/de\/#\/schema\/logo\/image\/\"}},{\"@type\":\"Person\",\"@id\":\"https:\/\/denizcankizil.tr\/de\/#\/schema\/person\/be3c05fe6a12686905512445d8185489\",\"name\":\"admin\",\"image\":{\"@type\":\"ImageObject\",\"inLanguage\":\"de\",\"@id\":\"https:\/\/denizcankizil.tr\/de\/#\/schema\/person\/image\/\",\"url\":\"https:\/\/secure.gravatar.com\/avatar\/c1fce94c830dc79107e174f890d7210541c4a63e8e5d816341794a2151c9d58c?s=96&d=mm&r=g\",\"contentUrl\":\"https:\/\/secure.gravatar.com\/avatar\/c1fce94c830dc79107e174f890d7210541c4a63e8e5d816341794a2151c9d58c?s=96&d=mm&r=g\",\"caption\":\"admin\"},\"sameAs\":[\"http:\/\/denizcankizil.tr\"],\"url\":\"https:\/\/www.iskenderun.org\/ordu-itfaiye-dairesi-baskani-umut-alana-yeni-gorev\"}]}<\/script>\n<!-- \/ Yoast SEO Premium plugin. -->","yoast_head_json":{"title":"Ordu \u0130tfaiye Dairesi Ba\u015fkan\u0131 Umut Alan\u2019a yeni g\u00f6rev - Av. Deniz Can K\u0131z\u0131l","robots":{"index":"index","follow":"follow","max-snippet":"max-snippet:-1","max-image-preview":"max-image-preview:large","max-video-preview":"max-video-preview:-1"},"canonical":"https:\/\/denizcankizil.tr\/de\/haberler\/gundem\/ordu-itfaiye-dairesi-baskani-umut-alana-yeni-gorev\/","og_locale":"de_DE","og_type":"article","og_title":"Ordu \u0130tfaiye Dairesi Ba\u015fkan\u0131 Umut Alan\u2019a yeni g\u00f6rev","og_description":"Ordu B\u00fcy\u00fck\u015fehir Belediyesi \u0130tfaiye Dairesi Ba\u015fkan\u0131 Umut ALAN, \u00fclke genelinde 40 bine yak\u0131n itfaiye \u00e7al\u0131\u015fan\u0131 bulunan itfaiye te\u015fkilatlar\u0131n\u0131n temsil edildi\u011fi T\u00fcm \u0130tfaiyeciler Birli\u011fi 14.Ola\u011fan Genel Kurulu\u2019nda Genel Ba\u015fkan Yard\u0131mc\u0131s\u0131 olarak se\u00e7ildi.ORDU (\u0130GFA) &#8211;\u00a0Ordu B\u00fcy\u00fck\u015fehir Belediyesi \u0130tfaiye Dairesi Ba\u015fkan\u0131 Umut ALAN, \u00fclke genelinde 40 bine yak\u0131n itfaiye \u00e7al\u0131\u015fan\u0131 bulunan itfaiye te\u015fkilatlar\u0131n\u0131n temsil edildi\u011fi T\u00fcm \u0130tfaiyeciler Birli\u011fi 14.Ola\u011fan Genel Kurulu\u2019nda Genel Ba\u015fkan Yard\u0131mc\u0131s\u0131 olarak se\u00e7ildi. Ordu B\u00fcy\u00fck\u015fehir Belediye Ba\u015fkan\u0131 Dr. Mehmet Hilmi G\u00fcler\u2019in tensipleriyle \u0130tfaiye Dairesi Ba\u015fkan\u0131 olarak atanan ve g\u00f6rev yapt\u0131\u011f\u0131 s\u00fcre boyunca ekibiyle bir\u00e7ok ba\u015far\u0131l\u0131 \u00e7al\u0131\u015fmalara imza atan Ordu B\u00fcy\u00fck\u015fehir Belediyesi \u0130tfaiye Dairesi Ba\u015fkan\u0131 Umut Alan, Malatya\u2019da d\u00fczenlenen T\u00fcm \u0130tfaiyeciler Birli\u011fi 12. Ola\u011fan Genel Kurulu\u2019nda Genel Ba\u015fkan Yard\u0131mc\u0131s\u0131 se\u00e7ildi. DA\u0130RE BA\u015eKANI UMUT ALAN\u2019DAN TE\u015eEKK\u00dcR B\u00fcy\u00fck\u015fehir Belediyesi \u0130tfaiye Dairesi Ba\u015fkan\u0131 Umut Alan, bu g\u00f6reve se\u00e7ilmesinde eme\u011fi ge\u00e7en herkese te\u015fekk\u00fcr etti. Daire Ba\u015fkan\u0131 Umut Alan yapt\u0131\u011f\u0131 a\u00e7\u0131klamada \u015fu ifadelere yer verdi: \u201c\u00d6ncelikle Ordu B\u00fcy\u00fck\u015fehir Belediyesi \u0130tfaiye Dairesi Ba\u015fkanl\u0131\u011f\u0131 g\u00f6revini bizlere lay\u0131k g\u00f6rerek takdim eden Ordu B\u00fcy\u00fck\u015fehir Belediye Ba\u015fkan\u0131m\u0131z Say\u0131n Dr. Mehmet Hilmi G\u00fcler\u2019e \u00e7ok te\u015fekk\u00fcr ediyorum. Bu vesileyle bu hafta Malatya ilinde yap\u0131lan ve yakla\u015f\u0131k 40 bine yak\u0131n itfaiye \u00e7al\u0131\u015fan\u0131n\u0131 temsil eden T\u00fcm \u0130tfaiyeciler Birli\u011fi 14. Ola\u011fan Genel Kurulu sonras\u0131 yap\u0131lan se\u00e7imle beni Genel Ba\u015fkan Yard\u0131mc\u0131l\u0131\u011f\u0131na lay\u0131k g\u00f6ren t\u00fcm meslekta\u015flar\u0131ma \u00e7ok te\u015fekk\u00fcr &hellip;","og_url":"https:\/\/denizcankizil.tr\/de\/haberler\/gundem\/ordu-itfaiye-dairesi-baskani-umut-alana-yeni-gorev\/","og_site_name":"Av. Deniz Can K\u0131z\u0131l","article_published_time":"2025-04-26T07:42:32+00:00","author":"admin","twitter_card":"summary_large_image","twitter_misc":{"Verfasst von":"admin","Gesch\u00e4tzte Lesezeit":"4\u00a0Minuten"},"schema":{"@context":"https:\/\/schema.org","@graph":[{"@type":"Article","@id":"https:\/\/denizcankizil.tr\/de\/haberler\/gundem\/ordu-itfaiye-dairesi-baskani-umut-alana-yeni-gorev\/#article","isPartOf":{"@id":"https:\/\/denizcankizil.tr\/de\/haberler\/gundem\/ordu-itfaiye-dairesi-baskani-umut-alana-yeni-gorev\/"},"author":{"name":"admin","@id":"https:\/\/denizcankizil.tr\/de\/#\/schema\/person\/be3c05fe6a12686905512445d8185489"},"headline":"Ordu \u0130tfaiye Dairesi Ba\u015fkan\u0131 Umut Alan\u2019a yeni g\u00f6rev","datePublished":"2025-04-26T07:42:32+00:00","mainEntityOfPage":{"@id":"https:\/\/denizcankizil.tr\/de\/haberler\/gundem\/ordu-itfaiye-dairesi-baskani-umut-alana-yeni-gorev\/"},"wordCount":821,"publisher":{"@id":"https:\/\/denizcankizil.tr\/de\/#organization"},"articleSection":["G\u00fcndem"],"inLanguage":"de"},{"@type":"WebPage","@id":"https:\/\/denizcankizil.tr\/de\/haberler\/gundem\/ordu-itfaiye-dairesi-baskani-umut-alana-yeni-gorev\/","url":"https:\/\/denizcankizil.tr\/de\/haberler\/gundem\/ordu-itfaiye-dairesi-baskani-umut-alana-yeni-gorev\/","name":"Ordu \u0130tfaiye Dairesi Ba\u015fkan\u0131 Umut Alan\u2019a yeni g\u00f6rev - Av. Deniz Can K\u0131z\u0131l","isPartOf":{"@id":"https:\/\/denizcankizil.tr\/de\/#website"},"datePublished":"2025-04-26T07:42:32+00:00","breadcrumb":{"@id":"https:\/\/denizcankizil.tr\/de\/haberler\/gundem\/ordu-itfaiye-dairesi-baskani-umut-alana-yeni-gorev\/#breadcrumb"},"inLanguage":"de","potentialAction":[{"@type":"ReadAction","target":["https:\/\/denizcankizil.tr\/de\/haberler\/gundem\/ordu-itfaiye-dairesi-baskani-umut-alana-yeni-gorev\/"]}]},{"@type":"BreadcrumbList","@id":"https:\/\/denizcankizil.tr\/de\/haberler\/gundem\/ordu-itfaiye-dairesi-baskani-umut-alana-yeni-gorev\/#breadcrumb","itemListElement":[{"@type":"ListItem","position":1,"name":"Home","item":"https:\/\/denizcankizil.tr\/de\/"},{"@type":"ListItem","position":2,"name":"Ordu \u0130tfaiye Dairesi Ba\u015fkan\u0131 Umut Alan\u2019a yeni g\u00f6rev"}]},{"@type":"WebSite","@id":"https:\/\/denizcankizil.tr\/de\/#website","url":"https:\/\/denizcankizil.tr\/de\/","name":"Av. Deniz Can K\u0131z\u0131l","description":"Avukat Deniz Can K\u0131z\u0131l Antalya Barosu","publisher":{"@id":"https:\/\/denizcankizil.tr\/de\/#organization"},"potentialAction":[{"@type":"SearchAction","target":{"@type":"EntryPoint","urlTemplate":"https:\/\/denizcankizil.tr\/de\/?s={search_term_string}"},"query-input":{"@type":"PropertyValueSpecification","valueRequired":true,"valueName":"search_term_string"}}],"inLanguage":"de"},{"@type":"Organization","@id":"https:\/\/denizcankizil.tr\/de\/#organization","name":"Av. Deniz Can K\u0131z\u0131l","url":"https:\/\/denizcankizil.tr\/de\/","logo":{"@type":"ImageObject","inLanguage":"de","@id":"https:\/\/denizcankizil.tr\/de\/#\/schema\/logo\/image\/","url":"https:\/\/denizcankizil.tr\/wp-content\/uploads\/2024\/10\/siyah-logo-svg.svg","contentUrl":"https:\/\/denizcankizil.tr\/wp-content\/uploads\/2024\/10\/siyah-logo-svg.svg","width":1080,"height":1080,"caption":"Av. Deniz Can K\u0131z\u0131l"},"image":{"@id":"https:\/\/denizcankizil.tr\/de\/#\/schema\/logo\/image\/"}},{"@type":"Person","@id":"https:\/\/denizcankizil.tr\/de\/#\/schema\/person\/be3c05fe6a12686905512445d8185489","name":"Administrator","image":{"@type":"ImageObject","inLanguage":"de","@id":"https:\/\/denizcankizil.tr\/de\/#\/schema\/person\/image\/","url":"https:\/\/secure.gravatar.com\/avatar\/c1fce94c830dc79107e174f890d7210541c4a63e8e5d816341794a2151c9d58c?s=96&d=mm&r=g","contentUrl":"https:\/\/secure.gravatar.com\/avatar\/c1fce94c830dc79107e174f890d7210541c4a63e8e5d816341794a2151c9d58c?s=96&d=mm&r=g","caption":"admin"},"sameAs":["http:\/\/denizcankizil.tr"],"url":"https:\/\/www.iskenderun.org\/ordu-itfaiye-dairesi-baskani-umut-alana-yeni-gorev"}]}},"_links":{"self":[{"href":"https:\/\/denizcankizil.tr\/de\/wp-json\/wp\/v2\/posts\/66977","targetHints":{"allow":["GET"]}}],"collection":[{"href":"https:\/\/denizcankizil.tr\/de\/wp-json\/wp\/v2\/posts"}],"about":[{"href":"https:\/\/denizcankizil.tr\/de\/wp-json\/wp\/v2\/types\/post"}],"author":[{"embeddable":true,"href":"https:\/\/denizcankizil.tr\/de\/wp-json\/wp\/v2\/users\/1"}],"replies":[{"embeddable":true,"href":"https:\/\/denizcankizil.tr\/de\/wp-json\/wp\/v2\/comments?post=66977"}],"version-history":[{"count":0,"href":"https:\/\/denizcankizil.tr\/de\/wp-json\/wp\/v2\/posts\/66977\/revisions"}],"wp:attachment":[{"href":"https:\/\/denizcankizil.tr\/de\/wp-json\/wp\/v2\/media?parent=66977"}],"wp:term":[{"taxonomy":"category","embeddable":true,"href":"https:\/\/denizcankizil.tr\/de\/wp-json\/wp\/v2\/categories?post=66977"},{"taxonomy":"post_tag","embeddable":true,"href":"https:\/\/denizcankizil.tr\/de\/wp-json\/wp\/v2\/tags?post=66977"}],"curies":[{"name":"wp","href":"https:\/\/api.w.org\/{rel}","templated":true}]}}