{"id":6642,"date":"2024-10-22T16:41:24","date_gmt":"2024-10-22T13:41:24","guid":{"rendered":"https:\/\/denizcankizil.tr\/uncategorized-tr\/halk-egitim-merkezleri-tasarruf-kurbani-bircok-kurs-acilamadi\/"},"modified":"2024-10-22T16:41:24","modified_gmt":"2024-10-22T13:41:24","slug":"halk-egitim-merkezleri-tasarruf-kurbani-bircok-kurs-acilamadi","status":"publish","type":"post","link":"https:\/\/denizcankizil.tr\/de\/haberler\/gundem\/halk-egitim-merkezleri-tasarruf-kurbani-bircok-kurs-acilamadi\/","title":{"rendered":"Halk e\u011fitim merkezleri tasarruf kurban\u0131! Bir\u00e7ok kurs a\u00e7\u0131lamad\u0131"},"content":{"rendered":"<p>Milli E\u011fitim Bakanl\u0131\u011f\u0131\u2019na ba\u011fl\u0131 halk e\u011fitim merkezleri \u00fccretsiz \u015fekilde vatanda\u015f\u0131 meslek edindirme amac\u0131yla hizmet veriyor. \u00d6zellikle kad\u0131nlar bu kurslarda hem meslek \u00f6\u011freniyor hem de hobi olarak \u00fcr\u00fcnler tasarl\u0131yor. Ancak 2024-2025 e\u011fitim \u00f6\u011fretim d\u00f6neminde a\u00e7\u0131lmayan kurslar \u00f6zellikle kad\u0131nlar\u0131 ma\u011fdur etti. Antalya\u2019da da a\u00e7\u0131lmayan kurslardan dolay\u0131 \u00f6zellikle kad\u0131nlar b\u00fcy\u00fck ma\u011fduriyet ya\u015fad\u0131.<\/p>\n<p>USTA \u00d6\u011eRET\u0130C\u0130 G\u00d6REVLEND\u0130R\u0130LMEYECEK<\/p>\n<p>Milli E\u011fitim Bakanl\u0131\u011f\u0131\u2019na ba\u011fl\u0131 halk e\u011fitim kurumlar\u0131 da bu sene uygulanan tasarruf tedbirleri kurban\u0131 oldu. Yap\u0131lan y\u00f6netmelik de\u011fi\u015fikli\u011fi ile halk e\u011fitim merkezlerinde kadrolu ve s\u00f6zle\u015fmeli \u00f6\u011fretmenlerin d\u0131\u015f\u0131nda usta \u00f6\u011fretici olarak tabir edilen \u00fccretli \u00f6\u011fretmenler g\u00f6revlendirilmeyecek.<\/p>\n<p>B\u0130R\u00c7OK KURS A\u00c7ILAMADI<\/p>\n<p>MEB\u2019e ba\u011fl\u0131 halk e\u011fitim merkezlerinde verilen kurslarda g\u00f6revlendirilecek olan \u00f6\u011fretmenler ile ilgili birinci \u00f6ncelik kadrolu ve s\u00f6zle\u015fmeli \u00f6\u011fretmenlerde olacak. Y\u00f6netmelik de\u011fi\u015fikli\u011fi ile d\u0131\u015fardan \u00f6\u011fretmenlerin kat\u0131ld\u0131\u011f\u0131 bir \u00e7ok dalda kurs a\u00e7\u0131lmad\u0131.<\/p>\n<p>KADINLAR MA\u011eDUR\u0130YET YA\u015eIYOR\u00a0<\/p>\n<p>Halk e\u011fitim merkezlerinde a\u011f\u0131rl\u0131kl\u0131 olarak kad\u0131nlar\u0131n faydalanaca\u011f\u0131 kurslar d\u00fczenleniyordu. Yeni d\u00fczenleme ile birlikte kad\u0131nlar b\u00fcy\u00fck ma\u011fduriyet ya\u015fad\u0131. \u00a0Yine bir\u00e7ok merkez, ruhsat, fiziki alan yetersizli\u011fi gibi sebeplerle kapat\u0131ld\u0131. Kurslar\u0131n a\u00e7\u0131labilmesi i\u00e7in bakanl\u0131ktan gelecek talimat bekleniyor.\u00a0<\/p>\n<p>\u00a0<\/p>\n<p>\u200bT\u00fcm T\u00fcrkiye\u2019de oldu\u011fu gibi Antalya\u2019da da bir\u00e7ok halk e\u011fitim merkezi tasarruf tedbirlerine tak\u0131ld\u0131. Milli E\u011fitim Bakanl\u0131\u011f\u0131\u2019na ba\u011fl\u0131 merkezlerde bir\u00e7ok kurs a\u00e7\u0131lmad\u0131.\u00a0<\/p>\n<p>\u200bHaberin Al\u0131nt\u0131land\u0131\u011f\u0131 Kaynak: www.antalyakorfez.com<\/p>","protected":false},"excerpt":{"rendered":"<p>Milli E\u011fitim Bakanl\u0131\u011f\u0131\u2019na ba\u011fl\u0131 halk e\u011fitim merkezleri \u00fccretsiz \u015fekilde vatanda\u015f\u0131 meslek edindirme amac\u0131yla hizmet veriyor. \u00d6zellikle kad\u0131nlar bu kurslarda hem meslek \u00f6\u011freniyor hem de hobi olarak \u00fcr\u00fcnler tasarl\u0131yor. Ancak 2024-2025 e\u011fitim \u00f6\u011fretim d\u00f6neminde a\u00e7\u0131lmayan kurslar \u00f6zellikle kad\u0131nlar\u0131 ma\u011fdur etti. Antalya\u2019da da a\u00e7\u0131lmayan kurslardan dolay\u0131 \u00f6zellikle kad\u0131nlar b\u00fcy\u00fck ma\u011fduriyet ya\u015fad\u0131. USTA \u00d6\u011eRET\u0130C\u0130 G\u00d6REVLEND\u0130R\u0130LMEYECEK Milli E\u011fitim Bakanl\u0131\u011f\u0131\u2019na ba\u011fl\u0131 halk e\u011fitim kurumlar\u0131 da bu sene uygulanan tasarruf tedbirleri kurban\u0131 oldu. Yap\u0131lan y\u00f6netmelik de\u011fi\u015fikli\u011fi ile halk e\u011fitim merkezlerinde kadrolu ve s\u00f6zle\u015fmeli \u00f6\u011fretmenlerin d\u0131\u015f\u0131nda usta \u00f6\u011fretici olarak tabir edilen \u00fccretli \u00f6\u011fretmenler g\u00f6revlendirilmeyecek. B\u0130R\u00c7OK KURS A\u00c7ILAMADI MEB\u2019e ba\u011fl\u0131 halk e\u011fitim merkezlerinde verilen kurslarda g\u00f6revlendirilecek olan \u00f6\u011fretmenler ile ilgili birinci \u00f6ncelik kadrolu ve s\u00f6zle\u015fmeli \u00f6\u011fretmenlerde olacak. Y\u00f6netmelik de\u011fi\u015fikli\u011fi ile d\u0131\u015fardan \u00f6\u011fretmenlerin kat\u0131ld\u0131\u011f\u0131 bir \u00e7ok dalda kurs a\u00e7\u0131lmad\u0131. KADINLAR MA\u011eDUR\u0130YET YA\u015eIYOR\u00a0 Halk e\u011fitim merkezlerinde a\u011f\u0131rl\u0131kl\u0131 olarak kad\u0131nlar\u0131n faydalanaca\u011f\u0131 kurslar d\u00fczenleniyordu. Yeni d\u00fczenleme ile birlikte kad\u0131nlar b\u00fcy\u00fck ma\u011fduriyet ya\u015fad\u0131. \u00a0Yine bir\u00e7ok merkez, ruhsat, fiziki alan yetersizli\u011fi gibi sebeplerle kapat\u0131ld\u0131. Kurslar\u0131n a\u00e7\u0131labilmesi i\u00e7in bakanl\u0131ktan gelecek talimat bekleniyor.\u00a0 \u00a0 \u200bT\u00fcm T\u00fcrkiye\u2019de oldu\u011fu gibi Antalya\u2019da da bir\u00e7ok halk e\u011fitim merkezi tasarruf tedbirlerine tak\u0131ld\u0131. Milli E\u011fitim Bakanl\u0131\u011f\u0131\u2019na ba\u011fl\u0131 merkezlerde bir\u00e7ok kurs a\u00e7\u0131lmad\u0131.\u00a0 \u200bHaberin Al\u0131nt\u0131land\u0131\u011f\u0131 Kaynak: www.antalyakorfez.com<\/p>","protected":false},"author":0,"featured_media":0,"comment_status":"open","ping_status":"open","sticky":false,"template":"","format":"standard","meta":{"_acf_changed":false,"footnotes":""},"categories":[24,535],"tags":[],"class_list":["post-6642","post","type-post","status-publish","format-standard","has-post-thumbnail","hentry","category-gundem","category-uncategorized-tr"],"acf":[],"yoast_head":"<!-- This site is optimized with the Yoast SEO Premium plugin v26.6 (Yoast SEO v27.1.1) - https:\/\/yoast.com\/product\/yoast-seo-premium-wordpress\/ -->\n<title>Halk e\u011fitim merkezleri tasarruf kurban\u0131! Bir\u00e7ok kurs a\u00e7\u0131lamad\u0131 - Av. Deniz Can K\u0131z\u0131l<\/title>\n<meta name=\"robots\" content=\"index, follow, max-snippet:-1, max-image-preview:large, max-video-preview:-1\" \/>\n<link rel=\"canonical\" href=\"https:\/\/denizcankizil.tr\/de\/haberler\/gundem\/halk-egitim-merkezleri-tasarruf-kurbani-bircok-kurs-acilamadi\/\" \/>\n<meta property=\"og:locale\" content=\"de_DE\" \/>\n<meta property=\"og:type\" content=\"article\" \/>\n<meta property=\"og:title\" content=\"Halk e\u011fitim merkezleri tasarruf kurban\u0131! Bir\u00e7ok kurs a\u00e7\u0131lamad\u0131\" \/>\n<meta property=\"og:description\" content=\"Milli E\u011fitim Bakanl\u0131\u011f\u0131\u2019na ba\u011fl\u0131 halk e\u011fitim merkezleri \u00fccretsiz \u015fekilde vatanda\u015f\u0131 meslek edindirme amac\u0131yla hizmet veriyor. \u00d6zellikle kad\u0131nlar bu kurslarda hem meslek \u00f6\u011freniyor hem de hobi olarak \u00fcr\u00fcnler tasarl\u0131yor. Ancak 2024-2025 e\u011fitim \u00f6\u011fretim d\u00f6neminde a\u00e7\u0131lmayan kurslar \u00f6zellikle kad\u0131nlar\u0131 ma\u011fdur etti. Antalya\u2019da da a\u00e7\u0131lmayan kurslardan dolay\u0131 \u00f6zellikle kad\u0131nlar b\u00fcy\u00fck ma\u011fduriyet ya\u015fad\u0131. USTA \u00d6\u011eRET\u0130C\u0130 G\u00d6REVLEND\u0130R\u0130LMEYECEK Milli E\u011fitim Bakanl\u0131\u011f\u0131\u2019na ba\u011fl\u0131 halk e\u011fitim kurumlar\u0131 da bu sene uygulanan tasarruf tedbirleri kurban\u0131 oldu. Yap\u0131lan y\u00f6netmelik de\u011fi\u015fikli\u011fi ile halk e\u011fitim merkezlerinde kadrolu ve s\u00f6zle\u015fmeli \u00f6\u011fretmenlerin d\u0131\u015f\u0131nda usta \u00f6\u011fretici olarak tabir edilen \u00fccretli \u00f6\u011fretmenler g\u00f6revlendirilmeyecek. B\u0130R\u00c7OK KURS A\u00c7ILAMADI MEB\u2019e ba\u011fl\u0131 halk e\u011fitim merkezlerinde verilen kurslarda g\u00f6revlendirilecek olan \u00f6\u011fretmenler ile ilgili birinci \u00f6ncelik kadrolu ve s\u00f6zle\u015fmeli \u00f6\u011fretmenlerde olacak. Y\u00f6netmelik de\u011fi\u015fikli\u011fi ile d\u0131\u015fardan \u00f6\u011fretmenlerin kat\u0131ld\u0131\u011f\u0131 bir \u00e7ok dalda kurs a\u00e7\u0131lmad\u0131. KADINLAR MA\u011eDUR\u0130YET YA\u015eIYOR\u00a0 Halk e\u011fitim merkezlerinde a\u011f\u0131rl\u0131kl\u0131 olarak kad\u0131nlar\u0131n faydalanaca\u011f\u0131 kurslar d\u00fczenleniyordu. Yeni d\u00fczenleme ile birlikte kad\u0131nlar b\u00fcy\u00fck ma\u011fduriyet ya\u015fad\u0131. \u00a0Yine bir\u00e7ok merkez, ruhsat, fiziki alan yetersizli\u011fi gibi sebeplerle kapat\u0131ld\u0131. Kurslar\u0131n a\u00e7\u0131labilmesi i\u00e7in bakanl\u0131ktan gelecek talimat bekleniyor.\u00a0 \u00a0 \u200bT\u00fcm T\u00fcrkiye\u2019de oldu\u011fu gibi Antalya\u2019da da bir\u00e7ok halk e\u011fitim merkezi tasarruf tedbirlerine tak\u0131ld\u0131. Milli E\u011fitim Bakanl\u0131\u011f\u0131\u2019na ba\u011fl\u0131 merkezlerde bir\u00e7ok kurs a\u00e7\u0131lmad\u0131.\u00a0 \u200bHaberin Al\u0131nt\u0131land\u0131\u011f\u0131 Kaynak: www.antalyakorfez.com\" \/>\n<meta property=\"og:url\" content=\"https:\/\/denizcankizil.tr\/de\/haberler\/gundem\/halk-egitim-merkezleri-tasarruf-kurbani-bircok-kurs-acilamadi\/\" \/>\n<meta property=\"og:site_name\" content=\"Av. Deniz Can K\u0131z\u0131l\" \/>\n<meta property=\"article:published_time\" content=\"2024-10-22T13:41:24+00:00\" \/>\n<meta name=\"twitter:card\" content=\"summary_large_image\" \/>\n<meta name=\"twitter:label1\" content=\"Gesch\u00e4tzte Lesezeit\" \/>\n\t<meta name=\"twitter:data1\" content=\"1\u00a0Minute\" \/>\n<script type=\"application\/ld+json\" class=\"yoast-schema-graph\">{\"@context\":\"https:\/\/schema.org\",\"@graph\":[{\"@type\":\"Article\",\"@id\":\"https:\/\/denizcankizil.tr\/en\/haberler\/gundem\/halk-egitim-merkezleri-tasarruf-kurbani-bircok-kurs-acilamadi\/#article\",\"isPartOf\":{\"@id\":\"https:\/\/denizcankizil.tr\/en\/haberler\/gundem\/halk-egitim-merkezleri-tasarruf-kurbani-bircok-kurs-acilamadi\/\"},\"author\":{\"name\":\"\",\"@id\":\"\"},\"headline\":\"Halk e\u011fitim merkezleri tasarruf kurban\u0131! Bir\u00e7ok kurs a\u00e7\u0131lamad\u0131\",\"datePublished\":\"2024-10-22T13:41:24+00:00\",\"mainEntityOfPage\":{\"@id\":\"https:\/\/denizcankizil.tr\/en\/haberler\/gundem\/halk-egitim-merkezleri-tasarruf-kurbani-bircok-kurs-acilamadi\/\"},\"wordCount\":286,\"commentCount\":0,\"publisher\":{\"@id\":\"https:\/\/denizcankizil.tr\/#organization\"},\"articleSection\":[\"G\u00fcndem\",\"Uncategorized\"],\"inLanguage\":\"de\",\"potentialAction\":[{\"@type\":\"CommentAction\",\"name\":\"Comment\",\"target\":[\"https:\/\/denizcankizil.tr\/en\/haberler\/gundem\/halk-egitim-merkezleri-tasarruf-kurbani-bircok-kurs-acilamadi\/#respond\"]}]},{\"@type\":\"WebPage\",\"@id\":\"https:\/\/denizcankizil.tr\/en\/haberler\/gundem\/halk-egitim-merkezleri-tasarruf-kurbani-bircok-kurs-acilamadi\/\",\"url\":\"https:\/\/denizcankizil.tr\/en\/haberler\/gundem\/halk-egitim-merkezleri-tasarruf-kurbani-bircok-kurs-acilamadi\/\",\"name\":\"Halk e\u011fitim merkezleri tasarruf kurban\u0131! Bir\u00e7ok kurs a\u00e7\u0131lamad\u0131 - Av. Deniz Can K\u0131z\u0131l\",\"isPartOf\":{\"@id\":\"https:\/\/denizcankizil.tr\/#website\"},\"datePublished\":\"2024-10-22T13:41:24+00:00\",\"breadcrumb\":{\"@id\":\"https:\/\/denizcankizil.tr\/en\/haberler\/gundem\/halk-egitim-merkezleri-tasarruf-kurbani-bircok-kurs-acilamadi\/#breadcrumb\"},\"inLanguage\":\"de\",\"potentialAction\":[{\"@type\":\"ReadAction\",\"target\":[\"https:\/\/denizcankizil.tr\/en\/haberler\/gundem\/halk-egitim-merkezleri-tasarruf-kurbani-bircok-kurs-acilamadi\/\"]}]},{\"@type\":\"BreadcrumbList\",\"@id\":\"https:\/\/denizcankizil.tr\/en\/haberler\/gundem\/halk-egitim-merkezleri-tasarruf-kurbani-bircok-kurs-acilamadi\/#breadcrumb\",\"itemListElement\":[{\"@type\":\"ListItem\",\"position\":1,\"name\":\"Home\",\"item\":\"https:\/\/denizcankizil.tr\/de\/\"},{\"@type\":\"ListItem\",\"position\":2,\"name\":\"Halk e\u011fitim merkezleri tasarruf kurban\u0131! Bir\u00e7ok kurs a\u00e7\u0131lamad\u0131\"}]},{\"@type\":\"WebSite\",\"@id\":\"https:\/\/denizcankizil.tr\/#website\",\"url\":\"https:\/\/denizcankizil.tr\/\",\"name\":\"Av. Deniz Can K\u0131z\u0131l\",\"description\":\"Avukat Deniz Can K\u0131z\u0131l Antalya Barosu\",\"publisher\":{\"@id\":\"https:\/\/denizcankizil.tr\/#organization\"},\"potentialAction\":[{\"@type\":\"SearchAction\",\"target\":{\"@type\":\"EntryPoint\",\"urlTemplate\":\"https:\/\/denizcankizil.tr\/?s={search_term_string}\"},\"query-input\":{\"@type\":\"PropertyValueSpecification\",\"valueRequired\":true,\"valueName\":\"search_term_string\"}}],\"inLanguage\":\"de\"},{\"@type\":\"Organization\",\"@id\":\"https:\/\/denizcankizil.tr\/#organization\",\"name\":\"Av. Deniz Can K\u0131z\u0131l\",\"url\":\"https:\/\/denizcankizil.tr\/\",\"logo\":{\"@type\":\"ImageObject\",\"inLanguage\":\"de\",\"@id\":\"https:\/\/denizcankizil.tr\/#\/schema\/logo\/image\/\",\"url\":\"https:\/\/denizcankizil.tr\/wp-content\/uploads\/2024\/10\/siyah-logo-svg.svg\",\"contentUrl\":\"https:\/\/denizcankizil.tr\/wp-content\/uploads\/2024\/10\/siyah-logo-svg.svg\",\"width\":1080,\"height\":1080,\"caption\":\"Av. Deniz Can K\u0131z\u0131l\"},\"image\":{\"@id\":\"https:\/\/denizcankizil.tr\/#\/schema\/logo\/image\/\"}}]}<\/script>\n<!-- \/ Yoast SEO Premium plugin. -->","yoast_head_json":{"title":"Halk e\u011fitim merkezleri tasarruf kurban\u0131! Bir\u00e7ok kurs a\u00e7\u0131lamad\u0131 - Av. Deniz Can K\u0131z\u0131l","robots":{"index":"index","follow":"follow","max-snippet":"max-snippet:-1","max-image-preview":"max-image-preview:large","max-video-preview":"max-video-preview:-1"},"canonical":"https:\/\/denizcankizil.tr\/de\/haberler\/gundem\/halk-egitim-merkezleri-tasarruf-kurbani-bircok-kurs-acilamadi\/","og_locale":"de_DE","og_type":"article","og_title":"Halk e\u011fitim merkezleri tasarruf kurban\u0131! Bir\u00e7ok kurs a\u00e7\u0131lamad\u0131","og_description":"Milli E\u011fitim Bakanl\u0131\u011f\u0131\u2019na ba\u011fl\u0131 halk e\u011fitim merkezleri \u00fccretsiz \u015fekilde vatanda\u015f\u0131 meslek edindirme amac\u0131yla hizmet veriyor. \u00d6zellikle kad\u0131nlar bu kurslarda hem meslek \u00f6\u011freniyor hem de hobi olarak \u00fcr\u00fcnler tasarl\u0131yor. Ancak 2024-2025 e\u011fitim \u00f6\u011fretim d\u00f6neminde a\u00e7\u0131lmayan kurslar \u00f6zellikle kad\u0131nlar\u0131 ma\u011fdur etti. Antalya\u2019da da a\u00e7\u0131lmayan kurslardan dolay\u0131 \u00f6zellikle kad\u0131nlar b\u00fcy\u00fck ma\u011fduriyet ya\u015fad\u0131. USTA \u00d6\u011eRET\u0130C\u0130 G\u00d6REVLEND\u0130R\u0130LMEYECEK Milli E\u011fitim Bakanl\u0131\u011f\u0131\u2019na ba\u011fl\u0131 halk e\u011fitim kurumlar\u0131 da bu sene uygulanan tasarruf tedbirleri kurban\u0131 oldu. Yap\u0131lan y\u00f6netmelik de\u011fi\u015fikli\u011fi ile halk e\u011fitim merkezlerinde kadrolu ve s\u00f6zle\u015fmeli \u00f6\u011fretmenlerin d\u0131\u015f\u0131nda usta \u00f6\u011fretici olarak tabir edilen \u00fccretli \u00f6\u011fretmenler g\u00f6revlendirilmeyecek. B\u0130R\u00c7OK KURS A\u00c7ILAMADI MEB\u2019e ba\u011fl\u0131 halk e\u011fitim merkezlerinde verilen kurslarda g\u00f6revlendirilecek olan \u00f6\u011fretmenler ile ilgili birinci \u00f6ncelik kadrolu ve s\u00f6zle\u015fmeli \u00f6\u011fretmenlerde olacak. Y\u00f6netmelik de\u011fi\u015fikli\u011fi ile d\u0131\u015fardan \u00f6\u011fretmenlerin kat\u0131ld\u0131\u011f\u0131 bir \u00e7ok dalda kurs a\u00e7\u0131lmad\u0131. KADINLAR MA\u011eDUR\u0130YET YA\u015eIYOR\u00a0 Halk e\u011fitim merkezlerinde a\u011f\u0131rl\u0131kl\u0131 olarak kad\u0131nlar\u0131n faydalanaca\u011f\u0131 kurslar d\u00fczenleniyordu. Yeni d\u00fczenleme ile birlikte kad\u0131nlar b\u00fcy\u00fck ma\u011fduriyet ya\u015fad\u0131. \u00a0Yine bir\u00e7ok merkez, ruhsat, fiziki alan yetersizli\u011fi gibi sebeplerle kapat\u0131ld\u0131. Kurslar\u0131n a\u00e7\u0131labilmesi i\u00e7in bakanl\u0131ktan gelecek talimat bekleniyor.\u00a0 \u00a0 \u200bT\u00fcm T\u00fcrkiye\u2019de oldu\u011fu gibi Antalya\u2019da da bir\u00e7ok halk e\u011fitim merkezi tasarruf tedbirlerine tak\u0131ld\u0131. Milli E\u011fitim Bakanl\u0131\u011f\u0131\u2019na ba\u011fl\u0131 merkezlerde bir\u00e7ok kurs a\u00e7\u0131lmad\u0131.\u00a0 \u200bHaberin Al\u0131nt\u0131land\u0131\u011f\u0131 Kaynak: www.antalyakorfez.com","og_url":"https:\/\/denizcankizil.tr\/de\/haberler\/gundem\/halk-egitim-merkezleri-tasarruf-kurbani-bircok-kurs-acilamadi\/","og_site_name":"Av. Deniz Can K\u0131z\u0131l","article_published_time":"2024-10-22T13:41:24+00:00","twitter_card":"summary_large_image","twitter_misc":{"Gesch\u00e4tzte Lesezeit":"1\u00a0Minute"},"schema":{"@context":"https:\/\/schema.org","@graph":[{"@type":"Article","@id":"https:\/\/denizcankizil.tr\/en\/haberler\/gundem\/halk-egitim-merkezleri-tasarruf-kurbani-bircok-kurs-acilamadi\/#article","isPartOf":{"@id":"https:\/\/denizcankizil.tr\/en\/haberler\/gundem\/halk-egitim-merkezleri-tasarruf-kurbani-bircok-kurs-acilamadi\/"},"author":{"name":"","@id":""},"headline":"Halk e\u011fitim merkezleri tasarruf kurban\u0131! Bir\u00e7ok kurs a\u00e7\u0131lamad\u0131","datePublished":"2024-10-22T13:41:24+00:00","mainEntityOfPage":{"@id":"https:\/\/denizcankizil.tr\/en\/haberler\/gundem\/halk-egitim-merkezleri-tasarruf-kurbani-bircok-kurs-acilamadi\/"},"wordCount":286,"commentCount":0,"publisher":{"@id":"https:\/\/denizcankizil.tr\/#organization"},"articleSection":["G\u00fcndem","Uncategorized"],"inLanguage":"de","potentialAction":[{"@type":"CommentAction","name":"Comment","target":["https:\/\/denizcankizil.tr\/en\/haberler\/gundem\/halk-egitim-merkezleri-tasarruf-kurbani-bircok-kurs-acilamadi\/#respond"]}]},{"@type":"WebPage","@id":"https:\/\/denizcankizil.tr\/en\/haberler\/gundem\/halk-egitim-merkezleri-tasarruf-kurbani-bircok-kurs-acilamadi\/","url":"https:\/\/denizcankizil.tr\/en\/haberler\/gundem\/halk-egitim-merkezleri-tasarruf-kurbani-bircok-kurs-acilamadi\/","name":"Halk e\u011fitim merkezleri tasarruf kurban\u0131! Bir\u00e7ok kurs a\u00e7\u0131lamad\u0131 - Av. Deniz Can K\u0131z\u0131l","isPartOf":{"@id":"https:\/\/denizcankizil.tr\/#website"},"datePublished":"2024-10-22T13:41:24+00:00","breadcrumb":{"@id":"https:\/\/denizcankizil.tr\/en\/haberler\/gundem\/halk-egitim-merkezleri-tasarruf-kurbani-bircok-kurs-acilamadi\/#breadcrumb"},"inLanguage":"de","potentialAction":[{"@type":"ReadAction","target":["https:\/\/denizcankizil.tr\/en\/haberler\/gundem\/halk-egitim-merkezleri-tasarruf-kurbani-bircok-kurs-acilamadi\/"]}]},{"@type":"BreadcrumbList","@id":"https:\/\/denizcankizil.tr\/en\/haberler\/gundem\/halk-egitim-merkezleri-tasarruf-kurbani-bircok-kurs-acilamadi\/#breadcrumb","itemListElement":[{"@type":"ListItem","position":1,"name":"Home","item":"https:\/\/denizcankizil.tr\/de\/"},{"@type":"ListItem","position":2,"name":"Halk e\u011fitim merkezleri tasarruf kurban\u0131! Bir\u00e7ok kurs a\u00e7\u0131lamad\u0131"}]},{"@type":"WebSite","@id":"https:\/\/denizcankizil.tr\/#website","url":"https:\/\/denizcankizil.tr\/","name":"Av. Deniz Can K\u0131z\u0131l","description":"Avukat Deniz Can K\u0131z\u0131l Antalya Barosu","publisher":{"@id":"https:\/\/denizcankizil.tr\/#organization"},"potentialAction":[{"@type":"SearchAction","target":{"@type":"EntryPoint","urlTemplate":"https:\/\/denizcankizil.tr\/?s={search_term_string}"},"query-input":{"@type":"PropertyValueSpecification","valueRequired":true,"valueName":"search_term_string"}}],"inLanguage":"de"},{"@type":"Organization","@id":"https:\/\/denizcankizil.tr\/#organization","name":"Av. Deniz Can K\u0131z\u0131l","url":"https:\/\/denizcankizil.tr\/","logo":{"@type":"ImageObject","inLanguage":"de","@id":"https:\/\/denizcankizil.tr\/#\/schema\/logo\/image\/","url":"https:\/\/denizcankizil.tr\/wp-content\/uploads\/2024\/10\/siyah-logo-svg.svg","contentUrl":"https:\/\/denizcankizil.tr\/wp-content\/uploads\/2024\/10\/siyah-logo-svg.svg","width":1080,"height":1080,"caption":"Av. Deniz Can K\u0131z\u0131l"},"image":{"@id":"https:\/\/denizcankizil.tr\/#\/schema\/logo\/image\/"}}]}},"_links":{"self":[{"href":"https:\/\/denizcankizil.tr\/de\/wp-json\/wp\/v2\/posts\/6642","targetHints":{"allow":["GET"]}}],"collection":[{"href":"https:\/\/denizcankizil.tr\/de\/wp-json\/wp\/v2\/posts"}],"about":[{"href":"https:\/\/denizcankizil.tr\/de\/wp-json\/wp\/v2\/types\/post"}],"replies":[{"embeddable":true,"href":"https:\/\/denizcankizil.tr\/de\/wp-json\/wp\/v2\/comments?post=6642"}],"version-history":[{"count":0,"href":"https:\/\/denizcankizil.tr\/de\/wp-json\/wp\/v2\/posts\/6642\/revisions"}],"wp:attachment":[{"href":"https:\/\/denizcankizil.tr\/de\/wp-json\/wp\/v2\/media?parent=6642"}],"wp:term":[{"taxonomy":"category","embeddable":true,"href":"https:\/\/denizcankizil.tr\/de\/wp-json\/wp\/v2\/categories?post=6642"},{"taxonomy":"post_tag","embeddable":true,"href":"https:\/\/denizcankizil.tr\/de\/wp-json\/wp\/v2\/tags?post=6642"}],"curies":[{"name":"wp","href":"https:\/\/api.w.org\/{rel}","templated":true}]}}